{"id":982,"date":"2025-07-29T12:17:13","date_gmt":"2025-07-29T09:17:13","guid":{"rendered":"https:\/\/wiki.dev.voka.io\/diseases\/uncategorized\/ostryj-srednij-otit\/"},"modified":"2025-12-09T17:32:39","modified_gmt":"2025-12-09T14:32:39","slug":"otite-media-aguda","status":"publish","type":"diseases_post","link":"https:\/\/wiki.dev.voka.io\/pt\/doencas\/otorrinolaringologicas\/otite-media-aguda\/","title":{"rendered":"Otite m\u00e9dia aguda: classifica\u00e7\u00e3o, etiologia, diagn\u00f3stico e tratamento"},"content":{"rendered":"<p><?xml encoding=\"UTF-8\" ?><\/p>\n<p>A otite m\u00e9dia aguda (OMA) \u00e9 uma inflama\u00e7\u00e3o da cavidade do ouvido m\u00e9dio acompanhada de dor intensa e perda de audi\u00e7\u00e3o, que dura at\u00e9 1 m\u00eas.<\/p>\n<p>A otite m\u00e9dia exsudativa (OME, serosa, secretora) \u00e9 uma patologia caracterizada pela presen\u00e7a de exsudado na cavidade do ouvido m\u00e9dio, sem s\u00edndrome de dor. Clinicamente, distinguem-se as formas aguda (at\u00e9 3 semanas), subaguda (3-8 semanas) e cr\u00f3nica (> 8 semanas) de otite m\u00e9dia exsudativa. No entanto, na pr\u00e1tica, \u00e9 muitas vezes dif\u00edcil estabelecer o momento exato do in\u00edcio da doen\u00e7a e apenas se distinguem as formas aguda e cr\u00f3nica.    <\/p>\n<p>A miringite \u00e9 uma inflama\u00e7\u00e3o do t\u00edmpano.  <\/p>\n<h2 class=\"wp-block-heading\" id=\"classificacao-da-otite-media-aguda\"><strong>Classifica\u00e7\u00e3o da otite m\u00e9dia aguda<\/strong><\/h2>\n<ul class=\"wp-block-list\">\n<li>Otite m\u00e9dia aguda, fase catarral;<\/li>\n<li>Otite m\u00e9dia aguda, fase pr\u00e9-perfurativa;<\/li>\n<li>Otite m\u00e9dia aguda, fase perfurante (otite m\u00e9dia purulenta);<\/li>\n<li>Otite m\u00e9dia aguda, fase reparadora;  <\/li>\n<li>Otite m\u00e9dia aguda na gripe;<\/li>\n<li>Otite m\u00e9dia aguda no <span class=\"glossary-term\" data-title=\"Sarampo\" data-tooltip=\"O sarampo (lat. morbilli) \u00e9 uma doen\u00e7a viral aguda altamente contagiosa, caracterizada por um curso c\u00edclico, intoxica\u00e7\u00e3o, inflama\u00e7\u00e3o catarral das mucosas das vias respirat\u00f3rias e dos olhos, bem como por um exantema maculopapular caracter\u00edstico. O sarampo \u00e9 provocado por um v\u00edrus de RNA pertencente ao g\u00eanero Morbillivirus.\" data-link=\"https:\/\/wiki.dev.voka.io\/pt\/glossario\/sarampo\/\">sarampo<\/span>;  <\/li>\n<li>Otite m\u00e9dia aguda na escarlatina;<\/li>\n<li>Otite m\u00e9dia exsudativa aguda;  <\/li>\n<li>Miringite.<\/li>\n<\/ul>\n<h2 class=\"wp-block-heading\" id=\"a-etiologia\"><strong>A etiologia<\/strong><\/h2>\n<p>Esta doen\u00e7a \u00e9 maioritariamente causada por bact\u00e9rias. As bact\u00e9rias mais comuns s\u00e3o <em>Streptococcus pneumoniae<\/em>, <em>Moraxella catarrhalis<\/em>, <em>Haemophilus influenzae<\/em>, menos frequentemente <em>Escherichia coli<\/em> e <em>Staphylococcus aureus<\/em>, estreptococos beta-hemol\u00edticos do grupo A. Em 10-30% dos casos, suspeita-se de uma etiologia viral.   <\/p>\n<p>Os agentes patog\u00e9nicos entram na cavidade est\u00e9ril do ouvido m\u00e9dio atrav\u00e9s da tuba auditiva. Em doen\u00e7as infecciosas como o sarampo, a escarlatina e a gripe, tamb\u00e9m \u00e9 poss\u00edvel a via hematog\u00e9nica de infe\u00e7\u00e3o.   <\/p>\n<h2 class=\"wp-block-heading\" id=\"anatomia\"><strong>Anatomia<\/strong><\/h2>\n<p>O gatilho para o desenvolvimento da otite m\u00e9dia \u00e9 a obstru\u00e7\u00e3o da tuba auditiva causada pela inflama\u00e7\u00e3o da <span class=\"glossary-term\" data-title=\"Nasofaringe\" data-tooltip=\"A nasofaringe (em latim: pars nasalis pharyngis) \u00e9 a parte superior da faringe, exclusivamente respirat\u00f3ria, localizada logo atr\u00e1s da abertura nasal posterior, acima do palato mole. Superiormente, o seu teto limita-se com a base do cr\u00e2nio (ossos esfenoide e occipital). Ao contr\u00e1rio das partes oral e lar\u00edngea da faringe, a nasofaringe n\u00e3o participa no processo de degluti\u00e7\u00e3o.\" data-link=\"https:\/\/wiki.dev.voka.io\/pt\/glossario\/nasofaringe\/\">nasofaringe<\/span> (<span class=\"glossary-term\" data-title=\"Adenoidite\" data-tooltip=\"A adenoidite \u00e9 uma inflama\u00e7\u00e3o aguda ou cr\u00f4nica da tonsila (am\u00edgdala) far\u00edngea (adenoide). Ao contr\u00e1rio da hipertrofia, a adenoidite \u00e9 um processo infeccioso-inflamat\u00f3rio ativo que \u00e9 foco de infec\u00e7\u00e3o cr\u00f4nica na nasofaringe.\" data-link=\"https:\/\/wiki.dev.voka.io\/pt\/glossario\/adenoidite\/\">adenoidite<\/span>, rinite, sinusite).  <\/p>\n<p>Quando a tuba auditiva est\u00e1 bloqueada, a membrana mucosa absorve o ar da cavidade do ouvido m\u00e9dio e \u00e9 criada uma press\u00e3o negativa, que provoca a sa\u00edda do transudado. Os microrganismos patog\u00e9nicos entram na cavidade do ouvido m\u00e9dio a partir da nasofaringe, para a qual o transudado \u00e9 um bom terreno f\u00e9rtil para a inflama\u00e7\u00e3o.  <\/p>\n<p>A otite m\u00e9dia aguda caracteriza-se por um processo faseado. Inicialmente, ocorre uma hiperemia da mucosa do ouvido m\u00e9dio (fase catarral), sendo depois detectado um componente l\u00edquido claro.   <\/p>\n<figure class=\"wp-block-image size-large\"><img decoding=\"async\" src=\"https:\/\/storage.googleapis.com\/dev_wiki_voka_io_303011\/articles\/en\/otorhinolaryngology\/acute-middle-otitis\/acute-catarrhal-otitis-media.webp\" alt=\"Otite m\u00e9dia aguda, fase catarral\"><figcaption class=\"wp-element-caption\">Otite m\u00e9dia aguda, fase catarral \u2013 <a href=\"https:\/\/catalog.voka.io\/en\/models\/8861ee9e-a330-4451-856d-1de6ead27805\/deca3d6b-7d5b-4c69-b650-92c703ccaac8\/78e06f21-0117-452c-b729-e2c973ae45e2\/360e284e-58ab-4e6a-8f76-791ae34ccf59\" target=\"_blank\" rel=\"noreferrer noopener nofollow\">Modelo 3D<\/a><\/figcaption><\/figure>\n<p>Com a progress\u00e3o do processo, a mucosa fica infiltrada de leuc\u00f3citos, a secre\u00e7\u00e3o fica saturada de neutr\u00f3filos, forma-se um exsudado purulento (fase pr\u00e9-perfurativa).  <\/p>\n<figure class=\"wp-block-image size-large\"><img decoding=\"async\" src=\"https:\/\/storage.googleapis.com\/dev_wiki_voka_io_303011\/articles\/en\/otorhinolaryngology\/acute-middle-otitis\/acute-suppurative-middle-otitis-preperforative-stage.webp\" alt=\"Otite m\u00e9dia aguda purulenta (fase pr\u00e9-perfurante)\"><figcaption class=\"wp-element-caption\">Otite m\u00e9dia aguda purulenta (fase pr\u00e9perforosa) \u2013 <a href=\"https:\/\/catalog.voka.io\/en\/models\/8861ee9e-a330-4451-856d-1de6ead27805\/deca3d6b-7d5b-4c69-b650-92c703ccaac8\/78e06f21-0117-452c-b729-e2c973ae45e2\/795b39df-9c50-4190-b3d9-9945d7b1a8b6\" target=\"_blank\" rel=\"noreferrer noopener nofollow\">Modelo 3D<\/a><\/figcaption><\/figure>\n<p>Quando a press\u00e3o do componente purulento \u00e9 aplicada \u00e0 membrana timp\u00e2nica, esta rompe-se (fase de perfura\u00e7\u00e3o), atrav\u00e9s da qual o conte\u00fado patol\u00f3gico flui para o canal auditivo. Ap\u00f3s a evacua\u00e7\u00e3o do conte\u00fado purulento, a cavidade timp\u00e2nica \u00e9 reparada e a perfura\u00e7\u00e3o fica cicatrizada (fase reparadora).   <\/p>\n<p>Numa evolu\u00e7\u00e3o desfavor\u00e1vel, o conte\u00fado purulento do antro pode penetrar nas c\u00e9lulas do processo mastoide, o que leva \u00e0 propaga\u00e7\u00e3o da inflama\u00e7\u00e3o ao tecido \u00f3sseo e ao desenvolvimento de uma complica\u00e7\u00e3o formid\u00e1vel \u2013 a <span class=\"glossary-term\" data-title=\"Mastoidite\" data-tooltip=\"A mastoidite (lat. mastoiditis) \u00e9 uma inflama\u00e7\u00e3o purulenta das estruturas celulares do processo mastoide do osso temporal. Essa condi\u00e7\u00e3o \u00e9 geralmente uma complica\u00e7\u00e3o da otite m\u00e9dia aguda ou cr\u00f3nica, que surge quando a infec\u00e7\u00e3o se espalha a partir da cavidade timp\u00e2nica.\" data-link=\"https:\/\/wiki.dev.voka.io\/pt\/glossario\/mastoidite\/\">mastoidite<\/span>.  <\/p>\n<p>As otites m\u00e9dias agudas s\u00e3o mais carater\u00edsticas da inf\u00e2ncia devido \u00e0s carater\u00edsticas anat\u00f3micas: tuba auditiva larga e curta, \u00e2ngulo mais plano entre as partes \u00f3ssea e cartilaginosa, tecido linf\u00f3ide hipertrofiado na nasofaringe e presen\u00e7a de tecido mixoide nas cavidades do ouvido m\u00e9dio. <\/p>\n<h2 class=\"wp-block-heading\" id=\"quadro-clinico\"><strong>Quadro cl\u00ednico  <\/strong><\/h2>\n<p>Cada fase da otite m\u00e9dia aguda \u00e9 caracterizada pelo seu pr\u00f3prio quadro cl\u00ednico, que se altera sequencialmente. Na maioria das vezes, o processo patol\u00f3gico desenvolve-se no contexto de altera\u00e7\u00f5es inflamat\u00f3rias na nasofaringe, tais como rinite, adenoidite, sinusite.   <\/p>\n<p>Est\u00e1gios da doen\u00e7a:<\/p>\n<ul class=\"wp-block-list\">\n<li><strong>Fase inicial (catarral)<\/strong>: no in\u00edcio da doen\u00e7a, h\u00e1 uma dor aguda e aguda e um entupimento no ouvido afetado, autofonia. Depois o ru\u00eddo no ouvido aumenta, a dor intensifica-se, torna-se latejante, pode irradiar para os olhos, pesco\u00e7o, t\u00eamporas. <\/li>\n<li><strong>Fase pr\u00e9perforosa purulenta<\/strong>: a <span class=\"glossary-term\" data-title=\"Perda auditiva condutiva\" data-tooltip=\"A perda auditiva condutiva \u00e9 um tipo de perda auditiva causada por uma perturba\u00e7\u00e3o na condu\u00e7\u00e3o das ondas sonoras no ouvido externo ou m\u00e9dio. Entretanto, o sistema auditivo: o ouvido interno (c\u00f3clea) e o nervo auditivo, permanece intacto.\" data-link=\"https:\/\/wiki.dev.voka.io\/pt\/glossario\/perda-auditiva-condutiva\/\">perda auditiva condutiva<\/span> progride devido ao componente fluido. O estado geral \u00e9 perturbado, aparece uma dor de cabe\u00e7a acentuada, a temperatura corporal sobe para valores febris. <\/li>\n<li><strong>Fase perfurante<\/strong>: quando a perfura\u00e7\u00e3o est\u00e1 perfurada e o conte\u00fado purulento est\u00e1 a vazar para o canal auditivo, o estado do doente melhora significativamente: a dor diminui e a febre diminui gradualmente. A perda auditiva condutiva mant\u00e9m-se, mas agora devido \u00e0 presen\u00e7a da perfura\u00e7\u00e3o. <\/li>\n<\/ul>\n<figure class=\"wp-block-image size-large\"><img decoding=\"async\" src=\"https:\/\/storage.googleapis.com\/dev_wiki_voka_io_303011\/articles\/en\/otorhinolaryngology\/acute-middle-otitis\/acute-suppurative-middle-otitis-perforation-stage.webp\" alt=\"Otite m\u00e9dia aguda purulenta (fase de perfura\u00e7\u00e3o)\"><figcaption class=\"wp-element-caption\">Otite m\u00e9dia aguda supurativa (fase de perfura\u00e7\u00e3o) \u2013 <a href=\"https:\/\/catalog.voka.io\/en\/models\/8861ee9e-a330-4451-856d-1de6ead27805\/deca3d6b-7d5b-4c69-b650-92c703ccaac8\/78e06f21-0117-452c-b729-e2c973ae45e2\/6383d3cf-5073-43c1-a248-673a22db0ed6\" target=\"_blank\" rel=\"noreferrer noopener nofollow\">Modelo 3D<\/a><\/figcaption><\/figure>\n<ul class=\"wp-block-list\">\n<li><strong>Fase reparadora (recupera\u00e7\u00e3o)<\/strong>: ap\u00f3s a evacua\u00e7\u00e3o do conte\u00fado purulento e a elimina\u00e7\u00e3o dos agentes patog\u00e9nicos, inicia-se a fase reparadora. Os doentes podem notar a persist\u00eancia de ru\u00eddos no ouvido, especialmente ao assoar o nariz, ao engolir, a audi\u00e7\u00e3o melhora gradualmente e o estado geral recupera. <\/li>\n<\/ul>\n<p>Se n\u00e3o for favor\u00e1vel, a doen\u00e7a pode tornar-se cr\u00f3nica ou levar a complica\u00e7\u00f5es como otite m\u00e9dia cr\u00f3nica supurativa, mastoidite, labirintite, etc.<\/p>\n<p>Para o desenvolvimento de um quadro cl\u00ednico pronunciado bastam 4-6 horas, com uma evolu\u00e7\u00e3o favor\u00e1vel da recupera\u00e7\u00e3o em 5-7 dias.<\/p>\n<h2 class=\"wp-block-heading\" id=\"diagnostico-de-otite-media-aguda\"><strong>Diagn\u00f3stico de otite m\u00e9dia aguda<\/strong><\/h2>\n<p>O padr\u00e3o de ouro para fazer este diagn\u00f3stico \u00e9 a <strong><span class=\"glossary-term\" data-title=\"Otoscopia\" data-tooltip=\"Otoscopia (do grego \u03bf\u1f56\u03c2 \u2014 ouvido e \u03c3\u03ba\u03bf\u03c0\u03ad\u03c9 \u2014 olhar, examinar) \u00e9 o principal m\u00e9todo de exame f\u00edsico em otorrinolaringologia, que consiste em visualiza\u00e7\u00e3o do canal auditivo externo e do t\u00edmpano. Este \u00e9 um procedimento n\u00e3o invasivo, r\u00e1pido e altamente informativo, considerado o padr\u00e3o ouro para o diagn\u00f3stico da maioria das doen\u00e7as do ouvido externo e m\u00e9dio.\" data-link=\"https:\/\/wiki.dev.voka.io\/pt\/glossario\/otoscopia\/\">otoscopia<\/span><\/strong>. <\/p>\n<p><strong>Fases da otite m\u00e9dia aguda, altera\u00e7\u00f5es na otoscopia<\/strong><\/p>\n<figure class=\"wp-block-table table-to-cards\">\n<table>\n<thead>\n<tr>\n<th class=\"has-text-align-center\" data-align=\"center\">Fase CCA<\/th>\n<th class=\"has-text-align-center\" data-align=\"center\">Membrana timp\u00e2nica (TM)<\/th>\n<th class=\"has-text-align-center\" data-align=\"center\">Canal auditivo externo (CAE)<\/th>\n<\/tr>\n<\/thead>\n<tbody>\n<tr>\n<td class=\"has-text-align-center\" data-align=\"center\">Fase catarral<\/td>\n<td class=\"has-text-align-center\" data-align=\"center\">BP hiper\u00e9mico;<br \/>Vasos sangu\u00edneos cheios;<br \/>Cone de luz n\u00e3o definido;<br \/>Cabo do martelo encurtado;<br \/>O martelo curto sobressai acentuadamente no l\u00famen do NRS<\/td>\n<td class=\"has-text-align-center\" data-align=\"center\">Inalterado<\/td>\n<\/tr>\n<tr>\n<td class=\"has-text-align-center\" data-align=\"center\">Fase pr\u00e9-perfurante purulenta<\/td>\n<td class=\"has-text-align-center\" data-align=\"center\">PA turva, hiper\u00e9mica, amarela, saliente no l\u00famen da NSP;<br \/>\u00c9 vis\u00edvel conte\u00fado purulento;<br \/>\u00c9 poss\u00edvel a pulsa\u00e7\u00e3o;<br \/>Os contornos de identifica\u00e7\u00e3o n\u00e3o est\u00e3o definidos<\/td>\n<td class=\"has-text-align-center\" data-align=\"center\">Inalterado<\/td>\n<\/tr>\n<tr>\n<td class=\"has-text-align-center\" data-align=\"center\">Fase perfurante purulenta<\/td>\n<td class=\"has-text-align-center\" data-align=\"center\">Perfura\u00e7\u00e3o (mais frequentemente em forma de fenda, nas partes inferiores) na DP;<br \/>O conte\u00fado purulento escorre atrav\u00e9s da perfura\u00e7\u00e3o;<br \/>Poss\u00edvel \u201creflexo puls\u00e1til\u201d \u2013 o conte\u00fado escorre de forma irregular;<br \/>Os contornos de identifica\u00e7\u00e3o est\u00e3o parcialmente restaurados<\/td>\n<td class=\"has-text-align-center\" data-align=\"center\">H\u00e1 muita secre\u00e7\u00e3o purulenta no NSP<\/td>\n<\/tr>\n<tr>\n<td class=\"has-text-align-center\" data-align=\"center\">Fase reparadora<\/td>\n<td class=\"has-text-align-center\" data-align=\"center\">Membrana timp\u00e2nica cinzenta, turva, pode estar retra\u00edda;<br \/>reflexo do vento mal definido;<br \/>Perfura\u00e7\u00e3o em forma de fenda, sem descarga patol\u00f3gica, pode ter a forma de uma cicatriz<\/td>\n<td class=\"has-text-align-center\" data-align=\"center\">Inalterado<\/td>\n<\/tr>\n<\/tbody>\n<\/table>\n<\/figure>\n<p><a href=\"https:\/\/catalog.voka.io\/en\/models\/8861ee9e-a330-4451-856d-1de6ead27805\/deca3d6b-7d5b-4c69-b650-92c703ccaac8\/78e06f21-0117-452c-b729-e2c973ae45e2\/795b39df-9c50-4190-b3d9-9945d7b1a8b6\" target=\"_blank\" rel=\"noreferrer noopener nofollow\">Modelos 3D<\/a> das fases da otite m\u00e9dia aguda:<\/p>\n<div class=\"carousel-block\">\n<div class=\"swiper carousel-swiper carousel-swiper-block_69ef21ed331ae\">\n<div class=\"swiper-wrapper\">\n<div class=\"swiper-slide image-carousel-slide\"><img decoding=\"async\" class=\"carousel-image\" src=\"https:\/\/storage.googleapis.com\/dev_wiki_voka_io_303011\/articles\/en\/otorhinolaryngology\/acute-middle-otitis\/acute-suppurative-middle-otitis-preperforative-stage-otoscopy.webp\" alt=\"Otite m\u00e9dia aguda purulenta: fase pr\u00e9perforat\u00f3ria (otoscopia)\"><span class=\"small-text-article text-main-text-color\">Otite m\u00e9dia aguda purulenta: fase pr\u00e9perforat\u00f3ria (otoscopia)<\/span><\/div>\n<div class=\"swiper-slide image-carousel-slide\"><img decoding=\"async\" class=\"carousel-image\" src=\"https:\/\/storage.googleapis.com\/dev_wiki_voka_io_303011\/articles\/en\/otorhinolaryngology\/acute-middle-otitis\/acute-suppurative-middle-otitis-perforation-stage-otoscopy.webp\" alt=\"Otite m\u00e9dia aguda purulenta: fase de perfura\u00e7\u00e3o (otoscopia)\"><span class=\"small-text-article text-main-text-color\">Otite m\u00e9dia aguda purulenta: fase de perfura\u00e7\u00e3o (otoscopia)<\/span><\/div>\n<div class=\"swiper-slide image-carousel-slide\"><img decoding=\"async\" class=\"carousel-image\" src=\"https:\/\/storage.googleapis.com\/dev_wiki_voka_io_303011\/articles\/en\/otorhinolaryngology\/acute-middle-otitis\/acute-suppurative-middle-otitis-reparation-stage-otoscopy.webp\" alt=\"Otite m\u00e9dia aguda purulenta: fase de repara\u00e7\u00e3o (otoscopia)\"><span class=\"small-text-article text-main-text-color\">Otite m\u00e9dia aguda purulenta: fase de repara\u00e7\u00e3o (otoscopia)<\/span><\/div>\n<\/div>\n<\/div>\n<div class=\"swiper-article-carousel__controls\">\n<div class=\"swiper-article-carousel__pagination-container swiper-article-carousel__pagination-container-block_69ef21ed331ae\"><\/div>\n<div class=\"swiper-article-carousel__arrows\"><button class=\"swiper__arrow swiper__arrow--prev carousel-swiper-button-prev swiper__arrow swiper__arrow--prev carousel-swiper-button-prev-block_69ef21ed331ae\"><svg xmlns=\"http:\/\/www.w3.org\/2000\/svg\" width=\"40\" height=\"40\" viewbox=\"0 0 40 40\" fill=\"none\"><path d=\"M20 3.75C16.7861 3.75 13.6443 4.70305 10.972 6.48862C8.29969 8.27419 6.21689 10.8121 4.98696 13.7814C3.75704 16.7507 3.43524 20.018 4.06225 23.1702C4.68926 26.3224 6.23692 29.2179 8.50952 31.4905C10.7821 33.7631 13.6776 35.3107 16.8298 35.9378C19.982 36.5648 23.2493 36.243 26.2186 35.013C29.1879 33.7831 31.7258 31.7003 33.5114 29.028C35.297 26.3557 36.25 23.2139 36.25 20C36.2455 15.6916 34.5319 11.561 31.4855 8.51454C28.439 5.46806 24.3084 3.75455 20 3.75ZM23.3844 25.3656C23.5005 25.4818 23.5926 25.6196 23.6555 25.7714C23.7184 25.9231 23.7507 26.0858 23.7507 26.25C23.7507 26.4142 23.7184 26.5769 23.6555 26.7286C23.5926 26.8804 23.5005 27.0182 23.3844 27.1344C23.2682 27.2505 23.1304 27.3426 22.9786 27.4055C22.8269 27.4683 22.6643 27.5007 22.5 27.5007C22.3358 27.5007 22.1731 27.4683 22.0214 27.4055C21.8696 27.3426 21.7318 27.2505 21.6156 27.1344L15.3656 20.8844C15.2494 20.7683 15.1572 20.6304 15.0943 20.4787C15.0314 20.3269 14.999 20.1643 14.999 20C14.999 19.8357 15.0314 19.6731 15.0943 19.5213C15.1572 19.3696 15.2494 19.2317 15.3656 19.1156L21.6156 12.8656C21.7318 12.7495 21.8696 12.6574 22.0214 12.5945C22.1731 12.5317 22.3358 12.4993 22.5 12.4993C22.6643 12.4993 22.8269 12.5317 22.9786 12.5945C23.1304 12.6574 23.2682 12.7495 23.3844 12.8656C23.5005 12.9818 23.5926 13.1196 23.6555 13.2714C23.7184 13.4231 23.7507 13.5858 23.7507 13.75C23.7507 13.9142 23.7184 14.0769 23.6555 14.2286C23.5926 14.3804 23.5005 14.5182 23.3844 14.6344L18.0172 20L23.3844 25.3656Z\" fill=\"#B5C0CD\"><\/path><\/svg><\/button><button class=\"swiper__arrow swiper__arrow--next carousel-swiper-button-next swiper__arrow swiper__arrow--next carousel-swiper-button-next-block_69ef21ed331ae\" tabindex=\"0\" aria-label=\"Next slide\"><svg xmlns=\"http:\/\/www.w3.org\/2000\/svg\" width=\"40\" height=\"40\" viewbox=\"0 0 40 40\" fill=\"none\"><path d=\"M20 3.75C16.7861 3.75 13.6443 4.70305 10.972 6.48862C8.29969 8.27419 6.21689 10.8121 4.98696 13.7814C3.75704 16.7507 3.43524 20.018 4.06225 23.1702C4.68926 26.3224 6.23692 29.2179 8.50952 31.4905C10.7821 33.7631 13.6776 35.3107 16.8298 35.9378C19.982 36.5648 23.2493 36.243 26.2186 35.013C29.1879 33.7831 31.7258 31.7003 33.5114 29.028C35.297 26.3557 36.25 23.2139 36.25 20C36.2455 15.6916 34.5319 11.561 31.4855 8.51454C28.439 5.46806 24.3084 3.75455 20 3.75ZM23.3844 25.3656C23.5005 25.4818 23.5926 25.6196 23.6555 25.7714C23.7184 25.9231 23.7507 26.0858 23.7507 26.25C23.7507 26.4142 23.7184 26.5769 23.6555 26.7286C23.5926 26.8804 23.5005 27.0182 23.3844 27.1344C23.2682 27.2505 23.1304 27.3426 22.9786 27.4055C22.8269 27.4683 22.6643 27.5007 22.5 27.5007C22.3358 27.5007 22.1731 27.4683 22.0214 27.4055C21.8696 27.3426 21.7318 27.2505 21.6156 27.1344L15.3656 20.8844C15.2494 20.7683 15.1572 20.6304 15.0943 20.4787C15.0314 20.3269 14.999 20.1643 14.999 20C14.999 19.8357 15.0314 19.6731 15.0943 19.5213C15.1572 19.3696 15.2494 19.2317 15.3656 19.1156L21.6156 12.8656C21.7318 12.7495 21.8696 12.6574 22.0214 12.5945C22.1731 12.5317 22.3358 12.4993 22.5 12.4993C22.6643 12.4993 22.8269 12.5317 22.9786 12.5945C23.1304 12.6574 23.2682 12.7495 23.3844 12.8656C23.5005 12.9818 23.5926 13.1196 23.6555 13.2714C23.7184 13.4231 23.7507 13.5858 23.7507 13.75C23.7507 13.9142 23.7184 14.0769 23.6555 14.2286C23.5926 14.3804 23.5005 14.5182 23.3844 14.6344L18.0172 20L23.3844 25.3656Z\" fill=\"#B5C0CD\"><\/path><\/svg><\/button><\/div>\n<\/div>\n<\/div>\n<p><script defer>\n    document.addEventListener('DOMContentLoaded', function() {\n        const imagesCarouselSwiper = new Swiper('.carousel-swiper-block_69ef21ed331ae', {\n            slidesPerView: 1,\n            spaceBetween: 20,\n            loop: true,\n            pagination: {\n                el: '.swiper-article-carousel__pagination-container-block_69ef21ed331ae',\n                clickable: true,\n            },\n            navigation: {\n                nextEl: '.carousel-swiper-button-next-block_69ef21ed331ae',\n                prevEl: '.carousel-swiper-button-prev-block_69ef21ed331ae',\n            },\n        })\n    })\n<\/script><\/p>\n<p>Realizado adicionalmente:<\/p>\n<ul class=\"wp-block-list\">\n<li><strong>Testes<\/strong><strong>Chambertonal<\/strong> (para determinar a perda auditiva condutiva no ouvido afetado);<\/li>\n<li><strong>Diagn\u00f3stico laboratorial<\/strong> (leucocitose, aumento do n\u00edvel de prote\u00edna C-reactiva s\u00e3o carater\u00edsticos da OAC);<\/li>\n<li><strong>Exame microbiol\u00f3gico da descarga<\/strong> (para determinar o agente causador e a sua sensibilidade aos medicamentos antibacterianos).  <\/li>\n<\/ul>\n<p>Nas otites m\u00e9dias recorrentes e frequentes em crian\u00e7as com aden\u00f3ides hipertr\u00f3ficas, est\u00e1 indicada a <strong><span class=\"glossary-term\" data-title=\"Adenotomia\" data-tooltip=\"A adenotomia \u00e9 um procedimento cir\u00fargico para remover as tonsilas (am\u00edgdalas) far\u00edngeas hipertrofiadas (vegeta\u00e7\u00e3o adenoideana). A interven\u00e7\u00e3o busca restaurar a respira\u00e7\u00e3o nasal, a fun\u00e7\u00e3o de drenagem das tubas auditivas e eliminar a fonte de infec\u00e7\u00e3o cr\u00f4nica na nasofaringe.\" data-link=\"https:\/\/wiki.dev.voka.io\/pt\/glossario\/adenotomia\/\">adenotomia<\/span><\/strong>.<\/p>\n<h2 class=\"wp-block-heading\" id=\"tratamento-da-otite-media-aguda\"><strong>Tratamento da otite m\u00e9dia aguda<\/strong><\/h2>\n<ul class=\"wp-block-list\">\n<li><strong>Descongestionantes nasais, saneamento da nasofaringe<\/strong>: necessariamente prescritos, porque a otite m\u00e9dia aguda desenvolve-se no contexto de edema e inflama\u00e7\u00e3o na nasofaringe.<\/li>\n<li><strong>Anti-inflamat\u00f3rios n\u00e3o ester\u00f3ides (AINEs) por via oral<\/strong>: recomendados para o controlo dos sintomas de dor.<\/li>\n<li><strong>Gotas auriculares<\/strong>: a prescri\u00e7\u00e3o continua a ser controversa. V\u00e1rios analg\u00e9sicos t\u00f3picos, que s\u00e3o prescritos na fase pr\u00e9-perfurat\u00f3ria para controlar os sintomas de dor, t\u00eam pouco efeito e est\u00e3o contra-indicados na presen\u00e7a de perfura\u00e7\u00e3o (de que o doente pode n\u00e3o ter conhecimento). Os antibacterianos t\u00f3picos na fase pr\u00e9perfurat\u00f3ria tamb\u00e9m s\u00e3o question\u00e1veis, uma vez que n\u00e3o penetram a membrana timp\u00e2nica intacta no ouvido m\u00e9dio.   <\/li>\n<li><strong>Higieniza\u00e7\u00e3o da cavidade timp\u00e2nica<\/strong>: recomendada na fase perfurada atrav\u00e9s do canal auditivo com solu\u00e7\u00f5es anti-s\u00e9pticas, o que acelera a evacua\u00e7\u00e3o do conte\u00fado.<\/li>\n<li><strong>Antibacterianos<\/strong>: recomendados na presen\u00e7a de inflama\u00e7\u00e3o purulenta (transi\u00e7\u00e3o da fase catarral). \u00c9 poss\u00edvel adiar a sua administra\u00e7\u00e3o at\u00e9 48-72 horas sob controlo otosc\u00f3pico. As penicilinas ou cefalosporinas s\u00e3o os medicamentos de elei\u00e7\u00e3o.  <\/li>\n<li><strong><span class=\"glossary-term\" data-title=\"Paracentese timp\u00e2nica\" data-tooltip=\"A paracentese (do grego antigo \u03c0\u03b1\u03c1\u03ac \u2014 pr\u00f3ximo e \u03ba\u03ad\u03bd\u03c4\u03b7\u03c3\u03b9\u03c2 \u2014 pun\u00e7\u00e3o), ou miringotomia, \u00e9 um procedimento cir\u00fargico para diagn\u00f3stico e tratamento que implica a realiza\u00e7\u00e3o de uma pequena incis\u00e3o (pun\u00e7\u00e3o) no t\u00edmpano. O procedimento \u00e9 realizado para evacuar conte\u00fado patol\u00f3gico da cavidade timp\u00e2nica e normalizar a press\u00e3o no ouvido m\u00e9dio.\" data-link=\"https:\/\/wiki.dev.voka.io\/pt\/glossario\/paracentese-miringotomia\/\">Paracentese<\/span> (pun\u00e7\u00e3o da membrana timp\u00e2nica)<\/strong>: realizada quando indicado para aliviar a tens\u00e3o e evacuar o conte\u00fado.<\/li>\n<\/ul>\n<figure class=\"wp-block-video\" id=\"animacao-3d-paracentese-puncao-da-membrana-timpanica\"><video controls><source data-src=\"https:\/\/storage.googleapis.com\/dev_wiki_voka_io_303011\/articles\/en\/otorhinolaryngology\/acute-middle-otitis\/paracentesis-tympanic-membrane-perforation.webm\" type=\"video\/webm\"><\/source><\/video><figcaption class=\"wp-element-caption\">Anima\u00e7\u00e3o 3D \u2013 Paracentese (pun\u00e7\u00e3o da membrana timp\u00e2nica)<\/figcaption><\/figure>\n<ul class=\"wp-block-list\">\n<li><strong>Profilaxia em crian\u00e7as<\/strong>: recomenda-se a vacina\u00e7\u00e3o contra o pneumococo e o Haemophilus influenzae.<\/li>\n<\/ul>\n<h2 class=\"wp-block-heading\" id=\"otite-media-aguda-na-gripe\"><strong>Otite m\u00e9dia aguda na gripe<\/strong><\/h2>\n<h3 class=\"wp-block-heading\" id=\"etiologia-da-otite-media-por-influenza\"><strong>Etiologia da otite m\u00e9dia por influenza<\/strong><\/h3>\n<p>Este tipo de otite m\u00e9dia \u00e9 causado pelo v\u00edrus da gripe e \u00e9 mais comum durante os surtos sazonais. O v\u00edrus entra na cavidade do ouvido m\u00e9dio atrav\u00e9s da tuba auditiva a partir da nasofaringe ou por via hematog\u00e9nica com a corrente sangu\u00ednea.   <\/p>\n<h3 class=\"wp-block-heading\" id=\"anatomia-da-otite-media-por-influenza\"><strong>Anatomia da otite m\u00e9dia por influenza<\/strong><\/h3>\n<p>A fisiopatologia deste tipo de otite m\u00e9dia n\u00e3o \u00e9 geralmente diferente da de outras etiologias.  <\/p>\n<p>A otite m\u00e9dia por influenza caracteriza-se pelas seguintes carater\u00edsticas:<\/p>\n<ul class=\"wp-block-list\">\n<li>Na epiderme espessa da parte \u00f3ssea do canal auditivo, os vasos sangu\u00edneos ficam muito congestionados com sangue, o que pode levar \u00e0 sua rutura e \u00e0 forma\u00e7\u00e3o de hemorragias (extravasamentos);<\/li>\n<li>Na superf\u00edcie da membrana timp\u00e2nica, os vasos tamb\u00e9m s\u00e3o totalmente sanguinolentos e podem formar bolhas hemorr\u00e1gicas (bolhas) na sua superf\u00edcie. \u00c9 por isso que esta otite m\u00e9dia tem um segundo nome \u2013 otite m\u00e9dia bolhosa; <\/li>\n<li>O v\u00edrus da gripe \u00e9 neurotr\u00f3pico e pode causar perda auditiva neurossensorial aguda.<strong><\/strong><\/li>\n<\/ul>\n<h3 class=\"wp-block-heading\" id=\"apresentacao-clinica-da-otite-media-por-influenza\"><strong>Apresenta\u00e7\u00e3o cl\u00ednica da otite m\u00e9dia por influenza<\/strong><\/h3>\n<p>O quadro cl\u00ednico \u00e9 semelhante ao da otite m\u00e9dia comum.  <\/p>\n<p>Sintomas principais:<\/p>\n<ul class=\"wp-block-list\">\n<li>Dores de ouvido graves que duram cerca de 1-2 dias;<\/li>\n<li>Perda de audi\u00e7\u00e3o no lado afetado;<\/li>\n<li>Rinorreia e congest\u00e3o nasal<\/li>\n<\/ul>\n<p>Para al\u00e9m das queixas localizadas, observa a manifesta\u00e7\u00e3o de outros sintomas de infe\u00e7\u00e3o gripal:<\/p>\n<ul class=\"wp-block-list\">\n<li>Febre piretica (a temperatura do corpo sobe para 39-40 \u00b0C);<\/li>\n<li>Mialgia grave e dor de cabe\u00e7a;<\/li>\n<li>Fotofobia.  <\/li>\n<\/ul>\n<p>Se a evolu\u00e7\u00e3o for desfavor\u00e1vel, desenvolve-se uma otite m\u00e9dia purulenta aguda, podendo tamb\u00e9m ocorrer mastoidite e <span class=\"glossary-term\" data-title=\"Meningite\" data-tooltip=\"A meningite (lat. meningitis) \u00e9 uma inflama\u00e7\u00e3o das meninges que revestem o c\u00e9rebro e a medula espinhal. Trata-se de uma condi\u00e7\u00e3o de emerg\u00eancia em neurologia e infectologia, pois pode levar a complica\u00e7\u00f5es graves, incapacidade e morte sem tratamento oportuno.\" data-link=\"https:\/\/wiki.dev.voka.io\/pt\/glossario\/meningite\/\">meningite<\/span>.  <\/p>\n<h3 class=\"wp-block-heading\" id=\"diagnostico-da-otite-media-por-influenza\"><strong>Diagn\u00f3stico da otite m\u00e9dia por influenza<\/strong><\/h3>\n<p>Para estabelecer o diagn\u00f3stico de otite m\u00e9dia aguda, \u00e9 efectuado um exame otorrinolaringol\u00f3gico completo (otorrinolaringoscopia) e, se necess\u00e1rio, uma otomicroscopia.  <\/p>\n<p>No diagn\u00f3stico laboratorial, \u00e9 obrigat\u00f3ria uma an\u00e1lise de sangue para determinar os marcadores inflamat\u00f3rios. No per\u00edodo de aumento epid\u00e9mico, o diagn\u00f3stico da gripe \u00e9 estabelecido clinicamente, mas em caso de baixa morbilidade, \u00e9 realizado um estudo PCR da mucosa nasofar\u00edngea.   <\/p>\n<p>Pode ser efectuado um teste r\u00e1pido em casa, mas a sua sensibilidade \u00e9 baixa.  <\/p>\n<h3 class=\"wp-block-heading\" id=\"tratamento-da-otite-media-por-influenza\"><strong>Tratamento da otite m\u00e9dia por influenza<\/strong><\/h3>\n<p>Utiliza uma terapia antiviral espec\u00edfica (inibidores da neuraminidase). O resto do tratamento da otite m\u00e9dia \u00e9 efectuado de acordo com as recomenda\u00e7\u00f5es acima referidas. Se indicado, \u00e9 prescrita uma terapia antibacteriana.  <\/p>\n<h2 class=\"wp-block-heading\" id=\"otite-media-aguda-no-sarampo\"><strong>Otite m\u00e9dia aguda no sarampo<\/strong><\/h2>\n<h3 class=\"wp-block-heading\" id=\"a-etiologia-da-otite-media-do-sarampo\"><strong>A etiologia da otite m\u00e9dia do sarampo<\/strong><\/h3>\n<p>A infe\u00e7\u00e3o do sarampo \u00e9 causada pelo v\u00edrus do sarampo, que \u00e9 transmitido por got\u00edculas transportadas pelo ar.<\/p>\n<h3 class=\"wp-block-heading\" id=\"anatomia-da-otite-media-com-casca\"><strong>Anatomia da otite m\u00e9dia com casca<\/strong><\/h3>\n<p>O v\u00edrus do sarampo provoca catarro no trato respirat\u00f3rio superior e uma erup\u00e7\u00e3o cut\u00e2nea espec\u00edfica. As altera\u00e7\u00f5es gerais da otite m\u00e9dia no sarampo s\u00e3o semelhantes \u00e0s de outras etiologias, sem diferen\u00e7as significativas. <\/p>\n<p>A otite m\u00e9dia do sarampo caracteriza-se pelas seguintes diferen\u00e7as:<\/p>\n<ul class=\"wp-block-list\">\n<li><strong>As altera\u00e7\u00f5es necr\u00f3ticas, <\/strong>que est\u00e3o associadas \u00e0 trombose dos vasos do ouvido m\u00e9dio, afectam tanto a mucosa como o tecido \u00f3sseo. O processo desenrola-se por fases: os fen\u00f3menos catarrais s\u00e3o rapidamente substitu\u00eddos por necrose com forma\u00e7\u00e3o de conte\u00fado purulento. As altera\u00e7\u00f5es necr\u00f3ticas podem propagar-se ao labirinto.  <\/li>\n<li><strong>Les\u00f5es bilaterais.<\/strong>  A otite m\u00e9dia desenvolve-se frequentemente em ambos os lados ao mesmo tempo.<\/li>\n<li><strong>Perfura\u00e7\u00e3o da membrana timp\u00e2nica.  <\/strong>Mais frequentemente subtotal, com restos de membrana timp\u00e2nica hiper\u00e9mica \u00e0 volta da periferia.<\/li>\n<li><strong>A natureza da descarga.  <\/strong>H\u00e1 uma descarga purulenta abundante na cavidade timp\u00e2nica e no canal auditivo externo. Podem estar presentes sequestros \u00f3sseos (peda\u00e7os de osso auditivo). <\/li>\n<li><strong>A natureza neurotr\u00f3pica do v\u00edrus.<\/strong>  O v\u00edrus do sarampo \u00e9 neurotr\u00f3pico e \u00e9 capaz de causar les\u00f5es no nervo vestibulococlear.<\/li>\n<\/ul>\n<h3 class=\"wp-block-heading\" id=\"quadro-clinico-da-otite-media-por-sarampo\"><strong>Quadro cl\u00ednico da otite m\u00e9dia por sarampo<\/strong><\/h3>\n<p>Neste tipo de otite m\u00e9dia, predominam os seguintes <strong>sintomas<\/strong>:<\/p>\n<ul class=\"wp-block-list\">\n<li>Sintomas de doen\u00e7a geral, intoxica\u00e7\u00e3o, erup\u00e7\u00e3o cut\u00e2nea;<\/li>\n<li>Supura\u00e7\u00e3o profusa em ambos os lados com um odor pungente e p\u00fatrido;<\/li>\n<li>Perda auditiva mista bilateral;<\/li>\n<li>Quando o labirinto \u00e9 afetado, surgem sintomas vestibulares, incluindo vertigens acentuadas;<\/li>\n<li>As complica\u00e7\u00f5es da mastoidite e da meningite n\u00e3o s\u00e3o raras;<\/li>\n<li>O processo \u00e9 frequentemente cr\u00f3nico, o que pode levar \u00e0 surdez bilateral.<\/li>\n<\/ul>\n<p>A dor de ouvido n\u00e3o \u00e9 carater\u00edstica deste tipo de otite m\u00e9dia.<\/p>\n<h3 class=\"wp-block-heading\" id=\"diagnostico-de-otite-media\"><strong>Diagn\u00f3stico de otite m\u00e9dia<\/strong><\/h3>\n<p>O diagn\u00f3stico baseia-se na otoscopia. O diagn\u00f3stico \u00e9 feito com base nos dados da otoscopia e \u00e9 feito um teste de tom de c\u00e2mara para determinar a perda auditiva mista, bem como testes vestibulares para avaliar o nistagmo. O diagn\u00f3stico laboratorial inclui an\u00e1lises sangu\u00edneas para dete\u00e7\u00e3o de marcadores inflamat\u00f3rios e an\u00e1lises sangu\u00edneas para dete\u00e7\u00e3o de anticorpos contra o v\u00edrus do sarampo.  <\/p>\n<h3 class=\"wp-block-heading\" id=\"tratamento-da-otite-media\"><strong>Tratamento da otite m\u00e9dia<\/strong><\/h3>\n<p>A doen\u00e7a subjacente \u00e9 tratada, mas n\u00e3o existe atualmente um tratamento espec\u00edfico para o sarampo, pelo que \u00e9 prescrita uma terapia sintom\u00e1tica. \u00c9 prescrita uma terapia antibacteriana maci\u00e7a, a desinfe\u00e7\u00e3o das cavidades do ouvido m\u00e9dio e o uso regular da casa de banho.   <\/p>\n<p>Se ocorrerem complica\u00e7\u00f5es, \u00e9 efectuado um tratamento cir\u00fargico (<span class=\"glossary-term\" data-title=\"Antromastoidotomia\" data-tooltip=\"Antromastoidectomia \u00e9 um procedimento cir\u00fargico no ouvido m\u00e9dio no qual se abre o antro (antrum) e as c\u00e9lulas do processo processo mastoide do osso temporal. O principal objetivo da cirurgia \u00e9 eliminar a fonte purulenta e destrutiva da infec\u00e7\u00e3o para prevenir complica\u00e7\u00f5es fatais.\" data-link=\"https:\/\/wiki.dev.voka.io\/pt\/glossario\/antromastoidectomia\/\">antromastoidotomia<\/span>). Recomenda-se a vacina\u00e7\u00e3o para preven\u00e7\u00e3o.   <\/p>\n<h2 class=\"wp-block-heading\" id=\"otite-media-aguda-na-escarlatina\"><strong>Otite m\u00e9dia aguda na escarlatina<\/strong><\/h2>\n<h3 class=\"wp-block-heading\" id=\"etiologia-da-otite-media-escarlatina\"><strong>Etiologia da otite m\u00e9dia escarlatina<\/strong><\/h3>\n<p>O agente causador desta doen\u00e7a \u00e9 o estreptococo beta-hemol\u00edtico do grupo A, que \u00e9 transmitido por got\u00edculas transportadas pelo ar. O agente patog\u00e9nico entra na cavidade do ouvido m\u00e9dio por via hemat\u00f3gena ou atrav\u00e9s da trompa auditiva. <\/p>\n<h3 class=\"wp-block-heading\" id=\"anatomia-da-otite-media-escarlatina\"><strong>Anatomia da otite m\u00e9dia escarlatina<\/strong><\/h3>\n<p>No contexto de altera\u00e7\u00f5es gerais no corpo (erup\u00e7\u00e3o cut\u00e2nea, amigdalite), ocorrem altera\u00e7\u00f5es espec\u00edficas na cavidade do ouvido m\u00e9dio:<\/p>\n<ul class=\"wp-block-list\">\n<li>O processo \u00e9 mais frequentemente unilateral;<\/li>\n<li>A otite m\u00e9dia ocorre por fases: \u00e0s altera\u00e7\u00f5es catarrais segue-se rapidamente a trombose dos vasos do ouvido m\u00e9dio e a forma\u00e7\u00e3o de necrose;<\/li>\n<li>As altera\u00e7\u00f5es necr\u00f3ticas afectam os oss\u00edculos auditivos, o osso temporal e a c\u00e1psula labir\u00edntica;<\/li>\n<li>A perfura\u00e7\u00e3o da membrana timp\u00e2nica \u00e9 subtotal, com a periferia remanescente brilhantemente hiper\u00e9mica com vasos espessados.  <\/li>\n<\/ul>\n<h3 class=\"wp-block-heading\" id=\"quadro-clinico-da-otite-media-escarlatina\"><strong>Quadro cl\u00ednico da otite m\u00e9dia escarlatina<\/strong><\/h3>\n<p>Neste tipo de otite m\u00e9dia, predominam os seguintes <strong>sintomas<\/strong>:<\/p>\n<ul class=\"wp-block-list\">\n<li>O processo patol\u00f3gico no lado do ouvido \u00e9 mascarado por uma doen\u00e7a geral;<\/li>\n<li>As sensa\u00e7\u00f5es dolorosas s\u00e3o normalmente incaracter\u00edsticas;<\/li>\n<li>Os doentes queixam-se de uma quantidade abundante de secre\u00e7\u00e3o espessa e malcheirosa do canal auditivo externo e de perda de audi\u00e7\u00e3o;<\/li>\n<li>A doen\u00e7a assume frequentemente uma forma cr\u00f3nica;<\/li>\n<li>As complica\u00e7\u00f5es como a mastoidite, a labirintite e a meningite s\u00e3o carater\u00edsticas.<\/li>\n<\/ul>\n<h3 class=\"wp-block-heading\" id=\"diagnostico-da-otite-media-escarlatina\"><strong>Diagn\u00f3stico da otite m\u00e9dia escarlatina<\/strong><\/h3>\n<p>O diagn\u00f3stico baseia-se na otoscopia. S\u00e3o realizados testes de Cameron para determinar a perda auditiva condutiva no ouvido afetado, bem como testes vestibulares para avaliar a fun\u00e7\u00e3o labir\u00edntica. <\/p>\n<p>O diagn\u00f3stico laboratorial \u00e9 obrigat\u00f3rio: a leucocitose e o aumento do n\u00edvel de prote\u00edna C-reactiva s\u00e3o carater\u00edsticos da OAC. O exame microbiol\u00f3gico determina o agente causador e a sua sensibilidade aos medicamentos antibacterianos.   <\/p>\n<h3 class=\"wp-block-heading\" id=\"tratamento-da-otite-media-escarlatina\"><strong>Tratamento da otite m\u00e9dia escarlatina<\/strong><\/h3>\n<p>A doen\u00e7a subjacente \u00e9 tratada e \u00e9 prescrita uma terapia antibacteriana maci\u00e7a. D\u00e1 prefer\u00eancia \u00e0s penicilinas ou cefalosporinas. Realiza-se a higieniza\u00e7\u00e3o do ouvido m\u00e9dio, com solu\u00e7\u00f5es anti-s\u00e9pticas. Se ocorrerem complica\u00e7\u00f5es, \u00e9 efectuado um tratamento cir\u00fargico (antromastoidotomia).     <\/p>\n<h2 class=\"wp-block-heading\" id=\"otite-media-exsudativa-aguda\"><strong>Otite m\u00e9dia exsudativa aguda<\/strong><\/h2>\n<h3 class=\"wp-block-heading\" id=\"etiologia-da-otite-media-exsudativa\"><strong>Etiologia da otite m\u00e9dia exsudativa<\/strong><\/h3>\n<p>A causa subjacente a esta doen\u00e7a \u00e9 a obstru\u00e7\u00e3o do orif\u00edcio da tuba auditiva na nasofaringe, que pode ser de natureza inflamat\u00f3ria ou al\u00e9rgica. <\/p>\n<p>As crian\u00e7as adoecem mais frequentemente devido a uma maior propor\u00e7\u00e3o de <span class=\"glossary-term\" data-title=\"Hiperplasia\" data-tooltip=\"A hiperplasia \u00e9 o aumento do volume de um tecido ou \u00f3rg\u00e3o devido \u00e0 produ\u00e7\u00e3o excessiva de seus elementos estruturais (c\u00e9lulas).\" data-link=\"https:\/\/wiki.dev.voka.io\/pt\/glossario\/hiperplasia\/\">hiperplasia<\/span> do tecido linfoepitelial da nasofaringe. Nos adultos, esta patologia pode indicar processos inflamat\u00f3rios na nasofaringe. Tamb\u00e9m deve ser considerada a possibilidade de neoplasias na ab\u00f3bada nasofar\u00edngea que obstruam o l\u00famen da abertura da trompa auditiva.  <\/p>\n<h3 class=\"wp-block-heading\" id=\"anatomia-da-otite-media-exsudativa\"><strong>Anatomia da otite m\u00e9dia exsudativa<\/strong><\/h3>\n<p>A patog\u00e9nese da doen\u00e7a tem um in\u00edcio semelhante ao desenvolvimento da otite m\u00e9dia, mas a inflama\u00e7\u00e3o neste caso \u00e9 de natureza ass\u00e9ptica.  <\/p>\n<p>No contexto da obstru\u00e7\u00e3o da tuba auditiva, a cavidade do ouvido m\u00e9dio cria uma press\u00e3o negativa, que contribui para o fluxo de transudado para os seus espa\u00e7os.  <\/p>\n<p>A situa\u00e7\u00e3o \u00e9 agravada pelo facto de o epit\u00e9lio escamoso degenerar em epit\u00e9lio secretor (o n\u00famero de c\u00e9lulas bocal\u00f3ides e de gl\u00e2ndulas secretoras aumenta). Este processo contribui para a transforma\u00e7\u00e3o do transudado em exsudado, devido \u00e0 impregna\u00e7\u00e3o com componente proteico e ao aumento da viscosidade do conte\u00fado.   <\/p>\n<p>Sem tratamento adequado, o processo torna-se cr\u00f3nico.  <\/p>\n<h3 class=\"wp-block-heading\" id=\"quadro-clinico-da-otite-media-exsudativa\"><strong>Quadro cl\u00ednico da otite m\u00e9dia exsudativa<\/strong><\/h3>\n<p>Clinicamente, a doen\u00e7a permanece desconhecida durante muito tempo, especialmente quando o processo patol\u00f3gico est\u00e1 presente em ambos os lados. Os principais sintomas s\u00e3o a perda auditiva condutiva gradualmente progressiva e o entupimento do ouvido. A s\u00edndrome da dor geralmente n\u00e3o \u00e9 carater\u00edstica, mas podem ocorrer zumbidos e autofonia. O estado geral n\u00e3o \u00e9 afetado.   <\/p>\n<h3 class=\"wp-block-heading\" id=\"diagnostico-de-otite-media-exsudativa\"><strong>Diagn\u00f3stico de otite m\u00e9dia exsudativa<\/strong><\/h3>\n<p>Em primeiro lugar, \u00e9 efectuada uma otoscopia. Ao exame, visualiza-se uma membrana timp\u00e2nica cinzenta e densa com vasos espessados, que pode estar ligeiramente retra\u00edda nas partes superiores. O cone de luz n\u00e3o est\u00e1 definido. Atr\u00e1s da membrana timp\u00e2nica, visualiza-se um conte\u00fado transparente, por vezes com um n\u00edvel de exsudado, podendo ser observadas bolhas de ar.     <\/p>\n<p>Se houver suspeita de exsudado, efectua a <span class=\"glossary-term\" data-title=\"Timpanometria\" data-tooltip=\"A timpanometria \u00e9 um m\u00e9todo de diagn\u00f3stico objetivo que permite avaliar o estado funcional do ouvido m\u00e9dio, medindo a mobilidade do t\u00edmpano e da cadeia ossicular. O m\u00e9todo consiste em registrar a energia sonora refletida pelo t\u00edmpano quando a press\u00e3o do ar no canal auditivo externo se altera.\" data-link=\"https:\/\/wiki.dev.voka.io\/pt\/glossario\/timpanometria\/\">timpanometria<\/span>, que \u00e9 fundamental para o diagn\u00f3stico. Na presen\u00e7a de conte\u00fado, o timpanograma corresponde ao tipo B. S\u00e3o efectuados testes de Cameron para determinar a natureza da perda auditiva. A endoscopia nasofar\u00edngea \u00e9 recomendada para determinar a causa da doen\u00e7a. Em casos duvidosos, \u00e9 indicada a realiza\u00e7\u00e3o de uma <span class=\"glossary-term\" data-title=\"Tomografia computorizada\" data-tooltip=\"A tomografia computadorizada \u00e9 um exame de imagem que usa raios X para obter imagens transversais (cortes) de \u00f3rg\u00e3os e tecidos internos. \u00c9 uma das principais t\u00e9cnicas de imagem da medicina moderna, com elevado n\u00edvel de gera\u00e7\u00e3o de informa\u00e7\u00e3o.\" data-link=\"https:\/\/wiki.dev.voka.io\/pt\/glossario\/tc-tomografia-computadorizada\/\">TC<\/span> dos ossos temporais e da nasofaringe.   <strong><\/strong><\/p>\n<h3 class=\"wp-block-heading\" id=\"tratamento-da-otite-media-exsudativa\"><strong>Tratamento da otite m\u00e9dia exsudativa<\/strong><\/h3>\n<p>Antes de mais, \u00e9 necess\u00e1rio eliminar a causa da doen\u00e7a. Procede ao saneamento da nasofaringe. S\u00e3o prescritos mucol\u00edticos sist\u00e9micos para melhorar a secre\u00e7\u00e3o. Recomenda-se tamb\u00e9m que o doente efectue um conjunto de exerc\u00edcios para soprar a trompa auditiva.     <\/p>\n<p>Se n\u00e3o conseguires dominar esta t\u00e9cnica sozinho, o m\u00e9dico sopra os tubos auditivos com um bal\u00e3o (segundo Politzer) ou cateteriza-os com a subsequente introdu\u00e7\u00e3o de ar.  <\/p>\n<p>Os medicamentos antibacterianos s\u00e3o raramente prescritos quando indicados.<\/p>\n<div class=\"social-banner-block\">\n<div class=\"social-banner-content\">\n<p class=\"h5-title text-black\">Encontra mais conte\u00fados cientificamente exactos nas nossas redes sociais<\/p>\n<p><span class=\"social-banner-text text-grey\">Subscreve e n\u00e3o percas os recursos mais recentes<\/span><\/p>\n<div class=\"social-links-wrapper\"><a class=\"social-icon-link\" href=\"https:\/\/www.facebook.com\/VOKA3DAnatomyAndPathology\/\" target=\"_blank\" rel=\"nofollow noopener\"><img decoding=\"async\" src=\"https:\/\/storage.googleapis.com\/dev_wiki_voka_io_303011\/common\/Social%20Icons\/facebook.svg\" alt=\"social link\"><\/a><a class=\"social-icon-link\" href=\"https:\/\/www.instagram.com\/voka.io\/\" target=\"_blank\" rel=\"nofollow noopener\"><img decoding=\"async\" src=\"https:\/\/storage.googleapis.com\/dev_wiki_voka_io_303011\/common\/Social%20Icons\/insta.svg\" alt=\"social link\"><\/a><a class=\"social-icon-link\" href=\"https:\/\/www.linkedin.com\/company\/voka-io\/posts\/?feedView=all\" target=\"_blank\" rel=\"nofollow noopener\"><img decoding=\"async\" src=\"https:\/\/storage.googleapis.com\/dev_wiki_voka_io_303011\/common\/Social%20Icons\/linkedin.svg\" alt=\"social link\"><\/a><a class=\"social-icon-link\" href=\"https:\/\/www.youtube.com\/@vokaio\" target=\"_blank\" rel=\"nofollow noopener\"><img decoding=\"async\" src=\"https:\/\/storage.googleapis.com\/dev_wiki_voka_io_303011\/common\/Social%20Icons\/youtube.svg\" alt=\"social link\"><\/a><a class=\"social-icon-link\" href=\"https:\/\/www.pinterest.com\/voka3danatomyandpathology\/\" target=\"_blank\" rel=\"nofollow noopener\"><img decoding=\"async\" src=\"https:\/\/storage.googleapis.com\/dev_wiki_voka_io_303011\/common\/Social%20Icons\/pinterest.svg\" alt=\"social link\"><\/a><a class=\"social-icon-link\" href=\"https:\/\/www.tiktok.com\/@voka.io\" target=\"_blank\" rel=\"nofollow noopener\"><img decoding=\"async\" src=\"https:\/\/storage.googleapis.com\/dev_wiki_voka_io_303011\/common\/Social%20Icons\/tiktok.svg\" alt=\"social link\"><\/a><a class=\"social-icon-link\" href=\"https:\/\/discord.gg\/7ejUpq8DRR\" target=\"_blank\" rel=\"nofollow noopener\"><img decoding=\"async\" src=\"https:\/\/storage.googleapis.com\/dev_wiki_voka_io_303011\/common\/Social%20Icons\/discord.svg\" alt=\"social link\"><\/a><\/div>\n<\/div>\n<p><img decoding=\"async\" class=\"social-banner-image\" loading=\"lazy\" src=\"https:\/\/storage.googleapis.com\/dev_wiki_voka_io_303011\/common\/social-media-banner-mobile-image.webp\" alt=\"Banner background\"><\/div>\n<h2 class=\"wp-block-heading\" id=\"miringite\"><strong>Miringite<\/strong><\/h2>\n<h3 class=\"wp-block-heading\" id=\"etiologia-da-miringite\"><strong>Etiologia da miringite<\/strong><\/h3>\n<p>A causa da doen\u00e7a \u00e9 o impacto da microflora patog\u00e9nica ou a ativa\u00e7\u00e3o da microflora oportunista. Entre os principais agentes causadores distinguem-se: <\/p>\n<ul class=\"wp-block-list\">\n<li><strong>Bact\u00e9rias<\/strong>: estreptococos, estafilococos, pneumococos, haemophilus ou <strong>bacilo de<\/strong> pseudomonas;<\/li>\n<li><strong>V\u00edrus<\/strong>: v\u00edrus da gripe, v\u00edrus da parainfluenza, v\u00edrus da esclerose m\u00faltipla, adenov\u00edrus, sarampo;<\/li>\n<li><strong>Fungos<\/strong>: <em>Candida albicans<\/em>, <em>Aspergillus niger<\/em>.  <\/li>\n<\/ul>\n<p>A miringite como doen\u00e7a aut\u00f3noma \u00e9 rara e desenvolve-se mais frequentemente em conjunto com a otite m\u00e9dia ou a otite externa. Pode tamb\u00e9m resultar da remo\u00e7\u00e3o descuidada de corpos estranhos do canal auditivo, bem como da exposi\u00e7\u00e3o a factores t\u00e9rmicos ou qu\u00edmicos.   <\/p>\n<h3 class=\"wp-block-heading\" id=\"anatomia-da-miringite\"><strong>Anatomia da miringite<\/strong><\/h3>\n<p>Como resultado de factores irritantes (incluindo vias hematog\u00e9nicas ou de contacto da infe\u00e7\u00e3o), ocorrem altera\u00e7\u00f5es inflamat\u00f3rias na membrana timp\u00e2nica. Como resultado, h\u00e1 vasos sangu\u00edneos cheios e uma infiltra\u00e7\u00e3o acentuada na espessura da membrana.   <\/p>\n<p>Podem formar-se bolhas serosas ou hemorr\u00e1gicas (bolhas) na sua superf\u00edcie. \u00c9 segregada uma secre\u00e7\u00e3o serosa no l\u00famen do canal auditivo. <\/p>\n<h3 class=\"wp-block-heading\" id=\"quadro-clinico-da-miringite\"><strong>Quadro cl\u00ednico da miringite<\/strong><\/h3>\n<p>Os doentes sentem uma dor aguda, intensa e latejante no ouvido. Pode haver ru\u00eddo, crepita\u00e7\u00e3o e comich\u00e3o no ouvido afetado, bem como uma descarga escassa, transparente ou hemorr\u00e1gica. Pode observar-se perda de audi\u00e7\u00e3o. Nalguns casos, os sintomas gerais s\u00e3o acentuados, a temperatura corporal sobe para 38-39 \u00b0C, acompanhada de dores de cabe\u00e7a e fraqueza.     <\/p>\n<h3 class=\"wp-block-heading\" id=\"diagnostico-da-miringite\"><strong>Diagn\u00f3stico da miringite<\/strong><\/h3>\n<p>O diagn\u00f3stico baseia-se nos achados da otoscopia. Membrana timp\u00e2nica hiper\u00e9mica, infiltrada, com vasos fortemente espessados, podendo ser visualizadas bolhas na sua superf\u00edcie. Os contornos de identifica\u00e7\u00e3o da membrana est\u00e3o esbatidos.  <\/p>\n<p>Os testes de c\u00e2mara e os audiogramas revelam uma perda auditiva condutiva de v\u00e1rios graus.<\/p>\n<p>Um exame de sangue geral revela leucocitose com desvio para a esquerda na f\u00f3rmula e um aumento da prote\u00edna C-reactiva (PCR). Tamb\u00e9m \u00e9 efectuada uma zaragatoa da superf\u00edcie da membrana timp\u00e2nica para determinar o organismo causador.   <\/p>\n<h3 class=\"wp-block-heading\" id=\"tratamento-da-miringite\"><strong>Tratamento da miringite<\/strong><\/h3>\n<p>S\u00e3o prescritos medicamentos anti-inflamat\u00f3rios para controlar a dor e reduzir a inflama\u00e7\u00e3o e, se indicado, s\u00e3o prescritos medicamentos antibacterianos. Recomenda-se a irriga\u00e7\u00e3o t\u00f3pica com solu\u00e7\u00f5es anti-s\u00e9pticas para evitar a propaga\u00e7\u00e3o da infe\u00e7\u00e3o e manter o canal auditivo limpo.   <\/p>\n<div>\n<h2 class=\"faq-title h2-article\" id=\"faq\">FAQ<\/h2>\n<div class=\"faq-section\">\n<div class=\"faq-item faq-answer-hidden\">\n<div class=\"question-block\">\n<div class=\"faq-question\">\n<p class=\" text-black h5-title\">1. O que \u00e9 a otite m\u00e9dia aguda e quais s\u00e3o os seus principais sintomas?<\/p>\n<\/div>\n<div class=\"faq-answer text-main-text-color main-text-medium\">A otite m\u00e9dia aguda \u00e9 uma inflama\u00e7\u00e3o da cavidade do ouvido m\u00e9dio que \u00e9 acompanhada de dor, perda de audi\u00e7\u00e3o e, por vezes, de outros sintomas, como ru\u00eddos no ouvido e febre.<\/div>\n<\/div>\n<div class=\"expand-button-wrapper\"><button class=\"text-accent expand-button\">+<\/button><\/div>\n<\/div>\n<div class=\"faq-item faq-answer-hidden\">\n<div class=\"question-block\">\n<div class=\"faq-question\">\n<p class=\" text-black h5-title\">2. Que causas podem provocar uma otite m\u00e9dia aguda?<\/p>\n<\/div>\n<div class=\"faq-answer text-main-text-color main-text-medium\">As principais causas de otite m\u00e9dia aguda s\u00e3o infec\u00e7\u00f5es causadas por bact\u00e9rias (por exemplo, Streptococcus pneumoniae, Haemophilus influenzae, Moraxella catarrhalis), v\u00edrus (gripe, sarampo) e, menos frequentemente, fungos.<\/div>\n<\/div>\n<div class=\"expand-button-wrapper\"><button class=\"text-accent expand-button\">+<\/button><\/div>\n<\/div>\n<div class=\"faq-item faq-answer-hidden\">\n<div class=\"question-block\">\n<div class=\"faq-question\">\n<p class=\" text-black h5-title\">3. Quais s\u00e3o as diretrizes cl\u00ednicas para o tratamento da otite m\u00e9dia aguda?<\/p>\n<\/div>\n<div class=\"faq-answer text-main-text-color main-text-medium\">A otite m\u00e9dia aguda \u00e9 tratada com descongestionantes nasais para melhorar a permeabilidade da trompa auditiva e com analg\u00e9sicos para aliviar a dor. Em caso de infe\u00e7\u00e3o bacteriana, podem ser prescritos antibi\u00f3ticos como as penicilinas ou as cefalosporinas. Recomenda-se tamb\u00e9m a higieniza\u00e7\u00e3o do ouvido atrav\u00e9s do canal auditivo. Se indicado, \u00e9 efectuada uma paracentese (corte) do t\u00edmpano.     <\/div>\n<\/div>\n<div class=\"expand-button-wrapper\"><button class=\"text-accent expand-button\">+<\/button><\/div>\n<\/div>\n<div class=\"faq-item faq-answer-hidden\">\n<div class=\"question-block\">\n<div class=\"faq-question\">\n<p class=\" text-black h5-title\">4. Quais s\u00e3o os perigos da otite m\u00e9dia aguda?<\/p>\n<\/div>\n<div class=\"faq-answer text-main-text-color main-text-medium\">A otite m\u00e9dia aguda pode levar a complica\u00e7\u00f5es graves, como mastoidite, labirintite, neurite facial, otite m\u00e9dia cr\u00f3nica e les\u00f5es nos oss\u00edculos auditivos. Em casos raros, a inflama\u00e7\u00e3o pode espalhar-se para estruturas vizinhas, causando meningite ou abcesso cerebral. Por isso, \u00e9 importante diagnosticar e tratar esta doen\u00e7a atempadamente.  <\/div>\n<\/div>\n<div class=\"expand-button-wrapper\"><button class=\"text-accent expand-button\">+<\/button><\/div>\n<\/div>\n<div class=\"faq-item faq-answer-hidden\">\n<div class=\"question-block\">\n<div class=\"faq-question\">\n<p class=\" text-black h5-title\">5. Durante quantos dias \u00e9 que a otite m\u00e9dia aguda \u00e9 tratada?<\/p>\n<\/div>\n<div class=\"faq-answer text-main-text-color main-text-medium\">Com um tratamento atempado e adequado, a otite m\u00e9dia aguda resolve-se normalmente em 5-7 dias. No entanto, dependendo da fase da doen\u00e7a e da presen\u00e7a de complica\u00e7\u00f5es, o tratamento pode demorar at\u00e9 2-3 semanas. Se o processo se tornar cr\u00f3nico ou se surgirem complica\u00e7\u00f5es, o tratamento pode demorar muito mais tempo.  <\/div>\n<\/div>\n<div class=\"expand-button-wrapper\"><button class=\"text-accent expand-button\">+<\/button><\/div>\n<\/div>\n<\/div>\n<\/div>\n<div class=\"sources-list-block sources-list-hidden\" id=\"lista-de-fontes\">\n<div class=\"sources-list-content\">\n<div class=\"sources-list-title\">\n<p class=\"small-text-bold text-black sources-list-title-text\">Lista de fontes<\/p>\n<div class=\"sources-expand-button-wrapper-mobile\">\n<div class=\"sources-expand-button\"><svg width=\"32\" height=\"32\" viewbox=\"0 0 32 32\" fill=\"none\" xmlns=\"http:\/\/www.w3.org\/2000\/svg\"><path d=\"M8 12L16 20L24 12\" stroke=\"#8C9AAB\" stroke-width=\"2\" stroke-linecap=\"round\" stroke-linejoin=\"round\"><\/path><\/svg><\/div>\n<\/div>\n<\/div>\n<div class=\"sources-list-items\">\n<div class=\"source-item\">\n<p class=\"main-text-semibold text-black\">1.<\/p>\n<div class=\"source-item-content\">\n<p class=\"main-text-semibold text-black\">Cat\u00e1logo VOKA.  <\/p>\n<p><span class=\"small-text-medium text-grey\">https:\/\/catalog.voka.io\/<br \/>\n <\/span><\/div>\n<\/div>\n<div class=\"source-item\">\n<p class=\"main-text-semibold text-black\">2.<\/p>\n<div class=\"source-item-content\">\n<p class=\"main-text-semibold text-black\">Total Otolaryngology\u2014Head and Neck Surgery, Anthony P. Sclafani, Robin A. Dyleski, Michael J. Pitman, Stimson P. Schantz. Thieme Medical Publishers, Inc., 2015. ISBN 978-1-60406-646-3.<\/p>\n<\/div>\n<\/div>\n<div class=\"source-item\">\n<p class=\"main-text-semibold text-black\">3.<\/p>\n<div class=\"source-item-content\">\n<p class=\"main-text-semibold text-black\">\u0411\u0435\u0440\u0431\u043e\u043c \u0425. \u0411\u043e\u043b\u0435\u0437\u043d\u0438 \u0443\u0445\u0430, \u0433\u043e\u0440\u043b\u0430 \u0438 \u043d\u043e\u0441\u0430 \/ \u0425\u0430\u043d\u0441 \u0411\u0435\u0440\u0431\u043e\u043c, \u041e\u043b\u0438\u0432\u0435\u0440 \u041a\u0430\u0448\u043a\u0435, \u0422\u0430\u0434\u0435\u0443\u0441 \u041d\u0430\u0432\u043a\u0430, \u042d\u043d\u0434\u0440\u044e \u0421\u0432\u0438\u0444\u0442; \u043f\u0435\u0440. \u0441 \u0430\u043d\u0433\u043b. \u2013 2-\u0435 \u0438\u0437\u0434. \u2013 \u041c. : \u041c\u0415\u0414\u043f\u0440\u0435c\u0441-\u0438\u043d\u0444\u043e\u0440\u043c, 2016. \u2013 776 \u0441. : \u0438\u043b. ISBN 978-5-00030- 322-1.     <\/p>\n<\/div>\n<\/div>\n<div class=\"source-item\">\n<p class=\"main-text-semibold text-black\">4.<\/p>\n<div class=\"source-item-content\">\n<p class=\"main-text-semibold text-black\">Danishyar A, Ashurst JV. Acute Otitis Media. 2023 Apr 15. In: StatPearls [Internet]. Treasure Island (FL): StatPearls Publishing; 2025 Jan\u2013. PMID: 29262176.     <\/p>\n<\/div>\n<\/div>\n<div class=\"source-item\">\n<p class=\"main-text-semibold text-black\">5.<\/p>\n<div class=\"source-item-content\">\n<p class=\"main-text-semibold text-black\">Gaddey HL, Wright MT, Nelson TN. Otitis Media: Rapid Evidence Review. Am Fam Physician. 2019 Sep 15;100(6):350-356. PMID: 31524361.    <\/p>\n<\/div>\n<\/div>\n<div class=\"source-item\">\n<p class=\"main-text-semibold text-black\">6.<\/p>\n<div class=\"source-item-content\">\n<p class=\"main-text-semibold text-black\">Jamal A, Alsabea A, Tarakmeh M, Safar A. Etiology, Diagnosis, Complications, and Management of Acute Otitis Media in Children. Cureus. 2022 Aug 15;14(8):e28019. doi: 10.7759\/cureus.28019. PMID: 36134092; PMCID: PMC9471510.    <\/p>\n<\/div>\n<\/div>\n<div class=\"source-item\">\n<p class=\"main-text-semibold text-black\">7.<\/p>\n<div class=\"source-item-content\">\n<p class=\"main-text-semibold text-black\">Ple\u0219ca V\u0218, Marinescu AG, Voiosu C, Dr\u0103g\u0103nescu AC, Streinu-Cercel A, Vilaia A, Hain\u0103ro\u0219ie R, Ple\u0219ca DA, S\u0103ndulescu O. Occurrence of acute otitis and sinusitis in patients hospitalized for influenza. Germs. 2024 Mar 31;14(1):38-44. doi: 10.18683\/germs.2024.1416. PMID: 39169978; PMCID: PMC11333841.    <\/p>\n<\/div>\n<\/div>\n<div class=\"source-item\">\n<p class=\"main-text-semibold text-black\">8.<\/p>\n<div class=\"source-item-content\">\n<p class=\"main-text-semibold text-black\">Pardo S, Perera TB. Scarlet Fever. [Updated 2025 Feb 6]. In: StatPearls [Internet]. Treasure Island (FL): StatPearls Publishing; 2025 Jan-. Available from:<\/p>\n<p><span class=\"small-text-medium text-grey\">https:\/\/www.ncbi.nlm.nih.gov\/books\/NBK507889\/<\/span><\/div>\n<\/div>\n<div class=\"source-item\">\n<p class=\"main-text-semibold text-black\">9.<\/p>\n<div class=\"source-item-content\">\n<p class=\"main-text-semibold text-black\">Yano H, Suetake M, Endo H, Takayanagi R, Numata M, Ohyama K, Sagai S, Okitsu N, Okamoto M, Nishimura H, Kobayashi T. Isolation of measles virus from middle ear fluid of infants with acute otitis media. J Infect. 2005 Nov;51(4):e237-40. doi: 10.1016\/j.jinf.2004.09.002. PMID: 16291278.    <\/p>\n<\/div>\n<\/div>\n<div class=\"source-item\">\n<p class=\"main-text-semibold text-black\">10.<\/p>\n<div class=\"source-item-content\">\n<p class=\"main-text-semibold text-black\">Yano H, Okitsu N, Hori T, Watanabe O, Kisu T, Hatagishi E, Suzuki A, Okamoto M, Ohmi A, Suetake M, Sagai S, Kobayashi T, Nishimura H. Detection of respiratory viruses in nasopharyngeal secretions and middle ear fluid from children with acute otitis media. Acta Otolaryngol. 2009 Jan;129(1):19-24. doi: 10.1080\/00016480802032777. PMID: 18607974.    <\/p>\n<\/div>\n<\/div>\n<div class=\"source-item\">\n<p class=\"main-text-semibold text-black\">11.<\/p>\n<div class=\"source-item-content\">\n<p class=\"main-text-semibold text-black\">Searight FT, Singh R, Peterson DC. Otitis Media With Effusion. 2023 May 20. In: StatPearls [Internet]. Treasure Island (FL): StatPearls Publishing; 2025 Jan\u2013. PMID: 30855877.     <\/p>\n<\/div>\n<\/div>\n<\/div>\n<\/div>\n<div class=\"sources-expand-button-wrapper\">\n<div class=\"sources-expand-button\"><svg width=\"32\" height=\"32\" viewbox=\"0 0 32 32\" fill=\"none\" xmlns=\"http:\/\/www.w3.org\/2000\/svg\"><path d=\"M8 12L16 20L24 12\" stroke=\"#8C9AAB\" stroke-width=\"2\" stroke-linecap=\"round\" stroke-linejoin=\"round\"><\/path><\/svg><\/div>\n<\/div>\n<\/div>\n","protected":false},"excerpt":{"rendered":"<p>A otite m\u00e9dia aguda (OMA) \u00e9 uma inflama\u00e7\u00e3o da cavidade do ouvido m\u00e9dio acompanhada de dor intensa e perda de audi\u00e7\u00e3o, que dura at\u00e9 1 m\u00eas. A otite m\u00e9dia exsudativa (OME, serosa, secretora) \u00e9 uma patologia caracterizada pela presen\u00e7a de exsudado na cavidade do ouvido m\u00e9dio, sem s\u00edndrome de dor. Clinicamente, distinguem-se as formas aguda [&hellip;]<\/p>\n","protected":false},"author":4,"featured_media":0,"template":"","diseases_category":[301],"class_list":["post-982","diseases_post","type-diseases_post","status-publish","hentry","diseases_category-otorrinolaringologicas"],"acf":[],"yoast_head":"<!-- This site is optimized with the Yoast SEO Premium plugin v25.0 (Yoast SEO v26.5) - https:\/\/yoast.com\/wordpress\/plugins\/seo\/ -->\n<title>Otite m\u00e9dia aguda: Classifica\u00e7\u00e3o, sintomas, diagn\u00f3stico e tratamento<\/title>\n<meta name=\"description\" content=\"A otite m\u00e9dia aguda \u00e9 um grupo de inflama\u00e7\u00f5es do ouvido m\u00e9dio com dor e perda de audi\u00e7\u00e3o. Etiologia, sintomas, diagn\u00f3stico e tratamento da otite m\u00e9dia aguda.\" \/>\n<meta name=\"robots\" content=\"noindex, follow, max-snippet:-1, max-image-preview:large, max-video-preview:-1\" \/>\n<meta property=\"og:locale\" content=\"pt_PT\" \/>\n<meta property=\"og:type\" content=\"article\" \/>\n<meta property=\"og:title\" content=\"Otite m\u00e9dia aguda: classifica\u00e7\u00e3o, etiologia, diagn\u00f3stico e tratamento\" \/>\n<meta property=\"og:description\" content=\"A otite m\u00e9dia aguda \u00e9 um grupo de inflama\u00e7\u00f5es do ouvido m\u00e9dio com dor e perda de audi\u00e7\u00e3o. Etiologia, sintomas, diagn\u00f3stico e tratamento da otite m\u00e9dia aguda.\" \/>\n<meta property=\"og:url\" content=\"https:\/\/wiki.dev.voka.io\/pt\/doencas\/otorrinolaringologicas\/otite-media-aguda\/\" \/>\n<meta property=\"og:site_name\" content=\"Voka Wiki\" \/>\n<meta property=\"article:publisher\" content=\"https:\/\/www.facebook.com\/VOKA3DAnatomyAndPathology\/\" \/>\n<meta property=\"article:modified_time\" content=\"2025-12-09T14:32:39+00:00\" \/>\n<meta property=\"og:image\" content=\"https:\/\/storage.googleapis.com\/dev_wiki_voka_io_303011\/articles\/en\/otorhinolaryngology\/acute-middle-otitis\/acute-catarrhal-otitis-media.webp\" \/>\n<meta name=\"twitter:card\" content=\"summary_large_image\" \/>\n<meta name=\"twitter:label1\" content=\"Tempo estimado de leitura\" \/>\n\t<meta name=\"twitter:data1\" content=\"18 minutos\" \/>\n<script type=\"application\/ld+json\" class=\"yoast-schema-graph\">{\"@context\":\"https:\/\/schema.org\",\"@graph\":[{\"@type\":\"Article\",\"@id\":\"https:\/\/wiki.dev.voka.io\/pt\/doencas\/otorrinolaringologicas\/otite-media-aguda\/#article\",\"isPartOf\":{\"@id\":\"https:\/\/wiki.dev.voka.io\/pt\/doencas\/otorrinolaringologicas\/otite-media-aguda\/\"},\"author\":{\"name\":\"Danata A.\",\"@id\":\"https:\/\/wiki.dev.voka.io\/pt\/#\/schema\/person\/75a01428a2e97375c0facaaeba432542\"},\"headline\":\"Otite m\u00e9dia aguda: classifica\u00e7\u00e3o, etiologia, diagn\u00f3stico e tratamento\",\"datePublished\":\"2025-07-29T09:17:13+00:00\",\"dateModified\":\"2025-12-09T14:32:39+00:00\",\"mainEntityOfPage\":{\"@id\":\"https:\/\/wiki.dev.voka.io\/pt\/doencas\/otorrinolaringologicas\/otite-media-aguda\/\"},\"wordCount\":3531,\"publisher\":{\"@id\":\"https:\/\/wiki.dev.voka.io\/pt\/#organization\"},\"image\":{\"@id\":\"https:\/\/wiki.dev.voka.io\/pt\/doencas\/otorrinolaringologicas\/otite-media-aguda\/#primaryimage\"},\"thumbnailUrl\":\"https:\/\/storage.googleapis.com\/dev_wiki_voka_io_303011\/articles\/en\/otorhinolaryngology\/acute-middle-otitis\/acute-catarrhal-otitis-media.webp\",\"inLanguage\":\"pt-PT\"},{\"@type\":\"WebPage\",\"@id\":\"https:\/\/wiki.dev.voka.io\/pt\/doencas\/otorrinolaringologicas\/otite-media-aguda\/\",\"url\":\"https:\/\/wiki.dev.voka.io\/pt\/doencas\/otorrinolaringologicas\/otite-media-aguda\/\",\"name\":\"Otite m\u00e9dia aguda: Classifica\u00e7\u00e3o, sintomas, diagn\u00f3stico e tratamento\",\"isPartOf\":{\"@id\":\"https:\/\/wiki.dev.voka.io\/pt\/#website\"},\"primaryImageOfPage\":{\"@id\":\"https:\/\/wiki.dev.voka.io\/pt\/doencas\/otorrinolaringologicas\/otite-media-aguda\/#primaryimage\"},\"image\":{\"@id\":\"https:\/\/wiki.dev.voka.io\/pt\/doencas\/otorrinolaringologicas\/otite-media-aguda\/#primaryimage\"},\"thumbnailUrl\":\"https:\/\/storage.googleapis.com\/dev_wiki_voka_io_303011\/articles\/en\/otorhinolaryngology\/acute-middle-otitis\/acute-catarrhal-otitis-media.webp\",\"datePublished\":\"2025-07-29T09:17:13+00:00\",\"dateModified\":\"2025-12-09T14:32:39+00:00\",\"description\":\"A otite m\u00e9dia aguda \u00e9 um grupo de inflama\u00e7\u00f5es do ouvido m\u00e9dio com dor e perda de audi\u00e7\u00e3o. Etiologia, sintomas, diagn\u00f3stico e tratamento da otite m\u00e9dia aguda.\",\"breadcrumb\":{\"@id\":\"https:\/\/wiki.dev.voka.io\/pt\/doencas\/otorrinolaringologicas\/otite-media-aguda\/#breadcrumb\"},\"inLanguage\":\"pt-PT\",\"potentialAction\":[{\"@type\":\"ReadAction\",\"target\":[\"https:\/\/wiki.dev.voka.io\/pt\/doencas\/otorrinolaringologicas\/otite-media-aguda\/\"]}]},{\"@type\":\"ImageObject\",\"inLanguage\":\"pt-PT\",\"@id\":\"https:\/\/wiki.dev.voka.io\/pt\/doencas\/otorrinolaringologicas\/otite-media-aguda\/#primaryimage\",\"url\":\"https:\/\/storage.googleapis.com\/dev_wiki_voka_io_303011\/articles\/en\/otorhinolaryngology\/acute-middle-otitis\/acute-catarrhal-otitis-media.webp\",\"contentUrl\":\"https:\/\/storage.googleapis.com\/dev_wiki_voka_io_303011\/articles\/en\/otorhinolaryngology\/acute-middle-otitis\/acute-catarrhal-otitis-media.webp\"},{\"@type\":\"BreadcrumbList\",\"@id\":\"https:\/\/wiki.dev.voka.io\/pt\/doencas\/otorrinolaringologicas\/otite-media-aguda\/#breadcrumb\",\"itemListElement\":[{\"@type\":\"ListItem\",\"position\":1,\"name\":\"Home\",\"item\":\"https:\/\/wiki.dev.voka.io\/pt\/\"},{\"@type\":\"ListItem\",\"position\":2,\"name\":\"Otorrinolaringologia\",\"item\":\"https:\/\/wiki.dev.voka.io\/pt\/doencas\/otorrinolaringologicas\/\"},{\"@type\":\"ListItem\",\"position\":3,\"name\":\"Otite m\u00e9dia aguda: classifica\u00e7\u00e3o, etiologia, diagn\u00f3stico e tratamento\"}]},{\"@type\":\"WebSite\",\"@id\":\"https:\/\/wiki.dev.voka.io\/pt\/#website\",\"url\":\"https:\/\/wiki.dev.voka.io\/pt\/\",\"name\":\"Voka Wiki\",\"description\":\"\",\"publisher\":{\"@id\":\"https:\/\/wiki.dev.voka.io\/pt\/#organization\"},\"alternateName\":\"Anatomy & Pathology Wiki by VOKA\",\"potentialAction\":[{\"@type\":\"SearchAction\",\"target\":{\"@type\":\"EntryPoint\",\"urlTemplate\":\"https:\/\/wiki.dev.voka.io\/pt\/?s={search_term_string}\"},\"query-input\":{\"@type\":\"PropertyValueSpecification\",\"valueRequired\":true,\"valueName\":\"search_term_string\"}}],\"inLanguage\":\"pt-PT\"},{\"@type\":\"Organization\",\"@id\":\"https:\/\/wiki.dev.voka.io\/pt\/#organization\",\"name\":\"Voka 3D Anatomy & Pathology\",\"alternateName\":\"VOKA\",\"url\":\"https:\/\/wiki.dev.voka.io\/pt\/\",\"logo\":{\"@type\":\"ImageObject\",\"inLanguage\":\"pt-PT\",\"@id\":\"https:\/\/wiki.dev.voka.io\/pt\/#\/schema\/logo\/image\/\",\"url\":\"https:\/\/wiki.dev.voka.io\/wp-content\/uploads\/2025\/02\/cropped-voka-logo-1.png\",\"contentUrl\":\"https:\/\/wiki.dev.voka.io\/wp-content\/uploads\/2025\/02\/cropped-voka-logo-1.png\",\"width\":70,\"height\":16,\"caption\":\"Voka 3D Anatomy & Pathology\"},\"image\":{\"@id\":\"https:\/\/wiki.dev.voka.io\/pt\/#\/schema\/logo\/image\/\"},\"sameAs\":[\"https:\/\/www.facebook.com\/VOKA3DAnatomyAndPathology\/\",\"https:\/\/www.instagram.com\/voka.io\/\",\"https:\/\/www.linkedin.com\/company\/voka-io\/\",\"https:\/\/www.youtube.com\/channel\/UCqGGuOEpr62ScH8Pjk2q5zw\/videos\",\"https:\/\/www.pinterest.com\/VokaAnatomyPro\/\",\"https:\/\/www.threads.com\/@voka.io\"],\"description\":\"VOKA.io offers 3D medical animations and custom 3D modeling services. Our product, VOKA 3D Anatomy & Pathology, is a digital atlas with over 1,000 detailed 3D models of human anatomy and pathology, designed for medical education, training, and patient communication.\",\"email\":\"info@voka.io\",\"telephone\":\"+1 814 351 4442\",\"legalName\":\"Voka 3D Anatomy & Pathology\",\"foundingDate\":\"2017-02-12\",\"naics\":\"541512\",\"numberOfEmployees\":{\"@type\":\"QuantitativeValue\",\"minValue\":\"51\",\"maxValue\":\"200\"},\"publishingPrinciples\":\"https:\/\/wiki.voka.io\/pt\/principios-de-publicacao\/\"},{\"@type\":\"Person\",\"@id\":\"https:\/\/wiki.dev.voka.io\/pt\/#\/schema\/person\/75a01428a2e97375c0facaaeba432542\",\"name\":\"Danata A.\",\"image\":{\"@type\":\"ImageObject\",\"inLanguage\":\"pt-PT\",\"@id\":\"https:\/\/wiki.dev.voka.io\/pt\/#\/schema\/person\/image\/\",\"url\":\"https:\/\/secure.gravatar.com\/avatar\/17b61e87bc892ef9555b6080655463c63eb46025ed870850eaa2472678817ed6?s=96&d=mm&r=g\",\"contentUrl\":\"https:\/\/secure.gravatar.com\/avatar\/17b61e87bc892ef9555b6080655463c63eb46025ed870850eaa2472678817ed6?s=96&d=mm&r=g\",\"caption\":\"Danata A.\"}}]}<\/script>\n<!-- \/ Yoast SEO Premium plugin. -->","yoast_head_json":{"title":"Otite m\u00e9dia aguda: Classifica\u00e7\u00e3o, sintomas, diagn\u00f3stico e tratamento","description":"A otite m\u00e9dia aguda \u00e9 um grupo de inflama\u00e7\u00f5es do ouvido m\u00e9dio com dor e perda de audi\u00e7\u00e3o. Etiologia, sintomas, diagn\u00f3stico e tratamento da otite m\u00e9dia aguda.","robots":{"index":"noindex","follow":"follow","max-snippet":"max-snippet:-1","max-image-preview":"max-image-preview:large","max-video-preview":"max-video-preview:-1"},"og_locale":"pt_PT","og_type":"article","og_title":"Otite m\u00e9dia aguda: classifica\u00e7\u00e3o, etiologia, diagn\u00f3stico e tratamento","og_description":"A otite m\u00e9dia aguda \u00e9 um grupo de inflama\u00e7\u00f5es do ouvido m\u00e9dio com dor e perda de audi\u00e7\u00e3o. Etiologia, sintomas, diagn\u00f3stico e tratamento da otite m\u00e9dia aguda.","og_url":"https:\/\/wiki.dev.voka.io\/pt\/doencas\/otorrinolaringologicas\/otite-media-aguda\/","og_site_name":"Voka Wiki","article_publisher":"https:\/\/www.facebook.com\/VOKA3DAnatomyAndPathology\/","article_modified_time":"2025-12-09T14:32:39+00:00","og_image":[{"url":"https:\/\/storage.googleapis.com\/dev_wiki_voka_io_303011\/articles\/en\/otorhinolaryngology\/acute-middle-otitis\/acute-catarrhal-otitis-media.webp","type":"","width":"","height":""}],"twitter_card":"summary_large_image","twitter_misc":{"Tempo estimado de leitura":"18 minutos"},"schema":{"@context":"https:\/\/schema.org","@graph":[{"@type":"Article","@id":"https:\/\/wiki.dev.voka.io\/pt\/doencas\/otorrinolaringologicas\/otite-media-aguda\/#article","isPartOf":{"@id":"https:\/\/wiki.dev.voka.io\/pt\/doencas\/otorrinolaringologicas\/otite-media-aguda\/"},"author":{"name":"Danata A.","@id":"https:\/\/wiki.dev.voka.io\/pt\/#\/schema\/person\/75a01428a2e97375c0facaaeba432542"},"headline":"Otite m\u00e9dia aguda: classifica\u00e7\u00e3o, etiologia, diagn\u00f3stico e tratamento","datePublished":"2025-07-29T09:17:13+00:00","dateModified":"2025-12-09T14:32:39+00:00","mainEntityOfPage":{"@id":"https:\/\/wiki.dev.voka.io\/pt\/doencas\/otorrinolaringologicas\/otite-media-aguda\/"},"wordCount":3531,"publisher":{"@id":"https:\/\/wiki.dev.voka.io\/pt\/#organization"},"image":{"@id":"https:\/\/wiki.dev.voka.io\/pt\/doencas\/otorrinolaringologicas\/otite-media-aguda\/#primaryimage"},"thumbnailUrl":"https:\/\/storage.googleapis.com\/dev_wiki_voka_io_303011\/articles\/en\/otorhinolaryngology\/acute-middle-otitis\/acute-catarrhal-otitis-media.webp","inLanguage":"pt-PT"},{"@type":"WebPage","@id":"https:\/\/wiki.dev.voka.io\/pt\/doencas\/otorrinolaringologicas\/otite-media-aguda\/","url":"https:\/\/wiki.dev.voka.io\/pt\/doencas\/otorrinolaringologicas\/otite-media-aguda\/","name":"Otite m\u00e9dia aguda: Classifica\u00e7\u00e3o, sintomas, diagn\u00f3stico e tratamento","isPartOf":{"@id":"https:\/\/wiki.dev.voka.io\/pt\/#website"},"primaryImageOfPage":{"@id":"https:\/\/wiki.dev.voka.io\/pt\/doencas\/otorrinolaringologicas\/otite-media-aguda\/#primaryimage"},"image":{"@id":"https:\/\/wiki.dev.voka.io\/pt\/doencas\/otorrinolaringologicas\/otite-media-aguda\/#primaryimage"},"thumbnailUrl":"https:\/\/storage.googleapis.com\/dev_wiki_voka_io_303011\/articles\/en\/otorhinolaryngology\/acute-middle-otitis\/acute-catarrhal-otitis-media.webp","datePublished":"2025-07-29T09:17:13+00:00","dateModified":"2025-12-09T14:32:39+00:00","description":"A otite m\u00e9dia aguda \u00e9 um grupo de inflama\u00e7\u00f5es do ouvido m\u00e9dio com dor e perda de audi\u00e7\u00e3o. Etiologia, sintomas, diagn\u00f3stico e tratamento da otite m\u00e9dia aguda.","breadcrumb":{"@id":"https:\/\/wiki.dev.voka.io\/pt\/doencas\/otorrinolaringologicas\/otite-media-aguda\/#breadcrumb"},"inLanguage":"pt-PT","potentialAction":[{"@type":"ReadAction","target":["https:\/\/wiki.dev.voka.io\/pt\/doencas\/otorrinolaringologicas\/otite-media-aguda\/"]}]},{"@type":"ImageObject","inLanguage":"pt-PT","@id":"https:\/\/wiki.dev.voka.io\/pt\/doencas\/otorrinolaringologicas\/otite-media-aguda\/#primaryimage","url":"https:\/\/storage.googleapis.com\/dev_wiki_voka_io_303011\/articles\/en\/otorhinolaryngology\/acute-middle-otitis\/acute-catarrhal-otitis-media.webp","contentUrl":"https:\/\/storage.googleapis.com\/dev_wiki_voka_io_303011\/articles\/en\/otorhinolaryngology\/acute-middle-otitis\/acute-catarrhal-otitis-media.webp"},{"@type":"BreadcrumbList","@id":"https:\/\/wiki.dev.voka.io\/pt\/doencas\/otorrinolaringologicas\/otite-media-aguda\/#breadcrumb","itemListElement":[{"@type":"ListItem","position":1,"name":"Home","item":"https:\/\/wiki.dev.voka.io\/pt\/"},{"@type":"ListItem","position":2,"name":"Otorrinolaringologia","item":"https:\/\/wiki.dev.voka.io\/pt\/doencas\/otorrinolaringologicas\/"},{"@type":"ListItem","position":3,"name":"Otite m\u00e9dia aguda: classifica\u00e7\u00e3o, etiologia, diagn\u00f3stico e tratamento"}]},{"@type":"WebSite","@id":"https:\/\/wiki.dev.voka.io\/pt\/#website","url":"https:\/\/wiki.dev.voka.io\/pt\/","name":"Voka Wiki","description":"","publisher":{"@id":"https:\/\/wiki.dev.voka.io\/pt\/#organization"},"alternateName":"Anatomy & Pathology Wiki by VOKA","potentialAction":[{"@type":"SearchAction","target":{"@type":"EntryPoint","urlTemplate":"https:\/\/wiki.dev.voka.io\/pt\/?s={search_term_string}"},"query-input":{"@type":"PropertyValueSpecification","valueRequired":true,"valueName":"search_term_string"}}],"inLanguage":"pt-PT"},{"@type":"Organization","@id":"https:\/\/wiki.dev.voka.io\/pt\/#organization","name":"Voka 3D Anatomy & Pathology","alternateName":"VOKA","url":"https:\/\/wiki.dev.voka.io\/pt\/","logo":{"@type":"ImageObject","inLanguage":"pt-PT","@id":"https:\/\/wiki.dev.voka.io\/pt\/#\/schema\/logo\/image\/","url":"https:\/\/wiki.dev.voka.io\/wp-content\/uploads\/2025\/02\/cropped-voka-logo-1.png","contentUrl":"https:\/\/wiki.dev.voka.io\/wp-content\/uploads\/2025\/02\/cropped-voka-logo-1.png","width":70,"height":16,"caption":"Voka 3D Anatomy & Pathology"},"image":{"@id":"https:\/\/wiki.dev.voka.io\/pt\/#\/schema\/logo\/image\/"},"sameAs":["https:\/\/www.facebook.com\/VOKA3DAnatomyAndPathology\/","https:\/\/www.instagram.com\/voka.io\/","https:\/\/www.linkedin.com\/company\/voka-io\/","https:\/\/www.youtube.com\/channel\/UCqGGuOEpr62ScH8Pjk2q5zw\/videos","https:\/\/www.pinterest.com\/VokaAnatomyPro\/","https:\/\/www.threads.com\/@voka.io"],"description":"VOKA.io offers 3D medical animations and custom 3D modeling services. Our product, VOKA 3D Anatomy & Pathology, is a digital atlas with over 1,000 detailed 3D models of human anatomy and pathology, designed for medical education, training, and patient communication.","email":"info@voka.io","telephone":"+1 814 351 4442","legalName":"Voka 3D Anatomy & Pathology","foundingDate":"2017-02-12","naics":"541512","numberOfEmployees":{"@type":"QuantitativeValue","minValue":"51","maxValue":"200"},"publishingPrinciples":"https:\/\/wiki.voka.io\/pt\/principios-de-publicacao\/"},{"@type":"Person","@id":"https:\/\/wiki.dev.voka.io\/pt\/#\/schema\/person\/75a01428a2e97375c0facaaeba432542","name":"Danata A.","image":{"@type":"ImageObject","inLanguage":"pt-PT","@id":"https:\/\/wiki.dev.voka.io\/pt\/#\/schema\/person\/image\/","url":"https:\/\/secure.gravatar.com\/avatar\/17b61e87bc892ef9555b6080655463c63eb46025ed870850eaa2472678817ed6?s=96&d=mm&r=g","contentUrl":"https:\/\/secure.gravatar.com\/avatar\/17b61e87bc892ef9555b6080655463c63eb46025ed870850eaa2472678817ed6?s=96&d=mm&r=g","caption":"Danata A."}}]}},"_links":{"self":[{"href":"https:\/\/wiki.dev.voka.io\/pt\/wp-json\/wp\/v2\/diseases_post\/982","targetHints":{"allow":["GET"]}}],"collection":[{"href":"https:\/\/wiki.dev.voka.io\/pt\/wp-json\/wp\/v2\/diseases_post"}],"about":[{"href":"https:\/\/wiki.dev.voka.io\/pt\/wp-json\/wp\/v2\/types\/diseases_post"}],"author":[{"embeddable":true,"href":"https:\/\/wiki.dev.voka.io\/pt\/wp-json\/wp\/v2\/users\/4"}],"wp:attachment":[{"href":"https:\/\/wiki.dev.voka.io\/pt\/wp-json\/wp\/v2\/media?parent=982"}],"wp:term":[{"taxonomy":"diseases_category","embeddable":true,"href":"https:\/\/wiki.dev.voka.io\/pt\/wp-json\/wp\/v2\/diseases_category?post=982"}],"curies":[{"name":"wp","href":"https:\/\/api.w.org\/{rel}","templated":true}]}}