{"id":943,"date":"2025-07-23T09:45:24","date_gmt":"2025-07-23T06:45:24","guid":{"rendered":"https:\/\/wiki.dev.voka.io\/diseases\/uncategorized\/laringite-aguda\/"},"modified":"2026-04-27T17:32:35","modified_gmt":"2026-04-27T14:32:35","slug":"laringite-aguda","status":"publish","type":"diseases_post","link":"https:\/\/wiki.dev.voka.io\/pt\/doencas\/otorrinolaringologicas\/laringite-aguda\/","title":{"rendered":"Laringite aguda: Etiologia, manifesta\u00e7\u00f5es cl\u00ednicas, diagn\u00f3stico e tratamento"},"content":{"rendered":"<p><?xml encoding=\"UTF-8\" ?><\/p>\n<p>\u041e\u0441\u0442\u0440\u044b\u0439 \u043b\u0430\u0440\u0438\u043d\u0433\u0438\u0442 \u2014 \u0432\u043e\u0441\u043f\u0430\u043b\u0435\u043d\u0438\u0435 \u0433\u043e\u0440\u0442\u0430\u043d\u0438, \u0441\u043e\u0445\u0440\u0430\u043d\u044f\u044e\u0449\u0435\u0435\u0441\u044f \u0434\u043e 7 \u0434\u043d\u0435\u0439. \u0425\u0430\u0440\u0430\u043a\u0442\u0435\u0440\u0438\u0437\u0443\u0435\u0442\u0441\u044f \u0440\u0430\u0437\u0432\u0438\u0442\u0438\u0435\u043c \u0441\u043e\u0441\u0443\u0434\u0438\u0441\u0442\u043e\u0439 \u0433\u0438\u043f\u0435\u0440\u0435\u043c\u0438\u0438, \u043e\u0442\u0435\u043a\u0430 \u0438 \u043a\u043b\u0435\u0442\u043e\u0447\u043d\u043e\u0439 \u0438\u043d\u0444\u0438\u043b\u044c\u0442\u0440\u0430\u0446\u0438\u0438 \u0441\u043b\u0438\u0437\u0438\u0441\u0442\u043e\u0439, \u043f\u0440\u0435\u0438\u043c\u0443\u0449\u0435\u0441\u0442\u0432\u0435\u043d\u043d\u043e \u0432 \u043e\u0431\u043b\u0430\u0441\u0442\u0438 \u0433\u043e\u043b\u043e\u0441\u043e\u0432\u044b\u0445 \u0441\u043a\u043b\u0430\u0434\u043e\u043a. \u0423\u043a\u0430\u0437\u0430\u043d\u043d\u044b\u0435 \u0438\u0437\u043c\u0435\u043d\u0435\u043d\u0438\u044f \u043d\u0430\u0440\u0443\u0448\u0430\u044e\u0442 \u0444\u0443\u043d\u043a\u0446\u0438\u044e \u0433\u043e\u043b\u043e\u0441\u043e\u0432\u043e\u0433\u043e \u0430\u043f\u043f\u0430\u0440\u0430\u0442\u0430, \u0432\u044b\u0437\u044b\u0432\u0430\u044f \u043e\u0445\u0440\u0438\u043f\u043b\u043e\u0441\u0442\u044c, \u0441\u0443\u0445\u043e\u0439 \u043a\u0430\u0448\u0435\u043b\u044c \u0438 \u043e\u0449\u0443\u0449\u0435\u043d\u0438\u0435 \u043f\u0435\u0440\u0448\u0435\u043d\u0438\u044f.<\/p>\n<p>Distinguem-se as seguintes formas de laringite aguda:<\/p>\n<ul class=\"wp-block-list\">\n<li>\u043e\u0441\u0442\u0440\u044b\u0439 \u043a\u0430\u0442\u0430\u0440\u0430\u043b\u044c\u043d\u044b\u0439 \u043b\u0430\u0440\u0438\u043d\u0433\u0438\u0442;<\/li>\n<li>\u043e\u0441\u0442\u0440\u044b\u0439 \u043e\u0442\u0435\u0447\u043d\u044b\u0439 (\u0438\u043d\u0444\u0438\u043b\u044c\u0442\u0440\u0430\u0442\u0438\u0432\u043d\u044b\u0439) \u043b\u0430\u0440\u0438\u043d\u0433\u0438\u0442.<\/li>\n<\/ul>\n<h2 class=\"wp-block-heading\" id=\"a-etiologia\"><strong>A etiologia<\/strong><\/h2>\n<p>As causas da laringite aguda s\u00e3o infecciosas e n\u00e3o infecciosas. Os v\u00edrus predominam entre os agentes patog\u00e9nicos infecciosos, enquanto as bact\u00e9rias s\u00e3o menos comuns e os fungos s\u00e3o extremamente raros. <\/p>\n<p><strong>Factores infecciosos<\/strong><\/p>\n<figure class=\"wp-block-table table-to-cards table-accents\">\n<table class=\"has-fixed-layout\">\n<tbody>\n<tr>\n<td class=\"has-text-align-center\" data-align=\"center\">V\u00edrus<\/td>\n<td class=\"has-text-align-center\" data-align=\"center\">\u0413\u0440\u0438\u043f\u043f, \u043f\u0430\u0440\u0430\u0433\u0440\u0438\u043f\u043f, \u0420\u0421-\u0432\u0438\u0440\u0443\u0441, \u0430\u0434\u0435\u043d\u043e- \u0438 \u0440\u0438\u043d\u043e\u0432\u0438\u0440\u0443\u0441, \u0432\u0438\u0440\u0443\u0441 \u041a\u043e\u043a\u0441\u0430\u043a\u0438, \u043a\u043e\u0440\u043e\u043d\u0430\u0432\u0438\u0440\u0443\u0441, \u043a\u043e\u0440\u044c<\/td>\n<\/tr>\n<tr>\n<td class=\"has-text-align-center\" data-align=\"center\">Bact\u00e9rias<\/td>\n<td class=\"has-text-align-center\" data-align=\"center\"><em>Streptococcus pneumoniae<\/em>, <em>Haemophilus influenzae<\/em> e <em>Moraxella catarrhalis<\/em><\/td>\n<\/tr>\n<tr>\n<td class=\"has-text-align-center\" data-align=\"center\">Fungos (mais comuns na laringite cr\u00f3nica)<\/td>\n<td class=\"has-text-align-center\" data-align=\"center\"><em>Candida<\/em>, <em>Aspergillus<\/em>, <em>Penicillium<\/em><\/td>\n<\/tr>\n<tr>\n<td class=\"has-text-align-center\" data-align=\"center\">Processos inflamat\u00f3rios do trato respirat\u00f3rio superior<\/td>\n<td class=\"has-text-align-center\" data-align=\"center\"><span class=\"glossary-term\" data-title=\"Adenoidite\" data-tooltip=\"A adenoidite \u00e9 uma inflama\u00e7\u00e3o aguda ou cr\u00f4nica da tonsila (am\u00edgdala) far\u00edngea (adenoide). Ao contr\u00e1rio da hipertrofia, a adenoidite \u00e9 um processo infeccioso-inflamat\u00f3rio ativo que \u00e9 foco de infec\u00e7\u00e3o cr\u00f4nica na nasofaringe.\" data-link=\"https:\/\/wiki.dev.voka.io\/pt\/glossario\/adenoidite\/\">Adenoidite<\/span>, sinusite, rinite<\/td>\n<\/tr>\n<\/tbody>\n<\/table>\n<\/figure>\n<p><strong>Factores n\u00e3o infecciosos<\/strong><\/p>\n<figure class=\"wp-block-table table-to-cards table-accents\">\n<table class=\"has-fixed-layout\">\n<tbody>\n<tr>\n<td class=\"has-text-align-center\" data-align=\"center\">Reac\u00e7\u00f5es al\u00e9rgicas<\/td>\n<td class=\"has-text-align-center\" data-align=\"center\">Poeira, p\u00ealos de animais, produtos qu\u00edmicos<\/td>\n<\/tr>\n<tr>\n<td class=\"has-text-align-center\" data-align=\"center\">Esfor\u00e7o vocal excessivo<\/td>\n<td class=\"has-text-align-center\" data-align=\"center\">Canta, grita, fala prolongada, uso incorreto da voz<\/td>\n<\/tr>\n<tr>\n<td class=\"has-text-align-center\" data-align=\"center\">Irritantes ambientais<\/td>\n<td class=\"has-text-align-center\" data-align=\"center\">Fumo, vapores qu\u00edmicos, ar polu\u00eddo<\/td>\n<\/tr>\n<\/tbody>\n<\/table>\n<\/figure>\n<h2 class=\"wp-block-heading\" id=\"anatomia\"><strong>Anatomia<\/strong><\/h2>\n<p>\u041f\u043e\u0434 \u0432\u043e\u0437\u0434\u0435\u0439\u0441\u0442\u0432\u0438\u0435\u043c \u0438\u043d\u0444\u0435\u043a\u0446\u0438\u043e\u043d\u043d\u043e\u0433\u043e \u0444\u0430\u043a\u0442\u043e\u0440\u0430, \u043d\u0430 \u0444\u043e\u043d\u0435 \u043e\u0431\u0449\u0435\u0439 \u0438\u043d\u0442\u043e\u043a\u0441\u0438\u043a\u0430\u0446\u0438\u0438 \u043e\u0440\u0433\u0430\u043d\u0438\u0437\u043c\u0430 \u0438 \u043a\u0430\u0442\u0430\u0440\u0430\u043b\u044c\u043d\u044b\u0445 \u0438\u0437\u043c\u0435\u043d\u0435\u043d\u0438\u0439 \u0432 \u043d\u043e\u0441\u043e- \u0438 \u0440\u043e\u0442\u043e\u0433\u043b\u043e\u0442\u043a\u0435, \u0432\u043e\u0437\u043d\u0438\u043a\u0430\u044e\u0442 \u0430\u043d\u0430\u043b\u043e\u0433\u0438\u0447\u043d\u044b\u0435 \u0438\u0437\u043c\u0435\u043d\u0435\u043d\u0438\u044f \u0432 \u0441\u043b\u0438\u0437\u0438\u0441\u0442\u043e\u0439 \u043e\u0431\u043e\u043b\u043e\u0447\u043a\u0435 \u0433\u043e\u0440\u0442\u0430\u043d\u0438. \u0415\u0441\u043b\u0438 \u0432\u043e\u0441\u043f\u0430\u043b\u0435\u043d\u0438\u0435 \u0432\u044b\u0437\u0432\u0430\u043d\u043e \u043d\u0435\u0438\u043d\u0444\u0435\u043a\u0446\u0438\u043e\u043d\u043d\u043e\u0439 \u043f\u0440\u0438\u0447\u0438\u043d\u043e\u0439, \u043f\u0430\u0442\u043e\u043b\u043e\u0433\u0438\u0447\u0435\u0441\u043a\u0438\u0435 \u0438\u0437\u043c\u0435\u043d\u0435\u043d\u0438\u044f \u0432 \u043d\u043e\u0441\u043e- \u0438 \u0440\u043e\u0442\u043e\u0433\u043b\u043e\u0442\u043a\u0435 \u043c\u043e\u0433\u0443\u0442 \u043e\u0442\u0441\u0443\u0442\u0441\u0442\u0432\u043e\u0432\u0430\u0442\u044c.<\/p>\n<p>\u041f\u0440\u0438 \u043e\u0441\u0442\u0440\u044b\u0445 \u0438\u043b\u0438 \u0445\u0440\u043e\u043d\u0438\u0447\u0435\u0441\u043a\u0438\u0445 \u0441\u0438\u043d\u0443\u0441\u0438\u0442\u0430\u0445 \u0438 \u0430\u0434\u0435\u043d\u043e\u0438\u0434\u0438\u0442\u0430\u0445 \u043f\u0440\u043e\u0438\u0441\u0445\u043e\u0434\u0438\u0442 \u0441\u0442\u0435\u043a\u0430\u043d\u0438\u0435 \u0441\u043b\u0438\u0437\u0438 \u043f\u043e \u0437\u0430\u0434\u043d\u0435\u0439 \u0441\u0442\u0435\u043d\u043a\u0435 \u0433\u043b\u043e\u0442\u043a\u0438. \u041f\u0440\u0438 \u044d\u0442\u043e\u043c \u0441\u043b\u0438\u0437\u044c \u043f\u043e\u043f\u0430\u0434\u0430\u0435\u0442, \u0432 \u0442\u043e\u043c \u0447\u0438\u0441\u043b\u0435, \u0438 \u043d\u0430 \u0433\u043e\u043b\u043e\u0441\u043e\u0432\u044b\u0435 \u0441\u043a\u043b\u0430\u0434\u043a\u0438, \u0432\u044b\u0437\u044b\u0432\u0430\u044f \u0438\u0445 \u043c\u0435\u0445\u0430\u043d\u0438\u0447\u0435\u0441\u043a\u043e\u0435 \u0440\u0430\u0437\u0434\u0440\u0430\u0436\u0435\u043d\u0438\u0435.<\/p>\n<h3 class=\"wp-block-heading\" id=\"forma-catarral\"><strong>Forma catarral<\/strong><\/h3>\n<p>Na forma catarral da laringite, a membrana mucosa \u00e9 hiper\u00e9mica, as pregas vocais s\u00e3o brilhantemente hiper\u00e9micas, h\u00e1 uma inje\u00e7\u00e3o abundante de vasos sangu\u00edneos. Durante a fona\u00e7\u00e3o, as pregas vocais n\u00e3o est\u00e3o completamente fechadas. Pode haver secre\u00e7\u00e3o mucosa nas pregas vocais e nos seios pericoron\u00e1rios.   <\/p>\n<figure class=\"wp-block-image size-large\"><img decoding=\"async\" src=\"https:\/\/storage.googleapis.com\/dev_wiki_voka_io_303011\/articles\/en\/otorhinolaryngology\/acute-laryngitis\/acute-catarrhal-laryngitis.webp\" alt=\"Laringite catarral aguda\"><figcaption class=\"wp-element-caption\">Laringite catarral aguda \u2013 <a href=\"https:\/\/catalog.voka.io\/en\/models\/8861ee9e-a330-4451-856d-1de6ead27805\/29429083-0e92-41ac-adf4-244625eb9e79\/70c2996e-a8db-4dc6-b666-ec3aa208acb3\/32587d32-ef0a-4649-9d24-22173b462d2e\" target=\"_blank\" rel=\"noreferrer noopener nofollow\">Modelo 3D<\/a><\/figcaption><\/figure>\n<h3 class=\"wp-block-heading\" id=\"forma-infiltrativa\"><strong>Forma infiltrativa<\/strong><\/h3>\n<p>\u041f\u0440\u0438 \u0438\u043d\u0444\u0438\u043b\u044c\u0442\u0440\u0430\u0442\u0438\u0432\u043d\u043e\u0439 \u0444\u043e\u0440\u043c\u0435 \u043d\u0430 \u0444\u043e\u043d\u0435 \u0433\u0438\u043f\u0435\u0440\u0435\u043c\u0438\u0440\u043e\u0432\u0430\u043d\u043d\u043e\u0439 \u0441\u043b\u0438\u0437\u0438\u0441\u0442\u043e\u0439 \u0433\u043e\u0440\u0442\u0430\u043d\u0438 \u043e\u043f\u0440\u0435\u0434\u0435\u043b\u044f\u0435\u0442\u0441\u044f \u0432\u044b\u0440\u0430\u0436\u0435\u043d\u043d\u044b\u0439 \u043e\u0442\u0435\u043a \u0441\u043b\u0438\u0437\u0438\u0441\u0442\u043e\u0439 \u043e\u0431\u043e\u043b\u043e\u0447\u043a\u0438 \u0433\u043e\u043b\u043e\u0441\u043e\u0432\u044b\u0445 \u0441\u043a\u043b\u0430\u0434\u043e\u043a \u0438 \u043c\u0435\u0436\u0447\u0435\u0440\u043f\u0430\u043b\u043e\u0432\u0438\u0434\u043d\u043e\u0433\u043e \u043f\u0440\u043e\u0441\u0442\u0440\u0430\u043d\u0441\u0442\u0432\u0430. \u0421\u043a\u043b\u0430\u0434\u043a\u0438 \u0441\u0442\u0430\u043d\u043e\u0432\u044f\u0442\u0441\u044f \u0436\u0435\u043b\u0435\u043e\u0431\u0440\u0430\u0437\u043d\u044b\u043c\u0438, \u043d\u0435\u0440\u043e\u0432\u043d\u044b\u043c\u0438, \u043f\u0440\u0438 \u0444\u043e\u043d\u0430\u0446\u0438\u0438 \u0441\u043c\u044b\u043a\u0430\u044e\u0442\u0441\u044f \u043d\u0435 \u043f\u043e\u043b\u043d\u043e\u0441\u0442\u044c\u044e, \u0433\u043e\u043b\u043e\u0441\u043e\u0432\u0430\u044f \u0449\u0435\u043b\u044c \u0441\u0443\u0436\u0435\u043d\u0430. \u0412 \u0442\u044f\u0436\u0435\u043b\u044b\u0445 \u0441\u043b\u0443\u0447\u0430\u044f\u0445 \u043e\u0442\u0435\u043a \u043c\u043e\u0436\u0435\u0442 \u043e\u0445\u0432\u0430\u0442\u044b\u0432\u0430\u0442\u044c \u0432\u0435\u0441\u0442\u0438\u0431\u0443\u043b\u044f\u0440\u043d\u044b\u0435 \u0441\u043a\u043b\u0430\u0434\u043a\u0438, \u043a\u043e\u0442\u043e\u0440\u044b\u0435 \u043f\u0440\u0438 \u044d\u0442\u043e\u043c \u043f\u0440\u0438\u043a\u0440\u044b\u0432\u0430\u044e\u0442 \u0438\u0441\u0442\u0438\u043d\u043d\u044b\u0435 \u0433\u043e\u043b\u043e\u0441\u043e\u0432\u044b\u0435, \u0430 \u0442\u0430\u043a\u0436\u0435 \u0440\u0430\u0441\u043f\u0440\u043e\u0441\u0442\u0440\u0430\u043d\u044f\u0442\u044c\u0441\u044f \u043d\u0430 \u0441\u043b\u0438\u0437\u0438\u0441\u0442\u0443\u044e \u043f\u043e\u0434\u0441\u043a\u043b\u0430\u0434\u043e\u0447\u043d\u043e\u0433\u043e \u043e\u0442\u0434\u0435\u043b\u0430.<\/p>\n<p>No contexto de altera\u00e7\u00f5es inflamat\u00f3rias nas pregas vocais, verifica-se uma viola\u00e7\u00e3o da sua vibra\u00e7\u00e3o. A amplitude e a frequ\u00eancia do movimento das pregas vocais alteram-se, o que afecta a forma\u00e7\u00e3o vocal. <\/p>\n<h2 class=\"wp-block-heading\" id=\"quadro-clinico\"><strong>Quadro cl\u00ednico<\/strong><\/h2>\n<p>\u041f\u0440\u043e\u0441\u0442\u044b\u0435 \u0444\u043e\u0440\u043c\u044b \u043b\u0430\u0440\u0438\u043d\u0433\u0438\u0442\u0430 (\u043a\u0430\u0442\u0430\u0440\u0430\u043b\u044c\u043d\u0430\u044f, \u0438\u043d\u0444\u0438\u043b\u044c\u0442\u0440\u0430\u0442\u0438\u0432\u043d\u0430\u044f) \u043a\u043b\u0438\u043d\u0438\u0447\u0435\u0441\u043a\u0438 \u043f\u0440\u043e\u044f\u0432\u043b\u044f\u044e\u0442\u0441\u044f \u0432\u043d\u0435\u0437\u0430\u043f\u043d\u043e \u043f\u043e\u044f\u0432\u0438\u0432\u0448\u0435\u0439\u0441\u044f \u043e\u0445\u0440\u0438\u043f\u043b\u043e\u0441\u0442\u044c\u044e \u0432 \u0433\u043e\u043b\u043e\u0441\u0435, \u0432 \u0440\u044f\u0434\u0435 \u0441\u043b\u0443\u0447\u0430\u0435\u0432 \u2014 \u0430\u0444\u043e\u043d\u0438\u0435\u0439 (\u043f\u043e\u0442\u0435\u0440\u0435\u0439 \u0433\u043e\u043b\u043e\u0441\u0430). <\/p>\n<p><strong>\u041e\u0441\u043d\u043e\u0432\u043d\u044b\u0435 \u0441\u0438\u043c\u043f\u0442\u043e\u043c\u044b:<\/strong><\/p>\n<ul class=\"wp-block-list\">\n<li>\u0431\u043e\u043b\u044c \u0432 \u0433\u043e\u0440\u043b\u0435, \u0449\u0435\u043a\u043e\u0442\u0430\u043d\u0438\u0435, \u043f\u0430\u0440\u043e\u043a\u0441\u0438\u0437\u043c\u044b \u043a\u0430\u0448\u043b\u044f;<\/li>\n<li>\u0433\u043e\u043b\u043e\u0441 \u0441\u0442\u0430\u043d\u043e\u0432\u0438\u0442\u0441\u044f \u0441\u0438\u043f\u043b\u044b\u043c, \u0431\u044b\u0441\u0442\u0440\u043e \u0443\u0441\u0442\u0430\u0435\u0442;<\/li>\n<li>\u0443 \u043b\u0438\u0446 \u0433\u043e\u043b\u043e\u0441\u043e\u0432\u043e\u0439 \u043f\u0440\u043e\u0444\u0435\u0441\u0441\u0438\u0438 \u043d\u0430\u0431\u043b\u044e\u0434\u0430\u044e\u0442\u0441\u044f \u0438\u0437\u043c\u0435\u043d\u0435\u043d\u0438\u044f \u0432\u043e\u043a\u0430\u043b\u044c\u043d\u043e\u0433\u043e \u0434\u0438\u0430\u043f\u0430\u0437\u043e\u043d\u0430.<\/li>\n<\/ul>\n<p>\u041f\u0440\u0438 \u0438\u043d\u0444\u0435\u043a\u0446\u0438\u043e\u043d\u043d\u043e\u043c \u0445\u0430\u0440\u0430\u043a\u0442\u0435\u0440\u0435 \u0437\u0430\u0431\u043e\u043b\u0435\u0432\u0430\u043d\u0438\u044f \u043f\u043e\u043c\u0438\u043c\u043e \u043b\u043e\u043a\u0430\u043b\u044c\u043d\u044b\u0445 \u0436\u0430\u043b\u043e\u0431 \u043e\u0442\u043c\u0435\u0447\u0430\u0435\u0442\u0441\u044f \u043f\u0440\u043e\u044f\u0432\u043b\u0435\u043d\u0438\u0435 \u0434\u0440\u0443\u0433\u0438\u0445 \u0441\u0438\u043c\u043f\u0442\u043e\u043c\u043e\u0432 \u0440\u0435\u0441\u043f\u0438\u0440\u0430\u0442\u043e\u0440\u043d\u043e\u0439 \u0438\u043d\u0444\u0435\u043a\u0446\u0438\u0438:<\/p>\n<ul class=\"wp-block-list\">\n<li>\u043f\u043e\u0432\u044b\u0448\u0435\u043d\u0438\u0435 \u0442\u0435\u043c\u043f\u0435\u0440\u0430\u0442\u0443\u0440\u044b;<\/li>\n<li>\u043a\u0430\u0448\u0435\u043b\u044c;<\/li>\n<li>\u0431\u043e\u043b\u0438 \u0432 \u0433\u043e\u0440\u043b\u0435;<\/li>\n<li>\u043d\u0430\u0440\u0443\u0448\u0435\u043d\u0438\u0435 \u043d\u043e\u0441\u043e\u0432\u043e\u0433\u043e \u0434\u044b\u0445\u0430\u043d\u0438\u044f;<\/li>\n<li>\u0440\u0438\u043d\u043e\u0440\u0435\u044f.<\/li>\n<\/ul>\n<p>Em m\u00e9dia, os sintomas da laringite aguda desaparecem em 1-3 dias, mas podem durar at\u00e9 7 dias.<\/p>\n<h2 class=\"wp-block-heading\" id=\"diagnostico-de-laringite-aguda\"><strong>Diagn\u00f3stico de laringite aguda<\/strong><\/h2>\n<p>Os diagn\u00f3sticos incluem:<\/p>\n<ul class=\"wp-block-list\">\n<li>\u043e\u043f\u0440\u043e\u0441 \u043f\u0430\u0446\u0438\u0435\u043d\u0442\u0430, \u0441\u0431\u043e\u0440 \u0430\u043d\u0430\u043c\u043d\u0435\u0437\u0430 \u0437\u0430\u0431\u043e\u043b\u0435\u0432\u0430\u043d\u0438\u044f;<\/li>\n<li>\u043e\u0446\u0435\u043d\u043a\u0443 \u043e\u0431\u0449\u0435\u0433\u043e \u0441\u043e\u0441\u0442\u043e\u044f\u043d\u0438\u044f \u0441 \u043e\u0431\u044f\u0437\u0430\u0442\u0435\u043b\u044c\u043d\u044b\u043c \u0443\u0442\u043e\u0447\u043d\u0435\u043d\u0438\u0435\u043c \u0441\u0438\u043c\u043f\u0442\u043e\u043c\u043e\u0432 \u0434\u044b\u0445\u0430\u0442\u0435\u043b\u044c\u043d\u043e\u0439 \u043d\u0435\u0434\u043e\u0441\u0442\u0430\u0442\u043e\u0447\u043d\u043e\u0441\u0442\u0438;<\/li>\n<li>\u043e\u0431\u0449\u0438\u0439 \u0438 \u043e\u0442\u043e\u0440\u0438\u043d\u043e\u043b\u0430\u0440\u0438\u043d\u0433\u043e\u043b\u043e\u0433\u0438\u0447\u0435\u0441\u043a\u0438\u0439 \u043e\u0441\u043c\u043e\u0442\u0440;<\/li>\n<li>\u043d\u0435\u043f\u0440\u044f\u043c\u0443\u044e \u043b\u0430\u0440\u0438\u043d\u0433\u043e\u0441\u043a\u043e\u043f\u0438\u044e;<\/li>\n<li>\u0444\u0438\u0431\u0440\u043e\u0441\u043a\u043e\u043f\u0438\u044e \u0433\u043e\u0440\u0442\u0430\u043d\u0438 (\u043f\u043e \u0432\u043e\u0437\u043c\u043e\u0436\u043d\u043e\u0441\u0442\u0438).<\/li>\n<\/ul>\n<p>\u041d\u0430\u0431\u043b\u044e\u0434\u0430\u044e\u0442\u0441\u044f \u0441\u043b\u0435\u0434\u0443\u044e\u0449\u0438\u0435 \u0438\u0437\u043c\u0435\u043d\u0435\u043d\u0438\u044f: \u0433\u0438\u043f\u0435\u0440\u0435\u043c\u0438\u044f \u0441\u043b\u0438\u0437\u0438\u0441\u0442\u043e\u0439 \u0432\u0435\u0441\u0442\u0438\u0431\u0443\u043b\u044f\u0440\u043d\u043e\u0433\u043e \u043e\u0442\u0434\u0435\u043b\u0430, \u0433\u043e\u043b\u043e\u0441\u043e\u0432\u044b\u0445 \u0438 \u0447\u0435\u0440\u043f\u0430\u043b\u043e-\u043d\u0430\u0434\u0433\u043e\u0440\u0442\u0430\u043d\u043d\u044b\u0445 \u0441\u043a\u043b\u0430\u0434\u043e\u043a; \u043d\u0430 \u0433\u043e\u043b\u043e\u0441\u043e\u0432\u044b\u0445 \u0441\u043a\u043b\u0430\u0434\u043a\u0430\u0445 \u0438\u043c\u0435\u0435\u0442\u0441\u044f \u0438\u043d\u044a\u0435\u043a\u0446\u0438\u044f \u0441\u043e\u0441\u0443\u0434\u043e\u0432.<\/p>\n<figure class=\"wp-block-video\" id=\"animacao-3d-laringite-catarral-aguda\"><video controls><source data-src=\"https:\/\/storage.googleapis.com\/dev_wiki_voka_io_303011\/articles\/en\/otorhinolaryngology\/acute-laryngitis\/acute-catarrhal-laryngitis.webm\" type=\"video\/webm\"><\/source><\/video><figcaption class=\"wp-element-caption\">Anima\u00e7\u00e3o 3D \u2013 Laringite catarral aguda<\/figcaption><\/figure>\n<p>A forma infiltrativa caracteriza-se pela tumefa\u00e7\u00e3o das pregas vocais, que n\u00e3o se fecham completamente durante a fona\u00e7\u00e3o. Pode haver dep\u00f3sitos de muco nas paredes laterais da laringe, entre as pregas vocais, especialmente na zona do espa\u00e7o interescapular. A presen\u00e7a de placas nas pregas vocais e noutras partes da laringe indica a natureza bacteriana da inflama\u00e7\u00e3o.   <\/p>\n<p>A estroboscopia em pacientes com laringite identifica a mobilidade prejudicada das pregas vocais verdadeiras. <\/p>\n<div class=\"social-banner-block\">\n<div class=\"social-banner-content\">\n<p class=\"h5-title text-black\">Encontra mais conte\u00fados cientificamente exactos nas nossas redes sociais<\/p>\n<p><span class=\"social-banner-text text-grey\">Subscreve e n\u00e3o percas os recursos mais recentes<\/span><\/p>\n<div class=\"social-links-wrapper\"><a class=\"social-icon-link\" href=\"https:\/\/www.facebook.com\/VOKA3DAnatomyAndPathology\/\" target=\"_blank\" rel=\"nofollow noopener\"><img decoding=\"async\" src=\"https:\/\/storage.googleapis.com\/dev_wiki_voka_io_303011\/common\/Social%20Icons\/facebook.svg\" alt=\"social link\"><\/a><a class=\"social-icon-link\" href=\"https:\/\/www.instagram.com\/voka.io\/\" target=\"_blank\" rel=\"nofollow noopener\"><img decoding=\"async\" src=\"https:\/\/storage.googleapis.com\/dev_wiki_voka_io_303011\/common\/Social%20Icons\/insta.svg\" alt=\"social link\"><\/a><a class=\"social-icon-link\" href=\"https:\/\/www.linkedin.com\/company\/voka-io\/posts\/?feedView=all\" target=\"_blank\" rel=\"nofollow noopener\"><img decoding=\"async\" src=\"https:\/\/storage.googleapis.com\/dev_wiki_voka_io_303011\/common\/Social%20Icons\/linkedin.svg\" alt=\"social link\"><\/a><a class=\"social-icon-link\" href=\"https:\/\/www.youtube.com\/@vokaio\" target=\"_blank\" rel=\"nofollow noopener\"><img decoding=\"async\" src=\"https:\/\/storage.googleapis.com\/dev_wiki_voka_io_303011\/common\/Social%20Icons\/youtube.svg\" alt=\"social link\"><\/a><a class=\"social-icon-link\" href=\"https:\/\/www.pinterest.com\/voka3danatomyandpathology\/\" target=\"_blank\" rel=\"nofollow noopener\"><img decoding=\"async\" src=\"https:\/\/storage.googleapis.com\/dev_wiki_voka_io_303011\/common\/Social%20Icons\/pinterest.svg\" alt=\"social link\"><\/a><a class=\"social-icon-link\" href=\"https:\/\/www.tiktok.com\/@voka.io\" target=\"_blank\" rel=\"nofollow noopener\"><img decoding=\"async\" src=\"https:\/\/storage.googleapis.com\/dev_wiki_voka_io_303011\/common\/Social%20Icons\/tiktok.svg\" alt=\"social link\"><\/a><a class=\"social-icon-link\" href=\"https:\/\/discord.gg\/7ejUpq8DRR\" target=\"_blank\" rel=\"nofollow noopener\"><img decoding=\"async\" src=\"https:\/\/storage.googleapis.com\/dev_wiki_voka_io_303011\/common\/Social%20Icons\/discord.svg\" alt=\"social link\"><\/a><\/div>\n<\/div>\n<p><img decoding=\"async\" class=\"social-banner-image\" loading=\"lazy\" src=\"https:\/\/storage.googleapis.com\/dev_wiki_voka_io_303011\/common\/social-media-banner-mobile-image.webp\" alt=\"Banner background\"><\/div>\n<h2 class=\"wp-block-heading\" id=\"tratamento-da-laringite-aguda\"><strong>Tratamento da laringite aguda<\/strong><\/h2>\n<p>\u0411\u043e\u043b\u044c\u0448\u0438\u043d\u0441\u0442\u0432\u0443 \u043f\u0430\u0446\u0438\u0435\u043d\u0442\u043e\u0432 \u0441 \u043e\u0441\u0442\u0440\u044b\u043c \u043d\u0435\u043e\u0441\u043b\u043e\u0436\u043d\u0435\u043d\u043d\u044b\u043c \u043b\u0430\u0440\u0438\u043d\u0433\u0438\u0442\u043e\u043c \u0434\u043e\u0441\u0442\u0430\u0442\u043e\u0447\u043d\u043e \u0441\u0438\u043c\u043f\u0442\u043e\u043c\u0430\u0442\u0438\u0447\u0435\u0441\u043a\u043e\u0433\u043e \u043b\u0435\u0447\u0435\u043d\u0438\u044f:<\/p>\n<ul class=\"wp-block-list\">\n<li>\u0433\u043e\u043b\u043e\u0441\u043e\u0432\u043e\u0439 \u043f\u043e\u043a\u043e\u0439 \u2014 \u0438\u0437\u0431\u0435\u0433\u0430\u0442\u044c \u0433\u043e\u043b\u043e\u0441\u043e\u0432\u043e\u0439 \u043d\u0430\u0433\u0440\u0443\u0437\u043a\u0438, \u0432\u043a\u043b\u044e\u0447\u0430\u044f \u0448\u0435\u043f\u043e\u0442\u043d\u0443\u044e \u0440\u0435\u0447\u044c;<\/li>\n<li>\u043e\u0433\u0440\u0430\u043d\u0438\u0447\u0435\u043d\u0438\u0435 \u043a\u0443\u0440\u0435\u043d\u0438\u044f;<\/li>\n<li>\u043e\u0431\u0438\u043b\u044c\u043d\u043e\u0435 \u0442\u0435\u043f\u043b\u043e\u0435 \u043f\u0438\u0442\u044c\u0435;<\/li>\n<li>\u0443\u0432\u043b\u0430\u0436\u043d\u0435\u043d\u0438\u0435 \u0432\u043e\u0437\u0434\u0443\u0445\u0430 \u0438 \u0449\u0435\u043b\u043e\u0447\u043d\u044b\u0435 \u0438\u043d\u0433\u0430\u043b\u044f\u0446\u0438\u0438 \u2014 \u0441\u043f\u043e\u0441\u043e\u0431\u0441\u0442\u0432\u0443\u044e\u0442 \u0443\u043b\u0443\u0447\u0448\u0435\u043d\u0438\u044e \u0441\u043e\u0441\u0442\u043e\u044f\u043d\u0438\u044f \u0441\u043b\u0438\u0437\u0438\u0441\u0442\u043e\u0439;<\/li>\n<li>\u0438\u043d\u0433\u0430\u043b\u044f\u0446\u0438\u0438 \u0441 \u043a\u043e\u0440\u0442\u0438\u043a\u043e\u0441\u0442\u0435\u0440\u043e\u0438\u0434\u0430\u043c\u0438 \u2014 \u043d\u0430\u0437\u043d\u0430\u0447\u0430\u044e\u0442\u0441\u044f \u043f\u0440\u0438 \u0432\u044b\u0440\u0430\u0436\u0435\u043d\u043d\u043e\u043c \u043e\u0442\u0435\u043a\u0435.<\/li>\n<\/ul>\n<p>Na presen\u00e7a de sinais de infe\u00e7\u00e3o ou suspeita de uma natureza bacteriana da doen\u00e7a, prescreve:<\/p>\n<ul class=\"wp-block-list\">\n<li><strong>\u043f<\/strong><strong>\u0440\u043e\u0442\u0438\u0432\u043e\u0432\u043e\u0441\u043f\u0430\u043b\u0438\u0442\u0435\u043b\u044c\u043d\u044b\u0435 \u043f\u0440\u0435\u043f\u0430\u0440\u0430\u0442\u044b<\/strong> \u2014 \u043f\u0440\u0438 \u0441\u0438\u043c\u043f\u0442\u043e\u043c\u0430\u0445 \u043e\u0431\u0449\u0435\u0439 \u0438\u043d\u0444\u0435\u043a\u0446\u0438\u0438;<\/li>\n<li><strong>\u043c<\/strong><strong>\u0435\u0441\u0442\u043d\u044b\u0435 \u0430\u043d\u0442\u0438\u0431\u0430\u043a\u0442\u0435\u0440\u0438\u0430\u043b\u044c\u043d\u044b\u0435 \u043f\u0440\u0435\u043f\u0430\u0440\u0430\u0442\u044b<\/strong> \u2014 \u0432 \u0432\u0438\u0434\u0435 \u0441\u043f\u0440\u0435\u0435\u0432 \u043f\u0440\u0438 \u043f\u043e\u0434\u043e\u0437\u0440\u0435\u043d\u0438\u0438 \u043d\u0430 \u0431\u0430\u043a\u0442\u0435\u0440\u0438\u0430\u043b\u044c\u043d\u044b\u0439 \u043b\u0430\u0440\u0438\u043d\u0433\u0438\u0442;<\/li>\n<li><strong>\u0441<\/strong><strong>\u0438\u0441\u0442\u0435\u043c\u043d\u0443\u044e \u0430\u043d\u0442\u0438\u0431\u0430\u043a\u0442\u0435\u0440\u0438\u0430\u043b\u044c\u043d\u0443\u044e \u0442\u0435\u0440\u0430\u043f\u0438\u044e<\/strong> \u2014 \u043f\u0440\u0438 \u043e\u0442\u0441\u0443\u0442\u0441\u0442\u0432\u0438\u0438 \u044d\u0444\u0444\u0435\u043a\u0442\u0430 \u043e\u0442 \u043c\u0435\u0441\u0442\u043d\u043e\u0433\u043e \u043b\u0435\u0447\u0435\u043d\u0438\u044f.<\/li>\n<\/ul>\n<div>\n<h2 class=\"faq-title h2-article\" id=\"faq\">FAQ<\/h2>\n<div class=\"faq-section\">\n<div class=\"faq-item faq-answer-hidden\">\n<div class=\"question-block\">\n<div class=\"faq-question\">\n<p class=\" text-black h5-title\">1. Quais s\u00e3o os sintomas da laringite aguda?<\/p>\n<\/div>\n<div class=\"faq-answer text-main-text-color main-text-medium\">A laringite aguda manifesta-se por rouquid\u00e3o s\u00fabita da voz, paroxismos de tosse, dor de garganta, c\u00f3cegas e, em alguns casos, perda total da voz (afonia). <\/div>\n<\/div>\n<div class=\"expand-button-wrapper\"><button class=\"text-accent expand-button\">+<\/button><\/div>\n<\/div>\n<div class=\"faq-item faq-answer-hidden\">\n<div class=\"question-block\">\n<div class=\"faq-question\">\n<p class=\" text-black h5-title\">2. Quais s\u00e3o os sintomas da laringite aguda nas crian\u00e7as e como a podes tratar?<\/p>\n<\/div>\n<div class=\"faq-answer text-main-text-color main-text-medium\">Nas crian\u00e7as, a laringite aguda apresenta sintomas como rouquid\u00e3o, tosse seca e dificuldade em respirar, que podem ser devidos ao incha\u00e7o das cordas vocais. O tratamento inclui geralmente humidifica\u00e7\u00e3o do ar, repouso vocal e muita bebida quente. Em alguns casos, s\u00e3o prescritos medicamentos inalat\u00f3rios e anti-inflamat\u00f3rios.  <\/div>\n<\/div>\n<div class=\"expand-button-wrapper\"><button class=\"text-accent expand-button\">+<\/button><\/div>\n<\/div>\n<div class=\"faq-item faq-answer-hidden\">\n<div class=\"question-block\">\n<div class=\"faq-question\">\n<p class=\" text-black h5-title\">3. Quais s\u00e3o as principais causas de laringite aguda?<\/p>\n<\/div>\n<div class=\"faq-answer text-main-text-color main-text-medium\">\u041e\u0441\u0442\u0440\u044b\u0439 \u043b\u0430\u0440\u0438\u043d\u0433\u0438\u0442 \u043c\u043e\u0436\u0435\u0442 \u0432\u043e\u0437\u043d\u0438\u043a\u0430\u0442\u044c \u043f\u043e \u0438\u043d\u0444\u0435\u043a\u0446\u0438\u043e\u043d\u043d\u044b\u043c (\u0432\u0438\u0440\u0443\u0441\u043d\u044b\u043c \u0438 \u0431\u0430\u043a\u0442\u0435\u0440\u0438\u0430\u043b\u044c\u043d\u044b\u043c) \u0438 \u043d\u0435\u0438\u043d\u0444\u0435\u043a\u0446\u0438\u043e\u043d\u043d\u044b\u043c \u043f\u0440\u0438\u0447\u0438\u043d\u0430\u043c. \u0412\u0438\u0440\u0443\u0441\u044b, \u0442\u0430\u043a\u0438\u0435 \u043a\u0430\u043a \u0433\u0440\u0438\u043f\u043f, \u043f\u0430\u0440\u0430\u0433\u0440\u0438\u043f\u043f, \u0420\u0421-\u0432\u0438\u0440\u0443\u0441 \u0438 \u0434\u0440\u0443\u0433\u0438\u0435, \u044f\u0432\u043b\u044f\u044e\u0442\u0441\u044f \u043e\u0441\u043d\u043e\u0432\u043d\u044b\u043c\u0438 \u0432\u043e\u0437\u0431\u0443\u0434\u0438\u0442\u0435\u043b\u044f\u043c\u0438. \u0422\u0430\u043a\u0436\u0435 \u043c\u043e\u0433\u0443\u0442 \u0432\u043b\u0438\u044f\u0442\u044c \u0432\u043e\u0437\u0434\u0435\u0439\u0441\u0442\u0432\u0438\u0435 \u0430\u043b\u043b\u0435\u0440\u0433\u0435\u043d\u043e\u0432, \u0447\u0440\u0435\u0437\u043c\u0435\u0440\u043d\u0430\u044f \u0433\u043e\u043b\u043e\u0441\u043e\u0432\u0430\u044f \u043d\u0430\u0433\u0440\u0443\u0437\u043a\u0430, \u0437\u0430\u0433\u0440\u044f\u0437\u043d\u0435\u043d\u0438\u0435 \u0432\u043e\u0437\u0434\u0443\u0445\u0430 \u0438 \u0440\u0430\u0437\u0434\u0440\u0430\u0436\u0430\u044e\u0449\u0438\u0435 \u0445\u0438\u043c\u0438\u0447\u0435\u0441\u043a\u0438\u0435 \u0432\u0435\u0449\u0435\u0441\u0442\u0432\u0430.<\/div>\n<\/div>\n<div class=\"expand-button-wrapper\"><button class=\"text-accent expand-button\">+<\/button><\/div>\n<\/div>\n<div class=\"faq-item faq-answer-hidden\">\n<div class=\"question-block\">\n<div class=\"faq-question\">\n<p class=\" text-black h5-title\">4. Quais s\u00e3o as diretrizes cl\u00ednicas para a laringite aguda?<\/p>\n<\/div>\n<div class=\"faq-answer text-main-text-color main-text-medium\">\u0420\u0435\u043a\u043e\u043c\u0435\u043d\u0434\u0443\u0435\u0442\u0441\u044f \u0441\u0438\u043c\u043f\u0442\u043e\u043c\u0430\u0442\u0438\u0447\u0435\u0441\u043a\u043e\u0435 \u043b\u0435\u0447\u0435\u043d\u0438\u0435 \u0441 \u0443\u0432\u043b\u0430\u0436\u043d\u0435\u043d\u0438\u0435\u043c \u0432\u043e\u0437\u0434\u0443\u0445\u0430, \u0449\u0435\u043b\u043e\u0447\u043d\u044b\u043c\u0438 \u0438\u043d\u0433\u0430\u043b\u044f\u0446\u0438\u044f\u043c\u0438 \u0438 \u043e\u0431\u0438\u043b\u044c\u043d\u044b\u043c \u043f\u0438\u0442\u044c\u0435\u043c. \u041f\u0440\u0438 \u0431\u0430\u043a\u0442\u0435\u0440\u0438\u0430\u043b\u044c\u043d\u043e\u0439 \u0438\u043d\u0444\u0435\u043a\u0446\u0438\u0438 \u043c\u043e\u0433\u0443\u0442 \u0431\u044b\u0442\u044c \u043d\u0430\u0437\u043d\u0430\u0447\u0435\u043d\u044b \u0430\u043d\u0442\u0438\u0431\u0430\u043a\u0442\u0435\u0440\u0438\u0430\u043b\u044c\u043d\u044b\u0435 \u043f\u0440\u0435\u043f\u0430\u0440\u0430\u0442\u044b. \u0412 \u0441\u043b\u0443\u0447\u0430\u0435 \u0432\u044b\u0440\u0430\u0436\u0435\u043d\u043d\u043e\u0433\u043e \u043e\u0442\u0435\u043a\u0430 \u2014 \u0438\u043d\u0433\u0430\u043b\u044f\u0446\u0438\u0438 \u0441 \u043a\u043e\u0440\u0442\u0438\u043a\u043e\u0441\u0442\u0435\u0440\u043e\u0438\u0434\u0430\u043c\u0438. \u0412\u0430\u0436\u043d\u043e \u0441\u043e\u0431\u043b\u044e\u0434\u0430\u0442\u044c \u0433\u043e\u043b\u043e\u0441\u043e\u0432\u043e\u0439 \u043f\u043e\u043a\u043e\u0439, \u0438\u0437\u0431\u0435\u0433\u0430\u0442\u044c \u0448\u0435\u043f\u043e\u0442\u043d\u043e\u0439 \u0440\u0435\u0447\u0438, \u043e\u0442\u043a\u0430\u0437\u0430\u0442\u044c\u0441\u044f \u043e\u0442 \u043a\u0443\u0440\u0435\u043d\u0438\u044f. <\/div>\n<\/div>\n<div class=\"expand-button-wrapper\"><button class=\"text-accent expand-button\">+<\/button><\/div>\n<\/div>\n<div class=\"faq-item faq-answer-hidden\">\n<div class=\"question-block\">\n<div class=\"faq-question\">\n<p class=\" text-black h5-title\">5. Quanto tempo dura a laringite aguda?<\/p>\n<\/div>\n<div class=\"faq-answer text-main-text-color main-text-medium\">A laringite aguda dura normalmente 1 a 3 dias, mas os sintomas podem persistir at\u00e9 7 dias, especialmente se a doen\u00e7a for infecciosa ou se existirem complica\u00e7\u00f5es.<\/div>\n<\/div>\n<div class=\"expand-button-wrapper\"><button class=\"text-accent expand-button\">+<\/button><\/div>\n<\/div>\n<\/div>\n<\/div>\n<div class=\"sources-list-block sources-list-hidden\" id=\"lista-de-fontes\">\n<div class=\"sources-list-content\">\n<div class=\"sources-list-title\">\n<p class=\"small-text-bold text-black sources-list-title-text\">Lista de fontes<\/p>\n<div class=\"sources-expand-button-wrapper-mobile\">\n<div class=\"sources-expand-button\"><svg width=\"32\" height=\"32\" viewbox=\"0 0 32 32\" fill=\"none\" xmlns=\"http:\/\/www.w3.org\/2000\/svg\"><path d=\"M8 12L16 20L24 12\" stroke=\"#8C9AAB\" stroke-width=\"2\" stroke-linecap=\"round\" stroke-linejoin=\"round\"><\/path><\/svg><\/div>\n<\/div>\n<\/div>\n<div class=\"sources-list-items\">\n<div class=\"source-item\">\n<p class=\"main-text-semibold text-black\">1.<\/p>\n<div class=\"source-item-content\">\n<p class=\"main-text-semibold text-black\"><cite>VOKA 3D Anatomy & Pathology \u2013 Complete Anatomy and Pathology 3D Atlas [Internet]. VOKA 3D Anatomy & Pathology. <\/cite><\/p>\n<p><span class=\"small-text-medium text-grey\">Available from: https:\/\/catalog.voka.io\/<\/span><\/div>\n<\/div>\n<div class=\"source-item\">\n<p class=\"main-text-semibold text-black\">2.<\/p>\n<div class=\"source-item-content\">\n<p class=\"main-text-semibold text-black\"><cite>Sclafani AP, Dyleski RA, Pitman MJ, Schantz SP. Total otolaryngology\u2014head and neck surgery. New York: Thieme Medical Publishers; 2015. ISBN: 978-1-60406-646-3. <\/cite><\/p>\n<\/div>\n<\/div>\n<div class=\"source-item\">\n<p class=\"main-text-semibold text-black\">3.<\/p>\n<div class=\"source-item-content\">\n<p class=\"main-text-semibold text-black\"><cite>Behrbohm H, Kaschke O, Nawka T, Swift A. Ear, Nose, and Throat Diseases. 2nd ed. Moscow: MEDpress-inform; 2016. 776 p. Russian. ISBN 978-5-00030-322-1. <\/cite><\/p>\n<\/div>\n<\/div>\n<div class=\"source-item\">\n<p class=\"main-text-semibold text-black\">4.<\/p>\n<div class=\"source-item-content\">\n<p class=\"main-text-semibold text-black\"><cite>Gupta G, Mahajan K. Acute Laryngitis. [Updated 2022 Sep 12]. In: StatPearls [Internet]. Treasure Island (FL): StatPearls Publishing; 2025 Jan-. <\/cite><\/p>\n<p><span class=\"small-text-medium text-grey\">Available from: https:\/\/www.ncbi.nlm.nih.gov\/books\/NBK534871\/<\/span><\/div>\n<\/div>\n<div class=\"source-item\">\n<p class=\"main-text-semibold text-black\">5.<\/p>\n<div class=\"source-item-content\">\n<p class=\"main-text-semibold text-black\"><cite>Jaworek AJ, Earasi K, Lyons KM, Daggumati S, Hu A, Sataloff RT. Acute infectious laryngitis: A case series. Ear Nose Throat J. 2018 Sep;97(9):306-313. doi: 10.1177\/014556131809700920. PMID: 30273430.<\/cite><\/p>\n<\/div>\n<\/div>\n<\/div>\n<\/div>\n<div class=\"sources-expand-button-wrapper\">\n<div class=\"sources-expand-button\"><svg width=\"32\" height=\"32\" viewbox=\"0 0 32 32\" fill=\"none\" xmlns=\"http:\/\/www.w3.org\/2000\/svg\"><path d=\"M8 12L16 20L24 12\" stroke=\"#8C9AAB\" stroke-width=\"2\" stroke-linecap=\"round\" stroke-linejoin=\"round\"><\/path><\/svg><\/div>\n<\/div>\n<\/div>\n","protected":false},"excerpt":{"rendered":"<p>\u041e\u0441\u0442\u0440\u044b\u0439 \u043b\u0430\u0440\u0438\u043d\u0433\u0438\u0442 \u2014 \u0432\u043e\u0441\u043f\u0430\u043b\u0435\u043d\u0438\u0435 \u0433\u043e\u0440\u0442\u0430\u043d\u0438, \u0441\u043e\u0445\u0440\u0430\u043d\u044f\u044e\u0449\u0435\u0435\u0441\u044f \u0434\u043e 7 \u0434\u043d\u0435\u0439. \u0425\u0430\u0440\u0430\u043a\u0442\u0435\u0440\u0438\u0437\u0443\u0435\u0442\u0441\u044f \u0440\u0430\u0437\u0432\u0438\u0442\u0438\u0435\u043c \u0441\u043e\u0441\u0443\u0434\u0438\u0441\u0442\u043e\u0439 \u0433\u0438\u043f\u0435\u0440\u0435\u043c\u0438\u0438, \u043e\u0442\u0435\u043a\u0430 \u0438 \u043a\u043b\u0435\u0442\u043e\u0447\u043d\u043e\u0439 \u0438\u043d\u0444\u0438\u043b\u044c\u0442\u0440\u0430\u0446\u0438\u0438 \u0441\u043b\u0438\u0437\u0438\u0441\u0442\u043e\u0439, \u043f\u0440\u0435\u0438\u043c\u0443\u0449\u0435\u0441\u0442\u0432\u0435\u043d\u043d\u043e \u0432 \u043e\u0431\u043b\u0430\u0441\u0442\u0438 \u0433\u043e\u043b\u043e\u0441\u043e\u0432\u044b\u0445 \u0441\u043a\u043b\u0430\u0434\u043e\u043a. \u0423\u043a\u0430\u0437\u0430\u043d\u043d\u044b\u0435 \u0438\u0437\u043c\u0435\u043d\u0435\u043d\u0438\u044f \u043d\u0430\u0440\u0443\u0448\u0430\u044e\u0442 \u0444\u0443\u043d\u043a\u0446\u0438\u044e \u0433\u043e\u043b\u043e\u0441\u043e\u0432\u043e\u0433\u043e \u0430\u043f\u043f\u0430\u0440\u0430\u0442\u0430, \u0432\u044b\u0437\u044b\u0432\u0430\u044f \u043e\u0445\u0440\u0438\u043f\u043b\u043e\u0441\u0442\u044c, \u0441\u0443\u0445\u043e\u0439 \u043a\u0430\u0448\u0435\u043b\u044c \u0438 \u043e\u0449\u0443\u0449\u0435\u043d\u0438\u0435 \u043f\u0435\u0440\u0448\u0435\u043d\u0438\u044f. Distinguem-se as seguintes formas de laringite aguda: A etiologia As causas da laringite aguda s\u00e3o infecciosas e n\u00e3o infecciosas. [&hellip;]<\/p>\n","protected":false},"author":4,"featured_media":0,"template":"","diseases_category":[301],"class_list":["post-943","diseases_post","type-diseases_post","status-publish","hentry","diseases_category-otorrinolaringologicas"],"acf":[],"yoast_head":"<!-- This site is optimized with the Yoast SEO Premium plugin v25.0 (Yoast SEO v26.5) - https:\/\/yoast.com\/wordpress\/plugins\/seo\/ -->\n<title>Laringite aguda: Sintomas, causas, diagn\u00f3stico e tratamento<\/title>\n<meta name=\"description\" content=\"A laringite aguda \u00e9 uma inflama\u00e7\u00e3o aguda da membrana mucosa da laringe, principalmente na zona das pregas vocais. Etiologia, classifica\u00e7\u00e3o, diagn\u00f3stico e tratamento da doen\u00e7a.\" \/>\n<meta name=\"robots\" content=\"noindex, follow, max-snippet:-1, max-image-preview:large, max-video-preview:-1\" \/>\n<meta property=\"og:locale\" content=\"pt_PT\" \/>\n<meta property=\"og:type\" content=\"article\" \/>\n<meta property=\"og:title\" content=\"Laringite aguda: Etiologia, manifesta\u00e7\u00f5es cl\u00ednicas, diagn\u00f3stico e tratamento\" \/>\n<meta property=\"og:description\" content=\"A laringite aguda \u00e9 uma inflama\u00e7\u00e3o aguda da membrana mucosa da laringe, principalmente na zona das pregas vocais. Etiologia, classifica\u00e7\u00e3o, diagn\u00f3stico e tratamento da doen\u00e7a.\" \/>\n<meta property=\"og:url\" content=\"https:\/\/wiki.dev.voka.io\/pt\/doencas\/otorrinolaringologicas\/laringite-aguda\/\" \/>\n<meta property=\"og:site_name\" content=\"Voka Wiki\" \/>\n<meta property=\"article:publisher\" content=\"https:\/\/www.facebook.com\/VOKA3DAnatomyAndPathology\/\" \/>\n<meta property=\"article:modified_time\" content=\"2026-04-27T14:32:35+00:00\" \/>\n<meta property=\"og:image\" content=\"https:\/\/storage.googleapis.com\/dev_wiki_voka_io_303011\/articles\/en\/otorhinolaryngology\/acute-laryngitis\/acute-catarrhal-laryngitis.webp\" \/>\n<meta name=\"twitter:card\" content=\"summary_large_image\" \/>\n<meta name=\"twitter:label1\" content=\"Tempo estimado de leitura\" \/>\n\t<meta name=\"twitter:data1\" content=\"2 minutos\" \/>\n<script type=\"application\/ld+json\" class=\"yoast-schema-graph\">{\"@context\":\"https:\/\/schema.org\",\"@graph\":[{\"@type\":\"Article\",\"@id\":\"https:\/\/wiki.dev.voka.io\/pt\/doencas\/otorrinolaringologicas\/laringite-aguda\/#article\",\"isPartOf\":{\"@id\":\"https:\/\/wiki.dev.voka.io\/pt\/doencas\/otorrinolaringologicas\/laringite-aguda\/\"},\"author\":{\"name\":\"Danata A.\",\"@id\":\"https:\/\/wiki.dev.voka.io\/pt\/#\/schema\/person\/75a01428a2e97375c0facaaeba432542\"},\"headline\":\"Laringite aguda: Etiologia, manifesta\u00e7\u00f5es cl\u00ednicas, diagn\u00f3stico e tratamento\",\"datePublished\":\"2025-07-23T06:45:24+00:00\",\"dateModified\":\"2026-04-27T14:32:35+00:00\",\"mainEntityOfPage\":{\"@id\":\"https:\/\/wiki.dev.voka.io\/pt\/doencas\/otorrinolaringologicas\/laringite-aguda\/\"},\"wordCount\":693,\"publisher\":{\"@id\":\"https:\/\/wiki.dev.voka.io\/pt\/#organization\"},\"image\":{\"@id\":\"https:\/\/wiki.dev.voka.io\/pt\/doencas\/otorrinolaringologicas\/laringite-aguda\/#primaryimage\"},\"thumbnailUrl\":\"https:\/\/storage.googleapis.com\/dev_wiki_voka_io_303011\/articles\/en\/otorhinolaryngology\/acute-laryngitis\/acute-catarrhal-laryngitis.webp\",\"inLanguage\":\"pt-PT\"},{\"@type\":\"WebPage\",\"@id\":\"https:\/\/wiki.dev.voka.io\/pt\/doencas\/otorrinolaringologicas\/laringite-aguda\/\",\"url\":\"https:\/\/wiki.dev.voka.io\/pt\/doencas\/otorrinolaringologicas\/laringite-aguda\/\",\"name\":\"Laringite aguda: Sintomas, causas, diagn\u00f3stico e tratamento\",\"isPartOf\":{\"@id\":\"https:\/\/wiki.dev.voka.io\/pt\/#website\"},\"primaryImageOfPage\":{\"@id\":\"https:\/\/wiki.dev.voka.io\/pt\/doencas\/otorrinolaringologicas\/laringite-aguda\/#primaryimage\"},\"image\":{\"@id\":\"https:\/\/wiki.dev.voka.io\/pt\/doencas\/otorrinolaringologicas\/laringite-aguda\/#primaryimage\"},\"thumbnailUrl\":\"https:\/\/storage.googleapis.com\/dev_wiki_voka_io_303011\/articles\/en\/otorhinolaryngology\/acute-laryngitis\/acute-catarrhal-laryngitis.webp\",\"datePublished\":\"2025-07-23T06:45:24+00:00\",\"dateModified\":\"2026-04-27T14:32:35+00:00\",\"description\":\"A laringite aguda \u00e9 uma inflama\u00e7\u00e3o aguda da membrana mucosa da laringe, principalmente na zona das pregas vocais. Etiologia, classifica\u00e7\u00e3o, diagn\u00f3stico e tratamento da doen\u00e7a.\",\"breadcrumb\":{\"@id\":\"https:\/\/wiki.dev.voka.io\/pt\/doencas\/otorrinolaringologicas\/laringite-aguda\/#breadcrumb\"},\"inLanguage\":\"pt-PT\",\"potentialAction\":[{\"@type\":\"ReadAction\",\"target\":[\"https:\/\/wiki.dev.voka.io\/pt\/doencas\/otorrinolaringologicas\/laringite-aguda\/\"]}]},{\"@type\":\"ImageObject\",\"inLanguage\":\"pt-PT\",\"@id\":\"https:\/\/wiki.dev.voka.io\/pt\/doencas\/otorrinolaringologicas\/laringite-aguda\/#primaryimage\",\"url\":\"https:\/\/storage.googleapis.com\/dev_wiki_voka_io_303011\/articles\/en\/otorhinolaryngology\/acute-laryngitis\/acute-catarrhal-laryngitis.webp\",\"contentUrl\":\"https:\/\/storage.googleapis.com\/dev_wiki_voka_io_303011\/articles\/en\/otorhinolaryngology\/acute-laryngitis\/acute-catarrhal-laryngitis.webp\"},{\"@type\":\"BreadcrumbList\",\"@id\":\"https:\/\/wiki.dev.voka.io\/pt\/doencas\/otorrinolaringologicas\/laringite-aguda\/#breadcrumb\",\"itemListElement\":[{\"@type\":\"ListItem\",\"position\":1,\"name\":\"Home\",\"item\":\"https:\/\/wiki.dev.voka.io\/pt\/\"},{\"@type\":\"ListItem\",\"position\":2,\"name\":\"Otorrinolaringologia\",\"item\":\"https:\/\/wiki.dev.voka.io\/pt\/doencas\/otorrinolaringologicas\/\"},{\"@type\":\"ListItem\",\"position\":3,\"name\":\"Laringite aguda: Etiologia, manifesta\u00e7\u00f5es cl\u00ednicas, diagn\u00f3stico e tratamento\"}]},{\"@type\":\"WebSite\",\"@id\":\"https:\/\/wiki.dev.voka.io\/pt\/#website\",\"url\":\"https:\/\/wiki.dev.voka.io\/pt\/\",\"name\":\"Voka Wiki\",\"description\":\"\",\"publisher\":{\"@id\":\"https:\/\/wiki.dev.voka.io\/pt\/#organization\"},\"alternateName\":\"Anatomy & Pathology Wiki by VOKA\",\"potentialAction\":[{\"@type\":\"SearchAction\",\"target\":{\"@type\":\"EntryPoint\",\"urlTemplate\":\"https:\/\/wiki.dev.voka.io\/pt\/?s={search_term_string}\"},\"query-input\":{\"@type\":\"PropertyValueSpecification\",\"valueRequired\":true,\"valueName\":\"search_term_string\"}}],\"inLanguage\":\"pt-PT\"},{\"@type\":\"Organization\",\"@id\":\"https:\/\/wiki.dev.voka.io\/pt\/#organization\",\"name\":\"Voka 3D Anatomy & Pathology\",\"alternateName\":\"VOKA\",\"url\":\"https:\/\/wiki.dev.voka.io\/pt\/\",\"logo\":{\"@type\":\"ImageObject\",\"inLanguage\":\"pt-PT\",\"@id\":\"https:\/\/wiki.dev.voka.io\/pt\/#\/schema\/logo\/image\/\",\"url\":\"https:\/\/wiki.dev.voka.io\/wp-content\/uploads\/2025\/02\/cropped-voka-logo-1.png\",\"contentUrl\":\"https:\/\/wiki.dev.voka.io\/wp-content\/uploads\/2025\/02\/cropped-voka-logo-1.png\",\"width\":70,\"height\":16,\"caption\":\"Voka 3D Anatomy & Pathology\"},\"image\":{\"@id\":\"https:\/\/wiki.dev.voka.io\/pt\/#\/schema\/logo\/image\/\"},\"sameAs\":[\"https:\/\/www.facebook.com\/VOKA3DAnatomyAndPathology\/\",\"https:\/\/www.instagram.com\/voka.io\/\",\"https:\/\/www.linkedin.com\/company\/voka-io\/\",\"https:\/\/www.youtube.com\/channel\/UCqGGuOEpr62ScH8Pjk2q5zw\/videos\",\"https:\/\/www.pinterest.com\/VokaAnatomyPro\/\",\"https:\/\/www.threads.com\/@voka.io\"],\"description\":\"VOKA.io offers 3D medical animations and custom 3D modeling services. Our product, VOKA 3D Anatomy & Pathology, is a digital atlas with over 1,000 detailed 3D models of human anatomy and pathology, designed for medical education, training, and patient communication.\",\"email\":\"info@voka.io\",\"telephone\":\"+1 814 351 4442\",\"legalName\":\"Voka 3D Anatomy & Pathology\",\"foundingDate\":\"2017-02-12\",\"naics\":\"541512\",\"numberOfEmployees\":{\"@type\":\"QuantitativeValue\",\"minValue\":\"51\",\"maxValue\":\"200\"},\"publishingPrinciples\":\"https:\/\/wiki.voka.io\/pt\/principios-de-publicacao\/\"},{\"@type\":\"Person\",\"@id\":\"https:\/\/wiki.dev.voka.io\/pt\/#\/schema\/person\/75a01428a2e97375c0facaaeba432542\",\"name\":\"Danata A.\",\"image\":{\"@type\":\"ImageObject\",\"inLanguage\":\"pt-PT\",\"@id\":\"https:\/\/wiki.dev.voka.io\/pt\/#\/schema\/person\/image\/\",\"url\":\"https:\/\/secure.gravatar.com\/avatar\/17b61e87bc892ef9555b6080655463c63eb46025ed870850eaa2472678817ed6?s=96&d=mm&r=g\",\"contentUrl\":\"https:\/\/secure.gravatar.com\/avatar\/17b61e87bc892ef9555b6080655463c63eb46025ed870850eaa2472678817ed6?s=96&d=mm&r=g\",\"caption\":\"Danata A.\"}}]}<\/script>\n<!-- \/ Yoast SEO Premium plugin. -->","yoast_head_json":{"title":"Laringite aguda: Sintomas, causas, diagn\u00f3stico e tratamento","description":"A laringite aguda \u00e9 uma inflama\u00e7\u00e3o aguda da membrana mucosa da laringe, principalmente na zona das pregas vocais. Etiologia, classifica\u00e7\u00e3o, diagn\u00f3stico e tratamento da doen\u00e7a.","robots":{"index":"noindex","follow":"follow","max-snippet":"max-snippet:-1","max-image-preview":"max-image-preview:large","max-video-preview":"max-video-preview:-1"},"og_locale":"pt_PT","og_type":"article","og_title":"Laringite aguda: Etiologia, manifesta\u00e7\u00f5es cl\u00ednicas, diagn\u00f3stico e tratamento","og_description":"A laringite aguda \u00e9 uma inflama\u00e7\u00e3o aguda da membrana mucosa da laringe, principalmente na zona das pregas vocais. Etiologia, classifica\u00e7\u00e3o, diagn\u00f3stico e tratamento da doen\u00e7a.","og_url":"https:\/\/wiki.dev.voka.io\/pt\/doencas\/otorrinolaringologicas\/laringite-aguda\/","og_site_name":"Voka Wiki","article_publisher":"https:\/\/www.facebook.com\/VOKA3DAnatomyAndPathology\/","article_modified_time":"2026-04-27T14:32:35+00:00","og_image":[{"url":"https:\/\/storage.googleapis.com\/dev_wiki_voka_io_303011\/articles\/en\/otorhinolaryngology\/acute-laryngitis\/acute-catarrhal-laryngitis.webp","type":"","width":"","height":""}],"twitter_card":"summary_large_image","twitter_misc":{"Tempo estimado de leitura":"2 minutos"},"schema":{"@context":"https:\/\/schema.org","@graph":[{"@type":"Article","@id":"https:\/\/wiki.dev.voka.io\/pt\/doencas\/otorrinolaringologicas\/laringite-aguda\/#article","isPartOf":{"@id":"https:\/\/wiki.dev.voka.io\/pt\/doencas\/otorrinolaringologicas\/laringite-aguda\/"},"author":{"name":"Danata A.","@id":"https:\/\/wiki.dev.voka.io\/pt\/#\/schema\/person\/75a01428a2e97375c0facaaeba432542"},"headline":"Laringite aguda: Etiologia, manifesta\u00e7\u00f5es cl\u00ednicas, diagn\u00f3stico e tratamento","datePublished":"2025-07-23T06:45:24+00:00","dateModified":"2026-04-27T14:32:35+00:00","mainEntityOfPage":{"@id":"https:\/\/wiki.dev.voka.io\/pt\/doencas\/otorrinolaringologicas\/laringite-aguda\/"},"wordCount":693,"publisher":{"@id":"https:\/\/wiki.dev.voka.io\/pt\/#organization"},"image":{"@id":"https:\/\/wiki.dev.voka.io\/pt\/doencas\/otorrinolaringologicas\/laringite-aguda\/#primaryimage"},"thumbnailUrl":"https:\/\/storage.googleapis.com\/dev_wiki_voka_io_303011\/articles\/en\/otorhinolaryngology\/acute-laryngitis\/acute-catarrhal-laryngitis.webp","inLanguage":"pt-PT"},{"@type":"WebPage","@id":"https:\/\/wiki.dev.voka.io\/pt\/doencas\/otorrinolaringologicas\/laringite-aguda\/","url":"https:\/\/wiki.dev.voka.io\/pt\/doencas\/otorrinolaringologicas\/laringite-aguda\/","name":"Laringite aguda: Sintomas, causas, diagn\u00f3stico e tratamento","isPartOf":{"@id":"https:\/\/wiki.dev.voka.io\/pt\/#website"},"primaryImageOfPage":{"@id":"https:\/\/wiki.dev.voka.io\/pt\/doencas\/otorrinolaringologicas\/laringite-aguda\/#primaryimage"},"image":{"@id":"https:\/\/wiki.dev.voka.io\/pt\/doencas\/otorrinolaringologicas\/laringite-aguda\/#primaryimage"},"thumbnailUrl":"https:\/\/storage.googleapis.com\/dev_wiki_voka_io_303011\/articles\/en\/otorhinolaryngology\/acute-laryngitis\/acute-catarrhal-laryngitis.webp","datePublished":"2025-07-23T06:45:24+00:00","dateModified":"2026-04-27T14:32:35+00:00","description":"A laringite aguda \u00e9 uma inflama\u00e7\u00e3o aguda da membrana mucosa da laringe, principalmente na zona das pregas vocais. Etiologia, classifica\u00e7\u00e3o, diagn\u00f3stico e tratamento da doen\u00e7a.","breadcrumb":{"@id":"https:\/\/wiki.dev.voka.io\/pt\/doencas\/otorrinolaringologicas\/laringite-aguda\/#breadcrumb"},"inLanguage":"pt-PT","potentialAction":[{"@type":"ReadAction","target":["https:\/\/wiki.dev.voka.io\/pt\/doencas\/otorrinolaringologicas\/laringite-aguda\/"]}]},{"@type":"ImageObject","inLanguage":"pt-PT","@id":"https:\/\/wiki.dev.voka.io\/pt\/doencas\/otorrinolaringologicas\/laringite-aguda\/#primaryimage","url":"https:\/\/storage.googleapis.com\/dev_wiki_voka_io_303011\/articles\/en\/otorhinolaryngology\/acute-laryngitis\/acute-catarrhal-laryngitis.webp","contentUrl":"https:\/\/storage.googleapis.com\/dev_wiki_voka_io_303011\/articles\/en\/otorhinolaryngology\/acute-laryngitis\/acute-catarrhal-laryngitis.webp"},{"@type":"BreadcrumbList","@id":"https:\/\/wiki.dev.voka.io\/pt\/doencas\/otorrinolaringologicas\/laringite-aguda\/#breadcrumb","itemListElement":[{"@type":"ListItem","position":1,"name":"Home","item":"https:\/\/wiki.dev.voka.io\/pt\/"},{"@type":"ListItem","position":2,"name":"Otorrinolaringologia","item":"https:\/\/wiki.dev.voka.io\/pt\/doencas\/otorrinolaringologicas\/"},{"@type":"ListItem","position":3,"name":"Laringite aguda: Etiologia, manifesta\u00e7\u00f5es cl\u00ednicas, diagn\u00f3stico e tratamento"}]},{"@type":"WebSite","@id":"https:\/\/wiki.dev.voka.io\/pt\/#website","url":"https:\/\/wiki.dev.voka.io\/pt\/","name":"Voka Wiki","description":"","publisher":{"@id":"https:\/\/wiki.dev.voka.io\/pt\/#organization"},"alternateName":"Anatomy & Pathology Wiki by VOKA","potentialAction":[{"@type":"SearchAction","target":{"@type":"EntryPoint","urlTemplate":"https:\/\/wiki.dev.voka.io\/pt\/?s={search_term_string}"},"query-input":{"@type":"PropertyValueSpecification","valueRequired":true,"valueName":"search_term_string"}}],"inLanguage":"pt-PT"},{"@type":"Organization","@id":"https:\/\/wiki.dev.voka.io\/pt\/#organization","name":"Voka 3D Anatomy & Pathology","alternateName":"VOKA","url":"https:\/\/wiki.dev.voka.io\/pt\/","logo":{"@type":"ImageObject","inLanguage":"pt-PT","@id":"https:\/\/wiki.dev.voka.io\/pt\/#\/schema\/logo\/image\/","url":"https:\/\/wiki.dev.voka.io\/wp-content\/uploads\/2025\/02\/cropped-voka-logo-1.png","contentUrl":"https:\/\/wiki.dev.voka.io\/wp-content\/uploads\/2025\/02\/cropped-voka-logo-1.png","width":70,"height":16,"caption":"Voka 3D Anatomy & Pathology"},"image":{"@id":"https:\/\/wiki.dev.voka.io\/pt\/#\/schema\/logo\/image\/"},"sameAs":["https:\/\/www.facebook.com\/VOKA3DAnatomyAndPathology\/","https:\/\/www.instagram.com\/voka.io\/","https:\/\/www.linkedin.com\/company\/voka-io\/","https:\/\/www.youtube.com\/channel\/UCqGGuOEpr62ScH8Pjk2q5zw\/videos","https:\/\/www.pinterest.com\/VokaAnatomyPro\/","https:\/\/www.threads.com\/@voka.io"],"description":"VOKA.io offers 3D medical animations and custom 3D modeling services. Our product, VOKA 3D Anatomy & Pathology, is a digital atlas with over 1,000 detailed 3D models of human anatomy and pathology, designed for medical education, training, and patient communication.","email":"info@voka.io","telephone":"+1 814 351 4442","legalName":"Voka 3D Anatomy & Pathology","foundingDate":"2017-02-12","naics":"541512","numberOfEmployees":{"@type":"QuantitativeValue","minValue":"51","maxValue":"200"},"publishingPrinciples":"https:\/\/wiki.voka.io\/pt\/principios-de-publicacao\/"},{"@type":"Person","@id":"https:\/\/wiki.dev.voka.io\/pt\/#\/schema\/person\/75a01428a2e97375c0facaaeba432542","name":"Danata A.","image":{"@type":"ImageObject","inLanguage":"pt-PT","@id":"https:\/\/wiki.dev.voka.io\/pt\/#\/schema\/person\/image\/","url":"https:\/\/secure.gravatar.com\/avatar\/17b61e87bc892ef9555b6080655463c63eb46025ed870850eaa2472678817ed6?s=96&d=mm&r=g","contentUrl":"https:\/\/secure.gravatar.com\/avatar\/17b61e87bc892ef9555b6080655463c63eb46025ed870850eaa2472678817ed6?s=96&d=mm&r=g","caption":"Danata A."}}]}},"_links":{"self":[{"href":"https:\/\/wiki.dev.voka.io\/pt\/wp-json\/wp\/v2\/diseases_post\/943","targetHints":{"allow":["GET"]}}],"collection":[{"href":"https:\/\/wiki.dev.voka.io\/pt\/wp-json\/wp\/v2\/diseases_post"}],"about":[{"href":"https:\/\/wiki.dev.voka.io\/pt\/wp-json\/wp\/v2\/types\/diseases_post"}],"author":[{"embeddable":true,"href":"https:\/\/wiki.dev.voka.io\/pt\/wp-json\/wp\/v2\/users\/4"}],"wp:attachment":[{"href":"https:\/\/wiki.dev.voka.io\/pt\/wp-json\/wp\/v2\/media?parent=943"}],"wp:term":[{"taxonomy":"diseases_category","embeddable":true,"href":"https:\/\/wiki.dev.voka.io\/pt\/wp-json\/wp\/v2\/diseases_category?post=943"}],"curies":[{"name":"wp","href":"https:\/\/api.w.org\/{rel}","templated":true}]}}