{"id":920,"date":"2025-06-11T16:29:00","date_gmt":"2025-06-11T13:29:00","guid":{"rendered":"https:\/\/wiki.dev.voka.io\/diseases\/uncategorized\/nespecificheskii-vaginit\/"},"modified":"2025-11-06T11:01:12","modified_gmt":"2025-11-06T08:01:12","slug":"vaginite-inespecifica","status":"publish","type":"diseases_post","link":"https:\/\/wiki.dev.voka.io\/pt\/doencas\/ginecologicas\/vaginite-inespecifica\/","title":{"rendered":"Vaginite inespec\u00edfica: Quadro cl\u00ednico, diagn\u00f3stico, tratamento"},"content":{"rendered":"<p><?xml encoding=\"UTF-8\" ?><\/p>\n<p><strong>Vaginite n\u00e3o espec\u00edfica <\/strong>\u2013<strong><\/strong>inflama\u00e7\u00e3o da mucosa vaginal causada por flora vaginal oportunista. <\/p>\n<figure class=\"wp-block-video\" id=\"animacao-3d-vaginite-nao-especifica\"><video controls><source data-src=\"https:\/\/storage.googleapis.com\/dev_wiki_voka_io_303011\/articles\/en\/gynecology\/nonspecific-vaginitis\/nonspecific-vaginitis.webm\" type=\"video\/webm\"><\/source><\/video><figcaption class=\"wp-element-caption\"> Anima\u00e7\u00e3o 3D \u2013 vaginite n\u00e3o espec\u00edfica<\/figcaption><\/figure>\n<p>Entre as causas etiol\u00f3gicas da vaginite inespec\u00edfica, a Escherichia coli ocupa um lugar \u00e0 parte e a higiene deficiente ou inadequada \u00e9 um fator etiol\u00f3gico. A vaginite associada \u00e0 infe\u00e7\u00e3o estreptoc\u00f3cica \u00e9 frequentemente diagnosticada em doentes com hipoestrogenismo.  <\/p>\n<p>As queixas das doentes e as manifesta\u00e7\u00f5es cl\u00ednicas da vaginite inespec\u00edfica s\u00e3o semelhantes, independentemente do fator etiol\u00f3gico.<\/p>\n<h2 class=\"wp-block-heading\" id=\"factores-de-risco\"><strong>Factores de risco<\/strong><\/h2>\n<p>Os factores de risco incluem a menstrua\u00e7\u00e3o, os banhos (especialmente os banhos de espuma), a utiliza\u00e7\u00e3o de produtos de higiene intravaginal de venda livre, m\u00faltiplos parceiros sexuais, a utiliza\u00e7\u00e3o de dispositivos intra-uterinos e a presen\u00e7a de outras doen\u00e7as sexualmente transmiss\u00edveis. O aumento da preval\u00eancia est\u00e1 associado ao consumo de tabaco, obesidade, solid\u00e3o, gravidez anterior e hist\u00f3ria de aborto induzido. <\/p>\n<h2 class=\"wp-block-heading\" id=\"quadro-clinico\"><strong>Quadro cl\u00ednico<\/strong><\/h2>\n<p>Corrimento vaginal abundante, cinzento ou amarelo, dispareunia, dis\u00faria. Podem estar presentes prurido e eritema vaginal. O ardor, a dor ou a hemorragia vaginal s\u00e3o raros. Durante o exame ginecol\u00f3gico em espelhos, \u00e9 visualizada uma mucosa vaginal hiper\u00e9mica. O corrimento n\u00e3o \u00e9 acompanhado de um odor espec\u00edfico.    <\/p>\n<figure class=\"wp-block-image size-large\"><img decoding=\"async\" src=\"https:\/\/storage.googleapis.com\/dev_wiki_voka_io_303011\/articles\/ru\/ginekologiya\/nespecificheskii-vaginit\/nespecificheskiy-vaginit-vid-pri-ginekologicheskom-osmotre-i-bokovaya-stenka-vlagalishcha.webp\" alt=\"Vaginite inespec\u00edfica: vista de exame ginecol\u00f3gico (esquerda) e parede vaginal lateral (direita) \"><figcaption class=\"wp-element-caption\">Vaginite inespec\u00edfica: vista de exame ginecol\u00f3gico (esquerda) e parede vaginal lateral (direita) \u2013 <a href=\"https:\/\/catalog.voka.io\/en\/models\/90b91890-b37e-4be0-a70a-ad98300beb70\/5a360733-02aa-4f76-a879-2a5316dc8ed7\/6a8e8161-90eb-4f04-a760-2ee8ede88ce8\/b097d2d9-e7b7-4e75-b16e-0eefe5aa3c49\" target=\"_blank\" rel=\"noreferrer noopener nofollow\">Modelo 3D<\/a><\/figcaption><\/figure>\n<h2 class=\"wp-block-heading\" id=\"diagnostico\"><strong>Diagn\u00f3stico <\/strong><\/h2>\n<ol class=\"wp-block-list\">\n<li><strong>Microscopia de esfrega\u00e7os vaginais h\u00famidos<\/strong><\/li>\n<\/ol>\n<p><strong>Microscopia de esfrega\u00e7os vaginais h\u00famidos: a amplia\u00e7\u00e3o do microsc\u00f3pio<\/strong> (10X) \u00e9 utilizada para avaliar os tipos de c\u00e9lulas epiteliais presentes (maduras, parabasais, basais ou c\u00e9lulas-chave) e para determinar a presen\u00e7a de leveduras ou pseudo-hifas. Utiliza uma lente objetiva (40X) para contar os organismos e as c\u00e9lulas no campo. Na vaginite inespec\u00edfica, a contagem de <em>Lactobacillus<\/em> est\u00e1 diminu\u00edda e a contagem de cocos est\u00e1 aumentada. As esp\u00e9cies de <em>Lactobacillus<\/em> aparecem como bastonetes grandes. <em>Trichomonas vaginalis<\/em> \u00e9 um protozo\u00e1rio flagelado, ligeiramente maior do que um gl\u00f3bulo branco. As c\u00e9lulas de levedura s\u00e3o semelhantes em tamanho aos gl\u00f3bulos vermelhos. As pseudo-hifas s\u00e3o v\u00e1rios bot\u00f5es que formam cadeias.     <\/p>\n<ol start=\"2\" class=\"wp-block-list\">\n<li><strong>Tratamento com KOH a 10% (teste da amina)<\/strong><\/li>\n<\/ol>\n<p>Utiliza uma amostra separada de secre\u00e7\u00f5es vaginais para o <strong>tratamento com KOH a 10%<\/strong>. Um aumento de bact\u00e9rias anaer\u00f3bias (<g id=\"gid_1\">G. vaginalis, Mobiluncus<\/g>, etc<g id=\"gid_2\">.<\/g>) resulta na produ\u00e7\u00e3o de aminas. A adi\u00e7\u00e3o de KOH leva \u00e0 evapora\u00e7\u00e3o das aminas e a um odor a \u201cpeixe\u201d, indicando a presen\u00e7a de vaginose bacteriana.  <\/p>\n<ol start=\"3\" class=\"wp-block-list\">\n<li><strong>Tecnologias de ADN (m\u00e9todos de diagn\u00f3stico molecular)<\/strong><\/li>\n<\/ol>\n<p><strong>A tecnologia de ADN<\/strong> \u00e9 um m\u00e9todo de diagn\u00f3stico altamente sens\u00edvel. O m\u00e9todo pode detetar <g id=\"gid_1\">G. vaginalis, Candida, Trichomonas vaginalis, Schlamydia, Neisseria gonorrhoeae<\/g>, bem como esp\u00e9cies de <g id=\"gid_2\">Prevotella<\/g>, esp\u00e9cies de <g id=\"gid_3\">Mobiluncus<\/g><g id=\"gid_4\">A. vaginae, E. coli, Streptococcus spp., Staphylococcus spp.<\/g> e outras. Tamb\u00e9m \u00e9 poss\u00edvel determinar diferentes esp\u00e9cies de <em>Lactobacillus <\/em>(<em>L. crispatus e L. jensenii, L. gasseri<\/em>). Na forma n\u00e3o espec\u00edfica de vaginite n\u00e3o existem agentes patog\u00e9nicos espec\u00edficos.   <\/p>\n<ol start=\"4\" class=\"wp-block-list\">\n<li><strong>Teste de pH<\/strong><\/li>\n<\/ol>\n<p>Um teste de <strong>pH<\/strong> \u00e9 realizado com uma tira de teste colocada diretamente na vagina ao longo da parede lateral. Este tipo de vaginite caracteriza-se por um pH elevado, superior a 4,5. A presen\u00e7a de corrimento cervical, s\u00e9men e sangue pode inflacionar falsamente o pH.  <\/p>\n<ol start=\"5\" class=\"wp-block-list\">\n<li><strong>Microscopia de Gram (Nugent)<\/strong><\/li>\n<\/ol>\n<p>Exame microsc\u00f3pico do esfrega\u00e7o vaginal com colora\u00e7\u00e3o de Gram e avalia\u00e7\u00e3o <strong>pela escala de Nugent<\/strong>.<\/p>\n<p>O isolamento de <strong>culturas celulares<\/strong> tem um papel limitado na avalia\u00e7\u00e3o da vaginite, mas \u00e9 necess\u00e1rio em formas de vaginite resistentes ao tratamento padr\u00e3o para determinar a sensibilidade aos antibi\u00f3ticos.<\/p>\n<h2 class=\"wp-block-heading\" id=\"tratamento-da-vaginite-nao-especifica\"><strong>Tratamento da vaginite n\u00e3o espec\u00edfica<\/strong><\/h2>\n<p>Recomendado para mulheres com a presen\u00e7a de sintomas. Regimes de tratamento: <\/p>\n<ul class=\"wp-block-list\">\n<li>Metronidazol 500 mg por via oral.<\/li>\n<li>Metronidazol gel 0,75% um aplicador por via vaginal.<\/li>\n<li>Clindamicina creme 2% um aplicador por via intravaginal.<\/li>\n<li>Clindamicina em suposit\u00f3rios 100 mg por via intravaginal.<\/li>\n<\/ul>\n<div class=\"social-banner-block\">\n<div class=\"social-banner-content\">\n<p class=\"h5-title text-black\">Encontra mais conte\u00fados cientificamente exactos nas nossas redes sociais<\/p>\n<p><span class=\"social-banner-text text-grey\">Subscreve e n\u00e3o percas os recursos mais recentes<\/span><\/p>\n<div class=\"social-links-wrapper\"><a class=\"social-icon-link\" href=\"https:\/\/www.facebook.com\/VOKA3DAnatomyAndPathology\/\" target=\"_blank\" rel=\"nofollow noopener\"><img decoding=\"async\" src=\"https:\/\/storage.googleapis.com\/dev_wiki_voka_io_303011\/common\/Social%20Icons\/facebook.svg\" alt=\"social link\"><\/a><a class=\"social-icon-link\" href=\"https:\/\/www.instagram.com\/voka.io\/\" target=\"_blank\" rel=\"nofollow noopener\"><img decoding=\"async\" src=\"https:\/\/storage.googleapis.com\/dev_wiki_voka_io_303011\/common\/Social%20Icons\/insta.svg\" alt=\"social link\"><\/a><a class=\"social-icon-link\" href=\"https:\/\/www.linkedin.com\/company\/voka-io\/posts\/?feedView=all\" target=\"_blank\" rel=\"nofollow noopener\"><img decoding=\"async\" src=\"https:\/\/storage.googleapis.com\/dev_wiki_voka_io_303011\/common\/Social%20Icons\/linkedin.svg\" alt=\"social link\"><\/a><a class=\"social-icon-link\" href=\"https:\/\/www.youtube.com\/@vokaio\" target=\"_blank\" rel=\"nofollow noopener\"><img decoding=\"async\" src=\"https:\/\/storage.googleapis.com\/dev_wiki_voka_io_303011\/common\/Social%20Icons\/youtube.svg\" alt=\"social link\"><\/a><a class=\"social-icon-link\" href=\"https:\/\/www.pinterest.com\/voka3danatomyandpathology\/\" target=\"_blank\" rel=\"nofollow noopener\"><img decoding=\"async\" src=\"https:\/\/storage.googleapis.com\/dev_wiki_voka_io_303011\/common\/Social%20Icons\/pinterest.svg\" alt=\"social link\"><\/a><a class=\"social-icon-link\" href=\"https:\/\/www.tiktok.com\/@voka.io\" target=\"_blank\" rel=\"nofollow noopener\"><img decoding=\"async\" src=\"https:\/\/storage.googleapis.com\/dev_wiki_voka_io_303011\/common\/Social%20Icons\/tiktok.svg\" alt=\"social link\"><\/a><a class=\"social-icon-link\" href=\"https:\/\/discord.gg\/7ejUpq8DRR\" target=\"_blank\" rel=\"nofollow noopener\"><img decoding=\"async\" src=\"https:\/\/storage.googleapis.com\/dev_wiki_voka_io_303011\/common\/Social%20Icons\/discord.svg\" alt=\"social link\"><\/a><\/div>\n<\/div>\n<p><img decoding=\"async\" class=\"social-banner-image\" loading=\"lazy\" src=\"https:\/\/storage.googleapis.com\/dev_wiki_voka_io_303011\/common\/social-media-banner-mobile-image.webp\" alt=\"Banner background\"><\/div>\n<h3 class=\"wp-block-heading\" id=\"tratamento-de-mulheres-gravidas\"><strong>Tratamento de mulheres gr\u00e1vidas<\/strong><\/h3>\n<p>O tratamento \u00e9 recomendado para todas as mulheres gr\u00e1vidas sintom\u00e1ticas. Est\u00e1 associada a resultados adversos na gravidez, incluindo rutura prematura das membranas fetais, parto pr\u00e9-termo, infe\u00e7\u00e3o intra-amni\u00f3tica e endometrite p\u00f3s-parto. O metronidazol oral \u00e9 eficaz durante a gravidez. N\u00e3o foi estabelecida qualquer diferen\u00e7a significativa na efic\u00e1cia do tratamento com a forma oral de metronidazol em rela\u00e7\u00e3o \u00e0 forma vaginal. Estudos modernos demonstram a elevada seguran\u00e7a e efic\u00e1cia da clindamicina em mulheres gr\u00e1vidas.     <\/p>\n<div>\n<h2 class=\"faq-title h2-article\" id=\"faq\">FAQ<\/h2>\n<div class=\"faq-section\">\n<div class=\"faq-item faq-answer-hidden\">\n<div class=\"question-block\">\n<div class=\"faq-question\">\n<p class=\" text-black h5-title\">1. O que \u00e9 a vaginite inespec\u00edfica?<\/p>\n<\/div>\n<div class=\"faq-answer text-main-text-color main-text-medium\">A vaginite inespec\u00edfica \u00e9 uma inflama\u00e7\u00e3o da mucosa vaginal causada por microrganismos oportunistas, como a Escherichia coli, os estreptococos ou os estafilococos. Ao contr\u00e1rio da vaginose bacteriana ou da candid\u00edase, n\u00e3o est\u00e1 associada a nenhum agente patog\u00e9nico espec\u00edfico, mas desenvolve-se devido a um desequil\u00edbrio geral da microflora. <\/div>\n<\/div>\n<div class=\"expand-button-wrapper\"><button class=\"text-accent expand-button\">+<\/button><\/div>\n<\/div>\n<div class=\"faq-item faq-answer-hidden\">\n<div class=\"question-block\">\n<div class=\"faq-question\">\n<p class=\" text-black h5-title\">2. Quais s\u00e3o as principais causas de vaginite inespec\u00edfica?<\/p>\n<\/div>\n<div class=\"faq-answer text-main-text-color main-text-medium\">As principais causas s\u00e3o a falta de higiene, a disbiose da microflora vaginal, a diminui\u00e7\u00e3o dos n\u00edveis de estrog\u00e9nio (hipoestrogenismo) e infec\u00e7\u00f5es causadas por bact\u00e9rias oportunistas, incluindo E. coli e estreptococos.<\/div>\n<\/div>\n<div class=\"expand-button-wrapper\"><button class=\"text-accent expand-button\">+<\/button><\/div>\n<\/div>\n<div class=\"faq-item faq-answer-hidden\">\n<div class=\"question-block\">\n<div class=\"faq-question\">\n<p class=\" text-black h5-title\">3. Quais s\u00e3o os sintomas da vaginite inespec\u00edfica?<\/p>\n<\/div>\n<div class=\"faq-answer text-main-text-color main-text-medium\">As doentes queixam-se normalmente de um corrimento cinzento ou amarelado abundante, comich\u00e3o e ardor na vagina, desconforto ao urinar e dor durante as rela\u00e7\u00f5es sexuais. Ao exame, pode ser observada uma vermelhid\u00e3o da mucosa. <\/div>\n<\/div>\n<div class=\"expand-button-wrapper\"><button class=\"text-accent expand-button\">+<\/button><\/div>\n<\/div>\n<div class=\"faq-item faq-answer-hidden\">\n<div class=\"question-block\">\n<div class=\"faq-question\">\n<p class=\" text-black h5-title\">4. Como \u00e9 que a vaginite inespec\u00edfica \u00e9 diagnosticada?<\/p>\n<\/div>\n<div class=\"faq-answer text-main-text-color main-text-medium\">O diagn\u00f3stico inclui a microscopia de esfrega\u00e7o h\u00famido para avaliar a composi\u00e7\u00e3o celular e a microflora, a medi\u00e7\u00e3o do pH das secre\u00e7\u00f5es vaginais, a colora\u00e7\u00e3o de Gram com o resultado de Nugent e t\u00e9cnicas moleculares (PCR) para uma identifica\u00e7\u00e3o precisa dos agentes patog\u00e9nicos.<\/div>\n<\/div>\n<div class=\"expand-button-wrapper\"><button class=\"text-accent expand-button\">+<\/button><\/div>\n<\/div>\n<div class=\"faq-item faq-answer-hidden\">\n<div class=\"question-block\">\n<div class=\"faq-question\">\n<p class=\" text-black h5-title\">5. Como \u00e9 que a vaginite inespec\u00edfica \u00e9 tratada?<\/p>\n<\/div>\n<div class=\"faq-answer text-main-text-color main-text-medium\">O tratamento \u00e9 feito com metronidazol (500 mg por via oral ou gel vaginal a 0,75%) ou clindamicina (creme a 2% ou suposit\u00f3rios intravaginais de 100 mg). A escolha do medicamento depende do quadro cl\u00ednico e dos resultados do diagn\u00f3stico. <\/div>\n<\/div>\n<div class=\"expand-button-wrapper\"><button class=\"text-accent expand-button\">+<\/button><\/div>\n<\/div>\n<div class=\"faq-item faq-answer-hidden\">\n<div class=\"question-block\">\n<div class=\"faq-question\">\n<p class=\" text-black h5-title\">6. A vaginite inespec\u00edfica na gravidez deve ser tratada?<\/p>\n<\/div>\n<div class=\"faq-answer text-main-text-color main-text-medium\">Sim, o tratamento \u00e9 obrigat\u00f3rio, pois a infe\u00e7\u00e3o pode levar a um parto prematuro, a uma infe\u00e7\u00e3o intra-uterina do feto ou a uma endometrite p\u00f3s-parto. \u00c0s mulheres gr\u00e1vidas \u00e9 prescrito metronidazol (por via oral) ou clindamicina, que s\u00e3o considerados seguros durante este per\u00edodo. <\/div>\n<\/div>\n<div class=\"expand-button-wrapper\"><button class=\"text-accent expand-button\">+<\/button><\/div>\n<\/div>\n<\/div>\n<\/div>\n<div class=\"sources-list-block sources-list-hidden\" id=\"lista-de-fontes\">\n<div class=\"sources-list-content\">\n<div class=\"sources-list-title\">\n<p class=\"small-text-bold text-black sources-list-title-text\">Lista de fontes<\/p>\n<div class=\"sources-expand-button-wrapper-mobile\">\n<div class=\"sources-expand-button\"><svg width=\"32\" height=\"32\" viewbox=\"0 0 32 32\" fill=\"none\" xmlns=\"http:\/\/www.w3.org\/2000\/svg\"><path d=\"M8 12L16 20L24 12\" stroke=\"#8C9AAB\" stroke-width=\"2\" stroke-linecap=\"round\" stroke-linejoin=\"round\"><\/path><\/svg><\/div>\n<\/div>\n<\/div>\n<div class=\"sources-list-items\">\n<div class=\"source-item\">\n<p class=\"main-text-semibold text-black\">1.<\/p>\n<div class=\"source-item-content\">\n<p class=\"main-text-semibold text-black\">Cat\u00e1logo VOKA.<\/p>\n<p><span class=\"small-text-medium text-grey\">https:\/\/catalog.voka.io\/ <\/span><\/div>\n<\/div>\n<div class=\"source-item\">\n<p class=\"main-text-semibold text-black\">2.<\/p>\n<div class=\"source-item-content\">\n<p class=\"main-text-semibold text-black\">Schuyler JA, Mordechai E, Adelson ME, Sobel JD, Gygax SE, Hilbert DW. Identification of intrinsically metronidazole-resistant clades of Gardnerella vaginalis. Diagn Microbiol Infect Dis.   2015. Oct. 8.<\/p>\n<\/div>\n<\/div>\n<div class=\"source-item\">\n<p class=\"main-text-semibold text-black\">3.<\/p>\n<div class=\"source-item-content\">\n<p class=\"main-text-semibold text-black\">Atopobium vaginae in virginal women. Sex Transm Dis. 2006 Nov.   33(11):663-5.<\/p>\n<\/div>\n<\/div>\n<div class=\"source-item\">\n<p class=\"main-text-semibold text-black\">4.<\/p>\n<div class=\"source-item-content\">\n<p class=\"main-text-semibold text-black\">Patterson JL, Girerd PH, Karjane NW, Jefferson KK. Effect of biofilm phenotype on resistance of Gardnerella vaginalis to hydrogen peroxide and lactic acid. Am J Obstet Gynecol. 2007 Aug. 197(2):170.e1-7.     <\/p>\n<\/div>\n<\/div>\n<div class=\"source-item\">\n<p class=\"main-text-semibold text-black\">5.<\/p>\n<div class=\"source-item-content\">\n<p class=\"main-text-semibold text-black\">Fredricks DN, Fiedler TL, Thomas KK, Oakley BB, Marrazzo JM. Targeted PCR for detection of vaginal bacteria associated with bacterial vaginosis. J Clin Microbiol. 2007 Oct.    45(10):3270-6.<\/p>\n<\/div>\n<\/div>\n<div class=\"source-item\">\n<p class=\"main-text-semibold text-black\">6.<\/p>\n<div class=\"source-item-content\">\n<p class=\"main-text-semibold text-black\">Meriwether KV, Rogers RG, Craig E, Peterson SD, Gutman RE, Iglesia CB. The effect of hydroxyquinoline-based gel on pessary-associated bacterial vaginosis: a multicenter randomized controlled trial. Am J Obstet Gynecol. 2015 Nov. 213 (5):729.e1-9.    <\/p>\n<\/div>\n<\/div>\n<div class=\"source-item\">\n<p class=\"main-text-semibold text-black\">7.<\/p>\n<div class=\"source-item-content\">\n<p class=\"main-text-semibold text-black\">Marnach ML, Wygant JN, Casey PM. Evaluation and Management of Vaginitis. Mayo Clin Proc. 2022 Feb.    97 (2):347-58.<\/p>\n<\/div>\n<\/div>\n<div class=\"source-item\">\n<p class=\"main-text-semibold text-black\">8.<\/p>\n<div class=\"source-item-content\">\n<p class=\"main-text-semibold text-black\">[Guideline] Paavonen JA, Brunham RC. Vaginitis in Nonpregnant Patients: ACOG Practice Bulletin, Number 215. Obstet Gynecol. 2020 Jan. 135 (1):e1-e17.    <\/p>\n<\/div>\n<\/div>\n<div class=\"source-item\">\n<p class=\"main-text-semibold text-black\">9.<\/p>\n<div class=\"source-item-content\">\n<p class=\"main-text-semibold text-black\">Subtil D, Brabant G, Tilloy E, et al. Early clindamycin for bacterial vaginosis in pregnancy (PREMEVA): a multicentre, double-blind, randomised controlled trial. Lancet. 2018 Oct 12.   <\/p>\n<\/div>\n<\/div>\n<div class=\"source-item\">\n<p class=\"main-text-semibold text-black\">10.<\/p>\n<div class=\"source-item-content\">\n<p class=\"main-text-semibold text-black\">Amsel R, Totten PA, Spiegel CA, Chen KC, Eschenbach D, Holmes KK. Nonspecific vaginitis. Diagnostic criteria and microbial and epidemiologic associations. Am J Med. 1983 Jan.     74(1):14-22.<\/p>\n<\/div>\n<\/div>\n<div class=\"source-item\">\n<p class=\"main-text-semibold text-black\">11.<\/p>\n<div class=\"source-item-content\">\n<p class=\"main-text-semibold text-black\">Mohanty S, Sood S, Kapil A, Mittal S. Interobserver variation in the interpretation of Nugent scoring method for diagnosis of bacterial vaginosis. Indian J Med Res. 2010 Jan.   131:88-91.<\/p>\n<\/div>\n<\/div>\n<div class=\"source-item\">\n<p class=\"main-text-semibold text-black\">12.<\/p>\n<div class=\"source-item-content\">\n<p class=\"main-text-semibold text-black\">Amaya-Guio J, Viveros-Carre\u00f1o DA, Sierra-Barrios EM, Martinez-Velasquez MY, Grillo-Ardila CF. Antibiotic treatment for the sexual partners of women with bacterial vaginosis. Cochrane Database Syst Rev. 2016 Oct 1. 10:CD011701.    <\/p>\n<\/div>\n<\/div>\n<div class=\"source-item\">\n<p class=\"main-text-semibold text-black\">13.<\/p>\n<div class=\"source-item-content\">\n<p class=\"main-text-semibold text-black\">Bohbot JM, Vicaut E, Fagnen D, Brauman M. Treatment of bacterial vaginosis: a multicenter, double-blind, double-dummy, randomised phase III study comparing secnidazole and metronidazole. Infect Dis Obstet Gynecol.  2010.<\/p>\n<\/div>\n<\/div>\n<div class=\"source-item\">\n<p class=\"main-text-semibold text-black\">14.<\/p>\n<div class=\"source-item-content\">\n<p class=\"main-text-semibold text-black\">Brocklehurst P, Gordon A, Heatley E, Milan SJ. Antibiotics for treating bacterial vaginosis in pregnancy. Cochrane Database Syst Rev. 2013 Jan 31. 1:CD000262.    <\/p>\n<\/div>\n<\/div>\n<\/div>\n<\/div>\n<div class=\"sources-expand-button-wrapper\">\n<div class=\"sources-expand-button\"><svg width=\"32\" height=\"32\" viewbox=\"0 0 32 32\" fill=\"none\" xmlns=\"http:\/\/www.w3.org\/2000\/svg\"><path d=\"M8 12L16 20L24 12\" stroke=\"#8C9AAB\" stroke-width=\"2\" stroke-linecap=\"round\" stroke-linejoin=\"round\"><\/path><\/svg><\/div>\n<\/div>\n<\/div>\n","protected":false},"excerpt":{"rendered":"<p>Vaginite n\u00e3o espec\u00edfica &#8211; inflama\u00e7\u00e3o da mucosa vaginal causada por flora vaginal oportunista. Entre as causas etiol\u00f3gicas da vaginite inespec\u00edfica, a Escherichia coli ocupa um lugar \u00e0 parte e a higiene deficiente ou inadequada \u00e9 um fator etiol\u00f3gico. A vaginite associada \u00e0 infe\u00e7\u00e3o estreptoc\u00f3cica \u00e9 frequentemente diagnosticada em doentes com hipoestrogenismo. As queixas das doentes [&hellip;]<\/p>\n","protected":false},"author":5,"featured_media":0,"template":"","diseases_category":[297],"class_list":["post-920","diseases_post","type-diseases_post","status-publish","hentry","diseases_category-ginecologicas"],"acf":[],"yoast_head":"<!-- This site is optimized with the Yoast SEO Premium plugin v25.0 (Yoast SEO v26.5) - https:\/\/yoast.com\/wordpress\/plugins\/seo\/ -->\n<title>Vaginite inespec\u00edfica: Causas, sintomas, diagn\u00f3stico, tratamento<\/title>\n<meta name=\"description\" content=\"A vaginite inespec\u00edfica \u00e9 uma inflama\u00e7\u00e3o da mucosa vaginal causada pela flora vaginal oportunista. Conhece as causas, os sintomas, o diagn\u00f3stico e o tratamento.\" \/>\n<meta name=\"robots\" content=\"noindex, follow, max-snippet:-1, max-image-preview:large, max-video-preview:-1\" \/>\n<meta property=\"og:locale\" content=\"pt_PT\" \/>\n<meta property=\"og:type\" content=\"article\" \/>\n<meta property=\"og:title\" content=\"Vaginite inespec\u00edfica: Quadro cl\u00ednico, diagn\u00f3stico, tratamento\" \/>\n<meta property=\"og:description\" content=\"A vaginite inespec\u00edfica \u00e9 uma inflama\u00e7\u00e3o da mucosa vaginal causada pela flora vaginal oportunista. Conhece as causas, os sintomas, o diagn\u00f3stico e o tratamento.\" \/>\n<meta property=\"og:url\" content=\"https:\/\/wiki.dev.voka.io\/pt\/doencas\/ginecologicas\/vaginite-inespecifica\/\" \/>\n<meta property=\"og:site_name\" content=\"Voka Wiki\" \/>\n<meta property=\"article:publisher\" content=\"https:\/\/www.facebook.com\/VOKA3DAnatomyAndPathology\/\" \/>\n<meta property=\"article:modified_time\" content=\"2025-11-06T08:01:12+00:00\" \/>\n<meta property=\"og:image\" content=\"https:\/\/storage.googleapis.com\/dev_wiki_voka_io_303011\/articles\/ru\/ginekologiya\/nespecificheskii-vaginit\/nespecificheskiy-vaginit-vid-pri-ginekologicheskom-osmotre-i-bokovaya-stenka-vlagalishcha.webp\" \/>\n<meta name=\"twitter:card\" content=\"summary_large_image\" \/>\n<meta name=\"twitter:label1\" content=\"Tempo estimado de leitura\" \/>\n\t<meta name=\"twitter:data1\" content=\"4 minutos\" \/>\n<script type=\"application\/ld+json\" class=\"yoast-schema-graph\">{\"@context\":\"https:\/\/schema.org\",\"@graph\":[{\"@type\":\"Article\",\"@id\":\"https:\/\/wiki.dev.voka.io\/pt\/doencas\/ginecologicas\/vaginite-inespecifica\/#article\",\"isPartOf\":{\"@id\":\"https:\/\/wiki.dev.voka.io\/pt\/doencas\/ginecologicas\/vaginite-inespecifica\/\"},\"author\":{\"name\":\"Daria G.\",\"@id\":\"https:\/\/wiki.dev.voka.io\/pt\/#\/schema\/person\/d04503ecdd61b2f6c240df6ab8b6f3d3\"},\"headline\":\"Vaginite inespec\u00edfica: Quadro cl\u00ednico, diagn\u00f3stico, tratamento\",\"datePublished\":\"2025-06-11T13:29:00+00:00\",\"dateModified\":\"2025-11-06T08:01:12+00:00\",\"mainEntityOfPage\":{\"@id\":\"https:\/\/wiki.dev.voka.io\/pt\/doencas\/ginecologicas\/vaginite-inespecifica\/\"},\"wordCount\":744,\"publisher\":{\"@id\":\"https:\/\/wiki.dev.voka.io\/pt\/#organization\"},\"image\":{\"@id\":\"https:\/\/wiki.dev.voka.io\/pt\/doencas\/ginecologicas\/vaginite-inespecifica\/#primaryimage\"},\"thumbnailUrl\":\"https:\/\/storage.googleapis.com\/dev_wiki_voka_io_303011\/articles\/ru\/ginekologiya\/nespecificheskii-vaginit\/nespecificheskiy-vaginit-vid-pri-ginekologicheskom-osmotre-i-bokovaya-stenka-vlagalishcha.webp\",\"inLanguage\":\"pt-PT\"},{\"@type\":\"WebPage\",\"@id\":\"https:\/\/wiki.dev.voka.io\/pt\/doencas\/ginecologicas\/vaginite-inespecifica\/\",\"url\":\"https:\/\/wiki.dev.voka.io\/pt\/doencas\/ginecologicas\/vaginite-inespecifica\/\",\"name\":\"Vaginite inespec\u00edfica: Causas, sintomas, diagn\u00f3stico, tratamento\",\"isPartOf\":{\"@id\":\"https:\/\/wiki.dev.voka.io\/pt\/#website\"},\"primaryImageOfPage\":{\"@id\":\"https:\/\/wiki.dev.voka.io\/pt\/doencas\/ginecologicas\/vaginite-inespecifica\/#primaryimage\"},\"image\":{\"@id\":\"https:\/\/wiki.dev.voka.io\/pt\/doencas\/ginecologicas\/vaginite-inespecifica\/#primaryimage\"},\"thumbnailUrl\":\"https:\/\/storage.googleapis.com\/dev_wiki_voka_io_303011\/articles\/ru\/ginekologiya\/nespecificheskii-vaginit\/nespecificheskiy-vaginit-vid-pri-ginekologicheskom-osmotre-i-bokovaya-stenka-vlagalishcha.webp\",\"datePublished\":\"2025-06-11T13:29:00+00:00\",\"dateModified\":\"2025-11-06T08:01:12+00:00\",\"description\":\"A vaginite inespec\u00edfica \u00e9 uma inflama\u00e7\u00e3o da mucosa vaginal causada pela flora vaginal oportunista. Conhece as causas, os sintomas, o diagn\u00f3stico e o tratamento.\",\"breadcrumb\":{\"@id\":\"https:\/\/wiki.dev.voka.io\/pt\/doencas\/ginecologicas\/vaginite-inespecifica\/#breadcrumb\"},\"inLanguage\":\"pt-PT\",\"potentialAction\":[{\"@type\":\"ReadAction\",\"target\":[\"https:\/\/wiki.dev.voka.io\/pt\/doencas\/ginecologicas\/vaginite-inespecifica\/\"]}]},{\"@type\":\"ImageObject\",\"inLanguage\":\"pt-PT\",\"@id\":\"https:\/\/wiki.dev.voka.io\/pt\/doencas\/ginecologicas\/vaginite-inespecifica\/#primaryimage\",\"url\":\"https:\/\/storage.googleapis.com\/dev_wiki_voka_io_303011\/articles\/ru\/ginekologiya\/nespecificheskii-vaginit\/nespecificheskiy-vaginit-vid-pri-ginekologicheskom-osmotre-i-bokovaya-stenka-vlagalishcha.webp\",\"contentUrl\":\"https:\/\/storage.googleapis.com\/dev_wiki_voka_io_303011\/articles\/ru\/ginekologiya\/nespecificheskii-vaginit\/nespecificheskiy-vaginit-vid-pri-ginekologicheskom-osmotre-i-bokovaya-stenka-vlagalishcha.webp\"},{\"@type\":\"BreadcrumbList\",\"@id\":\"https:\/\/wiki.dev.voka.io\/pt\/doencas\/ginecologicas\/vaginite-inespecifica\/#breadcrumb\",\"itemListElement\":[{\"@type\":\"ListItem\",\"position\":1,\"name\":\"Home\",\"item\":\"https:\/\/wiki.dev.voka.io\/pt\/\"},{\"@type\":\"ListItem\",\"position\":2,\"name\":\"Ginecologia\",\"item\":\"https:\/\/wiki.dev.voka.io\/pt\/doencas\/ginecologicas\/\"},{\"@type\":\"ListItem\",\"position\":3,\"name\":\"Vaginite inespec\u00edfica: Quadro cl\u00ednico, diagn\u00f3stico, tratamento\"}]},{\"@type\":\"WebSite\",\"@id\":\"https:\/\/wiki.dev.voka.io\/pt\/#website\",\"url\":\"https:\/\/wiki.dev.voka.io\/pt\/\",\"name\":\"Voka Wiki\",\"description\":\"\",\"publisher\":{\"@id\":\"https:\/\/wiki.dev.voka.io\/pt\/#organization\"},\"alternateName\":\"Anatomy & Pathology Wiki by VOKA\",\"potentialAction\":[{\"@type\":\"SearchAction\",\"target\":{\"@type\":\"EntryPoint\",\"urlTemplate\":\"https:\/\/wiki.dev.voka.io\/pt\/?s={search_term_string}\"},\"query-input\":{\"@type\":\"PropertyValueSpecification\",\"valueRequired\":true,\"valueName\":\"search_term_string\"}}],\"inLanguage\":\"pt-PT\"},{\"@type\":\"Organization\",\"@id\":\"https:\/\/wiki.dev.voka.io\/pt\/#organization\",\"name\":\"Voka 3D Anatomy & Pathology\",\"alternateName\":\"VOKA\",\"url\":\"https:\/\/wiki.dev.voka.io\/pt\/\",\"logo\":{\"@type\":\"ImageObject\",\"inLanguage\":\"pt-PT\",\"@id\":\"https:\/\/wiki.dev.voka.io\/pt\/#\/schema\/logo\/image\/\",\"url\":\"https:\/\/wiki.dev.voka.io\/wp-content\/uploads\/2025\/02\/cropped-voka-logo-1.png\",\"contentUrl\":\"https:\/\/wiki.dev.voka.io\/wp-content\/uploads\/2025\/02\/cropped-voka-logo-1.png\",\"width\":70,\"height\":16,\"caption\":\"Voka 3D Anatomy & Pathology\"},\"image\":{\"@id\":\"https:\/\/wiki.dev.voka.io\/pt\/#\/schema\/logo\/image\/\"},\"sameAs\":[\"https:\/\/www.facebook.com\/VOKA3DAnatomyAndPathology\/\",\"https:\/\/www.instagram.com\/voka.io\/\",\"https:\/\/www.linkedin.com\/company\/voka-io\/\",\"https:\/\/www.youtube.com\/channel\/UCqGGuOEpr62ScH8Pjk2q5zw\/videos\",\"https:\/\/www.pinterest.com\/VokaAnatomyPro\/\",\"https:\/\/www.threads.com\/@voka.io\"],\"description\":\"VOKA.io offers 3D medical animations and custom 3D modeling services. Our product, VOKA 3D Anatomy & Pathology, is a digital atlas with over 1,000 detailed 3D models of human anatomy and pathology, designed for medical education, training, and patient communication.\",\"email\":\"info@voka.io\",\"telephone\":\"+1 814 351 4442\",\"legalName\":\"Voka 3D Anatomy & Pathology\",\"foundingDate\":\"2017-02-12\",\"naics\":\"541512\",\"numberOfEmployees\":{\"@type\":\"QuantitativeValue\",\"minValue\":\"51\",\"maxValue\":\"200\"},\"publishingPrinciples\":\"https:\/\/wiki.voka.io\/pt\/principios-de-publicacao\/\"},{\"@type\":\"Person\",\"@id\":\"https:\/\/wiki.dev.voka.io\/pt\/#\/schema\/person\/d04503ecdd61b2f6c240df6ab8b6f3d3\",\"name\":\"Daria G.\",\"image\":{\"@type\":\"ImageObject\",\"inLanguage\":\"pt-PT\",\"@id\":\"https:\/\/wiki.dev.voka.io\/pt\/#\/schema\/person\/image\/\",\"url\":\"https:\/\/secure.gravatar.com\/avatar\/1faab9091e9e12b98ab4611e0e933edce775a5bbe4d7e27819593886426e21f3?s=96&d=mm&r=g\",\"contentUrl\":\"https:\/\/secure.gravatar.com\/avatar\/1faab9091e9e12b98ab4611e0e933edce775a5bbe4d7e27819593886426e21f3?s=96&d=mm&r=g\",\"caption\":\"Daria G.\"}}]}<\/script>\n<!-- \/ Yoast SEO Premium plugin. -->","yoast_head_json":{"title":"Vaginite inespec\u00edfica: Causas, sintomas, diagn\u00f3stico, tratamento","description":"A vaginite inespec\u00edfica \u00e9 uma inflama\u00e7\u00e3o da mucosa vaginal causada pela flora vaginal oportunista. Conhece as causas, os sintomas, o diagn\u00f3stico e o tratamento.","robots":{"index":"noindex","follow":"follow","max-snippet":"max-snippet:-1","max-image-preview":"max-image-preview:large","max-video-preview":"max-video-preview:-1"},"og_locale":"pt_PT","og_type":"article","og_title":"Vaginite inespec\u00edfica: Quadro cl\u00ednico, diagn\u00f3stico, tratamento","og_description":"A vaginite inespec\u00edfica \u00e9 uma inflama\u00e7\u00e3o da mucosa vaginal causada pela flora vaginal oportunista. Conhece as causas, os sintomas, o diagn\u00f3stico e o tratamento.","og_url":"https:\/\/wiki.dev.voka.io\/pt\/doencas\/ginecologicas\/vaginite-inespecifica\/","og_site_name":"Voka Wiki","article_publisher":"https:\/\/www.facebook.com\/VOKA3DAnatomyAndPathology\/","article_modified_time":"2025-11-06T08:01:12+00:00","og_image":[{"url":"https:\/\/storage.googleapis.com\/dev_wiki_voka_io_303011\/articles\/ru\/ginekologiya\/nespecificheskii-vaginit\/nespecificheskiy-vaginit-vid-pri-ginekologicheskom-osmotre-i-bokovaya-stenka-vlagalishcha.webp","type":"","width":"","height":""}],"twitter_card":"summary_large_image","twitter_misc":{"Tempo estimado de leitura":"4 minutos"},"schema":{"@context":"https:\/\/schema.org","@graph":[{"@type":"Article","@id":"https:\/\/wiki.dev.voka.io\/pt\/doencas\/ginecologicas\/vaginite-inespecifica\/#article","isPartOf":{"@id":"https:\/\/wiki.dev.voka.io\/pt\/doencas\/ginecologicas\/vaginite-inespecifica\/"},"author":{"name":"Daria G.","@id":"https:\/\/wiki.dev.voka.io\/pt\/#\/schema\/person\/d04503ecdd61b2f6c240df6ab8b6f3d3"},"headline":"Vaginite inespec\u00edfica: Quadro cl\u00ednico, diagn\u00f3stico, tratamento","datePublished":"2025-06-11T13:29:00+00:00","dateModified":"2025-11-06T08:01:12+00:00","mainEntityOfPage":{"@id":"https:\/\/wiki.dev.voka.io\/pt\/doencas\/ginecologicas\/vaginite-inespecifica\/"},"wordCount":744,"publisher":{"@id":"https:\/\/wiki.dev.voka.io\/pt\/#organization"},"image":{"@id":"https:\/\/wiki.dev.voka.io\/pt\/doencas\/ginecologicas\/vaginite-inespecifica\/#primaryimage"},"thumbnailUrl":"https:\/\/storage.googleapis.com\/dev_wiki_voka_io_303011\/articles\/ru\/ginekologiya\/nespecificheskii-vaginit\/nespecificheskiy-vaginit-vid-pri-ginekologicheskom-osmotre-i-bokovaya-stenka-vlagalishcha.webp","inLanguage":"pt-PT"},{"@type":"WebPage","@id":"https:\/\/wiki.dev.voka.io\/pt\/doencas\/ginecologicas\/vaginite-inespecifica\/","url":"https:\/\/wiki.dev.voka.io\/pt\/doencas\/ginecologicas\/vaginite-inespecifica\/","name":"Vaginite inespec\u00edfica: Causas, sintomas, diagn\u00f3stico, tratamento","isPartOf":{"@id":"https:\/\/wiki.dev.voka.io\/pt\/#website"},"primaryImageOfPage":{"@id":"https:\/\/wiki.dev.voka.io\/pt\/doencas\/ginecologicas\/vaginite-inespecifica\/#primaryimage"},"image":{"@id":"https:\/\/wiki.dev.voka.io\/pt\/doencas\/ginecologicas\/vaginite-inespecifica\/#primaryimage"},"thumbnailUrl":"https:\/\/storage.googleapis.com\/dev_wiki_voka_io_303011\/articles\/ru\/ginekologiya\/nespecificheskii-vaginit\/nespecificheskiy-vaginit-vid-pri-ginekologicheskom-osmotre-i-bokovaya-stenka-vlagalishcha.webp","datePublished":"2025-06-11T13:29:00+00:00","dateModified":"2025-11-06T08:01:12+00:00","description":"A vaginite inespec\u00edfica \u00e9 uma inflama\u00e7\u00e3o da mucosa vaginal causada pela flora vaginal oportunista. Conhece as causas, os sintomas, o diagn\u00f3stico e o tratamento.","breadcrumb":{"@id":"https:\/\/wiki.dev.voka.io\/pt\/doencas\/ginecologicas\/vaginite-inespecifica\/#breadcrumb"},"inLanguage":"pt-PT","potentialAction":[{"@type":"ReadAction","target":["https:\/\/wiki.dev.voka.io\/pt\/doencas\/ginecologicas\/vaginite-inespecifica\/"]}]},{"@type":"ImageObject","inLanguage":"pt-PT","@id":"https:\/\/wiki.dev.voka.io\/pt\/doencas\/ginecologicas\/vaginite-inespecifica\/#primaryimage","url":"https:\/\/storage.googleapis.com\/dev_wiki_voka_io_303011\/articles\/ru\/ginekologiya\/nespecificheskii-vaginit\/nespecificheskiy-vaginit-vid-pri-ginekologicheskom-osmotre-i-bokovaya-stenka-vlagalishcha.webp","contentUrl":"https:\/\/storage.googleapis.com\/dev_wiki_voka_io_303011\/articles\/ru\/ginekologiya\/nespecificheskii-vaginit\/nespecificheskiy-vaginit-vid-pri-ginekologicheskom-osmotre-i-bokovaya-stenka-vlagalishcha.webp"},{"@type":"BreadcrumbList","@id":"https:\/\/wiki.dev.voka.io\/pt\/doencas\/ginecologicas\/vaginite-inespecifica\/#breadcrumb","itemListElement":[{"@type":"ListItem","position":1,"name":"Home","item":"https:\/\/wiki.dev.voka.io\/pt\/"},{"@type":"ListItem","position":2,"name":"Ginecologia","item":"https:\/\/wiki.dev.voka.io\/pt\/doencas\/ginecologicas\/"},{"@type":"ListItem","position":3,"name":"Vaginite inespec\u00edfica: Quadro cl\u00ednico, diagn\u00f3stico, tratamento"}]},{"@type":"WebSite","@id":"https:\/\/wiki.dev.voka.io\/pt\/#website","url":"https:\/\/wiki.dev.voka.io\/pt\/","name":"Voka Wiki","description":"","publisher":{"@id":"https:\/\/wiki.dev.voka.io\/pt\/#organization"},"alternateName":"Anatomy & Pathology Wiki by VOKA","potentialAction":[{"@type":"SearchAction","target":{"@type":"EntryPoint","urlTemplate":"https:\/\/wiki.dev.voka.io\/pt\/?s={search_term_string}"},"query-input":{"@type":"PropertyValueSpecification","valueRequired":true,"valueName":"search_term_string"}}],"inLanguage":"pt-PT"},{"@type":"Organization","@id":"https:\/\/wiki.dev.voka.io\/pt\/#organization","name":"Voka 3D Anatomy & Pathology","alternateName":"VOKA","url":"https:\/\/wiki.dev.voka.io\/pt\/","logo":{"@type":"ImageObject","inLanguage":"pt-PT","@id":"https:\/\/wiki.dev.voka.io\/pt\/#\/schema\/logo\/image\/","url":"https:\/\/wiki.dev.voka.io\/wp-content\/uploads\/2025\/02\/cropped-voka-logo-1.png","contentUrl":"https:\/\/wiki.dev.voka.io\/wp-content\/uploads\/2025\/02\/cropped-voka-logo-1.png","width":70,"height":16,"caption":"Voka 3D Anatomy & Pathology"},"image":{"@id":"https:\/\/wiki.dev.voka.io\/pt\/#\/schema\/logo\/image\/"},"sameAs":["https:\/\/www.facebook.com\/VOKA3DAnatomyAndPathology\/","https:\/\/www.instagram.com\/voka.io\/","https:\/\/www.linkedin.com\/company\/voka-io\/","https:\/\/www.youtube.com\/channel\/UCqGGuOEpr62ScH8Pjk2q5zw\/videos","https:\/\/www.pinterest.com\/VokaAnatomyPro\/","https:\/\/www.threads.com\/@voka.io"],"description":"VOKA.io offers 3D medical animations and custom 3D modeling services. Our product, VOKA 3D Anatomy & Pathology, is a digital atlas with over 1,000 detailed 3D models of human anatomy and pathology, designed for medical education, training, and patient communication.","email":"info@voka.io","telephone":"+1 814 351 4442","legalName":"Voka 3D Anatomy & Pathology","foundingDate":"2017-02-12","naics":"541512","numberOfEmployees":{"@type":"QuantitativeValue","minValue":"51","maxValue":"200"},"publishingPrinciples":"https:\/\/wiki.voka.io\/pt\/principios-de-publicacao\/"},{"@type":"Person","@id":"https:\/\/wiki.dev.voka.io\/pt\/#\/schema\/person\/d04503ecdd61b2f6c240df6ab8b6f3d3","name":"Daria G.","image":{"@type":"ImageObject","inLanguage":"pt-PT","@id":"https:\/\/wiki.dev.voka.io\/pt\/#\/schema\/person\/image\/","url":"https:\/\/secure.gravatar.com\/avatar\/1faab9091e9e12b98ab4611e0e933edce775a5bbe4d7e27819593886426e21f3?s=96&d=mm&r=g","contentUrl":"https:\/\/secure.gravatar.com\/avatar\/1faab9091e9e12b98ab4611e0e933edce775a5bbe4d7e27819593886426e21f3?s=96&d=mm&r=g","caption":"Daria G."}}]}},"_links":{"self":[{"href":"https:\/\/wiki.dev.voka.io\/pt\/wp-json\/wp\/v2\/diseases_post\/920","targetHints":{"allow":["GET"]}}],"collection":[{"href":"https:\/\/wiki.dev.voka.io\/pt\/wp-json\/wp\/v2\/diseases_post"}],"about":[{"href":"https:\/\/wiki.dev.voka.io\/pt\/wp-json\/wp\/v2\/types\/diseases_post"}],"author":[{"embeddable":true,"href":"https:\/\/wiki.dev.voka.io\/pt\/wp-json\/wp\/v2\/users\/5"}],"wp:attachment":[{"href":"https:\/\/wiki.dev.voka.io\/pt\/wp-json\/wp\/v2\/media?parent=920"}],"wp:term":[{"taxonomy":"diseases_category","embeddable":true,"href":"https:\/\/wiki.dev.voka.io\/pt\/wp-json\/wp\/v2\/diseases_category?post=920"}],"curies":[{"name":"wp","href":"https:\/\/api.w.org\/{rel}","templated":true}]}}