{"id":918,"date":"2025-06-11T13:18:21","date_gmt":"2025-06-11T10:18:21","guid":{"rendered":"https:\/\/wiki.dev.voka.io\/diseases\/uncategorized\/predlezhanie-placenty\/"},"modified":"2025-11-14T15:40:02","modified_gmt":"2025-11-14T12:40:02","slug":"placenta-previa","status":"publish","type":"diseases_post","link":"https:\/\/wiki.dev.voka.io\/pt\/doencas\/obstetricas\/placenta-previa\/","title":{"rendered":"Placenta pr\u00e9via: Classifica\u00e7\u00e3o, diagn\u00f3stico, riscos e gest\u00e3o da gravidez"},"content":{"rendered":"<p><?xml encoding=\"UTF-8\" ?><\/p>\n<p><strong>A placenta pr\u00e9via<\/strong> (<em>placenta previa<\/em>) \u00e9 uma condi\u00e7\u00e3o em que a placenta se implanta no segmento inferior do \u00fatero, mal suprido, cobrindo a faringe interna do colo do \u00fatero. Esta condi\u00e7\u00e3o desenvolve-se em 0,3% a 2% das gravidezes no terceiro trimestre. Em gravidezes mais precoces, uma condi\u00e7\u00e3o semelhante \u00e9 definida como c\u00f3rion previa, a membrana externa do feto a partir da qual a placenta se forma mais tarde (at\u00e9 \u00e0s 16 semanas), mas esta condi\u00e7\u00e3o n\u00e3o \u00e9 uma patologia no in\u00edcio da gravidez.  <\/p>\n<h2 class=\"wp-block-heading\" id=\"etiologia\"><strong>Etiologia <\/strong><\/h2>\n<p>A causa fundamental do desenvolvimento da placenta pr\u00e9via ainda n\u00e3o foi estabelecida. No entanto, existe uma associa\u00e7\u00e3o entre a forma\u00e7\u00e3o de placenta pr\u00e9via e danos no endom\u00e9trio por v\u00e1rios factores etiol\u00f3gicos.  <\/p>\n<p>Por isso, foram identificados os seguintes <strong>factores de risco<\/strong> que aumentam as hip\u00f3teses de desenvolver placenta pr\u00e9via:<\/p>\n<ul class=\"wp-block-list\">\n<li>A idade da m\u00e3e \u00e9 superior a 35 anos;<\/li>\n<li>Nascimentos m\u00faltiplos;<\/li>\n<li>Hist\u00f3ria de interrup\u00e7\u00e3o da gravidez;<\/li>\n<li>Interven\u00e7\u00f5es cir\u00fargicas na cavidade uterina (curetagem, etc.);<\/li>\n<li>Leiomioma uterino de grandes dimens\u00f5es;<\/li>\n<li>Utiliza\u00e7\u00e3o de tecnologias de fertiliza\u00e7\u00e3o in vitro;<\/li>\n<li>Hist\u00f3ria de cirurgia uterina;<\/li>\n<li><em>Placenta pr\u00e9via<\/em> na hist\u00f3ria;<\/li>\n<li>Fumar;<\/li>\n<li>Ra\u00e7a (\u00e9 um fator de risco controverso, alguns estudos mostram que o risco \u00e9 maior nas mulheres asi\u00e1ticas e africanas).<\/li>\n<\/ul>\n<p>A implanta\u00e7\u00e3o requer um ambiente com um fornecimento adequado de sangue. As c\u00e9lulas trofobl\u00e1sticas da camada externa do blastocisto desenvolvem-se na placenta e nas membranas fetais. O trofoblasto liga-se \u00e0 membrana decidual do \u00fatero. O mecanismo de a\u00e7\u00e3o das patologias que constituem factores de risco tem um efeito negativo na forma\u00e7\u00e3o dos vasos placent\u00e1rios, perturba o fluxo sangu\u00edneo placent\u00e1rio, o que leva \u00e0 forma\u00e7\u00e3o de anomalias na placenta\u00e7\u00e3o.    <\/p>\n<h2 class=\"wp-block-heading\" id=\"classificacao-da-placenta-previa\"><strong>Classifica\u00e7\u00e3o da placenta pr\u00e9via<\/strong><\/h2>\n<p>De acordo com a classifica\u00e7\u00e3o, a placenta pr\u00e9via <strong>\u00e9 diagnosticada quando o bordo da placenta se encontra a menos de 20 mm do bocejo interno<\/strong>. Por sua vez, a placenta pr\u00e9via divide-se em <strong>central<\/strong> (ou completa) com sobreposi\u00e7\u00e3o de todo o canal cervical  <\/p>\n<figure class=\"wp-block-image size-large\"><img decoding=\"async\" src=\"https:\/\/storage.googleapis.com\/dev_wiki_voka_io_303011\/articles\/ru\/akusherstvo\/predlezhanie-placenty\/polnoe-centralnoe-predlezhanie-placenty-vid-sboku-a-vid-sniezu-b.webp\" alt=\"Placenta pr\u00e9via completa (central) vista lateral (esquerda), vista inferior (direita)\"><figcaption class=\"wp-element-caption\">Placenta pr\u00e9via completa (central): vista lateral (esquerda), vista inferior (direita) \u2013 <a href=\"https:\/\/catalog.voka.io\/en\/models\/5d5e2bef-26af-4dc6-88b4-205ca36c1d80\/c1487f46-dc74-4de7-b3d2-b9ddee2fa713\/e7fcbf7c-42ed-4dc0-8c68-e2a3036c5422\/7759d1ce-5155-4720-97c2-adc503806ba8\" target=\"_blank\" rel=\"noreferrer noopener nofollow\">Modelo 3D<\/a><\/figcaption><\/figure>\n<p>e <strong>lateral<\/strong> (ou parcial) \u2013 neste caso, o eixo do canal cervical \u00e9 fechado apenas por \u2154.<\/p>\n<figure class=\"wp-block-image size-large\"><img decoding=\"async\" src=\"https:\/\/storage.googleapis.com\/dev_wiki_voka_io_303011\/articles\/ru\/akusherstvo\/predlezhanie-placenty\/placenta%20previa_central.webp\" alt=\"Placenta pr\u00e9via parcial (lateral) \"><figcaption class=\"wp-element-caption\">Placenta pr\u00e9via parcial (lateral) \u2013 <a href=\"https:\/\/catalog.voka.io\/en\/models\/5d5e2bef-26af-4dc6-88b4-205ca36c1d80\/c1487f46-dc74-4de7-b3d2-b9ddee2fa713\/e7fcbf7c-42ed-4dc0-8c68-e2a3036c5422\/613ef120-d1e0-4b27-b509-73670e2fc547\" target=\"_blank\" rel=\"noreferrer noopener nofollow\">Modelo 3D<\/a><\/figcaption><\/figure>\n<p>Existe tamb\u00e9m uma condi\u00e7\u00e3o chamada <strong>placenta baixa<\/strong>. Neste caso, o bordo da placenta situa-se entre 20 e 35 mm. <\/p>\n<h3 class=\"wp-block-heading\" id=\"tipos-de-placenta-previa\">Tipos de placenta pr\u00e9via<\/h3>\n<figure class=\"wp-block-table table-to-cards table-accents\">\n<table>\n<thead>\n<tr>\n<th class=\"has-text-align-center\" data-align=\"center\">Tipo de localiza\u00e7\u00e3o da placenta<\/th>\n<th class=\"has-text-align-center\" data-align=\"center\">Dist\u00e2ncia entre o bordo da placenta e o bocejo interno<\/th>\n<th class=\"has-text-align-center\" data-align=\"center\">Grau de oclus\u00e3o do canal cervical<\/th>\n<\/tr>\n<\/thead>\n<tbody>\n<tr>\n<td class=\"has-text-align-center\" data-align=\"center\">Baixa placenta\u00e7\u00e3o<\/td>\n<td class=\"has-text-align-center\" data-align=\"center\">20-35 mm<\/td>\n<td class=\"has-text-align-center\" data-align=\"center\">N\u00e3o bloqueia a faringe interna<\/td>\n<\/tr>\n<tr>\n<td class=\"has-text-align-center\" data-align=\"center\">Placenta pr\u00e9via<\/td>\n<td class=\"has-text-align-center\" data-align=\"center\"><20 mm<\/td>\n<td class=\"has-text-align-center\" data-align=\"center\">Sobreposi\u00e7\u00e3o parcial ou total<\/td>\n<\/tr>\n<tr>\n<td class=\"has-text-align-center\" data-align=\"center\">\u2013 Apresenta\u00e7\u00e3o parcial (lateral)<\/td>\n<td class=\"has-text-align-center\" data-align=\"center\"><20 mm<\/td>\n<td class=\"has-text-align-center\" data-align=\"center\">Sobrep\u00f5e-se a \u22482\/3 do canal cervical<\/td>\n<\/tr>\n<tr>\n<td class=\"has-text-align-center\" data-align=\"center\">\u2013 Apresenta\u00e7\u00e3o completa (central)<\/td>\n<td class=\"has-text-align-center\" data-align=\"center\"><20 mm<\/td>\n<td class=\"has-text-align-center\" data-align=\"center\">Oclus\u00e3o completa de todo o canal cervical<\/td>\n<\/tr>\n<\/tbody>\n<\/table>\n<\/figure>\n<figure class=\"wp-block-video\" id=\"animacao-3d-placenta-previa-central\"><video controls><source data-src=\"https:\/\/storage.googleapis.com\/dev_wiki_voka_io_303011\/articles\/en\/%20%20obstetrics\/placenta-previa\/central-placental-presentation.webm\" type=\"video\/webm\"><\/source><\/video><figcaption class=\"wp-element-caption\">Anima\u00e7\u00e3o 3D \u2013 Placenta pr\u00e9via central<\/figcaption><\/figure>\n<figure class=\"wp-block-video\" id=\"animacao-3d-placenta-previa-lateral\"><video controls><source data-src=\"https:\/\/storage.googleapis.com\/dev_wiki_voka_io_303011\/articles\/en\/%20%20obstetrics\/placenta-previa\/lateral-placental-presentation.webm\" type=\"video\/webm\"><\/source><\/video><figcaption class=\"wp-element-caption\">Anima\u00e7\u00e3o 3D \u2013 Placenta pr\u00e9via lateral<\/figcaption><\/figure>\n<h2 class=\"wp-block-heading\" id=\"sintoma-de-placenta-previa\"><strong>Sintoma de placenta pr\u00e9via<\/strong><\/h2>\n<p>A hemorragia vaginal em qualquer idade gestacional, sem dor, \u00e9 uma manifesta\u00e7\u00e3o t\u00edpica da placenta pr\u00e9via. Tamb\u00e9m podes ter uma hemorragia sem dor depois de uma rela\u00e7\u00e3o sexual, de um exame vaginal e, por vezes, a causa pode n\u00e3o estar presente.  <\/p>\n<h2 class=\"wp-block-heading\" id=\"diagnostico-da-placenta-previa\"><strong>Diagn\u00f3stico da placenta pr\u00e9via<\/strong><\/h2>\n<ul class=\"wp-block-list\">\n<li>A placenta pode ser visualizada durante o <strong>exame em espelho<\/strong>, no caso de um colo do \u00fatero dilatado. \u00c9 importante referir que o exame vaginal e o exame em espelho s\u00f3 s\u00e3o efectuados no bloco operat\u00f3rio.  <\/li>\n<li><strong>A ecografia<\/strong> no per\u00edodo de rastreio da gravidez permite a identifica\u00e7\u00e3o atempada da placenta pr\u00e9via. Deve ser efectuada n\u00e3o s\u00f3 a ecografia transabdominal, mas tamb\u00e9m a transvaginal. A ecografia transvaginal tem-se revelado segura e mais exacta para o diagn\u00f3stico da placenta pr\u00e9via. O diagn\u00f3stico \u00e9 estabelecido <g id=\"gid_1\">entre a vig\u00e9sima oitava e a trig\u00e9sima segunda semana de gravidez<\/g>, e a dist\u00e2ncia entre a borda da placenta e o canal cervical \u00e9 medida com precis\u00e3o. No entanto, deves ter cuidado ao realizar um exame transvaginal, pois pode provocar hemorragias.     <\/li>\n<\/ul>\n<p>Tamb\u00e9m deve ser clarificado que a maioria das placentas identificadas como baixas no in\u00edcio da gravidez n\u00e3o s\u00e3o visualizadas no final da gravidez. A placenta em si n\u00e3o se move, mas cresce em dire\u00e7\u00e3o ao aumento do fornecimento de sangue no fundo uterino. A mudan\u00e7a na localiza\u00e7\u00e3o da placenta \u00e9 o resultado da forma\u00e7\u00e3o do segmento inferior do \u00fatero em crescimento. <strong>A placenta\u00e7\u00e3o anormal<\/strong> no segmento uterino inferior pouco vascularizado provoca um crescimento placent\u00e1rio compensat\u00f3rio e um aumento da \u00e1rea de superf\u00edcie em resposta \u00e0 diminui\u00e7\u00e3o da perfus\u00e3o placent\u00e1ria, causando altera\u00e7\u00f5es histopatol\u00f3gicas correspondentes sob a forma de necrose coagulativa das vilosidades cori\u00f3nicas e deposi\u00e7\u00e3o de fibrina no espa\u00e7o interviloso. As altera\u00e7\u00f5es morfol\u00f3gicas que ocorrem na placenta pr\u00e9via podem desempenhar um papel importante na manuten\u00e7\u00e3o de uma perfus\u00e3o adequada, o que pode evitar resultados neonatais adversos.   <\/p>\n<p>O <strong>diagn\u00f3stico diferencial<\/strong> \u00e9 geralmente feito entre as condi\u00e7\u00f5es que causam hemorragia vaginal durante a gravidez em qualquer per\u00edodo. <strong>No 1\u00ba e 2\u00ba trimestres<\/strong>, esta complica\u00e7\u00e3o pode causar:<\/p>\n<ul class=\"wp-block-list\">\n<li>Hematoma subcori\u00f3nico; <\/li>\n<li>Amea\u00e7a de aborto;<\/li>\n<li>Gravidez ect\u00f3pica;<\/li>\n<li>Cancro do colo do \u00fatero. <\/li>\n<\/ul>\n<p><strong>No terceiro trimestre<\/strong>, a hemorragia vaginal \u00e9 normalmente causada pela <strong>amea\u00e7a de<\/strong> parto pr\u00e9-termo, mas em 1% dos casos \u00e9 causada pelo <strong>descolamento prematuro da placenta normalmente localizada<\/strong> e, raramente, pelo <strong>prolapso do cord\u00e3o umbilical<\/strong>. \u00c9 importante notar que as mulheres com placenta pr\u00e9via e placenta pr\u00e9via baixa t\u00eam um risco acrescido de parto prematuro durante toda a gravidez. As mulheres gr\u00e1vidas com placenta pr\u00e9via t\u00eam um risco mais elevado de trabalho de parto <strong>pr\u00e9-termo<\/strong>, em compara\u00e7\u00e3o com a placenta pr\u00e9via baixa. A administra\u00e7\u00e3o de progesterona, o pess\u00e1rio cervical e\/ou a serclagem podem ser interven\u00e7\u00f5es preventivas potencialmente eficazes, mas faltam dados sistem\u00e1ticos sobre a seguran\u00e7a e a efic\u00e1cia destes m\u00e9todos.    <\/p>\n<p><strong>O descolamento prematuro da placenta normalmente localizada<\/strong> tamb\u00e9m se manifesta por hemorragia vaginal, mas com uma s\u00edndrome de dor intensa que a acompanha. <\/p>\n<p><strong>A malposi\u00e7\u00e3o vascular <\/strong> umbilical \u00e9 uma liga\u00e7\u00e3o anormal dos vasos do cord\u00e3o umbilical \u00e0s membranas. Ocorre em 1 em cada 5.000 gesta\u00e7\u00f5es. A integridade dos vasos pode ser comprometida pela rutura das membranas de etiologia espont\u00e2nea ou induzida.   <\/p>\n<h2 class=\"wp-block-heading\" id=\"complicacao-da-placenta-previa\"><strong>Complica\u00e7\u00e3o da placenta pr\u00e9via<\/strong><\/h2>\n<p><strong>O crescimento verdadeiro da placenta<\/strong> \u00e9 uma complica\u00e7\u00e3o da placenta pr\u00e9via e deve ser exclu\u00eddo durante a ecografia. Esta condi\u00e7\u00e3o requer, na maioria dos casos, uma histerectomia devido a uma hemorragia maci\u00e7a, mas a preserva\u00e7\u00e3o do \u00fatero \u00e9 poss\u00edvel com uma cirurgia de rotina de alta tecnologia ou pode ser aplicada uma t\u00e9cnica de separa\u00e7\u00e3o tardia da placenta at\u00e9 que o leito placent\u00e1rio se desvascularize, de modo a que o tecido placent\u00e1rio remanescente possa ser removido com maior seguran\u00e7a. Se se suspeitar de um verdadeiro crescimento interno da placenta, deve ser efectuada uma resson\u00e2ncia magn\u00e9tica.   <\/p>\n<p>Os m\u00e9todos de diagn\u00f3stico de valor hist\u00f3rico incluem a imagiologia por radiois\u00f3topos e a arteriografia. <\/p>\n<h2 class=\"wp-block-heading\" id=\"tratamento\"><strong>Tratamento<\/strong><\/h2>\n<ul class=\"wp-block-list\">\n<li><strong>A terapia tocol\u00edtica pode ser considerada<\/strong> em casos de hemorragia com menos de 36 semanas de gesta\u00e7\u00e3o e hemorragias menores, e s\u00e3o utilizados f\u00e1rmacos para prevenir a s\u00edndrome de dificuldade respirat\u00f3ria fetal e prote\u00e7\u00e3o neuroprotectora. <\/li>\n<li><strong>Os hemost\u00e1ticos, os medicamentos de substitui\u00e7\u00e3o do sangue e do plasma e os inibidores da fibrin\u00f3lise <\/strong>s\u00e3o utilizados para parar as hemorragias. <\/li>\n<li>O doente \u00e9 aconselhado a fazer <strong>repouso na cama, a reduzir a atividade e a evitar rela\u00e7\u00f5es sexuais<\/strong>. <\/li>\n<li>Em caso de hemorragias recorrentes, existe o risco de <strong>anemia<\/strong>, que tamb\u00e9m requer <strong>medica\u00e7\u00e3o sob a forma de prepara\u00e7\u00f5es de ferro<\/strong>. <\/li>\n<li>E tamb\u00e9m quando um doente com esse diagn\u00f3stico est\u00e1 no hospital, o <strong>grupo sangu\u00edneo adequado e os seus componentes<\/strong> devem estar dispon\u00edveis para acesso r\u00e1pido, se necess\u00e1rio.<\/li>\n<\/ul>\n<h2 class=\"wp-block-heading\" id=\"parto-particularidades-da-cirurgia-de-cesariana\"><strong>Parto: particularidades da cirurgia de cesariana<\/strong><\/h2>\n<p>A cesariana <strong>planeada<\/strong> \u00e0s 37 semanas continua a ser o principal <strong>m\u00e9todo de parto<\/strong>. No entanto, algumas doentes podem ter complica\u00e7\u00f5es que exijam uma cesariana <strong>de emerg\u00eancia<\/strong> numa idade gestacional mais precoce. Normalmente, esta situa\u00e7\u00e3o \u00e9 causada por uma hemorragia maci\u00e7a de mais de 250 ml.  <strong><\/strong>Recomenda-se uma incis\u00e3o vertical da pele durante a cesariana para um acesso \u00f3timo. Nos casos em que a placenta est\u00e1 localizada e ocupa o segmento uterino inferior ou se o segmento uterino inferior n\u00e3o estiver suficientemente formado, \u00e9 necess\u00e1ria uma incis\u00e3o uterina vertical. Ap\u00f3s o nascimento do feto, a placenta deve ser separada espontaneamente; \u00e9 proibida a separa\u00e7\u00e3o manual da placenta. As mulheres devem ser informadas sobre uma poss\u00edvel emboliza\u00e7\u00e3o da art\u00e9ria uterina ou histerectomia. Recomenda-se uma analgesia neuroaxonal e a anestesia geral \u00e9 utilizada apenas em casos de emerg\u00eancia.    <\/p>\n<h2 class=\"wp-block-heading\" id=\"parto-natural\"><strong>Parto natural<\/strong><\/h2>\n<p>As doentes a quem foi diagnosticada uma placenta baixa podem ter direito a um parto fisiol\u00f3gico se a gravidez for prematura e se a amniotomia for efectuada precocemente, mas t\u00eam um risco acrescido de hemorragia p\u00f3s-parto e podem tamb\u00e9m ter de ser operadas. \u00c9 de salientar que n\u00e3o existem dados sobre os benef\u00edcios do metotrexato. <\/p>\n<h2 class=\"wp-block-heading\" id=\"prognostico-para-o-feto\"><strong>Progn\u00f3stico para o feto<\/strong><\/h2>\n<p>A magnitude da mortalidade e morbilidade neonatal no desenvolvimento de placenta pr\u00e9via aumentou 3-4 vezes, associada, em regra, a trabalho de parto prematuro. <\/p>\n<div class=\"social-banner-block\">\n<div class=\"social-banner-content\">\n<p class=\"h5-title text-black\">Encontra mais conte\u00fados cientificamente exactos nas nossas redes sociais<\/p>\n<p><span class=\"social-banner-text text-grey\">Subscreve e n\u00e3o percas os recursos mais recentes<\/span><\/p>\n<div class=\"social-links-wrapper\"><a class=\"social-icon-link\" href=\"https:\/\/www.facebook.com\/VOKA3DAnatomyAndPathology\/\" target=\"_blank\" rel=\"nofollow noopener\"><img decoding=\"async\" src=\"https:\/\/storage.googleapis.com\/dev_wiki_voka_io_303011\/common\/Social%20Icons\/facebook.svg\" alt=\"social link\"><\/a><a class=\"social-icon-link\" href=\"https:\/\/www.instagram.com\/voka.io\/\" target=\"_blank\" rel=\"nofollow noopener\"><img decoding=\"async\" src=\"https:\/\/storage.googleapis.com\/dev_wiki_voka_io_303011\/common\/Social%20Icons\/insta.svg\" alt=\"social link\"><\/a><a class=\"social-icon-link\" href=\"https:\/\/www.linkedin.com\/company\/voka-io\/posts\/?feedView=all\" target=\"_blank\" rel=\"nofollow noopener\"><img decoding=\"async\" src=\"https:\/\/storage.googleapis.com\/dev_wiki_voka_io_303011\/common\/Social%20Icons\/linkedin.svg\" alt=\"social link\"><\/a><a class=\"social-icon-link\" href=\"https:\/\/www.youtube.com\/@vokaio\" target=\"_blank\" rel=\"nofollow noopener\"><img decoding=\"async\" src=\"https:\/\/storage.googleapis.com\/dev_wiki_voka_io_303011\/common\/Social%20Icons\/youtube.svg\" alt=\"social link\"><\/a><a class=\"social-icon-link\" href=\"https:\/\/www.pinterest.com\/voka3danatomyandpathology\/\" target=\"_blank\" rel=\"nofollow noopener\"><img decoding=\"async\" src=\"https:\/\/storage.googleapis.com\/dev_wiki_voka_io_303011\/common\/Social%20Icons\/pinterest.svg\" alt=\"social link\"><\/a><a class=\"social-icon-link\" href=\"https:\/\/www.tiktok.com\/@voka.io\" target=\"_blank\" rel=\"nofollow noopener\"><img decoding=\"async\" src=\"https:\/\/storage.googleapis.com\/dev_wiki_voka_io_303011\/common\/Social%20Icons\/tiktok.svg\" alt=\"social link\"><\/a><a class=\"social-icon-link\" href=\"https:\/\/discord.gg\/7ejUpq8DRR\" target=\"_blank\" rel=\"nofollow noopener\"><img decoding=\"async\" src=\"https:\/\/storage.googleapis.com\/dev_wiki_voka_io_303011\/common\/Social%20Icons\/discord.svg\" alt=\"social link\"><\/a><\/div>\n<\/div>\n<p><img decoding=\"async\" class=\"social-banner-image\" loading=\"lazy\" src=\"https:\/\/storage.googleapis.com\/dev_wiki_voka_io_303011\/common\/social-media-banner-mobile-image.webp\" alt=\"Banner background\"><\/div>\n<h2 class=\"wp-block-heading\" id=\"prognostico-para-a-mae\"><strong>Progn\u00f3stico para a m\u00e3e<\/strong><\/h2>\n<p>Se a placenta estiver localizada na parede anterior do \u00fatero, existe uma maior probabilidade de perda maci\u00e7a de sangue, o que aumenta os riscos da histerectomia. Este grupo de pacientes corre um risco acrescido de complica\u00e7\u00f5es, tais como  <\/p>\n<ul class=\"wp-block-list\">\n<li>Transfus\u00e3o de sangue;<\/li>\n<li>Danos em \u00f3rg\u00e3os adjacentes;<\/li>\n<li>Septicemia;<\/li>\n<li>Toma medidas de reanima\u00e7\u00e3o;<\/li>\n<li>Desenvolvimento de placenta pr\u00e9via na gravidez seguinte;<\/li>\n<li>Morre.<\/li>\n<\/ul>\n<div>\n<h2 class=\"faq-title h2-article\" id=\"faq\">FAQ<\/h2>\n<div class=\"faq-section\">\n<div class=\"faq-item faq-answer-hidden\">\n<div class=\"question-block\">\n<div class=\"faq-question\">\n<p class=\" text-black h5-title\">1. Quais s\u00e3o as manifesta\u00e7\u00f5es cl\u00ednicas da placenta pr\u00e9via?<\/p>\n<\/div>\n<div class=\"faq-answer text-main-text-color main-text-medium\">A principal manifesta\u00e7\u00e3o cl\u00ednica da placenta pr\u00e9via \u00e9 uma hemorragia vaginal indolor, que pode ocorrer subitamente em qualquer idade gestacional. A hemorragia ocorre frequentemente ap\u00f3s uma rela\u00e7\u00e3o sexual ou um exame ginecol\u00f3gico, mas por vezes surge sem motivo aparente. A hemorragia de termo \u00e9 normalmente mais intensa e come\u00e7a mais cedo do que a hemorragia de termo parcial.  <\/div>\n<\/div>\n<div class=\"expand-button-wrapper\"><button class=\"text-accent expand-button\">+<\/button><\/div>\n<\/div>\n<div class=\"faq-item faq-answer-hidden\">\n<div class=\"question-block\">\n<div class=\"faq-question\">\n<p class=\" text-black h5-title\">2. Quando \u00e9 que a placenta pr\u00e9via completa \u00e9 diagnosticada?<\/p>\n<\/div>\n<div class=\"faq-answer text-main-text-color main-text-medium\">A placenta pr\u00e9via completa \u00e9 diagnosticada por ecografia quando a placenta cobre completamente a faringe cervical interna. O diagn\u00f3stico final \u00e9 feito ap\u00f3s as 28 semanas de gravidez, uma vez que a migra\u00e7\u00e3o da placenta \u00e9 poss\u00edvel antes deste per\u00edodo. A ecografia transvaginal \u00e9 o m\u00e9todo de diagn\u00f3stico mais preciso.  <\/div>\n<\/div>\n<div class=\"expand-button-wrapper\"><button class=\"text-accent expand-button\">+<\/button><\/div>\n<\/div>\n<div class=\"faq-item faq-answer-hidden\">\n<div class=\"question-block\">\n<div class=\"faq-question\">\n<p class=\" text-black h5-title\">3. O que n\u00e3o deves fazer quando \u00e9 diagnosticada placenta pr\u00e9via?<\/p>\n<\/div>\n<div class=\"faq-answer text-main-text-color main-text-medium\">As restri\u00e7\u00f5es em caso de placenta pr\u00e9via incluem: proibi\u00e7\u00e3o absoluta de rela\u00e7\u00f5es sexuais, exclus\u00e3o de qualquer atividade f\u00edsica (incluindo levantar pesos superiores a 3 kg), recusa de exames vaginais fora do bloco operat\u00f3rio. As doentes est\u00e3o contra-indicadas para viagens longas e viagens de avi\u00e3o devido ao risco de provocar hemorragias. Deve ser dada especial aten\u00e7\u00e3o ao repouso psico-emocional, uma vez que as situa\u00e7\u00f5es de stress podem funcionar como fator desencadeante do desenvolvimento de complica\u00e7\u00f5es hemorr\u00e1gicas. Qualquer descarga sanguinolenta do trato genital requer aten\u00e7\u00e3o m\u00e9dica imediata.   <\/div>\n<\/div>\n<div class=\"expand-button-wrapper\"><button class=\"text-accent expand-button\">+<\/button><\/div>\n<\/div>\n<div class=\"faq-item faq-answer-hidden\">\n<div class=\"question-block\">\n<div class=\"faq-question\">\n<p class=\" text-black h5-title\">4. Qual \u00e9 o perigo da placenta pr\u00e9via marginal?<\/p>\n<\/div>\n<div class=\"faq-answer text-main-text-color main-text-medium\">A placenta pr\u00e9via \u00e9 perigosa devido ao risco de hemorragia s\u00fabita, que pode provocar anemia e parto prematuro. Embora nesta condi\u00e7\u00e3o a placenta cubra apenas parcialmente a faringe, existe ainda a possibilidade de uma cesariana de emerg\u00eancia se a hemorragia se tornar amea\u00e7adora. <\/div>\n<\/div>\n<div class=\"expand-button-wrapper\"><button class=\"text-accent expand-button\">+<\/button><\/div>\n<\/div>\n<div class=\"faq-item faq-answer-hidden\">\n<div class=\"question-block\">\n<div class=\"faq-question\">\n<p class=\" text-black h5-title\">5. Quais s\u00e3o as diretrizes cl\u00ednicas para a placenta pr\u00e9via?<\/p>\n<\/div>\n<div class=\"faq-answer text-main-text-color main-text-medium\">As recomenda\u00e7\u00f5es cl\u00ednicas para a placenta pr\u00e9via incluem cesariana planeada \u00e0s 36-37 semanas para placenta pr\u00e9via completa, hospitaliza\u00e7\u00e3o obrigat\u00f3ria para hemorragias e monitoriza\u00e7\u00e3o regular por ecografia. No caso de uma hemorragia ligeira nas fases iniciais, \u00e9 poss\u00edvel esperar para ver com repouso absoluto na cama. <\/div>\n<\/div>\n<div class=\"expand-button-wrapper\"><button class=\"text-accent expand-button\">+<\/button><\/div>\n<\/div>\n<\/div>\n<\/div>\n<div class=\"sources-list-block sources-list-hidden\" id=\"lista-de-fontes\">\n<div class=\"sources-list-content\">\n<div class=\"sources-list-title\">\n<p class=\"small-text-bold text-black sources-list-title-text\">Lista de fontes<\/p>\n<div class=\"sources-expand-button-wrapper-mobile\">\n<div class=\"sources-expand-button\"><svg width=\"32\" height=\"32\" viewbox=\"0 0 32 32\" fill=\"none\" xmlns=\"http:\/\/www.w3.org\/2000\/svg\"><path d=\"M8 12L16 20L24 12\" stroke=\"#8C9AAB\" stroke-width=\"2\" stroke-linecap=\"round\" stroke-linejoin=\"round\"><\/path><\/svg><\/div>\n<\/div>\n<\/div>\n<div class=\"sources-list-items\">\n<div class=\"source-item\">\n<p class=\"main-text-semibold text-black\">1.<\/p>\n<div class=\"source-item-content\">\n<p class=\"main-text-semibold text-black\">Cat\u00e1logo VOKA.<\/p>\n<p><span class=\"small-text-medium text-grey\">https:\/\/catalog.voka.io\/<\/span><\/div>\n<\/div>\n<div class=\"source-item\">\n<p class=\"main-text-semibold text-black\">2.<\/p>\n<div class=\"source-item-content\">\n<p class=\"main-text-semibold text-black\">Ahn KH, Lee EH, Cho GJ, Hong SC, Oh MJ, Kim HJ. Anterior placenta previa in the mid-trimester of pregnancy as a risk factor for neonatal respiratory distress syndrome. PLoS One. 2018;13(11):e0207061.   <\/p>\n<\/div>\n<\/div>\n<div class=\"source-item\">\n<p class=\"main-text-semibold text-black\">3.<\/p>\n<div class=\"source-item-content\">\n<p class=\"main-text-semibold text-black\">Ryu JM, Choi YS, Bae JY. Bleeding control using intrauterine continuous running suture during cesarean section in pregnant women with placenta previa. Arch Gynecol Obstet. 2019 Jan;299(1):135-139.   <\/p>\n<\/div>\n<\/div>\n<div class=\"source-item\">\n<p class=\"main-text-semibold text-black\">4.<\/p>\n<div class=\"source-item-content\">\n<p class=\"main-text-semibold text-black\">Silver RM, Branch DW. Placenta Accreta Spectrum. N Engl J Med. 2018 Apr 19;378(16):1529-1536.   <\/p>\n<\/div>\n<\/div>\n<div class=\"source-item\">\n<p class=\"main-text-semibold text-black\">5.<\/p>\n<div class=\"source-item-content\">\n<p class=\"main-text-semibold text-black\">Jing L, Wei G, Mengfan S, Yanyan H. Effect of site of placentation on pregnancy outcomes in patients with placenta previa. PLoS One. 2018;13(7):e0200252.  <\/p>\n<\/div>\n<\/div>\n<div class=\"source-item\">\n<p class=\"main-text-semibold text-black\">6.<\/p>\n<div class=\"source-item-content\">\n<p class=\"main-text-semibold text-black\">Carusi DA. The Placenta Accreta Spectrum: Epidemiology and Risk Factors. Clin Obstet Gynecol. 2018 Dec;61(4):733-742.   <\/p>\n<\/div>\n<\/div>\n<div class=\"source-item\">\n<p class=\"main-text-semibold text-black\">7.<\/p>\n<div class=\"source-item-content\">\n<p class=\"main-text-semibold text-black\">ACOG Committee Opinion No. 764: Medically Indicated Late-Preterm and Early-Term Deliveries. Obstet Gynecol. 2019 Feb;133(2):e151-e155.    <\/p>\n<\/div>\n<\/div>\n<div class=\"source-item\">\n<p class=\"main-text-semibold text-black\">8.<\/p>\n<div class=\"source-item-content\">\n<p class=\"main-text-semibold text-black\">Wing DA, Paul RH, Millar LK. Management of the symptomatic placenta previa: a randomized, controlled trial of inpatient versus outpatient expectant management. Am J Obstet Gynecol. 1996 Oct;175(4 Pt 1):806-11.   <\/p>\n<\/div>\n<\/div>\n<div class=\"source-item\">\n<p class=\"main-text-semibold text-black\">9.<\/p>\n<div class=\"source-item-content\">\n<p class=\"main-text-semibold text-black\">Riveros-Perez E, Wood C. Retrospective analysis of obstetric and anesthetic management of patients with placenta accreta spectrum disorders. Int J Gynaecol Obstet. 2018 Mar;140(3):370-374.   <\/p>\n<\/div>\n<\/div>\n<div class=\"source-item\">\n<p class=\"main-text-semibold text-black\">10.<\/p>\n<div class=\"source-item-content\">\n<p class=\"main-text-semibold text-black\">Jansen C, de Mooij YM, Blomaard CM, Derks JB, van Leeuwen E, Limpens J, Schuit E, Mol BW, Pajkrt E. Vaginal delivery in women with a low-lying placenta: a systematic review and meta-analysis. BJOG. 2019 Aug;126(9):1118-1126.  <\/p>\n<\/div>\n<\/div>\n<div class=\"source-item\">\n<p class=\"main-text-semibold text-black\">11.<\/p>\n<div class=\"source-item-content\">\n<p class=\"main-text-semibold text-black\">American College of Obstetricians and Gynecologists; Society for Maternal-Fetal Medicine. Obstetric Care Consensus No. 7: Placenta Accreta Spectrum. Obstet Gynecol. 2018 Dec;132(6):e259-e275.    <\/p>\n<\/div>\n<\/div>\n<\/div>\n<\/div>\n<div class=\"sources-expand-button-wrapper\">\n<div class=\"sources-expand-button\"><svg width=\"32\" height=\"32\" viewbox=\"0 0 32 32\" fill=\"none\" xmlns=\"http:\/\/www.w3.org\/2000\/svg\"><path d=\"M8 12L16 20L24 12\" stroke=\"#8C9AAB\" stroke-width=\"2\" stroke-linecap=\"round\" stroke-linejoin=\"round\"><\/path><\/svg><\/div>\n<\/div>\n<\/div>\n","protected":false},"excerpt":{"rendered":"<p>A placenta pr\u00e9via (placenta previa) \u00e9 uma condi\u00e7\u00e3o em que a placenta se implanta no segmento inferior do \u00fatero, mal suprido, cobrindo a faringe interna do colo do \u00fatero. Esta condi\u00e7\u00e3o desenvolve-se em 0,3% a 2% das gravidezes no terceiro trimestre. Em gravidezes mais precoces, uma condi\u00e7\u00e3o semelhante \u00e9 definida como c\u00f3rion previa, a membrana [&hellip;]<\/p>\n","protected":false},"author":5,"featured_media":0,"template":"","diseases_category":[299],"class_list":["post-918","diseases_post","type-diseases_post","status-publish","hentry","diseases_category-obstetricas"],"acf":[],"yoast_head":"<!-- This site is optimized with the Yoast SEO Premium plugin v25.0 (Yoast SEO v26.5) - https:\/\/yoast.com\/wordpress\/plugins\/seo\/ -->\n<title>Placenta pr\u00e9via: Classifica\u00e7\u00e3o, causas, sintomas, tratamento<\/title>\n<meta name=\"description\" content=\"Placenta pr\u00e9via na gravidez: etiologia, quadro cl\u00ednico, tipos, riscos, complica\u00e7\u00f5es e abordagens modernas de tratamento. Progn\u00f3stico para o feto e para a m\u00e3e.\" \/>\n<meta name=\"robots\" content=\"noindex, follow, max-snippet:-1, max-image-preview:large, max-video-preview:-1\" \/>\n<meta property=\"og:locale\" content=\"pt_PT\" \/>\n<meta property=\"og:type\" content=\"article\" \/>\n<meta property=\"og:title\" content=\"Placenta pr\u00e9via: Classifica\u00e7\u00e3o, diagn\u00f3stico, riscos e gest\u00e3o da gravidez\" \/>\n<meta property=\"og:description\" content=\"Placenta pr\u00e9via na gravidez: etiologia, quadro cl\u00ednico, tipos, riscos, complica\u00e7\u00f5es e abordagens modernas de tratamento. Progn\u00f3stico para o feto e para a m\u00e3e.\" \/>\n<meta property=\"og:url\" content=\"https:\/\/wiki.dev.voka.io\/pt\/doencas\/obstetricas\/placenta-previa\/\" \/>\n<meta property=\"og:site_name\" content=\"Voka Wiki\" \/>\n<meta property=\"article:publisher\" content=\"https:\/\/www.facebook.com\/VOKA3DAnatomyAndPathology\/\" \/>\n<meta property=\"article:modified_time\" content=\"2025-11-14T12:40:02+00:00\" \/>\n<meta property=\"og:image\" content=\"https:\/\/storage.googleapis.com\/dev_wiki_voka_io_303011\/articles\/ru\/akusherstvo\/predlezhanie-placenty\/polnoe-centralnoe-predlezhanie-placenty-vid-sboku-a-vid-sniezu-b.webp\" \/>\n<meta name=\"twitter:card\" content=\"summary_large_image\" \/>\n<meta name=\"twitter:label1\" content=\"Tempo estimado de leitura\" \/>\n\t<meta name=\"twitter:data1\" content=\"8 minutos\" \/>\n<script type=\"application\/ld+json\" class=\"yoast-schema-graph\">{\"@context\":\"https:\/\/schema.org\",\"@graph\":[{\"@type\":\"Article\",\"@id\":\"https:\/\/wiki.dev.voka.io\/pt\/doencas\/obstetricas\/placenta-previa\/#article\",\"isPartOf\":{\"@id\":\"https:\/\/wiki.dev.voka.io\/pt\/doencas\/obstetricas\/placenta-previa\/\"},\"author\":{\"name\":\"Daria G.\",\"@id\":\"https:\/\/wiki.dev.voka.io\/pt\/#\/schema\/person\/d04503ecdd61b2f6c240df6ab8b6f3d3\"},\"headline\":\"Placenta pr\u00e9via: Classifica\u00e7\u00e3o, diagn\u00f3stico, riscos e gest\u00e3o da gravidez\",\"datePublished\":\"2025-06-11T10:18:21+00:00\",\"dateModified\":\"2025-11-14T12:40:02+00:00\",\"mainEntityOfPage\":{\"@id\":\"https:\/\/wiki.dev.voka.io\/pt\/doencas\/obstetricas\/placenta-previa\/\"},\"wordCount\":1664,\"publisher\":{\"@id\":\"https:\/\/wiki.dev.voka.io\/pt\/#organization\"},\"image\":{\"@id\":\"https:\/\/wiki.dev.voka.io\/pt\/doencas\/obstetricas\/placenta-previa\/#primaryimage\"},\"thumbnailUrl\":\"https:\/\/storage.googleapis.com\/dev_wiki_voka_io_303011\/articles\/ru\/akusherstvo\/predlezhanie-placenty\/polnoe-centralnoe-predlezhanie-placenty-vid-sboku-a-vid-sniezu-b.webp\",\"inLanguage\":\"pt-PT\"},{\"@type\":\"WebPage\",\"@id\":\"https:\/\/wiki.dev.voka.io\/pt\/doencas\/obstetricas\/placenta-previa\/\",\"url\":\"https:\/\/wiki.dev.voka.io\/pt\/doencas\/obstetricas\/placenta-previa\/\",\"name\":\"Placenta pr\u00e9via: Classifica\u00e7\u00e3o, causas, sintomas, tratamento\",\"isPartOf\":{\"@id\":\"https:\/\/wiki.dev.voka.io\/pt\/#website\"},\"primaryImageOfPage\":{\"@id\":\"https:\/\/wiki.dev.voka.io\/pt\/doencas\/obstetricas\/placenta-previa\/#primaryimage\"},\"image\":{\"@id\":\"https:\/\/wiki.dev.voka.io\/pt\/doencas\/obstetricas\/placenta-previa\/#primaryimage\"},\"thumbnailUrl\":\"https:\/\/storage.googleapis.com\/dev_wiki_voka_io_303011\/articles\/ru\/akusherstvo\/predlezhanie-placenty\/polnoe-centralnoe-predlezhanie-placenty-vid-sboku-a-vid-sniezu-b.webp\",\"datePublished\":\"2025-06-11T10:18:21+00:00\",\"dateModified\":\"2025-11-14T12:40:02+00:00\",\"description\":\"Placenta pr\u00e9via na gravidez: etiologia, quadro cl\u00ednico, tipos, riscos, complica\u00e7\u00f5es e abordagens modernas de tratamento. Progn\u00f3stico para o feto e para a m\u00e3e.\",\"breadcrumb\":{\"@id\":\"https:\/\/wiki.dev.voka.io\/pt\/doencas\/obstetricas\/placenta-previa\/#breadcrumb\"},\"inLanguage\":\"pt-PT\",\"potentialAction\":[{\"@type\":\"ReadAction\",\"target\":[\"https:\/\/wiki.dev.voka.io\/pt\/doencas\/obstetricas\/placenta-previa\/\"]}]},{\"@type\":\"ImageObject\",\"inLanguage\":\"pt-PT\",\"@id\":\"https:\/\/wiki.dev.voka.io\/pt\/doencas\/obstetricas\/placenta-previa\/#primaryimage\",\"url\":\"https:\/\/storage.googleapis.com\/dev_wiki_voka_io_303011\/articles\/ru\/akusherstvo\/predlezhanie-placenty\/polnoe-centralnoe-predlezhanie-placenty-vid-sboku-a-vid-sniezu-b.webp\",\"contentUrl\":\"https:\/\/storage.googleapis.com\/dev_wiki_voka_io_303011\/articles\/ru\/akusherstvo\/predlezhanie-placenty\/polnoe-centralnoe-predlezhanie-placenty-vid-sboku-a-vid-sniezu-b.webp\"},{\"@type\":\"BreadcrumbList\",\"@id\":\"https:\/\/wiki.dev.voka.io\/pt\/doencas\/obstetricas\/placenta-previa\/#breadcrumb\",\"itemListElement\":[{\"@type\":\"ListItem\",\"position\":1,\"name\":\"Home\",\"item\":\"https:\/\/wiki.dev.voka.io\/pt\/\"},{\"@type\":\"ListItem\",\"position\":2,\"name\":\"Obstetr\u00edcia\",\"item\":\"https:\/\/wiki.dev.voka.io\/pt\/doencas\/obstetricas\/\"},{\"@type\":\"ListItem\",\"position\":3,\"name\":\"Placenta pr\u00e9via: Classifica\u00e7\u00e3o, diagn\u00f3stico, riscos e gest\u00e3o da gravidez\"}]},{\"@type\":\"WebSite\",\"@id\":\"https:\/\/wiki.dev.voka.io\/pt\/#website\",\"url\":\"https:\/\/wiki.dev.voka.io\/pt\/\",\"name\":\"Voka Wiki\",\"description\":\"\",\"publisher\":{\"@id\":\"https:\/\/wiki.dev.voka.io\/pt\/#organization\"},\"alternateName\":\"Anatomy & Pathology Wiki by VOKA\",\"potentialAction\":[{\"@type\":\"SearchAction\",\"target\":{\"@type\":\"EntryPoint\",\"urlTemplate\":\"https:\/\/wiki.dev.voka.io\/pt\/?s={search_term_string}\"},\"query-input\":{\"@type\":\"PropertyValueSpecification\",\"valueRequired\":true,\"valueName\":\"search_term_string\"}}],\"inLanguage\":\"pt-PT\"},{\"@type\":\"Organization\",\"@id\":\"https:\/\/wiki.dev.voka.io\/pt\/#organization\",\"name\":\"Voka 3D Anatomy & Pathology\",\"alternateName\":\"VOKA\",\"url\":\"https:\/\/wiki.dev.voka.io\/pt\/\",\"logo\":{\"@type\":\"ImageObject\",\"inLanguage\":\"pt-PT\",\"@id\":\"https:\/\/wiki.dev.voka.io\/pt\/#\/schema\/logo\/image\/\",\"url\":\"https:\/\/wiki.dev.voka.io\/wp-content\/uploads\/2025\/02\/cropped-voka-logo-1.png\",\"contentUrl\":\"https:\/\/wiki.dev.voka.io\/wp-content\/uploads\/2025\/02\/cropped-voka-logo-1.png\",\"width\":70,\"height\":16,\"caption\":\"Voka 3D Anatomy & Pathology\"},\"image\":{\"@id\":\"https:\/\/wiki.dev.voka.io\/pt\/#\/schema\/logo\/image\/\"},\"sameAs\":[\"https:\/\/www.facebook.com\/VOKA3DAnatomyAndPathology\/\",\"https:\/\/www.instagram.com\/voka.io\/\",\"https:\/\/www.linkedin.com\/company\/voka-io\/\",\"https:\/\/www.youtube.com\/channel\/UCqGGuOEpr62ScH8Pjk2q5zw\/videos\",\"https:\/\/www.pinterest.com\/VokaAnatomyPro\/\",\"https:\/\/www.threads.com\/@voka.io\"],\"description\":\"VOKA.io offers 3D medical animations and custom 3D modeling services. Our product, VOKA 3D Anatomy & Pathology, is a digital atlas with over 1,000 detailed 3D models of human anatomy and pathology, designed for medical education, training, and patient communication.\",\"email\":\"info@voka.io\",\"telephone\":\"+1 814 351 4442\",\"legalName\":\"Voka 3D Anatomy & Pathology\",\"foundingDate\":\"2017-02-12\",\"naics\":\"541512\",\"numberOfEmployees\":{\"@type\":\"QuantitativeValue\",\"minValue\":\"51\",\"maxValue\":\"200\"},\"publishingPrinciples\":\"https:\/\/wiki.voka.io\/pt\/principios-de-publicacao\/\"},{\"@type\":\"Person\",\"@id\":\"https:\/\/wiki.dev.voka.io\/pt\/#\/schema\/person\/d04503ecdd61b2f6c240df6ab8b6f3d3\",\"name\":\"Daria G.\",\"image\":{\"@type\":\"ImageObject\",\"inLanguage\":\"pt-PT\",\"@id\":\"https:\/\/wiki.dev.voka.io\/pt\/#\/schema\/person\/image\/\",\"url\":\"https:\/\/secure.gravatar.com\/avatar\/1faab9091e9e12b98ab4611e0e933edce775a5bbe4d7e27819593886426e21f3?s=96&d=mm&r=g\",\"contentUrl\":\"https:\/\/secure.gravatar.com\/avatar\/1faab9091e9e12b98ab4611e0e933edce775a5bbe4d7e27819593886426e21f3?s=96&d=mm&r=g\",\"caption\":\"Daria G.\"}}]}<\/script>\n<!-- \/ Yoast SEO Premium plugin. -->","yoast_head_json":{"title":"Placenta pr\u00e9via: Classifica\u00e7\u00e3o, causas, sintomas, tratamento","description":"Placenta pr\u00e9via na gravidez: etiologia, quadro cl\u00ednico, tipos, riscos, complica\u00e7\u00f5es e abordagens modernas de tratamento. Progn\u00f3stico para o feto e para a m\u00e3e.","robots":{"index":"noindex","follow":"follow","max-snippet":"max-snippet:-1","max-image-preview":"max-image-preview:large","max-video-preview":"max-video-preview:-1"},"og_locale":"pt_PT","og_type":"article","og_title":"Placenta pr\u00e9via: Classifica\u00e7\u00e3o, diagn\u00f3stico, riscos e gest\u00e3o da gravidez","og_description":"Placenta pr\u00e9via na gravidez: etiologia, quadro cl\u00ednico, tipos, riscos, complica\u00e7\u00f5es e abordagens modernas de tratamento. Progn\u00f3stico para o feto e para a m\u00e3e.","og_url":"https:\/\/wiki.dev.voka.io\/pt\/doencas\/obstetricas\/placenta-previa\/","og_site_name":"Voka Wiki","article_publisher":"https:\/\/www.facebook.com\/VOKA3DAnatomyAndPathology\/","article_modified_time":"2025-11-14T12:40:02+00:00","og_image":[{"url":"https:\/\/storage.googleapis.com\/dev_wiki_voka_io_303011\/articles\/ru\/akusherstvo\/predlezhanie-placenty\/polnoe-centralnoe-predlezhanie-placenty-vid-sboku-a-vid-sniezu-b.webp","type":"","width":"","height":""}],"twitter_card":"summary_large_image","twitter_misc":{"Tempo estimado de leitura":"8 minutos"},"schema":{"@context":"https:\/\/schema.org","@graph":[{"@type":"Article","@id":"https:\/\/wiki.dev.voka.io\/pt\/doencas\/obstetricas\/placenta-previa\/#article","isPartOf":{"@id":"https:\/\/wiki.dev.voka.io\/pt\/doencas\/obstetricas\/placenta-previa\/"},"author":{"name":"Daria G.","@id":"https:\/\/wiki.dev.voka.io\/pt\/#\/schema\/person\/d04503ecdd61b2f6c240df6ab8b6f3d3"},"headline":"Placenta pr\u00e9via: Classifica\u00e7\u00e3o, diagn\u00f3stico, riscos e gest\u00e3o da gravidez","datePublished":"2025-06-11T10:18:21+00:00","dateModified":"2025-11-14T12:40:02+00:00","mainEntityOfPage":{"@id":"https:\/\/wiki.dev.voka.io\/pt\/doencas\/obstetricas\/placenta-previa\/"},"wordCount":1664,"publisher":{"@id":"https:\/\/wiki.dev.voka.io\/pt\/#organization"},"image":{"@id":"https:\/\/wiki.dev.voka.io\/pt\/doencas\/obstetricas\/placenta-previa\/#primaryimage"},"thumbnailUrl":"https:\/\/storage.googleapis.com\/dev_wiki_voka_io_303011\/articles\/ru\/akusherstvo\/predlezhanie-placenty\/polnoe-centralnoe-predlezhanie-placenty-vid-sboku-a-vid-sniezu-b.webp","inLanguage":"pt-PT"},{"@type":"WebPage","@id":"https:\/\/wiki.dev.voka.io\/pt\/doencas\/obstetricas\/placenta-previa\/","url":"https:\/\/wiki.dev.voka.io\/pt\/doencas\/obstetricas\/placenta-previa\/","name":"Placenta pr\u00e9via: Classifica\u00e7\u00e3o, causas, sintomas, tratamento","isPartOf":{"@id":"https:\/\/wiki.dev.voka.io\/pt\/#website"},"primaryImageOfPage":{"@id":"https:\/\/wiki.dev.voka.io\/pt\/doencas\/obstetricas\/placenta-previa\/#primaryimage"},"image":{"@id":"https:\/\/wiki.dev.voka.io\/pt\/doencas\/obstetricas\/placenta-previa\/#primaryimage"},"thumbnailUrl":"https:\/\/storage.googleapis.com\/dev_wiki_voka_io_303011\/articles\/ru\/akusherstvo\/predlezhanie-placenty\/polnoe-centralnoe-predlezhanie-placenty-vid-sboku-a-vid-sniezu-b.webp","datePublished":"2025-06-11T10:18:21+00:00","dateModified":"2025-11-14T12:40:02+00:00","description":"Placenta pr\u00e9via na gravidez: etiologia, quadro cl\u00ednico, tipos, riscos, complica\u00e7\u00f5es e abordagens modernas de tratamento. Progn\u00f3stico para o feto e para a m\u00e3e.","breadcrumb":{"@id":"https:\/\/wiki.dev.voka.io\/pt\/doencas\/obstetricas\/placenta-previa\/#breadcrumb"},"inLanguage":"pt-PT","potentialAction":[{"@type":"ReadAction","target":["https:\/\/wiki.dev.voka.io\/pt\/doencas\/obstetricas\/placenta-previa\/"]}]},{"@type":"ImageObject","inLanguage":"pt-PT","@id":"https:\/\/wiki.dev.voka.io\/pt\/doencas\/obstetricas\/placenta-previa\/#primaryimage","url":"https:\/\/storage.googleapis.com\/dev_wiki_voka_io_303011\/articles\/ru\/akusherstvo\/predlezhanie-placenty\/polnoe-centralnoe-predlezhanie-placenty-vid-sboku-a-vid-sniezu-b.webp","contentUrl":"https:\/\/storage.googleapis.com\/dev_wiki_voka_io_303011\/articles\/ru\/akusherstvo\/predlezhanie-placenty\/polnoe-centralnoe-predlezhanie-placenty-vid-sboku-a-vid-sniezu-b.webp"},{"@type":"BreadcrumbList","@id":"https:\/\/wiki.dev.voka.io\/pt\/doencas\/obstetricas\/placenta-previa\/#breadcrumb","itemListElement":[{"@type":"ListItem","position":1,"name":"Home","item":"https:\/\/wiki.dev.voka.io\/pt\/"},{"@type":"ListItem","position":2,"name":"Obstetr\u00edcia","item":"https:\/\/wiki.dev.voka.io\/pt\/doencas\/obstetricas\/"},{"@type":"ListItem","position":3,"name":"Placenta pr\u00e9via: Classifica\u00e7\u00e3o, diagn\u00f3stico, riscos e gest\u00e3o da gravidez"}]},{"@type":"WebSite","@id":"https:\/\/wiki.dev.voka.io\/pt\/#website","url":"https:\/\/wiki.dev.voka.io\/pt\/","name":"Voka Wiki","description":"","publisher":{"@id":"https:\/\/wiki.dev.voka.io\/pt\/#organization"},"alternateName":"Anatomy & Pathology Wiki by VOKA","potentialAction":[{"@type":"SearchAction","target":{"@type":"EntryPoint","urlTemplate":"https:\/\/wiki.dev.voka.io\/pt\/?s={search_term_string}"},"query-input":{"@type":"PropertyValueSpecification","valueRequired":true,"valueName":"search_term_string"}}],"inLanguage":"pt-PT"},{"@type":"Organization","@id":"https:\/\/wiki.dev.voka.io\/pt\/#organization","name":"Voka 3D Anatomy & Pathology","alternateName":"VOKA","url":"https:\/\/wiki.dev.voka.io\/pt\/","logo":{"@type":"ImageObject","inLanguage":"pt-PT","@id":"https:\/\/wiki.dev.voka.io\/pt\/#\/schema\/logo\/image\/","url":"https:\/\/wiki.dev.voka.io\/wp-content\/uploads\/2025\/02\/cropped-voka-logo-1.png","contentUrl":"https:\/\/wiki.dev.voka.io\/wp-content\/uploads\/2025\/02\/cropped-voka-logo-1.png","width":70,"height":16,"caption":"Voka 3D Anatomy & Pathology"},"image":{"@id":"https:\/\/wiki.dev.voka.io\/pt\/#\/schema\/logo\/image\/"},"sameAs":["https:\/\/www.facebook.com\/VOKA3DAnatomyAndPathology\/","https:\/\/www.instagram.com\/voka.io\/","https:\/\/www.linkedin.com\/company\/voka-io\/","https:\/\/www.youtube.com\/channel\/UCqGGuOEpr62ScH8Pjk2q5zw\/videos","https:\/\/www.pinterest.com\/VokaAnatomyPro\/","https:\/\/www.threads.com\/@voka.io"],"description":"VOKA.io offers 3D medical animations and custom 3D modeling services. Our product, VOKA 3D Anatomy & Pathology, is a digital atlas with over 1,000 detailed 3D models of human anatomy and pathology, designed for medical education, training, and patient communication.","email":"info@voka.io","telephone":"+1 814 351 4442","legalName":"Voka 3D Anatomy & Pathology","foundingDate":"2017-02-12","naics":"541512","numberOfEmployees":{"@type":"QuantitativeValue","minValue":"51","maxValue":"200"},"publishingPrinciples":"https:\/\/wiki.voka.io\/pt\/principios-de-publicacao\/"},{"@type":"Person","@id":"https:\/\/wiki.dev.voka.io\/pt\/#\/schema\/person\/d04503ecdd61b2f6c240df6ab8b6f3d3","name":"Daria G.","image":{"@type":"ImageObject","inLanguage":"pt-PT","@id":"https:\/\/wiki.dev.voka.io\/pt\/#\/schema\/person\/image\/","url":"https:\/\/secure.gravatar.com\/avatar\/1faab9091e9e12b98ab4611e0e933edce775a5bbe4d7e27819593886426e21f3?s=96&d=mm&r=g","contentUrl":"https:\/\/secure.gravatar.com\/avatar\/1faab9091e9e12b98ab4611e0e933edce775a5bbe4d7e27819593886426e21f3?s=96&d=mm&r=g","caption":"Daria G."}}]}},"_links":{"self":[{"href":"https:\/\/wiki.dev.voka.io\/pt\/wp-json\/wp\/v2\/diseases_post\/918","targetHints":{"allow":["GET"]}}],"collection":[{"href":"https:\/\/wiki.dev.voka.io\/pt\/wp-json\/wp\/v2\/diseases_post"}],"about":[{"href":"https:\/\/wiki.dev.voka.io\/pt\/wp-json\/wp\/v2\/types\/diseases_post"}],"author":[{"embeddable":true,"href":"https:\/\/wiki.dev.voka.io\/pt\/wp-json\/wp\/v2\/users\/5"}],"wp:attachment":[{"href":"https:\/\/wiki.dev.voka.io\/pt\/wp-json\/wp\/v2\/media?parent=918"}],"wp:term":[{"taxonomy":"diseases_category","embeddable":true,"href":"https:\/\/wiki.dev.voka.io\/pt\/wp-json\/wp\/v2\/diseases_category?post=918"}],"curies":[{"name":"wp","href":"https:\/\/api.w.org\/{rel}","templated":true}]}}