{"id":4786,"date":"2026-02-12T16:09:00","date_gmt":"2026-02-12T13:09:00","guid":{"rendered":"https:\/\/wiki.dev.voka.io\/diseases\/uncategorized\/recuperacao-apos-pneumonia\/"},"modified":"2026-04-01T18:39:11","modified_gmt":"2026-04-01T15:39:11","slug":"recuperacao-apos-pneumonia","status":"publish","type":"diseases_post","link":"https:\/\/wiki.dev.voka.io\/pt\/doencas\/pneumologia\/recuperacao-apos-pneumonia\/","title":{"rendered":"Recupera\u00e7\u00e3o ap\u00f3s pneumonia: est\u00e1gios e m\u00e9todos de reabilita\u00e7\u00e3o"},"content":{"rendered":"<p><?xml encoding=\"UTF-8\" ?><\/p>\n<p>Pneumonia \u00e9 uma doen\u00e7a infecciosa e inflamat\u00f3ria aguda que afeta os pulm\u00f5es, causada principalmente por bact\u00e9rias e\/ou v\u00edrus e, menos frequentemente, por fungos e parasitas.<\/p>\n<p>Desde 2019, o surgimento de uma nova cepa de coronav\u00edrus tornou-se um problema significativo de sa\u00fade p\u00fablica, levando a uma pandemia global. O curso da infec\u00e7\u00e3o por coronav\u00edrus \u00e9 altamente vari\u00e1vel, variando desde a completa aus\u00eancia de sintomas at\u00e9 pneumonia grave com insufici\u00eancia respirat\u00f3ria. <\/p>\n<p>Ap\u00f3s a pneumonia, os pacientes frequentemente experimentam um processo de recupera\u00e7\u00e3o prolongado, atribu\u00eddo \u00e0 recupera\u00e7\u00e3o da fun\u00e7\u00e3o pulmonar, estabiliza\u00e7\u00e3o dos processos metab\u00f3licos e fortalecimento da imunidade. <\/p>\n<p><strong>Objetivo da reabilita\u00e7\u00e3o para pacientes em recupera\u00e7\u00e3o da COVID-19<\/strong>:<\/p>\n<ul class=\"wp-block-list\">\n<li>Melhoria da respira\u00e7\u00e3o; <\/li>\n<li>Al\u00edvio da ansiedade e da depress\u00e3o; <\/li>\n<li>Resolu\u00e7\u00e3o de complica\u00e7\u00f5es associadas; <\/li>\n<li>Preserva\u00e7\u00e3o das fun\u00e7\u00f5es pr\u00e9-existentes e melhoria da sa\u00fade. <\/li>\n<\/ul>\n<p>Os esfor\u00e7os de reabilita\u00e7\u00e3o visam prevenir patologias secund\u00e1rias, como neuropatia, miopatia, disfun\u00e7\u00f5es articulares e fibrose pulmonar. A reabilita\u00e7\u00e3o m\u00e9dica oportuna e bem planejada pode reduzir significativamente a probabilidade de complica\u00e7\u00f5es, melhorar a qualidade de vida e diminuir a frequ\u00eancia de recorr\u00eancias da doen\u00e7a.<\/p>\n<h2 class=\"wp-block-heading\" id=\"estagios-de-reabilitacao-medica-para-pacientes-apos-pneumonia\">Est\u00e1gios de reabilita\u00e7\u00e3o m\u00e9dica para pacientes ap\u00f3s pneumonia<\/h2>\n<ul class=\"wp-block-list\">\n<li><strong>Primeira etapa<\/strong>: reabilita\u00e7\u00e3o inicial nas unidades de terapia intensiva. Nesta fase, \u00e9 fornecido um conjunto abrangente de medidas de reabilita\u00e7\u00e3o m\u00e9dica nas unidades de terapia intensiva, bem como nos departamentos infecciosos e terap\u00eauticos, caso n\u00e3o haja contraindica\u00e7\u00f5es. <\/li>\n<li><strong>Segunda etapa<\/strong>: reabilita\u00e7\u00e3o precoce em departamentos especializados de interna\u00e7\u00e3o para reabilita\u00e7\u00e3o m\u00e9dica, projetados para pacientes com doen\u00e7as som\u00e1ticas.<\/li>\n<li><strong>Terceira etapa<\/strong>: organiza\u00e7\u00e3o de programas de reabilita\u00e7\u00e3o em departamentos hospitalares ambulatoriais, centros de reabilita\u00e7\u00e3o ambulatorial e em casa, usando solu\u00e7\u00f5es de telemedicina. Esta etapa \u00e9 recomendada para pacientes com doen\u00e7as som\u00e1ticas com suficiente potencial de reabilita\u00e7\u00e3o. Para alcan\u00e7ar o maior efeito terap\u00eautico, recomenda-se realizar um conjunto de exerc\u00edcios tr\u00eas vezes por semana: duas vezes sob a supervis\u00e3o de especialistas e uma de forma independente em casa.<\/li>\n<\/ul>\n<h2 class=\"wp-block-heading\" id=\"sintomas-de-pneumonia-no-periodo-pos-infeccao\">Sintomas de pneumonia no per\u00edodo p\u00f3s-infec\u00e7\u00e3o<\/h2>\n<p>Ap\u00f3s a alta, muitos pacientes tratados por pneumonia devido \u00e0 COVID-19 podem continuar a experimentar sintomas por at\u00e9 180 dias. Os sintomas mais comuns s\u00e3o fadiga (42,4%) e dispneia (37,3%). <\/p>\n<p>Estudos indicam que a COVID-19 tem um impacto significativo no estado psicoemocional dos pacientes. Por exemplo, al\u00e9m da ins\u00f4nia ap\u00f3s a alta, aproximadamente 20% dos pacientes experimentaram depress\u00e3o e ansiedade. <\/p>\n<p>A perda de paladar e olfato costuma ocorrer no in\u00edcio da doen\u00e7a e se resolve dentro de quatro semanas. Entretanto, uma pequena parte dos pacientes pode continuar a experimentar esses sintomas por um per\u00edodo mais longo.<\/p>\n<p>Ap\u00f3s a pneumonia, muitos pacientes continuam a sentir as consequ\u00eancias na forma de <strong>comprometimentos funcionais do sistema respirat\u00f3rio<\/strong>:<\/p>\n<ul class=\"wp-block-list\">\n<li>Redu\u00e7\u00e3o da capacidade vital dos pulm\u00f5es;<\/li>\n<li>Comprometimento da rela\u00e7\u00e3o ventila\u00e7\u00e3o-perfus\u00e3o;<\/li>\n<li>Presen\u00e7a de infiltrados residuais ou altera\u00e7\u00f5es fibr\u00f3ticas na radiografia ou tomografia computadorizada;<\/li>\n<li>Aumento da reatividade das vias a\u00e9reas e predisposi\u00e7\u00e3o para infec\u00e7\u00f5es respirat\u00f3rias recorrentes.<\/li>\n<\/ul>\n<h2 class=\"wp-block-heading\" id=\"planejamento-da-reabilitacao-apos-pneumonia\">Planejamento da reabilita\u00e7\u00e3o ap\u00f3s pneumonia<\/h2>\n<p>A recupera\u00e7\u00e3o ap\u00f3s pneumonia \u00e9 um processo em m\u00faltiplos est\u00e1gios que deve ser adaptado \u00e0 gravidade da pneumonia, \u00e0 idade do paciente e \u00e0 presen\u00e7a de doen\u00e7as cr\u00f4nicas. <\/p>\n<p>Os melhores resultados s\u00e3o alcan\u00e7ados com reabilita\u00e7\u00e3o abrangente, que consiste em medicamentos, eletroterapia\/terapia restauradora, reabilita\u00e7\u00e3o pulmonar, nutri\u00e7\u00e3o, mudan\u00e7as no estilo de vida e apoio psicol\u00f3gico. Isso afeta positivamente a qualidade de vida e reduz o risco de complica\u00e7\u00f5es.<\/p>\n<p>Antes de planejar a reabilita\u00e7\u00e3o, quaisquer sintomas que possam afetar sua seguran\u00e7a s\u00e3o avaliados por um cl\u00ednico.<\/p>\n<p>Os principais sintomas incluem:<\/p>\n<ul class=\"wp-block-list\">\n<li><strong><\/strong><strong>Sintomas respirat\u00f3rios<\/strong>: dispneia, tosse;<\/li>\n<li><strong>Sintomas cardiovasculares<\/strong>: sensa\u00e7\u00e3o de aperto e\/ou desconforto no peito, palpita\u00e7\u00f5es;<\/li>\n<li><strong>Sintomas gerais<\/strong>: fadiga, fraqueza, febre;<\/li>\n<li><strong>Sintomas neurol\u00f3gicos<\/strong>: dor de cabe\u00e7a, perda de concentra\u00e7\u00e3o, problemas de mem\u00f3ria, dist\u00farbios do sono, tontura, tinnitus (zumbido no ouvido);<\/li>\n<li><strong>Sintomas gastrointestinais<\/strong>: dor abdominal ou desconforto, n\u00e1usea, diarreia, anorexia e diminui\u00e7\u00e3o do apetite;<\/li>\n<li><strong>Sintomas musculoesquel\u00e9ticos<\/strong>: dor nas articula\u00e7\u00f5es, dor muscular;<\/li>\n<li><strong>Sintomas psicol\u00f3gicos<\/strong>: depress\u00e3o, ansiedade.<\/li>\n<\/ul>\n<p>Ent\u00e3o, um plano de recupera\u00e7\u00e3o deve ser desenvolvido em conjunto com o paciente.<\/p>\n<h2 class=\"wp-block-heading\" id=\"metodos-de-recuperacao-e-terapia-restauradora-para-os-pulmoes-apos-pneumonia\">M\u00e9todos de recupera\u00e7\u00e3o e terapia restauradora para os pulm\u00f5es ap\u00f3s pneumonia<\/h2>\n<h3 class=\"wp-block-heading\" id=\"terapia-medicamentosa\">Terapia medicamentosa<\/h3>\n<p>A terapia m\u00e9dica durante o per\u00edodo de recupera\u00e7\u00e3o inclui a continuidade do uso de medicamentos voltados para a normaliza\u00e7\u00e3o da permeabilidade br\u00f4nquica e redu\u00e7\u00e3o do processo inflamat\u00f3rio:<\/p>\n<ul class=\"wp-block-list\">\n<li><strong>Mucol\u00edticos<\/strong> (ambroxol, acetilciste\u00edna), promovendo a libera\u00e7\u00e3o mais f\u00e1cil do muco;<\/li>\n<li><strong>Vitaminas e imunomoduladores<\/strong>, fornecendo suporte \u00e0s defesas do corpo.<\/li>\n<\/ul>\n<h3 class=\"wp-block-heading\" id=\"eletroterapia-terapia-restauradora\">Eletroterapia\/terapia restauradora<\/h3>\n<p>A eletroterapia\/terapia restauradora promove melhora na microcircula\u00e7\u00e3o, redu\u00e7\u00e3o da inflama\u00e7\u00e3o e recupera\u00e7\u00e3o da fun\u00e7\u00e3o respirat\u00f3ria:<\/p>\n<ul class=\"wp-block-list\">\n<li><strong>Inala\u00e7\u00f5es<\/strong> com solu\u00e7\u00f5es medicinais (soro fisiol\u00f3gico, \u00e1gua mineral) para hidratar as vias a\u00e9reas e facilitar a libera\u00e7\u00e3o de secre\u00e7\u00f5es;<\/li>\n<li><strong>Terapia UHF (ultra-hipofracionada)<\/strong> para reduzir a inflama\u00e7\u00e3o, melhorar a circula\u00e7\u00e3o sangu\u00ednea e estimular processos de regenera\u00e7\u00e3o nos tecidos pulmonares;<\/li>\n<li><strong>Eletroforese<\/strong> com medicamentos \u00e9 um m\u00e9todo de entrega de subst\u00e2ncias ativas atrav\u00e9s da pele usando um campo el\u00e9trico, proporcionando um efeito terap\u00eautico localizado;<\/li>\n<li><strong>Massagem tor\u00e1cica com drenagem postural e vibra\u00e7\u00e3o<\/strong> \u00e9 uma t\u00e9cnica que promove a expans\u00e3o br\u00f4nquica, melhora a drenagem broncopulmonar e aumenta a efici\u00eancia do reflexo da tosse.<\/li>\n<\/ul>\n<figure class=\"wp-block-image size-large\"><img decoding=\"async\" src=\"https:\/\/storage.googleapis.com\/dev_wiki_voka_io_303011\/articles\/en\/pulmonology\/pneumonia-rehabilitation-in-sanatorium-inhalation-and-spirometry-control.webp\" alt=\"Reabilita\u00e7\u00e3o ap\u00f3s pneumonia em sanat\u00f3rios: um m\u00e9dico supervisiona o processo de inala\u00e7\u00e3o sob espirometria para pacientes\"><figcaption class=\"wp-element-caption\">Reabilita\u00e7\u00e3o ap\u00f3s pneumonia em sanat\u00f3rios: um m\u00e9dico supervisiona o processo de inala\u00e7\u00e3o sob espirometria para pacientes<\/figcaption><\/figure>\n<h3 class=\"wp-block-heading\" id=\"reabilitacao-pulmonar\">Reabilita\u00e7\u00e3o pulmonar <\/h3>\n<p>A reabilita\u00e7\u00e3o pulmonar \u00e9 um programa voltado para melhorar a condi\u00e7\u00e3o pulmonar ap\u00f3s pneumonia e fortalecer o bem-estar emocional do paciente:<\/p>\n<ul class=\"wp-block-list\">\n<li><strong>Exerc\u00edcios respirat\u00f3rios<\/strong>: exerc\u00edcios de respira\u00e7\u00e3o diafragm\u00e1tica profunda, respira\u00e7\u00e3o com l\u00e1bios semicerrados e exerc\u00edcios para estimula\u00e7\u00e3o da tosse;<\/li>\n<li><strong>Drenagem postural<\/strong>: posicionamento do paciente em v\u00e1rias posi\u00e7\u00f5es (incluindo inclina\u00e7\u00e3o e rota\u00e7\u00e3o do tronco) para facilitar a evacua\u00e7\u00e3o do muco das vias a\u00e9reas inferiores usando a gravidade;<\/li>\n<li><strong>Controle de satura\u00e7\u00e3o<\/strong> (n\u00edvel de satura\u00e7\u00e3o de oxig\u00eanio no sangue) durante exerc\u00edcios f\u00edsicos. <\/li>\n<\/ul>\n<figure class=\"wp-block-image size-large\"><img decoding=\"async\" src=\"https:\/\/storage.googleapis.com\/dev_wiki_voka_io_303011\/articles\/en\/pulmonology\/breathing-exercises-under-rehabilitation-specialist-supervisionwebp\" alt=\"Realizar exerc\u00edcios respirat\u00f3rios sob a supervis\u00e3o de um m\u00e9dico de reabilita\u00e7\u00e3o\"><figcaption class=\"wp-element-caption\">Realizar exerc\u00edcios respirat\u00f3rios sob a supervis\u00e3o de um m\u00e9dico de reabilita\u00e7\u00e3o<\/figcaption><\/figure>\n<p><strong>Um programa de exerc\u00edcios<\/strong> deve incluir: <\/p>\n<ul class=\"wp-block-list\">\n<li>Treinamento de resist\u00eancia (bicicleta e esteira); <\/li>\n<li>Gin\u00e1stica (uma combina\u00e7\u00e3o de exerc\u00edcios para melhorar a for\u00e7a, coordena\u00e7\u00e3o, amplitude de movimento e equil\u00edbrio); <\/li>\n<li>Caminhada em ambientes internos e externos; <\/li>\n<li>Treinamento de for\u00e7a. <\/li>\n<\/ul>\n<p>Para determinar o n\u00edvel adequado de carga durante qualquer exerc\u00edcio f\u00edsico, \u00e9 ideal usar o resultado do teste de caminhada de 6 minutos ou realizar uma caminhada de prova individual ao ar livre. <\/p>\n<p>Realizar regularmente estes procedimentos promove a restaura\u00e7\u00e3o da ventila\u00e7\u00e3o pulmonar normal, reduz os fen\u00f4menos residuais e aumenta a capacidade funcional geral do sistema respirat\u00f3rio.<\/p>\n<h3 class=\"wp-block-heading\" id=\"nutricao-e-estilo-de-vida\">Nutri\u00e7\u00e3o e estilo de vida<\/h3>\n<p>Uma nutri\u00e7\u00e3o balanceada desempenha um papel importante no processo de recupera\u00e7\u00e3o p\u00f3s-pneumonia. <\/p>\n<p><strong>Recomenda\u00e7\u00f5es<\/strong>:<\/p>\n<ul class=\"wp-block-list\">\n<li>Aumentar o consumo de alimentos ricos em prote\u00ednas para apoiar a regenera\u00e7\u00e3o dos tecidos;<\/li>\n<li>Consumir alimentos que contenham a quantidade necess\u00e1ria de nutrientes, como as vitaminas A, E, C, D, do grupo B, \u00e1cidos graxos \u00f4mega-3 e minerais (ferro, cobre, sel\u00eanio, zinco, e magn\u00e9sio), pois eles ajudam a fortalecer o sistema imunol\u00f3gico;<\/li>\n<li>Garantir a ingest\u00e3o adequada de l\u00edquidos para diluir o muco e facilitar sua remo\u00e7\u00e3o;<\/li>\n<li>Evitar alimentos excessivamente gordurosos, salgados, defumados e de dif\u00edcil digest\u00e3o;<\/li>\n<li>Abandonar h\u00e1bitos prejudiciais. O tabagismo suprime a fun\u00e7\u00e3o do epit\u00e9lio ciliado, aumenta a inflama\u00e7\u00e3o e desacelera a recupera\u00e7\u00e3o. A completa recusa \u00e0 nicotina, assim como a limita\u00e7\u00e3o do consumo de \u00e1lcool, promovem a recupera\u00e7\u00e3o mais r\u00e1pida do sistema respirat\u00f3rio;<\/li>\n<li>Atividade f\u00edsica: come\u00e7ar com exerc\u00edcios leves, como caminhada e exerc\u00edcios respirat\u00f3rios, passando gradualmente para treinos mais complexos e ativos. <\/li>\n<\/ul>\n<h3 class=\"wp-block-heading\" id=\"apoio-psicologico\">Apoio psicol\u00f3gico <\/h3>\n<p>O apoio psicol\u00f3gico \u00e9 uma parte essencial da reabilita\u00e7\u00e3o ap\u00f3s uma doen\u00e7a grave, que pode ser acompanhada de ansiedade, medo, apatia ou depress\u00e3o. <\/p>\n<p>\u00c9 necess\u00e1rio fornecer ao paciente <strong>assist\u00eancia emocional e psicol\u00f3gica<\/strong>:<\/p>\n<ul class=\"wp-block-list\">\n<li>Consultas regulares com um psic\u00f3logo ou psicoterapeuta, tanto off-line quanto on-line, usando m\u00eddias digitais e sociais;<\/li>\n<li>Treinamento em m\u00e9todos de relaxamento, exerc\u00edcios respirat\u00f3rios e gest\u00e3o do estresse.<\/li>\n<\/ul>\n<div class=\"social-banner-block\">\n<div class=\"social-banner-content\">\n<p class=\"h5-title text-black\">Encontra mais conte\u00fados cientificamente exactos nas nossas redes sociais<\/p>\n<p><span class=\"social-banner-text text-grey\">Subscreve e n\u00e3o percas os recursos mais recentes<\/span><\/p>\n<div class=\"social-links-wrapper\"><a class=\"social-icon-link\" href=\"https:\/\/www.facebook.com\/VOKA3DAnatomyAndPathology\/\" target=\"_blank\" rel=\"nofollow noopener\"><img decoding=\"async\" src=\"https:\/\/storage.googleapis.com\/dev_wiki_voka_io_303011\/common\/Social%20Icons\/facebook.svg\" alt=\"social link\"><\/a><a class=\"social-icon-link\" href=\"https:\/\/www.instagram.com\/voka.io\/\" target=\"_blank\" rel=\"nofollow noopener\"><img decoding=\"async\" src=\"https:\/\/storage.googleapis.com\/dev_wiki_voka_io_303011\/common\/Social%20Icons\/insta.svg\" alt=\"social link\"><\/a><a class=\"social-icon-link\" href=\"https:\/\/www.linkedin.com\/company\/voka-io\/posts\/?feedView=all\" target=\"_blank\" rel=\"nofollow noopener\"><img decoding=\"async\" src=\"https:\/\/storage.googleapis.com\/dev_wiki_voka_io_303011\/common\/Social%20Icons\/linkedin.svg\" alt=\"social link\"><\/a><a class=\"social-icon-link\" href=\"https:\/\/www.youtube.com\/@vokaio\" target=\"_blank\" rel=\"nofollow noopener\"><img decoding=\"async\" src=\"https:\/\/storage.googleapis.com\/dev_wiki_voka_io_303011\/common\/Social%20Icons\/youtube.svg\" alt=\"social link\"><\/a><a class=\"social-icon-link\" href=\"https:\/\/www.pinterest.com\/voka3danatomyandpathology\/\" target=\"_blank\" rel=\"nofollow noopener\"><img decoding=\"async\" src=\"https:\/\/storage.googleapis.com\/dev_wiki_voka_io_303011\/common\/Social%20Icons\/pinterest.svg\" alt=\"social link\"><\/a><a class=\"social-icon-link\" href=\"https:\/\/www.tiktok.com\/@voka.io\" target=\"_blank\" rel=\"nofollow noopener\"><img decoding=\"async\" src=\"https:\/\/storage.googleapis.com\/dev_wiki_voka_io_303011\/common\/Social%20Icons\/tiktok.svg\" alt=\"social link\"><\/a><a class=\"social-icon-link\" href=\"https:\/\/discord.gg\/7ejUpq8DRR\" target=\"_blank\" rel=\"nofollow noopener\"><img decoding=\"async\" src=\"https:\/\/storage.googleapis.com\/dev_wiki_voka_io_303011\/common\/Social%20Icons\/discord.svg\" alt=\"social link\"><\/a><\/div>\n<\/div>\n<p><img decoding=\"async\" class=\"social-banner-image\" loading=\"lazy\" src=\"https:\/\/storage.googleapis.com\/dev_wiki_voka_io_303011\/common\/social-media-banner-mobile-image.webp\" alt=\"Banner background\"><\/div>\n<h2 class=\"wp-block-heading\" id=\"prevencao-de-recorrencias\">Preven\u00e7\u00e3o de recorr\u00eancias<\/h2>\n<p>Para reduzir o risco de ataques recorrentes de pneumonia, \u00e9 importante seguir estas <strong>medidas preventivas<\/strong>:<\/p>\n<ul class=\"wp-block-list\">\n<li>Vacina\u00e7\u00e3o programada contra gripe e infec\u00e7\u00e3o pneumoc\u00f3cica (especialmente para pacientes com duas ou mais doen\u00e7as cr\u00f4nicas, principalmente para indiv\u00edduos com mais de 50 anos);<\/li>\n<li>Tratamento de doen\u00e7as respirat\u00f3rias agudas imediatamente ap\u00f3s a detec\u00e7\u00e3o;<\/li>\n<li>Nutri\u00e7\u00e3o balanceada e racional, garantindo a ingest\u00e3o de todos os macronutrientes e micronutrientes, especialmente a vitamina D, que tem import\u00e2ncia significativa no desenvolvimento de infec\u00e7\u00f5es virais; <\/li>\n<li>Controle sistem\u00e1tico de patologias cr\u00f4nicas associadas;<\/li>\n<li>Exames m\u00e9dicos regulares para a detec\u00e7\u00e3o precoce de doen\u00e7as.<\/li>\n<\/ul>\n<p>A recupera\u00e7\u00e3o da pneumonia de qualquer origem \u00e9 um processo prolongado, com prazos variando entre diferentes pacientes. A dura\u00e7\u00e3o da reabilita\u00e7\u00e3o depende da idade, caracter\u00edsticas individuais do corpo e da presen\u00e7a de comorbidades cr\u00f4nicas.<\/p>\n<p>Uma parte significativa dos pacientes com pneumonia por COVID-19 continua a apresentar sintomas durante 3 a 6 meses ap\u00f3s a alta hospitalar. As queixas mais comuns s\u00e3o fadiga, dispneia durante esfor\u00e7o f\u00edsico, ins\u00f4nia e ansiedade. A dispneia durante a atividade f\u00edsica est\u00e1 associada a altera\u00e7\u00f5es persistentes identificadas em exames pulmonares instrumentais e mudan\u00e7as na capacidade de difus\u00e3o dos pulm\u00f5es. <\/p>\n<p>Gra\u00e7as \u00e0 introdu\u00e7\u00e3o de novas tecnologias que permitem aos m\u00e9dicos monitorar a sa\u00fade do paciente ap\u00f3s a alta, a ades\u00e3o ao programa de reabilita\u00e7\u00e3o aumenta significativamente. Por exemplo, a telerreabilita\u00e7\u00e3o pode ajudar a evitar a interrup\u00e7\u00e3o no atendimento m\u00e9dico ap\u00f3s a alta de pacientes com pneumonia do hospital.<\/p>\n<div>\n<h2 class=\"faq-title h2-article\" id=\"faq\">FAQ<\/h2>\n<div class=\"faq-section\">\n<div class=\"faq-item faq-answer-hidden\">\n<div class=\"question-block\">\n<div class=\"faq-question\">\n<p class=\" text-black h5-title\">1. Qual \u00e9 a peculiaridade da reabilita\u00e7\u00e3o ap\u00f3s pneumonia bilateral?<\/p>\n<\/div>\n<div class=\"faq-answer text-main-text-color main-text-medium\">A pneumonia bilateral \u00e9 caracterizada pelo envolvimento de ambos os pulm\u00f5es, o que aumenta significativamente o volume de tecido danificado e o risco de fibrose ou insufici\u00eancia respirat\u00f3ria. Nessa situa\u00e7\u00e3o, a recupera\u00e7\u00e3o requer um per\u00edodo mais longo e monitoramento m\u00e9dico cuidadoso, geralmente incluindo monitoramento din\u00e2mico da satura\u00e7\u00e3o e um curso estendido de fisioterapia para prevenir processos aderentes em todos os lobos pulmonares.<\/div>\n<\/div>\n<div class=\"expand-button-wrapper\"><button class=\"text-accent expand-button\">+<\/button><\/div>\n<\/div>\n<div class=\"faq-item faq-answer-hidden\">\n<div class=\"question-block\">\n<div class=\"faq-question\">\n<p class=\" text-black h5-title\">2. Como ocorre a recupera\u00e7\u00e3o da pneumonia em crian\u00e7as?<\/p>\n<\/div>\n<div class=\"faq-answer text-main-text-color main-text-medium\">O corpo de uma crian\u00e7a possui alta capacidade regenerativa, portanto, a recupera\u00e7\u00e3o fisiol\u00f3gica frequentemente ocorre mais r\u00e1pido do que em adultos; no entanto, requer uma abordagem espec\u00edfica. A reabilita\u00e7\u00e3o infantil deve excluir cargas intensivas em favor de terapia f\u00edsica l\u00fadica e longos passeios ao ar livre, com aten\u00e7\u00e3o especial a uma dieta hipoalerg\u00eanica e tratamento em sanat\u00f3rios para fortalecer a imunidade geral.<\/div>\n<\/div>\n<div class=\"expand-button-wrapper\"><button class=\"text-accent expand-button\">+<\/button><\/div>\n<\/div>\n<div class=\"faq-item faq-answer-hidden\">\n<div class=\"question-block\">\n<div class=\"faq-question\">\n<p class=\" text-black h5-title\">3. Como acelerar o processo de recupera\u00e7\u00e3o dos pulm\u00f5es e do corpo como um todo?<\/p>\n<\/div>\n<div class=\"faq-answer text-main-text-color main-text-medium\">N\u00e3o \u00e9 poss\u00edvel for\u00e7ar os processos biol\u00f3gicos de regenera\u00e7\u00e3o, mas a ades\u00e3o estrita a um regime abrangente pode prevenir o prolongamento da doen\u00e7a. Para se recuperar o mais r\u00e1pido poss\u00edvel, sem complica\u00e7\u00f5es, \u00e9 necess\u00e1rio combinar medicamentos com exerc\u00edcios respirat\u00f3rios di\u00e1rios e sono adequado, evitando categoricamente tentativas de suportar o mal-estar residual \u201cfora da cama\u201d, pois isso \u00e9 uma das principais causas de reca\u00eddas.<\/div>\n<\/div>\n<div class=\"expand-button-wrapper\"><button class=\"text-accent expand-button\">+<\/button><\/div>\n<\/div>\n<div class=\"faq-item faq-answer-hidden\">\n<div class=\"question-block\">\n<div class=\"faq-question\">\n<p class=\" text-black h5-title\">4. Quais m\u00e9todos ajudam a restaurar a respira\u00e7\u00e3o ap\u00f3s pneumonia por COVID-19?<\/p>\n<\/div>\n<div class=\"faq-answer text-main-text-color main-text-medium\">A reabilita\u00e7\u00e3o respirat\u00f3ria regular desempenha um papel fundamental na restaura\u00e7\u00e3o da respira\u00e7\u00e3o e no retorno do volume pulmonar completo ap\u00f3s COVID-19. O foco principal est\u00e1 na respira\u00e7\u00e3o diafragm\u00e1tica, que envolve as partes inferiores dos pulm\u00f5es, e nos exerc\u00edcios sonoros, que ajudam a aliviar os espasmos br\u00f4nquicos e melhorar a expectora\u00e7\u00e3o; \u00e9 importante aumentar gradualmente a intensidade desses exerc\u00edcios, baseado na aus\u00eancia de tonturas.<\/div>\n<\/div>\n<div class=\"expand-button-wrapper\"><button class=\"text-accent expand-button\">+<\/button><\/div>\n<\/div>\n<div class=\"faq-item faq-answer-hidden\">\n<div class=\"question-block\">\n<div class=\"faq-question\">\n<p class=\" text-black h5-title\">5. \u00c9 poss\u00edvel praticar esportes imediatamente ap\u00f3s alta?<\/p>\n<\/div>\n<div class=\"faq-answer text-main-text-color main-text-medium\">O retorno aos esportes ativos deve ser gradual, j\u00e1 que os sistemas cardiovascular e respirat\u00f3rio permanecem vulner\u00e1veis mesmo ap\u00f3s o desaparecimento dos principais sintomas. \u00c9 aconselh\u00e1vel come\u00e7ar com caminhadas terap\u00eauticas e exerc\u00edcios de alongamento, transitando para exerc\u00edcios de for\u00e7a e cardiorrespirat\u00f3rios somente ap\u00f3s consulta m\u00e9dica e realiza\u00e7\u00e3o de testes funcionais que confirmem a prontid\u00e3o do corpo para o esfor\u00e7o.<\/div>\n<\/div>\n<div class=\"expand-button-wrapper\"><button class=\"text-accent expand-button\">+<\/button><\/div>\n<\/div>\n<\/div>\n<\/div>\n<div class=\"sources-list-block sources-list-hidden\" id=\"referencias\">\n<div class=\"sources-list-content\">\n<div class=\"sources-list-title\">\n<p class=\"small-text-bold text-black sources-list-title-text\">Refer\u00eancias<\/p>\n<div class=\"sources-expand-button-wrapper-mobile\">\n<div class=\"sources-expand-button\"><svg width=\"32\" height=\"32\" viewbox=\"0 0 32 32\" fill=\"none\" xmlns=\"http:\/\/www.w3.org\/2000\/svg\"><path d=\"M8 12L16 20L24 12\" stroke=\"#8C9AAB\" stroke-width=\"2\" stroke-linecap=\"round\" stroke-linejoin=\"round\"><\/path><\/svg><\/div>\n<\/div>\n<\/div>\n<div class=\"sources-list-items\">\n<div class=\"source-item\">\n<p class=\"main-text-semibold text-black\">1.<\/p>\n<div class=\"source-item-content\">\n<p class=\"main-text-semibold text-black\"><cite>VOKA 3D Anatomy & Pathology \u2013 Complete Anatomy and Pathology 3D Atlas (Atlas 3D completo de anatomia e patologia) [Internet]. VOKA 3D Anatomy & Pathology. <\/cite><\/p>\n<p><span class=\"small-text-medium text-grey\">Dispon\u00edvel em: https:\/\/catalog.voka.io\/<\/span><\/div>\n<\/div>\n<div class=\"source-item\">\n<p class=\"main-text-semibold text-black\">2.<\/p>\n<div class=\"source-item-content\">\n<p class=\"main-text-semibold text-black\"><cite>Spruit MA, Singh SJ, Garvey C, ZuWallack R, Nici L, Rochester C, Hill K, Holland AE, Lareau SC, Man WD c., Pitta F, Sewell L, Raskin J, Bourbeau J, Crouch R, Franssen FME, Casaburi R, Vercoulen JH, Vogiatzis I, Gosselink R, Clini EM, Effing TW, Maltais F, Van Der Palen J, Troosters T, Janssen DJA, Collins E, Garcia-Aymerich J, Brooks D, Fahy BF, Puhan MA, Hoogendoorn M, Garrod R, Schols AMWJ, Carlin B, Benzo R, Meek P, Morgan M, M\u00f6lken MPMHRV, Ries AL, Make B, Goldstein RS, Dowson CA, Brozek JL, Donner CF, Wouters EFM. An official American Thoracic Society\/European Respiratory Society Statement: Key Concepts and Advances in Pulmonary Rehabilitation (Uma declara\u00e7\u00e3o oficial da American Thoracic Society\/European Respiratory Society [Sociedade Tor\u00e1cica Americana\/Sociedade Europeia Respirat\u00f3ria]: principais conceitos e avan\u00e7os na reabilita\u00e7\u00e3o pulmonar). American Journal of Respiratory and Critical Care Medicine [Internet]. 2013 Oct 15;188(8):e13\u2013e64. <\/cite><\/p>\n<p><span class=\"small-text-medium text-grey\">Dispon\u00edvel em: https:\/\/doi.org\/10.1164\/rccm.201309-1634st<\/span><\/div>\n<\/div>\n<div class=\"source-item\">\n<p class=\"main-text-semibold text-black\">3.<\/p>\n<div class=\"source-item-content\">\n<p class=\"main-text-semibold text-black\"><cite>Paneroni M, Vitacca M, Bernocchi P, Bertacchini L, Scalvini S. Feasibility of tele-rehabilitation in survivors of COVID-19 pneumonia (Viabilidade da telerreabilita\u00e7\u00e3o em sobreviventes de pneumonia por COVID-19). Pulmonology [Internet]. 2021 Apr 15;28(2):152\u2013154. <\/cite><\/p>\n<p><span class=\"small-text-medium text-grey\">Dispon\u00edvel em: https:\/\/doi.org\/10.1016\/j.pulmoe.2021.03.009<\/span><\/div>\n<\/div>\n<div class=\"source-item\">\n<p class=\"main-text-semibold text-black\">4.<\/p>\n<div class=\"source-item-content\">\n<p class=\"main-text-semibold text-black\"><cite>Asimakos A, Spetsioti S, Mavronasou A, Gounopoulos P, Siousioura D, Dima E, Gianniou N, Sigala I, Zakynthinos G, Kotanidou A, Vogiatzis I, Katsaounou P. Additive benefit of rehabilitation on physical status, symptoms and mental health after hospitalisation for severe COVID-19 pneumonia (Benef\u00edcio adicional da reabilita\u00e7\u00e3o sobre o estado f\u00edsico, sintomas e sa\u00fade mental ap\u00f3s hospitaliza\u00e7\u00e3o por pneumonia grave por COVID-19). BMJ Open Respiratory Research [Internet]. 2023 Jun 1;10(1):e001377. <\/cite><\/p>\n<p><span class=\"small-text-medium text-grey\">Dispon\u00edvel em: https:\/\/doi.org\/10.1136\/bmjresp-2022-001377<\/span><\/div>\n<\/div>\n<div class=\"source-item\">\n<p class=\"main-text-semibold text-black\">5.<\/p>\n<div class=\"source-item-content\">\n<p class=\"main-text-semibold text-black\"><cite>Salehi Z, Askari M, Jafari A, Ghosn B, Surkan PJ, Hosseinzadeh-Attar MJ, Pouraram H, Azadbakht L. Dietary patterns and micronutrients in respiratory infections including COVID-19: a narrative review (Padr\u00f5es alimentares e micronutrientes em infec\u00e7\u00f5es respirat\u00f3rias, incluindo COVID-19: uma revis\u00e3o narrativa). BMC Public Health [Internet]. 2024 Jun 21;24(1):1661. <\/cite><\/p>\n<p><span class=\"small-text-medium text-grey\">Dispon\u00edvel em: https:\/\/doi.org\/10.1186\/s12889-024-18760-y<\/span><\/div>\n<\/div>\n<div class=\"source-item\">\n<p class=\"main-text-semibold text-black\">6.<\/p>\n<div class=\"source-item-content\">\n<p class=\"main-text-semibold text-black\"><cite>Moscatelli F, Sessa F, Valenzano A, Polito R, Monda V, Cibelli G, Villano I, Pisanelli D, Perrella M, Daniele A, Monda M, Messina G, Messina A. COVID-19: Role of nutrition and supplementation (COVID-19: papel da nutri\u00e7\u00e3o e suplementa\u00e7\u00e3o). Nutrients [Internet]. 2021 Mar 17;13(3):976. <\/cite><\/p>\n<p><span class=\"small-text-medium text-grey\">Dispon\u00edvel em: https:\/\/doi.org\/10.3390\/nu13030976<\/span><\/div>\n<\/div>\n<div class=\"source-item\">\n<p class=\"main-text-semibold text-black\">7.<\/p>\n<div class=\"source-item-content\">\n<p class=\"main-text-semibold text-black\"><cite>Soklaridis S, Lin E, Lalani Y, Rodak T, Sockalingam S. Mental health interventions and supports during COVID- 19 and other medical pandemics: A rapid systematic review of the evidence (Interven\u00e7\u00f5es e apoios em sa\u00fade mental durante a COVID-19 e outras pandemias m\u00e9dicas: uma revis\u00e3o sistem\u00e1tica r\u00e1pida das evid\u00eancias). General Hospital Psychiatry [Internet]. 2020 Aug 22;66:133\u2013146. <\/cite><\/p>\n<p><span class=\"small-text-medium text-grey\">Dispon\u00edvel em: https:\/\/doi.org\/10.1016\/j.genhosppsych.2020.08.007<\/span><\/div>\n<\/div>\n<div class=\"source-item\">\n<p class=\"main-text-semibold text-black\">8.<\/p>\n<div class=\"source-item-content\">\n<p class=\"main-text-semibold text-black\"><cite>Sun T, Guo L, Tian F, Dai T, Xing X, Zhao J, Li Q. Rehabilitation of patients with COVID-19 (Reabilita\u00e7\u00e3o de pacientes com COVID-19). Expert Review of Respiratory Medicine [Internet]. 2020 Aug 16;14(12):1249\u20131256. <\/cite><\/p>\n<p><span class=\"small-text-medium text-grey\">Dispon\u00edvel em: https:\/\/doi.org\/10.1080\/17476348.2020.1811687<\/span><\/div>\n<\/div>\n<div class=\"source-item\">\n<p class=\"main-text-semibold text-black\">9.<\/p>\n<div class=\"source-item-content\">\n<p class=\"main-text-semibold text-black\"><cite>Fortini A, Torrigiani A, Sbaragli S, Lo Forte A, Crociani A, Cecchini P, Bruni GI, Faraone A. COVID-19: persistence of symptoms and lung alterations after 3\u20136 months from hospital discharge (COVID-19: persist\u00eancia de sintomas e altera\u00e7\u00f5es pulmonares ap\u00f3s 3 a 6 meses da alta hospitalar). Infection [Internet]. 2021 Jun 6;49(5):1007\u20131015. <\/cite><\/p>\n<p><span class=\"small-text-medium text-grey\">Dispon\u00edvel em: https:\/\/doi.org\/10.1007\/s15010-021-01638-1<\/span><\/div>\n<\/div>\n<div class=\"source-item\">\n<p class=\"main-text-semibold text-black\">10.<\/p>\n<div class=\"source-item-content\">\n<p class=\"main-text-semibold text-black\"><cite>Spielmanns M, Pekacka-Egli AM, Schoendorf S, Windisch W, Hermann M. Effects of a comprehensive pulmonary rehabilitation in severe Post-COVID-19 patients (Efeitos de uma reabilita\u00e7\u00e3o pulmonar abrangente em pacientes ap\u00f3s COVID-19 grave). International Journal of Environmental Research and Public Health [Internet]. 2021 Mar 7;18(5):2695. <\/cite><\/p>\n<p><span class=\"small-text-medium text-grey\">Dispon\u00edvel em: https:\/\/doi.org\/10.3390\/ijerph18052695<\/span><\/div>\n<\/div>\n<\/div>\n<\/div>\n<div class=\"sources-expand-button-wrapper\">\n<div class=\"sources-expand-button\"><svg width=\"32\" height=\"32\" viewbox=\"0 0 32 32\" fill=\"none\" xmlns=\"http:\/\/www.w3.org\/2000\/svg\"><path d=\"M8 12L16 20L24 12\" stroke=\"#8C9AAB\" stroke-width=\"2\" stroke-linecap=\"round\" stroke-linejoin=\"round\"><\/path><\/svg><\/div>\n<\/div>\n<\/div>\n","protected":false},"excerpt":{"rendered":"<p>Pneumonia \u00e9 uma doen\u00e7a infecciosa e inflamat\u00f3ria aguda que afeta os pulm\u00f5es, causada principalmente por bact\u00e9rias e\/ou v\u00edrus e, menos frequentemente, por fungos e parasitas. Desde 2019, o surgimento de uma nova cepa de coronav\u00edrus tornou-se um problema significativo de sa\u00fade p\u00fablica, levando a uma pandemia global. O curso da infec\u00e7\u00e3o por coronav\u00edrus \u00e9 altamente [&hellip;]<\/p>\n","protected":false},"author":30,"featured_media":0,"template":"","diseases_category":[302],"class_list":["post-4786","diseases_post","type-diseases_post","status-publish","hentry","diseases_category-pneumologia"],"acf":[],"yoast_head":"<!-- This site is optimized with the Yoast SEO Premium plugin v25.0 (Yoast SEO v26.5) - https:\/\/yoast.com\/wordpress\/plugins\/seo\/ -->\n<title>Restaura\u00e7\u00e3o da fun\u00e7\u00e3o pulmonar ap\u00f3s pneumonia: est\u00e1gios e m\u00e9todos de reabilita\u00e7\u00e3o<\/title>\n<meta name=\"description\" content=\"Recupera\u00e7\u00e3o ap\u00f3s pneumonia e COVID-19. Est\u00e1gios de reabilita\u00e7\u00e3o m\u00e9dica, m\u00e9todos de eletroterapia\/terapia restauradora, diretrizes diet\u00e9ticas e preven\u00e7\u00e3o de complica\u00e7\u00f5es.\" \/>\n<meta name=\"robots\" content=\"noindex, follow, max-snippet:-1, max-image-preview:large, max-video-preview:-1\" \/>\n<meta property=\"og:locale\" content=\"pt_PT\" \/>\n<meta property=\"og:type\" content=\"article\" \/>\n<meta property=\"og:title\" content=\"Recupera\u00e7\u00e3o ap\u00f3s pneumonia: est\u00e1gios e m\u00e9todos de reabilita\u00e7\u00e3o\" \/>\n<meta property=\"og:description\" content=\"Recupera\u00e7\u00e3o ap\u00f3s pneumonia e COVID-19. Est\u00e1gios de reabilita\u00e7\u00e3o m\u00e9dica, m\u00e9todos de eletroterapia\/terapia restauradora, diretrizes diet\u00e9ticas e preven\u00e7\u00e3o de complica\u00e7\u00f5es.\" \/>\n<meta property=\"og:url\" content=\"https:\/\/wiki.dev.voka.io\/pt\/doencas\/pneumologia\/recuperacao-apos-pneumonia\/\" \/>\n<meta property=\"og:site_name\" content=\"Voka Wiki\" \/>\n<meta property=\"article:publisher\" content=\"https:\/\/www.facebook.com\/VOKA3DAnatomyAndPathology\/\" \/>\n<meta property=\"article:modified_time\" content=\"2026-04-01T15:39:11+00:00\" \/>\n<meta property=\"og:image\" content=\"https:\/\/storage.googleapis.com\/dev_wiki_voka_io_303011\/articles\/en\/pulmonology\/pneumonia-rehabilitation-in-sanatorium-inhalation-and-spirometry-control.webp\" \/>\n<meta name=\"twitter:card\" content=\"summary_large_image\" \/>\n<meta name=\"twitter:label1\" content=\"Tempo estimado de leitura\" \/>\n\t<meta name=\"twitter:data1\" content=\"9 minutos\" \/>\n<script type=\"application\/ld+json\" class=\"yoast-schema-graph\">{\"@context\":\"https:\/\/schema.org\",\"@graph\":[{\"@type\":\"Article\",\"@id\":\"https:\/\/wiki.dev.voka.io\/pt\/doencas\/pneumologia\/recuperacao-apos-pneumonia\/#article\",\"isPartOf\":{\"@id\":\"https:\/\/wiki.dev.voka.io\/pt\/doencas\/pneumologia\/recuperacao-apos-pneumonia\/\"},\"author\":{\"name\":\"Lizaveta D.\",\"@id\":\"https:\/\/wiki.dev.voka.io\/pt\/#\/schema\/person\/69a6fd4e1e80b2091a8e5f32338900c2\"},\"headline\":\"Recupera\u00e7\u00e3o ap\u00f3s pneumonia: est\u00e1gios e m\u00e9todos de reabilita\u00e7\u00e3o\",\"datePublished\":\"2026-02-12T13:09:00+00:00\",\"dateModified\":\"2026-04-01T15:39:11+00:00\",\"mainEntityOfPage\":{\"@id\":\"https:\/\/wiki.dev.voka.io\/pt\/doencas\/pneumologia\/recuperacao-apos-pneumonia\/\"},\"wordCount\":1737,\"publisher\":{\"@id\":\"https:\/\/wiki.dev.voka.io\/pt\/#organization\"},\"image\":{\"@id\":\"https:\/\/wiki.dev.voka.io\/pt\/doencas\/pneumologia\/recuperacao-apos-pneumonia\/#primaryimage\"},\"thumbnailUrl\":\"https:\/\/storage.googleapis.com\/dev_wiki_voka_io_303011\/articles\/en\/pulmonology\/pneumonia-rehabilitation-in-sanatorium-inhalation-and-spirometry-control.webp\",\"inLanguage\":\"pt-PT\"},{\"@type\":\"WebPage\",\"@id\":\"https:\/\/wiki.dev.voka.io\/pt\/doencas\/pneumologia\/recuperacao-apos-pneumonia\/\",\"url\":\"https:\/\/wiki.dev.voka.io\/pt\/doencas\/pneumologia\/recuperacao-apos-pneumonia\/\",\"name\":\"Restaura\u00e7\u00e3o da fun\u00e7\u00e3o pulmonar ap\u00f3s pneumonia: est\u00e1gios e m\u00e9todos de reabilita\u00e7\u00e3o\",\"isPartOf\":{\"@id\":\"https:\/\/wiki.dev.voka.io\/pt\/#website\"},\"primaryImageOfPage\":{\"@id\":\"https:\/\/wiki.dev.voka.io\/pt\/doencas\/pneumologia\/recuperacao-apos-pneumonia\/#primaryimage\"},\"image\":{\"@id\":\"https:\/\/wiki.dev.voka.io\/pt\/doencas\/pneumologia\/recuperacao-apos-pneumonia\/#primaryimage\"},\"thumbnailUrl\":\"https:\/\/storage.googleapis.com\/dev_wiki_voka_io_303011\/articles\/en\/pulmonology\/pneumonia-rehabilitation-in-sanatorium-inhalation-and-spirometry-control.webp\",\"datePublished\":\"2026-02-12T13:09:00+00:00\",\"dateModified\":\"2026-04-01T15:39:11+00:00\",\"description\":\"Recupera\u00e7\u00e3o ap\u00f3s pneumonia e COVID-19. Est\u00e1gios de reabilita\u00e7\u00e3o m\u00e9dica, m\u00e9todos de eletroterapia\/terapia restauradora, diretrizes diet\u00e9ticas e preven\u00e7\u00e3o de complica\u00e7\u00f5es.\",\"breadcrumb\":{\"@id\":\"https:\/\/wiki.dev.voka.io\/pt\/doencas\/pneumologia\/recuperacao-apos-pneumonia\/#breadcrumb\"},\"inLanguage\":\"pt-PT\",\"potentialAction\":[{\"@type\":\"ReadAction\",\"target\":[\"https:\/\/wiki.dev.voka.io\/pt\/doencas\/pneumologia\/recuperacao-apos-pneumonia\/\"]}]},{\"@type\":\"ImageObject\",\"inLanguage\":\"pt-PT\",\"@id\":\"https:\/\/wiki.dev.voka.io\/pt\/doencas\/pneumologia\/recuperacao-apos-pneumonia\/#primaryimage\",\"url\":\"https:\/\/storage.googleapis.com\/dev_wiki_voka_io_303011\/articles\/en\/pulmonology\/pneumonia-rehabilitation-in-sanatorium-inhalation-and-spirometry-control.webp\",\"contentUrl\":\"https:\/\/storage.googleapis.com\/dev_wiki_voka_io_303011\/articles\/en\/pulmonology\/pneumonia-rehabilitation-in-sanatorium-inhalation-and-spirometry-control.webp\"},{\"@type\":\"BreadcrumbList\",\"@id\":\"https:\/\/wiki.dev.voka.io\/pt\/doencas\/pneumologia\/recuperacao-apos-pneumonia\/#breadcrumb\",\"itemListElement\":[{\"@type\":\"ListItem\",\"position\":1,\"name\":\"Home\",\"item\":\"https:\/\/wiki.dev.voka.io\/pt\/\"},{\"@type\":\"ListItem\",\"position\":2,\"name\":\"Pneumologia\",\"item\":\"https:\/\/wiki.dev.voka.io\/pt\/doencas\/pneumologia\/\"},{\"@type\":\"ListItem\",\"position\":3,\"name\":\"Recupera\u00e7\u00e3o ap\u00f3s pneumonia: est\u00e1gios e m\u00e9todos de reabilita\u00e7\u00e3o\"}]},{\"@type\":\"WebSite\",\"@id\":\"https:\/\/wiki.dev.voka.io\/pt\/#website\",\"url\":\"https:\/\/wiki.dev.voka.io\/pt\/\",\"name\":\"Voka Wiki\",\"description\":\"\",\"publisher\":{\"@id\":\"https:\/\/wiki.dev.voka.io\/pt\/#organization\"},\"alternateName\":\"Anatomy & Pathology Wiki by VOKA\",\"potentialAction\":[{\"@type\":\"SearchAction\",\"target\":{\"@type\":\"EntryPoint\",\"urlTemplate\":\"https:\/\/wiki.dev.voka.io\/pt\/?s={search_term_string}\"},\"query-input\":{\"@type\":\"PropertyValueSpecification\",\"valueRequired\":true,\"valueName\":\"search_term_string\"}}],\"inLanguage\":\"pt-PT\"},{\"@type\":\"Organization\",\"@id\":\"https:\/\/wiki.dev.voka.io\/pt\/#organization\",\"name\":\"Voka 3D Anatomy & Pathology\",\"alternateName\":\"VOKA\",\"url\":\"https:\/\/wiki.dev.voka.io\/pt\/\",\"logo\":{\"@type\":\"ImageObject\",\"inLanguage\":\"pt-PT\",\"@id\":\"https:\/\/wiki.dev.voka.io\/pt\/#\/schema\/logo\/image\/\",\"url\":\"https:\/\/wiki.dev.voka.io\/wp-content\/uploads\/2025\/02\/cropped-voka-logo-1.png\",\"contentUrl\":\"https:\/\/wiki.dev.voka.io\/wp-content\/uploads\/2025\/02\/cropped-voka-logo-1.png\",\"width\":70,\"height\":16,\"caption\":\"Voka 3D Anatomy & Pathology\"},\"image\":{\"@id\":\"https:\/\/wiki.dev.voka.io\/pt\/#\/schema\/logo\/image\/\"},\"sameAs\":[\"https:\/\/www.facebook.com\/VOKA3DAnatomyAndPathology\/\",\"https:\/\/www.instagram.com\/voka.io\/\",\"https:\/\/www.linkedin.com\/company\/voka-io\/\",\"https:\/\/www.youtube.com\/channel\/UCqGGuOEpr62ScH8Pjk2q5zw\/videos\",\"https:\/\/www.pinterest.com\/VokaAnatomyPro\/\",\"https:\/\/www.threads.com\/@voka.io\"],\"description\":\"VOKA.io offers 3D medical animations and custom 3D modeling services. Our product, VOKA 3D Anatomy & Pathology, is a digital atlas with over 1,000 detailed 3D models of human anatomy and pathology, designed for medical education, training, and patient communication.\",\"email\":\"info@voka.io\",\"telephone\":\"+1 814 351 4442\",\"legalName\":\"Voka 3D Anatomy & Pathology\",\"foundingDate\":\"2017-02-12\",\"naics\":\"541512\",\"numberOfEmployees\":{\"@type\":\"QuantitativeValue\",\"minValue\":\"51\",\"maxValue\":\"200\"},\"publishingPrinciples\":\"https:\/\/wiki.voka.io\/pt\/principios-de-publicacao\/\"},{\"@type\":\"Person\",\"@id\":\"https:\/\/wiki.dev.voka.io\/pt\/#\/schema\/person\/69a6fd4e1e80b2091a8e5f32338900c2\",\"name\":\"Lizaveta D.\",\"image\":{\"@type\":\"ImageObject\",\"inLanguage\":\"pt-PT\",\"@id\":\"https:\/\/wiki.dev.voka.io\/pt\/#\/schema\/person\/image\/\",\"url\":\"https:\/\/secure.gravatar.com\/avatar\/9a59e363d69f1f9ab8e170ad1886e9b3ffaa6a1aa08f8a088b3cac0a3ccfbb80?s=96&d=mm&r=g\",\"contentUrl\":\"https:\/\/secure.gravatar.com\/avatar\/9a59e363d69f1f9ab8e170ad1886e9b3ffaa6a1aa08f8a088b3cac0a3ccfbb80?s=96&d=mm&r=g\",\"caption\":\"Lizaveta D.\"}}]}<\/script>\n<!-- \/ Yoast SEO Premium plugin. -->","yoast_head_json":{"title":"Restaura\u00e7\u00e3o da fun\u00e7\u00e3o pulmonar ap\u00f3s pneumonia: est\u00e1gios e m\u00e9todos de reabilita\u00e7\u00e3o","description":"Recupera\u00e7\u00e3o ap\u00f3s pneumonia e COVID-19. Est\u00e1gios de reabilita\u00e7\u00e3o m\u00e9dica, m\u00e9todos de eletroterapia\/terapia restauradora, diretrizes diet\u00e9ticas e preven\u00e7\u00e3o de complica\u00e7\u00f5es.","robots":{"index":"noindex","follow":"follow","max-snippet":"max-snippet:-1","max-image-preview":"max-image-preview:large","max-video-preview":"max-video-preview:-1"},"og_locale":"pt_PT","og_type":"article","og_title":"Recupera\u00e7\u00e3o ap\u00f3s pneumonia: est\u00e1gios e m\u00e9todos de reabilita\u00e7\u00e3o","og_description":"Recupera\u00e7\u00e3o ap\u00f3s pneumonia e COVID-19. Est\u00e1gios de reabilita\u00e7\u00e3o m\u00e9dica, m\u00e9todos de eletroterapia\/terapia restauradora, diretrizes diet\u00e9ticas e preven\u00e7\u00e3o de complica\u00e7\u00f5es.","og_url":"https:\/\/wiki.dev.voka.io\/pt\/doencas\/pneumologia\/recuperacao-apos-pneumonia\/","og_site_name":"Voka Wiki","article_publisher":"https:\/\/www.facebook.com\/VOKA3DAnatomyAndPathology\/","article_modified_time":"2026-04-01T15:39:11+00:00","og_image":[{"url":"https:\/\/storage.googleapis.com\/dev_wiki_voka_io_303011\/articles\/en\/pulmonology\/pneumonia-rehabilitation-in-sanatorium-inhalation-and-spirometry-control.webp","type":"","width":"","height":""}],"twitter_card":"summary_large_image","twitter_misc":{"Tempo estimado de leitura":"9 minutos"},"schema":{"@context":"https:\/\/schema.org","@graph":[{"@type":"Article","@id":"https:\/\/wiki.dev.voka.io\/pt\/doencas\/pneumologia\/recuperacao-apos-pneumonia\/#article","isPartOf":{"@id":"https:\/\/wiki.dev.voka.io\/pt\/doencas\/pneumologia\/recuperacao-apos-pneumonia\/"},"author":{"name":"Lizaveta D.","@id":"https:\/\/wiki.dev.voka.io\/pt\/#\/schema\/person\/69a6fd4e1e80b2091a8e5f32338900c2"},"headline":"Recupera\u00e7\u00e3o ap\u00f3s pneumonia: est\u00e1gios e m\u00e9todos de reabilita\u00e7\u00e3o","datePublished":"2026-02-12T13:09:00+00:00","dateModified":"2026-04-01T15:39:11+00:00","mainEntityOfPage":{"@id":"https:\/\/wiki.dev.voka.io\/pt\/doencas\/pneumologia\/recuperacao-apos-pneumonia\/"},"wordCount":1737,"publisher":{"@id":"https:\/\/wiki.dev.voka.io\/pt\/#organization"},"image":{"@id":"https:\/\/wiki.dev.voka.io\/pt\/doencas\/pneumologia\/recuperacao-apos-pneumonia\/#primaryimage"},"thumbnailUrl":"https:\/\/storage.googleapis.com\/dev_wiki_voka_io_303011\/articles\/en\/pulmonology\/pneumonia-rehabilitation-in-sanatorium-inhalation-and-spirometry-control.webp","inLanguage":"pt-PT"},{"@type":"WebPage","@id":"https:\/\/wiki.dev.voka.io\/pt\/doencas\/pneumologia\/recuperacao-apos-pneumonia\/","url":"https:\/\/wiki.dev.voka.io\/pt\/doencas\/pneumologia\/recuperacao-apos-pneumonia\/","name":"Restaura\u00e7\u00e3o da fun\u00e7\u00e3o pulmonar ap\u00f3s pneumonia: est\u00e1gios e m\u00e9todos de reabilita\u00e7\u00e3o","isPartOf":{"@id":"https:\/\/wiki.dev.voka.io\/pt\/#website"},"primaryImageOfPage":{"@id":"https:\/\/wiki.dev.voka.io\/pt\/doencas\/pneumologia\/recuperacao-apos-pneumonia\/#primaryimage"},"image":{"@id":"https:\/\/wiki.dev.voka.io\/pt\/doencas\/pneumologia\/recuperacao-apos-pneumonia\/#primaryimage"},"thumbnailUrl":"https:\/\/storage.googleapis.com\/dev_wiki_voka_io_303011\/articles\/en\/pulmonology\/pneumonia-rehabilitation-in-sanatorium-inhalation-and-spirometry-control.webp","datePublished":"2026-02-12T13:09:00+00:00","dateModified":"2026-04-01T15:39:11+00:00","description":"Recupera\u00e7\u00e3o ap\u00f3s pneumonia e COVID-19. Est\u00e1gios de reabilita\u00e7\u00e3o m\u00e9dica, m\u00e9todos de eletroterapia\/terapia restauradora, diretrizes diet\u00e9ticas e preven\u00e7\u00e3o de complica\u00e7\u00f5es.","breadcrumb":{"@id":"https:\/\/wiki.dev.voka.io\/pt\/doencas\/pneumologia\/recuperacao-apos-pneumonia\/#breadcrumb"},"inLanguage":"pt-PT","potentialAction":[{"@type":"ReadAction","target":["https:\/\/wiki.dev.voka.io\/pt\/doencas\/pneumologia\/recuperacao-apos-pneumonia\/"]}]},{"@type":"ImageObject","inLanguage":"pt-PT","@id":"https:\/\/wiki.dev.voka.io\/pt\/doencas\/pneumologia\/recuperacao-apos-pneumonia\/#primaryimage","url":"https:\/\/storage.googleapis.com\/dev_wiki_voka_io_303011\/articles\/en\/pulmonology\/pneumonia-rehabilitation-in-sanatorium-inhalation-and-spirometry-control.webp","contentUrl":"https:\/\/storage.googleapis.com\/dev_wiki_voka_io_303011\/articles\/en\/pulmonology\/pneumonia-rehabilitation-in-sanatorium-inhalation-and-spirometry-control.webp"},{"@type":"BreadcrumbList","@id":"https:\/\/wiki.dev.voka.io\/pt\/doencas\/pneumologia\/recuperacao-apos-pneumonia\/#breadcrumb","itemListElement":[{"@type":"ListItem","position":1,"name":"Home","item":"https:\/\/wiki.dev.voka.io\/pt\/"},{"@type":"ListItem","position":2,"name":"Pneumologia","item":"https:\/\/wiki.dev.voka.io\/pt\/doencas\/pneumologia\/"},{"@type":"ListItem","position":3,"name":"Recupera\u00e7\u00e3o ap\u00f3s pneumonia: est\u00e1gios e m\u00e9todos de reabilita\u00e7\u00e3o"}]},{"@type":"WebSite","@id":"https:\/\/wiki.dev.voka.io\/pt\/#website","url":"https:\/\/wiki.dev.voka.io\/pt\/","name":"Voka Wiki","description":"","publisher":{"@id":"https:\/\/wiki.dev.voka.io\/pt\/#organization"},"alternateName":"Anatomy & Pathology Wiki by VOKA","potentialAction":[{"@type":"SearchAction","target":{"@type":"EntryPoint","urlTemplate":"https:\/\/wiki.dev.voka.io\/pt\/?s={search_term_string}"},"query-input":{"@type":"PropertyValueSpecification","valueRequired":true,"valueName":"search_term_string"}}],"inLanguage":"pt-PT"},{"@type":"Organization","@id":"https:\/\/wiki.dev.voka.io\/pt\/#organization","name":"Voka 3D Anatomy & Pathology","alternateName":"VOKA","url":"https:\/\/wiki.dev.voka.io\/pt\/","logo":{"@type":"ImageObject","inLanguage":"pt-PT","@id":"https:\/\/wiki.dev.voka.io\/pt\/#\/schema\/logo\/image\/","url":"https:\/\/wiki.dev.voka.io\/wp-content\/uploads\/2025\/02\/cropped-voka-logo-1.png","contentUrl":"https:\/\/wiki.dev.voka.io\/wp-content\/uploads\/2025\/02\/cropped-voka-logo-1.png","width":70,"height":16,"caption":"Voka 3D Anatomy & Pathology"},"image":{"@id":"https:\/\/wiki.dev.voka.io\/pt\/#\/schema\/logo\/image\/"},"sameAs":["https:\/\/www.facebook.com\/VOKA3DAnatomyAndPathology\/","https:\/\/www.instagram.com\/voka.io\/","https:\/\/www.linkedin.com\/company\/voka-io\/","https:\/\/www.youtube.com\/channel\/UCqGGuOEpr62ScH8Pjk2q5zw\/videos","https:\/\/www.pinterest.com\/VokaAnatomyPro\/","https:\/\/www.threads.com\/@voka.io"],"description":"VOKA.io offers 3D medical animations and custom 3D modeling services. Our product, VOKA 3D Anatomy & Pathology, is a digital atlas with over 1,000 detailed 3D models of human anatomy and pathology, designed for medical education, training, and patient communication.","email":"info@voka.io","telephone":"+1 814 351 4442","legalName":"Voka 3D Anatomy & Pathology","foundingDate":"2017-02-12","naics":"541512","numberOfEmployees":{"@type":"QuantitativeValue","minValue":"51","maxValue":"200"},"publishingPrinciples":"https:\/\/wiki.voka.io\/pt\/principios-de-publicacao\/"},{"@type":"Person","@id":"https:\/\/wiki.dev.voka.io\/pt\/#\/schema\/person\/69a6fd4e1e80b2091a8e5f32338900c2","name":"Lizaveta D.","image":{"@type":"ImageObject","inLanguage":"pt-PT","@id":"https:\/\/wiki.dev.voka.io\/pt\/#\/schema\/person\/image\/","url":"https:\/\/secure.gravatar.com\/avatar\/9a59e363d69f1f9ab8e170ad1886e9b3ffaa6a1aa08f8a088b3cac0a3ccfbb80?s=96&d=mm&r=g","contentUrl":"https:\/\/secure.gravatar.com\/avatar\/9a59e363d69f1f9ab8e170ad1886e9b3ffaa6a1aa08f8a088b3cac0a3ccfbb80?s=96&d=mm&r=g","caption":"Lizaveta D."}}]}},"_links":{"self":[{"href":"https:\/\/wiki.dev.voka.io\/pt\/wp-json\/wp\/v2\/diseases_post\/4786","targetHints":{"allow":["GET"]}}],"collection":[{"href":"https:\/\/wiki.dev.voka.io\/pt\/wp-json\/wp\/v2\/diseases_post"}],"about":[{"href":"https:\/\/wiki.dev.voka.io\/pt\/wp-json\/wp\/v2\/types\/diseases_post"}],"author":[{"embeddable":true,"href":"https:\/\/wiki.dev.voka.io\/pt\/wp-json\/wp\/v2\/users\/30"}],"wp:attachment":[{"href":"https:\/\/wiki.dev.voka.io\/pt\/wp-json\/wp\/v2\/media?parent=4786"}],"wp:term":[{"taxonomy":"diseases_category","embeddable":true,"href":"https:\/\/wiki.dev.voka.io\/pt\/wp-json\/wp\/v2\/diseases_category?post=4786"}],"curies":[{"name":"wp","href":"https:\/\/api.w.org\/{rel}","templated":true}]}}