{"id":4768,"date":"2026-02-12T16:09:16","date_gmt":"2026-02-12T13:09:16","guid":{"rendered":"https:\/\/wiki.dev.voka.io\/diseases\/uncategorized\/catarata\/"},"modified":"2026-04-01T18:38:48","modified_gmt":"2026-04-01T15:38:48","slug":"catarata","status":"publish","type":"diseases_post","link":"https:\/\/wiki.dev.voka.io\/pt\/doencas\/oculares\/catarata\/","title":{"rendered":"Catarata: etiologia, classifica\u00e7\u00e3o, sintomas, diagn\u00f3sticos e tratamento"},"content":{"rendered":"<p><?xml encoding=\"UTF-8\" ?><\/p>\n<p>Catarata \u00e9 o emba\u00e7amento da lente natural do olho, que \u00e9 um componente do sistema \u00f3ptico do globo ocular. Essa patologia leva a uma redu\u00e7\u00e3o significativa da acuidade visual e posteriormente \u00e0 perda completa das fun\u00e7\u00f5es visuais. <\/p>\n<h2 class=\"wp-block-heading\" id=\"anatomia\">Anatomia <\/h2>\n<p>A lente \u00e9 uma estrutura anat\u00f4mica transparente e biconvexa localizada entre a \u00edris e o corpo v\u00edtreo. Ela possui formato de lente biconvexa e \u00e9 composta por tecido el\u00e1stico. Seu di\u00e2metro \u00e9 de aproximadamente 9 a 10 mil\u00edmetros. <\/p>\n<p>A parte principal da lente \u00e9 composta por fibras proteicas transparentes que garantem sua transpar\u00eancia e flexibilidade. A lente muda de forma devido \u00e0 a\u00e7\u00e3o dos m\u00fasculos ciliares, permitindo que o olho se concentre em objetos a v\u00e1rias dist\u00e2ncias. Isso \u00e9 chamado de acomoda\u00e7\u00e3o. A lente deve permanecer transparente para que a luz possa passar para a retina sem distor\u00e7\u00f5es. O emba\u00e7amento da lente, como no caso das cataratas, pode levar \u00e0 diminui\u00e7\u00e3o da acuidade visual. <\/p>\n<h2 class=\"wp-block-heading\" id=\"etiologia\">Etiologia <\/h2>\n<p>Existem muitos fatores que contribuem para o desenvolvimento de cataratas. Tais fatores podem ser tanto cong\u00eanitos quanto adquiridos. <\/p>\n<ol class=\"wp-block-list\">\n<li><strong>Altera\u00e7\u00f5es relacionadas com a idade<\/strong>. Com o aumento da idade, ocorrem nos tecidos da lente uma altera\u00e7\u00e3o degenerativa chamada facoesclerose. A maioria das pessoas com mais de 60 anos apresenta essa condi\u00e7\u00e3o. <\/li>\n<li><strong>Fatores heredit\u00e1rios<\/strong>. A predisposi\u00e7\u00e3o gen\u00e9tica pode ter um papel no desenvolvimento de cataratas. <\/li>\n<li><strong>Ferimentos<\/strong>. Danos mec\u00e2nicos ao globo ocular (les\u00f5es penetrantes ou contus\u00f5es) podem levar ao emba\u00e7amento das camadas da lente. <\/li>\n<li><strong>Radia\u00e7\u00e3o ultravioleta<\/strong>. A exposi\u00e7\u00e3o prolongada \u00e0 luz solar pode acelerar o desenvolvimento de cataratas. <\/li>\n<li><strong>Doen\u00e7as sist\u00eamicas<\/strong>. Diabetes mellitus, artrite reumatoide, dermatite at\u00f3pica, e outras doen\u00e7as cr\u00f4nicas podem contribuir para o desenvolvimento de cataratas. <\/li>\n<li><strong>Medicamentos<\/strong>. O uso prolongado de corticosteroides, compostos de ouro e outros medicamentos pode aumentar o risco de emba\u00e7amento da lente. <\/li>\n<li><strong>Doen\u00e7as oculares prim\u00e1rias<\/strong>. Uve\u00edte anterior cr\u00f4nica, glaucoma de \u00e2ngulo fechado e alta miopia podem desencadear o desenvolvimento de catarata.<\/li>\n<li><strong>Infec\u00e7\u00f5es intrauterinas (rub\u00e9ola, citomegalov\u00edrus ou s\u00edfilis)<\/strong>. Isso leva a v\u00e1rios graus de opacifica\u00e7\u00e3o da lente.<\/li>\n<\/ol>\n<h2 class=\"wp-block-heading\" id=\"classificacao-e-apresentacao-clinica\">Classifica\u00e7\u00e3o e apresenta\u00e7\u00e3o cl\u00ednica <\/h2>\n<h3 class=\"wp-block-heading\" id=\"por-localizacao-de-opacidades\">Por localiza\u00e7\u00e3o de opacidades<\/h3>\n<p>Dependendo da localiza\u00e7\u00e3o das opacidades nas fibras da lente, os seguintes tipos podem ser distinguidos: <\/p>\n<ol class=\"wp-block-list\">\n<li><strong>Catarata nuclear<\/strong>. Endurecimento do n\u00facleo da lente, acompanhado de seu amarelamento e aumento do poder de refra\u00e7\u00e3o. Isto leva a uma significativa \u201cmiopiza\u00e7\u00e3o\u201d do globo ocular.<\/li>\n<li><strong>Catarata cortical<\/strong>. Os primeiros sinais de emba\u00e7amento ocorrem nas camadas corticais da lente perto do equador. As partes centrais da lente permanecem transparentes por muito tempo; assim, a acuidade visual n\u00e3o \u00e9 alterada. <\/li>\n<li><strong>Catarata subcapsular posterior<\/strong>. Caracteriza-se por uma diminui\u00e7\u00e3o precoce e rapidamente progressiva da acuidade.<\/li>\n<li><strong>Catarata visual<\/strong>. Este tipo de opacidade \u00e9 espec\u00edfico para o encharcamento das fibras da lente sob a forma de vac\u00faolos subcapsulares, localizados predominantemente acima da c\u00e1psula posterior.<\/li>\n<li><strong>Catarata polar (anterior e posterior)<\/strong>. Trata-se do emba\u00e7amento da lente na forma de uma mancha circular de cor esbranqui\u00e7ada ou cinza, localizada no polo anterior ou posterior da lente sob a c\u00e1psula. A \u00e1rea de opacidade \u00e9 mais frequentemente aderida \u00e0 c\u00e1psula.<\/li>\n<li><strong>Catarata total<\/strong>. Opacidade que afeta todas as camadas da lente. <\/li>\n<\/ol>\n<figure class=\"wp-block-image size-large\"><img decoding=\"async\" src=\"https:\/\/storage.googleapis.com\/dev_wiki_voka_io_303011\/articles\/en\/ophthalmology\/cataract\/1-cortical-cataract.webp\" alt=\"Opacidade cortical\"><figcaption class=\"wp-element-caption\">Catarata cortical: <a href=\"https:\/\/catalog.voka.io\/en\/models\/56bb91a2-f805-4f37-9c02-e68fff3fd23f\/55191f1a-c5cd-462d-9644-795ef0cb4815\/3d4addcd-e138-44d9-a951-c53e0967335b\/3e72a681-4162-43b8-a101-00d417a7045b\" target=\"_blank\" rel=\"noreferrer noopener nofollow\">Modelo 3D<\/a><\/figcaption><\/figure>\n<h3 class=\"wp-block-heading\" id=\"por-grau-de-maturidade\">Por grau de maturidade<\/h3>\n<p>Conforme o grau de maturidade, distinguem-se as seguintes formas de catarata senil: <\/p>\n<ul class=\"wp-block-list\">\n<li><strong>Inicial<\/strong>. Existem opacidades menores na lente; na biomicroscopia, uma se\u00e7\u00e3o transversal de todas as camadas da lente pode ser obtida, a acuidade visual (na aus\u00eancia de altera\u00e7\u00f5es retinianas) \u00e9 superior a 0,1. O reflexo do fundo de olho na luz transmitida \u00e9 ligeiramente enfraquecido e o disco \u00f3ptico e a zona macular podem ser visualizados por oftalmoscopia. <\/li>\n<li><strong>Imatura<\/strong>. As opacidades s\u00e3o mais significativas; na biomicroscopia, uma se\u00e7\u00e3o transversal de todas as camadas da lente n\u00e3o pode ser obtida, a acuidade visual \u00e9 inferior a 0,1, mas a vis\u00e3o de objetos \u00e9 preservada. O reflexo do fundo de olho na luz transmitida \u00e9 enfraquecido, a zona macular n\u00e3o \u00e9 claramente visualizada pela oftalmoscopia, e o disco \u00f3ptico \u00e9 visualizado atrav\u00e9s de um v\u00e9u denso. <\/li>\n<li><strong>Madura<\/strong>. Opacidades significativas; na biomicroscopia, uma se\u00e7\u00e3o n\u00e3o pode ser obtida nem mesmo das camadas corticais anteriores da lente, a vis\u00e3o de objetos est\u00e1 ausente, a proje\u00e7\u00e3o correta da luz \u00e9 determinada (se n\u00e3o houver altera\u00e7\u00f5es retinianas). O reflexo do fundo de olho na luz transmitida est\u00e1 ausente, e o fundo de olho n\u00e3o \u00e9 acess\u00edvel para oftalmoscopia. <\/li>\n<li><strong>Hipermadura<\/strong>. Opacidades pronunciadas em todas as camadas da lente com brilho madrep\u00e9rola. As camadas corticais t\u00eam uma estrutura homog\u00eanea, \u00e0s vezes o n\u00facleo \u00e9 vis\u00edvel, deslocado para baixo (sinal do p\u00f4r do sol), podem existir pregas na c\u00e1psula anterior, e a c\u00e2mara anterior \u00e9 mais profunda do que no outro olho. <\/li>\n<li><strong>Inchada<\/strong>. Opacidades homog\u00eaneas significativas em todas as camadas da lente. A profundidade da c\u00e2mara anterior \u00e9 inferior \u00e0 do outro olho.<\/li>\n<\/ul>\n<figure class=\"wp-block-image size-large\"><img decoding=\"async\" src=\"https:\/\/storage.googleapis.com\/dev_wiki_voka_io_303011\/articles\/en\/ophthalmology\/cataract\/2-mature-cataract.webp\" alt=\"Catarata madura\"><figcaption class=\"wp-element-caption\">Catarata madura: <a href=\"https:\/\/catalog.voka.io\/en\/models\/56bb91a2-f805-4f37-9c02-e68fff3fd23f\/55191f1a-c5cd-462d-9644-795ef0cb4815\/3d4addcd-e138-44d9-a951-c53e0967335b\/3e72a681-4162-43b8-a101-00d417a7045b\" target=\"_blank\" rel=\"noreferrer noopener nofollow\">Modelo 3D<\/a><\/figcaption><\/figure>\n<h2 class=\"wp-block-heading\" id=\"diagnostico-de-catarata\">Diagn\u00f3stico de catarata<\/h2>\n<p>O diagn\u00f3stico de catarata \u00e9 baseado no exame cl\u00ednico e na avalia\u00e7\u00e3o dos sintomas. Os principais crit\u00e9rios diagn\u00f3sticos incluem: <\/p>\n<ol class=\"wp-block-list\">\n<li><strong>Sintomas<\/strong>. Vis\u00e3o turva ou pouco clara, perda de brilho das cores, aumento da sensibilidade \u00e0 luz e ao ofuscamento sob luz forte, dificuldades para ler e dirigir, especialmente \u00e0 noite. <\/li>\n<li><strong>Exame oftalmol\u00f3gico<\/strong>. Para o diagn\u00f3stico de catarata, o exame do paciente \u00e9 realizado com uma pupila dilatada (midr\u00edase) sob luz transmitida. Sobre o fundo de um reflexo rosado, as opacidades da lente aparecem negras, pois parte dos raios refletidos \u00e9 absorvida pelas fibras opacas da lente. A biomicroscopia com l\u00e2mpada de fenda \u00e9 usada para determinar a localiza\u00e7\u00e3o das opacidades. <\/li>\n<\/ol>\n<h3 class=\"wp-block-heading\" id=\"metodos-de-diagnostico-instrumentais-e-laboratoriais\">M\u00e9todos de diagn\u00f3stico instrumentais e laboratoriais<\/h3>\n<ul class=\"wp-block-list\">\n<li>Determina\u00e7\u00e3o da acuidade visual usando tabelas; <\/li>\n<li>Exame de autorrefra\u00e7\u00e3o com ceratometria para avalia\u00e7\u00e3o das mudan\u00e7as de refra\u00e7\u00e3o e indicadores de astigmatismo; <\/li>\n<li>Tonometria: medi\u00e7\u00e3o da press\u00e3o intraocular para excluir glaucoma; <\/li>\n<li>A biomicroscopia refere-se \u00e0 inspe\u00e7\u00e3o com uma l\u00e2mpada de fenda, permitindo a visualiza\u00e7\u00e3o da lente e dos est\u00e1gios da catarata, bem como a avalia\u00e7\u00e3o de outras estruturas oculares; <\/li>\n<li>Oftalmoscopia: exame do segmento posterior do olho, que pode ajudar a excluir outras patologias;<\/li>\n<li>Ecobiometria: para avaliar o estado da lente.<\/li>\n<\/ul>\n<div class=\"social-banner-block\">\n<div class=\"social-banner-content\">\n<p class=\"h5-title text-black\">Encontra mais conte\u00fados cientificamente exactos nas nossas redes sociais<\/p>\n<p><span class=\"social-banner-text text-grey\">Subscreve e n\u00e3o percas os recursos mais recentes<\/span><\/p>\n<div class=\"social-links-wrapper\"><a class=\"social-icon-link\" href=\"https:\/\/www.facebook.com\/VOKA3DAnatomyAndPathology\/\" target=\"_blank\" rel=\"nofollow noopener\"><img decoding=\"async\" src=\"https:\/\/storage.googleapis.com\/dev_wiki_voka_io_303011\/common\/Social%20Icons\/facebook.svg\" alt=\"social link\"><\/a><a class=\"social-icon-link\" href=\"https:\/\/www.instagram.com\/voka.io\/\" target=\"_blank\" rel=\"nofollow noopener\"><img decoding=\"async\" src=\"https:\/\/storage.googleapis.com\/dev_wiki_voka_io_303011\/common\/Social%20Icons\/insta.svg\" alt=\"social link\"><\/a><a class=\"social-icon-link\" href=\"https:\/\/www.linkedin.com\/company\/voka-io\/posts\/?feedView=all\" target=\"_blank\" rel=\"nofollow noopener\"><img decoding=\"async\" src=\"https:\/\/storage.googleapis.com\/dev_wiki_voka_io_303011\/common\/Social%20Icons\/linkedin.svg\" alt=\"social link\"><\/a><a class=\"social-icon-link\" href=\"https:\/\/www.youtube.com\/@vokaio\" target=\"_blank\" rel=\"nofollow noopener\"><img decoding=\"async\" src=\"https:\/\/storage.googleapis.com\/dev_wiki_voka_io_303011\/common\/Social%20Icons\/youtube.svg\" alt=\"social link\"><\/a><a class=\"social-icon-link\" href=\"https:\/\/www.pinterest.com\/voka3danatomyandpathology\/\" target=\"_blank\" rel=\"nofollow noopener\"><img decoding=\"async\" src=\"https:\/\/storage.googleapis.com\/dev_wiki_voka_io_303011\/common\/Social%20Icons\/pinterest.svg\" alt=\"social link\"><\/a><a class=\"social-icon-link\" href=\"https:\/\/www.tiktok.com\/@voka.io\" target=\"_blank\" rel=\"nofollow noopener\"><img decoding=\"async\" src=\"https:\/\/storage.googleapis.com\/dev_wiki_voka_io_303011\/common\/Social%20Icons\/tiktok.svg\" alt=\"social link\"><\/a><a class=\"social-icon-link\" href=\"https:\/\/discord.gg\/7ejUpq8DRR\" target=\"_blank\" rel=\"nofollow noopener\"><img decoding=\"async\" src=\"https:\/\/storage.googleapis.com\/dev_wiki_voka_io_303011\/common\/Social%20Icons\/discord.svg\" alt=\"social link\"><\/a><\/div>\n<\/div>\n<p><img decoding=\"async\" class=\"social-banner-image\" loading=\"lazy\" src=\"https:\/\/storage.googleapis.com\/dev_wiki_voka_io_303011\/common\/social-media-banner-mobile-image.webp\" alt=\"Banner background\"><\/div>\n<h2 class=\"wp-block-heading\" id=\"tratamento\">Tratamento <\/h2>\n<p>Os m\u00e9todos modernos de tratamento da catarata concentram-se principalmente na interven\u00e7\u00e3o cir\u00fargica, sendo esta a \u00fanica forma de restaurar a vis\u00e3o normal nesta patologia. <\/p>\n<h3 class=\"wp-block-heading\" id=\"metodos-cirurgicos-facoemulsificacao\">M\u00e9todos cir\u00fargicos: facoemulsifica\u00e7\u00e3o<\/h3>\n<ol class=\"wp-block-list\">\n<li><strong>Facoemulsifica\u00e7\u00e3o<\/strong>. O m\u00e9todo mais comum de remo\u00e7\u00e3o da catarata. Envolve os seguintes processos: <\/li>\n<\/ol>\n<ul class=\"wp-block-list\">\n<li>Usar ondas ultrass\u00f4nicas para fragmentar a lente opaca; <\/li>\n<li>Extrair a lente opaca utilizando pequenas incis\u00f5es (geralmente menos de 3 mm); <\/li>\n<li>Implantar uma lente intraocular artificial (LIO) imediatamente ap\u00f3s a remo\u00e7\u00e3o da lente. <\/li>\n<\/ul>\n<figure class=\"wp-block-video\" id=\"animacao-em-3d-facoemulsificacao-da-catarata\"><video controls><source data-src=\"https:\/\/storage.googleapis.com\/dev_wiki_voka_io_303011\/articles\/en\/ophthalmology\/cataract\/phacoemulsification-of-cataract.webm\" type=\"video\/webm\"><\/source><\/video><figcaption class=\"wp-element-caption\">Anima\u00e7\u00e3o em 3D: facoemulsifica\u00e7\u00e3o da catarata<\/figcaption><\/figure>\n<ol start=\"2\" class=\"wp-block-list\">\n<li><strong>Facoemulsifica\u00e7\u00e3o a laser<\/strong>. Este m\u00e9todo \u00e9 semelhante \u00e0 facoemulsifica\u00e7\u00e3o tradicional, mas utiliza laser, para uma desintegra\u00e7\u00e3o da catarata mais precisa e segura. O laser pode reduzir o risco de complica\u00e7\u00f5es e melhorar a efic\u00e1cia do procedimento. <\/li>\n<li><strong>Pesquisa sobre col\u00edrios para tratamento de catarata<\/strong>. Atualmente, est\u00e3o sendo conduzidas pesquisas sobre a possibilidade de usar col\u00edrios para tratamento de catarata sem cirurgia; no entanto, esses m\u00e9todos ainda n\u00e3o obtiveram ampla aplica\u00e7\u00e3o cl\u00ednica.<\/li>\n<\/ol>\n<h3 class=\"wp-block-heading\" id=\"lente-intracapsular-artificial\">Lente intracapsular artificial<\/h3>\n<p>Esta \u00e9 uma condi\u00e7\u00e3o do olho em que uma lente intraocular artificial (LIO) \u00e9 implantada na c\u00e1psula no lugar da lente removida, geralmente durante a cirurgia de catarata. <\/p>\n<p>Lentes intraoculares ajudam a restaurar a vis\u00e3o em pacientes com catarata, bem como em pacientes com erros refrativos (miopia, hipermetropia, astigmatismo).<\/p>\n<figure class=\"wp-block-image size-large\"><img decoding=\"async\" src=\"https:\/\/storage.googleapis.com\/dev_wiki_voka_io_303011\/articles\/en\/ophthalmology\/cataract\/3-intracapsular-artiphakia.webp\" alt=\"Lente intracapsular artificial\"><figcaption class=\"wp-element-caption\">Lente intracapsular artificial: <a href=\"https:\/\/catalog.voka.io\/en\/models\/56bb91a2-f805-4f37-9c02-e68fff3fd23f\/55191f1a-c5cd-462d-9644-795ef0cb4815\/42b65bad-dabe-4513-8254-0a33c180b937\/2d32f9cc-5849-4d20-ac02-425a636cbb1f\" target=\"_blank\" rel=\"noreferrer noopener nofollow\">Modelo 3D<\/a><\/figcaption><\/figure>\n<p>Cirurgias de catarata com implante de IOL na c\u00e2mara posterior do globo ocular s\u00e3o realizadas em pacientes de v\u00e1rias idades, muitas vezes sob anestesia local em ambiente ambulatorial. Milhares de cirurgias de substitui\u00e7\u00e3o de lentes s\u00e3o realizadas mundialmente todos os dias.<\/p>\n<p>A sele\u00e7\u00e3o da LIO \u00e9 baseada em par\u00e2metros oculares do paciente (eixo anteroposterior, poder refrativo da c\u00f3rnea e posi\u00e7\u00e3o efetiva da lente), bem como nas propriedades, caracter\u00edsticas de implanta\u00e7\u00e3o e indica\u00e7\u00f5es da LIO. <\/p>\n<p>Lentes intraoculares af\u00e1cicas s\u00e3o implantadas na c\u00e1psula ap\u00f3s a facoemulsifica\u00e7\u00e3o. <\/p>\n<p>A escolha do tipo de LIO af\u00e1cica depende de in\u00fameros fatores: <\/p>\n<ul class=\"wp-block-list\">\n<li>O estilo de vida do paciente;<\/li>\n<li>Atividades profissionais; <\/li>\n<li>A presen\u00e7a de outras patologias oculares (doen\u00e7as da retina, glaucoma).<\/li>\n<\/ul>\n<h4 class=\"wp-block-heading\">Tipos de lentes intraoculares<\/h4>\n<p>As lentes intraoculares s\u00e3o classificadas conforme o seguinte com base no alcance do foco:<\/p>\n<ol class=\"wp-block-list\">\n<li><strong>Lentes monofocais<\/strong>. Permitem que os pacientes vejam bem a uma dist\u00e2ncia espec\u00edfica. Dependendo do c\u00e1lculo do poder di\u00f3ptrico das lentes, elas oferecem boa acuidade visual a dist\u00e2ncia ou de perto. Se a LIO for calculada para vis\u00e3o m\u00e1xima \u00e0 dist\u00e2ncia, ser\u00e1 necess\u00e1rio usar \u00f3culos para leitura e trabalho confort\u00e1vel em curta dist\u00e2ncia.<\/li>\n<li><strong>LIO multifocais (\u201cpseudoaccomodativas\u201d)<\/strong>. Essas lentes possuem v\u00e1rias zonas \u00f3pticas, permitindo uma vis\u00e3o clara em diferentes dist\u00e2ncias. Elas t\u00eam uma estrutura \u00f3ptica especial, especificamente um desempenho \u00f3ptico difrativo-refrativo misto, o que lhes permite imitar a fun\u00e7\u00e3o natural da lente cristalina. Ter m\u00faltiplos focos melhora significativamente a acuidade visual tanto em dist\u00e2ncias pr\u00f3ximas quanto longas, reduzindo muito a necessidade de \u00f3culos corretivos. No entanto, a implanta\u00e7\u00e3o de LIO multifocais tem algumas desvantagens:<\/li>\n<\/ol>\n<ul class=\"wp-block-list\">\n<li>Poss\u00edvel presen\u00e7a de fen\u00f4menos \u00f3pticos ap\u00f3s a cirurgia (halos, ofuscamento);<\/li>\n<li>Redu\u00e7\u00e3o da sensibilidade ao contraste ao anoitecer;<\/li>\n<li>Altos requisitos para a condi\u00e7\u00e3o normal da retina e do nervo \u00f3ptico;<\/li>\n<li>Poss\u00edvel per\u00edodo prolongado de neuroadapta\u00e7\u00e3o.<\/li>\n<\/ul>\n<p>De acordo com uma metan\u00e1lise de 2024 publicada no BMC Ophthalmology, as LIO multifocais apresentam bons resultados em pacientes cuidadosamente selecionados, com taxas de satisfa\u00e7\u00e3o de 85 a 90%.<\/p>\n<figure class=\"wp-block-image size-large\"><img decoding=\"async\" src=\"https:\/\/storage.googleapis.com\/dev_wiki_voka_io_303011\/articles\/en\/ophthalmology\/cataract\/4-multifocal-intraocular-lens.webp\" alt=\"Lente intraocular multifocal\"><figcaption class=\"wp-element-caption\">Lente intraocular multifocal<\/figcaption><\/figure>\n<ol start=\"3\" class=\"wp-block-list\">\n<li><strong>Lentes intraoculares t\u00f3ricas<\/strong>. Projetadas para pacientes com astigmatismo corneano. Elas possuem diferentes poderes di\u00f3ptricos em diferentes meridianos. As indica\u00e7\u00f5es para a implanta\u00e7\u00e3o dessas LIO s\u00e3o astigmatismo de 1,0 dioptrias ou mais, combinado com catarata ou anomalias refrativas.<\/li>\n<li><strong>Lentes intraoculares com profundidade de foco estendida (EDOF)<\/strong>. As lentes possuem um foco estendido. Um dos mecanismos de a\u00e7\u00e3o das LIO EDOF \u00e9 o alongamento de um dos pontos focais a uma grande dist\u00e2ncia usando \u00f3pticas difrativas, proporcionando melhor vis\u00e3o a dist\u00e2ncias m\u00e9dias do que as LIO monofocais. Isso aumenta a nitidez e o contraste da imagem e melhora a percep\u00e7\u00e3o de cores. No entanto, ap\u00f3s a implanta\u00e7\u00e3o de tais LIO, recomenda-se que os pacientes usem \u00f3culos para trabalhar em curta dist\u00e2ncia.<\/li>\n<\/ol>\n<ol start=\"4\" class=\"wp-block-list\"><\/ol>\n<h4 class=\"wp-block-heading\">Materiais biocompat\u00edveis e constru\u00e7\u00e3o das LIO<\/h4>\n<p>As lentes intraoculares modernas s\u00e3o feitas de materiais biocompat\u00edveis de alta tecnologia, totalmente aceitos pelo corpo sem risco de rejei\u00e7\u00e3o ou rea\u00e7\u00f5es al\u00e9rgicas. Os principais materiais usados na produ\u00e7\u00e3o das LIO s\u00e3o:<\/p>\n<ul class=\"wp-block-list\">\n<li><strong>Acr\u00edlico hidrof\u00f3bico<\/strong>. O material mais comum, com excelente clareza \u00f3ptica e m\u00ednima tend\u00eancia ao emba\u00e7amento. Este material repele a \u00e1gua, reduzindo o risco de ac\u00famulo de dep\u00f3sitos de prote\u00edna na superf\u00edcie da lente.<\/li>\n<li><strong>Acr\u00edlico hidrof\u00edlico<\/strong>. Um material com alta biocompatibilidade que atrai umidade. Essas lentes apresentam uma resposta inflamat\u00f3ria reduzida, o que \u00e9 particularmente importante para pacientes com doen\u00e7as oculares concomitantes.<\/li>\n<li><strong>Silicone<\/strong>. Proporciona flexibilidade e maleabilidade superiores para implanta\u00e7\u00e3o atrav\u00e9s de uma microincis\u00e3o, embora atualmente seja menos utilizado devido \u00e0 tend\u00eancia de acumular dep\u00f3sitos na superf\u00edcie da lente.<\/li>\n<\/ul>\n<p>A fun\u00e7\u00e3o principal de uma LIO \u00e9 o foco preciso dos raios de luz na retina. O poder di\u00f3ptrico de uma LIO \u00e9 medido em dioptrias e \u00e9 selecionado individualmente para cada paciente com base em medidas detalhadas dos par\u00e2metros anat\u00f4micos do olho.<\/p>\n<p>O princ\u00edpio de funcionamento de uma lente intraocular baseia-se nas leis da refra\u00e7\u00e3o da luz. Quando os raios de luz passam pela LIO, ela altera sua dire\u00e7\u00e3o para focar precisamente na retina, criando uma imagem clara.<\/p>\n<p>Uma lente intraocular \u00e9 composta pela parte \u00f3ptica e pela h\u00e1ptica. Os elementos h\u00e1pticos participam da fixa\u00e7\u00e3o segura da LIO dentro do olho em posi\u00e7\u00f5es anat\u00f4micas e fisiologicamente corretas. A parte \u00f3ptica \u00e9 respons\u00e1vel pelas fun\u00e7\u00f5es visuais: ela refrata e direciona os raios de luz sobre a retina no \u00e2ngulo necess\u00e1rio. Ela pode ter v\u00e1rias zonas \u00f3pticas em sua superf\u00edcie, permitindo vis\u00e3o clara tanto de perto quanto \u00e0 dist\u00e2ncia.<\/p>\n<div>\n<h2 class=\"faq-title h2-article\" id=\"faq\">FAQ<\/h2>\n<div class=\"faq-section\">\n<div class=\"faq-item faq-answer-hidden\">\n<div class=\"question-block\">\n<div class=\"faq-question\">\n<p class=\" text-black h5-title\">1. O que \u00e9 uma catarata e por que ela \u00e9 perigosa se n\u00e3o tratada? <\/p>\n<\/div>\n<div class=\"faq-answer text-main-text-color main-text-medium\">Uma catarata \u00e9 uma mudan\u00e7a patol\u00f3gica na transpar\u00eancia do cristalino nativo. Sem interven\u00e7\u00e3o oportuna, a doen\u00e7a leva \u00e0 perda irrevers\u00edvel da fun\u00e7\u00e3o visual. Em alguns casos, especialmente no est\u00e1gio inchado, uma catarata pode provocar o desenvolvimento de glaucoma facog\u00eanico: um aumento acentuado da press\u00e3o intraocular amea\u00e7ando danos ao nervo \u00f3ptico.<\/div>\n<\/div>\n<div class=\"expand-button-wrapper\"><button class=\"text-accent expand-button\">+<\/button><\/div>\n<\/div>\n<div class=\"faq-item faq-answer-hidden\">\n<div class=\"question-block\">\n<div class=\"faq-question\">\n<p class=\" text-black h5-title\">2. Quais sinais cl\u00ednicos indicam o desenvolvimento de cataratas? <\/p>\n<\/div>\n<div class=\"faq-answer text-main-text-color main-text-medium\">Sintomas t\u00edpicos incluem a apar\u00eancia de \u201cemba\u00e7amento\u201d ou neblina diante dos olhos, redu\u00e7\u00e3o da acuidade visual mes\u00f3pica (ao anoitecer), halos em torno das fontes de luz e uma degrada\u00e7\u00e3o na percep\u00e7\u00e3o de cores \u2014 as imagens tornam-se menos contrastantes, adquirindo um tom amarelado.<\/div>\n<\/div>\n<div class=\"expand-button-wrapper\"><button class=\"text-accent expand-button\">+<\/button><\/div>\n<\/div>\n<div class=\"faq-item faq-answer-hidden\">\n<div class=\"question-block\">\n<div class=\"faq-question\">\n<p class=\" text-black h5-title\">3. Qual \u00e9 a diferen\u00e7a fundamental entre catarata e glaucoma? <\/p>\n<\/div>\n<div class=\"faq-answer text-main-text-color main-text-medium\">Elas s\u00e3o condi\u00e7\u00f5es etiologicamente diferentes. A catarata representa uma obstru\u00e7\u00e3o \u00f3ptica (emba\u00e7amento) do cristalino, que \u00e9 resolvida por meio de sua substitui\u00e7\u00e3o cir\u00fargica. O glaucoma \u00e9 uma neuropatia \u00f3ptica progressiva causada pelo aumento da press\u00e3o intraocular. Essa condi\u00e7\u00e3o requer manejo conservador ou cir\u00fargico ao longo da vida, pois a morte das fibras do nervo \u00f3ptico no glaucoma \u00e9 irrevers\u00edvel.<\/div>\n<\/div>\n<div class=\"expand-button-wrapper\"><button class=\"text-accent expand-button\">+<\/button><\/div>\n<\/div>\n<div class=\"faq-item faq-answer-hidden\">\n<div class=\"question-block\">\n<div class=\"faq-question\">\n<p class=\" text-black h5-title\">4. Existe uma op\u00e7\u00e3o para tratamento conservador da catarata sem cirurgia? <\/p>\n<\/div>\n<div class=\"faq-answer text-main-text-color main-text-medium\">Atualmente, a terapia medicamentosa (col\u00edrios) n\u00e3o possui efic\u00e1cia comprovada na restaura\u00e7\u00e3o da transpar\u00eancia do cristalino. Os col\u00edrios podem apenas retardar ligeiramente os dist\u00farbios metab\u00f3licos em est\u00e1gios iniciais. O \u00fanico m\u00e9todo de tratamento curativo \u00e9 a extra\u00e7\u00e3o microcir\u00fargica da catarata com implanta\u00e7\u00e3o de uma lente intraocular (LIO).<\/div>\n<\/div>\n<div class=\"expand-button-wrapper\"><button class=\"text-accent expand-button\">+<\/button><\/div>\n<\/div>\n<div class=\"faq-item faq-answer-hidden\">\n<div class=\"question-block\">\n<div class=\"faq-question\">\n<p class=\" text-black h5-title\">5. O que \u00e9 uma catarata secund\u00e1ria e como ela pode ser curada? <\/p>\n<\/div>\n<div class=\"faq-answer text-main-text-color main-text-medium\">A catarata secund\u00e1ria n\u00e3o \u00e9 uma recorr\u00eancia do emba\u00e7amento da lente artificial, mas sim uma fibrose e redu\u00e7\u00e3o da transpar\u00eancia da c\u00e1psula posterior do cristalino onde a LIO est\u00e1 localizada. \u00c9 uma condi\u00e7\u00e3o p\u00f3s-operat\u00f3ria t\u00edpica tratada eficazmente por capsulotomia a laser YAG \u2014 um procedimento ambulatorial minimamente invasivo que restaura a transpar\u00eancia do eixo \u00f3ptico em minutos.<\/div>\n<\/div>\n<div class=\"expand-button-wrapper\"><button class=\"text-accent expand-button\">+<\/button><\/div>\n<\/div>\n<div class=\"faq-item faq-answer-hidden\">\n<div class=\"question-block\">\n<div class=\"faq-question\">\n<p class=\" text-black h5-title\">6. Em que est\u00e1gio da progress\u00e3o da doen\u00e7a a cirurgia \u00e9 recomendada? <\/p>\n<\/div>\n<div class=\"faq-answer text-main-text-color main-text-medium\">Os padr\u00f5es oftalmol\u00f3gicos modernos n\u00e3o exigem aguardar a \u201cmatura\u00e7\u00e3o\u201d da catarata. A interven\u00e7\u00e3o cir\u00fargica \u00e9 recomendada assim que o decl\u00ednio da qualidade da vis\u00e3o limita as atividades di\u00e1rias do paciente. A extra\u00e7\u00e3o precoce \u00e9 tecnicamente menos traum\u00e1tica para as estruturas oculares e minimiza o risco de complica\u00e7\u00f5es intraoperat\u00f3rias.<\/div>\n<\/div>\n<div class=\"expand-button-wrapper\"><button class=\"text-accent expand-button\">+<\/button><\/div>\n<\/div>\n<\/div>\n<\/div>\n<div class=\"sources-list-block sources-list-hidden\" id=\"referencias\">\n<div class=\"sources-list-content\">\n<div class=\"sources-list-title\">\n<p class=\"small-text-bold text-black sources-list-title-text\">Refer\u00eancias<\/p>\n<div class=\"sources-expand-button-wrapper-mobile\">\n<div class=\"sources-expand-button\"><svg width=\"32\" height=\"32\" viewbox=\"0 0 32 32\" fill=\"none\" xmlns=\"http:\/\/www.w3.org\/2000\/svg\"><path d=\"M8 12L16 20L24 12\" stroke=\"#8C9AAB\" stroke-width=\"2\" stroke-linecap=\"round\" stroke-linejoin=\"round\"><\/path><\/svg><\/div>\n<\/div>\n<\/div>\n<div class=\"sources-list-items\">\n<div class=\"source-item\">\n<p class=\"main-text-semibold text-black\">1.<\/p>\n<div class=\"source-item-content\">\n<p class=\"main-text-semibold text-black\"><cite>VOKA 3D Anatomy & Pathology \u2013 Complete Anatomy and Pathology 3D Atlas (VOKA 3D Anatomia e Patologia \u2013 Atlas 3D completo de anatomia e patologia) [Internet]. VOKA 3D Anatomy & Pathology [VOKA 3D Anatomia & Patologia].<\/cite><\/p>\n<p><span class=\"small-text-medium text-grey\">Dispon\u00edvel em: https:\/\/catalog.voka.io\/<\/span><\/div>\n<\/div>\n<div class=\"source-item\">\n<p class=\"main-text-semibold text-black\">2.<\/p>\n<div class=\"source-item-content\">\n<p class=\"main-text-semibold text-black\"><cite>Pesudovs K, Lansingh VC, Kempen JH, et al. Cataract-related blindness and vision impairment in 2020 and trends over time in relation to VISION 2020: the Right to Sight: an analysis for the Global Burden of Disease Study. Invest Ophthalmol Vis Sci. 2021;62:3523.<\/cite><\/p>\n<\/div>\n<\/div>\n<div class=\"source-item\">\n<p class=\"main-text-semibold text-black\">3.<\/p>\n<div class=\"source-item-content\">\n<p class=\"main-text-semibold text-black\"><cite>Global Burden of Disease 2019 Blindness and Vision Impairment Collaborators Causes of blindness and vision impairment in 2020 and trends over 30 years, and prevalence of avoidable blindness in relation to VISION 2020: the Right to Sight: an analysis for the Global Burden of Disease Study Lancet Glob Health [Causas de cegueira e defici\u00eancia visual em 2020 e tend\u00eancias ao longo de 30 anos, e preval\u00eancia de cegueira evit\u00e1vel em rela\u00e7\u00e3o ao VISION 2020: o Direito de Ver: uma an\u00e1lise para o Estudo do Impacto Global da Doen\u00e7a Lancet Glob Health]. 2021; 9:e144-e160.<\/cite><\/p>\n<\/div>\n<\/div>\n<div class=\"source-item\">\n<p class=\"main-text-semibold text-black\">4.<\/p>\n<div class=\"source-item-content\">\n<p class=\"main-text-semibold text-black\"><cite>Alabdulwahhab KM. Senile Cataract in Patients with Diabetes with and Without Diabetic Retinopathy: A Community-Based Comparative Study. Journal of Epidemiology and Global Health [Internet]. 2021 Dec 7;12(1):56\u201363. <\/cite><\/p>\n<p><span class=\"small-text-medium text-grey\">Dispon\u00edvel em: https:\/\/doi.org\/10.1007\/s44197-021-00020-6<\/span><\/div>\n<\/div>\n<div class=\"source-item\">\n<p class=\"main-text-semibold text-black\">5.<\/p>\n<div class=\"source-item-content\">\n<p class=\"main-text-semibold text-black\"><cite>Rong X., He W., Zhu Q., Qian D. et al. Intraocular lens power calculation in eyes with extreme myopia: Comparison of Barrett Universal II, Haigis, and Olsen formulas [C\u00e1lculo de pot\u00eancia de lente intraocular em olhos com miopia extrema: Compara\u00e7\u00e3o das f\u00f3rmulas de Barrett Universal II, Haigis, e Olsen]. Journal of Cataract and Refractive Surgery. 2019;45(6):732\u2013737. DOI: 10.1016\/j.jcrs.2018.12.025.<\/cite><\/p>\n<\/div>\n<\/div>\n<div class=\"source-item\">\n<p class=\"main-text-semibold text-black\">6.<\/p>\n<div class=\"source-item-content\">\n<p class=\"main-text-semibold text-black\"><cite>Jae Shin Song, Do Yeh Yoon, Joon Young Hyon, Hyun Sun Jeon. Comparison of Ocular Biometry and Refractive Outcomes Using IOL Master 500, IOL Master 700, and Lenstar LS900 [Compara\u00e7\u00e3o da Biometria Ocular e Resultados Refrativos Usando IOL Master 500, IOL Master 700, e Lenstar LS900]. Korean J Ophthalmol. 2020;34(2):126-132. DOI: 10.3341\/kjo.2019.0102.<\/cite><\/p>\n<\/div>\n<\/div>\n<div class=\"source-item\">\n<p class=\"main-text-semibold text-black\">7.<\/p>\n<div class=\"source-item-content\">\n<p class=\"main-text-semibold text-black\"><cite>IOL power calculation formulas: Haigis, Holladay, SRKT, Hoffer Q. East Valley Ophthalmology [Internet]. [cited 2021 Apr 10].<\/cite><\/p>\n<p><span class=\"small-text-medium text-grey\">Dispon\u00edvel em: https:\/\/doctor-hill.com\/iol-main\/formulas.htm<\/span><\/div>\n<\/div>\n<div class=\"source-item\">\n<p class=\"main-text-semibold text-black\">8.<\/p>\n<div class=\"source-item-content\">\n<p class=\"main-text-semibold text-black\"><cite>Karam M, Alkhowaiter N, Alkhabbaz A, Aldubaikhi A, Alsaif A, Shareef E, et al. Extended depth of focus versus trifocal for intraocular lens implantation: an updated systematic review and meta-analysis. Am J Ophthalmol. 2023 Jul;251:52-70. doi: 10.1016\/j.ajo.2023.01.024.<\/cite><\/p>\n<\/div>\n<\/div>\n<\/div>\n<\/div>\n<div class=\"sources-expand-button-wrapper\">\n<div class=\"sources-expand-button\"><svg width=\"32\" height=\"32\" viewbox=\"0 0 32 32\" fill=\"none\" xmlns=\"http:\/\/www.w3.org\/2000\/svg\"><path d=\"M8 12L16 20L24 12\" stroke=\"#8C9AAB\" stroke-width=\"2\" stroke-linecap=\"round\" stroke-linejoin=\"round\"><\/path><\/svg><\/div>\n<\/div>\n<\/div>\n","protected":false},"excerpt":{"rendered":"<p>Catarata \u00e9 o emba\u00e7amento da lente natural do olho, que \u00e9 um componente do sistema \u00f3ptico do globo ocular. Essa patologia leva a uma redu\u00e7\u00e3o significativa da acuidade visual e posteriormente \u00e0 perda completa das fun\u00e7\u00f5es visuais. Anatomia A lente \u00e9 uma estrutura anat\u00f4mica transparente e biconvexa localizada entre a \u00edris e o corpo v\u00edtreo. [&hellip;]<\/p>\n","protected":false},"author":14,"featured_media":0,"template":"","diseases_category":[300],"class_list":["post-4768","diseases_post","type-diseases_post","status-publish","hentry","diseases_category-oculares"],"acf":[],"yoast_head":"<!-- This site is optimized with the Yoast SEO Premium plugin v25.0 (Yoast SEO v26.5) - https:\/\/yoast.com\/wordpress\/plugins\/seo\/ -->\n<title>Catarata: causas, sintomas, est\u00e1gios e m\u00e9todos de tratamento<\/title>\n<meta name=\"description\" content=\"A les\u00e3o de catarata \u00e9 a principal causa de deteriora\u00e7\u00e3o da vis\u00e3o. An\u00e1lise das manifesta\u00e7\u00f5es cl\u00ednicas, m\u00e9todos de exame oftalmol\u00f3gico e t\u00e1ticas de tratamento cir\u00fargico.\" \/>\n<meta name=\"robots\" content=\"noindex, follow, max-snippet:-1, max-image-preview:large, max-video-preview:-1\" \/>\n<meta property=\"og:locale\" content=\"pt_PT\" \/>\n<meta property=\"og:type\" content=\"article\" \/>\n<meta property=\"og:title\" content=\"Catarata: etiologia, classifica\u00e7\u00e3o, sintomas, diagn\u00f3sticos e tratamento\" \/>\n<meta property=\"og:description\" content=\"A les\u00e3o de catarata \u00e9 a principal causa de deteriora\u00e7\u00e3o da vis\u00e3o. An\u00e1lise das manifesta\u00e7\u00f5es cl\u00ednicas, m\u00e9todos de exame oftalmol\u00f3gico e t\u00e1ticas de tratamento cir\u00fargico.\" \/>\n<meta property=\"og:url\" content=\"https:\/\/wiki.dev.voka.io\/pt\/doencas\/oculares\/catarata\/\" \/>\n<meta property=\"og:site_name\" content=\"Voka Wiki\" \/>\n<meta property=\"article:publisher\" content=\"https:\/\/www.facebook.com\/VOKA3DAnatomyAndPathology\/\" \/>\n<meta property=\"article:modified_time\" content=\"2026-04-01T15:38:48+00:00\" \/>\n<meta property=\"og:image\" content=\"https:\/\/storage.googleapis.com\/dev_wiki_voka_io_303011\/articles\/en\/ophthalmology\/cataract\/1-cortical-cataract.webp\" \/>\n<meta name=\"twitter:card\" content=\"summary_large_image\" \/>\n<meta name=\"twitter:label1\" content=\"Tempo estimado de leitura\" \/>\n\t<meta name=\"twitter:data1\" content=\"10 minutos\" \/>\n<script type=\"application\/ld+json\" class=\"yoast-schema-graph\">{\"@context\":\"https:\/\/schema.org\",\"@graph\":[{\"@type\":\"Article\",\"@id\":\"https:\/\/wiki.dev.voka.io\/pt\/doencas\/oculares\/catarata\/#article\",\"isPartOf\":{\"@id\":\"https:\/\/wiki.dev.voka.io\/pt\/doencas\/oculares\/catarata\/\"},\"author\":{\"name\":\"Kseniya M.\",\"@id\":\"https:\/\/wiki.dev.voka.io\/pt\/#\/schema\/person\/2b3fffc533b382ed964adcf78f67644b\"},\"headline\":\"Catarata: etiologia, classifica\u00e7\u00e3o, sintomas, diagn\u00f3sticos e tratamento\",\"datePublished\":\"2026-02-12T13:09:16+00:00\",\"dateModified\":\"2026-04-01T15:38:48+00:00\",\"mainEntityOfPage\":{\"@id\":\"https:\/\/wiki.dev.voka.io\/pt\/doencas\/oculares\/catarata\/\"},\"wordCount\":2091,\"publisher\":{\"@id\":\"https:\/\/wiki.dev.voka.io\/pt\/#organization\"},\"image\":{\"@id\":\"https:\/\/wiki.dev.voka.io\/pt\/doencas\/oculares\/catarata\/#primaryimage\"},\"thumbnailUrl\":\"https:\/\/storage.googleapis.com\/dev_wiki_voka_io_303011\/articles\/en\/ophthalmology\/cataract\/1-cortical-cataract.webp\",\"inLanguage\":\"pt-PT\"},{\"@type\":\"WebPage\",\"@id\":\"https:\/\/wiki.dev.voka.io\/pt\/doencas\/oculares\/catarata\/\",\"url\":\"https:\/\/wiki.dev.voka.io\/pt\/doencas\/oculares\/catarata\/\",\"name\":\"Catarata: causas, sintomas, est\u00e1gios e m\u00e9todos de tratamento\",\"isPartOf\":{\"@id\":\"https:\/\/wiki.dev.voka.io\/pt\/#website\"},\"primaryImageOfPage\":{\"@id\":\"https:\/\/wiki.dev.voka.io\/pt\/doencas\/oculares\/catarata\/#primaryimage\"},\"image\":{\"@id\":\"https:\/\/wiki.dev.voka.io\/pt\/doencas\/oculares\/catarata\/#primaryimage\"},\"thumbnailUrl\":\"https:\/\/storage.googleapis.com\/dev_wiki_voka_io_303011\/articles\/en\/ophthalmology\/cataract\/1-cortical-cataract.webp\",\"datePublished\":\"2026-02-12T13:09:16+00:00\",\"dateModified\":\"2026-04-01T15:38:48+00:00\",\"description\":\"A les\u00e3o de catarata \u00e9 a principal causa de deteriora\u00e7\u00e3o da vis\u00e3o. An\u00e1lise das manifesta\u00e7\u00f5es cl\u00ednicas, m\u00e9todos de exame oftalmol\u00f3gico e t\u00e1ticas de tratamento cir\u00fargico.\",\"breadcrumb\":{\"@id\":\"https:\/\/wiki.dev.voka.io\/pt\/doencas\/oculares\/catarata\/#breadcrumb\"},\"inLanguage\":\"pt-PT\",\"potentialAction\":[{\"@type\":\"ReadAction\",\"target\":[\"https:\/\/wiki.dev.voka.io\/pt\/doencas\/oculares\/catarata\/\"]}]},{\"@type\":\"ImageObject\",\"inLanguage\":\"pt-PT\",\"@id\":\"https:\/\/wiki.dev.voka.io\/pt\/doencas\/oculares\/catarata\/#primaryimage\",\"url\":\"https:\/\/storage.googleapis.com\/dev_wiki_voka_io_303011\/articles\/en\/ophthalmology\/cataract\/1-cortical-cataract.webp\",\"contentUrl\":\"https:\/\/storage.googleapis.com\/dev_wiki_voka_io_303011\/articles\/en\/ophthalmology\/cataract\/1-cortical-cataract.webp\"},{\"@type\":\"BreadcrumbList\",\"@id\":\"https:\/\/wiki.dev.voka.io\/pt\/doencas\/oculares\/catarata\/#breadcrumb\",\"itemListElement\":[{\"@type\":\"ListItem\",\"position\":1,\"name\":\"Home\",\"item\":\"https:\/\/wiki.dev.voka.io\/pt\/\"},{\"@type\":\"ListItem\",\"position\":2,\"name\":\"Oftalmologia\",\"item\":\"https:\/\/wiki.dev.voka.io\/pt\/doencas\/oculares\/\"},{\"@type\":\"ListItem\",\"position\":3,\"name\":\"Catarata: etiologia, classifica\u00e7\u00e3o, sintomas, diagn\u00f3sticos e tratamento\"}]},{\"@type\":\"WebSite\",\"@id\":\"https:\/\/wiki.dev.voka.io\/pt\/#website\",\"url\":\"https:\/\/wiki.dev.voka.io\/pt\/\",\"name\":\"Voka Wiki\",\"description\":\"\",\"publisher\":{\"@id\":\"https:\/\/wiki.dev.voka.io\/pt\/#organization\"},\"alternateName\":\"Anatomy & Pathology Wiki by VOKA\",\"potentialAction\":[{\"@type\":\"SearchAction\",\"target\":{\"@type\":\"EntryPoint\",\"urlTemplate\":\"https:\/\/wiki.dev.voka.io\/pt\/?s={search_term_string}\"},\"query-input\":{\"@type\":\"PropertyValueSpecification\",\"valueRequired\":true,\"valueName\":\"search_term_string\"}}],\"inLanguage\":\"pt-PT\"},{\"@type\":\"Organization\",\"@id\":\"https:\/\/wiki.dev.voka.io\/pt\/#organization\",\"name\":\"Voka 3D Anatomy & Pathology\",\"alternateName\":\"VOKA\",\"url\":\"https:\/\/wiki.dev.voka.io\/pt\/\",\"logo\":{\"@type\":\"ImageObject\",\"inLanguage\":\"pt-PT\",\"@id\":\"https:\/\/wiki.dev.voka.io\/pt\/#\/schema\/logo\/image\/\",\"url\":\"https:\/\/wiki.dev.voka.io\/wp-content\/uploads\/2025\/02\/cropped-voka-logo-1.png\",\"contentUrl\":\"https:\/\/wiki.dev.voka.io\/wp-content\/uploads\/2025\/02\/cropped-voka-logo-1.png\",\"width\":70,\"height\":16,\"caption\":\"Voka 3D Anatomy & Pathology\"},\"image\":{\"@id\":\"https:\/\/wiki.dev.voka.io\/pt\/#\/schema\/logo\/image\/\"},\"sameAs\":[\"https:\/\/www.facebook.com\/VOKA3DAnatomyAndPathology\/\",\"https:\/\/www.instagram.com\/voka.io\/\",\"https:\/\/www.linkedin.com\/company\/voka-io\/\",\"https:\/\/www.youtube.com\/channel\/UCqGGuOEpr62ScH8Pjk2q5zw\/videos\",\"https:\/\/www.pinterest.com\/VokaAnatomyPro\/\",\"https:\/\/www.threads.com\/@voka.io\"],\"description\":\"VOKA.io offers 3D medical animations and custom 3D modeling services. Our product, VOKA 3D Anatomy & Pathology, is a digital atlas with over 1,000 detailed 3D models of human anatomy and pathology, designed for medical education, training, and patient communication.\",\"email\":\"info@voka.io\",\"telephone\":\"+1 814 351 4442\",\"legalName\":\"Voka 3D Anatomy & Pathology\",\"foundingDate\":\"2017-02-12\",\"naics\":\"541512\",\"numberOfEmployees\":{\"@type\":\"QuantitativeValue\",\"minValue\":\"51\",\"maxValue\":\"200\"},\"publishingPrinciples\":\"https:\/\/wiki.voka.io\/pt\/principios-de-publicacao\/\"},{\"@type\":\"Person\",\"@id\":\"https:\/\/wiki.dev.voka.io\/pt\/#\/schema\/person\/2b3fffc533b382ed964adcf78f67644b\",\"name\":\"Kseniya M.\",\"image\":{\"@type\":\"ImageObject\",\"inLanguage\":\"pt-PT\",\"@id\":\"https:\/\/wiki.dev.voka.io\/pt\/#\/schema\/person\/image\/\",\"url\":\"https:\/\/secure.gravatar.com\/avatar\/84ea4906308347162ec145e8f02e6b522e218847c3bbd7858de2dceeaaeefbaf?s=96&d=mm&r=g\",\"contentUrl\":\"https:\/\/secure.gravatar.com\/avatar\/84ea4906308347162ec145e8f02e6b522e218847c3bbd7858de2dceeaaeefbaf?s=96&d=mm&r=g\",\"caption\":\"Kseniya M.\"}}]}<\/script>\n<!-- \/ Yoast SEO Premium plugin. -->","yoast_head_json":{"title":"Catarata: causas, sintomas, est\u00e1gios e m\u00e9todos de tratamento","description":"A les\u00e3o de catarata \u00e9 a principal causa de deteriora\u00e7\u00e3o da vis\u00e3o. An\u00e1lise das manifesta\u00e7\u00f5es cl\u00ednicas, m\u00e9todos de exame oftalmol\u00f3gico e t\u00e1ticas de tratamento cir\u00fargico.","robots":{"index":"noindex","follow":"follow","max-snippet":"max-snippet:-1","max-image-preview":"max-image-preview:large","max-video-preview":"max-video-preview:-1"},"og_locale":"pt_PT","og_type":"article","og_title":"Catarata: etiologia, classifica\u00e7\u00e3o, sintomas, diagn\u00f3sticos e tratamento","og_description":"A les\u00e3o de catarata \u00e9 a principal causa de deteriora\u00e7\u00e3o da vis\u00e3o. An\u00e1lise das manifesta\u00e7\u00f5es cl\u00ednicas, m\u00e9todos de exame oftalmol\u00f3gico e t\u00e1ticas de tratamento cir\u00fargico.","og_url":"https:\/\/wiki.dev.voka.io\/pt\/doencas\/oculares\/catarata\/","og_site_name":"Voka Wiki","article_publisher":"https:\/\/www.facebook.com\/VOKA3DAnatomyAndPathology\/","article_modified_time":"2026-04-01T15:38:48+00:00","og_image":[{"url":"https:\/\/storage.googleapis.com\/dev_wiki_voka_io_303011\/articles\/en\/ophthalmology\/cataract\/1-cortical-cataract.webp","type":"","width":"","height":""}],"twitter_card":"summary_large_image","twitter_misc":{"Tempo estimado de leitura":"10 minutos"},"schema":{"@context":"https:\/\/schema.org","@graph":[{"@type":"Article","@id":"https:\/\/wiki.dev.voka.io\/pt\/doencas\/oculares\/catarata\/#article","isPartOf":{"@id":"https:\/\/wiki.dev.voka.io\/pt\/doencas\/oculares\/catarata\/"},"author":{"name":"Kseniya M.","@id":"https:\/\/wiki.dev.voka.io\/pt\/#\/schema\/person\/2b3fffc533b382ed964adcf78f67644b"},"headline":"Catarata: etiologia, classifica\u00e7\u00e3o, sintomas, diagn\u00f3sticos e tratamento","datePublished":"2026-02-12T13:09:16+00:00","dateModified":"2026-04-01T15:38:48+00:00","mainEntityOfPage":{"@id":"https:\/\/wiki.dev.voka.io\/pt\/doencas\/oculares\/catarata\/"},"wordCount":2091,"publisher":{"@id":"https:\/\/wiki.dev.voka.io\/pt\/#organization"},"image":{"@id":"https:\/\/wiki.dev.voka.io\/pt\/doencas\/oculares\/catarata\/#primaryimage"},"thumbnailUrl":"https:\/\/storage.googleapis.com\/dev_wiki_voka_io_303011\/articles\/en\/ophthalmology\/cataract\/1-cortical-cataract.webp","inLanguage":"pt-PT"},{"@type":"WebPage","@id":"https:\/\/wiki.dev.voka.io\/pt\/doencas\/oculares\/catarata\/","url":"https:\/\/wiki.dev.voka.io\/pt\/doencas\/oculares\/catarata\/","name":"Catarata: causas, sintomas, est\u00e1gios e m\u00e9todos de tratamento","isPartOf":{"@id":"https:\/\/wiki.dev.voka.io\/pt\/#website"},"primaryImageOfPage":{"@id":"https:\/\/wiki.dev.voka.io\/pt\/doencas\/oculares\/catarata\/#primaryimage"},"image":{"@id":"https:\/\/wiki.dev.voka.io\/pt\/doencas\/oculares\/catarata\/#primaryimage"},"thumbnailUrl":"https:\/\/storage.googleapis.com\/dev_wiki_voka_io_303011\/articles\/en\/ophthalmology\/cataract\/1-cortical-cataract.webp","datePublished":"2026-02-12T13:09:16+00:00","dateModified":"2026-04-01T15:38:48+00:00","description":"A les\u00e3o de catarata \u00e9 a principal causa de deteriora\u00e7\u00e3o da vis\u00e3o. An\u00e1lise das manifesta\u00e7\u00f5es cl\u00ednicas, m\u00e9todos de exame oftalmol\u00f3gico e t\u00e1ticas de tratamento cir\u00fargico.","breadcrumb":{"@id":"https:\/\/wiki.dev.voka.io\/pt\/doencas\/oculares\/catarata\/#breadcrumb"},"inLanguage":"pt-PT","potentialAction":[{"@type":"ReadAction","target":["https:\/\/wiki.dev.voka.io\/pt\/doencas\/oculares\/catarata\/"]}]},{"@type":"ImageObject","inLanguage":"pt-PT","@id":"https:\/\/wiki.dev.voka.io\/pt\/doencas\/oculares\/catarata\/#primaryimage","url":"https:\/\/storage.googleapis.com\/dev_wiki_voka_io_303011\/articles\/en\/ophthalmology\/cataract\/1-cortical-cataract.webp","contentUrl":"https:\/\/storage.googleapis.com\/dev_wiki_voka_io_303011\/articles\/en\/ophthalmology\/cataract\/1-cortical-cataract.webp"},{"@type":"BreadcrumbList","@id":"https:\/\/wiki.dev.voka.io\/pt\/doencas\/oculares\/catarata\/#breadcrumb","itemListElement":[{"@type":"ListItem","position":1,"name":"Home","item":"https:\/\/wiki.dev.voka.io\/pt\/"},{"@type":"ListItem","position":2,"name":"Oftalmologia","item":"https:\/\/wiki.dev.voka.io\/pt\/doencas\/oculares\/"},{"@type":"ListItem","position":3,"name":"Catarata: etiologia, classifica\u00e7\u00e3o, sintomas, diagn\u00f3sticos e tratamento"}]},{"@type":"WebSite","@id":"https:\/\/wiki.dev.voka.io\/pt\/#website","url":"https:\/\/wiki.dev.voka.io\/pt\/","name":"Voka Wiki","description":"","publisher":{"@id":"https:\/\/wiki.dev.voka.io\/pt\/#organization"},"alternateName":"Anatomy & Pathology Wiki by VOKA","potentialAction":[{"@type":"SearchAction","target":{"@type":"EntryPoint","urlTemplate":"https:\/\/wiki.dev.voka.io\/pt\/?s={search_term_string}"},"query-input":{"@type":"PropertyValueSpecification","valueRequired":true,"valueName":"search_term_string"}}],"inLanguage":"pt-PT"},{"@type":"Organization","@id":"https:\/\/wiki.dev.voka.io\/pt\/#organization","name":"Voka 3D Anatomy & Pathology","alternateName":"VOKA","url":"https:\/\/wiki.dev.voka.io\/pt\/","logo":{"@type":"ImageObject","inLanguage":"pt-PT","@id":"https:\/\/wiki.dev.voka.io\/pt\/#\/schema\/logo\/image\/","url":"https:\/\/wiki.dev.voka.io\/wp-content\/uploads\/2025\/02\/cropped-voka-logo-1.png","contentUrl":"https:\/\/wiki.dev.voka.io\/wp-content\/uploads\/2025\/02\/cropped-voka-logo-1.png","width":70,"height":16,"caption":"Voka 3D Anatomy & Pathology"},"image":{"@id":"https:\/\/wiki.dev.voka.io\/pt\/#\/schema\/logo\/image\/"},"sameAs":["https:\/\/www.facebook.com\/VOKA3DAnatomyAndPathology\/","https:\/\/www.instagram.com\/voka.io\/","https:\/\/www.linkedin.com\/company\/voka-io\/","https:\/\/www.youtube.com\/channel\/UCqGGuOEpr62ScH8Pjk2q5zw\/videos","https:\/\/www.pinterest.com\/VokaAnatomyPro\/","https:\/\/www.threads.com\/@voka.io"],"description":"VOKA.io offers 3D medical animations and custom 3D modeling services. Our product, VOKA 3D Anatomy & Pathology, is a digital atlas with over 1,000 detailed 3D models of human anatomy and pathology, designed for medical education, training, and patient communication.","email":"info@voka.io","telephone":"+1 814 351 4442","legalName":"Voka 3D Anatomy & Pathology","foundingDate":"2017-02-12","naics":"541512","numberOfEmployees":{"@type":"QuantitativeValue","minValue":"51","maxValue":"200"},"publishingPrinciples":"https:\/\/wiki.voka.io\/pt\/principios-de-publicacao\/"},{"@type":"Person","@id":"https:\/\/wiki.dev.voka.io\/pt\/#\/schema\/person\/2b3fffc533b382ed964adcf78f67644b","name":"Kseniya M.","image":{"@type":"ImageObject","inLanguage":"pt-PT","@id":"https:\/\/wiki.dev.voka.io\/pt\/#\/schema\/person\/image\/","url":"https:\/\/secure.gravatar.com\/avatar\/84ea4906308347162ec145e8f02e6b522e218847c3bbd7858de2dceeaaeefbaf?s=96&d=mm&r=g","contentUrl":"https:\/\/secure.gravatar.com\/avatar\/84ea4906308347162ec145e8f02e6b522e218847c3bbd7858de2dceeaaeefbaf?s=96&d=mm&r=g","caption":"Kseniya M."}}]}},"_links":{"self":[{"href":"https:\/\/wiki.dev.voka.io\/pt\/wp-json\/wp\/v2\/diseases_post\/4768","targetHints":{"allow":["GET"]}}],"collection":[{"href":"https:\/\/wiki.dev.voka.io\/pt\/wp-json\/wp\/v2\/diseases_post"}],"about":[{"href":"https:\/\/wiki.dev.voka.io\/pt\/wp-json\/wp\/v2\/types\/diseases_post"}],"author":[{"embeddable":true,"href":"https:\/\/wiki.dev.voka.io\/pt\/wp-json\/wp\/v2\/users\/14"}],"wp:attachment":[{"href":"https:\/\/wiki.dev.voka.io\/pt\/wp-json\/wp\/v2\/media?parent=4768"}],"wp:term":[{"taxonomy":"diseases_category","embeddable":true,"href":"https:\/\/wiki.dev.voka.io\/pt\/wp-json\/wp\/v2\/diseases_category?post=4768"}],"curies":[{"name":"wp","href":"https:\/\/api.w.org\/{rel}","templated":true}]}}