{"id":2822,"date":"2026-01-29T17:26:11","date_gmt":"2026-01-29T14:26:11","guid":{"rendered":"https:\/\/wiki.dev.voka.io\/diseases\/uncategorized\/fraturas-da-clavicula\/"},"modified":"2026-01-29T17:25:36","modified_gmt":"2026-01-29T14:25:36","slug":"fraturas-da-clavicula","status":"publish","type":"diseases_post","link":"https:\/\/wiki.dev.voka.io\/pt\/doencas\/traumatologicas\/fraturas-da-clavicula\/","title":{"rendered":"Fraturas da clav\u00edcula: classifica\u00e7\u00e3o, sintomas, m\u00e9todos de tratamento e reabilita\u00e7\u00e3o"},"content":{"rendered":"<p><?xml encoding=\"UTF-8\" ?><\/p>\n<p><strong>A clav\u00edcula<\/strong> \u00e9 um osso em forma de S (plano lateralmente, cil\u00edndrico no meio e em forma de prisma medialmente), que se liga ao esterno por meio da articula\u00e7\u00e3o esternoclavicular e com a omoplata atrav\u00e9s da articula\u00e7\u00e3o acromioclavicular. Desempenha um papel fundamental na estabilidade do ombro.<\/p>\n<h2 class=\"wp-block-heading\" id=\"etiologia-e-mecanismo-da-lesao\"><strong>Etiologia e mecanismo da les\u00e3o<\/strong><\/h2>\n<p>As fraturas da clav\u00edcula ocorrem principalmente devido a traumatismos diretos ou indiretos. <\/p>\n<p><strong>As causas mais comuns s\u00e3o<\/strong>:<\/p>\n<ol class=\"wp-block-list\">\n<li>Queda sobre o ombro ou bra\u00e7o estendido.<\/li>\n<li>Les\u00f5es desportivas (geralmente ciclismo ou futebol).<\/li>\n<li>Acidentes de tr\u00e2nsito.<\/li>\n<\/ol>\n<p>O principal mecanismo da les\u00e3o \u00e9 a queda direta sobre o ombro, causando for\u00e7as compressivas, o que leva \u00e0 fratura do osso (ocorre em 85% dos casos). Com menos frequ\u00eancia, a fratura pode ser causada por um impacto direto na clav\u00edcula ou pelo efeito indireto da for\u00e7a transmitida atrav\u00e9s do bra\u00e7o. <\/p>\n<p>O deslocamento dos fragmentos \u00f3sseos da clav\u00edcula \u00e9 causado pela a\u00e7\u00e3o dos m\u00fasculos diretamente ligados a ela: <\/p>\n<ul class=\"wp-block-list\">\n<li><strong>Fragmentos mediais (centrais):<\/strong> tendem a se deslocar na dire\u00e7\u00e3o posterior-superior devido \u00e0 tra\u00e7\u00e3o do m\u00fasculo esternocleidomast\u00f3ideo.<\/li>\n<li><strong>Fragmentos laterais:<\/strong> deslocam-se para baixo e medialmente devido \u00e0 a\u00e7\u00e3o do m\u00fasculo peitoral maior e ao peso do pr\u00f3prio membro. <\/li>\n<\/ul>\n<h2 class=\"wp-block-heading\" id=\"epidemiologia\"><strong>Epidemiologia<\/strong><\/h2>\n<p>As fraturas da clav\u00edcula representam cerca de 2,6 a 5% de todas as fraturas e at\u00e9 44% das les\u00f5es da cintura escapular. Elas s\u00e3o mais comuns entre jovens, pessoas ativas e crian\u00e7as, com pico de incid\u00eancia entre os homens de 13 a 20 anos.<\/p>\n<h2 class=\"wp-block-heading\" id=\"classificacao-das-fraturas-da-clavicula\"><strong>Classifica\u00e7\u00e3o das fraturas da clav\u00edcula<\/strong><\/h2>\n<p>A classifica\u00e7\u00e3o principal das fraturas da clav\u00edcula baseia-se na localiza\u00e7\u00e3o da fratura em rela\u00e7\u00e3o \u00e0s \u00e1reas anat\u00f4micas do osso: <\/p>\n<ul class=\"wp-block-list\">\n<li>As fraturas diafis\u00e1rias do ter\u00e7o m\u00e9dio representam 75\u201380% de todas as fraturas da clav\u00edcula. <\/li>\n<li>As fraturas da extremidade acromial (ter\u00e7o lateral) representam 15\u201325%. <\/li>\n<li>As fraturas da extremidade esternal (ter\u00e7o medial) correspondem a cerca de 2\u20135%.<\/li>\n<\/ul>\n<p>A frequ\u00eancia de fraturas na parte diafis\u00e1ria (ter\u00e7o m\u00e9dio) se deve ao fato de essa parte ser a mais fina e estreita de toda a clav\u00edcula, sem suporte de ligamentos e inser\u00e7\u00f5es musculares. <\/p>\n<h3 class=\"wp-block-heading\" id=\"classificacao-de-neer-para-a-extremidade-acromial\"><strong>Classifica\u00e7\u00e3o de Neer (para a extremidade acromial)<\/strong><\/h3>\n<p>Para as fraturas da extremidade acromial (distal) da clav\u00edcula, a classifica\u00e7\u00e3o de Neer \u00e9 amplamente utilizada na pr\u00e1tica cl\u00ednica e serve para determinar o m\u00e9todo de tratamento adequado. A classifica\u00e7\u00e3o de Neer destaca cinco tipos principais de fratura e tamb\u00e9m dois subtipos. <\/p>\n<figure class=\"wp-block-table table-to-cards\">\n<table>\n<thead>\n<tr>\n<th class=\"has-text-align-center\" data-align=\"center\"><strong>Tipo&nbsp;de fratura de acordo com&nbsp;Neer<\/strong><\/th>\n<th class=\"has-text-align-center\" data-align=\"center\"><strong>Classifica\u00e7\u00e3o da fratura<\/strong><\/th>\n<th class=\"has-text-align-center\" data-align=\"center\"><strong>Op\u00e7\u00f5es de tratamento<\/strong><\/th>\n<\/tr>\n<\/thead>\n<tbody>\n<tr>\n<td class=\"has-text-align-center\" data-align=\"center\">Tipo\u00a0 1<\/td>\n<td class=\"has-text-align-center\" data-align=\"center\">Fratura extra-articular. A linha da fratura passa lateralmente \u00e0 inser\u00e7\u00e3o dos ligamentos coracoclaviculares. Os ligamentos est\u00e3o \u00edntegros. Deslocamento m\u00ednimo da fratura. A fratura \u00e9 est\u00e1vel<\/td>\n<td class=\"has-text-align-center\" data-align=\"center\"><strong>Conservador<\/strong><\/td>\n<\/tr>\n<tr>\n<td class=\"has-text-align-center\" data-align=\"center\">Tipo\u00a02<\/td>\n<td class=\"has-text-align-center\" data-align=\"center\">Fratura extra-articular. A linha de fratura situa-se medialmente \u00e0 inser\u00e7\u00e3o dos ligamentos coracoclaviculares. Os ligamentos est\u00e3o \u00edntegros. Deslocamento medial significativo. A fratura \u00e9 inst\u00e1vel<\/td>\n<td class=\"has-text-align-center\" data-align=\"center\"><strong>Cir\u00fargico<\/strong>. Com o tratamento conservador, a incid\u00eancia de n\u00e3o consolida\u00e7\u00e3o atinge os 56%<\/td>\n<\/tr>\n<tr>\n<td class=\"has-text-align-center\" data-align=\"center\">Tipo\u00a02<\/td>\n<td class=\"has-text-align-center\" data-align=\"center\">Fratura extra-articular. Duas formas anat\u00f4micas de les\u00e3o: <br \/>1. A linha de fratura passa pelo local de inser\u00e7\u00e3o do ligamento (con\u00f3ide danificado e trapez\u00f3ide intacto). <br \/>2. A linha de fratura \u00e9 lateral ao local de inser\u00e7\u00e3o do ligamento, mas os ligamentos est\u00e3o danificados.<\/p>\n<p>Deslocamento medial significativo da clav\u00edcula. A fratura \u00e9 inst\u00e1vel<\/td>\n<td class=\"has-text-align-center\" data-align=\"center\"><strong>Cir\u00fargico<\/strong>. Com o tratamento conservador, a n\u00e3o consolida\u00e7\u00e3o atinge 30-45%<\/td>\n<\/tr>\n<tr>\n<td class=\"has-text-align-center\" data-align=\"center\">Tipo\u00a03<\/td>\n<td class=\"has-text-align-center\" data-align=\"center\">Fratura intra-articular. A linha de fratura \u00e9 lateral \u00e0 inser\u00e7\u00e3o do ligamento e estende-se at\u00e9 \u00e0 articula\u00e7\u00e3o acromioclavicular. Os ligamentos est\u00e3o \u00edntegros. Deslocamento m\u00ednimo da fratura. A fratura \u00e9 est\u00e1vel<\/td>\n<td class=\"has-text-align-center\" data-align=\"center\"><strong>Conservador<\/strong>. Existe o risco de artrose p\u00f3s-traum\u00e1tica da articula\u00e7\u00e3o acromioclavicular<\/td>\n<\/tr>\n<tr>\n<td class=\"has-text-align-center\" data-align=\"center\">Tipo\u00a04<\/td>\n<td class=\"has-text-align-center\" data-align=\"center\">Fratura extra-articular. Ocorre quando placas de crescimento na regi\u00e3o fisi\u00e1ria ainda est\u00e3o abertas. Os ligamentos est\u00e3o \u00edntegros. A por\u00e7\u00e3o lateral da clav\u00edcula est\u00e1 deslocada para cima devido \u00e0 avuls\u00e3o periosteal. A fratura \u00e9 est\u00e1vel<\/td>\n<td class=\"has-text-align-center\" data-align=\"center\"><strong>Conservador<\/strong><\/td>\n<\/tr>\n<tr>\n<td class=\"has-text-align-center\" data-align=\"center\">Tipo\u00a05<\/td>\n<td class=\"has-text-align-center\" data-align=\"center\">Extra-articular ou intra-articular. Fratura cominutiva. Os ligamentos est\u00e3o \u00edntegros. Deslocamento medial significativo da clav\u00edcula. A fratura \u00e9 inst\u00e1vel<\/td>\n<td class=\"has-text-align-center\" data-align=\"center\"><strong>Cir\u00fargico<\/strong><\/td>\n<\/tr>\n<\/tbody>\n<\/table>\n<\/figure>\n<p><a href=\"https:\/\/catalog.voka.io\/en\/models\/172682d4-e3d9-460c-8ad0-f4cc3bbe976d\/15ae3b98-3ff4-4335-9700-722d38e8a5af\/1acf0046-efb5-4693-8f36-d49a0ea39a65\/a02ebe6a-3188-46c6-87a6-aab8dd49ac25\" target=\"_blank\" rel=\"noreferrer noopener nofollow\">Modelos 3D<\/a> de fraturas da clav\u00edcula:<\/p>\n<div class=\"carousel-block\">\n<div class=\"swiper carousel-swiper carousel-swiper-block_69efce0fea936\">\n<div class=\"swiper-wrapper\">\n<div class=\"swiper-slide image-carousel-slide\"><img decoding=\"async\" class=\"carousel-image\" src=\"https:\/\/storage.googleapis.com\/dev_wiki_voka_io_303011\/articles\/en\/traumatology\/collarbone-fracture\/extra-articular-fracture-of-the-sternal-end-of-the-clavicle.webp\" alt=\"Fratura extra-articular da extremidade esternal da clav\u00edcula\"><span class=\"small-text-article text-main-text-color\">Fratura extra-articular da extremidade esternal da clav\u00edcula<\/span><\/div>\n<div class=\"swiper-slide image-carousel-slide\"><img decoding=\"async\" class=\"carousel-image\" src=\"https:\/\/storage.googleapis.com\/dev_wiki_voka_io_303011\/articles\/en\/traumatology\/collarbone-fracture\/comminuted-fracture-of-the-clavicle-shaft.webp\" alt=\"Fratura cominutiva da di\u00e1fise da clav\u00edcula\"><span class=\"small-text-article text-main-text-color\">Fratura cominutiva da di\u00e1fise da clav\u00edcula<\/span><\/div>\n<div class=\"swiper-slide image-carousel-slide\"><img decoding=\"async\" class=\"carousel-image\" src=\"https:\/\/storage.googleapis.com\/dev_wiki_voka_io_303011\/articles\/en\/traumatology\/collarbone-fracture\/extra-articular-comminuted-fracture-of-the-acromial-end-of-the-clavicle-type-5.webp\" alt=\"Fratura cominutiva extra-articular da extremidade acromial da clav\u00edcula (Tipo 5 de Neer)\"><span class=\"small-text-article text-main-text-color\">Fratura cominutiva extra-articular da extremidade acromial da clav\u00edcula (Tipo 5 de Neer)<\/span><\/div>\n<\/div>\n<\/div>\n<div class=\"swiper-article-carousel__controls\">\n<div class=\"swiper-article-carousel__pagination-container swiper-article-carousel__pagination-container-block_69efce0fea936\"><\/div>\n<div class=\"swiper-article-carousel__arrows\"><button class=\"swiper__arrow swiper__arrow--prev carousel-swiper-button-prev swiper__arrow swiper__arrow--prev carousel-swiper-button-prev-block_69efce0fea936\"><svg xmlns=\"http:\/\/www.w3.org\/2000\/svg\" width=\"40\" height=\"40\" viewbox=\"0 0 40 40\" fill=\"none\"><path d=\"M20 3.75C16.7861 3.75 13.6443 4.70305 10.972 6.48862C8.29969 8.27419 6.21689 10.8121 4.98696 13.7814C3.75704 16.7507 3.43524 20.018 4.06225 23.1702C4.68926 26.3224 6.23692 29.2179 8.50952 31.4905C10.7821 33.7631 13.6776 35.3107 16.8298 35.9378C19.982 36.5648 23.2493 36.243 26.2186 35.013C29.1879 33.7831 31.7258 31.7003 33.5114 29.028C35.297 26.3557 36.25 23.2139 36.25 20C36.2455 15.6916 34.5319 11.561 31.4855 8.51454C28.439 5.46806 24.3084 3.75455 20 3.75ZM23.3844 25.3656C23.5005 25.4818 23.5926 25.6196 23.6555 25.7714C23.7184 25.9231 23.7507 26.0858 23.7507 26.25C23.7507 26.4142 23.7184 26.5769 23.6555 26.7286C23.5926 26.8804 23.5005 27.0182 23.3844 27.1344C23.2682 27.2505 23.1304 27.3426 22.9786 27.4055C22.8269 27.4683 22.6643 27.5007 22.5 27.5007C22.3358 27.5007 22.1731 27.4683 22.0214 27.4055C21.8696 27.3426 21.7318 27.2505 21.6156 27.1344L15.3656 20.8844C15.2494 20.7683 15.1572 20.6304 15.0943 20.4787C15.0314 20.3269 14.999 20.1643 14.999 20C14.999 19.8357 15.0314 19.6731 15.0943 19.5213C15.1572 19.3696 15.2494 19.2317 15.3656 19.1156L21.6156 12.8656C21.7318 12.7495 21.8696 12.6574 22.0214 12.5945C22.1731 12.5317 22.3358 12.4993 22.5 12.4993C22.6643 12.4993 22.8269 12.5317 22.9786 12.5945C23.1304 12.6574 23.2682 12.7495 23.3844 12.8656C23.5005 12.9818 23.5926 13.1196 23.6555 13.2714C23.7184 13.4231 23.7507 13.5858 23.7507 13.75C23.7507 13.9142 23.7184 14.0769 23.6555 14.2286C23.5926 14.3804 23.5005 14.5182 23.3844 14.6344L18.0172 20L23.3844 25.3656Z\" fill=\"#B5C0CD\"><\/path><\/svg><\/button><button class=\"swiper__arrow swiper__arrow--next carousel-swiper-button-next swiper__arrow swiper__arrow--next carousel-swiper-button-next-block_69efce0fea936\" tabindex=\"0\" aria-label=\"Next slide\"><svg xmlns=\"http:\/\/www.w3.org\/2000\/svg\" width=\"40\" height=\"40\" viewbox=\"0 0 40 40\" fill=\"none\"><path d=\"M20 3.75C16.7861 3.75 13.6443 4.70305 10.972 6.48862C8.29969 8.27419 6.21689 10.8121 4.98696 13.7814C3.75704 16.7507 3.43524 20.018 4.06225 23.1702C4.68926 26.3224 6.23692 29.2179 8.50952 31.4905C10.7821 33.7631 13.6776 35.3107 16.8298 35.9378C19.982 36.5648 23.2493 36.243 26.2186 35.013C29.1879 33.7831 31.7258 31.7003 33.5114 29.028C35.297 26.3557 36.25 23.2139 36.25 20C36.2455 15.6916 34.5319 11.561 31.4855 8.51454C28.439 5.46806 24.3084 3.75455 20 3.75ZM23.3844 25.3656C23.5005 25.4818 23.5926 25.6196 23.6555 25.7714C23.7184 25.9231 23.7507 26.0858 23.7507 26.25C23.7507 26.4142 23.7184 26.5769 23.6555 26.7286C23.5926 26.8804 23.5005 27.0182 23.3844 27.1344C23.2682 27.2505 23.1304 27.3426 22.9786 27.4055C22.8269 27.4683 22.6643 27.5007 22.5 27.5007C22.3358 27.5007 22.1731 27.4683 22.0214 27.4055C21.8696 27.3426 21.7318 27.2505 21.6156 27.1344L15.3656 20.8844C15.2494 20.7683 15.1572 20.6304 15.0943 20.4787C15.0314 20.3269 14.999 20.1643 14.999 20C14.999 19.8357 15.0314 19.6731 15.0943 19.5213C15.1572 19.3696 15.2494 19.2317 15.3656 19.1156L21.6156 12.8656C21.7318 12.7495 21.8696 12.6574 22.0214 12.5945C22.1731 12.5317 22.3358 12.4993 22.5 12.4993C22.6643 12.4993 22.8269 12.5317 22.9786 12.5945C23.1304 12.6574 23.2682 12.7495 23.3844 12.8656C23.5005 12.9818 23.5926 13.1196 23.6555 13.2714C23.7184 13.4231 23.7507 13.5858 23.7507 13.75C23.7507 13.9142 23.7184 14.0769 23.6555 14.2286C23.5926 14.3804 23.5005 14.5182 23.3844 14.6344L18.0172 20L23.3844 25.3656Z\" fill=\"#B5C0CD\"><\/path><\/svg><\/button><\/div>\n<\/div>\n<\/div>\n<p><script defer>\n    document.addEventListener('DOMContentLoaded', function() {\n        const imagesCarouselSwiper = new Swiper('.carousel-swiper-block_69efce0fea936', {\n            slidesPerView: 1,\n            spaceBetween: 20,\n            loop: true,\n            pagination: {\n                el: '.swiper-article-carousel__pagination-container-block_69efce0fea936',\n                clickable: true,\n            },\n            navigation: {\n                nextEl: '.carousel-swiper-button-next-block_69efce0fea936',\n                prevEl: '.carousel-swiper-button-prev-block_69efce0fea936',\n            },\n        })\n    })\n<\/script><\/p>\n<h2 class=\"wp-block-heading\" id=\"apresentacao-clinica-e-sintomas\"><strong>Apresenta\u00e7\u00e3o cl\u00ednica e sintomas<\/strong><\/h2>\n<p>Os principais sintomas de fratura s\u00e3o: <\/p>\n<ol class=\"wp-block-list\">\n<li>Dor imediata no ombro e incapacidade funcional.<\/li>\n<li>O bra\u00e7o est\u00e1 pressionado contra o corpo e apoiado pelo bra\u00e7o oposto.<\/li>\n<li>Incha\u00e7o, hematoma e protrus\u00e3o \u00f3ssea sob a pele.<\/li>\n<li>Poss\u00edvel distens\u00e3o da pele ou, menos frequentemente, fratura exposta.<\/li>\n<li>Poss\u00edvel les\u00e3o de vasos e nervos adjacentes. <\/li>\n<\/ol>\n<h2 class=\"wp-block-heading\" id=\"diagnostico\"><strong>Diagn\u00f3stico<\/strong><\/h2>\n<p>O diagn\u00f3stico baseia-se na avalia\u00e7\u00e3o cl\u00ednica e nos exames de imagem. <\/p>\n<h3 class=\"wp-block-heading\" id=\"avaliacao-clinica\"><strong>Avalia\u00e7\u00e3o cl\u00ednica<\/strong><\/h3>\n<ul class=\"wp-block-list\">\n<li><strong>Hist\u00f3rico da les\u00e3o<\/strong>: o paciente relata um impacto traum\u00e1tico, acompanhado de um estalo bem claro, seguido de dor.<\/li>\n<li><strong>Exame f\u00edsico<\/strong>: a regi\u00e3o da fratura apresenta deformidade vis\u00edvel, incha\u00e7o dos tecidos moles, hematoma.<\/li>\n<li><strong>Palpa\u00e7\u00e3o<\/strong>: a dor localizada e crepita\u00e7\u00e3o (estalo).<\/li>\n<li><strong>Amplitude de movimento<\/strong>: o movimento limitado do membro superior livre do lado lesionado devido \u00e0 intensidade da dor.<\/li>\n<\/ul>\n<h3 class=\"wp-block-heading\" id=\"metodos-radiologicos\"><strong>M\u00e9todos radiol\u00f3gicos:<\/strong><\/h3>\n<ul class=\"wp-block-list\">\n<li><strong>Radiografia<\/strong>: a proje\u00e7\u00e3o padr\u00e3o \u00e2ntero-posterior e proje\u00e7\u00e3o a um \u00e2ngulo de 15 graus em dire\u00e7\u00e3o \u00e0 cabe\u00e7a (Zanca view) mostram a localiza\u00e7\u00e3o da fratura, o deslocamento e a presen\u00e7a de fragmentos.<\/li>\n<li><strong>Tomografia computorizada (TC)<\/strong>: \u00e9 necess\u00e1ria em casos de fraturas cominutivas complexas, bem como para fraturas das extremidades esternal e acromial.<\/li>\n<\/ul>\n<h2 class=\"wp-block-heading\" id=\"tratamento-de-fraturas-da-clavicula\"><strong>Tratamento de fraturas da clav\u00edcula<\/strong><\/h2>\n<h3 class=\"wp-block-heading\" id=\"tratamento-nao-cirurgico\"><strong>Tratamento n\u00e3o cir\u00fargico<\/strong><\/h3>\n<p>Resulta numa elevada percentagem de consolida\u00e7\u00e3o \u00f3ssea em crian\u00e7as e fraturas com deslocamento em adultos.<\/p>\n<p><strong>Indica\u00e7\u00f5es:<\/strong><\/p>\n<ol class=\"wp-block-list\">\n<li>Fraturas diafis\u00e1ria da parte m\u00e9dia sem deslocamento ou com deslocamento m\u00ednimo.<\/li>\n<li>Aus\u00eancia de les\u00f5es vasculares e nervosas associadas. <\/li>\n<li>Aus\u00eancia de les\u00f5es cut\u00e2neas ou encurtamento \u00f3sseo significativo (menos de 2 cm).<\/li>\n<\/ol>\n<p><strong>Metodologia:<\/strong><\/p>\n<ol class=\"wp-block-list\">\n<li>A imobiliza\u00e7\u00e3o com tipoia ou imobiliza\u00e7\u00e3o em 8.<\/li>\n<li>Controlo da dor e retorno \u00e0s atividades rotineiras dentro de 6 a 12 semanas.<\/li>\n<li>Fisioterapia: movimentos passivos sem dor a partir da segunda semana; exerc\u00edcios de resist\u00eancia ap\u00f3s a sexta semana; retorno \u00e0s atividades desportivas ativas entre 4 e 6 meses.<\/li>\n<\/ol>\n<h3 class=\"wp-block-heading\" id=\"terapia-cirurgica\"><strong>Terapia cir\u00fargica<\/strong><\/h3>\n<p>Em alguns casos, a interven\u00e7\u00e3o cir\u00fargica garante uma recupera\u00e7\u00e3o funcional mais r\u00e1pida e reduz o risco de n\u00e3o consolida\u00e7\u00e3o ou consolida\u00e7\u00e3o viciosa de fraturas com deslocamento significativo.<\/p>\n<p><strong>Indica\u00e7\u00f5es para cirurgia:<\/strong><\/p>\n<ol class=\"wp-block-list\">\n<li>Fraturas diafis\u00e1rias com encurtamento significativo (mais de 2 cm) da clav\u00edcula e deslocamento dos fragmentos. <\/li>\n<li>Fraturas expostas.<\/li>\n<li>Les\u00f5es vasculares e nervosas associadas. <\/li>\n<li>Tens\u00e3o da pele na \u00e1rea da fratura e risco \u00e0 sua integridade.<\/li>\n<li>Fraturas cominutivas, les\u00e3o do aparelho capsuloligamentar da articula\u00e7\u00e3o acromioclavicular e da articula\u00e7\u00e3o esternoclavicular. <\/li>\n<\/ol>\n<p><strong>Metodologia:<\/strong><\/p>\n<ol class=\"wp-block-list\">\n<li><strong>Redu\u00e7\u00e3o aberta e fixa\u00e7\u00e3o interna (RAFI)<\/strong> com placas e parafusos. Imobiliza\u00e7\u00e3o com uma tipoia macia durante 7 a 10 dias, seguida de movimentos ativos do membro dentro da amplitude indolor. A partir da 6\u00aa semana, s\u00e3o introduzidos os exerc\u00edcios de resist\u00eancia e com peso. Retorno \u00e0s atividades desportivas ativas apenas com 3 meses ap\u00f3s a fratura.<\/li>\n<li><strong>Osteoss\u00edntese intramedular<\/strong> (menos utilizada).<\/li>\n<\/ol>\n<h2 class=\"wp-block-heading\" id=\"reabilitacao-principios-e-etapas\"><strong>Reabilita\u00e7\u00e3o: princ\u00edpios e etapas<\/strong><\/h2>\n<p>A abordagem geral da reabilita\u00e7\u00e3o envolve um tratamento ortop\u00e9dico passo a passo e n\u00edveis aceit\u00e1veis \u200b\u200bde exerc\u00edcio: imobiliza\u00e7\u00e3o (tipoia) \u2192 movimento passivo precoce \u2192 movimento ativo \u2192 recupera\u00e7\u00e3o da for\u00e7a muscular \u2192 retorno \u00e0 atividade. A progress\u00e3o depende do tipo de fratura e do m\u00e9todo de tratamento escolhido.<\/p>\n<h3 class=\"wp-block-heading\" id=\"reabilitacao-para-fratura-do-terco-proximal-medial-da-clavicula\"><strong>Reabilita\u00e7\u00e3o para fratura do ter\u00e7o proximal (medial) da clav\u00edcula<\/strong><\/h3>\n<figure class=\"wp-block-table table-to-cards\">\n<table>\n<thead>\n<tr>\n<th class=\"has-text-align-center\" data-align=\"center\">Cronologia (semanas)<\/th>\n<th class=\"has-text-align-center\" data-align=\"center\">Carga de peso<\/th>\n<th class=\"has-text-align-center\" data-align=\"center\">Amplitude de movimentos<\/th>\n<th class=\"has-text-align-center\" data-align=\"center\">Observa\u00e7\u00f5es<\/th>\n<\/tr>\n<\/thead>\n<tbody>\n<tr>\n<td class=\"has-text-align-center\" data-align=\"center\">0-2<\/td>\n<td class=\"has-text-align-center\" data-align=\"center\">Contraindicada<\/td>\n<td class=\"has-text-align-center\" data-align=\"center\">Articula\u00e7\u00f5es do cotovelo e do punho em toda a sua amplitude. O movimento da articula\u00e7\u00e3o do ombro \u00e9 contraindicado<\/td>\n<td class=\"has-text-align-center\" data-align=\"center\">Imobiliza\u00e7\u00e3o com tipoia. Monitoriza\u00e7\u00e3o de danos aos vasos sangu\u00edneos e \u00f3rg\u00e3os<\/td>\n<\/tr>\n<tr>\n<td class=\"has-text-align-center\" data-align=\"center\">2-6<\/td>\n<td class=\"has-text-align-center\" data-align=\"center\">Contraindicada<\/td>\n<td class=\"has-text-align-center\" data-align=\"center\">Movimentos pendulares, flex\u00e3o passiva e eleva\u00e7\u00e3o do ombro at\u00e9 90\u00b0 (com dor controlada)<\/td>\n<td class=\"has-text-align-center\" data-align=\"center\"> \u2013 <\/td>\n<\/tr>\n<tr>\n<td class=\"has-text-align-center\" data-align=\"center\">6-8<\/td>\n<td class=\"has-text-align-center\" data-align=\"center\">At\u00e9 1 kg<\/td>\n<td class=\"has-text-align-center\" data-align=\"center\">Movimento ativo na articula\u00e7\u00e3o do ombro > superior a 90\u00b0 (com dor controlada)<\/td>\n<td class=\"has-text-align-center\" data-align=\"center\">Radiografia por etapa para determinar a din\u00e2mica da consolida\u00e7\u00e3o da fratura<\/td>\n<\/tr>\n<tr>\n<td class=\"has-text-align-center\" data-align=\"center\">8-12<\/td>\n<td class=\"has-text-align-center\" data-align=\"center\">Aumento do peso permitido, conforme a condi\u00e7\u00e3o f\u00edsica<\/td>\n<td class=\"has-text-align-center\" data-align=\"center\">Amplitude completa de movimentos ativos na articula\u00e7\u00e3o do ombro. Exerc\u00edcios isom\u00e9tricos<\/td>\n<td class=\"has-text-align-center\" data-align=\"center\"> \u2013 <\/td>\n<\/tr>\n<tr>\n<td class=\"has-text-align-center\" data-align=\"center\">12+<\/td>\n<td class=\"has-text-align-center\" data-align=\"center\">Sem restri\u00e7\u00f5es<\/td>\n<td class=\"has-text-align-center\" data-align=\"center\">Sem restri\u00e7\u00f5es<\/td>\n<td class=\"has-text-align-center\" data-align=\"center\">Radiografia por etapa para determinar a din\u00e2mica da consolida\u00e7\u00e3o da fratura. O retorno \u00e0s atividades desportivas depende do tipo de desporto e dos achados radiol\u00f3gicos<\/td>\n<\/tr>\n<\/tbody>\n<\/table>\n<\/figure>\n<h3 class=\"wp-block-heading\" id=\"reabilitacao-para-fratura-diafisaria-da-clavicula\"><strong>Reabilita\u00e7\u00e3o para fratura diafis\u00e1ria da clav\u00edcula<\/strong><\/h3>\n<h4 class=\"wp-block-heading\"><strong>Tratamento conservador<\/strong><\/h4>\n<figure class=\"wp-block-table table-to-cards\">\n<table>\n<thead>\n<tr>\n<th class=\"has-text-align-center\" data-align=\"center\">Cronologia (semanas)<\/th>\n<th class=\"has-text-align-center\" data-align=\"center\">Carga de peso<\/th>\n<th class=\"has-text-align-center\" data-align=\"center\">Amplitude de movimentos<\/th>\n<\/tr>\n<\/thead>\n<tbody>\n<tr>\n<td class=\"has-text-align-center\" data-align=\"center\">0-2<\/td>\n<td class=\"has-text-align-center\" data-align=\"center\">Contraindicada<\/td>\n<td class=\"has-text-align-center\" data-align=\"center\">Articula\u00e7\u00f5es do cotovelo e do punho em toda a sua amplitude. O movimento da articula\u00e7\u00e3o do ombro \u00e9 contraindicado<\/td>\n<\/tr>\n<tr>\n<td class=\"has-text-align-center\" data-align=\"center\">2-6<\/td>\n<td class=\"has-text-align-center\" data-align=\"center\">Contraindicada<\/td>\n<td class=\"has-text-align-center\" data-align=\"center\">Movimentos passivos pendulares (flex\u00e3o na articula\u00e7\u00e3o do ombro inferior a 90\u00b0), passando para movimentos ativos com controlo de dor<\/td>\n<\/tr>\n<tr>\n<td class=\"has-text-align-center\" data-align=\"center\">6-8<\/td>\n<td class=\"has-text-align-center\" data-align=\"center\">Aumento gradual at\u00e9 3 kg<\/td>\n<td class=\"has-text-align-center\" data-align=\"center\">Amplitude completa de movimentos ativos na articula\u00e7\u00e3o do ombro. Exerc\u00edcios isom\u00e9tricos<\/td>\n<\/tr>\n<tr>\n<td class=\"has-text-align-center\" data-align=\"center\">8-12<\/td>\n<td class=\"has-text-align-center\" data-align=\"center\">Aumento do peso permitido, conforme a condi\u00e7\u00e3o f\u00edsica<\/td>\n<td class=\"has-text-align-center\" data-align=\"center\">Amplitude completa de movimentos ativos na articula\u00e7\u00e3o do ombro. Exerc\u00edcios para recuperar a for\u00e7a muscular dos membros<\/td>\n<\/tr>\n<tr>\n<td class=\"has-text-align-center\" data-align=\"center\">12+<\/td>\n<td class=\"has-text-align-center\" data-align=\"center\">Completa<\/td>\n<td class=\"has-text-align-center\" data-align=\"center\">Retorno \u00e0s atividades di\u00e1rias. O retorno \u00e0s atividades desportivas depende da modalidade de desporto<\/td>\n<\/tr>\n<\/tbody>\n<\/table>\n<\/figure>\n<h4 class=\"wp-block-heading\"><strong>Tratamento cir\u00fargico<\/strong><\/h4>\n<figure class=\"wp-block-table table-to-cards\">\n<table>\n<thead>\n<tr>\n<th class=\"has-text-align-center\" data-align=\"center\">Cronologia (semanas)<\/th>\n<th class=\"has-text-align-center\" data-align=\"center\">Carga de peso<\/th>\n<th class=\"has-text-align-center\" data-align=\"center\">Amplitude de movimentos<\/th>\n<\/tr>\n<\/thead>\n<tbody>\n<tr>\n<td class=\"has-text-align-center\" data-align=\"center\">0-2<\/td>\n<td class=\"has-text-align-center\" data-align=\"center\">Contraindicada. Imobiliza\u00e7\u00e3o com tipoia<\/td>\n<td class=\"has-text-align-center\" data-align=\"center\">Articula\u00e7\u00f5es do cotovelo e do punho em toda a sua amplitude. Ombro: movimentos pendulares na amplitude indolor<\/td>\n<\/tr>\n<tr>\n<td class=\"has-text-align-center\" data-align=\"center\">2-4<\/td>\n<td class=\"has-text-align-center\" data-align=\"center\">At\u00e9 1 kg<\/td>\n<td class=\"has-text-align-center\" data-align=\"center\">Abdu\u00e7\u00e3o e flex\u00e3o at\u00e9 90\u00b0 com a ajuda do membro saud\u00e1vel, controlando a dor<\/td>\n<\/tr>\n<tr>\n<td class=\"has-text-align-center\" data-align=\"center\">4-6<\/td>\n<td class=\"has-text-align-center\" data-align=\"center\">At\u00e9 2 kg<\/td>\n<td class=\"has-text-align-center\" data-align=\"center\">Amplitude completa de movimentos ativos<\/td>\n<\/tr>\n<tr>\n<td class=\"has-text-align-center\" data-align=\"center\">6-8<\/td>\n<td class=\"has-text-align-center\" data-align=\"center\">Aumento do peso permitido, conforme a condi\u00e7\u00e3o f\u00edsica<\/td>\n<td class=\"has-text-align-center\" data-align=\"center\">Amplitude completa de movimentos ativos. Exerc\u00edcios para restaurar a for\u00e7a muscular<\/td>\n<\/tr>\n<tr>\n<td class=\"has-text-align-center\" data-align=\"center\">8+<\/td>\n<td class=\"has-text-align-center\" data-align=\"center\">Sem restri\u00e7\u00f5es<\/td>\n<td class=\"has-text-align-center\" data-align=\"center\">Aumento da intensidade dos exerc\u00edcios f\u00edsicos. Retorno \u00e0s atividades desportivas somente ap\u00f3s 12 semanas<\/td>\n<\/tr>\n<\/tbody>\n<\/table>\n<\/figure>\n<h3 class=\"wp-block-heading\" id=\"reabilitacao-para-fratura-da-extremidade-acromial-terco-distal-lateral-da-clavicula\"><strong>Reabilita\u00e7\u00e3o para fratura da extremidade acromial (ter\u00e7o distal\/lateral) da clav\u00edcula<\/strong><\/h3>\n<h4 class=\"wp-block-heading\"><strong>Tratamento conservador <\/strong><\/h4>\n<figure class=\"wp-block-table table-to-cards\">\n<table>\n<thead>\n<tr>\n<th class=\"has-text-align-center\" data-align=\"center\">Cronologia (semanas)<\/th>\n<th class=\"has-text-align-center\" data-align=\"center\">Carga de peso<\/th>\n<th class=\"has-text-align-center\" data-align=\"center\">Amplitude de movimentos<\/th>\n<\/tr>\n<\/thead>\n<tbody>\n<tr>\n<td class=\"has-text-align-center\" data-align=\"center\">0-2<\/td>\n<td class=\"has-text-align-center\" data-align=\"center\">Contraindicada. Imobiliza\u00e7\u00e3o com tipoia<\/td>\n<td class=\"has-text-align-center\" data-align=\"center\">Articula\u00e7\u00f5es do cotovelo e do punho em toda a sua amplitude. O movimento da articula\u00e7\u00e3o do ombro \u00e9 contraindicado<\/td>\n<\/tr>\n<tr>\n<td class=\"has-text-align-center\" data-align=\"center\">2-6<\/td>\n<td class=\"has-text-align-center\" data-align=\"center\">At\u00e9 1 kg<\/td>\n<td class=\"has-text-align-center\" data-align=\"center\">Movimentos passivos na articula\u00e7\u00e3o do ombro at\u00e9 90\u00b0 (flex\u00e3o e abdu\u00e7\u00e3o)<\/td>\n<\/tr>\n<tr>\n<td class=\"has-text-align-center\" data-align=\"center\">6-10<\/td>\n<td class=\"has-text-align-center\" data-align=\"center\">Aumento do peso permitido, conforme a condi\u00e7\u00e3o f\u00edsica<\/td>\n<td class=\"has-text-align-center\" data-align=\"center\">Movimentos ativos na articula\u00e7\u00e3o do ombro com amplitude a > 90\u00b0. Exerc\u00edcios para restaurar a for\u00e7a muscular<\/td>\n<\/tr>\n<tr>\n<td class=\"has-text-align-center\" data-align=\"center\">10+<\/td>\n<td class=\"has-text-align-center\" data-align=\"center\">Sem restri\u00e7\u00f5es<\/td>\n<td class=\"has-text-align-center\" data-align=\"center\">Regresso \u00e0s atividades desportivas ap\u00f3s confirma\u00e7\u00e3o radiogr\u00e1fica da consolida\u00e7\u00e3o da fratura<\/td>\n<\/tr>\n<\/tbody>\n<\/table>\n<\/figure>\n<h4 class=\"wp-block-heading\"><strong>Tratamento cir\u00fargico <\/strong><\/h4>\n<figure class=\"wp-block-table table-to-cards\">\n<table>\n<thead>\n<tr>\n<th class=\"has-text-align-center\" data-align=\"center\">Cronologia (semanas)<\/th>\n<th class=\"has-text-align-center\" data-align=\"center\">Carga de peso<\/th>\n<th class=\"has-text-align-center\" data-align=\"center\">Amplitude de movimentos<\/th>\n<\/tr>\n<\/thead>\n<tbody>\n<tr>\n<td class=\"has-text-align-center\" data-align=\"center\">0-2<\/td>\n<td class=\"has-text-align-center\" data-align=\"center\">Contraindicada. Imobiliza\u00e7\u00e3o com tipoia macia<\/td>\n<td class=\"has-text-align-center\" data-align=\"center\">Articula\u00e7\u00f5es do cotovelo e do punho em toda a sua amplitude. O movimento da articula\u00e7\u00e3o do ombro \u00e9 contraindicado<\/td>\n<\/tr>\n<tr>\n<td class=\"has-text-align-center\" data-align=\"center\">2-4<\/td>\n<td class=\"has-text-align-center\" data-align=\"center\">At\u00e9 1 kg<\/td>\n<td class=\"has-text-align-center\" data-align=\"center\">Movimentos passivos pendulares na articula\u00e7\u00e3o do ombro at\u00e9 90\u00b0 (flex\u00e3o e abdu\u00e7\u00e3o)<\/td>\n<\/tr>\n<tr>\n<td class=\"has-text-align-center\" data-align=\"center\">4-6<\/td>\n<td class=\"has-text-align-center\" data-align=\"center\">At\u00e9 2 kg<\/td>\n<td class=\"has-text-align-center\" data-align=\"center\">Movimentos ativos na articula\u00e7\u00e3o do ombro com amplitude a > 90\u00b0. Exerc\u00edcios para restaurar a for\u00e7a muscular<\/td>\n<\/tr>\n<tr>\n<td class=\"has-text-align-center\" data-align=\"center\">6-10<\/td>\n<td class=\"has-text-align-center\" data-align=\"center\">Aumento do peso permitido, conforme a condi\u00e7\u00e3o f\u00edsica<\/td>\n<td class=\"has-text-align-center\" data-align=\"center\">Amplitude completa de movimentos. Aumento gradual da intensidade para recuperar a for\u00e7a muscular<\/td>\n<\/tr>\n<tr>\n<td class=\"has-text-align-center\" data-align=\"center\">10+<\/td>\n<td class=\"has-text-align-center\" data-align=\"center\">Sem restri\u00e7\u00f5es<\/td>\n<td class=\"has-text-align-center\" data-align=\"center\">Regresso \u00e0s atividades desportivas ap\u00f3s confirma\u00e7\u00e3o radiogr\u00e1fica da consolida\u00e7\u00e3o da fratura<\/td>\n<\/tr>\n<\/tbody>\n<\/table>\n<\/figure>\n<h2 class=\"wp-block-heading\" id=\"protocolo-de-retorno-as-atividades-desportivas\"><strong>Protocolo de retorno \u00e0s atividades desportivas<\/strong><\/h2>\n<p><strong>Crit\u00e9rios gerais para o regresso ao desporto: <\/strong><\/p>\n<ul class=\"wp-block-list\">\n<li>Aus\u00eancia de dor localizada na regi\u00e3o da fratura.<\/li>\n<li>Sinais radiol\u00f3gicos de consolida\u00e7\u00e3o da fratura. <\/li>\n<li>Amplitude de movimento completa e indolor na articula\u00e7\u00e3o do ombro. <\/li>\n<li>Capacidade de realizar atividades desportivas espec\u00edficas sem restri\u00e7\u00f5es. <\/li>\n<\/ul>\n<p>\u00c9 necess\u00e1rio dividir a progress\u00e3o do retorno \u00e0s atividades desportivas de acordo com a cronologia da les\u00e3o. <\/p>\n<p><strong>Aumento gradual do esfor\u00e7o:<\/strong><\/p>\n<ul class=\"wp-block-list\">\n<li><strong>Fase I (at\u00e9 2-3 semanas)<\/strong>: Apenas \u00e9 permitida a ativa\u00e7\u00e3o isom\u00e9trica dos m\u00fasculos da cintura escapular superior. <\/li>\n<li><strong>Fase II (2-6 semanas)<\/strong>: S\u00e3o liberadas atividades n\u00e3o relacionadas com o membro lesionado (bicicleta ergom\u00e9trica, treino dos membros inferiores (sem impactos), atividade aer\u00f3bica sem peso). N\u00e3o \u00e9 permitido fazer exerc\u00edcios de resist\u00eancia no membro lesionado, exerc\u00edcios acima da cabe\u00e7a e levantamento de pesos. <\/li>\n<li><strong>Fase III (6-9 semanas)<\/strong>: Exerc\u00edcios com pesos leves e exerc\u00edcios com o pr\u00f3prio peso corporal (pranchas, flex\u00f5es, burpees) s\u00e3o permitidos, desde que a carga seja tolerada. <\/li>\n<li><strong>Fase IV (9-12 semanas)<\/strong>: Desde que os crit\u00e9rios de admiss\u00e3o sejam cumpridos (confirma\u00e7\u00e3o radiogr\u00e1fica da consolida\u00e7\u00e3o, movimentos indolores, etc.), \u00e9 permitido praticar desportos sem contacto f\u00edsico. <\/li>\n<li><strong>Fase V (mais de 12 semanas)<\/strong>: Pode-se praticar desportos de contacto e participar em atividades competitivas. <\/li>\n<\/ul>\n<p>O regresso a desportos de contacto \u00e9 permitido ap\u00f3s 12 semanas a partir do momento da les\u00e3o, desde que haja confirma\u00e7\u00e3o radiogr\u00e1fica da consolida\u00e7\u00e3o da fratura. Os processos de recupera\u00e7\u00e3o e cicatriza\u00e7\u00e3o em pacientes idosos, pacientes com dist\u00farbios metab\u00f3licos e tamb\u00e9m em consequ\u00eancia de traumatismos de alta energia s\u00e3o mais lentos. A cicatriza\u00e7\u00e3o e a recupera\u00e7\u00e3o em crian\u00e7as costuma ser mais r\u00e1pida. <\/p>\n<div class=\"social-banner-block\">\n<div class=\"social-banner-content\">\n<p class=\"h5-title text-black\">Encontra mais conte\u00fados cientificamente exactos nas nossas redes sociais<\/p>\n<p><span class=\"social-banner-text text-grey\">Subscreve e n\u00e3o percas os recursos mais recentes<\/span><\/p>\n<div class=\"social-links-wrapper\"><a class=\"social-icon-link\" href=\"https:\/\/www.facebook.com\/VOKA3DAnatomyAndPathology\/\" target=\"_blank\" rel=\"nofollow noopener\"><img decoding=\"async\" src=\"https:\/\/storage.googleapis.com\/dev_wiki_voka_io_303011\/common\/Social%20Icons\/facebook.svg\" alt=\"social link\"><\/a><a class=\"social-icon-link\" href=\"https:\/\/www.instagram.com\/voka.io\/\" target=\"_blank\" rel=\"nofollow noopener\"><img decoding=\"async\" src=\"https:\/\/storage.googleapis.com\/dev_wiki_voka_io_303011\/common\/Social%20Icons\/insta.svg\" alt=\"social link\"><\/a><a class=\"social-icon-link\" href=\"https:\/\/www.linkedin.com\/company\/voka-io\/posts\/?feedView=all\" target=\"_blank\" rel=\"nofollow noopener\"><img decoding=\"async\" src=\"https:\/\/storage.googleapis.com\/dev_wiki_voka_io_303011\/common\/Social%20Icons\/linkedin.svg\" alt=\"social link\"><\/a><a class=\"social-icon-link\" href=\"https:\/\/www.youtube.com\/@vokaio\" target=\"_blank\" rel=\"nofollow noopener\"><img decoding=\"async\" src=\"https:\/\/storage.googleapis.com\/dev_wiki_voka_io_303011\/common\/Social%20Icons\/youtube.svg\" alt=\"social link\"><\/a><a class=\"social-icon-link\" href=\"https:\/\/www.pinterest.com\/voka3danatomyandpathology\/\" target=\"_blank\" rel=\"nofollow noopener\"><img decoding=\"async\" src=\"https:\/\/storage.googleapis.com\/dev_wiki_voka_io_303011\/common\/Social%20Icons\/pinterest.svg\" alt=\"social link\"><\/a><a class=\"social-icon-link\" href=\"https:\/\/www.tiktok.com\/@voka.io\" target=\"_blank\" rel=\"nofollow noopener\"><img decoding=\"async\" src=\"https:\/\/storage.googleapis.com\/dev_wiki_voka_io_303011\/common\/Social%20Icons\/tiktok.svg\" alt=\"social link\"><\/a><a class=\"social-icon-link\" href=\"https:\/\/discord.gg\/7ejUpq8DRR\" target=\"_blank\" rel=\"nofollow noopener\"><img decoding=\"async\" src=\"https:\/\/storage.googleapis.com\/dev_wiki_voka_io_303011\/common\/Social%20Icons\/discord.svg\" alt=\"social link\"><\/a><\/div>\n<\/div>\n<p><img decoding=\"async\" class=\"social-banner-image\" loading=\"lazy\" src=\"https:\/\/storage.googleapis.com\/dev_wiki_voka_io_303011\/common\/social-media-banner-mobile-image.webp\" alt=\"Banner background\"><\/div>\n<h2 class=\"wp-block-heading\" id=\"prognostico\"><strong>Progn\u00f3stico<\/strong><\/h2>\n<p>O progn\u00f3stico para as fraturas da clav\u00edcula \u00e9 geralmente favor\u00e1vel, mas o resultado do tratamento depende muito da localiza\u00e7\u00e3o da fratura e da abordagem escolhida.<\/p>\n<ul class=\"wp-block-list\">\n<li><strong>Fraturas do ter\u00e7o proximal (medial) da clav\u00edcula<\/strong>: s\u00e3o bastante raras. O tratamento conservador resulta em elevadas taxas de consolida\u00e7\u00e3o da fratura e baixos \u00edndices de complica\u00e7\u00f5es. O tratamento cir\u00fargico proporciona uma recupera\u00e7\u00e3o mais r\u00e1pida do membro lesionado. <\/li>\n<li><strong>Fraturas diafis\u00e1rias<\/strong>: quando as indica\u00e7\u00f5es para o m\u00e9todo de tratamento s\u00e3o cumpridas, elas se consolidam em 85% dos casos com tratamento conservador e em mais de 95% com tratamento cir\u00fargico. O tratamento cir\u00fargico garante um retorno mais r\u00e1pido \u00e0 atividade f\u00edsica plena. <\/li>\n<li><strong>Fraturas da extremidade acromial da clav\u00edcula<\/strong>: o risco de n\u00e3o consolida\u00e7\u00e3o atinge 30% com tratamento conservador. Tamb\u00e9m existe o risco de comprometimento da fun\u00e7\u00e3o do ombro devido \u00e0 diminui\u00e7\u00e3o da for\u00e7a do m\u00fasculo delt\u00f3ide. O tratamento cir\u00fargico permite obter uma recupera\u00e7\u00e3o precoce da fun\u00e7\u00e3o do membro lesado e garante tamb\u00e9m elevadas taxas de consolida\u00e7\u00e3o da fratura.<\/li>\n<\/ul>\n<div>\n<h2 class=\"faq-title h2-article\" id=\"faq\">FAQ<\/h2>\n<div class=\"faq-section\">\n<div class=\"faq-item faq-answer-hidden\">\n<div class=\"question-block\">\n<div class=\"faq-question\">\n<p class=\" text-black h5-title\">1. Quanto tempo leva para uma fratura da clav\u00edcula se consolidar?<\/p>\n<\/div>\n<div class=\"faq-answer text-main-text-color main-text-medium\">Em adultos, uma fratura da clav\u00edcula se consolida em 6 a 12 semanas, dependendo da complexidade e do m\u00e9todo de tratamento. A remodela\u00e7\u00e3o \u00f3ssea completa pode demorar at\u00e9 um ano.<\/div>\n<\/div>\n<div class=\"expand-button-wrapper\"><button class=\"text-accent expand-button\">+<\/button><\/div>\n<\/div>\n<div class=\"faq-item faq-answer-hidden\">\n<div class=\"question-block\">\n<div class=\"faq-question\">\n<p class=\" text-black h5-title\">2. Porque \u00e9 que uma clav\u00edcula partida pode causar dorm\u00eancia no bra\u00e7o? <\/p>\n<\/div>\n<div class=\"faq-answer text-main-text-color main-text-medium\">A dorm\u00eancia ou o formigueiro nos dedos podem indicar que fragmentos deslocados da clav\u00edcula ou incha\u00e7o est\u00e3o a comprimir o plexo braquial (nervos) ou os vasos sangu\u00edneos que passam por baixo da clav\u00edcula. \u00c9 um sintoma alarmante que requer consulta m\u00e9dica imediata.<\/div>\n<\/div>\n<div class=\"expand-button-wrapper\"><button class=\"text-accent expand-button\">+<\/button><\/div>\n<\/div>\n<div class=\"faq-item faq-answer-hidden\">\n<div class=\"question-block\">\n<div class=\"faq-question\">\n<p class=\" text-black h5-title\">3. \u00c9 sempre necess\u00e1ria uma cirurgia em caso de deslocamento?<\/p>\n<\/div>\n<div class=\"faq-answer text-main-text-color main-text-medium\">N\u00e3o pode. Se o encurtamento da clav\u00edcula for inferior a 2 cm e n\u00e3o houver risco para a integridade da pele, \u00e9 poss\u00edvel realizar um tratamento conservador (reposicionamento e fixa\u00e7\u00e3o com bandagem\/tipoia). No entanto, a cirurgia permite recuperar mais rapidamente a fun\u00e7\u00e3o da m\u00e3o e reduz o risco de consolida\u00e7\u00e3o viciosa.<\/div>\n<\/div>\n<div class=\"expand-button-wrapper\"><button class=\"text-accent expand-button\">+<\/button><\/div>\n<\/div>\n<div class=\"faq-item faq-answer-hidden\">\n<div class=\"question-block\">\n<div class=\"faq-question\">\n<p class=\" text-black h5-title\">4. Como dormir com a clav\u00edcula partida?<\/p>\n<\/div>\n<div class=\"faq-answer text-main-text-color main-text-medium\">Nas primeiras semanas, recomenda-se dormir semi-sentado (com almofadas altas) para reduzir o incha\u00e7o e a dor. \u00c9 poss\u00edvel dormir do lado saud\u00e1vel se a tipoia for bem segura. \u00c9 proibido dormir de lado sobre a clav\u00edcula machucada ou de boca para baixo.<\/div>\n<\/div>\n<div class=\"expand-button-wrapper\"><button class=\"text-accent expand-button\">+<\/button><\/div>\n<\/div>\n<div class=\"faq-item faq-answer-hidden\">\n<div class=\"question-block\">\n<div class=\"faq-question\">\n<p class=\" text-black h5-title\">5. Quais s\u00e3o as sequelas de clav\u00edcula quebrada?<\/p>\n<\/div>\n<div class=\"faq-answer text-main-text-color main-text-medium\">Com o tratamento adequado, o progn\u00f3stico \u00e9 favor\u00e1vel. Poss\u00edveis complica\u00e7\u00f5es: consolida\u00e7\u00e3o viciosa (encurtamento, deformidade), pseudoartrose (n\u00e3o consolida\u00e7\u00e3o), artrose p\u00f3s-traum\u00e1tica e dorm\u00eancia da pele na regi\u00e3o da cicatriz (p\u00f3s-cir\u00fargico).<\/div>\n<\/div>\n<div class=\"expand-button-wrapper\"><button class=\"text-accent expand-button\">+<\/button><\/div>\n<\/div>\n<\/div>\n<\/div>\n<div class=\"sources-list-block sources-list-hidden\" id=\"referencias\">\n<div class=\"sources-list-content\">\n<div class=\"sources-list-title\">\n<p class=\"small-text-bold text-black sources-list-title-text\">Refer\u00eancias<\/p>\n<div class=\"sources-expand-button-wrapper-mobile\">\n<div class=\"sources-expand-button\"><svg width=\"32\" height=\"32\" viewbox=\"0 0 32 32\" fill=\"none\" xmlns=\"http:\/\/www.w3.org\/2000\/svg\"><path d=\"M8 12L16 20L24 12\" stroke=\"#8C9AAB\" stroke-width=\"2\" stroke-linecap=\"round\" stroke-linejoin=\"round\"><\/path><\/svg><\/div>\n<\/div>\n<\/div>\n<div class=\"sources-list-items\">\n<div class=\"source-item\">\n<p class=\"main-text-semibold text-black\">1.<\/p>\n<div class=\"source-item-content\">\n<p class=\"main-text-semibold text-black\"><cite>VOKA 3D Anatomy & Pathology \u2013 Complete Anatomy and Pathology 3D Atlas (Atlas 3D completo de anatomia e patologia) [Internet]. VOKA 3D Anatomy & Pathology.<\/cite><\/p>\n<p><span class=\"small-text-medium text-grey\">Dispon\u00edvel em: https:\/\/catalog.voka.io\/<\/span><\/div>\n<\/div>\n<div class=\"source-item\">\n<p class=\"main-text-semibold text-black\">2.<\/p>\n<div class=\"source-item-content\">\n<p class=\"main-text-semibold text-black\"><cite>Moverley R, Little N, Gulihar A, Singh B. Current concepts in the management of clavicle fractures. J Clin Orthop Trauma. 2020 Feb;11(Suppl 1):S25-S30.<\/cite><\/p>\n<\/div>\n<\/div>\n<div class=\"source-item\">\n<p class=\"main-text-semibold text-black\">3.<\/p>\n<div class=\"source-item-content\">\n<p class=\"main-text-semibold text-black\"><cite>Kang LX, Faulkner HJ, Howard WH, Low AK. Displaced medial clavicle fractures: a systematic review of outcomes after nonoperative and operative management. JSES Int. 2022 Oct 15;7(1):79-85.<\/cite><\/p>\n<\/div>\n<\/div>\n<div class=\"source-item\">\n<p class=\"main-text-semibold text-black\">4.<\/p>\n<div class=\"source-item-content\">\n<p class=\"main-text-semibold text-black\"><cite>von R\u00fcden C, Rehme-R\u00f6hrl J, Augat P, Friederichs J, Hackl S, Stuby F, Trapp O. Evidence on treatment of clavicle fractures. Injury. 2023 Oct;54 Suppl 5:110818.<\/cite><\/p>\n<\/div>\n<\/div>\n<div class=\"source-item\">\n<p class=\"main-text-semibold text-black\">5.<\/p>\n<div class=\"source-item-content\">\n<p class=\"main-text-semibold text-black\"><cite>Yan MZ, Yuen WS, Yeung SC, Wing-Yin CW, Wong SC, Si-Qi WW, Tian E, Rashed S, Yung CSY, Fang CX. Operative management of midshaft clavicle fractures demonstrates better long-term outcomes: A systematic review and meta-analysis of randomised controlled trials. PLoS One. 2022 Apr 29;17(4):e0267861.<\/cite><\/p>\n<\/div>\n<\/div>\n<div class=\"source-item\">\n<p class=\"main-text-semibold text-black\">6.<\/p>\n<div class=\"source-item-content\">\n<p class=\"main-text-semibold text-black\"><cite>Panagopoulos A, Solou K, Tatani I, Triantafyllopoulos IK, Lakoumentas J, Kouzelis A, Athanasiou V, Kokkalis ZT. What is the optimal surgical treatment for Neer type IIB (IIC) distal clavicle fractures? A systematic review and meta-analysis. J Orthop Surg Res. 2022 Apr 7;17(1):215.<\/cite><\/p>\n<\/div>\n<\/div>\n<div class=\"source-item\">\n<p class=\"main-text-semibold text-black\">7.<\/p>\n<div class=\"source-item-content\">\n<p class=\"main-text-semibold text-black\"><cite>Wang C, Li X, Dong S, Xie W, Ling Z, Meng C, St\u00f6ckle U. Midshaft clavicle fractures with associated ipsilateral acromioclavicular joint injuries: a systematic review. BMC Surg. 2025 Feb 28;25(1):87.<\/cite><\/p>\n<\/div>\n<\/div>\n<div class=\"source-item\">\n<p class=\"main-text-semibold text-black\">8.<\/p>\n<div class=\"source-item-content\">\n<p class=\"main-text-semibold text-black\"><cite>Yue L, Huang C, Zhang J, Wang Z, Wang S, Sun H. Treatment Strategies for Distal Clavicle Fractures: A Narrative Review. Orthop Res Rev. 2025 May 19;17:221-227.<\/cite><\/p>\n<\/div>\n<\/div>\n<div class=\"source-item\">\n<p class=\"main-text-semibold text-black\">9.<\/p>\n<div class=\"source-item-content\">\n<p class=\"main-text-semibold text-black\"><cite>Kilkenny CJ, Daly GR, Whelehan SP, Vukanic D, Alrawashdeh M, Boland F, Quinlan JF, Molony DC. Return to play following clavicular fracture \u2013 A systematic review and meta analysis. JSES Rev Rep Tech. 2024 Dec 14;5(2):259-269.<\/cite><\/p>\n<\/div>\n<\/div>\n<\/div>\n<\/div>\n<div class=\"sources-expand-button-wrapper\">\n<div class=\"sources-expand-button\"><svg width=\"32\" height=\"32\" viewbox=\"0 0 32 32\" fill=\"none\" xmlns=\"http:\/\/www.w3.org\/2000\/svg\"><path d=\"M8 12L16 20L24 12\" stroke=\"#8C9AAB\" stroke-width=\"2\" stroke-linecap=\"round\" stroke-linejoin=\"round\"><\/path><\/svg><\/div>\n<\/div>\n<\/div>\n","protected":false},"excerpt":{"rendered":"<p>A clav\u00edcula \u00e9 um osso em forma de S (plano lateralmente, cil\u00edndrico no meio e em forma de prisma medialmente), que se liga ao esterno por meio da articula\u00e7\u00e3o esternoclavicular e com a omoplata atrav\u00e9s da articula\u00e7\u00e3o acromioclavicular. Desempenha um papel fundamental na estabilidade do ombro. Etiologia e mecanismo da les\u00e3o As fraturas da clav\u00edcula [&hellip;]<\/p>\n","protected":false},"author":19,"featured_media":0,"template":"","diseases_category":[316],"class_list":["post-2822","diseases_post","type-diseases_post","status-publish","hentry","diseases_category-traumatologicas"],"acf":[],"yoast_head":"<!-- This site is optimized with the Yoast SEO Premium plugin v25.0 (Yoast SEO v26.5) - https:\/\/yoast.com\/wordpress\/plugins\/seo\/ -->\n<title>Fraturas da clav\u00edcula: etiologia, classifica\u00e7\u00e3o, diagn\u00f3stico e tratamento<\/title>\n<meta name=\"description\" content=\"An\u00e1lise detalhada de fraturas da clav\u00edcula. S\u00e3o abordados o mecanismo da les\u00e3o, a classifica\u00e7\u00e3o, as estrat\u00e9gias de tratamento conservador e cir\u00fargico e os protocolos de reabilita\u00e7\u00e3o.\" \/>\n<meta name=\"robots\" content=\"noindex, follow, max-snippet:-1, max-image-preview:large, max-video-preview:-1\" \/>\n<meta property=\"og:locale\" content=\"pt_PT\" \/>\n<meta property=\"og:type\" content=\"article\" \/>\n<meta property=\"og:title\" content=\"Fraturas da clav\u00edcula: classifica\u00e7\u00e3o, sintomas, m\u00e9todos de tratamento e reabilita\u00e7\u00e3o\" \/>\n<meta property=\"og:description\" content=\"An\u00e1lise detalhada de fraturas da clav\u00edcula. S\u00e3o abordados o mecanismo da les\u00e3o, a classifica\u00e7\u00e3o, as estrat\u00e9gias de tratamento conservador e cir\u00fargico e os protocolos de reabilita\u00e7\u00e3o.\" \/>\n<meta property=\"og:url\" content=\"https:\/\/wiki.dev.voka.io\/pt\/doencas\/traumatologicas\/fraturas-da-clavicula\/\" \/>\n<meta property=\"og:site_name\" content=\"Voka Wiki\" \/>\n<meta property=\"article:publisher\" content=\"https:\/\/www.facebook.com\/VOKA3DAnatomyAndPathology\/\" \/>\n<meta name=\"twitter:card\" content=\"summary_large_image\" \/>\n<meta name=\"twitter:label1\" content=\"Tempo estimado de leitura\" \/>\n\t<meta name=\"twitter:data1\" content=\"12 minutos\" \/>\n<script type=\"application\/ld+json\" class=\"yoast-schema-graph\">{\"@context\":\"https:\/\/schema.org\",\"@graph\":[{\"@type\":\"Article\",\"@id\":\"https:\/\/wiki.dev.voka.io\/pt\/doencas\/traumatologicas\/fraturas-da-clavicula\/#article\",\"isPartOf\":{\"@id\":\"https:\/\/wiki.dev.voka.io\/pt\/doencas\/traumatologicas\/fraturas-da-clavicula\/\"},\"author\":{\"name\":\"Aleksandr K.\",\"@id\":\"https:\/\/wiki.dev.voka.io\/pt\/#\/schema\/person\/9510f0c38a3a1d38fc04cb2d59c7d83c\"},\"headline\":\"Fraturas da clav\u00edcula: classifica\u00e7\u00e3o, sintomas, m\u00e9todos de tratamento e reabilita\u00e7\u00e3o\",\"datePublished\":\"2026-01-29T14:26:11+00:00\",\"mainEntityOfPage\":{\"@id\":\"https:\/\/wiki.dev.voka.io\/pt\/doencas\/traumatologicas\/fraturas-da-clavicula\/\"},\"wordCount\":2375,\"publisher\":{\"@id\":\"https:\/\/wiki.dev.voka.io\/pt\/#organization\"},\"inLanguage\":\"pt-PT\"},{\"@type\":\"WebPage\",\"@id\":\"https:\/\/wiki.dev.voka.io\/pt\/doencas\/traumatologicas\/fraturas-da-clavicula\/\",\"url\":\"https:\/\/wiki.dev.voka.io\/pt\/doencas\/traumatologicas\/fraturas-da-clavicula\/\",\"name\":\"Fraturas da clav\u00edcula: etiologia, classifica\u00e7\u00e3o, diagn\u00f3stico e tratamento\",\"isPartOf\":{\"@id\":\"https:\/\/wiki.dev.voka.io\/pt\/#website\"},\"datePublished\":\"2026-01-29T14:26:11+00:00\",\"description\":\"An\u00e1lise detalhada de fraturas da clav\u00edcula. S\u00e3o abordados o mecanismo da les\u00e3o, a classifica\u00e7\u00e3o, as estrat\u00e9gias de tratamento conservador e cir\u00fargico e os protocolos de reabilita\u00e7\u00e3o.\",\"breadcrumb\":{\"@id\":\"https:\/\/wiki.dev.voka.io\/pt\/doencas\/traumatologicas\/fraturas-da-clavicula\/#breadcrumb\"},\"inLanguage\":\"pt-PT\",\"potentialAction\":[{\"@type\":\"ReadAction\",\"target\":[\"https:\/\/wiki.dev.voka.io\/pt\/doencas\/traumatologicas\/fraturas-da-clavicula\/\"]}]},{\"@type\":\"BreadcrumbList\",\"@id\":\"https:\/\/wiki.dev.voka.io\/pt\/doencas\/traumatologicas\/fraturas-da-clavicula\/#breadcrumb\",\"itemListElement\":[{\"@type\":\"ListItem\",\"position\":1,\"name\":\"Home\",\"item\":\"https:\/\/wiki.dev.voka.io\/pt\/\"},{\"@type\":\"ListItem\",\"position\":2,\"name\":\"Traumatologia\",\"item\":\"https:\/\/wiki.dev.voka.io\/pt\/doencas\/traumatologicas\/\"},{\"@type\":\"ListItem\",\"position\":3,\"name\":\"Fraturas da clav\u00edcula: classifica\u00e7\u00e3o, sintomas, m\u00e9todos de tratamento e reabilita\u00e7\u00e3o\"}]},{\"@type\":\"WebSite\",\"@id\":\"https:\/\/wiki.dev.voka.io\/pt\/#website\",\"url\":\"https:\/\/wiki.dev.voka.io\/pt\/\",\"name\":\"Voka Wiki\",\"description\":\"\",\"publisher\":{\"@id\":\"https:\/\/wiki.dev.voka.io\/pt\/#organization\"},\"alternateName\":\"Anatomy & Pathology Wiki by VOKA\",\"potentialAction\":[{\"@type\":\"SearchAction\",\"target\":{\"@type\":\"EntryPoint\",\"urlTemplate\":\"https:\/\/wiki.dev.voka.io\/pt\/?s={search_term_string}\"},\"query-input\":{\"@type\":\"PropertyValueSpecification\",\"valueRequired\":true,\"valueName\":\"search_term_string\"}}],\"inLanguage\":\"pt-PT\"},{\"@type\":\"Organization\",\"@id\":\"https:\/\/wiki.dev.voka.io\/pt\/#organization\",\"name\":\"Voka 3D Anatomy & Pathology\",\"alternateName\":\"VOKA\",\"url\":\"https:\/\/wiki.dev.voka.io\/pt\/\",\"logo\":{\"@type\":\"ImageObject\",\"inLanguage\":\"pt-PT\",\"@id\":\"https:\/\/wiki.dev.voka.io\/pt\/#\/schema\/logo\/image\/\",\"url\":\"https:\/\/wiki.dev.voka.io\/wp-content\/uploads\/2025\/02\/cropped-voka-logo-1.png\",\"contentUrl\":\"https:\/\/wiki.dev.voka.io\/wp-content\/uploads\/2025\/02\/cropped-voka-logo-1.png\",\"width\":70,\"height\":16,\"caption\":\"Voka 3D Anatomy & Pathology\"},\"image\":{\"@id\":\"https:\/\/wiki.dev.voka.io\/pt\/#\/schema\/logo\/image\/\"},\"sameAs\":[\"https:\/\/www.facebook.com\/VOKA3DAnatomyAndPathology\/\",\"https:\/\/www.instagram.com\/voka.io\/\",\"https:\/\/www.linkedin.com\/company\/voka-io\/\",\"https:\/\/www.youtube.com\/channel\/UCqGGuOEpr62ScH8Pjk2q5zw\/videos\",\"https:\/\/www.pinterest.com\/VokaAnatomyPro\/\",\"https:\/\/www.threads.com\/@voka.io\"],\"description\":\"VOKA.io offers 3D medical animations and custom 3D modeling services. Our product, VOKA 3D Anatomy & Pathology, is a digital atlas with over 1,000 detailed 3D models of human anatomy and pathology, designed for medical education, training, and patient communication.\",\"email\":\"info@voka.io\",\"telephone\":\"+1 814 351 4442\",\"legalName\":\"Voka 3D Anatomy & Pathology\",\"foundingDate\":\"2017-02-12\",\"naics\":\"541512\",\"numberOfEmployees\":{\"@type\":\"QuantitativeValue\",\"minValue\":\"51\",\"maxValue\":\"200\"},\"publishingPrinciples\":\"https:\/\/wiki.voka.io\/pt\/principios-de-publicacao\/\"},{\"@type\":\"Person\",\"@id\":\"https:\/\/wiki.dev.voka.io\/pt\/#\/schema\/person\/9510f0c38a3a1d38fc04cb2d59c7d83c\",\"name\":\"Aleksandr K.\",\"image\":{\"@type\":\"ImageObject\",\"inLanguage\":\"pt-PT\",\"@id\":\"https:\/\/wiki.dev.voka.io\/pt\/#\/schema\/person\/image\/\",\"url\":\"https:\/\/secure.gravatar.com\/avatar\/c7514f1460de700bc666804ed028fc7d15f47a41bbfc867590f7de302051f078?s=96&d=mm&r=g\",\"contentUrl\":\"https:\/\/secure.gravatar.com\/avatar\/c7514f1460de700bc666804ed028fc7d15f47a41bbfc867590f7de302051f078?s=96&d=mm&r=g\",\"caption\":\"Aleksandr K.\"}}]}<\/script>\n<!-- \/ Yoast SEO Premium plugin. -->","yoast_head_json":{"title":"Fraturas da clav\u00edcula: etiologia, classifica\u00e7\u00e3o, diagn\u00f3stico e tratamento","description":"An\u00e1lise detalhada de fraturas da clav\u00edcula. S\u00e3o abordados o mecanismo da les\u00e3o, a classifica\u00e7\u00e3o, as estrat\u00e9gias de tratamento conservador e cir\u00fargico e os protocolos de reabilita\u00e7\u00e3o.","robots":{"index":"noindex","follow":"follow","max-snippet":"max-snippet:-1","max-image-preview":"max-image-preview:large","max-video-preview":"max-video-preview:-1"},"og_locale":"pt_PT","og_type":"article","og_title":"Fraturas da clav\u00edcula: classifica\u00e7\u00e3o, sintomas, m\u00e9todos de tratamento e reabilita\u00e7\u00e3o","og_description":"An\u00e1lise detalhada de fraturas da clav\u00edcula. S\u00e3o abordados o mecanismo da les\u00e3o, a classifica\u00e7\u00e3o, as estrat\u00e9gias de tratamento conservador e cir\u00fargico e os protocolos de reabilita\u00e7\u00e3o.","og_url":"https:\/\/wiki.dev.voka.io\/pt\/doencas\/traumatologicas\/fraturas-da-clavicula\/","og_site_name":"Voka Wiki","article_publisher":"https:\/\/www.facebook.com\/VOKA3DAnatomyAndPathology\/","twitter_card":"summary_large_image","twitter_misc":{"Tempo estimado de leitura":"12 minutos"},"schema":{"@context":"https:\/\/schema.org","@graph":[{"@type":"Article","@id":"https:\/\/wiki.dev.voka.io\/pt\/doencas\/traumatologicas\/fraturas-da-clavicula\/#article","isPartOf":{"@id":"https:\/\/wiki.dev.voka.io\/pt\/doencas\/traumatologicas\/fraturas-da-clavicula\/"},"author":{"name":"Aleksandr K.","@id":"https:\/\/wiki.dev.voka.io\/pt\/#\/schema\/person\/9510f0c38a3a1d38fc04cb2d59c7d83c"},"headline":"Fraturas da clav\u00edcula: classifica\u00e7\u00e3o, sintomas, m\u00e9todos de tratamento e reabilita\u00e7\u00e3o","datePublished":"2026-01-29T14:26:11+00:00","mainEntityOfPage":{"@id":"https:\/\/wiki.dev.voka.io\/pt\/doencas\/traumatologicas\/fraturas-da-clavicula\/"},"wordCount":2375,"publisher":{"@id":"https:\/\/wiki.dev.voka.io\/pt\/#organization"},"inLanguage":"pt-PT"},{"@type":"WebPage","@id":"https:\/\/wiki.dev.voka.io\/pt\/doencas\/traumatologicas\/fraturas-da-clavicula\/","url":"https:\/\/wiki.dev.voka.io\/pt\/doencas\/traumatologicas\/fraturas-da-clavicula\/","name":"Fraturas da clav\u00edcula: etiologia, classifica\u00e7\u00e3o, diagn\u00f3stico e tratamento","isPartOf":{"@id":"https:\/\/wiki.dev.voka.io\/pt\/#website"},"datePublished":"2026-01-29T14:26:11+00:00","description":"An\u00e1lise detalhada de fraturas da clav\u00edcula. S\u00e3o abordados o mecanismo da les\u00e3o, a classifica\u00e7\u00e3o, as estrat\u00e9gias de tratamento conservador e cir\u00fargico e os protocolos de reabilita\u00e7\u00e3o.","breadcrumb":{"@id":"https:\/\/wiki.dev.voka.io\/pt\/doencas\/traumatologicas\/fraturas-da-clavicula\/#breadcrumb"},"inLanguage":"pt-PT","potentialAction":[{"@type":"ReadAction","target":["https:\/\/wiki.dev.voka.io\/pt\/doencas\/traumatologicas\/fraturas-da-clavicula\/"]}]},{"@type":"BreadcrumbList","@id":"https:\/\/wiki.dev.voka.io\/pt\/doencas\/traumatologicas\/fraturas-da-clavicula\/#breadcrumb","itemListElement":[{"@type":"ListItem","position":1,"name":"Home","item":"https:\/\/wiki.dev.voka.io\/pt\/"},{"@type":"ListItem","position":2,"name":"Traumatologia","item":"https:\/\/wiki.dev.voka.io\/pt\/doencas\/traumatologicas\/"},{"@type":"ListItem","position":3,"name":"Fraturas da clav\u00edcula: classifica\u00e7\u00e3o, sintomas, m\u00e9todos de tratamento e reabilita\u00e7\u00e3o"}]},{"@type":"WebSite","@id":"https:\/\/wiki.dev.voka.io\/pt\/#website","url":"https:\/\/wiki.dev.voka.io\/pt\/","name":"Voka Wiki","description":"","publisher":{"@id":"https:\/\/wiki.dev.voka.io\/pt\/#organization"},"alternateName":"Anatomy & Pathology Wiki by VOKA","potentialAction":[{"@type":"SearchAction","target":{"@type":"EntryPoint","urlTemplate":"https:\/\/wiki.dev.voka.io\/pt\/?s={search_term_string}"},"query-input":{"@type":"PropertyValueSpecification","valueRequired":true,"valueName":"search_term_string"}}],"inLanguage":"pt-PT"},{"@type":"Organization","@id":"https:\/\/wiki.dev.voka.io\/pt\/#organization","name":"Voka 3D Anatomy & Pathology","alternateName":"VOKA","url":"https:\/\/wiki.dev.voka.io\/pt\/","logo":{"@type":"ImageObject","inLanguage":"pt-PT","@id":"https:\/\/wiki.dev.voka.io\/pt\/#\/schema\/logo\/image\/","url":"https:\/\/wiki.dev.voka.io\/wp-content\/uploads\/2025\/02\/cropped-voka-logo-1.png","contentUrl":"https:\/\/wiki.dev.voka.io\/wp-content\/uploads\/2025\/02\/cropped-voka-logo-1.png","width":70,"height":16,"caption":"Voka 3D Anatomy & Pathology"},"image":{"@id":"https:\/\/wiki.dev.voka.io\/pt\/#\/schema\/logo\/image\/"},"sameAs":["https:\/\/www.facebook.com\/VOKA3DAnatomyAndPathology\/","https:\/\/www.instagram.com\/voka.io\/","https:\/\/www.linkedin.com\/company\/voka-io\/","https:\/\/www.youtube.com\/channel\/UCqGGuOEpr62ScH8Pjk2q5zw\/videos","https:\/\/www.pinterest.com\/VokaAnatomyPro\/","https:\/\/www.threads.com\/@voka.io"],"description":"VOKA.io offers 3D medical animations and custom 3D modeling services. Our product, VOKA 3D Anatomy & Pathology, is a digital atlas with over 1,000 detailed 3D models of human anatomy and pathology, designed for medical education, training, and patient communication.","email":"info@voka.io","telephone":"+1 814 351 4442","legalName":"Voka 3D Anatomy & Pathology","foundingDate":"2017-02-12","naics":"541512","numberOfEmployees":{"@type":"QuantitativeValue","minValue":"51","maxValue":"200"},"publishingPrinciples":"https:\/\/wiki.voka.io\/pt\/principios-de-publicacao\/"},{"@type":"Person","@id":"https:\/\/wiki.dev.voka.io\/pt\/#\/schema\/person\/9510f0c38a3a1d38fc04cb2d59c7d83c","name":"Aleksandr K.","image":{"@type":"ImageObject","inLanguage":"pt-PT","@id":"https:\/\/wiki.dev.voka.io\/pt\/#\/schema\/person\/image\/","url":"https:\/\/secure.gravatar.com\/avatar\/c7514f1460de700bc666804ed028fc7d15f47a41bbfc867590f7de302051f078?s=96&d=mm&r=g","contentUrl":"https:\/\/secure.gravatar.com\/avatar\/c7514f1460de700bc666804ed028fc7d15f47a41bbfc867590f7de302051f078?s=96&d=mm&r=g","caption":"Aleksandr K."}}]}},"_links":{"self":[{"href":"https:\/\/wiki.dev.voka.io\/pt\/wp-json\/wp\/v2\/diseases_post\/2822","targetHints":{"allow":["GET"]}}],"collection":[{"href":"https:\/\/wiki.dev.voka.io\/pt\/wp-json\/wp\/v2\/diseases_post"}],"about":[{"href":"https:\/\/wiki.dev.voka.io\/pt\/wp-json\/wp\/v2\/types\/diseases_post"}],"author":[{"embeddable":true,"href":"https:\/\/wiki.dev.voka.io\/pt\/wp-json\/wp\/v2\/users\/19"}],"wp:attachment":[{"href":"https:\/\/wiki.dev.voka.io\/pt\/wp-json\/wp\/v2\/media?parent=2822"}],"wp:term":[{"taxonomy":"diseases_category","embeddable":true,"href":"https:\/\/wiki.dev.voka.io\/pt\/wp-json\/wp\/v2\/diseases_category?post=2822"}],"curies":[{"name":"wp","href":"https:\/\/api.w.org\/{rel}","templated":true}]}}