{"id":2294,"date":"2025-12-23T16:01:17","date_gmt":"2025-12-23T13:01:17","guid":{"rendered":"https:\/\/wiki.dev.voka.io\/?post_type=diseases_post&#038;p=2294"},"modified":"2025-12-23T16:01:22","modified_gmt":"2025-12-23T13:01:22","slug":"doencas-pos-traumaticas-do-septo-nasal","status":"publish","type":"diseases_post","link":"https:\/\/wiki.dev.voka.io\/pt\/doencas\/otorrinolaringologicas\/doencas-pos-traumaticas-do-septo-nasal\/","title":{"rendered":"Doen\u00e7as p\u00f3s-traum\u00e1ticas do septo nasal: diagn\u00f3stico e tratamento de hematomas, abscessos e perfura\u00e7\u00f5es"},"content":{"rendered":"<p><?xml encoding=\"UTF-8\" ?><\/p>\n<p>O septo nasal \u00e9 uma placa \u00f3ssea cartilaginosa que divide a cavidade nasal em duas metades. Suas altera\u00e7\u00f5es patol\u00f3gicas, como hematomas do septo nasal, abscessos ou perfura\u00e7\u00f5es, s\u00e3o complica\u00e7\u00f5es graves de traumas ou infec\u00e7\u00f5es. Essas condi\u00e7\u00f5es exigem diagn\u00f3stico oportuno, pois podem levar a consequ\u00eancias graves, incluindo deforma\u00e7\u00e3o nasal irrevers\u00edvel.<\/p>\n<h2 class=\"wp-block-heading\" id=\"classificacao-das-condicoes-do-septo-nasal\"><strong>Classifica\u00e7\u00e3o das condi\u00e7\u00f5es do septo nasal<\/strong><\/h2>\n<p>Na otorrinolaringologia, distinguem-se tr\u00eas grupos principais de patologias septais p\u00f3s-traum\u00e1ticas:<\/p>\n<ol class=\"wp-block-list\">\n<li><strong>Hematomas do septo nasal<\/strong>:\n<ul class=\"wp-block-list\">\n<li>Hematoma unilateral;<\/li>\n<li>Hematoma bilateral.<\/li>\n<\/ul>\n<\/li>\n<li><strong>Abcesso do septo nasal<\/strong>:\n<ul class=\"wp-block-list\">\n<li>Unilateral;<\/li>\n<li>Bilateral.<\/li>\n<\/ul>\n<\/li>\n<li><strong>Perfura\u00e7\u00e3o do septo nasal<\/strong>.<\/li>\n<\/ol>\n<h2 class=\"wp-block-heading\" id=\"etiologia\"><strong>Etiologia<\/strong><\/h2>\n<p>Na maioria dos casos, a causa comum das patologias acima mencionadas s\u00e3o les\u00f5es mec\u00e2nicas, como acidentes dom\u00e9sticos, quedas e acidentes de tr\u00e2nsito.<\/p>\n<p>Em casos raros, a causa s\u00e3o interven\u00e7\u00f5es cir\u00fargicas na cavidade nasal. Essas condi\u00e7\u00f5es podem ser causadas por infec\u00e7\u00f5es cr\u00f4nicas lentas ou doen\u00e7as autoimunes na cavidade nasal, pelas quais os pacientes n\u00e3o procuram ajuda de otorrinolaringologistas por um longo tempo.<\/p>\n<h3 class=\"wp-block-heading\" id=\"causas-de-hematomas-e-abcessos\"><strong>Causas de hematomas e abcessos<\/strong><\/h3>\n<p>Os hematomas do septo nasal podem surgir devido a um traumatismo contuso ou a uma infec\u00e7\u00e3o viral. Os sinais disso s\u00e3o hiperemia e aumento da fragilidade dos vasos da membrana mucosa, o que contribui para hemorragias espont\u00e2neas.<\/p>\n<p>Os abcessos nasais s\u00e3o, na maioria das vezes, consequ\u00eancia da supura\u00e7\u00e3o de um hematoma. Tamb\u00e9m pode ser formado:<\/p>\n<ul class=\"wp-block-list\">\n<li>Ao transferir uma infec\u00e7\u00e3o da pele (incha\u00e7o ou fur\u00fanculo nasal);<\/li>\n<li>Quando uma infec\u00e7\u00e3o se espalha a partir da cavidade oral durante processos de c\u00e1rie.<\/li>\n<\/ul>\n<h3 class=\"wp-block-heading\" id=\"causas-da-perfuracao\"><strong>Causas da perfura\u00e7\u00e3o<\/strong><\/h3>\n<p>A perfura\u00e7\u00e3o do septo nasal desenvolve-se devido a:<\/p>\n<ul class=\"wp-block-list\">\n<li>Traumatismos e queimaduras (qu\u00edmicas, t\u00e9rmicas);<\/li>\n<li>Interven\u00e7\u00f5es cir\u00fargicas;<\/li>\n<li>Processos atr\u00f3ficos, doen\u00e7as autoimunes e infecciosas;<\/li>\n<li>Abscessos do septo (derretimento purulento dos tecidos);<\/li>\n<li>Uso prolongado de medicamentos intranasais ou drogas narc\u00f3ticas;<\/li>\n<li>Traumatiza\u00e7\u00e3o cr\u00f4nica (\u201ccutucar o nariz\u201d).<\/li>\n<\/ul>\n<p>Tamb\u00e9m ocorrem perfura\u00e7\u00f5es idiop\u00e1ticas, ou seja, quando a causa exata n\u00e3o pode ser determinada. <\/p>\n<h2 class=\"wp-block-heading\" id=\"patogenese-e-alteracoes-anatomicas\"><strong>Patog\u00eanese e altera\u00e7\u00f5es anat\u00f4micas<\/strong><\/h2>\n<h3 class=\"wp-block-heading\" id=\"hematoma\"><strong>Hematoma<\/strong><\/h3>\n<p>Um hematoma \u00e9 um ac\u00famulo de sangue entre a cartilagem e a supracartilagem. Ocorre nas primeiras 24 horas ap\u00f3s uma les\u00e3o. Na cavidade nasal do lado da les\u00e3o, \u00e9 poss\u00edvel identificar uma protuber\u00e2ncia flutuante e tensa da membrana mucosa de cor cian\u00f3tica (cinza azulada).<\/p>\n<figure class=\"wp-block-image size-large\"><img decoding=\"async\" src=\"https:\/\/storage.googleapis.com\/dev_wiki_voka_io_303011\/articles\/en\/otorhinolaryngology\/post-traumatic-diseases-nasal-septum\/nasal-septal-hematoma.webp\" alt=\"Hematoma do septo nasal do lado direito (parte da membrana mucosa foi removida)\"><figcaption class=\"wp-element-caption\">Hematoma do septo nasal direito (parte da membrana mucosa foi removida): <a href=\"https:\/\/catalog.voka.io\/en\/models\/8861ee9e-a330-4451-856d-1de6ead27805\/8066b69f-0c3f-4c7c-960f-70699a27ff6c\/741e2d9f-1de1-42bd-89ad-c17d67432e19\/99491c04-c193-4f42-a5d4-c9f2343ada69\" target=\"_blank\" rel=\"noreferrer noopener nofollow\">Modelo 3D<\/a><\/figcaption><\/figure>\n<p>O hematoma pode envolver a parte cartilaginosa ou estender-se para a parte \u00f3ssea posterior, embora isso seja extremamente raro. Tamb\u00e9m \u00e9 comum encontrar uma les\u00e3o bilateral, na qual o sangue se acumula em ambos os lados.<\/p>\n<h3 class=\"wp-block-heading\" id=\"abcesso\"><strong>Abcesso<\/strong><\/h3>\n<p>Um abscesso do septo nasal \u00e9 um ac\u00famulo de conte\u00fado purulento sob a membrana mucosa, mais frequentemente na \u00e1rea da cartilagem do septo. Ocorre como complica\u00e7\u00e3o de um hematoma nasal n\u00e3o drenado ou ap\u00f3s trauma e interven\u00e7\u00f5es intranasais.<\/p>\n<p>Na aus\u00eancia de tratamento, a inflama\u00e7\u00e3o purulenta se espalha mais profundamente. A cartilagem, privada de nutri\u00e7\u00e3o e em um ambiente purulento, se degrada rapidamente por meio da condrolise. As complica\u00e7\u00f5es da doen\u00e7a incluem o desenvolvimento de uma perfura\u00e7\u00e3o do septo nasal, deforma\u00e7\u00e3o da parte posterior do nariz (sua depress\u00e3o) e propaga\u00e7\u00e3o da inflama\u00e7\u00e3o para a \u00e1rea periorbital e estruturas intracerebrais.<\/p>\n<h3 class=\"wp-block-heading\" id=\"perfuracao\"><strong>Perfura\u00e7\u00e3o<\/strong><\/h3>\n<p>Quando o septo nasal \u00e9 perfurado, as partes anteriores na \u00e1rea da cartilagem septal e do plexo de Kiesselbach s\u00e3o afetadas. No local da ulcera\u00e7\u00e3o da membrana mucosa, forma-se uma perfura\u00e7\u00e3o na \u00e1rea da cartilagem, que aumenta de tamanho com o tempo. Podem formar-se granula\u00e7\u00f5es ao longo das bordas da perfura\u00e7\u00e3o. <\/p>\n<p>O aparecimento da perfura\u00e7\u00e3o altera o fluxo de ar laminar natural para um fluxo de ar turbulento. Isso leva ao ressecamento da membrana mucosa, \u00e0 forma\u00e7\u00e3o de crostas e \u00e0 ventila\u00e7\u00e3o prejudicada da cavidade nasal e dos seios paranasais.<\/p>\n<p>As perfura\u00e7\u00f5es s\u00e3o classificadas de acordo com o seu tamanho. O tamanho da perfura\u00e7\u00e3o afeta as t\u00e1ticas de tratamento e o progn\u00f3stico. <\/p>\n<figure class=\"wp-block-table table-to-cards\">\n<table class=\"has-fixed-layout\">\n<thead>\n<tr>\n<th class=\"has-text-align-center\" data-align=\"center\"><strong>Tipo de perfura\u00e7\u00e3o<\/strong><\/th>\n<th class=\"has-text-align-center\" data-align=\"center\"><strong>Tamanho da perfura\u00e7\u00e3o (di\u00e2metro)<\/strong><\/th>\n<\/tr>\n<\/thead>\n<tbody>\n<tr>\n<td class=\"has-text-align-center\" data-align=\"center\"><strong>Pequenas perfura\u00e7\u00f5es<\/strong><\/td>\n<td class=\"has-text-align-center\" data-align=\"center\">at\u00e9 0,5 cm<\/td>\n<\/tr>\n<tr>\n<td class=\"has-text-align-center\" data-align=\"center\"><strong>Perfura\u00e7\u00f5es m\u00e9dias<\/strong><\/td>\n<td class=\"has-text-align-center\" data-align=\"center\">0,5 a 2 cm<\/td>\n<\/tr>\n<tr>\n<td class=\"has-text-align-center\" data-align=\"center\"><strong>Perfura\u00e7\u00f5es grandes<\/strong><\/td>\n<td class=\"has-text-align-center\" data-align=\"center\">>2 cm<\/td>\n<\/tr>\n<\/tbody>\n<\/table>\n<\/figure>\n<h2 class=\"wp-block-heading\" id=\"apresentacao-clinica\"><strong>Apresenta\u00e7\u00e3o cl\u00ednica<\/strong><\/h2>\n<p>Os sintomas dependem do tipo de patologia e do est\u00e1gio do processo.<\/p>\n<ol class=\"wp-block-list\">\n<li><strong>O hematoma \u00e9 uma massa moderadamente dolorosa ou indolor<\/strong>. Quando \u00e9 pequena, a respira\u00e7\u00e3o nasal permanece inalterada e a condi\u00e7\u00e3o passa despercebida. O conte\u00fado pode se degradar por conta pr\u00f3pria. No entanto, sem tratamento adequado, o hematoma frequentemente infecciona e desenvolve um abscesso do septo nasal com quadro cl\u00ednico evidente. Se houver hematomas bilaterais ou grandes, a respira\u00e7\u00e3o nasal torna-se dif\u00edcil.<\/li>\n<li><strong>Um abcesso do septo nasal apresenta sintomas distintos<\/strong>:\n<ul class=\"wp-block-list\">\n<li>Queixas de dor nasal intensa;<\/li>\n<li>Dificuldade em respirar pelo nariz do lado da les\u00e3o;<\/li>\n<li>Calafrios, fraqueza, dor de cabe\u00e7a e aumento da temperatura corporal.<\/li>\n<\/ul>\n<\/li>\n<li><strong>A perfura\u00e7\u00e3o<\/strong><strong> forma-se por atrofia<\/strong>:\n<ul class=\"wp-block-list\">\n<li>Secura na cavidade nasal com forma\u00e7\u00e3o de crostas;<\/li>\n<li>Redu\u00e7\u00e3o do olfato;<\/li>\n<li>Sangramento nasal recorrente;<\/li>\n<li>Poss\u00edvel assobio no nariz ao respirar (com defeitos de tamanho pequeno).<\/li>\n<\/ul>\n<\/li>\n<\/ol>\n<h2 class=\"wp-block-heading\" id=\"diagnostico\"><strong>Diagn\u00f3stico<\/strong><\/h2>\n<p>Uma hist\u00f3ria cl\u00ednica completa e um exame de rotina por meio de rinoscopia anterior s\u00e3o suficientes para esclarecer o diagn\u00f3stico nesse grupo de doen\u00e7as.<\/p>\n<ul class=\"wp-block-list\">\n<li>Se necess\u00e1rio, \u00e9 realizada uma endoscopia da cavidade nasal.<\/li>\n<li>Para avaliar o estado das estruturas \u00f3sseas e excluir complica\u00e7\u00f5es intracranianas, pode ser realizada uma tomografia computadorizada facial.<\/li>\n<li>Se houver hematomas e abscessos, pode-se realizar uma pun\u00e7\u00e3o diagn\u00f3stica e terap\u00eautica. A obten\u00e7\u00e3o de sangue confirma o diagn\u00f3stico de hematoma do septo nasal, enquanto a obten\u00e7\u00e3o de pus indica um abcesso do septo nasal.<\/li>\n<\/ul>\n<h2 class=\"wp-block-heading\" id=\"tratamento-de-condicoes-do-septo-nasal\"><strong>Tratamento de condi\u00e7\u00f5es do septo nasal<\/strong><\/h2>\n<p>As t\u00e1ticas terap\u00eauticas s\u00e3o determinadas pelo tipo de processo patol\u00f3gico e t\u00eam como objetivo evacuar o conte\u00fado, prevenir complica\u00e7\u00f5es purulentas e restaurar a integridade das estruturas nasais.<\/p>\n<h3 class=\"wp-block-heading\" id=\"tratamento-de-hematomas-do-septo-nasal\"><strong>Tratamento de hematomas do septo nasal<\/strong><\/h3>\n<p>O hematoma do septo nasal \u00e9 perfurado com uma agulha para aspirar o conte\u00fado, depois \u00e9 realizada uma tamponagem anterior firme para fixar e enxertar a membrana mucosa \u00e0s estruturas subjacentes. Quando indicado, \u00e9 prescrita terapia antibacteriana oral e s\u00e3o aplicadas solu\u00e7\u00f5es antiss\u00e9pticas no tamp\u00e3o nasal para prevenir complica\u00e7\u00f5es purulentas.<\/p>\n<h3 class=\"wp-block-heading\" id=\"tratamento-de-abcessos-do-septo-nasal\"><strong>Tratamento de abcessos do septo nasal<\/strong><\/h3>\n<p>Nos casos de abcessos do septo nasal, apenas \u00e9 utilizado tratamento cir\u00fargico. \u00c9 realizada uma ampla incis\u00e3o da membrana mucosa no local onde o incha\u00e7o \u00e9 maior e o conte\u00fado patol\u00f3gico \u00e9 removido.<\/p>\n<ul class=\"wp-block-list\">\n<li>A cavidade resultante \u00e9 lavada com solu\u00e7\u00f5es antiss\u00e9pticas, o dreno \u00e9 instalado e, em seguida, a cavidade nasal \u00e9 tamponada.<\/li>\n<li>A terapia antibacteriana oral \u00e9 prescrita dependendo da sensibilidade do paciente. S\u00e3o realizados curativos regulares com troca de drenagem.<\/li>\n<li>Em caso de abscessos bilaterais, a incis\u00e3o da membrana mucosa deve ser realizada em ambos os lados, mas n\u00e3o simetricamente, a fim de evitar a forma\u00e7\u00e3o de uma perfura\u00e7\u00e3o do septo nasal. <\/li>\n<\/ul>\n<h3 class=\"wp-block-heading\" id=\"tratamento-de-perfuracoes-do-septo-nasal\"><strong>Tratamento de perfura\u00e7\u00f5es do septo nasal<\/strong><\/h3>\n<p>Atualmente, fechar uma perfura\u00e7\u00e3o do septo nasal \u00e9 uma tarefa dif\u00edcil para os cirurgi\u00f5es nasais. Para obter o melhor efeito, a primeira coisa a fazer \u00e9 identificar a causa da perfura\u00e7\u00e3o e tentar elimin\u00e1-la ou minimiz\u00e1-la.<\/p>\n<p><strong>1. Terapia n\u00e3o cir\u00fargica<\/strong><strong><br \/><\/strong><\/p>\n<p>Para reduzir as manifesta\u00e7\u00f5es cl\u00ednicas, recomenda-se umedecer regularmente a cavidade nasal com solu\u00e7\u00f5es salinas e amolecer as crostas com pomadas. Isso apenas impede que a perfura\u00e7\u00e3o aumente de tamanho. Fazer isso n\u00e3o a fecha. Os implantes de silicone tamb\u00e9m s\u00e3o colocados no local da perfura\u00e7\u00e3o. No entanto, \u00e0s vezes contribuem para um aumento no seu tamanho.<\/p>\n<p><strong>2. Tratamento cir\u00fargico<\/strong><strong><br \/><\/strong><\/p>\n<p>Rinoplastia<strong><\/strong>a perfura\u00e7\u00e3o do septo nasal \u00e9 realizada utilizando cartilagem aut\u00f3loga e membrana mucosa em um ped\u00edculo vascular. Os tecidos s\u00e3o ent\u00e3o fixados com protetores nasais at\u00e9 que cicatrizem. <\/p>\n<p>No entanto, mesmo com a corre\u00e7\u00e3o cir\u00fargica, atualmente \u00e9 raro conseguir eliminar completamente o defeito. Em alguns casos, as interven\u00e7\u00f5es cir\u00fargicas podem at\u00e9 contribuir para o aumento da perfura\u00e7\u00e3o. <\/p>\n<div>\n<h2 class=\"faq-title h2-article\" id=\"faq\">FAQ<\/h2>\n<div class=\"faq-section\">\n<div class=\"faq-item faq-answer-hidden\">\n<div class=\"question-block\">\n<div class=\"faq-question\">\n<p class=\" text-black h5-title\">1. Por que o septo nasal d\u00f3i?<\/p>\n<\/div>\n<div class=\"faq-answer text-main-text-color main-text-medium\">A dor \u00e9 mais frequentemente causada por processos inflamat\u00f3rios, como um hematoma infectado ou um abcesso que se desenvolve no septo nasal. A dor que aumenta ao pressionar a ponta do nariz \u00e9 um sintoma alarmante que requer uma consulta com o otorrinolaringologista.<\/div>\n<\/div>\n<div class=\"expand-button-wrapper\"><button class=\"text-accent expand-button\">+<\/button><\/div>\n<\/div>\n<div class=\"faq-item faq-answer-hidden\">\n<div class=\"question-block\">\n<div class=\"faq-question\">\n<p class=\" text-black h5-title\">2. Qual \u00e9 a diferen\u00e7a entre um hematoma e um abcesso do septo nasal?<\/p>\n<\/div>\n<div class=\"faq-answer text-main-text-color main-text-medium\">Um hematoma \u00e9 o ac\u00famulo de sangue entre a membrana mucosa e a cartilagem do septo nasal que ocorre ap\u00f3s um trauma. Um abcesso \u00e9 o ac\u00famulo de pus, tamb\u00e9m entre a cartilagem do septo nasal e a membrana mucosa. Com o tempo, a cartilagem pode se degradar. Um abcesso \u00e9 muito mais grave e pode causar febre alta e dor intensa.<\/div>\n<\/div>\n<div class=\"expand-button-wrapper\"><button class=\"text-accent expand-button\">+<\/button><\/div>\n<\/div>\n<div class=\"faq-item faq-answer-hidden\">\n<div class=\"question-block\">\n<div class=\"faq-question\">\n<p class=\" text-black h5-title\">3. Qual \u00e9 o perigo de uma perfura\u00e7\u00e3o do septo nasal?<\/p>\n<\/div>\n<div class=\"faq-answer text-main-text-color main-text-medium\">Al\u00e9m do desconforto (como chiado ao respirar e forma\u00e7\u00e3o de crostas), isso perturba a aerodin\u00e2mica do nariz, levando \u00e0 sinusite cr\u00f4nica e rinite atr\u00f3fica. Quando um grande volume de cartilagem \u00e9 destru\u00eddo, \u00e9 poss\u00edvel ocorrer uma deformidade nasal (nariz em sela).<\/div>\n<\/div>\n<div class=\"expand-button-wrapper\"><button class=\"text-accent expand-button\">+<\/button><\/div>\n<\/div>\n<div class=\"faq-item faq-answer-hidden\">\n<div class=\"question-block\">\n<div class=\"faq-question\">\n<p class=\" text-black h5-title\">4. A perfura\u00e7\u00e3o afeta o formato do nariz?<\/p>\n<\/div>\n<div class=\"faq-answer text-main-text-color main-text-medium\">Pequenas perfura\u00e7\u00f5es geralmente n\u00e3o afetam a forma. No entanto, grandes perfura\u00e7\u00f5es (especialmente ap\u00f3s um abcesso) privam a parte posterior do nariz de apoio, o que pode fazer com que o nariz \u201cafunde\u201d e fique com formato de sela.<\/div>\n<\/div>\n<div class=\"expand-button-wrapper\"><button class=\"text-accent expand-button\">+<\/button><\/div>\n<\/div>\n<div class=\"faq-item faq-answer-hidden\">\n<div class=\"question-block\">\n<div class=\"faq-question\">\n<p class=\" text-black h5-title\">5. Uma perfura\u00e7\u00e3o no septo nasal pode cicatrizar?<\/p>\n<\/div>\n<div class=\"faq-answer text-main-text-color main-text-medium\">Uma perfura\u00e7\u00e3o no septo nasal n\u00e3o cicatriza por si s\u00f3. O tecido cartilaginoso n\u00e3o possui um bom suprimento sangu\u00edneo e n\u00e3o se regenera. Sem tratamento, as bordas da perfura\u00e7\u00e3o epitelizam e a perfura\u00e7\u00e3o permanece permanentemente, \u00e0s vezes aumentando com o tempo.<\/div>\n<\/div>\n<div class=\"expand-button-wrapper\"><button class=\"text-accent expand-button\">+<\/button><\/div>\n<\/div>\n<\/div>\n<\/div>\n<div class=\"sources-list-block sources-list-hidden\" id=\"referencias\">\n<div class=\"sources-list-content\">\n<div class=\"sources-list-title\">\n<p class=\"small-text-bold text-black sources-list-title-text\">Refer\u00eancias<\/p>\n<div class=\"sources-expand-button-wrapper-mobile\">\n<div class=\"sources-expand-button\"><svg width=\"32\" height=\"32\" viewbox=\"0 0 32 32\" fill=\"none\" xmlns=\"http:\/\/www.w3.org\/2000\/svg\"><path d=\"M8 12L16 20L24 12\" stroke=\"#8C9AAB\" stroke-width=\"2\" stroke-linecap=\"round\" stroke-linejoin=\"round\"><\/path><\/svg><\/div>\n<\/div>\n<\/div>\n<div class=\"sources-list-items\">\n<div class=\"source-item\">\n<p class=\"main-text-semibold text-black\">1.<\/p>\n<div class=\"source-item-content\">\n<p class=\"main-text-semibold text-black\"><cite>Cat\u00e1logo VOKA (VOKA Catalog). [Recurso eletr\u00f4nico]<\/cite><\/p>\n<p><span class=\"small-text-medium text-grey\">https:\/\/catalog.voka.io\/ <\/span><\/div>\n<\/div>\n<div class=\"source-item\">\n<p class=\"main-text-semibold text-black\">2.<\/p>\n<div class=\"source-item-content\">\n<p class=\"main-text-semibold text-black\"><cite>Total Otolaryngology\u2014Head and Neck Surgery (Otorrinolaringologia total \u2014 cirurgia de cabe\u00e7a e pesco\u00e7o), Anthony P. Sclafani, Robin A. Dyleski, Michael J. Pitman, Stimson P. Schantz. Thieme Medical Publishers, Inc., 2015. ISBN 978-1-60406-646-3.<\/cite><\/p>\n<\/div>\n<\/div>\n<div class=\"source-item\">\n<p class=\"main-text-semibold text-black\">3.<\/p>\n<div class=\"source-item-content\">\n<p class=\"main-text-semibold text-black\"><cite>\u0411\u0435\u0440\u0431\u043e\u043c \u0425. \u0411\u043e\u043b\u0435\u0437\u043d\u0438 \u0443\u0445\u0430, \u0433\u043e\u0440\u043b\u0430 \u0438 \u043d\u043e\u0441\u0430 (Doen\u00e7as do ouvido, garganta e nariz) \/ \u0425\u0430\u043d\u0441 \u0411\u0435\u0440\u0431\u043e\u043c, \u041e\u043b\u0438\u0432\u0435\u0440 \u041a\u0430\u0448\u043a\u0435, \u0422\u0430\u0434\u0435\u0443\u0441 \u041d\u0430\u0432\u043a\u0430, \u042d\u043d\u0434\u0440\u044e \u0421\u0432\u0438\u0444\u0442; \u043f\u0435\u0440. \u0441 \u0430\u043d\u0433\u043b. \u2013 2-\u0435 \u0438\u0437\u0434. \u2013 \u041c. : \u041c\u0415\u0414\u043f\u0440\u0435c\u0441-\u0438\u043d\u0444\u043e\u0440\u043c, 2016. \u2013 776 \u0441. : \u0438\u043b. ISBN 978-5-00030- 322-1.<\/cite><\/p>\n<\/div>\n<\/div>\n<div class=\"source-item\">\n<p class=\"main-text-semibold text-black\">4.<\/p>\n<div class=\"source-item-content\">\n<p class=\"main-text-semibold text-black\"><cite>Gupta G, Mahajan K. Nasal Septal Hematoma. 2023 Aug 8. In: StatPearls [Internet]. Treasure Island (FL): StatPearls Publishing; 2025 Jan\u2013. PMID: 29261856.<\/cite><\/p>\n<\/div>\n<\/div>\n<div class=\"source-item\">\n<p class=\"main-text-semibold text-black\">5.<\/p>\n<div class=\"source-item-content\">\n<p class=\"main-text-semibold text-black\"><cite>Zielnik-Jurkiewicz B, Olszewska-Sosi\u0144ska O, Rapiejko P. Leczenie pourazowych krwiak\u00f3w i ropni przegrody nosa u dzieci [Treatment of the nasal septal hematoma and abscess in children]. Otolaryngol Pol. 2008;62(1):71-5. Polish. doi: 10.1016\/S0030-6657(08)70212-9. PMID: 18637425.<\/cite><\/p>\n<\/div>\n<\/div>\n<div class=\"source-item\">\n<p class=\"main-text-semibold text-black\">6.<\/p>\n<div class=\"source-item-content\">\n<p class=\"main-text-semibold text-black\"><cite>Nanu DP, Adelsberg D, Nguyen SA, Radulovich NP, Carr MM. Unmasking Nasal Septal Hematoma\/Abscess: A Systematic Review and Meta-analysis. OTO Open. 2024 Oct 8;8(4):e174. doi: 10.1002\/oto2.174. PMID: 39381799; PMCID: PMC11460746.<\/cite><\/p>\n<\/div>\n<\/div>\n<div class=\"source-item\">\n<p class=\"main-text-semibold text-black\">7.<\/p>\n<div class=\"source-item-content\">\n<p class=\"main-text-semibold text-black\"><cite>Shaari AL, Patil D, Youssef V, Bebawy G, Shaari DS, Schwartz C, Eloy JA. Nasal Septal Abscesses: A Systematic Review. J Craniofac Surg. 2025 Jan 3. doi: 10.1097\/SCS.0000000000011029. Epub ahead of print. PMID: 39750551.<\/cite><\/p>\n<\/div>\n<\/div>\n<div class=\"source-item\">\n<p class=\"main-text-semibold text-black\">8.<\/p>\n<div class=\"source-item-content\">\n<p class=\"main-text-semibold text-black\"><cite>Lanier B, Kai G, Marple B, Wall GM. Pathophysiology and progression of nasal septal perforation. Ann Allergy Asthma Immunol. 2007 Dec;99(6):473-9; quiz 480-1, 521. doi: 10.1016\/S1081-1206(10)60373-0. PMID: 18219827.<\/cite><\/p>\n<\/div>\n<\/div>\n<div class=\"source-item\">\n<p class=\"main-text-semibold text-black\">9.<\/p>\n<div class=\"source-item-content\">\n<p class=\"main-text-semibold text-black\"><cite>Downs BW, Sauder HM. Septal Perforation. 2023 Jul 31. In: StatPearls [Internet]. Treasure Island (FL): StatPearls Publishing; 2025 Jan\u2013. PMID: 30725893.<\/cite><\/p>\n<\/div>\n<\/div>\n<\/div>\n<\/div>\n<div class=\"sources-expand-button-wrapper\">\n<div class=\"sources-expand-button\"><svg width=\"32\" height=\"32\" viewbox=\"0 0 32 32\" fill=\"none\" xmlns=\"http:\/\/www.w3.org\/2000\/svg\"><path d=\"M8 12L16 20L24 12\" stroke=\"#8C9AAB\" stroke-width=\"2\" stroke-linecap=\"round\" stroke-linejoin=\"round\"><\/path><\/svg><\/div>\n<\/div>\n<\/div>\n","protected":false},"excerpt":{"rendered":"<p>O septo nasal \u00e9 uma placa \u00f3ssea cartilaginosa que divide a cavidade nasal em duas metades. Suas altera\u00e7\u00f5es patol\u00f3gicas, como hematomas do septo nasal, abscessos ou perfura\u00e7\u00f5es, s\u00e3o complica\u00e7\u00f5es graves de traumas ou infec\u00e7\u00f5es. Essas condi\u00e7\u00f5es exigem diagn\u00f3stico oportuno, pois podem levar a consequ\u00eancias graves, incluindo deforma\u00e7\u00e3o nasal irrevers\u00edvel. Classifica\u00e7\u00e3o das condi\u00e7\u00f5es do septo nasal [&hellip;]<\/p>\n","protected":false},"author":4,"featured_media":0,"template":"","diseases_category":[301],"class_list":["post-2294","diseases_post","type-diseases_post","status-publish","hentry","diseases_category-otorrinolaringologicas"],"acf":[],"yoast_head":"<!-- This site is optimized with the Yoast SEO Premium plugin v25.0 (Yoast SEO v26.5) - https:\/\/yoast.com\/wordpress\/plugins\/seo\/ -->\n<title>Hematomas, abcessos e perfura\u00e7\u00f5es do septo nasal: sintomas e tratamento<\/title>\n<meta name=\"description\" content=\"Patologias p\u00f3s-traum\u00e1ticas do septo nasal: hematomas, abscessos e perfura\u00e7\u00f5es. Explore a etiologia, a apresenta\u00e7\u00e3o cl\u00ednica, as t\u00e1ticas de interven\u00e7\u00e3o cir\u00fargica e as dificuldades do fechamento da perfura\u00e7\u00e3o.\" \/>\n<meta name=\"robots\" content=\"noindex, follow, max-snippet:-1, max-image-preview:large, max-video-preview:-1\" \/>\n<meta property=\"og:locale\" content=\"pt_PT\" \/>\n<meta property=\"og:type\" content=\"article\" \/>\n<meta property=\"og:title\" content=\"Doen\u00e7as p\u00f3s-traum\u00e1ticas do septo nasal: diagn\u00f3stico e tratamento de hematomas, abscessos e perfura\u00e7\u00f5es\" \/>\n<meta property=\"og:description\" content=\"Patologias p\u00f3s-traum\u00e1ticas do septo nasal: hematomas, abscessos e perfura\u00e7\u00f5es. Explore a etiologia, a apresenta\u00e7\u00e3o cl\u00ednica, as t\u00e1ticas de interven\u00e7\u00e3o cir\u00fargica e as dificuldades do fechamento da perfura\u00e7\u00e3o.\" \/>\n<meta property=\"og:url\" content=\"https:\/\/wiki.dev.voka.io\/pt\/doencas\/otorrinolaringologicas\/doencas-pos-traumaticas-do-septo-nasal\/\" \/>\n<meta property=\"og:site_name\" content=\"Voka Wiki\" \/>\n<meta property=\"article:publisher\" content=\"https:\/\/www.facebook.com\/VOKA3DAnatomyAndPathology\/\" \/>\n<meta property=\"article:modified_time\" content=\"2025-12-23T13:01:22+00:00\" \/>\n<meta property=\"og:image\" content=\"https:\/\/storage.googleapis.com\/dev_wiki_voka_io_303011\/articles\/en\/otorhinolaryngology\/post-traumatic-diseases-nasal-septum\/nasal-septal-hematoma.webp\" \/>\n<meta name=\"twitter:card\" content=\"summary_large_image\" \/>\n<meta name=\"twitter:label1\" content=\"Tempo estimado de leitura\" \/>\n\t<meta name=\"twitter:data1\" content=\"7 minutos\" \/>\n<script type=\"application\/ld+json\" class=\"yoast-schema-graph\">{\"@context\":\"https:\/\/schema.org\",\"@graph\":[{\"@type\":\"Article\",\"@id\":\"https:\/\/wiki.dev.voka.io\/pt\/doencas\/otorrinolaringologicas\/doencas-pos-traumaticas-do-septo-nasal\/#article\",\"isPartOf\":{\"@id\":\"https:\/\/wiki.dev.voka.io\/pt\/doencas\/otorrinolaringologicas\/doencas-pos-traumaticas-do-septo-nasal\/\"},\"author\":{\"name\":\"Danata A.\",\"@id\":\"https:\/\/wiki.dev.voka.io\/pt\/#\/schema\/person\/75a01428a2e97375c0facaaeba432542\"},\"headline\":\"Doen\u00e7as p\u00f3s-traum\u00e1ticas do septo nasal: diagn\u00f3stico e tratamento de hematomas, abscessos e perfura\u00e7\u00f5es\",\"datePublished\":\"2025-12-23T13:01:17+00:00\",\"dateModified\":\"2025-12-23T13:01:22+00:00\",\"mainEntityOfPage\":{\"@id\":\"https:\/\/wiki.dev.voka.io\/pt\/doencas\/otorrinolaringologicas\/doencas-pos-traumaticas-do-septo-nasal\/\"},\"wordCount\":1381,\"publisher\":{\"@id\":\"https:\/\/wiki.dev.voka.io\/pt\/#organization\"},\"image\":{\"@id\":\"https:\/\/wiki.dev.voka.io\/pt\/doencas\/otorrinolaringologicas\/doencas-pos-traumaticas-do-septo-nasal\/#primaryimage\"},\"thumbnailUrl\":\"https:\/\/storage.googleapis.com\/dev_wiki_voka_io_303011\/articles\/en\/otorhinolaryngology\/post-traumatic-diseases-nasal-septum\/nasal-septal-hematoma.webp\",\"inLanguage\":\"pt-PT\"},{\"@type\":\"WebPage\",\"@id\":\"https:\/\/wiki.dev.voka.io\/pt\/doencas\/otorrinolaringologicas\/doencas-pos-traumaticas-do-septo-nasal\/\",\"url\":\"https:\/\/wiki.dev.voka.io\/pt\/doencas\/otorrinolaringologicas\/doencas-pos-traumaticas-do-septo-nasal\/\",\"name\":\"Hematomas, abcessos e perfura\u00e7\u00f5es do septo nasal: sintomas e tratamento\",\"isPartOf\":{\"@id\":\"https:\/\/wiki.dev.voka.io\/pt\/#website\"},\"primaryImageOfPage\":{\"@id\":\"https:\/\/wiki.dev.voka.io\/pt\/doencas\/otorrinolaringologicas\/doencas-pos-traumaticas-do-septo-nasal\/#primaryimage\"},\"image\":{\"@id\":\"https:\/\/wiki.dev.voka.io\/pt\/doencas\/otorrinolaringologicas\/doencas-pos-traumaticas-do-septo-nasal\/#primaryimage\"},\"thumbnailUrl\":\"https:\/\/storage.googleapis.com\/dev_wiki_voka_io_303011\/articles\/en\/otorhinolaryngology\/post-traumatic-diseases-nasal-septum\/nasal-septal-hematoma.webp\",\"datePublished\":\"2025-12-23T13:01:17+00:00\",\"dateModified\":\"2025-12-23T13:01:22+00:00\",\"description\":\"Patologias p\u00f3s-traum\u00e1ticas do septo nasal: hematomas, abscessos e perfura\u00e7\u00f5es. Explore a etiologia, a apresenta\u00e7\u00e3o cl\u00ednica, as t\u00e1ticas de interven\u00e7\u00e3o cir\u00fargica e as dificuldades do fechamento da perfura\u00e7\u00e3o.\",\"breadcrumb\":{\"@id\":\"https:\/\/wiki.dev.voka.io\/pt\/doencas\/otorrinolaringologicas\/doencas-pos-traumaticas-do-septo-nasal\/#breadcrumb\"},\"inLanguage\":\"pt-PT\",\"potentialAction\":[{\"@type\":\"ReadAction\",\"target\":[\"https:\/\/wiki.dev.voka.io\/pt\/doencas\/otorrinolaringologicas\/doencas-pos-traumaticas-do-septo-nasal\/\"]}]},{\"@type\":\"ImageObject\",\"inLanguage\":\"pt-PT\",\"@id\":\"https:\/\/wiki.dev.voka.io\/pt\/doencas\/otorrinolaringologicas\/doencas-pos-traumaticas-do-septo-nasal\/#primaryimage\",\"url\":\"https:\/\/storage.googleapis.com\/dev_wiki_voka_io_303011\/articles\/en\/otorhinolaryngology\/post-traumatic-diseases-nasal-septum\/nasal-septal-hematoma.webp\",\"contentUrl\":\"https:\/\/storage.googleapis.com\/dev_wiki_voka_io_303011\/articles\/en\/otorhinolaryngology\/post-traumatic-diseases-nasal-septum\/nasal-septal-hematoma.webp\"},{\"@type\":\"BreadcrumbList\",\"@id\":\"https:\/\/wiki.dev.voka.io\/pt\/doencas\/otorrinolaringologicas\/doencas-pos-traumaticas-do-septo-nasal\/#breadcrumb\",\"itemListElement\":[{\"@type\":\"ListItem\",\"position\":1,\"name\":\"Home\",\"item\":\"https:\/\/wiki.dev.voka.io\/pt\/\"},{\"@type\":\"ListItem\",\"position\":2,\"name\":\"Otorrinolaringologia\",\"item\":\"https:\/\/wiki.dev.voka.io\/pt\/doencas\/otorrinolaringologicas\/\"},{\"@type\":\"ListItem\",\"position\":3,\"name\":\"Doen\u00e7as p\u00f3s-traum\u00e1ticas do septo nasal: diagn\u00f3stico e tratamento de hematomas, abscessos e perfura\u00e7\u00f5es\"}]},{\"@type\":\"WebSite\",\"@id\":\"https:\/\/wiki.dev.voka.io\/pt\/#website\",\"url\":\"https:\/\/wiki.dev.voka.io\/pt\/\",\"name\":\"Voka Wiki\",\"description\":\"\",\"publisher\":{\"@id\":\"https:\/\/wiki.dev.voka.io\/pt\/#organization\"},\"alternateName\":\"Anatomy & Pathology Wiki by VOKA\",\"potentialAction\":[{\"@type\":\"SearchAction\",\"target\":{\"@type\":\"EntryPoint\",\"urlTemplate\":\"https:\/\/wiki.dev.voka.io\/pt\/?s={search_term_string}\"},\"query-input\":{\"@type\":\"PropertyValueSpecification\",\"valueRequired\":true,\"valueName\":\"search_term_string\"}}],\"inLanguage\":\"pt-PT\"},{\"@type\":\"Organization\",\"@id\":\"https:\/\/wiki.dev.voka.io\/pt\/#organization\",\"name\":\"Voka 3D Anatomy & Pathology\",\"alternateName\":\"VOKA\",\"url\":\"https:\/\/wiki.dev.voka.io\/pt\/\",\"logo\":{\"@type\":\"ImageObject\",\"inLanguage\":\"pt-PT\",\"@id\":\"https:\/\/wiki.dev.voka.io\/pt\/#\/schema\/logo\/image\/\",\"url\":\"https:\/\/wiki.dev.voka.io\/wp-content\/uploads\/2025\/02\/cropped-voka-logo-1.png\",\"contentUrl\":\"https:\/\/wiki.dev.voka.io\/wp-content\/uploads\/2025\/02\/cropped-voka-logo-1.png\",\"width\":70,\"height\":16,\"caption\":\"Voka 3D Anatomy & Pathology\"},\"image\":{\"@id\":\"https:\/\/wiki.dev.voka.io\/pt\/#\/schema\/logo\/image\/\"},\"sameAs\":[\"https:\/\/www.facebook.com\/VOKA3DAnatomyAndPathology\/\",\"https:\/\/www.instagram.com\/voka.io\/\",\"https:\/\/www.linkedin.com\/company\/voka-io\/\",\"https:\/\/www.youtube.com\/channel\/UCqGGuOEpr62ScH8Pjk2q5zw\/videos\",\"https:\/\/www.pinterest.com\/VokaAnatomyPro\/\",\"https:\/\/www.threads.com\/@voka.io\"],\"description\":\"VOKA.io offers 3D medical animations and custom 3D modeling services. Our product, VOKA 3D Anatomy & Pathology, is a digital atlas with over 1,000 detailed 3D models of human anatomy and pathology, designed for medical education, training, and patient communication.\",\"email\":\"info@voka.io\",\"telephone\":\"+1 814 351 4442\",\"legalName\":\"Voka 3D Anatomy & Pathology\",\"foundingDate\":\"2017-02-12\",\"naics\":\"541512\",\"numberOfEmployees\":{\"@type\":\"QuantitativeValue\",\"minValue\":\"51\",\"maxValue\":\"200\"},\"publishingPrinciples\":\"https:\/\/wiki.voka.io\/pt\/principios-de-publicacao\/\"},{\"@type\":\"Person\",\"@id\":\"https:\/\/wiki.dev.voka.io\/pt\/#\/schema\/person\/75a01428a2e97375c0facaaeba432542\",\"name\":\"Danata A.\",\"image\":{\"@type\":\"ImageObject\",\"inLanguage\":\"pt-PT\",\"@id\":\"https:\/\/wiki.dev.voka.io\/pt\/#\/schema\/person\/image\/\",\"url\":\"https:\/\/secure.gravatar.com\/avatar\/17b61e87bc892ef9555b6080655463c63eb46025ed870850eaa2472678817ed6?s=96&d=mm&r=g\",\"contentUrl\":\"https:\/\/secure.gravatar.com\/avatar\/17b61e87bc892ef9555b6080655463c63eb46025ed870850eaa2472678817ed6?s=96&d=mm&r=g\",\"caption\":\"Danata A.\"}}]}<\/script>\n<!-- \/ Yoast SEO Premium plugin. -->","yoast_head_json":{"title":"Hematomas, abcessos e perfura\u00e7\u00f5es do septo nasal: sintomas e tratamento","description":"Patologias p\u00f3s-traum\u00e1ticas do septo nasal: hematomas, abscessos e perfura\u00e7\u00f5es. Explore a etiologia, a apresenta\u00e7\u00e3o cl\u00ednica, as t\u00e1ticas de interven\u00e7\u00e3o cir\u00fargica e as dificuldades do fechamento da perfura\u00e7\u00e3o.","robots":{"index":"noindex","follow":"follow","max-snippet":"max-snippet:-1","max-image-preview":"max-image-preview:large","max-video-preview":"max-video-preview:-1"},"og_locale":"pt_PT","og_type":"article","og_title":"Doen\u00e7as p\u00f3s-traum\u00e1ticas do septo nasal: diagn\u00f3stico e tratamento de hematomas, abscessos e perfura\u00e7\u00f5es","og_description":"Patologias p\u00f3s-traum\u00e1ticas do septo nasal: hematomas, abscessos e perfura\u00e7\u00f5es. Explore a etiologia, a apresenta\u00e7\u00e3o cl\u00ednica, as t\u00e1ticas de interven\u00e7\u00e3o cir\u00fargica e as dificuldades do fechamento da perfura\u00e7\u00e3o.","og_url":"https:\/\/wiki.dev.voka.io\/pt\/doencas\/otorrinolaringologicas\/doencas-pos-traumaticas-do-septo-nasal\/","og_site_name":"Voka Wiki","article_publisher":"https:\/\/www.facebook.com\/VOKA3DAnatomyAndPathology\/","article_modified_time":"2025-12-23T13:01:22+00:00","og_image":[{"url":"https:\/\/storage.googleapis.com\/dev_wiki_voka_io_303011\/articles\/en\/otorhinolaryngology\/post-traumatic-diseases-nasal-septum\/nasal-septal-hematoma.webp","type":"","width":"","height":""}],"twitter_card":"summary_large_image","twitter_misc":{"Tempo estimado de leitura":"7 minutos"},"schema":{"@context":"https:\/\/schema.org","@graph":[{"@type":"Article","@id":"https:\/\/wiki.dev.voka.io\/pt\/doencas\/otorrinolaringologicas\/doencas-pos-traumaticas-do-septo-nasal\/#article","isPartOf":{"@id":"https:\/\/wiki.dev.voka.io\/pt\/doencas\/otorrinolaringologicas\/doencas-pos-traumaticas-do-septo-nasal\/"},"author":{"name":"Danata A.","@id":"https:\/\/wiki.dev.voka.io\/pt\/#\/schema\/person\/75a01428a2e97375c0facaaeba432542"},"headline":"Doen\u00e7as p\u00f3s-traum\u00e1ticas do septo nasal: diagn\u00f3stico e tratamento de hematomas, abscessos e perfura\u00e7\u00f5es","datePublished":"2025-12-23T13:01:17+00:00","dateModified":"2025-12-23T13:01:22+00:00","mainEntityOfPage":{"@id":"https:\/\/wiki.dev.voka.io\/pt\/doencas\/otorrinolaringologicas\/doencas-pos-traumaticas-do-septo-nasal\/"},"wordCount":1381,"publisher":{"@id":"https:\/\/wiki.dev.voka.io\/pt\/#organization"},"image":{"@id":"https:\/\/wiki.dev.voka.io\/pt\/doencas\/otorrinolaringologicas\/doencas-pos-traumaticas-do-septo-nasal\/#primaryimage"},"thumbnailUrl":"https:\/\/storage.googleapis.com\/dev_wiki_voka_io_303011\/articles\/en\/otorhinolaryngology\/post-traumatic-diseases-nasal-septum\/nasal-septal-hematoma.webp","inLanguage":"pt-PT"},{"@type":"WebPage","@id":"https:\/\/wiki.dev.voka.io\/pt\/doencas\/otorrinolaringologicas\/doencas-pos-traumaticas-do-septo-nasal\/","url":"https:\/\/wiki.dev.voka.io\/pt\/doencas\/otorrinolaringologicas\/doencas-pos-traumaticas-do-septo-nasal\/","name":"Hematomas, abcessos e perfura\u00e7\u00f5es do septo nasal: sintomas e tratamento","isPartOf":{"@id":"https:\/\/wiki.dev.voka.io\/pt\/#website"},"primaryImageOfPage":{"@id":"https:\/\/wiki.dev.voka.io\/pt\/doencas\/otorrinolaringologicas\/doencas-pos-traumaticas-do-septo-nasal\/#primaryimage"},"image":{"@id":"https:\/\/wiki.dev.voka.io\/pt\/doencas\/otorrinolaringologicas\/doencas-pos-traumaticas-do-septo-nasal\/#primaryimage"},"thumbnailUrl":"https:\/\/storage.googleapis.com\/dev_wiki_voka_io_303011\/articles\/en\/otorhinolaryngology\/post-traumatic-diseases-nasal-septum\/nasal-septal-hematoma.webp","datePublished":"2025-12-23T13:01:17+00:00","dateModified":"2025-12-23T13:01:22+00:00","description":"Patologias p\u00f3s-traum\u00e1ticas do septo nasal: hematomas, abscessos e perfura\u00e7\u00f5es. Explore a etiologia, a apresenta\u00e7\u00e3o cl\u00ednica, as t\u00e1ticas de interven\u00e7\u00e3o cir\u00fargica e as dificuldades do fechamento da perfura\u00e7\u00e3o.","breadcrumb":{"@id":"https:\/\/wiki.dev.voka.io\/pt\/doencas\/otorrinolaringologicas\/doencas-pos-traumaticas-do-septo-nasal\/#breadcrumb"},"inLanguage":"pt-PT","potentialAction":[{"@type":"ReadAction","target":["https:\/\/wiki.dev.voka.io\/pt\/doencas\/otorrinolaringologicas\/doencas-pos-traumaticas-do-septo-nasal\/"]}]},{"@type":"ImageObject","inLanguage":"pt-PT","@id":"https:\/\/wiki.dev.voka.io\/pt\/doencas\/otorrinolaringologicas\/doencas-pos-traumaticas-do-septo-nasal\/#primaryimage","url":"https:\/\/storage.googleapis.com\/dev_wiki_voka_io_303011\/articles\/en\/otorhinolaryngology\/post-traumatic-diseases-nasal-septum\/nasal-septal-hematoma.webp","contentUrl":"https:\/\/storage.googleapis.com\/dev_wiki_voka_io_303011\/articles\/en\/otorhinolaryngology\/post-traumatic-diseases-nasal-septum\/nasal-septal-hematoma.webp"},{"@type":"BreadcrumbList","@id":"https:\/\/wiki.dev.voka.io\/pt\/doencas\/otorrinolaringologicas\/doencas-pos-traumaticas-do-septo-nasal\/#breadcrumb","itemListElement":[{"@type":"ListItem","position":1,"name":"Home","item":"https:\/\/wiki.dev.voka.io\/pt\/"},{"@type":"ListItem","position":2,"name":"Otorrinolaringologia","item":"https:\/\/wiki.dev.voka.io\/pt\/doencas\/otorrinolaringologicas\/"},{"@type":"ListItem","position":3,"name":"Doen\u00e7as p\u00f3s-traum\u00e1ticas do septo nasal: diagn\u00f3stico e tratamento de hematomas, abscessos e perfura\u00e7\u00f5es"}]},{"@type":"WebSite","@id":"https:\/\/wiki.dev.voka.io\/pt\/#website","url":"https:\/\/wiki.dev.voka.io\/pt\/","name":"Voka Wiki","description":"","publisher":{"@id":"https:\/\/wiki.dev.voka.io\/pt\/#organization"},"alternateName":"Anatomy & Pathology Wiki by VOKA","potentialAction":[{"@type":"SearchAction","target":{"@type":"EntryPoint","urlTemplate":"https:\/\/wiki.dev.voka.io\/pt\/?s={search_term_string}"},"query-input":{"@type":"PropertyValueSpecification","valueRequired":true,"valueName":"search_term_string"}}],"inLanguage":"pt-PT"},{"@type":"Organization","@id":"https:\/\/wiki.dev.voka.io\/pt\/#organization","name":"Voka 3D Anatomy & Pathology","alternateName":"VOKA","url":"https:\/\/wiki.dev.voka.io\/pt\/","logo":{"@type":"ImageObject","inLanguage":"pt-PT","@id":"https:\/\/wiki.dev.voka.io\/pt\/#\/schema\/logo\/image\/","url":"https:\/\/wiki.dev.voka.io\/wp-content\/uploads\/2025\/02\/cropped-voka-logo-1.png","contentUrl":"https:\/\/wiki.dev.voka.io\/wp-content\/uploads\/2025\/02\/cropped-voka-logo-1.png","width":70,"height":16,"caption":"Voka 3D Anatomy & Pathology"},"image":{"@id":"https:\/\/wiki.dev.voka.io\/pt\/#\/schema\/logo\/image\/"},"sameAs":["https:\/\/www.facebook.com\/VOKA3DAnatomyAndPathology\/","https:\/\/www.instagram.com\/voka.io\/","https:\/\/www.linkedin.com\/company\/voka-io\/","https:\/\/www.youtube.com\/channel\/UCqGGuOEpr62ScH8Pjk2q5zw\/videos","https:\/\/www.pinterest.com\/VokaAnatomyPro\/","https:\/\/www.threads.com\/@voka.io"],"description":"VOKA.io offers 3D medical animations and custom 3D modeling services. Our product, VOKA 3D Anatomy & Pathology, is a digital atlas with over 1,000 detailed 3D models of human anatomy and pathology, designed for medical education, training, and patient communication.","email":"info@voka.io","telephone":"+1 814 351 4442","legalName":"Voka 3D Anatomy & Pathology","foundingDate":"2017-02-12","naics":"541512","numberOfEmployees":{"@type":"QuantitativeValue","minValue":"51","maxValue":"200"},"publishingPrinciples":"https:\/\/wiki.voka.io\/pt\/principios-de-publicacao\/"},{"@type":"Person","@id":"https:\/\/wiki.dev.voka.io\/pt\/#\/schema\/person\/75a01428a2e97375c0facaaeba432542","name":"Danata A.","image":{"@type":"ImageObject","inLanguage":"pt-PT","@id":"https:\/\/wiki.dev.voka.io\/pt\/#\/schema\/person\/image\/","url":"https:\/\/secure.gravatar.com\/avatar\/17b61e87bc892ef9555b6080655463c63eb46025ed870850eaa2472678817ed6?s=96&d=mm&r=g","contentUrl":"https:\/\/secure.gravatar.com\/avatar\/17b61e87bc892ef9555b6080655463c63eb46025ed870850eaa2472678817ed6?s=96&d=mm&r=g","caption":"Danata A."}}]}},"_links":{"self":[{"href":"https:\/\/wiki.dev.voka.io\/pt\/wp-json\/wp\/v2\/diseases_post\/2294","targetHints":{"allow":["GET"]}}],"collection":[{"href":"https:\/\/wiki.dev.voka.io\/pt\/wp-json\/wp\/v2\/diseases_post"}],"about":[{"href":"https:\/\/wiki.dev.voka.io\/pt\/wp-json\/wp\/v2\/types\/diseases_post"}],"author":[{"embeddable":true,"href":"https:\/\/wiki.dev.voka.io\/pt\/wp-json\/wp\/v2\/users\/4"}],"wp:attachment":[{"href":"https:\/\/wiki.dev.voka.io\/pt\/wp-json\/wp\/v2\/media?parent=2294"}],"wp:term":[{"taxonomy":"diseases_category","embeddable":true,"href":"https:\/\/wiki.dev.voka.io\/pt\/wp-json\/wp\/v2\/diseases_category?post=2294"}],"curies":[{"name":"wp","href":"https:\/\/api.w.org\/{rel}","templated":true}]}}