{"id":2282,"date":"2025-12-23T16:01:22","date_gmt":"2025-12-23T13:01:22","guid":{"rendered":"https:\/\/wiki.dev.voka.io\/?post_type=diseases_post&#038;p=2282"},"modified":"2025-12-23T16:01:31","modified_gmt":"2025-12-23T13:01:31","slug":"lesoes-de-tecidos-moles-do-nariz-externo","status":"publish","type":"diseases_post","link":"https:\/\/wiki.dev.voka.io\/pt\/doencas\/otorrinolaringologicas\/lesoes-de-tecidos-moles-do-nariz-externo\/","title":{"rendered":"Les\u00f5es do tecido mole do nariz externo: etiologia, apresenta\u00e7\u00e3o cl\u00ednica, diagn\u00f3stico e tratamento"},"content":{"rendered":"<p><?xml encoding=\"UTF-8\" ?><\/p>\n<p>Os seguintes tipos de les\u00f5es s\u00e3o diferenciados:<\/p>\n<ul class=\"wp-block-list\">\n<li><strong>Abras\u00f5es nasais<\/strong> s\u00e3o les\u00f5es superficiais da pele que afetam as camadas papilar e reticular da derme. <\/li>\n<li><strong>Lacera\u00e7\u00f5es nasais<\/strong> afetam todas as camadas da derme e podem se estender aos tecidos moles e m\u00fasculos. <\/li>\n<li>Uma <strong>avuls\u00e3o nasal<\/strong> \u00e9 um corte ou lacera\u00e7\u00e3o da parte distal do nariz causado por trauma. <\/li>\n<li>Uma <strong>contus\u00e3o nasal<\/strong> \u00e9 uma les\u00e3o nos tecidos moles do nariz que ocorre devido a um trauma de contus\u00e3o, mas n\u00e3o danifica a pele. <\/li>\n<\/ul>\n<h2 class=\"wp-block-heading\" id=\"etiologia\"><strong>Etiologia<\/strong><\/h2>\n<p>A causa dessas condi\u00e7\u00f5es \u00e9 um grande impacto mec\u00e2nico na regi\u00e3o do nariz, como quedas, mordidas, les\u00f5es esportivas, acidentes de tr\u00e2nsito ou les\u00f5es relacionadas com o trabalho. Durante conflitos armados, ferimentos por armas perfurocortantes e les\u00f5es por explos\u00e3o s\u00e3o causas comuns de avuls\u00f5es nasais. <\/p>\n<p>O nariz \u00e9 mais propenso a sofrer les\u00f5es traum\u00e1ticas do que outros \u00f3rg\u00e3os, por ser a parte mais proeminente do corpo. <\/p>\n<h2 class=\"wp-block-heading\" id=\"anatomia\"><strong>Anatomia<\/strong><\/h2>\n<h3 class=\"wp-block-heading\" id=\"abrasoes-nasais\"><strong>Abras\u00f5es nasais<\/strong><\/h3>\n<p>As abras\u00f5es cut\u00e2neas s\u00e3o caracterizadas por danos parciais na epiderme que n\u00e3o penetram nas camadas mais profundas da pele. Ap\u00f3s a les\u00e3o, elas sangram e ficam cobertas por uma crosta hemorr\u00e1gica. <\/p>\n<h3 class=\"wp-block-heading\" id=\"laceracoes-no-nariz\"><strong>Lacera\u00e7\u00f5es no nariz<\/strong><\/h3>\n<p>Uma lacera\u00e7\u00e3o \u00e9 caracterizada por danos mais profundos, afetando todas as camadas da derme e o tecido adiposo subjacente, vasos sangu\u00edneos e m\u00fasculos. As bordas da ferida divergem. A ferida fica aberta e h\u00e1 sangramento abundante. As asas nasais e a ponta do nariz s\u00e3o as \u00e1reas mais frequentemente afetadas. <\/p>\n<h3 class=\"wp-block-heading\" id=\"avulsoes-nasais\"><strong>Avuls\u00f5es nasais<\/strong><\/h3>\n<ul class=\"wp-block-list\">\n<li>Quando a <strong>ponta nasal<\/strong> \u00e9 amputada, a parte distal do nariz, incluindo a pele, o m\u00fasculo e a cartilagem, \u00e9 cortada, expondo a cavidade nasal. <\/li>\n<li>Durante uma avuls\u00e3o do <strong>nariz<\/strong>, ocorre uma avuls\u00e3o traum\u00e1tica da base \u00f3ssea e cartilaginosa do nariz externo. Isso exp\u00f5e a abertura em forma de pera, e a nasofaringe fica vis\u00edvel. Em ambos os casos, ocorre sangramento profuso. <\/li>\n<\/ul>\n<h3 class=\"wp-block-heading\" id=\"contusoes-nasais\"><strong>Contus\u00f5es nasais<\/strong><\/h3>\n<p>Em casos de contus\u00e3o, observa-se um edema acentuado dos tecidos moles, tanto na parte externa quanto na cavidade nasal. Pode ocorrer hematoma de tecido mole e, menos frequentemente, um hematoma do septo nasal. <\/p>\n<p>A integridade da pele e do tecido \u00f3sseo n\u00e3o \u00e9 afetada. Um impacto de for\u00e7a acentuada pode lacerar a membrana mucosa da cavidade nasal, causando sangramento nasal.<\/p>\n<figure class=\"wp-block-image size-large\"><img decoding=\"async\" src=\"https:\/\/storage.googleapis.com\/dev_wiki_voka_io_303011\/articles\/en\/otorhinolaryngology\/soft-tissue-injuries-external-nose\/other-nose-injuries.webp\" alt=\"Contus\u00e3o nasal\"><figcaption class=\"wp-element-caption\">Contus\u00e3o nasal \u2013 <a href=\"https:\/\/catalog.voka.io\/en\/models\/8861ee9e-a330-4451-856d-1de6ead27805\/4a208b6a-cd12-4055-bdf0-b575ce1530ba\/a0994564-afb1-4f5f-b76f-23bc1fbbb2c6\/7abaae8f-6136-47da-8731-08291a390864\" target=\"_blank\" rel=\"noreferrer noopener nofollow\">Modelo 3D<\/a><\/figcaption><\/figure>\n<h2 class=\"wp-block-heading\" id=\"apresentacao-clinica\"><strong>Apresenta\u00e7\u00e3o cl\u00ednica <\/strong><\/h2>\n<p>As abras\u00f5es s\u00e3o caracterizadas por dor no momento da les\u00e3o e sangramento escasso. Em seguida, forma-se uma crosta hemorr\u00e1gica, sob a qual ocorre a cicatriza\u00e7\u00e3o. <\/p>\n<p>Quando ocorrem cortes e lacera\u00e7\u00f5es, a dor tende a ser desde o momento da les\u00e3o, at\u00e9 que a ferida seja suturada. O sangramento abundante \u00e9 caracter\u00edstico. A respira\u00e7\u00e3o nasal pode ficar prejudicada devido ao desenvolvimento de edema reativo da cavidade nasal. <\/p>\n<p>Em casos de contus\u00e3o nasal, h\u00e1 dor no momento da les\u00e3o. Uma leve dor ainda pode ser sentida posteriormente, especialmente ao palpar o nariz. Pode ocorrer sangramento nasal imediatamente ap\u00f3s a les\u00e3o. Algumas horas ap\u00f3s a les\u00e3o, observa-se edema e hematoma vis\u00edveis nos tecidos moles da regi\u00e3o perinasal, incluindo a regi\u00e3o paraorbital. A respira\u00e7\u00e3o nasal \u00e9 dificultada devido ao edema da mucosa da cavidade nasal. <\/p>\n<h2 class=\"wp-block-heading\" id=\"diagnostico-de-lesoes-de-tecidos-moles-do-nariz\"><strong>Diagn\u00f3stico de les\u00f5es de tecidos moles do nariz<\/strong><\/h2>\n<p>O diagn\u00f3stico baseia-se no hist\u00f3rico m\u00e9dico das les\u00f5es e em um exame otorrinolaringol\u00f3gico. <\/p>\n<p>Para excluir fraturas \u00f3sseas, realiza-se radiografia dos ossos nasais em proje\u00e7\u00f5es laterais e dos seios paranasais. <\/p>\n<p>Para descartar les\u00f5es mais profundas, recomenda-se uma tomografia computadorizada (TC) da face. <\/p>\n<div class=\"social-banner-block\">\n<div class=\"social-banner-content\">\n<p class=\"h5-title text-black\">Encontra mais conte\u00fados cientificamente exactos nas nossas redes sociais<\/p>\n<p><span class=\"social-banner-text text-grey\">Subscreve e n\u00e3o percas os recursos mais recentes<\/span><\/p>\n<div class=\"social-links-wrapper\"><a class=\"social-icon-link\" href=\"https:\/\/www.facebook.com\/VOKA3DAnatomyAndPathology\/\" target=\"_blank\" rel=\"nofollow noopener\"><img decoding=\"async\" src=\"https:\/\/storage.googleapis.com\/dev_wiki_voka_io_303011\/common\/Social%20Icons\/facebook.svg\" alt=\"social link\"><\/a><a class=\"social-icon-link\" href=\"https:\/\/www.instagram.com\/voka.io\/\" target=\"_blank\" rel=\"nofollow noopener\"><img decoding=\"async\" src=\"https:\/\/storage.googleapis.com\/dev_wiki_voka_io_303011\/common\/Social%20Icons\/insta.svg\" alt=\"social link\"><\/a><a class=\"social-icon-link\" href=\"https:\/\/www.linkedin.com\/company\/voka-io\/posts\/?feedView=all\" target=\"_blank\" rel=\"nofollow noopener\"><img decoding=\"async\" src=\"https:\/\/storage.googleapis.com\/dev_wiki_voka_io_303011\/common\/Social%20Icons\/linkedin.svg\" alt=\"social link\"><\/a><a class=\"social-icon-link\" href=\"https:\/\/www.youtube.com\/@vokaio\" target=\"_blank\" rel=\"nofollow noopener\"><img decoding=\"async\" src=\"https:\/\/storage.googleapis.com\/dev_wiki_voka_io_303011\/common\/Social%20Icons\/youtube.svg\" alt=\"social link\"><\/a><a class=\"social-icon-link\" href=\"https:\/\/www.pinterest.com\/voka3danatomyandpathology\/\" target=\"_blank\" rel=\"nofollow noopener\"><img decoding=\"async\" src=\"https:\/\/storage.googleapis.com\/dev_wiki_voka_io_303011\/common\/Social%20Icons\/pinterest.svg\" alt=\"social link\"><\/a><a class=\"social-icon-link\" href=\"https:\/\/www.tiktok.com\/@voka.io\" target=\"_blank\" rel=\"nofollow noopener\"><img decoding=\"async\" src=\"https:\/\/storage.googleapis.com\/dev_wiki_voka_io_303011\/common\/Social%20Icons\/tiktok.svg\" alt=\"social link\"><\/a><a class=\"social-icon-link\" href=\"https:\/\/discord.gg\/7ejUpq8DRR\" target=\"_blank\" rel=\"nofollow noopener\"><img decoding=\"async\" src=\"https:\/\/storage.googleapis.com\/dev_wiki_voka_io_303011\/common\/Social%20Icons\/discord.svg\" alt=\"social link\"><\/a><\/div>\n<\/div>\n<p><img decoding=\"async\" class=\"social-banner-image\" loading=\"lazy\" src=\"https:\/\/storage.googleapis.com\/dev_wiki_voka_io_303011\/common\/social-media-banner-mobile-image.webp\" alt=\"Banner background\"><\/div>\n<h2 class=\"wp-block-heading\" id=\"tratamento-de-lesoes-de-tecidos-moles-do-nariz\"><strong>Tratamento <\/strong><strong>de les\u00f5es de tecidos moles do nariz<\/strong><\/h2>\n<p>O tratamento cir\u00fargico prim\u00e1rio das feridas \u00e9 realizado. Se necess\u00e1rio, as bordas da ferida s\u00e3o excisadas com o m\u00e1ximo cuidado poss\u00edvel. S\u00e3o aplicadas suturas cosm\u00e9ticas. <\/p>\n<p>Se a \u00e1rea nasal amputada estiver preservada e vi\u00e1vel, realiza-se o reimplante. Caso o reimplante n\u00e3o seja poss\u00edvel, realiza-se posteriormente uma plastia com enxerto vascularizado. <\/p>\n<p>Nas primeiras horas ap\u00f3s contus\u00f5es nasais, recomenda-se a aplica\u00e7\u00e3o de compressas frias na \u00e1rea da les\u00e3o, al\u00e9m da prescri\u00e7\u00e3o de anti-inflamat\u00f3rios n\u00e3o esteroides (AINEs) sist\u00eamicos, vasoconstritores intranasais e irriga\u00e7\u00e3o nasal com solu\u00e7\u00e3o salina. <\/p>\n<p>Caso o sangramento nasal persista, ele deve ser estancado, inclusive, se necess\u00e1rio, com um tamponamento nasal anterior. <\/p>\n<p>\u00c9 necess\u00e1rio realizar a profilaxia antitet\u00e2nica e, em caso de mordidas de animais, a profilaxia p\u00f3s-exposi\u00e7\u00e3o \u00e0 raiva tamb\u00e9m \u00e9 obrigat\u00f3ria.<\/p>\n<div>\n<h2 class=\"faq-title h2-article\" id=\"faq\">FAQ<\/h2>\n<div class=\"faq-section\">\n<div class=\"faq-item faq-answer-hidden\">\n<div class=\"question-block\">\n<div class=\"faq-question\">\n<p class=\" text-black h5-title\">1. Qual a diferen\u00e7a entre uma lacera\u00e7\u00e3o e uma abras\u00e3o?<\/p>\n<\/div>\n<div class=\"faq-answer text-main-text-color main-text-medium\">Uma abras\u00e3o afeta apenas as camadas superficiais da pele, sendo coberta por uma crosta. Uma lacera\u00e7\u00e3o penetra profundamente, danificando o tecido subcut\u00e2neo e os m\u00fasculos. \u00c9 acompanhada por bordas abertas e sangramento abundante.<\/div>\n<\/div>\n<div class=\"expand-button-wrapper\"><button class=\"text-accent expand-button\">+<\/button><\/div>\n<\/div>\n<div class=\"faq-item faq-answer-hidden\">\n<div class=\"question-block\">\n<div class=\"faq-question\">\n<p class=\" text-black h5-title\">2. Como diferenciar uma contus\u00e3o de tecido mole de uma fratura nasal?<\/p>\n<\/div>\n<div class=\"faq-answer text-main-text-color main-text-medium\">O incha\u00e7o dificulta a diferencia\u00e7\u00e3o precisa entre uma contus\u00e3o e uma fratura com base apenas em indicadores externos. Para descartar danos \u00e0s estruturas \u00f3sseas e ao septo nasal, deve-se realizar uma radiografia lateral dos ossos nasais ou uma tomografia computadorizada (TC) da face.<\/div>\n<\/div>\n<div class=\"expand-button-wrapper\"><button class=\"text-accent expand-button\">+<\/button><\/div>\n<\/div>\n<div class=\"faq-item faq-answer-hidden\">\n<div class=\"question-block\">\n<div class=\"faq-question\">\n<p class=\" text-black h5-title\">3. A vacina\u00e7\u00e3o \u00e9 necess\u00e1ria em caso de trauma nasal?<\/p>\n<\/div>\n<div class=\"faq-answer text-main-text-color main-text-medium\">Sim, se houver les\u00f5es abertas (feridas, escoria\u00e7\u00f5es, avuls\u00f5es), \u00e9 necess\u00e1ria profilaxia antitet\u00e2nica de emerg\u00eancia. Caso a les\u00e3o tenha sido causada por mordida de animal, deve-se administrar tamb\u00e9m uma dose de vacina\u00e7\u00e3o antirr\u00e1bica.<\/div>\n<\/div>\n<div class=\"expand-button-wrapper\"><button class=\"text-accent expand-button\">+<\/button><\/div>\n<\/div>\n<div class=\"faq-item faq-answer-hidden\">\n<div class=\"question-block\">\n<div class=\"faq-question\">\n<p class=\" text-black h5-title\">4. Quais s\u00e3o as poss\u00edveis consequ\u00eancias de les\u00f5es nos tecidos moles do nariz?<\/p>\n<\/div>\n<div class=\"faq-answer text-main-text-color main-text-medium\">Na aus\u00eancia de tratamento adequado, as feridas podem infeccionar e podem formar-se cicatrizes \u00e1speras ou defeitos est\u00e9ticos. Uma consequ\u00eancia perigosa da contus\u00e3o \u00e9 o hematoma do septo nasal, que, se n\u00e3o for drenado prontamente, pode levar \u00e0 supura\u00e7\u00e3o e destrui\u00e7\u00e3o da cartilagem, causando dist\u00farbios respirat\u00f3rios nasais persistentes e deformidade nasal.<\/div>\n<\/div>\n<div class=\"expand-button-wrapper\"><button class=\"text-accent expand-button\">+<\/button><\/div>\n<\/div>\n<div class=\"faq-item faq-answer-hidden\">\n<div class=\"question-block\">\n<div class=\"faq-question\">\n<p class=\" text-black h5-title\">5. Quando se deve procurar atendimento m\u00e9dico em caso de trauma nasal?<\/p>\n<\/div>\n<div class=\"faq-answer text-main-text-color main-text-medium\">Qualquer comprometimento da integridade da pele (por exemplo, feridas, mordidas) requer aten\u00e7\u00e3o m\u00e9dica para tratamento cir\u00fargico prim\u00e1rio e profilaxia antitet\u00e2nica obrigat\u00f3ria. Em casos de incha\u00e7o grave, sangramento persistente ou dor intensa, tamb\u00e9m \u00e9 necess\u00e1ria uma consulta m\u00e9dica para realizar um raio-X e descartar fraturas \u00f3sseas ou hematoma do septo nasal.<\/div>\n<\/div>\n<div class=\"expand-button-wrapper\"><button class=\"text-accent expand-button\">+<\/button><\/div>\n<\/div>\n<\/div>\n<\/div>\n<div class=\"sources-list-block sources-list-hidden\" id=\"referencias\">\n<div class=\"sources-list-content\">\n<div class=\"sources-list-title\">\n<p class=\"small-text-bold text-black sources-list-title-text\">Refer\u00eancias<\/p>\n<div class=\"sources-expand-button-wrapper-mobile\">\n<div class=\"sources-expand-button\"><svg width=\"32\" height=\"32\" viewbox=\"0 0 32 32\" fill=\"none\" xmlns=\"http:\/\/www.w3.org\/2000\/svg\"><path d=\"M8 12L16 20L24 12\" stroke=\"#8C9AAB\" stroke-width=\"2\" stroke-linecap=\"round\" stroke-linejoin=\"round\"><\/path><\/svg><\/div>\n<\/div>\n<\/div>\n<div class=\"sources-list-items\">\n<div class=\"source-item\">\n<p class=\"main-text-semibold text-black\">1.<\/p>\n<div class=\"source-item-content\">\n<p class=\"main-text-semibold text-black\"><cite>VOKA 3D Anatomy & Pathology \u2013 Complete Anatomy and Pathology 3D Atlas (Atlas 3D completo de anatomia e patologia) [Internet]. VOKA 3D Anatomy & Pathology. <\/cite><\/p>\n<p><span class=\"small-text-medium text-grey\">Dispon\u00edvel em: https:\/\/catalog.voka.io\/ <\/span><\/div>\n<\/div>\n<div class=\"source-item\">\n<p class=\"main-text-semibold text-black\">2.<\/p>\n<div class=\"source-item-content\">\n<p class=\"main-text-semibold text-black\"><cite>Total Otolaryngology\u2014Head and Neck Surgery (Otorrinolaringologia total \u2014 cirurgia de cabe\u00e7a e pesco\u00e7o), Anthony P. Sclafani, Robin A. Dyleski, Michael J. Pitman, Stimson P. Schantz. Thieme Medical Publishers, Inc., 2015. ISBN 978-1-60406-646-3.<\/cite><\/p>\n<\/div>\n<\/div>\n<div class=\"source-item\">\n<p class=\"main-text-semibold text-black\">3.<\/p>\n<div class=\"source-item-content\">\n<p class=\"main-text-semibold text-black\"><cite>\u0411\u0435\u0440\u0431\u043e\u043c \u0425. \u0411\u043e\u043b\u0435\u0437\u043d\u0438 \u0443\u0445\u0430, \u0433\u043e\u0440\u043b\u0430 \u0438 \u043d\u043e\u0441\u0430 (Doen\u00e7as do ouvido, garganta e nariz) \/ \u0425\u0430\u043d\u0441 \u0411\u0435\u0440\u0431\u043e\u043c, \u041e\u043b\u0438\u0432\u0435\u0440 \u041a\u0430\u0448\u043a\u0435, \u0422\u0430\u0434\u0435\u0443\u0441 \u041d\u0430\u0432\u043a\u0430, \u042d\u043d\u0434\u0440\u044e \u0421\u0432\u0438\u0444\u0442; \u043f\u0435\u0440. \u0441 \u0430\u043d\u0433\u043b. \u2013 2-\u0435 \u0438\u0437\u0434. \u2013 \u041c. : \u041c\u0415\u0414\u043f\u0440\u0435c\u0441-\u0438\u043d\u0444\u043e\u0440\u043c, 2016. \u2013 776 \u0441. : \u0438\u043b. ISBN 978-5-00030- 322-1.<\/cite><\/p>\n<\/div>\n<\/div>\n<div class=\"source-item\">\n<p class=\"main-text-semibold text-black\">4.<\/p>\n<div class=\"source-item-content\">\n<p class=\"main-text-semibold text-black\"><cite>Landeen KC, Kimura K, Stephan SJ. Nasal Fractures (Fraturas nasais). Facial Plast Surg Clin North Am. 2022 Fev;30(1):23-30. doi: 10.1016\/j.fsc.2021.08.002. PMID: 34809884.<\/cite><\/p>\n<\/div>\n<\/div>\n<div class=\"source-item\">\n<p class=\"main-text-semibold text-black\">5.<\/p>\n<div class=\"source-item-content\">\n<p class=\"main-text-semibold text-black\"><cite>Marston AP, O\u2019Brien EK, Hamilton GS 3rd. Nasal Injuries in Sports (Ferimentos nasais em esportes). Clin Sports Med. 2017 Abr;36(2):337-353. doi: 10.1016\/j.csm.2016.11.004. PMID: 28314421.<\/cite><\/p>\n<\/div>\n<\/div>\n<div class=\"source-item\">\n<p class=\"main-text-semibold text-black\">6.<\/p>\n<div class=\"source-item-content\">\n<p class=\"main-text-semibold text-black\"><cite>Alvi S, Patel BC. Nasal Fracture Reduction (Redu\u00e7\u00e3o de fratura nasal). [Atualizado em 3 de abril de 2023]. In: StatPearls [Internet]. Treasure Island (FL): StatPearls Publishing; 2025 Jan-. <\/cite><\/p>\n<p><span class=\"small-text-medium text-grey\">Dispon\u00edvel em: https:\/\/www.ncbi.nlm.nih.gov\/books\/NBK538299\/<\/span><\/div>\n<\/div>\n<div class=\"source-item\">\n<p class=\"main-text-semibold text-black\">7.<\/p>\n<div class=\"source-item-content\">\n<p class=\"main-text-semibold text-black\"><cite>Ramachandra T, Ries WR. Management of Nasal and Perinasal Soft Tissue Injuries (Gest\u00e3o de ferimentos no tecido mole nasal e perinasal). Facial Plast Surg. 2015 Jun;31(3):194-200. doi: 10.1055\/s-0035-1555619. Epub 2015 Jun 30. PMID: 26126216.<\/cite><\/p>\n<\/div>\n<\/div>\n<div class=\"source-item\">\n<p class=\"main-text-semibold text-black\">8.<\/p>\n<div class=\"source-item-content\">\n<p class=\"main-text-semibold text-black\"><cite>Kelley BP, Downey CR, Stal S. Evaluation and reduction of nasal trauma (Avalia\u00e7\u00e3o e redu\u00e7\u00e3o de trauma nasal). Semin Plast Surg. 2010 Nov;24(4):339-47. doi: 10.1055\/s-0030-1269763. PMID: 22550458; PMCID: PMC3324218.<\/cite><\/p>\n<\/div>\n<\/div>\n<\/div>\n<\/div>\n<div class=\"sources-expand-button-wrapper\">\n<div class=\"sources-expand-button\"><svg width=\"32\" height=\"32\" viewbox=\"0 0 32 32\" fill=\"none\" xmlns=\"http:\/\/www.w3.org\/2000\/svg\"><path d=\"M8 12L16 20L24 12\" stroke=\"#8C9AAB\" stroke-width=\"2\" stroke-linecap=\"round\" stroke-linejoin=\"round\"><\/path><\/svg><\/div>\n<\/div>\n<\/div>\n","protected":false},"excerpt":{"rendered":"<p>Os seguintes tipos de les\u00f5es s\u00e3o diferenciados: Etiologia A causa dessas condi\u00e7\u00f5es \u00e9 um grande impacto mec\u00e2nico na regi\u00e3o do nariz, como quedas, mordidas, les\u00f5es esportivas, acidentes de tr\u00e2nsito ou les\u00f5es relacionadas com o trabalho. Durante conflitos armados, ferimentos por armas perfurocortantes e les\u00f5es por explos\u00e3o s\u00e3o causas comuns de avuls\u00f5es nasais. O nariz \u00e9 [&hellip;]<\/p>\n","protected":false},"author":4,"featured_media":0,"template":"","diseases_category":[301],"class_list":["post-2282","diseases_post","type-diseases_post","status-publish","hentry","diseases_category-otorrinolaringologicas"],"acf":[],"yoast_head":"<!-- This site is optimized with the Yoast SEO Premium plugin v25.0 (Yoast SEO v26.5) - https:\/\/yoast.com\/wordpress\/plugins\/seo\/ -->\n<title>Les\u00f5es do tecido mole do nariz externo: etiologia, apresenta\u00e7\u00e3o cl\u00ednica, diagn\u00f3stico e tratamento<\/title>\n<meta name=\"description\" content=\"S\u00e3o examinadas a etiologia, a anatomia e a apresenta\u00e7\u00e3o cl\u00ednica das les\u00f5es do tecido mole do nariz, incluindo abras\u00f5es, lacera\u00e7\u00f5es, avuls\u00f5es e contus\u00f5es, bem como os m\u00e9todos para diagnostic\u00e1-las e trat\u00e1-las.\" \/>\n<meta name=\"robots\" content=\"noindex, follow, max-snippet:-1, max-image-preview:large, max-video-preview:-1\" \/>\n<meta property=\"og:locale\" content=\"pt_PT\" \/>\n<meta property=\"og:type\" content=\"article\" \/>\n<meta property=\"og:title\" content=\"Les\u00f5es do tecido mole do nariz externo: etiologia, apresenta\u00e7\u00e3o cl\u00ednica, diagn\u00f3stico e tratamento\" \/>\n<meta property=\"og:description\" content=\"S\u00e3o examinadas a etiologia, a anatomia e a apresenta\u00e7\u00e3o cl\u00ednica das les\u00f5es do tecido mole do nariz, incluindo abras\u00f5es, lacera\u00e7\u00f5es, avuls\u00f5es e contus\u00f5es, bem como os m\u00e9todos para diagnostic\u00e1-las e trat\u00e1-las.\" \/>\n<meta property=\"og:url\" content=\"https:\/\/wiki.dev.voka.io\/pt\/doencas\/otorrinolaringologicas\/lesoes-de-tecidos-moles-do-nariz-externo\/\" \/>\n<meta property=\"og:site_name\" content=\"Voka Wiki\" \/>\n<meta property=\"article:publisher\" content=\"https:\/\/www.facebook.com\/VOKA3DAnatomyAndPathology\/\" \/>\n<meta property=\"article:modified_time\" content=\"2025-12-23T13:01:31+00:00\" \/>\n<meta property=\"og:image\" content=\"https:\/\/storage.googleapis.com\/dev_wiki_voka_io_303011\/articles\/en\/otorhinolaryngology\/soft-tissue-injuries-external-nose\/other-nose-injuries.webp\" \/>\n<meta name=\"twitter:card\" content=\"summary_large_image\" \/>\n<meta name=\"twitter:label1\" content=\"Tempo estimado de leitura\" \/>\n\t<meta name=\"twitter:data1\" content=\"4 minutos\" \/>\n<script type=\"application\/ld+json\" class=\"yoast-schema-graph\">{\"@context\":\"https:\/\/schema.org\",\"@graph\":[{\"@type\":\"Article\",\"@id\":\"https:\/\/wiki.dev.voka.io\/pt\/doencas\/otorrinolaringologicas\/lesoes-de-tecidos-moles-do-nariz-externo\/#article\",\"isPartOf\":{\"@id\":\"https:\/\/wiki.dev.voka.io\/pt\/doencas\/otorrinolaringologicas\/lesoes-de-tecidos-moles-do-nariz-externo\/\"},\"author\":{\"name\":\"Danata A.\",\"@id\":\"https:\/\/wiki.dev.voka.io\/pt\/#\/schema\/person\/75a01428a2e97375c0facaaeba432542\"},\"headline\":\"Les\u00f5es do tecido mole do nariz externo: etiologia, apresenta\u00e7\u00e3o cl\u00ednica, diagn\u00f3stico e tratamento\",\"datePublished\":\"2025-12-23T13:01:22+00:00\",\"dateModified\":\"2025-12-23T13:01:31+00:00\",\"mainEntityOfPage\":{\"@id\":\"https:\/\/wiki.dev.voka.io\/pt\/doencas\/otorrinolaringologicas\/lesoes-de-tecidos-moles-do-nariz-externo\/\"},\"wordCount\":789,\"publisher\":{\"@id\":\"https:\/\/wiki.dev.voka.io\/pt\/#organization\"},\"image\":{\"@id\":\"https:\/\/wiki.dev.voka.io\/pt\/doencas\/otorrinolaringologicas\/lesoes-de-tecidos-moles-do-nariz-externo\/#primaryimage\"},\"thumbnailUrl\":\"https:\/\/storage.googleapis.com\/dev_wiki_voka_io_303011\/articles\/en\/otorhinolaryngology\/soft-tissue-injuries-external-nose\/other-nose-injuries.webp\",\"inLanguage\":\"pt-PT\"},{\"@type\":\"WebPage\",\"@id\":\"https:\/\/wiki.dev.voka.io\/pt\/doencas\/otorrinolaringologicas\/lesoes-de-tecidos-moles-do-nariz-externo\/\",\"url\":\"https:\/\/wiki.dev.voka.io\/pt\/doencas\/otorrinolaringologicas\/lesoes-de-tecidos-moles-do-nariz-externo\/\",\"name\":\"Les\u00f5es do tecido mole do nariz externo: etiologia, apresenta\u00e7\u00e3o cl\u00ednica, diagn\u00f3stico e tratamento\",\"isPartOf\":{\"@id\":\"https:\/\/wiki.dev.voka.io\/pt\/#website\"},\"primaryImageOfPage\":{\"@id\":\"https:\/\/wiki.dev.voka.io\/pt\/doencas\/otorrinolaringologicas\/lesoes-de-tecidos-moles-do-nariz-externo\/#primaryimage\"},\"image\":{\"@id\":\"https:\/\/wiki.dev.voka.io\/pt\/doencas\/otorrinolaringologicas\/lesoes-de-tecidos-moles-do-nariz-externo\/#primaryimage\"},\"thumbnailUrl\":\"https:\/\/storage.googleapis.com\/dev_wiki_voka_io_303011\/articles\/en\/otorhinolaryngology\/soft-tissue-injuries-external-nose\/other-nose-injuries.webp\",\"datePublished\":\"2025-12-23T13:01:22+00:00\",\"dateModified\":\"2025-12-23T13:01:31+00:00\",\"description\":\"S\u00e3o examinadas a etiologia, a anatomia e a apresenta\u00e7\u00e3o cl\u00ednica das les\u00f5es do tecido mole do nariz, incluindo abras\u00f5es, lacera\u00e7\u00f5es, avuls\u00f5es e contus\u00f5es, bem como os m\u00e9todos para diagnostic\u00e1-las e trat\u00e1-las.\",\"breadcrumb\":{\"@id\":\"https:\/\/wiki.dev.voka.io\/pt\/doencas\/otorrinolaringologicas\/lesoes-de-tecidos-moles-do-nariz-externo\/#breadcrumb\"},\"inLanguage\":\"pt-PT\",\"potentialAction\":[{\"@type\":\"ReadAction\",\"target\":[\"https:\/\/wiki.dev.voka.io\/pt\/doencas\/otorrinolaringologicas\/lesoes-de-tecidos-moles-do-nariz-externo\/\"]}]},{\"@type\":\"ImageObject\",\"inLanguage\":\"pt-PT\",\"@id\":\"https:\/\/wiki.dev.voka.io\/pt\/doencas\/otorrinolaringologicas\/lesoes-de-tecidos-moles-do-nariz-externo\/#primaryimage\",\"url\":\"https:\/\/storage.googleapis.com\/dev_wiki_voka_io_303011\/articles\/en\/otorhinolaryngology\/soft-tissue-injuries-external-nose\/other-nose-injuries.webp\",\"contentUrl\":\"https:\/\/storage.googleapis.com\/dev_wiki_voka_io_303011\/articles\/en\/otorhinolaryngology\/soft-tissue-injuries-external-nose\/other-nose-injuries.webp\"},{\"@type\":\"BreadcrumbList\",\"@id\":\"https:\/\/wiki.dev.voka.io\/pt\/doencas\/otorrinolaringologicas\/lesoes-de-tecidos-moles-do-nariz-externo\/#breadcrumb\",\"itemListElement\":[{\"@type\":\"ListItem\",\"position\":1,\"name\":\"Home\",\"item\":\"https:\/\/wiki.dev.voka.io\/pt\/\"},{\"@type\":\"ListItem\",\"position\":2,\"name\":\"Otorrinolaringologia\",\"item\":\"https:\/\/wiki.dev.voka.io\/pt\/doencas\/otorrinolaringologicas\/\"},{\"@type\":\"ListItem\",\"position\":3,\"name\":\"Les\u00f5es do tecido mole do nariz externo: etiologia, apresenta\u00e7\u00e3o cl\u00ednica, diagn\u00f3stico e tratamento\"}]},{\"@type\":\"WebSite\",\"@id\":\"https:\/\/wiki.dev.voka.io\/pt\/#website\",\"url\":\"https:\/\/wiki.dev.voka.io\/pt\/\",\"name\":\"Voka Wiki\",\"description\":\"\",\"publisher\":{\"@id\":\"https:\/\/wiki.dev.voka.io\/pt\/#organization\"},\"alternateName\":\"Anatomy & Pathology Wiki by VOKA\",\"potentialAction\":[{\"@type\":\"SearchAction\",\"target\":{\"@type\":\"EntryPoint\",\"urlTemplate\":\"https:\/\/wiki.dev.voka.io\/pt\/?s={search_term_string}\"},\"query-input\":{\"@type\":\"PropertyValueSpecification\",\"valueRequired\":true,\"valueName\":\"search_term_string\"}}],\"inLanguage\":\"pt-PT\"},{\"@type\":\"Organization\",\"@id\":\"https:\/\/wiki.dev.voka.io\/pt\/#organization\",\"name\":\"Voka 3D Anatomy & Pathology\",\"alternateName\":\"VOKA\",\"url\":\"https:\/\/wiki.dev.voka.io\/pt\/\",\"logo\":{\"@type\":\"ImageObject\",\"inLanguage\":\"pt-PT\",\"@id\":\"https:\/\/wiki.dev.voka.io\/pt\/#\/schema\/logo\/image\/\",\"url\":\"https:\/\/wiki.dev.voka.io\/wp-content\/uploads\/2025\/02\/cropped-voka-logo-1.png\",\"contentUrl\":\"https:\/\/wiki.dev.voka.io\/wp-content\/uploads\/2025\/02\/cropped-voka-logo-1.png\",\"width\":70,\"height\":16,\"caption\":\"Voka 3D Anatomy & Pathology\"},\"image\":{\"@id\":\"https:\/\/wiki.dev.voka.io\/pt\/#\/schema\/logo\/image\/\"},\"sameAs\":[\"https:\/\/www.facebook.com\/VOKA3DAnatomyAndPathology\/\",\"https:\/\/www.instagram.com\/voka.io\/\",\"https:\/\/www.linkedin.com\/company\/voka-io\/\",\"https:\/\/www.youtube.com\/channel\/UCqGGuOEpr62ScH8Pjk2q5zw\/videos\",\"https:\/\/www.pinterest.com\/VokaAnatomyPro\/\",\"https:\/\/www.threads.com\/@voka.io\"],\"description\":\"VOKA.io offers 3D medical animations and custom 3D modeling services. Our product, VOKA 3D Anatomy & Pathology, is a digital atlas with over 1,000 detailed 3D models of human anatomy and pathology, designed for medical education, training, and patient communication.\",\"email\":\"info@voka.io\",\"telephone\":\"+1 814 351 4442\",\"legalName\":\"Voka 3D Anatomy & Pathology\",\"foundingDate\":\"2017-02-12\",\"naics\":\"541512\",\"numberOfEmployees\":{\"@type\":\"QuantitativeValue\",\"minValue\":\"51\",\"maxValue\":\"200\"},\"publishingPrinciples\":\"https:\/\/wiki.voka.io\/pt\/principios-de-publicacao\/\"},{\"@type\":\"Person\",\"@id\":\"https:\/\/wiki.dev.voka.io\/pt\/#\/schema\/person\/75a01428a2e97375c0facaaeba432542\",\"name\":\"Danata A.\",\"image\":{\"@type\":\"ImageObject\",\"inLanguage\":\"pt-PT\",\"@id\":\"https:\/\/wiki.dev.voka.io\/pt\/#\/schema\/person\/image\/\",\"url\":\"https:\/\/secure.gravatar.com\/avatar\/17b61e87bc892ef9555b6080655463c63eb46025ed870850eaa2472678817ed6?s=96&d=mm&r=g\",\"contentUrl\":\"https:\/\/secure.gravatar.com\/avatar\/17b61e87bc892ef9555b6080655463c63eb46025ed870850eaa2472678817ed6?s=96&d=mm&r=g\",\"caption\":\"Danata A.\"}}]}<\/script>\n<!-- \/ Yoast SEO Premium plugin. -->","yoast_head_json":{"title":"Les\u00f5es do tecido mole do nariz externo: etiologia, apresenta\u00e7\u00e3o cl\u00ednica, diagn\u00f3stico e tratamento","description":"S\u00e3o examinadas a etiologia, a anatomia e a apresenta\u00e7\u00e3o cl\u00ednica das les\u00f5es do tecido mole do nariz, incluindo abras\u00f5es, lacera\u00e7\u00f5es, avuls\u00f5es e contus\u00f5es, bem como os m\u00e9todos para diagnostic\u00e1-las e trat\u00e1-las.","robots":{"index":"noindex","follow":"follow","max-snippet":"max-snippet:-1","max-image-preview":"max-image-preview:large","max-video-preview":"max-video-preview:-1"},"og_locale":"pt_PT","og_type":"article","og_title":"Les\u00f5es do tecido mole do nariz externo: etiologia, apresenta\u00e7\u00e3o cl\u00ednica, diagn\u00f3stico e tratamento","og_description":"S\u00e3o examinadas a etiologia, a anatomia e a apresenta\u00e7\u00e3o cl\u00ednica das les\u00f5es do tecido mole do nariz, incluindo abras\u00f5es, lacera\u00e7\u00f5es, avuls\u00f5es e contus\u00f5es, bem como os m\u00e9todos para diagnostic\u00e1-las e trat\u00e1-las.","og_url":"https:\/\/wiki.dev.voka.io\/pt\/doencas\/otorrinolaringologicas\/lesoes-de-tecidos-moles-do-nariz-externo\/","og_site_name":"Voka Wiki","article_publisher":"https:\/\/www.facebook.com\/VOKA3DAnatomyAndPathology\/","article_modified_time":"2025-12-23T13:01:31+00:00","og_image":[{"url":"https:\/\/storage.googleapis.com\/dev_wiki_voka_io_303011\/articles\/en\/otorhinolaryngology\/soft-tissue-injuries-external-nose\/other-nose-injuries.webp","type":"","width":"","height":""}],"twitter_card":"summary_large_image","twitter_misc":{"Tempo estimado de leitura":"4 minutos"},"schema":{"@context":"https:\/\/schema.org","@graph":[{"@type":"Article","@id":"https:\/\/wiki.dev.voka.io\/pt\/doencas\/otorrinolaringologicas\/lesoes-de-tecidos-moles-do-nariz-externo\/#article","isPartOf":{"@id":"https:\/\/wiki.dev.voka.io\/pt\/doencas\/otorrinolaringologicas\/lesoes-de-tecidos-moles-do-nariz-externo\/"},"author":{"name":"Danata A.","@id":"https:\/\/wiki.dev.voka.io\/pt\/#\/schema\/person\/75a01428a2e97375c0facaaeba432542"},"headline":"Les\u00f5es do tecido mole do nariz externo: etiologia, apresenta\u00e7\u00e3o cl\u00ednica, diagn\u00f3stico e tratamento","datePublished":"2025-12-23T13:01:22+00:00","dateModified":"2025-12-23T13:01:31+00:00","mainEntityOfPage":{"@id":"https:\/\/wiki.dev.voka.io\/pt\/doencas\/otorrinolaringologicas\/lesoes-de-tecidos-moles-do-nariz-externo\/"},"wordCount":789,"publisher":{"@id":"https:\/\/wiki.dev.voka.io\/pt\/#organization"},"image":{"@id":"https:\/\/wiki.dev.voka.io\/pt\/doencas\/otorrinolaringologicas\/lesoes-de-tecidos-moles-do-nariz-externo\/#primaryimage"},"thumbnailUrl":"https:\/\/storage.googleapis.com\/dev_wiki_voka_io_303011\/articles\/en\/otorhinolaryngology\/soft-tissue-injuries-external-nose\/other-nose-injuries.webp","inLanguage":"pt-PT"},{"@type":"WebPage","@id":"https:\/\/wiki.dev.voka.io\/pt\/doencas\/otorrinolaringologicas\/lesoes-de-tecidos-moles-do-nariz-externo\/","url":"https:\/\/wiki.dev.voka.io\/pt\/doencas\/otorrinolaringologicas\/lesoes-de-tecidos-moles-do-nariz-externo\/","name":"Les\u00f5es do tecido mole do nariz externo: etiologia, apresenta\u00e7\u00e3o cl\u00ednica, diagn\u00f3stico e tratamento","isPartOf":{"@id":"https:\/\/wiki.dev.voka.io\/pt\/#website"},"primaryImageOfPage":{"@id":"https:\/\/wiki.dev.voka.io\/pt\/doencas\/otorrinolaringologicas\/lesoes-de-tecidos-moles-do-nariz-externo\/#primaryimage"},"image":{"@id":"https:\/\/wiki.dev.voka.io\/pt\/doencas\/otorrinolaringologicas\/lesoes-de-tecidos-moles-do-nariz-externo\/#primaryimage"},"thumbnailUrl":"https:\/\/storage.googleapis.com\/dev_wiki_voka_io_303011\/articles\/en\/otorhinolaryngology\/soft-tissue-injuries-external-nose\/other-nose-injuries.webp","datePublished":"2025-12-23T13:01:22+00:00","dateModified":"2025-12-23T13:01:31+00:00","description":"S\u00e3o examinadas a etiologia, a anatomia e a apresenta\u00e7\u00e3o cl\u00ednica das les\u00f5es do tecido mole do nariz, incluindo abras\u00f5es, lacera\u00e7\u00f5es, avuls\u00f5es e contus\u00f5es, bem como os m\u00e9todos para diagnostic\u00e1-las e trat\u00e1-las.","breadcrumb":{"@id":"https:\/\/wiki.dev.voka.io\/pt\/doencas\/otorrinolaringologicas\/lesoes-de-tecidos-moles-do-nariz-externo\/#breadcrumb"},"inLanguage":"pt-PT","potentialAction":[{"@type":"ReadAction","target":["https:\/\/wiki.dev.voka.io\/pt\/doencas\/otorrinolaringologicas\/lesoes-de-tecidos-moles-do-nariz-externo\/"]}]},{"@type":"ImageObject","inLanguage":"pt-PT","@id":"https:\/\/wiki.dev.voka.io\/pt\/doencas\/otorrinolaringologicas\/lesoes-de-tecidos-moles-do-nariz-externo\/#primaryimage","url":"https:\/\/storage.googleapis.com\/dev_wiki_voka_io_303011\/articles\/en\/otorhinolaryngology\/soft-tissue-injuries-external-nose\/other-nose-injuries.webp","contentUrl":"https:\/\/storage.googleapis.com\/dev_wiki_voka_io_303011\/articles\/en\/otorhinolaryngology\/soft-tissue-injuries-external-nose\/other-nose-injuries.webp"},{"@type":"BreadcrumbList","@id":"https:\/\/wiki.dev.voka.io\/pt\/doencas\/otorrinolaringologicas\/lesoes-de-tecidos-moles-do-nariz-externo\/#breadcrumb","itemListElement":[{"@type":"ListItem","position":1,"name":"Home","item":"https:\/\/wiki.dev.voka.io\/pt\/"},{"@type":"ListItem","position":2,"name":"Otorrinolaringologia","item":"https:\/\/wiki.dev.voka.io\/pt\/doencas\/otorrinolaringologicas\/"},{"@type":"ListItem","position":3,"name":"Les\u00f5es do tecido mole do nariz externo: etiologia, apresenta\u00e7\u00e3o cl\u00ednica, diagn\u00f3stico e tratamento"}]},{"@type":"WebSite","@id":"https:\/\/wiki.dev.voka.io\/pt\/#website","url":"https:\/\/wiki.dev.voka.io\/pt\/","name":"Voka Wiki","description":"","publisher":{"@id":"https:\/\/wiki.dev.voka.io\/pt\/#organization"},"alternateName":"Anatomy & Pathology Wiki by VOKA","potentialAction":[{"@type":"SearchAction","target":{"@type":"EntryPoint","urlTemplate":"https:\/\/wiki.dev.voka.io\/pt\/?s={search_term_string}"},"query-input":{"@type":"PropertyValueSpecification","valueRequired":true,"valueName":"search_term_string"}}],"inLanguage":"pt-PT"},{"@type":"Organization","@id":"https:\/\/wiki.dev.voka.io\/pt\/#organization","name":"Voka 3D Anatomy & Pathology","alternateName":"VOKA","url":"https:\/\/wiki.dev.voka.io\/pt\/","logo":{"@type":"ImageObject","inLanguage":"pt-PT","@id":"https:\/\/wiki.dev.voka.io\/pt\/#\/schema\/logo\/image\/","url":"https:\/\/wiki.dev.voka.io\/wp-content\/uploads\/2025\/02\/cropped-voka-logo-1.png","contentUrl":"https:\/\/wiki.dev.voka.io\/wp-content\/uploads\/2025\/02\/cropped-voka-logo-1.png","width":70,"height":16,"caption":"Voka 3D Anatomy & Pathology"},"image":{"@id":"https:\/\/wiki.dev.voka.io\/pt\/#\/schema\/logo\/image\/"},"sameAs":["https:\/\/www.facebook.com\/VOKA3DAnatomyAndPathology\/","https:\/\/www.instagram.com\/voka.io\/","https:\/\/www.linkedin.com\/company\/voka-io\/","https:\/\/www.youtube.com\/channel\/UCqGGuOEpr62ScH8Pjk2q5zw\/videos","https:\/\/www.pinterest.com\/VokaAnatomyPro\/","https:\/\/www.threads.com\/@voka.io"],"description":"VOKA.io offers 3D medical animations and custom 3D modeling services. Our product, VOKA 3D Anatomy & Pathology, is a digital atlas with over 1,000 detailed 3D models of human anatomy and pathology, designed for medical education, training, and patient communication.","email":"info@voka.io","telephone":"+1 814 351 4442","legalName":"Voka 3D Anatomy & Pathology","foundingDate":"2017-02-12","naics":"541512","numberOfEmployees":{"@type":"QuantitativeValue","minValue":"51","maxValue":"200"},"publishingPrinciples":"https:\/\/wiki.voka.io\/pt\/principios-de-publicacao\/"},{"@type":"Person","@id":"https:\/\/wiki.dev.voka.io\/pt\/#\/schema\/person\/75a01428a2e97375c0facaaeba432542","name":"Danata A.","image":{"@type":"ImageObject","inLanguage":"pt-PT","@id":"https:\/\/wiki.dev.voka.io\/pt\/#\/schema\/person\/image\/","url":"https:\/\/secure.gravatar.com\/avatar\/17b61e87bc892ef9555b6080655463c63eb46025ed870850eaa2472678817ed6?s=96&d=mm&r=g","contentUrl":"https:\/\/secure.gravatar.com\/avatar\/17b61e87bc892ef9555b6080655463c63eb46025ed870850eaa2472678817ed6?s=96&d=mm&r=g","caption":"Danata A."}}]}},"_links":{"self":[{"href":"https:\/\/wiki.dev.voka.io\/pt\/wp-json\/wp\/v2\/diseases_post\/2282","targetHints":{"allow":["GET"]}}],"collection":[{"href":"https:\/\/wiki.dev.voka.io\/pt\/wp-json\/wp\/v2\/diseases_post"}],"about":[{"href":"https:\/\/wiki.dev.voka.io\/pt\/wp-json\/wp\/v2\/types\/diseases_post"}],"author":[{"embeddable":true,"href":"https:\/\/wiki.dev.voka.io\/pt\/wp-json\/wp\/v2\/users\/4"}],"wp:attachment":[{"href":"https:\/\/wiki.dev.voka.io\/pt\/wp-json\/wp\/v2\/media?parent=2282"}],"wp:term":[{"taxonomy":"diseases_category","embeddable":true,"href":"https:\/\/wiki.dev.voka.io\/pt\/wp-json\/wp\/v2\/diseases_category?post=2282"}],"curies":[{"name":"wp","href":"https:\/\/api.w.org\/{rel}","templated":true}]}}