{"id":2276,"date":"2025-12-23T16:01:33","date_gmt":"2025-12-23T13:01:33","guid":{"rendered":"https:\/\/wiki.dev.voka.io\/?post_type=diseases_post&#038;p=2276"},"modified":"2026-02-23T18:05:44","modified_gmt":"2026-02-23T15:05:44","slug":"calazio","status":"publish","type":"diseases_post","link":"https:\/\/wiki.dev.voka.io\/pt\/doencas\/oculares\/calazio\/","title":{"rendered":"Cal\u00e1zio: etiologia, patog\u00eanese, diagn\u00f3stico e m\u00e9todos de tratamento"},"content":{"rendered":"<p><?xml encoding=\"UTF-8\" ?><\/p>\n<p>Um <strong>cal\u00e1zio<\/strong> (traduzido do grego \u201cch\u00e1laza\u201d, que significa \u201cpequena pedra de granizo\u201d ou \u201cpequeno n\u00f3dulo\u201d) \u00e9 uma inflama\u00e7\u00e3o lipogranulomatosa cr\u00f4nica e ass\u00e9ptica causada pela obstru\u00e7\u00e3o das sa\u00eddas da gl\u00e2ndula de Meib\u00f4mio. Essas condi\u00e7\u00f5es podem afetar tanto as p\u00e1lpebras superiores quanto as inferiores. <\/p>\n<figure class=\"wp-block-image size-large\"><img decoding=\"async\" src=\"https:\/\/storage.googleapis.com\/dev_wiki_voka_io_303011\/articles\/en\/ophthalmology\/chalazion\/upper-eyelid-chalazion.webp\" alt=\"Cal\u00e1zio na p\u00e1lpebra superior\"><figcaption class=\"wp-element-caption\">Cal\u00e1zio na p\u00e1lpebra superior \u2013 <a href=\"https:\/\/catalog.voka.io\/en\/models\/56bb91a2-f805-4f37-9c02-e68fff3fd23f\/be2f92ae-f609-4387-b1d1-82af9b4952fd\/5998d2d2-1294-4019-a211-ed1699bf80c6\/27a6cb47-c89e-48bb-921b-45ee656aeec2\" target=\"_blank\" rel=\"noreferrer noopener nofollow\">Modelo 3D<\/a><\/figcaption><\/figure>\n<h2 class=\"wp-block-heading\" id=\"etiologia-e-fatores-de-risco\"><strong>Etiologia e fatores de risco<\/strong><\/h2>\n<p>Embora a fisiopatologia dos cal\u00e1zios seja bem conhecida, os fatores predisponentes dessa disfun\u00e7\u00e3o da gl\u00e2ndula de Meib\u00f4mio s\u00e3o menos conhecidos. O cal\u00e1zio \u00e9 resultado da obstru\u00e7\u00e3o do ducto da gl\u00e2ndula de Meib\u00f4mio. <\/p>\n<h3 class=\"wp-block-heading\" id=\"principais-fatores-desencadeadores\"><strong>Principais fatores desencadeadores<\/strong><\/h3>\n<p>A causa exata dessa obstru\u00e7\u00e3o permanece incerta, mas podemos destacar alguns fatores desencadeadores importantes:<\/p>\n<ul class=\"wp-block-list\">\n<li><strong>Altera\u00e7\u00f5es hormonais:<\/strong> puberdade e gravidez.<\/li>\n<li><strong>Doen\u00e7as dermatol\u00f3gicas e oftalmol\u00f3gicas:<\/strong> ros\u00e1cea, blefarite cr\u00f4nica e dermatite seborreica.<\/li>\n<li><strong>Infec\u00e7\u00f5es:<\/strong> virais e bacterianas.<\/li>\n<li><strong>Doen\u00e7as gerais:<\/strong> diabetes mellitus, imunodefici\u00eancia, hiperlipidemia, tuberculose e leishmaniose.<\/li>\n<li><strong>Fatores externos:<\/strong> exposi\u00e7\u00e3o a poluentes atmosf\u00e9ricos e higiene inadequada das p\u00e1lpebras.<\/li>\n<\/ul>\n<h3 class=\"wp-block-heading\" id=\"o-papel-dos-hormonios-e-da-fertilizacao-in-vitro\"><strong>O papel dos horm\u00f4nios e da fertiliza\u00e7\u00e3o in vitro<\/strong><\/h3>\n<p>As gl\u00e2ndulas de Meib\u00f4mio s\u00e3o abundantemente inervadas e sua fun\u00e7\u00e3o \u00e9 regulada por uma complexa gama de subst\u00e2ncias, como andr\u00f3genos, estrog\u00eanios, progestinas, \u00e1cido retinoico, fatores de crescimento e, possivelmente, neurotransmissores. Sabe-se que os n\u00edveis de horm\u00f4nios sexuais afetam a estrutura das gl\u00e2ndulas lacrimais e de Meib\u00f4mio, da conjuntiva, das c\u00e9lulas laterais, da c\u00f3rnea, da c\u00e2mara anterior, da \u00edris, do corpo ciliar, do cristalino, do v\u00edtreo e da retina. <\/p>\n<p>A terapia hormonal tamb\u00e9m \u00e9 um fator de risco para disfun\u00e7\u00e3o das gl\u00e2ndulas de Meib\u00f4mio e s\u00edndrome do olho seco. Estudos sugerem que a fertiliza\u00e7\u00e3o in vitro (FIV), aliada \u00e0 terapia hormonal potente na fase de implanta\u00e7\u00e3o do embri\u00e3o e, por vezes, at\u00e9 mesmo durante toda a gravidez, tamb\u00e9m afeta o funcionamento das gl\u00e2ndulas de Meib\u00f4mio. <\/p>\n<p>Pacientes que passam pela fertiliza\u00e7\u00e3o in vitro tendem a desenvolver disfun\u00e7\u00e3o das gl\u00e2ndulas de Meib\u00f4mio, meibomite, ter\u00e7ol e cal\u00e1zios, que frequentemente s\u00e3o recorrentes.<\/p>\n<h2 class=\"wp-block-heading\" id=\"epidemiologia\"><strong>Epidemiologia<\/strong><\/h2>\n<p>A incid\u00eancia de cal\u00e1zio em diversos estudos da literatura m\u00e9dica varia de 0,2% a 0,7%. <\/p>\n<ul class=\"wp-block-list\">\n<li><strong>G\u00eanero:<\/strong> alguns dados sugerem uma maior preval\u00eancia em mulheres (devido a influ\u00eancias hormonais e ao uso de cosm\u00e9ticos), mas outros estudos n\u00e3o mostram diferen\u00e7a significativa.<\/li>\n<li><strong>Idade:<\/strong> um cal\u00e1zio pode ocorrer em qualquer idade, mas \u00e9 mais comum em adolescentes e adultos com menos de 30 anos. Isso se deve aos altos n\u00edveis de andr\u00f3genos, que estimulam a produ\u00e7\u00e3o de secre\u00e7\u00e3o cut\u00e2nea e aumentam a viscosidade da pele.<\/li>\n<li><strong>Localiza\u00e7\u00e3o:<\/strong> os cal\u00e1zios s\u00e3o mais comuns nas p\u00e1lpebras superiores porque h\u00e1 mais gl\u00e2ndulas de Meib\u00f4mio nessa regi\u00e3o em compara\u00e7\u00e3o com as p\u00e1lpebras inferiores.<\/li>\n<\/ul>\n<h2 class=\"wp-block-heading\" id=\"patogenese\"><strong>Patog\u00eanese<\/strong><\/h2>\n<p>As gl\u00e2ndulas de Meib\u00f4mio geralmente produzem uma secre\u00e7\u00e3o seb\u00e1cea oleosa, que \u00e9 distribu\u00edda sobre a superf\u00edcie da c\u00f3rnea e da conjuntiva para mant\u00ea-las \u00famidas e evitar o ressecamento da superf\u00edcie ocular. <\/p>\n<p><strong>Mecanismo de desenvolvimento:<\/strong><\/p>\n<ol class=\"wp-block-list\">\n<li><strong>Obstru\u00e7\u00e3o: <\/strong>os ductos das gl\u00e2ndulas de Meib\u00f4mio ficam obstru\u00eddos. A secre\u00e7\u00e3o seb\u00e1cea se acumula no interior gl\u00e2ndula sem ter um canal de sa\u00edda. <\/li>\n<li><strong>Cisto:<\/strong> um cisto cresce gradualmente na espessura da p\u00e1lpebra. <\/li>\n<li><strong>Inflama\u00e7\u00e3o:<\/strong> a histopatologia mostra um padr\u00e3o inflamat\u00f3rio cr\u00f4nico lipogranulomatoso com dep\u00f3sitos de gordura extracelulares circundados por c\u00e9lulas epiteli\u00f3ides carregadas de lip\u00eddios, c\u00e9lulas gigantes multinucleadas e linf\u00f3citos. <\/li>\n<\/ol>\n<figure class=\"wp-block-image size-large\"><img decoding=\"async\" src=\"https:\/\/storage.googleapis.com\/dev_wiki_voka_io_303011\/articles\/en\/ophthalmology\/chalazion\/chalazion-formation.webp\" alt=\"Obstru\u00e7\u00e3o do ducto da gl\u00e2ndula de Meib\u00f4mio (forma\u00e7\u00e3o de cal\u00e1zio)\"><figcaption class=\"wp-element-caption\">Obstru\u00e7\u00e3o do ducto da gl\u00e2ndula de Meib\u00f4mio (forma\u00e7\u00e3o de um cal\u00e1zio) \u2013 <a href=\"https:\/\/catalog.voka.io\/en\/models\/56bb91a2-f805-4f37-9c02-e68fff3fd23f\/be2f92ae-f609-4387-b1d1-82af9b4952fd\/5998d2d2-1294-4019-a211-ed1699bf80c6\/27a6cb47-c89e-48bb-921b-45ee656aeec2\" target=\"_blank\" rel=\"noreferrer noopener nofollow\">Modelo 3D<\/a><\/figcaption><\/figure>\n<h2 class=\"wp-block-heading\" id=\"apresentacao-clinica-e-sintomas\"><strong>Apresenta\u00e7\u00e3o cl\u00ednica e sintomas<\/strong><\/h2>\n<p>Quando um cal\u00e1zio se desenvolve, os pacientes geralmente se queixam da forma\u00e7\u00e3o de uma massa el\u00e1stica (\u201cprotuber\u00e2ncia\u201d) que cria um defeito est\u00e9tico e desconforto.<\/p>\n<p><strong>Principais sintomas:<\/strong><\/p>\n<ul class=\"wp-block-list\">\n<li>N\u00f3dulo denso localizado na espessura da p\u00e1lpebra;<\/li>\n<li>Aumento gradual no tamanho da forma\u00e7\u00e3o;<\/li>\n<li>Irrita\u00e7\u00e3o e incha\u00e7o da p\u00e1lpebra;<\/li>\n<li>Dor moderada (especialmente no in\u00edcio do processo, depois a dor pode desaparecer).<\/li>\n<\/ul>\n<h2 class=\"wp-block-heading\" id=\"diagnostico\"><strong>Diagn\u00f3stico<\/strong><\/h2>\n<p>O diagn\u00f3stico \u00e9 feito ap\u00f3s exame f\u00edsico. Exame completo: biomicroscopia do segmento anterior, visometria, ceratometria, tonometria e ecografia.<\/p>\n<p><strong>Imagem obtida durante inspe\u00e7\u00e3o visual (l\u00e2mpada de fenda):<\/strong><\/p>\n<ul class=\"wp-block-list\">\n<li>Um n\u00f3dulo na espessura da placa tarsal da p\u00e1lpebra.<\/li>\n<li>Ocasionalmente, observa-se inflama\u00e7\u00e3o perifocal associada.<\/li>\n<li>\u00c9 poss\u00edvel observar ac\u00famulos de secre\u00e7\u00e3o espessa na abertura da gl\u00e2ndula afetada.<\/li>\n<li>A forma\u00e7\u00e3o \u00e9 indolor \u00e0 palpa\u00e7\u00e3o, a pele sobre ela permanece inalterada, m\u00f3vel e n\u00e3o aderida aos tecidos adjacentes.<\/li>\n<li>Ao virar a p\u00e1lpebra para fora (exame da superf\u00edcie posterior), detecta-se hiperemia local na conjuntiva na proje\u00e7\u00e3o do cal\u00e1zio.<\/li>\n<\/ul>\n<figure class=\"wp-block-video\" id=\"animacao-3d-desenvolvimento-de-um-calazio\"><video controls><source data-src=\"https:\/\/storage.googleapis.com\/dev_wiki_voka_io_303011\/articles\/en\/ophthalmology\/chalazion\/chalazion.webm\" type=\"video\/webm\"><\/source><\/video><figcaption class=\"wp-element-caption\">Anima\u00e7\u00e3o 3D \u2013 desenvolvimento de um cal\u00e1zio<\/figcaption><\/figure>\n<div class=\"social-banner-block\">\n<div class=\"social-banner-content\">\n<p class=\"h5-title text-black\">Encontra mais conte\u00fados cientificamente exactos nas nossas redes sociais<\/p>\n<p><span class=\"social-banner-text text-grey\">Subscreve e n\u00e3o percas os recursos mais recentes<\/span><\/p>\n<div class=\"social-links-wrapper\"><a class=\"social-icon-link\" href=\"https:\/\/www.facebook.com\/VOKA3DAnatomyAndPathology\/\" target=\"_blank\" rel=\"nofollow noopener\"><img decoding=\"async\" src=\"https:\/\/storage.googleapis.com\/dev_wiki_voka_io_303011\/common\/Social%20Icons\/facebook.svg\" alt=\"social link\"><\/a><a class=\"social-icon-link\" href=\"https:\/\/www.instagram.com\/voka.io\/\" target=\"_blank\" rel=\"nofollow noopener\"><img decoding=\"async\" src=\"https:\/\/storage.googleapis.com\/dev_wiki_voka_io_303011\/common\/Social%20Icons\/insta.svg\" alt=\"social link\"><\/a><a class=\"social-icon-link\" href=\"https:\/\/www.linkedin.com\/company\/voka-io\/posts\/?feedView=all\" target=\"_blank\" rel=\"nofollow noopener\"><img decoding=\"async\" src=\"https:\/\/storage.googleapis.com\/dev_wiki_voka_io_303011\/common\/Social%20Icons\/linkedin.svg\" alt=\"social link\"><\/a><a class=\"social-icon-link\" href=\"https:\/\/www.youtube.com\/@vokaio\" target=\"_blank\" rel=\"nofollow noopener\"><img decoding=\"async\" src=\"https:\/\/storage.googleapis.com\/dev_wiki_voka_io_303011\/common\/Social%20Icons\/youtube.svg\" alt=\"social link\"><\/a><a class=\"social-icon-link\" href=\"https:\/\/www.pinterest.com\/voka3danatomyandpathology\/\" target=\"_blank\" rel=\"nofollow noopener\"><img decoding=\"async\" src=\"https:\/\/storage.googleapis.com\/dev_wiki_voka_io_303011\/common\/Social%20Icons\/pinterest.svg\" alt=\"social link\"><\/a><a class=\"social-icon-link\" href=\"https:\/\/www.tiktok.com\/@voka.io\" target=\"_blank\" rel=\"nofollow noopener\"><img decoding=\"async\" src=\"https:\/\/storage.googleapis.com\/dev_wiki_voka_io_303011\/common\/Social%20Icons\/tiktok.svg\" alt=\"social link\"><\/a><a class=\"social-icon-link\" href=\"https:\/\/discord.gg\/7ejUpq8DRR\" target=\"_blank\" rel=\"nofollow noopener\"><img decoding=\"async\" src=\"https:\/\/storage.googleapis.com\/dev_wiki_voka_io_303011\/common\/Social%20Icons\/discord.svg\" alt=\"social link\"><\/a><\/div>\n<\/div>\n<p><img decoding=\"async\" class=\"social-banner-image\" loading=\"lazy\" src=\"https:\/\/storage.googleapis.com\/dev_wiki_voka_io_303011\/common\/social-media-banner-mobile-image.webp\" alt=\"Banner background\"><\/div>\n<h2 class=\"wp-block-heading\" id=\"tratamento-de-calazios\"><strong>Tratamento de cal\u00e1zios<\/strong><\/h2>\n<p>Em cerca de um quarto dos casos (25%), os cal\u00e1zios n\u00e3o s\u00e3o tratados.<\/p>\n<h3 class=\"wp-block-heading\" id=\"tratamento-conservador\"><strong>Tratamento conservador<\/strong><\/h3>\n<p>O tratamento de primeira linha para cal\u00e1zios \u00e9 a terapia n\u00e3o cir\u00fargica. <\/p>\n<ul class=\"wp-block-list\">\n<li><strong>Localmente:<\/strong> s\u00e3o prescritos col\u00edrios e pomadas antibacterianas e esteroides.<\/li>\n<li><strong>Antibi\u00f3ticos:<\/strong> a terapia \u00e9 emp\u00edrica. Agentes de amplo espectro, como as fluoroquinolonas, s\u00e3o os medicamentos de escolha.<\/li>\n<li><strong>Terapia sist\u00eamica:<\/strong> antibi\u00f3ticos orais s\u00e3o raramente usados (apenas em casos de inflama\u00e7\u00e3o grave). Em caso de rea\u00e7\u00e3o t\u00f3xico-al\u00e9rgica grave e edema palpebral significativo, recomenda-se o uso de anti-histam\u00ednicos orais.<\/li>\n<\/ul>\n<h3 class=\"wp-block-heading\" id=\"tratamento-por-injecao\"><strong>Tratamento por inje\u00e7\u00e3o<\/strong><\/h3>\n<p>Se um cal\u00e1zio for recorrente ou quando o tratamento n\u00e3o cir\u00fargico for ineficaz, pode ser necess\u00e1rio injetar corticosteroides (betametasona) na cavidade do cal\u00e1zio.<\/p>\n<p>A probabilidade de sucesso ap\u00f3s uma \u00fanica inje\u00e7\u00e3o \u00e9 de cerca de 80%. Uma segunda inje\u00e7\u00e3o pode ser administrada ap\u00f3s 1 a 2 semanas.<\/p>\n<h3 class=\"wp-block-heading\" id=\"tratamento-cirurgico\"><strong>Tratamento cir\u00fargico<\/strong><\/h3>\n<p>A remo\u00e7\u00e3o do cal\u00e1zio \u00e9 realizada se os m\u00e9todos n\u00e3o cir\u00fargicos falharem ou se a forma\u00e7\u00e3o for muito grande. Desdobramento do procedimento:<\/p>\n<ol class=\"wp-block-list\">\n<li>Anestesia local.<\/li>\n<li>Aplica\u00e7\u00e3o de uma presilha final especial na p\u00e1lpebra.<\/li>\n<li>Incis\u00e3o vertical do cisto proeminente atrav\u00e9s da placa tarsal (pelo lado da conjuntiva).<\/li>\n<li>Raspagem do conte\u00fado com uma cureta e uma c\u00e1psula.<\/li>\n<\/ol>\n<div>\n<h2 class=\"faq-title h2-article\" id=\"faq\">FAQ<\/h2>\n<div class=\"faq-section\">\n<div class=\"faq-item faq-answer-hidden\">\n<div class=\"question-block\">\n<div class=\"faq-question\">\n<p class=\" text-black h5-title\">1. Qual a diferen\u00e7a entre um cal\u00e1zio e um ter\u00e7ol? <\/p>\n<\/div>\n<div class=\"faq-answer text-main-text-color main-text-medium\">Um ter\u00e7ol \u00e9 uma inflama\u00e7\u00e3o purulenta aguda (infec\u00e7\u00e3o) do fol\u00edculo piloso do c\u00edlio, acompanhada de dor aguda. O cal\u00e1zio \u00e9 uma inflama\u00e7\u00e3o cr\u00f4nica (granuloma) da gl\u00e2ndula de Meib\u00f4mio. Desenvolve-se mais lentamente e geralmente \u00e9 indolor.<\/div>\n<\/div>\n<div class=\"expand-button-wrapper\"><button class=\"text-accent expand-button\">+<\/button><\/div>\n<\/div>\n<div class=\"faq-item faq-answer-hidden\">\n<div class=\"question-block\">\n<div class=\"faq-question\">\n<p class=\" text-black h5-title\">2. Um cal\u00e1zio pode se resolver espontaneamente? <\/p>\n<\/div>\n<div class=\"faq-answer text-main-text-color main-text-medium\">Sim, estatisticamente, cerca de 25% dos pequenos cal\u00e1zios se resolvem espontaneamente em algumas semanas ou meses.<\/div>\n<\/div>\n<div class=\"expand-button-wrapper\"><button class=\"text-accent expand-button\">+<\/button><\/div>\n<\/div>\n<div class=\"faq-item faq-answer-hidden\">\n<div class=\"question-block\">\n<div class=\"faq-question\">\n<p class=\" text-black h5-title\">3. O que deve ser feito se um cal\u00e1zio se romper (abrir)? <\/p>\n<\/div>\n<div class=\"faq-answer text-main-text-color main-text-medium\">Caso o conte\u00fado se rompa, a \u00e1rea deve ser tratada com um antiss\u00e9ptico (por exemplo, clorexidina) e um oftalmologista deve ser procurado. \u00c9 importante garantir que a c\u00e1psula drene completamente. Do contr\u00e1rio, pode haver uma recorr\u00eancia.<\/div>\n<\/div>\n<div class=\"expand-button-wrapper\"><button class=\"text-accent expand-button\">+<\/button><\/div>\n<\/div>\n<div class=\"faq-item faq-answer-hidden\">\n<div class=\"question-block\">\n<div class=\"faq-question\">\n<p class=\" text-black h5-title\">4. Os cal\u00e1zios s\u00e3o contagiosos? <\/p>\n<\/div>\n<div class=\"faq-answer text-main-text-color main-text-medium\">N\u00e3o. N\u00e3o se trata de uma doen\u00e7a infecciosa no sentido cl\u00e1ssico (como a conjuntivite). Trata-se de um bloqueio da gl\u00e2ndula interna, portanto, \u00e9 imposs\u00edvel ser infectado por outra pessoa.<\/div>\n<\/div>\n<div class=\"expand-button-wrapper\"><button class=\"text-accent expand-button\">+<\/button><\/div>\n<\/div>\n<div class=\"faq-item faq-answer-hidden\">\n<div class=\"question-block\">\n<div class=\"faq-question\">\n<p class=\" text-black h5-title\">5. \u00c9 administrada anestesia durante a remo\u00e7\u00e3o? A remo\u00e7\u00e3o \u00e9 dolorosa? <\/p>\n<\/div>\n<div class=\"faq-answer text-main-text-color main-text-medium\">A interven\u00e7\u00e3o cir\u00fargica \u00e9 realizada sob anestesia local (inje\u00e7\u00e3o na pele da p\u00e1lpebra). O paciente sente apenas o momento da inje\u00e7\u00e3o; o procedimento de remo\u00e7\u00e3o em si \u00e9 indolor.<\/div>\n<\/div>\n<div class=\"expand-button-wrapper\"><button class=\"text-accent expand-button\">+<\/button><\/div>\n<\/div>\n<div class=\"faq-item faq-answer-hidden\">\n<div class=\"question-block\">\n<div class=\"faq-question\">\n<p class=\" text-black h5-title\">6. Por que um cal\u00e1zio reaparece (recorre)? <\/p>\n<\/div>\n<div class=\"faq-answer text-main-text-color main-text-medium\">Causas comuns de recorr\u00eancia: remo\u00e7\u00e3o incompleta da c\u00e1psula durante a cirurgia, presen\u00e7a de doen\u00e7as pr\u00e9-existentes n\u00e3o tratadas (blefarite, ros\u00e1cea, diabetes mellitus), baixa imunidade ou higiene inadequada.<\/div>\n<\/div>\n<div class=\"expand-button-wrapper\"><button class=\"text-accent expand-button\">+<\/button><\/div>\n<\/div>\n<\/div>\n<\/div>\n<div class=\"sources-list-block sources-list-hidden\" id=\"referencias\">\n<div class=\"sources-list-content\">\n<div class=\"sources-list-title\">\n<p class=\"small-text-bold text-black sources-list-title-text\">Refer\u00eancias<\/p>\n<div class=\"sources-expand-button-wrapper-mobile\">\n<div class=\"sources-expand-button\"><svg width=\"32\" height=\"32\" viewbox=\"0 0 32 32\" fill=\"none\" xmlns=\"http:\/\/www.w3.org\/2000\/svg\"><path d=\"M8 12L16 20L24 12\" stroke=\"#8C9AAB\" stroke-width=\"2\" stroke-linecap=\"round\" stroke-linejoin=\"round\"><\/path><\/svg><\/div>\n<\/div>\n<\/div>\n<div class=\"sources-list-items\">\n<div class=\"source-item\">\n<p class=\"main-text-semibold text-black\">1.<\/p>\n<div class=\"source-item-content\">\n<p class=\"main-text-semibold text-black\"><cite>VOKA 3D Anatomy & Pathology \u2013 Complete Anatomy and Pathology 3D Atlas [VOKA 3D Anatomia & Patologia \u2013 Atlas 3D completo de anatomia e patologia] [Internet]. VOKA 3D Anatomy & Pathology [VOKA 3D Anatomia & Patologia]. <\/cite><\/p>\n<p><span class=\"small-text-medium text-grey\">Dispon\u00edvel em: https:\/\/catalog.voka.io\/<\/span><\/div>\n<\/div>\n<div class=\"source-item\">\n<p class=\"main-text-semibold text-black\">2.<\/p>\n<div class=\"source-item-content\">\n<p class=\"main-text-semibold text-black\"><cite>Devlioti D, Tsintarakis T, Milioti G, Seitz B, Kasmann-Kellner B. Unusual course of a chalazion (Desdobramento incomum de um cal\u00e1zio). Ophthalmologe. 2015;112(3):269-71.<\/cite><\/p>\n<\/div>\n<\/div>\n<div class=\"source-item\">\n<p class=\"main-text-semibold text-black\">3.<\/p>\n<div class=\"source-item-content\">\n<p class=\"main-text-semibold text-black\"><cite>Kumar J, Pathak AK, Verma A, Dwivedi S. Study of Incidence And Risk Factors of Chalazion in Bundelkhand Region (Estudo de incid\u00eancia e fatores de risco de cal\u00e1zio na regi\u00e3o de Bundelkhand). IOSR J Dent Med Sci. 2017;16(5):5-8.<\/cite><\/p>\n<\/div>\n<\/div>\n<div class=\"source-item\">\n<p class=\"main-text-semibold text-black\">4.<\/p>\n<div class=\"source-item-content\">\n<p class=\"main-text-semibold text-black\"><cite>Sun M.T., Huang S., Huilgol S.C., Selva D. Eyelid lesions in general practice (Les\u00f5es na p\u00e1lpebra na cl\u00ednica geral). Aust J Gen Pract. 2019 Ago;48(8):509\u2013514. <\/cite><\/p>\n<\/div>\n<\/div>\n<div class=\"source-item\">\n<p class=\"main-text-semibold text-black\">5.<\/p>\n<div class=\"source-item-content\">\n<p class=\"main-text-semibold text-black\"><cite>Manaa Alkatan H., Al\u2010Mohizea A., Alsuhaibani A. A case of localized amyloidosis of the eyelid misdiagnosed as recurrent chalazion (Um caso de amiloidose da p\u00e1lpebra erroneamente diagnosticado como cal\u00e1zio recorrente). Saudi JOphthalmol. 2017 Jul\u2010 Sep;31(3):180\u2013182. DOI: 10.1016\/j.jcjo.2017.01.019. <\/cite><\/p>\n<\/div>\n<\/div>\n<div class=\"source-item\">\n<p class=\"main-text-semibold text-black\">6.<\/p>\n<div class=\"source-item-content\">\n<p class=\"main-text-semibold text-black\"><cite>\u0422\u0440\u0443\u0431\u0438\u043b\u0438\u043d \u0412.\u041d., \u041f\u043e\u043b\u0443\u043d\u0438\u043d\u0430 \u0415.\u0413., \u0410\u043d\u0434\u0436\u0435\u043b\u043e\u0432\u0430 \u0414.\u0412., \u0415\u0432\u0441\u0442\u0438\u0433\u043d\u0435\u0435\u0432\u0430 \u042e.\u0412., \u0427\u0438\u043d\u0435\u043d\u043e\u0432\u0430 \u041a.\u0412. \u0412\u043b\u0438\u044f\u043d\u0438\u0435 \u0431\u0435\u0440\u0435\u043c\u0435\u043d\u043d\u043e\u0441\u0442\u0438 \u043d\u0430 \u0444\u0443\u043d\u043a\u0446\u0438\u043e\u043d\u0430\u043b\u044c\u043d\u043e\u0435 \u0441\u043e\u0441\u0442\u043e\u044f\u043d\u0438\u0435 \u043c\u0435\u0438\u0306\u0431\u043e\u043c\u0438\u0435\u0432\u044b\u0445 \u0436\u0435\u043b\u0435\u0437 \u0438 \u0441\u043b\u0435\u2010 \u0437\u043e\u043f\u0440\u043e\u0434\u0443\u043a\u0446\u0438\u044e. \u041e\u0444\u0442\u0430\u043b\u044c\u043c\u043e\u043b\u043e\u0433\u0438\u044f. 2018;15(2):151\u2013159. [Trubilin V.N., Polunin\u0430 E.G., Andzhelova D.V., Evstigneeva Y.V., Chinenova K.V. O estado funcional das gl\u00e2ndulas de Meib\u00f4mio e a produ\u00e7\u00e3o de l\u00e1grimas em mulheres gr\u00e1vidas. Oftalmologia. 2018;15(2):151\u2013159 (Recurso em russo)]. DOI: 10.18008\/1816\u20105095\u20102018\u20102\u2010151\u2010159.<\/cite><\/p>\n<\/div>\n<\/div>\n<\/div>\n<\/div>\n<div class=\"sources-expand-button-wrapper\">\n<div class=\"sources-expand-button\"><svg width=\"32\" height=\"32\" viewbox=\"0 0 32 32\" fill=\"none\" xmlns=\"http:\/\/www.w3.org\/2000\/svg\"><path d=\"M8 12L16 20L24 12\" stroke=\"#8C9AAB\" stroke-width=\"2\" stroke-linecap=\"round\" stroke-linejoin=\"round\"><\/path><\/svg><\/div>\n<\/div>\n<\/div>\n","protected":false},"excerpt":{"rendered":"<p>Um cal\u00e1zio (traduzido do grego &#8220;ch\u00e1laza&#8221;, que significa &#8220;pequena pedra de granizo&#8221; ou &#8220;pequeno n\u00f3dulo&#8221;) \u00e9 uma inflama\u00e7\u00e3o lipogranulomatosa cr\u00f4nica e ass\u00e9ptica causada pela obstru\u00e7\u00e3o das sa\u00eddas da gl\u00e2ndula de Meib\u00f4mio. Essas condi\u00e7\u00f5es podem afetar tanto as p\u00e1lpebras superiores quanto as inferiores. Etiologia e fatores de risco Embora a fisiopatologia dos cal\u00e1zios seja bem conhecida, [&hellip;]<\/p>\n","protected":false},"author":14,"featured_media":0,"template":"","diseases_category":[300],"class_list":["post-2276","diseases_post","type-diseases_post","status-publish","hentry","diseases_category-oculares"],"acf":[],"yoast_head":"<!-- This site is optimized with the Yoast SEO Premium plugin v25.0 (Yoast SEO v26.5) - https:\/\/yoast.com\/wordpress\/plugins\/seo\/ -->\n<title>Cal\u00e1zio no olho: etiologia, sintomas, diagn\u00f3stico e tratamento<\/title>\n<meta name=\"description\" content=\"An\u00e1lise detalhada dos cal\u00e1zios da p\u00e1lpebra. Explore a etiologia, patog\u00eanese, apresenta\u00e7\u00e3o cl\u00ednica, diagn\u00f3stico diferencial e protocolos de tratamento modernos.\" \/>\n<meta name=\"robots\" content=\"noindex, follow, max-snippet:-1, max-image-preview:large, max-video-preview:-1\" \/>\n<meta property=\"og:locale\" content=\"pt_PT\" \/>\n<meta property=\"og:type\" content=\"article\" \/>\n<meta property=\"og:title\" content=\"Cal\u00e1zio: etiologia, patog\u00eanese, diagn\u00f3stico e m\u00e9todos de tratamento\" \/>\n<meta property=\"og:description\" content=\"An\u00e1lise detalhada dos cal\u00e1zios da p\u00e1lpebra. Explore a etiologia, patog\u00eanese, apresenta\u00e7\u00e3o cl\u00ednica, diagn\u00f3stico diferencial e protocolos de tratamento modernos.\" \/>\n<meta property=\"og:url\" content=\"https:\/\/wiki.dev.voka.io\/pt\/doencas\/oculares\/calazio\/\" \/>\n<meta property=\"og:site_name\" content=\"Voka Wiki\" \/>\n<meta property=\"article:publisher\" content=\"https:\/\/www.facebook.com\/VOKA3DAnatomyAndPathology\/\" \/>\n<meta property=\"article:modified_time\" content=\"2026-02-23T15:05:44+00:00\" \/>\n<meta property=\"og:image\" content=\"https:\/\/storage.googleapis.com\/dev_wiki_voka_io_303011\/articles\/en\/ophthalmology\/chalazion\/upper-eyelid-chalazion.webp\" \/>\n<meta name=\"twitter:card\" content=\"summary_large_image\" \/>\n<meta name=\"twitter:label1\" content=\"Tempo estimado de leitura\" \/>\n\t<meta name=\"twitter:data1\" content=\"5 minutos\" \/>\n<script type=\"application\/ld+json\" class=\"yoast-schema-graph\">{\"@context\":\"https:\/\/schema.org\",\"@graph\":[{\"@type\":\"Article\",\"@id\":\"https:\/\/wiki.dev.voka.io\/pt\/doencas\/oculares\/calazio\/#article\",\"isPartOf\":{\"@id\":\"https:\/\/wiki.dev.voka.io\/pt\/doencas\/oculares\/calazio\/\"},\"author\":{\"name\":\"Kseniya M.\",\"@id\":\"https:\/\/wiki.dev.voka.io\/pt\/#\/schema\/person\/2b3fffc533b382ed964adcf78f67644b\"},\"headline\":\"Cal\u00e1zio: etiologia, patog\u00eanese, diagn\u00f3stico e m\u00e9todos de tratamento\",\"datePublished\":\"2025-12-23T13:01:33+00:00\",\"dateModified\":\"2026-02-23T15:05:44+00:00\",\"mainEntityOfPage\":{\"@id\":\"https:\/\/wiki.dev.voka.io\/pt\/doencas\/oculares\/calazio\/\"},\"wordCount\":1050,\"publisher\":{\"@id\":\"https:\/\/wiki.dev.voka.io\/pt\/#organization\"},\"image\":{\"@id\":\"https:\/\/wiki.dev.voka.io\/pt\/doencas\/oculares\/calazio\/#primaryimage\"},\"thumbnailUrl\":\"https:\/\/storage.googleapis.com\/dev_wiki_voka_io_303011\/articles\/en\/ophthalmology\/chalazion\/upper-eyelid-chalazion.webp\",\"inLanguage\":\"pt-PT\"},{\"@type\":\"WebPage\",\"@id\":\"https:\/\/wiki.dev.voka.io\/pt\/doencas\/oculares\/calazio\/\",\"url\":\"https:\/\/wiki.dev.voka.io\/pt\/doencas\/oculares\/calazio\/\",\"name\":\"Cal\u00e1zio no olho: etiologia, sintomas, diagn\u00f3stico e tratamento\",\"isPartOf\":{\"@id\":\"https:\/\/wiki.dev.voka.io\/pt\/#website\"},\"primaryImageOfPage\":{\"@id\":\"https:\/\/wiki.dev.voka.io\/pt\/doencas\/oculares\/calazio\/#primaryimage\"},\"image\":{\"@id\":\"https:\/\/wiki.dev.voka.io\/pt\/doencas\/oculares\/calazio\/#primaryimage\"},\"thumbnailUrl\":\"https:\/\/storage.googleapis.com\/dev_wiki_voka_io_303011\/articles\/en\/ophthalmology\/chalazion\/upper-eyelid-chalazion.webp\",\"datePublished\":\"2025-12-23T13:01:33+00:00\",\"dateModified\":\"2026-02-23T15:05:44+00:00\",\"description\":\"An\u00e1lise detalhada dos cal\u00e1zios da p\u00e1lpebra. Explore a etiologia, patog\u00eanese, apresenta\u00e7\u00e3o cl\u00ednica, diagn\u00f3stico diferencial e protocolos de tratamento modernos.\",\"breadcrumb\":{\"@id\":\"https:\/\/wiki.dev.voka.io\/pt\/doencas\/oculares\/calazio\/#breadcrumb\"},\"inLanguage\":\"pt-PT\",\"potentialAction\":[{\"@type\":\"ReadAction\",\"target\":[\"https:\/\/wiki.dev.voka.io\/pt\/doencas\/oculares\/calazio\/\"]}]},{\"@type\":\"ImageObject\",\"inLanguage\":\"pt-PT\",\"@id\":\"https:\/\/wiki.dev.voka.io\/pt\/doencas\/oculares\/calazio\/#primaryimage\",\"url\":\"https:\/\/storage.googleapis.com\/dev_wiki_voka_io_303011\/articles\/en\/ophthalmology\/chalazion\/upper-eyelid-chalazion.webp\",\"contentUrl\":\"https:\/\/storage.googleapis.com\/dev_wiki_voka_io_303011\/articles\/en\/ophthalmology\/chalazion\/upper-eyelid-chalazion.webp\"},{\"@type\":\"BreadcrumbList\",\"@id\":\"https:\/\/wiki.dev.voka.io\/pt\/doencas\/oculares\/calazio\/#breadcrumb\",\"itemListElement\":[{\"@type\":\"ListItem\",\"position\":1,\"name\":\"Home\",\"item\":\"https:\/\/wiki.dev.voka.io\/pt\/\"},{\"@type\":\"ListItem\",\"position\":2,\"name\":\"Oftalmologia\",\"item\":\"https:\/\/wiki.dev.voka.io\/pt\/doencas\/oculares\/\"},{\"@type\":\"ListItem\",\"position\":3,\"name\":\"Cal\u00e1zio: etiologia, patog\u00eanese, diagn\u00f3stico e m\u00e9todos de tratamento\"}]},{\"@type\":\"WebSite\",\"@id\":\"https:\/\/wiki.dev.voka.io\/pt\/#website\",\"url\":\"https:\/\/wiki.dev.voka.io\/pt\/\",\"name\":\"Voka Wiki\",\"description\":\"\",\"publisher\":{\"@id\":\"https:\/\/wiki.dev.voka.io\/pt\/#organization\"},\"alternateName\":\"Anatomy & Pathology Wiki by VOKA\",\"potentialAction\":[{\"@type\":\"SearchAction\",\"target\":{\"@type\":\"EntryPoint\",\"urlTemplate\":\"https:\/\/wiki.dev.voka.io\/pt\/?s={search_term_string}\"},\"query-input\":{\"@type\":\"PropertyValueSpecification\",\"valueRequired\":true,\"valueName\":\"search_term_string\"}}],\"inLanguage\":\"pt-PT\"},{\"@type\":\"Organization\",\"@id\":\"https:\/\/wiki.dev.voka.io\/pt\/#organization\",\"name\":\"Voka 3D Anatomy & Pathology\",\"alternateName\":\"VOKA\",\"url\":\"https:\/\/wiki.dev.voka.io\/pt\/\",\"logo\":{\"@type\":\"ImageObject\",\"inLanguage\":\"pt-PT\",\"@id\":\"https:\/\/wiki.dev.voka.io\/pt\/#\/schema\/logo\/image\/\",\"url\":\"https:\/\/wiki.dev.voka.io\/wp-content\/uploads\/2025\/02\/cropped-voka-logo-1.png\",\"contentUrl\":\"https:\/\/wiki.dev.voka.io\/wp-content\/uploads\/2025\/02\/cropped-voka-logo-1.png\",\"width\":70,\"height\":16,\"caption\":\"Voka 3D Anatomy & Pathology\"},\"image\":{\"@id\":\"https:\/\/wiki.dev.voka.io\/pt\/#\/schema\/logo\/image\/\"},\"sameAs\":[\"https:\/\/www.facebook.com\/VOKA3DAnatomyAndPathology\/\",\"https:\/\/www.instagram.com\/voka.io\/\",\"https:\/\/www.linkedin.com\/company\/voka-io\/\",\"https:\/\/www.youtube.com\/channel\/UCqGGuOEpr62ScH8Pjk2q5zw\/videos\",\"https:\/\/www.pinterest.com\/VokaAnatomyPro\/\",\"https:\/\/www.threads.com\/@voka.io\"],\"description\":\"VOKA.io offers 3D medical animations and custom 3D modeling services. Our product, VOKA 3D Anatomy & Pathology, is a digital atlas with over 1,000 detailed 3D models of human anatomy and pathology, designed for medical education, training, and patient communication.\",\"email\":\"info@voka.io\",\"telephone\":\"+1 814 351 4442\",\"legalName\":\"Voka 3D Anatomy & Pathology\",\"foundingDate\":\"2017-02-12\",\"naics\":\"541512\",\"numberOfEmployees\":{\"@type\":\"QuantitativeValue\",\"minValue\":\"51\",\"maxValue\":\"200\"},\"publishingPrinciples\":\"https:\/\/wiki.voka.io\/pt\/principios-de-publicacao\/\"},{\"@type\":\"Person\",\"@id\":\"https:\/\/wiki.dev.voka.io\/pt\/#\/schema\/person\/2b3fffc533b382ed964adcf78f67644b\",\"name\":\"Kseniya M.\",\"image\":{\"@type\":\"ImageObject\",\"inLanguage\":\"pt-PT\",\"@id\":\"https:\/\/wiki.dev.voka.io\/pt\/#\/schema\/person\/image\/\",\"url\":\"https:\/\/secure.gravatar.com\/avatar\/84ea4906308347162ec145e8f02e6b522e218847c3bbd7858de2dceeaaeefbaf?s=96&d=mm&r=g\",\"contentUrl\":\"https:\/\/secure.gravatar.com\/avatar\/84ea4906308347162ec145e8f02e6b522e218847c3bbd7858de2dceeaaeefbaf?s=96&d=mm&r=g\",\"caption\":\"Kseniya M.\"}}]}<\/script>\n<!-- \/ Yoast SEO Premium plugin. -->","yoast_head_json":{"title":"Cal\u00e1zio no olho: etiologia, sintomas, diagn\u00f3stico e tratamento","description":"An\u00e1lise detalhada dos cal\u00e1zios da p\u00e1lpebra. Explore a etiologia, patog\u00eanese, apresenta\u00e7\u00e3o cl\u00ednica, diagn\u00f3stico diferencial e protocolos de tratamento modernos.","robots":{"index":"noindex","follow":"follow","max-snippet":"max-snippet:-1","max-image-preview":"max-image-preview:large","max-video-preview":"max-video-preview:-1"},"og_locale":"pt_PT","og_type":"article","og_title":"Cal\u00e1zio: etiologia, patog\u00eanese, diagn\u00f3stico e m\u00e9todos de tratamento","og_description":"An\u00e1lise detalhada dos cal\u00e1zios da p\u00e1lpebra. Explore a etiologia, patog\u00eanese, apresenta\u00e7\u00e3o cl\u00ednica, diagn\u00f3stico diferencial e protocolos de tratamento modernos.","og_url":"https:\/\/wiki.dev.voka.io\/pt\/doencas\/oculares\/calazio\/","og_site_name":"Voka Wiki","article_publisher":"https:\/\/www.facebook.com\/VOKA3DAnatomyAndPathology\/","article_modified_time":"2026-02-23T15:05:44+00:00","og_image":[{"url":"https:\/\/storage.googleapis.com\/dev_wiki_voka_io_303011\/articles\/en\/ophthalmology\/chalazion\/upper-eyelid-chalazion.webp","type":"","width":"","height":""}],"twitter_card":"summary_large_image","twitter_misc":{"Tempo estimado de leitura":"5 minutos"},"schema":{"@context":"https:\/\/schema.org","@graph":[{"@type":"Article","@id":"https:\/\/wiki.dev.voka.io\/pt\/doencas\/oculares\/calazio\/#article","isPartOf":{"@id":"https:\/\/wiki.dev.voka.io\/pt\/doencas\/oculares\/calazio\/"},"author":{"name":"Kseniya M.","@id":"https:\/\/wiki.dev.voka.io\/pt\/#\/schema\/person\/2b3fffc533b382ed964adcf78f67644b"},"headline":"Cal\u00e1zio: etiologia, patog\u00eanese, diagn\u00f3stico e m\u00e9todos de tratamento","datePublished":"2025-12-23T13:01:33+00:00","dateModified":"2026-02-23T15:05:44+00:00","mainEntityOfPage":{"@id":"https:\/\/wiki.dev.voka.io\/pt\/doencas\/oculares\/calazio\/"},"wordCount":1050,"publisher":{"@id":"https:\/\/wiki.dev.voka.io\/pt\/#organization"},"image":{"@id":"https:\/\/wiki.dev.voka.io\/pt\/doencas\/oculares\/calazio\/#primaryimage"},"thumbnailUrl":"https:\/\/storage.googleapis.com\/dev_wiki_voka_io_303011\/articles\/en\/ophthalmology\/chalazion\/upper-eyelid-chalazion.webp","inLanguage":"pt-PT"},{"@type":"WebPage","@id":"https:\/\/wiki.dev.voka.io\/pt\/doencas\/oculares\/calazio\/","url":"https:\/\/wiki.dev.voka.io\/pt\/doencas\/oculares\/calazio\/","name":"Cal\u00e1zio no olho: etiologia, sintomas, diagn\u00f3stico e tratamento","isPartOf":{"@id":"https:\/\/wiki.dev.voka.io\/pt\/#website"},"primaryImageOfPage":{"@id":"https:\/\/wiki.dev.voka.io\/pt\/doencas\/oculares\/calazio\/#primaryimage"},"image":{"@id":"https:\/\/wiki.dev.voka.io\/pt\/doencas\/oculares\/calazio\/#primaryimage"},"thumbnailUrl":"https:\/\/storage.googleapis.com\/dev_wiki_voka_io_303011\/articles\/en\/ophthalmology\/chalazion\/upper-eyelid-chalazion.webp","datePublished":"2025-12-23T13:01:33+00:00","dateModified":"2026-02-23T15:05:44+00:00","description":"An\u00e1lise detalhada dos cal\u00e1zios da p\u00e1lpebra. Explore a etiologia, patog\u00eanese, apresenta\u00e7\u00e3o cl\u00ednica, diagn\u00f3stico diferencial e protocolos de tratamento modernos.","breadcrumb":{"@id":"https:\/\/wiki.dev.voka.io\/pt\/doencas\/oculares\/calazio\/#breadcrumb"},"inLanguage":"pt-PT","potentialAction":[{"@type":"ReadAction","target":["https:\/\/wiki.dev.voka.io\/pt\/doencas\/oculares\/calazio\/"]}]},{"@type":"ImageObject","inLanguage":"pt-PT","@id":"https:\/\/wiki.dev.voka.io\/pt\/doencas\/oculares\/calazio\/#primaryimage","url":"https:\/\/storage.googleapis.com\/dev_wiki_voka_io_303011\/articles\/en\/ophthalmology\/chalazion\/upper-eyelid-chalazion.webp","contentUrl":"https:\/\/storage.googleapis.com\/dev_wiki_voka_io_303011\/articles\/en\/ophthalmology\/chalazion\/upper-eyelid-chalazion.webp"},{"@type":"BreadcrumbList","@id":"https:\/\/wiki.dev.voka.io\/pt\/doencas\/oculares\/calazio\/#breadcrumb","itemListElement":[{"@type":"ListItem","position":1,"name":"Home","item":"https:\/\/wiki.dev.voka.io\/pt\/"},{"@type":"ListItem","position":2,"name":"Oftalmologia","item":"https:\/\/wiki.dev.voka.io\/pt\/doencas\/oculares\/"},{"@type":"ListItem","position":3,"name":"Cal\u00e1zio: etiologia, patog\u00eanese, diagn\u00f3stico e m\u00e9todos de tratamento"}]},{"@type":"WebSite","@id":"https:\/\/wiki.dev.voka.io\/pt\/#website","url":"https:\/\/wiki.dev.voka.io\/pt\/","name":"Voka Wiki","description":"","publisher":{"@id":"https:\/\/wiki.dev.voka.io\/pt\/#organization"},"alternateName":"Anatomy & Pathology Wiki by VOKA","potentialAction":[{"@type":"SearchAction","target":{"@type":"EntryPoint","urlTemplate":"https:\/\/wiki.dev.voka.io\/pt\/?s={search_term_string}"},"query-input":{"@type":"PropertyValueSpecification","valueRequired":true,"valueName":"search_term_string"}}],"inLanguage":"pt-PT"},{"@type":"Organization","@id":"https:\/\/wiki.dev.voka.io\/pt\/#organization","name":"Voka 3D Anatomy & Pathology","alternateName":"VOKA","url":"https:\/\/wiki.dev.voka.io\/pt\/","logo":{"@type":"ImageObject","inLanguage":"pt-PT","@id":"https:\/\/wiki.dev.voka.io\/pt\/#\/schema\/logo\/image\/","url":"https:\/\/wiki.dev.voka.io\/wp-content\/uploads\/2025\/02\/cropped-voka-logo-1.png","contentUrl":"https:\/\/wiki.dev.voka.io\/wp-content\/uploads\/2025\/02\/cropped-voka-logo-1.png","width":70,"height":16,"caption":"Voka 3D Anatomy & Pathology"},"image":{"@id":"https:\/\/wiki.dev.voka.io\/pt\/#\/schema\/logo\/image\/"},"sameAs":["https:\/\/www.facebook.com\/VOKA3DAnatomyAndPathology\/","https:\/\/www.instagram.com\/voka.io\/","https:\/\/www.linkedin.com\/company\/voka-io\/","https:\/\/www.youtube.com\/channel\/UCqGGuOEpr62ScH8Pjk2q5zw\/videos","https:\/\/www.pinterest.com\/VokaAnatomyPro\/","https:\/\/www.threads.com\/@voka.io"],"description":"VOKA.io offers 3D medical animations and custom 3D modeling services. Our product, VOKA 3D Anatomy & Pathology, is a digital atlas with over 1,000 detailed 3D models of human anatomy and pathology, designed for medical education, training, and patient communication.","email":"info@voka.io","telephone":"+1 814 351 4442","legalName":"Voka 3D Anatomy & Pathology","foundingDate":"2017-02-12","naics":"541512","numberOfEmployees":{"@type":"QuantitativeValue","minValue":"51","maxValue":"200"},"publishingPrinciples":"https:\/\/wiki.voka.io\/pt\/principios-de-publicacao\/"},{"@type":"Person","@id":"https:\/\/wiki.dev.voka.io\/pt\/#\/schema\/person\/2b3fffc533b382ed964adcf78f67644b","name":"Kseniya M.","image":{"@type":"ImageObject","inLanguage":"pt-PT","@id":"https:\/\/wiki.dev.voka.io\/pt\/#\/schema\/person\/image\/","url":"https:\/\/secure.gravatar.com\/avatar\/84ea4906308347162ec145e8f02e6b522e218847c3bbd7858de2dceeaaeefbaf?s=96&d=mm&r=g","contentUrl":"https:\/\/secure.gravatar.com\/avatar\/84ea4906308347162ec145e8f02e6b522e218847c3bbd7858de2dceeaaeefbaf?s=96&d=mm&r=g","caption":"Kseniya M."}}]}},"_links":{"self":[{"href":"https:\/\/wiki.dev.voka.io\/pt\/wp-json\/wp\/v2\/diseases_post\/2276","targetHints":{"allow":["GET"]}}],"collection":[{"href":"https:\/\/wiki.dev.voka.io\/pt\/wp-json\/wp\/v2\/diseases_post"}],"about":[{"href":"https:\/\/wiki.dev.voka.io\/pt\/wp-json\/wp\/v2\/types\/diseases_post"}],"author":[{"embeddable":true,"href":"https:\/\/wiki.dev.voka.io\/pt\/wp-json\/wp\/v2\/users\/14"}],"wp:attachment":[{"href":"https:\/\/wiki.dev.voka.io\/pt\/wp-json\/wp\/v2\/media?parent=2276"}],"wp:term":[{"taxonomy":"diseases_category","embeddable":true,"href":"https:\/\/wiki.dev.voka.io\/pt\/wp-json\/wp\/v2\/diseases_category?post=2276"}],"curies":[{"name":"wp","href":"https:\/\/api.w.org\/{rel}","templated":true}]}}