{"id":2226,"date":"2025-12-23T16:03:24","date_gmt":"2025-12-23T13:03:24","guid":{"rendered":"https:\/\/wiki.dev.voka.io\/?post_type=diseases_post&#038;p=2226"},"modified":"2025-12-23T16:03:31","modified_gmt":"2025-12-23T13:03:31","slug":"metastases-cerebrais","status":"publish","type":"diseases_post","link":"https:\/\/wiki.dev.voka.io\/pt\/doencas\/oncologia\/metastases-cerebrais\/","title":{"rendered":"Met\u00e1stases cerebrais: classifica\u00e7\u00e3o, etiologia, sintomas, diagn\u00f3stico, tratamento e progn\u00f3stico"},"content":{"rendered":"<p><?xml encoding=\"UTF-8\" ?><\/p>\n<p>As met\u00e1stases s\u00e3o os tumores intracranianos mais comuns em adultos, ocorrendo com mais frequ\u00eancia do que os tumores cerebrais prim\u00e1rios. Na maioria dos casos, as les\u00f5es metast\u00e1ticas do c\u00e9rebro s\u00e3o diagnosticadas ap\u00f3s um processo maligno sist\u00eamico j\u00e1 estabelecido, mas em alguns pacientes pode ser a primeira manifesta\u00e7\u00e3o do tumor.<\/p>\n<figure class=\"wp-block-image size-large\"><img decoding=\"async\" src=\"https:\/\/storage.googleapis.com\/dev_wiki_voka_io_303011\/articles\/Oncology\/brain-metastases\/kidney-cancer-spread-to-left-brain.webp\" alt=\"Met\u00e1stase de c\u00e2ncer renal no hemisf\u00e9rio cerebral esquerdo\"><figcaption class=\"wp-element-caption\">Met\u00e1stase de c\u00e2ncer renal no hemisf\u00e9rio cerebral esquerdo: <a href=\"https:\/\/catalog.voka.io\/en\/models\/cec5f80b-babf-4f02-ab97-355cf37c21ad\/4a703e9e-fb88-4ddf-8c9c-e3dd3c0436fe\/262977f4-5378-4014-8798-0214fa796ae2\/fb439fef-f96f-4ed6-961c-a41b597d4e29\" target=\"_blank\" rel=\"noreferrer noopener nofollow\">Modelo 3D<\/a><\/figcaption><\/figure>\n<figure class=\"wp-block-video\" id=\"animacao-3d-metastase-do-cancer-renal-no-hemisferio-cerebral-esquerdo\"><video controls><source data-src=\"https:\/\/storage.googleapis.com\/dev_wiki_voka_io_303011\/articles\/Oncology\/brain-metastases\/renal-cell-carcinoma-metastasis-to-left-cerebral-hemisphere.webm\" type=\"video\/webm\"><\/source><\/video><figcaption class=\"wp-element-caption\">Anima\u00e7\u00e3o 3D: met\u00e1stase do c\u00e2ncer renal no hemisf\u00e9rio cerebral esquerdo<\/figcaption><\/figure>\n<h2 class=\"wp-block-heading\" id=\"etiologia\">Etiologia <\/h2>\n<p>Cinco tumores prim\u00e1rios s\u00e3o respons\u00e1veis por cerca de 80% de todas as met\u00e1stases cerebrais:<\/p>\n<ul class=\"wp-block-list\">\n<li><strong>C\u00e2ncer de pulm\u00e3o<\/strong> (30\u201360% de todas as met\u00e1stases cerebrais).<\/li>\n<li><strong>C\u00e2ncer de mama <\/strong>(10\u201330% de todas as met\u00e1stases). <\/li>\n<li><strong>Melanoma<\/strong> (5\u201320% de todas as met\u00e1stases). Ao mesmo tempo, o melanoma tem a maior taxa individual de met\u00e1stase no c\u00e9rebro \u2014 25 a 60% dos pacientes com melanoma disseminado apresentam les\u00f5es cerebrais.<\/li>\n<li><strong>C\u00e2ncer renal <\/strong>(5\u201310% de todas as met\u00e1stases).<\/li>\n<li><strong>C\u00e2ncer colorretal <\/strong>(1\u20133% de todas as met\u00e1stases).<\/li>\n<\/ul>\n<p>As met\u00e1stases no c\u00e9rebro s\u00e3o predominantemente formadas por via hematog\u00eanica; as c\u00e9lulas penetram na barreira hematoencef\u00e1lica e permanecem na interface entre a subst\u00e2ncia cinzenta e a subst\u00e2ncia branca devido \u00e0s caracter\u00edsticas vasculares dessa \u00e1rea.<\/p>\n<figure class=\"wp-block-image size-large\"><img decoding=\"async\" src=\"https:\/\/storage.googleapis.com\/dev_wiki_voka_io_303011\/articles\/Oncology\/brain-metastases\/renal-cell-carcinoma-metastasis-to-left-cerebral-hemisphere%20(1).webp\" alt=\"Uma \u00fanica met\u00e1stase no c\u00e9rebro\"><figcaption class=\"wp-element-caption\">Uma \u00fanica met\u00e1stase no c\u00e9rebro: <a href=\"https:\/\/catalog.voka.io\/en\/models\/cec5f80b-babf-4f02-ab97-355cf37c21ad\/4a703e9e-fb88-4ddf-8c9c-e3dd3c0436fe\/262977f4-5378-4014-8798-0214fa796ae2\/fb439fef-f96f-4ed6-961c-a41b597d4e29\" target=\"_blank\" rel=\"noreferrer noopener nofollow\">Modelo 3D<\/a><\/figcaption><\/figure>\n<h2 class=\"wp-block-heading\" id=\"epidemiologia\">Epidemiologia<\/h2>\n<p>No momento do diagn\u00f3stico inicial, met\u00e1stases cerebrais s\u00e3o encontradas em aproximadamente 2% de todos os pacientes com todos os tipos de tumor e em 12 a 15% dos pacientes com doen\u00e7a j\u00e1 avan\u00e7ada (metast\u00e1tica).<\/p>\n<p>Durante o curso da doen\u00e7a, met\u00e1stases cerebrais se desenvolvem em 10 a 30% dos pacientes com neoplasias malignas s\u00f3lidas. Para alguns tipos de neoplasias, a incid\u00eancia pode chegar a 40\u201350% em grupos de alto risco (tumores de mama HER2+ e triplo-negativos, melanoma e c\u00e2ncer de pulm\u00e3o de n\u00e3o pequenas c\u00e9lulas).<\/p>\n<p>Estudos de aut\u00f3psias mostram que met\u00e1stases cerebrais s\u00e3o encontradas em cerca de 25% dos pacientes com c\u00e2ncer, mesmo que n\u00e3o tenham sido detectadas durante a vida.<\/p>\n<p>As met\u00e1stases leptomen\u00edngeas (ao longo das meninges) s\u00e3o mais comuns no c\u00e2ncer de mama, melanoma, linfoma e c\u00e2ncer de pulm\u00e3o de c\u00e9lulas n\u00e3o pequenas.<\/p>\n<h2 class=\"wp-block-heading\" id=\"anatomia\">Anatomia<\/h2>\n<p>A maioria (80%) das met\u00e1stases do SNC localiza-se supratentorialmente, ou seja, afetam os hemisf\u00e9rios cerebrais. <\/p>\n<p>At\u00e9 20% est\u00e3o localizados na regi\u00e3o infratentorial (cerebelo, tronco cerebral). As meninges est\u00e3o envolvidas em at\u00e9 8% dos casos.<\/p>\n<p>A localiza\u00e7\u00e3o mais comum das met\u00e1stases \u00e9 a interface entre a subst\u00e2ncia cinzenta e a subst\u00e2ncia branca.<\/p>\n<h2 class=\"wp-block-heading\" id=\"classificacao-das-metastases-cerebrais\">Classifica\u00e7\u00e3o das met\u00e1stases cerebrais<\/h2>\n<h3 class=\"wp-block-heading\" id=\"por-numero-de-focos-metastaticos\">Por n\u00famero de focos metast\u00e1ticos<\/h3>\n<ul class=\"wp-block-list\">\n<li>Solit\u00e1rio \u2014 1 foco;<\/li>\n<li>Oligomet\u00e1stases \u2014 2\u20134;<\/li>\n<li>M\u00faltiplo \u2014 \u22655 focos (\u226510 em algumas classifica\u00e7\u00f5es).<\/li>\n<\/ul>\n<p>Esta avalia\u00e7\u00e3o \u00e9 utilizada na escolha entre radiocirurgia (SRS), radioterapia cerebral total (WBRT) e cirurgia.<\/p>\n<h3 class=\"wp-block-heading\" id=\"por-tamanho\">Por tamanho<\/h3>\n<ul class=\"wp-block-list\">\n<li>Pequeno \u2014 <10 mm;<\/li>\n<li>M\u00e9dio \u2014 10\u201330 mm;<\/li>\n<li>Grande \u2014 maior que 30 mm.<\/li>\n<\/ul>\n<p>Pequenos focos est\u00e3o dispon\u00edveis para radiocirurgia estereot\u00e1xica (SRS). Focos de tamanho m\u00e9dio (10\u201330 mm) geralmente implicam restri\u00e7\u00f5es de dose para radiocirurgia estereot\u00e1xica em fra\u00e7\u00e3o \u00fanica (ou exigem fracionamento), e focos > 30 mm s\u00e3o frequentemente considerados para remo\u00e7\u00e3o cir\u00fargica ou radiocirurgia fracionada (a dose total elevada \u00e9 dividida e administrada em m\u00faltiplas etapas), uma vez que a radiocirurgia estereot\u00e1xica em fra\u00e7\u00e3o \u00fanica nesses casos acarreta um alto risco de radionecrose e edema.<\/p>\n<h3 class=\"wp-block-heading\" id=\"por-estrutura-da-metastase\">Por estrutura da met\u00e1stase<\/h3>\n<ul class=\"wp-block-list\">\n<li><strong>A met\u00e1stase s\u00f3lida<\/strong> \u00e9 a forma t\u00edpica, focos parenquimatosos (caracter\u00edsticos dos c\u00e2nceres de pulm\u00e3o, mama, rim e melanoma).<\/li>\n<li><strong>A met\u00e1stase c\u00edstica <\/strong>apresenta-se como um componente quase totalmente l\u00edquido (anecog\u00eanico ou hipointenso na resson\u00e2ncia magn\u00e9tica T1) com uma parede fina e \u00e1rea s\u00f3lida m\u00ednima, geralmente indicando crescimento lento. Esse tipo de met\u00e1stase \u00e9 mais caracter\u00edstico do c\u00e2ncer papilar da tireoide e dos carcinomas mucinosos do trato gastrointestinal.<\/li>\n<li><strong>A met\u00e1stase c\u00edstica-s\u00f3lida<\/strong> \u00e9 uma estrutura mista, cont\u00e9m tanto um componente fluido distinto como uma \u00e1rea s\u00f3lida proeminente, frequentemente com acumula\u00e7\u00e3o de contraste irregular (c\u00e2ncer de mama HER2+, c\u00e2ncer colorretal, c\u00e2ncer de pulm\u00e3o de c\u00e9lulas n\u00e3o pequenas EGFR+, c\u00e2ncer renal).<\/li>\n<li><strong>Met\u00e1stase hemorr\u00e1gica:<\/strong> alto risco de hemorragia (melanoma, c\u00e2ncer renal, coriocarcinoma).<\/li>\n<li><strong>Met\u00e1stases leptomen\u00edngeas:<\/strong> dissemina\u00e7\u00e3o atrav\u00e9s do l\u00edquido cefalorraquidiano (c\u00e2ncer de mama HER2+ e triplo-negativo, c\u00e2ncer de pulm\u00e3o de c\u00e9lulas n\u00e3o pequenas, melanoma, meduloblastoma).<\/li>\n<\/ul>\n<figure class=\"wp-block-image size-large\"><img decoding=\"async\" src=\"https:\/\/storage.googleapis.com\/dev_wiki_voka_io_303011\/articles\/Oncology\/brain-metastases\/kidney-cancer-spread-to-left-brain.webp\" alt=\"Met\u00e1stase hipervascular (hemorr\u00e1gica) do c\u00e2ncer renal\"><figcaption class=\"wp-element-caption\">Met\u00e1stase hipervascular (hemorr\u00e1gica) do c\u00e2ncer renal<\/figcaption><\/figure>\n<h3 class=\"wp-block-heading\" id=\"significado-clinico-da-estrutura-da-metastase\">Significado cl\u00ednico da estrutura da met\u00e1stase<\/h3>\n<ul class=\"wp-block-list\">\n<li>As met\u00e1stases c\u00edsticas e hemorr\u00e1gicas s\u00e3o mais propensas a causar c\u00f3licas e edema, com um risco aumentado de hernia\u00e7\u00e3o cerebral.<\/li>\n<li>As met\u00e1stases c\u00edsticas de grande porte n\u00e3o respondem bem \u00e0 SRS e, na maioria das vezes, requerem cirurgia.<\/li>\n<li>Hemorr\u00e1gico (melanoma, c\u00e2ncer renal) pode recorrer com mais frequ\u00eancia ap\u00f3s a SRS, apresentando alto risco de hemorragia.<\/li>\n<\/ul>\n<h2 class=\"wp-block-heading\" id=\"manifestacoes-clinicas\">Manifesta\u00e7\u00f5es cl\u00ednicas<\/h2>\n<p>Os sintomas dependem do tamanho, localiza\u00e7\u00e3o, taxa de crescimento e n\u00famero de focos, bem como do envolvimento dos espa\u00e7os liquor e do edema cerebral. A estreia \u00e9 geralmente aguda ou subaguda. <\/p>\n<h3 class=\"wp-block-heading\" id=\"sintomas-de-lesoes-cerebrais-metastaticas\">Sintomas de les\u00f5es cerebrais metast\u00e1ticas<\/h3>\n<ul class=\"wp-block-list\">\n<li>Dor de cabe\u00e7a 35\u201370% (devido \u00e0 hipertens\u00e3o intracraniana);<\/li>\n<li>Sintomas neurol\u00f3gicos focais 30\u201360% (d\u00e9ficit motor, afasia, etc.);<\/li>\n<li>Convuls\u00f5es 15\u201335% (mais comuns em les\u00f5es corticais, especialmente nos lobos temporoparietal e frontal; a frequ\u00eancia \u00e9 maior em melanoma e met\u00e1stases renais);<\/li>\n<li>Comprometimento cognitivo e altera\u00e7\u00f5es comportamentais 20\u201340% (associadas a focos frontais, edema, PIC elevada);<\/li>\n<li>N\u00e1useas e v\u00f4mitos 15\u201330% (especialmente pela manh\u00e3);<\/li>\n<li>Dist\u00farbios de coordena\u00e7\u00e3o e marcha (ataxia) 10\u201325% (met\u00e1stases cerebelares e do tronco cerebral);<\/li>\n<li>Dist\u00farbios visuais (hemianopsia, diplopia) 10\u201320% (lobo occipital, tronco cerebral ou nervos cranianos afetados).<\/li>\n<\/ul>\n<h3 class=\"wp-block-heading\" id=\"influencia-da-localizacao-focal-nas-manifestacoes-clinicas\">Influ\u00eancia da localiza\u00e7\u00e3o focal nas manifesta\u00e7\u00f5es cl\u00ednicas<\/h3>\n<ul class=\"wp-block-list\">\n<li><strong>Lobo frontal: <\/strong>altera\u00e7\u00f5es comportamentais, abulia, dist\u00farbios motores e da fala;<\/li>\n<li><strong>Lobo parietal: <\/strong>dist\u00farbios motores e sensoriais, convuls\u00f5es;<\/li>\n<li><strong>Lobo temporal: <\/strong>dist\u00farbios da fala (afasia), convuls\u00f5es, alucina\u00e7\u00f5es auditivas;<\/li>\n<li><strong>Lobo occipital: <\/strong>dist\u00farbios visuais;<\/li>\n<li><strong>Cerebelo<\/strong>: ataxia, tontura, v\u00f4mito;<\/li>\n<li><strong>Tronco cerebral: <\/strong>disartria, diplopia, paresia do nervo facial.<\/li>\n<\/ul>\n<p>At\u00e9 20\u201330% das met\u00e1stases s\u00e3o assintom\u00e1ticas e s\u00e3o detectadas por exames de imagem para esclarecer o diagn\u00f3stico.<\/p>\n<h3 class=\"wp-block-heading\" id=\"sintomas-agudos-e-ameacadores\">Sintomas agudos e amea\u00e7adores<\/h3>\n<p>Comprometimento agudo da consci\u00eancia\/estado convulsivo\/v\u00f4mitos intensos + dor de cabe\u00e7a podem indicar o seguinte:<\/p>\n<ul class=\"wp-block-list\">\n<li>Deslocamentos (h\u00e9rnias) do c\u00e9rebro;<\/li>\n<li>Descompensa\u00e7\u00e3o com aumento do edema cerebral;<\/li>\n<li>Hemorragia (t\u00edpica em melanoma, c\u00e2ncer renal, coriocarcinoma);<\/li>\n<li>Hidrocefalia obstrutiva (com tumores infratentoriais da fossa craniana posterior).<\/li>\n<\/ul>\n<p>Essas condi\u00e7\u00f5es exigem medidas de emerg\u00eancia (controle de convuls\u00f5es, terapia anti-edema, exames de imagem de emerg\u00eancia [tomografia computadorizada\/resson\u00e2ncia magn\u00e9tica com contraste] e, provavelmente, interven\u00e7\u00e3o neurocir\u00fargica de emerg\u00eancia).<\/p>\n<h2 class=\"wp-block-heading\" id=\"diagnostico-de-metastases-cerebrais\">Diagn\u00f3stico de met\u00e1stases cerebrais<\/h2>\n<h3 class=\"wp-block-heading\" id=\"principais-metodos\">Principais m\u00e9todos<\/h3>\n<ul class=\"wp-block-list\">\n<li>A resson\u00e2ncia magn\u00e9tica com contraste \u00e9 o padr\u00e3o ouro. O m\u00e9todo \u00e9 o mais sens\u00edvel e permite detectar at\u00e9 mesmo met\u00e1stases pequenas (5 mm) e assintom\u00e1ticas.<\/li>\n<li>A tomografia computadorizada com contraste \u00e9 uma alternativa quando a resson\u00e2ncia magn\u00e9tica \u00e9 contraindicada. O m\u00e9todo \u00e9 menos sens\u00edvel, mas detecta bem focos grandes, hemorragias e efeito de massa pronunciado.<\/li>\n<\/ul>\n<h3 class=\"wp-block-heading\" id=\"metodos-suplementares\">M\u00e9todos suplementares<\/h3>\n<ul class=\"wp-block-list\">\n<li>PET-CT, bi\u00f3psia (em caso de d\u00favidas diagn\u00f3sticas).<\/li>\n<li>Avalia\u00e7\u00e3o do estado sist\u00eamico do paciente como padr\u00e3o para estadiamento e rastreamento do c\u00e2ncer (tomografia computadorizada do t\u00f3rax, abd\u00f4men e pelve, PET-CT).<\/li>\n<li>O perfil molecular da met\u00e1stase (EGFR, ALK, HER2, BRAF, etc.) \u00e9 determinado ap\u00f3s a obten\u00e7\u00e3o do material histol\u00f3gico e tem um impacto direto na escolha da terapia sist\u00eamica e no progn\u00f3stico.<\/li>\n<\/ul>\n<h3 class=\"wp-block-heading\" id=\"diagnostico-diferencial\">Diagn\u00f3stico diferencial<\/h3>\n<p>O diagn\u00f3stico diferencial \u00e9 realizado com outras les\u00f5es focais do c\u00e9rebro. As principais caracter\u00edsticas sugestivas de met\u00e1stases s\u00e3o a presen\u00e7a de um hist\u00f3rico conhecido de c\u00e2ncer prim\u00e1rio, m\u00faltiplos focos, sua localiza\u00e7\u00e3o t\u00edpica na interface entre a subst\u00e2ncia cinzenta e a subst\u00e2ncia branca (corticosubcortical), edema perifocal grave e realce anular claro na resson\u00e2ncia magn\u00e9tica com contraste.<\/p>\n<p>As principais condi\u00e7\u00f5es com as quais as met\u00e1stases devem ser diferenciadas:<\/p>\n<h4 class=\"wp-block-heading\">Tumor cerebral prim\u00e1rio<\/h4>\n<p>In\u00edcio gradual, sintomas neurol\u00f3gicos focais, convuls\u00f5es, dor de cabe\u00e7a. Na resson\u00e2ncia magn\u00e9tica, geralmente h\u00e1 uma massa infiltrativa ou s\u00f3lida (frequentemente solit\u00e1ria, em oposi\u00e7\u00e3o \u00e0 met\u00e1stase), edema, efeito de massa e ac\u00famulo heterog\u00eaneo de contraste.<\/p>\n<h4 class=\"wp-block-heading\">Abscesso cerebral<\/h4>\n<p>Frequentemente febre, leucocitose e foco de infec\u00e7\u00e3o (otite m\u00e9dia, sinusite, bacteremia). Imita o tumor na resson\u00e2ncia magn\u00e9tica (tamb\u00e9m apresenta realce anular), mas apresenta restri\u00e7\u00e3o de difus\u00e3o clara (DWI+) no centro. A espectroscopia por resson\u00e2ncia magn\u00e9tica revela amino\u00e1cidos\/metabolitos espec\u00edficos.<\/p>\n<h4 class=\"wp-block-heading\">Linfoma do SNC<\/h4>\n<p>Na resson\u00e2ncia magn\u00e9tica, realce homog\u00eaneo e localiza\u00e7\u00e3o em estruturas cerebrais profundas, especialmente em pacientes imunossuprimidos. Alta restri\u00e7\u00e3o de difus\u00e3o (DWI+), poss\u00edvel regress\u00e3o r\u00e1pida ap\u00f3s o uso de ester\u00f3ides, por isso \u00e9 importante evit\u00e1-los antes da bi\u00f3psia.<\/p>\n<h4 class=\"wp-block-heading\">Necrose por radia\u00e7\u00e3o<\/h4>\n<p>Ocorre meses ou anos ap\u00f3s a radioterapia, podendo assemelhar-se a uma recidiva ou a uma nova met\u00e1stase. Distinguida por perfus\u00e3o por RM e PET (necrose significa hipoperfus\u00e3o, hipometabolismo), pode diminuir com o uso de ester\u00f3ides.<\/p>\n<h4 class=\"wp-block-heading\">Esclerose m\u00faltipla<\/h4>\n<p>(especialmente a forma semelhante a um tumor). Idade jovem, les\u00f5es multifocais na subst\u00e2ncia branca, hiperintensas em FLAIR sem efeito de massa ou contraste; o curso cl\u00ednico \u00e9 recorrente, com remiss\u00f5es, frequentemente em jovens.<\/p>\n<h4 class=\"wp-block-heading\">Acidente vascular cerebral<\/h4>\n<p>(especialmente na fase subaguda, quando pode haver realce em forma de anel). In\u00edcio s\u00fabito, d\u00e9ficit neurol\u00f3gico focal, \u00e1rea isqu\u00eamica vis\u00edvel na resson\u00e2ncia magn\u00e9tica DWI\/ADC (restri\u00e7\u00e3o de difus\u00e3o), mais frequentemente localizada em bacias vasculares.<\/p>\n<h4 class=\"wp-block-heading\">Aneurisma<\/h4>\n<p>Dor de cabe\u00e7a s\u00fabita, na TC\/RM com contraste \u2014 massa vascular, na angiografia \u2014 art\u00e9ria dilatada, hemorragia subaracn\u00f3idea.<\/p>\n<h4 class=\"wp-block-heading\">Encefalite<\/h4>\n<p>In\u00edcio subagudo, febre, confus\u00e3o e convuls\u00f5es \u2014 sem massa focal. Na resson\u00e2ncia magn\u00e9tica, as altera\u00e7\u00f5es s\u00e3o geralmente difusas, frequentemente nos lobos temporais (por exemplo, na encefalite herp\u00e9tica), sem efeito de massa.<\/p>\n<h4 class=\"wp-block-heading\">Trombose do seio cavernoso<\/h4>\n<p>In\u00edcio agudo com dor de cabe\u00e7a (frequentemente unilateral), incha\u00e7o das p\u00e1lpebras, oftalmoplegia e diminui\u00e7\u00e3o da vis\u00e3o. A resson\u00e2ncia magn\u00e9tica\/venografia por RM revela trombos nos seios venosos. Frequentemente, h\u00e1 infec\u00e7\u00e3o nas \u00e1reas facial, nasal e sinusal.<\/p>\n<h4 class=\"wp-block-heading\">Cefaleia em salvas<\/h4>\n<p>Dor aguda ao redor do olho, lacrimejamento, rinorreia, com dura\u00e7\u00e3o de minutos, recorrente em s\u00e9ries, n\u00e3o acompanhada de d\u00e9ficit neurol\u00f3gico. Sem altera\u00e7\u00f5es estruturais na resson\u00e2ncia magn\u00e9tica.<\/p>\n<h4 class=\"wp-block-heading\">Hidrocefalia idiop\u00e1tica<\/h4>\n<p>Frequentemente, em idosos, uma tr\u00edade de sintomas (dist\u00farbios da marcha, dem\u00eancia, incontin\u00eancia urin\u00e1ria), podendo haver dor de cabe\u00e7a e n\u00e1useas, na resson\u00e2ncia magn\u00e9tica dilata\u00e7\u00e3o ventricular sem massas focais.<\/p>\n<h4 class=\"wp-block-heading\">Dist\u00farbios metab\u00f3licos<\/h4>\n<p>Causa sintomas difusos em vez de focais (confus\u00e3o, convuls\u00f5es, tremores), sem massa focal na resson\u00e2ncia magn\u00e9tica. Exames gerais (glicose, s\u00f3dio, enzimas hep\u00e1ticas, creatinina, ureia, etc.) ajudam a identificar a causa.<\/p>\n<h2 class=\"wp-block-heading\" id=\"tratamento-de-lesoes-cerebrais-metastaticas\">Tratamento de les\u00f5es cerebrais metast\u00e1ticas<\/h2>\n<h3 class=\"wp-block-heading\" id=\"os-principais-metodos-de-tratamento\">Os principais m\u00e9todos de tratamento<\/h3>\n<ul class=\"wp-block-list\">\n<li>Remo\u00e7\u00e3o cir\u00fargica ou bi\u00f3psia para esclarecer o diagn\u00f3stico;<\/li>\n<li>Radiocirurgia estereot\u00e1xica (SRS);<\/li>\n<li>Radioterapia cerebral total (WBRT);<\/li>\n<li>Terapia sist\u00eamica (mais frequentemente direcionada) para tipos espec\u00edficos de tumor (por exemplo, EGFR+, ALK+, BRAF+, etc.).<\/li>\n<\/ul>\n<h3 class=\"wp-block-heading\" id=\"principios-gerais\">Princ\u00edpios gerais<\/h3>\n<ul class=\"wp-block-list\">\n<li><strong>Personaliza\u00e7\u00e3o da estrat\u00e9gia<\/strong> dependendo do n\u00famero de focos, do estado funcional do paciente, do controle da doen\u00e7a sist\u00eamica e do subtipo molecular do tumor.<\/li>\n<li><strong>Tratamento sintom\u00e1tico<\/strong>: glicocortic\u00f3ides, anticonvulsivantes, anticoagulantes, etc.<\/li>\n<\/ul>\n<h3 class=\"wp-block-heading\" id=\"tratamento-para-metastases-solitarias\">Tratamento para met\u00e1stases solit\u00e1rias<\/h3>\n<ul class=\"wp-block-list\">\n<li><strong>Cirurgia<\/strong>: para focos grandes, sintom\u00e1ticos, superficiais (ou seja, pass\u00edveis de remo\u00e7\u00e3o) e com risco de vida. Aumenta a expectativa de vida em pacientes com bom estado funcional.<\/li>\n<li><strong>A SRS (radiocirurgia estereot\u00e1xica)<\/strong> \u00e9 uma alternativa para focos dif\u00edceis de alcan\u00e7ar ou pequenos (<3 cm), eficaz tanto ap\u00f3s a cirurgia quanto como m\u00e9todo independente. \u00c0s vezes usado antes da remo\u00e7\u00e3o cir\u00fargica para reduzir a probabilidade de recorr\u00eancia.<\/li>\n<li><strong>WBRT (radioterapia cerebral total)<\/strong>: como adjuvante (ap\u00f3s cirurgia) e\/ou quando a SRS e o tratamento cir\u00fargico n\u00e3o s\u00e3o poss\u00edveis.<\/li>\n<\/ul>\n<h3 class=\"wp-block-heading\" id=\"tratamento-para-metastases-multiplas\">Tratamento para met\u00e1stases m\u00faltiplas<\/h3>\n<ul class=\"wp-block-list\">\n<li>At\u00e9 4 focos (<3 cm cada) \u2014 preferencialmente SRS;<\/li>\n<li>5\u201310 focos \u2014 A SRS \u00e9 aceit\u00e1vel em pacientes selecionados;<\/li>\n<li>>10 focos ou >3 cm \u2014 A WBRT continua sendo o padr\u00e3o.<\/li>\n<\/ul>\n<h3 class=\"wp-block-heading\" id=\"wbrt-radioterapia-cerebral-total-eficacia-e-efeitos-colaterais\">WBRT (radioterapia cerebral total): efic\u00e1cia e efeitos colaterais<\/h3>\n<p>O efeito da radioterapia cerebral total (WBRT) \u00e9 controlar (estabilizar) os focos intracranianos e reduzir a incid\u00eancia de recorr\u00eancias intracranianas.<\/p>\n<p>\u00c9 utilizado em met\u00e1stases m\u00faltiplas (>10) e quando a SRS n\u00e3o \u00e9 poss\u00edvel, bem como em les\u00f5es leptomen\u00edngeas.<\/p>\n<p><strong>Efeitos colaterais<\/strong>:<\/p>\n<ul class=\"wp-block-list\">\n<li>Decl\u00ednio cognitivo;<\/li>\n<li>Leucoencefalopatia (les\u00e3o difusa da subst\u00e2ncia branca do c\u00e9rebro);<\/li>\n<li>Necrose por radia\u00e7\u00e3o (sua probabilidade aumenta com a repeti\u00e7\u00e3o da radioterapia).<\/li>\n<\/ul>\n<p><strong>Abordagens modernas<\/strong>: o uso de memantina (antagonista da NDMA) e radioterapia de intensidade modulada (IMRT) com exclus\u00e3o do hipocampo reduzem o risco de comprometimento cognitivo.<\/p>\n<h3 class=\"wp-block-heading\" id=\"o-papel-da-terapia-medicamentosa\">O papel da terapia medicamentosa<\/h3>\n<p>Desafios do tratamento medicamentoso das met\u00e1stases cerebrais:<\/p>\n<p>1. Barreira <strong><\/strong>hematoencef\u00e1lica (BBB):<\/p>\n<ul class=\"wp-block-list\">\n<li>Um filtro fisiol\u00f3gico que impede a maioria dos agentes quimioter\u00e1picos de penetrar no tecido cerebral. A maioria dos agentes citot\u00f3xicos cl\u00e1ssicos (cisplatina, paclitaxel, docetaxel) tem baixa permeabilidade atrav\u00e9s da BHE.<\/li>\n<li>\u00c9 parcialmente alterado na \u00e1rea da met\u00e1stase, mas nem sempre \u00e9 suficiente para uma concentra\u00e7\u00e3o eficaz do medicamento.<\/li>\n<\/ul>\n<p>2. Heterogeneidade do tumor:<\/p>\n<ul class=\"wp-block-list\">\n<li>O perfil molecular das met\u00e1stases pode diferir do tumor prim\u00e1rio.<\/li>\n<\/ul>\n<p>3. O ambiente imunoprivilegiado do c\u00e9rebro:<\/p>\n<ul class=\"wp-block-list\">\n<li>A menor atividade das c\u00e9lulas T e das c\u00e9lulas apresentadoras de ant\u00edgenos limita a efic\u00e1cia da imunoterapia.<\/li>\n<\/ul>\n<p>A terapia direcionada apresenta resultados encorajadores (o controle intracraniano pode atingir mais de 50-80%). \u00c9 utilizado em tumores com potencial sensibilidade \u00e0 terapia (por exemplo, c\u00e2ncer de pulm\u00e3o com EGFR\/ALK, melanoma com BRAF, c\u00e2ncer de mama HER2+). O uso de terapias direcionadas ou imunoterapia pode adiar ou substituir a radioterapia.<\/p>\n<p>A imunoterapia (inibidores PD-1\/PD-L1) pode ser eficaz no c\u00e2ncer de pulm\u00e3o n\u00e3o pequenas c\u00e9lulas metast\u00e1tico, melanoma e c\u00e2ncer de mama HER2+.<\/p>\n<p>A terapia CAR-T tem como alvo tumores que expressam certos ant\u00edgenos diferentes do tecido cerebral normal e tem mostrado resultados encorajadores em ensaios cl\u00ednicos, mas ainda n\u00e3o \u00e9 utilizada rotineiramente (o m\u00e9todo est\u00e1 em fase de ensaios cl\u00ednicos e \u00e9 atualmente experimental em oncologia do SNC; os estudos s\u00e3o limitados devido ao risco de toxicidade sist\u00eamica e efeitos imprevis\u00edveis no SNC).<\/p>\n<div class=\"social-banner-block\">\n<div class=\"social-banner-content\">\n<p class=\"h5-title text-black\">Encontra mais conte\u00fados cientificamente exactos nas nossas redes sociais<\/p>\n<p><span class=\"social-banner-text text-grey\">Subscreve e n\u00e3o percas os recursos mais recentes<\/span><\/p>\n<div class=\"social-links-wrapper\"><a class=\"social-icon-link\" href=\"https:\/\/www.facebook.com\/VOKA3DAnatomyAndPathology\/\" target=\"_blank\" rel=\"nofollow noopener\"><img decoding=\"async\" src=\"https:\/\/storage.googleapis.com\/dev_wiki_voka_io_303011\/common\/Social%20Icons\/facebook.svg\" alt=\"social link\"><\/a><a class=\"social-icon-link\" href=\"https:\/\/www.instagram.com\/voka.io\/\" target=\"_blank\" rel=\"nofollow noopener\"><img decoding=\"async\" src=\"https:\/\/storage.googleapis.com\/dev_wiki_voka_io_303011\/common\/Social%20Icons\/insta.svg\" alt=\"social link\"><\/a><a class=\"social-icon-link\" href=\"https:\/\/www.linkedin.com\/company\/voka-io\/posts\/?feedView=all\" target=\"_blank\" rel=\"nofollow noopener\"><img decoding=\"async\" src=\"https:\/\/storage.googleapis.com\/dev_wiki_voka_io_303011\/common\/Social%20Icons\/linkedin.svg\" alt=\"social link\"><\/a><a class=\"social-icon-link\" href=\"https:\/\/www.youtube.com\/@vokaio\" target=\"_blank\" rel=\"nofollow noopener\"><img decoding=\"async\" src=\"https:\/\/storage.googleapis.com\/dev_wiki_voka_io_303011\/common\/Social%20Icons\/youtube.svg\" alt=\"social link\"><\/a><a class=\"social-icon-link\" href=\"https:\/\/www.pinterest.com\/voka3danatomyandpathology\/\" target=\"_blank\" rel=\"nofollow noopener\"><img decoding=\"async\" src=\"https:\/\/storage.googleapis.com\/dev_wiki_voka_io_303011\/common\/Social%20Icons\/pinterest.svg\" alt=\"social link\"><\/a><a class=\"social-icon-link\" href=\"https:\/\/www.tiktok.com\/@voka.io\" target=\"_blank\" rel=\"nofollow noopener\"><img decoding=\"async\" src=\"https:\/\/storage.googleapis.com\/dev_wiki_voka_io_303011\/common\/Social%20Icons\/tiktok.svg\" alt=\"social link\"><\/a><a class=\"social-icon-link\" href=\"https:\/\/discord.gg\/7ejUpq8DRR\" target=\"_blank\" rel=\"nofollow noopener\"><img decoding=\"async\" src=\"https:\/\/storage.googleapis.com\/dev_wiki_voka_io_303011\/common\/Social%20Icons\/discord.svg\" alt=\"social link\"><\/a><\/div>\n<\/div>\n<p><img decoding=\"async\" class=\"social-banner-image\" loading=\"lazy\" src=\"https:\/\/storage.googleapis.com\/dev_wiki_voka_io_303011\/common\/social-media-banner-mobile-image.webp\" alt=\"Banner background\"><\/div>\n<h2 class=\"wp-block-heading\" id=\"prognostico-em-metastases-cerebrais\">Progn\u00f3stico em met\u00e1stases cerebrais<\/h2>\n<p>A escala de Avalia\u00e7\u00e3o Progn\u00f3stica Graduada Espec\u00edfica para a Doen\u00e7a (ds-GPA) \u00e9 a ferramenta progn\u00f3stica mais precisa para les\u00f5es cerebrais metast\u00e1ticas. Considera as caracter\u00edsticas biol\u00f3gicas e moleculares dos tumores prim\u00e1rios (al\u00e9m da idade, estado funcional KPS, n\u00famero de met\u00e1stases cerebrais e met\u00e1stases extracerebrais que s\u00e3o padr\u00e3o para o GPA). <\/p>\n<p>A escala \u00e9 utilizada para les\u00f5es cerebrais metast\u00e1ticas em c\u00e2ncer de pulm\u00e3o, melanoma, c\u00e2ncer de mama, c\u00e2ncer renal e c\u00e2ncer colorretal.<\/p>\n<p>Na pr\u00e1tica, esquemas progn\u00f3sticos r\u00edgidos e universais devem ser evitados em les\u00f5es cerebrais metast\u00e1ticas, preferindo-se uma abordagem individualizada com base no tipo de tumor prim\u00e1rio, perfil molecular, estado funcional do paciente e tratamentos dispon\u00edveis.<\/p>\n<p>O tratamento moderno das les\u00f5es cerebrais metast\u00e1ticas requer uma abordagem multidisciplinar baseada no tipo de tumor prim\u00e1rio e nas caracter\u00edsticas moleculares da met\u00e1stase, no n\u00famero e localiza\u00e7\u00e3o dos focos e no estado geral do paciente. A SRS e as terapias direcionadas est\u00e3o se tornando o tratamento de escolha na maioria dos pacientes com met\u00e1stases limitadas e tumores sens\u00edveis.<\/p>\n<div>\n<h2 class=\"faq-title h2-article\" id=\"faq\">FAQ<\/h2>\n<div class=\"faq-section\">\n<div class=\"faq-item faq-answer-hidden\">\n<div class=\"question-block\">\n<div class=\"faq-question\">\n<p class=\" text-black h5-title\">1. Que tipo de c\u00e2ncer costuma metastatizar para o c\u00e9rebro?<\/p>\n<\/div>\n<div class=\"faq-answer text-main-text-color main-text-medium\">O c\u00e2ncer de pulm\u00e3o metastatiza mais comumente para o c\u00e9rebro, representando at\u00e9 60% de todos os casos. O c\u00e2ncer de mama, melanoma, c\u00e2ncer renal e c\u00e2ncer colorretal tamb\u00e9m s\u00e3o causas comuns.<\/div>\n<\/div>\n<div class=\"expand-button-wrapper\"><button class=\"text-accent expand-button\">+<\/button><\/div>\n<\/div>\n<div class=\"faq-item faq-answer-hidden\">\n<div class=\"question-block\">\n<div class=\"faq-question\">\n<p class=\" text-black h5-title\">2. Como s\u00e3o as met\u00e1stases em uma resson\u00e2ncia magn\u00e9tica do c\u00e9rebro?<\/p>\n<\/div>\n<div class=\"faq-answer text-main-text-color main-text-medium\">A resson\u00e2ncia magn\u00e9tica com contraste \u00e9 o principal m\u00e9todo de diagn\u00f3stico. As met\u00e1stases s\u00e3o caracterizadas por m\u00faltiplos focos de forma arredondada com realce claro em forma de anel e incha\u00e7o acentuado do tecido circundante. A localiza\u00e7\u00e3o t\u00edpica dos focos \u00e9 a interface entre a subst\u00e2ncia cinzenta e a subst\u00e2ncia branca.<\/div>\n<\/div>\n<div class=\"expand-button-wrapper\"><button class=\"text-accent expand-button\">+<\/button><\/div>\n<\/div>\n<div class=\"faq-item faq-answer-hidden\">\n<div class=\"question-block\">\n<div class=\"faq-question\">\n<p class=\" text-black h5-title\">3. Qual \u00e9 a velocidade de crescimento das met\u00e1stases na cabe\u00e7a?<\/p>\n<\/div>\n<div class=\"faq-answer text-main-text-color main-text-medium\">A taxa de crescimento das met\u00e1stases \u00e9 geralmente elevada, resultando no aparecimento agudo ou subagudo de sintomas cl\u00ednicos. Isso os diferencia de muitos tumores cerebrais prim\u00e1rios, que podem se desenvolver mais lentamente.<\/div>\n<\/div>\n<div class=\"expand-button-wrapper\"><button class=\"text-accent expand-button\">+<\/button><\/div>\n<\/div>\n<div class=\"faq-item faq-answer-hidden\">\n<div class=\"question-block\">\n<div class=\"faq-question\">\n<p class=\" text-black h5-title\">4. O c\u00e2ncer pode ser curado se tiver metastatizado para o c\u00e9rebro?<\/p>\n<\/div>\n<div class=\"faq-answer text-main-text-color main-text-medium\">O tratamento atual visa controlar a doen\u00e7a, n\u00e3o cur\u00e1-la completamente. Uma estrat\u00e9gia personalizada que inclua cirurgia, radiocirurgia estereot\u00e1xica e terapia direcionada pode controlar os focos intracranianos e melhorar a qualidade de vida.<\/div>\n<\/div>\n<div class=\"expand-button-wrapper\"><button class=\"text-accent expand-button\">+<\/button><\/div>\n<\/div>\n<div class=\"faq-item faq-answer-hidden\">\n<div class=\"question-block\">\n<div class=\"faq-question\">\n<p class=\" text-black h5-title\">5. Qual \u00e9 a expectativa de vida para met\u00e1stases cerebrais?<\/p>\n<\/div>\n<div class=\"faq-answer text-main-text-color main-text-medium\">O progn\u00f3stico e a expectativa de vida variam individualmente. Dependem do tipo de tumor prim\u00e1rio, das suas caracter\u00edsticas moleculares, do n\u00famero de met\u00e1stases e do estado geral do paciente, que \u00e9 avaliado utilizando escalas progn\u00f3sticas especiais. <\/div>\n<\/div>\n<div class=\"expand-button-wrapper\"><button class=\"text-accent expand-button\">+<\/button><\/div>\n<\/div>\n<\/div>\n<\/div>\n<div class=\"sources-list-block sources-list-hidden\" id=\"referencias\">\n<div class=\"sources-list-content\">\n<div class=\"sources-list-title\">\n<p class=\"small-text-bold text-black sources-list-title-text\">Refer\u00eancias:<\/p>\n<div class=\"sources-expand-button-wrapper-mobile\">\n<div class=\"sources-expand-button\"><svg width=\"32\" height=\"32\" viewbox=\"0 0 32 32\" fill=\"none\" xmlns=\"http:\/\/www.w3.org\/2000\/svg\"><path d=\"M8 12L16 20L24 12\" stroke=\"#8C9AAB\" stroke-width=\"2\" stroke-linecap=\"round\" stroke-linejoin=\"round\"><\/path><\/svg><\/div>\n<\/div>\n<\/div>\n<div class=\"sources-list-items\">\n<div class=\"source-item\">\n<p class=\"main-text-semibold text-black\">1.<\/p>\n<div class=\"source-item-content\">\n<p class=\"main-text-semibold text-black\"><cite>Cat\u00e1logo VOKA. [Recurso eletr\u00f4nico]<\/cite><\/p>\n<p><span class=\"small-text-medium text-grey\">https:\/\/catalog.voka.io\/<\/span><\/div>\n<\/div>\n<div class=\"source-item\">\n<p class=\"main-text-semibold text-black\">2.<\/p>\n<div class=\"source-item-content\">\n<p class=\"main-text-semibold text-black\"><cite>Vogelbaum MA, Brown PD, Messersmith H, Brastianos PK, Burri S, Cahill D, Dunn IF, Gaspar LE, Gatson NTN, Gondi V, Jordan JT, Lassman AB, Maues J, Mohile N, Redjal N, Stevens G, Sulman E, van den Bent M, Wallace HJ, Weinberg JS, Zadeh G, Schiff D. Treatment for Brain Metastases: ASCO-SNO-ASTRO Guideline. J Clin Oncol. 2022 Feb 10;40(5):492-516. doi: 10.1200\/JCO.21.02314. Epub 2021 Dec 21. Erratum in: J Clin Oncol. 2022 Apr 20;40(12):1392. doi: 10.1200\/JCO.22.00593. PMID: 34932393.<\/cite><\/p>\n<\/div>\n<\/div>\n<div class=\"source-item\">\n<p class=\"main-text-semibold text-black\">3.<\/p>\n<div class=\"source-item-content\">\n<p class=\"main-text-semibold text-black\"><cite>Brenner AW, Patel AJ. Review of Current Principles of the Diagnosis and Management of Brain Metastases. Front Oncol. 2022 May 24;12:857622. doi: 10.3389\/fonc.2022.857622. PMID: 35686091; PMCID: PMC9171239.<\/cite><\/p>\n<\/div>\n<\/div>\n<div class=\"source-item\">\n<p class=\"main-text-semibold text-black\">4.<\/p>\n<div class=\"source-item-content\">\n<p class=\"main-text-semibold text-black\"><cite>Aizer AA, Lamba N, Ahluwalia MS, Aldape K, Boire A, Brastianos PK, Brown PD, Camidge DR, Chiang VL, Davies MA, Hu LS, Huang RY, Kaufmann T, Kumthekar P, Lam K, Lee EQ, Lin NU, Mehta M, Parsons M, Reardon DA, Sheehan J, Soffietti R, Tawbi H, Weller M, Wen PY. Brain metastases: A Society for Neuro-Oncology (SNO) consensus review on current management and future directions. Neuro Oncol. 2022 Oct 3;24(10):1613-1646. doi: 10.1093\/neuonc\/noac118. PMID: 35762249; PMCID: PMC9527527.<\/cite><\/p>\n<\/div>\n<\/div>\n<div class=\"source-item\">\n<p class=\"main-text-semibold text-black\">5.<\/p>\n<div class=\"source-item-content\">\n<p class=\"main-text-semibold text-black\"><cite>Habbous S, Forster K, Darling G, Jerzak K, Holloway CMB, Sahgal A, Das S. Incidence and real-world burden of brain metastases from solid tumors and hematologic malignancies in Ontario: a population-based study. Neurooncol Adv. 22 de dezembro de 2020; 3(1):vdaa178. doi: 10.1093\/noajnl\/vdaa178. PMID: 33585818; PMCID: PMC7872008.<\/cite><\/p>\n<\/div>\n<\/div>\n<div class=\"source-item\">\n<p class=\"main-text-semibold text-black\">6.<\/p>\n<div class=\"source-item-content\">\n<p class=\"main-text-semibold text-black\"><cite>Sener U, Wilcox JA, Boire AA. Leptomeningeal Disease: Current Approaches and Future Directions. Curr Neurol Neurosci Rep. 2025 Mar 18;25(1):25. doi: 10.1007\/s11910-025-01412-y. PMID: 40100294; PMCID: PMC11920312.<\/cite><\/p>\n<\/div>\n<\/div>\n<div class=\"source-item\">\n<p class=\"main-text-semibold text-black\">7.<\/p>\n<div class=\"source-item-content\">\n<p class=\"main-text-semibold text-black\"><cite>Sperduto PW, Kased N, Roberge D, Xu Z, Shanley R, Luo X, Sneed PK, Chao ST, Weil RJ, Suh J, Bhatt A, Jensen AW, Brown PD, Shih HA, Kirkpatrick J, Gaspar LE, Fiveash JB, Chiang V, Knisely JP, Sperduto CM, Lin N, Mehta M. Summary report on the graded prognostic assessment: an accurate and facile diagnosis-specific tool to estimate survival for patients with brain metastases. J Clin Oncol. 2012 Feb 1;30(4):419-25. doi: 10.1200\/JCO.2011.38.0527. Epub 2011 Dec 27. PMID: 22203767; PMCID: PMC3269967.<\/cite><\/p>\n<\/div>\n<\/div>\n<div class=\"source-item\">\n<p class=\"main-text-semibold text-black\">8.<\/p>\n<div class=\"source-item-content\">\n<p class=\"main-text-semibold text-black\"><cite>Huntoon K, Elder JB, Finger G, Ormond DR, Redjal N, Linskey ME, Olson JJ. Congress of Neurological Surgeons Systematic Review and Evidence-Based Guidelines Update for the Role of Emerging Therapies in the Management of Patients With Metastatic Brain Tumors. Neurosurgery. 1 de junho de 2025; 96(6):1172-1177. doi: 10.1227\/neu.0000000000003383. Epub 2025 Mar 17. PMID: 40094364.<\/cite><\/p>\n<\/div>\n<\/div>\n<div class=\"source-item\">\n<p class=\"main-text-semibold text-black\">9.<\/p>\n<div class=\"source-item-content\">\n<p class=\"main-text-semibold text-black\"><cite>Jacob Sperber, Seeley Yoo, Edwin Owolo, Tara Dalton, Tanner J Zachem, Eli Johnson, James E Herndon, Annee D Nguyen, Harrison Hockenberry, Brandon Bishop, Nancy Abu-Bonsrah, Steven H Cook, Peter E Fecci, Paul W Sperduto, Margaret O Johnson, Melissa M Erickson, C Rory Goodwin, Validation of the graded prognostic assessment and recursive partitioning analysis as prognostic tools using a modern cohort of patients with brain metastases, Neuro-Oncology Practice, Volume 11, Issue 6, December 2024, Pages 763\u2013771.<\/cite><\/p>\n<\/div>\n<\/div>\n<div class=\"source-item\">\n<p class=\"main-text-semibold text-black\">10.<\/p>\n<div class=\"source-item-content\">\n<p class=\"main-text-semibold text-black\"><cite>Brozos-V\u00e1zquez EM, Rodr\u00edguez-L\u00f3pez C, Cortegoso-Mosquera A, L\u00f3pez-Landrove S, Muinelo-Romay L, Garc\u00eda-Gonz\u00e1lez J, L\u00f3pez-L\u00f3pez R, Le\u00f3n-Mateos L. Immunotherapy in patients with brain metastasis: advances and challenges for the treatment and the application of circulating biomarkers. Front Immunol. 3 de novembro de 2023; 14:1221113. doi: 10.3389\/fimmu.2023.1221113. PMID: 38022574; PMCID: PMC10654987.<\/cite><\/p>\n<\/div>\n<\/div>\n<\/div>\n<\/div>\n<div class=\"sources-expand-button-wrapper\">\n<div class=\"sources-expand-button\"><svg width=\"32\" height=\"32\" viewbox=\"0 0 32 32\" fill=\"none\" xmlns=\"http:\/\/www.w3.org\/2000\/svg\"><path d=\"M8 12L16 20L24 12\" stroke=\"#8C9AAB\" stroke-width=\"2\" stroke-linecap=\"round\" stroke-linejoin=\"round\"><\/path><\/svg><\/div>\n<\/div>\n<\/div>\n","protected":false},"excerpt":{"rendered":"<p>As met\u00e1stases s\u00e3o os tumores intracranianos mais comuns em adultos, ocorrendo com mais frequ\u00eancia do que os tumores cerebrais prim\u00e1rios. Na maioria dos casos, as les\u00f5es metast\u00e1ticas do c\u00e9rebro s\u00e3o diagnosticadas ap\u00f3s um processo maligno sist\u00eamico j\u00e1 estabelecido, mas em alguns pacientes pode ser a primeira manifesta\u00e7\u00e3o do tumor. Etiologia Cinco tumores prim\u00e1rios s\u00e3o respons\u00e1veis [&hellip;]<\/p>\n","protected":false},"author":11,"featured_media":0,"template":"","diseases_category":[352],"class_list":["post-2226","diseases_post","type-diseases_post","status-publish","hentry","diseases_category-oncologia"],"acf":[],"yoast_head":"<!-- This site is optimized with the Yoast SEO Premium plugin v25.0 (Yoast SEO v26.5) - https:\/\/yoast.com\/wordpress\/plugins\/seo\/ -->\n<title>Met\u00e1stases cerebrais: causas, etiologia, sintomas, diagn\u00f3stico, tratamento e progn\u00f3stico<\/title>\n<meta name=\"description\" content=\"As met\u00e1stases s\u00e3o os tumores cerebrais mais frequentes em adultos, surgindo no contexto de outros processos malignos sist\u00eamicos. Saiba mais sobre os sintomas, os m\u00e9todos de diagn\u00f3stico atuais e o tratamento.\" \/>\n<meta name=\"robots\" content=\"noindex, follow, max-snippet:-1, max-image-preview:large, max-video-preview:-1\" \/>\n<meta property=\"og:locale\" content=\"pt_PT\" \/>\n<meta property=\"og:type\" content=\"article\" \/>\n<meta property=\"og:title\" content=\"Met\u00e1stases cerebrais: classifica\u00e7\u00e3o, etiologia, sintomas, diagn\u00f3stico, tratamento e progn\u00f3stico\" \/>\n<meta property=\"og:description\" content=\"As met\u00e1stases s\u00e3o os tumores cerebrais mais frequentes em adultos, surgindo no contexto de outros processos malignos sist\u00eamicos. Saiba mais sobre os sintomas, os m\u00e9todos de diagn\u00f3stico atuais e o tratamento.\" \/>\n<meta property=\"og:url\" content=\"https:\/\/wiki.dev.voka.io\/pt\/doencas\/oncologia\/metastases-cerebrais\/\" \/>\n<meta property=\"og:site_name\" content=\"Voka Wiki\" \/>\n<meta property=\"article:publisher\" content=\"https:\/\/www.facebook.com\/VOKA3DAnatomyAndPathology\/\" \/>\n<meta property=\"article:modified_time\" content=\"2025-12-23T13:03:31+00:00\" \/>\n<meta property=\"og:image\" content=\"https:\/\/storage.googleapis.com\/dev_wiki_voka_io_303011\/articles\/Oncology\/brain-metastases\/kidney-cancer-spread-to-left-brain.webp\" \/>\n<meta name=\"twitter:card\" content=\"summary_large_image\" \/>\n<meta name=\"twitter:label1\" content=\"Tempo estimado de leitura\" \/>\n\t<meta name=\"twitter:data1\" content=\"13 minutos\" \/>\n<script type=\"application\/ld+json\" class=\"yoast-schema-graph\">{\"@context\":\"https:\/\/schema.org\",\"@graph\":[{\"@type\":\"Article\",\"@id\":\"https:\/\/wiki.dev.voka.io\/pt\/doencas\/oncologia\/metastases-cerebrais\/#article\",\"isPartOf\":{\"@id\":\"https:\/\/wiki.dev.voka.io\/pt\/doencas\/oncologia\/metastases-cerebrais\/\"},\"author\":{\"name\":\"Artemiy G.\",\"@id\":\"https:\/\/wiki.dev.voka.io\/pt\/#\/schema\/person\/ab068df9b8f89e81a4974c8fc3697690\"},\"headline\":\"Met\u00e1stases cerebrais: classifica\u00e7\u00e3o, etiologia, sintomas, diagn\u00f3stico, tratamento e progn\u00f3stico\",\"datePublished\":\"2025-12-23T13:03:24+00:00\",\"dateModified\":\"2025-12-23T13:03:31+00:00\",\"mainEntityOfPage\":{\"@id\":\"https:\/\/wiki.dev.voka.io\/pt\/doencas\/oncologia\/metastases-cerebrais\/\"},\"wordCount\":2691,\"publisher\":{\"@id\":\"https:\/\/wiki.dev.voka.io\/pt\/#organization\"},\"image\":{\"@id\":\"https:\/\/wiki.dev.voka.io\/pt\/doencas\/oncologia\/metastases-cerebrais\/#primaryimage\"},\"thumbnailUrl\":\"https:\/\/storage.googleapis.com\/dev_wiki_voka_io_303011\/articles\/Oncology\/brain-metastases\/kidney-cancer-spread-to-left-brain.webp\",\"inLanguage\":\"pt-PT\"},{\"@type\":\"WebPage\",\"@id\":\"https:\/\/wiki.dev.voka.io\/pt\/doencas\/oncologia\/metastases-cerebrais\/\",\"url\":\"https:\/\/wiki.dev.voka.io\/pt\/doencas\/oncologia\/metastases-cerebrais\/\",\"name\":\"Met\u00e1stases cerebrais: causas, etiologia, sintomas, diagn\u00f3stico, tratamento e progn\u00f3stico\",\"isPartOf\":{\"@id\":\"https:\/\/wiki.dev.voka.io\/pt\/#website\"},\"primaryImageOfPage\":{\"@id\":\"https:\/\/wiki.dev.voka.io\/pt\/doencas\/oncologia\/metastases-cerebrais\/#primaryimage\"},\"image\":{\"@id\":\"https:\/\/wiki.dev.voka.io\/pt\/doencas\/oncologia\/metastases-cerebrais\/#primaryimage\"},\"thumbnailUrl\":\"https:\/\/storage.googleapis.com\/dev_wiki_voka_io_303011\/articles\/Oncology\/brain-metastases\/kidney-cancer-spread-to-left-brain.webp\",\"datePublished\":\"2025-12-23T13:03:24+00:00\",\"dateModified\":\"2025-12-23T13:03:31+00:00\",\"description\":\"As met\u00e1stases s\u00e3o os tumores cerebrais mais frequentes em adultos, surgindo no contexto de outros processos malignos sist\u00eamicos. Saiba mais sobre os sintomas, os m\u00e9todos de diagn\u00f3stico atuais e o tratamento.\",\"breadcrumb\":{\"@id\":\"https:\/\/wiki.dev.voka.io\/pt\/doencas\/oncologia\/metastases-cerebrais\/#breadcrumb\"},\"inLanguage\":\"pt-PT\",\"potentialAction\":[{\"@type\":\"ReadAction\",\"target\":[\"https:\/\/wiki.dev.voka.io\/pt\/doencas\/oncologia\/metastases-cerebrais\/\"]}]},{\"@type\":\"ImageObject\",\"inLanguage\":\"pt-PT\",\"@id\":\"https:\/\/wiki.dev.voka.io\/pt\/doencas\/oncologia\/metastases-cerebrais\/#primaryimage\",\"url\":\"https:\/\/storage.googleapis.com\/dev_wiki_voka_io_303011\/articles\/Oncology\/brain-metastases\/kidney-cancer-spread-to-left-brain.webp\",\"contentUrl\":\"https:\/\/storage.googleapis.com\/dev_wiki_voka_io_303011\/articles\/Oncology\/brain-metastases\/kidney-cancer-spread-to-left-brain.webp\"},{\"@type\":\"BreadcrumbList\",\"@id\":\"https:\/\/wiki.dev.voka.io\/pt\/doencas\/oncologia\/metastases-cerebrais\/#breadcrumb\",\"itemListElement\":[{\"@type\":\"ListItem\",\"position\":1,\"name\":\"Home\",\"item\":\"https:\/\/wiki.dev.voka.io\/pt\/\"},{\"@type\":\"ListItem\",\"position\":2,\"name\":\"Oncologia\",\"item\":\"https:\/\/wiki.dev.voka.io\/pt\/doencas\/oncologia\/\"},{\"@type\":\"ListItem\",\"position\":3,\"name\":\"Met\u00e1stases cerebrais: classifica\u00e7\u00e3o, etiologia, sintomas, diagn\u00f3stico, tratamento e progn\u00f3stico\"}]},{\"@type\":\"WebSite\",\"@id\":\"https:\/\/wiki.dev.voka.io\/pt\/#website\",\"url\":\"https:\/\/wiki.dev.voka.io\/pt\/\",\"name\":\"Voka Wiki\",\"description\":\"\",\"publisher\":{\"@id\":\"https:\/\/wiki.dev.voka.io\/pt\/#organization\"},\"alternateName\":\"Anatomy & Pathology Wiki by VOKA\",\"potentialAction\":[{\"@type\":\"SearchAction\",\"target\":{\"@type\":\"EntryPoint\",\"urlTemplate\":\"https:\/\/wiki.dev.voka.io\/pt\/?s={search_term_string}\"},\"query-input\":{\"@type\":\"PropertyValueSpecification\",\"valueRequired\":true,\"valueName\":\"search_term_string\"}}],\"inLanguage\":\"pt-PT\"},{\"@type\":\"Organization\",\"@id\":\"https:\/\/wiki.dev.voka.io\/pt\/#organization\",\"name\":\"Voka 3D Anatomy & Pathology\",\"alternateName\":\"VOKA\",\"url\":\"https:\/\/wiki.dev.voka.io\/pt\/\",\"logo\":{\"@type\":\"ImageObject\",\"inLanguage\":\"pt-PT\",\"@id\":\"https:\/\/wiki.dev.voka.io\/pt\/#\/schema\/logo\/image\/\",\"url\":\"https:\/\/wiki.dev.voka.io\/wp-content\/uploads\/2025\/02\/cropped-voka-logo-1.png\",\"contentUrl\":\"https:\/\/wiki.dev.voka.io\/wp-content\/uploads\/2025\/02\/cropped-voka-logo-1.png\",\"width\":70,\"height\":16,\"caption\":\"Voka 3D Anatomy & Pathology\"},\"image\":{\"@id\":\"https:\/\/wiki.dev.voka.io\/pt\/#\/schema\/logo\/image\/\"},\"sameAs\":[\"https:\/\/www.facebook.com\/VOKA3DAnatomyAndPathology\/\",\"https:\/\/www.instagram.com\/voka.io\/\",\"https:\/\/www.linkedin.com\/company\/voka-io\/\",\"https:\/\/www.youtube.com\/channel\/UCqGGuOEpr62ScH8Pjk2q5zw\/videos\",\"https:\/\/www.pinterest.com\/VokaAnatomyPro\/\",\"https:\/\/www.threads.com\/@voka.io\"],\"description\":\"VOKA.io offers 3D medical animations and custom 3D modeling services. Our product, VOKA 3D Anatomy & Pathology, is a digital atlas with over 1,000 detailed 3D models of human anatomy and pathology, designed for medical education, training, and patient communication.\",\"email\":\"info@voka.io\",\"telephone\":\"+1 814 351 4442\",\"legalName\":\"Voka 3D Anatomy & Pathology\",\"foundingDate\":\"2017-02-12\",\"naics\":\"541512\",\"numberOfEmployees\":{\"@type\":\"QuantitativeValue\",\"minValue\":\"51\",\"maxValue\":\"200\"},\"publishingPrinciples\":\"https:\/\/wiki.voka.io\/pt\/principios-de-publicacao\/\"},{\"@type\":\"Person\",\"@id\":\"https:\/\/wiki.dev.voka.io\/pt\/#\/schema\/person\/ab068df9b8f89e81a4974c8fc3697690\",\"name\":\"Artemiy G.\",\"image\":{\"@type\":\"ImageObject\",\"inLanguage\":\"pt-PT\",\"@id\":\"https:\/\/wiki.dev.voka.io\/pt\/#\/schema\/person\/image\/\",\"url\":\"https:\/\/secure.gravatar.com\/avatar\/41c2ff0508515a8e31a999a47b4643f8332f73d15d3a8e06b016e20b8327c52d?s=96&d=mm&r=g\",\"contentUrl\":\"https:\/\/secure.gravatar.com\/avatar\/41c2ff0508515a8e31a999a47b4643f8332f73d15d3a8e06b016e20b8327c52d?s=96&d=mm&r=g\",\"caption\":\"Artemiy G.\"}}]}<\/script>\n<!-- \/ Yoast SEO Premium plugin. -->","yoast_head_json":{"title":"Met\u00e1stases cerebrais: causas, etiologia, sintomas, diagn\u00f3stico, tratamento e progn\u00f3stico","description":"As met\u00e1stases s\u00e3o os tumores cerebrais mais frequentes em adultos, surgindo no contexto de outros processos malignos sist\u00eamicos. Saiba mais sobre os sintomas, os m\u00e9todos de diagn\u00f3stico atuais e o tratamento.","robots":{"index":"noindex","follow":"follow","max-snippet":"max-snippet:-1","max-image-preview":"max-image-preview:large","max-video-preview":"max-video-preview:-1"},"og_locale":"pt_PT","og_type":"article","og_title":"Met\u00e1stases cerebrais: classifica\u00e7\u00e3o, etiologia, sintomas, diagn\u00f3stico, tratamento e progn\u00f3stico","og_description":"As met\u00e1stases s\u00e3o os tumores cerebrais mais frequentes em adultos, surgindo no contexto de outros processos malignos sist\u00eamicos. Saiba mais sobre os sintomas, os m\u00e9todos de diagn\u00f3stico atuais e o tratamento.","og_url":"https:\/\/wiki.dev.voka.io\/pt\/doencas\/oncologia\/metastases-cerebrais\/","og_site_name":"Voka Wiki","article_publisher":"https:\/\/www.facebook.com\/VOKA3DAnatomyAndPathology\/","article_modified_time":"2025-12-23T13:03:31+00:00","og_image":[{"url":"https:\/\/storage.googleapis.com\/dev_wiki_voka_io_303011\/articles\/Oncology\/brain-metastases\/kidney-cancer-spread-to-left-brain.webp","type":"","width":"","height":""}],"twitter_card":"summary_large_image","twitter_misc":{"Tempo estimado de leitura":"13 minutos"},"schema":{"@context":"https:\/\/schema.org","@graph":[{"@type":"Article","@id":"https:\/\/wiki.dev.voka.io\/pt\/doencas\/oncologia\/metastases-cerebrais\/#article","isPartOf":{"@id":"https:\/\/wiki.dev.voka.io\/pt\/doencas\/oncologia\/metastases-cerebrais\/"},"author":{"name":"Artemiy G.","@id":"https:\/\/wiki.dev.voka.io\/pt\/#\/schema\/person\/ab068df9b8f89e81a4974c8fc3697690"},"headline":"Met\u00e1stases cerebrais: classifica\u00e7\u00e3o, etiologia, sintomas, diagn\u00f3stico, tratamento e progn\u00f3stico","datePublished":"2025-12-23T13:03:24+00:00","dateModified":"2025-12-23T13:03:31+00:00","mainEntityOfPage":{"@id":"https:\/\/wiki.dev.voka.io\/pt\/doencas\/oncologia\/metastases-cerebrais\/"},"wordCount":2691,"publisher":{"@id":"https:\/\/wiki.dev.voka.io\/pt\/#organization"},"image":{"@id":"https:\/\/wiki.dev.voka.io\/pt\/doencas\/oncologia\/metastases-cerebrais\/#primaryimage"},"thumbnailUrl":"https:\/\/storage.googleapis.com\/dev_wiki_voka_io_303011\/articles\/Oncology\/brain-metastases\/kidney-cancer-spread-to-left-brain.webp","inLanguage":"pt-PT"},{"@type":"WebPage","@id":"https:\/\/wiki.dev.voka.io\/pt\/doencas\/oncologia\/metastases-cerebrais\/","url":"https:\/\/wiki.dev.voka.io\/pt\/doencas\/oncologia\/metastases-cerebrais\/","name":"Met\u00e1stases cerebrais: causas, etiologia, sintomas, diagn\u00f3stico, tratamento e progn\u00f3stico","isPartOf":{"@id":"https:\/\/wiki.dev.voka.io\/pt\/#website"},"primaryImageOfPage":{"@id":"https:\/\/wiki.dev.voka.io\/pt\/doencas\/oncologia\/metastases-cerebrais\/#primaryimage"},"image":{"@id":"https:\/\/wiki.dev.voka.io\/pt\/doencas\/oncologia\/metastases-cerebrais\/#primaryimage"},"thumbnailUrl":"https:\/\/storage.googleapis.com\/dev_wiki_voka_io_303011\/articles\/Oncology\/brain-metastases\/kidney-cancer-spread-to-left-brain.webp","datePublished":"2025-12-23T13:03:24+00:00","dateModified":"2025-12-23T13:03:31+00:00","description":"As met\u00e1stases s\u00e3o os tumores cerebrais mais frequentes em adultos, surgindo no contexto de outros processos malignos sist\u00eamicos. Saiba mais sobre os sintomas, os m\u00e9todos de diagn\u00f3stico atuais e o tratamento.","breadcrumb":{"@id":"https:\/\/wiki.dev.voka.io\/pt\/doencas\/oncologia\/metastases-cerebrais\/#breadcrumb"},"inLanguage":"pt-PT","potentialAction":[{"@type":"ReadAction","target":["https:\/\/wiki.dev.voka.io\/pt\/doencas\/oncologia\/metastases-cerebrais\/"]}]},{"@type":"ImageObject","inLanguage":"pt-PT","@id":"https:\/\/wiki.dev.voka.io\/pt\/doencas\/oncologia\/metastases-cerebrais\/#primaryimage","url":"https:\/\/storage.googleapis.com\/dev_wiki_voka_io_303011\/articles\/Oncology\/brain-metastases\/kidney-cancer-spread-to-left-brain.webp","contentUrl":"https:\/\/storage.googleapis.com\/dev_wiki_voka_io_303011\/articles\/Oncology\/brain-metastases\/kidney-cancer-spread-to-left-brain.webp"},{"@type":"BreadcrumbList","@id":"https:\/\/wiki.dev.voka.io\/pt\/doencas\/oncologia\/metastases-cerebrais\/#breadcrumb","itemListElement":[{"@type":"ListItem","position":1,"name":"Home","item":"https:\/\/wiki.dev.voka.io\/pt\/"},{"@type":"ListItem","position":2,"name":"Oncologia","item":"https:\/\/wiki.dev.voka.io\/pt\/doencas\/oncologia\/"},{"@type":"ListItem","position":3,"name":"Met\u00e1stases cerebrais: classifica\u00e7\u00e3o, etiologia, sintomas, diagn\u00f3stico, tratamento e progn\u00f3stico"}]},{"@type":"WebSite","@id":"https:\/\/wiki.dev.voka.io\/pt\/#website","url":"https:\/\/wiki.dev.voka.io\/pt\/","name":"Voka Wiki","description":"","publisher":{"@id":"https:\/\/wiki.dev.voka.io\/pt\/#organization"},"alternateName":"Anatomy & Pathology Wiki by VOKA","potentialAction":[{"@type":"SearchAction","target":{"@type":"EntryPoint","urlTemplate":"https:\/\/wiki.dev.voka.io\/pt\/?s={search_term_string}"},"query-input":{"@type":"PropertyValueSpecification","valueRequired":true,"valueName":"search_term_string"}}],"inLanguage":"pt-PT"},{"@type":"Organization","@id":"https:\/\/wiki.dev.voka.io\/pt\/#organization","name":"Voka 3D Anatomy & Pathology","alternateName":"VOKA","url":"https:\/\/wiki.dev.voka.io\/pt\/","logo":{"@type":"ImageObject","inLanguage":"pt-PT","@id":"https:\/\/wiki.dev.voka.io\/pt\/#\/schema\/logo\/image\/","url":"https:\/\/wiki.dev.voka.io\/wp-content\/uploads\/2025\/02\/cropped-voka-logo-1.png","contentUrl":"https:\/\/wiki.dev.voka.io\/wp-content\/uploads\/2025\/02\/cropped-voka-logo-1.png","width":70,"height":16,"caption":"Voka 3D Anatomy & Pathology"},"image":{"@id":"https:\/\/wiki.dev.voka.io\/pt\/#\/schema\/logo\/image\/"},"sameAs":["https:\/\/www.facebook.com\/VOKA3DAnatomyAndPathology\/","https:\/\/www.instagram.com\/voka.io\/","https:\/\/www.linkedin.com\/company\/voka-io\/","https:\/\/www.youtube.com\/channel\/UCqGGuOEpr62ScH8Pjk2q5zw\/videos","https:\/\/www.pinterest.com\/VokaAnatomyPro\/","https:\/\/www.threads.com\/@voka.io"],"description":"VOKA.io offers 3D medical animations and custom 3D modeling services. Our product, VOKA 3D Anatomy & Pathology, is a digital atlas with over 1,000 detailed 3D models of human anatomy and pathology, designed for medical education, training, and patient communication.","email":"info@voka.io","telephone":"+1 814 351 4442","legalName":"Voka 3D Anatomy & Pathology","foundingDate":"2017-02-12","naics":"541512","numberOfEmployees":{"@type":"QuantitativeValue","minValue":"51","maxValue":"200"},"publishingPrinciples":"https:\/\/wiki.voka.io\/pt\/principios-de-publicacao\/"},{"@type":"Person","@id":"https:\/\/wiki.dev.voka.io\/pt\/#\/schema\/person\/ab068df9b8f89e81a4974c8fc3697690","name":"Artemiy G.","image":{"@type":"ImageObject","inLanguage":"pt-PT","@id":"https:\/\/wiki.dev.voka.io\/pt\/#\/schema\/person\/image\/","url":"https:\/\/secure.gravatar.com\/avatar\/41c2ff0508515a8e31a999a47b4643f8332f73d15d3a8e06b016e20b8327c52d?s=96&d=mm&r=g","contentUrl":"https:\/\/secure.gravatar.com\/avatar\/41c2ff0508515a8e31a999a47b4643f8332f73d15d3a8e06b016e20b8327c52d?s=96&d=mm&r=g","caption":"Artemiy G."}}]}},"_links":{"self":[{"href":"https:\/\/wiki.dev.voka.io\/pt\/wp-json\/wp\/v2\/diseases_post\/2226","targetHints":{"allow":["GET"]}}],"collection":[{"href":"https:\/\/wiki.dev.voka.io\/pt\/wp-json\/wp\/v2\/diseases_post"}],"about":[{"href":"https:\/\/wiki.dev.voka.io\/pt\/wp-json\/wp\/v2\/types\/diseases_post"}],"author":[{"embeddable":true,"href":"https:\/\/wiki.dev.voka.io\/pt\/wp-json\/wp\/v2\/users\/11"}],"wp:attachment":[{"href":"https:\/\/wiki.dev.voka.io\/pt\/wp-json\/wp\/v2\/media?parent=2226"}],"wp:term":[{"taxonomy":"diseases_category","embeddable":true,"href":"https:\/\/wiki.dev.voka.io\/pt\/wp-json\/wp\/v2\/diseases_category?post=2226"}],"curies":[{"name":"wp","href":"https:\/\/api.w.org\/{rel}","templated":true}]}}