{"id":2210,"date":"2025-12-23T16:02:07","date_gmt":"2025-12-23T13:02:07","guid":{"rendered":"https:\/\/wiki.dev.voka.io\/?post_type=diseases_post&#038;p=2210"},"modified":"2025-12-23T16:02:28","modified_gmt":"2025-12-23T13:02:28","slug":"fraturas-nasais-externas","status":"publish","type":"diseases_post","link":"https:\/\/wiki.dev.voka.io\/pt\/doencas\/otorrinolaringologicas\/fraturas-nasais-externas\/","title":{"rendered":"Fraturas nasais externas: classifica\u00e7\u00e3o, sintomas, diagn\u00f3stico e tratamento"},"content":{"rendered":"<p><?xml encoding=\"UTF-8\" ?><\/p>\n<p>A fratura do osso nasal \u00e9 uma viola\u00e7\u00e3o da integridade estrutural da estrutura osteocartilaginosa nasal devido a um impacto mec\u00e2nico. <\/p>\n<h2 class=\"wp-block-heading\" id=\"etiologia\"><strong>Etiologia<\/strong><\/h2>\n<p>Essa condi\u00e7\u00e3o \u00e9 a mais comum entre todos os tipos de les\u00f5es, especialmente entre as les\u00f5es na regi\u00e3o facial. As causas de fraturas incluem acidentes dom\u00e9sticos e de tr\u00e2nsito, quedas na rua e les\u00f5es esportivas. <\/p>\n<h2 class=\"wp-block-heading\" id=\"classificacao-das-fraturas-nasais\"><strong>Classifica\u00e7\u00e3o das fraturas nasais<\/strong><\/h2>\n<p>As fraturas do osso nasal n\u00e3o possuem uma classifica\u00e7\u00e3o universalmente aceita. Tentamos compilar as causas mais comuns utilizadas na pr\u00e1tica cl\u00ednica. <\/p>\n<p>Esse tipo de les\u00e3o afeta os ossos nasais, os processos frontais da maxila e o septo nasal. <\/p>\n<h3 class=\"wp-block-heading\" id=\"fratura-do-osso-nasal\"><strong>Fratura do osso nasal<\/strong><\/h3>\n<ul class=\"wp-block-list\">\n<li>Fratura fechada deslocada do osso nasal;<\/li>\n<li>Fratura fechada n\u00e3o deslocada do osso nasal;<\/li>\n<li>Fratura exposta e deslocada do osso nasal;<\/li>\n<li>Fratura exposta n\u00e3o deslocada do osso nasal;<\/li>\n<li>Les\u00e3o do septo nasal.<\/li>\n<\/ul>\n<h3 class=\"wp-block-heading\" id=\"fratura-do-osso-nasal-johnson-2013\"><strong>Fratura do osso nasal (Johnson, 2013)<\/strong><\/h3>\n<ul class=\"wp-block-list\">\n<li><strong>Tipo 1<\/strong>: fratura simples sem deslocamento;<\/li>\n<li><strong>Tipo 2<\/strong>: fratura simples com distor\u00e7\u00e3o;<\/li>\n<li><strong>Tipo 3<\/strong>: fratura nasal cominutiva;<\/li>\n<li><strong>Tipo 4<\/strong>: fraturas com deslocamento e deforma\u00e7\u00e3o significativos do nariz;<\/li>\n<li><strong>Tipo 5<\/strong>: fraturas combinadas.<\/li>\n<\/ul>\n<h2 class=\"wp-block-heading\" id=\"anatomia\"><strong>Anatomia<\/strong><\/h2>\n<h3 class=\"wp-block-heading\" id=\"mecanismo-das-fraturas-nasais\"><strong>Mecanismo das fraturas nasais<\/strong><\/h3>\n<p>A extens\u00e3o e a natureza dos danos dependem da intensidade e da dire\u00e7\u00e3o do fator causador do dano, conforme descrito abaixo. <\/p>\n<ul class=\"wp-block-list\">\n<li><strong>Com uma leve for\u00e7a aplicada,<\/strong> aparece uma linha de fratura ou rachadura, e nenhum deslocamento de fragmentos \u00f3sseos \u00e9 observado. <\/li>\n<li>Al\u00e9m disso, normalmente n\u00e3o h\u00e1 deslocamento de fragmentos \u00f3sseos quando <strong>a parede nasal lateral do nariz \u00e9 atingida<\/strong>. Isso danifica a cartilagem quadrangular do septo nasal, causando uma fratura horizontal ou deslocamento. No entanto, se uma for\u00e7a significativa for aplicada, a parte cartilaginosa das asas do nariz pode ir para tr\u00e1s dos processos frontais da maxila, formando uma deforma\u00e7\u00e3o em forma de sela. Est\u00e1 associada a uma fratura do septo nasal na proje\u00e7\u00e3o da l\u00e2mina perpendicular do osso etmoide. <\/li>\n<li><strong>Quando a for\u00e7a \u00e9 aplicada lateralmente,<\/strong> ocorre um deslocamento na dire\u00e7\u00e3o oposta, geralmente para a direita. Al\u00e9m de fraturar ambos os ossos nasais, isso tamb\u00e9m pode danificar a l\u00e2mina perpendicular e o processo frontal da maxila do lado oposto ao impacto.<\/li>\n<\/ul>\n<figure class=\"wp-block-image size-large\"><img decoding=\"async\" src=\"https:\/\/storage.googleapis.com\/dev_wiki_voka_io_303011\/articles\/en\/otorhinolaryngology\/fractures-external-nose\/3d-model-of-fracture-of-nasal-bones.webp\" alt=\"Fratura fechada deslocada do osso nasal\"><figcaption class=\"wp-element-caption\">Fratura fechada deslocada do osso nasal: <a href=\"https:\/\/catalog.voka.io\/en\/models\/8861ee9e-a330-4451-856d-1de6ead27805\/4a208b6a-cd12-4055-bdf0-b575ce1530ba\/270855a9-0069-4b8e-bf2f-ebae612ef4dd\/01068a07-bd7e-4fb3-8797-f3791da32836\" target=\"_blank\" rel=\"noreferrer noopener nofollow\">modelo 3D<\/a><\/figcaption><\/figure>\n<ul class=\"wp-block-list\">\n<li><strong>Em caso de impactos laterais<\/strong> localizados <strong>mais pr\u00f3ximos \u00e0 ponta nasal,<\/strong> ocorre deslocamento da cartilagem quadrangular do septo nasal e fraturas marginais dos ossos nasais sem deslocamento. <\/li>\n<\/ul>\n<h3 class=\"wp-block-heading\" id=\"fraturas-nasais-expostas-e-fechadas\"><strong>Fraturas nasais expostas e fechadas<\/strong><\/h3>\n<p>A classifica\u00e7\u00e3o das fraturas como expostas e fechadas permanece amb\u00edgua. <\/p>\n<p>Alguns autores acreditam que fraturas expostas podem ser consideradas aquelas que ocorrem em caso de viola\u00e7\u00e3o da integridade da pele, mas sem comunica\u00e7\u00e3o entre a parte \u00f3ssea e a ferida na pele atrav\u00e9s de um canal de cicatriza\u00e7\u00e3o. <\/p>\n<p>Outros autores, pelo contr\u00e1rio, consideram que as fraturas devem ser consideradas expostas se o osso estiver em contato com o meio externo. <\/p>\n<p>A mucosa nasal pode permanecer intacta ou pode sofrer les\u00f5es. Nesse caso ocorrem rupturas, associadas a sangramento moderado. Al\u00e9m disso, pode desenvolver-se enfisema subcut\u00e2neo. <\/p>\n<p>Ao utilizar a classifica\u00e7\u00e3o de Johnson para fraturas do osso nasal, bastante comum em pa\u00edses europeus, devem ser observadas as seguintes caracter\u00edsticas: <\/p>\n<ul class=\"wp-block-list\">\n<li>A fratura do <strong>Tipo 1<\/strong> \u00e9 caracterizada por uma viola\u00e7\u00e3o da integridade de qualquer osso da pir\u00e2mide nasal sem deslocamento, que n\u00e3o leva \u00e0 deforma\u00e7\u00e3o do nariz externo. <\/li>\n<li>O <strong>Tipo 2<\/strong> \u00e9 caracterizado por uma fratura unilateral ou bilateral dos ossos piramidais nasais com o seu deslocamento e consequente deformidade nasal. <\/li>\n<li>O <strong>Tipo 3<\/strong> \u00e9 caracterizado pela fragmenta\u00e7\u00e3o bilateral dos ossos nasais, enquanto o septo nasal pode permanecer intacto ou sofrer danos em diferentes graus. <\/li>\n<li>O <strong>Tipo 4<\/strong> \u00e9 caracterizado por uma les\u00e3o significativa. Al\u00e9m dos ossos nasais e dos processos frontais da maxila, o septo nasal tamb\u00e9m \u00e9 danificado. A parte externa do nariz tamb\u00e9m \u00e9 deformada. <\/li>\n<li>O <strong>Tipo 5<\/strong> \u00e9 caracterizado por uma les\u00e3o combinada, que compromete a integridade do tecido mole. Pode ocorrer impacto da pir\u00e2mide nasal com consequente deformidade em forma de sela, fratura da base do cr\u00e2nio ou da \u00f3rbita. <\/li>\n<\/ul>\n<h2 class=\"wp-block-heading\" id=\"apresentacao-clinica\"><strong>Apresenta\u00e7\u00e3o cl\u00ednica<\/strong><\/h2>\n<p>Os seguintes sintomas s\u00e3o t\u00edpicos de fraturas externas do nariz:<\/p>\n<ul class=\"wp-block-list\">\n<li>dor facial e nasal, particularmente no momento da les\u00e3o;<\/li>\n<li>dificuldade para respirar pelo nariz, sangramento, olfato comprometido;<\/li>\n<li>incha\u00e7o grave do nariz e dos tecidos moles adjacentes; hematomas (incluindo periorbitais);<\/li>\n<li>queixas de insatisfa\u00e7\u00e3o est\u00e9tica com o formato externo do nariz (devido ao deslocamento de fragmentos \u00f3sseos);<\/li>\n<li>ferida acompanhada de sangramento (em caso de fraturas expostas).<\/li>\n<\/ul>\n<h2 class=\"wp-block-heading\" id=\"diagnostico-de-fratura-nasal\"><strong>Diagn\u00f3stico de fratura nasal<\/strong><\/h2>\n<ol class=\"wp-block-list\">\n<li><strong>Hist\u00f3rico m\u00e9dico<\/strong><\/li>\n<\/ol>\n<p>\u00c9 realizada uma anamnese completa e as circunst\u00e2ncias da les\u00e3o s\u00e3o esclarecidas. <\/p>\n<ol start=\"2\" class=\"wp-block-list\">\n<li><strong>Exame f\u00edsico e rinoscopia<\/strong><\/li>\n<\/ol>\n<p>Achados t\u00edpicos na <strong>rinoscopia<\/strong> da cavidade nasal:<\/p>\n<ul class=\"wp-block-list\">\n<li>co\u00e1gulos sangu\u00edneos;<\/li>\n<li>sangramento cont\u00ednuo (menos comum);<\/li>\n<li>incha\u00e7o grave da mucosa;<\/li>\n<li>lacera\u00e7\u00f5es da mucosa;<\/li>\n<li>deslocamento da cartilagem quadrangular;<\/li>\n<li>desvio do septo nasal.<\/li>\n<\/ul>\n<p><strong>Sinais espec\u00edficos de fratura<\/strong>:<\/p>\n<ul class=\"wp-block-list\">\n<li>Em caso de hematoma septal: observa-se uma protrus\u00e3o mucosa em forma de almofada, de cor carmesim.<\/li>\n<li>Fraturas expostas s\u00e3o caracterizadas pela presen\u00e7a de uma ferida na pele e sangramento externo.<\/li>\n<\/ul>\n<p><strong>Palpa\u00e7\u00e3o e exame externo<\/strong>:<\/p>\n<p>\u00c0 palpa\u00e7\u00e3o, observa-se sensibilidade acentuada, crepita\u00e7\u00e3o \u00f3ssea e mobilidade patol\u00f3gica. <\/p>\n<p>Se poss\u00edvel, deve-se avaliar o formato do nariz externo, a presen\u00e7a de hematoma e de enfisema subcut\u00e2neo. No entanto, devido ao incha\u00e7o severo dos tecidos moles, muitas vezes n\u00e3o \u00e9 poss\u00edvel avaliar objetivamente se existe uma deformidade nasal. <\/p>\n<ol start=\"3\" class=\"wp-block-list\">\n<li><strong>Diagn\u00f3stico instrumental<\/strong><\/li>\n<\/ol>\n<p>Todos os pacientes com suspeita de fratura \u00f3ssea nasal devem ser encaminhados para radiografia lateral do osso nasal. <\/p>\n<p>Caso a radiografia apresente resultados controversos, ou para determinar com maior precis\u00e3o a localiza\u00e7\u00e3o e a natureza da les\u00e3o, realiza-se uma tomografia computadorizada do cr\u00e2nio facial.<\/p>\n<figure class=\"wp-block-image size-large\"><img decoding=\"async\" src=\"https:\/\/storage.googleapis.com\/dev_wiki_voka_io_303011\/articles\/en\/otorhinolaryngology\/fractures-external-nose\/%D1%81losed-fracture-of-nasal-bones-with-displacement-of-bone-fragments.webp\" alt=\"Fratura fechada deslocada do osso nasal\"><figcaption class=\"wp-element-caption\">Fratura fechada deslocada do osso nasal: <a href=\"https:\/\/catalog.voka.io\/en\/models\/8861ee9e-a330-4451-856d-1de6ead27805\/4a208b6a-cd12-4055-bdf0-b575ce1530ba\/270855a9-0069-4b8e-bf2f-ebae612ef4dd\/01068a07-bd7e-4fb3-8797-f3791da32836\" target=\"_blank\" rel=\"noreferrer noopener nofollow\">modelo 3D<\/a><\/figcaption><\/figure>\n<div class=\"social-banner-block\">\n<div class=\"social-banner-content\">\n<p class=\"h5-title text-black\">Encontra mais conte\u00fados cientificamente exactos nas nossas redes sociais<\/p>\n<p><span class=\"social-banner-text text-grey\">Subscreve e n\u00e3o percas os recursos mais recentes<\/span><\/p>\n<div class=\"social-links-wrapper\"><a class=\"social-icon-link\" href=\"https:\/\/www.facebook.com\/VOKA3DAnatomyAndPathology\/\" target=\"_blank\" rel=\"nofollow noopener\"><img decoding=\"async\" src=\"https:\/\/storage.googleapis.com\/dev_wiki_voka_io_303011\/common\/Social%20Icons\/facebook.svg\" alt=\"social link\"><\/a><a class=\"social-icon-link\" href=\"https:\/\/www.instagram.com\/voka.io\/\" target=\"_blank\" rel=\"nofollow noopener\"><img decoding=\"async\" src=\"https:\/\/storage.googleapis.com\/dev_wiki_voka_io_303011\/common\/Social%20Icons\/insta.svg\" alt=\"social link\"><\/a><a class=\"social-icon-link\" href=\"https:\/\/www.linkedin.com\/company\/voka-io\/posts\/?feedView=all\" target=\"_blank\" rel=\"nofollow noopener\"><img decoding=\"async\" src=\"https:\/\/storage.googleapis.com\/dev_wiki_voka_io_303011\/common\/Social%20Icons\/linkedin.svg\" alt=\"social link\"><\/a><a class=\"social-icon-link\" href=\"https:\/\/www.youtube.com\/@vokaio\" target=\"_blank\" rel=\"nofollow noopener\"><img decoding=\"async\" src=\"https:\/\/storage.googleapis.com\/dev_wiki_voka_io_303011\/common\/Social%20Icons\/youtube.svg\" alt=\"social link\"><\/a><a class=\"social-icon-link\" href=\"https:\/\/www.pinterest.com\/voka3danatomyandpathology\/\" target=\"_blank\" rel=\"nofollow noopener\"><img decoding=\"async\" src=\"https:\/\/storage.googleapis.com\/dev_wiki_voka_io_303011\/common\/Social%20Icons\/pinterest.svg\" alt=\"social link\"><\/a><a class=\"social-icon-link\" href=\"https:\/\/www.tiktok.com\/@voka.io\" target=\"_blank\" rel=\"nofollow noopener\"><img decoding=\"async\" src=\"https:\/\/storage.googleapis.com\/dev_wiki_voka_io_303011\/common\/Social%20Icons\/tiktok.svg\" alt=\"social link\"><\/a><a class=\"social-icon-link\" href=\"https:\/\/discord.gg\/7ejUpq8DRR\" target=\"_blank\" rel=\"nofollow noopener\"><img decoding=\"async\" src=\"https:\/\/storage.googleapis.com\/dev_wiki_voka_io_303011\/common\/Social%20Icons\/discord.svg\" alt=\"social link\"><\/a><\/div>\n<\/div>\n<p><img decoding=\"async\" class=\"social-banner-image\" loading=\"lazy\" src=\"https:\/\/storage.googleapis.com\/dev_wiki_voka_io_303011\/common\/social-media-banner-mobile-image.webp\" alt=\"Banner background\"><\/div>\n<h2 class=\"wp-block-heading\" id=\"tratamento-para-fraturas-nasais\"><strong>Tratamento para fraturas nasais<\/strong><\/h2>\n<h3 class=\"wp-block-heading\" id=\"para-fraturas-fechadas-nao-deslocadas\"><strong>Para fraturas fechadas n\u00e3o deslocadas <\/strong><\/h3>\n<p>Utiliza-se terapia conservadora, visando manter a fun\u00e7\u00e3o respirat\u00f3ria. <\/p>\n<p>S\u00e3o prescritos vasoconstritores locais, irriga\u00e7\u00e3o nasal regular com solu\u00e7\u00f5es salinas e analg\u00e9sicos sist\u00eamicos. <\/p>\n<p>Recomenda-se limitar o esfor\u00e7o f\u00edsico e evitar impactos mec\u00e2nicos na parte externa do nariz. <\/p>\n<h3 class=\"wp-block-heading\" id=\"para-fraturas-expostas\"><strong>Para fraturas expostas<\/strong><\/h3>\n<p>\u00c9 realizado o desbridamento cir\u00fargico inicial da ferida. A vacina\u00e7\u00e3o preventiva contra o t\u00e9tano \u00e9 obrigat\u00f3ria.<\/p>\n<h3 class=\"wp-block-heading\" id=\"para-fraturas-deslocadas-do-osso-nasal\"><strong>Para fraturas deslocadas do osso nasal <\/strong><\/h3>\n<p>O tratamento cir\u00fargico \u00e9 realizado visando reposicionar e fixar os fragmentos \u00f3sseos, restaurar a fun\u00e7\u00e3o respirat\u00f3ria e eliminar as deformidades adquiridas do nariz externo. <\/p>\n<p>Existem tr\u00eas op\u00e7\u00f5es de tratamento cir\u00fargico: precoce (at\u00e9 7 a 10 dias), tardio (10 a 14 dias) e eletivo. <\/p>\n<p>O reposicionamento dos ossos nasais pode ser realizado por m\u00e9todos externos (manualmente com os dedos) ou endonasais (com o uso de elevadores). <\/p>\n<p>Em seguida, realiza-se um tamponamento nasal herm\u00e9tico com gaze e, se necess\u00e1rio, fixa\u00e7\u00e3o externa com gesso. <\/p>\n<h3 class=\"wp-block-heading\" id=\"cirurgia-eletiva\"><strong>Cirurgia eletiva <\/strong><\/h3>\n<p>No m\u00ednimo 6 meses ap\u00f3s a les\u00e3o, realiza-se uma septo ou rinoseptoplastia para restaurar a forma do nariz externo e a fun\u00e7\u00e3o respirat\u00f3ria. <\/p>\n<figure class=\"wp-block-video\" id=\"animacao-3d-rinoplastia-aberta\"><video controls><source data-src=\"https:\/\/storage.googleapis.com\/dev_wiki_voka_io_303011\/articles\/en\/otorhinolaryngology\/fractures-external-nose\/open-rhinoplasty.webm\" type=\"video\/webm\"><\/source><\/video><figcaption class=\"wp-element-caption\">Anima\u00e7\u00e3o 3D: rinoplastia aberta<\/figcaption><\/figure>\n<div>\n<h2 class=\"faq-title h2-article\" id=\"faq\">FAQ<\/h2>\n<div class=\"faq-section\">\n<div class=\"faq-item faq-answer-hidden\">\n<div class=\"question-block\">\n<div class=\"faq-question\">\n<p class=\" text-black h5-title\">1. Como \u00e9 diagnosticada uma fratura do osso nasal?<\/p>\n<\/div>\n<div class=\"faq-answer text-main-text-color main-text-medium\">O m\u00e9dico colhe o hist\u00f3rico do paciente, palpa o nariz para detectar mobilidade patol\u00f3gica e realiza rinoscopia para avaliar a condi\u00e7\u00e3o da mucosa. Todos os pacientes devem ser submetidos a uma radiografia lateral, sendo prescrita uma tomografia computadorizada do cr\u00e2nio facial para esclarecer os detalhes de les\u00f5es complexas.<\/div>\n<\/div>\n<div class=\"expand-button-wrapper\"><button class=\"text-accent expand-button\">+<\/button><\/div>\n<\/div>\n<div class=\"faq-item faq-answer-hidden\">\n<div class=\"question-block\">\n<div class=\"faq-question\">\n<p class=\" text-black h5-title\">2. Qual a diferen\u00e7a entre uma fratura nasal exposta e uma fratura nasal fechada?<\/p>\n<\/div>\n<div class=\"faq-answer text-main-text-color main-text-medium\">Em uma fratura fechada, a integridade da pele que cobre o local da les\u00e3o n\u00e3o \u00e9 comprometida. Uma fratura exposta \u00e9 caracterizada pela presen\u00e7a de uma ferida que permita o contato de fragmentos \u00f3sseos com o ambiente externo, o que aumenta o risco de infec\u00e7\u00e3o e requer desbridamento cir\u00fargico inicial.<\/div>\n<\/div>\n<div class=\"expand-button-wrapper\"><button class=\"text-accent expand-button\">+<\/button><\/div>\n<\/div>\n<div class=\"faq-item faq-answer-hidden\">\n<div class=\"question-block\">\n<div class=\"faq-question\">\n<p class=\" text-black h5-title\">3. Como se avalia a gravidade de uma fratura nasal deslocada?<\/p>\n<\/div>\n<div class=\"faq-answer text-main-text-color main-text-medium\">Do ponto de vista m\u00e9dico, uma fratura nasal deslocada \u00e9 uma les\u00e3o mais grave do que uma fissura, pois resulta em deforma\u00e7\u00e3o vis\u00edvel e requer reposicionamento cir\u00fargico. A gravidade \u00e9 determinada pelo m\u00e9dico com base em radiografias e nos resultados do exame cl\u00ednico: deve-se considerar a presen\u00e7a de m\u00faltiplos fragmentos, danos ao septo nasal, \u00e0 \u00f3rbita ou a outros ossos do cr\u00e2nio facial.<\/div>\n<\/div>\n<div class=\"expand-button-wrapper\"><button class=\"text-accent expand-button\">+<\/button><\/div>\n<\/div>\n<div class=\"faq-item faq-answer-hidden\">\n<div class=\"question-block\">\n<div class=\"faq-question\">\n<p class=\" text-black h5-title\">4. Quanto tempo leva para uma fratura nasal cicatrizar?<\/p>\n<\/div>\n<div class=\"faq-answer text-main-text-color main-text-medium\">O tempo de recupera\u00e7\u00e3o depende da natureza da les\u00e3o. Quanto tempo leva para uma fratura nasal n\u00e3o deslocada cicatrizar? A fus\u00e3o prim\u00e1ria das estruturas \u00f3sseas fraturadas geralmente ocorre dentro de 2 a 3 semanas. Em les\u00f5es com deslocamento que exigem reposicionamento cir\u00fargico, o processo de recupera\u00e7\u00e3o inclui a cicatriza\u00e7\u00e3o dos tecidos moles ap\u00f3s o procedimento, mas a consolida\u00e7\u00e3o \u00f3ssea completa, em ambos os casos, leva v\u00e1rios meses, per\u00edodo durante o qual a atividade f\u00edsica deve ser limitada.<\/div>\n<\/div>\n<div class=\"expand-button-wrapper\"><button class=\"text-accent expand-button\">+<\/button><\/div>\n<\/div>\n<div class=\"faq-item faq-answer-hidden\">\n<div class=\"question-block\">\n<div class=\"faq-question\">\n<p class=\" text-black h5-title\">5. Quais s\u00e3o as consequ\u00eancias de uma fratura nasal?<\/p>\n<\/div>\n<div class=\"faq-answer text-main-text-color main-text-medium\">As consequ\u00eancias de uma fratura nasal podem incluir obstru\u00e7\u00e3o persistente da respira\u00e7\u00e3o nasal, ronco, sinusite cr\u00f4nica e comprometimento do olfato. Al\u00e9m disso, defeitos est\u00e9ticos (curvatura da ponte nasal, assimetria) s\u00e3o comuns e exigem cirurgia pl\u00e1stica reconstrutiva.<\/div>\n<\/div>\n<div class=\"expand-button-wrapper\"><button class=\"text-accent expand-button\">+<\/button><\/div>\n<\/div>\n<div class=\"faq-item faq-answer-hidden\">\n<div class=\"question-block\">\n<div class=\"faq-question\">\n<p class=\" text-black h5-title\">6. O que fazer se a fus\u00e3o dos ossos nasais ocorreu incorretamente?<\/p>\n<\/div>\n<div class=\"faq-answer text-main-text-color main-text-medium\">Se tiverem decorrido mais de 6 meses desde a les\u00e3o e a deformidade ou os problemas respirat\u00f3rios persistirem, recomenda-se uma cirurgia eletiva. Nesses casos, realiza-se a rinoseptoplastia para restaurar o formato do nariz externo e corrigir o septo nasal.<\/div>\n<\/div>\n<div class=\"expand-button-wrapper\"><button class=\"text-accent expand-button\">+<\/button><\/div>\n<\/div>\n<\/div>\n<\/div>\n<div class=\"sources-list-block sources-list-hidden\" id=\"referencias\">\n<div class=\"sources-list-content\">\n<div class=\"sources-list-title\">\n<p class=\"small-text-bold text-black sources-list-title-text\">Refer\u00eancias<\/p>\n<div class=\"sources-expand-button-wrapper-mobile\">\n<div class=\"sources-expand-button\"><svg width=\"32\" height=\"32\" viewbox=\"0 0 32 32\" fill=\"none\" xmlns=\"http:\/\/www.w3.org\/2000\/svg\"><path d=\"M8 12L16 20L24 12\" stroke=\"#8C9AAB\" stroke-width=\"2\" stroke-linecap=\"round\" stroke-linejoin=\"round\"><\/path><\/svg><\/div>\n<\/div>\n<\/div>\n<div class=\"sources-list-items\">\n<div class=\"source-item\">\n<p class=\"main-text-semibold text-black\">1.<\/p>\n<div class=\"source-item-content\">\n<p class=\"main-text-semibold text-black\"><cite>VOKA 3D Anatomy & Pathology \u2013 Complete Anatomy and Pathology 3D Atlas (Atlas 3D completo de anatomia e patologia) [Internet]. VOKA 3D Anatomy & Pathology. <\/cite><\/p>\n<p><span class=\"small-text-medium text-grey\">Dispon\u00edvel em: https:\/\/catalog.voka.io\/ <\/span><\/div>\n<\/div>\n<div class=\"source-item\">\n<p class=\"main-text-semibold text-black\">2.<\/p>\n<div class=\"source-item-content\">\n<p class=\"main-text-semibold text-black\"><cite>Total Otolaryngology\u2014Head and Neck Surgery, Anthony P. Sclafani, Robin A. Dyleski, Michael J. Pitman, Stimson P. Schantz. Thieme Medical Publishers, Inc., 2015. ISBN 978-1-60406-646-3.<\/cite><\/p>\n<\/div>\n<\/div>\n<div class=\"source-item\">\n<p class=\"main-text-semibold text-black\">3.<\/p>\n<div class=\"source-item-content\">\n<p class=\"main-text-semibold text-black\"><cite>\u0411\u0435\u0440\u0431\u043e\u043c \u0425. \u0411\u043e\u043b\u0435\u0437\u043d\u0438 \u0443\u0445\u0430, \u0433\u043e\u0440\u043b\u0430 \u0438 \u043d\u043e\u0441\u0430 \/ \u0425\u0430\u043d\u0441 \u0411\u0435\u0440\u0431\u043e\u043c, \u041e\u043b\u0438\u0432\u0435\u0440 \u041a\u0430\u0448\u043a\u0435, \u0422\u0430\u0434\u0435\u0443\u0441 \u041d\u0430\u0432\u043a\u0430, \u042d\u043d\u0434\u0440\u044e \u0421\u0432\u0438\u0444\u0442; \u043f\u0435\u0440. \u0441 \u0430\u043d\u0433\u043b. \u2013 2-\u0435 \u0438\u0437\u0434. \u2013 \u041c. : \u041c\u0415\u0414\u043f\u0440\u0435c\u0441-\u0438\u043d\u0444\u043e\u0440\u043c, 2016. \u2013 776 \u0441. : \u0438\u043b. ISBN 978-5-00030- 322-1.<\/cite><\/p>\n<\/div>\n<\/div>\n<div class=\"source-item\">\n<p class=\"main-text-semibold text-black\">4.<\/p>\n<div class=\"source-item-content\">\n<p class=\"main-text-semibold text-black\"><cite>Landeen KC, Kimura K, Stephan SJ. Nasal Fractures (Fraturas nasais). Facial Plast Surg Clin North Am. 2022 Fev;30(1):23-30. doi: 10.1016\/j.fsc.2021.08.002. PMID: 34809884.<\/cite><\/p>\n<\/div>\n<\/div>\n<div class=\"source-item\">\n<p class=\"main-text-semibold text-black\">5.<\/p>\n<div class=\"source-item-content\">\n<p class=\"main-text-semibold text-black\"><cite>Marston AP, O\u2019Brien EK, Hamilton GS 3rd. Nasal Injuries in Sports (Ferimentos nasais em esportes). Clin Sports Med. 2017 Abr;36(2):337-353. doi: 10.1016\/j.csm.2016.11.004. PMID: 28314421.<\/cite><\/p>\n<\/div>\n<\/div>\n<div class=\"source-item\">\n<p class=\"main-text-semibold text-black\">6.<\/p>\n<div class=\"source-item-content\">\n<p class=\"main-text-semibold text-black\"><cite>Alvi S, Patel BC. Nasal Fracture Reduction (Redu\u00e7\u00e3o de fratura nasal). [Atualizado em 3 de abril de 2023]. In: StatPearls [Internet]. Treasure Island (FL): StatPearls Publishing; 2025 Jan-. <\/cite><\/p>\n<p><span class=\"small-text-medium text-grey\">Dispon\u00edvel em: https:\/\/www.ncbi.nlm.nih.gov\/books\/NBK538299\/<\/span><\/div>\n<\/div>\n<div class=\"source-item\">\n<p class=\"main-text-semibold text-black\">7.<\/p>\n<div class=\"source-item-content\">\n<p class=\"main-text-semibold text-black\"><cite>Ramachandra T, Ries WR. Management of Nasal and Perinasal Soft Tissue Injuries (Gest\u00e3o de ferimentos no tecido mole nasal e perinasal). Facial Plast Surg. 2015 Jun;31(3):194-200. doi: 10.1055\/s-0035-1555619. Epub 2015 Jun 30. PMID: 26126216.<\/cite><\/p>\n<\/div>\n<\/div>\n<div class=\"source-item\">\n<p class=\"main-text-semibold text-black\">8.<\/p>\n<div class=\"source-item-content\">\n<p class=\"main-text-semibold text-black\"><cite>Kelley BP, Downey CR, Stal S. Evaluation and reduction of nasal trauma (Avalia\u00e7\u00e3o e redu\u00e7\u00e3o de trauma nasal). Semin Plast Surg. 2010 Nov;24(4):339-47. doi: 10.1055\/s-0030-1269763. PMID: 22550458; PMCID: PMC3324218.<\/cite><\/p>\n<\/div>\n<\/div>\n<\/div>\n<\/div>\n<div class=\"sources-expand-button-wrapper\">\n<div class=\"sources-expand-button\"><svg width=\"32\" height=\"32\" viewbox=\"0 0 32 32\" fill=\"none\" xmlns=\"http:\/\/www.w3.org\/2000\/svg\"><path d=\"M8 12L16 20L24 12\" stroke=\"#8C9AAB\" stroke-width=\"2\" stroke-linecap=\"round\" stroke-linejoin=\"round\"><\/path><\/svg><\/div>\n<\/div>\n<\/div>\n","protected":false},"excerpt":{"rendered":"<p>A fratura do osso nasal \u00e9 uma viola\u00e7\u00e3o da integridade estrutural da estrutura osteocartilaginosa nasal devido a um impacto mec\u00e2nico. Etiologia Essa condi\u00e7\u00e3o \u00e9 a mais comum entre todos os tipos de les\u00f5es, especialmente entre as les\u00f5es na regi\u00e3o facial. As causas de fraturas incluem acidentes dom\u00e9sticos e de tr\u00e2nsito, quedas na rua e les\u00f5es [&hellip;]<\/p>\n","protected":false},"author":4,"featured_media":0,"template":"","diseases_category":[301],"class_list":["post-2210","diseases_post","type-diseases_post","status-publish","hentry","diseases_category-otorrinolaringologicas"],"acf":[],"yoast_head":"<!-- This site is optimized with the Yoast SEO Premium plugin v25.0 (Yoast SEO v26.5) - https:\/\/yoast.com\/wordpress\/plugins\/seo\/ -->\n<title>Fraturas nasais externas: classifica\u00e7\u00e3o, causas, sintomas, diagn\u00f3stico e tratamento<\/title>\n<meta name=\"description\" content=\"Fraturas nasais externas: classifica\u00e7\u00e3o, apresenta\u00e7\u00e3o cl\u00ednica, diagn\u00f3stico e tratamento. S\u00e3o discutidas as fraturas nasais abertas e fechadas, sua anatomia e mecanismo de les\u00e3o.\" \/>\n<meta name=\"robots\" content=\"noindex, follow, max-snippet:-1, max-image-preview:large, max-video-preview:-1\" \/>\n<meta property=\"og:locale\" content=\"pt_PT\" \/>\n<meta property=\"og:type\" content=\"article\" \/>\n<meta property=\"og:title\" content=\"Fraturas nasais externas: classifica\u00e7\u00e3o, sintomas, diagn\u00f3stico e tratamento\" \/>\n<meta property=\"og:description\" content=\"Fraturas nasais externas: classifica\u00e7\u00e3o, apresenta\u00e7\u00e3o cl\u00ednica, diagn\u00f3stico e tratamento. S\u00e3o discutidas as fraturas nasais abertas e fechadas, sua anatomia e mecanismo de les\u00e3o.\" \/>\n<meta property=\"og:url\" content=\"https:\/\/wiki.dev.voka.io\/pt\/doencas\/otorrinolaringologicas\/fraturas-nasais-externas\/\" \/>\n<meta property=\"og:site_name\" content=\"Voka Wiki\" \/>\n<meta property=\"article:publisher\" content=\"https:\/\/www.facebook.com\/VOKA3DAnatomyAndPathology\/\" \/>\n<meta property=\"article:modified_time\" content=\"2025-12-23T13:02:28+00:00\" \/>\n<meta property=\"og:image\" content=\"https:\/\/storage.googleapis.com\/dev_wiki_voka_io_303011\/articles\/en\/otorhinolaryngology\/fractures-external-nose\/3d-model-of-fracture-of-nasal-bones.webp\" \/>\n<meta name=\"twitter:card\" content=\"summary_large_image\" \/>\n<meta name=\"twitter:label1\" content=\"Tempo estimado de leitura\" \/>\n\t<meta name=\"twitter:data1\" content=\"6 minutos\" \/>\n<script type=\"application\/ld+json\" class=\"yoast-schema-graph\">{\"@context\":\"https:\/\/schema.org\",\"@graph\":[{\"@type\":\"Article\",\"@id\":\"https:\/\/wiki.dev.voka.io\/pt\/doencas\/otorrinolaringologicas\/fraturas-nasais-externas\/#article\",\"isPartOf\":{\"@id\":\"https:\/\/wiki.dev.voka.io\/pt\/doencas\/otorrinolaringologicas\/fraturas-nasais-externas\/\"},\"author\":{\"name\":\"Danata A.\",\"@id\":\"https:\/\/wiki.dev.voka.io\/pt\/#\/schema\/person\/75a01428a2e97375c0facaaeba432542\"},\"headline\":\"Fraturas nasais externas: classifica\u00e7\u00e3o, sintomas, diagn\u00f3stico e tratamento\",\"datePublished\":\"2025-12-23T13:02:07+00:00\",\"dateModified\":\"2025-12-23T13:02:28+00:00\",\"mainEntityOfPage\":{\"@id\":\"https:\/\/wiki.dev.voka.io\/pt\/doencas\/otorrinolaringologicas\/fraturas-nasais-externas\/\"},\"wordCount\":1173,\"publisher\":{\"@id\":\"https:\/\/wiki.dev.voka.io\/pt\/#organization\"},\"image\":{\"@id\":\"https:\/\/wiki.dev.voka.io\/pt\/doencas\/otorrinolaringologicas\/fraturas-nasais-externas\/#primaryimage\"},\"thumbnailUrl\":\"https:\/\/storage.googleapis.com\/dev_wiki_voka_io_303011\/articles\/en\/otorhinolaryngology\/fractures-external-nose\/3d-model-of-fracture-of-nasal-bones.webp\",\"inLanguage\":\"pt-PT\"},{\"@type\":\"WebPage\",\"@id\":\"https:\/\/wiki.dev.voka.io\/pt\/doencas\/otorrinolaringologicas\/fraturas-nasais-externas\/\",\"url\":\"https:\/\/wiki.dev.voka.io\/pt\/doencas\/otorrinolaringologicas\/fraturas-nasais-externas\/\",\"name\":\"Fraturas nasais externas: classifica\u00e7\u00e3o, causas, sintomas, diagn\u00f3stico e tratamento\",\"isPartOf\":{\"@id\":\"https:\/\/wiki.dev.voka.io\/pt\/#website\"},\"primaryImageOfPage\":{\"@id\":\"https:\/\/wiki.dev.voka.io\/pt\/doencas\/otorrinolaringologicas\/fraturas-nasais-externas\/#primaryimage\"},\"image\":{\"@id\":\"https:\/\/wiki.dev.voka.io\/pt\/doencas\/otorrinolaringologicas\/fraturas-nasais-externas\/#primaryimage\"},\"thumbnailUrl\":\"https:\/\/storage.googleapis.com\/dev_wiki_voka_io_303011\/articles\/en\/otorhinolaryngology\/fractures-external-nose\/3d-model-of-fracture-of-nasal-bones.webp\",\"datePublished\":\"2025-12-23T13:02:07+00:00\",\"dateModified\":\"2025-12-23T13:02:28+00:00\",\"description\":\"Fraturas nasais externas: classifica\u00e7\u00e3o, apresenta\u00e7\u00e3o cl\u00ednica, diagn\u00f3stico e tratamento. S\u00e3o discutidas as fraturas nasais abertas e fechadas, sua anatomia e mecanismo de les\u00e3o.\",\"breadcrumb\":{\"@id\":\"https:\/\/wiki.dev.voka.io\/pt\/doencas\/otorrinolaringologicas\/fraturas-nasais-externas\/#breadcrumb\"},\"inLanguage\":\"pt-PT\",\"potentialAction\":[{\"@type\":\"ReadAction\",\"target\":[\"https:\/\/wiki.dev.voka.io\/pt\/doencas\/otorrinolaringologicas\/fraturas-nasais-externas\/\"]}]},{\"@type\":\"ImageObject\",\"inLanguage\":\"pt-PT\",\"@id\":\"https:\/\/wiki.dev.voka.io\/pt\/doencas\/otorrinolaringologicas\/fraturas-nasais-externas\/#primaryimage\",\"url\":\"https:\/\/storage.googleapis.com\/dev_wiki_voka_io_303011\/articles\/en\/otorhinolaryngology\/fractures-external-nose\/3d-model-of-fracture-of-nasal-bones.webp\",\"contentUrl\":\"https:\/\/storage.googleapis.com\/dev_wiki_voka_io_303011\/articles\/en\/otorhinolaryngology\/fractures-external-nose\/3d-model-of-fracture-of-nasal-bones.webp\"},{\"@type\":\"BreadcrumbList\",\"@id\":\"https:\/\/wiki.dev.voka.io\/pt\/doencas\/otorrinolaringologicas\/fraturas-nasais-externas\/#breadcrumb\",\"itemListElement\":[{\"@type\":\"ListItem\",\"position\":1,\"name\":\"Home\",\"item\":\"https:\/\/wiki.dev.voka.io\/pt\/\"},{\"@type\":\"ListItem\",\"position\":2,\"name\":\"Otorrinolaringologia\",\"item\":\"https:\/\/wiki.dev.voka.io\/pt\/doencas\/otorrinolaringologicas\/\"},{\"@type\":\"ListItem\",\"position\":3,\"name\":\"Fraturas nasais externas: classifica\u00e7\u00e3o, sintomas, diagn\u00f3stico e tratamento\"}]},{\"@type\":\"WebSite\",\"@id\":\"https:\/\/wiki.dev.voka.io\/pt\/#website\",\"url\":\"https:\/\/wiki.dev.voka.io\/pt\/\",\"name\":\"Voka Wiki\",\"description\":\"\",\"publisher\":{\"@id\":\"https:\/\/wiki.dev.voka.io\/pt\/#organization\"},\"alternateName\":\"Anatomy & Pathology Wiki by VOKA\",\"potentialAction\":[{\"@type\":\"SearchAction\",\"target\":{\"@type\":\"EntryPoint\",\"urlTemplate\":\"https:\/\/wiki.dev.voka.io\/pt\/?s={search_term_string}\"},\"query-input\":{\"@type\":\"PropertyValueSpecification\",\"valueRequired\":true,\"valueName\":\"search_term_string\"}}],\"inLanguage\":\"pt-PT\"},{\"@type\":\"Organization\",\"@id\":\"https:\/\/wiki.dev.voka.io\/pt\/#organization\",\"name\":\"Voka 3D Anatomy & Pathology\",\"alternateName\":\"VOKA\",\"url\":\"https:\/\/wiki.dev.voka.io\/pt\/\",\"logo\":{\"@type\":\"ImageObject\",\"inLanguage\":\"pt-PT\",\"@id\":\"https:\/\/wiki.dev.voka.io\/pt\/#\/schema\/logo\/image\/\",\"url\":\"https:\/\/wiki.dev.voka.io\/wp-content\/uploads\/2025\/02\/cropped-voka-logo-1.png\",\"contentUrl\":\"https:\/\/wiki.dev.voka.io\/wp-content\/uploads\/2025\/02\/cropped-voka-logo-1.png\",\"width\":70,\"height\":16,\"caption\":\"Voka 3D Anatomy & Pathology\"},\"image\":{\"@id\":\"https:\/\/wiki.dev.voka.io\/pt\/#\/schema\/logo\/image\/\"},\"sameAs\":[\"https:\/\/www.facebook.com\/VOKA3DAnatomyAndPathology\/\",\"https:\/\/www.instagram.com\/voka.io\/\",\"https:\/\/www.linkedin.com\/company\/voka-io\/\",\"https:\/\/www.youtube.com\/channel\/UCqGGuOEpr62ScH8Pjk2q5zw\/videos\",\"https:\/\/www.pinterest.com\/VokaAnatomyPro\/\",\"https:\/\/www.threads.com\/@voka.io\"],\"description\":\"VOKA.io offers 3D medical animations and custom 3D modeling services. Our product, VOKA 3D Anatomy & Pathology, is a digital atlas with over 1,000 detailed 3D models of human anatomy and pathology, designed for medical education, training, and patient communication.\",\"email\":\"info@voka.io\",\"telephone\":\"+1 814 351 4442\",\"legalName\":\"Voka 3D Anatomy & Pathology\",\"foundingDate\":\"2017-02-12\",\"naics\":\"541512\",\"numberOfEmployees\":{\"@type\":\"QuantitativeValue\",\"minValue\":\"51\",\"maxValue\":\"200\"},\"publishingPrinciples\":\"https:\/\/wiki.voka.io\/pt\/principios-de-publicacao\/\"},{\"@type\":\"Person\",\"@id\":\"https:\/\/wiki.dev.voka.io\/pt\/#\/schema\/person\/75a01428a2e97375c0facaaeba432542\",\"name\":\"Danata A.\",\"image\":{\"@type\":\"ImageObject\",\"inLanguage\":\"pt-PT\",\"@id\":\"https:\/\/wiki.dev.voka.io\/pt\/#\/schema\/person\/image\/\",\"url\":\"https:\/\/secure.gravatar.com\/avatar\/17b61e87bc892ef9555b6080655463c63eb46025ed870850eaa2472678817ed6?s=96&d=mm&r=g\",\"contentUrl\":\"https:\/\/secure.gravatar.com\/avatar\/17b61e87bc892ef9555b6080655463c63eb46025ed870850eaa2472678817ed6?s=96&d=mm&r=g\",\"caption\":\"Danata A.\"}}]}<\/script>\n<!-- \/ Yoast SEO Premium plugin. -->","yoast_head_json":{"title":"Fraturas nasais externas: classifica\u00e7\u00e3o, causas, sintomas, diagn\u00f3stico e tratamento","description":"Fraturas nasais externas: classifica\u00e7\u00e3o, apresenta\u00e7\u00e3o cl\u00ednica, diagn\u00f3stico e tratamento. S\u00e3o discutidas as fraturas nasais abertas e fechadas, sua anatomia e mecanismo de les\u00e3o.","robots":{"index":"noindex","follow":"follow","max-snippet":"max-snippet:-1","max-image-preview":"max-image-preview:large","max-video-preview":"max-video-preview:-1"},"og_locale":"pt_PT","og_type":"article","og_title":"Fraturas nasais externas: classifica\u00e7\u00e3o, sintomas, diagn\u00f3stico e tratamento","og_description":"Fraturas nasais externas: classifica\u00e7\u00e3o, apresenta\u00e7\u00e3o cl\u00ednica, diagn\u00f3stico e tratamento. S\u00e3o discutidas as fraturas nasais abertas e fechadas, sua anatomia e mecanismo de les\u00e3o.","og_url":"https:\/\/wiki.dev.voka.io\/pt\/doencas\/otorrinolaringologicas\/fraturas-nasais-externas\/","og_site_name":"Voka Wiki","article_publisher":"https:\/\/www.facebook.com\/VOKA3DAnatomyAndPathology\/","article_modified_time":"2025-12-23T13:02:28+00:00","og_image":[{"url":"https:\/\/storage.googleapis.com\/dev_wiki_voka_io_303011\/articles\/en\/otorhinolaryngology\/fractures-external-nose\/3d-model-of-fracture-of-nasal-bones.webp","type":"","width":"","height":""}],"twitter_card":"summary_large_image","twitter_misc":{"Tempo estimado de leitura":"6 minutos"},"schema":{"@context":"https:\/\/schema.org","@graph":[{"@type":"Article","@id":"https:\/\/wiki.dev.voka.io\/pt\/doencas\/otorrinolaringologicas\/fraturas-nasais-externas\/#article","isPartOf":{"@id":"https:\/\/wiki.dev.voka.io\/pt\/doencas\/otorrinolaringologicas\/fraturas-nasais-externas\/"},"author":{"name":"Danata A.","@id":"https:\/\/wiki.dev.voka.io\/pt\/#\/schema\/person\/75a01428a2e97375c0facaaeba432542"},"headline":"Fraturas nasais externas: classifica\u00e7\u00e3o, sintomas, diagn\u00f3stico e tratamento","datePublished":"2025-12-23T13:02:07+00:00","dateModified":"2025-12-23T13:02:28+00:00","mainEntityOfPage":{"@id":"https:\/\/wiki.dev.voka.io\/pt\/doencas\/otorrinolaringologicas\/fraturas-nasais-externas\/"},"wordCount":1173,"publisher":{"@id":"https:\/\/wiki.dev.voka.io\/pt\/#organization"},"image":{"@id":"https:\/\/wiki.dev.voka.io\/pt\/doencas\/otorrinolaringologicas\/fraturas-nasais-externas\/#primaryimage"},"thumbnailUrl":"https:\/\/storage.googleapis.com\/dev_wiki_voka_io_303011\/articles\/en\/otorhinolaryngology\/fractures-external-nose\/3d-model-of-fracture-of-nasal-bones.webp","inLanguage":"pt-PT"},{"@type":"WebPage","@id":"https:\/\/wiki.dev.voka.io\/pt\/doencas\/otorrinolaringologicas\/fraturas-nasais-externas\/","url":"https:\/\/wiki.dev.voka.io\/pt\/doencas\/otorrinolaringologicas\/fraturas-nasais-externas\/","name":"Fraturas nasais externas: classifica\u00e7\u00e3o, causas, sintomas, diagn\u00f3stico e tratamento","isPartOf":{"@id":"https:\/\/wiki.dev.voka.io\/pt\/#website"},"primaryImageOfPage":{"@id":"https:\/\/wiki.dev.voka.io\/pt\/doencas\/otorrinolaringologicas\/fraturas-nasais-externas\/#primaryimage"},"image":{"@id":"https:\/\/wiki.dev.voka.io\/pt\/doencas\/otorrinolaringologicas\/fraturas-nasais-externas\/#primaryimage"},"thumbnailUrl":"https:\/\/storage.googleapis.com\/dev_wiki_voka_io_303011\/articles\/en\/otorhinolaryngology\/fractures-external-nose\/3d-model-of-fracture-of-nasal-bones.webp","datePublished":"2025-12-23T13:02:07+00:00","dateModified":"2025-12-23T13:02:28+00:00","description":"Fraturas nasais externas: classifica\u00e7\u00e3o, apresenta\u00e7\u00e3o cl\u00ednica, diagn\u00f3stico e tratamento. S\u00e3o discutidas as fraturas nasais abertas e fechadas, sua anatomia e mecanismo de les\u00e3o.","breadcrumb":{"@id":"https:\/\/wiki.dev.voka.io\/pt\/doencas\/otorrinolaringologicas\/fraturas-nasais-externas\/#breadcrumb"},"inLanguage":"pt-PT","potentialAction":[{"@type":"ReadAction","target":["https:\/\/wiki.dev.voka.io\/pt\/doencas\/otorrinolaringologicas\/fraturas-nasais-externas\/"]}]},{"@type":"ImageObject","inLanguage":"pt-PT","@id":"https:\/\/wiki.dev.voka.io\/pt\/doencas\/otorrinolaringologicas\/fraturas-nasais-externas\/#primaryimage","url":"https:\/\/storage.googleapis.com\/dev_wiki_voka_io_303011\/articles\/en\/otorhinolaryngology\/fractures-external-nose\/3d-model-of-fracture-of-nasal-bones.webp","contentUrl":"https:\/\/storage.googleapis.com\/dev_wiki_voka_io_303011\/articles\/en\/otorhinolaryngology\/fractures-external-nose\/3d-model-of-fracture-of-nasal-bones.webp"},{"@type":"BreadcrumbList","@id":"https:\/\/wiki.dev.voka.io\/pt\/doencas\/otorrinolaringologicas\/fraturas-nasais-externas\/#breadcrumb","itemListElement":[{"@type":"ListItem","position":1,"name":"Home","item":"https:\/\/wiki.dev.voka.io\/pt\/"},{"@type":"ListItem","position":2,"name":"Otorrinolaringologia","item":"https:\/\/wiki.dev.voka.io\/pt\/doencas\/otorrinolaringologicas\/"},{"@type":"ListItem","position":3,"name":"Fraturas nasais externas: classifica\u00e7\u00e3o, sintomas, diagn\u00f3stico e tratamento"}]},{"@type":"WebSite","@id":"https:\/\/wiki.dev.voka.io\/pt\/#website","url":"https:\/\/wiki.dev.voka.io\/pt\/","name":"Voka Wiki","description":"","publisher":{"@id":"https:\/\/wiki.dev.voka.io\/pt\/#organization"},"alternateName":"Anatomy & Pathology Wiki by VOKA","potentialAction":[{"@type":"SearchAction","target":{"@type":"EntryPoint","urlTemplate":"https:\/\/wiki.dev.voka.io\/pt\/?s={search_term_string}"},"query-input":{"@type":"PropertyValueSpecification","valueRequired":true,"valueName":"search_term_string"}}],"inLanguage":"pt-PT"},{"@type":"Organization","@id":"https:\/\/wiki.dev.voka.io\/pt\/#organization","name":"Voka 3D Anatomy & Pathology","alternateName":"VOKA","url":"https:\/\/wiki.dev.voka.io\/pt\/","logo":{"@type":"ImageObject","inLanguage":"pt-PT","@id":"https:\/\/wiki.dev.voka.io\/pt\/#\/schema\/logo\/image\/","url":"https:\/\/wiki.dev.voka.io\/wp-content\/uploads\/2025\/02\/cropped-voka-logo-1.png","contentUrl":"https:\/\/wiki.dev.voka.io\/wp-content\/uploads\/2025\/02\/cropped-voka-logo-1.png","width":70,"height":16,"caption":"Voka 3D Anatomy & Pathology"},"image":{"@id":"https:\/\/wiki.dev.voka.io\/pt\/#\/schema\/logo\/image\/"},"sameAs":["https:\/\/www.facebook.com\/VOKA3DAnatomyAndPathology\/","https:\/\/www.instagram.com\/voka.io\/","https:\/\/www.linkedin.com\/company\/voka-io\/","https:\/\/www.youtube.com\/channel\/UCqGGuOEpr62ScH8Pjk2q5zw\/videos","https:\/\/www.pinterest.com\/VokaAnatomyPro\/","https:\/\/www.threads.com\/@voka.io"],"description":"VOKA.io offers 3D medical animations and custom 3D modeling services. Our product, VOKA 3D Anatomy & Pathology, is a digital atlas with over 1,000 detailed 3D models of human anatomy and pathology, designed for medical education, training, and patient communication.","email":"info@voka.io","telephone":"+1 814 351 4442","legalName":"Voka 3D Anatomy & Pathology","foundingDate":"2017-02-12","naics":"541512","numberOfEmployees":{"@type":"QuantitativeValue","minValue":"51","maxValue":"200"},"publishingPrinciples":"https:\/\/wiki.voka.io\/pt\/principios-de-publicacao\/"},{"@type":"Person","@id":"https:\/\/wiki.dev.voka.io\/pt\/#\/schema\/person\/75a01428a2e97375c0facaaeba432542","name":"Danata A.","image":{"@type":"ImageObject","inLanguage":"pt-PT","@id":"https:\/\/wiki.dev.voka.io\/pt\/#\/schema\/person\/image\/","url":"https:\/\/secure.gravatar.com\/avatar\/17b61e87bc892ef9555b6080655463c63eb46025ed870850eaa2472678817ed6?s=96&d=mm&r=g","contentUrl":"https:\/\/secure.gravatar.com\/avatar\/17b61e87bc892ef9555b6080655463c63eb46025ed870850eaa2472678817ed6?s=96&d=mm&r=g","caption":"Danata A."}}]}},"_links":{"self":[{"href":"https:\/\/wiki.dev.voka.io\/pt\/wp-json\/wp\/v2\/diseases_post\/2210","targetHints":{"allow":["GET"]}}],"collection":[{"href":"https:\/\/wiki.dev.voka.io\/pt\/wp-json\/wp\/v2\/diseases_post"}],"about":[{"href":"https:\/\/wiki.dev.voka.io\/pt\/wp-json\/wp\/v2\/types\/diseases_post"}],"author":[{"embeddable":true,"href":"https:\/\/wiki.dev.voka.io\/pt\/wp-json\/wp\/v2\/users\/4"}],"wp:attachment":[{"href":"https:\/\/wiki.dev.voka.io\/pt\/wp-json\/wp\/v2\/media?parent=2210"}],"wp:term":[{"taxonomy":"diseases_category","embeddable":true,"href":"https:\/\/wiki.dev.voka.io\/pt\/wp-json\/wp\/v2\/diseases_category?post=2210"}],"curies":[{"name":"wp","href":"https:\/\/api.w.org\/{rel}","templated":true}]}}