{"id":1772,"date":"2025-11-13T14:41:24","date_gmt":"2025-11-13T11:41:24","guid":{"rendered":"https:\/\/wiki.dev.voka.io\/diseases\/uncategorized\/deformidades-nasais-pos-traumaticas\/"},"modified":"2025-12-10T18:22:04","modified_gmt":"2025-12-10T15:22:04","slug":"deformidades-nasais-pos-traumaticas","status":"publish","type":"diseases_post","link":"https:\/\/wiki.dev.voka.io\/pt\/doencas\/otorrinolaringologicas\/deformidades-nasais-pos-traumaticas\/","title":{"rendered":"Deformidades nasais p\u00f3s-traum\u00e1ticas: classifica\u00e7\u00e3o, etiologia, diagn\u00f3stico, tratamento"},"content":{"rendered":"<p><?xml encoding=\"UTF-8\" ?><\/p>\n<p>Esta sec\u00e7\u00e3o inclui condi\u00e7\u00f5es patol\u00f3gicas que surgem devido \u00e0 viola\u00e7\u00e3o da integridade anat\u00f3mica das estruturas nasais devido a impactos mec\u00e2nicos nos seus tecidos.<\/p>\n<h2 class=\"wp-block-heading\" id=\"classificacao-e-anatomia-de-deformidades-nasais-pos-traumaticas\"><strong>Classifica\u00e7\u00e3o e anatomia de deformidades nasais p\u00f3s-traum\u00e1ticas<\/strong><\/h2>\n<h3 class=\"wp-block-heading\" id=\"sinequia-nasal\"><strong>Sin\u00e9quia nasal<\/strong><\/h3>\n<p>As sin\u00e9quias nasais s\u00e3o prolifera\u00e7\u00f5es anormais de tecido conjuntivo entre o septo e a parede lateral do nariz (concha nasal) sob a forma de bandas, o que leva a uma altera\u00e7\u00e3o na fisiologia do nariz. <\/p>\n<figure class=\"wp-block-image size-large\"><img decoding=\"async\" src=\"https:\/\/storage.googleapis.com\/dev_wiki_voka_io_303011\/articles\/en\/otorhinolaryngology\/post-traumatic-nasal-changes\/nasal-cavity-synechiae.webp\" alt=\"Sin\u00e9quias nasais\"><figcaption class=\"wp-element-caption\">Sin\u00e9quias nasais \u2013<a href=\"https:\/\/catalog.voka.io\/en\/models\/8861ee9e-a330-4451-856d-1de6ead27805\/8066b69f-0c3f-4c7c-960f-70699a27ff6c\/da351df0-fd5c-4b1b-82a0-32bdd31cf967\/0ee6b980-e36e-4ddc-85be-f2082809c6d5\" target=\"_blank\" rel=\"noreferrer noopener nofollow\">Modelo 3D<\/a><\/figcaption><\/figure>\n<h3 class=\"wp-block-heading\" id=\"atresia-coanal-adquirida\"><strong>Atresia coanal adquirida<\/strong><\/h3>\n<p>A atresia coanal adquirida<em><\/em> \u00e9 uma membrana de tecido conjuntivo ou cartilag\u00edneo na cavidade nasal, ao n\u00edvel das coanas, que impede a passagem do ar atrav\u00e9s da fossa nasal correspondente do nariz para a nasofaringe.<\/p>\n<p>Pode ser unilateral ou bilateral, parcial (o l\u00famen est\u00e1 preservado) ou completa. As atresias adquiridas s\u00e3o, na maioria das vezes, parciais e unilaterais.<\/p>\n<h3 class=\"wp-block-heading\" id=\"deformidade-pos-traumatica-do-nariz-externo\"><strong>Deformidade p\u00f3s-traum\u00e1tica do nariz externo <\/strong><\/h3>\n<p>As deformidades p\u00f3s-traum\u00e1ticas do nariz externo caracterizam-se por altera\u00e7\u00e3o anat\u00f3mica do esqueleto nasal (dorso, ponta ou septo) nas partes cartilaginosas e\/ou \u00f3sseas, que ocorre na aus\u00eancia de tratamento cir\u00fargico adequado e atempado (reposicionamento dos ossos nasais).<\/p>\n<p>Posteriormente, o nariz pode adquirir v\u00e1rias formas: na deforma\u00e7\u00e3o em sela, a ponte do nariz \u00e9 achatada; na deforma\u00e7\u00e3o arqueada (escoli\u00f3tica), o eixo reto da ponte do nariz \u00e9 alterado; na deforma\u00e7\u00e3o angular, ocorre um desvio lateral da ponte do nariz, sem altera\u00e7\u00e3o de todo eixo. <\/p>\n<h2 class=\"wp-block-heading\" id=\"etiologia\"><strong>Etiologia<\/strong><\/h2>\n<p>Existem v\u00e1rias causas comuns das patologias acima mencionadas:<\/p>\n<ul class=\"wp-block-list\">\n<li><strong>Les\u00f5es de ordem mec\u00e2nica.<\/strong> S\u00e3o a causa mais comum. Incluem traumatismos, quedas, acidentes de via\u00e7\u00e3o, que podem ter consequ\u00eancias imediatas ou a longo prazo.<\/li>\n<li><strong>Procedimentos cir\u00fargicos (iatrogenia):<\/strong>\n<ul class=\"wp-block-list\">\n<li>Cirurgias anteriores na cavidade nasal (raramente), como septoplastia, polipotomia ou vasotomia. <\/li>\n<li>A falta de cuidados adequados da cavidade nasal no per\u00edodo p\u00f3s-operat\u00f3rio podem levar a uma cicatriza\u00e7\u00e3o tardia, incha\u00e7o prolongado ou infec\u00e7\u00e3o bacteriana.<\/li>\n<li>A execu\u00e7\u00e3o inadequada do tamponamento nasal anterior causa danos significativos \u00e0 mucosa nasal. <\/li>\n<\/ul>\n<\/li>\n<li><strong>Doen\u00e7as cr\u00f3nicas.<\/strong> Os processos infecciosos ou autoimunes latentes de longa dura\u00e7\u00e3o na cavidade nasal podem levar ao desenvolvimento das condi\u00e7\u00f5es patol\u00f3gicas acima referidas, especialmente se os doentes n\u00e3o procurarem tratamento durante um longo per\u00edodo. <\/li>\n<\/ul>\n<h3 class=\"wp-block-heading\" id=\"etiologia-da-sinequia-nasal\"><strong>Etiologia da sin\u00e9quia nasal<\/strong><\/h3>\n<p>As principais causas da sin\u00e9quia s\u00e3o:<\/p>\n<ul class=\"wp-block-list\">\n<li>Complica\u00e7\u00f5es p\u00f3s-cir\u00fargicas;<\/li>\n<li>Traumatismo da mucosa;<\/li>\n<li>Doen\u00e7as autoimunes.<\/li>\n<\/ul>\n<h3 class=\"wp-block-heading\" id=\"etiologia-da-atresia-coanal-adquirida\"><strong>Etiologia da atresia coanal adquirida<\/strong><\/h3>\n<p>As causas mais comuns de atresia coanal adquirida s\u00e3o:<\/p>\n<ul class=\"wp-block-list\">\n<li>Traumatismo facial extenso;<\/li>\n<li><span class=\"glossary-term\" data-title=\"Queimaduras\" data-tooltip=\"Queimadura \u00e9 uma les\u00e3o nos tecidos do corpo causada pela a\u00e7\u00e3o de altas temperaturas (queimadura t\u00e9rmica), subst\u00e2ncias qu\u00edmicas (queimadura qu\u00edmica), corrente el\u00e9trica (queimadura el\u00e9trica) ou radia\u00e7\u00e3o ionizante (queimadura por radia\u00e7\u00e3o).\" data-link=\"https:\/\/wiki.dev.voka.io\/pt\/glossario\/queimaduras\/\">Queimaduras<\/span> do trato respirat\u00f3rio superior;<\/li>\n<li>Uso prolongado de sonda nasog\u00e1strica;<\/li>\n<li>Processos autoimunes.<\/li>\n<\/ul>\n<h3 class=\"wp-block-heading\" id=\"etiologia-das-deformidades-pos-traumaticas-do-nariz-externo\"><strong>Etiologia das deformidades p\u00f3s-traum\u00e1ticas do nariz externo<\/strong><\/h3>\n<p>As deformidades p\u00f3s-traum\u00e1ticas do nariz externo ocorrem como resultado de um impacto mec\u00e2nico (golpe, queda) de intensidade e dire\u00e7\u00e3o vari\u00e1veis \u200b\u200bno esqueleto facial. <\/p>\n<p>Uma deformidade permanente da forma do nariz ocorre quando, ap\u00f3s uma les\u00e3o mec\u00e2nica, n\u00e3o \u00e9 realizada um reposicionamento (recoloca\u00e7\u00e3o) oportuno dos ossos por diversos motivos (prazo perdido, relut\u00e2ncia do paciente, contraindica\u00e7\u00f5es).<\/p>\n<h2 class=\"wp-block-heading\" id=\"manifestacoes-clinicas\"><strong>Manifesta\u00e7\u00f5es cl\u00ednicas <\/strong><\/h2>\n<p>As sin\u00e9quias<strong> da cavidade nasal<\/strong> s\u00e3o caracterizadas por:<\/p>\n<ul class=\"wp-block-list\">\n<li>Dist\u00farbios respirat\u00f3rios e olfativos; <\/li>\n<li>Ressecamento nasal e forma\u00e7\u00e3o de crostas;<\/li>\n<li>Sinusite frequente;<\/li>\n<li>Ronco.<\/li>\n<\/ul>\n<p>A atresia<strong>nasal adquirida<\/strong><em><\/em> caracteriza-se por:<\/p>\n<ul class=\"wp-block-list\">\n<li>Dificuldade respirat\u00f3ria de graus vari\u00e1veis; <\/li>\n<li>Secre\u00e7\u00e3o de co\u00e1gulos de muco; <\/li>\n<li>Altera\u00e7\u00e3o do olfato; <\/li>\n<li>Voz nasalada. <\/li>\n<\/ul>\n<p>A deformidade<strong> p\u00f3s-traum\u00e1tica do nariz externo<\/strong> caracteriza-se por: <\/p>\n<ul class=\"wp-block-list\">\n<li>Insatisfa\u00e7\u00e3o est\u00e9tica com o formato do nariz;<\/li>\n<li>Dificuldade em respirar pelo nariz. <\/li>\n<\/ul>\n<h2 class=\"wp-block-heading\" id=\"diagnostico-de-deformidades-pos-traumaticas-do-nariz\"><strong>Diagn\u00f3stico de deformidades p\u00f3s-traum\u00e1ticas do nariz<\/strong><\/h2>\n<p>Para confirmar o diagn\u00f3stico deste grupo de patologias, \u00e9 suficiente uma <span class=\"glossary-term\" data-title=\"Anamnese\" data-tooltip=\"Obter o hist\u00f3rico (anamnese) \u00e9 um m\u00e9todo b\u00e1sico de exame cl\u00ednico que envolve a obten\u00e7\u00e3o de informa\u00e7\u00f5es sobre a doen\u00e7a, as condi\u00e7\u00f5es de vida e as caracter\u00edsticas individuais do paciente atrav\u00e9s de questionamentos. Esta \u00e9 a etapa fundamental e mais informativa do processo de diagn\u00f3stico.\" data-link=\"https:\/\/wiki.dev.voka.io\/pt\/glossario\/anamnese\/\">anamnese<\/span> completa e um exame de rotina (rinoscopia).<\/p>\n<p>Se necess\u00e1rio, pode ser realizada uma <span class=\"glossary-term\" data-title=\"Endoscopia\" data-tooltip=\"A endoscopia \u00e9 um m\u00e9todo de exame e tratamento que permite ao m\u00e9dico examinar cavidades corporais e \u00f3rg\u00e3os ocos usando um dispositivo especial chamado endosc\u00f3pio. Um endosc\u00f3pio \u00e9 um dispositivo flex\u00edvel ou r\u00edgido com um sistema \u00f3ptico (c\u00e2mera de v\u00eddeo) e uma pequena luz na extremidade.\" data-link=\"https:\/\/wiki.dev.voka.io\/pt\/glossario\/endoscopia\/\">endoscopia<\/span> nasal e uma <span class=\"glossary-term\" data-title=\"Tomografia computorizada\" data-tooltip=\"A tomografia computadorizada \u00e9 um exame de imagem que usa raios X para obter imagens transversais (cortes) de \u00f3rg\u00e3os e tecidos internos. \u00c9 uma das principais t\u00e9cnicas de imagem da medicina moderna, com elevado n\u00edvel de gera\u00e7\u00e3o de informa\u00e7\u00e3o.\" data-link=\"https:\/\/wiki.dev.voka.io\/pt\/glossario\/tc-tomografia-computadorizada\/\">tomografia computorizada<\/span> do esqueleto facial.<\/p>\n<h2 class=\"wp-block-heading\" id=\"tratamento-de-deformidades-pos-traumaticas-do-nariz\"><strong>Tratamento de deformidades p\u00f3s-traum\u00e1ticas do nariz<\/strong><\/h2>\n<h3 class=\"wp-block-heading\" id=\"tratamento-de-sinequias-nasais\"><strong>Tratamento de sin\u00e9quias nasais<\/strong><\/h3>\n<p>As sin\u00e9quias da cavidade nasal s\u00e3o removidas por meio de v\u00e1rios m\u00e9todos, dependendo do equipamento da cl\u00ednica e das prefer\u00eancias do m\u00e9dico: ultrassom, laser, bisturi de radiofrequ\u00eancia ou convencional, tesoura. <\/p>\n<p>Ap\u00f3s a cirurgia, \u00e9 necess\u00e1rio prevenir a forma\u00e7\u00e3o de novas ader\u00eancias. Para este efeito, ao septo s\u00e3o fixados protetores de silicone (splints nasais) durante o per\u00edodo de cicatriza\u00e7\u00e3o e tamb\u00e9m se realiza um tamponamento com esponjas hemost\u00e1ticas para estancar o sangramento. <\/p>\n<p>No per\u00edodo p\u00f3s-operat\u00f3rio, \u00e9 necess\u00e1rio um cuidado regular da cavidade nasal, com remo\u00e7\u00e3o cuidadosa das crostas e aplica\u00e7\u00e3o de tamp\u00f5es com pomada para uma melhor cicatriza\u00e7\u00e3o. <\/p>\n<h3 class=\"wp-block-heading\" id=\"tratamento-da-atresia-coanal-adquirida\"><strong>Tratamento da atresia coanal adquirida<\/strong><\/h3>\n<p>A atresia nasal adquirida \u00e9 tratada sob controlo endosc\u00f3pico, com excis\u00e3o do tecido patol\u00f3gico, restabelecendo a anatomia normal sempre que poss\u00edvel. Para prevenir ader\u00eancias intranasais, s\u00e3o colocados splints nasais de silicone do tamanho das coanas at\u00e9 \u00e0 completa recupera\u00e7\u00e3o (cerca de 3 a 4 semanas).<\/p>\n<div class=\"social-banner-block\">\n<div class=\"social-banner-content\">\n<p class=\"h5-title text-black\">Encontra mais conte\u00fados cientificamente exactos nas nossas redes sociais<\/p>\n<p><span class=\"social-banner-text text-grey\">Subscreve e n\u00e3o percas os recursos mais recentes<\/span><\/p>\n<div class=\"social-links-wrapper\"><a class=\"social-icon-link\" href=\"https:\/\/www.facebook.com\/VOKA3DAnatomyAndPathology\/\" target=\"_blank\" rel=\"nofollow noopener\"><img decoding=\"async\" src=\"https:\/\/storage.googleapis.com\/dev_wiki_voka_io_303011\/common\/Social%20Icons\/facebook.svg\" alt=\"social link\"><\/a><a class=\"social-icon-link\" href=\"https:\/\/www.instagram.com\/voka.io\/\" target=\"_blank\" rel=\"nofollow noopener\"><img decoding=\"async\" src=\"https:\/\/storage.googleapis.com\/dev_wiki_voka_io_303011\/common\/Social%20Icons\/insta.svg\" alt=\"social link\"><\/a><a class=\"social-icon-link\" href=\"https:\/\/www.linkedin.com\/company\/voka-io\/posts\/?feedView=all\" target=\"_blank\" rel=\"nofollow noopener\"><img decoding=\"async\" src=\"https:\/\/storage.googleapis.com\/dev_wiki_voka_io_303011\/common\/Social%20Icons\/linkedin.svg\" alt=\"social link\"><\/a><a class=\"social-icon-link\" href=\"https:\/\/www.youtube.com\/@vokaio\" target=\"_blank\" rel=\"nofollow noopener\"><img decoding=\"async\" src=\"https:\/\/storage.googleapis.com\/dev_wiki_voka_io_303011\/common\/Social%20Icons\/youtube.svg\" alt=\"social link\"><\/a><a class=\"social-icon-link\" href=\"https:\/\/www.pinterest.com\/voka3danatomyandpathology\/\" target=\"_blank\" rel=\"nofollow noopener\"><img decoding=\"async\" src=\"https:\/\/storage.googleapis.com\/dev_wiki_voka_io_303011\/common\/Social%20Icons\/pinterest.svg\" alt=\"social link\"><\/a><a class=\"social-icon-link\" href=\"https:\/\/www.tiktok.com\/@voka.io\" target=\"_blank\" rel=\"nofollow noopener\"><img decoding=\"async\" src=\"https:\/\/storage.googleapis.com\/dev_wiki_voka_io_303011\/common\/Social%20Icons\/tiktok.svg\" alt=\"social link\"><\/a><a class=\"social-icon-link\" href=\"https:\/\/discord.gg\/7ejUpq8DRR\" target=\"_blank\" rel=\"nofollow noopener\"><img decoding=\"async\" src=\"https:\/\/storage.googleapis.com\/dev_wiki_voka_io_303011\/common\/Social%20Icons\/discord.svg\" alt=\"social link\"><\/a><\/div>\n<\/div>\n<p><img decoding=\"async\" class=\"social-banner-image\" loading=\"lazy\" src=\"https:\/\/storage.googleapis.com\/dev_wiki_voka_io_303011\/common\/social-media-banner-mobile-image.webp\" alt=\"Banner background\"><\/div>\n<h3 class=\"wp-block-heading\" id=\"tratamento-das-deformidades-pos-traumaticas-do-nariz-externo\"><strong>Tratamento das deformidades p\u00f3s-traum\u00e1ticas do nariz externo<\/strong><\/h3>\n<p>Para as deformidades p\u00f3s-traum\u00e1ticas do nariz externo, realiza-se rinoplastia ou rinoseptoplastia, dependendo da extens\u00e3o da les\u00e3o. <\/p>\n<figure class=\"wp-block-video\" id=\"animacao-3d-rinoplastia-aberta\"><video controls><source data-src=\"https:\/\/storage.googleapis.com\/dev_wiki_voka_io_303011\/articles\/en\/otorhinolaryngology\/post-traumatic-nasal-changes\/open-rhinoplasty.webm\" type=\"video\/webm\"><\/source><\/video><figcaption class=\"wp-element-caption\">Anima\u00e7\u00e3o 3D: rinoplastia aberta<\/figcaption><\/figure>\n<div>\n<h2 class=\"faq-title h2-article\" id=\"faq\">FAQ<\/h2>\n<div class=\"faq-section\">\n<div class=\"faq-item faq-answer-hidden\">\n<div class=\"question-block\">\n<div class=\"faq-question\">\n<p class=\" text-black h5-title\">1. Quais s\u00e3o os principais tipos de deformidades p\u00f3s-traum\u00e1ticas do nariz?<\/p>\n<\/div>\n<div class=\"faq-answer text-main-text-color main-text-medium\">As principais altera\u00e7\u00f5es p\u00f3s-traum\u00e1ticas incluem tr\u00eas patologias. As sin\u00e9quias s\u00e3o ader\u00eancias cicatriciais (faixas) entre o septo nasal e as conchas nasais. A atresia coanal adquirida \u00e9 a fus\u00e3o completa ou parcial das partes posteriores da cavidade nasal por tecido conjuntivo ou cartilaginoso. A deformidade p\u00f3s-traum\u00e1tica do nariz externo \u00e9 uma altera\u00e7\u00e3o persistente da forma da estrutura \u00f3ssea ou cartilaginosa (por exemplo, nariz em sela ou deformidade escoli\u00f3tica).<\/div>\n<\/div>\n<div class=\"expand-button-wrapper\"><button class=\"text-accent expand-button\">+<\/button><\/div>\n<\/div>\n<div class=\"faq-item faq-answer-hidden\">\n<div class=\"question-block\">\n<div class=\"faq-question\">\n<p class=\" text-black h5-title\">2. Quais s\u00e3o as causas comuns destas condi\u00e7\u00f5es?<\/p>\n<\/div>\n<div class=\"faq-answer text-main-text-color main-text-medium\">A causa mais comum \u00e9 o traumatismo mec\u00e2nico (impactos, quedas, acidentes de via\u00e7\u00e3o), cujas consequ\u00eancias podem ser imediatas ou tardias. A segunda causa mais relevante s\u00e3o os fatores iatrog\u00e9nicos, ou seja, complica\u00e7\u00f5es ap\u00f3s cirurgia nasal. Com menos frequ\u00eancia, essas altera\u00e7\u00f5es s\u00e3o causadas por doen\u00e7as inflamat\u00f3rias cr\u00f3nicas ou autoimunes, como vasculites associadas ao ANCA.<\/div>\n<\/div>\n<div class=\"expand-button-wrapper\"><button class=\"text-accent expand-button\">+<\/button><\/div>\n<\/div>\n<div class=\"faq-item faq-answer-hidden\">\n<div class=\"question-block\">\n<div class=\"faq-question\">\n<p class=\" text-black h5-title\">3. Como diferem as manifesta\u00e7\u00f5es cl\u00ednicas consoante o tipo de altera\u00e7\u00e3o p\u00f3s-traum\u00e1tica?<\/p>\n<\/div>\n<div class=\"faq-answer text-main-text-color main-text-medium\">O quadro cl\u00ednico \u00e9 espec\u00edfico para cada patologia. As sin\u00e9quias s\u00e3o caracterizadas por obstru\u00e7\u00e3o nasal unilateral, ressecamento, forma\u00e7\u00e3o de crostas e sinusites recorrentes. Na atresia coanal, a dificuldade respirat\u00f3ria \u00e9 acompanhada por voz nasalada (rinolalia fechada) e acumula\u00e7\u00e3o de muco espesso. Quando o nariz externo est\u00e1 deformado, a insatisfa\u00e7\u00e3o est\u00e9tica do paciente torna-se uma preocupa\u00e7\u00e3o primordial, frequentemente associada \u00e0 dificuldade em respirar pelo nariz.<\/div>\n<\/div>\n<div class=\"expand-button-wrapper\"><button class=\"text-accent expand-button\">+<\/button><\/div>\n<\/div>\n<div class=\"faq-item faq-answer-hidden\">\n<div class=\"question-block\">\n<div class=\"faq-question\">\n<p class=\" text-black h5-title\">4. Quais s\u00e3o os principais m\u00e9todos para confirmar o diagn\u00f3stico?<\/p>\n<\/div>\n<div class=\"faq-answer text-main-text-color main-text-medium\">A base para o diagn\u00f3stico \u00e9 a anamnese, que inclui informa\u00e7\u00e3o sobre traumatismos ou cirurgias, e a rinoscopia, um exame padr\u00e3o da otorrinolaringologia. Para uma avalia\u00e7\u00e3o detalhada da extens\u00e3o das sin\u00e9quias ou atresias, bem como para o planeamento de interven\u00e7\u00e3o cir\u00fargica em caso de deformidades, s\u00e3o utilizadas a endoscopia da cavidade nasal e tomografia computadorizada (TC) do esqueleto facial.<\/div>\n<\/div>\n<div class=\"expand-button-wrapper\"><button class=\"text-accent expand-button\">+<\/button><\/div>\n<\/div>\n<div class=\"faq-item faq-answer-hidden\">\n<div class=\"question-block\">\n<div class=\"faq-question\">\n<p class=\" text-black h5-title\">5. Quais s\u00e3o os princ\u00edpios do tratamento para cada tipo de deformidade p\u00f3s-traum\u00e1tica do nariz?<\/p>\n<\/div>\n<div class=\"faq-answer text-main-text-color main-text-medium\">O tratamento para todas essas patologias \u00e9 exclusivamente cir\u00fargico. As ader\u00eancias s\u00e3o removidas com laser, bisturi el\u00e9trico de radiofrequ\u00eancia ou instrumentos tradicionais. A atresia coanal \u00e9 reparada endoscopicamente com a excis\u00e3o da membrana cicatricial. As deformidades p\u00f3s-traum\u00e1ticas do nariz externo s\u00e3o corrigidas atrav\u00e9s de rinoplastia ou rinoseptoplastia para restaurar tanto a forma como a fun\u00e7\u00e3o.<\/div>\n<\/div>\n<div class=\"expand-button-wrapper\"><button class=\"text-accent expand-button\">+<\/button><\/div>\n<\/div>\n<div class=\"faq-item faq-answer-hidden\">\n<div class=\"question-block\">\n<div class=\"faq-question\">\n<p class=\" text-black h5-title\">6. Como prevenir a reincid\u00eancia das sinequias ap\u00f3s a sua remo\u00e7\u00e3o cir\u00fargica?<\/p>\n<\/div>\n<div class=\"faq-answer text-main-text-color main-text-medium\">A preven\u00e7\u00e3o da recorr\u00eancia \u00e9 uma etapa fundamental do tratamento. Logo ap\u00f3s a remo\u00e7\u00e3o das ader\u00eancias para a separa\u00e7\u00e3o mec\u00e2nica das superf\u00edcies cicatrizantes da mucosa, s\u00e3o colocados protetores nasais especiais de silicone (splints) durante todo o per\u00edodo de cicatriza\u00e7\u00e3o. No p\u00f3s-operat\u00f3rio, \u00e9 tamb\u00e9m muito importante cuidar bem de forma regular da cavidade nasal.<\/div>\n<\/div>\n<div class=\"expand-button-wrapper\"><button class=\"text-accent expand-button\">+<\/button><\/div>\n<\/div>\n<\/div>\n<\/div>\n<div class=\"sources-list-block sources-list-hidden\" id=\"referencias\">\n<div class=\"sources-list-content\">\n<div class=\"sources-list-title\">\n<p class=\"small-text-bold text-black sources-list-title-text\">Refer\u00eancias<\/p>\n<div class=\"sources-expand-button-wrapper-mobile\">\n<div class=\"sources-expand-button\"><svg width=\"32\" height=\"32\" viewbox=\"0 0 32 32\" fill=\"none\" xmlns=\"http:\/\/www.w3.org\/2000\/svg\"><path d=\"M8 12L16 20L24 12\" stroke=\"#8C9AAB\" stroke-width=\"2\" stroke-linecap=\"round\" stroke-linejoin=\"round\"><\/path><\/svg><\/div>\n<\/div>\n<\/div>\n<div class=\"sources-list-items\">\n<div class=\"source-item\">\n<p class=\"main-text-semibold text-black\">1.<\/p>\n<div class=\"source-item-content\">\n<p class=\"main-text-semibold text-black\"><cite>Cat\u00e1logo VOKA. [Recurso eletr\u00f4nico]<\/cite><\/p>\n<p><span class=\"small-text-medium text-grey\">https:\/\/catalog.voka.io\/ <\/span><\/div>\n<\/div>\n<div class=\"source-item\">\n<p class=\"main-text-semibold text-black\">2.<\/p>\n<div class=\"source-item-content\">\n<p class=\"main-text-semibold text-black\"><cite>Sclafani, A. P., Dyleski, R. A., Pitman, M. J., & Schantz, S. P. (2015). Total otolaryngology\u2014Head and neck surgery. Thieme Medical Publishers, Inc. ISBN 978-1-60406-646-3.<\/cite><\/p>\n<\/div>\n<\/div>\n<div class=\"source-item\">\n<p class=\"main-text-semibold text-black\">3.<\/p>\n<div class=\"source-item-content\">\n<p class=\"main-text-semibold text-black\"><cite>\u0411\u0435\u0440\u0431\u043e\u043c \u0425., \u041a\u0430\u0448\u043a\u0435 \u041e., \u041d\u0430\u0432\u043a\u0430 \u0422., \u0421\u0432\u0438\u0444\u0442 \u042d. \u0411\u043e\u043b\u0435\u0437\u043d\u0438 \u0443\u0445\u0430, \u0433\u043e\u0440\u043b\u0430 \u0438 \u043d\u043e\u0441\u0430 \/ \u0425\u0430\u043d\u0441 \u0411\u0435\u0440\u0431\u043e\u043c, \u041e\u043b\u0438\u0432\u0435\u0440 \u041a\u0430\u0448\u043a\u0435, \u0422\u0430\u0434\u0435\u0443\u0441 \u041d\u0430\u0432\u043a\u0430, \u042d\u043d\u0434\u0440\u044e \u0421\u0432\u0438\u0444\u0442 ; \u043f\u0435\u0440. \u0441 \u0430\u043d\u0433\u043b. \u2013 2-\u0435 \u0438\u0437\u0434. \u2013 \u041c. : \u041c\u0415\u0414\u043f\u0440\u0435\u0441\u0441-\u0438\u043d\u0444\u043e\u0440\u043c, 2016. \u2013 776 \u0441. : \u0438\u043b. ISBN 978-5-00030-322-1. <\/cite><\/p>\n<\/div>\n<\/div>\n<div class=\"source-item\">\n<p class=\"main-text-semibold text-black\">4.<\/p>\n<div class=\"source-item-content\">\n<p class=\"main-text-semibold text-black\"><cite>St\u0119pi\u0144ski, M. J., & Banaszewski, J. (2023). Intranasal synechiae as complications of rhinosurgical treatment \u2014 A review of current knowledge. Journal of Clinical Medicine, 12(21), 6831. PMID: 37959296; PMCID: PMC10648208.<\/cite><\/p>\n<p><span class=\"small-text-medium text-grey\">https:\/\/doi.org\/10.3390\/jcm12216831 <\/span><\/div>\n<\/div>\n<div class=\"source-item\">\n<p class=\"main-text-semibold text-black\">5.<\/p>\n<div class=\"source-item-content\">\n<p class=\"main-text-semibold text-black\"><cite>Karpishchenko S.A., Vereshchagina O.E., Teplova E.O. Dvustoronnyaya sinekhial\u2019naya obstruktsiya polosti nosa [Bilateral synechiae obstruction of the nasal cavity]. Vestn Otorinolaringol, 2020, vol. 85, no. 4, pp. 80\u201384. DOI: 10.17116\/otorino20208504180. PMID: 32885643. (In Russian). <\/cite><\/p>\n<\/div>\n<\/div>\n<div class=\"source-item\">\n<p class=\"main-text-semibold text-black\">6.<\/p>\n<div class=\"source-item-content\">\n<p class=\"main-text-semibold text-black\"><cite>Ku PK, Tong MC, Tsang SS, van Hasselt A. Acquired posterior choanal stenosis and atresia: management of this unusual complication after radiotherapy for nasopharyngeal carcinoma. Am J Otolaryngol. 2001 Jul-Aug;22(4):225-9. doi: 10.1053\/ajot.2001.24816. PMID: 11464317.<\/cite><\/p>\n<\/div>\n<\/div>\n<\/div>\n<\/div>\n<div class=\"sources-expand-button-wrapper\">\n<div class=\"sources-expand-button\"><svg width=\"32\" height=\"32\" viewbox=\"0 0 32 32\" fill=\"none\" xmlns=\"http:\/\/www.w3.org\/2000\/svg\"><path d=\"M8 12L16 20L24 12\" stroke=\"#8C9AAB\" stroke-width=\"2\" stroke-linecap=\"round\" stroke-linejoin=\"round\"><\/path><\/svg><\/div>\n<\/div>\n<\/div>\n","protected":false},"excerpt":{"rendered":"<p>Esta sec\u00e7\u00e3o inclui condi\u00e7\u00f5es patol\u00f3gicas que surgem devido \u00e0 viola\u00e7\u00e3o da integridade anat\u00f3mica das estruturas nasais devido a impactos mec\u00e2nicos nos seus tecidos. Classifica\u00e7\u00e3o e anatomia de deformidades nasais p\u00f3s-traum\u00e1ticas Sin\u00e9quia nasal As sin\u00e9quias nasais s\u00e3o prolifera\u00e7\u00f5es anormais de tecido conjuntivo entre o septo e a parede lateral do nariz (concha nasal) sob a forma [&hellip;]<\/p>\n","protected":false},"author":4,"featured_media":0,"template":"","diseases_category":[301],"class_list":["post-1772","diseases_post","type-diseases_post","status-publish","hentry","diseases_category-otorrinolaringologicas"],"acf":[],"yoast_head":"<!-- This site is optimized with the Yoast SEO Premium plugin v25.0 (Yoast SEO v26.5) - https:\/\/yoast.com\/wordpress\/plugins\/seo\/ -->\n<title>Deformidades nasais p\u00f3s-traum\u00e1ticas: classifica\u00e7\u00e3o, causas, sintomas, diagn\u00f3stico e tratamento<\/title>\n<meta name=\"description\" content=\"Classifica\u00e7\u00e3o de deformidades nasais p\u00f3s-traum\u00e1ticas. O artigo aborda as sin\u00e9quias e atresia adquirida da cavidade nasal, deforma\u00e7\u00f5es do nariz externo, m\u00e9todos de diagn\u00f3stico e tratamento.\" \/>\n<meta name=\"robots\" content=\"noindex, follow, max-snippet:-1, max-image-preview:large, max-video-preview:-1\" \/>\n<meta property=\"og:locale\" content=\"pt_PT\" \/>\n<meta property=\"og:type\" content=\"article\" \/>\n<meta property=\"og:title\" content=\"Deformidades nasais p\u00f3s-traum\u00e1ticas: classifica\u00e7\u00e3o, etiologia, diagn\u00f3stico, tratamento\" \/>\n<meta property=\"og:description\" content=\"Classifica\u00e7\u00e3o de deformidades nasais p\u00f3s-traum\u00e1ticas. O artigo aborda as sin\u00e9quias e atresia adquirida da cavidade nasal, deforma\u00e7\u00f5es do nariz externo, m\u00e9todos de diagn\u00f3stico e tratamento.\" \/>\n<meta property=\"og:url\" content=\"https:\/\/wiki.dev.voka.io\/pt\/doencas\/otorrinolaringologicas\/deformidades-nasais-pos-traumaticas\/\" \/>\n<meta property=\"og:site_name\" content=\"Voka Wiki\" \/>\n<meta property=\"article:publisher\" content=\"https:\/\/www.facebook.com\/VOKA3DAnatomyAndPathology\/\" \/>\n<meta property=\"article:modified_time\" content=\"2025-12-10T15:22:04+00:00\" \/>\n<meta property=\"og:image\" content=\"https:\/\/storage.googleapis.com\/dev_wiki_voka_io_303011\/articles\/en\/otorhinolaryngology\/post-traumatic-nasal-changes\/nasal-cavity-synechiae.webp\" \/>\n<meta name=\"twitter:card\" content=\"summary_large_image\" \/>\n<meta name=\"twitter:label1\" content=\"Tempo estimado de leitura\" \/>\n\t<meta name=\"twitter:data1\" content=\"4 minutos\" \/>\n<script type=\"application\/ld+json\" class=\"yoast-schema-graph\">{\"@context\":\"https:\/\/schema.org\",\"@graph\":[{\"@type\":\"Article\",\"@id\":\"https:\/\/wiki.dev.voka.io\/pt\/doencas\/otorrinolaringologicas\/deformidades-nasais-pos-traumaticas\/#article\",\"isPartOf\":{\"@id\":\"https:\/\/wiki.dev.voka.io\/pt\/doencas\/otorrinolaringologicas\/deformidades-nasais-pos-traumaticas\/\"},\"author\":{\"name\":\"Danata A.\",\"@id\":\"https:\/\/wiki.dev.voka.io\/pt\/#\/schema\/person\/75a01428a2e97375c0facaaeba432542\"},\"headline\":\"Deformidades nasais p\u00f3s-traum\u00e1ticas: classifica\u00e7\u00e3o, etiologia, diagn\u00f3stico, tratamento\",\"datePublished\":\"2025-11-13T11:41:24+00:00\",\"dateModified\":\"2025-12-10T15:22:04+00:00\",\"mainEntityOfPage\":{\"@id\":\"https:\/\/wiki.dev.voka.io\/pt\/doencas\/otorrinolaringologicas\/deformidades-nasais-pos-traumaticas\/\"},\"wordCount\":865,\"publisher\":{\"@id\":\"https:\/\/wiki.dev.voka.io\/pt\/#organization\"},\"image\":{\"@id\":\"https:\/\/wiki.dev.voka.io\/pt\/doencas\/otorrinolaringologicas\/deformidades-nasais-pos-traumaticas\/#primaryimage\"},\"thumbnailUrl\":\"https:\/\/storage.googleapis.com\/dev_wiki_voka_io_303011\/articles\/en\/otorhinolaryngology\/post-traumatic-nasal-changes\/nasal-cavity-synechiae.webp\",\"inLanguage\":\"pt-PT\"},{\"@type\":\"WebPage\",\"@id\":\"https:\/\/wiki.dev.voka.io\/pt\/doencas\/otorrinolaringologicas\/deformidades-nasais-pos-traumaticas\/\",\"url\":\"https:\/\/wiki.dev.voka.io\/pt\/doencas\/otorrinolaringologicas\/deformidades-nasais-pos-traumaticas\/\",\"name\":\"Deformidades nasais p\u00f3s-traum\u00e1ticas: classifica\u00e7\u00e3o, causas, sintomas, diagn\u00f3stico e tratamento\",\"isPartOf\":{\"@id\":\"https:\/\/wiki.dev.voka.io\/pt\/#website\"},\"primaryImageOfPage\":{\"@id\":\"https:\/\/wiki.dev.voka.io\/pt\/doencas\/otorrinolaringologicas\/deformidades-nasais-pos-traumaticas\/#primaryimage\"},\"image\":{\"@id\":\"https:\/\/wiki.dev.voka.io\/pt\/doencas\/otorrinolaringologicas\/deformidades-nasais-pos-traumaticas\/#primaryimage\"},\"thumbnailUrl\":\"https:\/\/storage.googleapis.com\/dev_wiki_voka_io_303011\/articles\/en\/otorhinolaryngology\/post-traumatic-nasal-changes\/nasal-cavity-synechiae.webp\",\"datePublished\":\"2025-11-13T11:41:24+00:00\",\"dateModified\":\"2025-12-10T15:22:04+00:00\",\"description\":\"Classifica\u00e7\u00e3o de deformidades nasais p\u00f3s-traum\u00e1ticas. O artigo aborda as sin\u00e9quias e atresia adquirida da cavidade nasal, deforma\u00e7\u00f5es do nariz externo, m\u00e9todos de diagn\u00f3stico e tratamento.\",\"breadcrumb\":{\"@id\":\"https:\/\/wiki.dev.voka.io\/pt\/doencas\/otorrinolaringologicas\/deformidades-nasais-pos-traumaticas\/#breadcrumb\"},\"inLanguage\":\"pt-PT\",\"potentialAction\":[{\"@type\":\"ReadAction\",\"target\":[\"https:\/\/wiki.dev.voka.io\/pt\/doencas\/otorrinolaringologicas\/deformidades-nasais-pos-traumaticas\/\"]}]},{\"@type\":\"ImageObject\",\"inLanguage\":\"pt-PT\",\"@id\":\"https:\/\/wiki.dev.voka.io\/pt\/doencas\/otorrinolaringologicas\/deformidades-nasais-pos-traumaticas\/#primaryimage\",\"url\":\"https:\/\/storage.googleapis.com\/dev_wiki_voka_io_303011\/articles\/en\/otorhinolaryngology\/post-traumatic-nasal-changes\/nasal-cavity-synechiae.webp\",\"contentUrl\":\"https:\/\/storage.googleapis.com\/dev_wiki_voka_io_303011\/articles\/en\/otorhinolaryngology\/post-traumatic-nasal-changes\/nasal-cavity-synechiae.webp\"},{\"@type\":\"BreadcrumbList\",\"@id\":\"https:\/\/wiki.dev.voka.io\/pt\/doencas\/otorrinolaringologicas\/deformidades-nasais-pos-traumaticas\/#breadcrumb\",\"itemListElement\":[{\"@type\":\"ListItem\",\"position\":1,\"name\":\"Home\",\"item\":\"https:\/\/wiki.dev.voka.io\/pt\/\"},{\"@type\":\"ListItem\",\"position\":2,\"name\":\"Otorrinolaringologia\",\"item\":\"https:\/\/wiki.dev.voka.io\/pt\/doencas\/otorrinolaringologicas\/\"},{\"@type\":\"ListItem\",\"position\":3,\"name\":\"Deformidades nasais p\u00f3s-traum\u00e1ticas: classifica\u00e7\u00e3o, etiologia, diagn\u00f3stico, tratamento\"}]},{\"@type\":\"WebSite\",\"@id\":\"https:\/\/wiki.dev.voka.io\/pt\/#website\",\"url\":\"https:\/\/wiki.dev.voka.io\/pt\/\",\"name\":\"Voka Wiki\",\"description\":\"\",\"publisher\":{\"@id\":\"https:\/\/wiki.dev.voka.io\/pt\/#organization\"},\"alternateName\":\"Anatomy & Pathology Wiki by VOKA\",\"potentialAction\":[{\"@type\":\"SearchAction\",\"target\":{\"@type\":\"EntryPoint\",\"urlTemplate\":\"https:\/\/wiki.dev.voka.io\/pt\/?s={search_term_string}\"},\"query-input\":{\"@type\":\"PropertyValueSpecification\",\"valueRequired\":true,\"valueName\":\"search_term_string\"}}],\"inLanguage\":\"pt-PT\"},{\"@type\":\"Organization\",\"@id\":\"https:\/\/wiki.dev.voka.io\/pt\/#organization\",\"name\":\"Voka 3D Anatomy & Pathology\",\"alternateName\":\"VOKA\",\"url\":\"https:\/\/wiki.dev.voka.io\/pt\/\",\"logo\":{\"@type\":\"ImageObject\",\"inLanguage\":\"pt-PT\",\"@id\":\"https:\/\/wiki.dev.voka.io\/pt\/#\/schema\/logo\/image\/\",\"url\":\"https:\/\/wiki.dev.voka.io\/wp-content\/uploads\/2025\/02\/cropped-voka-logo-1.png\",\"contentUrl\":\"https:\/\/wiki.dev.voka.io\/wp-content\/uploads\/2025\/02\/cropped-voka-logo-1.png\",\"width\":70,\"height\":16,\"caption\":\"Voka 3D Anatomy & Pathology\"},\"image\":{\"@id\":\"https:\/\/wiki.dev.voka.io\/pt\/#\/schema\/logo\/image\/\"},\"sameAs\":[\"https:\/\/www.facebook.com\/VOKA3DAnatomyAndPathology\/\",\"https:\/\/www.instagram.com\/voka.io\/\",\"https:\/\/www.linkedin.com\/company\/voka-io\/\",\"https:\/\/www.youtube.com\/channel\/UCqGGuOEpr62ScH8Pjk2q5zw\/videos\",\"https:\/\/www.pinterest.com\/VokaAnatomyPro\/\",\"https:\/\/www.threads.com\/@voka.io\"],\"description\":\"VOKA.io offers 3D medical animations and custom 3D modeling services. Our product, VOKA 3D Anatomy & Pathology, is a digital atlas with over 1,000 detailed 3D models of human anatomy and pathology, designed for medical education, training, and patient communication.\",\"email\":\"info@voka.io\",\"telephone\":\"+1 814 351 4442\",\"legalName\":\"Voka 3D Anatomy & Pathology\",\"foundingDate\":\"2017-02-12\",\"naics\":\"541512\",\"numberOfEmployees\":{\"@type\":\"QuantitativeValue\",\"minValue\":\"51\",\"maxValue\":\"200\"},\"publishingPrinciples\":\"https:\/\/wiki.voka.io\/pt\/principios-de-publicacao\/\"},{\"@type\":\"Person\",\"@id\":\"https:\/\/wiki.dev.voka.io\/pt\/#\/schema\/person\/75a01428a2e97375c0facaaeba432542\",\"name\":\"Danata A.\",\"image\":{\"@type\":\"ImageObject\",\"inLanguage\":\"pt-PT\",\"@id\":\"https:\/\/wiki.dev.voka.io\/pt\/#\/schema\/person\/image\/\",\"url\":\"https:\/\/secure.gravatar.com\/avatar\/17b61e87bc892ef9555b6080655463c63eb46025ed870850eaa2472678817ed6?s=96&d=mm&r=g\",\"contentUrl\":\"https:\/\/secure.gravatar.com\/avatar\/17b61e87bc892ef9555b6080655463c63eb46025ed870850eaa2472678817ed6?s=96&d=mm&r=g\",\"caption\":\"Danata A.\"}}]}<\/script>\n<!-- \/ Yoast SEO Premium plugin. -->","yoast_head_json":{"title":"Deformidades nasais p\u00f3s-traum\u00e1ticas: classifica\u00e7\u00e3o, causas, sintomas, diagn\u00f3stico e tratamento","description":"Classifica\u00e7\u00e3o de deformidades nasais p\u00f3s-traum\u00e1ticas. O artigo aborda as sin\u00e9quias e atresia adquirida da cavidade nasal, deforma\u00e7\u00f5es do nariz externo, m\u00e9todos de diagn\u00f3stico e tratamento.","robots":{"index":"noindex","follow":"follow","max-snippet":"max-snippet:-1","max-image-preview":"max-image-preview:large","max-video-preview":"max-video-preview:-1"},"og_locale":"pt_PT","og_type":"article","og_title":"Deformidades nasais p\u00f3s-traum\u00e1ticas: classifica\u00e7\u00e3o, etiologia, diagn\u00f3stico, tratamento","og_description":"Classifica\u00e7\u00e3o de deformidades nasais p\u00f3s-traum\u00e1ticas. O artigo aborda as sin\u00e9quias e atresia adquirida da cavidade nasal, deforma\u00e7\u00f5es do nariz externo, m\u00e9todos de diagn\u00f3stico e tratamento.","og_url":"https:\/\/wiki.dev.voka.io\/pt\/doencas\/otorrinolaringologicas\/deformidades-nasais-pos-traumaticas\/","og_site_name":"Voka Wiki","article_publisher":"https:\/\/www.facebook.com\/VOKA3DAnatomyAndPathology\/","article_modified_time":"2025-12-10T15:22:04+00:00","og_image":[{"url":"https:\/\/storage.googleapis.com\/dev_wiki_voka_io_303011\/articles\/en\/otorhinolaryngology\/post-traumatic-nasal-changes\/nasal-cavity-synechiae.webp","type":"","width":"","height":""}],"twitter_card":"summary_large_image","twitter_misc":{"Tempo estimado de leitura":"4 minutos"},"schema":{"@context":"https:\/\/schema.org","@graph":[{"@type":"Article","@id":"https:\/\/wiki.dev.voka.io\/pt\/doencas\/otorrinolaringologicas\/deformidades-nasais-pos-traumaticas\/#article","isPartOf":{"@id":"https:\/\/wiki.dev.voka.io\/pt\/doencas\/otorrinolaringologicas\/deformidades-nasais-pos-traumaticas\/"},"author":{"name":"Danata A.","@id":"https:\/\/wiki.dev.voka.io\/pt\/#\/schema\/person\/75a01428a2e97375c0facaaeba432542"},"headline":"Deformidades nasais p\u00f3s-traum\u00e1ticas: classifica\u00e7\u00e3o, etiologia, diagn\u00f3stico, tratamento","datePublished":"2025-11-13T11:41:24+00:00","dateModified":"2025-12-10T15:22:04+00:00","mainEntityOfPage":{"@id":"https:\/\/wiki.dev.voka.io\/pt\/doencas\/otorrinolaringologicas\/deformidades-nasais-pos-traumaticas\/"},"wordCount":865,"publisher":{"@id":"https:\/\/wiki.dev.voka.io\/pt\/#organization"},"image":{"@id":"https:\/\/wiki.dev.voka.io\/pt\/doencas\/otorrinolaringologicas\/deformidades-nasais-pos-traumaticas\/#primaryimage"},"thumbnailUrl":"https:\/\/storage.googleapis.com\/dev_wiki_voka_io_303011\/articles\/en\/otorhinolaryngology\/post-traumatic-nasal-changes\/nasal-cavity-synechiae.webp","inLanguage":"pt-PT"},{"@type":"WebPage","@id":"https:\/\/wiki.dev.voka.io\/pt\/doencas\/otorrinolaringologicas\/deformidades-nasais-pos-traumaticas\/","url":"https:\/\/wiki.dev.voka.io\/pt\/doencas\/otorrinolaringologicas\/deformidades-nasais-pos-traumaticas\/","name":"Deformidades nasais p\u00f3s-traum\u00e1ticas: classifica\u00e7\u00e3o, causas, sintomas, diagn\u00f3stico e tratamento","isPartOf":{"@id":"https:\/\/wiki.dev.voka.io\/pt\/#website"},"primaryImageOfPage":{"@id":"https:\/\/wiki.dev.voka.io\/pt\/doencas\/otorrinolaringologicas\/deformidades-nasais-pos-traumaticas\/#primaryimage"},"image":{"@id":"https:\/\/wiki.dev.voka.io\/pt\/doencas\/otorrinolaringologicas\/deformidades-nasais-pos-traumaticas\/#primaryimage"},"thumbnailUrl":"https:\/\/storage.googleapis.com\/dev_wiki_voka_io_303011\/articles\/en\/otorhinolaryngology\/post-traumatic-nasal-changes\/nasal-cavity-synechiae.webp","datePublished":"2025-11-13T11:41:24+00:00","dateModified":"2025-12-10T15:22:04+00:00","description":"Classifica\u00e7\u00e3o de deformidades nasais p\u00f3s-traum\u00e1ticas. O artigo aborda as sin\u00e9quias e atresia adquirida da cavidade nasal, deforma\u00e7\u00f5es do nariz externo, m\u00e9todos de diagn\u00f3stico e tratamento.","breadcrumb":{"@id":"https:\/\/wiki.dev.voka.io\/pt\/doencas\/otorrinolaringologicas\/deformidades-nasais-pos-traumaticas\/#breadcrumb"},"inLanguage":"pt-PT","potentialAction":[{"@type":"ReadAction","target":["https:\/\/wiki.dev.voka.io\/pt\/doencas\/otorrinolaringologicas\/deformidades-nasais-pos-traumaticas\/"]}]},{"@type":"ImageObject","inLanguage":"pt-PT","@id":"https:\/\/wiki.dev.voka.io\/pt\/doencas\/otorrinolaringologicas\/deformidades-nasais-pos-traumaticas\/#primaryimage","url":"https:\/\/storage.googleapis.com\/dev_wiki_voka_io_303011\/articles\/en\/otorhinolaryngology\/post-traumatic-nasal-changes\/nasal-cavity-synechiae.webp","contentUrl":"https:\/\/storage.googleapis.com\/dev_wiki_voka_io_303011\/articles\/en\/otorhinolaryngology\/post-traumatic-nasal-changes\/nasal-cavity-synechiae.webp"},{"@type":"BreadcrumbList","@id":"https:\/\/wiki.dev.voka.io\/pt\/doencas\/otorrinolaringologicas\/deformidades-nasais-pos-traumaticas\/#breadcrumb","itemListElement":[{"@type":"ListItem","position":1,"name":"Home","item":"https:\/\/wiki.dev.voka.io\/pt\/"},{"@type":"ListItem","position":2,"name":"Otorrinolaringologia","item":"https:\/\/wiki.dev.voka.io\/pt\/doencas\/otorrinolaringologicas\/"},{"@type":"ListItem","position":3,"name":"Deformidades nasais p\u00f3s-traum\u00e1ticas: classifica\u00e7\u00e3o, etiologia, diagn\u00f3stico, tratamento"}]},{"@type":"WebSite","@id":"https:\/\/wiki.dev.voka.io\/pt\/#website","url":"https:\/\/wiki.dev.voka.io\/pt\/","name":"Voka Wiki","description":"","publisher":{"@id":"https:\/\/wiki.dev.voka.io\/pt\/#organization"},"alternateName":"Anatomy & Pathology Wiki by VOKA","potentialAction":[{"@type":"SearchAction","target":{"@type":"EntryPoint","urlTemplate":"https:\/\/wiki.dev.voka.io\/pt\/?s={search_term_string}"},"query-input":{"@type":"PropertyValueSpecification","valueRequired":true,"valueName":"search_term_string"}}],"inLanguage":"pt-PT"},{"@type":"Organization","@id":"https:\/\/wiki.dev.voka.io\/pt\/#organization","name":"Voka 3D Anatomy & Pathology","alternateName":"VOKA","url":"https:\/\/wiki.dev.voka.io\/pt\/","logo":{"@type":"ImageObject","inLanguage":"pt-PT","@id":"https:\/\/wiki.dev.voka.io\/pt\/#\/schema\/logo\/image\/","url":"https:\/\/wiki.dev.voka.io\/wp-content\/uploads\/2025\/02\/cropped-voka-logo-1.png","contentUrl":"https:\/\/wiki.dev.voka.io\/wp-content\/uploads\/2025\/02\/cropped-voka-logo-1.png","width":70,"height":16,"caption":"Voka 3D Anatomy & Pathology"},"image":{"@id":"https:\/\/wiki.dev.voka.io\/pt\/#\/schema\/logo\/image\/"},"sameAs":["https:\/\/www.facebook.com\/VOKA3DAnatomyAndPathology\/","https:\/\/www.instagram.com\/voka.io\/","https:\/\/www.linkedin.com\/company\/voka-io\/","https:\/\/www.youtube.com\/channel\/UCqGGuOEpr62ScH8Pjk2q5zw\/videos","https:\/\/www.pinterest.com\/VokaAnatomyPro\/","https:\/\/www.threads.com\/@voka.io"],"description":"VOKA.io offers 3D medical animations and custom 3D modeling services. Our product, VOKA 3D Anatomy & Pathology, is a digital atlas with over 1,000 detailed 3D models of human anatomy and pathology, designed for medical education, training, and patient communication.","email":"info@voka.io","telephone":"+1 814 351 4442","legalName":"Voka 3D Anatomy & Pathology","foundingDate":"2017-02-12","naics":"541512","numberOfEmployees":{"@type":"QuantitativeValue","minValue":"51","maxValue":"200"},"publishingPrinciples":"https:\/\/wiki.voka.io\/pt\/principios-de-publicacao\/"},{"@type":"Person","@id":"https:\/\/wiki.dev.voka.io\/pt\/#\/schema\/person\/75a01428a2e97375c0facaaeba432542","name":"Danata A.","image":{"@type":"ImageObject","inLanguage":"pt-PT","@id":"https:\/\/wiki.dev.voka.io\/pt\/#\/schema\/person\/image\/","url":"https:\/\/secure.gravatar.com\/avatar\/17b61e87bc892ef9555b6080655463c63eb46025ed870850eaa2472678817ed6?s=96&d=mm&r=g","contentUrl":"https:\/\/secure.gravatar.com\/avatar\/17b61e87bc892ef9555b6080655463c63eb46025ed870850eaa2472678817ed6?s=96&d=mm&r=g","caption":"Danata A."}}]}},"_links":{"self":[{"href":"https:\/\/wiki.dev.voka.io\/pt\/wp-json\/wp\/v2\/diseases_post\/1772","targetHints":{"allow":["GET"]}}],"collection":[{"href":"https:\/\/wiki.dev.voka.io\/pt\/wp-json\/wp\/v2\/diseases_post"}],"about":[{"href":"https:\/\/wiki.dev.voka.io\/pt\/wp-json\/wp\/v2\/types\/diseases_post"}],"author":[{"embeddable":true,"href":"https:\/\/wiki.dev.voka.io\/pt\/wp-json\/wp\/v2\/users\/4"}],"wp:attachment":[{"href":"https:\/\/wiki.dev.voka.io\/pt\/wp-json\/wp\/v2\/media?parent=1772"}],"wp:term":[{"taxonomy":"diseases_category","embeddable":true,"href":"https:\/\/wiki.dev.voka.io\/pt\/wp-json\/wp\/v2\/diseases_category?post=1772"}],"curies":[{"name":"wp","href":"https:\/\/api.w.org\/{rel}","templated":true}]}}