{"id":2827,"date":"2026-01-29T17:22:51","date_gmt":"2026-01-29T14:22:51","guid":{"rendered":"https:\/\/wiki.dev.voka.io\/diseases\/uncategorized\/fratture-delle-vertebre-cervicali\/"},"modified":"2026-01-29T17:22:46","modified_gmt":"2026-01-29T14:22:46","slug":"fratture-delle-vertebre-cervicali","status":"publish","type":"diseases_post","link":"https:\/\/wiki.dev.voka.io\/it\/malattie\/traumatologiche\/fratture-delle-vertebre-cervicali\/","title":{"rendered":"Fratture della colonna vertebrale cervicale: classificazione, sintomi e trattamento"},"content":{"rendered":"<p><?xml encoding=\"UTF-8\" ?><\/p>\n<p>Le fratture della colonna vertebrale cervicale sono considerate traumi gravi che richiedono una diagnosi e un trattamento accurati. Tra i traumi pi\u00f9 importanti vi sono quelli che interessano la parte superiore della colonna cervicale, in particolare le vertebre C1 (atlante) e C2 (asse), in quanto sono responsabili della mobilit\u00e0 della testa e si trovano in stretta vicinanza con il tronco encefalico e il midollo spinale.<\/p>\n<h2 class=\"wp-block-heading\" id=\"frattura-della-prima-vertebra-cervicale\"><strong>Frattura della prima vertebra cervicale<\/strong><\/h2>\n<p>La prima vertebra cervicale (C1, o atlante) sostiene il cranio e consente i movimenti della testa. La frattura comporta la compromissione dell\u2019integrit\u00e0 della struttura anulare della vertebra. Le fratture della prima vertebra hanno una notevole rilevanza clinica, in quanto sono vicine al midollo spinale e al tronco encefalico, il che pu\u00f2 comportare un rischio di deficit neurologico o di instabilit\u00e0 pericolosa per la vita.<\/p>\n<h3 class=\"wp-block-heading\" id=\"eziologia\"><strong>Eziologia<\/strong><\/h3>\n<p>Le fratture di C1 sono generalmente causate da traumi.<\/p>\n<ul class=\"wp-block-list\">\n<li><strong>Effetti ad alta energia<\/strong>: incidenti stradali, cadute dall\u2019altezza o traumi sportivi (ad esempio, i tuffi in acque basse). <\/li>\n<li><strong>Traumi a bassa energia<\/strong>: nelle persone anziane (ad esempio, cadute dalla propria altezza) per disturbi metabolici del tessuto osseo (osteoporosi). <\/li>\n<li><strong>Cause rare<\/strong>: fratture patologiche indotte da neoplasie o da infezioni.<\/li>\n<\/ul>\n<h3 class=\"wp-block-heading\" id=\"meccanismo-di-lesione\"><strong>Meccanismo di lesione<\/strong><\/h3>\n<p>Il meccanismo classico \u00e8 il carico assiale, quando la forza di compressione passa dal cranio all\u2019atlante (C1) provocandone la lesione. L\u2019iperestensione o l\u2019iperflessione possono peggiorare la gravit\u00e0 della frattura.<\/p>\n<h3 class=\"wp-block-heading\" id=\"epidemiologia\"><strong>Epidemiologia<\/strong><\/h3>\n<p id=\"h-\u043f\u0435\u0440\u0435\u043b\u043e\u043c\u044b-c1-\u0441\u043e\u0441\u0442\u0430\u0432\u043b\u044f\u044e\u0442-2-13-\u0442\u0440\u0430\u0432\u043c-\u0448\u0435\u0439\u043d\u043e\u0433\u043e-\u043e\u0442\u0434\u0435\u043b\u0430-\u043f\u043e\u0437\u0432\u043e\u043d\u043e\u0447\u043d\u0438\u043a\u0430-\u0438-1-3-\u0432\u0441\u0435\u0445-\u043f\u043e\u0432\u0440\u0435\u0436\u0434\u0435\u043d\u0438\u0439-\u043f\u043e\u0437\u0432\u043e\u043d\u043e\u0447\u043d\u0438\u043a\u0430-\u043e\u043d\u0438-\u0432-\u043e\u0441\u043d\u043e\u0432\u043d\u043e\u043c-\u043f\u043e\u0440\u0430\u0436\u0430\u044e\u0442-\u043c\u0443\u0436\u0447\u0438\u043d-75-\u0441\u043b\u0443\u0447\u0430\u0435\u0432-\u0432-\u0432\u043e\u0437\u0440\u0430\u0441\u0442\u0435-20-40-\u043b\u0435\u0442-\u0438\u0437-\u0437\u0430-\u0432\u044b\u0441\u043e\u043a\u043e\u0440\u0438\u0441\u043a\u043e\u0432\u044b\u0445-\u0432\u0438\u0434\u043e\u0432-\u0434\u0435\u044f\u0442\u0435\u043b\u044c\u043d\u043e\u0441\u0442\u0438-\u0432\u0442\u043e\u0440\u0438\u0447\u043d\u044b\u0439-\u043f\u0438\u043a-\u043f\u0440\u0438\u0445\u043e\u0434\u0438\u0442\u0441\u044f-\u043d\u0430-\u043f\u043e\u0436\u0438\u043b\u044b\u0445-\u043b\u044e\u0434\u0435\u0439-gt-65-\u043b\u0435\u0442-\u0441\u0442\u0440\u0430\u0434\u0430\u044e\u0449\u0438\u0445-\u043e\u0441\u0442\u0435\u043e\u043f\u043e\u0440\u043e\u0437\u043e\u043c-nbsp\">Le fratture di C1 rappresentano il 2-13% di tutti i traumi alla colonna cervicale e l\u20191-3% di tutte le lesioni alla colonna vertebrale. Colpiscono maggiormente gli uomini (75% dei casi) di et\u00e0 compresa tra i 20 e i 40 anni, impegnati in attivit\u00e0 ad alto rischio. Il secondo gruppo a rischio \u00e8 rappresentato dagli anziani (> 65 anni) affetti da osteoporosi. <\/p>\n<p id=\"h-\u043f\u043e\u043a\u0430\u0437\u0430\u0442\u0435\u043b\u0438-\u0441\u043c\u0435\u0440\u0442\u043d\u043e\u0441\u0442\u0438-\u043d\u0438\u0437\u043a\u0438\u0435-4-10-\u043d\u043e-\u0441\u043e\u043f\u0443\u0442\u0441\u0442\u0432\u0443\u044e\u0449\u0438\u0435-\u0442\u0440\u0430\u0432\u043c\u044b-\u043d\u0430\u043f\u0440\u0438\u043c\u0435\u0440-\u043f\u0435\u0440\u0435\u043b\u043e\u043c\u044b-\u0432\u0442\u043e\u0440\u043e\u0433\u043e-\u0448\u0435\u0439\u043d\u043e\u0433\u043e-\u043f\u043e\u0437\u0432\u043e\u043d\u043a\u0430-\u043e\u0441\u043b\u043e\u0436\u043d\u044f\u044e\u0442-30-50-\u0441\u043b\u0443\u0447\u0430\u0435\u0432-nbsp\">Il tasso di mortalit\u00e0 \u00e8 basso (4-10%), ma i traumi concomitanti (ad esempio, le fratture della seconda vertebra cervicale) possono causare complicazioni nel 30-50% dei casi. <\/p>\n<h3 class=\"wp-block-heading\" id=\"classificazione-delle-fratture-di-c1\"><strong>Classificazione delle fratture di C1<\/strong><\/h3>\n<h4 class=\"wp-block-heading\" id=\"h-\u043a\u043b\u0430\u0441\u0441\u0438\u0444\u0438\u043a\u0430\u0446\u0438\u044f-\u0433\u0435\u0432\u0430\u0439\u043b\u0435\u0440-gehweiler-\u0438-\u0434\u0438\u043a\u043c\u0430\u043d-dickman\"><strong>Classificazione di Gehweiler e di Dickman<\/strong><\/h4>\n<p>La classificazione di Gehweiler suddivide le fratture della prima vertebra cervicale in cinque tipi, a seconda delle strutture anatomiche coinvolte. In questa classificazione \u00e8 integrata anche la classificazione delle lesioni al legamento trasverso dell\u2019atlante di Dickman.<\/p>\n<p><strong>Classificazione di Gehweiler con modificazione di Dickman<\/strong><\/p>\n<figure class=\"wp-block-table table-to-cards\">\n<table>\n<thead>\n<tr>\n<th class=\"has-text-align-center\" data-align=\"center\">Tipo<\/th>\n<th class=\"has-text-align-center\" data-align=\"center\">Descrizione<\/th>\n<th class=\"has-text-align-center\" data-align=\"center\">Incidenza<\/th>\n<\/tr>\n<\/thead>\n<tbody>\n<tr>\n<td class=\"has-text-align-center\" data-align=\"center\">Tipo 1<\/td>\n<td class=\"has-text-align-center\" data-align=\"center\">Frattura dell\u2019arco vertebrale anteriore<\/td>\n<td class=\"has-text-align-center\" data-align=\"center\">24%<\/td>\n<\/tr>\n<tr>\n<td class=\"has-text-align-center\" data-align=\"center\">Tipo 2 <\/td>\n<td class=\"has-text-align-center\" data-align=\"center\">Frattura dell\u2019arco vertebrale posteriore<\/td>\n<td class=\"has-text-align-center\" data-align=\"center\">22%<\/td>\n<\/tr>\n<tr>\n<td class=\"has-text-align-center\" data-align=\"center\">Tipo 3<\/td>\n<td class=\"has-text-align-center\" data-align=\"center\">Frattura degli archi vertebrali anteriore e posteriore (frattura di Jefferson)<\/td>\n<td class=\"has-text-align-center\" data-align=\"center\">34%<\/td>\n<\/tr>\n<tr>\n<td class=\"has-text-align-center\" data-align=\"center\">Sottotipo 3a<\/td>\n<td class=\"has-text-align-center\" data-align=\"center\">Legamento trasverso dell\u2019atlante \u00e8 intatto<\/td>\n<td class=\"has-text-align-center\" data-align=\"center\"> \u2013 <\/td>\n<\/tr>\n<tr>\n<td class=\"has-text-align-center\" data-align=\"center\">Sottotipo 3b (tipo 1 secondo la classificazione di Dickman)<\/td>\n<td class=\"has-text-align-center\" data-align=\"center\">Lesione del legamento trasverso dell\u2019atlante<\/td>\n<td class=\"has-text-align-center\" data-align=\"center\"> \u2013 <\/td>\n<\/tr>\n<tr>\n<td class=\"has-text-align-center\" data-align=\"center\">Sottotipo 3b (tipo 2 secondo la classificazione di Dickman)<\/td>\n<td class=\"has-text-align-center\" data-align=\"center\">Frattura da avulsione vicino al sito di fissazione del legamento, con il legamento stesso intatto<\/td>\n<td class=\"has-text-align-center\" data-align=\"center\"> \u2013 <\/td>\n<\/tr>\n<tr>\n<td class=\"has-text-align-center\" data-align=\"center\">Tipo 4<\/td>\n<td class=\"has-text-align-center\" data-align=\"center\">Frattura della massa laterale della vertebra<\/td>\n<td class=\"has-text-align-center\" data-align=\"center\">19%<\/td>\n<\/tr>\n<tr>\n<td class=\"has-text-align-center\" data-align=\"center\">Tipo 5<\/td>\n<td class=\"has-text-align-center\" data-align=\"center\">Frattura del processo trasverso della vertebra<\/td>\n<td class=\"has-text-align-center\" data-align=\"center\">1%<\/td>\n<\/tr>\n<\/tbody>\n<\/table>\n<\/figure>\n<h4 class=\"wp-block-heading\" id=\"h-\u043a\u043b\u0430\u0441\u0441\u0438\u0444\u0438\u043a\u0430\u0446\u0438\u044f-\u043b\u0430\u043d\u0434\u0435\u043b\u043b\u0441-landells\"><strong>Classificazione di Landells<\/strong><\/h4>\n<p>La classificazione di Landells si basa su principi simili a quelli della classificazione di Gehweiler e distingue tre tipi di frattura. <\/p>\n<ol class=\"wp-block-list\">\n<li><strong>Tipo I:<\/strong> Frattura dell\u2019arco vertebrale anteriore o frattura dell\u2019arco vertebrale posteriore.<\/li>\n<li><strong>Tipo II:<\/strong> Frattura di entrambi gli archi.<\/li>\n<li><strong>Tipo III:<\/strong> Frattura della massa laterale (con propagazione solo su un arco).<\/li>\n<\/ol>\n<p><a href=\"https:\/\/catalog.voka.io\/en\/models\/172682d4-e3d9-460c-8ad0-f4cc3bbe976d\/07dd4a2f-0a52-4a1b-862e-9fa9349c4578\/a6d63cc4-6f81-4526-82ed-027a134a8227\/50945a21-acbb-4124-87c7-e93f8e348c2b\" target=\"_blank\" rel=\"noreferrer noopener nofollow\">Modelli 3D<\/a> delle fratture della prima vertebra cervicale:<\/p>\n<div class=\"carousel-block\">\n<div class=\"swiper carousel-swiper carousel-swiper-block_69efa928b8c22\">\n<div class=\"swiper-wrapper\">\n<div class=\"swiper-slide image-carousel-slide\"><img decoding=\"async\" class=\"carousel-image\" src=\"https:\/\/storage.googleapis.com\/dev_wiki_voka_io_303011\/articles\/en\/traumatology\/cervical-spine-fractures\/type-1-fracture-of-the-first-cervical-vertebra-gehweiler.webp\" alt=\"Frattura della prima vertebra cervicale, tipo 1 (Gehweiler)\"><span class=\"small-text-article text-main-text-color\">Frattura della prima vertebra cervicale, tipo 1 (Gehweiler)<\/span><\/div>\n<div class=\"swiper-slide image-carousel-slide\"><img decoding=\"async\" class=\"carousel-image\" src=\"https:\/\/storage.googleapis.com\/dev_wiki_voka_io_303011\/articles\/en\/traumatology\/cervical-spine-fractures\/type-2-fracture-of-the-first-cervical-vertebra-gehweiler.webp\" alt=\"Frattura della prima vertebra cervicale, tipo 2 (Gehweiler)\"><span class=\"small-text-article text-main-text-color\">Frattura della prima vertebra cervicale, tipo 2 (Gehweiler)<\/span><\/div>\n<div class=\"swiper-slide image-carousel-slide\"><img decoding=\"async\" class=\"carousel-image\" src=\"https:\/\/storage.googleapis.com\/dev_wiki_voka_io_303011\/articles\/en\/traumatology\/cervical-spine-fractures\/type-3a-fracture-of-the-first-cervical-vertebra-gehweiler.webp\" alt=\"Frattura della prima vertebra cervicale, tipo 3a (Gehweiler)\"><span class=\"small-text-article text-main-text-color\">Frattura della prima vertebra cervicale, tipo 3a (Gehweiler)<\/span><\/div>\n<div class=\"swiper-slide image-carousel-slide\"><img decoding=\"async\" class=\"carousel-image\" src=\"https:\/\/storage.googleapis.com\/dev_wiki_voka_io_303011\/articles\/en\/traumatology\/cervical-spine-fractures\/type-3b-fracture-of-the-first-cervical-vertebra-dickman-type-1-gehweiler.webp\" alt=\"Frattura della prima vertebra cervicale, tipo 3b Dickman type 1 (Gehweiler)\"><span class=\"small-text-article text-main-text-color\">Frattura della prima vertebra cervicale, tipo 3b Dickman type 1 (Gehweiler)<\/span><\/div>\n<div class=\"swiper-slide image-carousel-slide\"><img decoding=\"async\" class=\"carousel-image\" src=\"https:\/\/storage.googleapis.com\/dev_wiki_voka_io_303011\/articles\/en\/traumatology\/cervical-spine-fractures\/type-3b-fracture-of-the-first-cervical-vertebra-dickman-type-2-gehweiler.webp\" alt=\"Frattura della prima vertebra cervicale, tipo 3b Dickman type 2 (Gehweiler)\"><span class=\"small-text-article text-main-text-color\">Frattura della prima vertebra cervicale, tipo 3b Dickman type 2 (Gehweiler)<\/span><\/div>\n<div class=\"swiper-slide image-carousel-slide\"><img decoding=\"async\" class=\"carousel-image\" src=\"https:\/\/storage.googleapis.com\/dev_wiki_voka_io_303011\/articles\/en\/traumatology\/cervical-spine-fractures\/type-4-fracture-of-the-first-cervical-vertebra-gehweiler.webp\" alt=\"Frattura della prima vertebra cervicale, tipo 4 (Gehweiler)\"><span class=\"small-text-article text-main-text-color\">Frattura della prima vertebra cervicale, tipo 4 (Gehweiler)<\/span><\/div>\n<div class=\"swiper-slide image-carousel-slide\"><img decoding=\"async\" class=\"carousel-image\" src=\"https:\/\/storage.googleapis.com\/dev_wiki_voka_io_303011\/articles\/en\/traumatology\/cervical-spine-fractures\/type-5-fracture-of-the-first-cervical-vertebra-gehweiler.webp\" alt=\"Frattura della prima vertebra cervicale, tipo 5 (Gehweiler)\"><span class=\"small-text-article text-main-text-color\">Frattura della prima vertebra cervicale, tipo 5 (Gehweiler)<\/span><\/div>\n<\/div>\n<\/div>\n<div class=\"swiper-article-carousel__controls\">\n<div class=\"swiper-article-carousel__pagination-container swiper-article-carousel__pagination-container-block_69efa928b8c22\"><\/div>\n<div class=\"swiper-article-carousel__arrows\"><button class=\"swiper__arrow swiper__arrow--prev carousel-swiper-button-prev swiper__arrow swiper__arrow--prev carousel-swiper-button-prev-block_69efa928b8c22\"><svg xmlns=\"http:\/\/www.w3.org\/2000\/svg\" width=\"40\" height=\"40\" viewbox=\"0 0 40 40\" fill=\"none\"><path d=\"M20 3.75C16.7861 3.75 13.6443 4.70305 10.972 6.48862C8.29969 8.27419 6.21689 10.8121 4.98696 13.7814C3.75704 16.7507 3.43524 20.018 4.06225 23.1702C4.68926 26.3224 6.23692 29.2179 8.50952 31.4905C10.7821 33.7631 13.6776 35.3107 16.8298 35.9378C19.982 36.5648 23.2493 36.243 26.2186 35.013C29.1879 33.7831 31.7258 31.7003 33.5114 29.028C35.297 26.3557 36.25 23.2139 36.25 20C36.2455 15.6916 34.5319 11.561 31.4855 8.51454C28.439 5.46806 24.3084 3.75455 20 3.75ZM23.3844 25.3656C23.5005 25.4818 23.5926 25.6196 23.6555 25.7714C23.7184 25.9231 23.7507 26.0858 23.7507 26.25C23.7507 26.4142 23.7184 26.5769 23.6555 26.7286C23.5926 26.8804 23.5005 27.0182 23.3844 27.1344C23.2682 27.2505 23.1304 27.3426 22.9786 27.4055C22.8269 27.4683 22.6643 27.5007 22.5 27.5007C22.3358 27.5007 22.1731 27.4683 22.0214 27.4055C21.8696 27.3426 21.7318 27.2505 21.6156 27.1344L15.3656 20.8844C15.2494 20.7683 15.1572 20.6304 15.0943 20.4787C15.0314 20.3269 14.999 20.1643 14.999 20C14.999 19.8357 15.0314 19.6731 15.0943 19.5213C15.1572 19.3696 15.2494 19.2317 15.3656 19.1156L21.6156 12.8656C21.7318 12.7495 21.8696 12.6574 22.0214 12.5945C22.1731 12.5317 22.3358 12.4993 22.5 12.4993C22.6643 12.4993 22.8269 12.5317 22.9786 12.5945C23.1304 12.6574 23.2682 12.7495 23.3844 12.8656C23.5005 12.9818 23.5926 13.1196 23.6555 13.2714C23.7184 13.4231 23.7507 13.5858 23.7507 13.75C23.7507 13.9142 23.7184 14.0769 23.6555 14.2286C23.5926 14.3804 23.5005 14.5182 23.3844 14.6344L18.0172 20L23.3844 25.3656Z\" fill=\"#B5C0CD\"><\/path><\/svg><\/button><button class=\"swiper__arrow swiper__arrow--next carousel-swiper-button-next swiper__arrow swiper__arrow--next carousel-swiper-button-next-block_69efa928b8c22\" tabindex=\"0\" aria-label=\"Next slide\"><svg xmlns=\"http:\/\/www.w3.org\/2000\/svg\" width=\"40\" height=\"40\" viewbox=\"0 0 40 40\" fill=\"none\"><path d=\"M20 3.75C16.7861 3.75 13.6443 4.70305 10.972 6.48862C8.29969 8.27419 6.21689 10.8121 4.98696 13.7814C3.75704 16.7507 3.43524 20.018 4.06225 23.1702C4.68926 26.3224 6.23692 29.2179 8.50952 31.4905C10.7821 33.7631 13.6776 35.3107 16.8298 35.9378C19.982 36.5648 23.2493 36.243 26.2186 35.013C29.1879 33.7831 31.7258 31.7003 33.5114 29.028C35.297 26.3557 36.25 23.2139 36.25 20C36.2455 15.6916 34.5319 11.561 31.4855 8.51454C28.439 5.46806 24.3084 3.75455 20 3.75ZM23.3844 25.3656C23.5005 25.4818 23.5926 25.6196 23.6555 25.7714C23.7184 25.9231 23.7507 26.0858 23.7507 26.25C23.7507 26.4142 23.7184 26.5769 23.6555 26.7286C23.5926 26.8804 23.5005 27.0182 23.3844 27.1344C23.2682 27.2505 23.1304 27.3426 22.9786 27.4055C22.8269 27.4683 22.6643 27.5007 22.5 27.5007C22.3358 27.5007 22.1731 27.4683 22.0214 27.4055C21.8696 27.3426 21.7318 27.2505 21.6156 27.1344L15.3656 20.8844C15.2494 20.7683 15.1572 20.6304 15.0943 20.4787C15.0314 20.3269 14.999 20.1643 14.999 20C14.999 19.8357 15.0314 19.6731 15.0943 19.5213C15.1572 19.3696 15.2494 19.2317 15.3656 19.1156L21.6156 12.8656C21.7318 12.7495 21.8696 12.6574 22.0214 12.5945C22.1731 12.5317 22.3358 12.4993 22.5 12.4993C22.6643 12.4993 22.8269 12.5317 22.9786 12.5945C23.1304 12.6574 23.2682 12.7495 23.3844 12.8656C23.5005 12.9818 23.5926 13.1196 23.6555 13.2714C23.7184 13.4231 23.7507 13.5858 23.7507 13.75C23.7507 13.9142 23.7184 14.0769 23.6555 14.2286C23.5926 14.3804 23.5005 14.5182 23.3844 14.6344L18.0172 20L23.3844 25.3656Z\" fill=\"#B5C0CD\"><\/path><\/svg><\/button><\/div>\n<\/div>\n<\/div>\n<p><script defer>\n    document.addEventListener('DOMContentLoaded', function() {\n        const imagesCarouselSwiper = new Swiper('.carousel-swiper-block_69efa928b8c22', {\n            slidesPerView: 1,\n            spaceBetween: 20,\n            loop: true,\n            pagination: {\n                el: '.swiper-article-carousel__pagination-container-block_69efa928b8c22',\n                clickable: true,\n            },\n            navigation: {\n                nextEl: '.carousel-swiper-button-next-block_69efa928b8c22',\n                prevEl: '.carousel-swiper-button-prev-block_69efa928b8c22',\n            },\n        })\n    })\n<\/script><\/p>\n<h3 class=\"wp-block-heading\" id=\"quadro-clinico\"><strong>Quadro clinico<\/strong><\/h3>\n<p>I sintomi possono variare da lievi a gravi. <\/p>\n<ul class=\"wp-block-list\">\n<li><strong>Fratture stabili<\/strong>: dolore localizzato al collo, rigidit\u00e0 e spasmi muscolari. <\/li>\n<li><strong>Fratture instabili<\/strong>: possono verificarsi deficit neurologici (debolezza agli arti, disturbo respiratorio) causati dalla compressione del midollo spinale o del tronco encefalico. <\/li>\n<li><strong>Lesione dell\u2019arteria vertebrale:<\/strong> (Blunt cerebrovascular injury (BCVI)) possibili sintomi quali vertigini, diplopia, perdita della vista, atassia, disfagia e vomito.<\/li>\n<li><strong>Decorso asintomatico:<\/strong> si osserva in alcuni pazienti, rendendo difficile la diagnosi.<\/li>\n<\/ul>\n<h3 class=\"wp-block-heading\" id=\"diagnosi-della-frattura-di-c1\"><strong>Diagnosi della frattura di C1<\/strong><\/h3>\n<p>La diagnosi si basa sulla valutazione clinica e sugli esami radiologici.<\/p>\n<h4 class=\"wp-block-heading\" id=\"h-\u043a\u043b\u0438\u043d\u0438\u0447\u0435\u0441\u043a\u0430\u044f-\u043e\u0446\u0435\u043d\u043a\u0430\"><strong>Valutazione clinica<\/strong><\/h4>\n<p>I sintomi principali delle lesioni alla colonna cervicale includono dolore al collo e limitazione dei movimenti. Nel corso dell\u2019esame neurologico vengono valutati i deficit motori e sensitivi. In caso di lesioni isolate della prima vertebra cervicale, il rischio di deficit neurologico \u00e8 ridotto, tuttavia nelle fratture associate della seconda vertebra cervicale il rischio di complicanze neurologiche aumenta significativamente.<\/p>\n<h4 class=\"wp-block-heading\" id=\"h-\u043b\u0443\u0447\u0435\u0432\u044b\u0435-\u043c\u0435\u0442\u043e\u0434\u044b-\u0438\u0441\u0441\u043b\u0435\u0434\u043e\u0432\u0430\u043d\u0438\u044f\"><strong>Esami radiologici<\/strong><\/h4>\n<ol class=\"wp-block-list\">\n<li><strong>TC (tomografia computerizzata)<\/strong>: \u00e8 il gold standard per individuare le linee di frattura e gli spostamenti.<\/li>\n<li><strong>Radiografia<\/strong>: la proiezione antero-posteriore a bocca aperta pu\u00f2 mostrare lo spostamento laterale delle masse vertebrali (uno spostamento superiore a 7 mm \u00e8 indicativo di frattura di Jefferson).<\/li>\n<li><strong>RM (risonanza magnetica)<\/strong>: consente di valutare la lesione dell\u2019apparato legamentoso e l\u2019eventuale compressione del midollo spinale.<\/li>\n<\/ol>\n<p>Durante la diagnosi del trauma della prima vertebra cervicale, \u00e8 importante tenere in considerazione le sue eventuali malformazioni di sviluppo. L\u2019atlante bifido, o bilobo, \u00e8 una malformazione congenita rara, caratterizzata dalla divisione dell\u2019atlante in due parti a causa di difetti di sinfisi dell\u2019arco anteriore e di quello posteriore. I difetti ossei sono rivestiti dal tessuto fibroso. Il difetto dell\u2019arco anteriore \u00e8 generalmente localizzato sulla linea mediana ed \u00e8 pi\u00f9 piccolo rispetto al difetto dell\u2019arco posteriore, che a sua volta \u00e8 anch\u2019esso situato sulla linea mediana. L\u2019atlante bilobo \u00e8 una condizione asintomatica identificata occasionalmente durante esami radiologici.<\/p>\n<h3 class=\"wp-block-heading\" id=\"trattamento-della-frattura-della-prima-vertebra-cervicale\"><strong>Trattamento della frattura della prima vertebra cervicale<\/strong><\/h3>\n<h4 class=\"wp-block-heading\"><strong>Trattamento non chirurgico<\/strong><\/h4>\n<p><strong>Indicazioni<\/strong>: fratture stabili (legamento trasverso intatto, senza spostamento).<\/p>\n<p><strong>Tecnica:<\/strong><\/p>\n<ul class=\"wp-block-list\">\n<li><strong>Immobilizzazione<\/strong>: collare rigido (ad esempio, Miami J) o sistema di tipo Halo per 8-12 settimane. <\/li>\n<li><strong>Controllo radiografico dinamico<\/strong>: la seriografia permette di monitorare l\u2019allineamento e il processo di consolidamento della frattura. <\/li>\n<li><strong>Riabilitazione<\/strong>: la fisioterapia dopo l\u2019immobilizzazione per recuperare la mobilit\u00e0 e il tono muscolare.<\/li>\n<\/ul>\n<figure class=\"wp-block-video\" id=\"animazione-3d-fratture-stabili-della-prima-vertebra-cervicale-secondo-la-classificazione-di-gehweiler-gehweiler-j-duff-d-martinez-s-miller-m-clark-w-1976\"><video controls><source data-src=\"https:\/\/storage.googleapis.com\/dev_wiki_voka_io_303011\/articles\/en\/traumatology\/cervical-spine-fractures\/1-stable-types-of-fractures-of-the-first-cervical-vertebra.webm\" type=\"video\/webm\"><\/source><\/video><figcaption class=\"wp-element-caption\">Animazione 3D \u2014 Fratture stabili della prima vertebra cervicale secondo la classificazione di Gehweiler (Gehweiler J, Duff D, Martinez S, Miller M, Clark W, 1976)<\/figcaption><\/figure>\n<h4 class=\"wp-block-heading\"><strong>Trattamento chirurgico<\/strong><\/h4>\n<p><strong>Indicazioni<\/strong>: segmento instabile (rottura del legamento trasverso, spostamento superiore a 7 mm), alterazioni neurologiche o trattamento conservativo non efficace. L\u2019intervento chirurgico \u00e8 finalizzato alla prevenzione della lesione del midollo spinale e al recupero dell\u2019asse della colonna vertebrale.<\/p>\n<p><strong>Tecnica:<\/strong><\/p>\n<ul class=\"wp-block-list\">\n<li><strong>Artrodesi cranio-cervicale<\/strong>: stabilizza il cranio e la colonna vertebrale cervicale. In linea generale, l\u2019intervento viene eseguito in caso di lesione combinata della prima e della seconda vertebra cervicale.<\/li>\n<li><strong>Artrodesi C1-C2<\/strong>: stabilizza l\u2019atlante sulla seconda vertebra cervicale, preservando la mobilit\u00e0 del collo.<\/li>\n<\/ul>\n<figure class=\"wp-block-video\" id=\"animazione-3d-fratture-instabili-della-prima-vertebra-cervicale-secondo-la-classificazione-di-gehweiler-gehweiler-j-duff-d-martinez-s-miller-m-clark-w-1976\"><video controls><source data-src=\"https:\/\/storage.googleapis.com\/dev_wiki_voka_io_303011\/articles\/en\/traumatology\/cervical-spine-fractures\/2-unstable-types-of-fractures-of-the-first-cervical-vertebra.webm\" type=\"video\/webm\"><\/source><\/video><figcaption class=\"wp-element-caption\">Animazione 3D \u2014 Fratture instabili della prima vertebra cervicale secondo la classificazione di Gehweiler (Gehweiler J, Duff D, Martinez S, Miller M, Clark W, 1976)<\/figcaption><\/figure>\n<h2 class=\"wp-block-heading\" id=\"frattura-della-seconda-vertebra-cervicale\"><strong>Frattura della seconda vertebra cervicale<\/strong><\/h2>\n<p>La seconda vertebra cervicale (C2, o asse) svolge un ruolo fondamentale nel sostenere il cranio, nel permettere di girare la testa e nel proteggere la parte superiore del midollo spinale. Le fratture in questa regione possono variare da lesioni lievi e non spostate a fratture gravi e instabili, con rischio di compromissione del midollo spinale e delle funzioni vitali.<\/p>\n<h3 class=\"wp-block-heading\" id=\"eziologia\"><strong>Eziologia<\/strong><\/h3>\n<p>Le fratture della seconda vertebra cervicale possono verificarsi a seguito di vari traumi.<\/p>\n<ol class=\"wp-block-list\">\n<li><strong>Trauma diretto<\/strong>: rappresenta la causa principale, frequentemente attribuibile all\u2019azione di forze di colpo elevate.<\/li>\n<li><strong>Incidenti stradali<\/strong>: tamponature ad alta velocit\u00e0 e meccanismi a bassa energia, come nelle frenate brusche.<\/li>\n<li><strong>Traumi sportivi<\/strong>: sport di contatto, incidenti durante tuffi o immersioni e attivit\u00e0 ippiche.<\/li>\n<li><strong>Condizioni patologiche<\/strong>: lesioni metastatiche della seconda vertebra cervicale e patologie metaboliche croniche che riducono la densit\u00e0 ossea, favorendo fratture da trauma a bassa energia.<\/li>\n<\/ol>\n<h3 class=\"wp-block-heading\" id=\"meccanismo-di-lesione\"><strong>Meccanismo di lesione<\/strong><\/h3>\n<p>A causa della sua particolare struttura anatomica, la seconda vertebra cervicale \u00e8 soggetta a modelli di trauma e a tipi di frattura unici.<\/p>\n<ol class=\"wp-block-list\">\n<li><strong>Iperestensione<\/strong>: un movimento improvviso della testa all\u2019indietro (ad esempio, un colpo brusco alla parte posteriore di un veicolo) pu\u00f2 causare la frattura da impiccato, ovvero la frattura bilaterale della parte intrarticolare della vertebra.<\/li>\n<li><strong>Carico assiale<\/strong>: una forza verticale applicata alla testa (ad esempio, durante i tuffi in acque basse) pu\u00f2 causare la frattura del processo odontoideo (osso odontoideo).<\/li>\n<li><strong>Flessione-rotazione<\/strong>: le forze di torsione possono provocare le fratture del processo odontoideo o della massa laterale.<\/li>\n<li><strong>Trauma diretto<\/strong>: i colpi alla parte superiore del collo o al cranio facciale possono provocare la frattura della seconda vertebra cervicale.<\/li>\n<\/ol>\n<h3 class=\"wp-block-heading\" id=\"epidemiologia\"><strong>Epidemiologia<\/strong><\/h3>\n<ol class=\"wp-block-list\">\n<li>Le fratture di C2 rappresentano il 20% di tutte le fratture della colonna vertebrale cervicale. <\/li>\n<li>Le <strong>fratture del processo odontoideo (processo del dente)<\/strong> sono le pi\u00f9 frequenti (50-75% dei casi), soprattutto nei pazienti anziani a seguito di cadute dalla propria altezza. <\/li>\n<li>Le <strong>fratture da impiccato<\/strong> (Hangman\u2019s Fracture o spondilolistesi traumatica dell\u2019asse) costituiscono il secondo tipo di frattura della vertebra C2 e si verificano frequentemente a seguito di incidenti stradali o cadute.<\/li>\n<\/ol>\n<p>Si riscontra pi\u00f9 comunemente negli uomini, soprattutto in chi pratica attivit\u00e0 sportive o svolge lavori che possono comportare un rischio di trauma (edilizia, ecc.).<\/p>\n<h3 class=\"wp-block-heading\" id=\"classificazione-delle-fratture-di-c2\"><strong>Classificazione delle fratture di C2<\/strong><\/h3>\n<p>Esistono numerose classificazioni delle fratture della seconda vertebra cervicale. Storicamente, le classificazioni pi\u00f9 rilevanti si basano sulla regione anatomica in cui si trova la lesione. Cos\u00ec, per esempio, Schatzker ha classificato le fratture in base al loro rapporto con i legamenti accessori.<\/p>\n<h4 class=\"wp-block-heading\"><strong>Classificazione delle fratture del processo odontoideo (Anderson & D\u2019Alonzo)<\/strong><\/h4>\n<p>Questa classificazione \u00e8 la pi\u00f9 utilizzata per le fratture del processo odontoideo a livello della frattura.<\/p>\n<p><strong>Classificazione di Anderson e D\u2019Alonzo con modificazione di Handley<\/strong>*<\/p>\n<figure class=\"wp-block-table table-to-cards\">\n<table>\n<thead>\n<tr>\n<th class=\"has-text-align-center\" data-align=\"center\">Tipo<\/th>\n<th class=\"has-text-align-center\" data-align=\"center\">Descrizione<\/th>\n<th class=\"has-text-align-center\" data-align=\"center\">Descrizione<\/th>\n<\/tr>\n<\/thead>\n<tbody>\n<tr>\n<td class=\"has-text-align-center\" data-align=\"center\">Tipo 1<\/td>\n<td class=\"has-text-align-center\" data-align=\"center\">Frattura obliqua della punta del processo odontoideo (in effetti, frattura da avulsione del legamento alare)<\/td>\n<td class=\"has-text-align-center\" data-align=\"center\">Si riscontra raramente ed \u00e8 considerata una frattura stabile (tuttavia, l\u2019instabilit\u00e0 atlanto-occipitale deve essere esclusa mediante radiografie dinamiche in flessione ed estensione)<\/td>\n<\/tr>\n<tr>\n<td class=\"has-text-align-center\" data-align=\"center\">Tipo&nbsp;2<br \/>Tipo&nbsp;2\u0430<\/td>\n<td class=\"has-text-align-center\" data-align=\"center\">Frattura localizzata nella zona del collo e della base del processo odontoideo<\/td>\n<td class=\"has-text-align-center\" data-align=\"center\">\u00c8 il tipo di frattura pi\u00f9 comune e potenzialmente instabile. Un\u2019elevata incidenza di non consolidamento della frattura \u00e8 attribuibile all\u2019alterazione della circolazione locale indotta dalla frattura stessa<\/td>\n<\/tr>\n<tr>\n<td class=\"has-text-align-center\" data-align=\"center\">Tipo 3<\/td>\n<td class=\"has-text-align-center\" data-align=\"center\">Frattura che si estende al corpo vertebrale, spesso coinvolgendo la superficie articolare dell\u2019articolazione atlanto-assiale <\/td>\n<td class=\"has-text-align-center\" data-align=\"center\">La prognosi di consolidamento \u00e8 pi\u00f9 favorevole rispetto al tipo 2<\/td>\n<\/tr>\n<\/tbody>\n<\/table>\n<\/figure>\n<p>*La sottoclassificazione di Hadley identifica un sottotipo di fratture comminute di tipo 2. Nel tipo 2a, il rischio di non consolidamento della frattura con trattamento conservativo aumenta notevolmente. Si osserva nel 5-10% di tutte le fratture di tipo 2.<\/p>\n<p><a href=\"https:\/\/catalog.voka.io\/en\/models\/172682d4-e3d9-460c-8ad0-f4cc3bbe976d\/07dd4a2f-0a52-4a1b-862e-9fa9349c4578\/a6d63cc4-6f81-4526-82ed-027a134a8227\/77aaf231-b28c-4a93-ad2f-938169b3efcc\" target=\"_blank\" rel=\"noreferrer noopener nofollow\">Modelli 3D<\/a> delle fratture del dente della vertebra assiale (vertebra C2):<\/p>\n<div class=\"carousel-block\">\n<div class=\"swiper carousel-swiper carousel-swiper-block_69efa928bbe2e\">\n<div class=\"swiper-wrapper\">\n<div class=\"swiper-slide image-carousel-slide\"><img decoding=\"async\" class=\"carousel-image\" src=\"https:\/\/storage.googleapis.com\/dev_wiki_voka_io_303011\/articles\/en\/traumatology\/cervical-spine-fractures\/type-1-odontoid-fracture-of-the-second-cervical-vertebra-anderson-and-dalonzo.webp\" alt=\"Frattura del dente della seconda vertebra cervicale, tipo 1 (Anderson e D'Alonzo)\"><span class=\"small-text-article text-main-text-color\">Frattura del dente della seconda vertebra cervicale, tipo 1 (Anderson e D\u2019Alonzo)<\/span><\/div>\n<div class=\"swiper-slide image-carousel-slide\"><img decoding=\"async\" class=\"carousel-image\" src=\"https:\/\/storage.googleapis.com\/dev_wiki_voka_io_303011\/articles\/en\/traumatology\/cervical-spine-fractures\/type-2-odontoid-fracture-of-the-second-cervical-vertebra-anderson-and-dalonzo.webp\" alt=\"Frattura del dente della seconda vertebra cervicale, tipo 2 (Anderson e D'Alonzo)\"><span class=\"small-text-article text-main-text-color\">Frattura del dente della seconda vertebra cervicale, tipo 2 (Anderson e D\u2019Alonzo)<\/span><\/div>\n<div class=\"swiper-slide image-carousel-slide\"><img decoding=\"async\" class=\"carousel-image\" src=\"https:\/\/storage.googleapis.com\/dev_wiki_voka_io_303011\/articles\/en\/traumatology\/cervical-spine-fractures\/type-2a-odontoid-fracture-of-the-second-cervical-vertebra-anderson-dalonzo-hadley-modification.webp\" alt=\"Frattura del dente della seconda vertebra cervicale, tipo 2a (Anderson e D'Alonzo, modificazione di Hadley)\"><span class=\"small-text-article text-main-text-color\">Frattura del dente della seconda vertebra cervicale, tipo 2a (Anderson e D\u2019Alonzo, modificazione di Hadley)<\/span><\/div>\n<div class=\"swiper-slide image-carousel-slide\"><img decoding=\"async\" class=\"carousel-image\" src=\"https:\/\/storage.googleapis.com\/dev_wiki_voka_io_303011\/articles\/en\/traumatology\/cervical-spine-fractures\/type-3-odontoid-fracture-of-the-second-cervical-vertebra-anderson-and-dalonzo.webp\" alt=\"Frattura del dente della seconda vertebra cervicale, tipo 3 (Anderson e D'Alonzo)\"><span class=\"small-text-article text-main-text-color\">Frattura del dente della seconda vertebra cervicale, tipo 3 (Anderson e D\u2019Alonzo)<\/span><\/div>\n<\/div>\n<\/div>\n<div class=\"swiper-article-carousel__controls\">\n<div class=\"swiper-article-carousel__pagination-container swiper-article-carousel__pagination-container-block_69efa928bbe2e\"><\/div>\n<div class=\"swiper-article-carousel__arrows\"><button class=\"swiper__arrow swiper__arrow--prev carousel-swiper-button-prev swiper__arrow swiper__arrow--prev carousel-swiper-button-prev-block_69efa928bbe2e\"><svg xmlns=\"http:\/\/www.w3.org\/2000\/svg\" width=\"40\" height=\"40\" viewbox=\"0 0 40 40\" fill=\"none\"><path d=\"M20 3.75C16.7861 3.75 13.6443 4.70305 10.972 6.48862C8.29969 8.27419 6.21689 10.8121 4.98696 13.7814C3.75704 16.7507 3.43524 20.018 4.06225 23.1702C4.68926 26.3224 6.23692 29.2179 8.50952 31.4905C10.7821 33.7631 13.6776 35.3107 16.8298 35.9378C19.982 36.5648 23.2493 36.243 26.2186 35.013C29.1879 33.7831 31.7258 31.7003 33.5114 29.028C35.297 26.3557 36.25 23.2139 36.25 20C36.2455 15.6916 34.5319 11.561 31.4855 8.51454C28.439 5.46806 24.3084 3.75455 20 3.75ZM23.3844 25.3656C23.5005 25.4818 23.5926 25.6196 23.6555 25.7714C23.7184 25.9231 23.7507 26.0858 23.7507 26.25C23.7507 26.4142 23.7184 26.5769 23.6555 26.7286C23.5926 26.8804 23.5005 27.0182 23.3844 27.1344C23.2682 27.2505 23.1304 27.3426 22.9786 27.4055C22.8269 27.4683 22.6643 27.5007 22.5 27.5007C22.3358 27.5007 22.1731 27.4683 22.0214 27.4055C21.8696 27.3426 21.7318 27.2505 21.6156 27.1344L15.3656 20.8844C15.2494 20.7683 15.1572 20.6304 15.0943 20.4787C15.0314 20.3269 14.999 20.1643 14.999 20C14.999 19.8357 15.0314 19.6731 15.0943 19.5213C15.1572 19.3696 15.2494 19.2317 15.3656 19.1156L21.6156 12.8656C21.7318 12.7495 21.8696 12.6574 22.0214 12.5945C22.1731 12.5317 22.3358 12.4993 22.5 12.4993C22.6643 12.4993 22.8269 12.5317 22.9786 12.5945C23.1304 12.6574 23.2682 12.7495 23.3844 12.8656C23.5005 12.9818 23.5926 13.1196 23.6555 13.2714C23.7184 13.4231 23.7507 13.5858 23.7507 13.75C23.7507 13.9142 23.7184 14.0769 23.6555 14.2286C23.5926 14.3804 23.5005 14.5182 23.3844 14.6344L18.0172 20L23.3844 25.3656Z\" fill=\"#B5C0CD\"><\/path><\/svg><\/button><button class=\"swiper__arrow swiper__arrow--next carousel-swiper-button-next swiper__arrow swiper__arrow--next carousel-swiper-button-next-block_69efa928bbe2e\" tabindex=\"0\" aria-label=\"Next slide\"><svg xmlns=\"http:\/\/www.w3.org\/2000\/svg\" width=\"40\" height=\"40\" viewbox=\"0 0 40 40\" fill=\"none\"><path d=\"M20 3.75C16.7861 3.75 13.6443 4.70305 10.972 6.48862C8.29969 8.27419 6.21689 10.8121 4.98696 13.7814C3.75704 16.7507 3.43524 20.018 4.06225 23.1702C4.68926 26.3224 6.23692 29.2179 8.50952 31.4905C10.7821 33.7631 13.6776 35.3107 16.8298 35.9378C19.982 36.5648 23.2493 36.243 26.2186 35.013C29.1879 33.7831 31.7258 31.7003 33.5114 29.028C35.297 26.3557 36.25 23.2139 36.25 20C36.2455 15.6916 34.5319 11.561 31.4855 8.51454C28.439 5.46806 24.3084 3.75455 20 3.75ZM23.3844 25.3656C23.5005 25.4818 23.5926 25.6196 23.6555 25.7714C23.7184 25.9231 23.7507 26.0858 23.7507 26.25C23.7507 26.4142 23.7184 26.5769 23.6555 26.7286C23.5926 26.8804 23.5005 27.0182 23.3844 27.1344C23.2682 27.2505 23.1304 27.3426 22.9786 27.4055C22.8269 27.4683 22.6643 27.5007 22.5 27.5007C22.3358 27.5007 22.1731 27.4683 22.0214 27.4055C21.8696 27.3426 21.7318 27.2505 21.6156 27.1344L15.3656 20.8844C15.2494 20.7683 15.1572 20.6304 15.0943 20.4787C15.0314 20.3269 14.999 20.1643 14.999 20C14.999 19.8357 15.0314 19.6731 15.0943 19.5213C15.1572 19.3696 15.2494 19.2317 15.3656 19.1156L21.6156 12.8656C21.7318 12.7495 21.8696 12.6574 22.0214 12.5945C22.1731 12.5317 22.3358 12.4993 22.5 12.4993C22.6643 12.4993 22.8269 12.5317 22.9786 12.5945C23.1304 12.6574 23.2682 12.7495 23.3844 12.8656C23.5005 12.9818 23.5926 13.1196 23.6555 13.2714C23.7184 13.4231 23.7507 13.5858 23.7507 13.75C23.7507 13.9142 23.7184 14.0769 23.6555 14.2286C23.5926 14.3804 23.5005 14.5182 23.3844 14.6344L18.0172 20L23.3844 25.3656Z\" fill=\"#B5C0CD\"><\/path><\/svg><\/button><\/div>\n<\/div>\n<\/div>\n<p><script defer>\n    document.addEventListener('DOMContentLoaded', function() {\n        const imagesCarouselSwiper = new Swiper('.carousel-swiper-block_69efa928bbe2e', {\n            slidesPerView: 1,\n            spaceBetween: 20,\n            loop: true,\n            pagination: {\n                el: '.swiper-article-carousel__pagination-container-block_69efa928bbe2e',\n                clickable: true,\n            },\n            navigation: {\n                nextEl: '.carousel-swiper-button-next-block_69efa928bbe2e',\n                prevEl: '.carousel-swiper-button-prev-block_69efa928bbe2e',\n            },\n        })\n    })\n<\/script><\/p>\n<figure class=\"wp-block-video\" id=\"animazione-3d-fratture-del-processo-odontoideo-secondo-la-classificazione-di-anderson-e-d-alonzo-anderson-l-d-alonzo-r-1974\"><video controls><source data-src=\"https:\/\/storage.googleapis.com\/dev_wiki_voka_io_303011\/articles\/en\/traumatology\/cervical-spine-fractures\/3-types-of-odontoid-process-fractures-by-anderson-and-dalonzo.webm\" type=\"video\/webm\"><\/source><\/video><figcaption class=\"wp-element-caption\"> Animazione 3D \u2014 Fratture del processo odontoideo secondo la classificazione di Anderson e D\u2019Alonzo (Anderson L & D\u2019Alonzo R, 1974)<\/figcaption><\/figure>\n<p>Esiste anche la classificazione di Grauer per le fratture del processo odontoideo di tipo 2 Anderson e D\u2019Alonzo (sottotipi A, B, C), basata sulla forma e sulla direzione della linea di frattura, utile per definire la strategia terapeutica pi\u00f9 appropriata.<\/p>\n<p>La classificazione di Roy-Camille, a sua volta, non descrive soltanto la direzione dello spostamento dei frammenti ossei e l\u2019avanzamento della linea di frattura.<\/p>\n<p>\u00c8 stata inoltre sviluppata una classificazione embriologica delle fratture basata sui punti di fusione embriologici del processo odontoideo. Il tipo 1 riflette il coinvolgimento del quarto superiore dell\u2019odontoide, mentre il tipo 2 riguarda i tre quarti inferiori.<\/p>\n<h4 class=\"wp-block-heading\"><strong>Classificazione delle fratture da impiccato (Levine & Edwards)<\/strong><\/h4>\n<p>La classificazione \u00e8 stata sviluppata per le fratture delle parti intrarticolari della seconda vertebra (spondilolistesi traumatica dell\u2019asse, fratture da impiccato, Hangman\u2019s fracture) e si basa sul meccanismo di lesione.<\/p>\n<p><strong>Classificazione di Levine e Edwards<\/strong><\/p>\n<figure class=\"wp-block-table table-to-cards\">\n<table>\n<thead>\n<tr>\n<th class=\"has-text-align-center\" data-align=\"center\">Tipo<\/th>\n<th class=\"has-text-align-center\" data-align=\"center\">Meccanismo<\/th>\n<th class=\"has-text-align-center\" data-align=\"center\">Descrizione<\/th>\n<th class=\"has-text-align-center\" data-align=\"center\">Trattamento<\/th>\n<\/tr>\n<\/thead>\n<tbody>\n<tr>\n<td class=\"has-text-align-center\" data-align=\"center\">Tipo 1<\/td>\n<td class=\"has-text-align-center\" data-align=\"center\">Compressione assiale e iperestensione (iperflessione)<\/td>\n<td class=\"has-text-align-center\" data-align=\"center\">Si osserva uno spostamento orizzontale dei frammenti ossei < 3 mm senza spostamenti angolari. Il disco intervertebrale C2-C3 risulta intatto. \u00c8 una frattura stabile<\/td>\n<td class=\"has-text-align-center\" data-align=\"center\">Conservativo (collare rigido per 4-6 settimane)<\/td>\n<\/tr>\n<tr>\n<td class=\"has-text-align-center\" data-align=\"center\">Tipo\u00a02<\/td>\n<td class=\"has-text-align-center\" data-align=\"center\">Iperestensione e carico assiale con conseguente flessione<\/td>\n<td class=\"has-text-align-center\" data-align=\"center\">Spostamento orizzontale dei frammenti ossei > 3 mm, spostamento angolare fino a 10\u00b0, linea di frattura verticale, disco intervertebrale C2-C3 danneggiato, legamento longitudinale posteriore danneggiato. \u00c8 una frattura instabile<\/td>\n<td class=\"has-text-align-center\" data-align=\"center\">Se lo spostamento \u00e8 inferiore a 5 mm, si procede con la riduzione con trazione e con successiva immobilizzazione mediante il sistema Halo per 6-12 settimane. Se lo spostamento \u00e8 superiore a 5 mm, \u00e8 indicato il trattamento chirurgico<\/td>\n<\/tr>\n<tr>\n<td class=\"has-text-align-center\" data-align=\"center\">Tipo\u00a02a<\/td>\n<td class=\"has-text-align-center\" data-align=\"center\">Flessione e distrazione<\/td>\n<td class=\"has-text-align-center\" data-align=\"center\">Senza spostamento orizzontale dei frammenti ossei, spostamento angolare importante (> 11\u00b0) dei frammenti ossei, linea della frattura orizzontale<\/td>\n<td class=\"has-text-align-center\" data-align=\"center\">La trazione \u00e8 controindicata. Il riposizionamento viene eseguito mediante l\u2019applicazione di un lieve carico assiale e l\u2019iperestensione (iperflessione), con successiva immobilizzazione utilizzando il sistema Halo per 6 e 12 settimane<\/td>\n<\/tr>\n<tr>\n<td class=\"has-text-align-center\" data-align=\"center\">Tipo\u00a03<\/td>\n<td class=\"has-text-align-center\" data-align=\"center\">Flessione e distrazione con conseguente iperflessione<\/td>\n<td class=\"has-text-align-center\" data-align=\"center\">Frattura di tipo 1 con lussazione bilaterale associata nell\u2019articolazione intervertebrale C2-C3<\/td>\n<td class=\"has-text-align-center\" data-align=\"center\">Trattamento chirurgico<\/td>\n<\/tr>\n<\/tbody>\n<\/table>\n<\/figure>\n<h3 class=\"wp-block-heading\" id=\"quadro-clinico\"><strong>Quadro clinico<\/strong><\/h3>\n<ol class=\"wp-block-list\">\n<li><strong>Dolore forte nella regione del collo<\/strong>: si localizza nel segmento superiore della colonna vertebrale cervicale e aumenta con il movimento.<\/li>\n<li><strong>Riduzione dell\u2019angolo di mobilit\u00e0 articolare del collo<\/strong>.<\/li>\n<li><strong>Cefalea nucale<\/strong>: pu\u00f2 manifestarsi a causa di un dolore riferito.<\/li>\n<li><strong>Sintomi neurologici<\/strong>: si manifestano raramente, ma in caso di traumi gravi \u00e8 possibile osservare intorpidimento, debolezza o anche tetraplegia.<\/li>\n<li><strong>Disturbo respiratorio e disfagia<\/strong>: possono manifestarsi in caso di sviluppo di un ematoma retrofaringeo esteso.<\/li>\n<\/ol>\n<h3 class=\"wp-block-heading\" id=\"diagnosi\"><strong>Diagnosi<\/strong><\/h3>\n<p>La diagnosi si basa sulla valutazione clinica e sugli esami radiologici.<\/p>\n<h4 class=\"wp-block-heading\" id=\"h-\u043a\u043b\u0438\u043d\u0438\u0447\u0435\u0441\u043a\u0430\u044f-\u043e\u0446\u0435\u043d\u043a\u0430-0\"><strong>Valutazione clinica<\/strong><\/h4>\n<ol class=\"wp-block-list\">\n<li><strong>Anamnesi<\/strong>: trauma cervicale recente, meccanismo lesivo e disturbi neurologici.<\/li>\n<li><strong>Esame obiettivo<\/strong>: dolore cervicale, dolorabilit\u00e0 alla palpazione, ridotta mobilit\u00e0, eventuali disturbi neurologici quali debolezza degli arti, intorpidimento o disturbi respiratori.<\/li>\n<\/ol>\n<h4 class=\"wp-block-heading\" id=\"h-\u043b\u0443\u0447\u0435\u0432\u0430\u044f-\u0434\u0438\u0430\u0433\u043d\u043e\u0441\u0442\u0438\u043a\u0430\"><strong>Diagnostica radiologica<\/strong><\/h4>\n<ol class=\"wp-block-list\">\n<li><strong>Radiografia<\/strong>: la proiezione standard antero-posteriore, la proiezione laterale e la proiezione a bocca aperta (pi\u00f9 affidabile) permettono l\u2019identificazione della frattura del processo odontoideo. L\u2019esame radiografico funzionale (flessione ed estensione) \u00e8 fondamentale per la diagnosi dell\u2019instabilit\u00e0 occipito-cervicale (atlanto-occipitale).<\/li>\n<li><strong>TC (tomografia computerizzata)<\/strong>: \u00e8 il gold standard della diagnostica e consente una visualizzazione dettagliata della morfologia della frattura e della direzione dello spostamento.<\/li>\n<li><strong>RM (Risonanza magnetica)<\/strong>: si utilizza in caso di un deficit neurologico.<\/li>\n<\/ol>\n<h3 class=\"wp-block-heading\" id=\"trattamento-della-frattura-della-seconda-vertebra-cervicale\"><strong>Trattamento della frattura della seconda vertebra cervicale<\/strong><\/h3>\n<h4 class=\"wp-block-heading\"><strong>Trattamento non chirurgico<\/strong><\/h4>\n<p><strong>Indicazioni<\/strong>: fratture senza spostamento, assenza di segni di compressione del midollo spinale e di patologie neurologiche progressive. \u00c8 inoltre indicato per i pazienti nei quali non \u00e8 possibile eseguire un intervento chirurgico per determinati motivi.<\/p>\n<p><strong>Tecnica:<\/strong><\/p>\n<ol class=\"wp-block-list\">\n<li><strong>Collare rigido<\/strong>: viene utilizzato pi\u00f9 spesso nelle fratture del processo odontoideo di tipo 1 e 3 senza spostamento o con un minimo spostamento, nonch\u00e9 nella spondilolistesi traumatica di tipo 1.<\/li>\n<li><strong>Immobilizzazione con il sistema Halo<\/strong>: garantisce una stabilizzazione esterna massima, solitamente necessaria in alcune fratture del processo odontoideo di tipo 2 e in alcuni casi di spondilolistesi traumatica.<\/li>\n<\/ol>\n<p>Molte fratture della seconda vertebra cervicale possono essere trattate con il metodo conservativo, in particolare se stabili e senza deficit neurologici. Nella maggior parte dei casi, i pazienti guariscono a condizione che l\u2019immobilizzazione sia adeguata: l\u2019ortesi esterna o il sistema Halo permettono di raggiungere il 100% di consolidamento nelle fratture di tipo 1 e l\u201985-100% in quelle di tipo 3. Nelle fratture di tipo 2, invece, il consolidamento si raggiunge nel 75% dei casi, ma questa percentuale si riduce significativamente nei pazienti anziani.<\/p>\n<h4 class=\"wp-block-heading\"><strong>Trattamento chirurgico<\/strong><\/h4>\n<p><strong>Indicazioni<\/strong>: fratture instabili, spostamento, non consolidamento, deficit neurologico o politraumi.<\/p>\n<p><strong>Tecnica:<\/strong><\/p>\n<ol class=\"wp-block-list\">\n<li><strong>Fissazione con vite del processo odontoideo<\/strong>: fissazione interna nelle fratture scomposte del dente di tipo 2, in particolare nei pazienti giovani. Il consolidamento della frattura avviene nel 90% dei casi. <\/li>\n<li><strong>Artrodesi posteriore C1-C2<\/strong>: indicata in caso di fratture instabili, comminute o in seguito al fallimento del trattamento conservativo. Il grado di consolidamento della frattura \u00e8 generalmente buono, ma anche la tecnica chirurgica adottata \u00e8 importante.<\/li>\n<\/ol>\n<p>Sebbene l\u2019intervento chirurgico garantisca spesso una buona stabilizzazione e risultati neurologici soddisfacenti, presenta dei rischi chirurgici e richiede una riabilitazione pi\u00f9 lunga.<\/p>\n<h2 class=\"wp-block-heading\" id=\"prognosi-e-risultati-del-trattamento\"><strong>Prognosi e risultati del trattamento<\/strong><\/h2>\n<p>I principali fattori prognostici per le fratture della prima e della seconda vertebra cervicale sono l\u2019integrit\u00e0 dell\u2019apparato legamentoso, il grado di spostamento e angolazione della frattura, i tempi e l\u2019efficacia della stabilizzazione della frattura e la qualit\u00e0 del tessuto osseo del paziente. Un ruolo importante nella prognosi dell\u2019esito \u00e8 attribuibile a una riabilitazione sistematica e consapevole.<\/p>\n<h3 class=\"wp-block-heading\" id=\"prognosi-per-la-frattura-di-c1\"><strong>Prognosi per la frattura di C1<\/strong><\/h3>\n<ul class=\"wp-block-list\">\n<li><strong>Frattura isolata dell\u2019arco anteriore:<\/strong> la prognosi \u00e8 favorevole, in quanto generalmente stabile e associata a un basso rischio di complicanze neurologiche. <\/li>\n<li><strong>Frattura isolata dell\u2019arco posteriore<\/strong>: la prognosi \u00e8 simile a quella della frattura dell\u2019arco anteriore, in quanto la lesione \u00e8 stabile e le complicazioni neurologiche sono molto rare. <\/li>\n<li><strong>Lesione simultanea degli archi anteriore e posteriore:<\/strong> la prognosi \u00e8 meno favorevole e dipende dall\u2019integrit\u00e0 del legamento trasverso. Se il legamento trasverso \u00e8 integro (tipo 3a secondo la classificazione di Gehweiler), la frattura \u00e8 abbastanza stabile e la prognosi \u00e8 positiva. In caso di lesione del legamento trasverso, in qualsiasi sua forma, esiste il rischio di sviluppare un\u2019instabilit\u00e0 cronica e una limitazione dell\u2019ampiezza dei movimenti della colonna cervicale dopo la guarigione della frattura. <\/li>\n<li><strong>Frattura della massa laterale della vertebra:<\/strong> la prognosi dipende dal coinvolgimento dell\u2019apparato legamentoso. Se il legamento trasverso \u00e8 integro e l\u2019immobilizzazione del segmento \u00e8 stabile, la prognosi \u00e8 positiva. Tuttavia, la lesione dell\u2019apparato legamentoso pu\u00f2 comportare il rischio di sviluppare un\u2019instabilit\u00e0 del segmento e, in alcuni casi, pu\u00f2 richiedere un\u2019artrodesi. <\/li>\n<li><strong>Frattura isolata del processo trasverso:<\/strong> la prognosi \u00e8 positiva, ma \u00e8 necessaria una valutazione delle strutture vascolari adiacenti. <\/li>\n<\/ul>\n<h3 class=\"wp-block-heading\" id=\"prognosi-per-la-frattura-di-c2\"><strong>Prognosi per la frattura di C2<\/strong><\/h3>\n<ul class=\"wp-block-list\">\n<li><strong>Fratture della punta del processo odontoideo:<\/strong> la prognosi \u00e8 favorevole, grazie all\u2019elevato tasso di consolidamento della frattura stessa, alla sua stabilit\u00e0 e alla rara insorgenza di complicanze neurologiche.<\/li>\n<li><strong>Frattura della base del processo odontoideo:<\/strong> presenta un rischio elevato di non consolidamento, attribuibile alle caratteristiche anatomiche della sua vascolarizzazione, che pu\u00f2 raggiungere il 50% in caso di trattamento conservativo. Le possibili conseguenze di questo tipo di frattura sono il consolidamento errato e il dolore cronico. Quindi, la prognosi \u00e8 meno favorevole per la frattura della base del processo odontoideo. <\/li>\n<li><strong>Fratture di tipo 3 (secondo la classificazione di Anderson e D\u2019Alonzo)<\/strong>: la prognosi \u00e8 favorevole, in quanto la linea della frattura attraversa l\u2019osso spugnoso ben vascolarizzato del corpo della colonna vertebrale e la frattura \u00e8 pi\u00f9 stabile rispetto a quella di tipo 2. Il consolidamento della frattura si osserva nell\u201985-90% dei casi. <\/li>\n<li>La <strong>prognosi della spondilolistesi traumatica<\/strong>\u00a0<strong>(frattura da impiccato)<\/strong> dipende dal tipo di frattura, ovvero dalla sua stabilit\u00e0. Le fratture stabili hanno quindi una prognosi favorevole, mentre quelle instabili richiedono un trattamento chirurgico che aumenta il rischio di complicanze. Le complicanze neurologiche sono rare in queste fratture, poich\u00e9 il canale vertebrale si amplia in questo tipo di lesione. Il consolidamento della frattura avviene nel 90% dei casi. Il dolore cronico si sviluppa generalmente in caso di diagnosi errata, di ritardo nel trattamento o di mancato consolidamento della frattura.<\/li>\n<\/ul>\n<div class=\"social-banner-block\">\n<div class=\"social-banner-content\">\n<p class=\"h5-title text-black\">Scopri altri contenuti scientificamente accurati sui nostri social network<\/p>\n<p><span class=\"social-banner-text text-grey\">Iscriviti e non perdere le ultime risorse<\/span><\/p>\n<div class=\"social-links-wrapper\"><a class=\"social-icon-link\" href=\"https:\/\/www.facebook.com\/VOKA3DAnatomyAndPathology\/\" target=\"_blank\" rel=\"nofollow noopener\"><img decoding=\"async\" src=\"https:\/\/storage.googleapis.com\/dev_wiki_voka_io_303011\/common\/Social%20Icons\/facebook.svg\" alt=\"social link\"><\/a><a class=\"social-icon-link\" href=\"https:\/\/www.instagram.com\/voka.io\/\" target=\"_blank\" rel=\"nofollow noopener\"><img decoding=\"async\" src=\"https:\/\/storage.googleapis.com\/dev_wiki_voka_io_303011\/common\/Social%20Icons\/insta.svg\" alt=\"social link\"><\/a><a class=\"social-icon-link\" href=\"https:\/\/www.linkedin.com\/company\/voka-io\/posts\/?feedView=all\" target=\"_blank\" rel=\"nofollow noopener\"><img decoding=\"async\" src=\"https:\/\/storage.googleapis.com\/dev_wiki_voka_io_303011\/common\/Social%20Icons\/linkedin.svg\" alt=\"social link\"><\/a><a class=\"social-icon-link\" href=\"https:\/\/www.youtube.com\/@vokaio\" target=\"_blank\" rel=\"nofollow noopener\"><img decoding=\"async\" src=\"https:\/\/storage.googleapis.com\/dev_wiki_voka_io_303011\/common\/Social%20Icons\/youtube.svg\" alt=\"social link\"><\/a><a class=\"social-icon-link\" href=\"https:\/\/www.pinterest.com\/voka3danatomyandpathology\/\" target=\"_blank\" rel=\"nofollow noopener\"><img decoding=\"async\" src=\"https:\/\/storage.googleapis.com\/dev_wiki_voka_io_303011\/common\/Social%20Icons\/pinterest.svg\" alt=\"social link\"><\/a><a class=\"social-icon-link\" href=\"https:\/\/www.tiktok.com\/@voka.io\" target=\"_blank\" rel=\"nofollow noopener\"><img decoding=\"async\" src=\"https:\/\/storage.googleapis.com\/dev_wiki_voka_io_303011\/common\/Social%20Icons\/tiktok.svg\" alt=\"social link\"><\/a><a class=\"social-icon-link\" href=\"https:\/\/discord.gg\/7ejUpq8DRR\" target=\"_blank\" rel=\"nofollow noopener\"><img decoding=\"async\" src=\"https:\/\/storage.googleapis.com\/dev_wiki_voka_io_303011\/common\/Social%20Icons\/discord.svg\" alt=\"social link\"><\/a><\/div>\n<\/div>\n<p><img decoding=\"async\" class=\"social-banner-image\" loading=\"lazy\" src=\"https:\/\/storage.googleapis.com\/dev_wiki_voka_io_303011\/common\/social-media-banner-mobile-image.webp\" alt=\"Banner background\"><\/div>\n<h2 class=\"wp-block-heading\" id=\"protocollo-di-riabilitazione\"><strong>Protocollo di riabilitazione<\/strong><\/h2>\n<p>La riabilitazione rappresenta una fase fondamentale del trattamento. Essa \u00e8 suddivisa in fasi in base alla stabilit\u00e0 della frattura.<\/p>\n<p>Nel caso in cui durante la riabilitazione dovessero manifestarsi nuovi sintomi neurologici, un peggioramento di quelli gi\u00e0 presenti, un aumento della temperatura corporea oltre i valori fisiologici o una sensazione di difficolt\u00e0 respiratoria o di deglutizione, \u00e8 necessario rivolgersi immediatamente a un medico.<\/p>\n<h3 class=\"wp-block-heading\" id=\"riabilitazione-per-la-frattura-di-c1\"><strong>Riabilitazione per la frattura di C1<\/strong><\/h3>\n<p><strong>In caso di frattura stabile (trattamento conservativo):<\/strong><\/p>\n<ul class=\"wp-block-list\">\n<li><strong>Fase 1 (immobilizzazione, 0\u20136 settimane):<\/strong> fissazione stabile (ortesi\/sistema Halo). Il carico o il movimento nella colonna vertebrale cervicale sono limitati. Sono consentiti esercizi in isometria nei segmenti e negli arti non coinvolti, nonch\u00e9 esercizi di respirazione.<\/li>\n<li><strong>Fase 2 (mobilizzazione precoce, 6-12 settimane):<\/strong> dopo la conferma radiologica del consolidamento della frattura. Esercizi mirati al recupero dell\u2019ampiezza e della forza dei movimenti. L\u2019aumento del carico e del volume dei movimenti deve avvenire gradualmente, senza provocare dolore. \u00c8 opportuno iniziare con movimenti di flesso-estensione e passare successivamente a esercizi di rotazione e flessione laterale. <\/li>\n<li><strong>Fase 3 (recupero funzionale, 12+ settimane):<\/strong> ripresa delle attivit\u00e0 quotidiane senza limitazioni. \u00c8 necessario evitare gli sport di contatto e i carichi assiali a impatto. Sono consentiti esercizi su attrezzi cardio, nuoto ed esercizi ampliare la mobilit\u00e0 articolare e rinforzare progressivamente la muscolatura del tratto cervicale e toracico superiore.<\/li>\n<\/ul>\n<p>In presenza di sintomi neurologici negativi o di nuova insorgenza, nonch\u00e9 in caso di guarigione ritardata della frattura, la durata di ciascuna fase \u00e8 determinata dal medico curante.<\/p>\n<p><strong>In caso di fratture instabili (dopo l\u2019intervento chirurgico):<\/strong><\/p>\n<ul class=\"wp-block-list\">\n<li><strong>0-6 settimane:<\/strong> protezione con una struttura in metallo (ortesi\/sistema Halo). Sono indicati esercizi di respirazione, esercizi per la mobilit\u00e0 a letto e addestramento alla deambulazione in condizioni di immobilizzazione. <\/li>\n<li><strong>6-12 mesi e oltre:<\/strong> ritorno all\u2019attivit\u00e0 lavorativa, incremento progressivo del carico fisico e allenamento delle abilit\u00e0 specifiche.<\/li>\n<li><strong>6-12 settimane:<\/strong> mobilizzazione protetta e rafforzamento dei muscoli della schiena e degli arti per consentire lo spostamento autonomo e lo svolgimento indipendente delle attivit\u00e0 quotidiane. <\/li>\n<li><strong>12-24 settimane:<\/strong> recupero dell\u2019ampiezza dei movimenti (considerando i limiti imposti dalla struttura stabilizzante). Gli esercizi sono mirati al rafforzamento dei muscoli del core e della parete addominale anteriore. \u00c8 consentita la bicicletta. <\/li>\n<\/ul>\n<h3 class=\"wp-block-heading\" id=\"riabilitazione-dopo-la-frattura-della-seconda-vertebra-cervicale\"><strong>Riabilitazione dopo la frattura della seconda vertebra cervicale<\/strong><\/h3>\n<p><strong>Protocollo di riabilitazione per le fratture stabili<\/strong><\/p>\n<figure class=\"wp-block-table table-to-cards\">\n<table>\n<thead>\n<tr>\n<th class=\"has-text-align-center\" data-align=\"center\">Fase<\/th>\n<th class=\"has-text-align-center\" data-align=\"center\">Precauzioni<\/th>\n<th class=\"has-text-align-center\" data-align=\"center\">Protocollo<\/th>\n<\/tr>\n<\/thead>\n<tbody>\n<tr>\n<td class=\"has-text-align-center\" data-align=\"center\">Immobilizzazione (0-6\/8 settimane)<\/td>\n<td class=\"has-text-align-center\" data-align=\"center\">Immobilizzazione con ortesi cervicale, sistema Halo<\/td>\n<td class=\"has-text-align-center\" data-align=\"center\">Esercizi di respirazione e movimenti attivi degli arti. Mobilizzazione a letto. Verticalizzazione in base alla tolleranza<\/td>\n<\/tr>\n<tr>\n<td class=\"has-text-align-center\" data-align=\"center\">Mobilizzazione (6-12 settimane)<\/td>\n<td class=\"has-text-align-center\" data-align=\"center\">Graduale sospensione dell\u2019uso dell\u2019ortesi cervicale<\/td>\n<td class=\"has-text-align-center\" data-align=\"center\">Movimenti cervicali senza dolore. Rinforzo dei muscoli cervicali e toracici superiori. Esercizi per l\u2019equilibrio e la propriocezione<\/td>\n<\/tr>\n<tr>\n<td class=\"has-text-align-center\" data-align=\"center\">Recupero funzionale (12 settimane e oltre)<\/td>\n<td class=\"has-text-align-center\" data-align=\"center\">Evitare carichi ad alta intensit\u00e0 fino al completo consolidamento della frattura<\/td>\n<td class=\"has-text-align-center\" data-align=\"center\">Aumentare l\u2019angolo di mobilit\u00e0 articolare nel segmento danneggiato. Ripresa delle attivit\u00e0 di vita quotidiana e lavorativa, con esercizi mirati alle abilit\u00e0 specifiche necessarie<\/td>\n<\/tr>\n<\/tbody>\n<\/table>\n<\/figure>\n<p><strong>Protocollo di riabilitazione per le fratture instabili della seconda vertebra cervicale da trattare chirurgicamente<\/strong><\/p>\n<figure class=\"wp-block-table table-to-cards\">\n<table>\n<thead>\n<tr>\n<th class=\"has-text-align-center\" data-align=\"center\">Fase<\/th>\n<th class=\"has-text-align-center\" data-align=\"center\">Precauzioni<\/th>\n<th class=\"has-text-align-center\" data-align=\"center\">Protocollo<\/th>\n<\/tr>\n<\/thead>\n<tbody>\n<tr>\n<td class=\"has-text-align-center\" data-align=\"center\">Periodo post-operatorio precoce (0-6 settimane)<\/td>\n<td class=\"has-text-align-center\" data-align=\"center\">Immobilizzazione del segmento operato, escludendo ogni movimento<\/td>\n<td class=\"has-text-align-center\" data-align=\"center\">Esercizi di respirazione. Movimenti attivi degli arti. Mobilizzazione a letto. Verticalizzazione in base alla tolleranza<\/td>\n<\/tr>\n<tr>\n<td class=\"has-text-align-center\" data-align=\"center\">Mobilizzazione precoce (6-12 settimane)<\/td>\n<td class=\"has-text-align-center\" data-align=\"center\">Interruzione dell\u2019immobilizzazione dopo conferma radiologica della positiva evoluzione della guarigione della frattura<\/td>\n<td class=\"has-text-align-center\" data-align=\"center\">Rafforzamento dei muscoli paraspinali e degli arti. Aumento dell\u2019ampiezza dei movimenti, se consentito dalla stabilizzazione utilizzata. Esercizi per il recupero dell\u2019equilibrio e della postura<\/td>\n<\/tr>\n<tr>\n<td class=\"has-text-align-center\" data-align=\"center\">Recupero funzionale (12 settimane e oltre)<\/td>\n<td class=\"has-text-align-center\" data-align=\"center\">Limitazione dell\u2019angolo di mobilit\u00e0 articolare e del carico in base al tipo di consolidamento<\/td>\n<td class=\"has-text-align-center\" data-align=\"center\">Rafforzamento progressivo dei muscoli della colonna vertebrale cervicale e del segmento toracico superiore. Aerobica. Ripresa dell\u2019attivit\u00e0 quotidiana. Ripresa dell\u2019attivit\u00e0 lavorativa<\/td>\n<\/tr>\n<\/tbody>\n<\/table>\n<\/figure>\n<p>A seconda del tipo di intervento chirurgico, la struttura installata pu\u00f2 limitare i movimenti del segmento operato. La fissazione con vite del processo odontoideo consente di preservare la rotazione del segmento operato. A sua volta, l\u2019artrodesi posteriore C1-C2 risulta in una perdita di rotazione del segmento. L\u2019artrodesi cranio-cervicale comporta una marcata riduzione della mobilit\u00e0 del segmento operato.<\/p>\n<div>\n<h2 class=\"faq-title h2-article\" id=\"faq\">FAQ<\/h2>\n<div class=\"faq-section\">\n<div class=\"faq-item faq-answer-hidden\">\n<div class=\"question-block\">\n<div class=\"faq-question\">\n<p class=\" text-black h5-title\">1. Cos\u2019\u00e8 la frattura di Jefferson?<\/p>\n<\/div>\n<div class=\"faq-answer text-main-text-color main-text-medium\">\u00c8 una frattura \u00abesplosiva\u00bb della prima vertebra cervicale (atlante), in cui si rompono sia l\u2019arco anteriore sia quello posteriore. Si verifica a seguito di un forte carico assiale (ad esempio, un colpo alla testa).<\/div>\n<\/div>\n<div class=\"expand-button-wrapper\"><button class=\"text-accent expand-button\">+<\/button><\/div>\n<\/div>\n<div class=\"faq-item faq-answer-hidden\">\n<div class=\"question-block\">\n<div class=\"faq-question\">\n<p class=\" text-black h5-title\">2. Quanto \u00e8 pericolosa una frattura delle vertebre cervicali? Pu\u00f2 essere letale? <\/p>\n<\/div>\n<div class=\"faq-answer text-main-text-color main-text-medium\">Le lesioni del tratto cervicale superiore (C1-C2) sono effettivamente pericolose a causa della vicinanza del tronco encefalico e dei centri respiratori. Lesioni gravi possono portare al decesso. Tuttavia, molte fratture isolate non provocano deficit neurologici e possono essere trattate con successo.<\/div>\n<\/div>\n<div class=\"expand-button-wrapper\"><button class=\"text-accent expand-button\">+<\/button><\/div>\n<\/div>\n<div class=\"faq-item faq-answer-hidden\">\n<div class=\"question-block\">\n<div class=\"faq-question\">\n<p class=\" text-black h5-title\">3. Cos\u2019\u00e8 il sistema Halo?<\/p>\n<\/div>\n<div class=\"faq-answer text-main-text-color main-text-medium\">\u00c8 una struttura in metallo fissata al cranio con viti e collegata a un giubbotto sul torace. Garantisce la massima immobilizzazione del collo e permette di trattare fratture complesse senza ricorrere a interventi chirurgici.<\/div>\n<\/div>\n<div class=\"expand-button-wrapper\"><button class=\"text-accent expand-button\">+<\/button><\/div>\n<\/div>\n<div class=\"faq-item faq-answer-hidden\">\n<div class=\"question-block\">\n<div class=\"faq-question\">\n<p class=\" text-black h5-title\">4. Una frattura cervicale pu\u00f2 passare inosservata? <\/p>\n<\/div>\n<div class=\"faq-answer text-main-text-color main-text-medium\">S\u00ec, soprattutto negli anziani con osteoporosi. A volte, una frattura (come quella del processo odontoide) provoca solo un dolore moderato, che pu\u00f2 essere erroneamente scambiato per una contusione o una riacutizzazione dell\u2019osteocondrosi. Per questo motivo, dopo qualsiasi trauma cranico o cervicale negli anziani, \u00e8 necessario ricorrere alla diagnostica (TC o radiografia).<\/div>\n<\/div>\n<div class=\"expand-button-wrapper\"><button class=\"text-accent expand-button\">+<\/button><\/div>\n<\/div>\n<div class=\"faq-item faq-answer-hidden\">\n<div class=\"question-block\">\n<div class=\"faq-question\">\n<p class=\" text-black h5-title\">5. Quali possono essere le conseguenze di una frattura della seconda vertebra cervicale?<\/p>\n<\/div>\n<div class=\"faq-answer text-main-text-color main-text-medium\">Le conseguenze dipendono dal tipo di frattura. Possibili esiti: completa guarigione, limitazione dei movimenti del collo (dopo artrodesi cervicale), dolori cronici o disturbi neurologici (paralisi).<\/div>\n<\/div>\n<div class=\"expand-button-wrapper\"><button class=\"text-accent expand-button\">+<\/button><\/div>\n<\/div>\n<div class=\"faq-item faq-answer-hidden\">\n<div class=\"question-block\">\n<div class=\"faq-question\">\n<p class=\" text-black h5-title\">6. L\u2019intervento chirurgico \u00e8 obbligatorio in caso di frattura del processo odontoideo?<\/p>\n<\/div>\n<div class=\"faq-answer text-main-text-color main-text-medium\">L\u2019operazione \u00e8 generalmente necessaria per le fratture di tipo 2 (alla base dell\u2019odontoide), poich\u00e9 guariscono difficilmente con il trattamento conservativo. Le fratture della punta (tipo 1) e del corpo (tipo 3) di solito non richiedono un intervento chirurgico.<\/div>\n<\/div>\n<div class=\"expand-button-wrapper\"><button class=\"text-accent expand-button\">+<\/button><\/div>\n<\/div>\n<\/div>\n<\/div>\n<div class=\"sources-list-block sources-list-hidden\" id=\"bibliografia\">\n<div class=\"sources-list-content\">\n<div class=\"sources-list-title\">\n<p class=\"small-text-bold text-black sources-list-title-text\">Bibliografia<\/p>\n<div class=\"sources-expand-button-wrapper-mobile\">\n<div class=\"sources-expand-button\"><svg width=\"32\" height=\"32\" viewbox=\"0 0 32 32\" fill=\"none\" xmlns=\"http:\/\/www.w3.org\/2000\/svg\"><path d=\"M8 12L16 20L24 12\" stroke=\"#8C9AAB\" stroke-width=\"2\" stroke-linecap=\"round\" stroke-linejoin=\"round\"><\/path><\/svg><\/div>\n<\/div>\n<\/div>\n<div class=\"sources-list-items\">\n<div class=\"source-item\">\n<p class=\"main-text-semibold text-black\">1.<\/p>\n<div class=\"source-item-content\">\n<p class=\"main-text-semibold text-black\"><cite>VOKA 3D Anatomy & Pathology \u2013 Complete Anatomy and Pathology 3D Atlas (VOKA 3D Anatomia e Patologia \u2013 Atlante 3D completo di anatomia e patologia) [Internet]. VOKA 3D Anatomy & Pathology. <\/cite><\/p>\n<p><span class=\"small-text-medium text-grey\">Disponibile su: https:\/\/catalog.voka.io\/<\/span><\/div>\n<\/div>\n<div class=\"source-item\">\n<p class=\"main-text-semibold text-black\">2.<\/p>\n<div class=\"source-item-content\">\n<p class=\"main-text-semibold text-black\"><cite>Meyer C, Eysel P, Stein G. Traumatic Atlantoaxial and Fracture-Related Dislocation. Biomed Res Int. [Meyer C, Eysel P, Stein G. Traumatic Atlantoaxial and Fracture-Related Dislocation (Lussazione traumatica atlanto-assiale e correlata a frattura). Biomed Res Int. 2019 Mar 18;2019:5297950]. 2019 Mar 18;2019:5297950.<\/cite><\/p>\n<\/div>\n<\/div>\n<div class=\"source-item\">\n<p class=\"main-text-semibold text-black\">3.<\/p>\n<div class=\"source-item-content\">\n<p class=\"main-text-semibold text-black\"><cite>Chan KS, Shlobin NA, Dahdaleh NS. Diagnosis and management of isolated C1 fractures: A systematic review. J Craniovertebr Junction Spine. 2022 Jul-Sep;13(3):233-244. [Chan KS, Shlobin NA, Dahdaleh NS. Diagnosis and management of isolated C1 fractures: A systematic review (Diagnosi e trattamento delle fratture isolate di C1: una revisione sistematica). J Craniovertebr Junction Spine. 2022 Jul-Sep;13(3):233-244].<\/cite><\/p>\n<\/div>\n<\/div>\n<div class=\"source-item\">\n<p class=\"main-text-semibold text-black\">4.<\/p>\n<div class=\"source-item-content\">\n<p class=\"main-text-semibold text-black\"><cite>Shin JW, Suk KS, Kim HS, Yang JH, Kwon JW, Lee HM, Moon SH, Lee BH, Park SJ, Park SR, Kim SK. Direct Internal Fixation for Unstable Atlas Fractures. Yonsei Med J. 2022 Mar;63(3):265-271. [Shin JW, Suk KS, Kim HS, Yang JH, Kwon JW, Lee HM, Moon SH, Lee BH, Park SJ, Park SR, Kim SK. Direct Internal Fixation for Unstable Atlas Fractures (Fissazione interna diretta per fratture instabili dell\u2019atlante). Yonsei Med J. 2022 Mar;63(3):265-271].<\/cite><\/p>\n<\/div>\n<\/div>\n<div class=\"source-item\">\n<p class=\"main-text-semibold text-black\">5.<\/p>\n<div class=\"source-item-content\">\n<p class=\"main-text-semibold text-black\"><cite>Tu Q, Chen H, Li Z, Chen Y, Xu A, Zhu C, Huang X, Ma X, Wang J, Zhang K, Yin Q, Xu J, Xia H. Anterior reduction and C1-ring osteosynthesis with Jefferson-fracture reduction plate (JeRP) via transoral approach for unstable atlas fractures. BMC Musculoskelet Disord. 2021 Aug 30;22(1):745. [Tu Q, Chen H, Li Z, Chen Y, Xu A, Zhu C, Huang X, Ma X, Wang J, Zhang K, Yin Q, Xu J, Xia H. Anterior reduction and C1-ring osteosynthesis with Jefferson-fracture reduction plate (JeRP) via transoral approach for unstable atlas fractures (Riduzione anteriore e osteosintesi dell\u2019anello C1 con placca di riduzione delle fratture di Jefferson (JeRP) tramite approccio transorale per fratture instabili dell\u2019atlante). BMC Musculoskelet Disord. 2021 Aug 30;22(1):745].<\/cite><\/p>\n<\/div>\n<\/div>\n<div class=\"source-item\">\n<p class=\"main-text-semibold text-black\">6.<\/p>\n<div class=\"source-item-content\">\n<p class=\"main-text-semibold text-black\"><cite>Shin JJ, Kim KR, Shin J, Kang J, Lee HJ, Kim TW, Hong JT, Kim SW, Ha Y. Surgical Versus Conservative Management for Treating Unstable Atlas Fractures: A Multicenter Study. Neurospine. [Shin JJ, Kim KR, Shin J, Kang J, Lee HJ, Kim TW, Hong JT, Kim SW, Ha Y. Surgical Versus Conservative Management for Treating Unstable Atlas Fractures: A Multicenter Study (Chirurgia contro terapia conservativa nel trattamento delle fratture instabili dell\u2019atlante: uno studio multicentrico). Neurospine. 2022 Dec;19(4):1013-1025]. Dic 2022;19(4):1013-1025.<\/cite><\/p>\n<\/div>\n<\/div>\n<div class=\"source-item\">\n<p class=\"main-text-semibold text-black\">7.<\/p>\n<div class=\"source-item-content\">\n<p class=\"main-text-semibold text-black\"><cite>Mathkour M, Cardona JJ, Chaiyamoon A, Glynn RM, Jenkins S, Graham RA, Johal J, Gardner B, Iwanaga J, Dumont AS, Tubbs RS. Classifications of Odontoid Process Fractures: A Systematic Review and Proposal of a New Simplified Classification System Based on Embryology. Cureus. 2022 Dec 14;14(12):e32520. [Mathkour M, Cardona JJ, Chaiyamoon A, Glynn RM, Jenkins S, Graham RA, Johal J, Gardner B, Iwanaga J, Dumont AS, Tubbs RS. Classifications of Odontoid Process Fractures: A Systematic Review and Proposal of a New Simplified Classification System Based on Embryology (Classificazioni delle fratture del processo odontoideo: una revisione sistematica e la proposta di un nuovo sistema di classificazione semplificato basato sull\u2019embriologia). Cureus. 2022 Dec 14;14(12):e32520].<\/cite><\/p>\n<\/div>\n<\/div>\n<div class=\"source-item\">\n<p class=\"main-text-semibold text-black\">8.<\/p>\n<div class=\"source-item-content\">\n<p class=\"main-text-semibold text-black\"><cite>Gornet ME, Kelly MP. Fractures of the axis: a review of pediatric, adult, and geriatric injuries. Curr Rev Musculoskelet Med. [Gornet ME, Kelly MP. Fractures of the axis: a review of pediatric, adult, and geriatric injuries (Fratture dell\u2019asse: una revisione dei traumi pediatrici, negli adulti e negli anziani). Curr Rev Musculoskelet Med. 2016 Dec;9(4):505-512]. Dic 2016;9(4):505-512. <\/cite><\/p>\n<\/div>\n<\/div>\n<div class=\"source-item\">\n<p class=\"main-text-semibold text-black\">9.<\/p>\n<div class=\"source-item-content\">\n<p class=\"main-text-semibold text-black\"><cite>Mohile NV, Kuczmarski AS, Minaie A, Syros A, Geller JS, Maaieh MA. Management of combined atlas and axis fractures: a systematic review. N Am Spine Soc J. 2023 Apr 24;14:100224. [Mohile NV, Kuczmarski AS, Minaie A, Syros A, Geller JS, Maaieh MA. Management of combined atlas and axis fractures: a systematic review (Gestione delle fratture combinate dell\u2019atlante e dell\u2019asse: una revisione sistematica). N Am Spine Soc J. 2023 Apr 24;14:100224]. <\/cite><\/p>\n<\/div>\n<\/div>\n<div class=\"source-item\">\n<p class=\"main-text-semibold text-black\">10.<\/p>\n<div class=\"source-item-content\">\n<p class=\"main-text-semibold text-black\"><cite>Al-Mahfoudh R, Beagrie C, Woolley E, Zakaria R, Radon M, Clark S, Pillay R, Wilby M. Management of Typical and Atypical Hangman\u2019s Fractures. Global Spine J. 2016 May;6(3):248-56. [Al-Mahfoudh R, Beagrie C, Woolley E, Zakaria R, Radon M, Clark S, Pillay R, Wilby M. Management of Typical and Atypical Hangman\u2019s Fractures (Gestione delle fratture da impiccato tipiche e atipiche). Global Spine J. 2016 May;6(3):248-56].<\/cite><\/p>\n<\/div>\n<\/div>\n<\/div>\n<\/div>\n<div class=\"sources-expand-button-wrapper\">\n<div class=\"sources-expand-button\"><svg width=\"32\" height=\"32\" viewbox=\"0 0 32 32\" fill=\"none\" xmlns=\"http:\/\/www.w3.org\/2000\/svg\"><path d=\"M8 12L16 20L24 12\" stroke=\"#8C9AAB\" stroke-width=\"2\" stroke-linecap=\"round\" stroke-linejoin=\"round\"><\/path><\/svg><\/div>\n<\/div>\n<\/div>\n","protected":false},"excerpt":{"rendered":"<p>Le fratture della colonna vertebrale cervicale sono considerate traumi gravi che richiedono una diagnosi e un trattamento accurati. Tra i traumi pi\u00f9 importanti vi sono quelli che interessano la parte superiore della colonna cervicale, in particolare le vertebre C1 (atlante) e C2 (asse), in quanto sono responsabili della mobilit\u00e0 della testa e si trovano in [&hellip;]<\/p>\n","protected":false},"author":19,"featured_media":0,"template":"","diseases_category":[365],"class_list":["post-2827","diseases_post","type-diseases_post","status-publish","hentry","diseases_category-traumatologiche"],"acf":[],"yoast_head":"<!-- This site is optimized with the Yoast SEO Premium plugin v25.0 (Yoast SEO v26.5) - https:\/\/yoast.com\/wordpress\/plugins\/seo\/ -->\n<title>Fratture delle vertebre cervicali (C1 e C2): sintomi, conseguenze e trattamento<\/title>\n<meta name=\"description\" content=\"Analisi dettagliata delle fratture delle vertebre cervicali C1 e C2. L\u2019articolo analizza l\u2019eziologia, la classificazione, i metodi diagnostici, le strategie di trattamento chirurgico e i protocolli di riabilitazione.\" \/>\n<meta name=\"robots\" content=\"noindex, follow, max-snippet:-1, max-image-preview:large, max-video-preview:-1\" \/>\n<meta property=\"og:locale\" content=\"it_IT\" \/>\n<meta property=\"og:type\" content=\"article\" \/>\n<meta property=\"og:title\" content=\"Fratture della colonna vertebrale cervicale: classificazione, sintomi e trattamento\" \/>\n<meta property=\"og:description\" content=\"Analisi dettagliata delle fratture delle vertebre cervicali C1 e C2. L\u2019articolo analizza l\u2019eziologia, la classificazione, i metodi diagnostici, le strategie di trattamento chirurgico e i protocolli di riabilitazione.\" \/>\n<meta property=\"og:url\" content=\"https:\/\/wiki.dev.voka.io\/it\/malattie\/traumatologiche\/fratture-delle-vertebre-cervicali\/\" \/>\n<meta property=\"og:site_name\" content=\"Voka Wiki\" \/>\n<meta property=\"article:publisher\" content=\"https:\/\/www.facebook.com\/VOKA3DAnatomyAndPathology\/\" \/>\n<meta name=\"twitter:card\" content=\"summary_large_image\" \/>\n<meta name=\"twitter:label1\" content=\"Tempo di lettura stimato\" \/>\n\t<meta name=\"twitter:data1\" content=\"17 minuti\" \/>\n<script type=\"application\/ld+json\" class=\"yoast-schema-graph\">{\"@context\":\"https:\/\/schema.org\",\"@graph\":[{\"@type\":\"Article\",\"@id\":\"https:\/\/wiki.dev.voka.io\/it\/malattie\/traumatologiche\/fratture-delle-vertebre-cervicali\/#article\",\"isPartOf\":{\"@id\":\"https:\/\/wiki.dev.voka.io\/it\/malattie\/traumatologiche\/fratture-delle-vertebre-cervicali\/\"},\"author\":{\"name\":\"Aleksandr K.\",\"@id\":\"https:\/\/wiki.dev.voka.io\/it\/#\/schema\/person\/9510f0c38a3a1d38fc04cb2d59c7d83c\"},\"headline\":\"Fratture della colonna vertebrale cervicale: classificazione, sintomi e trattamento\",\"datePublished\":\"2026-01-29T14:22:51+00:00\",\"mainEntityOfPage\":{\"@id\":\"https:\/\/wiki.dev.voka.io\/it\/malattie\/traumatologiche\/fratture-delle-vertebre-cervicali\/\"},\"wordCount\":3513,\"publisher\":{\"@id\":\"https:\/\/wiki.dev.voka.io\/it\/#organization\"},\"inLanguage\":\"it-IT\"},{\"@type\":\"WebPage\",\"@id\":\"https:\/\/wiki.dev.voka.io\/it\/malattie\/traumatologiche\/fratture-delle-vertebre-cervicali\/\",\"url\":\"https:\/\/wiki.dev.voka.io\/it\/malattie\/traumatologiche\/fratture-delle-vertebre-cervicali\/\",\"name\":\"Fratture delle vertebre cervicali (C1 e C2): sintomi, conseguenze e trattamento\",\"isPartOf\":{\"@id\":\"https:\/\/wiki.dev.voka.io\/it\/#website\"},\"datePublished\":\"2026-01-29T14:22:51+00:00\",\"description\":\"Analisi dettagliata delle fratture delle vertebre cervicali C1 e C2. L\u2019articolo analizza l\u2019eziologia, la classificazione, i metodi diagnostici, le strategie di trattamento chirurgico e i protocolli di riabilitazione.\",\"breadcrumb\":{\"@id\":\"https:\/\/wiki.dev.voka.io\/it\/malattie\/traumatologiche\/fratture-delle-vertebre-cervicali\/#breadcrumb\"},\"inLanguage\":\"it-IT\",\"potentialAction\":[{\"@type\":\"ReadAction\",\"target\":[\"https:\/\/wiki.dev.voka.io\/it\/malattie\/traumatologiche\/fratture-delle-vertebre-cervicali\/\"]}]},{\"@type\":\"BreadcrumbList\",\"@id\":\"https:\/\/wiki.dev.voka.io\/it\/malattie\/traumatologiche\/fratture-delle-vertebre-cervicali\/#breadcrumb\",\"itemListElement\":[{\"@type\":\"ListItem\",\"position\":1,\"name\":\"Home\",\"item\":\"https:\/\/wiki.dev.voka.io\/it\/\"},{\"@type\":\"ListItem\",\"position\":2,\"name\":\"Traumatologia\",\"item\":\"https:\/\/wiki.dev.voka.io\/it\/malattie\/traumatologiche\/\"},{\"@type\":\"ListItem\",\"position\":3,\"name\":\"Fratture della colonna vertebrale cervicale: classificazione, sintomi e trattamento\"}]},{\"@type\":\"WebSite\",\"@id\":\"https:\/\/wiki.dev.voka.io\/it\/#website\",\"url\":\"https:\/\/wiki.dev.voka.io\/it\/\",\"name\":\"Voka Wiki\",\"description\":\"\",\"publisher\":{\"@id\":\"https:\/\/wiki.dev.voka.io\/it\/#organization\"},\"alternateName\":\"Anatomy & Pathology Wiki by VOKA\",\"potentialAction\":[{\"@type\":\"SearchAction\",\"target\":{\"@type\":\"EntryPoint\",\"urlTemplate\":\"https:\/\/wiki.dev.voka.io\/it\/?s={search_term_string}\"},\"query-input\":{\"@type\":\"PropertyValueSpecification\",\"valueRequired\":true,\"valueName\":\"search_term_string\"}}],\"inLanguage\":\"it-IT\"},{\"@type\":\"Organization\",\"@id\":\"https:\/\/wiki.dev.voka.io\/it\/#organization\",\"name\":\"Voka 3D Anatomy & Pathology\",\"alternateName\":\"VOKA\",\"url\":\"https:\/\/wiki.dev.voka.io\/it\/\",\"logo\":{\"@type\":\"ImageObject\",\"inLanguage\":\"it-IT\",\"@id\":\"https:\/\/wiki.dev.voka.io\/it\/#\/schema\/logo\/image\/\",\"url\":\"https:\/\/wiki.dev.voka.io\/wp-content\/uploads\/2025\/02\/cropped-voka-logo-1.png\",\"contentUrl\":\"https:\/\/wiki.dev.voka.io\/wp-content\/uploads\/2025\/02\/cropped-voka-logo-1.png\",\"width\":70,\"height\":16,\"caption\":\"Voka 3D Anatomy & Pathology\"},\"image\":{\"@id\":\"https:\/\/wiki.dev.voka.io\/it\/#\/schema\/logo\/image\/\"},\"sameAs\":[\"https:\/\/www.facebook.com\/VOKA3DAnatomyAndPathology\/\",\"https:\/\/www.instagram.com\/voka.io\/\",\"https:\/\/www.linkedin.com\/company\/voka-io\/\",\"https:\/\/www.youtube.com\/channel\/UCqGGuOEpr62ScH8Pjk2q5zw\/videos\",\"https:\/\/www.pinterest.com\/VokaAnatomyPro\/\",\"https:\/\/www.threads.com\/@voka.io\"],\"description\":\"VOKA.io offers 3D medical animations and custom 3D modeling services. Our product, VOKA 3D Anatomy & Pathology, is a digital atlas with over 1,000 detailed 3D models of human anatomy and pathology, designed for medical education, training, and patient communication.\",\"email\":\"info@voka.io\",\"telephone\":\"+1 814 351 4442\",\"legalName\":\"Voka 3D Anatomy & Pathology\",\"foundingDate\":\"2017-02-12\",\"naics\":\"541512\",\"numberOfEmployees\":{\"@type\":\"QuantitativeValue\",\"minValue\":\"51\",\"maxValue\":\"200\"},\"publishingPrinciples\":\"https:\/\/wiki.voka.io\/it\/principi-editoriali\/\"},{\"@type\":\"Person\",\"@id\":\"https:\/\/wiki.dev.voka.io\/it\/#\/schema\/person\/9510f0c38a3a1d38fc04cb2d59c7d83c\",\"name\":\"Aleksandr K.\",\"image\":{\"@type\":\"ImageObject\",\"inLanguage\":\"it-IT\",\"@id\":\"https:\/\/wiki.dev.voka.io\/it\/#\/schema\/person\/image\/\",\"url\":\"https:\/\/secure.gravatar.com\/avatar\/c7514f1460de700bc666804ed028fc7d15f47a41bbfc867590f7de302051f078?s=96&d=mm&r=g\",\"contentUrl\":\"https:\/\/secure.gravatar.com\/avatar\/c7514f1460de700bc666804ed028fc7d15f47a41bbfc867590f7de302051f078?s=96&d=mm&r=g\",\"caption\":\"Aleksandr K.\"}}]}<\/script>\n<!-- \/ Yoast SEO Premium plugin. -->","yoast_head_json":{"title":"Fratture delle vertebre cervicali (C1 e C2): sintomi, conseguenze e trattamento","description":"Analisi dettagliata delle fratture delle vertebre cervicali C1 e C2. L\u2019articolo analizza l\u2019eziologia, la classificazione, i metodi diagnostici, le strategie di trattamento chirurgico e i protocolli di riabilitazione.","robots":{"index":"noindex","follow":"follow","max-snippet":"max-snippet:-1","max-image-preview":"max-image-preview:large","max-video-preview":"max-video-preview:-1"},"og_locale":"it_IT","og_type":"article","og_title":"Fratture della colonna vertebrale cervicale: classificazione, sintomi e trattamento","og_description":"Analisi dettagliata delle fratture delle vertebre cervicali C1 e C2. L\u2019articolo analizza l\u2019eziologia, la classificazione, i metodi diagnostici, le strategie di trattamento chirurgico e i protocolli di riabilitazione.","og_url":"https:\/\/wiki.dev.voka.io\/it\/malattie\/traumatologiche\/fratture-delle-vertebre-cervicali\/","og_site_name":"Voka Wiki","article_publisher":"https:\/\/www.facebook.com\/VOKA3DAnatomyAndPathology\/","twitter_card":"summary_large_image","twitter_misc":{"Tempo di lettura stimato":"17 minuti"},"schema":{"@context":"https:\/\/schema.org","@graph":[{"@type":"Article","@id":"https:\/\/wiki.dev.voka.io\/it\/malattie\/traumatologiche\/fratture-delle-vertebre-cervicali\/#article","isPartOf":{"@id":"https:\/\/wiki.dev.voka.io\/it\/malattie\/traumatologiche\/fratture-delle-vertebre-cervicali\/"},"author":{"name":"Aleksandr K.","@id":"https:\/\/wiki.dev.voka.io\/it\/#\/schema\/person\/9510f0c38a3a1d38fc04cb2d59c7d83c"},"headline":"Fratture della colonna vertebrale cervicale: classificazione, sintomi e trattamento","datePublished":"2026-01-29T14:22:51+00:00","mainEntityOfPage":{"@id":"https:\/\/wiki.dev.voka.io\/it\/malattie\/traumatologiche\/fratture-delle-vertebre-cervicali\/"},"wordCount":3513,"publisher":{"@id":"https:\/\/wiki.dev.voka.io\/it\/#organization"},"inLanguage":"it-IT"},{"@type":"WebPage","@id":"https:\/\/wiki.dev.voka.io\/it\/malattie\/traumatologiche\/fratture-delle-vertebre-cervicali\/","url":"https:\/\/wiki.dev.voka.io\/it\/malattie\/traumatologiche\/fratture-delle-vertebre-cervicali\/","name":"Fratture delle vertebre cervicali (C1 e C2): sintomi, conseguenze e trattamento","isPartOf":{"@id":"https:\/\/wiki.dev.voka.io\/it\/#website"},"datePublished":"2026-01-29T14:22:51+00:00","description":"Analisi dettagliata delle fratture delle vertebre cervicali C1 e C2. L\u2019articolo analizza l\u2019eziologia, la classificazione, i metodi diagnostici, le strategie di trattamento chirurgico e i protocolli di riabilitazione.","breadcrumb":{"@id":"https:\/\/wiki.dev.voka.io\/it\/malattie\/traumatologiche\/fratture-delle-vertebre-cervicali\/#breadcrumb"},"inLanguage":"it-IT","potentialAction":[{"@type":"ReadAction","target":["https:\/\/wiki.dev.voka.io\/it\/malattie\/traumatologiche\/fratture-delle-vertebre-cervicali\/"]}]},{"@type":"BreadcrumbList","@id":"https:\/\/wiki.dev.voka.io\/it\/malattie\/traumatologiche\/fratture-delle-vertebre-cervicali\/#breadcrumb","itemListElement":[{"@type":"ListItem","position":1,"name":"Home","item":"https:\/\/wiki.dev.voka.io\/it\/"},{"@type":"ListItem","position":2,"name":"Traumatologia","item":"https:\/\/wiki.dev.voka.io\/it\/malattie\/traumatologiche\/"},{"@type":"ListItem","position":3,"name":"Fratture della colonna vertebrale cervicale: classificazione, sintomi e trattamento"}]},{"@type":"WebSite","@id":"https:\/\/wiki.dev.voka.io\/it\/#website","url":"https:\/\/wiki.dev.voka.io\/it\/","name":"Voka Wiki","description":"","publisher":{"@id":"https:\/\/wiki.dev.voka.io\/it\/#organization"},"alternateName":"Anatomy & Pathology Wiki by VOKA","potentialAction":[{"@type":"SearchAction","target":{"@type":"EntryPoint","urlTemplate":"https:\/\/wiki.dev.voka.io\/it\/?s={search_term_string}"},"query-input":{"@type":"PropertyValueSpecification","valueRequired":true,"valueName":"search_term_string"}}],"inLanguage":"it-IT"},{"@type":"Organization","@id":"https:\/\/wiki.dev.voka.io\/it\/#organization","name":"Voka 3D Anatomy & Pathology","alternateName":"VOKA","url":"https:\/\/wiki.dev.voka.io\/it\/","logo":{"@type":"ImageObject","inLanguage":"it-IT","@id":"https:\/\/wiki.dev.voka.io\/it\/#\/schema\/logo\/image\/","url":"https:\/\/wiki.dev.voka.io\/wp-content\/uploads\/2025\/02\/cropped-voka-logo-1.png","contentUrl":"https:\/\/wiki.dev.voka.io\/wp-content\/uploads\/2025\/02\/cropped-voka-logo-1.png","width":70,"height":16,"caption":"Voka 3D Anatomy & Pathology"},"image":{"@id":"https:\/\/wiki.dev.voka.io\/it\/#\/schema\/logo\/image\/"},"sameAs":["https:\/\/www.facebook.com\/VOKA3DAnatomyAndPathology\/","https:\/\/www.instagram.com\/voka.io\/","https:\/\/www.linkedin.com\/company\/voka-io\/","https:\/\/www.youtube.com\/channel\/UCqGGuOEpr62ScH8Pjk2q5zw\/videos","https:\/\/www.pinterest.com\/VokaAnatomyPro\/","https:\/\/www.threads.com\/@voka.io"],"description":"VOKA.io offers 3D medical animations and custom 3D modeling services. Our product, VOKA 3D Anatomy & Pathology, is a digital atlas with over 1,000 detailed 3D models of human anatomy and pathology, designed for medical education, training, and patient communication.","email":"info@voka.io","telephone":"+1 814 351 4442","legalName":"Voka 3D Anatomy & Pathology","foundingDate":"2017-02-12","naics":"541512","numberOfEmployees":{"@type":"QuantitativeValue","minValue":"51","maxValue":"200"},"publishingPrinciples":"https:\/\/wiki.voka.io\/it\/principi-editoriali\/"},{"@type":"Person","@id":"https:\/\/wiki.dev.voka.io\/it\/#\/schema\/person\/9510f0c38a3a1d38fc04cb2d59c7d83c","name":"Aleksandr K.","image":{"@type":"ImageObject","inLanguage":"it-IT","@id":"https:\/\/wiki.dev.voka.io\/it\/#\/schema\/person\/image\/","url":"https:\/\/secure.gravatar.com\/avatar\/c7514f1460de700bc666804ed028fc7d15f47a41bbfc867590f7de302051f078?s=96&d=mm&r=g","contentUrl":"https:\/\/secure.gravatar.com\/avatar\/c7514f1460de700bc666804ed028fc7d15f47a41bbfc867590f7de302051f078?s=96&d=mm&r=g","caption":"Aleksandr K."}}]}},"_links":{"self":[{"href":"https:\/\/wiki.dev.voka.io\/it\/wp-json\/wp\/v2\/diseases_post\/2827","targetHints":{"allow":["GET"]}}],"collection":[{"href":"https:\/\/wiki.dev.voka.io\/it\/wp-json\/wp\/v2\/diseases_post"}],"about":[{"href":"https:\/\/wiki.dev.voka.io\/it\/wp-json\/wp\/v2\/types\/diseases_post"}],"author":[{"embeddable":true,"href":"https:\/\/wiki.dev.voka.io\/it\/wp-json\/wp\/v2\/users\/19"}],"wp:attachment":[{"href":"https:\/\/wiki.dev.voka.io\/it\/wp-json\/wp\/v2\/media?parent=2827"}],"wp:term":[{"taxonomy":"diseases_category","embeddable":true,"href":"https:\/\/wiki.dev.voka.io\/it\/wp-json\/wp\/v2\/diseases_category?post=2827"}],"curies":[{"name":"wp","href":"https:\/\/api.w.org\/{rel}","templated":true}]}}