{"id":2293,"date":"2025-12-23T16:01:17","date_gmt":"2025-12-23T13:01:17","guid":{"rendered":"https:\/\/wiki.dev.voka.io\/?post_type=diseases_post&#038;p=2293"},"modified":"2025-12-23T16:01:21","modified_gmt":"2025-12-23T13:01:21","slug":"malattie-post-traumatiche-del-setto-nasale","status":"publish","type":"diseases_post","link":"https:\/\/wiki.dev.voka.io\/it\/malattie\/otorinolaringoiatria\/malattie-post-traumatiche-del-setto-nasale\/","title":{"rendered":"Malattie post-traumatiche del setto nasale: diagnosi e trattamento di ematomi, ascessi e perforazioni"},"content":{"rendered":"<p><?xml encoding=\"UTF-8\" ?><\/p>\n<p>Il setto nasale \u00e8 una lamina osteo-cartilaginea che divide la cavit\u00e0 nasale in due met\u00e0. I suoi mutamenti patologici, quali ematomi, ascessi o perforazioni del setto nasale, sono gravi complicanze di traumi o infezioni. Tali condizioni richiedono una diagnosi tempestiva perch\u00e9 possono portare a gravi conseguenze, tra cui una deformazione irreversibile del naso.<\/p>\n<h2 class=\"wp-block-heading\" id=\"classificazione-delle-condizioni-del-setto-nasale\"><strong>Classificazione delle condizioni del setto nasale<\/strong><\/h2>\n<p>In otorinolaringoiatria si distinguono tre gruppi principali di patologie post-traumatiche del setto:<\/p>\n<ol class=\"wp-block-list\">\n<li><strong>Ematomi del setto nasale<\/strong>:\n<ul class=\"wp-block-list\">\n<li>Ematoma unilaterale;<\/li>\n<li>Ematoma bilaterale.<\/li>\n<\/ul>\n<\/li>\n<li><strong>Ascesso del setto nasale<\/strong>:\n<ul class=\"wp-block-list\">\n<li>Unilaterale;<\/li>\n<li>Bilaterale.<\/li>\n<\/ul>\n<\/li>\n<li><strong>Perforazione del setto nasale<\/strong>.<\/li>\n<\/ol>\n<h2 class=\"wp-block-heading\" id=\"eziologia\"><strong>Eziologia<\/strong><\/h2>\n<p>Nella maggior parte dei casi, la causa comune delle patologie sopra menzionate consiste in danni fisici, quali lesioni domestiche, cadute e incidenti stradali.<\/p>\n<p>In rari casi, la causa \u00e8 rappresentata da interventi chirurgici nella cavit\u00e0 nasale. Queste condizioni possono essere causate da infezioni croniche lente o malattie autoimmuni nella cavit\u00e0 nasale, per le quali i pazienti non cercano aiuto da otorinolaringoiatri per lungo tempo.<\/p>\n<h3 class=\"wp-block-heading\" id=\"cause-di-ematomi-e-ascessi\"><strong>Cause di ematomi e ascessi<\/strong><\/h3>\n<p>Gli ematomi del setto nasale possono derivare da un trauma contusivo o da un\u2019infezione virale. I segni sono iperemia e maggiore fragilit\u00e0 dei vasi della mucosa, che contribuiscono alle emorragie spontanee.<\/p>\n<p>Gli ascessi nasali sono spesso una conseguenza della suppurazione di un ematoma. Pu\u00f2 anche formarsi:<\/p>\n<ul class=\"wp-block-list\">\n<li>Per il trasferimento di un\u2019infezione dalla pelle (gonfiore o foruncolo nasale);<\/li>\n<li>Quando un\u2019infezione si diffonde dalla cavit\u00e0 orale nel corso dei processi di carie.<\/li>\n<\/ul>\n<h3 class=\"wp-block-heading\" id=\"cause-della-perforazione\"><strong>Cause della perforazione<\/strong><\/h3>\n<p>Una perforazione del setto nasale si sviluppa a causa di:<\/p>\n<ul class=\"wp-block-list\">\n<li>Traumi e ustioni (chimiche, termiche);<\/li>\n<li>Interventi chirurgici;<\/li>\n<li>Processi atrofici, malattie autoimmuni e infettive;<\/li>\n<li>Ascessi del setto (fusione purulenta dei tessuti);<\/li>\n<li>Uso prolungato di farmaci intranasali o narcotici;<\/li>\n<li>Traumatizzazione cronica (\u201cmettersi le dita nel naso\u201d).<\/li>\n<\/ul>\n<p>Si verificano anche perforazioni idiopatiche ovvero quelle per cui non \u00e8 possibile stabilire la causa esatta. <\/p>\n<h2 class=\"wp-block-heading\" id=\"patogenesi-e-cambiamenti-anatomici\"><strong>Patogenesi e cambiamenti anatomici<\/strong><\/h2>\n<h3 class=\"wp-block-heading\" id=\"ematoma\"><strong>Ematoma<\/strong><\/h3>\n<p>Un ematoma \u00e8 un\u2019accumulazione di sangue tra la cartilagine e il sopracartilagineo. Si verifica entro le prime 24 ore dopo un infortunio. Nella cavit\u00e0 nasale sul lato della lesione \u00e8 possibile identificare un rigonfiamento fluttuante e teso della mucosa di colore cianotico (grigio-bluastro).<\/p>\n<figure class=\"wp-block-image size-large\"><img decoding=\"async\" src=\"https:\/\/storage.googleapis.com\/dev_wiki_voka_io_303011\/articles\/en\/otorhinolaryngology\/post-traumatic-diseases-nasal-septum\/nasal-septal-hematoma.webp\" alt=\"Ematoma del setto nasale sul lato destro (parte della mucosa \u00e8 stata rimossa)\"><figcaption class=\"wp-element-caption\">Ematoma del setto nasale destro (parte della mucosa \u00e8 stata rimossa): <a href=\"https:\/\/catalog.voka.io\/en\/models\/8861ee9e-a330-4451-856d-1de6ead27805\/8066b69f-0c3f-4c7c-960f-70699a27ff6c\/741e2d9f-1de1-42bd-89ad-c17d67432e19\/99491c04-c193-4f42-a5d4-c9f2343ada69\" target=\"_blank\" rel=\"noreferrer noopener nofollow\">modello 3D<\/a><\/figcaption><\/figure>\n<p>L\u2019ematoma pu\u00f2 interessare la parte cartilaginea o estendersi alla parte ossea posteriore, sebbene ci\u00f2 sia estremamente raro. \u00c8 anche comune riscontrare una lesione bilaterale, in cui il sangue si accumula su entrambi i lati.<\/p>\n<h3 class=\"wp-block-heading\" id=\"ascesso\"><strong>Ascesso<\/strong><\/h3>\n<p>Un ascesso del setto nasale \u00e8 un accumulo di sostanza purulenta sotto la mucosa, pi\u00f9 spesso in corrispondenza della cartilagine del setto. Si manifesta come complicanza di un ematoma nasale non drenato o in seguito a traumi ed interventi intranasali.<\/p>\n<p>In assenza di trattamento, l\u2019infiammazione purulenta si diffonde pi\u00f9 in profondit\u00e0. La cartilagine, privata di nutrimento e in un ambiente purulento, si degrada rapidamente per effetto della condrolisi. Le complicanze della patologia includono lo sviluppo di una perforazione del setto nasale, la deformazione della parte posteriore del naso (la sua depressione) e la diffusione dell\u2019infiammazione all\u2019area periorbitale e alle strutture intracerebrali.<\/p>\n<h3 class=\"wp-block-heading\" id=\"perforazione\"><strong>Perforazione<\/strong><\/h3>\n<p>Quando il setto nasale \u00e8 perforato, sono interessate le parti anteriori nell\u2019area della cartilagine settale e del plesso di Kiesselbach. Nel sito dell\u2019ulcerazione della mucosa, si forma una perforazione nell\u2019area della cartilagine, che aumenta di dimensioni nel tempo. Lungo i bordi della perforazione possono formarsi delle granulazioni. <\/p>\n<p>La presenza della perforazione modifica il naturale flusso d\u2019aria laminare, trasformandolo in un flusso d\u2019aria turbolento. Ci\u00f2 porta alla secchezza della mucosa, alla formazione di croste e ad una ventilazione compromessa della cavit\u00e0 nasale e dei seni paranasali.<\/p>\n<p>Le perforazioni sono classificate in base alle loro dimensioni. La dimensione della perforazione influisce sulle strategie terapeutiche e sulla prognosi. <\/p>\n<figure class=\"wp-block-table table-to-cards\">\n<table class=\"has-fixed-layout\">\n<thead>\n<tr>\n<th class=\"has-text-align-center\" data-align=\"center\"><strong>Tipo di perforazione<\/strong><\/th>\n<th class=\"has-text-align-center\" data-align=\"center\"><strong>Dimensione della perforazione (diametro)<\/strong><\/th>\n<\/tr>\n<\/thead>\n<tbody>\n<tr>\n<td class=\"has-text-align-center\" data-align=\"center\"><strong>Perforazioni piccole<\/strong><\/td>\n<td class=\"has-text-align-center\" data-align=\"center\">fino a 0,5 cm<\/td>\n<\/tr>\n<tr>\n<td class=\"has-text-align-center\" data-align=\"center\"><strong>Perforazioni medie<\/strong><\/td>\n<td class=\"has-text-align-center\" data-align=\"center\">da 0,5 a 2 cm<\/td>\n<\/tr>\n<tr>\n<td class=\"has-text-align-center\" data-align=\"center\"><strong>Perforazioni grandi<\/strong><\/td>\n<td class=\"has-text-align-center\" data-align=\"center\">>2 cm<\/td>\n<\/tr>\n<\/tbody>\n<\/table>\n<\/figure>\n<h2 class=\"wp-block-heading\" id=\"presentazione-clinica\"><strong>Presentazione clinica<\/strong><\/h2>\n<p>I sintomi dipendono dal tipo di patologia e dallo stadio del processo.<\/p>\n<ol class=\"wp-block-list\">\n<li><strong>L\u2019ematoma \u00e8 una massa moderatamente dolorosa o indolore<\/strong>. Quando \u00e8 piccolo, la respirazione nasale rimane invariata e la condizione passa inosservata. Il contenuto pu\u00f2 degradarsi spontaneamente. Tuttavia, senza un trattamento adeguato, l\u2019ematoma spesso si infetta e sviluppa un ascesso del setto nasale con una chiara presentazione clinica. In presenza di ematomi bilaterali o di grandi dimensioni, la respirazione nasale diventa difficile.<\/li>\n<li><strong>Un ascesso del setto nasale presenta sintomi distintivi<\/strong>:\n<ul class=\"wp-block-list\">\n<li>Lamento di dolore nasale intenso;<\/li>\n<li>Difficolt\u00e0 nella respirazione nasale sul lato della lesione;<\/li>\n<li>Brividi, debolezza, mal di testa e aumento della temperatura corporea.<\/li>\n<\/ul>\n<\/li>\n<li><strong>Una perforazione<\/strong><strong> si forma tramite atrofia<\/strong>:\n<ul class=\"wp-block-list\">\n<li>Secchezza nella cavit\u00e0 nasale con formazione di croste;<\/li>\n<li>Percezione olfattiva ridotta;<\/li>\n<li>Epistassi ricorrenti;<\/li>\n<li>Possibile fischio nel naso durante la respirazione (in caso di difetti di piccole dimensioni).<\/li>\n<\/ul>\n<\/li>\n<\/ol>\n<h2 class=\"wp-block-heading\" id=\"diagnosi\"><strong>Diagnosi<\/strong><\/h2>\n<p>Una storia clinica accurata e un esame di routine mediante rinoscopia anteriore sono sufficienti per chiarire la diagnosi in questo gruppo di malattie.<\/p>\n<ul class=\"wp-block-list\">\n<li>Se necessario, viene eseguita un\u2019endoscopia della cavit\u00e0 nasale.<\/li>\n<li>Per valutare lo stato delle strutture ossee ed escludere complicanze intracraniche, \u00e8 possibile eseguire una TAC massiccio facciale.<\/li>\n<li>Se sono presenti sia ematomi che ascessi, \u00e8 possibile eseguire una puntura diagnostica e terapeutica. Il prelievo di sangue conferma la diagnosi di ematoma del setto nasale, mentre il prelievo di pus indica un ascesso del setto nasale.<\/li>\n<\/ul>\n<h2 class=\"wp-block-heading\" id=\"trattamento-delle-patologie-del-setto-nasale\"><strong>Trattamento delle patologie del setto nasale<\/strong><\/h2>\n<p>Le tattiche terapeutiche sono determinate dal tipo di processo patologico e mirano ad evacuare il contenuto, prevenire complicanze purulente e ripristinare l\u2019integrit\u00e0 delle strutture nasali.<\/p>\n<h3 class=\"wp-block-heading\" id=\"trattamento-degli-ematomi-del-setto-nasale\"><strong>Trattamento degli ematomi del setto nasale<\/strong><\/h3>\n<p>L\u2019ematoma del setto nasale viene perforato con un ago per aspirarne il contenuto, quindi viene eseguito un tamponamento anteriore stretto per fissare e innestare la mucosa alle strutture sottostanti. Quando indicato, viene prescritta una terapia antibatterica orale e vengono applicate soluzioni antisettiche alla medicazione nasale per prevenire complicanze purulente.<\/p>\n<h3 class=\"wp-block-heading\" id=\"trattamento-degli-ascessi-del-setto-nasale\"><strong>Trattamento degli ascessi del setto nasale<\/strong><\/h3>\n<p>In caso di ascessi del setto nasale, si ricorre esclusivamente al trattamento chirurgico. Viene praticata un\u2019ampia incisione della mucosa nel punto in cui il gonfiore \u00e8 pi\u00f9 evidente e vengono rimossi i contenuti patologici.<\/p>\n<ul class=\"wp-block-list\">\n<li>La cavit\u00e0 che ne risulta viene lavata con soluzioni antisettiche, viene installato un drenaggio e quindi la cavit\u00e0 nasale viene tamponata.<\/li>\n<li>La terapia antibatterica orale viene prescritta in base alla sensibilit\u00e0 del paziente. Vengono eseguite medicazioni regolari con sostituzione del drenaggio.<\/li>\n<li>In caso di ascessi bilaterali, l\u2019incisione della mucosa deve essere eseguita su entrambi i lati, ma non simmetricamente, al fine di prevenire la formazione di una perforazione del setto nasale. <\/li>\n<\/ul>\n<h3 class=\"wp-block-heading\" id=\"trattamento-delle-perforazioni-del-setto-nasale\"><strong>Trattamento delle perforazioni del setto nasale<\/strong><\/h3>\n<p>La chiusura di una perforazione del setto nasale \u00e8 attualmente un intervento complesso di chirurgia nasale. Per ottenere il miglior risultato possibile, la prima cosa da fare \u00e8 quella di identificare la causa della perforazione e cercare di eliminarla o ridurla al minimo.<\/p>\n<p><strong>1. Terapia non chirurgica<\/strong><strong><br \/><\/strong><\/p>\n<p>Per ridurre le manifestazioni cliniche, si raccomanda di inumidire regolarmente la cavit\u00e0 nasale con soluzioni saline e ammorbidire le croste con unguenti. In questo modo si cerca di prevenire l\u2019ingrandimento della perforazione ma non la si chiude. Gli impianti in silicone vengono anche inseriti nel sito della perforazione. Tuttavia, a volte contribuiscono ad aumentarne le dimensioni.<\/p>\n<p><strong>2. Trattamento chirurgico<\/strong><strong><br \/><\/strong><\/p>\n<p>La rinoplastica<strong><\/strong>della perforazione del setto nasale viene eseguita utilizzando cartilagine autologa e membrana mucosa su un peduncolo vascolare. I tessuti vengono quindi fissati con delle protezioni nasali fino alla guarigione. <\/p>\n<p>Tuttavia, anche con la correzione chirurgica, attualmente \u00e8 raro riuscire ad eliminare completamente il difetto. In alcuni casi, gli interventi chirurgici possono addirittura contribuire a ingrandire la perforazione. <\/p>\n<div>\n<h2 class=\"faq-title h2-article\" id=\"faq\">FAQ<\/h2>\n<div class=\"faq-section\">\n<div class=\"faq-item faq-answer-hidden\">\n<div class=\"question-block\">\n<div class=\"faq-question\">\n<p class=\" text-black h5-title\">1. Perch\u00e9 il setto nasale fa male?<\/p>\n<\/div>\n<div class=\"faq-answer text-main-text-color main-text-medium\">Il dolore \u00e8 spesso causato da processi infiammatori, come un ematoma infetto o un ascesso che si sviluppa nel setto nasale. Il dolore che aumenta quando si preme la punta del naso \u00e8 un sintomo allarmante che richiede una visita dall\u2019otorinolaringoiatra.<\/div>\n<\/div>\n<div class=\"expand-button-wrapper\"><button class=\"text-accent expand-button\">+<\/button><\/div>\n<\/div>\n<div class=\"faq-item faq-answer-hidden\">\n<div class=\"question-block\">\n<div class=\"faq-question\">\n<p class=\" text-black h5-title\">2. Qual \u00e8 la differenza tra un ematoma e un ascesso del setto nasale?<\/p>\n<\/div>\n<div class=\"faq-answer text-main-text-color main-text-medium\">Un ematoma \u00e8 un accumulo di sangue tra la mucosa e la cartilagine del setto nasale che si verifica in seguito ad un trauma. Un ascesso \u00e8 un accumulo di pus, sempre tra la cartilagine del setto nasale e la mucosa. Con il passare del tempo, la cartilagine pu\u00f2 degradarsi. Un ascesso \u00e8 molto pi\u00f9 grave e pu\u00f2 causare febbre alta e dolore intenso.<\/div>\n<\/div>\n<div class=\"expand-button-wrapper\"><button class=\"text-accent expand-button\">+<\/button><\/div>\n<\/div>\n<div class=\"faq-item faq-answer-hidden\">\n<div class=\"question-block\">\n<div class=\"faq-question\">\n<p class=\" text-black h5-title\">3. Quali sono i rischi di una perforazione del setto nasale?<\/p>\n<\/div>\n<div class=\"faq-answer text-main-text-color main-text-medium\">Oltre al disagio (causato ad esempio dal fischio durante la respirazione e dalla formazione di croste), altera l\u2019aerodinamica del naso, causando sinusite cronica e rinite atrofica. Quando si rompe un grande volume di cartilagine, pu\u00f2 capitare che il naso si deformi (naso a sella).<\/div>\n<\/div>\n<div class=\"expand-button-wrapper\"><button class=\"text-accent expand-button\">+<\/button><\/div>\n<\/div>\n<div class=\"faq-item faq-answer-hidden\">\n<div class=\"question-block\">\n<div class=\"faq-question\">\n<p class=\" text-black h5-title\">4. Le perforazioni influiscono sulla forma del naso?<\/p>\n<\/div>\n<div class=\"faq-answer text-main-text-color main-text-medium\">Le piccole perforazioni di solito non influiscono sulla forma. Tuttavia, le perforazioni di grandi dimensioni (in particolare dopo un ascesso) privano la parte posteriore del naso del suo sostegno, il che pu\u00f2 causarne l\u2019avvallamento e la deformazione \u201ca sella\u201d.<\/div>\n<\/div>\n<div class=\"expand-button-wrapper\"><button class=\"text-accent expand-button\">+<\/button><\/div>\n<\/div>\n<div class=\"faq-item faq-answer-hidden\">\n<div class=\"question-block\">\n<div class=\"faq-question\">\n<p class=\" text-black h5-title\">5. Le perforazioni del setto nasale possono guarire?<\/p>\n<\/div>\n<div class=\"faq-answer text-main-text-color main-text-medium\">Una perforazione del setto nasale non guarisce da s\u00e9. Il tessuto cartilagineo non ha un buon apporto sanguigno e non si rigenera. Senza trattamento, i margini della perforazione si epitelizzano e la perforazione rimane permanente, talvolta ampliandosi nel tempo.<\/div>\n<\/div>\n<div class=\"expand-button-wrapper\"><button class=\"text-accent expand-button\">+<\/button><\/div>\n<\/div>\n<\/div>\n<\/div>\n<div class=\"sources-list-block sources-list-hidden\" id=\"bibliografia\">\n<div class=\"sources-list-content\">\n<div class=\"sources-list-title\">\n<p class=\"small-text-bold text-black sources-list-title-text\">Bibliografia<\/p>\n<div class=\"sources-expand-button-wrapper-mobile\">\n<div class=\"sources-expand-button\"><svg width=\"32\" height=\"32\" viewbox=\"0 0 32 32\" fill=\"none\" xmlns=\"http:\/\/www.w3.org\/2000\/svg\"><path d=\"M8 12L16 20L24 12\" stroke=\"#8C9AAB\" stroke-width=\"2\" stroke-linecap=\"round\" stroke-linejoin=\"round\"><\/path><\/svg><\/div>\n<\/div>\n<\/div>\n<div class=\"sources-list-items\">\n<div class=\"source-item\">\n<p class=\"main-text-semibold text-black\">1.<\/p>\n<div class=\"source-item-content\">\n<p class=\"main-text-semibold text-black\"><cite>Catalogo VOKA. [Risorsa elettronica].<\/cite><\/p>\n<p><span class=\"small-text-medium text-grey\">https:\/\/catalog.voka.io\/ <\/span><\/div>\n<\/div>\n<div class=\"source-item\">\n<p class=\"main-text-semibold text-black\">2.<\/p>\n<div class=\"source-item-content\">\n<p class=\"main-text-semibold text-black\"><cite>Total Otolaryngology\u2014Head and Neck Surgery (Otorinolaringoiatria totale: chirurgia della testa e del collo), Anthony P. Sclafani, Robin A. Dyleski, Michael J. Pitman, Stimson P. Schantz. Thieme Medical Publishers, Inc., 2015. ISBN 978-1-60406-646-3.<\/cite><\/p>\n<\/div>\n<\/div>\n<div class=\"source-item\">\n<p class=\"main-text-semibold text-black\">3.<\/p>\n<div class=\"source-item-content\">\n<p class=\"main-text-semibold text-black\"><cite>\u0411\u0435\u0440\u0431\u043e\u043c \u0425. \u0411\u043e\u043b\u0435\u0437\u043d\u0438 \u0443\u0445\u0430, \u0433\u043e\u0440\u043b\u0430 \u0438 \u043d\u043e\u0441\u0430 \/ \u0425\u0430\u043d\u0441 \u0411\u0435\u0440\u0431\u043e\u043c, \u041e\u043b\u0438\u0432\u0435\u0440 \u041a\u0430\u0448\u043a\u0435, \u0422\u0430\u0434\u0435\u0443\u0441 \u041d\u0430\u0432\u043a\u0430, \u042d\u043d\u0434\u0440\u044e \u0421\u0432\u0438\u0444\u0442; \u043f\u0435\u0440. \u0441 \u0430\u043d\u0433\u043b. \u2013 2-\u0435 \u0438\u0437\u0434. \u2013 \u041c. : \u041c\u0415\u0414\u043f\u0440\u0435c\u0441-\u0438\u043d\u0444\u043e\u0440\u043c, 2016. \u2013 776 \u0441. : \u0438\u043b. ISBN 978-5-00030- 322-1.<\/cite><\/p>\n<\/div>\n<\/div>\n<div class=\"source-item\">\n<p class=\"main-text-semibold text-black\">4.<\/p>\n<div class=\"source-item-content\">\n<p class=\"main-text-semibold text-black\"><cite>Gupta G, Mahajan K. Nasal Septal Hematoma. 2023 Aug 8. In: StatPearls [Internet]. Treasure Island (FL): StatPearls Publishing; 2025 Jan\u2013. [Al Aboud DM, Gossman W. Wood\u2019s Light (Luce di Wood). 2023 Aug 28. In: StatPearls [Internet]. Treasure Island (FL): StatPearls Publishing; 2025 Jan\u2013. PMID: 30725878.]. PMID: 29261856.<\/cite><\/p>\n<\/div>\n<\/div>\n<div class=\"source-item\">\n<p class=\"main-text-semibold text-black\">5.<\/p>\n<div class=\"source-item-content\">\n<p class=\"main-text-semibold text-black\"><cite>Zielnik-Jurkiewicz B, Olszewska-Sosi\u0144ska O, Rapiejko P. Leczenie pourazowych krwiak\u00f3w i ropni przegrody nosa u dzieci [Treatment of the nasal septal hematoma and abscess in children]. Otolaryngol Pol. 2008;62(1):71-5. Polish. doi: 10.1016\/S0030-6657(08)70212-9. PMID: 18637425.<\/cite><\/p>\n<\/div>\n<\/div>\n<div class=\"source-item\">\n<p class=\"main-text-semibold text-black\">6.<\/p>\n<div class=\"source-item-content\">\n<p class=\"main-text-semibold text-black\"><cite>Nanu DP, Adelsberg D, Nguyen SA, Radulovich NP, Carr MM. Unmasking Nasal Septal Hematoma\/Abscess: A Systematic Review and Meta-analysis. OTO Open. 2024 Oct 8;8(4):e174. doi: 10.1002\/oto2.174. PMID: 39381799; PMCID: PMC11460746.<\/cite><\/p>\n<\/div>\n<\/div>\n<div class=\"source-item\">\n<p class=\"main-text-semibold text-black\">7.<\/p>\n<div class=\"source-item-content\">\n<p class=\"main-text-semibold text-black\"><cite>Shaari AL, Patil D, Youssef V, Bebawy G, Shaari DS, Schwartz C, Eloy JA. Nasal Septal Abscesses: A Systematic Review. J Craniofac Surg. 2025 Jan 3. doi: 10.1097\/SCS.0000000000011029. Epub ahead of print. PMID: 39750551.<\/cite><\/p>\n<\/div>\n<\/div>\n<div class=\"source-item\">\n<p class=\"main-text-semibold text-black\">8.<\/p>\n<div class=\"source-item-content\">\n<p class=\"main-text-semibold text-black\"><cite>Lanier B, Kai G, Marple B, Wall GM. Pathophysiology and progression of nasal septal perforation. Ann Allergy Asthma Immunol. 2007 Dec;99(6):473-9; quiz 480-1, 521. doi: 10.1016\/S1081-1206(10)60373-0. PMID: 18219827.<\/cite><\/p>\n<\/div>\n<\/div>\n<div class=\"source-item\">\n<p class=\"main-text-semibold text-black\">9.<\/p>\n<div class=\"source-item-content\">\n<p class=\"main-text-semibold text-black\"><cite>Downs BW, Sauder HM. Septal Perforation. 2023 Jul 31. In: StatPearls [Internet]. Treasure Island (FL): StatPearls Publishing; 2025 Jan\u2013. [Al Aboud DM, Gossman W. Wood\u2019s Light (Luce di Wood). 2023 Aug 28. In: StatPearls [Internet]. Treasure Island (FL): StatPearls Publishing; 2025 Jan\u2013. PMID: 30725878.]. PMID: 30725893.<\/cite><\/p>\n<\/div>\n<\/div>\n<\/div>\n<\/div>\n<div class=\"sources-expand-button-wrapper\">\n<div class=\"sources-expand-button\"><svg width=\"32\" height=\"32\" viewbox=\"0 0 32 32\" fill=\"none\" xmlns=\"http:\/\/www.w3.org\/2000\/svg\"><path d=\"M8 12L16 20L24 12\" stroke=\"#8C9AAB\" stroke-width=\"2\" stroke-linecap=\"round\" stroke-linejoin=\"round\"><\/path><\/svg><\/div>\n<\/div>\n<\/div>\n","protected":false},"excerpt":{"rendered":"<p>Il setto nasale \u00e8 una lamina osteo-cartilaginea che divide la cavit\u00e0 nasale in due met\u00e0. I suoi mutamenti patologici, quali ematomi, ascessi o perforazioni del setto nasale, sono gravi complicanze di traumi o infezioni. Tali condizioni richiedono una diagnosi tempestiva perch\u00e9 possono portare a gravi conseguenze, tra cui una deformazione irreversibile del naso. Classificazione delle [&hellip;]<\/p>\n","protected":false},"author":4,"featured_media":0,"template":"","diseases_category":[361],"class_list":["post-2293","diseases_post","type-diseases_post","status-publish","hentry","diseases_category-otorinolaringoiatria"],"acf":[],"yoast_head":"<!-- This site is optimized with the Yoast SEO Premium plugin v25.0 (Yoast SEO v26.5) - https:\/\/yoast.com\/wordpress\/plugins\/seo\/ -->\n<title>Ematomi, ascessi e perforazioni del setto nasale: sintomi e trattamento<\/title>\n<meta name=\"description\" content=\"Patologie post-traumatiche del setto nasale: ematomi, ascessi e perforazioni. Scopri l&#039;eziologia, la presentazione clinica, le tattiche di intervento chirurgico e le difficolt\u00e0 nella chiusura della perforazione.\" \/>\n<meta name=\"robots\" content=\"noindex, follow, max-snippet:-1, max-image-preview:large, max-video-preview:-1\" \/>\n<meta property=\"og:locale\" content=\"it_IT\" \/>\n<meta property=\"og:type\" content=\"article\" \/>\n<meta property=\"og:title\" content=\"Malattie post-traumatiche del setto nasale: diagnosi e trattamento di ematomi, ascessi e perforazioni\" \/>\n<meta property=\"og:description\" content=\"Patologie post-traumatiche del setto nasale: ematomi, ascessi e perforazioni. Scopri l&#039;eziologia, la presentazione clinica, le tattiche di intervento chirurgico e le difficolt\u00e0 nella chiusura della perforazione.\" \/>\n<meta property=\"og:url\" content=\"https:\/\/wiki.dev.voka.io\/it\/malattie\/otorinolaringoiatria\/malattie-post-traumatiche-del-setto-nasale\/\" \/>\n<meta property=\"og:site_name\" content=\"Voka Wiki\" \/>\n<meta property=\"article:publisher\" content=\"https:\/\/www.facebook.com\/VOKA3DAnatomyAndPathology\/\" \/>\n<meta property=\"article:modified_time\" content=\"2025-12-23T13:01:21+00:00\" \/>\n<meta property=\"og:image\" content=\"https:\/\/storage.googleapis.com\/dev_wiki_voka_io_303011\/articles\/en\/otorhinolaryngology\/post-traumatic-diseases-nasal-septum\/nasal-septal-hematoma.webp\" \/>\n<meta name=\"twitter:card\" content=\"summary_large_image\" \/>\n<meta name=\"twitter:label1\" content=\"Tempo di lettura stimato\" \/>\n\t<meta name=\"twitter:data1\" content=\"6 minuti\" \/>\n<script type=\"application\/ld+json\" class=\"yoast-schema-graph\">{\"@context\":\"https:\/\/schema.org\",\"@graph\":[{\"@type\":\"Article\",\"@id\":\"https:\/\/wiki.dev.voka.io\/it\/malattie\/otorinolaringoiatria\/malattie-post-traumatiche-del-setto-nasale\/#article\",\"isPartOf\":{\"@id\":\"https:\/\/wiki.dev.voka.io\/it\/malattie\/otorinolaringoiatria\/malattie-post-traumatiche-del-setto-nasale\/\"},\"author\":{\"name\":\"Danata A.\",\"@id\":\"https:\/\/wiki.dev.voka.io\/it\/#\/schema\/person\/75a01428a2e97375c0facaaeba432542\"},\"headline\":\"Malattie post-traumatiche del setto nasale: diagnosi e trattamento di ematomi, ascessi e perforazioni\",\"datePublished\":\"2025-12-23T13:01:17+00:00\",\"dateModified\":\"2025-12-23T13:01:21+00:00\",\"mainEntityOfPage\":{\"@id\":\"https:\/\/wiki.dev.voka.io\/it\/malattie\/otorinolaringoiatria\/malattie-post-traumatiche-del-setto-nasale\/\"},\"wordCount\":1225,\"publisher\":{\"@id\":\"https:\/\/wiki.dev.voka.io\/it\/#organization\"},\"image\":{\"@id\":\"https:\/\/wiki.dev.voka.io\/it\/malattie\/otorinolaringoiatria\/malattie-post-traumatiche-del-setto-nasale\/#primaryimage\"},\"thumbnailUrl\":\"https:\/\/storage.googleapis.com\/dev_wiki_voka_io_303011\/articles\/en\/otorhinolaryngology\/post-traumatic-diseases-nasal-septum\/nasal-septal-hematoma.webp\",\"inLanguage\":\"it-IT\"},{\"@type\":\"WebPage\",\"@id\":\"https:\/\/wiki.dev.voka.io\/it\/malattie\/otorinolaringoiatria\/malattie-post-traumatiche-del-setto-nasale\/\",\"url\":\"https:\/\/wiki.dev.voka.io\/it\/malattie\/otorinolaringoiatria\/malattie-post-traumatiche-del-setto-nasale\/\",\"name\":\"Ematomi, ascessi e perforazioni del setto nasale: sintomi e trattamento\",\"isPartOf\":{\"@id\":\"https:\/\/wiki.dev.voka.io\/it\/#website\"},\"primaryImageOfPage\":{\"@id\":\"https:\/\/wiki.dev.voka.io\/it\/malattie\/otorinolaringoiatria\/malattie-post-traumatiche-del-setto-nasale\/#primaryimage\"},\"image\":{\"@id\":\"https:\/\/wiki.dev.voka.io\/it\/malattie\/otorinolaringoiatria\/malattie-post-traumatiche-del-setto-nasale\/#primaryimage\"},\"thumbnailUrl\":\"https:\/\/storage.googleapis.com\/dev_wiki_voka_io_303011\/articles\/en\/otorhinolaryngology\/post-traumatic-diseases-nasal-septum\/nasal-septal-hematoma.webp\",\"datePublished\":\"2025-12-23T13:01:17+00:00\",\"dateModified\":\"2025-12-23T13:01:21+00:00\",\"description\":\"Patologie post-traumatiche del setto nasale: ematomi, ascessi e perforazioni. Scopri l'eziologia, la presentazione clinica, le tattiche di intervento chirurgico e le difficolt\u00e0 nella chiusura della perforazione.\",\"breadcrumb\":{\"@id\":\"https:\/\/wiki.dev.voka.io\/it\/malattie\/otorinolaringoiatria\/malattie-post-traumatiche-del-setto-nasale\/#breadcrumb\"},\"inLanguage\":\"it-IT\",\"potentialAction\":[{\"@type\":\"ReadAction\",\"target\":[\"https:\/\/wiki.dev.voka.io\/it\/malattie\/otorinolaringoiatria\/malattie-post-traumatiche-del-setto-nasale\/\"]}]},{\"@type\":\"ImageObject\",\"inLanguage\":\"it-IT\",\"@id\":\"https:\/\/wiki.dev.voka.io\/it\/malattie\/otorinolaringoiatria\/malattie-post-traumatiche-del-setto-nasale\/#primaryimage\",\"url\":\"https:\/\/storage.googleapis.com\/dev_wiki_voka_io_303011\/articles\/en\/otorhinolaryngology\/post-traumatic-diseases-nasal-septum\/nasal-septal-hematoma.webp\",\"contentUrl\":\"https:\/\/storage.googleapis.com\/dev_wiki_voka_io_303011\/articles\/en\/otorhinolaryngology\/post-traumatic-diseases-nasal-septum\/nasal-septal-hematoma.webp\"},{\"@type\":\"BreadcrumbList\",\"@id\":\"https:\/\/wiki.dev.voka.io\/it\/malattie\/otorinolaringoiatria\/malattie-post-traumatiche-del-setto-nasale\/#breadcrumb\",\"itemListElement\":[{\"@type\":\"ListItem\",\"position\":1,\"name\":\"Home\",\"item\":\"https:\/\/wiki.dev.voka.io\/it\/\"},{\"@type\":\"ListItem\",\"position\":2,\"name\":\"Otorinolaringoiatria\",\"item\":\"https:\/\/wiki.dev.voka.io\/it\/malattie\/otorinolaringoiatria\/\"},{\"@type\":\"ListItem\",\"position\":3,\"name\":\"Malattie post-traumatiche del setto nasale: diagnosi e trattamento di ematomi, ascessi e perforazioni\"}]},{\"@type\":\"WebSite\",\"@id\":\"https:\/\/wiki.dev.voka.io\/it\/#website\",\"url\":\"https:\/\/wiki.dev.voka.io\/it\/\",\"name\":\"Voka Wiki\",\"description\":\"\",\"publisher\":{\"@id\":\"https:\/\/wiki.dev.voka.io\/it\/#organization\"},\"alternateName\":\"Anatomy & Pathology Wiki by VOKA\",\"potentialAction\":[{\"@type\":\"SearchAction\",\"target\":{\"@type\":\"EntryPoint\",\"urlTemplate\":\"https:\/\/wiki.dev.voka.io\/it\/?s={search_term_string}\"},\"query-input\":{\"@type\":\"PropertyValueSpecification\",\"valueRequired\":true,\"valueName\":\"search_term_string\"}}],\"inLanguage\":\"it-IT\"},{\"@type\":\"Organization\",\"@id\":\"https:\/\/wiki.dev.voka.io\/it\/#organization\",\"name\":\"Voka 3D Anatomy & Pathology\",\"alternateName\":\"VOKA\",\"url\":\"https:\/\/wiki.dev.voka.io\/it\/\",\"logo\":{\"@type\":\"ImageObject\",\"inLanguage\":\"it-IT\",\"@id\":\"https:\/\/wiki.dev.voka.io\/it\/#\/schema\/logo\/image\/\",\"url\":\"https:\/\/wiki.dev.voka.io\/wp-content\/uploads\/2025\/02\/cropped-voka-logo-1.png\",\"contentUrl\":\"https:\/\/wiki.dev.voka.io\/wp-content\/uploads\/2025\/02\/cropped-voka-logo-1.png\",\"width\":70,\"height\":16,\"caption\":\"Voka 3D Anatomy & Pathology\"},\"image\":{\"@id\":\"https:\/\/wiki.dev.voka.io\/it\/#\/schema\/logo\/image\/\"},\"sameAs\":[\"https:\/\/www.facebook.com\/VOKA3DAnatomyAndPathology\/\",\"https:\/\/www.instagram.com\/voka.io\/\",\"https:\/\/www.linkedin.com\/company\/voka-io\/\",\"https:\/\/www.youtube.com\/channel\/UCqGGuOEpr62ScH8Pjk2q5zw\/videos\",\"https:\/\/www.pinterest.com\/VokaAnatomyPro\/\",\"https:\/\/www.threads.com\/@voka.io\"],\"description\":\"VOKA.io offers 3D medical animations and custom 3D modeling services. Our product, VOKA 3D Anatomy & Pathology, is a digital atlas with over 1,000 detailed 3D models of human anatomy and pathology, designed for medical education, training, and patient communication.\",\"email\":\"info@voka.io\",\"telephone\":\"+1 814 351 4442\",\"legalName\":\"Voka 3D Anatomy & Pathology\",\"foundingDate\":\"2017-02-12\",\"naics\":\"541512\",\"numberOfEmployees\":{\"@type\":\"QuantitativeValue\",\"minValue\":\"51\",\"maxValue\":\"200\"},\"publishingPrinciples\":\"https:\/\/wiki.voka.io\/it\/principi-editoriali\/\"},{\"@type\":\"Person\",\"@id\":\"https:\/\/wiki.dev.voka.io\/it\/#\/schema\/person\/75a01428a2e97375c0facaaeba432542\",\"name\":\"Danata A.\",\"image\":{\"@type\":\"ImageObject\",\"inLanguage\":\"it-IT\",\"@id\":\"https:\/\/wiki.dev.voka.io\/it\/#\/schema\/person\/image\/\",\"url\":\"https:\/\/secure.gravatar.com\/avatar\/17b61e87bc892ef9555b6080655463c63eb46025ed870850eaa2472678817ed6?s=96&d=mm&r=g\",\"contentUrl\":\"https:\/\/secure.gravatar.com\/avatar\/17b61e87bc892ef9555b6080655463c63eb46025ed870850eaa2472678817ed6?s=96&d=mm&r=g\",\"caption\":\"Danata A.\"}}]}<\/script>\n<!-- \/ Yoast SEO Premium plugin. -->","yoast_head_json":{"title":"Ematomi, ascessi e perforazioni del setto nasale: sintomi e trattamento","description":"Patologie post-traumatiche del setto nasale: ematomi, ascessi e perforazioni. Scopri l'eziologia, la presentazione clinica, le tattiche di intervento chirurgico e le difficolt\u00e0 nella chiusura della perforazione.","robots":{"index":"noindex","follow":"follow","max-snippet":"max-snippet:-1","max-image-preview":"max-image-preview:large","max-video-preview":"max-video-preview:-1"},"og_locale":"it_IT","og_type":"article","og_title":"Malattie post-traumatiche del setto nasale: diagnosi e trattamento di ematomi, ascessi e perforazioni","og_description":"Patologie post-traumatiche del setto nasale: ematomi, ascessi e perforazioni. Scopri l'eziologia, la presentazione clinica, le tattiche di intervento chirurgico e le difficolt\u00e0 nella chiusura della perforazione.","og_url":"https:\/\/wiki.dev.voka.io\/it\/malattie\/otorinolaringoiatria\/malattie-post-traumatiche-del-setto-nasale\/","og_site_name":"Voka Wiki","article_publisher":"https:\/\/www.facebook.com\/VOKA3DAnatomyAndPathology\/","article_modified_time":"2025-12-23T13:01:21+00:00","og_image":[{"url":"https:\/\/storage.googleapis.com\/dev_wiki_voka_io_303011\/articles\/en\/otorhinolaryngology\/post-traumatic-diseases-nasal-septum\/nasal-septal-hematoma.webp","type":"","width":"","height":""}],"twitter_card":"summary_large_image","twitter_misc":{"Tempo di lettura stimato":"6 minuti"},"schema":{"@context":"https:\/\/schema.org","@graph":[{"@type":"Article","@id":"https:\/\/wiki.dev.voka.io\/it\/malattie\/otorinolaringoiatria\/malattie-post-traumatiche-del-setto-nasale\/#article","isPartOf":{"@id":"https:\/\/wiki.dev.voka.io\/it\/malattie\/otorinolaringoiatria\/malattie-post-traumatiche-del-setto-nasale\/"},"author":{"name":"Danata A.","@id":"https:\/\/wiki.dev.voka.io\/it\/#\/schema\/person\/75a01428a2e97375c0facaaeba432542"},"headline":"Malattie post-traumatiche del setto nasale: diagnosi e trattamento di ematomi, ascessi e perforazioni","datePublished":"2025-12-23T13:01:17+00:00","dateModified":"2025-12-23T13:01:21+00:00","mainEntityOfPage":{"@id":"https:\/\/wiki.dev.voka.io\/it\/malattie\/otorinolaringoiatria\/malattie-post-traumatiche-del-setto-nasale\/"},"wordCount":1225,"publisher":{"@id":"https:\/\/wiki.dev.voka.io\/it\/#organization"},"image":{"@id":"https:\/\/wiki.dev.voka.io\/it\/malattie\/otorinolaringoiatria\/malattie-post-traumatiche-del-setto-nasale\/#primaryimage"},"thumbnailUrl":"https:\/\/storage.googleapis.com\/dev_wiki_voka_io_303011\/articles\/en\/otorhinolaryngology\/post-traumatic-diseases-nasal-septum\/nasal-septal-hematoma.webp","inLanguage":"it-IT"},{"@type":"WebPage","@id":"https:\/\/wiki.dev.voka.io\/it\/malattie\/otorinolaringoiatria\/malattie-post-traumatiche-del-setto-nasale\/","url":"https:\/\/wiki.dev.voka.io\/it\/malattie\/otorinolaringoiatria\/malattie-post-traumatiche-del-setto-nasale\/","name":"Ematomi, ascessi e perforazioni del setto nasale: sintomi e trattamento","isPartOf":{"@id":"https:\/\/wiki.dev.voka.io\/it\/#website"},"primaryImageOfPage":{"@id":"https:\/\/wiki.dev.voka.io\/it\/malattie\/otorinolaringoiatria\/malattie-post-traumatiche-del-setto-nasale\/#primaryimage"},"image":{"@id":"https:\/\/wiki.dev.voka.io\/it\/malattie\/otorinolaringoiatria\/malattie-post-traumatiche-del-setto-nasale\/#primaryimage"},"thumbnailUrl":"https:\/\/storage.googleapis.com\/dev_wiki_voka_io_303011\/articles\/en\/otorhinolaryngology\/post-traumatic-diseases-nasal-septum\/nasal-septal-hematoma.webp","datePublished":"2025-12-23T13:01:17+00:00","dateModified":"2025-12-23T13:01:21+00:00","description":"Patologie post-traumatiche del setto nasale: ematomi, ascessi e perforazioni. Scopri l'eziologia, la presentazione clinica, le tattiche di intervento chirurgico e le difficolt\u00e0 nella chiusura della perforazione.","breadcrumb":{"@id":"https:\/\/wiki.dev.voka.io\/it\/malattie\/otorinolaringoiatria\/malattie-post-traumatiche-del-setto-nasale\/#breadcrumb"},"inLanguage":"it-IT","potentialAction":[{"@type":"ReadAction","target":["https:\/\/wiki.dev.voka.io\/it\/malattie\/otorinolaringoiatria\/malattie-post-traumatiche-del-setto-nasale\/"]}]},{"@type":"ImageObject","inLanguage":"it-IT","@id":"https:\/\/wiki.dev.voka.io\/it\/malattie\/otorinolaringoiatria\/malattie-post-traumatiche-del-setto-nasale\/#primaryimage","url":"https:\/\/storage.googleapis.com\/dev_wiki_voka_io_303011\/articles\/en\/otorhinolaryngology\/post-traumatic-diseases-nasal-septum\/nasal-septal-hematoma.webp","contentUrl":"https:\/\/storage.googleapis.com\/dev_wiki_voka_io_303011\/articles\/en\/otorhinolaryngology\/post-traumatic-diseases-nasal-septum\/nasal-septal-hematoma.webp"},{"@type":"BreadcrumbList","@id":"https:\/\/wiki.dev.voka.io\/it\/malattie\/otorinolaringoiatria\/malattie-post-traumatiche-del-setto-nasale\/#breadcrumb","itemListElement":[{"@type":"ListItem","position":1,"name":"Home","item":"https:\/\/wiki.dev.voka.io\/it\/"},{"@type":"ListItem","position":2,"name":"Otorinolaringoiatria","item":"https:\/\/wiki.dev.voka.io\/it\/malattie\/otorinolaringoiatria\/"},{"@type":"ListItem","position":3,"name":"Malattie post-traumatiche del setto nasale: diagnosi e trattamento di ematomi, ascessi e perforazioni"}]},{"@type":"WebSite","@id":"https:\/\/wiki.dev.voka.io\/it\/#website","url":"https:\/\/wiki.dev.voka.io\/it\/","name":"Voka Wiki","description":"","publisher":{"@id":"https:\/\/wiki.dev.voka.io\/it\/#organization"},"alternateName":"Anatomy & Pathology Wiki by VOKA","potentialAction":[{"@type":"SearchAction","target":{"@type":"EntryPoint","urlTemplate":"https:\/\/wiki.dev.voka.io\/it\/?s={search_term_string}"},"query-input":{"@type":"PropertyValueSpecification","valueRequired":true,"valueName":"search_term_string"}}],"inLanguage":"it-IT"},{"@type":"Organization","@id":"https:\/\/wiki.dev.voka.io\/it\/#organization","name":"Voka 3D Anatomy & Pathology","alternateName":"VOKA","url":"https:\/\/wiki.dev.voka.io\/it\/","logo":{"@type":"ImageObject","inLanguage":"it-IT","@id":"https:\/\/wiki.dev.voka.io\/it\/#\/schema\/logo\/image\/","url":"https:\/\/wiki.dev.voka.io\/wp-content\/uploads\/2025\/02\/cropped-voka-logo-1.png","contentUrl":"https:\/\/wiki.dev.voka.io\/wp-content\/uploads\/2025\/02\/cropped-voka-logo-1.png","width":70,"height":16,"caption":"Voka 3D Anatomy & Pathology"},"image":{"@id":"https:\/\/wiki.dev.voka.io\/it\/#\/schema\/logo\/image\/"},"sameAs":["https:\/\/www.facebook.com\/VOKA3DAnatomyAndPathology\/","https:\/\/www.instagram.com\/voka.io\/","https:\/\/www.linkedin.com\/company\/voka-io\/","https:\/\/www.youtube.com\/channel\/UCqGGuOEpr62ScH8Pjk2q5zw\/videos","https:\/\/www.pinterest.com\/VokaAnatomyPro\/","https:\/\/www.threads.com\/@voka.io"],"description":"VOKA.io offers 3D medical animations and custom 3D modeling services. Our product, VOKA 3D Anatomy & Pathology, is a digital atlas with over 1,000 detailed 3D models of human anatomy and pathology, designed for medical education, training, and patient communication.","email":"info@voka.io","telephone":"+1 814 351 4442","legalName":"Voka 3D Anatomy & Pathology","foundingDate":"2017-02-12","naics":"541512","numberOfEmployees":{"@type":"QuantitativeValue","minValue":"51","maxValue":"200"},"publishingPrinciples":"https:\/\/wiki.voka.io\/it\/principi-editoriali\/"},{"@type":"Person","@id":"https:\/\/wiki.dev.voka.io\/it\/#\/schema\/person\/75a01428a2e97375c0facaaeba432542","name":"Danata A.","image":{"@type":"ImageObject","inLanguage":"it-IT","@id":"https:\/\/wiki.dev.voka.io\/it\/#\/schema\/person\/image\/","url":"https:\/\/secure.gravatar.com\/avatar\/17b61e87bc892ef9555b6080655463c63eb46025ed870850eaa2472678817ed6?s=96&d=mm&r=g","contentUrl":"https:\/\/secure.gravatar.com\/avatar\/17b61e87bc892ef9555b6080655463c63eb46025ed870850eaa2472678817ed6?s=96&d=mm&r=g","caption":"Danata A."}}]}},"_links":{"self":[{"href":"https:\/\/wiki.dev.voka.io\/it\/wp-json\/wp\/v2\/diseases_post\/2293","targetHints":{"allow":["GET"]}}],"collection":[{"href":"https:\/\/wiki.dev.voka.io\/it\/wp-json\/wp\/v2\/diseases_post"}],"about":[{"href":"https:\/\/wiki.dev.voka.io\/it\/wp-json\/wp\/v2\/types\/diseases_post"}],"author":[{"embeddable":true,"href":"https:\/\/wiki.dev.voka.io\/it\/wp-json\/wp\/v2\/users\/4"}],"wp:attachment":[{"href":"https:\/\/wiki.dev.voka.io\/it\/wp-json\/wp\/v2\/media?parent=2293"}],"wp:term":[{"taxonomy":"diseases_category","embeddable":true,"href":"https:\/\/wiki.dev.voka.io\/it\/wp-json\/wp\/v2\/diseases_category?post=2293"}],"curies":[{"name":"wp","href":"https:\/\/api.w.org\/{rel}","templated":true}]}}