{"id":1771,"date":"2025-11-13T14:41:24","date_gmt":"2025-11-13T11:41:24","guid":{"rendered":"https:\/\/wiki.dev.voka.io\/diseases\/uncategorized\/deformita-posttraumatiche-del-naso\/"},"modified":"2025-11-13T14:41:33","modified_gmt":"2025-11-13T11:41:33","slug":"deformita-posttraumatiche-del-naso","status":"publish","type":"diseases_post","link":"https:\/\/wiki.dev.voka.io\/it\/malattie\/otorinolaringoiatria\/deformita-posttraumatiche-del-naso\/","title":{"rendered":"Deformit\u00e0 post-traumatiche del naso: classificazione, eziologia, diagnostica e trattamento"},"content":{"rendered":"<p><?xml encoding=\"UTF-8\" ?><\/p>\n<p>Questa sezione comprende le condizioni patologiche che si sviluppano a seguito della compromissione dell\u2019integrit\u00e0 anatomica delle strutture nasali, dovuta a diversi traumi meccanici dei loro tessuti.<\/p>\n<h2 class=\"wp-block-heading\" id=\"classificazione-e-anatomia-delle-deformita-post-traumatiche-del-naso\"><strong>Classificazione e anatomia delle deformit\u00e0 post-traumatiche del naso<\/strong><\/h2>\n<h3 class=\"wp-block-heading\" id=\"sinechie-nasali\"><strong>Sinechie nasali<\/strong><\/h3>\n<p>Le sinechie nasali sono caratterizzate da una proliferazione di tessuto connettivo tra il setto nasale e le strutture della parete laterale del naso (conche nasali), con la formazione di bande che alterano la normale fisiologia nasale. <\/p>\n<figure class=\"wp-block-image size-large\"><img decoding=\"async\" src=\"https:\/\/storage.googleapis.com\/dev_wiki_voka_io_303011\/articles\/en\/otorhinolaryngology\/post-traumatic-nasal-changes\/nasal-cavity-synechiae.webp\" alt=\"Sinechie nasali\"><figcaption class=\"wp-element-caption\">Sinechie nasali \u2013 <a href=\"https:\/\/catalog.voka.io\/en\/models\/8861ee9e-a330-4451-856d-1de6ead27805\/8066b69f-0c3f-4c7c-960f-70699a27ff6c\/da351df0-fd5c-4b1b-82a0-32bdd31cf967\/0ee6b980-e36e-4ddc-85be-f2082809c6d5\" target=\"_blank\" rel=\"noreferrer noopener nofollow\">Modello 3D<\/a><\/figcaption><\/figure>\n<h3 class=\"wp-block-heading\" id=\"atresia-acquisita-delle-coane\"><strong>Atresia acquisita delle coane<\/strong><\/h3>\n<p>L\u2019atresia acquisita delle coane<em><\/em> \u00e8 una condizione in cui si forma una membrana di tessuto connettivo o cartilagineo nella parte posteriore delle cavit\u00e0 nasali, a livello delle coane, che ostacola il passaggio dell\u2019aria dalla parte interessata del naso verso la rinofaringe.<\/p>\n<p>Pu\u00f2 essere unilaterale o bilaterale, nonch\u00e9 parziale (il lume \u00e8 preservato) o totale. Nella maggior parte dei casi, le atresie acquisite sono parziali o unilaterali.<\/p>\n<h3 class=\"wp-block-heading\" id=\"deformita-post-traumatica-del-naso-esterno\"><strong>Deformit\u00e0 post-traumatica del naso esterno <\/strong><\/h3>\n<p>La deformit\u00e0 post-traumatica del naso esterno \u00e8 caratterizzata da un\u2019alterazione dell\u2019anatomia normale dello scheletro nasale (del dorso, della punta o del setto), che interessa le componenti cartilaginee e\/o ossee, e si sviluppa in assenza di un trattamento chirurgico tempestivo e adeguato, ovvero la riduzione delle ossa nasali.<\/p>\n<p>Di conseguenza, il naso pu\u00f2 assumere diverse forme: nella deformit\u00e0 a sella, il dorso del naso appare concavo; nella deformit\u00e0 arcuata (scoliotica), l\u2019asse rettilineo del dorso risulta deviato; nella deformit\u00e0 angolare, invece, si osserva uno spostamento laterale del dorso del naso con asse invariato. <\/p>\n<h2 class=\"wp-block-heading\" id=\"eziologia\"><strong>Eziologia<\/strong><\/h2>\n<p>Ecco alcune cause comuni che possono portare allo sviluppo delle patologie sopra descritte:<\/p>\n<ul class=\"wp-block-list\">\n<li><strong>Lesioni meccaniche.<\/strong> Rappresentano la causa principale. Includono traumi, cadute e incidenti stradali che possono avere conseguenze immediate o ritardate.<\/li>\n<li><strong>Manipolazioni chirurgiche (iatrogenesi):<\/strong>\n<ul class=\"wp-block-list\">\n<li>Interventi chirurgici precedenti nelle fosse nasali (in rari casi), come la settoplastica, la polipectomia o la vasotomia. <\/li>\n<li>Cura post-operatoria inadeguata delle fosse nasali che pu\u00f2 determinare cicatrici durevoli, edema persistente o insorgenza di infezione batterica.<\/li>\n<li>Esecuzione scorretta del tamponamento nasale anteriore che causa una lesione grave della mucosa del naso. <\/li>\n<\/ul>\n<\/li>\n<li><strong>Malattie croniche.<\/strong> Processi infettivi o autoimmuni latenti e persistenti delle fosse nasali possono favorire lo sviluppo delle condizioni patologiche sopra elencate, soprattutto in assenza di una valutazione medica tempestiva. <\/li>\n<\/ul>\n<h3 class=\"wp-block-heading\" id=\"eziologia-delle-sinechie-nasali\"><strong>Eziologia delle sinechie nasali<\/strong><\/h3>\n<p>Ecco le cause principali dello sviluppo di sinechie nasali:<\/p>\n<ul class=\"wp-block-list\">\n<li>Complicazioni post-operatorie;<\/li>\n<li>Lesione alla mucosa;<\/li>\n<li>Malattie autoimmune.<\/li>\n<\/ul>\n<h3 class=\"wp-block-heading\" id=\"eziologia-delle-atresie-acquisite-delle-coane\"><strong>Eziologia delle atresie acquisite delle coane<\/strong><\/h3>\n<p>Le cause predominanti delle atresia acquisite delle coane sono:<\/p>\n<ul class=\"wp-block-list\">\n<li>Traumi estesi dello scheletro facciale;<\/li>\n<li>Ustioni delle vie respiratorie superiori;<\/li>\n<li>Permanenza prolungata del sondino nasogastrico;<\/li>\n<li>Processi autoimmuni.<\/li>\n<\/ul>\n<h3 class=\"wp-block-heading\" id=\"eziologia-delle-deformita-post-traumatiche-del-naso-esterno\"><strong>Eziologia delle deformit\u00e0 post-traumatiche del naso esterno<\/strong><\/h3>\n<p>La deformit\u00e0 post-traumatica del naso esterno si sviluppa a seguito di un trauma meccanico (colpo o caduta) applicato alla regione dello scheletro facciale, con forza e direzione variabili. <\/p>\n<p>Una deformit\u00e0 stabile del naso si sviluppa quando, a seguito di una lesione meccanica, non viene eseguito un intervento di riposizionamento (riduzione) tempestivo delle ossa per diverse ragioni: ritardo nell\u2019esecuzione dell\u2019intervento chirurgico, mancato consenso del paziente o presenza di controindicazioni.<\/p>\n<h2 class=\"wp-block-heading\" id=\"manifestazioni-cliniche\"><strong>Manifestazioni Cliniche <\/strong><\/h2>\n<p>Le <strong>sinechie nasali<\/strong> si caratterizzano per:<\/p>\n<ul class=\"wp-block-list\">\n<li>Disturbi della respirazione e dell\u2019olfatto; <\/li>\n<li>Secchezza e formazione di croste;<\/li>\n<li>Sinusite ricorrente;<\/li>\n<li>Russamento.<\/li>\n<\/ul>\n<p>Le <strong>atresie acquisite delle coane nasali<\/strong><em><\/em> si caratterizzano per:<\/p>\n<ul class=\"wp-block-list\">\n<li>Disturbo respiratorio di vari gradi; <\/li>\n<li>Eliminazione dei grumi di muco; <\/li>\n<li>Disturbo dell\u2019olfatto; <\/li>\n<li>Voce nasale. <\/li>\n<\/ul>\n<p>La <strong>deformit\u00e0 post-traumatica del naso esterno<\/strong> si caratterizza per: <\/p>\n<ul class=\"wp-block-list\">\n<li>Insoddisfazione estetica per la forma del naso;<\/li>\n<li>Disturbo della respirazione nasale. <\/li>\n<\/ul>\n<h2 class=\"wp-block-heading\" id=\"diagnostica-delle-deformita-post-traumatiche-del-naso\"><strong>Diagnostica delle deformit\u00e0 post-traumatiche del naso<\/strong><\/h2>\n<p>Per una diagnosi precisa di questo gruppo di patologie, un\u2019anamnesi dettagliata e un esame obiettivo di routine (rinoscopia) sono sufficienti.<\/p>\n<p>Se necessario, vengono eseguite l\u2019endoscopia delle fosse nasali e la tomografia computerizzata (TC) dello scheletro facciale.<\/p>\n<h2 class=\"wp-block-heading\" id=\"trattamento-delle-deformita-post-traumatiche-del-naso\"><strong>Trattamento delle deformit\u00e0 post-traumatiche del naso<\/strong><\/h2>\n<h3 class=\"wp-block-heading\" id=\"trattamento-delle-sinechie-nasali\"><strong>Trattamento delle sinechie nasali<\/strong><\/h3>\n<p>Le sinechie nasali vengono sezionate mediante l\u2019impiego di diverse tecniche, in base all\u2019attrezzatura disponibile in ospedale e alle preferenze del chirurgo, tra cui: ultrasuono, laser, elettrobisturi a radiofrequenza, bisturi o forbice. <\/p>\n<p>Dopo l\u2019intervento chirurgico, \u00e8 indispensabile attuare misure preventive per evitare la formazione di aderenze. A tal fine, sul setto nasale vengono posizionati protettori in silicone (splint nasali) fino alla completa cicatrizzazione, e viene eseguito un tamponamento con spugne emostatiche per controllare l\u2019emorragia. <\/p>\n<p>Nel periodo postoperatorio, una pulizia regolare delle fosse nasali \u00e8 fondamentale e comprende la rimozione accurata delle croste e l\u2019applicazione di tamponi impregnati di pomata per favorire la guarigione. <\/p>\n<h3 class=\"wp-block-heading\" id=\"trattamento-dell-atresia-acquisita-delle-coane\"><strong>Trattamento dell\u2019atresia acquisita delle coane<\/strong><\/h3>\n<p>Il trattamento dell\u2019atresia nasale acquisita consiste nell\u2019ablazione endoscopica del tessuto patologico e nel ripristino, per quanto possibile, della normale anatomia del naso. Al fine di prevenire la cicatrizzazione, si procede alla posa di tubi in silicone della misura corrispondente alle coane, fino alla completa guarigione (entro un periodo di 3-4 settimane).<\/p>\n<div class=\"social-banner-block\">\n<div class=\"social-banner-content\">\n<p class=\"h5-title text-black\">Scopri altri contenuti scientificamente accurati sui nostri social network<\/p>\n<p><span class=\"social-banner-text text-grey\">Iscriviti e non perdere le ultime risorse<\/span><\/p>\n<div class=\"social-links-wrapper\"><a class=\"social-icon-link\" href=\"https:\/\/www.facebook.com\/VOKA3DAnatomyAndPathology\/\" target=\"_blank\" rel=\"nofollow noopener\"><img decoding=\"async\" src=\"https:\/\/storage.googleapis.com\/dev_wiki_voka_io_303011\/common\/Social%20Icons\/facebook.svg\" alt=\"social link\"><\/a><a class=\"social-icon-link\" href=\"https:\/\/www.instagram.com\/voka.io\/\" target=\"_blank\" rel=\"nofollow noopener\"><img decoding=\"async\" src=\"https:\/\/storage.googleapis.com\/dev_wiki_voka_io_303011\/common\/Social%20Icons\/insta.svg\" alt=\"social link\"><\/a><a class=\"social-icon-link\" href=\"https:\/\/www.linkedin.com\/company\/voka-io\/posts\/?feedView=all\" target=\"_blank\" rel=\"nofollow noopener\"><img decoding=\"async\" src=\"https:\/\/storage.googleapis.com\/dev_wiki_voka_io_303011\/common\/Social%20Icons\/linkedin.svg\" alt=\"social link\"><\/a><a class=\"social-icon-link\" href=\"https:\/\/www.youtube.com\/@vokaio\" target=\"_blank\" rel=\"nofollow noopener\"><img decoding=\"async\" src=\"https:\/\/storage.googleapis.com\/dev_wiki_voka_io_303011\/common\/Social%20Icons\/youtube.svg\" alt=\"social link\"><\/a><a class=\"social-icon-link\" href=\"https:\/\/www.pinterest.com\/voka3danatomyandpathology\/\" target=\"_blank\" rel=\"nofollow noopener\"><img decoding=\"async\" src=\"https:\/\/storage.googleapis.com\/dev_wiki_voka_io_303011\/common\/Social%20Icons\/pinterest.svg\" alt=\"social link\"><\/a><a class=\"social-icon-link\" href=\"https:\/\/www.tiktok.com\/@voka.io\" target=\"_blank\" rel=\"nofollow noopener\"><img decoding=\"async\" src=\"https:\/\/storage.googleapis.com\/dev_wiki_voka_io_303011\/common\/Social%20Icons\/tiktok.svg\" alt=\"social link\"><\/a><a class=\"social-icon-link\" href=\"https:\/\/discord.gg\/7ejUpq8DRR\" target=\"_blank\" rel=\"nofollow noopener\"><img decoding=\"async\" src=\"https:\/\/storage.googleapis.com\/dev_wiki_voka_io_303011\/common\/Social%20Icons\/discord.svg\" alt=\"social link\"><\/a><\/div>\n<\/div>\n<p><img decoding=\"async\" class=\"social-banner-image\" loading=\"lazy\" src=\"https:\/\/storage.googleapis.com\/dev_wiki_voka_io_303011\/common\/social-media-banner-mobile-image.webp\" alt=\"Banner background\"><\/div>\n<h3 class=\"wp-block-heading\" id=\"trattamento-delle-deformita-post-traumatiche-del-naso-esterno\"><strong>Trattamento delle deformit\u00e0 post-traumatiche del naso esterno<\/strong><\/h3>\n<p>Le deformit\u00e0 post-traumatiche del naso esterno vengono corrette mediante rinoplastica o rinosettoplastica, a seconda dell\u2019entit\u00e0 della lesione. <\/p>\n<figure class=\"wp-block-video\" id=\"animazione-3d-rinoplastica-aperta\"><video controls><source data-src=\"https:\/\/storage.googleapis.com\/dev_wiki_voka_io_303011\/articles\/en\/otorhinolaryngology\/post-traumatic-nasal-changes\/open-rhinoplasty.webm\" type=\"video\/webm\"><\/source><\/video><figcaption class=\"wp-element-caption\">Animazione 3D: rinoplastica aperta<\/figcaption><\/figure>\n<div>\n<h2 class=\"faq-title h2-article\" id=\"faq\">FAQ<\/h2>\n<div class=\"faq-section\">\n<div class=\"faq-item faq-answer-hidden\">\n<div class=\"question-block\">\n<div class=\"faq-question\">\n<p class=\" text-black h5-title\">1. Quali sono i tipi principali di deformit\u00e0 post-traumatiche del naso e quali caratteristiche presentano?<\/p>\n<\/div>\n<div class=\"faq-answer text-main-text-color main-text-medium\">Le principali deformit\u00e0 post-traumatiche includono tre patologie. Le sinechie sono aderenze cicatriziali (bande) che si formano tra il setto nasale e le conche nasali. L\u2019atresia acquisita delle coane \u00e8 un\u2019aderenza totale o parziale delle parti posteriori del naso con il tessuto connettivo o cartilagineo. La deformit\u00e0 post-traumatica del naso esterno \u00e8 una modifica stabile della forma del suo scheletro osseo o cartilagineo, come nel caso di una deformit\u00e0 a sella o scoliotica.<\/div>\n<\/div>\n<div class=\"expand-button-wrapper\"><button class=\"text-accent expand-button\">+<\/button><\/div>\n<\/div>\n<div class=\"faq-item faq-answer-hidden\">\n<div class=\"question-block\">\n<div class=\"faq-question\">\n<p class=\" text-black h5-title\">2. Quali sono le cause comuni di sviluppo di tali condizioni?<\/p>\n<\/div>\n<div class=\"faq-answer text-main-text-color main-text-medium\">Nella maggior parte dei casi, la causa \u00e8 attribuibile a un trauma meccanico (colpi, cadute o incidenti stradali) che pu\u00f2 produrre esiti immediati o ritardati. La seconda causa pi\u00f9 comune \u00e8 rappresentata da fattori iatrogeni, ovvero complicazioni postoperatorie nelle fosse nasali. Meno frequentemente, tali deformit\u00e0 derivano da malattie infiammatorie croniche o patologie autoimmuni, come le vasculiti associate ad ANCA.<\/div>\n<\/div>\n<div class=\"expand-button-wrapper\"><button class=\"text-accent expand-button\">+<\/button><\/div>\n<\/div>\n<div class=\"faq-item faq-answer-hidden\">\n<div class=\"question-block\">\n<div class=\"faq-question\">\n<p class=\" text-black h5-title\">3. Quali sono le manifestazioni cliniche in relazione al tipo di deformit\u00e0 post-traumatica?<\/p>\n<\/div>\n<div class=\"faq-answer text-main-text-color main-text-medium\">Il quadro clinico \u00e8 specifico per ogni patologia. Nelle sinechie nasali si osservano ostruzione respiratoria unilaterale, secchezza della mucosa, formazione di croste e sinusiti recidivanti. L\u2019atresia delle coane si caratterizza per un\u2019ostruzione respiratoria nasale, associata a voce nasale (rinolalia chiusa) e accumulo di muco denso. Nel caso di deformit\u00e0 del naso esterno, un elemento chiave \u00e8 l\u2019insoddisfazione estetica del paziente, spesso associata a disturbi respiratori nasali.<\/div>\n<\/div>\n<div class=\"expand-button-wrapper\"><button class=\"text-accent expand-button\">+<\/button><\/div>\n<\/div>\n<div class=\"faq-item faq-answer-hidden\">\n<div class=\"question-block\">\n<div class=\"faq-question\">\n<p class=\" text-black h5-title\">4. Quali sono i principali metodi diagnostici utilizzati per confermare la diagnosi?<\/p>\n<\/div>\n<div class=\"faq-answer text-main-text-color main-text-medium\">La diagnosi si basa sull\u2019anamnesi del paziente, con particolare riferimento a traumi o interventi chirurgici precedenti, e sull\u2019esame obiettivo otorinolaringoiatrico, in particolare la rinoscopia. Per una valutazione precisa dell\u2019estensione delle sinechie o dell\u2019atresia, nonch\u00e9 per la pianificazione di un intervento chirurgico nelle deformit\u00e0 nasali, si ricorre all\u2019endoscopia delle fosse nasali e alla tomografia computerizzata (TC) dello scheletro facciale.<\/div>\n<\/div>\n<div class=\"expand-button-wrapper\"><button class=\"text-accent expand-button\">+<\/button><\/div>\n<\/div>\n<div class=\"faq-item faq-answer-hidden\">\n<div class=\"question-block\">\n<div class=\"faq-question\">\n<p class=\" text-black h5-title\">5. Quali sono i principi di trattamento delle diverse deformit\u00e0 post-traumatiche del naso?<\/p>\n<\/div>\n<div class=\"faq-answer text-main-text-color main-text-medium\">Tutte queste condizioni richiedono un trattamento chirurgico. Le sinechie vengono sezionate mediante laser, elettrobisturi a radiofrequenza o strumenti chirurgici convenzionali. L\u2019atresia delle coane viene trattata per via endoscopica, con escissione della membrana cicatriziale. Le deformit\u00e0 post-traumatiche del naso esterno vengono corrette mediante rinoplastica o rinosettoplastica, con l\u2019obiettivo di ripristinare la forma e la funzionalit\u00e0 del naso.<\/div>\n<\/div>\n<div class=\"expand-button-wrapper\"><button class=\"text-accent expand-button\">+<\/button><\/div>\n<\/div>\n<div class=\"faq-item faq-answer-hidden\">\n<div class=\"question-block\">\n<div class=\"faq-question\">\n<p class=\" text-black h5-title\">6. Come prevenire la recidiva delle sinechie dopo la loro sezione chirurgica?<\/p>\n<\/div>\n<div class=\"faq-answer text-main-text-color main-text-medium\">La prevenzione delle recidive rappresenta la fase cruciale del trattamento. Subito dopo la sezione delle aderenze, al fine di separare meccanicamente le facce della mucosa in fase di guarigione, nelle fosse nasali vengono posizionati protettori in silicone (splint nasali) fino al completamento della cicatrizzazione. Una cura postoperatoria regolare e accurata delle fosse nasali \u00e8 fondamentale.<\/div>\n<\/div>\n<div class=\"expand-button-wrapper\"><button class=\"text-accent expand-button\">+<\/button><\/div>\n<\/div>\n<\/div>\n<\/div>\n<div class=\"sources-list-block sources-list-hidden\" id=\"bibliografia\">\n<div class=\"sources-list-content\">\n<div class=\"sources-list-title\">\n<p class=\"small-text-bold text-black sources-list-title-text\">Bibliografia<\/p>\n<div class=\"sources-expand-button-wrapper-mobile\">\n<div class=\"sources-expand-button\"><svg width=\"32\" height=\"32\" viewbox=\"0 0 32 32\" fill=\"none\" xmlns=\"http:\/\/www.w3.org\/2000\/svg\"><path d=\"M8 12L16 20L24 12\" stroke=\"#8C9AAB\" stroke-width=\"2\" stroke-linecap=\"round\" stroke-linejoin=\"round\"><\/path><\/svg><\/div>\n<\/div>\n<\/div>\n<div class=\"sources-list-items\">\n<div class=\"source-item\">\n<p class=\"main-text-semibold text-black\">1.<\/p>\n<div class=\"source-item-content\">\n<p class=\"main-text-semibold text-black\"><cite>Catalogo VOKA. [Risorsa elettronica].<\/cite><\/p>\n<p><span class=\"small-text-medium text-grey\">https:\/\/catalog.voka.io\/ <\/span><\/div>\n<\/div>\n<div class=\"source-item\">\n<p class=\"main-text-semibold text-black\">2.<\/p>\n<div class=\"source-item-content\">\n<p class=\"main-text-semibold text-black\"><cite>Sclafani, A. P., Dyleski, R. A., Pitman, M. J., & Schantz, S. P. (2015). Total otolaryngology\u2014Head and neck surgery. Thieme Medical Publishers, Inc. ISBN 978-1-60406-646-3. [Sclafani, A. P., Dyleski, R. A., Pitman, M. J., & Schantz, S. P. (2015). Total otolaryngology\u2014Head and neck surgery (Otorinolaringoiatria totale \u2014 Chirurgia della testa e del collo). Thieme Medical Publishers, Inc. ISBN 978-1-60406-646-3.]<\/cite><\/p>\n<\/div>\n<\/div>\n<div class=\"source-item\">\n<p class=\"main-text-semibold text-black\">3.<\/p>\n<div class=\"source-item-content\">\n<p class=\"main-text-semibold text-black\"><cite>\u0411\u0435\u0440\u0431\u043e\u043c \u0425., \u041a\u0430\u0448\u043a\u0435 \u041e., \u041d\u0430\u0432\u043a\u0430 \u0422., \u0421\u0432\u0438\u0444\u0442 \u042d. \u0411\u043e\u043b\u0435\u0437\u043d\u0438 \u0443\u0445\u0430, \u0433\u043e\u0440\u043b\u0430 \u0438 \u043d\u043e\u0441\u0430 \/ \u0425\u0430\u043d\u0441 \u0411\u0435\u0440\u0431\u043e\u043c, \u041e\u043b\u0438\u0432\u0435\u0440 \u041a\u0430\u0448\u043a\u0435, \u0422\u0430\u0434\u0435\u0443\u0441 \u041d\u0430\u0432\u043a\u0430, \u042d\u043d\u0434\u0440\u044e \u0421\u0432\u0438\u0444\u0442 ; \u043f\u0435\u0440. \u0441 \u0430\u043d\u0433\u043b. \u2013 2-\u0435 \u0438\u0437\u0434. \u2013 \u041c. : \u041c\u0415\u0414\u043f\u0440\u0435\u0441\u0441-\u0438\u043d\u0444\u043e\u0440\u043c, 2016. \u2013 776 \u0441. : \u0438\u043b. ISBN 978-5-00030-322-1. [Berbom K., Kashke O., Navka T., Swift E. Bolezni ukha, gorla i nosa (Malattie dell\u2019orecchio, della gola e del naso) \/ Khans Berbom, Oliver Kashke, Tadeus Navka, Endriu Svift ; per. s angl. \u2018- ed. 2 \u2013 M. : MEDpress-inform, 2016. \u2013 776 p. : ill. ISBN 978-5-00030-322-1]. <\/cite><\/p>\n<\/div>\n<\/div>\n<div class=\"source-item\">\n<p class=\"main-text-semibold text-black\">4.<\/p>\n<div class=\"source-item-content\">\n<p class=\"main-text-semibold text-black\"><cite>St\u0119pi\u0144ski, M. J., & Banaszewski, J. (2023). Intranasal synechiae as complications of rhinosurgical treatment \u2014 A review of current knowledge. Journal of Clinical Medicine, 12(21), 6831. PMID: 37959296; PMCID: PMC10648208. [Stempinski, M. J., Banascevski, J. (2023). Intranasal synechiae as complications of rhinosurgical treatment \u2014 A review of current knowledge (Sinechie intranasali come complicazioni del trattamento rinochirurgico: una rassegna delle conoscenze attuali) Rivista di medicina clinica, 12(21), 6831. PMID: 37959296; PMCID: PMC10648208.].<\/cite><\/p>\n<p><span class=\"small-text-medium text-grey\">https:\/\/doi.org\/10.3390\/jcm12216831 <\/span><\/div>\n<\/div>\n<div class=\"source-item\">\n<p class=\"main-text-semibold text-black\">5.<\/p>\n<div class=\"source-item-content\">\n<p class=\"main-text-semibold text-black\"><cite>Karpishchenko S.A., Vereshchagina O.E., Teplova E.O. Dvustoronnyaya sinekhial\u2019naya obstruktsiya polosti nosa [Bilateral synechiae obstruction of the nasal cavity]. Vestn Otorinolaringol, 2020, vol. 85, no. 4, pp. 80\u201384. DOI: 10.17116\/otorino20208504180. PMID: 32885643. (In Russian). [Karpiscienko S.A., Veresciaghina O.E., Teplova E.O. Dvustoronnyaya sinekhial\u2019naya obstruktsiya polosti nosa [Bilateral synechiae obstruction of the nasal cavity] (Ostruzione bilaterale delle cavit\u00e0 nasali dovuta a sinechie). Vestn Otorinolaringol, 2020, vol. 85, n. 4, pp. 80\u201384. DOI: 10.17116\/otorino20208504180. PMID: 32885643. (In russo).].<br \/>\n] <\/cite><\/p>\n<\/div>\n<\/div>\n<div class=\"source-item\">\n<p class=\"main-text-semibold text-black\">6.<\/p>\n<div class=\"source-item-content\">\n<p class=\"main-text-semibold text-black\"><cite>Ku PK, Tong MC, Tsang SS, van Hasselt A. Acquired posterior choanal stenosis and atresia: management of this unusual complication after radiotherapy for nasopharyngeal carcinoma. Am J Otolaryngol. 2001 Jul-Aug;22(4):225-9. doi: 10.1053\/ajot.2001.24816. PMID: 11464317. [Ku PK, Tong MC, Tsang SS, van Hasselt A. Acquired posterior choanal stenosis and atresia: management of this unusual complication after radiotherapy for nasopharyngeal carcinoma (Stenosi e atresia delle coane posteriore acquisita: gestione di questa compliazione insolita dopo radioterapia per carcinoma rinofaringeo). Am J Otolaryngol. 2001 Jul-Aug;22(4):225-9. doi: 10.1053\/ajot.2001.24816. PMID: 11464317.]<\/cite><\/p>\n<\/div>\n<\/div>\n<\/div>\n<\/div>\n<div class=\"sources-expand-button-wrapper\">\n<div class=\"sources-expand-button\"><svg width=\"32\" height=\"32\" viewbox=\"0 0 32 32\" fill=\"none\" xmlns=\"http:\/\/www.w3.org\/2000\/svg\"><path d=\"M8 12L16 20L24 12\" stroke=\"#8C9AAB\" stroke-width=\"2\" stroke-linecap=\"round\" stroke-linejoin=\"round\"><\/path><\/svg><\/div>\n<\/div>\n<\/div>\n","protected":false},"excerpt":{"rendered":"<p>Questa sezione comprende le condizioni patologiche che si sviluppano a seguito della compromissione dell&#8217;integrit\u00e0 anatomica delle strutture nasali, dovuta a diversi traumi meccanici dei loro tessuti. Classificazione e anatomia delle deformit\u00e0 post-traumatiche del naso Sinechie nasali Le sinechie nasali sono caratterizzate da una proliferazione di tessuto connettivo tra il setto nasale e le strutture della [&hellip;]<\/p>\n","protected":false},"author":4,"featured_media":0,"template":"","diseases_category":[361],"class_list":["post-1771","diseases_post","type-diseases_post","status-publish","hentry","diseases_category-otorinolaringoiatria"],"acf":[],"yoast_head":"<!-- This site is optimized with the Yoast SEO Premium plugin v25.0 (Yoast SEO v26.5) - https:\/\/yoast.com\/wordpress\/plugins\/seo\/ -->\n<title>Deformit\u00e0 post-traumatiche del naso: classificazione, cause, sintomi, diagnostica e trattamento<\/title>\n<meta name=\"description\" content=\"Classificazione delle deformit\u00e0 post-traumatiche del naso. L&#039;articolo analizza le sinechie, l&#039;atresia acquisita delle coane, le deformit\u00e0 del naso esterno e gli approcci diagnostici e terapeutici.\" \/>\n<meta name=\"robots\" content=\"noindex, follow, max-snippet:-1, max-image-preview:large, max-video-preview:-1\" \/>\n<meta property=\"og:locale\" content=\"it_IT\" \/>\n<meta property=\"og:type\" content=\"article\" \/>\n<meta property=\"og:title\" content=\"Deformit\u00e0 post-traumatiche del naso: classificazione, eziologia, diagnostica e trattamento\" \/>\n<meta property=\"og:description\" content=\"Classificazione delle deformit\u00e0 post-traumatiche del naso. L&#039;articolo analizza le sinechie, l&#039;atresia acquisita delle coane, le deformit\u00e0 del naso esterno e gli approcci diagnostici e terapeutici.\" \/>\n<meta property=\"og:url\" content=\"https:\/\/wiki.dev.voka.io\/it\/malattie\/otorinolaringoiatria\/deformita-posttraumatiche-del-naso\/\" \/>\n<meta property=\"og:site_name\" content=\"Voka Wiki\" \/>\n<meta property=\"article:publisher\" content=\"https:\/\/www.facebook.com\/VOKA3DAnatomyAndPathology\/\" \/>\n<meta property=\"article:modified_time\" content=\"2025-11-13T11:41:33+00:00\" \/>\n<meta property=\"og:image\" content=\"https:\/\/storage.googleapis.com\/dev_wiki_voka_io_303011\/articles\/en\/otorhinolaryngology\/post-traumatic-nasal-changes\/nasal-cavity-synechiae.webp\" \/>\n<meta name=\"twitter:card\" content=\"summary_large_image\" \/>\n<meta name=\"twitter:label1\" content=\"Tempo di lettura stimato\" \/>\n\t<meta name=\"twitter:data1\" content=\"4 minuti\" \/>\n<script type=\"application\/ld+json\" class=\"yoast-schema-graph\">{\"@context\":\"https:\/\/schema.org\",\"@graph\":[{\"@type\":\"Article\",\"@id\":\"https:\/\/wiki.dev.voka.io\/it\/malattie\/otorinolaringoiatria\/deformita-posttraumatiche-del-naso\/#article\",\"isPartOf\":{\"@id\":\"https:\/\/wiki.dev.voka.io\/it\/malattie\/otorinolaringoiatria\/deformita-posttraumatiche-del-naso\/\"},\"author\":{\"name\":\"Danata A.\",\"@id\":\"https:\/\/wiki.dev.voka.io\/it\/#\/schema\/person\/75a01428a2e97375c0facaaeba432542\"},\"headline\":\"Deformit\u00e0 post-traumatiche del naso: classificazione, eziologia, diagnostica e trattamento\",\"datePublished\":\"2025-11-13T11:41:24+00:00\",\"dateModified\":\"2025-11-13T11:41:33+00:00\",\"mainEntityOfPage\":{\"@id\":\"https:\/\/wiki.dev.voka.io\/it\/malattie\/otorinolaringoiatria\/deformita-posttraumatiche-del-naso\/\"},\"wordCount\":809,\"publisher\":{\"@id\":\"https:\/\/wiki.dev.voka.io\/it\/#organization\"},\"image\":{\"@id\":\"https:\/\/wiki.dev.voka.io\/it\/malattie\/otorinolaringoiatria\/deformita-posttraumatiche-del-naso\/#primaryimage\"},\"thumbnailUrl\":\"https:\/\/storage.googleapis.com\/dev_wiki_voka_io_303011\/articles\/en\/otorhinolaryngology\/post-traumatic-nasal-changes\/nasal-cavity-synechiae.webp\",\"inLanguage\":\"it-IT\"},{\"@type\":\"WebPage\",\"@id\":\"https:\/\/wiki.dev.voka.io\/it\/malattie\/otorinolaringoiatria\/deformita-posttraumatiche-del-naso\/\",\"url\":\"https:\/\/wiki.dev.voka.io\/it\/malattie\/otorinolaringoiatria\/deformita-posttraumatiche-del-naso\/\",\"name\":\"Deformit\u00e0 post-traumatiche del naso: classificazione, cause, sintomi, diagnostica e trattamento\",\"isPartOf\":{\"@id\":\"https:\/\/wiki.dev.voka.io\/it\/#website\"},\"primaryImageOfPage\":{\"@id\":\"https:\/\/wiki.dev.voka.io\/it\/malattie\/otorinolaringoiatria\/deformita-posttraumatiche-del-naso\/#primaryimage\"},\"image\":{\"@id\":\"https:\/\/wiki.dev.voka.io\/it\/malattie\/otorinolaringoiatria\/deformita-posttraumatiche-del-naso\/#primaryimage\"},\"thumbnailUrl\":\"https:\/\/storage.googleapis.com\/dev_wiki_voka_io_303011\/articles\/en\/otorhinolaryngology\/post-traumatic-nasal-changes\/nasal-cavity-synechiae.webp\",\"datePublished\":\"2025-11-13T11:41:24+00:00\",\"dateModified\":\"2025-11-13T11:41:33+00:00\",\"description\":\"Classificazione delle deformit\u00e0 post-traumatiche del naso. L'articolo analizza le sinechie, l'atresia acquisita delle coane, le deformit\u00e0 del naso esterno e gli approcci diagnostici e terapeutici.\",\"breadcrumb\":{\"@id\":\"https:\/\/wiki.dev.voka.io\/it\/malattie\/otorinolaringoiatria\/deformita-posttraumatiche-del-naso\/#breadcrumb\"},\"inLanguage\":\"it-IT\",\"potentialAction\":[{\"@type\":\"ReadAction\",\"target\":[\"https:\/\/wiki.dev.voka.io\/it\/malattie\/otorinolaringoiatria\/deformita-posttraumatiche-del-naso\/\"]}]},{\"@type\":\"ImageObject\",\"inLanguage\":\"it-IT\",\"@id\":\"https:\/\/wiki.dev.voka.io\/it\/malattie\/otorinolaringoiatria\/deformita-posttraumatiche-del-naso\/#primaryimage\",\"url\":\"https:\/\/storage.googleapis.com\/dev_wiki_voka_io_303011\/articles\/en\/otorhinolaryngology\/post-traumatic-nasal-changes\/nasal-cavity-synechiae.webp\",\"contentUrl\":\"https:\/\/storage.googleapis.com\/dev_wiki_voka_io_303011\/articles\/en\/otorhinolaryngology\/post-traumatic-nasal-changes\/nasal-cavity-synechiae.webp\"},{\"@type\":\"BreadcrumbList\",\"@id\":\"https:\/\/wiki.dev.voka.io\/it\/malattie\/otorinolaringoiatria\/deformita-posttraumatiche-del-naso\/#breadcrumb\",\"itemListElement\":[{\"@type\":\"ListItem\",\"position\":1,\"name\":\"Home\",\"item\":\"https:\/\/wiki.dev.voka.io\/it\/\"},{\"@type\":\"ListItem\",\"position\":2,\"name\":\"Otorinolaringoiatria\",\"item\":\"https:\/\/wiki.dev.voka.io\/it\/malattie\/otorinolaringoiatria\/\"},{\"@type\":\"ListItem\",\"position\":3,\"name\":\"Deformit\u00e0 post-traumatiche del naso: classificazione, eziologia, diagnostica e trattamento\"}]},{\"@type\":\"WebSite\",\"@id\":\"https:\/\/wiki.dev.voka.io\/it\/#website\",\"url\":\"https:\/\/wiki.dev.voka.io\/it\/\",\"name\":\"Voka Wiki\",\"description\":\"\",\"publisher\":{\"@id\":\"https:\/\/wiki.dev.voka.io\/it\/#organization\"},\"alternateName\":\"Anatomy & Pathology Wiki by VOKA\",\"potentialAction\":[{\"@type\":\"SearchAction\",\"target\":{\"@type\":\"EntryPoint\",\"urlTemplate\":\"https:\/\/wiki.dev.voka.io\/it\/?s={search_term_string}\"},\"query-input\":{\"@type\":\"PropertyValueSpecification\",\"valueRequired\":true,\"valueName\":\"search_term_string\"}}],\"inLanguage\":\"it-IT\"},{\"@type\":\"Organization\",\"@id\":\"https:\/\/wiki.dev.voka.io\/it\/#organization\",\"name\":\"Voka 3D Anatomy & Pathology\",\"alternateName\":\"VOKA\",\"url\":\"https:\/\/wiki.dev.voka.io\/it\/\",\"logo\":{\"@type\":\"ImageObject\",\"inLanguage\":\"it-IT\",\"@id\":\"https:\/\/wiki.dev.voka.io\/it\/#\/schema\/logo\/image\/\",\"url\":\"https:\/\/wiki.dev.voka.io\/wp-content\/uploads\/2025\/02\/cropped-voka-logo-1.png\",\"contentUrl\":\"https:\/\/wiki.dev.voka.io\/wp-content\/uploads\/2025\/02\/cropped-voka-logo-1.png\",\"width\":70,\"height\":16,\"caption\":\"Voka 3D Anatomy & Pathology\"},\"image\":{\"@id\":\"https:\/\/wiki.dev.voka.io\/it\/#\/schema\/logo\/image\/\"},\"sameAs\":[\"https:\/\/www.facebook.com\/VOKA3DAnatomyAndPathology\/\",\"https:\/\/www.instagram.com\/voka.io\/\",\"https:\/\/www.linkedin.com\/company\/voka-io\/\",\"https:\/\/www.youtube.com\/channel\/UCqGGuOEpr62ScH8Pjk2q5zw\/videos\",\"https:\/\/www.pinterest.com\/VokaAnatomyPro\/\",\"https:\/\/www.threads.com\/@voka.io\"],\"description\":\"VOKA.io offers 3D medical animations and custom 3D modeling services. Our product, VOKA 3D Anatomy & Pathology, is a digital atlas with over 1,000 detailed 3D models of human anatomy and pathology, designed for medical education, training, and patient communication.\",\"email\":\"info@voka.io\",\"telephone\":\"+1 814 351 4442\",\"legalName\":\"Voka 3D Anatomy & Pathology\",\"foundingDate\":\"2017-02-12\",\"naics\":\"541512\",\"numberOfEmployees\":{\"@type\":\"QuantitativeValue\",\"minValue\":\"51\",\"maxValue\":\"200\"},\"publishingPrinciples\":\"https:\/\/wiki.voka.io\/it\/principi-editoriali\/\"},{\"@type\":\"Person\",\"@id\":\"https:\/\/wiki.dev.voka.io\/it\/#\/schema\/person\/75a01428a2e97375c0facaaeba432542\",\"name\":\"Danata A.\",\"image\":{\"@type\":\"ImageObject\",\"inLanguage\":\"it-IT\",\"@id\":\"https:\/\/wiki.dev.voka.io\/it\/#\/schema\/person\/image\/\",\"url\":\"https:\/\/secure.gravatar.com\/avatar\/17b61e87bc892ef9555b6080655463c63eb46025ed870850eaa2472678817ed6?s=96&d=mm&r=g\",\"contentUrl\":\"https:\/\/secure.gravatar.com\/avatar\/17b61e87bc892ef9555b6080655463c63eb46025ed870850eaa2472678817ed6?s=96&d=mm&r=g\",\"caption\":\"Danata A.\"}}]}<\/script>\n<!-- \/ Yoast SEO Premium plugin. -->","yoast_head_json":{"title":"Deformit\u00e0 post-traumatiche del naso: classificazione, cause, sintomi, diagnostica e trattamento","description":"Classificazione delle deformit\u00e0 post-traumatiche del naso. L'articolo analizza le sinechie, l'atresia acquisita delle coane, le deformit\u00e0 del naso esterno e gli approcci diagnostici e terapeutici.","robots":{"index":"noindex","follow":"follow","max-snippet":"max-snippet:-1","max-image-preview":"max-image-preview:large","max-video-preview":"max-video-preview:-1"},"og_locale":"it_IT","og_type":"article","og_title":"Deformit\u00e0 post-traumatiche del naso: classificazione, eziologia, diagnostica e trattamento","og_description":"Classificazione delle deformit\u00e0 post-traumatiche del naso. L'articolo analizza le sinechie, l'atresia acquisita delle coane, le deformit\u00e0 del naso esterno e gli approcci diagnostici e terapeutici.","og_url":"https:\/\/wiki.dev.voka.io\/it\/malattie\/otorinolaringoiatria\/deformita-posttraumatiche-del-naso\/","og_site_name":"Voka Wiki","article_publisher":"https:\/\/www.facebook.com\/VOKA3DAnatomyAndPathology\/","article_modified_time":"2025-11-13T11:41:33+00:00","og_image":[{"url":"https:\/\/storage.googleapis.com\/dev_wiki_voka_io_303011\/articles\/en\/otorhinolaryngology\/post-traumatic-nasal-changes\/nasal-cavity-synechiae.webp","type":"","width":"","height":""}],"twitter_card":"summary_large_image","twitter_misc":{"Tempo di lettura stimato":"4 minuti"},"schema":{"@context":"https:\/\/schema.org","@graph":[{"@type":"Article","@id":"https:\/\/wiki.dev.voka.io\/it\/malattie\/otorinolaringoiatria\/deformita-posttraumatiche-del-naso\/#article","isPartOf":{"@id":"https:\/\/wiki.dev.voka.io\/it\/malattie\/otorinolaringoiatria\/deformita-posttraumatiche-del-naso\/"},"author":{"name":"Danata A.","@id":"https:\/\/wiki.dev.voka.io\/it\/#\/schema\/person\/75a01428a2e97375c0facaaeba432542"},"headline":"Deformit\u00e0 post-traumatiche del naso: classificazione, eziologia, diagnostica e trattamento","datePublished":"2025-11-13T11:41:24+00:00","dateModified":"2025-11-13T11:41:33+00:00","mainEntityOfPage":{"@id":"https:\/\/wiki.dev.voka.io\/it\/malattie\/otorinolaringoiatria\/deformita-posttraumatiche-del-naso\/"},"wordCount":809,"publisher":{"@id":"https:\/\/wiki.dev.voka.io\/it\/#organization"},"image":{"@id":"https:\/\/wiki.dev.voka.io\/it\/malattie\/otorinolaringoiatria\/deformita-posttraumatiche-del-naso\/#primaryimage"},"thumbnailUrl":"https:\/\/storage.googleapis.com\/dev_wiki_voka_io_303011\/articles\/en\/otorhinolaryngology\/post-traumatic-nasal-changes\/nasal-cavity-synechiae.webp","inLanguage":"it-IT"},{"@type":"WebPage","@id":"https:\/\/wiki.dev.voka.io\/it\/malattie\/otorinolaringoiatria\/deformita-posttraumatiche-del-naso\/","url":"https:\/\/wiki.dev.voka.io\/it\/malattie\/otorinolaringoiatria\/deformita-posttraumatiche-del-naso\/","name":"Deformit\u00e0 post-traumatiche del naso: classificazione, cause, sintomi, diagnostica e trattamento","isPartOf":{"@id":"https:\/\/wiki.dev.voka.io\/it\/#website"},"primaryImageOfPage":{"@id":"https:\/\/wiki.dev.voka.io\/it\/malattie\/otorinolaringoiatria\/deformita-posttraumatiche-del-naso\/#primaryimage"},"image":{"@id":"https:\/\/wiki.dev.voka.io\/it\/malattie\/otorinolaringoiatria\/deformita-posttraumatiche-del-naso\/#primaryimage"},"thumbnailUrl":"https:\/\/storage.googleapis.com\/dev_wiki_voka_io_303011\/articles\/en\/otorhinolaryngology\/post-traumatic-nasal-changes\/nasal-cavity-synechiae.webp","datePublished":"2025-11-13T11:41:24+00:00","dateModified":"2025-11-13T11:41:33+00:00","description":"Classificazione delle deformit\u00e0 post-traumatiche del naso. L'articolo analizza le sinechie, l'atresia acquisita delle coane, le deformit\u00e0 del naso esterno e gli approcci diagnostici e terapeutici.","breadcrumb":{"@id":"https:\/\/wiki.dev.voka.io\/it\/malattie\/otorinolaringoiatria\/deformita-posttraumatiche-del-naso\/#breadcrumb"},"inLanguage":"it-IT","potentialAction":[{"@type":"ReadAction","target":["https:\/\/wiki.dev.voka.io\/it\/malattie\/otorinolaringoiatria\/deformita-posttraumatiche-del-naso\/"]}]},{"@type":"ImageObject","inLanguage":"it-IT","@id":"https:\/\/wiki.dev.voka.io\/it\/malattie\/otorinolaringoiatria\/deformita-posttraumatiche-del-naso\/#primaryimage","url":"https:\/\/storage.googleapis.com\/dev_wiki_voka_io_303011\/articles\/en\/otorhinolaryngology\/post-traumatic-nasal-changes\/nasal-cavity-synechiae.webp","contentUrl":"https:\/\/storage.googleapis.com\/dev_wiki_voka_io_303011\/articles\/en\/otorhinolaryngology\/post-traumatic-nasal-changes\/nasal-cavity-synechiae.webp"},{"@type":"BreadcrumbList","@id":"https:\/\/wiki.dev.voka.io\/it\/malattie\/otorinolaringoiatria\/deformita-posttraumatiche-del-naso\/#breadcrumb","itemListElement":[{"@type":"ListItem","position":1,"name":"Home","item":"https:\/\/wiki.dev.voka.io\/it\/"},{"@type":"ListItem","position":2,"name":"Otorinolaringoiatria","item":"https:\/\/wiki.dev.voka.io\/it\/malattie\/otorinolaringoiatria\/"},{"@type":"ListItem","position":3,"name":"Deformit\u00e0 post-traumatiche del naso: classificazione, eziologia, diagnostica e trattamento"}]},{"@type":"WebSite","@id":"https:\/\/wiki.dev.voka.io\/it\/#website","url":"https:\/\/wiki.dev.voka.io\/it\/","name":"Voka Wiki","description":"","publisher":{"@id":"https:\/\/wiki.dev.voka.io\/it\/#organization"},"alternateName":"Anatomy & Pathology Wiki by VOKA","potentialAction":[{"@type":"SearchAction","target":{"@type":"EntryPoint","urlTemplate":"https:\/\/wiki.dev.voka.io\/it\/?s={search_term_string}"},"query-input":{"@type":"PropertyValueSpecification","valueRequired":true,"valueName":"search_term_string"}}],"inLanguage":"it-IT"},{"@type":"Organization","@id":"https:\/\/wiki.dev.voka.io\/it\/#organization","name":"Voka 3D Anatomy & Pathology","alternateName":"VOKA","url":"https:\/\/wiki.dev.voka.io\/it\/","logo":{"@type":"ImageObject","inLanguage":"it-IT","@id":"https:\/\/wiki.dev.voka.io\/it\/#\/schema\/logo\/image\/","url":"https:\/\/wiki.dev.voka.io\/wp-content\/uploads\/2025\/02\/cropped-voka-logo-1.png","contentUrl":"https:\/\/wiki.dev.voka.io\/wp-content\/uploads\/2025\/02\/cropped-voka-logo-1.png","width":70,"height":16,"caption":"Voka 3D Anatomy & Pathology"},"image":{"@id":"https:\/\/wiki.dev.voka.io\/it\/#\/schema\/logo\/image\/"},"sameAs":["https:\/\/www.facebook.com\/VOKA3DAnatomyAndPathology\/","https:\/\/www.instagram.com\/voka.io\/","https:\/\/www.linkedin.com\/company\/voka-io\/","https:\/\/www.youtube.com\/channel\/UCqGGuOEpr62ScH8Pjk2q5zw\/videos","https:\/\/www.pinterest.com\/VokaAnatomyPro\/","https:\/\/www.threads.com\/@voka.io"],"description":"VOKA.io offers 3D medical animations and custom 3D modeling services. Our product, VOKA 3D Anatomy & Pathology, is a digital atlas with over 1,000 detailed 3D models of human anatomy and pathology, designed for medical education, training, and patient communication.","email":"info@voka.io","telephone":"+1 814 351 4442","legalName":"Voka 3D Anatomy & Pathology","foundingDate":"2017-02-12","naics":"541512","numberOfEmployees":{"@type":"QuantitativeValue","minValue":"51","maxValue":"200"},"publishingPrinciples":"https:\/\/wiki.voka.io\/it\/principi-editoriali\/"},{"@type":"Person","@id":"https:\/\/wiki.dev.voka.io\/it\/#\/schema\/person\/75a01428a2e97375c0facaaeba432542","name":"Danata A.","image":{"@type":"ImageObject","inLanguage":"it-IT","@id":"https:\/\/wiki.dev.voka.io\/it\/#\/schema\/person\/image\/","url":"https:\/\/secure.gravatar.com\/avatar\/17b61e87bc892ef9555b6080655463c63eb46025ed870850eaa2472678817ed6?s=96&d=mm&r=g","contentUrl":"https:\/\/secure.gravatar.com\/avatar\/17b61e87bc892ef9555b6080655463c63eb46025ed870850eaa2472678817ed6?s=96&d=mm&r=g","caption":"Danata A."}}]}},"_links":{"self":[{"href":"https:\/\/wiki.dev.voka.io\/it\/wp-json\/wp\/v2\/diseases_post\/1771","targetHints":{"allow":["GET"]}}],"collection":[{"href":"https:\/\/wiki.dev.voka.io\/it\/wp-json\/wp\/v2\/diseases_post"}],"about":[{"href":"https:\/\/wiki.dev.voka.io\/it\/wp-json\/wp\/v2\/types\/diseases_post"}],"author":[{"embeddable":true,"href":"https:\/\/wiki.dev.voka.io\/it\/wp-json\/wp\/v2\/users\/4"}],"wp:attachment":[{"href":"https:\/\/wiki.dev.voka.io\/it\/wp-json\/wp\/v2\/media?parent=1771"}],"wp:term":[{"taxonomy":"diseases_category","embeddable":true,"href":"https:\/\/wiki.dev.voka.io\/it\/wp-json\/wp\/v2\/diseases_category?post=1771"}],"curies":[{"name":"wp","href":"https:\/\/api.w.org\/{rel}","templated":true}]}}