{"id":1757,"date":"2025-11-13T14:41:36","date_gmt":"2025-11-13T11:41:36","guid":{"rendered":"https:\/\/wiki.dev.voka.io\/?post_type=diseases_post&#038;p=1757"},"modified":"2025-11-13T14:41:45","modified_gmt":"2025-11-13T11:41:45","slug":"deformita-nasali-esterne","status":"publish","type":"diseases_post","link":"https:\/\/wiki.dev.voka.io\/it\/malattie\/otorinolaringoiatria\/deformita-nasali-esterne\/","title":{"rendered":"Deformit\u00e0 nasale esterna: classificazione, eziologia, anatomia e trattamento"},"content":{"rendered":"<p><?xml encoding=\"UTF-8\" ?><\/p>\n<p>Le alterazioni della forma del naso esterno possono essere associate a un difetto congenito o acquisito del naso esterno. Questi cambiamenti possono causare insoddisfazione estetica o persino compromettere la funzione respiratoria di una persona. <\/p>\n<p>La condizione interessa tipicamente le parti cartilaginee e\/o ossee della piramide nasale. <\/p>\n<figure class=\"wp-block-image size-large\"><img decoding=\"async\" src=\"https:\/\/storage.googleapis.com\/dev_wiki_voka_io_303011\/articles\/en\/otorhinolaryngology\/deformities-external-nose\/combined-deformity-of-external-nose.webp\" alt=\"Deformit\u00e0 combinata del naso\"><figcaption class=\"wp-element-caption\">Deformit\u00e0 combinata del naso<\/figcaption><\/figure>\n<h2 class=\"wp-block-heading\" id=\"eziologia\"><strong>Eziologia<\/strong><\/h2>\n<p>Le variazioni della forma del naso possono essere causate da diversi fattori:<\/p>\n<ul class=\"wp-block-list\">\n<li><strong>Lesioni.<\/strong> Sono la causa pi\u00f9 comune. Comprendono lesioni sportive, automobilistiche, alla nascita, domestiche e cadute.<\/li>\n<li><strong>Malattie.<\/strong> La deformit\u00e0 pu\u00f2 essere causata da:\n<ul class=\"wp-block-list\">\n<li>malattie cutanee (ad esempio la rosacea);<\/li>\n<li>malattie generali (sistemiche) come sifilide, granulomatosi di Wegener, lebbra;<\/li>\n<li>infezioni nasali (ad esempio ascesso del setto).<\/li>\n<\/ul>\n<\/li>\n<li><strong>Fattori congeniti.<\/strong> Una forma nasale sproporzionata pu\u00f2 avere origini genetiche o etniche.<\/li>\n<\/ul>\n<h2 class=\"wp-block-heading\" id=\"anatomia\"><strong>Anatomia<\/strong><\/h2>\n<p>Si ritiene che Leonardo da Vinci abbia ideato la teoria della simmetria facciale ideale, nota anche come rapporto aureo, oggi utilizzata per determinare le irregolarit\u00e0 nasali. Secondo la sua teoria, le met\u00e0 sinistra e destra del viso dovrebbero essere speculari. <\/p>\n<p>Leonardo da Vinci introdusse anche il concetto di rapporto aureo (1\u00a0:\u00a01,618), che aiuta a identificare le giuste proporzioni del viso. Gli intervalli tra i tratti del viso (occhi, naso, bocca) dovrebbero corrispondere a questo rapporto. <\/p>\n<p>Per analizzare il profilo facciale, la chirurgia plastica moderna utilizza linee e punti geometrici, come il nasion, il rhinion, il pronasale e il subnasale, e determina gli angoli nasofrontale e nasolabiale. Quando le proporzioni sono distorte, la forma del naso esterno viene considerata alterata. <\/p>\n<p>Si noti che questo articolo non tratta l\u2019analisi estetica del viso. Di seguito sono riportati i tipi pi\u00f9 comuni di deformit\u00e0 nasali. <\/p>\n<h2 class=\"wp-block-heading\" id=\"classificazione-delle-deformita-nasali-esterne\"><strong>Classificazione delle deformit\u00e0 nasali esterne<\/strong><\/h2>\n<p>Attualmente non esiste un sistema di classificazione consolidato per le deformit\u00e0 nasali esterne. Il nostro obiettivo \u00e8 descrivere i tipi pi\u00f9 comuni. <\/p>\n<p>Quando la parte cartilaginea del naso non si sviluppa correttamente, la columella, l\u2019apice e le ali del naso cambiano forma, posizione e orientamento. Le cartilagini nasali sono responsabili anche della rigidit\u00e0 del terzo distale del dorso nasale. La parte ossea del naso determina la forma del dorso, il profilo e la presenza di una gobba o di una deformit\u00e0 a sella.<\/p>\n<h3 class=\"wp-block-heading\" id=\"anomalie-nello-sviluppo-dell-osso-o-della-cartilagine-del-naso\">Anomalie nello sviluppo dell\u2019osso o della cartilagine del naso <\/h3>\n<ul class=\"wp-block-list\">\n<li>La <strong>rinocifosi (naso aquilino)<\/strong> \u00e8 una deviazione nasale in cui il terzo medio del dorso si ispessisce e si forma una gobba. All\u2019esame visivo, il naso ricorda un becco.<\/li>\n<li>La <strong>rinolordosi (deformit\u00e0 a sella)<\/strong> si manifesta quando la parte ossea o cartilaginea nell\u2019area del setto nasale perde stabilit\u00e0, provocando l\u2019abbassamento e l\u2019allargamento del dorso.<\/li>\n<li>La <strong>platirinia (naso piatto)<\/strong> \u00e8 una deformit\u00e0 caratterizzata da un naso esterno largo e appiattito con punta arrotondata. <\/li>\n<li>La <strong>brachirinia (naso corto e largo)<\/strong> \u00e8 una deformit\u00e0 nasale caratterizzata da un naso corto e tozzo, con apice eventualmente rivolto all\u2019ins\u00f9.<\/li>\n<li>La<strong>leptorrinia (naso stretto)<\/strong> \u00e8 una deformit\u00e0 caratterizzata da un naso lungo e sottile, con tipica debolezza delle cartilagini alari.<\/li>\n<li>La <strong>rinoscoliosi (deviazione laterale)<\/strong> \u00e8 una deformit\u00e0 caratterizzata da una tipica deviazione della linea mediana del naso, in cui il dorso assume una forma arcuata.<\/li>\n<\/ul>\n<h3 class=\"wp-block-heading\" id=\"causate-da-malattie-cutanee\">Causate da malattie cutanee<\/h3>\n<ul class=\"wp-block-list\">\n<li>Il <strong>rinofima<\/strong> \u00e8 un\u2019infiammazione cutanea cronica indotta dalla rosacea. La condizione comporta anche un notevole ispessimento della pelle nasale, con conseguente deformit\u00e0 esterna.<\/li>\n<\/ul>\n<h2 class=\"wp-block-heading\" id=\"manifestazioni-cliniche\"><strong>Manifestazioni Cliniche<\/strong><\/h2>\n<p>Queste condizioni alterano l\u2019aspetto del naso e possono comprometterne le funzioni, come la respirazione e l\u2019olfatto. <\/p>\n<h2 class=\"wp-block-heading\" id=\"diagnosi\"><strong>Diagnosi<\/strong><\/h2>\n<p>Un professionista sanitario deve eseguire un esame visivo per valutare la forma del naso esterno e chiedere al paziente se ha dei disturbi. <\/p>\n<h2 class=\"wp-block-heading\" id=\"trattamento\"><strong>Trattamento<\/strong><\/h2>\n<p>La forma del naso esterno pu\u00f2 essere corretta con tecniche minimamente invasive, tra cui l\u2019iniezione di filler in aree specifiche del naso. Tuttavia, questo metodo non \u00e8 adatto ai difetti pi\u00f9 gravi e il risultato \u00e8 temporaneo. <\/p>\n<p>La terapia chirurgica mira a correggere il naso esterno e\/o interno, migliorandone l\u2019aspetto e la funzione respiratoria. A seconda del tipo di deformit\u00e0, la rinoplastica pu\u00f2 essere chiusa o aperta.<\/p>\n<figure class=\"wp-block-video\" id=\"animazione-3d-rinoplastica-aperta\"><video controls><source data-src=\"https:\/\/storage.googleapis.com\/dev_wiki_voka_io_303011\/articles\/en\/otorhinolaryngology\/deformities-external-nose\/open-rhinoplasty-web.webm\" type=\"video\/webm\"><\/source><\/video><figcaption class=\"wp-element-caption\">Animazione 3D: rinoplastica aperta<\/figcaption><\/figure>\n<h2 class=\"wp-block-heading\" id=\"decorso-e-trattamento-del-rinofima\"><strong>Decorso e trattamento del rinofima <\/strong><\/h2>\n<h3 class=\"wp-block-heading\" id=\"eziologia-del-rinofima\">Eziologia del rinofima<\/h3>\n<p>Il rinofima deriva da un\u2019infiammazione cutanea cronica persistente secondaria alla rosacea. \u00c8 molto comune negli uomini di mezza et\u00e0 e anziani mentre \u00e8 raro nelle donne. Anche la predisposizione genetica \u00e8 uno dei fattori chiave. L\u2019esposizione prolungata ai raggi UV e stili di vita malsani (fumo, abuso di alcol, consumo eccessivo di spezie) tendono a peggiorare la condizione. Anche i disturbi ormonali possono favorire e aggravare il rinofima. <\/p>\n<h3 class=\"wp-block-heading\" id=\"anatomia-del-rinofima\">Anatomia del rinofima<\/h3>\n<p>A seguito dell\u2019infiammazione cutanea cronica, si verifica una proliferazione del tessuto connettivo, dei vasi sanguigni e delle ghiandole sebacee. Con il tempo, la pelle del naso sviluppa densi noduli rossi ricoperti di vasi superficiali. I noduli si trasformano poi in accumuli tuberosi cianopurpurici e possono comparire teleangectasie. Le ghiandole sebacee si ingrossano notevolmente e producono una quantit\u00e0 eccessiva di secrezioni. <\/p>\n<h3 class=\"wp-block-heading\" id=\"quadro-clinico-del-rinofima\">Quadro clinico del rinofima<\/h3>\n<p>I pazienti sono preoccupati soprattutto per il loro aspetto deturpato. Il naso diventa cianotico, tuberoso e notevolmente ingrossato; i pori si dilatano e la pelle appare unta e lucida. Nei casi pi\u00f9 gravi, la condizione pu\u00f2 provocare dolore e fastidio. I sintomi tendono a peggiorare col tempo. <\/p>\n<h3 class=\"wp-block-heading\" id=\"diagnosi-del-rinofima\">Diagnosi del rinofima<\/h3>\n<p>La diagnosi si basa sull\u2019anamnesi e sull\u2019esame obiettivo. Si raccomanda generalmente di consultare un dermatologo o un cosmetologo. <\/p>\n<div class=\"social-banner-block\">\n<div class=\"social-banner-content\">\n<p class=\"h5-title text-black\">Scopri altri contenuti scientificamente accurati sui nostri social network<\/p>\n<p><span class=\"social-banner-text text-grey\">Iscriviti e non perdere le ultime risorse<\/span><\/p>\n<div class=\"social-links-wrapper\"><a class=\"social-icon-link\" href=\"https:\/\/www.facebook.com\/VOKA3DAnatomyAndPathology\/\" target=\"_blank\" rel=\"nofollow noopener\"><img decoding=\"async\" src=\"https:\/\/storage.googleapis.com\/dev_wiki_voka_io_303011\/common\/Social%20Icons\/facebook.svg\" alt=\"social link\"><\/a><a class=\"social-icon-link\" href=\"https:\/\/www.instagram.com\/voka.io\/\" target=\"_blank\" rel=\"nofollow noopener\"><img decoding=\"async\" src=\"https:\/\/storage.googleapis.com\/dev_wiki_voka_io_303011\/common\/Social%20Icons\/insta.svg\" alt=\"social link\"><\/a><a class=\"social-icon-link\" href=\"https:\/\/www.linkedin.com\/company\/voka-io\/posts\/?feedView=all\" target=\"_blank\" rel=\"nofollow noopener\"><img decoding=\"async\" src=\"https:\/\/storage.googleapis.com\/dev_wiki_voka_io_303011\/common\/Social%20Icons\/linkedin.svg\" alt=\"social link\"><\/a><a class=\"social-icon-link\" href=\"https:\/\/www.youtube.com\/@vokaio\" target=\"_blank\" rel=\"nofollow noopener\"><img decoding=\"async\" src=\"https:\/\/storage.googleapis.com\/dev_wiki_voka_io_303011\/common\/Social%20Icons\/youtube.svg\" alt=\"social link\"><\/a><a class=\"social-icon-link\" href=\"https:\/\/www.pinterest.com\/voka3danatomyandpathology\/\" target=\"_blank\" rel=\"nofollow noopener\"><img decoding=\"async\" src=\"https:\/\/storage.googleapis.com\/dev_wiki_voka_io_303011\/common\/Social%20Icons\/pinterest.svg\" alt=\"social link\"><\/a><a class=\"social-icon-link\" href=\"https:\/\/www.tiktok.com\/@voka.io\" target=\"_blank\" rel=\"nofollow noopener\"><img decoding=\"async\" src=\"https:\/\/storage.googleapis.com\/dev_wiki_voka_io_303011\/common\/Social%20Icons\/tiktok.svg\" alt=\"social link\"><\/a><a class=\"social-icon-link\" href=\"https:\/\/discord.gg\/7ejUpq8DRR\" target=\"_blank\" rel=\"nofollow noopener\"><img decoding=\"async\" src=\"https:\/\/storage.googleapis.com\/dev_wiki_voka_io_303011\/common\/Social%20Icons\/discord.svg\" alt=\"social link\"><\/a><\/div>\n<\/div>\n<p><img decoding=\"async\" class=\"social-banner-image\" loading=\"lazy\" src=\"https:\/\/storage.googleapis.com\/dev_wiki_voka_io_303011\/common\/social-media-banner-mobile-image.webp\" alt=\"Banner background\"><\/div>\n<h3 class=\"wp-block-heading\" id=\"trattamento-del-rinofima\">Trattamento del rinofima<\/h3>\n<p>Il trattamento medico pu\u00f2 bloccare la progressione della malattia. <\/p>\n<p>Si consiglia ai pazienti di abbandonare le cattive abitudini e limitare l\u2019esposizione alle alte temperature e ai raggi UV. <\/p>\n<p>Le pomate antibatteriche, l\u2019acido azelaico e i retinoidi si sono dimostrati efficaci. <\/p>\n<p>Il trattamento laser dei tessuti alterati pu\u00f2 essere una valida opzione: questo metodo agisce sui vasi ipertrofici e riduce l\u2019infiammazione.<\/p>\n<p>Una marcata ipertrofia dei tessuti nasali esterni richiede solitamente un intervento chirurgico. In questo caso si utilizzano strumenti specializzati e impulsi elettrici per asportare i tessuti in eccesso.<\/p>\n<div>\n<h2 class=\"faq-title h2-article\" id=\"faq\">FAQ<\/h2>\n<div class=\"faq-section\">\n<div class=\"faq-item faq-answer-hidden\">\n<div class=\"question-block\">\n<div class=\"faq-question\">\n<p class=\" text-black h5-title\">1. Quali sono i principali tipi di deformit\u00e0 nasali esterne?<\/p>\n<\/div>\n<div class=\"faq-answer text-main-text-color main-text-medium\">I principali tipi strutturali di deformit\u00e0 includono la rinocifosi (naso a gobba o \u201caquilino\u201d), la rinoscoliosi (deviazione laterale dell\u2019asse nasale) e la rinolordosi, nota anche come deformit\u00e0 del naso a sella (infossamento del dorso).<\/div>\n<\/div>\n<div class=\"expand-button-wrapper\"><button class=\"text-accent expand-button\">+<\/button><\/div>\n<\/div>\n<div class=\"faq-item faq-answer-hidden\">\n<div class=\"question-block\">\n<div class=\"faq-question\">\n<p class=\" text-black h5-title\">2. Quali sono le cause del rinofima e con quale velocit\u00e0 si sviluppa?<\/p>\n<\/div>\n<div class=\"faq-answer text-main-text-color main-text-medium\">La principale causa del rinofima \u00e8 un decorso grave e prolungato della rosacea, una malattia cutanea che provoca infiammazione cronica e ipertrofia (ingrossamento) delle ghiandole sebacee e del tessuto connettivo del naso. Lo sviluppo del rinofima \u00e8 un processo molto lento che pu\u00f2 durare anni o addirittura decenni, progredendo gradualmente da un semplice arrossamento alla formazione di noduli e protuberanze.<\/div>\n<\/div>\n<div class=\"expand-button-wrapper\"><button class=\"text-accent expand-button\">+<\/button><\/div>\n<\/div>\n<div class=\"faq-item faq-answer-hidden\">\n<div class=\"question-block\">\n<div class=\"faq-question\">\n<p class=\" text-black h5-title\">3. Come viene trattato il rinofima?<\/p>\n<\/div>\n<div class=\"faq-answer text-main-text-color main-text-medium\">Nelle fasi iniziali del rinofima si utilizzano metodi conservativi per controllare la rosacea: farmaci topici (acido azelaico, retinoidi), laserterapia per ridurre arrossamento e infiammazione ed evitare i fattori scatenanti (raggi UV, alcol). Nei casi di deformit\u00e0 grave, l\u2019unico metodo efficace \u00e8 l\u2019asportazione chirurgica del tessuto in eccesso.<\/div>\n<\/div>\n<div class=\"expand-button-wrapper\"><button class=\"text-accent expand-button\">+<\/button><\/div>\n<\/div>\n<div class=\"faq-item faq-answer-hidden\">\n<div class=\"question-block\">\n<div class=\"faq-question\">\n<p class=\" text-black h5-title\">4. Quali sono le cause pi\u00f9 comuni delle deformit\u00e0 nasali esterne?<\/p>\n<\/div>\n<div class=\"faq-answer text-main-text-color main-text-medium\">La causa pi\u00f9 comune \u00e8 una lesione meccanica: domestica, sportiva o conseguente a un incidente stradale. La deformit\u00e0 nasale pu\u00f2 anche essere congenita, legata a caratteristiche etniche o svilupparsi a seguito di malattie sistemiche che colpiscono il tessuto cartilagineo (ad esempio, la granulomatosi con poliangite) o infezioni (ascesso del setto).<\/div>\n<\/div>\n<div class=\"expand-button-wrapper\"><button class=\"text-accent expand-button\">+<\/button><\/div>\n<\/div>\n<div class=\"faq-item faq-answer-hidden\">\n<div class=\"question-block\">\n<div class=\"faq-question\">\n<p class=\" text-black h5-title\">5. Come si trattano le deformit\u00e0 strutturali del naso, come la rinocifosi o la rinoscoliosi?<\/p>\n<\/div>\n<div class=\"faq-answer text-main-text-color main-text-medium\">A differenza del rinofima, queste deformit\u00e0 vengono corrette modificando la struttura ossea e cartilaginea del naso. Il principale metodo \u00e8 l\u2019intervento chirurgico: la rinoplastica (o rinosettoplastica), che consente di ripristinare la corretta anatomia e, se necessario, la funzione respiratoria. \u00c8 possibile correggere in modo temporaneo e minimamente invasivo i difetti lievi mediante iniezioni di filler.<\/div>\n<\/div>\n<div class=\"expand-button-wrapper\"><button class=\"text-accent expand-button\">+<\/button><\/div>\n<\/div>\n<\/div>\n<\/div>\n<div class=\"sources-list-block sources-list-hidden\" id=\"bibliografia\">\n<div class=\"sources-list-content\">\n<div class=\"sources-list-title\">\n<p class=\"small-text-bold text-black sources-list-title-text\">Bibliografia<\/p>\n<div class=\"sources-expand-button-wrapper-mobile\">\n<div class=\"sources-expand-button\"><svg width=\"32\" height=\"32\" viewbox=\"0 0 32 32\" fill=\"none\" xmlns=\"http:\/\/www.w3.org\/2000\/svg\"><path d=\"M8 12L16 20L24 12\" stroke=\"#8C9AAB\" stroke-width=\"2\" stroke-linecap=\"round\" stroke-linejoin=\"round\"><\/path><\/svg><\/div>\n<\/div>\n<\/div>\n<div class=\"sources-list-items\">\n<div class=\"source-item\">\n<p class=\"main-text-semibold text-black\">1.<\/p>\n<div class=\"source-item-content\">\n<p class=\"main-text-semibold text-black\"><cite>Catalogo VOKA. [Risorsa elettronica]. <\/cite><\/p>\n<p><span class=\"small-text-medium text-grey\">https:\/\/catalog.voka.io\/ <\/span><\/div>\n<\/div>\n<div class=\"source-item\">\n<p class=\"main-text-semibold text-black\">2.<\/p>\n<div class=\"source-item-content\">\n<p class=\"main-text-semibold text-black\"><cite>Total Otolaryngology\u2014Head and Neck Surgery, Anthony P. Sclafani, Robin A. Dyleski, Michael J. Pitman, Stimson P. Schantz. Thieme Medical Publishers, Inc., 2015. ISBN 978-1-60406-646-3.<\/cite><\/p>\n<\/div>\n<\/div>\n<div class=\"source-item\">\n<p class=\"main-text-semibold text-black\">3.<\/p>\n<div class=\"source-item-content\">\n<p class=\"main-text-semibold text-black\"><cite>\u0411\u0435\u0440\u0431\u043e\u043c \u0425. \u0411\u043e\u043b\u0435\u0437\u043d\u0438 \u0443\u0445\u0430, \u0433\u043e\u0440\u043b\u0430 \u0438 \u043d\u043e\u0441\u0430 \/ \u0425\u0430\u043d\u0441 \u0411\u0435\u0440\u0431\u043e\u043c, \u041e\u043b\u0438\u0432\u0435\u0440 \u041a\u0430\u0448\u043a\u0435, \u0422\u0430\u0434\u0435\u0443\u0441 \u041d\u0430\u0432\u043a\u0430, \u042d\u043d\u0434\u0440\u044e \u0421\u0432\u0438\u0444\u0442; \u043f\u0435\u0440. \u0441 \u0430\u043d\u0433\u043b. \u2013 2-\u0435 \u0438\u0437\u0434. \u2013 \u041c. : \u041c\u0415\u0414\u043f\u0440\u0435c\u0441-\u0438\u043d\u0444\u043e\u0440\u043c, 2016. \u2013 776 \u0441. : \u0438\u043b. ISBN 978-5-00030-322-1.<\/cite><\/p>\n<\/div>\n<\/div>\n<div class=\"source-item\">\n<p class=\"main-text-semibold text-black\">4.<\/p>\n<div class=\"source-item-content\">\n<p class=\"main-text-semibold text-black\"><cite>Suh, M. K., & Jeong, E. (giugno 2018). Correction of deviated nose. Archives of Craniofacial Surgery, 19(2), 85\u201393. DOI: 10.7181\/acfs.2018.01914. PMID: 29996638; PMCID: PMC6057124.<\/cite><\/p>\n<\/div>\n<\/div>\n<div class=\"source-item\">\n<p class=\"main-text-semibold text-black\">5.<\/p>\n<div class=\"source-item-content\">\n<p class=\"main-text-semibold text-black\"><cite>Sam, A., Deshmukh, P. T., Patil, C., Jain, S., & Patil, R. (dicembre 2012). Nasal septal deviation and external nasal deformity: A correlative study of 100 cases. Indian Journal of Otolaryngology and Head & Neck Surgery, 64(4), 312\u2013318. DOI: 10.1007\/s12070-011-0311-x. PMID: 24294569; PMCID: PMC3477430. <\/cite><\/p>\n<\/div>\n<\/div>\n<div class=\"source-item\">\n<p class=\"main-text-semibold text-black\">6.<\/p>\n<div class=\"source-item-content\">\n<p class=\"main-text-semibold text-black\"><cite>Rhinoplasty Archive. Rhinoplasty Dissection Manual. Capitolo 1. [Risorsa elettronica]. <\/cite><\/p>\n<p><span class=\"small-text-medium text-grey\">https:\/\/www.rhinoplastyarchive.com\/articles\/rhinoplasty-fundamentals\/rhinoplasty-dissection-manual-chapter-1<\/span><\/div>\n<\/div>\n<div class=\"source-item\">\n<p class=\"main-text-semibold text-black\">7.<\/p>\n<div class=\"source-item-content\">\n<p class=\"main-text-semibold text-black\"><cite>Kao, W. K., & Ho, T. (dicembre 2023). The management of posttraumatic nasal deformities. Facial Plastic Surgery, 39(6), 630\u2013637. DOI: 10.1055\/a-2152-8670. PMID: 37567568.<\/cite><\/p>\n<\/div>\n<\/div>\n<div class=\"source-item\">\n<p class=\"main-text-semibold text-black\">8.<\/p>\n<div class=\"source-item-content\">\n<p class=\"main-text-semibold text-black\"><cite>Huseynov, J., & Mozet, C. (novembre 2020). \u00dcbersicht und aktuelle Empfehlung zur Therapie des Rhinophyms [Una revisione sistematica e raccomandazioni attuali per il trattamento del rinofima]. Laryngorhinootologie, 99(11), 772\u2013778. DOI: 10.1055\/a-1208-5284. PMID: 33111293. (In tedesco).<\/cite><\/p>\n<\/div>\n<\/div>\n<div class=\"source-item\">\n<p class=\"main-text-semibold text-black\">9.<\/p>\n<div class=\"source-item-content\">\n<p class=\"main-text-semibold text-black\"><cite>Chauhan, R., Loewenstein, S. N., & Hassanein, A. H. (11 agosto 2020). Rhinophyma: Prevalence, severity, impact and management. Clinical, Cosmetic and Investigational Dermatology, 13, 537\u2013551. DOI: 10.2147\/CCID.S201290. PMID: 32848439; PMCID: PMC7429105. <\/cite><\/p>\n<\/div>\n<\/div>\n<\/div>\n<\/div>\n<div class=\"sources-expand-button-wrapper\">\n<div class=\"sources-expand-button\"><svg width=\"32\" height=\"32\" viewbox=\"0 0 32 32\" fill=\"none\" xmlns=\"http:\/\/www.w3.org\/2000\/svg\"><path d=\"M8 12L16 20L24 12\" stroke=\"#8C9AAB\" stroke-width=\"2\" stroke-linecap=\"round\" stroke-linejoin=\"round\"><\/path><\/svg><\/div>\n<\/div>\n<\/div>\n","protected":false},"excerpt":{"rendered":"<p>Le alterazioni della forma del naso esterno possono essere associate a un difetto congenito o acquisito del naso esterno. Questi cambiamenti possono causare insoddisfazione estetica o persino compromettere la funzione respiratoria di una persona. La condizione interessa tipicamente le parti cartilaginee e\/o ossee della piramide nasale. Eziologia Le variazioni della forma del naso possono essere [&hellip;]<\/p>\n","protected":false},"author":4,"featured_media":0,"template":"","diseases_category":[361],"class_list":["post-1757","diseases_post","type-diseases_post","status-publish","hentry","diseases_category-otorinolaringoiatria"],"acf":[],"yoast_head":"<!-- This site is optimized with the Yoast SEO Premium plugin v25.0 (Yoast SEO v26.5) - https:\/\/yoast.com\/wordpress\/plugins\/seo\/ -->\n<title>Deformit\u00e0 nasali esterne: tipi, cause, diagnosi, trattamento<\/title>\n<meta name=\"description\" content=\"Deformit\u00e0 nasali esterne: classificazione, quadro clinico e cause. Sono descritti la rinocifosi, la rinolordosi, il rinofima e altri tipi, nonch\u00e9 gli approcci al loro trattamento.\" \/>\n<meta name=\"robots\" content=\"noindex, follow, max-snippet:-1, max-image-preview:large, max-video-preview:-1\" \/>\n<meta property=\"og:locale\" content=\"it_IT\" \/>\n<meta property=\"og:type\" content=\"article\" \/>\n<meta property=\"og:title\" content=\"Deformit\u00e0 nasale esterna: classificazione, eziologia, anatomia e trattamento\" \/>\n<meta property=\"og:description\" content=\"Deformit\u00e0 nasali esterne: classificazione, quadro clinico e cause. Sono descritti la rinocifosi, la rinolordosi, il rinofima e altri tipi, nonch\u00e9 gli approcci al loro trattamento.\" \/>\n<meta property=\"og:url\" content=\"https:\/\/wiki.dev.voka.io\/it\/malattie\/otorinolaringoiatria\/deformita-nasali-esterne\/\" \/>\n<meta property=\"og:site_name\" content=\"Voka Wiki\" \/>\n<meta property=\"article:publisher\" content=\"https:\/\/www.facebook.com\/VOKA3DAnatomyAndPathology\/\" \/>\n<meta property=\"article:modified_time\" content=\"2025-11-13T11:41:45+00:00\" \/>\n<meta property=\"og:image\" content=\"https:\/\/storage.googleapis.com\/dev_wiki_voka_io_303011\/articles\/en\/otorhinolaryngology\/deformities-external-nose\/combined-deformity-of-external-nose.webp\" \/>\n<meta name=\"twitter:card\" content=\"summary_large_image\" \/>\n<meta name=\"twitter:label1\" content=\"Tempo di lettura stimato\" \/>\n\t<meta name=\"twitter:data1\" content=\"5 minuti\" \/>\n<script type=\"application\/ld+json\" class=\"yoast-schema-graph\">{\"@context\":\"https:\/\/schema.org\",\"@graph\":[{\"@type\":\"Article\",\"@id\":\"https:\/\/wiki.dev.voka.io\/it\/malattie\/otorinolaringoiatria\/deformita-nasali-esterne\/#article\",\"isPartOf\":{\"@id\":\"https:\/\/wiki.dev.voka.io\/it\/malattie\/otorinolaringoiatria\/deformita-nasali-esterne\/\"},\"author\":{\"name\":\"Danata A.\",\"@id\":\"https:\/\/wiki.dev.voka.io\/it\/#\/schema\/person\/75a01428a2e97375c0facaaeba432542\"},\"headline\":\"Deformit\u00e0 nasale esterna: classificazione, eziologia, anatomia e trattamento\",\"datePublished\":\"2025-11-13T11:41:36+00:00\",\"dateModified\":\"2025-11-13T11:41:45+00:00\",\"mainEntityOfPage\":{\"@id\":\"https:\/\/wiki.dev.voka.io\/it\/malattie\/otorinolaringoiatria\/deformita-nasali-esterne\/\"},\"wordCount\":953,\"publisher\":{\"@id\":\"https:\/\/wiki.dev.voka.io\/it\/#organization\"},\"image\":{\"@id\":\"https:\/\/wiki.dev.voka.io\/it\/malattie\/otorinolaringoiatria\/deformita-nasali-esterne\/#primaryimage\"},\"thumbnailUrl\":\"https:\/\/storage.googleapis.com\/dev_wiki_voka_io_303011\/articles\/en\/otorhinolaryngology\/deformities-external-nose\/combined-deformity-of-external-nose.webp\",\"inLanguage\":\"it-IT\"},{\"@type\":\"WebPage\",\"@id\":\"https:\/\/wiki.dev.voka.io\/it\/malattie\/otorinolaringoiatria\/deformita-nasali-esterne\/\",\"url\":\"https:\/\/wiki.dev.voka.io\/it\/malattie\/otorinolaringoiatria\/deformita-nasali-esterne\/\",\"name\":\"Deformit\u00e0 nasali esterne: tipi, cause, diagnosi, trattamento\",\"isPartOf\":{\"@id\":\"https:\/\/wiki.dev.voka.io\/it\/#website\"},\"primaryImageOfPage\":{\"@id\":\"https:\/\/wiki.dev.voka.io\/it\/malattie\/otorinolaringoiatria\/deformita-nasali-esterne\/#primaryimage\"},\"image\":{\"@id\":\"https:\/\/wiki.dev.voka.io\/it\/malattie\/otorinolaringoiatria\/deformita-nasali-esterne\/#primaryimage\"},\"thumbnailUrl\":\"https:\/\/storage.googleapis.com\/dev_wiki_voka_io_303011\/articles\/en\/otorhinolaryngology\/deformities-external-nose\/combined-deformity-of-external-nose.webp\",\"datePublished\":\"2025-11-13T11:41:36+00:00\",\"dateModified\":\"2025-11-13T11:41:45+00:00\",\"description\":\"Deformit\u00e0 nasali esterne: classificazione, quadro clinico e cause. Sono descritti la rinocifosi, la rinolordosi, il rinofima e altri tipi, nonch\u00e9 gli approcci al loro trattamento.\",\"breadcrumb\":{\"@id\":\"https:\/\/wiki.dev.voka.io\/it\/malattie\/otorinolaringoiatria\/deformita-nasali-esterne\/#breadcrumb\"},\"inLanguage\":\"it-IT\",\"potentialAction\":[{\"@type\":\"ReadAction\",\"target\":[\"https:\/\/wiki.dev.voka.io\/it\/malattie\/otorinolaringoiatria\/deformita-nasali-esterne\/\"]}]},{\"@type\":\"ImageObject\",\"inLanguage\":\"it-IT\",\"@id\":\"https:\/\/wiki.dev.voka.io\/it\/malattie\/otorinolaringoiatria\/deformita-nasali-esterne\/#primaryimage\",\"url\":\"https:\/\/storage.googleapis.com\/dev_wiki_voka_io_303011\/articles\/en\/otorhinolaryngology\/deformities-external-nose\/combined-deformity-of-external-nose.webp\",\"contentUrl\":\"https:\/\/storage.googleapis.com\/dev_wiki_voka_io_303011\/articles\/en\/otorhinolaryngology\/deformities-external-nose\/combined-deformity-of-external-nose.webp\"},{\"@type\":\"BreadcrumbList\",\"@id\":\"https:\/\/wiki.dev.voka.io\/it\/malattie\/otorinolaringoiatria\/deformita-nasali-esterne\/#breadcrumb\",\"itemListElement\":[{\"@type\":\"ListItem\",\"position\":1,\"name\":\"Home\",\"item\":\"https:\/\/wiki.dev.voka.io\/it\/\"},{\"@type\":\"ListItem\",\"position\":2,\"name\":\"Otorinolaringoiatria\",\"item\":\"https:\/\/wiki.dev.voka.io\/it\/malattie\/otorinolaringoiatria\/\"},{\"@type\":\"ListItem\",\"position\":3,\"name\":\"Deformit\u00e0 nasale esterna: classificazione, eziologia, anatomia e trattamento\"}]},{\"@type\":\"WebSite\",\"@id\":\"https:\/\/wiki.dev.voka.io\/it\/#website\",\"url\":\"https:\/\/wiki.dev.voka.io\/it\/\",\"name\":\"Voka Wiki\",\"description\":\"\",\"publisher\":{\"@id\":\"https:\/\/wiki.dev.voka.io\/it\/#organization\"},\"alternateName\":\"Anatomy & Pathology Wiki by VOKA\",\"potentialAction\":[{\"@type\":\"SearchAction\",\"target\":{\"@type\":\"EntryPoint\",\"urlTemplate\":\"https:\/\/wiki.dev.voka.io\/it\/?s={search_term_string}\"},\"query-input\":{\"@type\":\"PropertyValueSpecification\",\"valueRequired\":true,\"valueName\":\"search_term_string\"}}],\"inLanguage\":\"it-IT\"},{\"@type\":\"Organization\",\"@id\":\"https:\/\/wiki.dev.voka.io\/it\/#organization\",\"name\":\"Voka 3D Anatomy & Pathology\",\"alternateName\":\"VOKA\",\"url\":\"https:\/\/wiki.dev.voka.io\/it\/\",\"logo\":{\"@type\":\"ImageObject\",\"inLanguage\":\"it-IT\",\"@id\":\"https:\/\/wiki.dev.voka.io\/it\/#\/schema\/logo\/image\/\",\"url\":\"https:\/\/wiki.dev.voka.io\/wp-content\/uploads\/2025\/02\/cropped-voka-logo-1.png\",\"contentUrl\":\"https:\/\/wiki.dev.voka.io\/wp-content\/uploads\/2025\/02\/cropped-voka-logo-1.png\",\"width\":70,\"height\":16,\"caption\":\"Voka 3D Anatomy & Pathology\"},\"image\":{\"@id\":\"https:\/\/wiki.dev.voka.io\/it\/#\/schema\/logo\/image\/\"},\"sameAs\":[\"https:\/\/www.facebook.com\/VOKA3DAnatomyAndPathology\/\",\"https:\/\/www.instagram.com\/voka.io\/\",\"https:\/\/www.linkedin.com\/company\/voka-io\/\",\"https:\/\/www.youtube.com\/channel\/UCqGGuOEpr62ScH8Pjk2q5zw\/videos\",\"https:\/\/www.pinterest.com\/VokaAnatomyPro\/\",\"https:\/\/www.threads.com\/@voka.io\"],\"description\":\"VOKA.io offers 3D medical animations and custom 3D modeling services. Our product, VOKA 3D Anatomy & Pathology, is a digital atlas with over 1,000 detailed 3D models of human anatomy and pathology, designed for medical education, training, and patient communication.\",\"email\":\"info@voka.io\",\"telephone\":\"+1 814 351 4442\",\"legalName\":\"Voka 3D Anatomy & Pathology\",\"foundingDate\":\"2017-02-12\",\"naics\":\"541512\",\"numberOfEmployees\":{\"@type\":\"QuantitativeValue\",\"minValue\":\"51\",\"maxValue\":\"200\"},\"publishingPrinciples\":\"https:\/\/wiki.voka.io\/it\/principi-editoriali\/\"},{\"@type\":\"Person\",\"@id\":\"https:\/\/wiki.dev.voka.io\/it\/#\/schema\/person\/75a01428a2e97375c0facaaeba432542\",\"name\":\"Danata A.\",\"image\":{\"@type\":\"ImageObject\",\"inLanguage\":\"it-IT\",\"@id\":\"https:\/\/wiki.dev.voka.io\/it\/#\/schema\/person\/image\/\",\"url\":\"https:\/\/secure.gravatar.com\/avatar\/17b61e87bc892ef9555b6080655463c63eb46025ed870850eaa2472678817ed6?s=96&d=mm&r=g\",\"contentUrl\":\"https:\/\/secure.gravatar.com\/avatar\/17b61e87bc892ef9555b6080655463c63eb46025ed870850eaa2472678817ed6?s=96&d=mm&r=g\",\"caption\":\"Danata A.\"}}]}<\/script>\n<!-- \/ Yoast SEO Premium plugin. -->","yoast_head_json":{"title":"Deformit\u00e0 nasali esterne: tipi, cause, diagnosi, trattamento","description":"Deformit\u00e0 nasali esterne: classificazione, quadro clinico e cause. Sono descritti la rinocifosi, la rinolordosi, il rinofima e altri tipi, nonch\u00e9 gli approcci al loro trattamento.","robots":{"index":"noindex","follow":"follow","max-snippet":"max-snippet:-1","max-image-preview":"max-image-preview:large","max-video-preview":"max-video-preview:-1"},"og_locale":"it_IT","og_type":"article","og_title":"Deformit\u00e0 nasale esterna: classificazione, eziologia, anatomia e trattamento","og_description":"Deformit\u00e0 nasali esterne: classificazione, quadro clinico e cause. Sono descritti la rinocifosi, la rinolordosi, il rinofima e altri tipi, nonch\u00e9 gli approcci al loro trattamento.","og_url":"https:\/\/wiki.dev.voka.io\/it\/malattie\/otorinolaringoiatria\/deformita-nasali-esterne\/","og_site_name":"Voka Wiki","article_publisher":"https:\/\/www.facebook.com\/VOKA3DAnatomyAndPathology\/","article_modified_time":"2025-11-13T11:41:45+00:00","og_image":[{"url":"https:\/\/storage.googleapis.com\/dev_wiki_voka_io_303011\/articles\/en\/otorhinolaryngology\/deformities-external-nose\/combined-deformity-of-external-nose.webp","type":"","width":"","height":""}],"twitter_card":"summary_large_image","twitter_misc":{"Tempo di lettura stimato":"5 minuti"},"schema":{"@context":"https:\/\/schema.org","@graph":[{"@type":"Article","@id":"https:\/\/wiki.dev.voka.io\/it\/malattie\/otorinolaringoiatria\/deformita-nasali-esterne\/#article","isPartOf":{"@id":"https:\/\/wiki.dev.voka.io\/it\/malattie\/otorinolaringoiatria\/deformita-nasali-esterne\/"},"author":{"name":"Danata A.","@id":"https:\/\/wiki.dev.voka.io\/it\/#\/schema\/person\/75a01428a2e97375c0facaaeba432542"},"headline":"Deformit\u00e0 nasale esterna: classificazione, eziologia, anatomia e trattamento","datePublished":"2025-11-13T11:41:36+00:00","dateModified":"2025-11-13T11:41:45+00:00","mainEntityOfPage":{"@id":"https:\/\/wiki.dev.voka.io\/it\/malattie\/otorinolaringoiatria\/deformita-nasali-esterne\/"},"wordCount":953,"publisher":{"@id":"https:\/\/wiki.dev.voka.io\/it\/#organization"},"image":{"@id":"https:\/\/wiki.dev.voka.io\/it\/malattie\/otorinolaringoiatria\/deformita-nasali-esterne\/#primaryimage"},"thumbnailUrl":"https:\/\/storage.googleapis.com\/dev_wiki_voka_io_303011\/articles\/en\/otorhinolaryngology\/deformities-external-nose\/combined-deformity-of-external-nose.webp","inLanguage":"it-IT"},{"@type":"WebPage","@id":"https:\/\/wiki.dev.voka.io\/it\/malattie\/otorinolaringoiatria\/deformita-nasali-esterne\/","url":"https:\/\/wiki.dev.voka.io\/it\/malattie\/otorinolaringoiatria\/deformita-nasali-esterne\/","name":"Deformit\u00e0 nasali esterne: tipi, cause, diagnosi, trattamento","isPartOf":{"@id":"https:\/\/wiki.dev.voka.io\/it\/#website"},"primaryImageOfPage":{"@id":"https:\/\/wiki.dev.voka.io\/it\/malattie\/otorinolaringoiatria\/deformita-nasali-esterne\/#primaryimage"},"image":{"@id":"https:\/\/wiki.dev.voka.io\/it\/malattie\/otorinolaringoiatria\/deformita-nasali-esterne\/#primaryimage"},"thumbnailUrl":"https:\/\/storage.googleapis.com\/dev_wiki_voka_io_303011\/articles\/en\/otorhinolaryngology\/deformities-external-nose\/combined-deformity-of-external-nose.webp","datePublished":"2025-11-13T11:41:36+00:00","dateModified":"2025-11-13T11:41:45+00:00","description":"Deformit\u00e0 nasali esterne: classificazione, quadro clinico e cause. Sono descritti la rinocifosi, la rinolordosi, il rinofima e altri tipi, nonch\u00e9 gli approcci al loro trattamento.","breadcrumb":{"@id":"https:\/\/wiki.dev.voka.io\/it\/malattie\/otorinolaringoiatria\/deformita-nasali-esterne\/#breadcrumb"},"inLanguage":"it-IT","potentialAction":[{"@type":"ReadAction","target":["https:\/\/wiki.dev.voka.io\/it\/malattie\/otorinolaringoiatria\/deformita-nasali-esterne\/"]}]},{"@type":"ImageObject","inLanguage":"it-IT","@id":"https:\/\/wiki.dev.voka.io\/it\/malattie\/otorinolaringoiatria\/deformita-nasali-esterne\/#primaryimage","url":"https:\/\/storage.googleapis.com\/dev_wiki_voka_io_303011\/articles\/en\/otorhinolaryngology\/deformities-external-nose\/combined-deformity-of-external-nose.webp","contentUrl":"https:\/\/storage.googleapis.com\/dev_wiki_voka_io_303011\/articles\/en\/otorhinolaryngology\/deformities-external-nose\/combined-deformity-of-external-nose.webp"},{"@type":"BreadcrumbList","@id":"https:\/\/wiki.dev.voka.io\/it\/malattie\/otorinolaringoiatria\/deformita-nasali-esterne\/#breadcrumb","itemListElement":[{"@type":"ListItem","position":1,"name":"Home","item":"https:\/\/wiki.dev.voka.io\/it\/"},{"@type":"ListItem","position":2,"name":"Otorinolaringoiatria","item":"https:\/\/wiki.dev.voka.io\/it\/malattie\/otorinolaringoiatria\/"},{"@type":"ListItem","position":3,"name":"Deformit\u00e0 nasale esterna: classificazione, eziologia, anatomia e trattamento"}]},{"@type":"WebSite","@id":"https:\/\/wiki.dev.voka.io\/it\/#website","url":"https:\/\/wiki.dev.voka.io\/it\/","name":"Voka Wiki","description":"","publisher":{"@id":"https:\/\/wiki.dev.voka.io\/it\/#organization"},"alternateName":"Anatomy & Pathology Wiki by VOKA","potentialAction":[{"@type":"SearchAction","target":{"@type":"EntryPoint","urlTemplate":"https:\/\/wiki.dev.voka.io\/it\/?s={search_term_string}"},"query-input":{"@type":"PropertyValueSpecification","valueRequired":true,"valueName":"search_term_string"}}],"inLanguage":"it-IT"},{"@type":"Organization","@id":"https:\/\/wiki.dev.voka.io\/it\/#organization","name":"Voka 3D Anatomy & Pathology","alternateName":"VOKA","url":"https:\/\/wiki.dev.voka.io\/it\/","logo":{"@type":"ImageObject","inLanguage":"it-IT","@id":"https:\/\/wiki.dev.voka.io\/it\/#\/schema\/logo\/image\/","url":"https:\/\/wiki.dev.voka.io\/wp-content\/uploads\/2025\/02\/cropped-voka-logo-1.png","contentUrl":"https:\/\/wiki.dev.voka.io\/wp-content\/uploads\/2025\/02\/cropped-voka-logo-1.png","width":70,"height":16,"caption":"Voka 3D Anatomy & Pathology"},"image":{"@id":"https:\/\/wiki.dev.voka.io\/it\/#\/schema\/logo\/image\/"},"sameAs":["https:\/\/www.facebook.com\/VOKA3DAnatomyAndPathology\/","https:\/\/www.instagram.com\/voka.io\/","https:\/\/www.linkedin.com\/company\/voka-io\/","https:\/\/www.youtube.com\/channel\/UCqGGuOEpr62ScH8Pjk2q5zw\/videos","https:\/\/www.pinterest.com\/VokaAnatomyPro\/","https:\/\/www.threads.com\/@voka.io"],"description":"VOKA.io offers 3D medical animations and custom 3D modeling services. Our product, VOKA 3D Anatomy & Pathology, is a digital atlas with over 1,000 detailed 3D models of human anatomy and pathology, designed for medical education, training, and patient communication.","email":"info@voka.io","telephone":"+1 814 351 4442","legalName":"Voka 3D Anatomy & Pathology","foundingDate":"2017-02-12","naics":"541512","numberOfEmployees":{"@type":"QuantitativeValue","minValue":"51","maxValue":"200"},"publishingPrinciples":"https:\/\/wiki.voka.io\/it\/principi-editoriali\/"},{"@type":"Person","@id":"https:\/\/wiki.dev.voka.io\/it\/#\/schema\/person\/75a01428a2e97375c0facaaeba432542","name":"Danata A.","image":{"@type":"ImageObject","inLanguage":"it-IT","@id":"https:\/\/wiki.dev.voka.io\/it\/#\/schema\/person\/image\/","url":"https:\/\/secure.gravatar.com\/avatar\/17b61e87bc892ef9555b6080655463c63eb46025ed870850eaa2472678817ed6?s=96&d=mm&r=g","contentUrl":"https:\/\/secure.gravatar.com\/avatar\/17b61e87bc892ef9555b6080655463c63eb46025ed870850eaa2472678817ed6?s=96&d=mm&r=g","caption":"Danata A."}}]}},"_links":{"self":[{"href":"https:\/\/wiki.dev.voka.io\/it\/wp-json\/wp\/v2\/diseases_post\/1757","targetHints":{"allow":["GET"]}}],"collection":[{"href":"https:\/\/wiki.dev.voka.io\/it\/wp-json\/wp\/v2\/diseases_post"}],"about":[{"href":"https:\/\/wiki.dev.voka.io\/it\/wp-json\/wp\/v2\/types\/diseases_post"}],"author":[{"embeddable":true,"href":"https:\/\/wiki.dev.voka.io\/it\/wp-json\/wp\/v2\/users\/4"}],"wp:attachment":[{"href":"https:\/\/wiki.dev.voka.io\/it\/wp-json\/wp\/v2\/media?parent=1757"}],"wp:term":[{"taxonomy":"diseases_category","embeddable":true,"href":"https:\/\/wiki.dev.voka.io\/it\/wp-json\/wp\/v2\/diseases_category?post=1757"}],"curies":[{"name":"wp","href":"https:\/\/api.w.org\/{rel}","templated":true}]}}