{"id":940,"date":"2025-07-23T09:45:24","date_gmt":"2025-07-23T06:45:24","guid":{"rendered":"https:\/\/wiki.dev.voka.io\/diseases\/uncategorized\/laryngite-aigue\/"},"modified":"2026-04-27T17:32:33","modified_gmt":"2026-04-27T14:32:33","slug":"laryngite-aigue","status":"publish","type":"diseases_post","link":"https:\/\/wiki.dev.voka.io\/fr\/maladies\/oto-rhino-laryngologie\/laryngite-aigue\/","title":{"rendered":"Laryngite aigu\u00eb : \u00e9tiologie, manifestations cliniques, diagnostic et traitement"},"content":{"rendered":"<p><?xml encoding=\"UTF-8\" ?><\/p>\n<p>\u041e\u0441\u0442\u0440\u044b\u0439 \u043b\u0430\u0440\u0438\u043d\u0433\u0438\u0442 \u2014 \u0432\u043e\u0441\u043f\u0430\u043b\u0435\u043d\u0438\u0435 \u0433\u043e\u0440\u0442\u0430\u043d\u0438, \u0441\u043e\u0445\u0440\u0430\u043d\u044f\u044e\u0449\u0435\u0435\u0441\u044f \u0434\u043e 7 \u0434\u043d\u0435\u0439. \u0425\u0430\u0440\u0430\u043a\u0442\u0435\u0440\u0438\u0437\u0443\u0435\u0442\u0441\u044f \u0440\u0430\u0437\u0432\u0438\u0442\u0438\u0435\u043c \u0441\u043e\u0441\u0443\u0434\u0438\u0441\u0442\u043e\u0439 \u0433\u0438\u043f\u0435\u0440\u0435\u043c\u0438\u0438, \u043e\u0442\u0435\u043a\u0430 \u0438 \u043a\u043b\u0435\u0442\u043e\u0447\u043d\u043e\u0439 \u0438\u043d\u0444\u0438\u043b\u044c\u0442\u0440\u0430\u0446\u0438\u0438 \u0441\u043b\u0438\u0437\u0438\u0441\u0442\u043e\u0439, \u043f\u0440\u0435\u0438\u043c\u0443\u0449\u0435\u0441\u0442\u0432\u0435\u043d\u043d\u043e \u0432 \u043e\u0431\u043b\u0430\u0441\u0442\u0438 \u0433\u043e\u043b\u043e\u0441\u043e\u0432\u044b\u0445 \u0441\u043a\u043b\u0430\u0434\u043e\u043a. \u0423\u043a\u0430\u0437\u0430\u043d\u043d\u044b\u0435 \u0438\u0437\u043c\u0435\u043d\u0435\u043d\u0438\u044f \u043d\u0430\u0440\u0443\u0448\u0430\u044e\u0442 \u0444\u0443\u043d\u043a\u0446\u0438\u044e \u0433\u043e\u043b\u043e\u0441\u043e\u0432\u043e\u0433\u043e \u0430\u043f\u043f\u0430\u0440\u0430\u0442\u0430, \u0432\u044b\u0437\u044b\u0432\u0430\u044f \u043e\u0445\u0440\u0438\u043f\u043b\u043e\u0441\u0442\u044c, \u0441\u0443\u0445\u043e\u0439 \u043a\u0430\u0448\u0435\u043b\u044c \u0438 \u043e\u0449\u0443\u0449\u0435\u043d\u0438\u0435 \u043f\u0435\u0440\u0448\u0435\u043d\u0438\u044f.<\/p>\n<p>On distingue les formes suivantes de laryngite aigu\u00eb :<\/p>\n<ul class=\"wp-block-list\">\n<li>\u043e\u0441\u0442\u0440\u044b\u0439 \u043a\u0430\u0442\u0430\u0440\u0430\u043b\u044c\u043d\u044b\u0439 \u043b\u0430\u0440\u0438\u043d\u0433\u0438\u0442;<\/li>\n<li>\u043e\u0441\u0442\u0440\u044b\u0439 \u043e\u0442\u0435\u0447\u043d\u044b\u0439 (\u0438\u043d\u0444\u0438\u043b\u044c\u0442\u0440\u0430\u0442\u0438\u0432\u043d\u044b\u0439) \u043b\u0430\u0440\u0438\u043d\u0433\u0438\u0442.<\/li>\n<\/ul>\n<h2 class=\"wp-block-heading\" id=\"etiologie\"><strong>\u00c9tiologie<\/strong><\/h2>\n<p>Les causes de la laryngite aigu\u00eb sont de nature infectieuse et non infectieuse. Parmi les agents infectieux, les virus pr\u00e9dominent, tandis que les bact\u00e9ries sont moins fr\u00e9quentes et que les champignons sont extr\u00eamement rares. <\/p>\n<p><strong>Facteurs infectieux<\/strong><\/p>\n<figure class=\"wp-block-table table-to-cards table-accents\">\n<table class=\"has-fixed-layout\">\n<tbody>\n<tr>\n<td class=\"has-text-align-center\" data-align=\"center\">Virus<\/td>\n<td class=\"has-text-align-center\" data-align=\"center\">\u0413\u0440\u0438\u043f\u043f, \u043f\u0430\u0440\u0430\u0433\u0440\u0438\u043f\u043f, \u0420\u0421-\u0432\u0438\u0440\u0443\u0441, \u0430\u0434\u0435\u043d\u043e- \u0438 \u0440\u0438\u043d\u043e\u0432\u0438\u0440\u0443\u0441, \u0432\u0438\u0440\u0443\u0441 \u041a\u043e\u043a\u0441\u0430\u043a\u0438, \u043a\u043e\u0440\u043e\u043d\u0430\u0432\u0438\u0440\u0443\u0441, \u043a\u043e\u0440\u044c<\/td>\n<\/tr>\n<tr>\n<td class=\"has-text-align-center\" data-align=\"center\">Bact\u00e9ries<\/td>\n<td class=\"has-text-align-center\" data-align=\"center\"><em> Streptococcus pneumoniae<\/em>, <em>Haemophilus influenzae<\/em> et <em>Moraxella catarrhalis<\/em><\/td>\n<\/tr>\n<tr>\n<td class=\"has-text-align-center\" data-align=\"center\">Champignons (le plus souvent dans la laryngite chronique)<\/td>\n<td class=\"has-text-align-center\" data-align=\"center\"><em> Candida<\/em>, <em>Aspergillus<\/em>, <em>Penicillium<\/em><\/td>\n<\/tr>\n<tr>\n<td class=\"has-text-align-center\" data-align=\"center\">Processus inflammatoires des voies respiratoires sup\u00e9rieures<\/td>\n<td class=\"has-text-align-center\" data-align=\"center\"><span class=\"glossary-term\" data-title=\"Ad\u00e9no\u00efdite\" data-tooltip=\"L&#039;ad\u00e9no\u00efdite est une inflammation aigu\u00eb ou chronique des amygdales pharyng\u00e9es (ad\u00e9no\u00efdes). Contrairement \u00e0 l&#039;hypertrophie, l&#039;ad\u00e9no\u00efdite est un processus inflammatoire infectieux actif qui constitue un foyer d&#039;infection chronique dans le nasopharynx.\" data-link=\"https:\/\/wiki.dev.voka.io\/fr\/glossaire\/adenoidite\/\">Ad\u00e9no\u00efdite<\/span>, sinusite, rhinite<\/td>\n<\/tr>\n<\/tbody>\n<\/table>\n<\/figure>\n<p><strong>Facteurs non infectieux<\/strong><\/p>\n<figure class=\"wp-block-table table-to-cards table-accents\">\n<table class=\"has-fixed-layout\">\n<tbody>\n<tr>\n<td class=\"has-text-align-center\" data-align=\"center\">R\u00e9actions allergiques<\/td>\n<td class=\"has-text-align-center\" data-align=\"center\">Poussi\u00e8re, poils d\u2019animaux, produits chimiques<\/td>\n<\/tr>\n<tr>\n<td class=\"has-text-align-center\" data-align=\"center\">Charge vocale excessive<\/td>\n<td class=\"has-text-align-center\" data-align=\"center\">Chant, cris, long discours, mauvaise utilisation de la voix<\/td>\n<\/tr>\n<tr>\n<td class=\"has-text-align-center\" data-align=\"center\">Facteurs environnementaux irritants<\/td>\n<td class=\"has-text-align-center\" data-align=\"center\">Fum\u00e9e, vapeurs chimiques, air pollu\u00e9<\/td>\n<\/tr>\n<\/tbody>\n<\/table>\n<\/figure>\n<h2 class=\"wp-block-heading\" id=\"anatomie\"><strong>Anatomie<\/strong><\/h2>\n<p>\u041f\u043e\u0434 \u0432\u043e\u0437\u0434\u0435\u0439\u0441\u0442\u0432\u0438\u0435\u043c \u0438\u043d\u0444\u0435\u043a\u0446\u0438\u043e\u043d\u043d\u043e\u0433\u043e \u0444\u0430\u043a\u0442\u043e\u0440\u0430, \u043d\u0430 \u0444\u043e\u043d\u0435 \u043e\u0431\u0449\u0435\u0439 \u0438\u043d\u0442\u043e\u043a\u0441\u0438\u043a\u0430\u0446\u0438\u0438 \u043e\u0440\u0433\u0430\u043d\u0438\u0437\u043c\u0430 \u0438 \u043a\u0430\u0442\u0430\u0440\u0430\u043b\u044c\u043d\u044b\u0445 \u0438\u0437\u043c\u0435\u043d\u0435\u043d\u0438\u0439 \u0432 \u043d\u043e\u0441\u043e- \u0438 \u0440\u043e\u0442\u043e\u0433\u043b\u043e\u0442\u043a\u0435, \u0432\u043e\u0437\u043d\u0438\u043a\u0430\u044e\u0442 \u0430\u043d\u0430\u043b\u043e\u0433\u0438\u0447\u043d\u044b\u0435 \u0438\u0437\u043c\u0435\u043d\u0435\u043d\u0438\u044f \u0432 \u0441\u043b\u0438\u0437\u0438\u0441\u0442\u043e\u0439 \u043e\u0431\u043e\u043b\u043e\u0447\u043a\u0435 \u0433\u043e\u0440\u0442\u0430\u043d\u0438. \u0415\u0441\u043b\u0438 \u0432\u043e\u0441\u043f\u0430\u043b\u0435\u043d\u0438\u0435 \u0432\u044b\u0437\u0432\u0430\u043d\u043e \u043d\u0435\u0438\u043d\u0444\u0435\u043a\u0446\u0438\u043e\u043d\u043d\u043e\u0439 \u043f\u0440\u0438\u0447\u0438\u043d\u043e\u0439, \u043f\u0430\u0442\u043e\u043b\u043e\u0433\u0438\u0447\u0435\u0441\u043a\u0438\u0435 \u0438\u0437\u043c\u0435\u043d\u0435\u043d\u0438\u044f \u0432 \u043d\u043e\u0441\u043e- \u0438 \u0440\u043e\u0442\u043e\u0433\u043b\u043e\u0442\u043a\u0435 \u043c\u043e\u0433\u0443\u0442 \u043e\u0442\u0441\u0443\u0442\u0441\u0442\u0432\u043e\u0432\u0430\u0442\u044c.<\/p>\n<p>\u041f\u0440\u0438 \u043e\u0441\u0442\u0440\u044b\u0445 \u0438\u043b\u0438 \u0445\u0440\u043e\u043d\u0438\u0447\u0435\u0441\u043a\u0438\u0445 \u0441\u0438\u043d\u0443\u0441\u0438\u0442\u0430\u0445 \u0438 \u0430\u0434\u0435\u043d\u043e\u0438\u0434\u0438\u0442\u0430\u0445 \u043f\u0440\u043e\u0438\u0441\u0445\u043e\u0434\u0438\u0442 \u0441\u0442\u0435\u043a\u0430\u043d\u0438\u0435 \u0441\u043b\u0438\u0437\u0438 \u043f\u043e \u0437\u0430\u0434\u043d\u0435\u0439 \u0441\u0442\u0435\u043d\u043a\u0435 \u0433\u043b\u043e\u0442\u043a\u0438. \u041f\u0440\u0438 \u044d\u0442\u043e\u043c \u0441\u043b\u0438\u0437\u044c \u043f\u043e\u043f\u0430\u0434\u0430\u0435\u0442, \u0432 \u0442\u043e\u043c \u0447\u0438\u0441\u043b\u0435, \u0438 \u043d\u0430 \u0433\u043e\u043b\u043e\u0441\u043e\u0432\u044b\u0435 \u0441\u043a\u043b\u0430\u0434\u043a\u0438, \u0432\u044b\u0437\u044b\u0432\u0430\u044f \u0438\u0445 \u043c\u0435\u0445\u0430\u043d\u0438\u0447\u0435\u0441\u043a\u043e\u0435 \u0440\u0430\u0437\u0434\u0440\u0430\u0436\u0435\u043d\u0438\u0435.<\/p>\n<h3 class=\"wp-block-heading\" id=\"forme-catarrhale\"><strong>Forme catarrhale<\/strong><\/h3>\n<p>Dans la forme catarrhale de la laryngite, la muqueuse est hyperh\u00e9mique, les plis vocaux sont fortement hyperh\u00e9miques et une injection abondante des vaisseaux sanguins est observ\u00e9e. Lors de la phonation, les plis vocaux ne sont pas compl\u00e8tement ferm\u00e9s. Une s\u00e9cr\u00e9tion muqueuse peut \u00eatre observ\u00e9e au niveau des cordes vocales et dans les sinus paranasaux.   <\/p>\n<figure class=\"wp-block-image size-large\"><img decoding=\"async\" src=\"https:\/\/storage.googleapis.com\/dev_wiki_voka_io_303011\/articles\/en\/otorhinolaryngology\/acute-laryngitis\/acute-catarrhal-laryngitis.webp\" alt=\"Laryngite catarrhale aigu\u00eb\"><figcaption class=\"wp-element-caption\">Laryngite catarrhale aigu\u00eb \u2013 <a href=\"https:\/\/catalog.voka.io\/en\/models\/8861ee9e-a330-4451-856d-1de6ead27805\/29429083-0e92-41ac-adf4-244625eb9e79\/70c2996e-a8db-4dc6-b666-ec3aa208acb3\/32587d32-ef0a-4649-9d24-22173b462d2e\" target=\"_blank\" rel=\"noreferrer noopener nofollow\">Mod\u00e8le 3D<\/a><\/figcaption><\/figure>\n<h3 class=\"wp-block-heading\" id=\"forme-infiltrative\"><strong>Forme infiltrative<\/strong><\/h3>\n<p>\u041f\u0440\u0438 \u0438\u043d\u0444\u0438\u043b\u044c\u0442\u0440\u0430\u0442\u0438\u0432\u043d\u043e\u0439 \u0444\u043e\u0440\u043c\u0435 \u043d\u0430 \u0444\u043e\u043d\u0435 \u0433\u0438\u043f\u0435\u0440\u0435\u043c\u0438\u0440\u043e\u0432\u0430\u043d\u043d\u043e\u0439 \u0441\u043b\u0438\u0437\u0438\u0441\u0442\u043e\u0439 \u0433\u043e\u0440\u0442\u0430\u043d\u0438 \u043e\u043f\u0440\u0435\u0434\u0435\u043b\u044f\u0435\u0442\u0441\u044f \u0432\u044b\u0440\u0430\u0436\u0435\u043d\u043d\u044b\u0439 \u043e\u0442\u0435\u043a \u0441\u043b\u0438\u0437\u0438\u0441\u0442\u043e\u0439 \u043e\u0431\u043e\u043b\u043e\u0447\u043a\u0438 \u0433\u043e\u043b\u043e\u0441\u043e\u0432\u044b\u0445 \u0441\u043a\u043b\u0430\u0434\u043e\u043a \u0438 \u043c\u0435\u0436\u0447\u0435\u0440\u043f\u0430\u043b\u043e\u0432\u0438\u0434\u043d\u043e\u0433\u043e \u043f\u0440\u043e\u0441\u0442\u0440\u0430\u043d\u0441\u0442\u0432\u0430. \u0421\u043a\u043b\u0430\u0434\u043a\u0438 \u0441\u0442\u0430\u043d\u043e\u0432\u044f\u0442\u0441\u044f \u0436\u0435\u043b\u0435\u043e\u0431\u0440\u0430\u0437\u043d\u044b\u043c\u0438, \u043d\u0435\u0440\u043e\u0432\u043d\u044b\u043c\u0438, \u043f\u0440\u0438 \u0444\u043e\u043d\u0430\u0446\u0438\u0438 \u0441\u043c\u044b\u043a\u0430\u044e\u0442\u0441\u044f \u043d\u0435 \u043f\u043e\u043b\u043d\u043e\u0441\u0442\u044c\u044e, \u0433\u043e\u043b\u043e\u0441\u043e\u0432\u0430\u044f \u0449\u0435\u043b\u044c \u0441\u0443\u0436\u0435\u043d\u0430. \u0412 \u0442\u044f\u0436\u0435\u043b\u044b\u0445 \u0441\u043b\u0443\u0447\u0430\u044f\u0445 \u043e\u0442\u0435\u043a \u043c\u043e\u0436\u0435\u0442 \u043e\u0445\u0432\u0430\u0442\u044b\u0432\u0430\u0442\u044c \u0432\u0435\u0441\u0442\u0438\u0431\u0443\u043b\u044f\u0440\u043d\u044b\u0435 \u0441\u043a\u043b\u0430\u0434\u043a\u0438, \u043a\u043e\u0442\u043e\u0440\u044b\u0435 \u043f\u0440\u0438 \u044d\u0442\u043e\u043c \u043f\u0440\u0438\u043a\u0440\u044b\u0432\u0430\u044e\u0442 \u0438\u0441\u0442\u0438\u043d\u043d\u044b\u0435 \u0433\u043e\u043b\u043e\u0441\u043e\u0432\u044b\u0435, \u0430 \u0442\u0430\u043a\u0436\u0435 \u0440\u0430\u0441\u043f\u0440\u043e\u0441\u0442\u0440\u0430\u043d\u044f\u0442\u044c\u0441\u044f \u043d\u0430 \u0441\u043b\u0438\u0437\u0438\u0441\u0442\u0443\u044e \u043f\u043e\u0434\u0441\u043a\u043b\u0430\u0434\u043e\u0447\u043d\u043e\u0433\u043e \u043e\u0442\u0434\u0435\u043b\u0430.<\/p>\n<p>Dans le contexte des changements inflammatoires des cordes vocales, une perturbation de leurs vibrations est observ\u00e9e. L\u2019amplitude et la fr\u00e9quence du mouvement des plis vocaux changent, ce qui affecte la phonation. <\/p>\n<h2 class=\"wp-block-heading\" id=\"tableau-clinique\"><strong>Tableau clinique<\/strong><\/h2>\n<p>\u041f\u0440\u043e\u0441\u0442\u044b\u0435 \u0444\u043e\u0440\u043c\u044b \u043b\u0430\u0440\u0438\u043d\u0433\u0438\u0442\u0430 (\u043a\u0430\u0442\u0430\u0440\u0430\u043b\u044c\u043d\u0430\u044f, \u0438\u043d\u0444\u0438\u043b\u044c\u0442\u0440\u0430\u0442\u0438\u0432\u043d\u0430\u044f) \u043a\u043b\u0438\u043d\u0438\u0447\u0435\u0441\u043a\u0438 \u043f\u0440\u043e\u044f\u0432\u043b\u044f\u044e\u0442\u0441\u044f \u0432\u043d\u0435\u0437\u0430\u043f\u043d\u043e \u043f\u043e\u044f\u0432\u0438\u0432\u0448\u0435\u0439\u0441\u044f \u043e\u0445\u0440\u0438\u043f\u043b\u043e\u0441\u0442\u044c\u044e \u0432 \u0433\u043e\u043b\u043e\u0441\u0435, \u0432 \u0440\u044f\u0434\u0435 \u0441\u043b\u0443\u0447\u0430\u0435\u0432 \u2014 \u0430\u0444\u043e\u043d\u0438\u0435\u0439 (\u043f\u043e\u0442\u0435\u0440\u0435\u0439 \u0433\u043e\u043b\u043e\u0441\u0430). <\/p>\n<p><strong>\u041e\u0441\u043d\u043e\u0432\u043d\u044b\u0435 \u0441\u0438\u043c\u043f\u0442\u043e\u043c\u044b:<\/strong><\/p>\n<ul class=\"wp-block-list\">\n<li>\u0431\u043e\u043b\u044c \u0432 \u0433\u043e\u0440\u043b\u0435, \u0449\u0435\u043a\u043e\u0442\u0430\u043d\u0438\u0435, \u043f\u0430\u0440\u043e\u043a\u0441\u0438\u0437\u043c\u044b \u043a\u0430\u0448\u043b\u044f;<\/li>\n<li>\u0433\u043e\u043b\u043e\u0441 \u0441\u0442\u0430\u043d\u043e\u0432\u0438\u0442\u0441\u044f \u0441\u0438\u043f\u043b\u044b\u043c, \u0431\u044b\u0441\u0442\u0440\u043e \u0443\u0441\u0442\u0430\u0435\u0442;<\/li>\n<li>\u0443 \u043b\u0438\u0446 \u0433\u043e\u043b\u043e\u0441\u043e\u0432\u043e\u0439 \u043f\u0440\u043e\u0444\u0435\u0441\u0441\u0438\u0438 \u043d\u0430\u0431\u043b\u044e\u0434\u0430\u044e\u0442\u0441\u044f \u0438\u0437\u043c\u0435\u043d\u0435\u043d\u0438\u044f \u0432\u043e\u043a\u0430\u043b\u044c\u043d\u043e\u0433\u043e \u0434\u0438\u0430\u043f\u0430\u0437\u043e\u043d\u0430.<\/li>\n<\/ul>\n<p>\u041f\u0440\u0438 \u0438\u043d\u0444\u0435\u043a\u0446\u0438\u043e\u043d\u043d\u043e\u043c \u0445\u0430\u0440\u0430\u043a\u0442\u0435\u0440\u0435 \u0437\u0430\u0431\u043e\u043b\u0435\u0432\u0430\u043d\u0438\u044f \u043f\u043e\u043c\u0438\u043c\u043e \u043b\u043e\u043a\u0430\u043b\u044c\u043d\u044b\u0445 \u0436\u0430\u043b\u043e\u0431 \u043e\u0442\u043c\u0435\u0447\u0430\u0435\u0442\u0441\u044f \u043f\u0440\u043e\u044f\u0432\u043b\u0435\u043d\u0438\u0435 \u0434\u0440\u0443\u0433\u0438\u0445 \u0441\u0438\u043c\u043f\u0442\u043e\u043c\u043e\u0432 \u0440\u0435\u0441\u043f\u0438\u0440\u0430\u0442\u043e\u0440\u043d\u043e\u0439 \u0438\u043d\u0444\u0435\u043a\u0446\u0438\u0438:<\/p>\n<ul class=\"wp-block-list\">\n<li>\u043f\u043e\u0432\u044b\u0448\u0435\u043d\u0438\u0435 \u0442\u0435\u043c\u043f\u0435\u0440\u0430\u0442\u0443\u0440\u044b;<\/li>\n<li>\u043a\u0430\u0448\u0435\u043b\u044c;<\/li>\n<li>\u0431\u043e\u043b\u0438 \u0432 \u0433\u043e\u0440\u043b\u0435;<\/li>\n<li>\u043d\u0430\u0440\u0443\u0448\u0435\u043d\u0438\u0435 \u043d\u043e\u0441\u043e\u0432\u043e\u0433\u043e \u0434\u044b\u0445\u0430\u043d\u0438\u044f;<\/li>\n<li>\u0440\u0438\u043d\u043e\u0440\u0435\u044f.<\/li>\n<\/ul>\n<p>Dans la plupart des cas, les sympt\u00f4mes de la laryngite aigu\u00eb disparaissent au bout d\u2019un \u00e0 trois jours, mais peuvent persister jusqu\u2019\u00e0 sept jours.<\/p>\n<h2 class=\"wp-block-heading\" id=\"diagnostic-de-la-laryngite-aigue\"><strong>Diagnostic de la laryngite aigu\u00eb<\/strong><\/h2>\n<p>Le diagnostic comprend :<\/p>\n<ul class=\"wp-block-list\">\n<li>\u043e\u043f\u0440\u043e\u0441 \u043f\u0430\u0446\u0438\u0435\u043d\u0442\u0430, \u0441\u0431\u043e\u0440 \u0430\u043d\u0430\u043c\u043d\u0435\u0437\u0430 \u0437\u0430\u0431\u043e\u043b\u0435\u0432\u0430\u043d\u0438\u044f;<\/li>\n<li>\u043e\u0446\u0435\u043d\u043a\u0443 \u043e\u0431\u0449\u0435\u0433\u043e \u0441\u043e\u0441\u0442\u043e\u044f\u043d\u0438\u044f \u0441 \u043e\u0431\u044f\u0437\u0430\u0442\u0435\u043b\u044c\u043d\u044b\u043c \u0443\u0442\u043e\u0447\u043d\u0435\u043d\u0438\u0435\u043c \u0441\u0438\u043c\u043f\u0442\u043e\u043c\u043e\u0432 \u0434\u044b\u0445\u0430\u0442\u0435\u043b\u044c\u043d\u043e\u0439 \u043d\u0435\u0434\u043e\u0441\u0442\u0430\u0442\u043e\u0447\u043d\u043e\u0441\u0442\u0438;<\/li>\n<li>\u043e\u0431\u0449\u0438\u0439 \u0438 \u043e\u0442\u043e\u0440\u0438\u043d\u043e\u043b\u0430\u0440\u0438\u043d\u0433\u043e\u043b\u043e\u0433\u0438\u0447\u0435\u0441\u043a\u0438\u0439 \u043e\u0441\u043c\u043e\u0442\u0440;<\/li>\n<li>\u043d\u0435\u043f\u0440\u044f\u043c\u0443\u044e \u043b\u0430\u0440\u0438\u043d\u0433\u043e\u0441\u043a\u043e\u043f\u0438\u044e;<\/li>\n<li>\u0444\u0438\u0431\u0440\u043e\u0441\u043a\u043e\u043f\u0438\u044e \u0433\u043e\u0440\u0442\u0430\u043d\u0438 (\u043f\u043e \u0432\u043e\u0437\u043c\u043e\u0436\u043d\u043e\u0441\u0442\u0438).<\/li>\n<\/ul>\n<p>\u041d\u0430\u0431\u043b\u044e\u0434\u0430\u044e\u0442\u0441\u044f \u0441\u043b\u0435\u0434\u0443\u044e\u0449\u0438\u0435 \u0438\u0437\u043c\u0435\u043d\u0435\u043d\u0438\u044f: \u0433\u0438\u043f\u0435\u0440\u0435\u043c\u0438\u044f \u0441\u043b\u0438\u0437\u0438\u0441\u0442\u043e\u0439 \u0432\u0435\u0441\u0442\u0438\u0431\u0443\u043b\u044f\u0440\u043d\u043e\u0433\u043e \u043e\u0442\u0434\u0435\u043b\u0430, \u0433\u043e\u043b\u043e\u0441\u043e\u0432\u044b\u0445 \u0438 \u0447\u0435\u0440\u043f\u0430\u043b\u043e-\u043d\u0430\u0434\u0433\u043e\u0440\u0442\u0430\u043d\u043d\u044b\u0445 \u0441\u043a\u043b\u0430\u0434\u043e\u043a; \u043d\u0430 \u0433\u043e\u043b\u043e\u0441\u043e\u0432\u044b\u0445 \u0441\u043a\u043b\u0430\u0434\u043a\u0430\u0445 \u0438\u043c\u0435\u0435\u0442\u0441\u044f \u0438\u043d\u044a\u0435\u043a\u0446\u0438\u044f \u0441\u043e\u0441\u0443\u0434\u043e\u0432.<\/p>\n<figure class=\"wp-block-video\" id=\"animation-3d-laryngite-catarrhale-aigue\"><video controls><source data-src=\"https:\/\/storage.googleapis.com\/dev_wiki_voka_io_303011\/articles\/en\/otorhinolaryngology\/acute-laryngitis\/acute-catarrhal-laryngitis.webm\" type=\"video\/webm\"><\/source><\/video><figcaption class=\"wp-element-caption\">Animation 3D \u2013 laryngite catarrhale aigu\u00eb<\/figcaption><\/figure>\n<p>Dans la forme infiltrative, le gonflement des plis vocaux est caract\u00e9ristique : ceux-ci ne se ferment pas compl\u00e8tement lors de la phonation. Une accumulation de mucus sur les parois lat\u00e9rales du larynx, entre les cordes vocales, notamment dans la r\u00e9gion inter-\u00e9piglottique, peut \u00eatre observ\u00e9e. Des plaques sur les plis vocaux et d\u2019autres parties du larynx indiquent une inflammation d\u2019origine bact\u00e9rienne.   <\/p>\n<p>La stroboscopie permet de diagnostiquer des troubles de la mobilit\u00e9 des vrais plis vocaux chez des patients atteints de laryngite. <\/p>\n<div class=\"social-banner-block\">\n<div class=\"social-banner-content\">\n<p class=\"h5-title text-black\">Retrouvez d\u2019autres contenus scientifiquement exacts sur nos m\u00e9dias sociaux<\/p>\n<p><span class=\"social-banner-text text-grey\">Abonnez-vous et ne manquez pas les derni\u00e8res ressources<\/span><\/p>\n<div class=\"social-links-wrapper\"><a class=\"social-icon-link\" href=\"https:\/\/www.facebook.com\/VOKA3DAnatomyAndPathology\/\" target=\"_blank\" rel=\"nofollow noopener\"><img decoding=\"async\" src=\"https:\/\/storage.googleapis.com\/dev_wiki_voka_io_303011\/common\/Social%20Icons\/facebook.svg\" alt=\"social link\"><\/a><a class=\"social-icon-link\" href=\"https:\/\/www.instagram.com\/voka.io\/\" target=\"_blank\" rel=\"nofollow noopener\"><img decoding=\"async\" src=\"https:\/\/storage.googleapis.com\/dev_wiki_voka_io_303011\/common\/Social%20Icons\/insta.svg\" alt=\"social link\"><\/a><a class=\"social-icon-link\" href=\"https:\/\/www.linkedin.com\/company\/voka-io\/posts\/?feedView=all\" target=\"_blank\" rel=\"nofollow noopener\"><img decoding=\"async\" src=\"https:\/\/storage.googleapis.com\/dev_wiki_voka_io_303011\/common\/Social%20Icons\/linkedin.svg\" alt=\"social link\"><\/a><a class=\"social-icon-link\" href=\"https:\/\/www.youtube.com\/@vokaio\" target=\"_blank\" rel=\"nofollow noopener\"><img decoding=\"async\" src=\"https:\/\/storage.googleapis.com\/dev_wiki_voka_io_303011\/common\/Social%20Icons\/youtube.svg\" alt=\"social link\"><\/a><a class=\"social-icon-link\" href=\"https:\/\/www.pinterest.com\/voka3danatomyandpathology\/\" target=\"_blank\" rel=\"nofollow noopener\"><img decoding=\"async\" src=\"https:\/\/storage.googleapis.com\/dev_wiki_voka_io_303011\/common\/Social%20Icons\/pinterest.svg\" alt=\"social link\"><\/a><a class=\"social-icon-link\" href=\"https:\/\/www.tiktok.com\/@voka.io\" target=\"_blank\" rel=\"nofollow noopener\"><img decoding=\"async\" src=\"https:\/\/storage.googleapis.com\/dev_wiki_voka_io_303011\/common\/Social%20Icons\/tiktok.svg\" alt=\"social link\"><\/a><a class=\"social-icon-link\" href=\"https:\/\/discord.gg\/7ejUpq8DRR\" target=\"_blank\" rel=\"nofollow noopener\"><img decoding=\"async\" src=\"https:\/\/storage.googleapis.com\/dev_wiki_voka_io_303011\/common\/Social%20Icons\/discord.svg\" alt=\"social link\"><\/a><\/div>\n<\/div>\n<p><img decoding=\"async\" class=\"social-banner-image\" loading=\"lazy\" src=\"https:\/\/storage.googleapis.com\/dev_wiki_voka_io_303011\/common\/social-media-banner-mobile-image.webp\" alt=\"Banner background\"><\/div>\n<h2 class=\"wp-block-heading\" id=\"traitement-de-la-laryngite-aigue\"><strong>Traitement de la laryngite aigu\u00eb<\/strong><\/h2>\n<p>\u0411\u043e\u043b\u044c\u0448\u0438\u043d\u0441\u0442\u0432\u0443 \u043f\u0430\u0446\u0438\u0435\u043d\u0442\u043e\u0432 \u0441 \u043e\u0441\u0442\u0440\u044b\u043c \u043d\u0435\u043e\u0441\u043b\u043e\u0436\u043d\u0435\u043d\u043d\u044b\u043c \u043b\u0430\u0440\u0438\u043d\u0433\u0438\u0442\u043e\u043c \u0434\u043e\u0441\u0442\u0430\u0442\u043e\u0447\u043d\u043e \u0441\u0438\u043c\u043f\u0442\u043e\u043c\u0430\u0442\u0438\u0447\u0435\u0441\u043a\u043e\u0433\u043e \u043b\u0435\u0447\u0435\u043d\u0438\u044f:<\/p>\n<ul class=\"wp-block-list\">\n<li>\u0433\u043e\u043b\u043e\u0441\u043e\u0432\u043e\u0439 \u043f\u043e\u043a\u043e\u0439 \u2014 \u0438\u0437\u0431\u0435\u0433\u0430\u0442\u044c \u0433\u043e\u043b\u043e\u0441\u043e\u0432\u043e\u0439 \u043d\u0430\u0433\u0440\u0443\u0437\u043a\u0438, \u0432\u043a\u043b\u044e\u0447\u0430\u044f \u0448\u0435\u043f\u043e\u0442\u043d\u0443\u044e \u0440\u0435\u0447\u044c;<\/li>\n<li>\u043e\u0433\u0440\u0430\u043d\u0438\u0447\u0435\u043d\u0438\u0435 \u043a\u0443\u0440\u0435\u043d\u0438\u044f;<\/li>\n<li>\u043e\u0431\u0438\u043b\u044c\u043d\u043e\u0435 \u0442\u0435\u043f\u043b\u043e\u0435 \u043f\u0438\u0442\u044c\u0435;<\/li>\n<li>\u0443\u0432\u043b\u0430\u0436\u043d\u0435\u043d\u0438\u0435 \u0432\u043e\u0437\u0434\u0443\u0445\u0430 \u0438 \u0449\u0435\u043b\u043e\u0447\u043d\u044b\u0435 \u0438\u043d\u0433\u0430\u043b\u044f\u0446\u0438\u0438 \u2014 \u0441\u043f\u043e\u0441\u043e\u0431\u0441\u0442\u0432\u0443\u044e\u0442 \u0443\u043b\u0443\u0447\u0448\u0435\u043d\u0438\u044e \u0441\u043e\u0441\u0442\u043e\u044f\u043d\u0438\u044f \u0441\u043b\u0438\u0437\u0438\u0441\u0442\u043e\u0439;<\/li>\n<li>\u0438\u043d\u0433\u0430\u043b\u044f\u0446\u0438\u0438 \u0441 \u043a\u043e\u0440\u0442\u0438\u043a\u043e\u0441\u0442\u0435\u0440\u043e\u0438\u0434\u0430\u043c\u0438 \u2014 \u043d\u0430\u0437\u043d\u0430\u0447\u0430\u044e\u0442\u0441\u044f \u043f\u0440\u0438 \u0432\u044b\u0440\u0430\u0436\u0435\u043d\u043d\u043e\u043c \u043e\u0442\u0435\u043a\u0435.<\/li>\n<\/ul>\n<p>En cas de signes d\u2019infection ou de suspicion de maladie d\u2019origine bact\u00e9rienne, les m\u00e9dicaments suivants sont prescrits :<\/p>\n<ul class=\"wp-block-list\">\n<li><strong>\u043f<\/strong><strong>\u0440\u043e\u0442\u0438\u0432\u043e\u0432\u043e\u0441\u043f\u0430\u043b\u0438\u0442\u0435\u043b\u044c\u043d\u044b\u0435 \u043f\u0440\u0435\u043f\u0430\u0440\u0430\u0442\u044b<\/strong> \u2014 \u043f\u0440\u0438 \u0441\u0438\u043c\u043f\u0442\u043e\u043c\u0430\u0445 \u043e\u0431\u0449\u0435\u0439 \u0438\u043d\u0444\u0435\u043a\u0446\u0438\u0438;<\/li>\n<li><strong>\u043c<\/strong><strong>\u0435\u0441\u0442\u043d\u044b\u0435 \u0430\u043d\u0442\u0438\u0431\u0430\u043a\u0442\u0435\u0440\u0438\u0430\u043b\u044c\u043d\u044b\u0435 \u043f\u0440\u0435\u043f\u0430\u0440\u0430\u0442\u044b<\/strong> \u2014 \u0432 \u0432\u0438\u0434\u0435 \u0441\u043f\u0440\u0435\u0435\u0432 \u043f\u0440\u0438 \u043f\u043e\u0434\u043e\u0437\u0440\u0435\u043d\u0438\u0438 \u043d\u0430 \u0431\u0430\u043a\u0442\u0435\u0440\u0438\u0430\u043b\u044c\u043d\u044b\u0439 \u043b\u0430\u0440\u0438\u043d\u0433\u0438\u0442;<\/li>\n<li><strong>\u0441<\/strong><strong>\u0438\u0441\u0442\u0435\u043c\u043d\u0443\u044e \u0430\u043d\u0442\u0438\u0431\u0430\u043a\u0442\u0435\u0440\u0438\u0430\u043b\u044c\u043d\u0443\u044e \u0442\u0435\u0440\u0430\u043f\u0438\u044e<\/strong> \u2014 \u043f\u0440\u0438 \u043e\u0442\u0441\u0443\u0442\u0441\u0442\u0432\u0438\u0438 \u044d\u0444\u0444\u0435\u043a\u0442\u0430 \u043e\u0442 \u043c\u0435\u0441\u0442\u043d\u043e\u0433\u043e \u043b\u0435\u0447\u0435\u043d\u0438\u044f.<\/li>\n<\/ul>\n<div>\n<h2 class=\"faq-title h2-article\" id=\"faq\">FAQ<\/h2>\n<div class=\"faq-section\">\n<div class=\"faq-item faq-answer-hidden\">\n<div class=\"question-block\">\n<div class=\"faq-question\">\n<p class=\" text-black h5-title\">1. Quels sont les sympt\u00f4mes de la laryngite aigu\u00eb ?<\/p>\n<\/div>\n<div class=\"faq-answer text-main-text-color main-text-medium\">La laryngite aigu\u00eb se manifeste par un enrouement soudain de la voix, des paroxysmes de toux, des maux de gorge, des picotements et, dans certains cas, une perte totale de la voix (aphonie). <\/div>\n<\/div>\n<div class=\"expand-button-wrapper\"><button class=\"text-accent expand-button\">+<\/button><\/div>\n<\/div>\n<div class=\"faq-item faq-answer-hidden\">\n<div class=\"question-block\">\n<div class=\"faq-question\">\n<p class=\" text-black h5-title\">2. Quels sont les sympt\u00f4mes de la laryngite aigu\u00eb chez les enfants et comment la traiter ?<\/p>\n<\/div>\n<div class=\"faq-answer text-main-text-color main-text-medium\">Chez les enfants, la laryngite aigu\u00eb se manifeste par des sympt\u00f4mes tels que l\u2019enrouement, la toux s\u00e8che et les difficult\u00e9s respiratoires, qui peuvent \u00eatre associ\u00e9s \u00e0 un <span class=\"glossary-term\" data-title=\"\u0152d\u00e8me\" data-tooltip=\"L&#039;\u0153d\u00e8me est une accumulation excessive de liquide dans les espaces intercellulaires (interstitiels) des tissus ou dans les cavit\u00e9s s\u00e9reuses du corps. Cliniquement, il se manifeste par un gonflement, une augmentation de volume d&#039;un organe ou d&#039;une partie du corps. \" data-link=\"https:\/\/wiki.dev.voka.io\/fr\/glossaire\/oedeme\/\">\u0153d\u00e8me<\/span> des cordes vocales. Le traitement comprend g\u00e9n\u00e9ralement l\u2019humidification de l\u2019air, le repos vocal et une boisson chaude abondante. Dans certains cas, des inhalations et des m\u00e9dicaments anti-inflammatoires sont prescrits.  <\/div>\n<\/div>\n<div class=\"expand-button-wrapper\"><button class=\"text-accent expand-button\">+<\/button><\/div>\n<\/div>\n<div class=\"faq-item faq-answer-hidden\">\n<div class=\"question-block\">\n<div class=\"faq-question\">\n<p class=\" text-black h5-title\">3. Quelles sont les principales causes de laryngite aigu\u00eb ?<\/p>\n<\/div>\n<div class=\"faq-answer text-main-text-color main-text-medium\">\u041e\u0441\u0442\u0440\u044b\u0439 \u043b\u0430\u0440\u0438\u043d\u0433\u0438\u0442 \u043c\u043e\u0436\u0435\u0442 \u0432\u043e\u0437\u043d\u0438\u043a\u0430\u0442\u044c \u043f\u043e \u0438\u043d\u0444\u0435\u043a\u0446\u0438\u043e\u043d\u043d\u044b\u043c (\u0432\u0438\u0440\u0443\u0441\u043d\u044b\u043c \u0438 \u0431\u0430\u043a\u0442\u0435\u0440\u0438\u0430\u043b\u044c\u043d\u044b\u043c) \u0438 \u043d\u0435\u0438\u043d\u0444\u0435\u043a\u0446\u0438\u043e\u043d\u043d\u044b\u043c \u043f\u0440\u0438\u0447\u0438\u043d\u0430\u043c. \u0412\u0438\u0440\u0443\u0441\u044b, \u0442\u0430\u043a\u0438\u0435 \u043a\u0430\u043a \u0433\u0440\u0438\u043f\u043f, \u043f\u0430\u0440\u0430\u0433\u0440\u0438\u043f\u043f, \u0420\u0421-\u0432\u0438\u0440\u0443\u0441 \u0438 \u0434\u0440\u0443\u0433\u0438\u0435, \u044f\u0432\u043b\u044f\u044e\u0442\u0441\u044f \u043e\u0441\u043d\u043e\u0432\u043d\u044b\u043c\u0438 \u0432\u043e\u0437\u0431\u0443\u0434\u0438\u0442\u0435\u043b\u044f\u043c\u0438. \u0422\u0430\u043a\u0436\u0435 \u043c\u043e\u0433\u0443\u0442 \u0432\u043b\u0438\u044f\u0442\u044c \u0432\u043e\u0437\u0434\u0435\u0439\u0441\u0442\u0432\u0438\u0435 \u0430\u043b\u043b\u0435\u0440\u0433\u0435\u043d\u043e\u0432, \u0447\u0440\u0435\u0437\u043c\u0435\u0440\u043d\u0430\u044f \u0433\u043e\u043b\u043e\u0441\u043e\u0432\u0430\u044f \u043d\u0430\u0433\u0440\u0443\u0437\u043a\u0430, \u0437\u0430\u0433\u0440\u044f\u0437\u043d\u0435\u043d\u0438\u0435 \u0432\u043e\u0437\u0434\u0443\u0445\u0430 \u0438 \u0440\u0430\u0437\u0434\u0440\u0430\u0436\u0430\u044e\u0449\u0438\u0435 \u0445\u0438\u043c\u0438\u0447\u0435\u0441\u043a\u0438\u0435 \u0432\u0435\u0449\u0435\u0441\u0442\u0432\u0430.<\/div>\n<\/div>\n<div class=\"expand-button-wrapper\"><button class=\"text-accent expand-button\">+<\/button><\/div>\n<\/div>\n<div class=\"faq-item faq-answer-hidden\">\n<div class=\"question-block\">\n<div class=\"faq-question\">\n<p class=\" text-black h5-title\">4. Quelles sont les recommandations cliniques pour la laryngite aigu\u00eb ?<\/p>\n<\/div>\n<div class=\"faq-answer text-main-text-color main-text-medium\">\u0420\u0435\u043a\u043e\u043c\u0435\u043d\u0434\u0443\u0435\u0442\u0441\u044f \u0441\u0438\u043c\u043f\u0442\u043e\u043c\u0430\u0442\u0438\u0447\u0435\u0441\u043a\u043e\u0435 \u043b\u0435\u0447\u0435\u043d\u0438\u0435 \u0441 \u0443\u0432\u043b\u0430\u0436\u043d\u0435\u043d\u0438\u0435\u043c \u0432\u043e\u0437\u0434\u0443\u0445\u0430, \u0449\u0435\u043b\u043e\u0447\u043d\u044b\u043c\u0438 \u0438\u043d\u0433\u0430\u043b\u044f\u0446\u0438\u044f\u043c\u0438 \u0438 \u043e\u0431\u0438\u043b\u044c\u043d\u044b\u043c \u043f\u0438\u0442\u044c\u0435\u043c. \u041f\u0440\u0438 \u0431\u0430\u043a\u0442\u0435\u0440\u0438\u0430\u043b\u044c\u043d\u043e\u0439 \u0438\u043d\u0444\u0435\u043a\u0446\u0438\u0438 \u043c\u043e\u0433\u0443\u0442 \u0431\u044b\u0442\u044c \u043d\u0430\u0437\u043d\u0430\u0447\u0435\u043d\u044b \u0430\u043d\u0442\u0438\u0431\u0430\u043a\u0442\u0435\u0440\u0438\u0430\u043b\u044c\u043d\u044b\u0435 \u043f\u0440\u0435\u043f\u0430\u0440\u0430\u0442\u044b. \u0412 \u0441\u043b\u0443\u0447\u0430\u0435 \u0432\u044b\u0440\u0430\u0436\u0435\u043d\u043d\u043e\u0433\u043e \u043e\u0442\u0435\u043a\u0430 \u2014 \u0438\u043d\u0433\u0430\u043b\u044f\u0446\u0438\u0438 \u0441 \u043a\u043e\u0440\u0442\u0438\u043a\u043e\u0441\u0442\u0435\u0440\u043e\u0438\u0434\u0430\u043c\u0438. \u0412\u0430\u0436\u043d\u043e \u0441\u043e\u0431\u043b\u044e\u0434\u0430\u0442\u044c \u0433\u043e\u043b\u043e\u0441\u043e\u0432\u043e\u0439 \u043f\u043e\u043a\u043e\u0439, \u0438\u0437\u0431\u0435\u0433\u0430\u0442\u044c \u0448\u0435\u043f\u043e\u0442\u043d\u043e\u0439 \u0440\u0435\u0447\u0438, \u043e\u0442\u043a\u0430\u0437\u0430\u0442\u044c\u0441\u044f \u043e\u0442 \u043a\u0443\u0440\u0435\u043d\u0438\u044f. <\/div>\n<\/div>\n<div class=\"expand-button-wrapper\"><button class=\"text-accent expand-button\">+<\/button><\/div>\n<\/div>\n<div class=\"faq-item faq-answer-hidden\">\n<div class=\"question-block\">\n<div class=\"faq-question\">\n<p class=\" text-black h5-title\">5. Combien de temps peut durer une laryngite aigu\u00eb ?<\/p>\n<\/div>\n<div class=\"faq-answer text-main-text-color main-text-medium\">La laryngite aigu\u00eb dure g\u00e9n\u00e9ralement entre un et trois jours, mais les sympt\u00f4mes peuvent persister jusqu\u2019\u00e0 sept jours, notamment si la maladie est d\u2019origine infectieuse ou si des complications surviennent.<\/div>\n<\/div>\n<div class=\"expand-button-wrapper\"><button class=\"text-accent expand-button\">+<\/button><\/div>\n<\/div>\n<\/div>\n<\/div>\n<div class=\"sources-list-block sources-list-hidden\" id=\"references\">\n<div class=\"sources-list-content\">\n<div class=\"sources-list-title\">\n<p class=\"small-text-bold text-black sources-list-title-text\">R\u00e9f\u00e9rences<\/p>\n<div class=\"sources-expand-button-wrapper-mobile\">\n<div class=\"sources-expand-button\"><svg width=\"32\" height=\"32\" viewbox=\"0 0 32 32\" fill=\"none\" xmlns=\"http:\/\/www.w3.org\/2000\/svg\"><path d=\"M8 12L16 20L24 12\" stroke=\"#8C9AAB\" stroke-width=\"2\" stroke-linecap=\"round\" stroke-linejoin=\"round\"><\/path><\/svg><\/div>\n<\/div>\n<\/div>\n<div class=\"sources-list-items\">\n<div class=\"source-item\">\n<p class=\"main-text-semibold text-black\">1.<\/p>\n<div class=\"source-item-content\">\n<p class=\"main-text-semibold text-black\"><cite>VOKA 3D Anatomy & Pathology \u2013 Complete Anatomy and Pathology 3D Atlas [Internet]. VOKA 3D Anatomy & Pathology. <\/cite><\/p>\n<p><span class=\"small-text-medium text-grey\">Available from: https:\/\/catalog.voka.io\/<\/span><\/div>\n<\/div>\n<div class=\"source-item\">\n<p class=\"main-text-semibold text-black\">2.<\/p>\n<div class=\"source-item-content\">\n<p class=\"main-text-semibold text-black\"><cite>Sclafani AP, Dyleski RA, Pitman MJ, Schantz SP. Total otolaryngology\u2014head and neck surgery. New York: Thieme Medical Publishers; 2015. ISBN: 978-1-60406-646-3. <\/cite><\/p>\n<\/div>\n<\/div>\n<div class=\"source-item\">\n<p class=\"main-text-semibold text-black\">3.<\/p>\n<div class=\"source-item-content\">\n<p class=\"main-text-semibold text-black\"><cite>Behrbohm H, Kaschke O, Nawka T, Swift A. Ear, Nose, and Throat Diseases. 2nd ed. Moscow: MEDpress-inform; 2016. 776 p. Russian. ISBN 978-5-00030-322-1. <\/cite><\/p>\n<\/div>\n<\/div>\n<div class=\"source-item\">\n<p class=\"main-text-semibold text-black\">4.<\/p>\n<div class=\"source-item-content\">\n<p class=\"main-text-semibold text-black\"><cite>Gupta G, Mahajan K. Acute Laryngitis. [Updated 2022 Sep 12]. In: StatPearls [Internet]. Treasure Island (FL): StatPearls Publishing; 2025 Jan-. <\/cite><\/p>\n<p><span class=\"small-text-medium text-grey\">Available from: https:\/\/www.ncbi.nlm.nih.gov\/books\/NBK534871\/<\/span><\/div>\n<\/div>\n<div class=\"source-item\">\n<p class=\"main-text-semibold text-black\">5.<\/p>\n<div class=\"source-item-content\">\n<p class=\"main-text-semibold text-black\"><cite>Jaworek AJ, Earasi K, Lyons KM, Daggumati S, Hu A, Sataloff RT. Acute infectious laryngitis: A case series. Ear Nose Throat J. 2018 Sep;97(9):306-313. doi: 10.1177\/014556131809700920. PMID: 30273430.<\/cite><\/p>\n<\/div>\n<\/div>\n<\/div>\n<\/div>\n<div class=\"sources-expand-button-wrapper\">\n<div class=\"sources-expand-button\"><svg width=\"32\" height=\"32\" viewbox=\"0 0 32 32\" fill=\"none\" xmlns=\"http:\/\/www.w3.org\/2000\/svg\"><path d=\"M8 12L16 20L24 12\" stroke=\"#8C9AAB\" stroke-width=\"2\" stroke-linecap=\"round\" stroke-linejoin=\"round\"><\/path><\/svg><\/div>\n<\/div>\n<\/div>\n","protected":false},"excerpt":{"rendered":"<p>\u041e\u0441\u0442\u0440\u044b\u0439 \u043b\u0430\u0440\u0438\u043d\u0433\u0438\u0442 \u2014 \u0432\u043e\u0441\u043f\u0430\u043b\u0435\u043d\u0438\u0435 \u0433\u043e\u0440\u0442\u0430\u043d\u0438, \u0441\u043e\u0445\u0440\u0430\u043d\u044f\u044e\u0449\u0435\u0435\u0441\u044f \u0434\u043e 7 \u0434\u043d\u0435\u0439. \u0425\u0430\u0440\u0430\u043a\u0442\u0435\u0440\u0438\u0437\u0443\u0435\u0442\u0441\u044f \u0440\u0430\u0437\u0432\u0438\u0442\u0438\u0435\u043c \u0441\u043e\u0441\u0443\u0434\u0438\u0441\u0442\u043e\u0439 \u0433\u0438\u043f\u0435\u0440\u0435\u043c\u0438\u0438, \u043e\u0442\u0435\u043a\u0430 \u0438 \u043a\u043b\u0435\u0442\u043e\u0447\u043d\u043e\u0439 \u0438\u043d\u0444\u0438\u043b\u044c\u0442\u0440\u0430\u0446\u0438\u0438 \u0441\u043b\u0438\u0437\u0438\u0441\u0442\u043e\u0439, \u043f\u0440\u0435\u0438\u043c\u0443\u0449\u0435\u0441\u0442\u0432\u0435\u043d\u043d\u043e \u0432 \u043e\u0431\u043b\u0430\u0441\u0442\u0438 \u0433\u043e\u043b\u043e\u0441\u043e\u0432\u044b\u0445 \u0441\u043a\u043b\u0430\u0434\u043e\u043a. \u0423\u043a\u0430\u0437\u0430\u043d\u043d\u044b\u0435 \u0438\u0437\u043c\u0435\u043d\u0435\u043d\u0438\u044f \u043d\u0430\u0440\u0443\u0448\u0430\u044e\u0442 \u0444\u0443\u043d\u043a\u0446\u0438\u044e \u0433\u043e\u043b\u043e\u0441\u043e\u0432\u043e\u0433\u043e \u0430\u043f\u043f\u0430\u0440\u0430\u0442\u0430, \u0432\u044b\u0437\u044b\u0432\u0430\u044f \u043e\u0445\u0440\u0438\u043f\u043b\u043e\u0441\u0442\u044c, \u0441\u0443\u0445\u043e\u0439 \u043a\u0430\u0448\u0435\u043b\u044c \u0438 \u043e\u0449\u0443\u0449\u0435\u043d\u0438\u0435 \u043f\u0435\u0440\u0448\u0435\u043d\u0438\u044f. On distingue les formes suivantes de laryngite aigu\u00eb : \u00c9tiologie Les causes de la laryngite aigu\u00eb sont de nature [&hellip;]<\/p>\n","protected":false},"author":4,"featured_media":0,"template":"","diseases_category":[233],"class_list":["post-940","diseases_post","type-diseases_post","status-publish","hentry","diseases_category-oto-rhino-laryngologie"],"acf":[],"yoast_head":"<!-- This site is optimized with the Yoast SEO Premium plugin v25.0 (Yoast SEO v26.5) - https:\/\/yoast.com\/wordpress\/plugins\/seo\/ -->\n<title>Laryngite aigu\u00eb : sympt\u00f4mes, causes, diagnostic et traitement<\/title>\n<meta name=\"description\" content=\"Laryngite aigu\u00eb se caract\u00e9rise par une inflammation aigu\u00eb de la membrane muqueuse du larynx, principalement dans la r\u00e9gion des plis vocaux. \u00c9tiologie, classification, diagnostic et traitement de la maladie.\" \/>\n<meta name=\"robots\" content=\"noindex, follow, max-snippet:-1, max-image-preview:large, max-video-preview:-1\" \/>\n<meta property=\"og:locale\" content=\"fr_FR\" \/>\n<meta property=\"og:type\" content=\"article\" \/>\n<meta property=\"og:title\" content=\"Laryngite aigu\u00eb : \u00e9tiologie, manifestations cliniques, diagnostic et traitement\" \/>\n<meta property=\"og:description\" content=\"Laryngite aigu\u00eb se caract\u00e9rise par une inflammation aigu\u00eb de la membrane muqueuse du larynx, principalement dans la r\u00e9gion des plis vocaux. \u00c9tiologie, classification, diagnostic et traitement de la maladie.\" \/>\n<meta property=\"og:url\" content=\"https:\/\/wiki.dev.voka.io\/fr\/maladies\/oto-rhino-laryngologie\/laryngite-aigue\/\" \/>\n<meta property=\"og:site_name\" content=\"Voka Wiki\" \/>\n<meta property=\"article:publisher\" content=\"https:\/\/www.facebook.com\/VOKA3DAnatomyAndPathology\/\" \/>\n<meta property=\"article:modified_time\" content=\"2026-04-27T14:32:33+00:00\" \/>\n<meta property=\"og:image\" content=\"https:\/\/storage.googleapis.com\/dev_wiki_voka_io_303011\/articles\/en\/otorhinolaryngology\/acute-laryngitis\/acute-catarrhal-laryngitis.webp\" \/>\n<meta name=\"twitter:card\" content=\"summary_large_image\" \/>\n<meta name=\"twitter:label1\" content=\"Dur\u00e9e de lecture estim\u00e9e\" \/>\n\t<meta name=\"twitter:data1\" content=\"2 minutes\" \/>\n<script type=\"application\/ld+json\" class=\"yoast-schema-graph\">{\"@context\":\"https:\/\/schema.org\",\"@graph\":[{\"@type\":\"Article\",\"@id\":\"https:\/\/wiki.dev.voka.io\/fr\/maladies\/oto-rhino-laryngologie\/laryngite-aigue\/#article\",\"isPartOf\":{\"@id\":\"https:\/\/wiki.dev.voka.io\/fr\/maladies\/oto-rhino-laryngologie\/laryngite-aigue\/\"},\"author\":{\"name\":\"Danata A.\",\"@id\":\"https:\/\/wiki.dev.voka.io\/fr\/#\/schema\/person\/75a01428a2e97375c0facaaeba432542\"},\"headline\":\"Laryngite aigu\u00eb : \u00e9tiologie, manifestations cliniques, diagnostic et traitement\",\"datePublished\":\"2025-07-23T06:45:24+00:00\",\"dateModified\":\"2026-04-27T14:32:33+00:00\",\"mainEntityOfPage\":{\"@id\":\"https:\/\/wiki.dev.voka.io\/fr\/maladies\/oto-rhino-laryngologie\/laryngite-aigue\/\"},\"wordCount\":718,\"publisher\":{\"@id\":\"https:\/\/wiki.dev.voka.io\/fr\/#organization\"},\"image\":{\"@id\":\"https:\/\/wiki.dev.voka.io\/fr\/maladies\/oto-rhino-laryngologie\/laryngite-aigue\/#primaryimage\"},\"thumbnailUrl\":\"https:\/\/storage.googleapis.com\/dev_wiki_voka_io_303011\/articles\/en\/otorhinolaryngology\/acute-laryngitis\/acute-catarrhal-laryngitis.webp\",\"inLanguage\":\"fr-FR\"},{\"@type\":\"WebPage\",\"@id\":\"https:\/\/wiki.dev.voka.io\/fr\/maladies\/oto-rhino-laryngologie\/laryngite-aigue\/\",\"url\":\"https:\/\/wiki.dev.voka.io\/fr\/maladies\/oto-rhino-laryngologie\/laryngite-aigue\/\",\"name\":\"Laryngite aigu\u00eb : sympt\u00f4mes, causes, diagnostic et traitement\",\"isPartOf\":{\"@id\":\"https:\/\/wiki.dev.voka.io\/fr\/#website\"},\"primaryImageOfPage\":{\"@id\":\"https:\/\/wiki.dev.voka.io\/fr\/maladies\/oto-rhino-laryngologie\/laryngite-aigue\/#primaryimage\"},\"image\":{\"@id\":\"https:\/\/wiki.dev.voka.io\/fr\/maladies\/oto-rhino-laryngologie\/laryngite-aigue\/#primaryimage\"},\"thumbnailUrl\":\"https:\/\/storage.googleapis.com\/dev_wiki_voka_io_303011\/articles\/en\/otorhinolaryngology\/acute-laryngitis\/acute-catarrhal-laryngitis.webp\",\"datePublished\":\"2025-07-23T06:45:24+00:00\",\"dateModified\":\"2026-04-27T14:32:33+00:00\",\"description\":\"Laryngite aigu\u00eb se caract\u00e9rise par une inflammation aigu\u00eb de la membrane muqueuse du larynx, principalement dans la r\u00e9gion des plis vocaux. \u00c9tiologie, classification, diagnostic et traitement de la maladie.\",\"breadcrumb\":{\"@id\":\"https:\/\/wiki.dev.voka.io\/fr\/maladies\/oto-rhino-laryngologie\/laryngite-aigue\/#breadcrumb\"},\"inLanguage\":\"fr-FR\",\"potentialAction\":[{\"@type\":\"ReadAction\",\"target\":[\"https:\/\/wiki.dev.voka.io\/fr\/maladies\/oto-rhino-laryngologie\/laryngite-aigue\/\"]}]},{\"@type\":\"ImageObject\",\"inLanguage\":\"fr-FR\",\"@id\":\"https:\/\/wiki.dev.voka.io\/fr\/maladies\/oto-rhino-laryngologie\/laryngite-aigue\/#primaryimage\",\"url\":\"https:\/\/storage.googleapis.com\/dev_wiki_voka_io_303011\/articles\/en\/otorhinolaryngology\/acute-laryngitis\/acute-catarrhal-laryngitis.webp\",\"contentUrl\":\"https:\/\/storage.googleapis.com\/dev_wiki_voka_io_303011\/articles\/en\/otorhinolaryngology\/acute-laryngitis\/acute-catarrhal-laryngitis.webp\"},{\"@type\":\"BreadcrumbList\",\"@id\":\"https:\/\/wiki.dev.voka.io\/fr\/maladies\/oto-rhino-laryngologie\/laryngite-aigue\/#breadcrumb\",\"itemListElement\":[{\"@type\":\"ListItem\",\"position\":1,\"name\":\"Home\",\"item\":\"https:\/\/wiki.dev.voka.io\/fr\/\"},{\"@type\":\"ListItem\",\"position\":2,\"name\":\"Oto-rhino-laryngologie\",\"item\":\"https:\/\/wiki.dev.voka.io\/fr\/maladies\/oto-rhino-laryngologie\/\"},{\"@type\":\"ListItem\",\"position\":3,\"name\":\"Laryngite aigu\u00eb : \u00e9tiologie, manifestations cliniques, diagnostic et traitement\"}]},{\"@type\":\"WebSite\",\"@id\":\"https:\/\/wiki.dev.voka.io\/fr\/#website\",\"url\":\"https:\/\/wiki.dev.voka.io\/fr\/\",\"name\":\"Voka Wiki\",\"description\":\"\",\"publisher\":{\"@id\":\"https:\/\/wiki.dev.voka.io\/fr\/#organization\"},\"alternateName\":\"Anatomy & Pathology Wiki by VOKA\",\"potentialAction\":[{\"@type\":\"SearchAction\",\"target\":{\"@type\":\"EntryPoint\",\"urlTemplate\":\"https:\/\/wiki.dev.voka.io\/fr\/?s={search_term_string}\"},\"query-input\":{\"@type\":\"PropertyValueSpecification\",\"valueRequired\":true,\"valueName\":\"search_term_string\"}}],\"inLanguage\":\"fr-FR\"},{\"@type\":\"Organization\",\"@id\":\"https:\/\/wiki.dev.voka.io\/fr\/#organization\",\"name\":\"Voka 3D Anatomy & Pathology\",\"alternateName\":\"VOKA\",\"url\":\"https:\/\/wiki.dev.voka.io\/fr\/\",\"logo\":{\"@type\":\"ImageObject\",\"inLanguage\":\"fr-FR\",\"@id\":\"https:\/\/wiki.dev.voka.io\/fr\/#\/schema\/logo\/image\/\",\"url\":\"https:\/\/wiki.dev.voka.io\/wp-content\/uploads\/2025\/02\/cropped-voka-logo-1.png\",\"contentUrl\":\"https:\/\/wiki.dev.voka.io\/wp-content\/uploads\/2025\/02\/cropped-voka-logo-1.png\",\"width\":70,\"height\":16,\"caption\":\"Voka 3D Anatomy & Pathology\"},\"image\":{\"@id\":\"https:\/\/wiki.dev.voka.io\/fr\/#\/schema\/logo\/image\/\"},\"sameAs\":[\"https:\/\/www.facebook.com\/VOKA3DAnatomyAndPathology\/\",\"https:\/\/www.instagram.com\/voka.io\/\",\"https:\/\/www.linkedin.com\/company\/voka-io\/\",\"https:\/\/www.youtube.com\/channel\/UCqGGuOEpr62ScH8Pjk2q5zw\/videos\",\"https:\/\/www.pinterest.com\/VokaAnatomyPro\/\",\"https:\/\/www.threads.com\/@voka.io\"],\"description\":\"VOKA.io offers 3D medical animations and custom 3D modeling services. Our product, VOKA 3D Anatomy & Pathology, is a digital atlas with over 1,000 detailed 3D models of human anatomy and pathology, designed for medical education, training, and patient communication.\",\"email\":\"info@voka.io\",\"telephone\":\"+1 814 351 4442\",\"legalName\":\"Voka 3D Anatomy & Pathology\",\"foundingDate\":\"2017-02-12\",\"naics\":\"541512\",\"numberOfEmployees\":{\"@type\":\"QuantitativeValue\",\"minValue\":\"51\",\"maxValue\":\"200\"},\"publishingPrinciples\":\"https:\/\/wiki.voka.io\/fr\/principes-de-publication\/\"},{\"@type\":\"Person\",\"@id\":\"https:\/\/wiki.dev.voka.io\/fr\/#\/schema\/person\/75a01428a2e97375c0facaaeba432542\",\"name\":\"Danata A.\",\"image\":{\"@type\":\"ImageObject\",\"inLanguage\":\"fr-FR\",\"@id\":\"https:\/\/wiki.dev.voka.io\/fr\/#\/schema\/person\/image\/\",\"url\":\"https:\/\/secure.gravatar.com\/avatar\/17b61e87bc892ef9555b6080655463c63eb46025ed870850eaa2472678817ed6?s=96&d=mm&r=g\",\"contentUrl\":\"https:\/\/secure.gravatar.com\/avatar\/17b61e87bc892ef9555b6080655463c63eb46025ed870850eaa2472678817ed6?s=96&d=mm&r=g\",\"caption\":\"Danata A.\"}}]}<\/script>\n<!-- \/ Yoast SEO Premium plugin. -->","yoast_head_json":{"title":"Laryngite aigu\u00eb : sympt\u00f4mes, causes, diagnostic et traitement","description":"Laryngite aigu\u00eb se caract\u00e9rise par une inflammation aigu\u00eb de la membrane muqueuse du larynx, principalement dans la r\u00e9gion des plis vocaux. \u00c9tiologie, classification, diagnostic et traitement de la maladie.","robots":{"index":"noindex","follow":"follow","max-snippet":"max-snippet:-1","max-image-preview":"max-image-preview:large","max-video-preview":"max-video-preview:-1"},"og_locale":"fr_FR","og_type":"article","og_title":"Laryngite aigu\u00eb : \u00e9tiologie, manifestations cliniques, diagnostic et traitement","og_description":"Laryngite aigu\u00eb se caract\u00e9rise par une inflammation aigu\u00eb de la membrane muqueuse du larynx, principalement dans la r\u00e9gion des plis vocaux. \u00c9tiologie, classification, diagnostic et traitement de la maladie.","og_url":"https:\/\/wiki.dev.voka.io\/fr\/maladies\/oto-rhino-laryngologie\/laryngite-aigue\/","og_site_name":"Voka Wiki","article_publisher":"https:\/\/www.facebook.com\/VOKA3DAnatomyAndPathology\/","article_modified_time":"2026-04-27T14:32:33+00:00","og_image":[{"url":"https:\/\/storage.googleapis.com\/dev_wiki_voka_io_303011\/articles\/en\/otorhinolaryngology\/acute-laryngitis\/acute-catarrhal-laryngitis.webp","type":"","width":"","height":""}],"twitter_card":"summary_large_image","twitter_misc":{"Dur\u00e9e de lecture estim\u00e9e":"2 minutes"},"schema":{"@context":"https:\/\/schema.org","@graph":[{"@type":"Article","@id":"https:\/\/wiki.dev.voka.io\/fr\/maladies\/oto-rhino-laryngologie\/laryngite-aigue\/#article","isPartOf":{"@id":"https:\/\/wiki.dev.voka.io\/fr\/maladies\/oto-rhino-laryngologie\/laryngite-aigue\/"},"author":{"name":"Danata A.","@id":"https:\/\/wiki.dev.voka.io\/fr\/#\/schema\/person\/75a01428a2e97375c0facaaeba432542"},"headline":"Laryngite aigu\u00eb : \u00e9tiologie, manifestations cliniques, diagnostic et traitement","datePublished":"2025-07-23T06:45:24+00:00","dateModified":"2026-04-27T14:32:33+00:00","mainEntityOfPage":{"@id":"https:\/\/wiki.dev.voka.io\/fr\/maladies\/oto-rhino-laryngologie\/laryngite-aigue\/"},"wordCount":718,"publisher":{"@id":"https:\/\/wiki.dev.voka.io\/fr\/#organization"},"image":{"@id":"https:\/\/wiki.dev.voka.io\/fr\/maladies\/oto-rhino-laryngologie\/laryngite-aigue\/#primaryimage"},"thumbnailUrl":"https:\/\/storage.googleapis.com\/dev_wiki_voka_io_303011\/articles\/en\/otorhinolaryngology\/acute-laryngitis\/acute-catarrhal-laryngitis.webp","inLanguage":"fr-FR"},{"@type":"WebPage","@id":"https:\/\/wiki.dev.voka.io\/fr\/maladies\/oto-rhino-laryngologie\/laryngite-aigue\/","url":"https:\/\/wiki.dev.voka.io\/fr\/maladies\/oto-rhino-laryngologie\/laryngite-aigue\/","name":"Laryngite aigu\u00eb : sympt\u00f4mes, causes, diagnostic et traitement","isPartOf":{"@id":"https:\/\/wiki.dev.voka.io\/fr\/#website"},"primaryImageOfPage":{"@id":"https:\/\/wiki.dev.voka.io\/fr\/maladies\/oto-rhino-laryngologie\/laryngite-aigue\/#primaryimage"},"image":{"@id":"https:\/\/wiki.dev.voka.io\/fr\/maladies\/oto-rhino-laryngologie\/laryngite-aigue\/#primaryimage"},"thumbnailUrl":"https:\/\/storage.googleapis.com\/dev_wiki_voka_io_303011\/articles\/en\/otorhinolaryngology\/acute-laryngitis\/acute-catarrhal-laryngitis.webp","datePublished":"2025-07-23T06:45:24+00:00","dateModified":"2026-04-27T14:32:33+00:00","description":"Laryngite aigu\u00eb se caract\u00e9rise par une inflammation aigu\u00eb de la membrane muqueuse du larynx, principalement dans la r\u00e9gion des plis vocaux. \u00c9tiologie, classification, diagnostic et traitement de la maladie.","breadcrumb":{"@id":"https:\/\/wiki.dev.voka.io\/fr\/maladies\/oto-rhino-laryngologie\/laryngite-aigue\/#breadcrumb"},"inLanguage":"fr-FR","potentialAction":[{"@type":"ReadAction","target":["https:\/\/wiki.dev.voka.io\/fr\/maladies\/oto-rhino-laryngologie\/laryngite-aigue\/"]}]},{"@type":"ImageObject","inLanguage":"fr-FR","@id":"https:\/\/wiki.dev.voka.io\/fr\/maladies\/oto-rhino-laryngologie\/laryngite-aigue\/#primaryimage","url":"https:\/\/storage.googleapis.com\/dev_wiki_voka_io_303011\/articles\/en\/otorhinolaryngology\/acute-laryngitis\/acute-catarrhal-laryngitis.webp","contentUrl":"https:\/\/storage.googleapis.com\/dev_wiki_voka_io_303011\/articles\/en\/otorhinolaryngology\/acute-laryngitis\/acute-catarrhal-laryngitis.webp"},{"@type":"BreadcrumbList","@id":"https:\/\/wiki.dev.voka.io\/fr\/maladies\/oto-rhino-laryngologie\/laryngite-aigue\/#breadcrumb","itemListElement":[{"@type":"ListItem","position":1,"name":"Home","item":"https:\/\/wiki.dev.voka.io\/fr\/"},{"@type":"ListItem","position":2,"name":"Oto-rhino-laryngologie","item":"https:\/\/wiki.dev.voka.io\/fr\/maladies\/oto-rhino-laryngologie\/"},{"@type":"ListItem","position":3,"name":"Laryngite aigu\u00eb : \u00e9tiologie, manifestations cliniques, diagnostic et traitement"}]},{"@type":"WebSite","@id":"https:\/\/wiki.dev.voka.io\/fr\/#website","url":"https:\/\/wiki.dev.voka.io\/fr\/","name":"Voka Wiki","description":"","publisher":{"@id":"https:\/\/wiki.dev.voka.io\/fr\/#organization"},"alternateName":"Anatomy & Pathology Wiki by VOKA","potentialAction":[{"@type":"SearchAction","target":{"@type":"EntryPoint","urlTemplate":"https:\/\/wiki.dev.voka.io\/fr\/?s={search_term_string}"},"query-input":{"@type":"PropertyValueSpecification","valueRequired":true,"valueName":"search_term_string"}}],"inLanguage":"fr-FR"},{"@type":"Organization","@id":"https:\/\/wiki.dev.voka.io\/fr\/#organization","name":"Voka 3D Anatomy & Pathology","alternateName":"VOKA","url":"https:\/\/wiki.dev.voka.io\/fr\/","logo":{"@type":"ImageObject","inLanguage":"fr-FR","@id":"https:\/\/wiki.dev.voka.io\/fr\/#\/schema\/logo\/image\/","url":"https:\/\/wiki.dev.voka.io\/wp-content\/uploads\/2025\/02\/cropped-voka-logo-1.png","contentUrl":"https:\/\/wiki.dev.voka.io\/wp-content\/uploads\/2025\/02\/cropped-voka-logo-1.png","width":70,"height":16,"caption":"Voka 3D Anatomy & Pathology"},"image":{"@id":"https:\/\/wiki.dev.voka.io\/fr\/#\/schema\/logo\/image\/"},"sameAs":["https:\/\/www.facebook.com\/VOKA3DAnatomyAndPathology\/","https:\/\/www.instagram.com\/voka.io\/","https:\/\/www.linkedin.com\/company\/voka-io\/","https:\/\/www.youtube.com\/channel\/UCqGGuOEpr62ScH8Pjk2q5zw\/videos","https:\/\/www.pinterest.com\/VokaAnatomyPro\/","https:\/\/www.threads.com\/@voka.io"],"description":"VOKA.io offers 3D medical animations and custom 3D modeling services. Our product, VOKA 3D Anatomy & Pathology, is a digital atlas with over 1,000 detailed 3D models of human anatomy and pathology, designed for medical education, training, and patient communication.","email":"info@voka.io","telephone":"+1 814 351 4442","legalName":"Voka 3D Anatomy & Pathology","foundingDate":"2017-02-12","naics":"541512","numberOfEmployees":{"@type":"QuantitativeValue","minValue":"51","maxValue":"200"},"publishingPrinciples":"https:\/\/wiki.voka.io\/fr\/principes-de-publication\/"},{"@type":"Person","@id":"https:\/\/wiki.dev.voka.io\/fr\/#\/schema\/person\/75a01428a2e97375c0facaaeba432542","name":"Danata A.","image":{"@type":"ImageObject","inLanguage":"fr-FR","@id":"https:\/\/wiki.dev.voka.io\/fr\/#\/schema\/person\/image\/","url":"https:\/\/secure.gravatar.com\/avatar\/17b61e87bc892ef9555b6080655463c63eb46025ed870850eaa2472678817ed6?s=96&d=mm&r=g","contentUrl":"https:\/\/secure.gravatar.com\/avatar\/17b61e87bc892ef9555b6080655463c63eb46025ed870850eaa2472678817ed6?s=96&d=mm&r=g","caption":"Danata A."}}]}},"_links":{"self":[{"href":"https:\/\/wiki.dev.voka.io\/fr\/wp-json\/wp\/v2\/diseases_post\/940","targetHints":{"allow":["GET"]}}],"collection":[{"href":"https:\/\/wiki.dev.voka.io\/fr\/wp-json\/wp\/v2\/diseases_post"}],"about":[{"href":"https:\/\/wiki.dev.voka.io\/fr\/wp-json\/wp\/v2\/types\/diseases_post"}],"author":[{"embeddable":true,"href":"https:\/\/wiki.dev.voka.io\/fr\/wp-json\/wp\/v2\/users\/4"}],"wp:attachment":[{"href":"https:\/\/wiki.dev.voka.io\/fr\/wp-json\/wp\/v2\/media?parent=940"}],"wp:term":[{"taxonomy":"diseases_category","embeddable":true,"href":"https:\/\/wiki.dev.voka.io\/fr\/wp-json\/wp\/v2\/diseases_category?post=940"}],"curies":[{"name":"wp","href":"https:\/\/api.w.org\/{rel}","templated":true}]}}