{"id":633,"date":"2025-04-04T11:24:11","date_gmt":"2025-04-04T08:24:11","guid":{"rendered":"https:\/\/wiki.dev.voka.io\/diseases\/uncategorized\/infections-de-la-peau-du-nez-externe\/"},"modified":"2025-06-05T14:46:25","modified_gmt":"2025-06-05T11:46:25","slug":"infections-de-la-peau-du-nez-externe","status":"publish","type":"diseases_post","link":"https:\/\/wiki.dev.voka.io\/fr\/maladies\/oto-rhino-laryngologie\/infections-de-la-peau-du-nez-externe\/","title":{"rendered":"Maladies infectieuses du nez externe : causes, manifestations, diagnostic et traitement"},"content":{"rendered":"<p><?xml encoding=\"UTF-8\" ?><\/p>\n<p>Les maladies infectieuses du nez externe comprennent des l\u00e9sions cutan\u00e9es du nez externe dont les facteurs \u00e9tiologiques sont une infection bact\u00e9rienne et les conditions favorables. La peau, les follicules pileux et le tissu sous-cutan\u00e9 adipeux sont touch\u00e9s, mais la muqueuse reste intacte.  <\/p>\n<figure class=\"wp-block-image size-large\"><img decoding=\"async\" src=\"https:\/\/storage.googleapis.com\/dev_wiki_voka_io_303011\/articles\/Otorhinolaryngology\/Infectious%20lesions%20of%20the%20external%20nose\/nose_1.webp\" alt=\"Nez externe\"><figcaption class=\"wp-element-caption\">Nez externe<\/figcaption><\/figure>\n<h2 class=\"wp-block-heading\" id=\"classification\">Classification <\/h2>\n<h3 class=\"wp-block-heading\" id=\"furoncle-nasal\"><span class=\"glossary-term\" data-title=\"Furoncle\" data-tooltip=\"Un furoncle est une inflammation aigu\u00eb, purulente et n\u00e9crotique d\u2019un follicule pileux, de la glande s\u00e9bac\u00e9e associ\u00e9e et des tissus conjonctifs environnants. Il s\u2019agit de l\u2019une des formes les plus fr\u00e9quentes de pyodermite staphylococcique (affections cutan\u00e9es purulentes).\" data-link=\"https:\/\/wiki.dev.voka.io\/fr\/glossaire\/furoncle\/\">Furoncle<\/span> nasal :<\/h3>\n<ul class=\"wp-block-list\">\n<li>Stade d\u2019infiltration ; <\/li>\n<li>Stade d\u2019<span class=\"glossary-term\" data-title=\"Abc\u00e8s\" data-tooltip=\"Un abc\u00e8s est une accumulation locale de pus, limit\u00e9e par une capsule et r\u00e9sultant d&#039;une inflammation purulente des tissus. Il se caract\u00e9rise par la pr\u00e9sence d&#039;une membrane pyog\u00e8ne qui isole le foyer des tissus sains et emp\u00eache la propagation de l&#039;infection.\" data-link=\"https:\/\/wiki.dev.voka.io\/fr\/glossaire\/abces\/\">abc\u00e8s<\/span>. <\/li>\n<\/ul>\n<h3 class=\"wp-block-heading\" id=\"autres-maladies-infectieuses-du-nez-externe\"><strong>Autres maladies infectieuses du nez externe :<\/strong><\/h3>\n<ul class=\"wp-block-list\">\n<li>Vestibulite nasale ; <\/li>\n<li><span class=\"glossary-term\" data-title=\"Ecz\u00e9ma\" data-tooltip=\"L&#039;ecz\u00e9ma est une affection cutan\u00e9e inflammatoire chronique et r\u00e9currente qui n&#039;est pas contagieuse. Il se caract\u00e9rise par l&#039;apparition d&#039;une \u00e9ruption cutan\u00e9e accompagn\u00e9e de d\u00e9mangeaisons, de s\u00e9cheresse, de rougeurs et, dans les phases aigu\u00ebs, de la formation de petites cloques remplies de liquide (v\u00e9sicules).\" data-link=\"https:\/\/wiki.dev.voka.io\/fr\/glossaire\/eczema\/\">Ecz\u00e9ma<\/span> nasal ; <\/li>\n<li><span class=\"glossary-term\" data-title=\"\u00c9rysip\u00e8le\" data-tooltip=\"L\u2019\u00e9rysip\u00e8le est une infection aigu\u00eb de la peau et du tissu cellulaire sous-cutan\u00e9, caus\u00e9e par le streptocoque b\u00eata-h\u00e9molytique du groupe A. Elle se caract\u00e9rise par l\u2019apparition d\u2019un foyer inflammatoire nettement d\u00e9limit\u00e9, de couleur rouge vif, accompagn\u00e9 d\u2019une intoxication g\u00e9n\u00e9rale marqu\u00e9e.\" data-link=\"https:\/\/wiki.dev.voka.io\/fr\/glossaire\/erysipele\/\">\u00c9rysip\u00e8le<\/span> du nez.<\/li>\n<\/ul>\n<h2 class=\"wp-block-heading\" id=\"etiologie\"><strong>\u00c9tiologie <\/strong><\/h2>\n<p>Les agents bact\u00e9riens tels que les staphylocoques (<em>S. aureus, S. epidermidis, S. saprophyticus<\/em>) et les streptocoques<em><\/em>(streptocoque \u03b2-h\u00e9molytique groupe A) jouent un r\u00f4le cl\u00e9 dans le d\u00e9veloppement des maladies \u00e9num\u00e9r\u00e9es ci-dessus. L\u2019infection se d\u00e9veloppe lorsque les facteurs suivants sont pr\u00e9sents : l\u00e9sions cutan\u00e9es (\u00e9corchures, rhagades, mac\u00e9rations) et diminution de la r\u00e9activit\u00e9 g\u00e9n\u00e9rale de l\u2019organisme. Un d\u00e9roulement tr\u00e8s d\u00e9sagr\u00e9able est observ\u00e9 lorsque le patient pr\u00e9sente un trouble de nutrition (diab\u00e8te sucr\u00e9 concomitant) et un d\u00e9ficit immunitaire.  <\/p>\n<p>L\u2019ecz\u00e9ma nasal se d\u00e9veloppe dans un contexte d\u2019association de plusieurs facteurs initiaux : <span class=\"glossary-term\" data-title=\"Mac\u00e9ration\" data-tooltip=\"La mac\u00e9ration (du latin macerare, \u00ab&nbsp;amollir, faire tremper&nbsp;\u00bb) est le processus de ramollissement et de gonflement des tissus, le plus souvent de la peau, \u00e0 la suite d&#039;une exposition prolong\u00e9e \u00e0 un liquide. Cet \u00e9tat entra\u00eene une alt\u00e9ration de la fonction barri\u00e8re de l&#039;\u00e9piderme.\" data-link=\"https:\/\/wiki.dev.voka.io\/fr\/glossaire\/maceration\/\">mac\u00e9ration<\/span> de la peau avec un \u00e9coulement pathologique (infection chronique de la cavit\u00e9 nasale ou des sinus paranasaux), allergie de contact et pathologie extraorganique concomitante (diab\u00e8te sucr\u00e9, dermatite atopique, allergie alimentaire ou maladies de la thyro\u00efde).<\/p>\n<h2 class=\"wp-block-heading\" id=\"anatomie\"><strong>Anatomie <\/strong><\/h2>\n<p><strong>Le furoncle nasal<\/strong> est un abc\u00e8s suppur\u00e9 n\u00e9crotique qui affecte un follicule pileux, une glande s\u00e9bac\u00e9e et les tissus environnants, comme le tissu adipeux sous-cutan\u00e9 et la peau. Ce sont l\u2019apex du nez, les ailes du nez, le vestibule nasal et la r\u00e9gion de la l\u00e8vre sup\u00e9rieure qui peuvent \u00eatre touch\u00e9s. Il est important de noter que ce processus affecte directement la peau et ne p\u00e9n\u00e8tre jamais la muqueuse de la cavit\u00e9 nasale, car celle-ci ne pr\u00e9sente pas de follicules pileux.  <\/p>\n<figure class=\"wp-block-image size-large\"><img decoding=\"async\" src=\"https:\/\/storage.googleapis.com\/dev_wiki_voka_io_303011\/articles\/Otorhinolaryngology\/Infectious%20lesions%20of%20the%20external%20nose\/nose_2.webp\" alt=\"Furoncle du vestibule nasal\"><figcaption class=\"wp-element-caption\">Furoncle du vestibule nasal<\/figcaption><\/figure>\n<p>Lorsqu\u2019un groupement de follicules pileux situ\u00e9s dans une zone est affect\u00e9, il s\u2019agit <strong>d\u2019<span class=\"glossary-term\" data-title=\"Anthrax\" data-tooltip=\"L&#039;anthrax est une inflammation aigu\u00eb, purulente et n\u00e9crotique d&#039;un groupement de follicules pileux et de glandes s\u00e9bac\u00e9es adjacents. Le processus pathologique se caract\u00e9rise par la formation d&#039;un infiltrat \u00e9tendu et profond dans la peau et le tissu adipeux sous-cutan\u00e9, qui provoque ensuite une n\u00e9crose et un rejet des tissus.\" data-link=\"https:\/\/wiki.dev.voka.io\/fr\/glossaire\/anthrax\/\">anthrax<\/span><\/strong>. Un furoncle a les stade suivants : stade d\u2019infiltration, stade d\u2019abc\u00e8s et stade de cicatrisation. Au premier stade, on observe une infiltration locale, un \u00e9paississement cutan\u00e9 et une hyper\u00e9mie du site d\u2019inflammation, centr\u00e9 par un poil. Quelques jours plus tard, le processus \u00e9volue au deuxi\u00e8me stade, caract\u00e9ris\u00e9 par la formation d\u2019un contenu purulent, la fonte des tissus enflamm\u00e9s et l\u2019apparition de fluctuation. Dans de rares cas, le furoncle peut se percer.   <\/p>\n<figure class=\"wp-block-image size-large\"><img decoding=\"async\" src=\"https:\/\/storage.googleapis.com\/dev_wiki_voka_io_303011\/articles\/Otorhinolaryngology\/Infectious%20lesions%20of%20the%20external%20nose\/nose_3.webp\" alt=\"Furoncle du vestibule nasal (stade d'abc\u00e8s)\"><figcaption class=\"wp-element-caption\">Furoncle du vestibule nasal (stade d\u2019abc\u00e8s) \u2013 <a href=\"https:\/\/catalog.voka.io\/en\/models\/8861ee9e-a330-4451-856d-1de6ead27805\/dba408cd-017f-4890-b966-ad9797546c96\/18819995-97e6-441d-aec9-29661fd05f20\/4b0f5916-2f1d-469d-bf1a-2fa1f681fae0\" target=\"_blank\" rel=\"noreferrer noopener nofollow\">Mod\u00e8le 3D<\/a><\/figcaption><\/figure>\n<p>Pendant le stade de cicatrisation, la zone touch\u00e9e se remplit de tissu conjonctif. Un d\u00e9roulement s\u00e9v\u00e8re de cette infection peut provoquer des complications graves telles que la <span class=\"glossary-term\" data-title=\"Thrombose\" data-tooltip=\"La thrombose (du grec ancien \u03b8\u03c1\u03cc\u03bc\u03b2\u03bf\u03c2 \u2014 caillot) est un processus pathologique caract\u00e9ris\u00e9 par la formation intravitale de caillots sanguins denses (thrombus) \u00e0 l\u2019int\u00e9rieur des vaisseaux sanguins ou des cavit\u00e9s cardiaques, entravant la circulation sanguine normale. La thrombose doit \u00eatre distingu\u00e9e de la coagulation post-mortem et du processus h\u00e9mostatique normal, au cours duquel un thrombus se forme pour arr\u00eater un saignement en cas de l\u00e9sion vasculaire.\" data-link=\"https:\/\/wiki.dev.voka.io\/fr\/glossaire\/thrombose\/\">thrombose<\/span> du <span class=\"glossary-term\" data-title=\"Sinus caverneux\" data-tooltip=\"Le sinus caverneux est un collecteur veineux jumel\u00e9 situ\u00e9 \u00e0 la base du cr\u00e2ne, de part et d&#039;autre de la selle turcique. Il fait partie du syst\u00e8me de sinus de la dure-m\u00e8re, assurant le drainage sanguin veineux des orbites des yeux et de certaines parties du cerveau.\" data-link=\"https:\/\/wiki.dev.voka.io\/fr\/glossaire\/sinus-caverneux\/\">sinus caverneux<\/span>, l\u2019abc\u00e8s du cerveau ou le <span class=\"glossary-term\" data-title=\"Sepsis\" data-tooltip=\"Le sepsis (du grec ancien \u03c3\u1fc6\u03c8\u03b9\u03c2, \u00ab&nbsp;putr\u00e9faction&nbsp;\u00bb ou \u00ab&nbsp;pourriture&nbsp;\u00bb) est un dysfonctionnement des organes potentiellement mortel provoqu\u00e9 par une r\u00e9ponse d\u00e9r\u00e9gul\u00e9e (pathologique) de l&#039;organisme \u00e0 l&#039;infection. Ce qui est essentiel dans cette d\u00e9finition (Sepsis-3, 2016), c&#039;est que le sepsis n&#039;est pas l&#039;infection elle-m\u00eame, mais une r\u00e9action du syst\u00e8me immunitaire non contr\u00f4l\u00e9e, excessive et dommageable.\" data-link=\"https:\/\/wiki.dev.voka.io\/fr\/glossaire\/sepsis\/\">sepsis<\/span>, qui peuvent \u00eatre fatales. La pathogen\u00e8se repose sur l\u2019infection du retour veineux \u00e0 partir de la zone du vestibule nasal, en passant par la veine angulaire et la veine ophtalmique sup\u00e9rieure, jusqu\u2019au sinus caverneux o\u00f9 un thrombus se forme ensuite.   <\/p>\n<p><strong>Une vestibulite nasale, \u00e9galement appel\u00e9e folliculite<\/strong>, se caract\u00e9rise par une inflammation des follicules pileux, qui se regroupent souvent dans la r\u00e9gion du nez ou sur la l\u00e8vre sup\u00e9rieure. Les tissus sous-jacents restent toutefois intacts. Dans la zone pileuse de la peau hyper\u00e9mique et infiltr\u00e9e, des pustules apparaissent. Celles-ci s\u2019ouvrent au bout de 2 \u00e0 3 jours et finissent par se couvrir de cro\u00fbtes. <\/p>\n<p><strong>L\u2019ecz\u00e9ma nasal<\/strong> est une l\u00e9sion \u00e9pidermique qui \u00e9volue par stades. Des papules et des v\u00e9sicules se forment alors sur la peau affect\u00e9e par l\u2019hyperh\u00e9mie. Apr\u00e8s quelques jours, elles s\u2019ouvrent et lib\u00e8rent un contenu s\u00e9reux. Au bout de 1 \u00e0 2 jours, la zone affect\u00e9e se couvre de cro\u00fbtes qui se d\u00e9tachent ensuite. Dans certains cas, une zone d\u00e9pigment\u00e9e peut toutefois persister.   <\/p>\n<p><strong>L\u2019\u00e9rysip\u00e8le du nez<em><\/em><\/strong>est une inflammation bact\u00e9rienne de la peau et du tissu adipeux sous-jacent, impliquant des vaisseaux et des n\u0153uds lymphatiques adjacents. La peau pr\u00e9sente une hyper\u00e9mie s\u00e9v\u00e8re, est enfl\u00e9e et chaude ; la zone affect\u00e9e est bien distincte. Parfois, des bulles s\u00e9reuses ou s\u00e9ro-h\u00e9morragiques apparaissent \u00e0 la surface de la peau. Les n\u0153uds lymphatiques adjacents sont hypertrophi\u00e9s.   <\/p>\n<h2 class=\"wp-block-heading\" id=\"manifestations-cliniques\">Manifestations cliniques<\/h2>\n<p><strong>Un furoncle nasal <\/strong>au stade de l\u2019infiltration se caract\u00e9rise par une douleur prononc\u00e9e au site de l\u2019inflammation (apr\u00e8s 1 \u00e0 2 jours, la douleur devient pulsatile et s\u2019intensifie), la peau est hyperh\u00e9mique, les tissus environnants sont gonfl\u00e9s, des signes d\u2019intoxication g\u00e9n\u00e9rale peuvent appara\u00eetre, tels que de la faiblesse, des maux de t\u00eate, de la fi\u00e8vre jusqu\u2019\u00e0 des valeurs f\u00e9briles, et une hypertrophie des n\u0153uds lymphatiques r\u00e9gionaux. Apr\u00e8s 2 ou 3 jours, la maladie \u00e9volue au stade d\u2019abc\u00e8s et le patient ressent un soulagement g\u00e9n\u00e9ral ainsi qu\u2019une diminution de la douleur. Le bourbillon peut se vider et se d\u00e9tacher tout seul, en lib\u00e9rant un contenu abondant de pus ou de pus et de sang. Les signes d\u2019une intoxication g\u00e9n\u00e9rale disparaissent alors. Une petite cicatrice se forme lors de la gu\u00e9rison.  <\/p>\n<p>En cas de complications telles que la <strong>thrombose du sinus caverneux<\/strong>, les manifestations cliniques sont diff\u00e9rentes : les sympt\u00f4mes d\u2019une intoxication g\u00e9n\u00e9rale s\u2019intensifient, les patients se plaignent de maux de t\u00eate intenses et pulsatiles, de douleurs aux yeux, de naus\u00e9es, de vomissements, de troubles de la vision, ainsi que de convulsions ou de perte de conscience. Les manifestations locales se propagent \u00e0 la r\u00e9gion orbitaire et s\u2019accompagnent d\u2019exophtalmie, de ch\u00e9mosis et de ptosis du c\u00f4t\u00e9 affect\u00e9.  <\/p>\n<p><strong>Une vestibulite nasale<\/strong> se manifeste par un prurit et des br\u00fblures dans la zone d\u2019inflammation. Une tension cutan\u00e9e peut appara\u00eetre, accompagn\u00e9e d\u2019une l\u00e9g\u00e8re douleur. La peau est l\u00e9g\u00e8rement hyperh\u00e9mique, avec des plaques d\u2019ecz\u00e9ma humide peu marqu\u00e9es. Des cro\u00fbtes se forment ensuite autour des tiges pileuses que les patients se grattent souvent, favorisant ainsi une maladie chronique caract\u00e9ris\u00e9e par des crises et des r\u00e9missions. Dans des cas rares, une intoxication g\u00e9n\u00e9rale peut s\u2019aggraver et provoquer une hausse de la temp\u00e9rature jusqu\u2019\u00e0 38-38,5 \u00b0C, ainsi qu\u2019une asth\u00e9nie et une hypertrophie des n\u0153uds lymphatiques r\u00e9gionaux.    <\/p>\n<p><strong>L\u2019ecz\u00e9ma nasal<\/strong> se manifeste le plus souvent par un processus chronique caract\u00e9ris\u00e9 par un prurit intense et des douleurs aigu\u00ebs dans la zone touch\u00e9e. Les v\u00e9sicules se vident et la peau s\u2019humidifie, puis se couvre de cro\u00fbtes prurigineuses. La peau s\u2019\u00e9paissit et sa trame devient plus marqu\u00e9e. Dans certains cas, le prurit s\u00e9v\u00e8re peut \u00e9galement provoquer des insomnies.   <\/p>\n<p><strong>L\u2019\u00e9rysip\u00e8le du nez <\/strong>se manifeste par une rougeur et un gonflement de la peau, d\u00e9limit\u00e9s par une <span class=\"glossary-term\" data-title=\"Ligne de d\u00e9marcation\" data-tooltip=\"La ligne de d\u00e9marcation est une fronti\u00e8re visible qui se forme dans l&#039;organisme entre la zone de n\u00e9crose (tissu mort) et les tissus sains encore viables. Elle pr\u00e9sente une zone \u00e9troite d&#039;inflammation r\u00e9actionnelle.\" data-link=\"https:\/\/wiki.dev.voka.io\/fr\/glossaire\/ligne-de-demarcation\/\">ligne de d\u00e9marcation<\/span>. Le patient ressent une douleur aigu\u00eb au toucher, la peau est chaude. Dans certains cas, cette zone pr\u00e9sente un aspect en \u00ab papillon \u00bb, avec des l\u00e9sions cutan\u00e9es des deux c\u00f4t\u00e9s du nez et de la r\u00e9gion buccale. En cas de pr\u00e9sence de bulles s\u00e9reuses ou s\u00e9ro-h\u00e9morragiques, celles-ci s\u2019ouvrent et la zone touch\u00e9e devient humide, puis forme des cro\u00fbtes. L\u2019\u00e9rysip\u00e8le se manifeste par les sympt\u00f4mes d\u2019une intoxication aigu\u00eb suivants : temp\u00e9rature de 39 \u00e0 40 \u00b0C, frissons, fatigue s\u00e9v\u00e8re, maux de t\u00eate et vomissements. Avec un traitement ad\u00e9quat, cette infection est arr\u00eat\u00e9e au bout de 7 \u00e0 10 jours. Dans certains cas, l\u2019inflammation peut \u00eatre compliqu\u00e9e par une thrombose des sinus caverneux et une septic\u00e9mie.     <\/p>\n<h2 class=\"wp-block-heading\" id=\"diagnostic\"><strong>Diagnostic <\/strong><\/h2>\n<p>Pour poser le diagnostic, <strong>un examen clinique<\/strong> de la zone touch\u00e9e est r\u00e9alis\u00e9. Ensuite, <strong>les param\u00e8tres de laboratoire<\/strong> tels que l\u2019h\u00e9mogramme (changements du nombre de leucocytes et de la formule leucocytaire) et la chimie sanguine (prot\u00e9ine C r\u00e9active, glyc\u00e9mie) sont \u00e9valu\u00e9s. <strong>Une culture bact\u00e9riologique du contenu de la plaie et des tissus<\/strong> est \u00e9galement r\u00e9alis\u00e9e afin d\u2019identifier l\u2019agent causal et de d\u00e9terminer la r\u00e9sistance aux antibiotiques. En cas de complications, une <span class=\"glossary-term\" data-title=\"Tomodensitom\u00e9trie\" data-tooltip=\"La tomodensitom\u00e9trie est une technique de radiodiagnostic qui utilise des rayons X pour obtenir des images en coupe des organes et des tissus internes. C&#039;est une des m\u00e9thodes d&#039;imagerie principales de la m\u00e9decine moderne, caract\u00e9ris\u00e9e par une grande capacit\u00e9 d&#039;information.\" data-link=\"https:\/\/wiki.dev.voka.io\/fr\/glossaire\/tdm-tomodensitometrie\/\">tomodensitom\u00e9trie<\/span> (TDM) et <strong>une imagerie par r\u00e9sonance magn\u00e9tique (<span class=\"glossary-term\" data-title=\"IRM (imagerie par r\u00e9sonance magn\u00e9tique)\" data-tooltip=\"L&#039;imagerie par r\u00e9sonance magn\u00e9tique (IRM) est une technique moderne et non invasive de radiodiagnostic qui permet d&#039;obtenir des images en coupe des organes et des tissus internes. Cet examen repose sur le ph\u00e9nom\u00e8ne de r\u00e9sonance magn\u00e9tique nucl\u00e9aire. Le principal avantage de l&#039;IRM est l&#039;absence de rayonnements ionisants (radiation).\" data-link=\"https:\/\/wiki.dev.voka.io\/fr\/glossaire\/irm\/\">IRM<\/span>)<\/strong> sont r\u00e9alis\u00e9es, et une h\u00e9moculture ainsi qu\u2019<strong>une ponction lombaire peuvent \u00eatre prescrites<\/strong>. Pour d\u00e9terminer l\u2019origine de l\u2019ecz\u00e9ma nasal, <strong>des tests allergiques<\/strong> sont parfois effectu\u00e9s.     <\/p>\n<div class=\"social-banner-block\">\n<div class=\"social-banner-content\">\n<p class=\"h5-title text-black\">Retrouvez d\u2019autres contenus scientifiquement exacts sur nos m\u00e9dias sociaux<\/p>\n<p><span class=\"social-banner-text text-grey\">Abonnez-vous et ne manquez pas les derni\u00e8res ressources<\/span><\/p>\n<div class=\"social-links-wrapper\"><a class=\"social-icon-link\" href=\"https:\/\/www.facebook.com\/VOKA3DAnatomyAndPathology\/\" target=\"_blank\" rel=\"nofollow noopener\"><img decoding=\"async\" src=\"https:\/\/storage.googleapis.com\/dev_wiki_voka_io_303011\/common\/Social%20Icons\/facebook.svg\" alt=\"social link\"><\/a><a class=\"social-icon-link\" href=\"https:\/\/www.instagram.com\/voka.io\/\" target=\"_blank\" rel=\"nofollow noopener\"><img decoding=\"async\" src=\"https:\/\/storage.googleapis.com\/dev_wiki_voka_io_303011\/common\/Social%20Icons\/insta.svg\" alt=\"social link\"><\/a><a class=\"social-icon-link\" href=\"https:\/\/www.linkedin.com\/company\/voka-io\/posts\/?feedView=all\" target=\"_blank\" rel=\"nofollow noopener\"><img decoding=\"async\" src=\"https:\/\/storage.googleapis.com\/dev_wiki_voka_io_303011\/common\/Social%20Icons\/linkedin.svg\" alt=\"social link\"><\/a><a class=\"social-icon-link\" href=\"https:\/\/www.youtube.com\/@vokaio\" target=\"_blank\" rel=\"nofollow noopener\"><img decoding=\"async\" src=\"https:\/\/storage.googleapis.com\/dev_wiki_voka_io_303011\/common\/Social%20Icons\/youtube.svg\" alt=\"social link\"><\/a><a class=\"social-icon-link\" href=\"https:\/\/www.pinterest.com\/voka3danatomyandpathology\/\" target=\"_blank\" rel=\"nofollow noopener\"><img decoding=\"async\" src=\"https:\/\/storage.googleapis.com\/dev_wiki_voka_io_303011\/common\/Social%20Icons\/pinterest.svg\" alt=\"social link\"><\/a><a class=\"social-icon-link\" href=\"https:\/\/www.tiktok.com\/@voka.io\" target=\"_blank\" rel=\"nofollow noopener\"><img decoding=\"async\" src=\"https:\/\/storage.googleapis.com\/dev_wiki_voka_io_303011\/common\/Social%20Icons\/tiktok.svg\" alt=\"social link\"><\/a><a class=\"social-icon-link\" href=\"https:\/\/discord.gg\/7ejUpq8DRR\" target=\"_blank\" rel=\"nofollow noopener\"><img decoding=\"async\" src=\"https:\/\/storage.googleapis.com\/dev_wiki_voka_io_303011\/common\/Social%20Icons\/discord.svg\" alt=\"social link\"><\/a><\/div>\n<\/div>\n<p><img decoding=\"async\" class=\"social-banner-image\" loading=\"lazy\" src=\"https:\/\/storage.googleapis.com\/dev_wiki_voka_io_303011\/common\/social-media-banner-mobile-image.webp\" alt=\"Banner background\"><\/div>\n<h2 class=\"wp-block-heading\" id=\"traitement-des-maladies-infectieuses-du-nez-externe\">Traitement des maladies infectieuses du nez externe<\/h2>\n<p>Une forme l\u00e9g\u00e8re de la maladie, caract\u00e9ris\u00e9e par des furoncles et de la <span class=\"glossary-term\" data-title=\"Sycose\" data-tooltip=\"La sycose (du grec \u03c3\u1fe6\u03ba\u03bf\u03bd - figue, baie de vin) est une inflammation purulente chronique et r\u00e9currente des follicules pileux, caract\u00e9ris\u00e9e par la formation d&#039;infiltrats confluents. Cette maladie est une forme de pyodermite profonde.\" data-link=\"https:\/\/wiki.dev.voka.io\/fr\/glossaire\/sycose\/\">sycose<\/span>, est trait\u00e9e par <strong>des m\u00e9dicaments topiques<\/strong>. Des pommades \u00e0 base des anti-inflammatoires non st\u00e9ro\u00efdiens (AINS) et d\u2019antibiotiques sont prescrites, ainsi qu\u2019un traitement antiseptique des foyers pendant 5 \u00e0 7 jours jusqu\u2019\u00e0 la r\u00e9solution des sympt\u00f4mes. Un bon effet est not\u00e9 lors de la physioth\u00e9rapie, en particulier avec les ultraviolets.  <\/p>\n<p>Lorsque la maladie \u00e9volue au stade d\u2019abc\u00e8s, <strong>un traitement chirurgical<\/strong> est indiqu\u00e9. Il consiste \u00e0 effectuer une incision, puis \u00e0 nettoyer le foyer purulent au point le plus saillant. Enfin, un drainage et un pansement aseptique sont r\u00e9alis\u00e9s. Des pansements r\u00e9guliers sont ensuite effectu\u00e9s jusqu\u2019\u00e0 la gu\u00e9rison compl\u00e8te. <\/p>\n<p>En l\u2019absence d\u2019effet du traitement topique, en cas d\u2019intoxication g\u00e9n\u00e9rale s\u00e9v\u00e8re ou de traitement prolong\u00e9, le praticien prescrit <strong>des antibiotiques<\/strong> par voie orale pour une dur\u00e9e de 5 \u00e0 7 jours, en tenant compte de la sensibilit\u00e9 de l\u2019agent pathog\u00e8ne.<\/p>\n<p>Au stade de la r\u00e9cup\u00e9ration, <strong>des pommades cicatrisantes et r\u00e9g\u00e9n\u00e9rantes sont appliqu\u00e9es<\/strong>.<\/p>\n<p>En cas de complications, <strong>une admission en soins d\u2019urgence est indiqu\u00e9e<\/strong>. <\/p>\n<p><strong>Le traitement de l\u2019ecz\u00e9ma<\/strong> repose \u00e9galement sur la th\u00e9rapie locale. Pendant la p\u00e9riode d\u2019\u00e9tat, des pommades \u00e0 base de glucocortico\u00efdes sont appliqu\u00e9es. En cas d\u2019infection de la peau, des pr\u00e9parations combinant des glucocorticost\u00e9ro\u00efdes et un antibiotique sont ajout\u00e9es. La peau est r\u00e9guli\u00e8rement trait\u00e9e avec des solutions antiseptiques. Pour r\u00e9duire le prurit et le grattage de la peau, le praticien prescrit des antihistaminiques par voie orale et, dans certains cas, des s\u00e9datifs. Pendant la p\u00e9riode de gu\u00e9rison (formation de cro\u00fbtes et desquamation), des pommades cicatrisantes et des lotions hydratantes sont appliqu\u00e9es. Pendant la p\u00e9riode de r\u00e9mission, il est important d\u2019hydrater la peau abondamment et r\u00e9guli\u00e8rement pour pr\u00e9venir toute aggravation. Il faut toutefois garder \u00e0 l\u2019esprit que l\u2019ecz\u00e9ma est une maladie poly\u00e9tiologique. Pour gu\u00e9rir les manifestations cutan\u00e9es, il est n\u00e9cessaire de traiter les maladies chroniques concomitantes.      <\/p>\n<p><strong>Le traitement de l\u2019\u00e9rysip\u00e8le<\/strong> doit imp\u00e9rativement reposer sur une antibioth\u00e9rapie. Les p\u00e9nicillines sont les m\u00e9dicaments de choix. La dur\u00e9e du traitement est adapt\u00e9e en fonction des r\u00e9sultats de la culture bact\u00e9riologique. Les antibiotiques sont administr\u00e9s par voie orale ou parent\u00e9rale, en fonction de la gravit\u00e9 de la maladie, car celle-ci se caract\u00e9rise par des r\u00e9cidives et entra\u00eene des complications s\u00e9v\u00e8res. Localement, un traitement antiseptique de la zone touch\u00e9e ainsi qu\u2019une th\u00e9rapie par ultraviolets sont effectu\u00e9s.   <\/p>\n<div>\n<h2 class=\"faq-title h2-article\" id=\"faq\">FAQ<\/h2>\n<div class=\"faq-section\">\n<div class=\"faq-item faq-answer-hidden\">\n<div class=\"question-block\">\n<div class=\"faq-question\">\n<p class=\" text-black h5-title\">1. Qu\u2019est-ce qu\u2019un furoncle nasal et quel est le danger associ\u00e9 ?<\/p>\n<\/div>\n<div class=\"faq-answer text-main-text-color main-text-medium\">Le furoncle nasal se caract\u00e9rise par une inflammation purulente-n\u00e9crotique du follicule pileux et des tissus environnants. Le danger r\u00e9side dans le risque de propagation de l\u2019infection aux veines c\u00e9r\u00e9brales, pouvant entra\u00eener une thrombose des sinus caverneux, un abc\u00e8s du cerveau ou une septic\u00e9mie. <\/div>\n<\/div>\n<div class=\"expand-button-wrapper\"><button class=\"text-accent expand-button\">+<\/button><\/div>\n<\/div>\n<div class=\"faq-item faq-answer-hidden\">\n<div class=\"question-block\">\n<div class=\"faq-question\">\n<p class=\" text-black h5-title\">2. Quelle est la diff\u00e9rence entre un furoncle et une vestibulite nasale ?<\/p>\n<\/div>\n<div class=\"faq-answer text-main-text-color main-text-medium\">Le furoncle est une inflammation purulente solitaire, tandis que la vestibulite est une l\u00e9sion chronique des follicules pileux, le plus souvent en groupes, caract\u00e9ris\u00e9e par la formation de cro\u00fbtes et une tendance \u00e0 r\u00e9cidiver.<\/div>\n<\/div>\n<div class=\"expand-button-wrapper\"><button class=\"text-accent expand-button\">+<\/button><\/div>\n<\/div>\n<div class=\"faq-item faq-answer-hidden\">\n<div class=\"question-block\">\n<div class=\"faq-question\">\n<p class=\" text-black h5-title\">3. Comment reconna\u00eetre un ecz\u00e9ma nasal ?<\/p>\n<\/div>\n<div class=\"faq-answer text-main-text-color main-text-medium\">L\u2019ecz\u00e9ma nasal se manifeste par une rougeur de la peau, la formation de papules et de v\u00e9sicules, ainsi que par un prurit, un ecz\u00e9ma suintant et une desquamation. Il se caract\u00e9rise souvent par une \u00e9volution chronique et s\u2019accompagne de p\u00e9riodes d\u2019exacerbations. <\/div>\n<\/div>\n<div class=\"expand-button-wrapper\"><button class=\"text-accent expand-button\">+<\/button><\/div>\n<\/div>\n<div class=\"faq-item faq-answer-hidden\">\n<div class=\"question-block\">\n<div class=\"faq-question\">\n<p class=\" text-black h5-title\">4. Qu\u2019est-ce qu\u2019une \u00e9rysip\u00e8le du nez ?<\/p>\n<\/div>\n<div class=\"faq-answer text-main-text-color main-text-medium\">L\u2019\u00e9rysip\u00e8le est une inflammation aigu\u00eb de la peau d\u2019origine bact\u00e9rienne, qui se caract\u00e9rise par un gonflement, une rougeur et de la fi\u00e8vre. La zone affect\u00e9e est bien d\u00e9limit\u00e9e et peut s\u2019accompagner de sympt\u00f4mes g\u00e9n\u00e9raux d\u2019intoxication. <\/div>\n<\/div>\n<div class=\"expand-button-wrapper\"><button class=\"text-accent expand-button\">+<\/button><\/div>\n<\/div>\n<div class=\"faq-item faq-answer-hidden\">\n<div class=\"question-block\">\n<div class=\"faq-question\">\n<p class=\" text-black h5-title\">5. Comment diagnostiquer les infections du nez externe ?<\/p>\n<\/div>\n<div class=\"faq-answer text-main-text-color main-text-medium\">Le diagnostic comprend un examen clinique, un h\u00e9mogramme, une analyse de biochimie sanguine ainsi qu\u2019une culture bact\u00e9riologique. En cas de complications, une TDM, une IRM et une h\u00e9moculture sont r\u00e9alis\u00e9es.<\/div>\n<\/div>\n<div class=\"expand-button-wrapper\"><button class=\"text-accent expand-button\">+<\/button><\/div>\n<\/div>\n<\/div>\n<\/div>\n<div class=\"sources-list-block sources-list-hidden\" id=\"references\">\n<div class=\"sources-list-content\">\n<div class=\"sources-list-title\">\n<p class=\"small-text-bold text-black sources-list-title-text\">R\u00e9f\u00e9rences<\/p>\n<div class=\"sources-expand-button-wrapper-mobile\">\n<div class=\"sources-expand-button\"><svg width=\"32\" height=\"32\" viewbox=\"0 0 32 32\" fill=\"none\" xmlns=\"http:\/\/www.w3.org\/2000\/svg\"><path d=\"M8 12L16 20L24 12\" stroke=\"#8C9AAB\" stroke-width=\"2\" stroke-linecap=\"round\" stroke-linejoin=\"round\"><\/path><\/svg><\/div>\n<\/div>\n<\/div>\n<div class=\"sources-list-items\">\n<div class=\"source-item\">\n<p class=\"main-text-semibold text-black\">1.<\/p>\n<div class=\"source-item-content\">\n<p class=\"main-text-semibold text-black\">Catalogue VOKA.<\/p>\n<p><span class=\"small-text-medium text-grey\">https:\/\/catalog.voka.io\/ <\/span><\/div>\n<\/div>\n<div class=\"source-item\">\n<p class=\"main-text-semibold text-black\">2.<\/p>\n<div class=\"source-item-content\">\n<p class=\"main-text-semibold text-black\">Total Otolaryngology\u2014Head and Neck Surgery, Anthony P. Sclafani, Robin A. Dyleski, Michael J. Pitman, Stimson P. Schantz. Thieme Medical Publishers, Inc., 2015. ISBN 978-1-60406-646-3.<\/p>\n<\/div>\n<\/div>\n<div class=\"source-item\">\n<p class=\"main-text-semibold text-black\">3.<\/p>\n<div class=\"source-item-content\">\n<p class=\"main-text-semibold text-black\">\u0411\u0435\u0440\u0431\u043e\u043c \u0425. \u0411\u043e\u043b\u0435\u0437\u043d\u0438 \u0443\u0445\u0430, \u0433\u043e\u0440\u043b\u0430 \u0438 \u043d\u043e\u0441\u0430 \/ \u0425\u0430\u043d\u0441 \u0411\u0435\u0440\u0431\u043e\u043c, \u041e\u043b\u0438\u0432\u0435\u0440 \u041a\u0430\u0448\u043a\u0435, \u0422\u0430\u0434\u0435\u0443\u0441 \u041d\u0430\u0432\u043a\u0430, \u042d\u043d\u0434\u0440\u044e \u0421\u0432\u0438\u0444\u0442; \u043f\u0435\u0440. \u0441 \u0430\u043d\u0433\u043b. \u2013 2-\u0435 \u0438\u0437\u0434. \u2013 \u041c. : \u041c\u0415\u0414\u043f\u0440\u0435c\u0441-\u0438\u043d\u0444\u043e\u0440\u043c, 2016. \u2013 776 \u0441. : \u0438\u043b. ISBN 978-5-00030- 322-1.     <\/p>\n<\/div>\n<\/div>\n<div class=\"source-item\">\n<p class=\"main-text-semibold text-black\">4.<\/p>\n<div class=\"source-item-content\">\n<p class=\"main-text-semibold text-black\">Marra P, Colacurcio V, De Luca P, Bisogno A, Calvanese M, Scarpa A, Ralli M, De Vincentiis M, Camaioni A, Salzano FA. Nasal Vestibulitis and Vestibular Furunculosis: a systematic review about two common nasal infections and considerations about correct diagnosis and management. Clin Ter. 2022 Nov-Dec;173(6):590-596. doi: 10.7417\/CT.2022.2487. PMID: 36373460.     <\/p>\n<\/div>\n<\/div>\n<div class=\"source-item\">\n<p class=\"main-text-semibold text-black\">5.<\/p>\n<div class=\"source-item-content\">\n<p class=\"main-text-semibold text-black\">Bakshi SS. Image Diagnosis: Nasal Furunculosis-A Dangerous Nose Infection. Perm J. 2018;22:17-076. doi: 10.7812\/TPP\/17-076. PMID: 29236652; PMCID: PMC5737918.    <\/p>\n<\/div>\n<\/div>\n<\/div>\n<\/div>\n<div class=\"sources-expand-button-wrapper\">\n<div class=\"sources-expand-button\"><svg width=\"32\" height=\"32\" viewbox=\"0 0 32 32\" fill=\"none\" xmlns=\"http:\/\/www.w3.org\/2000\/svg\"><path d=\"M8 12L16 20L24 12\" stroke=\"#8C9AAB\" stroke-width=\"2\" stroke-linecap=\"round\" stroke-linejoin=\"round\"><\/path><\/svg><\/div>\n<\/div>\n<\/div>\n","protected":false},"excerpt":{"rendered":"<p>Les maladies infectieuses du nez externe comprennent des l\u00e9sions cutan\u00e9es du nez externe dont les facteurs \u00e9tiologiques sont une infection bact\u00e9rienne et les conditions favorables. La peau, les follicules pileux et le tissu sous-cutan\u00e9 adipeux sont touch\u00e9s, mais la muqueuse reste intacte. Classification Furoncle nasal : Autres maladies infectieuses du nez externe : \u00c9tiologie Les [&hellip;]<\/p>\n","protected":false},"author":4,"featured_media":0,"template":"","diseases_category":[233],"class_list":["post-633","diseases_post","type-diseases_post","status-publish","hentry","diseases_category-oto-rhino-laryngologie"],"acf":[],"yoast_head":"<!-- This site is optimized with the Yoast SEO Premium plugin v25.0 (Yoast SEO v26.5) - https:\/\/yoast.com\/wordpress\/plugins\/seo\/ -->\n<title>Maladies infectieuses du nez externe : causes, diagnostic et traitement<\/title>\n<meta name=\"description\" content=\"Maladies infectieuses du nez externe : causes, sympt\u00f4mes, manifestations cliniques, diagnostic et m\u00e9thodes de traitement modernes chez les adultes et les enfants.\" \/>\n<meta name=\"robots\" content=\"noindex, follow, max-snippet:-1, max-image-preview:large, max-video-preview:-1\" \/>\n<meta property=\"og:locale\" content=\"fr_FR\" \/>\n<meta property=\"og:type\" content=\"article\" \/>\n<meta property=\"og:title\" content=\"Maladies infectieuses du nez externe : causes, manifestations, diagnostic et traitement\" \/>\n<meta property=\"og:description\" content=\"Maladies infectieuses du nez externe : causes, sympt\u00f4mes, manifestations cliniques, diagnostic et m\u00e9thodes de traitement modernes chez les adultes et les enfants.\" \/>\n<meta property=\"og:url\" content=\"https:\/\/wiki.dev.voka.io\/fr\/maladies\/oto-rhino-laryngologie\/infections-de-la-peau-du-nez-externe\/\" \/>\n<meta property=\"og:site_name\" content=\"Voka Wiki\" \/>\n<meta property=\"article:publisher\" content=\"https:\/\/www.facebook.com\/VOKA3DAnatomyAndPathology\/\" \/>\n<meta property=\"article:modified_time\" content=\"2025-06-05T11:46:25+00:00\" \/>\n<meta property=\"og:image\" content=\"https:\/\/storage.googleapis.com\/dev_wiki_voka_io_303011\/articles\/Otorhinolaryngology\/Infectious%20lesions%20of%20the%20external%20nose\/nose_1.webp\" \/>\n<meta name=\"twitter:card\" content=\"summary_large_image\" \/>\n<meta name=\"twitter:label1\" content=\"Dur\u00e9e de lecture estim\u00e9e\" \/>\n\t<meta name=\"twitter:data1\" content=\"9 minutes\" \/>\n<script type=\"application\/ld+json\" class=\"yoast-schema-graph\">{\"@context\":\"https:\/\/schema.org\",\"@graph\":[{\"@type\":\"Article\",\"@id\":\"https:\/\/wiki.dev.voka.io\/fr\/maladies\/oto-rhino-laryngologie\/infections-de-la-peau-du-nez-externe\/#article\",\"isPartOf\":{\"@id\":\"https:\/\/wiki.dev.voka.io\/fr\/maladies\/oto-rhino-laryngologie\/infections-de-la-peau-du-nez-externe\/\"},\"author\":{\"name\":\"Danata A.\",\"@id\":\"https:\/\/wiki.dev.voka.io\/fr\/#\/schema\/person\/75a01428a2e97375c0facaaeba432542\"},\"headline\":\"Maladies infectieuses du nez externe : causes, manifestations, diagnostic et traitement\",\"datePublished\":\"2025-04-04T08:24:11+00:00\",\"dateModified\":\"2025-06-05T11:46:25+00:00\",\"mainEntityOfPage\":{\"@id\":\"https:\/\/wiki.dev.voka.io\/fr\/maladies\/oto-rhino-laryngologie\/infections-de-la-peau-du-nez-externe\/\"},\"wordCount\":1939,\"publisher\":{\"@id\":\"https:\/\/wiki.dev.voka.io\/fr\/#organization\"},\"image\":{\"@id\":\"https:\/\/wiki.dev.voka.io\/fr\/maladies\/oto-rhino-laryngologie\/infections-de-la-peau-du-nez-externe\/#primaryimage\"},\"thumbnailUrl\":\"https:\/\/storage.googleapis.com\/dev_wiki_voka_io_303011\/articles\/Otorhinolaryngology\/Infectious%20lesions%20of%20the%20external%20nose\/nose_1.webp\",\"inLanguage\":\"fr-FR\"},{\"@type\":\"WebPage\",\"@id\":\"https:\/\/wiki.dev.voka.io\/fr\/maladies\/oto-rhino-laryngologie\/infections-de-la-peau-du-nez-externe\/\",\"url\":\"https:\/\/wiki.dev.voka.io\/fr\/maladies\/oto-rhino-laryngologie\/infections-de-la-peau-du-nez-externe\/\",\"name\":\"Maladies infectieuses du nez externe : causes, diagnostic et traitement\",\"isPartOf\":{\"@id\":\"https:\/\/wiki.dev.voka.io\/fr\/#website\"},\"primaryImageOfPage\":{\"@id\":\"https:\/\/wiki.dev.voka.io\/fr\/maladies\/oto-rhino-laryngologie\/infections-de-la-peau-du-nez-externe\/#primaryimage\"},\"image\":{\"@id\":\"https:\/\/wiki.dev.voka.io\/fr\/maladies\/oto-rhino-laryngologie\/infections-de-la-peau-du-nez-externe\/#primaryimage\"},\"thumbnailUrl\":\"https:\/\/storage.googleapis.com\/dev_wiki_voka_io_303011\/articles\/Otorhinolaryngology\/Infectious%20lesions%20of%20the%20external%20nose\/nose_1.webp\",\"datePublished\":\"2025-04-04T08:24:11+00:00\",\"dateModified\":\"2025-06-05T11:46:25+00:00\",\"description\":\"Maladies infectieuses du nez externe : causes, sympt\u00f4mes, manifestations cliniques, diagnostic et m\u00e9thodes de traitement modernes chez les adultes et les enfants.\",\"breadcrumb\":{\"@id\":\"https:\/\/wiki.dev.voka.io\/fr\/maladies\/oto-rhino-laryngologie\/infections-de-la-peau-du-nez-externe\/#breadcrumb\"},\"inLanguage\":\"fr-FR\",\"potentialAction\":[{\"@type\":\"ReadAction\",\"target\":[\"https:\/\/wiki.dev.voka.io\/fr\/maladies\/oto-rhino-laryngologie\/infections-de-la-peau-du-nez-externe\/\"]}]},{\"@type\":\"ImageObject\",\"inLanguage\":\"fr-FR\",\"@id\":\"https:\/\/wiki.dev.voka.io\/fr\/maladies\/oto-rhino-laryngologie\/infections-de-la-peau-du-nez-externe\/#primaryimage\",\"url\":\"https:\/\/storage.googleapis.com\/dev_wiki_voka_io_303011\/articles\/Otorhinolaryngology\/Infectious%20lesions%20of%20the%20external%20nose\/nose_1.webp\",\"contentUrl\":\"https:\/\/storage.googleapis.com\/dev_wiki_voka_io_303011\/articles\/Otorhinolaryngology\/Infectious%20lesions%20of%20the%20external%20nose\/nose_1.webp\"},{\"@type\":\"BreadcrumbList\",\"@id\":\"https:\/\/wiki.dev.voka.io\/fr\/maladies\/oto-rhino-laryngologie\/infections-de-la-peau-du-nez-externe\/#breadcrumb\",\"itemListElement\":[{\"@type\":\"ListItem\",\"position\":1,\"name\":\"Home\",\"item\":\"https:\/\/wiki.dev.voka.io\/fr\/\"},{\"@type\":\"ListItem\",\"position\":2,\"name\":\"Oto-rhino-laryngologie\",\"item\":\"https:\/\/wiki.dev.voka.io\/fr\/maladies\/oto-rhino-laryngologie\/\"},{\"@type\":\"ListItem\",\"position\":3,\"name\":\"Maladies infectieuses du nez externe : causes, manifestations, diagnostic et traitement\"}]},{\"@type\":\"WebSite\",\"@id\":\"https:\/\/wiki.dev.voka.io\/fr\/#website\",\"url\":\"https:\/\/wiki.dev.voka.io\/fr\/\",\"name\":\"Voka Wiki\",\"description\":\"\",\"publisher\":{\"@id\":\"https:\/\/wiki.dev.voka.io\/fr\/#organization\"},\"alternateName\":\"Anatomy & Pathology Wiki by VOKA\",\"potentialAction\":[{\"@type\":\"SearchAction\",\"target\":{\"@type\":\"EntryPoint\",\"urlTemplate\":\"https:\/\/wiki.dev.voka.io\/fr\/?s={search_term_string}\"},\"query-input\":{\"@type\":\"PropertyValueSpecification\",\"valueRequired\":true,\"valueName\":\"search_term_string\"}}],\"inLanguage\":\"fr-FR\"},{\"@type\":\"Organization\",\"@id\":\"https:\/\/wiki.dev.voka.io\/fr\/#organization\",\"name\":\"Voka 3D Anatomy & Pathology\",\"alternateName\":\"VOKA\",\"url\":\"https:\/\/wiki.dev.voka.io\/fr\/\",\"logo\":{\"@type\":\"ImageObject\",\"inLanguage\":\"fr-FR\",\"@id\":\"https:\/\/wiki.dev.voka.io\/fr\/#\/schema\/logo\/image\/\",\"url\":\"https:\/\/wiki.dev.voka.io\/wp-content\/uploads\/2025\/02\/cropped-voka-logo-1.png\",\"contentUrl\":\"https:\/\/wiki.dev.voka.io\/wp-content\/uploads\/2025\/02\/cropped-voka-logo-1.png\",\"width\":70,\"height\":16,\"caption\":\"Voka 3D Anatomy & Pathology\"},\"image\":{\"@id\":\"https:\/\/wiki.dev.voka.io\/fr\/#\/schema\/logo\/image\/\"},\"sameAs\":[\"https:\/\/www.facebook.com\/VOKA3DAnatomyAndPathology\/\",\"https:\/\/www.instagram.com\/voka.io\/\",\"https:\/\/www.linkedin.com\/company\/voka-io\/\",\"https:\/\/www.youtube.com\/channel\/UCqGGuOEpr62ScH8Pjk2q5zw\/videos\",\"https:\/\/www.pinterest.com\/VokaAnatomyPro\/\",\"https:\/\/www.threads.com\/@voka.io\"],\"description\":\"VOKA.io offers 3D medical animations and custom 3D modeling services. Our product, VOKA 3D Anatomy & Pathology, is a digital atlas with over 1,000 detailed 3D models of human anatomy and pathology, designed for medical education, training, and patient communication.\",\"email\":\"info@voka.io\",\"telephone\":\"+1 814 351 4442\",\"legalName\":\"Voka 3D Anatomy & Pathology\",\"foundingDate\":\"2017-02-12\",\"naics\":\"541512\",\"numberOfEmployees\":{\"@type\":\"QuantitativeValue\",\"minValue\":\"51\",\"maxValue\":\"200\"},\"publishingPrinciples\":\"https:\/\/wiki.voka.io\/fr\/principes-de-publication\/\"},{\"@type\":\"Person\",\"@id\":\"https:\/\/wiki.dev.voka.io\/fr\/#\/schema\/person\/75a01428a2e97375c0facaaeba432542\",\"name\":\"Danata A.\",\"image\":{\"@type\":\"ImageObject\",\"inLanguage\":\"fr-FR\",\"@id\":\"https:\/\/wiki.dev.voka.io\/fr\/#\/schema\/person\/image\/\",\"url\":\"https:\/\/secure.gravatar.com\/avatar\/17b61e87bc892ef9555b6080655463c63eb46025ed870850eaa2472678817ed6?s=96&d=mm&r=g\",\"contentUrl\":\"https:\/\/secure.gravatar.com\/avatar\/17b61e87bc892ef9555b6080655463c63eb46025ed870850eaa2472678817ed6?s=96&d=mm&r=g\",\"caption\":\"Danata A.\"}}]}<\/script>\n<!-- \/ Yoast SEO Premium plugin. -->","yoast_head_json":{"title":"Maladies infectieuses du nez externe : causes, diagnostic et traitement","description":"Maladies infectieuses du nez externe : causes, sympt\u00f4mes, manifestations cliniques, diagnostic et m\u00e9thodes de traitement modernes chez les adultes et les enfants.","robots":{"index":"noindex","follow":"follow","max-snippet":"max-snippet:-1","max-image-preview":"max-image-preview:large","max-video-preview":"max-video-preview:-1"},"og_locale":"fr_FR","og_type":"article","og_title":"Maladies infectieuses du nez externe : causes, manifestations, diagnostic et traitement","og_description":"Maladies infectieuses du nez externe : causes, sympt\u00f4mes, manifestations cliniques, diagnostic et m\u00e9thodes de traitement modernes chez les adultes et les enfants.","og_url":"https:\/\/wiki.dev.voka.io\/fr\/maladies\/oto-rhino-laryngologie\/infections-de-la-peau-du-nez-externe\/","og_site_name":"Voka Wiki","article_publisher":"https:\/\/www.facebook.com\/VOKA3DAnatomyAndPathology\/","article_modified_time":"2025-06-05T11:46:25+00:00","og_image":[{"url":"https:\/\/storage.googleapis.com\/dev_wiki_voka_io_303011\/articles\/Otorhinolaryngology\/Infectious%20lesions%20of%20the%20external%20nose\/nose_1.webp","type":"","width":"","height":""}],"twitter_card":"summary_large_image","twitter_misc":{"Dur\u00e9e de lecture estim\u00e9e":"9 minutes"},"schema":{"@context":"https:\/\/schema.org","@graph":[{"@type":"Article","@id":"https:\/\/wiki.dev.voka.io\/fr\/maladies\/oto-rhino-laryngologie\/infections-de-la-peau-du-nez-externe\/#article","isPartOf":{"@id":"https:\/\/wiki.dev.voka.io\/fr\/maladies\/oto-rhino-laryngologie\/infections-de-la-peau-du-nez-externe\/"},"author":{"name":"Danata A.","@id":"https:\/\/wiki.dev.voka.io\/fr\/#\/schema\/person\/75a01428a2e97375c0facaaeba432542"},"headline":"Maladies infectieuses du nez externe : causes, manifestations, diagnostic et traitement","datePublished":"2025-04-04T08:24:11+00:00","dateModified":"2025-06-05T11:46:25+00:00","mainEntityOfPage":{"@id":"https:\/\/wiki.dev.voka.io\/fr\/maladies\/oto-rhino-laryngologie\/infections-de-la-peau-du-nez-externe\/"},"wordCount":1939,"publisher":{"@id":"https:\/\/wiki.dev.voka.io\/fr\/#organization"},"image":{"@id":"https:\/\/wiki.dev.voka.io\/fr\/maladies\/oto-rhino-laryngologie\/infections-de-la-peau-du-nez-externe\/#primaryimage"},"thumbnailUrl":"https:\/\/storage.googleapis.com\/dev_wiki_voka_io_303011\/articles\/Otorhinolaryngology\/Infectious%20lesions%20of%20the%20external%20nose\/nose_1.webp","inLanguage":"fr-FR"},{"@type":"WebPage","@id":"https:\/\/wiki.dev.voka.io\/fr\/maladies\/oto-rhino-laryngologie\/infections-de-la-peau-du-nez-externe\/","url":"https:\/\/wiki.dev.voka.io\/fr\/maladies\/oto-rhino-laryngologie\/infections-de-la-peau-du-nez-externe\/","name":"Maladies infectieuses du nez externe : causes, diagnostic et traitement","isPartOf":{"@id":"https:\/\/wiki.dev.voka.io\/fr\/#website"},"primaryImageOfPage":{"@id":"https:\/\/wiki.dev.voka.io\/fr\/maladies\/oto-rhino-laryngologie\/infections-de-la-peau-du-nez-externe\/#primaryimage"},"image":{"@id":"https:\/\/wiki.dev.voka.io\/fr\/maladies\/oto-rhino-laryngologie\/infections-de-la-peau-du-nez-externe\/#primaryimage"},"thumbnailUrl":"https:\/\/storage.googleapis.com\/dev_wiki_voka_io_303011\/articles\/Otorhinolaryngology\/Infectious%20lesions%20of%20the%20external%20nose\/nose_1.webp","datePublished":"2025-04-04T08:24:11+00:00","dateModified":"2025-06-05T11:46:25+00:00","description":"Maladies infectieuses du nez externe : causes, sympt\u00f4mes, manifestations cliniques, diagnostic et m\u00e9thodes de traitement modernes chez les adultes et les enfants.","breadcrumb":{"@id":"https:\/\/wiki.dev.voka.io\/fr\/maladies\/oto-rhino-laryngologie\/infections-de-la-peau-du-nez-externe\/#breadcrumb"},"inLanguage":"fr-FR","potentialAction":[{"@type":"ReadAction","target":["https:\/\/wiki.dev.voka.io\/fr\/maladies\/oto-rhino-laryngologie\/infections-de-la-peau-du-nez-externe\/"]}]},{"@type":"ImageObject","inLanguage":"fr-FR","@id":"https:\/\/wiki.dev.voka.io\/fr\/maladies\/oto-rhino-laryngologie\/infections-de-la-peau-du-nez-externe\/#primaryimage","url":"https:\/\/storage.googleapis.com\/dev_wiki_voka_io_303011\/articles\/Otorhinolaryngology\/Infectious%20lesions%20of%20the%20external%20nose\/nose_1.webp","contentUrl":"https:\/\/storage.googleapis.com\/dev_wiki_voka_io_303011\/articles\/Otorhinolaryngology\/Infectious%20lesions%20of%20the%20external%20nose\/nose_1.webp"},{"@type":"BreadcrumbList","@id":"https:\/\/wiki.dev.voka.io\/fr\/maladies\/oto-rhino-laryngologie\/infections-de-la-peau-du-nez-externe\/#breadcrumb","itemListElement":[{"@type":"ListItem","position":1,"name":"Home","item":"https:\/\/wiki.dev.voka.io\/fr\/"},{"@type":"ListItem","position":2,"name":"Oto-rhino-laryngologie","item":"https:\/\/wiki.dev.voka.io\/fr\/maladies\/oto-rhino-laryngologie\/"},{"@type":"ListItem","position":3,"name":"Maladies infectieuses du nez externe : causes, manifestations, diagnostic et traitement"}]},{"@type":"WebSite","@id":"https:\/\/wiki.dev.voka.io\/fr\/#website","url":"https:\/\/wiki.dev.voka.io\/fr\/","name":"Voka Wiki","description":"","publisher":{"@id":"https:\/\/wiki.dev.voka.io\/fr\/#organization"},"alternateName":"Anatomy & Pathology Wiki by VOKA","potentialAction":[{"@type":"SearchAction","target":{"@type":"EntryPoint","urlTemplate":"https:\/\/wiki.dev.voka.io\/fr\/?s={search_term_string}"},"query-input":{"@type":"PropertyValueSpecification","valueRequired":true,"valueName":"search_term_string"}}],"inLanguage":"fr-FR"},{"@type":"Organization","@id":"https:\/\/wiki.dev.voka.io\/fr\/#organization","name":"Voka 3D Anatomy & Pathology","alternateName":"VOKA","url":"https:\/\/wiki.dev.voka.io\/fr\/","logo":{"@type":"ImageObject","inLanguage":"fr-FR","@id":"https:\/\/wiki.dev.voka.io\/fr\/#\/schema\/logo\/image\/","url":"https:\/\/wiki.dev.voka.io\/wp-content\/uploads\/2025\/02\/cropped-voka-logo-1.png","contentUrl":"https:\/\/wiki.dev.voka.io\/wp-content\/uploads\/2025\/02\/cropped-voka-logo-1.png","width":70,"height":16,"caption":"Voka 3D Anatomy & Pathology"},"image":{"@id":"https:\/\/wiki.dev.voka.io\/fr\/#\/schema\/logo\/image\/"},"sameAs":["https:\/\/www.facebook.com\/VOKA3DAnatomyAndPathology\/","https:\/\/www.instagram.com\/voka.io\/","https:\/\/www.linkedin.com\/company\/voka-io\/","https:\/\/www.youtube.com\/channel\/UCqGGuOEpr62ScH8Pjk2q5zw\/videos","https:\/\/www.pinterest.com\/VokaAnatomyPro\/","https:\/\/www.threads.com\/@voka.io"],"description":"VOKA.io offers 3D medical animations and custom 3D modeling services. Our product, VOKA 3D Anatomy & Pathology, is a digital atlas with over 1,000 detailed 3D models of human anatomy and pathology, designed for medical education, training, and patient communication.","email":"info@voka.io","telephone":"+1 814 351 4442","legalName":"Voka 3D Anatomy & Pathology","foundingDate":"2017-02-12","naics":"541512","numberOfEmployees":{"@type":"QuantitativeValue","minValue":"51","maxValue":"200"},"publishingPrinciples":"https:\/\/wiki.voka.io\/fr\/principes-de-publication\/"},{"@type":"Person","@id":"https:\/\/wiki.dev.voka.io\/fr\/#\/schema\/person\/75a01428a2e97375c0facaaeba432542","name":"Danata A.","image":{"@type":"ImageObject","inLanguage":"fr-FR","@id":"https:\/\/wiki.dev.voka.io\/fr\/#\/schema\/person\/image\/","url":"https:\/\/secure.gravatar.com\/avatar\/17b61e87bc892ef9555b6080655463c63eb46025ed870850eaa2472678817ed6?s=96&d=mm&r=g","contentUrl":"https:\/\/secure.gravatar.com\/avatar\/17b61e87bc892ef9555b6080655463c63eb46025ed870850eaa2472678817ed6?s=96&d=mm&r=g","caption":"Danata A."}}]}},"_links":{"self":[{"href":"https:\/\/wiki.dev.voka.io\/fr\/wp-json\/wp\/v2\/diseases_post\/633","targetHints":{"allow":["GET"]}}],"collection":[{"href":"https:\/\/wiki.dev.voka.io\/fr\/wp-json\/wp\/v2\/diseases_post"}],"about":[{"href":"https:\/\/wiki.dev.voka.io\/fr\/wp-json\/wp\/v2\/types\/diseases_post"}],"author":[{"embeddable":true,"href":"https:\/\/wiki.dev.voka.io\/fr\/wp-json\/wp\/v2\/users\/4"}],"wp:attachment":[{"href":"https:\/\/wiki.dev.voka.io\/fr\/wp-json\/wp\/v2\/media?parent=633"}],"wp:term":[{"taxonomy":"diseases_category","embeddable":true,"href":"https:\/\/wiki.dev.voka.io\/fr\/wp-json\/wp\/v2\/diseases_category?post=633"}],"curies":[{"name":"wp","href":"https:\/\/api.w.org\/{rel}","templated":true}]}}