{"id":5202,"date":"2026-01-29T17:18:40","date_gmt":"2026-01-29T14:18:40","guid":{"rendered":"https:\/\/wiki.dev.voka.io\/diseases\/uncategorized\/hematome-sous-dural-traumatique\/"},"modified":"2026-04-01T18:39:59","modified_gmt":"2026-04-01T15:39:59","slug":"hematome-sous-dural-traumatique","status":"publish","type":"diseases_post","link":"https:\/\/wiki.dev.voka.io\/fr\/maladies\/systeme-nerveux-central-et-peripherique\/hematome-sous-dural-traumatique\/","title":{"rendered":"H\u00e9matomes sous-duraux traumatiques (aigus, subaigus)&nbsp;: \u00e9tiologie, pathog\u00e9nie, pr\u00e9sentation clinique, diagnostic, traitement"},"content":{"rendered":"<p><?xml encoding=\"UTF-8\" ?><\/p>\n<p>Un <span class=\"glossary-term\" data-title=\"H\u00e9matome\" data-tooltip=\"Un h\u00e9matome est une accumulation limit\u00e9e de sang dans les tissus, r\u00e9sultant de la rupture d&#039;un vaisseau sanguin lors d&#039;un traumatisme ou d&#039;un trouble de la coagulation. Le sang qui s&#039;\u00e9chappe du vaisseau forme une cavit\u00e9 remplie de sang liquide ou coagul\u00e9.\n\" data-link=\"https:\/\/wiki.dev.voka.io\/fr\/glossaire\/hematome\/\">h\u00e9matome<\/span> sous-dural traumatique est une maladie caract\u00e9ris\u00e9e par l\u2019accumulation de sang dans l\u2019espace sous-dural sous la dure-m\u00e8re, associ\u00e9e \u00e0 un traumatisme cr\u00e2nien et c\u00e9r\u00e9bral.<\/p>\n<p>La fr\u00e9quence des h\u00e9matomes sous-duraux aigus est d\u2019environ 20\u00a0% dans les cas de traumatismes cr\u00e2niens s\u00e9v\u00e8res. Selon la litt\u00e9rature, le taux de mortalit\u00e9 de cette condition varie de 50 \u00e0 90\u00a0%, avec seulement 30\u00a0% des patients retrouvant une r\u00e9cup\u00e9ration neurologique compl\u00e8te apr\u00e8s une h\u00e9morragie traumatique.<\/p>\n<h2 class=\"wp-block-heading\" id=\"classification-des-hemorragies-sous-durales-traumatiques\">Classification des h\u00e9morragies sous-durales traumatiques<\/h2>\n<p>Les h\u00e9matomes sous-duraux traumatiques sont class\u00e9s comme suit\u00a0:<\/p>\n<ul class=\"wp-block-list\">\n<li><strong>Aigus<\/strong>\u00a0: d\u00e9tect\u00e9s lors de l\u2019examen du patient dans les 24 \u00e0 72\u00a0premi\u00e8res heures apr\u00e8s le d\u00e9but de l\u2019h\u00e9morragie\u00a0;<\/li>\n<\/ul>\n<figure class=\"wp-block-image size-large\"><img decoding=\"async\" src=\"https:\/\/storage.googleapis.com\/dev_wiki_voka_io_303011\/articles\/en\/cns-and-pns\/traumatic-subdural-hematomas\/acute-subdural-hematoma.webp\" alt=\"H\u00e9matome sous-dural aigu\"><figcaption class=\"wp-element-caption\">H\u00e9matome sous-dural aigu\u00a0: <a href=\"https:\/\/catalog.voka.io\/en\/models\/97a4b7e8-5664-40a7-b1d9-91b94133dd54\/2f9fc6be-32a9-4b79-bfc5-2a3dbf771dd0\/84ccdff8-04b9-41cb-a967-3f8875a2b496\/46dd034a-9596-4c13-8999-0aab2ade0fae\" target=\"_blank\" rel=\"noreferrer noopener nofollow\">mod\u00e8le 3D<\/a><\/figcaption><\/figure>\n<ul class=\"wp-block-list\">\n<li><strong>Subaigus<\/strong>\u00a0: d\u00e9tect\u00e9es lors de l\u2019examen du patient au cours de la p\u00e9riode de 4 \u00e0 10\u00a0jours post-h\u00e9morragie\u00a0;<\/li>\n<\/ul>\n<figure class=\"wp-block-image size-large\"><img decoding=\"async\" src=\"https:\/\/storage.googleapis.com\/dev_wiki_voka_io_303011\/articles\/en\/cns-and-pns\/traumatic-subdural-hematomas\/subacute-subdural-hematoma.webp\" alt=\"H\u00e9matome sous-dural subaigu\"><figcaption class=\"wp-element-caption\">H\u00e9matome sous-dural subaigu\u00a0: <a href=\"https:\/\/catalog.voka.io\/en\/models\/97a4b7e8-5664-40a7-b1d9-91b94133dd54\/2f9fc6be-32a9-4b79-bfc5-2a3dbf771dd0\/84ccdff8-04b9-41cb-a967-3f8875a2b496\/7459f307-6b73-4ac2-8306-40ed42b9e63d\" target=\"_blank\" rel=\"noreferrer noopener nofollow\">mod\u00e8le 3D<\/a><\/figcaption><\/figure>\n<ul class=\"wp-block-list\">\n<li><strong>Chroniques<\/strong>\u00a0: d\u00e9tect\u00e9s plus de 14\u00a0jours apr\u00e8s l\u2019\u00e9v\u00e9nement h\u00e9morragique.<\/li>\n<\/ul>\n<h2 class=\"wp-block-heading\" id=\"etiologie-des-hematomes-sous-duraux-traumatiques\">\u00c9tiologie des h\u00e9matomes sous-duraux traumatiques<\/h2>\n<p>Les facteurs \u00e9tiologiques dans le d\u00e9veloppement des h\u00e9matomes sous-duraux traumatiques incluent les m\u00eames causes que celles \u00e0 l\u2019origine des <a href=\"https:\/\/wiki.voka.io\/fr\/maladies\/systeme-nerveux-central-et-peripherique\/traumatisme-cranien\/\" target=\"_blank\" rel=\"noreferrer noopener\">traumatismes cr\u00e2niens<\/a>\u00a0:<\/p>\n<ul class=\"wp-block-list\">\n<li>Accidents de la route\u00a0;<\/li>\n<li>Chutes\u00a0;<\/li>\n<li>Blessures violentes\u00a0;<\/li>\n<li>Blessures sportives.<\/li>\n<\/ul>\n<p>Il convient de noter que jusqu\u2019\u00e0 55\u00a0% de la fr\u00e9quence de d\u00e9veloppement d\u2019h\u00e9matome sous-dural est attribu\u00e9e aux chutes.<\/p>\n<h2 class=\"wp-block-heading\" id=\"pathogenie-des-hematomes-sous-duraux-traumatiques\">Pathog\u00e9nie des h\u00e9matomes sous-duraux traumatiques <\/h2>\n<p>La pathog\u00e9nie des h\u00e9matomes sous-duraux traumatiques est caract\u00e9ris\u00e9e par un m\u00e9canisme de coup-contrecoup, attribuant ce type de traumatisme cr\u00e2nien \u00e0 une cat\u00e9gorie focale. <\/p>\n<h3 class=\"wp-block-heading\" id=\"mecanismes-de-formation\">M\u00e9canismes de formation<\/h3>\n<ul class=\"wp-block-list\">\n<li><strong>M\u00e9canisme de coup (impact direct)<\/strong>. Lors de l\u2019application d\u2019un agent traumatique sur les os rigides de la vo\u00fbte cr\u00e2nienne, le tissu c\u00e9r\u00e9bral est bless\u00e9, formant des foyers de contusions et des ruptures des vaisseaux art\u00e9riels ou veineux (g\u00e9n\u00e9ralement du pont). En raison de la blessure des vaisseaux et de l\u2019h\u00e9morragie continue, le sang s\u2019accumule dans l\u2019espace sous-dural. <\/li>\n<li><strong>M\u00e9canisme de cavitation (contre-impact)<\/strong>. Ce m\u00e9canisme explique la formation d\u2019h\u00e9matomes sous-duraux du c\u00f4t\u00e9 oppos\u00e9 \u00e0 l\u2019application du facteur m\u00e9canique, associ\u00e9 \u00e0 la th\u00e9orie de la cavitation. <\/li>\n<li><strong>M\u00e9canisme rotationnel<\/strong>. La litt\u00e9rature moderne souligne \u00e9galement la th\u00e9orie de la blessure rotationnelle, selon laquelle l\u2019acc\u00e9l\u00e9ration angulaire et les contraintes de cisaillement entra\u00eenent principalement des dommages aux veines du pont, tendues entre le sinus sagittal sup\u00e9rieur et la surface des h\u00e9misph\u00e8res c\u00e9r\u00e9braux.<\/li>\n<\/ul>\n<h3 class=\"wp-block-heading\" id=\"caracteristiques-liees-a-l-age\">Caract\u00e9ristiques li\u00e9es \u00e0 l\u2019\u00e2ge<\/h3>\n<p>Le d\u00e9veloppement des h\u00e9matomes sous-duraux traumatiques est en outre influenc\u00e9 par les caract\u00e9ristiques li\u00e9es \u00e0 l\u2019\u00e2ge\u00a0: chez les patients \u00e2g\u00e9s, en raison de l\u2019atrophie c\u00e9r\u00e9brale, l\u2019espace sous-dural et la tension sur les veines du pont augmentent, ce qui accro\u00eet le risque de rupture m\u00eame en cas de traumatisme relativement mineur.<\/p>\n<h3 class=\"wp-block-heading\" id=\"complications\">Complications<\/h3>\n<ol class=\"wp-block-list\">\n<li><strong>Progression de l\u2019isch\u00e9mie<\/strong>. En raison de l\u2019h\u00e9morragie continue, de l\u2019accumulation de sang dans l\u2019espace sous-dural et de l\u2019augmentation de la pression intracr\u00e2nienne, la pression de perfusion dans le tissu c\u00e9r\u00e9bral diminue, conduisant \u00e0 une aggravation des l\u00e9sions c\u00e9r\u00e9brales, au d\u00e9veloppement de foyers isch\u00e9miques secondaires et \u00e0 une d\u00e9t\u00e9rioration du pronostic du patient.<\/li>\n<li><strong>Syndrome de dislocation<\/strong>. La dislocation axiale caus\u00e9e par des h\u00e9morragies sous-durales aigu\u00ebs peut d\u00e9clencher un syndrome d\u2019engagement c\u00e9r\u00e9bral en raison du d\u00e9placement du crochet du lobe temporal dans la zone de l\u2019encoche de la tente du cervelet, comprimant le tronc c\u00e9r\u00e9bral, le nerf oculomoteur et l\u2019art\u00e8re c\u00e9r\u00e9brale post\u00e9rieure du c\u00f4t\u00e9 affect\u00e9, pouvant entra\u00eener des modifications isch\u00e9miques dans ces structures et une d\u00e9t\u00e9rioration rapide de l\u2019\u00e9tat du patient.<\/li>\n<\/ol>\n<h2 class=\"wp-block-heading\" id=\"presentation-clinique\">Pr\u00e9sentation clinique <\/h2>\n<h3 class=\"wp-block-heading\" id=\"symptomes-des-hematomes-sous-duraux-traumatiques\">Sympt\u00f4mes des h\u00e9matomes sous-duraux traumatiques<\/h3>\n<p>Les sympt\u00f4mes cliniques des h\u00e9matomes sous-duraux traumatiques comprennent des sympt\u00f4mes focaux, non focaux et m\u00e9ning\u00e9s\u00a0:<\/p>\n<ul class=\"wp-block-list\">\n<li>Les <strong>sympt\u00f4mes non focaux<\/strong> comprennent des c\u00e9phal\u00e9es intenses, des naus\u00e9es, des vomissements, des vertiges, une alt\u00e9ration de la conscience \u00e0 divers niveaux, allant de l\u2019\u00e9tourdissement mod\u00e9r\u00e9 au coma profond.<\/li>\n<li>Les <strong>sympt\u00f4mes focaux<\/strong> sont le plus souvent repr\u00e9sent\u00e9s par une h\u00e9mipar\u00e9sie ou h\u00e9mipl\u00e9gie controlat\u00e9rale, une alt\u00e9ration de la sensibilit\u00e9 et une aphasie impliquant l\u2019h\u00e9misph\u00e8re dominant. L\u2019activit\u00e9 \u00e9pileptique peut comprendre des convulsions g\u00e9n\u00e9ralis\u00e9es et focales.<\/li>\n<li>Le <strong>syndrome m\u00e9ning\u00e9<\/strong> se manifeste par une rigidit\u00e9 des muscles du cou, des signes de Kernig et Brudzinski, associ\u00e9s \u00e0 l\u2019irritation des m\u00e9ninges par des caillots sanguins.<\/li>\n<li>Le <strong>syndrome \u00e9pileptique<\/strong> se manifeste par des crises convulsives dues \u00e0 une atteinte du cortex c\u00e9r\u00e9bral et \u00e0 une activit\u00e9 pathologique du signal nerveux.<\/li>\n<li>Les <strong>manifestations autonomes<\/strong> (bradycardie, hypertension et troubles respiratoires) indiquent une pression intracr\u00e2nienne \u00e9lev\u00e9e et peuvent signaler le d\u00e9but du syndrome de dislocation ou les dommages subis. <\/li>\n<\/ul>\n<h3 class=\"wp-block-heading\" id=\"developpement-du-processus-pathologique\">D\u00e9veloppement du processus pathologique<\/h3>\n<p>Les <strong>h\u00e9matomes sous-duraux aigus<\/strong> progressent typiquement en trois phases\u00a0:<\/p>\n<ol class=\"wp-block-list\">\n<li>Perte de conscience initiale au moment de la blessure (10 \u00e0 20\u00a0minutes) suivie d\u2019un r\u00e9tablissement \u00e0 un niveau de stupeur.<\/li>\n<li>L\u2019\u00ab\u00a0intervalle lucide\u00a0\u00bb est une am\u00e9lioration temporaire de l\u2019\u00e9tat.<\/li>\n<li>D\u00e9t\u00e9rioration brutale de l\u2019\u00e9tat avec d\u00e9pression de la conscience jusqu\u2019au coma.<\/li>\n<\/ol>\n<p>Cependant, cette progression n\u2019est pas observ\u00e9e chez plus de 20 \u00e0 30\u00a0% des patients. Plus souvent, l\u2019intervalle lucide est absent ou diminu\u00e9, et les sympt\u00f4mes s\u2019aggravent rapidement, en fonction de la vitesse de formation de l\u2019h\u00e9matome intrac\u00e9r\u00e9bral. <\/p>\n<p>Les <strong>h\u00e9matomes sous-duraux subaigus<\/strong> progressent de mani\u00e8re moins \u00e9vidente. L\u2019intervalle lucide peut durer 1 \u00e0 2\u00a0semaines. Progressivement, les maux de t\u00eate s\u2019intensifient, la somnolence et la l\u00e9thargie augmentent, et les signes d\u2019hypertension intracr\u00e2nienne s\u2019aggravent. Les sympt\u00f4mes neurologiques focaux apparaissent plus tard et sont induits par la compression et le d\u00e9placement de l\u2019enc\u00e9phale.<\/p>\n<h2 class=\"wp-block-heading\" id=\"diagnostic-des-hematomes-sous-duraux-aigus\">Diagnostic des h\u00e9matomes sous-duraux aigus<\/h2>\n<p>Apr\u00e8s admission aux urgences, l\u2019algorithme diagnostique des h\u00e9matomes sous-duraux aigus se compose des \u00e9tapes suivantes\u00a0:<\/p>\n<h3 class=\"wp-block-heading\" id=\"1-evaluation-du-niveau-de-conscience-a-l-aide-de-l-echelle-de-glasgow-gcs\">1. <strong>\u00c9valuation du niveau de conscience \u00e0 l\u2019aide de l\u2019\u00e9chelle de Glasgow (GCS)<\/strong><\/h3>\n<p>Cette \u00e9tape permet de d\u00e9terminer le niveau de conscience du patient et la gravit\u00e9 des dommages aux structures de l\u2019enc\u00e9phale pour proposer des options de traitement possibles (chirurgicales, non chirurgicales).<\/p>\n<h3 class=\"wp-block-heading\" id=\"2-recueil-des-antecedents-medicaux\">2. <strong>Recueil des ant\u00e9c\u00e9dents m\u00e9dicaux<\/strong><\/h3>\n<p>Le recueil des ant\u00e9c\u00e9dents m\u00e9dicaux inclut le moment et le m\u00e9canisme de la blessure ainsi que la pr\u00e9sence d\u2019une perte de conscience chez le patient apr\u00e8s la blessure.<\/p>\n<p>Cette \u00e9tape permet de comprendre la dynamique du d\u00e9veloppement des sympt\u00f4mes et d\u2019inf\u00e9rer les dommages possibles en tenant compte du m\u00e9canisme de la blessure. Dans certains m\u00e9canismes de blessure (par exemple, en cas de chute de hauteur), il est crucial de prendre en compte le potentiel de traumatisme combin\u00e9 de la t\u00eate et d\u2019autres parties du corps, ce qui peut compliquer le pronostic.<\/p>\n<h3 class=\"wp-block-heading\" id=\"3-examen-visuel-du-patient\">3. <strong>Examen visuel du patient<\/strong><\/h3>\n<p>La zone de la t\u00eate est examin\u00e9e, en v\u00e9rifiant la pr\u00e9sence de blessures concomitantes des tissus mous dans les zones autres que la t\u00eate.<\/p>\n<p>Cette \u00e9tape aide \u00e0 mettre en \u00e9vidence l\u2019emplacement des tissus mous dans les blessures \u00e0 la t\u00eate, ce qui permet de d\u00e9duire l\u2019emplacement possible de la contusion de l\u2019enc\u00e9phale. De plus, cette \u00e9tape est essentielle pour les soins du patient, car elle permet de traiter les contusions des tissus mous et d\u2019effectuer un traitement chirurgical primaire si n\u00e9cessaire.<\/p>\n<h3 class=\"wp-block-heading\" id=\"4-examen-neurologique-du-patient\">4. <strong>Examen neurologique du patient<\/strong><\/h3>\n<p>Une \u00e9valuation des sympt\u00f4mes focaux, non focaux et m\u00e9ning\u00e9s est effectu\u00e9e.<\/p>\n<p>Cette \u00e9tape permet un diagnostic local pr\u00e9liminaire des l\u00e9sions de l\u2019enc\u00e9phale pour d\u00e9terminer des indications pour les \u00e9tudes de neuroimagerie. Si le patient pr\u00e9sente des sympt\u00f4mes focaux, non focaux ou m\u00e9ning\u00e9s, la neuroimagerie est indiqu\u00e9e.<\/p>\n<h3 class=\"wp-block-heading\" id=\"5-etudes-de-neuroimagerie\">5. <strong>\u00c9tudes de neuroimagerie<\/strong><\/h3>\n<h4 class=\"wp-block-heading\"><span class=\"glossary-term\" data-title=\"Tomodensitom\u00e9trie\" data-tooltip=\"La tomodensitom\u00e9trie est une technique de radiodiagnostic qui utilise des rayons X pour obtenir des images en coupe des organes et des tissus internes. C&#039;est une des m\u00e9thodes d&#039;imagerie principales de la m\u00e9decine moderne, caract\u00e9ris\u00e9e par une grande capacit\u00e9 d&#039;information.\" data-link=\"https:\/\/wiki.dev.voka.io\/fr\/glossaire\/tdm-tomodensitometrie\/\">TDM<\/span> de l\u2019enc\u00e9phale<\/h4>\n<p>La tomographie par ordinateur de l\u2019enc\u00e9phale est l\u2019\u00e9talon-or dans le diagnostic des traumatismes cr\u00e2niens, y compris des h\u00e9matomes sous-duraux.<\/p>\n<p>Les <strong>avantages de la TDM<\/strong> de l\u2019enc\u00e9phale par rapport \u00e0 d\u2019autres m\u00e9thodes (y compris l\u2019<span class=\"glossary-term\" data-title=\"IRM (imagerie par r\u00e9sonance magn\u00e9tique)\" data-tooltip=\"L&#039;imagerie par r\u00e9sonance magn\u00e9tique (IRM) est une technique moderne et non invasive de radiodiagnostic qui permet d&#039;obtenir des images en coupe des organes et des tissus internes. Cet examen repose sur le ph\u00e9nom\u00e8ne de r\u00e9sonance magn\u00e9tique nucl\u00e9aire. Le principal avantage de l&#039;IRM est l&#039;absence de rayonnements ionisants (radiation).\" data-link=\"https:\/\/wiki.dev.voka.io\/fr\/glossaire\/irm\/\">IRM<\/span>) sont\u00a0:<\/p>\n<ul class=\"wp-block-list\">\n<li>Rapidit\u00e9 de r\u00e9alisation de l\u2019examen\u00a0;<\/li>\n<li>Capacit\u00e9 \u00e0 \u00e9valuer clairement la localisation, l\u2019\u00e9tendue et la nature des l\u00e9sions c\u00e9r\u00e9brales\u00a0;<\/li>\n<li>Capacit\u00e9 \u00e0 \u00e9valuer les dommages associ\u00e9s aux structures osseuses\u00a0;<\/li>\n<li>Possibilit\u00e9 (si n\u00e9cessaire) de scanner rapidement d\u2019autres parties du corps pour exclure des blessures concomitantes.<\/li>\n<\/ul>\n<p><strong>Une image de TDM<\/strong> d\u2019un h\u00e9matome sous-dural aigu se caract\u00e9rise par ce qui suit\u00a0:<\/p>\n<ol class=\"wp-block-list\">\n<li>Localisation d\u2019un caillot en forme de croissant au-dessus de l\u2019h\u00e9misph\u00e8re c\u00e9r\u00e9bral.<\/li>\n<li>Dans la phase hyperaigu\u00eb de l\u2019h\u00e9morragie, des caillots sanguins hyperintenses sont pr\u00e9sents, s\u00e9par\u00e9s par un signal isointense, expliqu\u00e9 par la pr\u00e9sence de caillots coagul\u00e9s et une fraction liquide de sang.<\/li>\n<li>Dans la phase aigu\u00eb de l\u2019h\u00e9morragie, l\u2019h\u00e9matome sous-dural est repr\u00e9sent\u00e9 par un signal homog\u00e8ne hyperintense (50-60\u00a0HU) formant un croissant sur l\u2019ensemble de l\u2019h\u00e9misph\u00e8re c\u00e9r\u00e9bral.<\/li>\n<li>Dans la phase subaigu\u00eb de l\u2019h\u00e9morragie, l\u2019h\u00e9matome sous-dural est repr\u00e9sent\u00e9 par un signal hyper-isointense sur les scans de TDM (35-45\u00a0HU).<\/li>\n<\/ol>\n<h4 class=\"wp-block-heading\">IRM de l\u2019enc\u00e9phale<\/h4>\n<p>L\u2019imagerie par r\u00e9sonance magn\u00e9tique est utilis\u00e9e pour le diagnostic des h\u00e9matomes sous-duraux. La visualisation des h\u00e9matomes d\u00e9pend directement de la chronologie de leur survenue et du stade de d\u00e9gradation de l\u2019h\u00e9moglobine.<\/p>\n<p><strong>H\u00e9matome sous-dural hyperaigu<\/strong><\/p>\n<ol class=\"wp-block-list\">\n<li>T1\u00a0: isointense \u00e0 la substance grise\u00a0;<\/li>\n<li>T2\u00a0: iso-hyperintense \u00e0 la substance grise\u00a0;<\/li>\n<li>FLAIR\u00a0: hyperintense au LCR.<\/li>\n<\/ol>\n<p><strong>H\u00e9matome sous-dural aigu<\/strong><\/p>\n<ol class=\"wp-block-list\">\n<li>T1\u00a0: iso-hypointense \u00e0 la substance grise\u00a0;<\/li>\n<li>T2\u00a0: hypointense \u00e0 la substance grise\u00a0; <\/li>\n<li>FLAIR\u00a0: hyperintense au LCR.<\/li>\n<\/ol>\n<p><strong>H\u00e9matome sous-dural subaigu<\/strong><\/p>\n<ol class=\"wp-block-list\">\n<li>T1\u00a0: g\u00e9n\u00e9ralement hyperintense en raison de la pr\u00e9sence de m\u00e9th\u00e9moglobine.<\/li>\n<li>T2\u00a0: apparence variable, g\u00e9n\u00e9ralement hyperintense.<\/li>\n<li>FLAIR\u00a0: hyperintense.<\/li>\n<\/ol>\n<h3 class=\"wp-block-heading\" id=\"6-diagnostics-de-laboratoire\">6. <strong>Diagnostics de laboratoire<\/strong><\/h3>\n<p>Les diagnostics de laboratoire incluent un h\u00e9mogramme complet, une analyse d\u2019urine, un profil de coagulation, une biochimie sanguine et un groupe sanguin + facteur rh\u00e9sus.<\/p>\n<p>Ces tests ne confirment pas et ne suspectent pas un h\u00e9matome sous-dural, mais ils permettent d\u2019\u00e9valuer l\u2019\u00e9tat g\u00e9n\u00e9ral du patient, les troubles de la coagulation associ\u00e9s et la pr\u00e9paration \u00e0 une \u00e9ventuelle chirurgie.<\/p>\n<div class=\"social-banner-block\">\n<div class=\"social-banner-content\">\n<p class=\"h5-title text-black\">Retrouvez d\u2019autres contenus scientifiquement exacts sur nos m\u00e9dias sociaux<\/p>\n<p><span class=\"social-banner-text text-grey\">Abonnez-vous et ne manquez pas les derni\u00e8res ressources<\/span><\/p>\n<div class=\"social-links-wrapper\"><a class=\"social-icon-link\" href=\"https:\/\/www.facebook.com\/VOKA3DAnatomyAndPathology\/\" target=\"_blank\" rel=\"nofollow noopener\"><img decoding=\"async\" src=\"https:\/\/storage.googleapis.com\/dev_wiki_voka_io_303011\/common\/Social%20Icons\/facebook.svg\" alt=\"social link\"><\/a><a class=\"social-icon-link\" href=\"https:\/\/www.instagram.com\/voka.io\/\" target=\"_blank\" rel=\"nofollow noopener\"><img decoding=\"async\" src=\"https:\/\/storage.googleapis.com\/dev_wiki_voka_io_303011\/common\/Social%20Icons\/insta.svg\" alt=\"social link\"><\/a><a class=\"social-icon-link\" href=\"https:\/\/www.linkedin.com\/company\/voka-io\/posts\/?feedView=all\" target=\"_blank\" rel=\"nofollow noopener\"><img decoding=\"async\" src=\"https:\/\/storage.googleapis.com\/dev_wiki_voka_io_303011\/common\/Social%20Icons\/linkedin.svg\" alt=\"social link\"><\/a><a class=\"social-icon-link\" href=\"https:\/\/www.youtube.com\/@vokaio\" target=\"_blank\" rel=\"nofollow noopener\"><img decoding=\"async\" src=\"https:\/\/storage.googleapis.com\/dev_wiki_voka_io_303011\/common\/Social%20Icons\/youtube.svg\" alt=\"social link\"><\/a><a class=\"social-icon-link\" href=\"https:\/\/www.pinterest.com\/voka3danatomyandpathology\/\" target=\"_blank\" rel=\"nofollow noopener\"><img decoding=\"async\" src=\"https:\/\/storage.googleapis.com\/dev_wiki_voka_io_303011\/common\/Social%20Icons\/pinterest.svg\" alt=\"social link\"><\/a><a class=\"social-icon-link\" href=\"https:\/\/www.tiktok.com\/@voka.io\" target=\"_blank\" rel=\"nofollow noopener\"><img decoding=\"async\" src=\"https:\/\/storage.googleapis.com\/dev_wiki_voka_io_303011\/common\/Social%20Icons\/tiktok.svg\" alt=\"social link\"><\/a><a class=\"social-icon-link\" href=\"https:\/\/discord.gg\/7ejUpq8DRR\" target=\"_blank\" rel=\"nofollow noopener\"><img decoding=\"async\" src=\"https:\/\/storage.googleapis.com\/dev_wiki_voka_io_303011\/common\/Social%20Icons\/discord.svg\" alt=\"social link\"><\/a><\/div>\n<\/div>\n<p><img decoding=\"async\" class=\"social-banner-image\" loading=\"lazy\" src=\"https:\/\/storage.googleapis.com\/dev_wiki_voka_io_303011\/common\/social-media-banner-mobile-image.webp\" alt=\"Banner background\"><\/div>\n<h2 class=\"wp-block-heading\" id=\"traitement-des-hematomes-sous-duraux-traumatiques\">Traitement des h\u00e9matomes sous-duraux traumatiques<\/h2>\n<h3 class=\"wp-block-heading\" id=\"traitement-conservateur-des-hematomes-sous-duraux-aigus-et-subaigus\">Traitement conservateur des h\u00e9matomes sous-duraux aigus et subaigus<\/h3>\n<p>Le traitement conservateur des h\u00e9matomes sous-duraux aigus et subaigus est possible avec de petits h\u00e9matomes qui ne causent pas d\u2019effet de masse ou de d\u00e9placement des structures m\u00e9dianes de l\u2019enc\u00e9phale. <\/p>\n<p>Dans de tels cas, le traitement conservateur consiste principalement en <strong>th\u00e9rapie symptomatique<\/strong>, qui inclut\u00a0:<\/p>\n<ol class=\"wp-block-list\">\n<li>Soulagement de la douleur (AINS, analg\u00e9siques narcotiques)\u00a0;<\/li>\n<li>M\u00e9dicaments anti\u00e9m\u00e9tiques\u00a0;<\/li>\n<li>Anticonvulsivants (si des crises surviennent).<\/li>\n<\/ol>\n<p>Des <strong>diur\u00e9tiques osmotiques<\/strong> sont prescrits en cas d\u2019\u0153d\u00e8me c\u00e9r\u00e9bral.<\/p>\n<p>La prescription de <strong>glucocorticost\u00e9ro\u00efdes<\/strong> est contre-indiqu\u00e9e dans les traumatismes cr\u00e2niens en raison d\u2019une aggravation des r\u00e9sultats.<\/p>\n<p>Pour les traumatismes cr\u00e2niens mod\u00e9r\u00e9s et s\u00e9v\u00e8res (y compris les h\u00e9matomes sous-duraux aigus), une dose unique de 1000\u00a0mg d\u2019<strong>acide tranexamique<\/strong> r\u00e9duit le risque de cons\u00e9quences d\u00e9favorables dans les \u00e9tudes.<\/p>\n<h3 class=\"wp-block-heading\" id=\"traitement-chirurgical-des-hematomes-sous-duraux-aigus\">Traitement chirurgical des h\u00e9matomes sous-duraux aigus<\/h3>\n<p>Ind\u00e9pendamment du niveau de conscience du patient, <strong>un traitement chirurgical des h\u00e9matomes sous-duraux aigus est indiqu\u00e9<\/strong> dans les cas suivants\u00a0:<\/p>\n<ol class=\"wp-block-list\">\n<li>Pr\u00e9sence d\u2019une \u00e9paisseur d\u2019h\u00e9matome de 10\u00a0mm ou plus.<\/li>\n<li>Pr\u00e9sence d\u2019un d\u00e9placement des structures m\u00e9dianes de 5\u00a0mm ou plus.<\/li>\n<li>Volume d\u2019h\u00e9matome sup\u00e9rieur \u00e0 35\u00a0ml.<\/li>\n<\/ol>\n<p>Avec un h\u00e9matome de moins de 10\u00a0mm, un volume d\u2019h\u00e9matome inf\u00e9rieur \u00e0 35\u00a0ml, ou un d\u00e9placement des structures m\u00e9dianes inf\u00e9rieur \u00e0 5\u00a0mm, et une d\u00e9t\u00e9rioration progressive du niveau de conscience (de 2\u00a0points ou plus sur l\u2019\u00e9chelle de Glasgow), ou si la surveillance indique une augmentation de la PIC au-del\u00e0 de 20\u00a0mmHg, la chirurgie est \u00e9galement indiqu\u00e9e pour le patient.<\/p>\n<p>Dans certains cas, avec des h\u00e9matomes de plus de 35\u00a0ml de volume, une \u00e9paisseur d\u2019h\u00e9matome de plus de 10\u00a0mm, sans d\u00e9t\u00e9rioration progressive de l\u2019\u00e9tat du patient, et une absence de syndrome de d\u00e9placement, un traitement conservateur est possible avec une neuroimagerie ult\u00e9rieure dans les 24 \u00e0 48\u00a0heures.<\/p>\n<h4 class=\"wp-block-heading\">Craniotomie<\/h4>\n<p>Le volume de l\u2019intervention chirurgicale implique une craniotomie (g\u00e9n\u00e9ralement dans la r\u00e9gion frontale\/parietale\/temporelle) <\/p>\n<ul class=\"wp-block-list\">\n<li>Avec le retrait de l\u2019h\u00e9matome sous-dural\u00a0; <\/li>\n<li>Recherche de la source du saignement (g\u00e9n\u00e9ralement soit les veines parasagittales soit les art\u00e8res corticales)\u00a0;<\/li>\n<li>Arr\u00eater le saignement \u00e0 partir de la source. <\/li>\n<\/ul>\n<p>Par la suite, la dure-m\u00e8re est sutur\u00e9e herm\u00e9tiquement, le volet osseux est remis en place et la plaie est ferm\u00e9e couche par couche.<\/p>\n<h4 class=\"wp-block-heading\">Craniectomie d\u00e9compressive<\/h4>\n<p>Dans certains cas (avec un volume d\u2019h\u00e9matome sup\u00e9rieur \u00e0 140\u00a0cm\u00b3, un syndrome de d\u00e9placement de plus de 13\u00a0mm, et un niveau de conscience du patient inf\u00e9rieur \u00e0 7 sur l\u2019\u00e9chelle de Glasgow), une craniectomie d\u00e9compressive est indiqu\u00e9e pour le patient. <\/p>\n<p><strong>Proc\u00e9dure chirurgicale<\/strong>\u00a0:<\/p>\n<ol class=\"wp-block-list\">\n<li>Une large tr\u00e9panation du cr\u00e2ne dans la r\u00e9gion frontale\/parietale\/temporelle est effectu\u00e9e en retirant la squame de l\u2019os temporal jusqu\u2019\u00e0 la base de la fosse cr\u00e2nienne moyenne. <\/li>\n<li>Apr\u00e8s ouverture de la dure-m\u00e8re et retrait de l\u2019h\u00e9matome sous-dural avec contr\u00f4le de la source de saignement, une chirurgie plastique de la dure-m\u00e8re est r\u00e9alis\u00e9e. <\/li>\n<li>Le volet osseux est envoy\u00e9 pour conservation. La plaie est sutur\u00e9e en couches.<\/li>\n<\/ol>\n<h3 class=\"wp-block-heading\" id=\"traitement-chirurgical-des-hematomes-sous-duraux-subaigus\">Traitement chirurgical des h\u00e9matomes sous-duraux subaigus<\/h3>\n<p>Le traitement chirurgical des h\u00e9matomes sous-duraux subaigus, quel que soit le niveau de conscience du patient, est indiqu\u00e9 dans les cas suivants\u00a0:<\/p>\n<ol class=\"wp-block-list\">\n<li>Pr\u00e9sence d\u2019une \u00e9paisseur d\u2019h\u00e9matome de 10\u00a0mm ou plus.<\/li>\n<li>D\u00e9placement des structures m\u00e9dianes de 5\u00a0mm ou plus.<\/li>\n<li>Volume d\u2019h\u00e9matome sup\u00e9rieur \u00e0 35\u00a0ml.<\/li>\n<\/ol>\n<p>L\u2019intervention chirurgicale pour les h\u00e9matomes sous-duraux subaigus comprend\u00a0:<\/p>\n<ol class=\"wp-block-list\">\n<li><strong>R\u00e9alisation d\u2019une craniotomie<\/strong> dans la r\u00e9gion frontale\/parietale\/temporelle, avec retrait du contenu sous-dural. Lors de l\u2019exploration, aucune source de saignement n\u2019est g\u00e9n\u00e9ralement trouv\u00e9e dans l\u2019espace sous-dural en raison de l\u2019anciennet\u00e9 de la blessure. Apr\u00e8s le retrait du caillot, une suture serr\u00e9e de la dure-m\u00e8re est effectu\u00e9e, suivie de la fixation du volet osseux en place.<\/li>\n<li><strong>Utilisation de deux trous de tr\u00e9panation<\/strong> pour rincer l\u2019espace sous-dural dans les r\u00e9gions frontale et parietale, dans le but de purger l\u2019espace sous-dural et de retirer l\u2019h\u00e9matome par irrigation avec une solution saline.<\/li>\n<\/ol>\n<div>\n<h2 class=\"faq-title h2-article\" id=\"faq\">FAQ<\/h2>\n<div class=\"faq-section\">\n<div class=\"faq-item faq-answer-hidden\">\n<div class=\"question-block\">\n<div class=\"faq-question\">\n<p class=\" text-black h5-title\">1. Qu\u2019est-ce qu\u2019un h\u00e9matome sous-dural\u00a0?<\/p>\n<\/div>\n<div class=\"faq-answer text-main-text-color main-text-medium\">Un h\u00e9matome sous-dural est une accumulation de sang entre la dure-m\u00e8re et la surface du cerveau, r\u00e9sultant de dommages aux vaisseaux, le plus souvent les veines du pont, lors d\u2019un traumatisme cr\u00e2nien.<\/div>\n<\/div>\n<div class=\"expand-button-wrapper\"><button class=\"text-accent expand-button\">+<\/button><\/div>\n<\/div>\n<div class=\"faq-item faq-answer-hidden\">\n<div class=\"question-block\">\n<div class=\"faq-question\">\n<p class=\" text-black h5-title\">2. Quels sont les types d\u2019h\u00e9matomes sous-duraux\u00a0?<\/p>\n<\/div>\n<div class=\"faq-answer text-main-text-color main-text-medium\">Les h\u00e9matomes sous-duraux sont class\u00e9s en trois types\u00a0: aigu, se manifestant dans les 72\u00a0premi\u00e8res heures post-traumatisme\u00a0; subaigu, d\u00e9tectable entre le 4\u00e8me et le 10\u00e8me jour\u00a0; et chronique, diagnostiqu\u00e9 deux semaines ou plus apr\u00e8s le traumatisme.<\/div>\n<\/div>\n<div class=\"expand-button-wrapper\"><button class=\"text-accent expand-button\">+<\/button><\/div>\n<\/div>\n<div class=\"faq-item faq-answer-hidden\">\n<div class=\"question-block\">\n<div class=\"faq-question\">\n<p class=\" text-black h5-title\">3. \u00c0 quel point un h\u00e9matome sous-dural est-il dangereux\u00a0?<\/p>\n<\/div>\n<div class=\"faq-answer text-main-text-color main-text-medium\">Il s\u2019agit de l\u2019une des formes les plus mena\u00e7antes de traumatisme cr\u00e2nien\u00a0: la mortalit\u00e9 dans les formes aigu\u00ebs atteint 50 \u00e0 90\u00a0%. Le pronostic d\u00e9pend du volume de l\u2019h\u00e9matome, de l\u2019\u00e2ge du patient, du niveau de conscience lors de l\u2019admission et de la pr\u00e9sence de blessures concomitantes.<\/div>\n<\/div>\n<div class=\"expand-button-wrapper\"><button class=\"text-accent expand-button\">+<\/button><\/div>\n<\/div>\n<div class=\"faq-item faq-answer-hidden\">\n<div class=\"question-block\">\n<div class=\"faq-question\">\n<p class=\" text-black h5-title\">4. Quelles sont les principales causes des h\u00e9matomes sous-duraux\u00a0?<\/p>\n<\/div>\n<div class=\"faq-answer text-main-text-color main-text-medium\">Les principales causes des h\u00e9matomes sous-duraux incluent les accidents de la route, les chutes (surtout chez les personnes \u00e2g\u00e9es), les blessures sportives et domestiques, et les blessures cr\u00e2niennes violentes.<\/div>\n<\/div>\n<div class=\"expand-button-wrapper\"><button class=\"text-accent expand-button\">+<\/button><\/div>\n<\/div>\n<div class=\"faq-item faq-answer-hidden\">\n<div class=\"question-block\">\n<div class=\"faq-question\">\n<p class=\" text-black h5-title\">5. Comment se manifeste un h\u00e9matome sous-dural\u00a0?<\/p>\n<\/div>\n<div class=\"faq-answer text-main-text-color main-text-medium\">La pr\u00e9sentation clinique d\u2019un h\u00e9matome sous-dural comprend des sympt\u00f4mes non focaux tels que des c\u00e9phal\u00e9es, des naus\u00e9es, des vomissements et une d\u00e9pression de la conscience, ainsi que des troubles focaux incluant une paralysie, des troubles de la parole et des modifications sensorielles.<\/div>\n<\/div>\n<div class=\"expand-button-wrapper\"><button class=\"text-accent expand-button\">+<\/button><\/div>\n<\/div>\n<div class=\"faq-item faq-answer-hidden\">\n<div class=\"question-block\">\n<div class=\"faq-question\">\n<p class=\" text-black h5-title\">6. Qu\u2019est-ce que l\u2019\u00ab\u00a0intervalle de lucidit\u00e9\u00a0\u00bb dans l\u2019h\u00e9matome sous-dural aigu\u00a0?<\/p>\n<\/div>\n<div class=\"faq-answer text-main-text-color main-text-medium\">C\u2019est une am\u00e9lioration temporaire de l\u2019\u00e9tat du patient apr\u00e8s la perte de conscience initiale. Il est suivie d\u2019une d\u00e9t\u00e9rioration brutale jusqu\u2019au coma. L\u2019intervalle de lucidit\u00e9 typique se produit seulement chez 20 \u00e0 30\u00a0% des patients.<\/div>\n<\/div>\n<div class=\"expand-button-wrapper\"><button class=\"text-accent expand-button\">+<\/button><\/div>\n<\/div>\n<div class=\"faq-item faq-answer-hidden\">\n<div class=\"question-block\">\n<div class=\"faq-question\">\n<p class=\" text-black h5-title\">7. Comment diagnostique-t-on un h\u00e9matome sous-dural\u00a0?<\/p>\n<\/div>\n<div class=\"faq-answer text-main-text-color main-text-medium\">Le standard de r\u00e9f\u00e9rence est la tomodensitom\u00e9trie (TDM). Pour les h\u00e9matomes sous-duraux subaigus, l\u2019IRM est tr\u00e8s informative.<\/div>\n<\/div>\n<div class=\"expand-button-wrapper\"><button class=\"text-accent expand-button\">+<\/button><\/div>\n<\/div>\n<div class=\"faq-item faq-answer-hidden\">\n<div class=\"question-block\">\n<div class=\"faq-question\">\n<p class=\" text-black h5-title\">8. Une chirurgie est-elle toujours n\u00e9cessaire pour les h\u00e9matomes sous-duraux aigus et subaigus\u00a0?<\/p>\n<\/div>\n<div class=\"faq-answer text-main-text-color main-text-medium\">La chirurgie n\u2019est pas toujours n\u00e9cessaire. Dans les cas o\u00f9 l\u2019h\u00e9matome est petit, ne provoque pas de manifestations cliniques et o\u00f9 il n\u2019y a pas de d\u00e9placement des structures m\u00e9dianes, un traitement symptomatique conservateur avec surveillance du patient peut \u00eatre possible.<\/div>\n<\/div>\n<div class=\"expand-button-wrapper\"><button class=\"text-accent expand-button\">+<\/button><\/div>\n<\/div>\n<div class=\"faq-item faq-answer-hidden\">\n<div class=\"question-block\">\n<div class=\"faq-question\">\n<p class=\" text-black h5-title\">9. Quelles chirurgies sont pratiqu\u00e9es\u00a0?<\/p>\n<\/div>\n<div class=\"faq-answer text-main-text-color main-text-medium\">La gamme d\u2019interventions chirurgicales comprend la craniotomie avec une \u00e9vacuation de l\u2019h\u00e9matome et une h\u00e9mostase, ainsi que la craniectomie de d\u00e9compression, qui est r\u00e9alis\u00e9e pour les h\u00e9matomes massifs et en cas de d\u00e9placement c\u00e9r\u00e9bral important. Comme option de traitement pour les formes subaig\u00fces, la cr\u00e9ation d\u2019un trou de fraise et le drainage de l\u2019espace sous-dural peuvent \u00eatre appliqu\u00e9s.<\/div>\n<\/div>\n<div class=\"expand-button-wrapper\"><button class=\"text-accent expand-button\">+<\/button><\/div>\n<\/div>\n<div class=\"faq-item faq-answer-hidden\">\n<div class=\"question-block\">\n<div class=\"faq-question\">\n<p class=\" text-black h5-title\">10. Quel est le pronostic pour les h\u00e9matomes sous-duraux aigus et subaigus\u00a0?<\/p>\n<\/div>\n<div class=\"faq-answer text-main-text-color main-text-medium\">De meilleurs r\u00e9sultats sont observ\u00e9s avec de petits h\u00e9matomes, un diagnostic pr\u00e9coce et des formes subaigu\u00ebs de progression. Un pronostic d\u00e9favorable est not\u00e9 chez les patients \u00e2g\u00e9s avec un d\u00e9placement significatif et un coma profond dans les h\u00e9matomes sous-duraux aigus.<\/div>\n<\/div>\n<div class=\"expand-button-wrapper\"><button class=\"text-accent expand-button\">+<\/button><\/div>\n<\/div>\n<\/div>\n<\/div>\n<div class=\"sources-list-block sources-list-hidden\" id=\"references\">\n<div class=\"sources-list-content\">\n<div class=\"sources-list-title\">\n<p class=\"small-text-bold text-black sources-list-title-text\">R\u00e9f\u00e9rences<\/p>\n<div class=\"sources-expand-button-wrapper-mobile\">\n<div class=\"sources-expand-button\"><svg width=\"32\" height=\"32\" viewbox=\"0 0 32 32\" fill=\"none\" xmlns=\"http:\/\/www.w3.org\/2000\/svg\"><path d=\"M8 12L16 20L24 12\" stroke=\"#8C9AAB\" stroke-width=\"2\" stroke-linecap=\"round\" stroke-linejoin=\"round\"><\/path><\/svg><\/div>\n<\/div>\n<\/div>\n<div class=\"sources-list-items\">\n<div class=\"source-item\">\n<p class=\"main-text-semibold text-black\">1.<\/p>\n<div class=\"source-item-content\">\n<p class=\"main-text-semibold text-black\"><cite>VOKA 3D Anatomy & Pathology \u2013 Complete Anatomy and Pathology 3D Atlas [Internet] (VOKA 3D Anatomie et Pathologie \u2013 Atlas 3D complet d\u2019anatomie et de pathologie [Internet]). VOKA 3D Anatomy & Pathology (VOKA 3D Anatomie et Pathologie). <\/cite><\/p>\n<p><span class=\"small-text-medium text-grey\">Disponible \u00e0 l\u2019adresse\u00a0: https:\/\/catalog.voka.io\/<\/span><\/div>\n<\/div>\n<div class=\"source-item\">\n<p class=\"main-text-semibold text-black\">2.<\/p>\n<div class=\"source-item-content\">\n<p class=\"main-text-semibold text-black\"><cite>Bullock M.R., Chesnut R., Ghajar J., et al. Surgical management of acute subdural hematomas (Gestion chirurgicale des h\u00e9matomes sous-duraux aigus) \/\/ Neurosurgery. \u2013 2006. \u2013 Vol. 58, Suppl. 3. \u2013 P. S16\u2013S24.<\/cite><\/p>\n<\/div>\n<\/div>\n<div class=\"source-item\">\n<p class=\"main-text-semibold text-black\">3.<\/p>\n<div class=\"source-item-content\">\n<p class=\"main-text-semibold text-black\"><cite>Yang W., Huang J. Chronic subdural hematoma: epidemiology and natural history (H\u00e9matome sous-dural chronique\u00a0: \u00e9pid\u00e9miologie et histoire naturelle) \/\/ Neurosurg Clin N Am. \u2013 2017. \u2013 Vol. 28(2). 205\u2013210. <\/cite><\/p>\n<\/div>\n<\/div>\n<div class=\"source-item\">\n<p class=\"main-text-semibold text-black\">4.<\/p>\n<div class=\"source-item-content\">\n<p class=\"main-text-semibold text-black\"><cite>Morgalla M., Will B.E., Roser F., Tatagiba M. Do recurrent subdural hematomas grow faster? (Les h\u00e9matomes sous-duraux r\u00e9currents se d\u00e9veloppent-ils plus rapidement\u00a0?) \/\/ Acta Neurochir (Wien). \u2013 2008. \u2013 Vol. 150. 1059\u20131065. <\/cite><\/p>\n<\/div>\n<\/div>\n<div class=\"source-item\">\n<p class=\"main-text-semibold text-black\">5.<\/p>\n<div class=\"source-item-content\">\n<p class=\"main-text-semibold text-black\"><cite>Alvis-Miranda H.R., Rubiano A.M., Moscote-Salazar L.R., et al. Acute subdural hematoma: a concise review (H\u00e9matome sous-dural aigu\u00a0: une revue concise) \/\/ Neuroimmunol Neuroinflamm. \u2013 2014. \u2013 Vol. 1(2). 68\u201376. <\/cite><\/p>\n<\/div>\n<\/div>\n<div class=\"source-item\">\n<p class=\"main-text-semibold text-black\">6.<\/p>\n<div class=\"source-item-content\">\n<p class=\"main-text-semibold text-black\"><cite>Weigel R., Schmiedek P., Krauss J.K. Outcome of contemporary surgery for chronic subdural haematoma: evidence based review (R\u00e9sultats de la chirurgie contemporaine pour l\u2019h\u00e9matome sous-dural chronique\u00a0: revue bas\u00e9e sur des preuves) \/\/ J Neurol Neurosurg Psychiatry. \u2013 2003. \u2013 Vol. 74(7). 937\u2013943. <\/cite><\/p>\n<\/div>\n<\/div>\n<div class=\"source-item\">\n<p class=\"main-text-semibold text-black\">7.<\/p>\n<div class=\"source-item-content\">\n<p class=\"main-text-semibold text-black\"><cite>Stippler M., Zhao Y., Kim Y.S., et al. Extended Glasgow Outcome Scale: an international study of interrater reliability (R\u00e9sultats de l\u2019\u00e9chelle \u00e9largie de Glasgow\u00a0: une \u00e9tude internationale sur la fiabilit\u00e9 inter-\u00e9valuateurs) \/\/ J Neurotrauma. \u2013 2016. \u2013 Vol. 33(5). \u2013 P. 409\u2013414.<\/cite><\/p>\n<\/div>\n<\/div>\n<div class=\"source-item\">\n<p class=\"main-text-semibold text-black\">8.<\/p>\n<div class=\"source-item-content\">\n<p class=\"main-text-semibold text-black\"><cite>Kolias A.G., Chari A., Santarius T., Hutchinson P.J. Chronic subdural haematoma: modern management and emerging therapies (H\u00e9matome sous-dural chronique\u00a0: gestion moderne et th\u00e9rapies \u00e9mergentes) \/\/ Nat Rev Neurol. \u2013 2014. \u2013 Vol. 10. 570\u2013578. <\/cite><\/p>\n<\/div>\n<\/div>\n<div class=\"source-item\">\n<p class=\"main-text-semibold text-black\">9.<\/p>\n<div class=\"source-item-content\">\n<p class=\"main-text-semibold text-black\"><cite>Ducruet A.F., Grobelny B.T., Zacharia B.E., et al. The surgical management of chronic subdural hematoma (La gestion chirurgicale de l\u2019h\u00e9matome sous-dural chronique) \/\/ Neurosurg Rev. \u2013 2012. \u2013 Vol. 35(2). 155\u2013169. <\/cite><\/p>\n<\/div>\n<\/div>\n<div class=\"source-item\">\n<p class=\"main-text-semibold text-black\">10.<\/p>\n<div class=\"source-item-content\">\n<p class=\"main-text-semibold text-black\"><cite>Park S.H., Kang D.H., Park J., et al. Fibrinolysis in chronic subdural hematomas: comparison of urokinase and tissue plasminogen activator (La fibrinolyse dans les h\u00e9matomes sous-duraux chroniques\u00a0: comparaison de l\u2019urokinase et de l\u2019activateur tissulaire du plasminog\u00e8ne) \/\/ Neurosurgery. \u2013 2008. \u2013 Vol. 63(4). 905\u2013910. <\/cite><\/p>\n<\/div>\n<\/div>\n<div class=\"source-item\">\n<p class=\"main-text-semibold text-black\">11.<\/p>\n<div class=\"source-item-content\">\n<p class=\"main-text-semibold text-black\"><cite>Santarius T., Lawton R., Kirkpatrick P.J., et al. Use of drains versus no drains after burr-hole evacuation of chronic subdural haematoma: a randomised controlled trial (Utilisation de drains versus pas de drains apr\u00e8s l\u2019\u00e9vacuation par tr\u00e9panation de l\u2019h\u00e9matome sous-dural chronique\u00a0: un essai contr\u00f4l\u00e9 randomis\u00e9) \/\/ Lancet. \u2013 2009. \u2013 Vol. 374(9695). 1067\u20131073. <\/cite><\/p>\n<\/div>\n<\/div>\n<div class=\"source-item\">\n<p class=\"main-text-semibold text-black\">12.<\/p>\n<div class=\"source-item-content\">\n<p class=\"main-text-semibold text-black\"><cite>Brennan P.M., Kolias A.G., Joannides A.J., et al. The management and outcome for patients with chronic subdural hematoma: a prospective, multicenter, observational cohort study in the United Kingdom (La gestion et les r\u00e9sultats des patients avec un h\u00e9matome sous-dural chronique\u00a0: une \u00e9tude de cohorte prospective multicentrique et observationnelle au Royaume-Uni) \/\/ J Neurosurg. \u2013 2017. \u2013 Vol. 127(4). 732\u2013739. <\/cite><\/p>\n<\/div>\n<\/div>\n<div class=\"source-item\">\n<p class=\"main-text-semibold text-black\">13.<\/p>\n<div class=\"source-item-content\">\n<p class=\"main-text-semibold text-black\"><cite>Edlmann E., Giorgi-Coll S., Whitfield P.C., et al. Pathophysiology of chronic subdural haematoma: inflammation, angiogenesis and implications for pharmacotherapy (Physiopathologie de l\u2019h\u00e9matome sous-dural chronique\u00a0: inflammation, angiogen\u00e8se et implications pour la pharmacoth\u00e9rapie) \/\/ J Neuroinflammation. \u2013 2017. \u2013 Vol. 14. \u2013 P. 108.<\/cite><\/p>\n<\/div>\n<\/div>\n<div class=\"source-item\">\n<p class=\"main-text-semibold text-black\">14.<\/p>\n<div class=\"source-item-content\">\n<p class=\"main-text-semibold text-black\"><cite>Hutchinson P.J., Kolias A.G., Timofeev I.S., et al. Trial of decompressive craniectomy for traumatic intracranial hypertension (Essai de craniectomie d\u00e9compressive pour l\u2019hypertension intracr\u00e2nienne traumatique) \/\/ N Engl J Med. \u2013 2016. \u2013 Vol. 375. 1119\u20131130. <\/cite><\/p>\n<\/div>\n<\/div>\n<div class=\"source-item\">\n<p class=\"main-text-semibold text-black\">15.<\/p>\n<div class=\"source-item-content\">\n<p class=\"main-text-semibold text-black\"><cite>Honeybul S., Ho K.M. Long-term complications of decompressive craniectomy for head injury (Complications \u00e0 long terme de la craniectomie d\u00e9compressive pour un traumatisme cr\u00e2nien) \/\/ J Neurotrauma. \u2013 2011. \u2013 Vol. 28(6). 929\u2013935. <\/cite><\/p>\n<\/div>\n<\/div>\n<div class=\"source-item\">\n<p class=\"main-text-semibold text-black\">16.<\/p>\n<div class=\"source-item-content\">\n<p class=\"main-text-semibold text-black\"><cite>Osuka K., Watanabe Y., Usuda N., et al. Vasogenic edema and angiogenesis in chronic subdural hematoma (\u0152d\u00e8me vasog\u00e9nique et angiogen\u00e8se dans l\u2019h\u00e9matome sous-dural chronique) \/\/ J Neurosurg. \u2013 2012. \u2013 Vol. 117. 1119\u20131126. <\/cite><\/p>\n<\/div>\n<\/div>\n<div class=\"source-item\">\n<p class=\"main-text-semibold text-black\">17.<\/p>\n<div class=\"source-item-content\">\n<p class=\"main-text-semibold text-black\"><cite>Bartley A., Tajsic T., Barone D.G. A pragmatic approach to the management of chronic subdural haematoma in older patients (Une approche pragmatique de la gestion de l\u2019h\u00e9matome sous-dural chronique chez les patients \u00e2g\u00e9s) \/\/ Drugs Aging. \u2013 2020. \u2013 Vol. 37. 1\u201311. <\/cite><\/p>\n<\/div>\n<\/div>\n<div class=\"source-item\">\n<p class=\"main-text-semibold text-black\">18.<\/p>\n<div class=\"source-item-content\">\n<p class=\"main-text-semibold text-black\"><cite>Won S.Y., Konczalla J., Dubinski D., et al. A systematic review of epileptic seizures in adults with subdural haematomas (Une revue syst\u00e9matique des crises \u00e9pileptiques chez les adultes avec h\u00e9matomes sous-duraux) \/\/ Seizure. \u2013 2017. \u2013 Vol. 45. 28\u201335. <\/cite><\/p>\n<\/div>\n<\/div>\n<div class=\"source-item\">\n<p class=\"main-text-semibold text-black\">19.<\/p>\n<div class=\"source-item-content\">\n<p class=\"main-text-semibold text-black\"><cite>Miranda L.B., Braxton E., Hobbs J., Quigley M.R. Chronic subdural hematoma in the elderly: not a benign disease (H\u00e9matome sous-dural chronique chez les personnes \u00e2g\u00e9es\u00a0: pas une maladie b\u00e9nigne) \/\/ J Neurosurg. \u2013 2011. \u2013 Vol. 114. 72\u201376. <\/cite><\/p>\n<\/div>\n<\/div>\n<\/div>\n<\/div>\n<div class=\"sources-expand-button-wrapper\">\n<div class=\"sources-expand-button\"><svg width=\"32\" height=\"32\" viewbox=\"0 0 32 32\" fill=\"none\" xmlns=\"http:\/\/www.w3.org\/2000\/svg\"><path d=\"M8 12L16 20L24 12\" stroke=\"#8C9AAB\" stroke-width=\"2\" stroke-linecap=\"round\" stroke-linejoin=\"round\"><\/path><\/svg><\/div>\n<\/div>\n<\/div>\n","protected":false},"excerpt":{"rendered":"<p>Un h\u00e9matome sous-dural traumatique est une maladie caract\u00e9ris\u00e9e par l&rsquo;accumulation de sang dans l&rsquo;espace sous-dural sous la dure-m\u00e8re, associ\u00e9e \u00e0 un traumatisme cr\u00e2nien et c\u00e9r\u00e9bral. La fr\u00e9quence des h\u00e9matomes sous-duraux aigus est d&rsquo;environ 20\u00a0% dans les cas de traumatismes cr\u00e2niens s\u00e9v\u00e8res. Selon la litt\u00e9rature, le taux de mortalit\u00e9 de cette condition varie de 50 \u00e0 [&hellip;]<\/p>\n","protected":false},"author":16,"featured_media":0,"template":"","diseases_category":[307],"class_list":["post-5202","diseases_post","type-diseases_post","status-publish","hentry","diseases_category-systeme-nerveux-central-et-peripherique"],"acf":[],"yoast_head":"<!-- This site is optimized with the Yoast SEO Premium plugin v25.0 (Yoast SEO v26.5) - https:\/\/yoast.com\/wordpress\/plugins\/seo\/ -->\n<title>H\u00e9matomes sous-duraux traumatiques (h\u00e9morragies)\u00a0: causes, sympt\u00f4mes, diagnostic et traitement<\/title>\n<meta name=\"description\" content=\"Un h\u00e9matome sous-dural traumatique (h\u00e9morragie) est une maladie caract\u00e9ris\u00e9e par l&#039;accumulation de sang dans l&#039;espace sous-dural associ\u00e9e \u00e0 un traumatisme cr\u00e2nien et c\u00e9r\u00e9bral.\" \/>\n<meta name=\"robots\" content=\"noindex, follow, max-snippet:-1, max-image-preview:large, max-video-preview:-1\" \/>\n<meta property=\"og:locale\" content=\"fr_FR\" \/>\n<meta property=\"og:type\" content=\"article\" \/>\n<meta property=\"og:title\" content=\"H\u00e9matomes sous-duraux traumatiques (aigus, subaigus)&nbsp;: \u00e9tiologie, pathog\u00e9nie, pr\u00e9sentation clinique, diagnostic, traitement\" \/>\n<meta property=\"og:description\" content=\"Un h\u00e9matome sous-dural traumatique (h\u00e9morragie) est une maladie caract\u00e9ris\u00e9e par l&#039;accumulation de sang dans l&#039;espace sous-dural associ\u00e9e \u00e0 un traumatisme cr\u00e2nien et c\u00e9r\u00e9bral.\" \/>\n<meta property=\"og:url\" content=\"https:\/\/wiki.dev.voka.io\/fr\/maladies\/systeme-nerveux-central-et-peripherique\/hematome-sous-dural-traumatique\/\" \/>\n<meta property=\"og:site_name\" content=\"Voka Wiki\" \/>\n<meta property=\"article:publisher\" content=\"https:\/\/www.facebook.com\/VOKA3DAnatomyAndPathology\/\" \/>\n<meta property=\"article:modified_time\" content=\"2026-04-01T15:39:59+00:00\" \/>\n<meta property=\"og:image\" content=\"https:\/\/storage.googleapis.com\/dev_wiki_voka_io_303011\/articles\/en\/cns-and-pns\/traumatic-subdural-hematomas\/acute-subdural-hematoma.webp\" \/>\n<meta name=\"twitter:card\" content=\"summary_large_image\" \/>\n<meta name=\"twitter:label1\" content=\"Dur\u00e9e de lecture estim\u00e9e\" \/>\n\t<meta name=\"twitter:data1\" content=\"12 minutes\" \/>\n<script type=\"application\/ld+json\" class=\"yoast-schema-graph\">{\"@context\":\"https:\/\/schema.org\",\"@graph\":[{\"@type\":\"Article\",\"@id\":\"https:\/\/wiki.dev.voka.io\/fr\/maladies\/systeme-nerveux-central-et-peripherique\/hematome-sous-dural-traumatique\/#article\",\"isPartOf\":{\"@id\":\"https:\/\/wiki.dev.voka.io\/fr\/maladies\/systeme-nerveux-central-et-peripherique\/hematome-sous-dural-traumatique\/\"},\"author\":{\"name\":\"Artur D.\",\"@id\":\"https:\/\/wiki.dev.voka.io\/fr\/#\/schema\/person\/80649144a61380746717d6ec8ec00533\"},\"headline\":\"H\u00e9matomes sous-duraux traumatiques (aigus, subaigus)&nbsp;: \u00e9tiologie, pathog\u00e9nie, pr\u00e9sentation clinique, diagnostic, traitement\",\"datePublished\":\"2026-01-29T14:18:40+00:00\",\"dateModified\":\"2026-04-01T15:39:59+00:00\",\"mainEntityOfPage\":{\"@id\":\"https:\/\/wiki.dev.voka.io\/fr\/maladies\/systeme-nerveux-central-et-peripherique\/hematome-sous-dural-traumatique\/\"},\"wordCount\":2529,\"publisher\":{\"@id\":\"https:\/\/wiki.dev.voka.io\/fr\/#organization\"},\"image\":{\"@id\":\"https:\/\/wiki.dev.voka.io\/fr\/maladies\/systeme-nerveux-central-et-peripherique\/hematome-sous-dural-traumatique\/#primaryimage\"},\"thumbnailUrl\":\"https:\/\/storage.googleapis.com\/dev_wiki_voka_io_303011\/articles\/en\/cns-and-pns\/traumatic-subdural-hematomas\/acute-subdural-hematoma.webp\",\"inLanguage\":\"fr-FR\"},{\"@type\":\"WebPage\",\"@id\":\"https:\/\/wiki.dev.voka.io\/fr\/maladies\/systeme-nerveux-central-et-peripherique\/hematome-sous-dural-traumatique\/\",\"url\":\"https:\/\/wiki.dev.voka.io\/fr\/maladies\/systeme-nerveux-central-et-peripherique\/hematome-sous-dural-traumatique\/\",\"name\":\"H\u00e9matomes sous-duraux traumatiques (h\u00e9morragies)\u00a0: causes, sympt\u00f4mes, diagnostic et traitement\",\"isPartOf\":{\"@id\":\"https:\/\/wiki.dev.voka.io\/fr\/#website\"},\"primaryImageOfPage\":{\"@id\":\"https:\/\/wiki.dev.voka.io\/fr\/maladies\/systeme-nerveux-central-et-peripherique\/hematome-sous-dural-traumatique\/#primaryimage\"},\"image\":{\"@id\":\"https:\/\/wiki.dev.voka.io\/fr\/maladies\/systeme-nerveux-central-et-peripherique\/hematome-sous-dural-traumatique\/#primaryimage\"},\"thumbnailUrl\":\"https:\/\/storage.googleapis.com\/dev_wiki_voka_io_303011\/articles\/en\/cns-and-pns\/traumatic-subdural-hematomas\/acute-subdural-hematoma.webp\",\"datePublished\":\"2026-01-29T14:18:40+00:00\",\"dateModified\":\"2026-04-01T15:39:59+00:00\",\"description\":\"Un h\u00e9matome sous-dural traumatique (h\u00e9morragie) est une maladie caract\u00e9ris\u00e9e par l'accumulation de sang dans l'espace sous-dural associ\u00e9e \u00e0 un traumatisme cr\u00e2nien et c\u00e9r\u00e9bral.\",\"breadcrumb\":{\"@id\":\"https:\/\/wiki.dev.voka.io\/fr\/maladies\/systeme-nerveux-central-et-peripherique\/hematome-sous-dural-traumatique\/#breadcrumb\"},\"inLanguage\":\"fr-FR\",\"potentialAction\":[{\"@type\":\"ReadAction\",\"target\":[\"https:\/\/wiki.dev.voka.io\/fr\/maladies\/systeme-nerveux-central-et-peripherique\/hematome-sous-dural-traumatique\/\"]}]},{\"@type\":\"ImageObject\",\"inLanguage\":\"fr-FR\",\"@id\":\"https:\/\/wiki.dev.voka.io\/fr\/maladies\/systeme-nerveux-central-et-peripherique\/hematome-sous-dural-traumatique\/#primaryimage\",\"url\":\"https:\/\/storage.googleapis.com\/dev_wiki_voka_io_303011\/articles\/en\/cns-and-pns\/traumatic-subdural-hematomas\/acute-subdural-hematoma.webp\",\"contentUrl\":\"https:\/\/storage.googleapis.com\/dev_wiki_voka_io_303011\/articles\/en\/cns-and-pns\/traumatic-subdural-hematomas\/acute-subdural-hematoma.webp\"},{\"@type\":\"BreadcrumbList\",\"@id\":\"https:\/\/wiki.dev.voka.io\/fr\/maladies\/systeme-nerveux-central-et-peripherique\/hematome-sous-dural-traumatique\/#breadcrumb\",\"itemListElement\":[{\"@type\":\"ListItem\",\"position\":1,\"name\":\"Home\",\"item\":\"https:\/\/wiki.dev.voka.io\/fr\/\"},{\"@type\":\"ListItem\",\"position\":2,\"name\":\"Neurologie\",\"item\":\"https:\/\/wiki.dev.voka.io\/fr\/maladies\/systeme-nerveux-central-et-peripherique\/\"},{\"@type\":\"ListItem\",\"position\":3,\"name\":\"H\u00e9matomes sous-duraux traumatiques (aigus, subaigus)&nbsp;: \u00e9tiologie, pathog\u00e9nie, pr\u00e9sentation clinique, diagnostic, traitement\"}]},{\"@type\":\"WebSite\",\"@id\":\"https:\/\/wiki.dev.voka.io\/fr\/#website\",\"url\":\"https:\/\/wiki.dev.voka.io\/fr\/\",\"name\":\"Voka Wiki\",\"description\":\"\",\"publisher\":{\"@id\":\"https:\/\/wiki.dev.voka.io\/fr\/#organization\"},\"alternateName\":\"Anatomy & Pathology Wiki by VOKA\",\"potentialAction\":[{\"@type\":\"SearchAction\",\"target\":{\"@type\":\"EntryPoint\",\"urlTemplate\":\"https:\/\/wiki.dev.voka.io\/fr\/?s={search_term_string}\"},\"query-input\":{\"@type\":\"PropertyValueSpecification\",\"valueRequired\":true,\"valueName\":\"search_term_string\"}}],\"inLanguage\":\"fr-FR\"},{\"@type\":\"Organization\",\"@id\":\"https:\/\/wiki.dev.voka.io\/fr\/#organization\",\"name\":\"Voka 3D Anatomy & Pathology\",\"alternateName\":\"VOKA\",\"url\":\"https:\/\/wiki.dev.voka.io\/fr\/\",\"logo\":{\"@type\":\"ImageObject\",\"inLanguage\":\"fr-FR\",\"@id\":\"https:\/\/wiki.dev.voka.io\/fr\/#\/schema\/logo\/image\/\",\"url\":\"https:\/\/wiki.dev.voka.io\/wp-content\/uploads\/2025\/02\/cropped-voka-logo-1.png\",\"contentUrl\":\"https:\/\/wiki.dev.voka.io\/wp-content\/uploads\/2025\/02\/cropped-voka-logo-1.png\",\"width\":70,\"height\":16,\"caption\":\"Voka 3D Anatomy & Pathology\"},\"image\":{\"@id\":\"https:\/\/wiki.dev.voka.io\/fr\/#\/schema\/logo\/image\/\"},\"sameAs\":[\"https:\/\/www.facebook.com\/VOKA3DAnatomyAndPathology\/\",\"https:\/\/www.instagram.com\/voka.io\/\",\"https:\/\/www.linkedin.com\/company\/voka-io\/\",\"https:\/\/www.youtube.com\/channel\/UCqGGuOEpr62ScH8Pjk2q5zw\/videos\",\"https:\/\/www.pinterest.com\/VokaAnatomyPro\/\",\"https:\/\/www.threads.com\/@voka.io\"],\"description\":\"VOKA.io offers 3D medical animations and custom 3D modeling services. Our product, VOKA 3D Anatomy & Pathology, is a digital atlas with over 1,000 detailed 3D models of human anatomy and pathology, designed for medical education, training, and patient communication.\",\"email\":\"info@voka.io\",\"telephone\":\"+1 814 351 4442\",\"legalName\":\"Voka 3D Anatomy & Pathology\",\"foundingDate\":\"2017-02-12\",\"naics\":\"541512\",\"numberOfEmployees\":{\"@type\":\"QuantitativeValue\",\"minValue\":\"51\",\"maxValue\":\"200\"},\"publishingPrinciples\":\"https:\/\/wiki.voka.io\/fr\/principes-de-publication\/\"},{\"@type\":\"Person\",\"@id\":\"https:\/\/wiki.dev.voka.io\/fr\/#\/schema\/person\/80649144a61380746717d6ec8ec00533\",\"name\":\"Artur D.\",\"image\":{\"@type\":\"ImageObject\",\"inLanguage\":\"fr-FR\",\"@id\":\"https:\/\/wiki.dev.voka.io\/fr\/#\/schema\/person\/image\/\",\"url\":\"https:\/\/secure.gravatar.com\/avatar\/a18a65b08498c9fed7d679520d148d1e8be2b2330b8a757c5f0e91539635a4f1?s=96&d=mm&r=g\",\"contentUrl\":\"https:\/\/secure.gravatar.com\/avatar\/a18a65b08498c9fed7d679520d148d1e8be2b2330b8a757c5f0e91539635a4f1?s=96&d=mm&r=g\",\"caption\":\"Artur D.\"}}]}<\/script>\n<!-- \/ Yoast SEO Premium plugin. -->","yoast_head_json":{"title":"H\u00e9matomes sous-duraux traumatiques (h\u00e9morragies)\u00a0: causes, sympt\u00f4mes, diagnostic et traitement","description":"Un h\u00e9matome sous-dural traumatique (h\u00e9morragie) est une maladie caract\u00e9ris\u00e9e par l'accumulation de sang dans l'espace sous-dural associ\u00e9e \u00e0 un traumatisme cr\u00e2nien et c\u00e9r\u00e9bral.","robots":{"index":"noindex","follow":"follow","max-snippet":"max-snippet:-1","max-image-preview":"max-image-preview:large","max-video-preview":"max-video-preview:-1"},"og_locale":"fr_FR","og_type":"article","og_title":"H\u00e9matomes sous-duraux traumatiques (aigus, subaigus)&nbsp;: \u00e9tiologie, pathog\u00e9nie, pr\u00e9sentation clinique, diagnostic, traitement","og_description":"Un h\u00e9matome sous-dural traumatique (h\u00e9morragie) est une maladie caract\u00e9ris\u00e9e par l'accumulation de sang dans l'espace sous-dural associ\u00e9e \u00e0 un traumatisme cr\u00e2nien et c\u00e9r\u00e9bral.","og_url":"https:\/\/wiki.dev.voka.io\/fr\/maladies\/systeme-nerveux-central-et-peripherique\/hematome-sous-dural-traumatique\/","og_site_name":"Voka Wiki","article_publisher":"https:\/\/www.facebook.com\/VOKA3DAnatomyAndPathology\/","article_modified_time":"2026-04-01T15:39:59+00:00","og_image":[{"url":"https:\/\/storage.googleapis.com\/dev_wiki_voka_io_303011\/articles\/en\/cns-and-pns\/traumatic-subdural-hematomas\/acute-subdural-hematoma.webp","type":"","width":"","height":""}],"twitter_card":"summary_large_image","twitter_misc":{"Dur\u00e9e de lecture estim\u00e9e":"12 minutes"},"schema":{"@context":"https:\/\/schema.org","@graph":[{"@type":"Article","@id":"https:\/\/wiki.dev.voka.io\/fr\/maladies\/systeme-nerveux-central-et-peripherique\/hematome-sous-dural-traumatique\/#article","isPartOf":{"@id":"https:\/\/wiki.dev.voka.io\/fr\/maladies\/systeme-nerveux-central-et-peripherique\/hematome-sous-dural-traumatique\/"},"author":{"name":"Artur D.","@id":"https:\/\/wiki.dev.voka.io\/fr\/#\/schema\/person\/80649144a61380746717d6ec8ec00533"},"headline":"H\u00e9matomes sous-duraux traumatiques (aigus, subaigus)&nbsp;: \u00e9tiologie, pathog\u00e9nie, pr\u00e9sentation clinique, diagnostic, traitement","datePublished":"2026-01-29T14:18:40+00:00","dateModified":"2026-04-01T15:39:59+00:00","mainEntityOfPage":{"@id":"https:\/\/wiki.dev.voka.io\/fr\/maladies\/systeme-nerveux-central-et-peripherique\/hematome-sous-dural-traumatique\/"},"wordCount":2529,"publisher":{"@id":"https:\/\/wiki.dev.voka.io\/fr\/#organization"},"image":{"@id":"https:\/\/wiki.dev.voka.io\/fr\/maladies\/systeme-nerveux-central-et-peripherique\/hematome-sous-dural-traumatique\/#primaryimage"},"thumbnailUrl":"https:\/\/storage.googleapis.com\/dev_wiki_voka_io_303011\/articles\/en\/cns-and-pns\/traumatic-subdural-hematomas\/acute-subdural-hematoma.webp","inLanguage":"fr-FR"},{"@type":"WebPage","@id":"https:\/\/wiki.dev.voka.io\/fr\/maladies\/systeme-nerveux-central-et-peripherique\/hematome-sous-dural-traumatique\/","url":"https:\/\/wiki.dev.voka.io\/fr\/maladies\/systeme-nerveux-central-et-peripherique\/hematome-sous-dural-traumatique\/","name":"H\u00e9matomes sous-duraux traumatiques (h\u00e9morragies)\u00a0: causes, sympt\u00f4mes, diagnostic et traitement","isPartOf":{"@id":"https:\/\/wiki.dev.voka.io\/fr\/#website"},"primaryImageOfPage":{"@id":"https:\/\/wiki.dev.voka.io\/fr\/maladies\/systeme-nerveux-central-et-peripherique\/hematome-sous-dural-traumatique\/#primaryimage"},"image":{"@id":"https:\/\/wiki.dev.voka.io\/fr\/maladies\/systeme-nerveux-central-et-peripherique\/hematome-sous-dural-traumatique\/#primaryimage"},"thumbnailUrl":"https:\/\/storage.googleapis.com\/dev_wiki_voka_io_303011\/articles\/en\/cns-and-pns\/traumatic-subdural-hematomas\/acute-subdural-hematoma.webp","datePublished":"2026-01-29T14:18:40+00:00","dateModified":"2026-04-01T15:39:59+00:00","description":"Un h\u00e9matome sous-dural traumatique (h\u00e9morragie) est une maladie caract\u00e9ris\u00e9e par l'accumulation de sang dans l'espace sous-dural associ\u00e9e \u00e0 un traumatisme cr\u00e2nien et c\u00e9r\u00e9bral.","breadcrumb":{"@id":"https:\/\/wiki.dev.voka.io\/fr\/maladies\/systeme-nerveux-central-et-peripherique\/hematome-sous-dural-traumatique\/#breadcrumb"},"inLanguage":"fr-FR","potentialAction":[{"@type":"ReadAction","target":["https:\/\/wiki.dev.voka.io\/fr\/maladies\/systeme-nerveux-central-et-peripherique\/hematome-sous-dural-traumatique\/"]}]},{"@type":"ImageObject","inLanguage":"fr-FR","@id":"https:\/\/wiki.dev.voka.io\/fr\/maladies\/systeme-nerveux-central-et-peripherique\/hematome-sous-dural-traumatique\/#primaryimage","url":"https:\/\/storage.googleapis.com\/dev_wiki_voka_io_303011\/articles\/en\/cns-and-pns\/traumatic-subdural-hematomas\/acute-subdural-hematoma.webp","contentUrl":"https:\/\/storage.googleapis.com\/dev_wiki_voka_io_303011\/articles\/en\/cns-and-pns\/traumatic-subdural-hematomas\/acute-subdural-hematoma.webp"},{"@type":"BreadcrumbList","@id":"https:\/\/wiki.dev.voka.io\/fr\/maladies\/systeme-nerveux-central-et-peripherique\/hematome-sous-dural-traumatique\/#breadcrumb","itemListElement":[{"@type":"ListItem","position":1,"name":"Home","item":"https:\/\/wiki.dev.voka.io\/fr\/"},{"@type":"ListItem","position":2,"name":"Neurologie","item":"https:\/\/wiki.dev.voka.io\/fr\/maladies\/systeme-nerveux-central-et-peripherique\/"},{"@type":"ListItem","position":3,"name":"H\u00e9matomes sous-duraux traumatiques (aigus, subaigus)&nbsp;: \u00e9tiologie, pathog\u00e9nie, pr\u00e9sentation clinique, diagnostic, traitement"}]},{"@type":"WebSite","@id":"https:\/\/wiki.dev.voka.io\/fr\/#website","url":"https:\/\/wiki.dev.voka.io\/fr\/","name":"Voka Wiki","description":"","publisher":{"@id":"https:\/\/wiki.dev.voka.io\/fr\/#organization"},"alternateName":"Anatomy & Pathology Wiki by VOKA","potentialAction":[{"@type":"SearchAction","target":{"@type":"EntryPoint","urlTemplate":"https:\/\/wiki.dev.voka.io\/fr\/?s={search_term_string}"},"query-input":{"@type":"PropertyValueSpecification","valueRequired":true,"valueName":"search_term_string"}}],"inLanguage":"fr-FR"},{"@type":"Organization","@id":"https:\/\/wiki.dev.voka.io\/fr\/#organization","name":"Voka 3D Anatomy & Pathology","alternateName":"VOKA","url":"https:\/\/wiki.dev.voka.io\/fr\/","logo":{"@type":"ImageObject","inLanguage":"fr-FR","@id":"https:\/\/wiki.dev.voka.io\/fr\/#\/schema\/logo\/image\/","url":"https:\/\/wiki.dev.voka.io\/wp-content\/uploads\/2025\/02\/cropped-voka-logo-1.png","contentUrl":"https:\/\/wiki.dev.voka.io\/wp-content\/uploads\/2025\/02\/cropped-voka-logo-1.png","width":70,"height":16,"caption":"Voka 3D Anatomy & Pathology"},"image":{"@id":"https:\/\/wiki.dev.voka.io\/fr\/#\/schema\/logo\/image\/"},"sameAs":["https:\/\/www.facebook.com\/VOKA3DAnatomyAndPathology\/","https:\/\/www.instagram.com\/voka.io\/","https:\/\/www.linkedin.com\/company\/voka-io\/","https:\/\/www.youtube.com\/channel\/UCqGGuOEpr62ScH8Pjk2q5zw\/videos","https:\/\/www.pinterest.com\/VokaAnatomyPro\/","https:\/\/www.threads.com\/@voka.io"],"description":"VOKA.io offers 3D medical animations and custom 3D modeling services. Our product, VOKA 3D Anatomy & Pathology, is a digital atlas with over 1,000 detailed 3D models of human anatomy and pathology, designed for medical education, training, and patient communication.","email":"info@voka.io","telephone":"+1 814 351 4442","legalName":"Voka 3D Anatomy & Pathology","foundingDate":"2017-02-12","naics":"541512","numberOfEmployees":{"@type":"QuantitativeValue","minValue":"51","maxValue":"200"},"publishingPrinciples":"https:\/\/wiki.voka.io\/fr\/principes-de-publication\/"},{"@type":"Person","@id":"https:\/\/wiki.dev.voka.io\/fr\/#\/schema\/person\/80649144a61380746717d6ec8ec00533","name":"Artur D.","image":{"@type":"ImageObject","inLanguage":"fr-FR","@id":"https:\/\/wiki.dev.voka.io\/fr\/#\/schema\/person\/image\/","url":"https:\/\/secure.gravatar.com\/avatar\/a18a65b08498c9fed7d679520d148d1e8be2b2330b8a757c5f0e91539635a4f1?s=96&d=mm&r=g","contentUrl":"https:\/\/secure.gravatar.com\/avatar\/a18a65b08498c9fed7d679520d148d1e8be2b2330b8a757c5f0e91539635a4f1?s=96&d=mm&r=g","caption":"Artur D."}}]}},"_links":{"self":[{"href":"https:\/\/wiki.dev.voka.io\/fr\/wp-json\/wp\/v2\/diseases_post\/5202","targetHints":{"allow":["GET"]}}],"collection":[{"href":"https:\/\/wiki.dev.voka.io\/fr\/wp-json\/wp\/v2\/diseases_post"}],"about":[{"href":"https:\/\/wiki.dev.voka.io\/fr\/wp-json\/wp\/v2\/types\/diseases_post"}],"author":[{"embeddable":true,"href":"https:\/\/wiki.dev.voka.io\/fr\/wp-json\/wp\/v2\/users\/16"}],"wp:attachment":[{"href":"https:\/\/wiki.dev.voka.io\/fr\/wp-json\/wp\/v2\/media?parent=5202"}],"wp:term":[{"taxonomy":"diseases_category","embeddable":true,"href":"https:\/\/wiki.dev.voka.io\/fr\/wp-json\/wp\/v2\/diseases_category?post=5202"}],"curies":[{"name":"wp","href":"https:\/\/api.w.org\/{rel}","templated":true}]}}