{"id":2826,"date":"2026-01-29T17:22:51","date_gmt":"2026-01-29T14:22:51","guid":{"rendered":"https:\/\/wiki.dev.voka.io\/diseases\/uncategorized\/fractures-des-vertebres-cervicales\/"},"modified":"2026-01-29T17:22:45","modified_gmt":"2026-01-29T14:22:45","slug":"fractures-des-vertebres-cervicales","status":"publish","type":"diseases_post","link":"https:\/\/wiki.dev.voka.io\/fr\/maladies\/traumatologie\/fractures-des-vertebres-cervicales\/","title":{"rendered":"Fractures du rachis cervical : classification, sympt\u00f4mes et traitement"},"content":{"rendered":"<p><?xml encoding=\"UTF-8\" ?><\/p>\n<p>Les fractures du rachis cervical constituent des l\u00e9sions graves n\u00e9cessitant un diagnostic pr\u00e9cis et un traitement rigoureux. Les atteintes du rachis cervical sup\u00e9rieur, en particulier des premi\u00e8re (C1, atlas) et deuxi\u00e8me (C2, axis) vert\u00e8bres cervicales, rev\u00eatent une importance particuli\u00e8re en raison de leur r\u00f4le dans la mobilit\u00e9 de la t\u00eate et de leur proximit\u00e9 imm\u00e9diate avec le tronc c\u00e9r\u00e9bral et la moelle \u00e9pini\u00e8re.<\/p>\n<h2 class=\"wp-block-heading\" id=\"fracture-de-la-premiere-vertebre-cervicale\"><strong>Fracture de la premi\u00e8re vert\u00e8bre cervicale<\/strong><\/h2>\n<p>La premi\u00e8re vert\u00e8bre cervicale (C1, atlas) assure le soutien du cr\u00e2ne et permet notamment les mouvements de la t\u00eate.  Une fracture implique une rupture de la structure annulaire de la vert\u00e8bre. Les fractures de C1 ont une signification clinique majeure en raison de leur proximit\u00e9 avec la moelle \u00e9pini\u00e8re et le tronc c\u00e9r\u00e9bral, exposant \u00e0 un risque de d\u00e9ficit neurologique ou d\u2019instabilit\u00e9 potentiellement l\u00e9tale.<\/p>\n<h3 class=\"wp-block-heading\" id=\"etiologie\"><strong>\u00c9tiologie<\/strong><\/h3>\n<p>Les fractures de C1 surviennent principalement \u00e0 la suite d\u2019un traumatisme.<\/p>\n<ul class=\"wp-block-list\">\n<li><strong>Traumatismes \u00e0 haute \u00e9nergie<\/strong> : accidents de la voie publique, chutes de hauteur, traumatismes sportifs (notamment plongeon en eau peu profonde). <\/li>\n<li><strong>Traumatismes \u00e0 basse \u00e9nergie<\/strong> : chez les personnes \u00e2g\u00e9es (chute de sa hauteur), en raison d\u2019alt\u00e9rations m\u00e9taboliques du tissu osseux (ost\u00e9oporose). <\/li>\n<li><strong>Causes rares<\/strong> : fractures pathologiques secondaires \u00e0 des tumeurs ou \u00e0 des infections.<\/li>\n<\/ul>\n<h3 class=\"wp-block-heading\" id=\"mecanisme-lesionnel\"><strong>M\u00e9canisme l\u00e9sionnel<\/strong><\/h3>\n<p>Le m\u00e9canisme classique est une charge axiale : la force comprime le cr\u00e2ne et se transmet \u00e0 l\u2019atlas (C1), provoquant sa fracture. L\u2019hyperextension ou l\u2019hyperflexion peut aggraver la s\u00e9v\u00e9rit\u00e9 de la l\u00e9sion.<\/p>\n<h3 class=\"wp-block-heading\" id=\"epidemiologie\"><strong>\u00c9pid\u00e9miologie<\/strong><\/h3>\n<p id=\"h-\u043f\u0435\u0440\u0435\u043b\u043e\u043c\u044b-c1-\u0441\u043e\u0441\u0442\u0430\u0432\u043b\u044f\u044e\u0442-2-13-\u0442\u0440\u0430\u0432\u043c-\u0448\u0435\u0439\u043d\u043e\u0433\u043e-\u043e\u0442\u0434\u0435\u043b\u0430-\u043f\u043e\u0437\u0432\u043e\u043d\u043e\u0447\u043d\u0438\u043a\u0430-\u0438-1-3-\u0432\u0441\u0435\u0445-\u043f\u043e\u0432\u0440\u0435\u0436\u0434\u0435\u043d\u0438\u0439-\u043f\u043e\u0437\u0432\u043e\u043d\u043e\u0447\u043d\u0438\u043a\u0430-\u043e\u043d\u0438-\u0432-\u043e\u0441\u043d\u043e\u0432\u043d\u043e\u043c-\u043f\u043e\u0440\u0430\u0436\u0430\u044e\u0442-\u043c\u0443\u0436\u0447\u0438\u043d-75-\u0441\u043b\u0443\u0447\u0430\u0435\u0432-\u0432-\u0432\u043e\u0437\u0440\u0430\u0441\u0442\u0435-20-40-\u043b\u0435\u0442-\u0438\u0437-\u0437\u0430-\u0432\u044b\u0441\u043e\u043a\u043e\u0440\u0438\u0441\u043a\u043e\u0432\u044b\u0445-\u0432\u0438\u0434\u043e\u0432-\u0434\u0435\u044f\u0442\u0435\u043b\u044c\u043d\u043e\u0441\u0442\u0438-\u0432\u0442\u043e\u0440\u0438\u0447\u043d\u044b\u0439-\u043f\u0438\u043a-\u043f\u0440\u0438\u0445\u043e\u0434\u0438\u0442\u0441\u044f-\u043d\u0430-\u043f\u043e\u0436\u0438\u043b\u044b\u0445-\u043b\u044e\u0434\u0435\u0439-gt-65-\u043b\u0435\u0442-\u0441\u0442\u0440\u0430\u0434\u0430\u044e\u0449\u0438\u0445-\u043e\u0441\u0442\u0435\u043e\u043f\u043e\u0440\u043e\u0437\u043e\u043c-nbsp\">Les fractures de C1 repr\u00e9sentent 2 \u00e0 13 % des traumatismes du rachis cervical et 1 \u00e0 3 % de l\u2019ensemble des l\u00e9sions vert\u00e9brales.  Elles touchent principalement les hommes (75 % des cas) \u00e2g\u00e9s de 20 \u00e0 40 ans, en lien avec des activit\u00e9s \u00e0 haut risque.  Un second pic est observ\u00e9 chez les personnes \u00e2g\u00e9es (> 65 ans) souffrant d\u2019ost\u00e9oporose. <\/p>\n<p id=\"h-\u043f\u043e\u043a\u0430\u0437\u0430\u0442\u0435\u043b\u0438-\u0441\u043c\u0435\u0440\u0442\u043d\u043e\u0441\u0442\u0438-\u043d\u0438\u0437\u043a\u0438\u0435-4-10-\u043d\u043e-\u0441\u043e\u043f\u0443\u0442\u0441\u0442\u0432\u0443\u044e\u0449\u0438\u0435-\u0442\u0440\u0430\u0432\u043c\u044b-\u043d\u0430\u043f\u0440\u0438\u043c\u0435\u0440-\u043f\u0435\u0440\u0435\u043b\u043e\u043c\u044b-\u0432\u0442\u043e\u0440\u043e\u0433\u043e-\u0448\u0435\u0439\u043d\u043e\u0433\u043e-\u043f\u043e\u0437\u0432\u043e\u043d\u043a\u0430-\u043e\u0441\u043b\u043e\u0436\u043d\u044f\u044e\u0442-30-50-\u0441\u043b\u0443\u0447\u0430\u0435\u0432-nbsp\">La mortalit\u00e9 est faible (4\u201310 %), mais les l\u00e9sions associ\u00e9es (notamment fractures de C2) compliquent 30 \u00e0 50 % des cas. <\/p>\n<h3 class=\"wp-block-heading\" id=\"classification-des-fractures-de-c1\"><strong>Classification des fractures de C1<\/strong><\/h3>\n<h4 class=\"wp-block-heading\" id=\"h-\u043a\u043b\u0430\u0441\u0441\u0438\u0444\u0438\u043a\u0430\u0446\u0438\u044f-\u0433\u0435\u0432\u0430\u0439\u043b\u0435\u0440-gehweiler-\u0438-\u0434\u0438\u043a\u043c\u0430\u043d-dickman\"><strong>Classification de Gehweiler et de Dickman<\/strong><\/h4>\n<p>La classification de Gehweiler distingue cinq types selon l\u2019atteinte des structures anatomiques,  int\u00e9grant la classification de Dickman pour les l\u00e9sions du ligament transverse.<\/p>\n<p><strong>Classification de Gehweiler avec modification de Dickman<\/strong><\/p>\n<figure class=\"wp-block-table table-to-cards\">\n<table>\n<thead>\n<tr>\n<th class=\"has-text-align-center\" data-align=\"center\">Type<\/th>\n<th class=\"has-text-align-center\" data-align=\"center\">Description<\/th>\n<th class=\"has-text-align-center\" data-align=\"center\">Fr\u00e9quence<\/th>\n<\/tr>\n<\/thead>\n<tbody>\n<tr>\n<td class=\"has-text-align-center\" data-align=\"center\">Type 1<\/td>\n<td class=\"has-text-align-center\" data-align=\"center\">Fracture de l\u2019arc ant\u00e9rieur<\/td>\n<td class=\"has-text-align-center\" data-align=\"center\">24%<\/td>\n<\/tr>\n<tr>\n<td class=\"has-text-align-center\" data-align=\"center\">Type 2 <\/td>\n<td class=\"has-text-align-center\" data-align=\"center\">Fracture de l\u2019arc post\u00e9rieur<\/td>\n<td class=\"has-text-align-center\" data-align=\"center\">22%<\/td>\n<\/tr>\n<tr>\n<td class=\"has-text-align-center\" data-align=\"center\">Type 3<\/td>\n<td class=\"has-text-align-center\" data-align=\"center\">Fracture des arcs ant\u00e9rieur et post\u00e9rieur (fracture explosive de Jefferson)<\/td>\n<td class=\"has-text-align-center\" data-align=\"center\">34%<\/td>\n<\/tr>\n<tr>\n<td class=\"has-text-align-center\" data-align=\"center\">Sous-type 3a<\/td>\n<td class=\"has-text-align-center\" data-align=\"center\">Ligament transverse de l\u2019atlas intact<\/td>\n<td class=\"has-text-align-center\" data-align=\"center\"> \u2013 <\/td>\n<\/tr>\n<tr>\n<td class=\"has-text-align-center\" data-align=\"center\">Sous-type 3b (Dickman type 1)<\/td>\n<td class=\"has-text-align-center\" data-align=\"center\">Rupture du ligament transverse de l\u2019atlas<\/td>\n<td class=\"has-text-align-center\" data-align=\"center\"> \u2013 <\/td>\n<\/tr>\n<tr>\n<td class=\"has-text-align-center\" data-align=\"center\">Sous-type 3b (Dickman type 2)<\/td>\n<td class=\"has-text-align-center\" data-align=\"center\">Fracture avulsion au site d\u2019insertion du ligament, ligament intact<\/td>\n<td class=\"has-text-align-center\" data-align=\"center\"> \u2013 <\/td>\n<\/tr>\n<tr>\n<td class=\"has-text-align-center\" data-align=\"center\">Type 4<\/td>\n<td class=\"has-text-align-center\" data-align=\"center\">Fracture de la masse lat\u00e9rale<\/td>\n<td class=\"has-text-align-center\" data-align=\"center\">19%<\/td>\n<\/tr>\n<tr>\n<td class=\"has-text-align-center\" data-align=\"center\">Type 5<\/td>\n<td class=\"has-text-align-center\" data-align=\"center\">Fracture isol\u00e9e du processus transverse<\/td>\n<td class=\"has-text-align-center\" data-align=\"center\">1%<\/td>\n<\/tr>\n<\/tbody>\n<\/table>\n<\/figure>\n<h4 class=\"wp-block-heading\" id=\"h-\u043a\u043b\u0430\u0441\u0441\u0438\u0444\u0438\u043a\u0430\u0446\u0438\u044f-\u043b\u0430\u043d\u0434\u0435\u043b\u043b\u0441-landells\"><strong>Classification de Landells<\/strong><\/h4>\n<p>Classification similaire \u00e0 celle de Gehweiler, avec trois types principaux : <\/p>\n<ol class=\"wp-block-list\">\n<li><strong>Type I : <\/strong> fracture isol\u00e9e de l\u2019arc ant\u00e9rieur ou post\u00e9rieur.<\/li>\n<li><strong>Type II : <\/strong> fracture des deux arcs.<\/li>\n<li><strong>Type III : <\/strong> fracture de la masse lat\u00e9rale (avec extension limit\u00e9e \u00e0 un seul arc).<\/li>\n<\/ol>\n<p><a href=\"https:\/\/catalog.voka.io\/en\/models\/172682d4-e3d9-460c-8ad0-f4cc3bbe976d\/07dd4a2f-0a52-4a1b-862e-9fa9349c4578\/a6d63cc4-6f81-4526-82ed-027a134a8227\/50945a21-acbb-4124-87c7-e93f8e348c2b\" target=\"_blank\" rel=\"noreferrer noopener nofollow\">Mod\u00e8les 3D<\/a> des fractures de la premi\u00e8re vert\u00e8bre cervicale :<\/p>\n<div class=\"carousel-block\">\n<div class=\"swiper carousel-swiper carousel-swiper-block_69ef35ce85606\">\n<div class=\"swiper-wrapper\">\n<div class=\"swiper-slide image-carousel-slide\"><img decoding=\"async\" class=\"carousel-image\" src=\"https:\/\/storage.googleapis.com\/dev_wiki_voka_io_303011\/articles\/en\/traumatology\/cervical-spine-fractures\/type-1-fracture-of-the-first-cervical-vertebra-gehweiler.webp\" alt=\"Fracture de la premi\u00e8re vert\u00e8bre cervicale, type 1 (Gehweiler)\"><span class=\"small-text-article text-main-text-color\">Fracture de la premi\u00e8re vert\u00e8bre cervicale, type 1 (Gehweiler)<\/span><\/div>\n<div class=\"swiper-slide image-carousel-slide\"><img decoding=\"async\" class=\"carousel-image\" src=\"https:\/\/storage.googleapis.com\/dev_wiki_voka_io_303011\/articles\/en\/traumatology\/cervical-spine-fractures\/type-2-fracture-of-the-first-cervical-vertebra-gehweiler.webp\" alt=\"Fracture de la premi\u00e8re vert\u00e8bre cervicale, type 2 (Gehweiler)\"><span class=\"small-text-article text-main-text-color\">Fracture de la premi\u00e8re vert\u00e8bre cervicale, type 2 (Gehweiler)<\/span><\/div>\n<div class=\"swiper-slide image-carousel-slide\"><img decoding=\"async\" class=\"carousel-image\" src=\"https:\/\/storage.googleapis.com\/dev_wiki_voka_io_303011\/articles\/en\/traumatology\/cervical-spine-fractures\/type-3a-fracture-of-the-first-cervical-vertebra-gehweiler.webp\" alt=\"Fracture de la premi\u00e8re vert\u00e8bre cervicale, type 3a (Gehweiler)\"><span class=\"small-text-article text-main-text-color\">Fracture de la premi\u00e8re vert\u00e8bre cervicale, type 3a (Gehweiler)<\/span><\/div>\n<div class=\"swiper-slide image-carousel-slide\"><img decoding=\"async\" class=\"carousel-image\" src=\"https:\/\/storage.googleapis.com\/dev_wiki_voka_io_303011\/articles\/en\/traumatology\/cervical-spine-fractures\/type-3b-fracture-of-the-first-cervical-vertebra-dickman-type-1-gehweiler.webp\" alt=\"Fracture de la premi\u00e8re vert\u00e8bre cervicale, type 3b Dickman type 1 (Gehweiler)\"><span class=\"small-text-article text-main-text-color\">Fracture de la premi\u00e8re vert\u00e8bre cervicale, type 3b Dickman type 1 (Gehweiler)<\/span><\/div>\n<div class=\"swiper-slide image-carousel-slide\"><img decoding=\"async\" class=\"carousel-image\" src=\"https:\/\/storage.googleapis.com\/dev_wiki_voka_io_303011\/articles\/en\/traumatology\/cervical-spine-fractures\/type-3b-fracture-of-the-first-cervical-vertebra-dickman-type-2-gehweiler.webp\" alt=\"Fracture de la premi\u00e8re vert\u00e8bre cervicale, type 3b Dickman type 2 (Gehweiler)\"><span class=\"small-text-article text-main-text-color\">Fracture de la premi\u00e8re vert\u00e8bre cervicale, type 3b Dickman type 2 (Gehweiler)<\/span><\/div>\n<div class=\"swiper-slide image-carousel-slide\"><img decoding=\"async\" class=\"carousel-image\" src=\"https:\/\/storage.googleapis.com\/dev_wiki_voka_io_303011\/articles\/en\/traumatology\/cervical-spine-fractures\/type-4-fracture-of-the-first-cervical-vertebra-gehweiler.webp\" alt=\"Fracture de la premi\u00e8re vert\u00e8bre cervicale, type 4 (Gehweiler)\"><span class=\"small-text-article text-main-text-color\">Fracture de la premi\u00e8re vert\u00e8bre cervicale, type 4 (Gehweiler)<\/span><\/div>\n<div class=\"swiper-slide image-carousel-slide\"><img decoding=\"async\" class=\"carousel-image\" src=\"https:\/\/storage.googleapis.com\/dev_wiki_voka_io_303011\/articles\/en\/traumatology\/cervical-spine-fractures\/type-5-fracture-of-the-first-cervical-vertebra-gehweiler.webp\" alt=\"Fracture de la premi\u00e8re vert\u00e8bre cervicale, type 5 (Gehweiler)\"><span class=\"small-text-article text-main-text-color\">Fracture de la premi\u00e8re vert\u00e8bre cervicale, type 5 (Gehweiler)<\/span><\/div>\n<\/div>\n<\/div>\n<div class=\"swiper-article-carousel__controls\">\n<div class=\"swiper-article-carousel__pagination-container swiper-article-carousel__pagination-container-block_69ef35ce85606\"><\/div>\n<div class=\"swiper-article-carousel__arrows\"><button class=\"swiper__arrow swiper__arrow--prev carousel-swiper-button-prev swiper__arrow swiper__arrow--prev carousel-swiper-button-prev-block_69ef35ce85606\"><svg xmlns=\"http:\/\/www.w3.org\/2000\/svg\" width=\"40\" height=\"40\" viewbox=\"0 0 40 40\" fill=\"none\"><path d=\"M20 3.75C16.7861 3.75 13.6443 4.70305 10.972 6.48862C8.29969 8.27419 6.21689 10.8121 4.98696 13.7814C3.75704 16.7507 3.43524 20.018 4.06225 23.1702C4.68926 26.3224 6.23692 29.2179 8.50952 31.4905C10.7821 33.7631 13.6776 35.3107 16.8298 35.9378C19.982 36.5648 23.2493 36.243 26.2186 35.013C29.1879 33.7831 31.7258 31.7003 33.5114 29.028C35.297 26.3557 36.25 23.2139 36.25 20C36.2455 15.6916 34.5319 11.561 31.4855 8.51454C28.439 5.46806 24.3084 3.75455 20 3.75ZM23.3844 25.3656C23.5005 25.4818 23.5926 25.6196 23.6555 25.7714C23.7184 25.9231 23.7507 26.0858 23.7507 26.25C23.7507 26.4142 23.7184 26.5769 23.6555 26.7286C23.5926 26.8804 23.5005 27.0182 23.3844 27.1344C23.2682 27.2505 23.1304 27.3426 22.9786 27.4055C22.8269 27.4683 22.6643 27.5007 22.5 27.5007C22.3358 27.5007 22.1731 27.4683 22.0214 27.4055C21.8696 27.3426 21.7318 27.2505 21.6156 27.1344L15.3656 20.8844C15.2494 20.7683 15.1572 20.6304 15.0943 20.4787C15.0314 20.3269 14.999 20.1643 14.999 20C14.999 19.8357 15.0314 19.6731 15.0943 19.5213C15.1572 19.3696 15.2494 19.2317 15.3656 19.1156L21.6156 12.8656C21.7318 12.7495 21.8696 12.6574 22.0214 12.5945C22.1731 12.5317 22.3358 12.4993 22.5 12.4993C22.6643 12.4993 22.8269 12.5317 22.9786 12.5945C23.1304 12.6574 23.2682 12.7495 23.3844 12.8656C23.5005 12.9818 23.5926 13.1196 23.6555 13.2714C23.7184 13.4231 23.7507 13.5858 23.7507 13.75C23.7507 13.9142 23.7184 14.0769 23.6555 14.2286C23.5926 14.3804 23.5005 14.5182 23.3844 14.6344L18.0172 20L23.3844 25.3656Z\" fill=\"#B5C0CD\"><\/path><\/svg><\/button><button class=\"swiper__arrow swiper__arrow--next carousel-swiper-button-next swiper__arrow swiper__arrow--next carousel-swiper-button-next-block_69ef35ce85606\" tabindex=\"0\" aria-label=\"Next slide\"><svg xmlns=\"http:\/\/www.w3.org\/2000\/svg\" width=\"40\" height=\"40\" viewbox=\"0 0 40 40\" fill=\"none\"><path d=\"M20 3.75C16.7861 3.75 13.6443 4.70305 10.972 6.48862C8.29969 8.27419 6.21689 10.8121 4.98696 13.7814C3.75704 16.7507 3.43524 20.018 4.06225 23.1702C4.68926 26.3224 6.23692 29.2179 8.50952 31.4905C10.7821 33.7631 13.6776 35.3107 16.8298 35.9378C19.982 36.5648 23.2493 36.243 26.2186 35.013C29.1879 33.7831 31.7258 31.7003 33.5114 29.028C35.297 26.3557 36.25 23.2139 36.25 20C36.2455 15.6916 34.5319 11.561 31.4855 8.51454C28.439 5.46806 24.3084 3.75455 20 3.75ZM23.3844 25.3656C23.5005 25.4818 23.5926 25.6196 23.6555 25.7714C23.7184 25.9231 23.7507 26.0858 23.7507 26.25C23.7507 26.4142 23.7184 26.5769 23.6555 26.7286C23.5926 26.8804 23.5005 27.0182 23.3844 27.1344C23.2682 27.2505 23.1304 27.3426 22.9786 27.4055C22.8269 27.4683 22.6643 27.5007 22.5 27.5007C22.3358 27.5007 22.1731 27.4683 22.0214 27.4055C21.8696 27.3426 21.7318 27.2505 21.6156 27.1344L15.3656 20.8844C15.2494 20.7683 15.1572 20.6304 15.0943 20.4787C15.0314 20.3269 14.999 20.1643 14.999 20C14.999 19.8357 15.0314 19.6731 15.0943 19.5213C15.1572 19.3696 15.2494 19.2317 15.3656 19.1156L21.6156 12.8656C21.7318 12.7495 21.8696 12.6574 22.0214 12.5945C22.1731 12.5317 22.3358 12.4993 22.5 12.4993C22.6643 12.4993 22.8269 12.5317 22.9786 12.5945C23.1304 12.6574 23.2682 12.7495 23.3844 12.8656C23.5005 12.9818 23.5926 13.1196 23.6555 13.2714C23.7184 13.4231 23.7507 13.5858 23.7507 13.75C23.7507 13.9142 23.7184 14.0769 23.6555 14.2286C23.5926 14.3804 23.5005 14.5182 23.3844 14.6344L18.0172 20L23.3844 25.3656Z\" fill=\"#B5C0CD\"><\/path><\/svg><\/button><\/div>\n<\/div>\n<\/div>\n<p><script defer>\n    document.addEventListener('DOMContentLoaded', function() {\n        const imagesCarouselSwiper = new Swiper('.carousel-swiper-block_69ef35ce85606', {\n            slidesPerView: 1,\n            spaceBetween: 20,\n            loop: true,\n            pagination: {\n                el: '.swiper-article-carousel__pagination-container-block_69ef35ce85606',\n                clickable: true,\n            },\n            navigation: {\n                nextEl: '.carousel-swiper-button-next-block_69ef35ce85606',\n                prevEl: '.carousel-swiper-button-prev-block_69ef35ce85606',\n            },\n        })\n    })\n<\/script><\/p>\n<h3 class=\"wp-block-heading\" id=\"presentation-clinique\"><strong>Pr\u00e9sentation clinique<\/strong><\/h3>\n<p>Les sympt\u00f4mes varient de l\u00e9gers \u00e0 s\u00e9v\u00e8res. <\/p>\n<ul class=\"wp-block-list\">\n<li><strong>Fractures stables <\/strong> : douleur cervicale localis\u00e9e, raideur, spasmes musculaires. <\/li>\n<li><strong>Fractures instables<\/strong> : \u00a0possibles d\u00e9ficits neurologiques (faiblesse des membres, troubles respiratoires) par compression m\u00e9dullaire ou du tronc c\u00e9r\u00e9bral. <\/li>\n<li><strong>Atteinte de l\u2019art\u00e8re vert\u00e9brale : <\/strong>(BCVI \u2013 Blunt cerebrovascular injury) vertige, diplopie, perte visuelle, ataxie, dysphagie, vomissements.<\/li>\n<li><strong>\u00c9volution asymptomatique : <\/strong> possible chez certains patients, compliquant le diagnostic.<\/li>\n<\/ul>\n<h3 class=\"wp-block-heading\" id=\"diagnostic-des-fractures-de-c1\"><strong>Diagnostic des fractures de C1<\/strong><\/h3>\n<p>Le diagnostic repose sur l\u2019\u00e9valuation clinique et les examens d\u2019imagerie.<\/p>\n<h4 class=\"wp-block-heading\" id=\"h-\u043a\u043b\u0438\u043d\u0438\u0447\u0435\u0441\u043a\u0430\u044f-\u043e\u0446\u0435\u043d\u043a\u0430\"><strong>\u00c9valuation clinique<\/strong><\/h4>\n<p>Douleur cervicale et limitation des mouvements constituent les signes principaux. L\u2019examen neurologique \u00e9value les d\u00e9ficits moteurs et sensitifs.  Les d\u00e9ficits neurologiques sont moins fr\u00e9quents en cas de l\u00e9sion isol\u00e9e de C1, mais augmentent fortement en pr\u00e9sence de fractures associ\u00e9es de C2.<\/p>\n<h4 class=\"wp-block-heading\" id=\"h-\u043b\u0443\u0447\u0435\u0432\u044b\u0435-\u043c\u0435\u0442\u043e\u0434\u044b-\u0438\u0441\u0441\u043b\u0435\u0434\u043e\u0432\u0430\u043d\u0438\u044f\"><strong>M\u00e9thodes d\u2019imagerie:<\/strong><\/h4>\n<ol class=\"wp-block-list\">\n<li><strong><span class=\"glossary-term\" data-title=\"Tomodensitom\u00e9trie\" data-tooltip=\"La tomodensitom\u00e9trie est une technique de radiodiagnostic qui utilise des rayons X pour obtenir des images en coupe des organes et des tissus internes. C&#039;est une des m\u00e9thodes d&#039;imagerie principales de la m\u00e9decine moderne, caract\u00e9ris\u00e9e par une grande capacit\u00e9 d&#039;information.\" data-link=\"https:\/\/wiki.dev.voka.io\/fr\/glossaire\/tdm-tomodensitometrie\/\">TDM<\/span> (tomodensitom\u00e9trie) <\/strong> : gold standard pour visualiser les traits de fracture et les d\u00e9placements.<\/li>\n<li><strong>Radiographie <\/strong> : incidence ant\u00e9ro-post\u00e9rieure bouche ouverte peut montrer un d\u00e9placement lat\u00e9ral des masses lat\u00e9rales (> 7 mm sugg\u00e8re une fracture de Jefferson).<\/li>\n<li><strong><span class=\"glossary-term\" data-title=\"IRM (imagerie par r\u00e9sonance magn\u00e9tique)\" data-tooltip=\"L&#039;imagerie par r\u00e9sonance magn\u00e9tique (IRM) est une technique moderne et non invasive de radiodiagnostic qui permet d&#039;obtenir des images en coupe des organes et des tissus internes. Cet examen repose sur le ph\u00e9nom\u00e8ne de r\u00e9sonance magn\u00e9tique nucl\u00e9aire. Le principal avantage de l&#039;IRM est l&#039;absence de rayonnements ionisants (radiation).\" data-link=\"https:\/\/wiki.dev.voka.io\/fr\/glossaire\/irm\/\">IRM<\/span><\/strong> : \u00e9value l\u2019atteinte ligamentaire et la compression m\u00e9dullaire.<\/li>\n<\/ol>\n<p>Lors du diagnostic d\u2019une l\u00e9sion de la premi\u00e8re vert\u00e8bre cervicale, il convient de prendre en compte les possibles anomalies de d\u00e9veloppement de cette derni\u00e8re. L\u2019atlas fendu ou atlas bifide est une anomalie cong\u00e9nitale rare, caract\u00e9ris\u00e9e par une division de l\u2019atlas en deux moiti\u00e9s due \u00e0 des d\u00e9fauts de fusion des arcs ant\u00e9rieur et post\u00e9rieur. Les d\u00e9fects osseux sont recouverts de tissu fibreux. Le d\u00e9faut de l\u2019arc ant\u00e9rieur se situe g\u00e9n\u00e9ralement sur la ligne m\u00e9diane et est de taille inf\u00e9rieure \u00e0 celui de l\u2019arc post\u00e9rieur, lequel se localise \u00e9galement sur la ligne m\u00e9diane. L\u2019atlas bifide est une condition asymptomatique, constituant une d\u00e9couverte radiologique fortuite et sporadique.<\/p>\n<h3 class=\"wp-block-heading\" id=\"traitement-des-fractures-de-c1\"><strong>Traitement des fractures de C1<\/strong><\/h3>\n<h4 class=\"wp-block-heading\"><strong>Traitement non chirurgical<\/strong><\/h4>\n<p><strong>Indications : <\/strong>fractures stables (ligament transverse intact, absence de d\u00e9placement).<\/p>\n<p><strong>Techniques principales :<\/strong><\/p>\n<ul class=\"wp-block-list\">\n<li><strong>Immobilisation : <\/strong>collier cervical rigide (ex. Miami J) ou halo-th\u00e9rapie pendant 8\u201312 semaines. <\/li>\n<li><strong>Suivi radiologique dynamique : <\/strong>contr\u00f4les s\u00e9riels pour confirmer l\u2019alignement et la consolidation. <\/li>\n<li><strong>R\u00e9\u00e9ducation : <\/strong>kin\u00e9sith\u00e9rapie apr\u00e8s immobilisation pour restaurer mobilit\u00e9 et tonicit\u00e9 musculaire.<\/li>\n<\/ul>\n<figure class=\"wp-block-video\" id=\"animation-3d-types-stables-de-fractures-de-la-premiere-vertebre-cervicale-selon-gehweiler-gehweiler-j-duff-d-martinez-s-miller-m-clark-w-1976\"><video controls><source data-src=\"https:\/\/storage.googleapis.com\/dev_wiki_voka_io_303011\/articles\/en\/traumatology\/cervical-spine-fractures\/1-stable-types-of-fractures-of-the-first-cervical-vertebra.webm\" type=\"video\/webm\"><\/source><\/video><figcaption class=\"wp-element-caption\">Animation 3D \u2013 types stables de fractures de la premi\u00e8re vert\u00e8bre cervicale selon Gehweiler (Gehweiler J, Duff D, Martinez S, Miller M, Clark W, 1976)<\/figcaption><\/figure>\n<h4 class=\"wp-block-heading\"><strong>Th\u00e9rapie chirurgicale<\/strong><\/h4>\n<p><strong>Indications<\/strong> : instabilit\u00e9 segmentaire (rupture du ligament transverse, d\u00e9placement > 7 mm), d\u00e9ficit neurologique, \u00e9chec du traitement conservateur. Dirig\u00e9 vers la pr\u00e9vention des l\u00e9sions de la moelle \u00e9pini\u00e8re et la restauration de l\u2019axe vert\u00e9bral.<\/p>\n<p><strong>Techniques principales :<\/strong><\/p>\n<ul class=\"wp-block-list\">\n<li><strong>Arthrod\u00e8se occipito-cervicale :<\/strong> stabilise le cr\u00e2ne et le rachis cervical,  souvent en cas de l\u00e9sions combin\u00e9es C1\u2013C2.<\/li>\n<li><strong>Spondylod\u00e8se\u00a0 C1\u2013C2 <\/strong> : pr\u00e9serve la mobilit\u00e9 du cou en fixant l\u2019atlas \u00e0 la deuxi\u00e8me vert\u00e8bre cervicale.<\/li>\n<\/ul>\n<figure class=\"wp-block-video\" id=\"animation-3d-types-instables-de-fractures-de-la-premiere-vertebre-cervicale-selon-gehweiler-gehweiler-j-duff-d-martinez-s-miller-m-clark-w-1976\"><video controls><source data-src=\"https:\/\/storage.googleapis.com\/dev_wiki_voka_io_303011\/articles\/en\/traumatology\/cervical-spine-fractures\/2-unstable-types-of-fractures-of-the-first-cervical-vertebra.webm\" type=\"video\/webm\"><\/source><\/video><figcaption class=\"wp-element-caption\">Animation 3D \u2013 types instables de fractures de la premi\u00e8re vert\u00e8bre cervicale selon Gehweiler (Gehweiler J, Duff D, Martinez S, Miller M, Clark W, 1976)<\/figcaption><\/figure>\n<h2 class=\"wp-block-heading\" id=\"fracture-de-la-deuxieme-vertebre-cervicale\"><strong>Fracture de la deuxi\u00e8me vert\u00e8bre cervicale<\/strong><\/h2>\n<p>La deuxi\u00e8me vert\u00e8bre cervicale (C2, axis) joue un r\u00f4le cl\u00e9 dans le soutien du cr\u00e2ne, la rotation de la t\u00eate et la protection de la partie sup\u00e9rieure de la moelle \u00e9pini\u00e8re. Les fractures de cette r\u00e9gion vont de fissures minimes non d\u00e9plac\u00e9es \u00e0 des l\u00e9sions instables graves mena\u00e7ant la moelle et les fonctions vitales.<\/p>\n<h3 class=\"wp-block-heading\" id=\"etiologie\"><strong>\u00c9tiologie<\/strong><\/h3>\n<p>Les fractures de la deuxi\u00e8me vert\u00e8bre cervicale peuvent survenir \u00e0 la suite de diverses causes de traumatismes :<\/p>\n<ol class=\"wp-block-list\">\n<li><strong>Traumatisme direct<\/strong> : cause la plus fr\u00e9quente, survenant souvent du fait d\u2019une exposition \u00e0 des forces d\u2019impact \u00e9lev\u00e9es.<\/li>\n<li><strong>Accidents de la route<\/strong> : collisions \u00e0 haute vitesse ainsi que des m\u00e9canismes \u00e0 moindre \u00e9nergie, tels que le freinage brusque.<\/li>\n<li><strong>Traumatismes sportifs<\/strong> : sports de contact, plongeon, \u00e9quitation.<\/li>\n<li><strong>\u00c9tats pathologiques : <\/strong> atteintes m\u00e9tastatiques de la deuxi\u00e8me vert\u00e8bre cervicale, ainsi que des affections m\u00e9taboliques chroniques alt\u00e9rant la densit\u00e9 osseuse et favorisant les fractures \u00e0 basse \u00e9nergie.<\/li>\n<\/ol>\n<h3 class=\"wp-block-heading\" id=\"mecanisme-lesionnel\"><strong>M\u00e9canisme l\u00e9sionnel<\/strong><\/h3>\n<p>La deuxi\u00e8me vert\u00e8bre cervicale, en raison de sa structure anatomique particuli\u00e8re, est sujette \u00e0 des mod\u00e8les de traumatismes et \u00e0 des formes de fractures uniques :<\/p>\n<ol class=\"wp-block-list\">\n<li><strong>Hyperextension <\/strong> : l\u2019hyperextension brutale de la t\u00eate (par exemple, un choc violent contre la partie arri\u00e8re d\u2019un v\u00e9hicule) peut provoquer une fracture de Hangman \u2014 fracture bilat\u00e9rale des parties interarticulaires de la vert\u00e8bre.<\/li>\n<li><strong>Charge axiale <\/strong> : la force verticale appliqu\u00e9e \u00e0 la t\u00eate (par exemple, lors d\u2019un plongeon en eau peu profonde), pouvant entra\u00eener des fractures du processus odonto\u00efde (dent de l\u2019axis).<\/li>\n<li><strong>Flexion-rotation<\/strong> : les forces de torsion peuvent \u00e9galement entra\u00eener des fractures du processus odonto\u00efde ou des masses lat\u00e9rales.<\/li>\n<li><strong>Traumatisme direct<\/strong> : les traumatismes directs sur la partie sup\u00e9rieure du cou ou sur le massif facial peuvent entra\u00eener une fracture de la deuxi\u00e8me vert\u00e8bre cervicale.<\/li>\n<\/ol>\n<h3 class=\"wp-block-heading\" id=\"epidemiologie\"><strong>\u00c9pid\u00e9miologie<\/strong><\/h3>\n<ol class=\"wp-block-list\">\n<li>Les fractures de C2 repr\u00e9sentent 20 % des fractures cervicales. <\/li>\n<li><strong>Les fractures du processus odonto\u00efde<\/strong> sont les plus fr\u00e9quentes (50\u201375 %), surtout chez les personnes \u00e2g\u00e9es apr\u00e8s chute de hauteur. <\/li>\n<li><strong> Fractures de Hangman <\/strong> (spondylolisth\u00e9sis traumatique de l\u2019axis) constitue la deuxi\u00e8me fracture la plus fr\u00e9quente de la vert\u00e8bre C2 ; elle est souvent observ\u00e9e \u00e0 la suite d\u2019accidents de la voie publique et de chutes.<\/li>\n<\/ol>\n<p>Plus fr\u00e9quemment observ\u00e9e chez les hommes exer\u00e7ant une activit\u00e9 sportive ou une profession \u00e0 risque traumatique \u00e9lev\u00e9 (construction, etc.).<\/p>\n<h3 class=\"wp-block-heading\" id=\"classification-des-fractures-de-c2\"><strong>Classification des fractures de C2<\/strong><\/h3>\n<p>Il existe de nombreuses classifications des fractures de la deuxi\u00e8me vert\u00e8bre cervicale. Historiquement, les classifications les plus significatives reposent sur la relation avec la zone anatomique l\u00e9s\u00e9e. Ainsi, Schatzker a class\u00e9 les fractures en fonction de leur relation avec les ligaments accessoires.<\/p>\n<h4 class=\"wp-block-heading\"><strong>Classification des fractures du processus odonto\u00efde (Anderson & D\u2019Alonzo)<\/strong><\/h4>\n<p>Classification la plus fr\u00e9quemment utilis\u00e9e pour les fractures du processus odonto\u00efde, bas\u00e9e sur le niveau de la fracture.<\/p>\n<p><strong>Classification Anderson & D\u2019Alonzo avec modification de Handley <\/strong>*<\/p>\n<figure class=\"wp-block-table table-to-cards\">\n<table>\n<thead>\n<tr>\n<th class=\"has-text-align-center\" data-align=\"center\">Type<\/th>\n<th class=\"has-text-align-center\" data-align=\"center\">Description<\/th>\n<th class=\"has-text-align-center\" data-align=\"center\">Description<\/th>\n<\/tr>\n<\/thead>\n<tbody>\n<tr>\n<td class=\"has-text-align-center\" data-align=\"center\">Type 1<\/td>\n<td class=\"has-text-align-center\" data-align=\"center\">Fracture oblique de l\u2019apex (avulsion de la membrane tectoriale)<\/td>\n<td class=\"has-text-align-center\" data-align=\"center\">Rare, stable (exclure instabilit\u00e9 atlo\u00efdo-occipitale par clich\u00e9s dynamiques)<\/td>\n<\/tr>\n<tr>\n<td class=\"has-text-align-center\" data-align=\"center\">Type&nbsp;2<br \/>Type&nbsp;2\u0430<\/td>\n<td class=\"has-text-align-center\" data-align=\"center\">Fracture \u00e0 la base ou au col du processus odonto\u00efde<\/td>\n<td class=\"has-text-align-center\" data-align=\"center\">Le plus fr\u00e9quent, potentiellement instable,  taux \u00e9lev\u00e9 de pseudarthrose<\/td>\n<\/tr>\n<tr>\n<td class=\"has-text-align-center\" data-align=\"center\">Type 3<\/td>\n<td class=\"has-text-align-center\" data-align=\"center\">Fracture traversant le corps vert\u00e9bral, souvent avec atteinte articulaire <\/td>\n<td class=\"has-text-align-center\" data-align=\"center\">Meilleur potentiel de consolidation que le type 2<\/td>\n<\/tr>\n<\/tbody>\n<\/table>\n<\/figure>\n<p>*La sous-classification de Hadley met en \u00e9vidence un sous-type comminutif pour les fractures de type 2. Au type 2a, le risque de non-consolidation est significativement accru en cas de traitement conservateur. Ce sous-type est observ\u00e9 dans 5 \u00e0 10 % des cas de toutes les fractures de type 2.<\/p>\n<p><a href=\"https:\/\/catalog.voka.io\/en\/models\/172682d4-e3d9-460c-8ad0-f4cc3bbe976d\/07dd4a2f-0a52-4a1b-862e-9fa9349c4578\/a6d63cc4-6f81-4526-82ed-027a134a8227\/77aaf231-b28c-4a93-ad2f-938169b3efcc\" target=\"_blank\" rel=\"noreferrer noopener nofollow\">Mod\u00e8les 3D<\/a> des fractures du processus odonto\u00efde (dent) de la vert\u00e8bre axiale (deuxi\u00e8me vert\u00e8bre cervicale) :<\/p>\n<div class=\"carousel-block\">\n<div class=\"swiper carousel-swiper carousel-swiper-block_69ef35ce880c0\">\n<div class=\"swiper-wrapper\">\n<div class=\"swiper-slide image-carousel-slide\"><img decoding=\"async\" class=\"carousel-image\" src=\"https:\/\/storage.googleapis.com\/dev_wiki_voka_io_303011\/articles\/en\/traumatology\/cervical-spine-fractures\/type-1-odontoid-fracture-of-the-second-cervical-vertebra-anderson-and-dalonzo.webp\" alt=\"Fracture du processus odonto\u00efde de la deuxi\u00e8me vert\u00e8bre cervicale, type 1 (Anderson & D\u2019Alonzo)\"><span class=\"small-text-article text-main-text-color\">Fracture du processus odonto\u00efde de la deuxi\u00e8me vert\u00e8bre cervicale, type 1 (Anderson & D\u2019Alonzo)<\/span><\/div>\n<div class=\"swiper-slide image-carousel-slide\"><img decoding=\"async\" class=\"carousel-image\" src=\"https:\/\/storage.googleapis.com\/dev_wiki_voka_io_303011\/articles\/en\/traumatology\/cervical-spine-fractures\/type-2-odontoid-fracture-of-the-second-cervical-vertebra-anderson-and-dalonzo.webp\" alt=\"Fracture du processus odonto\u00efde de la deuxi\u00e8me vert\u00e8bre cervicale, type 2 (Anderson & D\u2019Alonzo)\"><span class=\"small-text-article text-main-text-color\">Fracture du processus odonto\u00efde de la deuxi\u00e8me vert\u00e8bre cervicale, type 2 (Anderson & D\u2019Alonzo)<\/span><\/div>\n<div class=\"swiper-slide image-carousel-slide\"><img decoding=\"async\" class=\"carousel-image\" src=\"https:\/\/storage.googleapis.com\/dev_wiki_voka_io_303011\/articles\/en\/traumatology\/cervical-spine-fractures\/type-2a-odontoid-fracture-of-the-second-cervical-vertebra-anderson-dalonzo-hadley-modification.webp\" alt=\"Fracture du processus odonto\u00efde de la deuxi\u00e8me vert\u00e8bre cervicale, type 2a (Anderson & D\u2019Alonzo, modification de Handley)\"><span class=\"small-text-article text-main-text-color\">Fracture du processus odonto\u00efde de la deuxi\u00e8me vert\u00e8bre cervicale, type 2a (Anderson & D\u2019Alonzo, modification de Handley)<\/span><\/div>\n<div class=\"swiper-slide image-carousel-slide\"><img decoding=\"async\" class=\"carousel-image\" src=\"https:\/\/storage.googleapis.com\/dev_wiki_voka_io_303011\/articles\/en\/traumatology\/cervical-spine-fractures\/type-3-odontoid-fracture-of-the-second-cervical-vertebra-anderson-and-dalonzo.webp\" alt=\"Fracture du processus odonto\u00efde de la deuxi\u00e8me vert\u00e8bre cervicale, type 3 (Anderson & D'Alonzo)\"><span class=\"small-text-article text-main-text-color\">Fracture du processus odonto\u00efde de la deuxi\u00e8me vert\u00e8bre cervicale, type 3 (Anderson & D\u2019Alonzo)<\/span><\/div>\n<\/div>\n<\/div>\n<div class=\"swiper-article-carousel__controls\">\n<div class=\"swiper-article-carousel__pagination-container swiper-article-carousel__pagination-container-block_69ef35ce880c0\"><\/div>\n<div class=\"swiper-article-carousel__arrows\"><button class=\"swiper__arrow swiper__arrow--prev carousel-swiper-button-prev swiper__arrow swiper__arrow--prev carousel-swiper-button-prev-block_69ef35ce880c0\"><svg xmlns=\"http:\/\/www.w3.org\/2000\/svg\" width=\"40\" height=\"40\" viewbox=\"0 0 40 40\" fill=\"none\"><path d=\"M20 3.75C16.7861 3.75 13.6443 4.70305 10.972 6.48862C8.29969 8.27419 6.21689 10.8121 4.98696 13.7814C3.75704 16.7507 3.43524 20.018 4.06225 23.1702C4.68926 26.3224 6.23692 29.2179 8.50952 31.4905C10.7821 33.7631 13.6776 35.3107 16.8298 35.9378C19.982 36.5648 23.2493 36.243 26.2186 35.013C29.1879 33.7831 31.7258 31.7003 33.5114 29.028C35.297 26.3557 36.25 23.2139 36.25 20C36.2455 15.6916 34.5319 11.561 31.4855 8.51454C28.439 5.46806 24.3084 3.75455 20 3.75ZM23.3844 25.3656C23.5005 25.4818 23.5926 25.6196 23.6555 25.7714C23.7184 25.9231 23.7507 26.0858 23.7507 26.25C23.7507 26.4142 23.7184 26.5769 23.6555 26.7286C23.5926 26.8804 23.5005 27.0182 23.3844 27.1344C23.2682 27.2505 23.1304 27.3426 22.9786 27.4055C22.8269 27.4683 22.6643 27.5007 22.5 27.5007C22.3358 27.5007 22.1731 27.4683 22.0214 27.4055C21.8696 27.3426 21.7318 27.2505 21.6156 27.1344L15.3656 20.8844C15.2494 20.7683 15.1572 20.6304 15.0943 20.4787C15.0314 20.3269 14.999 20.1643 14.999 20C14.999 19.8357 15.0314 19.6731 15.0943 19.5213C15.1572 19.3696 15.2494 19.2317 15.3656 19.1156L21.6156 12.8656C21.7318 12.7495 21.8696 12.6574 22.0214 12.5945C22.1731 12.5317 22.3358 12.4993 22.5 12.4993C22.6643 12.4993 22.8269 12.5317 22.9786 12.5945C23.1304 12.6574 23.2682 12.7495 23.3844 12.8656C23.5005 12.9818 23.5926 13.1196 23.6555 13.2714C23.7184 13.4231 23.7507 13.5858 23.7507 13.75C23.7507 13.9142 23.7184 14.0769 23.6555 14.2286C23.5926 14.3804 23.5005 14.5182 23.3844 14.6344L18.0172 20L23.3844 25.3656Z\" fill=\"#B5C0CD\"><\/path><\/svg><\/button><button class=\"swiper__arrow swiper__arrow--next carousel-swiper-button-next swiper__arrow swiper__arrow--next carousel-swiper-button-next-block_69ef35ce880c0\" tabindex=\"0\" aria-label=\"Next slide\"><svg xmlns=\"http:\/\/www.w3.org\/2000\/svg\" width=\"40\" height=\"40\" viewbox=\"0 0 40 40\" fill=\"none\"><path d=\"M20 3.75C16.7861 3.75 13.6443 4.70305 10.972 6.48862C8.29969 8.27419 6.21689 10.8121 4.98696 13.7814C3.75704 16.7507 3.43524 20.018 4.06225 23.1702C4.68926 26.3224 6.23692 29.2179 8.50952 31.4905C10.7821 33.7631 13.6776 35.3107 16.8298 35.9378C19.982 36.5648 23.2493 36.243 26.2186 35.013C29.1879 33.7831 31.7258 31.7003 33.5114 29.028C35.297 26.3557 36.25 23.2139 36.25 20C36.2455 15.6916 34.5319 11.561 31.4855 8.51454C28.439 5.46806 24.3084 3.75455 20 3.75ZM23.3844 25.3656C23.5005 25.4818 23.5926 25.6196 23.6555 25.7714C23.7184 25.9231 23.7507 26.0858 23.7507 26.25C23.7507 26.4142 23.7184 26.5769 23.6555 26.7286C23.5926 26.8804 23.5005 27.0182 23.3844 27.1344C23.2682 27.2505 23.1304 27.3426 22.9786 27.4055C22.8269 27.4683 22.6643 27.5007 22.5 27.5007C22.3358 27.5007 22.1731 27.4683 22.0214 27.4055C21.8696 27.3426 21.7318 27.2505 21.6156 27.1344L15.3656 20.8844C15.2494 20.7683 15.1572 20.6304 15.0943 20.4787C15.0314 20.3269 14.999 20.1643 14.999 20C14.999 19.8357 15.0314 19.6731 15.0943 19.5213C15.1572 19.3696 15.2494 19.2317 15.3656 19.1156L21.6156 12.8656C21.7318 12.7495 21.8696 12.6574 22.0214 12.5945C22.1731 12.5317 22.3358 12.4993 22.5 12.4993C22.6643 12.4993 22.8269 12.5317 22.9786 12.5945C23.1304 12.6574 23.2682 12.7495 23.3844 12.8656C23.5005 12.9818 23.5926 13.1196 23.6555 13.2714C23.7184 13.4231 23.7507 13.5858 23.7507 13.75C23.7507 13.9142 23.7184 14.0769 23.6555 14.2286C23.5926 14.3804 23.5005 14.5182 23.3844 14.6344L18.0172 20L23.3844 25.3656Z\" fill=\"#B5C0CD\"><\/path><\/svg><\/button><\/div>\n<\/div>\n<\/div>\n<p><script defer>\n    document.addEventListener('DOMContentLoaded', function() {\n        const imagesCarouselSwiper = new Swiper('.carousel-swiper-block_69ef35ce880c0', {\n            slidesPerView: 1,\n            spaceBetween: 20,\n            loop: true,\n            pagination: {\n                el: '.swiper-article-carousel__pagination-container-block_69ef35ce880c0',\n                clickable: true,\n            },\n            navigation: {\n                nextEl: '.carousel-swiper-button-next-block_69ef35ce880c0',\n                prevEl: '.carousel-swiper-button-prev-block_69ef35ce880c0',\n            },\n        })\n    })\n<\/script><\/p>\n<figure class=\"wp-block-video\" id=\"animation-3d-types-de-fractures-du-processus-odontoide-selon-anderson-d-alonzo-anderson-l-d-alonzo-r-1974\"><video controls><source data-src=\"https:\/\/storage.googleapis.com\/dev_wiki_voka_io_303011\/articles\/en\/traumatology\/cervical-spine-fractures\/3-types-of-odontoid-process-fractures-by-anderson-and-dalonzo.webm\" type=\"video\/webm\"><\/source><\/video><figcaption class=\"wp-element-caption\"> Animation 3D \u2013 types de fractures du processus odonto\u00efde selon Anderson & D\u2019Alonzo (Anderson L & D\u2019Alonzo R, 1974)<\/figcaption><\/figure>\n<p>Existe \u00e9galement la classification de Grauer pour les fractures de type II du processus odonto\u00efde selon Anderson et D\u2019Alonzo (sous-types A, B, C), fond\u00e9e sur la forme et la direction de la ligne de fracture et permettant de d\u00e9terminer la strat\u00e9gie th\u00e9rapeutique appropri\u00e9e.<\/p>\n<p>En revanche, la classification de Roy-Camille ne se limite pas \u00e0 d\u00e9crire uniquement la direction du d\u00e9placement des fragments et le trajet de la ligne de fracture.<\/p>\n<p>A \u00e9galement \u00e9t\u00e9 d\u00e9velopp\u00e9e une classification embryologique des fractures, bas\u00e9e sur les points de fusion embryologiques du processus odonto\u00efde. Le type 1 correspond \u00e0 l\u2019atteinte du quart sup\u00e9rieur de l\u2019odonto\u00efde, le type 2 \u00e0 l\u2019atteinte des trois quarts inf\u00e9rieurs.<\/p>\n<h4 class=\"wp-block-heading\"><strong>Classification des fractures de Hangman (Levine & Edwards)<\/strong><\/h4>\n<p>D\u00e9velopp\u00e9e pour les fractures des parties interarticulaires de la deuxi\u00e8me vert\u00e8bre cervicale (dites spondylolisth\u00e9sis traumatique de l\u2019axis, fracture du bourreau, fracture de Hangman) et repose sur le m\u00e9canisme l\u00e9sionnel.<\/p>\n<p><strong>Classification de Levine & Edwards<\/strong><\/p>\n<figure class=\"wp-block-table table-to-cards\">\n<table>\n<thead>\n<tr>\n<th class=\"has-text-align-center\" data-align=\"center\">Type<\/th>\n<th class=\"has-text-align-center\" data-align=\"center\">M\u00e9canisme<\/th>\n<th class=\"has-text-align-center\" data-align=\"center\">Description<\/th>\n<th class=\"has-text-align-center\" data-align=\"center\">Traitement<\/th>\n<\/tr>\n<\/thead>\n<tbody>\n<tr>\n<td class=\"has-text-align-center\" data-align=\"center\">Type 1<\/td>\n<td class=\"has-text-align-center\" data-align=\"center\">Compression axiale + hyperextension<\/td>\n<td class=\"has-text-align-center\" data-align=\"center\">D\u00e9placement horizontal < 3 mm, pas d\u2019angulation, disque C2-C3 intact,  stable<\/td>\n<td class=\"has-text-align-center\" data-align=\"center\">Conservateur (collier rigide 4\u20136 semaines)<\/td>\n<\/tr>\n<tr>\n<td class=\"has-text-align-center\" data-align=\"center\">Type\u00a02<\/td>\n<td class=\"has-text-align-center\" data-align=\"center\">Hyperextension + charge axiale puis flexion<\/td>\n<td class=\"has-text-align-center\" data-align=\"center\">D\u00e9placement > 3 mm, angulation \u2264 10\u00b0, disque et ligament longitudinal post\u00e9rieur l\u00e9s\u00e9s,  instable<\/td>\n<td class=\"has-text-align-center\" data-align=\"center\">En cas de d\u00e9placement \u00e0 5 mm : r\u00e9duction par traction puis halo (6\u201312 sem.) ;  > 5 mm \u2192 chirurgie<\/td>\n<\/tr>\n<tr>\n<td class=\"has-text-align-center\" data-align=\"center\">Type \u00a02\u0430<\/td>\n<td class=\"has-text-align-center\" data-align=\"center\">Flexion + distraction<\/td>\n<td class=\"has-text-align-center\" data-align=\"center\">Pas de d\u00e9placement horizontal, angulation > 11\u00b0, trait horizontal<\/td>\n<td class=\"has-text-align-center\" data-align=\"center\">Traction contre-indiqu\u00e9e ;  La r\u00e9duction est r\u00e9alis\u00e9e par une l\u00e9g\u00e8re charge axiale associ\u00e9e \u00e0 une hyperextension, suivie d\u2019une immobilisation par halo (6\u201312 sem.)<\/td>\n<\/tr>\n<tr>\n<td class=\"has-text-align-center\" data-align=\"center\">Type\u00a03<\/td>\n<td class=\"has-text-align-center\" data-align=\"center\">Flexion + distraction puis hyperextension<\/td>\n<td class=\"has-text-align-center\" data-align=\"center\">Fracture de type 1 associ\u00e9e \u00e0 une luxation bilat\u00e9rale de l\u2019articulation intervert\u00e9brale C2\u2013C3<\/td>\n<td class=\"has-text-align-center\" data-align=\"center\">Chirurgical<\/td>\n<\/tr>\n<\/tbody>\n<\/table>\n<\/figure>\n<h3 class=\"wp-block-heading\" id=\"presentation-clinique\"><strong>Pr\u00e9sentation clinique<\/strong><\/h3>\n<ol class=\"wp-block-list\">\n<li><strong>Douleur cervicale intense :<\/strong>localis\u00e9e dans le rachis cervical sup\u00e9rieur, s\u2019intensifiant lors des mouvements.<\/li>\n<li><strong>Limitation des amplitudes cervicales<\/strong>.<\/li>\n<li><strong>C\u00e9phal\u00e9e occipitale<\/strong> : peut survenir du fait d\u2019une douleur r\u00e9f\u00e9r\u00e9e.<\/li>\n<li><strong>Signes neurologiques <\/strong> : rares, mais peuvent s\u2019observer une paresth\u00e9sie, une faiblesse ou m\u00eame une quadripl\u00e9gie en cas de traumatismes graves.<\/li>\n<li><strong>Troubles respiratoires et de d\u00e9glutition<\/strong> : peuvent s\u2019observer en cas de formation d\u2019un important <span class=\"glossary-term\" data-title=\"H\u00e9matome\" data-tooltip=\"Un h\u00e9matome est une accumulation limit\u00e9e de sang dans les tissus, r\u00e9sultant de la rupture d&#039;un vaisseau sanguin lors d&#039;un traumatisme ou d&#039;un trouble de la coagulation. Le sang qui s&#039;\u00e9chappe du vaisseau forme une cavit\u00e9 remplie de sang liquide ou coagul\u00e9.\n\" data-link=\"https:\/\/wiki.dev.voka.io\/fr\/glossaire\/hematome\/\">h\u00e9matome<\/span> r\u00e9tropharyngien.<\/li>\n<\/ol>\n<h3 class=\"wp-block-heading\" id=\"diagnostic\"><strong>Diagnostic<\/strong><\/h3>\n<p>Le diagnostic repose sur l\u2019\u00e9valuation clinique et les m\u00e9thodes d\u2019imagerie.<\/p>\n<h4 class=\"wp-block-heading\" id=\"h-\u043a\u043b\u0438\u043d\u0438\u0447\u0435\u0441\u043a\u0430\u044f-\u043e\u0446\u0435\u043d\u043a\u0430-0\"><strong>\u00c9valuation clinique:<\/strong><\/h4>\n<ol class=\"wp-block-list\">\n<li><strong><span class=\"glossary-term\" data-title=\"Anamn\u00e8se\" data-tooltip=\"L&#039;\u00e9tude de l&#039;historique (anamn\u00e8se) est une m\u00e9thode fondamentale de l&#039;examen clinique qui consiste \u00e0 obtenir des informations sur la maladie, les conditions de vie et les caract\u00e9ristiques individuelles d&#039;un patient par le biais de questions. Il s&#039;agit de l&#039;\u00e9tape fondamentale et la plus informative du processus de diagnostic.\" data-link=\"https:\/\/wiki.dev.voka.io\/fr\/glossaire\/anamnese\/\">Anamn\u00e8se<\/span> <\/strong> : traumatisme cervical r\u00e9cent, type de m\u00e9canisme l\u00e9sionnel, troubles neurologiques.<\/li>\n<li><strong>Examen clinique<\/strong> : douleur cervicale, douleur \u00e0 la palpation, limitation de la mobilit\u00e9, possibles d\u00e9ficits neurologiques incluant une faiblesse des membres, une paresth\u00e9sie ou des troubles respiratoires.<\/li>\n<\/ol>\n<h4 class=\"wp-block-heading\" id=\"h-\u043b\u0443\u0447\u0435\u0432\u0430\u044f-\u0434\u0438\u0430\u0433\u043d\u043e\u0441\u0442\u0438\u043a\u0430\"><strong>Imagerie diagnostique :<\/strong><\/h4>\n<ol class=\"wp-block-list\">\n<li><strong>Radiographie <\/strong>: les incidences standard ant\u00e9ro-post\u00e9rieure, lat\u00e9rale et bouche ouverte (plus fiable) permettent de d\u00e9tecter une fracture du processus odonto\u00efde. Les clich\u00e9s radiographiques fonctionnels (flexion et extension) sont indispensables pour le diagnostic d\u2019instabilit\u00e9 occipito-cervicale (atlo\u00efdo-occipitale).<\/li>\n<li><strong>TDM (tomodensitom\u00e9trie)<\/strong> : gold standard diagnostique ; elle assure une visualisation d\u00e9taill\u00e9e de la morphologie de la fracture et de la direction du d\u00e9placement.<\/li>\n<li><strong>IRM (imagerie par r\u00e9sonance magn\u00e9tique)<\/strong> : indispensable en pr\u00e9sence d\u2019un d\u00e9ficit neurologique.<\/li>\n<\/ol>\n<h3 class=\"wp-block-heading\" id=\"traitement-des-fractures-de-c2\"><strong>Traitement des fractures de C2<\/strong><\/h3>\n<h4 class=\"wp-block-heading\"><strong>Traitement non chirurgical<\/strong><\/h4>\n<p><strong>Indications<\/strong> : fractures sans d\u00e9placement, absence de compression m\u00e9dullaire, absence de progression neurologique. Ainsi que chez les patients pour lesquels, pour diverses raisons, une intervention chirurgicale est impossible.<\/p>\n<p><strong>Techniques principales :<\/strong><\/p>\n<ol class=\"wp-block-list\">\n<li><strong>Collier cervical rigide<\/strong> : \u00a0le plus souvent utilis\u00e9 pour les fractures du processus odonto\u00efde de type 1 et 3 sans d\u00e9placement ou avec d\u00e9placement minime, ainsi que pour le spondylolisth\u00e9sis traumatique de type 1.<\/li>\n<li><strong>Immobilisation par halo<\/strong> : assure une stabilisation externe maximale, g\u00e9n\u00e9ralement n\u00e9cessaire pour certaines fractures du processus odonto\u00efde de type 2 et certains spondylolisth\u00e9sis traumatiques.<\/li>\n<\/ol>\n<p>De nombreuses fractures de la deuxi\u00e8me vert\u00e8bre cervicale peuvent \u00eatre trait\u00e9es de mani\u00e8re conservatrice, en particulier lorsqu\u2019elles sont stables et sans d\u00e9ficit neurologique. La majorit\u00e9 des patients gu\u00e9rissent avec une immobilisation adapt\u00e9e : orth\u00e8se externe ou un halo permet d\u2019obtenir une consolidation \u00e0 100 % pour les fractures de type 1, et de 85 \u00e0 100 % pour les fractures de type 3. Pour les fractures de type 2, le taux de consolidation atteint 57 %, mais ce taux diminue significativement chez les patients d\u2019\u00e2ge avanc\u00e9.<\/p>\n<h4 class=\"wp-block-heading\"><strong>Th\u00e9rapie chirurgicale<\/strong><\/h4>\n<p><strong>Indications<\/strong> : instabilit\u00e9, d\u00e9placement, pseudarthrose, d\u00e9ficit neurologique, polytraumatisme.<\/p>\n<p><strong>Techniques principales :<\/strong><\/p>\n<ol class=\"wp-block-list\">\n<li><strong>Fixation du processus odonto\u00efde par vis <\/strong> : fixation interne pour les fractures d\u00e9plac\u00e9es du processus odonto\u00efde de type II, particuli\u00e8rement chez les patients jeunes. La consolidation est obtenue dans 90 % des cas. <\/li>\n<li><strong>Arthrod\u00e8se post\u00e9rieure C1\u2013C2 <\/strong> : indiqu\u00e9e en cas de fractures instables, comminutives ou d\u2019\u00e9chec du traitement conservateur. Le taux de consolidation est \u00e9lev\u00e9, mais la technique chirurgicale joue un r\u00f4le d\u00e9terminant.<\/li>\n<\/ol>\n<p>L\u2019intervention chirurgicale assure souvent une bonne stabilisation et de bons r\u00e9sultats neurologiques, mais elle est associ\u00e9e \u00e0 des risques op\u00e9ratoires et \u00e0 une r\u00e9\u00e9ducation plus prolong\u00e9e.<\/p>\n<h2 class=\"wp-block-heading\" id=\"pronostic-et-resultats-du-traitement\"><strong>Pronostic et r\u00e9sultats du traitement<\/strong><\/h2>\n<p>Les facteurs pronostiques cl\u00e9s pour les fractures des premi\u00e8re et deuxi\u00e8me vert\u00e8bres cervicales sont : l\u2019int\u00e9grit\u00e9 de l\u2019appareil ligamentaire, le degr\u00e9 de d\u00e9placement et d\u2019angulation de la fracture, le d\u00e9lai et l\u2019efficacit\u00e9 de la stabilisation, ainsi que la qualit\u00e9 osseuse du patient. La r\u00e9\u00e9ducation syst\u00e9matis\u00e9e et consciencieuse joue un r\u00f4le majeur dans le pronostic fonctionnel.<\/p>\n<h3 class=\"wp-block-heading\" id=\"pronostic-des-fractures-de-c1\"><strong>Pronostic des fractures de C1<\/strong><\/h3>\n<ul class=\"wp-block-list\">\n<li><strong>Fracture isol\u00e9e de l\u2019arc ant\u00e9rieur :<\/strong> pronostic favorable en raison de la stabilit\u00e9 et de la raret\u00e9 des complications neurologiques. <\/li>\n<li><strong>Fracture isol\u00e9e de l\u2019arc post\u00e9rieur :<\/strong> pronostic identique \u00e0 celui de la fracture de l\u2019arc ant\u00e9rieur \u2014 fracture stable, complications neurologiques extr\u00eamement rares. <\/li>\n<li><strong>Atteinte simultan\u00e9e des arcs ant\u00e9rieur et post\u00e9rieur :<\/strong> pronostic moins favorable, d\u00e9pendant de l\u2019int\u00e9grit\u00e9 du ligament transverse. En cas de ligament transverse intact (type 3A selon Gehweiler) la fracture est relativement stable et le pronostic relativement favorable. En cas de l\u00e9sion du ligament transverse (quelle qu\u2019en soit la forme), il existe un risque de d\u00e9veloppement d\u2019une instabilit\u00e9 chronique et d\u2019une limitation de l\u2019amplitude des mouvements du rachis cervical apr\u00e8s consolidation. <\/li>\n<li><strong>Fracture de la masse lat\u00e9rale :<\/strong> le pronostic d\u00e9pend \u00e9galement de l\u2019atteinte ligamentaire. En cas de ligament transverse intact et d\u2019immobilisation stable du segment, le pronostic est favorable. En revanche, en cas de l\u00e9sion ligamentaire, il existe un risque d\u2019instabilit\u00e9 segmentaire, pouvant n\u00e9cessiter une arthrod\u00e8se dans certains cas. <\/li>\n<li><strong>Fracture isol\u00e9e du processus transverse :<\/strong> pronostic favorable, mais n\u00e9cessite une \u00e9valuation des structures vasculaires adjacentes. <\/li>\n<\/ul>\n<h3 class=\"wp-block-heading\" id=\"pronostic-des-fractures-de-c2\"><strong>Pronostic des fractures de C2<\/strong><\/h3>\n<ul class=\"wp-block-list\">\n<li><strong>Fractures de l\u2019apex du processus odonto\u00efde :<\/strong> pronostic favorable en raison du haut taux de consolidation, de la stabilit\u00e9 de la fracture et de la raret\u00e9 des complications neurologiques.<\/li>\n<li><strong>Fracture de la base du processus odonto\u00efde<\/strong> : associ\u00e9e \u00e0 un risque \u00e9lev\u00e9 de non-consolidation en raison des particularit\u00e9s anatomiques de la vascularisation ; ce risque atteint 50 % en traitement conservateur.  Les cons\u00e9quences possibles incluent une consolidation vicieuse et un syndrome douloureux chronique.  Le pronostic des fractures de la base du processus odonto\u00efde est donc moins favorable. <\/li>\n<li><strong>Fractures de type 3<\/strong> : (selon la classification d\u2019Anderson et D\u2019Alonzo) : bon pronostic, car la ligne de fracture traverse l\u2019os spongieux bien vascularis\u00e9 du corps vert\u00e9bral et est plus stable que le type 2. La consolidation est obtenue dans 85\u201390 % des cas. <\/li>\n<li><strong>Pronostic apr\u00e8s spondylolisth\u00e9sis traumatique<\/strong>\u00a0<strong>(fracture de Hangman)<\/strong> d\u00e9pend de la forme de la fracture, c\u2019est-\u00e0-dire de sa stabilit\u00e9. Les fractures stables ont un pronostic favorable ; les fractures instables n\u00e9cessitent un traitement chirurgical, ce qui augmente le risque de complications. \u00a0Les complications neurologiques sont rares, car le canal rachidien s\u2019\u00e9largit dans ces fractures. La consolidation est obtenue dans 90 % des cas. Le syndrome douloureux chronique se d\u00e9veloppe g\u00e9n\u00e9ralement en cas de diagnostic erron\u00e9, de traitement diff\u00e9r\u00e9 ou de non-consolidation.<\/li>\n<\/ul>\n<div class=\"social-banner-block\">\n<div class=\"social-banner-content\">\n<p class=\"h5-title text-black\">Retrouvez d\u2019autres contenus scientifiquement exacts sur nos m\u00e9dias sociaux<\/p>\n<p><span class=\"social-banner-text text-grey\">Abonnez-vous et ne manquez pas les derni\u00e8res ressources<\/span><\/p>\n<div class=\"social-links-wrapper\"><a class=\"social-icon-link\" href=\"https:\/\/www.facebook.com\/VOKA3DAnatomyAndPathology\/\" target=\"_blank\" rel=\"nofollow noopener\"><img decoding=\"async\" src=\"https:\/\/storage.googleapis.com\/dev_wiki_voka_io_303011\/common\/Social%20Icons\/facebook.svg\" alt=\"social link\"><\/a><a class=\"social-icon-link\" href=\"https:\/\/www.instagram.com\/voka.io\/\" target=\"_blank\" rel=\"nofollow noopener\"><img decoding=\"async\" src=\"https:\/\/storage.googleapis.com\/dev_wiki_voka_io_303011\/common\/Social%20Icons\/insta.svg\" alt=\"social link\"><\/a><a class=\"social-icon-link\" href=\"https:\/\/www.linkedin.com\/company\/voka-io\/posts\/?feedView=all\" target=\"_blank\" rel=\"nofollow noopener\"><img decoding=\"async\" src=\"https:\/\/storage.googleapis.com\/dev_wiki_voka_io_303011\/common\/Social%20Icons\/linkedin.svg\" alt=\"social link\"><\/a><a class=\"social-icon-link\" href=\"https:\/\/www.youtube.com\/@vokaio\" target=\"_blank\" rel=\"nofollow noopener\"><img decoding=\"async\" src=\"https:\/\/storage.googleapis.com\/dev_wiki_voka_io_303011\/common\/Social%20Icons\/youtube.svg\" alt=\"social link\"><\/a><a class=\"social-icon-link\" href=\"https:\/\/www.pinterest.com\/voka3danatomyandpathology\/\" target=\"_blank\" rel=\"nofollow noopener\"><img decoding=\"async\" src=\"https:\/\/storage.googleapis.com\/dev_wiki_voka_io_303011\/common\/Social%20Icons\/pinterest.svg\" alt=\"social link\"><\/a><a class=\"social-icon-link\" href=\"https:\/\/www.tiktok.com\/@voka.io\" target=\"_blank\" rel=\"nofollow noopener\"><img decoding=\"async\" src=\"https:\/\/storage.googleapis.com\/dev_wiki_voka_io_303011\/common\/Social%20Icons\/tiktok.svg\" alt=\"social link\"><\/a><a class=\"social-icon-link\" href=\"https:\/\/discord.gg\/7ejUpq8DRR\" target=\"_blank\" rel=\"nofollow noopener\"><img decoding=\"async\" src=\"https:\/\/storage.googleapis.com\/dev_wiki_voka_io_303011\/common\/Social%20Icons\/discord.svg\" alt=\"social link\"><\/a><\/div>\n<\/div>\n<p><img decoding=\"async\" class=\"social-banner-image\" loading=\"lazy\" src=\"https:\/\/storage.googleapis.com\/dev_wiki_voka_io_303011\/common\/social-media-banner-mobile-image.webp\" alt=\"Banner background\"><\/div>\n<h2 class=\"wp-block-heading\" id=\"protocole-de-reeducation\"><strong>Protocole de r\u00e9\u00e9ducation<\/strong><\/h2>\n<p>La r\u00e9\u00e9ducation constitue une \u00e9tape cl\u00e9 du traitement.  Elle est divis\u00e9e en phases en fonction de la stabilit\u00e9 de la fracture.<\/p>\n<p>En cas d\u2019apparition de nouveaux sympt\u00f4mes neurologiques pendant la r\u00e9\u00e9ducation, ou d\u2019aggravation des sympt\u00f4mes existants, d\u2019une \u00e9l\u00e9vation de la temp\u00e9rature corporelle au-dessus de la norme physiologique, ou d\u2019une sensation de g\u00eane respiratoire ou de d\u00e9glutition, il convient de consulter imm\u00e9diatement un m\u00e9decin.<\/p>\n<h3 class=\"wp-block-heading\" id=\"reeducation-en-cas-de-fracture-de-c1\"><strong>R\u00e9\u00e9ducation en cas de fracture de C1<\/strong><\/h3>\n<p><strong>Fracture stable (traitement conservateur) :<\/strong><\/p>\n<ul class=\"wp-block-list\">\n<li><strong>Phase 1 (Immobilisation, 0\u20136 semaines) : <\/strong> fixation stable (orth\u00e8se \/ halo). Charge ou mouvement au niveau cervical strictement limit\u00e9s. Exercices isom\u00e9triques autoris\u00e9s dans les segments non atteints et les membres, ainsi que gymnastique respiratoire.<\/li>\n<li><strong>Phase 2 (Mobilisation pr\u00e9coce, 6\u201312 semaines) : <\/strong> apr\u00e8s confirmation radiologique de la consolidation de la fracture.  Exercices visant \u00e0 restaurer l\u2019amplitude et la force des mouvements.  L\u2019augmentation de la charge et de l\u2019amplitude doit \u00eatre progressive, dans une plage indolore. Il est recommand\u00e9 de commencer par des mouvements de flexion-extension, puis de passer aux exercices de rotation et de flexion lat\u00e9rale. <\/li>\n<li><strong>Phase 3 (Restauration fonctionnelle, 12+ semaines) : <\/strong> reprise des activit\u00e9s quotidiennes sans restriction. \u00c9viter les sports de contact ainsi que les charges axiales impactantes.  Activit\u00e9s autoris\u00e9es : appareils de cardio-training, natation, exercices visant \u00e0 augmenter l\u2019amplitude des mouvements et \u00e0 renforcer progressivement les muscles cervicaux et thoraciques sup\u00e9rieurs.<\/li>\n<\/ul>\n<p>En cas de symptomatologie neurologique n\u00e9gative ou nouvellement apparue, ou de consolidation retard\u00e9e de la fracture, la dur\u00e9e de chaque phase est d\u00e9termin\u00e9e par le m\u00e9decin.<\/p>\n<p><strong>Fractures instables (postop\u00e9ratoires) :<\/strong><\/p>\n<ul class=\"wp-block-list\">\n<li><strong>0\u20136 semaines : <\/strong> protection de la synth\u00e8se m\u00e9tallique (orth\u00e8se \/ halo).  Gymnastique respiratoire, entra\u00eenement \u00e0 la mobilisation au lit et \u00e0 la marche en conditions d\u2019immobilisation. <\/li>\n<li><strong>6\u201312+ mois : <\/strong> reprise de l\u2019activit\u00e9 professionnelle, augmentation progressive de la charge physique, acquisition des comp\u00e9tences sp\u00e9cifiques requises.<\/li>\n<li><strong>6\u201312 semaines : <\/strong> mobilisation prot\u00e9g\u00e9e, renforcement des muscles du dos et des membres pour permettre la d\u00e9ambulation autonome et la r\u00e9alisation des activit\u00e9s quotidiennes. <\/li>\n<li><strong>12\u201324 semaines : <\/strong> restauration de l\u2019amplitude des mouvements (en tenant compte des limitations li\u00e9es \u00e0 la synth\u00e8se). Exercices visant au renforcement des muscles du tronc et de la paroi abdominale ant\u00e9rieure.  Cyclisme autoris\u00e9. <\/li>\n<\/ul>\n<h3 class=\"wp-block-heading\" id=\"reeducation-apres-fracture-de-la-deuxieme-vertebre-cervicale\"><strong>R\u00e9\u00e9ducation apr\u00e8s fracture de la deuxi\u00e8me vert\u00e8bre cervicale<\/strong><\/h3>\n<p><strong>Protocole de r\u00e9\u00e9ducation pour fractures stables<\/strong><\/p>\n<figure class=\"wp-block-table table-to-cards\">\n<table>\n<thead>\n<tr>\n<th class=\"has-text-align-center\" data-align=\"center\">Phase<\/th>\n<th class=\"has-text-align-center\" data-align=\"center\">Mesures de pr\u00e9caution<\/th>\n<th class=\"has-text-align-center\" data-align=\"center\">Protocole<\/th>\n<\/tr>\n<\/thead>\n<tbody>\n<tr>\n<td class=\"has-text-align-center\" data-align=\"center\">Immobilisation (0\u20136\/8 semaines)<\/td>\n<td class=\"has-text-align-center\" data-align=\"center\">Immobilisation par orth\u00e8se cervicale ou syst\u00e8me halo<\/td>\n<td class=\"has-text-align-center\" data-align=\"center\">Gymnastique respiratoire, mouvements actifs des membres.  Mobilisation au lit.  Verticalisation selon tol\u00e9rance<\/td>\n<\/tr>\n<tr>\n<td class=\"has-text-align-center\" data-align=\"center\">Mobilisation (6\u201312 semaines) <\/td>\n<td class=\"has-text-align-center\" data-align=\"center\">Sevrage progressif de l\u2019orth\u00e8se cervicale<\/td>\n<td class=\"has-text-align-center\" data-align=\"center\">Mouvements cervicaux dans une plage indolore. Renforcement des muscles thoraciques sup\u00e9rieurs et cervicaux.  Entra\u00eenement \u00e0 l\u2019\u00e9quilibre et \u00e0 la proprioception<\/td>\n<\/tr>\n<tr>\n<td class=\"has-text-align-center\" data-align=\"center\">Restauration fonctionnelle (12+ semaines)<\/td>\n<td class=\"has-text-align-center\" data-align=\"center\">Exclure les charges \u00e0 haute intensit\u00e9 jusqu\u2019\u00e0 consolidation compl\u00e8te de la fracture<\/td>\n<td class=\"has-text-align-center\" data-align=\"center\">Augmentation progressive de l\u2019amplitude des mouvements dans le segment l\u00e9s\u00e9. Reprise des activit\u00e9s quotidiennes, reprise de l\u2019activit\u00e9 professionnelle, entra\u00eenement aux comp\u00e9tences sp\u00e9cifiques requises<\/td>\n<\/tr>\n<\/tbody>\n<\/table>\n<\/figure>\n<p><strong>Protocole de r\u00e9\u00e9ducation pour fractures instables de la deuxi\u00e8me vert\u00e8bre cervicale n\u00e9cessitant un traitement chirurgical<\/strong><\/p>\n<figure class=\"wp-block-table table-to-cards\">\n<table>\n<thead>\n<tr>\n<th class=\"has-text-align-center\" data-align=\"center\">Phase<\/th>\n<th class=\"has-text-align-center\" data-align=\"center\">Mesures de pr\u00e9caution<\/th>\n<th class=\"has-text-align-center\" data-align=\"center\">Protocole<\/th>\n<\/tr>\n<\/thead>\n<tbody>\n<tr>\n<td class=\"has-text-align-center\" data-align=\"center\">P\u00e9riode postop\u00e9ratoire pr\u00e9coce (0\u20136 semaines)<\/td>\n<td class=\"has-text-align-center\" data-align=\"center\">Immobilisation du segment op\u00e9r\u00e9 excluant tout mouvement<\/td>\n<td class=\"has-text-align-center\" data-align=\"center\">Gymnastique respiratoire. Mouvements actifs des membres.  Mobilisation au lit.  Verticalisation selon tol\u00e9rance<\/td>\n<\/tr>\n<tr>\n<td class=\"has-text-align-center\" data-align=\"center\">Mobilisation pr\u00e9coce (6\u201312 semaines)<\/td>\n<td class=\"has-text-align-center\" data-align=\"center\">Arr\u00eat de l\u2019immobilisation apr\u00e8s confirmation radiologique d\u2019une \u00e9volution favorable de la consolidation<\/td>\n<td class=\"has-text-align-center\" data-align=\"center\">Renforcement des muscles paravert\u00e9braux et des membres. Augmentation de l\u2019amplitude des mouvements selon les possibilit\u00e9s offertes par la synth\u00e8se pos\u00e9e.  Exercices visant \u00e0 restaurer l\u2019\u00e9quilibre et la posture<\/td>\n<\/tr>\n<tr>\n<td class=\"has-text-align-center\" data-align=\"center\">Restauration fonctionnelle (12+ semaines)<\/td>\n<td class=\"has-text-align-center\" data-align=\"center\">Limitation de l\u2019amplitude des mouvements et des charges en fonction du type de consolidation<\/td>\n<td class=\"has-text-align-center\" data-align=\"center\">Renforcement progressif des muscles cervicaux et thoraciques sup\u00e9rieurs.  Entra\u00eenement a\u00e9robie. Reprise des activit\u00e9s quotidiennes. Reprise de l\u2019activit\u00e9 professionnelle<\/td>\n<\/tr>\n<\/tbody>\n<\/table>\n<\/figure>\n<p>Selon le type d\u2019intervention chirurgicale, la synth\u00e8se pos\u00e9e peut limiter les mouvements dans le segment op\u00e9r\u00e9.  La fixation par vis du processus odonto\u00efde permet de pr\u00e9server la rotation dans le segment op\u00e9r\u00e9. En revanche, l\u2019arthrod\u00e8se post\u00e9rieure C1\u2013C2 entra\u00eene une perte de la rotation dans le segment. L\u2019arthrod\u00e8se occipito-cervicale entra\u00eene des restrictions importantes de la mobilit\u00e9 du segment op\u00e9r\u00e9.<\/p>\n<div>\n<h2 class=\"faq-title h2-article\" id=\"faq\">FAQ<\/h2>\n<div class=\"faq-section\">\n<div class=\"faq-item faq-answer-hidden\">\n<div class=\"question-block\">\n<div class=\"faq-question\">\n<p class=\" text-black h5-title\">Qu\u2019est-ce qu\u2019une fracture de Jefferson ?<\/p>\n<\/div>\n<div class=\"faq-answer text-main-text-color main-text-medium\">C\u2019est une fracture \u00ab explosive \u00bb de la premi\u00e8re vert\u00e8bre cervicale (atlas), au cours de laquelle se rompent \u00e0 la fois l\u2019arc ant\u00e9rieur et l\u2019arc post\u00e9rieur. Elle survient sous l\u2019effet d\u2019une forte charge axiale (par exemple, un choc sur la t\u00eate).<\/div>\n<\/div>\n<div class=\"expand-button-wrapper\"><button class=\"text-accent expand-button\">+<\/button><\/div>\n<\/div>\n<div class=\"faq-item faq-answer-hidden\">\n<div class=\"question-block\">\n<div class=\"faq-question\">\n<p class=\" text-black h5-title\">Quelle est la dangerosit\u00e9 des fractures cervicales hautes et existe-t-il un risque vital ? <\/p>\n<\/div>\n<div class=\"faq-answer text-main-text-color main-text-medium\">Les traumatismes du rachis cervical sup\u00e9rieur (C1\u2013C2) sont effectivement dangereux en raison de la proximit\u00e9 du tronc c\u00e9r\u00e9bral et des centres respiratoires. Les l\u00e9sions graves peuvent entra\u00eener un d\u00e9c\u00e8s. Cependant, de nombreuses fractures isol\u00e9es \u00e9voluent sans d\u00e9ficit neurologique et sont trait\u00e9es avec succ\u00e8s.<\/div>\n<\/div>\n<div class=\"expand-button-wrapper\"><button class=\"text-accent expand-button\">+<\/button><\/div>\n<\/div>\n<div class=\"faq-item faq-answer-hidden\">\n<div class=\"question-block\">\n<div class=\"faq-question\">\n<p class=\" text-black h5-title\">3. Qu\u2019est-ce qu\u2019un halo ?<\/p>\n<\/div>\n<div class=\"faq-answer text-main-text-color main-text-medium\">Il s\u2019agit d\u2019une structure m\u00e9tallique fix\u00e9e au cr\u00e2ne par des fiches viss\u00e9es et reli\u00e9e \u00e0 un gilet thoracique. Elle procure la fixation cervicale la plus rigide, permettant de traiter des fractures complexes sans intervention chirurgicale.<\/div>\n<\/div>\n<div class=\"expand-button-wrapper\"><button class=\"text-accent expand-button\">+<\/button><\/div>\n<\/div>\n<div class=\"faq-item faq-answer-hidden\">\n<div class=\"question-block\">\n<div class=\"faq-question\">\n<p class=\" text-black h5-title\">4. Une fracture cervicale peut-elle passer inaper\u00e7ue ? <\/p>\n<\/div>\n<div class=\"faq-answer text-main-text-color main-text-medium\">Oui, particuli\u00e8rement chez les patients \u00e2g\u00e9s atteints d\u2019ost\u00e9oporose. Parfois, une fracture (par exemple du processus odonto\u00efde) ne provoque qu\u2019une douleur mod\u00e9r\u00e9e, prise \u00e0 tort pour une contusion ou une pouss\u00e9e d\u2019ost\u00e9ochondrose.\u00a0  C\u2019est pourquoi, apr\u00e8s tout traumatisme cr\u00e2nien ou cervical chez une personne \u00e2g\u00e9e, un bilan d\u2019imagerie (TDM ou radiographie) est indispensable.<\/div>\n<\/div>\n<div class=\"expand-button-wrapper\"><button class=\"text-accent expand-button\">+<\/button><\/div>\n<\/div>\n<div class=\"faq-item faq-answer-hidden\">\n<div class=\"question-block\">\n<div class=\"faq-question\">\n<p class=\" text-black h5-title\">5. Quelles sont les s\u00e9quelles possibles apr\u00e8s fracture de la deuxi\u00e8me vert\u00e8bre cervicale ?<\/p>\n<\/div>\n<div class=\"faq-answer text-main-text-color main-text-medium\">Les s\u00e9quelles d\u00e9pendent du type de fracture.  Possibles : gu\u00e9rison compl\u00e8te, limitation des rotations cervicales (apr\u00e8s arthrod\u00e8se), douleurs chroniques ou troubles neurologiques (paralysies).<\/div>\n<\/div>\n<div class=\"expand-button-wrapper\"><button class=\"text-accent expand-button\">+<\/button><\/div>\n<\/div>\n<div class=\"faq-item faq-answer-hidden\">\n<div class=\"question-block\">\n<div class=\"faq-question\">\n<p class=\" text-black h5-title\">6. L\u2019op\u00e9ration est-elle obligatoire en cas de fracture du processus odonto\u00efde ?<\/p>\n<\/div>\n<div class=\"faq-answer text-main-text-color main-text-medium\">L\u2019intervention chirurgicale est le plus souvent n\u00e9cessaire pour les fractures de type 2 (base de la dent), en raison de leur faible potentiel de consolidation sous traitement conservateur. Les fractures de l\u2019apex (type 1) et du corps (type 3) sont g\u00e9n\u00e9ralement trait\u00e9es de mani\u00e8re non chirurgicale.<\/div>\n<\/div>\n<div class=\"expand-button-wrapper\"><button class=\"text-accent expand-button\">+<\/button><\/div>\n<\/div>\n<\/div>\n<\/div>\n<div class=\"sources-list-block sources-list-hidden\" id=\"references\">\n<div class=\"sources-list-content\">\n<div class=\"sources-list-title\">\n<p class=\"small-text-bold text-black sources-list-title-text\">R\u00e9f\u00e9rences<\/p>\n<div class=\"sources-expand-button-wrapper-mobile\">\n<div class=\"sources-expand-button\"><svg width=\"32\" height=\"32\" viewbox=\"0 0 32 32\" fill=\"none\" xmlns=\"http:\/\/www.w3.org\/2000\/svg\"><path d=\"M8 12L16 20L24 12\" stroke=\"#8C9AAB\" stroke-width=\"2\" stroke-linecap=\"round\" stroke-linejoin=\"round\"><\/path><\/svg><\/div>\n<\/div>\n<\/div>\n<div class=\"sources-list-items\">\n<div class=\"source-item\">\n<p class=\"main-text-semibold text-black\">1.<\/p>\n<div class=\"source-item-content\">\n<p class=\"main-text-semibold text-black\"><cite>VOKA 3D Anatomie et Pathologie \u2013 Atlas 3D complet d\u2019anatomie et de pathologie [Internet]. VOKA 3D Anatomie et Pathologie. <\/cite><\/p>\n<p><span class=\"small-text-medium text-grey\">Disponible \u00e0 l\u2019adresse\u00a0: https:\/\/catalog.voka.io\/<\/span><\/div>\n<\/div>\n<div class=\"source-item\">\n<p class=\"main-text-semibold text-black\">2.<\/p>\n<div class=\"source-item-content\">\n<p class=\"main-text-semibold text-black\"><cite>Meyer C, Eysel P, Stein G. Traumatic Atlantoaxial and Fracture-Related Dislocation [Dislocation atlanto-axo\u00efdienne traumatique et li\u00e9e \u00e0 une fracture]. Biomed Res Int. 2019 Mar 18;2019:5297950.<\/cite><\/p>\n<\/div>\n<\/div>\n<div class=\"source-item\">\n<p class=\"main-text-semibold text-black\">3.<\/p>\n<div class=\"source-item-content\">\n<p class=\"main-text-semibold text-black\"><cite>Chan KS, Shlobin NA, Dahdaleh NS. Diagnosis and management of isolated C1 fractures: A systematic review [Diagnostic et prise en charge des fractures isol\u00e9es de C1 : revue syst\u00e9matique]. J Craniovertebr Junction Spine. 2022 Jul-Sep;13(3):233-244.<\/cite><\/p>\n<\/div>\n<\/div>\n<div class=\"source-item\">\n<p class=\"main-text-semibold text-black\">4.<\/p>\n<div class=\"source-item-content\">\n<p class=\"main-text-semibold text-black\"><cite>Shin JW, Suk KS, Kim HS, Yang JH, Kwon JW, Lee HM, Moon SH, Lee BH, Park SJ, Park SR, Kim SK. Direct Internal Fixation for Unstable Atlas Fractures [Fixation interne directe des fractures instables de l\u2019atlas]. Yonsei Med J. 2022 Mar;63(3):265-271.<\/cite><\/p>\n<\/div>\n<\/div>\n<div class=\"source-item\">\n<p class=\"main-text-semibold text-black\">5.<\/p>\n<div class=\"source-item-content\">\n<p class=\"main-text-semibold text-black\"><cite>Tu Q, Chen H, Li Z, Chen Y, Xu A, Zhu C, Huang X, Ma X, Wang J, Zhang K, Yin Q, Xu J, Xia H. Anterior reduction and C1-ring osteosynthesis with Jefferson-fracture reduction plate (JeRP) via transoral approach for unstable atlas fractures\u00a0[R\u00e9duction ant\u00e9rieure et ost\u00e9osynth\u00e8se de l\u2019anneau C1 avec plaque de r\u00e9duction des fractures de Jefferson (JeRP) par voie transorale pour les fractures instables de l\u2019atlas]. BMC Musculoskelet Disord. 2021 Aug 30;22(1):745.<\/cite><\/p>\n<\/div>\n<\/div>\n<div class=\"source-item\">\n<p class=\"main-text-semibold text-black\">6.<\/p>\n<div class=\"source-item-content\">\n<p class=\"main-text-semibold text-black\"><cite>Shin JJ, Kim KR, Shin J, Kang J, Lee HJ, Kim TW, Hong JT, Kim SW, Ha Y. Surgical Versus Conservative Management for Treating Unstable Atlas Fractures: A Multicenter Study [Prise en charge chirurgicale versus conservatrice des fractures instables de l\u2019atlas : \u00e9tude multicentrique]. Neurospine. 2022 Dec;19(4):1013-1025.<\/cite><\/p>\n<\/div>\n<\/div>\n<div class=\"source-item\">\n<p class=\"main-text-semibold text-black\">7.<\/p>\n<div class=\"source-item-content\">\n<p class=\"main-text-semibold text-black\"><cite>Mathkour M, Cardona JJ, Chaiyamoon A, Glynn RM, Jenkins S, Graham RA, Johal J, Gardner B, Iwanaga J, Dumont AS, Tubbs RS. Classifications of Odontoid Process Fractures: A Systematic Review and Proposal of a New Simplified Classification System Based on Embryology [Classifications des fractures du processus odonto\u00efde : revue syst\u00e9matique et proposition d\u2019un nouveau syst\u00e8me de classification simplifi\u00e9 bas\u00e9 sur l\u2019embryologie]. Cureus. 2022 Dec 14;14(12):e32520.<\/cite><\/p>\n<\/div>\n<\/div>\n<div class=\"source-item\">\n<p class=\"main-text-semibold text-black\">8.<\/p>\n<div class=\"source-item-content\">\n<p class=\"main-text-semibold text-black\"><cite>Gornet ME, Kelly MP. Fractures of the axis: a review of pediatric, adult, and geriatric injuries [Fractures de l\u2019axis : revue des l\u00e9sions p\u00e9diatriques, adultes et g\u00e9riatriques]. Curr Rev Musculoskelet Med. 2016 Dec;9(4):505-512. <\/cite><\/p>\n<\/div>\n<\/div>\n<div class=\"source-item\">\n<p class=\"main-text-semibold text-black\">9.<\/p>\n<div class=\"source-item-content\">\n<p class=\"main-text-semibold text-black\"><cite>Mohile NV, Kuczmarski AS, Minaie A, Syros A, Geller JS, Maaieh MA. Management of combined atlas and axis fractures: a systematic review [Prise en charge des fractures combin\u00e9es de l\u2019atlas et de l\u2019axis : revue syst\u00e9matique]. N Am Spine Soc J. 2023 Apr 24;14:100224. <\/cite><\/p>\n<\/div>\n<\/div>\n<div class=\"source-item\">\n<p class=\"main-text-semibold text-black\">10.<\/p>\n<div class=\"source-item-content\">\n<p class=\"main-text-semibold text-black\"><cite>Al-Mahfoudh R, Beagrie C, Woolley E, Zakaria R, Radon M, Clark S, Pillay R, Wilby M. Management of Typical and Atypical Hangman\u2019s Fractures [Prise en charge des fractures typiques et atypiques du bourreau]. Global Spine J. 2016 May;6(3):248-56.<\/cite><\/p>\n<\/div>\n<\/div>\n<\/div>\n<\/div>\n<div class=\"sources-expand-button-wrapper\">\n<div class=\"sources-expand-button\"><svg width=\"32\" height=\"32\" viewbox=\"0 0 32 32\" fill=\"none\" xmlns=\"http:\/\/www.w3.org\/2000\/svg\"><path d=\"M8 12L16 20L24 12\" stroke=\"#8C9AAB\" stroke-width=\"2\" stroke-linecap=\"round\" stroke-linejoin=\"round\"><\/path><\/svg><\/div>\n<\/div>\n<\/div>\n","protected":false},"excerpt":{"rendered":"<p>Les fractures du rachis cervical constituent des l\u00e9sions graves n\u00e9cessitant un diagnostic pr\u00e9cis et un traitement rigoureux. Les atteintes du rachis cervical sup\u00e9rieur, en particulier des premi\u00e8re (C1, atlas) et deuxi\u00e8me (C2, axis) vert\u00e8bres cervicales, rev\u00eatent une importance particuli\u00e8re en raison de leur r\u00f4le dans la mobilit\u00e9 de la t\u00eate et de leur proximit\u00e9 imm\u00e9diate [&hellip;]<\/p>\n","protected":false},"author":19,"featured_media":0,"template":"","diseases_category":[314],"class_list":["post-2826","diseases_post","type-diseases_post","status-publish","hentry","diseases_category-traumatologie"],"acf":[],"yoast_head":"<!-- This site is optimized with the Yoast SEO Premium plugin v25.0 (Yoast SEO v26.5) - https:\/\/yoast.com\/wordpress\/plugins\/seo\/ -->\n<title>Fractures des vert\u00e8bres cervicales (C1 et C2) : sympt\u00f4mes, cons\u00e9quences et traitement<\/title>\n<meta name=\"description\" content=\"Analyse d\u00e9taill\u00e9e des fractures des vert\u00e8bres cervicales C1 et C2. \u00c9tiologie, classification, m\u00e9thodes diagnostiques, tactique de traitement chirurgical et protocoles de r\u00e9\u00e9ducation.\" \/>\n<meta name=\"robots\" content=\"noindex, follow, max-snippet:-1, max-image-preview:large, max-video-preview:-1\" \/>\n<meta property=\"og:locale\" content=\"fr_FR\" \/>\n<meta property=\"og:type\" content=\"article\" \/>\n<meta property=\"og:title\" content=\"Fractures du rachis cervical : classification, sympt\u00f4mes et traitement\" \/>\n<meta property=\"og:description\" content=\"Analyse d\u00e9taill\u00e9e des fractures des vert\u00e8bres cervicales C1 et C2. \u00c9tiologie, classification, m\u00e9thodes diagnostiques, tactique de traitement chirurgical et protocoles de r\u00e9\u00e9ducation.\" \/>\n<meta property=\"og:url\" content=\"https:\/\/wiki.dev.voka.io\/fr\/maladies\/traumatologie\/fractures-des-vertebres-cervicales\/\" \/>\n<meta property=\"og:site_name\" content=\"Voka Wiki\" \/>\n<meta property=\"article:publisher\" content=\"https:\/\/www.facebook.com\/VOKA3DAnatomyAndPathology\/\" \/>\n<meta name=\"twitter:card\" content=\"summary_large_image\" \/>\n<meta name=\"twitter:label1\" content=\"Dur\u00e9e de lecture estim\u00e9e\" \/>\n\t<meta name=\"twitter:data1\" content=\"18 minutes\" \/>\n<script type=\"application\/ld+json\" class=\"yoast-schema-graph\">{\"@context\":\"https:\/\/schema.org\",\"@graph\":[{\"@type\":\"Article\",\"@id\":\"https:\/\/wiki.dev.voka.io\/fr\/maladies\/traumatologie\/fractures-des-vertebres-cervicales\/#article\",\"isPartOf\":{\"@id\":\"https:\/\/wiki.dev.voka.io\/fr\/maladies\/traumatologie\/fractures-des-vertebres-cervicales\/\"},\"author\":{\"name\":\"Aleksandr K.\",\"@id\":\"https:\/\/wiki.dev.voka.io\/fr\/#\/schema\/person\/9510f0c38a3a1d38fc04cb2d59c7d83c\"},\"headline\":\"Fractures du rachis cervical : classification, sympt\u00f4mes et traitement\",\"datePublished\":\"2026-01-29T14:22:51+00:00\",\"mainEntityOfPage\":{\"@id\":\"https:\/\/wiki.dev.voka.io\/fr\/maladies\/traumatologie\/fractures-des-vertebres-cervicales\/\"},\"wordCount\":3691,\"publisher\":{\"@id\":\"https:\/\/wiki.dev.voka.io\/fr\/#organization\"},\"inLanguage\":\"fr-FR\"},{\"@type\":\"WebPage\",\"@id\":\"https:\/\/wiki.dev.voka.io\/fr\/maladies\/traumatologie\/fractures-des-vertebres-cervicales\/\",\"url\":\"https:\/\/wiki.dev.voka.io\/fr\/maladies\/traumatologie\/fractures-des-vertebres-cervicales\/\",\"name\":\"Fractures des vert\u00e8bres cervicales (C1 et C2) : sympt\u00f4mes, cons\u00e9quences et traitement\",\"isPartOf\":{\"@id\":\"https:\/\/wiki.dev.voka.io\/fr\/#website\"},\"datePublished\":\"2026-01-29T14:22:51+00:00\",\"description\":\"Analyse d\u00e9taill\u00e9e des fractures des vert\u00e8bres cervicales C1 et C2. \u00c9tiologie, classification, m\u00e9thodes diagnostiques, tactique de traitement chirurgical et protocoles de r\u00e9\u00e9ducation.\",\"breadcrumb\":{\"@id\":\"https:\/\/wiki.dev.voka.io\/fr\/maladies\/traumatologie\/fractures-des-vertebres-cervicales\/#breadcrumb\"},\"inLanguage\":\"fr-FR\",\"potentialAction\":[{\"@type\":\"ReadAction\",\"target\":[\"https:\/\/wiki.dev.voka.io\/fr\/maladies\/traumatologie\/fractures-des-vertebres-cervicales\/\"]}]},{\"@type\":\"BreadcrumbList\",\"@id\":\"https:\/\/wiki.dev.voka.io\/fr\/maladies\/traumatologie\/fractures-des-vertebres-cervicales\/#breadcrumb\",\"itemListElement\":[{\"@type\":\"ListItem\",\"position\":1,\"name\":\"Home\",\"item\":\"https:\/\/wiki.dev.voka.io\/fr\/\"},{\"@type\":\"ListItem\",\"position\":2,\"name\":\"Traumatologie\",\"item\":\"https:\/\/wiki.dev.voka.io\/fr\/maladies\/traumatologie\/\"},{\"@type\":\"ListItem\",\"position\":3,\"name\":\"Fractures du rachis cervical : classification, sympt\u00f4mes et traitement\"}]},{\"@type\":\"WebSite\",\"@id\":\"https:\/\/wiki.dev.voka.io\/fr\/#website\",\"url\":\"https:\/\/wiki.dev.voka.io\/fr\/\",\"name\":\"Voka Wiki\",\"description\":\"\",\"publisher\":{\"@id\":\"https:\/\/wiki.dev.voka.io\/fr\/#organization\"},\"alternateName\":\"Anatomy & Pathology Wiki by VOKA\",\"potentialAction\":[{\"@type\":\"SearchAction\",\"target\":{\"@type\":\"EntryPoint\",\"urlTemplate\":\"https:\/\/wiki.dev.voka.io\/fr\/?s={search_term_string}\"},\"query-input\":{\"@type\":\"PropertyValueSpecification\",\"valueRequired\":true,\"valueName\":\"search_term_string\"}}],\"inLanguage\":\"fr-FR\"},{\"@type\":\"Organization\",\"@id\":\"https:\/\/wiki.dev.voka.io\/fr\/#organization\",\"name\":\"Voka 3D Anatomy & Pathology\",\"alternateName\":\"VOKA\",\"url\":\"https:\/\/wiki.dev.voka.io\/fr\/\",\"logo\":{\"@type\":\"ImageObject\",\"inLanguage\":\"fr-FR\",\"@id\":\"https:\/\/wiki.dev.voka.io\/fr\/#\/schema\/logo\/image\/\",\"url\":\"https:\/\/wiki.dev.voka.io\/wp-content\/uploads\/2025\/02\/cropped-voka-logo-1.png\",\"contentUrl\":\"https:\/\/wiki.dev.voka.io\/wp-content\/uploads\/2025\/02\/cropped-voka-logo-1.png\",\"width\":70,\"height\":16,\"caption\":\"Voka 3D Anatomy & Pathology\"},\"image\":{\"@id\":\"https:\/\/wiki.dev.voka.io\/fr\/#\/schema\/logo\/image\/\"},\"sameAs\":[\"https:\/\/www.facebook.com\/VOKA3DAnatomyAndPathology\/\",\"https:\/\/www.instagram.com\/voka.io\/\",\"https:\/\/www.linkedin.com\/company\/voka-io\/\",\"https:\/\/www.youtube.com\/channel\/UCqGGuOEpr62ScH8Pjk2q5zw\/videos\",\"https:\/\/www.pinterest.com\/VokaAnatomyPro\/\",\"https:\/\/www.threads.com\/@voka.io\"],\"description\":\"VOKA.io offers 3D medical animations and custom 3D modeling services. Our product, VOKA 3D Anatomy & Pathology, is a digital atlas with over 1,000 detailed 3D models of human anatomy and pathology, designed for medical education, training, and patient communication.\",\"email\":\"info@voka.io\",\"telephone\":\"+1 814 351 4442\",\"legalName\":\"Voka 3D Anatomy & Pathology\",\"foundingDate\":\"2017-02-12\",\"naics\":\"541512\",\"numberOfEmployees\":{\"@type\":\"QuantitativeValue\",\"minValue\":\"51\",\"maxValue\":\"200\"},\"publishingPrinciples\":\"https:\/\/wiki.voka.io\/fr\/principes-de-publication\/\"},{\"@type\":\"Person\",\"@id\":\"https:\/\/wiki.dev.voka.io\/fr\/#\/schema\/person\/9510f0c38a3a1d38fc04cb2d59c7d83c\",\"name\":\"Aleksandr K.\",\"image\":{\"@type\":\"ImageObject\",\"inLanguage\":\"fr-FR\",\"@id\":\"https:\/\/wiki.dev.voka.io\/fr\/#\/schema\/person\/image\/\",\"url\":\"https:\/\/secure.gravatar.com\/avatar\/c7514f1460de700bc666804ed028fc7d15f47a41bbfc867590f7de302051f078?s=96&d=mm&r=g\",\"contentUrl\":\"https:\/\/secure.gravatar.com\/avatar\/c7514f1460de700bc666804ed028fc7d15f47a41bbfc867590f7de302051f078?s=96&d=mm&r=g\",\"caption\":\"Aleksandr K.\"}}]}<\/script>\n<!-- \/ Yoast SEO Premium plugin. -->","yoast_head_json":{"title":"Fractures des vert\u00e8bres cervicales (C1 et C2) : sympt\u00f4mes, cons\u00e9quences et traitement","description":"Analyse d\u00e9taill\u00e9e des fractures des vert\u00e8bres cervicales C1 et C2. \u00c9tiologie, classification, m\u00e9thodes diagnostiques, tactique de traitement chirurgical et protocoles de r\u00e9\u00e9ducation.","robots":{"index":"noindex","follow":"follow","max-snippet":"max-snippet:-1","max-image-preview":"max-image-preview:large","max-video-preview":"max-video-preview:-1"},"og_locale":"fr_FR","og_type":"article","og_title":"Fractures du rachis cervical : classification, sympt\u00f4mes et traitement","og_description":"Analyse d\u00e9taill\u00e9e des fractures des vert\u00e8bres cervicales C1 et C2. \u00c9tiologie, classification, m\u00e9thodes diagnostiques, tactique de traitement chirurgical et protocoles de r\u00e9\u00e9ducation.","og_url":"https:\/\/wiki.dev.voka.io\/fr\/maladies\/traumatologie\/fractures-des-vertebres-cervicales\/","og_site_name":"Voka Wiki","article_publisher":"https:\/\/www.facebook.com\/VOKA3DAnatomyAndPathology\/","twitter_card":"summary_large_image","twitter_misc":{"Dur\u00e9e de lecture estim\u00e9e":"18 minutes"},"schema":{"@context":"https:\/\/schema.org","@graph":[{"@type":"Article","@id":"https:\/\/wiki.dev.voka.io\/fr\/maladies\/traumatologie\/fractures-des-vertebres-cervicales\/#article","isPartOf":{"@id":"https:\/\/wiki.dev.voka.io\/fr\/maladies\/traumatologie\/fractures-des-vertebres-cervicales\/"},"author":{"name":"Aleksandr K.","@id":"https:\/\/wiki.dev.voka.io\/fr\/#\/schema\/person\/9510f0c38a3a1d38fc04cb2d59c7d83c"},"headline":"Fractures du rachis cervical : classification, sympt\u00f4mes et traitement","datePublished":"2026-01-29T14:22:51+00:00","mainEntityOfPage":{"@id":"https:\/\/wiki.dev.voka.io\/fr\/maladies\/traumatologie\/fractures-des-vertebres-cervicales\/"},"wordCount":3691,"publisher":{"@id":"https:\/\/wiki.dev.voka.io\/fr\/#organization"},"inLanguage":"fr-FR"},{"@type":"WebPage","@id":"https:\/\/wiki.dev.voka.io\/fr\/maladies\/traumatologie\/fractures-des-vertebres-cervicales\/","url":"https:\/\/wiki.dev.voka.io\/fr\/maladies\/traumatologie\/fractures-des-vertebres-cervicales\/","name":"Fractures des vert\u00e8bres cervicales (C1 et C2) : sympt\u00f4mes, cons\u00e9quences et traitement","isPartOf":{"@id":"https:\/\/wiki.dev.voka.io\/fr\/#website"},"datePublished":"2026-01-29T14:22:51+00:00","description":"Analyse d\u00e9taill\u00e9e des fractures des vert\u00e8bres cervicales C1 et C2. \u00c9tiologie, classification, m\u00e9thodes diagnostiques, tactique de traitement chirurgical et protocoles de r\u00e9\u00e9ducation.","breadcrumb":{"@id":"https:\/\/wiki.dev.voka.io\/fr\/maladies\/traumatologie\/fractures-des-vertebres-cervicales\/#breadcrumb"},"inLanguage":"fr-FR","potentialAction":[{"@type":"ReadAction","target":["https:\/\/wiki.dev.voka.io\/fr\/maladies\/traumatologie\/fractures-des-vertebres-cervicales\/"]}]},{"@type":"BreadcrumbList","@id":"https:\/\/wiki.dev.voka.io\/fr\/maladies\/traumatologie\/fractures-des-vertebres-cervicales\/#breadcrumb","itemListElement":[{"@type":"ListItem","position":1,"name":"Home","item":"https:\/\/wiki.dev.voka.io\/fr\/"},{"@type":"ListItem","position":2,"name":"Traumatologie","item":"https:\/\/wiki.dev.voka.io\/fr\/maladies\/traumatologie\/"},{"@type":"ListItem","position":3,"name":"Fractures du rachis cervical : classification, sympt\u00f4mes et traitement"}]},{"@type":"WebSite","@id":"https:\/\/wiki.dev.voka.io\/fr\/#website","url":"https:\/\/wiki.dev.voka.io\/fr\/","name":"Voka Wiki","description":"","publisher":{"@id":"https:\/\/wiki.dev.voka.io\/fr\/#organization"},"alternateName":"Anatomy & Pathology Wiki by VOKA","potentialAction":[{"@type":"SearchAction","target":{"@type":"EntryPoint","urlTemplate":"https:\/\/wiki.dev.voka.io\/fr\/?s={search_term_string}"},"query-input":{"@type":"PropertyValueSpecification","valueRequired":true,"valueName":"search_term_string"}}],"inLanguage":"fr-FR"},{"@type":"Organization","@id":"https:\/\/wiki.dev.voka.io\/fr\/#organization","name":"Voka 3D Anatomy & Pathology","alternateName":"VOKA","url":"https:\/\/wiki.dev.voka.io\/fr\/","logo":{"@type":"ImageObject","inLanguage":"fr-FR","@id":"https:\/\/wiki.dev.voka.io\/fr\/#\/schema\/logo\/image\/","url":"https:\/\/wiki.dev.voka.io\/wp-content\/uploads\/2025\/02\/cropped-voka-logo-1.png","contentUrl":"https:\/\/wiki.dev.voka.io\/wp-content\/uploads\/2025\/02\/cropped-voka-logo-1.png","width":70,"height":16,"caption":"Voka 3D Anatomy & Pathology"},"image":{"@id":"https:\/\/wiki.dev.voka.io\/fr\/#\/schema\/logo\/image\/"},"sameAs":["https:\/\/www.facebook.com\/VOKA3DAnatomyAndPathology\/","https:\/\/www.instagram.com\/voka.io\/","https:\/\/www.linkedin.com\/company\/voka-io\/","https:\/\/www.youtube.com\/channel\/UCqGGuOEpr62ScH8Pjk2q5zw\/videos","https:\/\/www.pinterest.com\/VokaAnatomyPro\/","https:\/\/www.threads.com\/@voka.io"],"description":"VOKA.io offers 3D medical animations and custom 3D modeling services. Our product, VOKA 3D Anatomy & Pathology, is a digital atlas with over 1,000 detailed 3D models of human anatomy and pathology, designed for medical education, training, and patient communication.","email":"info@voka.io","telephone":"+1 814 351 4442","legalName":"Voka 3D Anatomy & Pathology","foundingDate":"2017-02-12","naics":"541512","numberOfEmployees":{"@type":"QuantitativeValue","minValue":"51","maxValue":"200"},"publishingPrinciples":"https:\/\/wiki.voka.io\/fr\/principes-de-publication\/"},{"@type":"Person","@id":"https:\/\/wiki.dev.voka.io\/fr\/#\/schema\/person\/9510f0c38a3a1d38fc04cb2d59c7d83c","name":"Aleksandr K.","image":{"@type":"ImageObject","inLanguage":"fr-FR","@id":"https:\/\/wiki.dev.voka.io\/fr\/#\/schema\/person\/image\/","url":"https:\/\/secure.gravatar.com\/avatar\/c7514f1460de700bc666804ed028fc7d15f47a41bbfc867590f7de302051f078?s=96&d=mm&r=g","contentUrl":"https:\/\/secure.gravatar.com\/avatar\/c7514f1460de700bc666804ed028fc7d15f47a41bbfc867590f7de302051f078?s=96&d=mm&r=g","caption":"Aleksandr K."}}]}},"_links":{"self":[{"href":"https:\/\/wiki.dev.voka.io\/fr\/wp-json\/wp\/v2\/diseases_post\/2826","targetHints":{"allow":["GET"]}}],"collection":[{"href":"https:\/\/wiki.dev.voka.io\/fr\/wp-json\/wp\/v2\/diseases_post"}],"about":[{"href":"https:\/\/wiki.dev.voka.io\/fr\/wp-json\/wp\/v2\/types\/diseases_post"}],"author":[{"embeddable":true,"href":"https:\/\/wiki.dev.voka.io\/fr\/wp-json\/wp\/v2\/users\/19"}],"wp:attachment":[{"href":"https:\/\/wiki.dev.voka.io\/fr\/wp-json\/wp\/v2\/media?parent=2826"}],"wp:term":[{"taxonomy":"diseases_category","embeddable":true,"href":"https:\/\/wiki.dev.voka.io\/fr\/wp-json\/wp\/v2\/diseases_category?post=2826"}],"curies":[{"name":"wp","href":"https:\/\/api.w.org\/{rel}","templated":true}]}}