{"id":2820,"date":"2026-01-29T17:26:11","date_gmt":"2026-01-29T14:26:11","guid":{"rendered":"https:\/\/wiki.dev.voka.io\/diseases\/uncategorized\/fractures-de-la-clavicule\/"},"modified":"2026-01-29T17:25:30","modified_gmt":"2026-01-29T14:25:30","slug":"fractures-de-la-clavicule","status":"publish","type":"diseases_post","link":"https:\/\/wiki.dev.voka.io\/fr\/maladies\/traumatologie\/fractures-de-la-clavicule\/","title":{"rendered":"Fractures de la clavicule&nbsp;: classification, sympt\u00f4mes, m\u00e9thodes de traitement et r\u00e9\u00e9ducation"},"content":{"rendered":"<p><?xml encoding=\"UTF-8\" ?><\/p>\n<p>La <strong>clavicule<\/strong> est un os en forme de S (plat lat\u00e9ralement, cylindrique au milieu et en forme de prisme m\u00e9dialement) qui est reli\u00e9 au sternum par l\u2019articulation sterno-claviculaire et \u00e0 la scapula par l\u2019articulation acromio-claviculaire. Elle joue un r\u00f4le cl\u00e9 dans la stabilit\u00e9 de l\u2019\u00e9paule.<\/p>\n<h2 class=\"wp-block-heading\" id=\"etiologie-et-mecanisme-de-la-lesion\"><strong>\u00c9tiologie et m\u00e9canisme de la l\u00e9sion<\/strong><\/h2>\n<p>Les fractures de la clavicule sont principalement dues \u00e0 un traumatisme direct ou indirect. <\/p>\n<p><strong>Causes les plus courantes<\/strong>\u00a0:<\/p>\n<ol class=\"wp-block-list\">\n<li>Chute sur l\u2019\u00e9paule ou le bras tendu.<\/li>\n<li>Blessures sportives (g\u00e9n\u00e9ralement le cyclisme ou le football).<\/li>\n<li>Accidents de la route.<\/li>\n<\/ol>\n<p>Le m\u00e9canisme principal de la l\u00e9sion est une chute sur la partie lat\u00e9rale de l\u2019\u00e9paule, provoquant un effet de compression qui entra\u00eene une fracture de l\u2019os (dans 85\u00a0%\u00a0des cas). Plus rarement, la fracture r\u00e9sulte d\u2019un coup direct sur la clavicule ou d\u2019une force transmise indirectement par le bras. <\/p>\n<p>Le d\u00e9placement des fragments de la clavicule est provoqu\u00e9 par l\u2019action des muscles qui s\u2019y attachent directement\u00a0: <\/p>\n<ul class=\"wp-block-list\">\n<li><strong>Fragments m\u00e9diaux (centraux)\u00a0:<\/strong> d\u00e9placement vers l\u2019arri\u00e8re et le haut d\u00fb \u00e0 la traction du muscle sterno-cl\u00e9ido-masto\u00efdien.<\/li>\n<li><strong>Fragments lat\u00e9raux\u00a0:<\/strong> d\u00e9placement vers le bas et m\u00e9dialement sous l\u2019effet du muscle grand pectoral et du poids du membre lui-m\u00eame. <\/li>\n<\/ul>\n<h2 class=\"wp-block-heading\" id=\"epidemiologie\"><strong>\u00c9pid\u00e9miologie<\/strong><\/h2>\n<p>Les fractures de la clavicule repr\u00e9sentent environ 2,6 \u00e0 5\u00a0% de toutes les fractures et jusqu\u2019\u00e0 44\u00a0% des traumatismes de la ceinture pectorale. Elles sont plus fr\u00e9quentes chez les personnes jeunes et actives ainsi que chez les enfants, avec un pic d\u2019incidence chez les hommes \u00e2g\u00e9s de\u00a013\u00a0\u00e0 20\u00a0ans.<\/p>\n<h2 class=\"wp-block-heading\" id=\"classification-des-fractures-de-la-clavicule\"><strong>Classification des fractures de la clavicule<\/strong><\/h2>\n<p>La classification de base des fractures de la clavicule repose sur la localisation de la fracture par rapport aux zones anatomiques de la clavicule\u00a0: <\/p>\n<ul class=\"wp-block-list\">\n<li>Fracture de la diaphyse (tiers moyen)\u00a0: 75 \u00e0 80\u00a0% de toutes les fractures de la clavicule\u00a0; <\/li>\n<li>Fracture de l\u2019extr\u00e9mit\u00e9 acromiale (tiers lat\u00e9ral)\u00a0: 15 \u00e0 25\u00a0%\u00a0; <\/li>\n<li>Fracture de l\u2019extr\u00e9mit\u00e9 sternale (tiers m\u00e9dial)\u00a0: 2 \u00e0 5\u00a0%.<\/li>\n<\/ul>\n<p>La fr\u00e9quence des fractures du tiers moyen (fractures diaphysaires) s\u2019explique par le fait que cette partie est la plus fine et la plus \u00e9troite de toute la clavicule, non soutenue par des ligaments ou des attaches musculaires. <\/p>\n<h3 class=\"wp-block-heading\" id=\"classification-de-neer-pour-l-extremite-acromiale\"><strong>Classification de Neer (pour l\u2019extr\u00e9mit\u00e9 acromiale)<\/strong><\/h3>\n<p>Pour les fractures de l\u2019extr\u00e9mit\u00e9 acromiale (distale) de la clavicule, la classification de Neer est largement utilis\u00e9e dans la pratique clinique pour d\u00e9terminer la strat\u00e9gie de traitement. La classification de Neer distingue cinq types principaux de fracture, ainsi que deux sous-types. <\/p>\n<figure class=\"wp-block-table table-to-cards\">\n<table>\n<thead>\n<tr>\n<th class=\"has-text-align-center\" data-align=\"center\"><strong>Type&nbsp;selon&nbsp;Neer<\/strong><\/th>\n<th class=\"has-text-align-center\" data-align=\"center\"><strong>Nature de la fracture<\/strong><\/th>\n<th class=\"has-text-align-center\" data-align=\"center\"><strong>Traitement envisag\u00e9<\/strong><\/th>\n<\/tr>\n<\/thead>\n<tbody>\n<tr>\n<td class=\"has-text-align-center\" data-align=\"center\">Type\u00a01<\/td>\n<td class=\"has-text-align-center\" data-align=\"center\">Fracture extra-articulaire. La ligne de fracture passe lat\u00e9ralement par rapport au point d\u2019attache des ligaments coraco-claviculaires. Ligaments intacts. D\u00e9placement minimal de la fracture. Fracture stable<\/td>\n<td class=\"has-text-align-center\" data-align=\"center\"><strong>Conservateur<\/strong><\/td>\n<\/tr>\n<tr>\n<td class=\"has-text-align-center\" data-align=\"center\">Type\u00a02<\/td>\n<td class=\"has-text-align-center\" data-align=\"center\">Fracture extra-articulaire. La ligne de fracture passe m\u00e9dialement par rapport au point d\u2019attache des ligaments coraco-claviculaires. Ligaments intacts. D\u00e9placement m\u00e9dial important. Fracture instable<\/td>\n<td class=\"has-text-align-center\" data-align=\"center\"><strong>Chirurgical<\/strong>. Avec un traitement conservateur, le taux de non-consolidation atteint 56\u00ad%<\/td>\n<\/tr>\n<tr>\n<td class=\"has-text-align-center\" data-align=\"center\">Type\u00a02<\/td>\n<td class=\"has-text-align-center\" data-align=\"center\">Fracture extra-articulaire. Deux formes anatomiques de l\u00e9sion\u00a0: <br \/>1. La ligne de fracture traverse le point d\u2019attache des ligaments (ligament cono\u00efde endommag\u00e9, ligament trap\u00e9zo\u00efde intact). <br \/>2. La ligne de fracture passe lat\u00e9ralement par rapport au point d\u2019attache des ligaments, mais ces derniers sont endommag\u00e9s.<\/p>\n<p>D\u00e9placement m\u00e9dial important de la clavicule. Fracture instable<\/td>\n<td class=\"has-text-align-center\" data-align=\"center\"><strong>Chirurgical<\/strong>. Avec un traitement conservateur, le taux de non-consolidation atteint 30 \u00e0 45\u00a0%<\/td>\n<\/tr>\n<tr>\n<td class=\"has-text-align-center\" data-align=\"center\">Type\u00a03<\/td>\n<td class=\"has-text-align-center\" data-align=\"center\">Fracture intra-articulaire. La ligne de fracture passe lat\u00e9ralement par rapport au point d\u2019attache des ligaments et s\u2019\u00e9tend \u00e0 l\u2019articulation acromio-claviculaire. Ligaments intacts. D\u00e9placement minimal de la fracture. Fracture stable<\/td>\n<td class=\"has-text-align-center\" data-align=\"center\"><strong>Conservateur<\/strong>. Risque de d\u00e9velopper une arthrose post-traumatique de l\u2019articulation acromio-claviculaire<\/td>\n<\/tr>\n<tr>\n<td class=\"has-text-align-center\" data-align=\"center\">Type\u00a04<\/td>\n<td class=\"has-text-align-center\" data-align=\"center\">Fracture extra-articulaire. Survient en pr\u00e9sence de zones de croissance non ferm\u00e9es dans la r\u00e9gion physaire. Ligaments intacts. La partie lat\u00e9rale de la clavicule est d\u00e9plac\u00e9e vers le haut en raison d\u2019une rupture du p\u00e9rioste. Fracture stable<\/td>\n<td class=\"has-text-align-center\" data-align=\"center\"><strong>Conservateur<\/strong><\/td>\n<\/tr>\n<tr>\n<td class=\"has-text-align-center\" data-align=\"center\">Type\u00a05<\/td>\n<td class=\"has-text-align-center\" data-align=\"center\">Fracture extra-articulaire ou intra-articulaire. Fracture comminutive. Ligaments intacts. D\u00e9placement m\u00e9dial important de la clavicule. Fracture instable<\/td>\n<td class=\"has-text-align-center\" data-align=\"center\"><strong>Chirurgical<\/strong><\/td>\n<\/tr>\n<\/tbody>\n<\/table>\n<\/figure>\n<p><a href=\"https:\/\/catalog.voka.io\/en\/models\/172682d4-e3d9-460c-8ad0-f4cc3bbe976d\/15ae3b98-3ff4-4335-9700-722d38e8a5af\/1acf0046-efb5-4693-8f36-d49a0ea39a65\/a02ebe6a-3188-46c6-87a6-aab8dd49ac25\" target=\"_blank\" rel=\"noreferrer noopener nofollow\">Mod\u00e8les 3D<\/a> des fractures de la clavicule\u00a0:<\/p>\n<div class=\"carousel-block\">\n<div class=\"swiper carousel-swiper carousel-swiper-block_69f1ec1badd3c\">\n<div class=\"swiper-wrapper\">\n<div class=\"swiper-slide image-carousel-slide\"><img decoding=\"async\" class=\"carousel-image\" src=\"https:\/\/storage.googleapis.com\/dev_wiki_voka_io_303011\/articles\/en\/traumatology\/collarbone-fracture\/extra-articular-fracture-of-the-sternal-end-of-the-clavicle.webp\" alt=\"Fracture extra-articulaire de l'extr\u00e9mit\u00e9 sternale de la clavicule\"><span class=\"small-text-article text-main-text-color\">Fracture extra-articulaire de l\u2019extr\u00e9mit\u00e9 sternale de la clavicule<\/span><\/div>\n<div class=\"swiper-slide image-carousel-slide\"><img decoding=\"async\" class=\"carousel-image\" src=\"https:\/\/storage.googleapis.com\/dev_wiki_voka_io_303011\/articles\/en\/traumatology\/collarbone-fracture\/comminuted-fracture-of-the-clavicle-shaft.webp\" alt=\"Fracture comminutive de la diaphyse de la clavicule\"><span class=\"small-text-article text-main-text-color\">Fracture comminutive de la diaphyse de la clavicule<\/span><\/div>\n<div class=\"swiper-slide image-carousel-slide\"><img decoding=\"async\" class=\"carousel-image\" src=\"https:\/\/storage.googleapis.com\/dev_wiki_voka_io_303011\/articles\/en\/traumatology\/collarbone-fracture\/extra-articular-comminuted-fracture-of-the-acromial-end-of-the-clavicle-type-5.webp\" alt=\"Fracture comminutive extra-articulaire de l'extr\u00e9mit\u00e9 acromiale de la clavicule (type\u00a05 selon Neer)\"><span class=\"small-text-article text-main-text-color\">Fracture comminutive extra-articulaire de l\u2019extr\u00e9mit\u00e9 acromiale de la clavicule (type\u00a05 selon Neer)<\/span><\/div>\n<\/div>\n<\/div>\n<div class=\"swiper-article-carousel__controls\">\n<div class=\"swiper-article-carousel__pagination-container swiper-article-carousel__pagination-container-block_69f1ec1badd3c\"><\/div>\n<div class=\"swiper-article-carousel__arrows\"><button class=\"swiper__arrow swiper__arrow--prev carousel-swiper-button-prev swiper__arrow swiper__arrow--prev carousel-swiper-button-prev-block_69f1ec1badd3c\"><svg xmlns=\"http:\/\/www.w3.org\/2000\/svg\" width=\"40\" height=\"40\" viewbox=\"0 0 40 40\" fill=\"none\"><path d=\"M20 3.75C16.7861 3.75 13.6443 4.70305 10.972 6.48862C8.29969 8.27419 6.21689 10.8121 4.98696 13.7814C3.75704 16.7507 3.43524 20.018 4.06225 23.1702C4.68926 26.3224 6.23692 29.2179 8.50952 31.4905C10.7821 33.7631 13.6776 35.3107 16.8298 35.9378C19.982 36.5648 23.2493 36.243 26.2186 35.013C29.1879 33.7831 31.7258 31.7003 33.5114 29.028C35.297 26.3557 36.25 23.2139 36.25 20C36.2455 15.6916 34.5319 11.561 31.4855 8.51454C28.439 5.46806 24.3084 3.75455 20 3.75ZM23.3844 25.3656C23.5005 25.4818 23.5926 25.6196 23.6555 25.7714C23.7184 25.9231 23.7507 26.0858 23.7507 26.25C23.7507 26.4142 23.7184 26.5769 23.6555 26.7286C23.5926 26.8804 23.5005 27.0182 23.3844 27.1344C23.2682 27.2505 23.1304 27.3426 22.9786 27.4055C22.8269 27.4683 22.6643 27.5007 22.5 27.5007C22.3358 27.5007 22.1731 27.4683 22.0214 27.4055C21.8696 27.3426 21.7318 27.2505 21.6156 27.1344L15.3656 20.8844C15.2494 20.7683 15.1572 20.6304 15.0943 20.4787C15.0314 20.3269 14.999 20.1643 14.999 20C14.999 19.8357 15.0314 19.6731 15.0943 19.5213C15.1572 19.3696 15.2494 19.2317 15.3656 19.1156L21.6156 12.8656C21.7318 12.7495 21.8696 12.6574 22.0214 12.5945C22.1731 12.5317 22.3358 12.4993 22.5 12.4993C22.6643 12.4993 22.8269 12.5317 22.9786 12.5945C23.1304 12.6574 23.2682 12.7495 23.3844 12.8656C23.5005 12.9818 23.5926 13.1196 23.6555 13.2714C23.7184 13.4231 23.7507 13.5858 23.7507 13.75C23.7507 13.9142 23.7184 14.0769 23.6555 14.2286C23.5926 14.3804 23.5005 14.5182 23.3844 14.6344L18.0172 20L23.3844 25.3656Z\" fill=\"#B5C0CD\"><\/path><\/svg><\/button><button class=\"swiper__arrow swiper__arrow--next carousel-swiper-button-next swiper__arrow swiper__arrow--next carousel-swiper-button-next-block_69f1ec1badd3c\" tabindex=\"0\" aria-label=\"Next slide\"><svg xmlns=\"http:\/\/www.w3.org\/2000\/svg\" width=\"40\" height=\"40\" viewbox=\"0 0 40 40\" fill=\"none\"><path d=\"M20 3.75C16.7861 3.75 13.6443 4.70305 10.972 6.48862C8.29969 8.27419 6.21689 10.8121 4.98696 13.7814C3.75704 16.7507 3.43524 20.018 4.06225 23.1702C4.68926 26.3224 6.23692 29.2179 8.50952 31.4905C10.7821 33.7631 13.6776 35.3107 16.8298 35.9378C19.982 36.5648 23.2493 36.243 26.2186 35.013C29.1879 33.7831 31.7258 31.7003 33.5114 29.028C35.297 26.3557 36.25 23.2139 36.25 20C36.2455 15.6916 34.5319 11.561 31.4855 8.51454C28.439 5.46806 24.3084 3.75455 20 3.75ZM23.3844 25.3656C23.5005 25.4818 23.5926 25.6196 23.6555 25.7714C23.7184 25.9231 23.7507 26.0858 23.7507 26.25C23.7507 26.4142 23.7184 26.5769 23.6555 26.7286C23.5926 26.8804 23.5005 27.0182 23.3844 27.1344C23.2682 27.2505 23.1304 27.3426 22.9786 27.4055C22.8269 27.4683 22.6643 27.5007 22.5 27.5007C22.3358 27.5007 22.1731 27.4683 22.0214 27.4055C21.8696 27.3426 21.7318 27.2505 21.6156 27.1344L15.3656 20.8844C15.2494 20.7683 15.1572 20.6304 15.0943 20.4787C15.0314 20.3269 14.999 20.1643 14.999 20C14.999 19.8357 15.0314 19.6731 15.0943 19.5213C15.1572 19.3696 15.2494 19.2317 15.3656 19.1156L21.6156 12.8656C21.7318 12.7495 21.8696 12.6574 22.0214 12.5945C22.1731 12.5317 22.3358 12.4993 22.5 12.4993C22.6643 12.4993 22.8269 12.5317 22.9786 12.5945C23.1304 12.6574 23.2682 12.7495 23.3844 12.8656C23.5005 12.9818 23.5926 13.1196 23.6555 13.2714C23.7184 13.4231 23.7507 13.5858 23.7507 13.75C23.7507 13.9142 23.7184 14.0769 23.6555 14.2286C23.5926 14.3804 23.5005 14.5182 23.3844 14.6344L18.0172 20L23.3844 25.3656Z\" fill=\"#B5C0CD\"><\/path><\/svg><\/button><\/div>\n<\/div>\n<\/div>\n<p><script defer>\n    document.addEventListener('DOMContentLoaded', function() {\n        const imagesCarouselSwiper = new Swiper('.carousel-swiper-block_69f1ec1badd3c', {\n            slidesPerView: 1,\n            spaceBetween: 20,\n            loop: true,\n            pagination: {\n                el: '.swiper-article-carousel__pagination-container-block_69f1ec1badd3c',\n                clickable: true,\n            },\n            navigation: {\n                nextEl: '.carousel-swiper-button-next-block_69f1ec1badd3c',\n                prevEl: '.carousel-swiper-button-prev-block_69f1ec1badd3c',\n            },\n        })\n    })\n<\/script><\/p>\n<h2 class=\"wp-block-heading\" id=\"presentation-clinique-et-symptomes\"><strong>Pr\u00e9sentation clinique et sympt\u00f4mes<\/strong><\/h2>\n<p>Tableau clinique typique d\u2019une fracture de la clavicule\u00a0: <\/p>\n<ol class=\"wp-block-list\">\n<li>Douleur imm\u00e9diate dans l\u2019\u00e9paule et perte de fonction.<\/li>\n<li>Le bras est plaqu\u00e9 contre le corps et soutenu par l\u2019autre bras.<\/li>\n<li>\u0152d\u00e8me, h\u00e9matome et os saillant sous la peau.<\/li>\n<li>\u00c9ventuelle \u00ab\u00a0tension cutan\u00e9e\u00a0\u00bb ou, plus rarement, fracture ouverte.<\/li>\n<li>Possible l\u00e9sion des vaisseaux et nerfs voisins. <\/li>\n<\/ol>\n<h2 class=\"wp-block-heading\" id=\"diagnostic\"><strong>Diagnostic<\/strong><\/h2>\n<p>Le diagnostic repose sur l\u2019\u00e9valuation clinique et les examens d\u2019imagerie. <\/p>\n<h3 class=\"wp-block-heading\" id=\"evaluation-clinique\"><strong>\u00c9valuation clinique<\/strong><\/h3>\n<ul class=\"wp-block-list\">\n<li><strong>Ant\u00e9c\u00e9dents de la blessure<\/strong>\u00a0: les patients signalent un traumatisme accompagn\u00e9 d\u2019un craquement distinct, suivi d\u2019une douleur.<\/li>\n<li><strong>Examen visuel<\/strong>\u00a0: d\u00e9formation visible au niveau de la clavicule, \u0153d\u00e8me des tissus mous, h\u00e9matome au niveau de la fracture.<\/li>\n<li><strong>Palpation<\/strong>\u00a0: douleur locale et cr\u00e9pitation (crissement).<\/li>\n<li><strong>Amplitude des mouvements<\/strong>\u00a0: limitation des mouvements du membre sup\u00e9rieur libre du c\u00f4t\u00e9 bless\u00e9 due \u00e0 une douleur intense.<\/li>\n<\/ul>\n<h3 class=\"wp-block-heading\" id=\"methodes-d-imagerie\"><strong>M\u00e9thodes d\u2019imagerie<\/strong><\/h3>\n<ul class=\"wp-block-list\">\n<li><strong>Radiographie<\/strong>\u00a0: l\u2019incidence standard ant\u00e9ro-post\u00e9rieure et l\u2019incidence de 15\u00a0degr\u00e9s par rapport \u00e0 la t\u00eate (vue de Zanca) permettent de visualiser le site de la fracture, le d\u00e9placement et la pr\u00e9sence de fragments.<\/li>\n<li><strong>Tomodensitom\u00e9trie (TDM)<\/strong>\u00a0: n\u00e9cessaire en cas de fractures complexes multifragmentaires ou de fractures des extr\u00e9mit\u00e9s sternale et acromiale.<\/li>\n<\/ul>\n<h2 class=\"wp-block-heading\" id=\"traitement-des-fractures-de-la-clavicule\"><strong>Traitement des fractures de la clavicule<\/strong><\/h2>\n<h3 class=\"wp-block-heading\" id=\"traitement-non-chirurgical\"><strong>Traitement non chirurgical<\/strong><\/h3>\n<p>Cette option permet d\u2019obtenir un taux \u00e9lev\u00e9 de consolidation osseuse chez les enfants et de consolidation de fractures d\u00e9plac\u00e9es chez les adultes.<\/p>\n<p><strong>Indications\u00a0:<\/strong><\/p>\n<ol class=\"wp-block-list\">\n<li>Fractures de la partie moyenne de la diaphyse sans d\u00e9placement ou avec  d\u00e9placement minimal.<\/li>\n<li>Absence de l\u00e9sions vasculaires et nerveuses associ\u00e9es. <\/li>\n<li>Absence de l\u00e9sions cutan\u00e9es ou de raccourcissement important (plus de 2\u00a0cm) de l\u2019\u00e9paule.<\/li>\n<\/ol>\n<p><strong>Techniques principales :<\/strong><\/p>\n<ol class=\"wp-block-list\">\n<li>Bandage de soutien ou attelle en forme de huit\u00a0(anneau de Delbet)\u00a0: utilis\u00e9s pour l\u2019immobilisation.<\/li>\n<li>Contr\u00f4le de la douleur et reprise progressive de l\u2019activit\u00e9 pendant 6 \u00e0 12\u00a0semaines.<\/li>\n<li>Physioth\u00e9rapie\u00a0: mouvements passifs dans une amplitude indolore \u00e0 partir de la 2e semaine\u00a0; exercices avec r\u00e9sistance \u00e0 partir de la 6e semaine\u00a0; reprise d\u2019activit\u00e9s sportives intenses entre 4 et 6 mois.<\/li>\n<\/ol>\n<h3 class=\"wp-block-heading\" id=\"therapie-chirurgicale\"><strong>Th\u00e9rapie chirurgicale<\/strong><\/h3>\n<p>Dans certains cas, l\u2019intervention chirurgicale permet une r\u00e9cup\u00e9ration fonctionnelle plus rapide et r\u00e9duit le risque de non-consolidation ou de consolidation vicieuse pour les fractures avec d\u00e9placement important.<\/p>\n<p><strong>Indications pour la chirurgie\u00a0:<\/strong><\/p>\n<ol class=\"wp-block-list\">\n<li>Fractures diaphysaires avec raccourcissement important (plus de 2\u00a0cm) de l\u2019\u00e9paule et d\u00e9placement des fragments. <\/li>\n<li>Fractures ouvertes.<\/li>\n<li>L\u00e9sions vasculaires et nerveuses associ\u00e9es. <\/li>\n<li>Tension cutan\u00e9e au niveau des fragments et risque pour l\u2019int\u00e9grit\u00e9 de la peau.<\/li>\n<li>Fractures multifragmentaires, l\u00e9sions de l\u2019appareil capsulo-ligamentaire des articulations acromio-claviculaire et sterno-claviculaire. <\/li>\n<\/ol>\n<p><strong>Techniques principales :<\/strong><\/p>\n<ol class=\"wp-block-list\">\n<li><strong>R\u00e9duction ouverte et fixation interne (ROFI)<\/strong> \u00e0 l\u2019aide de plaques et de vis. Utilisation d\u2019une \u00e9charpe d\u2019immobilisation pendant\u00a07 \u00e0 10\u00a0jours, puis mouvements actifs du membre dans une amplitude indolore. \u00c0 partir de la 6e semaine, exercices avec r\u00e9sistance et poids. Reprise d\u2019activit\u00e9s sportives intenses au bout de 3\u00a0mois.<\/li>\n<li><strong>Ost\u00e9osynth\u00e8se intram\u00e9dullaire<\/strong> (utilis\u00e9e moins fr\u00e9quemment).<\/li>\n<\/ol>\n<h2 class=\"wp-block-heading\" id=\"reeducation-principes-et-periodes\"><strong>R\u00e9\u00e9ducation\u00a0: principes et p\u00e9riodes<\/strong><\/h2>\n<p>La prise en charge g\u00e9n\u00e9rale de la r\u00e9\u00e9ducation consiste \u00e0 respecter par \u00e9tapes le r\u00e9gime orthop\u00e9dique et le niveau d\u2019effort acceptable\u00a0: immobilisation (\u00e9charpe) \u2192 mouvement passif pr\u00e9coce \u2192 mouvement actif \u2192 r\u00e9cup\u00e9ration de la force musculaire \u2192 reprise de l\u2019activit\u00e9. Le rythme de progression d\u00e9pend du type de fracture et du traitement choisi.<\/p>\n<h3 class=\"wp-block-heading\" id=\"reeducation-en-cas-de-fracture-de-l-extremite-sternale-de-la-clavicule\"><strong>R\u00e9\u00e9ducation en cas de fracture de l\u2019extr\u00e9mit\u00e9 sternale de la clavicule<\/strong><\/h3>\n<figure class=\"wp-block-table table-to-cards\">\n<table>\n<thead>\n<tr>\n<th class=\"has-text-align-center\" data-align=\"center\">Chronologie (semaines)<\/th>\n<th class=\"has-text-align-center\" data-align=\"center\">Charge en poids<\/th>\n<th class=\"has-text-align-center\" data-align=\"center\">Amplitude de mouvements<\/th>\n<th class=\"has-text-align-center\" data-align=\"center\">Remarques<\/th>\n<\/tr>\n<\/thead>\n<tbody>\n<tr>\n<td class=\"has-text-align-center\" data-align=\"center\">0-2<\/td>\n<td class=\"has-text-align-center\" data-align=\"center\">Contre-indiqu\u00e9e<\/td>\n<td class=\"has-text-align-center\" data-align=\"center\">Articulation du coude et articulation radio-carpienne\u00a0\u00ad\u2013 amplitude compl\u00e8te. Articulation gl\u00e9no-hum\u00e9rale\u00a0\u2013 mouvement contre-indiqu\u00e9<\/td>\n<td class=\"has-text-align-center\" data-align=\"center\">Immobilisation par \u00e9charpe. Surveillance des l\u00e9sions vasculaires et organiques<\/td>\n<\/tr>\n<tr>\n<td class=\"has-text-align-center\" data-align=\"center\">2-6<\/td>\n<td class=\"has-text-align-center\" data-align=\"center\">Contre-indiqu\u00e9e<\/td>\n<td class=\"has-text-align-center\" data-align=\"center\">Mouvements pendulaires, flexions passives de l\u2019articulation gl\u00e9no-hum\u00e9rale <\u00a090\u00b0 (avec contr\u00f4le de la douleur)<\/td>\n<td class=\"has-text-align-center\" data-align=\"center\"> \u2013 <\/td>\n<\/tr>\n<tr>\n<td class=\"has-text-align-center\" data-align=\"center\">6-8<\/td>\n<td class=\"has-text-align-center\" data-align=\"center\">Jusqu\u2019\u00e0 1\u00a0kg<\/td>\n<td class=\"has-text-align-center\" data-align=\"center\">Amplitude de mouvement actif de l\u2019articulation gl\u00e9no-hum\u00e9rale >\u00a090\u00b0 (avec contr\u00f4le de la douleur)<\/td>\n<td class=\"has-text-align-center\" data-align=\"center\">Radiographie par \u00e9tapes pour d\u00e9terminer la dynamique de consolidation de la fracture<\/td>\n<\/tr>\n<tr>\n<td class=\"has-text-align-center\" data-align=\"center\">8-12<\/td>\n<td class=\"has-text-align-center\" data-align=\"center\">Augmentation progressive du poids admissible en fonction de la tol\u00e9rance<\/td>\n<td class=\"has-text-align-center\" data-align=\"center\">Amplitude compl\u00e8te de mouvement actif de l\u2019articulation gl\u00e9no-hum\u00e9rale. Exercices isom\u00e9triques<\/td>\n<td class=\"has-text-align-center\" data-align=\"center\"> \u2013 <\/td>\n<\/tr>\n<tr>\n<td class=\"has-text-align-center\" data-align=\"center\">12+<\/td>\n<td class=\"has-text-align-center\" data-align=\"center\">Sans restriction<\/td>\n<td class=\"has-text-align-center\" data-align=\"center\">Sans restriction<\/td>\n<td class=\"has-text-align-center\" data-align=\"center\">Radiographie par \u00e9tapes pour d\u00e9terminer la dynamique de consolidation de la fracture. La reprise des activit\u00e9s sportives d\u00e9pend du type de sport et des donn\u00e9es radiographiques<\/td>\n<\/tr>\n<\/tbody>\n<\/table>\n<\/figure>\n<h3 class=\"wp-block-heading\" id=\"reeducation-en-cas-de-fracture-de-la-diaphyse-claviculaire\"><strong>R\u00e9\u00e9ducation en cas de fracture de la diaphyse claviculaire<\/strong><\/h3>\n<h4 class=\"wp-block-heading\"><strong>Traitement conservateur<\/strong><\/h4>\n<figure class=\"wp-block-table table-to-cards\">\n<table>\n<thead>\n<tr>\n<th class=\"has-text-align-center\" data-align=\"center\">Chronologie (semaines)<\/th>\n<th class=\"has-text-align-center\" data-align=\"center\">Charge en poids<\/th>\n<th class=\"has-text-align-center\" data-align=\"center\">Amplitude de mouvements<\/th>\n<\/tr>\n<\/thead>\n<tbody>\n<tr>\n<td class=\"has-text-align-center\" data-align=\"center\">0-2<\/td>\n<td class=\"has-text-align-center\" data-align=\"center\">Contre-indiqu\u00e9e<\/td>\n<td class=\"has-text-align-center\" data-align=\"center\">Articulation du coude et articulation radio-carpienne\u00a0\u00ad\u2013 amplitude compl\u00e8te. Articulation gl\u00e9no-hum\u00e9rale\u00a0\u2013 mouvement contre-indiqu\u00e9<\/td>\n<\/tr>\n<tr>\n<td class=\"has-text-align-center\" data-align=\"center\">2-6<\/td>\n<td class=\"has-text-align-center\" data-align=\"center\">Contre-indiqu\u00e9e<\/td>\n<td class=\"has-text-align-center\" data-align=\"center\">Mouvements pendulaires passifs (flexion de l\u2019articulation gl\u00e9no-hum\u00e9rale <\u00a090\u00b0) avec passage \u00e0 des mouvements actifs sous contr\u00f4le de la douleur<\/td>\n<\/tr>\n<tr>\n<td class=\"has-text-align-center\" data-align=\"center\">6-8<\/td>\n<td class=\"has-text-align-center\" data-align=\"center\">Augmentation progressive jusqu\u2019\u00e0 3\u00a0kg<\/td>\n<td class=\"has-text-align-center\" data-align=\"center\">Amplitude compl\u00e8te de mouvement actif de l\u2019articulation gl\u00e9no-hum\u00e9rale. Exercices isom\u00e9triques<\/td>\n<\/tr>\n<tr>\n<td class=\"has-text-align-center\" data-align=\"center\">8-12<\/td>\n<td class=\"has-text-align-center\" data-align=\"center\">Augmentation progressive du poids admissible en fonction de la tol\u00e9rance<\/td>\n<td class=\"has-text-align-center\" data-align=\"center\">Amplitude compl\u00e8te de mouvement actif de l\u2019articulation gl\u00e9no-hum\u00e9rale. Exercices visant \u00e0 restaurer la force du membre affect\u00e9<\/td>\n<\/tr>\n<tr>\n<td class=\"has-text-align-center\" data-align=\"center\">12+<\/td>\n<td class=\"has-text-align-center\" data-align=\"center\">Compl\u00e8te<\/td>\n<td class=\"has-text-align-center\" data-align=\"center\">Reprise des activit\u00e9s quotidiennes. Reprise des activit\u00e9s sportives\u00a0\u2013 en fonction du type de sport<\/td>\n<\/tr>\n<\/tbody>\n<\/table>\n<\/figure>\n<h4 class=\"wp-block-heading\"><strong>Traitement chirurgical<\/strong><\/h4>\n<figure class=\"wp-block-table table-to-cards\">\n<table>\n<thead>\n<tr>\n<th class=\"has-text-align-center\" data-align=\"center\">Chronologie (semaines)<\/th>\n<th class=\"has-text-align-center\" data-align=\"center\">Charge en poids<\/th>\n<th class=\"has-text-align-center\" data-align=\"center\">Amplitude de mouvements<\/th>\n<\/tr>\n<\/thead>\n<tbody>\n<tr>\n<td class=\"has-text-align-center\" data-align=\"center\">0-2<\/td>\n<td class=\"has-text-align-center\" data-align=\"center\">Contre-indiqu\u00e9e. Immobilisation par \u00e9charpe<\/td>\n<td class=\"has-text-align-center\" data-align=\"center\">Articulation du coude et articulation radio-carpienne\u00a0\u00ad\u2013 amplitude compl\u00e8te. Articulation gl\u00e9no-hum\u00e9rale\u00a0\u2013 mouvements pendulaires dans une amplitude indolore<\/td>\n<\/tr>\n<tr>\n<td class=\"has-text-align-center\" data-align=\"center\">2-4<\/td>\n<td class=\"has-text-align-center\" data-align=\"center\">1\u00a0kg au maximum<\/td>\n<td class=\"has-text-align-center\" data-align=\"center\">Abduction et flexion <\u00a090\u00b0 \u00e0 l\u2019aide du membre sain avec contr\u00f4le de la douleur<\/td>\n<\/tr>\n<tr>\n<td class=\"has-text-align-center\" data-align=\"center\">4-6<\/td>\n<td class=\"has-text-align-center\" data-align=\"center\">2\u00a0kg au maximum<\/td>\n<td class=\"has-text-align-center\" data-align=\"center\">Amplitude compl\u00e8te de mouvement actif<\/td>\n<\/tr>\n<tr>\n<td class=\"has-text-align-center\" data-align=\"center\">6-8<\/td>\n<td class=\"has-text-align-center\" data-align=\"center\">Augmentation progressive du poids admissible en fonction de la tol\u00e9rance<\/td>\n<td class=\"has-text-align-center\" data-align=\"center\">Amplitude compl\u00e8te de mouvement actif. Exercices pour restaurer la force musculaire<\/td>\n<\/tr>\n<tr>\n<td class=\"has-text-align-center\" data-align=\"center\">8+<\/td>\n<td class=\"has-text-align-center\" data-align=\"center\">Sans restriction<\/td>\n<td class=\"has-text-align-center\" data-align=\"center\">Augmentation de l\u2019intensit\u00e9 des exercices. Reprise des activit\u00e9s sportives au plus t\u00f4t apr\u00e8s 12\u00a0semaines<\/td>\n<\/tr>\n<\/tbody>\n<\/table>\n<\/figure>\n<h3 class=\"wp-block-heading\" id=\"reeducation-en-cas-de-fracture-de-l-extremite-acromiale-de-la-clavicule\"><strong>R\u00e9\u00e9ducation en cas de fracture de l\u2019extr\u00e9mit\u00e9 acromiale de la clavicule<\/strong><\/h3>\n<h4 class=\"wp-block-heading\"><strong>Traitement conservateur <\/strong><\/h4>\n<figure class=\"wp-block-table table-to-cards\">\n<table>\n<thead>\n<tr>\n<th class=\"has-text-align-center\" data-align=\"center\">Chronologie (semaines)<\/th>\n<th class=\"has-text-align-center\" data-align=\"center\">Charge en poids<\/th>\n<th class=\"has-text-align-center\" data-align=\"center\">Amplitude de mouvements<\/th>\n<\/tr>\n<\/thead>\n<tbody>\n<tr>\n<td class=\"has-text-align-center\" data-align=\"center\">0-2<\/td>\n<td class=\"has-text-align-center\" data-align=\"center\">Contre-indiqu\u00e9e. Immobilisation par \u00e9charpe<\/td>\n<td class=\"has-text-align-center\" data-align=\"center\">Articulation du coude et articulation radio-carpienne\u00a0\u00ad\u2013 amplitude compl\u00e8te. Articulation gl\u00e9no-hum\u00e9rale\u00a0\u2013 mouvement contre-indiqu\u00e9<\/td>\n<\/tr>\n<tr>\n<td class=\"has-text-align-center\" data-align=\"center\">2-6<\/td>\n<td class=\"has-text-align-center\" data-align=\"center\">1\u00a0kg au maximum<\/td>\n<td class=\"has-text-align-center\" data-align=\"center\">Mouvements passifs de l\u2019articulation gl\u00e9no-hum\u00e9rale <\u00a090\u00b0 (flexion et abduction)<\/td>\n<\/tr>\n<tr>\n<td class=\"has-text-align-center\" data-align=\"center\">6-10<\/td>\n<td class=\"has-text-align-center\" data-align=\"center\">Augmentation progressive du poids admissible en fonction de la tol\u00e9rance<\/td>\n<td class=\"has-text-align-center\" data-align=\"center\">Amplitude de mouvement actif de l\u2019articulation gl\u00e9no-hum\u00e9rale >\u00a090\u00b0. Exercices pour restaurer la force musculaire<\/td>\n<\/tr>\n<tr>\n<td class=\"has-text-align-center\" data-align=\"center\">10+<\/td>\n<td class=\"has-text-align-center\" data-align=\"center\">Sans restriction<\/td>\n<td class=\"has-text-align-center\" data-align=\"center\">Reprise des activit\u00e9s sportives apr\u00e8s confirmation radiographique de la consolidation de la fracture<\/td>\n<\/tr>\n<\/tbody>\n<\/table>\n<\/figure>\n<h4 class=\"wp-block-heading\"><strong>Traitement chirurgical <\/strong><\/h4>\n<figure class=\"wp-block-table table-to-cards\">\n<table>\n<thead>\n<tr>\n<th class=\"has-text-align-center\" data-align=\"center\">Chronologie (semaines)<\/th>\n<th class=\"has-text-align-center\" data-align=\"center\">Charge en poids<\/th>\n<th class=\"has-text-align-center\" data-align=\"center\">Amplitude de mouvements<\/th>\n<\/tr>\n<\/thead>\n<tbody>\n<tr>\n<td class=\"has-text-align-center\" data-align=\"center\">0-2<\/td>\n<td class=\"has-text-align-center\" data-align=\"center\">Contre-indiqu\u00e9e. Immobilisation par \u00e9charpe<\/td>\n<td class=\"has-text-align-center\" data-align=\"center\">Articulation du coude et articulation radio-carpienne\u00a0\u00ad\u2013 amplitude compl\u00e8te. Articulation gl\u00e9no-hum\u00e9rale\u00a0\u2013 mouvement contre-indiqu\u00e9<\/td>\n<\/tr>\n<tr>\n<td class=\"has-text-align-center\" data-align=\"center\">2-4<\/td>\n<td class=\"has-text-align-center\" data-align=\"center\">1\u00a0kg au maximum<\/td>\n<td class=\"has-text-align-center\" data-align=\"center\">Mouvements passifs pendulaires de l\u2019articulation gl\u00e9no-hum\u00e9rale <\u00a090\u00b0 (flexion et abduction)<\/td>\n<\/tr>\n<tr>\n<td class=\"has-text-align-center\" data-align=\"center\">4-6<\/td>\n<td class=\"has-text-align-center\" data-align=\"center\">2\u00a0kg au maximum<\/td>\n<td class=\"has-text-align-center\" data-align=\"center\">Amplitude de mouvement actif de l\u2019articulation gl\u00e9no-hum\u00e9rale >\u00a090\u00b0. Exercices pour restaurer la force musculaire<\/td>\n<\/tr>\n<tr>\n<td class=\"has-text-align-center\" data-align=\"center\">6-10<\/td>\n<td class=\"has-text-align-center\" data-align=\"center\">Augmentation progressive du poids admissible en fonction de la tol\u00e9rance<\/td>\n<td class=\"has-text-align-center\" data-align=\"center\">Amplitude compl\u00e8te de mouvement. Progression de l\u2019effort pour restaurer la force musculaire<\/td>\n<\/tr>\n<tr>\n<td class=\"has-text-align-center\" data-align=\"center\">10+<\/td>\n<td class=\"has-text-align-center\" data-align=\"center\">Sans restriction<\/td>\n<td class=\"has-text-align-center\" data-align=\"center\">Reprise des activit\u00e9s sportives apr\u00e8s confirmation radiographique de la consolidation de la fracture<\/td>\n<\/tr>\n<\/tbody>\n<\/table>\n<\/figure>\n<h2 class=\"wp-block-heading\" id=\"protocole-de-reprise-des-activites-sportives\"><strong>Protocole de reprise des activit\u00e9s sportives<\/strong><\/h2>\n<p><strong>Conditions g\u00e9n\u00e9rales de reprise\u00a0: <\/strong><\/p>\n<ul class=\"wp-block-list\">\n<li>Absence de douleur locale au niveau de la fracture.<\/li>\n<li>Signes radiographiques de consolidation de la fracture. <\/li>\n<li>Amplitude compl\u00e8te et indolore de mouvement actif de l\u2019articulation gl\u00e9no-hum\u00e9rale. <\/li>\n<li>Capacit\u00e9 \u00e0 r\u00e9aliser des mouvements sportifs sp\u00e9cifiques sans restriction. <\/li>\n<\/ul>\n<p>La reprise progressive des activit\u00e9s sportives doit \u00eatre adapt\u00e9e \u00e0 la chronologie de la blessure. <\/p>\n<p><strong>Progression de l\u2019effort par phases\u00a0:<\/strong><\/p>\n<ul class=\"wp-block-list\">\n<li><strong>Premi\u00e8re phase (jusqu\u2019\u00e0 2\u20133 semaines)<\/strong>\u00a0: Seules les contractions isom\u00e9triques des muscles de la ceinture pectorale sont autoris\u00e9es. <\/li>\n<li><strong>Deuxi\u00e8me phase (2 \u00e0 6 semaines)<\/strong>\u00a0: Les activit\u00e9s non li\u00e9es au membre bless\u00e9 sont autoris\u00e9es (v\u00e9lo d\u2019appartement, entra\u00eenement des membres inf\u00e9rieurs (sans chocs), activit\u00e9s a\u00e9robiques sans poids). Les exercices de r\u00e9sistance avec le membre bless\u00e9, les exercices au-dessus de la t\u00eate et le levage de poids sont interdits. <\/li>\n<li><strong>Troisi\u00e8me phase (6 \u00e0 9 semaines)<\/strong>\u00a0: Les exercices avec charges l\u00e9g\u00e8res et les exercices au poids du corps (planche, pompes, burpee) sont autoris\u00e9s dans la mesure du tol\u00e9rable. <\/li>\n<li><strong>Quatri\u00e8me phase (9 \u00e0 12 semaines)<\/strong>\u00a0: Si les crit\u00e8res d\u2019admission sont remplis (confirmation radiographique de la consolidation, mouvement indolore, etc.), les sports sans contact sont autoris\u00e9s. <\/li>\n<li><strong>Cinqui\u00e8me phase (plus de 12\u00a0semaines)<\/strong>\u00a0: Les sports de contact et la participation \u00e0 des comp\u00e9titions sont autoris\u00e9s. <\/li>\n<\/ul>\n<p>La reprise des sports de contact est autoris\u00e9e 12\u00a0semaines apr\u00e8s la blessure, sous r\u00e9serve de confirmation radiographique de la consolidation de la fracture. Les processus de r\u00e9cup\u00e9ration et de gu\u00e9rison sont plus lents chez les personnes \u00e2g\u00e9es, les patients souffrant de troubles m\u00e9taboliques et ceux ayant subi un traumatisme de haute \u00e9nergie. La r\u00e9cup\u00e9ration et la gu\u00e9rison sont plus rapides chez les enfants. <\/p>\n<div class=\"social-banner-block\">\n<div class=\"social-banner-content\">\n<p class=\"h5-title text-black\">Retrouvez d\u2019autres contenus scientifiquement exacts sur nos m\u00e9dias sociaux<\/p>\n<p><span class=\"social-banner-text text-grey\">Abonnez-vous et ne manquez pas les derni\u00e8res ressources<\/span><\/p>\n<div class=\"social-links-wrapper\"><a class=\"social-icon-link\" href=\"https:\/\/www.facebook.com\/VOKA3DAnatomyAndPathology\/\" target=\"_blank\" rel=\"nofollow noopener\"><img decoding=\"async\" src=\"https:\/\/storage.googleapis.com\/dev_wiki_voka_io_303011\/common\/Social%20Icons\/facebook.svg\" alt=\"social link\"><\/a><a class=\"social-icon-link\" href=\"https:\/\/www.instagram.com\/voka.io\/\" target=\"_blank\" rel=\"nofollow noopener\"><img decoding=\"async\" src=\"https:\/\/storage.googleapis.com\/dev_wiki_voka_io_303011\/common\/Social%20Icons\/insta.svg\" alt=\"social link\"><\/a><a class=\"social-icon-link\" href=\"https:\/\/www.linkedin.com\/company\/voka-io\/posts\/?feedView=all\" target=\"_blank\" rel=\"nofollow noopener\"><img decoding=\"async\" src=\"https:\/\/storage.googleapis.com\/dev_wiki_voka_io_303011\/common\/Social%20Icons\/linkedin.svg\" alt=\"social link\"><\/a><a class=\"social-icon-link\" href=\"https:\/\/www.youtube.com\/@vokaio\" target=\"_blank\" rel=\"nofollow noopener\"><img decoding=\"async\" src=\"https:\/\/storage.googleapis.com\/dev_wiki_voka_io_303011\/common\/Social%20Icons\/youtube.svg\" alt=\"social link\"><\/a><a class=\"social-icon-link\" href=\"https:\/\/www.pinterest.com\/voka3danatomyandpathology\/\" target=\"_blank\" rel=\"nofollow noopener\"><img decoding=\"async\" src=\"https:\/\/storage.googleapis.com\/dev_wiki_voka_io_303011\/common\/Social%20Icons\/pinterest.svg\" alt=\"social link\"><\/a><a class=\"social-icon-link\" href=\"https:\/\/www.tiktok.com\/@voka.io\" target=\"_blank\" rel=\"nofollow noopener\"><img decoding=\"async\" src=\"https:\/\/storage.googleapis.com\/dev_wiki_voka_io_303011\/common\/Social%20Icons\/tiktok.svg\" alt=\"social link\"><\/a><a class=\"social-icon-link\" href=\"https:\/\/discord.gg\/7ejUpq8DRR\" target=\"_blank\" rel=\"nofollow noopener\"><img decoding=\"async\" src=\"https:\/\/storage.googleapis.com\/dev_wiki_voka_io_303011\/common\/Social%20Icons\/discord.svg\" alt=\"social link\"><\/a><\/div>\n<\/div>\n<p><img decoding=\"async\" class=\"social-banner-image\" loading=\"lazy\" src=\"https:\/\/storage.googleapis.com\/dev_wiki_voka_io_303011\/common\/social-media-banner-mobile-image.webp\" alt=\"Banner background\"><\/div>\n<h2 class=\"wp-block-heading\" id=\"pronostic\"><strong>Pronostic<\/strong><\/h2>\n<p>Le pronostic des fractures de la clavicule est g\u00e9n\u00e9ralement favorable, mais le r\u00e9sultat du traitement d\u00e9pend largement de la localisation de la fracture et de la strat\u00e9gie choisie.<\/p>\n<ul class=\"wp-block-list\">\n<li><strong>Fractures de l\u2019extr\u00e9mit\u00e9 sternale de la clavicule\u00a0: <\/strong>relativement rares. Avec un traitement conservateur, on observe un taux \u00e9lev\u00e9 de consolidation de la fracture et un faible niveau de complications. Un traitement chirurgical permet souvent une r\u00e9cup\u00e9ration plus rapide du membre bless\u00e9. <\/li>\n<li><strong>Fractures diaphysaires<\/strong>\u00a0: lorsque les indications th\u00e9rapeutiques sont respect\u00e9es, la consolidation se produit dans 85\u00a0% des cas avec un traitement conservateur et dans plus de 95\u00a0% des cas avec un traitement chirurgical. Le traitement chirurgical permet un retour plus rapide \u00e0 une activit\u00e9 physique compl\u00e8te. <\/li>\n<li><strong>Fracture de l\u2019extr\u00e9mit\u00e9 acromiale de la clavicule<\/strong>\u00a0: le risque de non-consolidation atteint 30\u00a0% avec un traitement conservateur. Il existe \u00e9galement un risque de dysfonctionnement de l\u2019\u00e9paule d\u00fb \u00e0 une diminution de la force du muscle delto\u00efde. Le traitement chirurgical permet une r\u00e9cup\u00e9ration pr\u00e9coce de la fonction du membre bless\u00e9 et assure \u00e9galement des taux \u00e9lev\u00e9s de consolidation de la fracture.<\/li>\n<\/ul>\n<div>\n<h2 class=\"faq-title h2-article\" id=\"faq\">FAQ<\/h2>\n<div class=\"faq-section\">\n<div class=\"faq-item faq-answer-hidden\">\n<div class=\"question-block\">\n<div class=\"faq-question\">\n<p class=\" text-black h5-title\">1. Combien de temps faut-il pour qu\u2019une fracture de la clavicule se consolide\u00a0?<\/p>\n<\/div>\n<div class=\"faq-answer text-main-text-color main-text-medium\">Chez les adultes, une fracture de la clavicule gu\u00e9rit en 6 \u00e0 12\u00a0semaines, selon la gravit\u00e9 et la m\u00e9thode de traitement. Une consolidation osseuse compl\u00e8te peut prendre jusqu\u2019\u00e0 un an.<\/div>\n<\/div>\n<div class=\"expand-button-wrapper\"><button class=\"text-accent expand-button\">+<\/button><\/div>\n<\/div>\n<div class=\"faq-item faq-answer-hidden\">\n<div class=\"question-block\">\n<div class=\"faq-question\">\n<p class=\" text-black h5-title\">2. Pourquoi une fracture de la clavicule peut-elle entra\u00eener un engourdissement du bras\u00a0? <\/p>\n<\/div>\n<div class=\"faq-answer text-main-text-color main-text-medium\">Un engourdissement ou des picotements dans les doigts peuvent indiquer que les fragments d\u00e9plac\u00e9s de la clavicule ou l\u2019\u0153d\u00e8me compriment le plexus brachial (nerfs) ou les vaisseaux sanguins situ\u00e9s sous la clavicule. Il s\u2019agit d\u2019un sympt\u00f4me inqui\u00e9tant qui n\u00e9cessite une consultation m\u00e9dicale imm\u00e9diate.<\/div>\n<\/div>\n<div class=\"expand-button-wrapper\"><button class=\"text-accent expand-button\">+<\/button><\/div>\n<\/div>\n<div class=\"faq-item faq-answer-hidden\">\n<div class=\"question-block\">\n<div class=\"faq-question\">\n<p class=\" text-black h5-title\">3. La chirurgie est-elle toujours n\u00e9cessaire en cas de d\u00e9placement\u00a0?<\/p>\n<\/div>\n<div class=\"faq-answer text-main-text-color main-text-medium\">Non. Si le raccourcissement de la clavicule est inf\u00e9rieur \u00e0 2\u00a0cm et qu\u2019il n\u2019y a pas de risque pour la peau, un traitement conservateur (r\u00e9duction et fixation par bandage) est possible. Cependant, la chirurgie permet une r\u00e9cup\u00e9ration plus rapide de la fonction du bras et r\u00e9duit le risque de consolidation vicieuse.<\/div>\n<\/div>\n<div class=\"expand-button-wrapper\"><button class=\"text-accent expand-button\">+<\/button><\/div>\n<\/div>\n<div class=\"faq-item faq-answer-hidden\">\n<div class=\"question-block\">\n<div class=\"faq-question\">\n<p class=\" text-black h5-title\">4. Comment dormir en cas de fracture de la clavicule\u00a0?<\/p>\n<\/div>\n<div class=\"faq-answer text-main-text-color main-text-medium\">Au cours des premi\u00e8res semaines, il est recommand\u00e9 de dormir en position semi-assise (sur des oreillers hauts) afin de r\u00e9duire le gonflement et la douleur. Il est possible de dormir sur le c\u00f4t\u00e9 sain si le bandage assure une fixation stable. Il est interdit de dormir sur le ventre ou sur le c\u00f4t\u00e9 fractur\u00e9.<\/div>\n<\/div>\n<div class=\"expand-button-wrapper\"><button class=\"text-accent expand-button\">+<\/button><\/div>\n<\/div>\n<div class=\"faq-item faq-answer-hidden\">\n<div class=\"question-block\">\n<div class=\"faq-question\">\n<p class=\" text-black h5-title\">5. Quelles sont les cons\u00e9quences possibles d\u2019une fracture de la clavicule\u00a0?<\/p>\n<\/div>\n<div class=\"faq-answer text-main-text-color main-text-medium\">Avec un traitement appropri\u00e9, le pronostic est favorable. Complications possibles\u00a0: consolidation vicieuse (raccourcissement, d\u00e9formation), fausse articulation (non-consolidation), arthrose post-traumatique, engourdissement de la peau au niveau de la cicatrice (postop\u00e9ratoire).<\/div>\n<\/div>\n<div class=\"expand-button-wrapper\"><button class=\"text-accent expand-button\">+<\/button><\/div>\n<\/div>\n<\/div>\n<\/div>\n<div class=\"sources-list-block sources-list-hidden\" id=\"references\">\n<div class=\"sources-list-content\">\n<div class=\"sources-list-title\">\n<p class=\"small-text-bold text-black sources-list-title-text\">R\u00e9f\u00e9rences<\/p>\n<div class=\"sources-expand-button-wrapper-mobile\">\n<div class=\"sources-expand-button\"><svg width=\"32\" height=\"32\" viewbox=\"0 0 32 32\" fill=\"none\" xmlns=\"http:\/\/www.w3.org\/2000\/svg\"><path d=\"M8 12L16 20L24 12\" stroke=\"#8C9AAB\" stroke-width=\"2\" stroke-linecap=\"round\" stroke-linejoin=\"round\"><\/path><\/svg><\/div>\n<\/div>\n<\/div>\n<div class=\"sources-list-items\">\n<div class=\"source-item\">\n<p class=\"main-text-semibold text-black\">1.<\/p>\n<div class=\"source-item-content\">\n<p class=\"main-text-semibold text-black\"><cite>VOKA 3D Anatomie et Pathologie \u2013 Atlas 3D complet d\u2019anatomie et de pathologie [Internet]. VOKA 3D Anatomie et Pathologie.<\/cite><\/p>\n<p><span class=\"small-text-medium text-grey\">Disponible \u00e0 l\u2019adresse\u00a0: https:\/\/catalog.voka.io\/<\/span><\/div>\n<\/div>\n<div class=\"source-item\">\n<p class=\"main-text-semibold text-black\">2.<\/p>\n<div class=\"source-item-content\">\n<p class=\"main-text-semibold text-black\"><cite>Moverley R, Little N, Gulihar A, Singh B. Current concepts in the management of clavicle fractures [Concepts actuels dans la prise en charge des fractures de la clavicule]. J Clin Orthop Trauma. 2020 Feb;11(Suppl 1):S25-S30.<\/cite><\/p>\n<\/div>\n<\/div>\n<div class=\"source-item\">\n<p class=\"main-text-semibold text-black\">3.<\/p>\n<div class=\"source-item-content\">\n<p class=\"main-text-semibold text-black\"><cite>Kang LX, Faulkner HJ, Howard WH, Low AK. Displaced medial clavicle fractures: a systematic review of outcomes after nonoperative and operative management [Fractures d\u00e9plac\u00e9es de l\u2019extr\u00e9mit\u00e9 m\u00e9diale de la clavicule\u00a0: revue syst\u00e9matique des r\u00e9sultats apr\u00e8s traitement non chirurgical et chirurgical]. JSES Int. 2022 Oct 15;7(1):79-85.<\/cite><\/p>\n<\/div>\n<\/div>\n<div class=\"source-item\">\n<p class=\"main-text-semibold text-black\">4.<\/p>\n<div class=\"source-item-content\">\n<p class=\"main-text-semibold text-black\"><cite>von R\u00fcden C, Rehme-R\u00f6hrl J, Augat P, Friederichs J, Hackl S, Stuby F, Trapp O. Evidence on treatment of clavicle fractures [Donn\u00e9es probantes sur le traitement des fractures de la clavicule]. Injury. 2023 Oct;54 Suppl 5:110818.<\/cite><\/p>\n<\/div>\n<\/div>\n<div class=\"source-item\">\n<p class=\"main-text-semibold text-black\">5.<\/p>\n<div class=\"source-item-content\">\n<p class=\"main-text-semibold text-black\"><cite>Yan MZ, Yuen WS, Yeung SC, Wing-Yin CW, Wong SC, Si-Qi WW, Tian E, Rashed S, Yung CSY, Fang CX. Operative management of midshaft clavicle fractures demonstrates better long-term outcomes: A systematic review and meta-analysis of randomised controlled trials [La prise en charge chirurgicale des fractures de la partie m\u00e9diane de la clavicule donne de meilleurs r\u00e9sultats \u00e0 long terme\u00a0: revue syst\u00e9matique et m\u00e9ta-analyse d\u2019essais contr\u00f4l\u00e9s randomis\u00e9s]. PLoS One. 2022 Apr 29;17(4):e0267861.<\/cite><\/p>\n<\/div>\n<\/div>\n<div class=\"source-item\">\n<p class=\"main-text-semibold text-black\">6.<\/p>\n<div class=\"source-item-content\">\n<p class=\"main-text-semibold text-black\"><cite>Panagopoulos A, Solou K, Tatani I, Triantafyllopoulos IK, Lakoumentas J, Kouzelis A, Athanasiou V, Kokkalis ZT. What is the optimal surgical treatment for Neer type IIB (IIC) distal clavicle fractures? A systematic review and meta-analysis [Choisir le traitement chirurgical optimal pour les fractures distales de la clavicule de type IIB (IIC) selon Neer\u00a0: revue syst\u00e9matique et m\u00e9ta-analyse]. J Orthop Surg Res. 2022 Apr 7;17(1):215.<\/cite><\/p>\n<\/div>\n<\/div>\n<div class=\"source-item\">\n<p class=\"main-text-semibold text-black\">7.<\/p>\n<div class=\"source-item-content\">\n<p class=\"main-text-semibold text-black\"><cite>Wang C, Li X, Dong S, Xie W, Ling Z, Meng C, St\u00f6ckle U. Midshaft clavicle fractures with associated ipsilateral acromioclavicular joint injuries: a systematic review [Fractures de la partie m\u00e9diane de la clavicule associ\u00e9es \u00e0 des l\u00e9sions acromio-claviculaires homolat\u00e9rales\u00a0: revue syst\u00e9matique]. BMC Surg. 2025 Feb 28;25(1):87.<\/cite><\/p>\n<\/div>\n<\/div>\n<div class=\"source-item\">\n<p class=\"main-text-semibold text-black\">8.<\/p>\n<div class=\"source-item-content\">\n<p class=\"main-text-semibold text-black\"><cite>Yue L, Huang C, Zhang J, Wang Z, Wang S, Sun H. Treatment Strategies for Distal Clavicle Fractures: A Narrative Review [Strat\u00e9gies de traitement des fractures distales de la clavicule\u00a0: revue narrative]. Orthop Res Rev. 2025 May 19;17:221-227.<\/cite><\/p>\n<\/div>\n<\/div>\n<div class=\"source-item\">\n<p class=\"main-text-semibold text-black\">9.<\/p>\n<div class=\"source-item-content\">\n<p class=\"main-text-semibold text-black\"><cite>Kilkenny CJ, Daly GR, Whelehan SP, Vukanic D, Alrawashdeh M, Boland F, Quinlan JF, Molony DC. Return to play following clavicular fracture \u2013 A systematic review and meta analysis [Reprise du sport apr\u00e8s une fracture de la clavicule\u00a0: revue syst\u00e9matique et m\u00e9ta-analyse]. JSES Rev Rep Tech. 2024 Dec 14;5(2):259-269.<\/cite><\/p>\n<\/div>\n<\/div>\n<\/div>\n<\/div>\n<div class=\"sources-expand-button-wrapper\">\n<div class=\"sources-expand-button\"><svg width=\"32\" height=\"32\" viewbox=\"0 0 32 32\" fill=\"none\" xmlns=\"http:\/\/www.w3.org\/2000\/svg\"><path d=\"M8 12L16 20L24 12\" stroke=\"#8C9AAB\" stroke-width=\"2\" stroke-linecap=\"round\" stroke-linejoin=\"round\"><\/path><\/svg><\/div>\n<\/div>\n<\/div>\n","protected":false},"excerpt":{"rendered":"<p>La clavicule est un os en forme de S (plat lat\u00e9ralement, cylindrique au milieu et en forme de prisme m\u00e9dialement) qui est reli\u00e9 au sternum par l&rsquo;articulation sterno-claviculaire et \u00e0 la scapula par l&rsquo;articulation acromio-claviculaire. Elle joue un r\u00f4le cl\u00e9 dans la stabilit\u00e9 de l&rsquo;\u00e9paule. \u00c9tiologie et m\u00e9canisme de la l\u00e9sion Les fractures de la [&hellip;]<\/p>\n","protected":false},"author":19,"featured_media":0,"template":"","diseases_category":[314],"class_list":["post-2820","diseases_post","type-diseases_post","status-publish","hentry","diseases_category-traumatologie"],"acf":[],"yoast_head":"<!-- This site is optimized with the Yoast SEO Premium plugin v25.0 (Yoast SEO v26.5) - https:\/\/yoast.com\/wordpress\/plugins\/seo\/ -->\n<title>Fractures de la clavicule\u00a0: \u00e9tiologie, classification, diagnostic et traitement<\/title>\n<meta name=\"description\" content=\"Aper\u00e7u d\u00e9taill\u00e9 des fractures de la clavicule. D\u00e9couvrez le m\u00e9canisme l\u00e9sionnel, la classification, les strat\u00e9gies de traitement conservateur et chirurgical, ainsi que les protocoles de r\u00e9\u00e9ducation.\" \/>\n<meta name=\"robots\" content=\"index, follow, max-snippet:-1, max-image-preview:large, max-video-preview:-1\" \/>\n<link rel=\"canonical\" href=\"https:\/\/wiki.dev.voka.io\/fr\/maladies\/traumatologie\/fractures-de-la-clavicule\/\" \/>\n<meta property=\"og:locale\" content=\"fr_FR\" \/>\n<meta property=\"og:type\" content=\"article\" \/>\n<meta property=\"og:title\" content=\"Fractures de la clavicule&nbsp;: classification, sympt\u00f4mes, m\u00e9thodes de traitement et r\u00e9\u00e9ducation\" \/>\n<meta property=\"og:description\" content=\"Aper\u00e7u d\u00e9taill\u00e9 des fractures de la clavicule. D\u00e9couvrez le m\u00e9canisme l\u00e9sionnel, la classification, les strat\u00e9gies de traitement conservateur et chirurgical, ainsi que les protocoles de r\u00e9\u00e9ducation.\" \/>\n<meta property=\"og:url\" content=\"https:\/\/wiki.dev.voka.io\/fr\/maladies\/traumatologie\/fractures-de-la-clavicule\/\" \/>\n<meta property=\"og:site_name\" content=\"Voka Wiki\" \/>\n<meta property=\"article:publisher\" content=\"https:\/\/www.facebook.com\/VOKA3DAnatomyAndPathology\/\" \/>\n<meta name=\"twitter:card\" content=\"summary_large_image\" \/>\n<meta name=\"twitter:label1\" content=\"Dur\u00e9e de lecture estim\u00e9e\" \/>\n\t<meta name=\"twitter:data1\" content=\"11 minutes\" \/>\n<script type=\"application\/ld+json\" class=\"yoast-schema-graph\">{\"@context\":\"https:\/\/schema.org\",\"@graph\":[{\"@type\":\"Article\",\"@id\":\"https:\/\/wiki.dev.voka.io\/fr\/maladies\/traumatologie\/fractures-de-la-clavicule\/#article\",\"isPartOf\":{\"@id\":\"https:\/\/wiki.dev.voka.io\/fr\/maladies\/traumatologie\/fractures-de-la-clavicule\/\"},\"author\":{\"name\":\"Aleksandr K.\",\"@id\":\"https:\/\/wiki.dev.voka.io\/fr\/#\/schema\/person\/9510f0c38a3a1d38fc04cb2d59c7d83c\"},\"headline\":\"Fractures de la clavicule&nbsp;: classification, sympt\u00f4mes, m\u00e9thodes de traitement et r\u00e9\u00e9ducation\",\"datePublished\":\"2026-01-29T14:26:11+00:00\",\"mainEntityOfPage\":{\"@id\":\"https:\/\/wiki.dev.voka.io\/fr\/maladies\/traumatologie\/fractures-de-la-clavicule\/\"},\"wordCount\":2399,\"publisher\":{\"@id\":\"https:\/\/wiki.dev.voka.io\/fr\/#organization\"},\"inLanguage\":\"fr-FR\"},{\"@type\":\"WebPage\",\"@id\":\"https:\/\/wiki.dev.voka.io\/fr\/maladies\/traumatologie\/fractures-de-la-clavicule\/\",\"url\":\"https:\/\/wiki.dev.voka.io\/fr\/maladies\/traumatologie\/fractures-de-la-clavicule\/\",\"name\":\"Fractures de la clavicule\u00a0: \u00e9tiologie, classification, diagnostic et traitement\",\"isPartOf\":{\"@id\":\"https:\/\/wiki.dev.voka.io\/fr\/#website\"},\"datePublished\":\"2026-01-29T14:26:11+00:00\",\"description\":\"Aper\u00e7u d\u00e9taill\u00e9 des fractures de la clavicule. D\u00e9couvrez le m\u00e9canisme l\u00e9sionnel, la classification, les strat\u00e9gies de traitement conservateur et chirurgical, ainsi que les protocoles de r\u00e9\u00e9ducation.\",\"breadcrumb\":{\"@id\":\"https:\/\/wiki.dev.voka.io\/fr\/maladies\/traumatologie\/fractures-de-la-clavicule\/#breadcrumb\"},\"inLanguage\":\"fr-FR\",\"potentialAction\":[{\"@type\":\"ReadAction\",\"target\":[\"https:\/\/wiki.dev.voka.io\/fr\/maladies\/traumatologie\/fractures-de-la-clavicule\/\"]}]},{\"@type\":\"BreadcrumbList\",\"@id\":\"https:\/\/wiki.dev.voka.io\/fr\/maladies\/traumatologie\/fractures-de-la-clavicule\/#breadcrumb\",\"itemListElement\":[{\"@type\":\"ListItem\",\"position\":1,\"name\":\"Home\",\"item\":\"https:\/\/wiki.dev.voka.io\/fr\/\"},{\"@type\":\"ListItem\",\"position\":2,\"name\":\"Traumatologie\",\"item\":\"https:\/\/wiki.dev.voka.io\/fr\/maladies\/traumatologie\/\"},{\"@type\":\"ListItem\",\"position\":3,\"name\":\"Fractures de la clavicule&nbsp;: classification, sympt\u00f4mes, m\u00e9thodes de traitement et r\u00e9\u00e9ducation\"}]},{\"@type\":\"WebSite\",\"@id\":\"https:\/\/wiki.dev.voka.io\/fr\/#website\",\"url\":\"https:\/\/wiki.dev.voka.io\/fr\/\",\"name\":\"Voka Wiki\",\"description\":\"\",\"publisher\":{\"@id\":\"https:\/\/wiki.dev.voka.io\/fr\/#organization\"},\"alternateName\":\"Anatomy & Pathology Wiki by VOKA\",\"potentialAction\":[{\"@type\":\"SearchAction\",\"target\":{\"@type\":\"EntryPoint\",\"urlTemplate\":\"https:\/\/wiki.dev.voka.io\/fr\/?s={search_term_string}\"},\"query-input\":{\"@type\":\"PropertyValueSpecification\",\"valueRequired\":true,\"valueName\":\"search_term_string\"}}],\"inLanguage\":\"fr-FR\"},{\"@type\":\"Organization\",\"@id\":\"https:\/\/wiki.dev.voka.io\/fr\/#organization\",\"name\":\"Voka 3D Anatomy & Pathology\",\"alternateName\":\"VOKA\",\"url\":\"https:\/\/wiki.dev.voka.io\/fr\/\",\"logo\":{\"@type\":\"ImageObject\",\"inLanguage\":\"fr-FR\",\"@id\":\"https:\/\/wiki.dev.voka.io\/fr\/#\/schema\/logo\/image\/\",\"url\":\"https:\/\/wiki.dev.voka.io\/wp-content\/uploads\/2025\/02\/cropped-voka-logo-1.png\",\"contentUrl\":\"https:\/\/wiki.dev.voka.io\/wp-content\/uploads\/2025\/02\/cropped-voka-logo-1.png\",\"width\":70,\"height\":16,\"caption\":\"Voka 3D Anatomy & Pathology\"},\"image\":{\"@id\":\"https:\/\/wiki.dev.voka.io\/fr\/#\/schema\/logo\/image\/\"},\"sameAs\":[\"https:\/\/www.facebook.com\/VOKA3DAnatomyAndPathology\/\",\"https:\/\/www.instagram.com\/voka.io\/\",\"https:\/\/www.linkedin.com\/company\/voka-io\/\",\"https:\/\/www.youtube.com\/channel\/UCqGGuOEpr62ScH8Pjk2q5zw\/videos\",\"https:\/\/www.pinterest.com\/VokaAnatomyPro\/\",\"https:\/\/www.threads.com\/@voka.io\"],\"description\":\"VOKA.io offers 3D medical animations and custom 3D modeling services. Our product, VOKA 3D Anatomy & Pathology, is a digital atlas with over 1,000 detailed 3D models of human anatomy and pathology, designed for medical education, training, and patient communication.\",\"email\":\"info@voka.io\",\"telephone\":\"+1 814 351 4442\",\"legalName\":\"Voka 3D Anatomy & Pathology\",\"foundingDate\":\"2017-02-12\",\"naics\":\"541512\",\"numberOfEmployees\":{\"@type\":\"QuantitativeValue\",\"minValue\":\"51\",\"maxValue\":\"200\"},\"publishingPrinciples\":\"https:\/\/wiki.voka.io\/fr\/principes-de-publication\/\"},{\"@type\":\"Person\",\"@id\":\"https:\/\/wiki.dev.voka.io\/fr\/#\/schema\/person\/9510f0c38a3a1d38fc04cb2d59c7d83c\",\"name\":\"Aleksandr K.\",\"image\":{\"@type\":\"ImageObject\",\"inLanguage\":\"fr-FR\",\"@id\":\"https:\/\/wiki.dev.voka.io\/fr\/#\/schema\/person\/image\/\",\"url\":\"https:\/\/secure.gravatar.com\/avatar\/c7514f1460de700bc666804ed028fc7d15f47a41bbfc867590f7de302051f078?s=96&d=mm&r=g\",\"contentUrl\":\"https:\/\/secure.gravatar.com\/avatar\/c7514f1460de700bc666804ed028fc7d15f47a41bbfc867590f7de302051f078?s=96&d=mm&r=g\",\"caption\":\"Aleksandr K.\"}}]}<\/script>\n<!-- \/ Yoast SEO Premium plugin. -->","yoast_head_json":{"title":"Fractures de la clavicule\u00a0: \u00e9tiologie, classification, diagnostic et traitement","description":"Aper\u00e7u d\u00e9taill\u00e9 des fractures de la clavicule. D\u00e9couvrez le m\u00e9canisme l\u00e9sionnel, la classification, les strat\u00e9gies de traitement conservateur et chirurgical, ainsi que les protocoles de r\u00e9\u00e9ducation.","robots":{"index":"index","follow":"follow","max-snippet":"max-snippet:-1","max-image-preview":"max-image-preview:large","max-video-preview":"max-video-preview:-1"},"canonical":"https:\/\/wiki.dev.voka.io\/fr\/maladies\/traumatologie\/fractures-de-la-clavicule\/","og_locale":"fr_FR","og_type":"article","og_title":"Fractures de la clavicule&nbsp;: classification, sympt\u00f4mes, m\u00e9thodes de traitement et r\u00e9\u00e9ducation","og_description":"Aper\u00e7u d\u00e9taill\u00e9 des fractures de la clavicule. D\u00e9couvrez le m\u00e9canisme l\u00e9sionnel, la classification, les strat\u00e9gies de traitement conservateur et chirurgical, ainsi que les protocoles de r\u00e9\u00e9ducation.","og_url":"https:\/\/wiki.dev.voka.io\/fr\/maladies\/traumatologie\/fractures-de-la-clavicule\/","og_site_name":"Voka Wiki","article_publisher":"https:\/\/www.facebook.com\/VOKA3DAnatomyAndPathology\/","twitter_card":"summary_large_image","twitter_misc":{"Dur\u00e9e de lecture estim\u00e9e":"11 minutes"},"schema":{"@context":"https:\/\/schema.org","@graph":[{"@type":"Article","@id":"https:\/\/wiki.dev.voka.io\/fr\/maladies\/traumatologie\/fractures-de-la-clavicule\/#article","isPartOf":{"@id":"https:\/\/wiki.dev.voka.io\/fr\/maladies\/traumatologie\/fractures-de-la-clavicule\/"},"author":{"name":"Aleksandr K.","@id":"https:\/\/wiki.dev.voka.io\/fr\/#\/schema\/person\/9510f0c38a3a1d38fc04cb2d59c7d83c"},"headline":"Fractures de la clavicule&nbsp;: classification, sympt\u00f4mes, m\u00e9thodes de traitement et r\u00e9\u00e9ducation","datePublished":"2026-01-29T14:26:11+00:00","mainEntityOfPage":{"@id":"https:\/\/wiki.dev.voka.io\/fr\/maladies\/traumatologie\/fractures-de-la-clavicule\/"},"wordCount":2399,"publisher":{"@id":"https:\/\/wiki.dev.voka.io\/fr\/#organization"},"inLanguage":"fr-FR"},{"@type":"WebPage","@id":"https:\/\/wiki.dev.voka.io\/fr\/maladies\/traumatologie\/fractures-de-la-clavicule\/","url":"https:\/\/wiki.dev.voka.io\/fr\/maladies\/traumatologie\/fractures-de-la-clavicule\/","name":"Fractures de la clavicule\u00a0: \u00e9tiologie, classification, diagnostic et traitement","isPartOf":{"@id":"https:\/\/wiki.dev.voka.io\/fr\/#website"},"datePublished":"2026-01-29T14:26:11+00:00","description":"Aper\u00e7u d\u00e9taill\u00e9 des fractures de la clavicule. D\u00e9couvrez le m\u00e9canisme l\u00e9sionnel, la classification, les strat\u00e9gies de traitement conservateur et chirurgical, ainsi que les protocoles de r\u00e9\u00e9ducation.","breadcrumb":{"@id":"https:\/\/wiki.dev.voka.io\/fr\/maladies\/traumatologie\/fractures-de-la-clavicule\/#breadcrumb"},"inLanguage":"fr-FR","potentialAction":[{"@type":"ReadAction","target":["https:\/\/wiki.dev.voka.io\/fr\/maladies\/traumatologie\/fractures-de-la-clavicule\/"]}]},{"@type":"BreadcrumbList","@id":"https:\/\/wiki.dev.voka.io\/fr\/maladies\/traumatologie\/fractures-de-la-clavicule\/#breadcrumb","itemListElement":[{"@type":"ListItem","position":1,"name":"Home","item":"https:\/\/wiki.dev.voka.io\/fr\/"},{"@type":"ListItem","position":2,"name":"Traumatologie","item":"https:\/\/wiki.dev.voka.io\/fr\/maladies\/traumatologie\/"},{"@type":"ListItem","position":3,"name":"Fractures de la clavicule&nbsp;: classification, sympt\u00f4mes, m\u00e9thodes de traitement et r\u00e9\u00e9ducation"}]},{"@type":"WebSite","@id":"https:\/\/wiki.dev.voka.io\/fr\/#website","url":"https:\/\/wiki.dev.voka.io\/fr\/","name":"Voka Wiki","description":"","publisher":{"@id":"https:\/\/wiki.dev.voka.io\/fr\/#organization"},"alternateName":"Anatomy & Pathology Wiki by VOKA","potentialAction":[{"@type":"SearchAction","target":{"@type":"EntryPoint","urlTemplate":"https:\/\/wiki.dev.voka.io\/fr\/?s={search_term_string}"},"query-input":{"@type":"PropertyValueSpecification","valueRequired":true,"valueName":"search_term_string"}}],"inLanguage":"fr-FR"},{"@type":"Organization","@id":"https:\/\/wiki.dev.voka.io\/fr\/#organization","name":"Voka 3D Anatomy & Pathology","alternateName":"VOKA","url":"https:\/\/wiki.dev.voka.io\/fr\/","logo":{"@type":"ImageObject","inLanguage":"fr-FR","@id":"https:\/\/wiki.dev.voka.io\/fr\/#\/schema\/logo\/image\/","url":"https:\/\/wiki.dev.voka.io\/wp-content\/uploads\/2025\/02\/cropped-voka-logo-1.png","contentUrl":"https:\/\/wiki.dev.voka.io\/wp-content\/uploads\/2025\/02\/cropped-voka-logo-1.png","width":70,"height":16,"caption":"Voka 3D Anatomy & Pathology"},"image":{"@id":"https:\/\/wiki.dev.voka.io\/fr\/#\/schema\/logo\/image\/"},"sameAs":["https:\/\/www.facebook.com\/VOKA3DAnatomyAndPathology\/","https:\/\/www.instagram.com\/voka.io\/","https:\/\/www.linkedin.com\/company\/voka-io\/","https:\/\/www.youtube.com\/channel\/UCqGGuOEpr62ScH8Pjk2q5zw\/videos","https:\/\/www.pinterest.com\/VokaAnatomyPro\/","https:\/\/www.threads.com\/@voka.io"],"description":"VOKA.io offers 3D medical animations and custom 3D modeling services. Our product, VOKA 3D Anatomy & Pathology, is a digital atlas with over 1,000 detailed 3D models of human anatomy and pathology, designed for medical education, training, and patient communication.","email":"info@voka.io","telephone":"+1 814 351 4442","legalName":"Voka 3D Anatomy & Pathology","foundingDate":"2017-02-12","naics":"541512","numberOfEmployees":{"@type":"QuantitativeValue","minValue":"51","maxValue":"200"},"publishingPrinciples":"https:\/\/wiki.voka.io\/fr\/principes-de-publication\/"},{"@type":"Person","@id":"https:\/\/wiki.dev.voka.io\/fr\/#\/schema\/person\/9510f0c38a3a1d38fc04cb2d59c7d83c","name":"Aleksandr K.","image":{"@type":"ImageObject","inLanguage":"fr-FR","@id":"https:\/\/wiki.dev.voka.io\/fr\/#\/schema\/person\/image\/","url":"https:\/\/secure.gravatar.com\/avatar\/c7514f1460de700bc666804ed028fc7d15f47a41bbfc867590f7de302051f078?s=96&d=mm&r=g","contentUrl":"https:\/\/secure.gravatar.com\/avatar\/c7514f1460de700bc666804ed028fc7d15f47a41bbfc867590f7de302051f078?s=96&d=mm&r=g","caption":"Aleksandr K."}}]}},"_links":{"self":[{"href":"https:\/\/wiki.dev.voka.io\/fr\/wp-json\/wp\/v2\/diseases_post\/2820","targetHints":{"allow":["GET"]}}],"collection":[{"href":"https:\/\/wiki.dev.voka.io\/fr\/wp-json\/wp\/v2\/diseases_post"}],"about":[{"href":"https:\/\/wiki.dev.voka.io\/fr\/wp-json\/wp\/v2\/types\/diseases_post"}],"author":[{"embeddable":true,"href":"https:\/\/wiki.dev.voka.io\/fr\/wp-json\/wp\/v2\/users\/19"}],"wp:attachment":[{"href":"https:\/\/wiki.dev.voka.io\/fr\/wp-json\/wp\/v2\/media?parent=2820"}],"wp:term":[{"taxonomy":"diseases_category","embeddable":true,"href":"https:\/\/wiki.dev.voka.io\/fr\/wp-json\/wp\/v2\/diseases_category?post=2820"}],"curies":[{"name":"wp","href":"https:\/\/api.w.org\/{rel}","templated":true}]}}