{"id":2200,"date":"2025-12-23T16:02:59","date_gmt":"2025-12-23T13:02:59","guid":{"rendered":"https:\/\/wiki.dev.voka.io\/diseases\/uncategorized\/tumeurs-cerebrales\/"},"modified":"2025-12-23T16:03:01","modified_gmt":"2025-12-23T13:03:01","slug":"tumeurs-cerebrales","status":"publish","type":"diseases_post","link":"https:\/\/wiki.dev.voka.io\/fr\/maladies\/oncologiques\/tumeurs-cerebrales\/","title":{"rendered":"Tumeurs c\u00e9r\u00e9brales : \u00e9tiologie, classification, sympt\u00f4mes, diagnostic et traitement"},"content":{"rendered":"<p><?xml encoding=\"UTF-8\" ?><\/p>\n<p>Les tumeurs c\u00e9r\u00e9brales constituent un groupe h\u00e9t\u00e9rog\u00e8ne de n\u00e9oplasmes issus de diff\u00e9rentes cellules du syst\u00e8me nerveux central (SNC) ou secondaires \u00e0 des m\u00e9tastases d\u2019autres organes (le plus souvent poumon, sein, rein ou m\u00e9lanome).  Selon leur localisation et leur mode de croissance, elles provoquent des sympt\u00f4mes c\u00e9r\u00e9braux g\u00e9n\u00e9raux ou focaux par compression, infiltration tissulaire et \u00e9l\u00e9vation de la pression intracr\u00e2nienne (PIC).\u00a0\u00a0 <\/p>\n<figure class=\"wp-block-image size-large\"><img decoding=\"async\" src=\"https:\/\/storage.googleapis.com\/dev_wiki_voka_io_303011\/articles\/en\/oncology\/brain-tumors\/cerebral-metastasis.webp\" alt=\"M\u00e9tastase c\u00e9r\u00e9brale\"><figcaption class=\"wp-element-caption\">M\u00e9tastase c\u00e9r\u00e9brale \u2013 <a href=\"https:\/\/catalog.voka.io\/en\/models\/cec5f80b-babf-4f02-ab97-355cf37c21ad\/4a703e9e-fb88-4ddf-8c9c-e3dd3c0436fe\/262977f4-5378-4014-8798-0214fa796ae2\/fb439fef-f96f-4ed6-961c-a41b597d4e29\" target=\"_blank\" rel=\"noreferrer noopener nofollow\">mod\u00e8le 3D<\/a><\/figcaption><\/figure>\n<h2 class=\"wp-block-heading\" id=\"etiologie\">\u00c9tiologie <\/h2>\n<p>La majorit\u00e9 des tumeurs c\u00e9r\u00e9brales surviennent de fa\u00e7on sporadique.\u00a0 <\/p>\n<p>Rarement li\u00e9es \u00e0 des syndromes g\u00e9n\u00e9tiques h\u00e9r\u00e9ditaires (neurofibromatose, syndrome de Li-Fraumeni, etc.).\u00a0\u00a0<\/p>\n<p>Facteur de risque prouv\u00e9 : irradiation ionisante \u00e0 forte dose.\u00a0  <\/p>\n<h2 class=\"wp-block-heading\" id=\"epidemiologie\">\u00c9pid\u00e9miologie<\/h2>\n<p>Incidence des tumeurs primitives du cerveau et du SNC \u2248 25\/100 000 habitants\/an.\u00a0\u00a0 En incluant les m\u00e9tastases c\u00e9r\u00e9brales, incidence > 45\/100 000 habitants\/an.<\/p>\n<p>Environ 30 % des tumeurs primitives sont malignes, le reste \u2013 b\u00e9nignes.<\/p>\n<p>Avant 40 ans : pr\u00e9dominance des tumeurs primitives, souvent de bas grade.\u00a0\u00a0<\/p>\n<p>Tumeurs les plus fr\u00e9quentes : m\u00e9ningiomes (> 90 % b\u00e9nins) et tumeurs gliales (> 80 % malignes). <\/p>\n<p>Apr\u00e8s 40 ans : m\u00e9tastases (> 50 %) et glioblastome (50 % des tumeurs gliales).\u00a0\u00a0<\/p>\n<figure class=\"wp-block-image size-large\"><img decoding=\"async\" src=\"https:\/\/storage.googleapis.com\/dev_wiki_voka_io_303011\/articles\/en\/oncology\/brain-tumors\/renal-cancer-metastasis-left-cerebral-hemisphere.webp\" alt=\"M\u00e9tastases d\u2019un cancer du rein dans l\u2019h\u00e9misph\u00e8re c\u00e9r\u00e9bral gauche\"><figcaption class=\"wp-element-caption\">M\u00e9tastase c\u00e9r\u00e9brale d\u2019un cancer du rein dans l\u2019h\u00e9misph\u00e8re gauche \u2013 <a href=\"https:\/\/catalog.voka.io\/en\/models\/cec5f80b-babf-4f02-ab97-355cf37c21ad\/4a703e9e-fb88-4ddf-8c9c-e3dd3c0436fe\/262977f4-5378-4014-8798-0214fa796ae2\/fb439fef-f96f-4ed6-961c-a41b597d4e29\" target=\"_blank\" rel=\"noreferrer noopener nofollow\">mod\u00e8le 3D<\/a><\/figcaption><\/figure>\n<p>Chez l\u2019enfant :<strong><em><\/em><\/strong>les tumeurs du SNC constituent la principale cause de mortalit\u00e9 oncologique chez l\u2019enfant.<br \/>\u00a0Gliomes (surtout astrocytome pilocytique b\u00e9nin, survie \u00e0 5 ans >90%) \u2014 la plus fr\u00e9quente des groupes histologiques chez l\u2019enfant, suivis des m\u00e9dulloblastomes (tumeur embryonnaire maligne la plus fr\u00e9quente du SNC chez l\u2019enfant avec une survie \u00e0 5 ans de 60\u201380 % dans le risque standard), des \u00e9pendymomes, glioblastomes, craniopharyngiomes, tumeurs germinales et autres.<\/p>\n<h2 class=\"wp-block-heading\" id=\"anatomie\">Anatomie<\/h2>\n<h3 class=\"wp-block-heading\" id=\"par-rapport-a-la-tente-du-cervelet\">Par rapport \u00e0 la tente du cervelet<\/h3>\n<p>Par rapport \u00e0 la tente du cervelet (lat. tentorium cerebelli)les tumeurs sont class\u00e9es en supratentorielles et infratentorielles.<\/p>\n<h4 class=\"wp-block-heading\">Tumeurs supratentorielles<\/h4>\n<p>Tumeurs supratentorielles<strong><\/strong>(\u00ab au-dessus de la tente \u00bb) : localis\u00e9es au-dessus de la tente du cervelet \u2014 dans les h\u00e9misph\u00e8res c\u00e9r\u00e9braux, les noyaux gris centraux, le chiasma optique, les ventricules lat\u00e9raux et le IIIe ventricule.  \u00a0Elles repr\u00e9sentent environ 70\u201380 % <strong><\/strong>des tumeurs chez l\u2019adulte.<\/p>\n<p>Exemples : <\/p>\n<ul class=\"wp-block-list\">\n<li>Glioblastome ;<\/li>\n<li>Astrocytome ;<\/li>\n<li>Oligodendrogliome ;<\/li>\n<li>Ad\u00e9nome hypophysaire ;<\/li>\n<li>M\u00e9ningiome de localisation frontale ou pari\u00e9tale, etc.<\/li>\n<\/ul>\n<h4 class=\"wp-block-heading\">Tumeurs infratentorielles<\/h4>\n<p>Tumeurs infratentorielles (\u00ab sous la tente \u00bb) : situ\u00e9es dans la fosse post\u00e9rieure \u2014 cervelet, tronc c\u00e9r\u00e9bral, IVe ventricule. Elles pr\u00e9dominent chez l\u2019enfant (jusqu\u2019\u00e0 60\u201370 % des tumeurs en p\u00e9diatrie). <\/p>\n<p>Exemples : <\/p>\n<ul class=\"wp-block-list\">\n<li>Astrocytome pilocytique c\u00e9r\u00e9belleux ;<\/li>\n<li>M\u00e9dulloblastome ;<\/li>\n<li>\u00c9pendymome du IVe ventricule ;<\/li>\n<li>Schwannome vestibulaire ;<\/li>\n<li>M\u00e9ningiome de l\u2019angle pontoc\u00e9r\u00e9belleux ;<\/li>\n<li>H\u00e9mangioblastome etc.<\/li>\n<\/ul>\n<figure class=\"wp-block-image size-large\"><img decoding=\"async\" src=\"https:\/\/storage.googleapis.com\/dev_wiki_voka_io_303011\/articles\/en\/oncology\/brain-tumors\/infratentorial-ependymoma.webp\" alt=\"\u00c9pendymome infratentoriel \"><figcaption class=\"wp-element-caption\">\u00c9pendymome infratentoriel \u2013 <a href=\"https:\/\/catalog.voka.io\/en\/models\/cec5f80b-babf-4f02-ab97-355cf37c21ad\/95bcd6fa-2d66-476f-88bf-66e25519f4c9\/6548de9a-080d-4358-aa18-768397b4caf0\/ce9ce17d-c011-41a8-87e5-70b011a04e7e\" target=\"_blank\" rel=\"noreferrer noopener nofollow\">mod\u00e8le 3D<\/a><\/figcaption><\/figure>\n<figure class=\"wp-block-video\" id=\"animation-3d-ependymome-infratentoriel\"><video controls><source data-src=\"https:\/\/storage.googleapis.com\/dev_wiki_voka_io_303011\/articles\/en\/oncology\/brain-tumors\/infratentorial-ependymoma.webm\" type=\"video\/webm\"><\/source><\/video><figcaption class=\"wp-element-caption\">Animation 3D \u2013 \u00c9pendymome infratentoriel<\/figcaption><\/figure>\n<h3 class=\"wp-block-heading\" id=\"par-rapport-au-parenchyme-cerebral\">Par rapport au parenchyme c\u00e9r\u00e9bral<\/h3>\n<p>Par rapport au parenchyme c\u00e9r\u00e9bral (\u00ab axe \u00bb central du SNC), les tumeurs sont divis\u00e9es en extra-axiales et intra-axiales (du latin axis = \u00ab axe \u00bb). <\/p>\n<p>Ces termes refl\u00e8tent non seulement la localisation, mais aussi la biologie de croissance, le comportement clinique et la strat\u00e9gie th\u00e9rapeutique. Les tumeurs extra-axiales sont le plus souvent b\u00e9nignes ; les intra-axiales sont le plus souvent infiltrantes et malignes.<\/p>\n<h4 class=\"wp-block-heading\">Tumeurs extra-axiales<\/h4>\n<p>Les tumeurs extra-axiales naissent en dehors du parenchyme c\u00e9r\u00e9bral mais \u00e0 l\u2019int\u00e9rieur de la bo\u00eete cr\u00e2nienne.  Elles compriment g\u00e9n\u00e9ralement le cerveau sans l\u2019infiltrer. <\/p>\n<p>Exemples :<\/p>\n<ul class=\"wp-block-list\">\n<li>Tumeurs des m\u00e9ninges (m\u00e9ningiome) ;<\/li>\n<li>Tumeurs des nerfs cr\u00e2niens (schwannome) ;<\/li>\n<li>Tumeurs des os de la base du cr\u00e2ne (chordome), etc.<\/li>\n<\/ul>\n<h4 class=\"wp-block-heading\">Tumeurs intra-axiales<\/h4>\n<p>Les tumeurs intra-axiales se d\u00e9veloppent au sein m\u00eame du parenchyme c\u00e9r\u00e9bral, le plus souvent \u00e0 partir de cellules gliales (astrocytes, oligodendrocytes, cellules \u00e9pendymaires). Exemples :<\/p>\n<ul class=\"wp-block-list\">\n<li>Glioblastome ;<\/li>\n<li>Astrocytome ;<\/li>\n<li>\u00c9pendymome, etc.<\/li>\n<\/ul>\n<h2 class=\"wp-block-heading\" id=\"classification-des-tumeurs-cerebrales\">Classification des tumeurs c\u00e9r\u00e9brales<\/h2>\n<p>La classification OMS 2021 des tumeurs du SNC (WHO CNS 2021) met l\u2019accent sur les caract\u00e9ristiques mol\u00e9culaires et g\u00e9n\u00e9tiques plut\u00f4t que sur la seule histologie.<\/p>\n<p>Elle repose sur un principe \u00e0 trois niveaux :<\/p>\n<ol class=\"wp-block-list\">\n<li><strong>Histologie<\/strong> : morphologie cellulaire et architecture tumorale.<\/li>\n<li><strong>Immuno-histochimie<\/strong> : expression prot\u00e9ique (GFAP, p53, ATRX, Ki-67, etc.).<\/li>\n<li><strong>Marqueurs mol\u00e9culaires<\/strong> : IDH1\/2, 1p\/19q, TP53, ATRX, H3, BRAF, CDKN2A\/B, EGFR, TERT, etc.<\/li>\n<\/ol>\n<p>Par exemple, dans les tumeurs gliales, les marqueurs suivants sont syst\u00e9matiquement recherch\u00e9s pour pr\u00e9ciser le diagnostic, le pronostic et la r\u00e9ponse th\u00e9rapeutique : <\/p>\n<ul class=\"wp-block-list\">\n<li><strong>Mutations IDH1\/2 <\/strong>(mutation IDH = pronostic plus favorable) ; <\/li>\n<li><strong>Cod\u00e9l\u00e9tion 1p\/19q <\/strong> \u00a0(pr\u00e9sente = meilleur pronostic) ;<\/li>\n<li><strong>ATRX<\/strong> (valeur diagnostique et pronostique) ;<\/li>\n<li><strong>TP53<\/strong> \u00a0(mut\u00e9 = pronostic plus d\u00e9favorable) ;<\/li>\n<li><strong>M\u00e9thylation du promoteur de MGMT<\/strong> (m\u00e9thyl\u00e9 = bonne r\u00e9ponse au t\u00e9mozolomide) ; <\/li>\n<li><strong>Surexpression de VEGF<\/strong>\u00a0(\u00e9lev\u00e9e = int\u00e9r\u00eat d\u2019ajouter b\u00e9vacizumab), etc.<\/li>\n<\/ul>\n<p>Le passage \u00e0 une classification mol\u00e9culaire permet une classification plus pr\u00e9cise des tumeurs, une meilleure pr\u00e9diction de l\u2019\u00e9volution clinique et une personnalisation du traitement (choix de la chimioth\u00e9rapie, pr\u00e9diction de la r\u00e9ponse th\u00e9rapeutique, d\u00e9cision d\u2019op\u00e9rer ou d\u2019irradier).<\/p>\n<h2 class=\"wp-block-heading\" id=\"manifestations-cliniques-des-tumeurs-cerebrales\">Manifestations cliniques des tumeurs c\u00e9r\u00e9brales<\/h2>\n<h3 class=\"wp-block-heading\" id=\"symptomatologie-cerebrale-generale\">Symptomatologie c\u00e9r\u00e9brale g\u00e9n\u00e9rale :<\/h3>\n<ul class=\"wp-block-list\">\n<li><strong>C\u00e9phal\u00e9e : <\/strong> pr\u00e9sente chez 50 \u00e0 70 % des patients ;  souvent bilat\u00e9rale, sourde, aggrav\u00e9e par la toux, l\u2019inclinaison du tronc, la nuit ou au r\u00e9veil.<\/li>\n<li><strong>Crises convulsives :<\/strong> 50\u201380 % des tumeurs primitives, en particulier les tumeurs \u00e0 croissance lente (gliomes de bas grade) et les m\u00e9tastases ; \u00a0souvent focales.<\/li>\n<li><strong>Troubles cognitifs : <\/strong> apathie, alt\u00e9ration de la m\u00e9moire, troubles de l\u2019humeur.<\/li>\n<li><strong>Hypertension intracr\u00e2nienne :<\/strong> \u00a0triade c\u00e9phal\u00e9e + naus\u00e9es\/vomissements + \u0153d\u00e8me papillaire (papill\u0153d\u00e8me).<\/li>\n<\/ul>\n<h3 class=\"wp-block-heading\" id=\"symptomatologie-neurologique-focale\">Symptomatologie neurologique focale :<\/h3>\n<ul class=\"wp-block-list\">\n<li><strong>Faiblesse faciale ou d\u2019un membre : <\/strong>le plus souvent en cas d\u2019atteinte du cortex moteur ; r\u00e9versible sous glucocortico\u00efdes.<\/li>\n<li><strong>Troubles de la sensibilit\u00e9 : <\/strong> d\u00e9ficits sensitifs ne respectant pas les dermatomes.<\/li>\n<li><strong>Aphasie<\/strong> \u00a0(difficult\u00e9s de production ou de compr\u00e9hension du langage) : atteinte de l\u2019h\u00e9misph\u00e8re dominant, zones de Broca et Wernicke.<\/li>\n<li><strong>Troubles visuels :<\/strong> h\u00e9mianopsie (voie optique), diplopie, baisse d\u2019acuit\u00e9 visuelle.<\/li>\n<li><strong>Modifications de la personnalit\u00e9 : <\/strong> \u00a0surtout en cas de localisation frontale.<\/li>\n<\/ul>\n<p><em><\/em>Chez l\u2019enfant, la symptomatologie d\u00e9pend de l\u2019\u00e2ge, de la localisation et de la biologie tumorale ; elle est souvent asp\u00e9cifique, ce qui retarde le diagnostic.<\/p>\n<p><strong>Indications \u00e0 la neuro-imagerie (IRM\/TDM) chez l\u2019enfant <\/strong> suspect de tumeur du SNC :<\/p>\n<ul class=\"wp-block-list\">\n<li>C\u00e9phal\u00e9e persistante > 4 semaines, surtout avec vomissements matinaux, alt\u00e9ration de la conscience ou chez l\u2019enfant de moins de 4 ans ;<\/li>\n<li>Sympt\u00f4mes neurologiques nouveaux ou progressifs (crises convulsives, faiblesse, troubles de la coordination, troubles visuels) ;<\/li>\n<li>Strabisme, baisse d\u2019acuit\u00e9 visuelle, papill\u0153d\u00e8me ;<\/li>\n<li>R\u00e9gression des acquisitions motrices, troubles de la marche ;<\/li>\n<li>Macrocr\u00e2nie (augmentation du p\u00e9rim\u00e8tre cr\u00e2nien), surtout associ\u00e9e \u00e0 d\u2019autres signes.<\/li>\n<\/ul>\n<figure class=\"wp-block-video\" id=\"animation-3d-papillome-des-plexus-choroides\"><video controls><source data-src=\"https:\/\/storage.googleapis.com\/dev_wiki_voka_io_303011\/articles\/en\/oncology\/brain-tumors\/choroid-plexus-papilloma.webm\" type=\"video\/webm\"><\/source><\/video><figcaption class=\"wp-element-caption\">Animation 3D \u2013 papillome des plexus choro\u00efdes<\/figcaption><\/figure>\n<h2 class=\"wp-block-heading\" id=\"diagnostic-des-tumeurs-cerebrales\">Diagnostic des tumeurs c\u00e9r\u00e9brales<\/h2>\n<p>Le diagnostic des tumeurs c\u00e9r\u00e9brales repose sur l\u2019utilisation combin\u00e9e des m\u00e9thodes modernes de neuro-imagerie, de la v\u00e9rification histologique et mol\u00e9culaire, ainsi que d\u2019examens compl\u00e9mentaires en cas d\u2019\u00e9tiologie incertaine ou d\u2019\u00e9volution atypique.<\/p>\n<h3 class=\"wp-block-heading\" id=\"neuro-imagerie\">Neuro-imagerie<\/h3>\n<ul class=\"wp-block-list\">\n<li><strong>IRM avec injection de gadolinium\u00a0: <\/strong> m\u00e9thode de r\u00e9f\u00e9rence pour la d\u00e9tection et la caract\u00e9risation des tumeurs c\u00e9r\u00e9brales ; permet d\u2019\u00e9valuer la taille, la localisation, l\u2019extension intracr\u00e2nienne, la vascularisation, la pr\u00e9sence de n\u00e9crose et les limites d\u2019infiltration.<\/li>\n<li><strong>TDM c\u00e9r\u00e9brale :<\/strong> indiqu\u00e9e en urgence ou en cas de contre-indication \u00e0 l\u2019IRM.<\/li>\n<\/ul>\n<p>Signes typiques :<\/p>\n<ul class=\"wp-block-list\">\n<li><strong>Glioblastome :<\/strong>prise de contraste h\u00e9t\u00e9rog\u00e8ne, n\u00e9crose centrale, \u0153d\u00e8me p\u00e9ril\u00e9sionnel, contours irr\u00e9guliers.<\/li>\n<li><strong>Gliomes de bas grade : <\/strong>hypersignal T2\/FLAIR, absence de rehaussement, croissance infiltrative.<\/li>\n<li><strong>M\u00e9tastases : <\/strong>\u00a0l\u00e9sions arrondies, bien limit\u00e9es, souvent multiples, avec \u0153d\u00e8me p\u00e9ril\u00e9sionnel marqu\u00e9.<\/li>\n<li><strong>M\u00e9ningiome :<\/strong>insertion durale (base du cr\u00e2ne, vo\u00fbte cr\u00e2nienne, faux du cerveau, tente du cervelet), rehaussement homog\u00e8ne intense.<\/li>\n<li><strong>Lymphome primitif du SNC : <\/strong>rehaussement homog\u00e8ne, restriction marqu\u00e9e de la diffusion (DWI), localisation pr\u00e9f\u00e9rentiellement p\u00e9riventriculaire.<\/li>\n<\/ul>\n<h3 class=\"wp-block-heading\" id=\"biopsie\">Biopsie<\/h3>\n<p>R\u00e9alisation st\u00e9r\u00e9otaxique ou chirurgicale pour confirmation histologique et profilage mol\u00e9culaire (IDH, cod\u00e9l\u00e9tion 1p\/19q, m\u00e9thylation MGMT, TP53, BRAF, H3K27, etc.).<\/p>\n<p>En cas de suspicion de lymphome, il est pr\u00e9f\u00e9rable d\u2019arr\u00eater les glucocortico\u00efdes (si l\u2019\u00e9tat clinique le permet) avant la biopsie en raison de la r\u00e9gression tumorale transitoire qu\u2019ils induisent.<\/p>\n<h3 class=\"wp-block-heading\" id=\"methodes-de-diagnostic-supplementaires\">M\u00e9thodes de diagnostic suppl\u00e9mentaires<\/h3>\n<ul class=\"wp-block-list\">\n<li><strong>TEP-TDM, spectro-IRM, IRM de perfusion : <\/strong> indiqu\u00e9es en cas d\u2019\u00e9tiologie douteuse (diff\u00e9renciation tumeur \/ abc\u00e8s \/ d\u00e9my\u00e9linisation, etc.).<\/li>\n<li><strong>Ponction lombaire :<\/strong>en cas d\u2019atteinte leptom\u00e9ning\u00e9e, suspicion de m\u00e9ningite, enc\u00e9phalite, leuco-enc\u00e9phalopathie multifocale progressive ou lymphome. Contre-indiqu\u00e9e en cas d\u2019hypertension intracr\u00e2nienne marqu\u00e9e.<\/li>\n<\/ul>\n<h3 class=\"wp-block-heading\" id=\"diagnostic-differentiel\">Diagnostic diff\u00e9rentiel<\/h3>\n<p><strong>Objectifs<\/strong> :<\/p>\n<ol class=\"wp-block-list\">\n<li>Distinguer la tumeur des processus non tumoraux (infection, d\u00e9my\u00e9linisation, pathologie vasculaire).<\/li>\n<li>D\u00e9terminer la nature primitive ou m\u00e9tastatique de la tumeur.<\/li>\n<li>Pr\u00e9ciser le type histologique, le sous-type mol\u00e9culaire et le grade de malignit\u00e9.<\/li>\n<li>Exclure un radion\u00e9crose ou un abc\u00e8s post-th\u00e9rapeutique.<\/li>\n<\/ol>\n<h4 class=\"wp-block-heading\">An\u00e9vrysme<\/h4>\n<p>Maux de t\u00eate soudains, \u00e0 la TDM\/IRM avec contraste \u2014 masse vasculaire, \u00e0 l\u2019angiographie \u2014 art\u00e8re dilat\u00e9e, h\u00e9morragie sous-arachno\u00efdienne.<\/p>\n<h4 class=\"wp-block-heading\">Accident vasculaire c\u00e9r\u00e9bral<\/h4>\n<p>Apparition soudaine, d\u00e9ficit neurologique focal, zone isch\u00e9mique visible \u00e0 l\u2019IRM DWI\/ADC (restriction de diffusion), plus souvent localis\u00e9e dans les bassins vasculaires.<\/p>\n<h4 class=\"wp-block-heading\">Enc\u00e9phalite<\/h4>\n<p>Apparition subaigu\u00eb, fi\u00e8vre, confusion et convulsions \u2014 absence de masse focale. \u00c0 l\u2019IRM, les modifications sont g\u00e9n\u00e9ralement diffuses, souvent dans les lobes temporaux (par exemple, dans l\u2019enc\u00e9phalite herp\u00e9tique), sans effet de masse.<\/p>\n<h4 class=\"wp-block-heading\">Tumeur c\u00e9r\u00e9brale primaire<\/h4>\n<p>Apparition progressive, sympt\u00f4mes neurologiques focaux, convulsions, maux de t\u00eate. L\u00e9sion infiltrante ou solide, \u0153d\u00e8me, effet de masse, rehaussement h\u00e9t\u00e9rog\u00e8ne.<\/p>\n<h4 class=\"wp-block-heading\">M\u00e9tastase<\/h4>\n<p>Multiples, cortico-sous-corticaux, \u0153d\u00e8me important, rehaussement annulaire, ant\u00e9c\u00e9dent oncologique connu.<\/p>\n<h4 class=\"wp-block-heading\">Lymphome du SNC<\/h4>\n<p>\u00c0 l\u2019IRM : rehaussement homog\u00e8ne et localisation dans les structures profondes du cerveau, en particulier chez les patients immunod\u00e9prim\u00e9s.  Restriction \u00e9lev\u00e9e de la diffusion (DWI+), r\u00e9gression rapide possible apr\u00e8s administration de st\u00e9ro\u00efdes, il est donc important de les \u00e9viter avant la biopsie.<\/p>\n<h4 class=\"wp-block-heading\">Abc\u00e8s c\u00e9r\u00e9bral<\/h4>\n<p>F\u00e9brilit\u00e9, leucocytose et foyer infectieux (otite moyenne, sinusite, bact\u00e9ri\u00e9mie) fr\u00e9quents. Imite une tumeur \u00e0 l\u2019IRM, mais pr\u00e9sente une restriction franche de la diffusion en anneau (DWI+). La spectroscopie RM r\u00e9v\u00e8le des acides amin\u00e9s\/m\u00e9tabolites sp\u00e9cifiques.<\/p>\n<h4 class=\"wp-block-heading\">N\u00e9crose radique<\/h4>\n<p>Survient plusieurs mois \u00e0 plusieurs ann\u00e9es apr\u00e8s la radioth\u00e9rapie, peut imiter une r\u00e9cidive tumorale. Elle se distingue par une RM de perfusion et une TEP (la n\u00e9crose signifie hypoperfusion, hypom\u00e9tabolisme) et peut diminuer sous st\u00e9ro\u00efdes.<\/p>\n<h4 class=\"wp-block-heading\">Scl\u00e9rose en plaques<\/h4>\n<p>Jeune \u00e2ge, l\u00e9sions multifocales dans la substance blanche, hyperintensit\u00e9 en FLAIR sans effet de masse ni contraste ; \u00e9volution clinique r\u00e9cidivante, avec r\u00e9missions, souvent chez les jeunes.<\/p>\n<h4 class=\"wp-block-heading\">Thrombose du sinus caverneux<\/h4>\n<p>Apparition aigu\u00eb avec maux de t\u00eate (souvent unilat\u00e9raux), gonflement des paupi\u00e8res, ophtalmopl\u00e9gie et baisse de la vision. L\u2019IRM\/la phl\u00e9bographie par RM r\u00e9v\u00e8le la pr\u00e9sence d\u2019un thrombus dans les sinus veineux. Il y a souvent une infection des zones faciale, nasale et sinusale.<\/p>\n<h4 class=\"wp-block-heading\">Maux de t\u00eate en grappe<\/h4>\n<p>Douleur aigu\u00eb autour de l\u2019\u0153il, larmoiement, rhinorrh\u00e9e, durant quelques minutes, r\u00e9currente en s\u00e9rie, non accompagn\u00e9e de d\u00e9ficit neurologique. Aucun changement structurel \u00e0 l\u2019IRM. <\/p>\n<h4 class=\"wp-block-heading\">Hydroc\u00e9phalie idiopathique<\/h4>\n<p>Souvent chez les personnes \u00e2g\u00e9es, triade de sympt\u00f4mes (troubles de la marche, d\u00e9mence, incontinence urinaire), pouvant s\u2019accompagner de maux de t\u00eate et de naus\u00e9es, dilatation ventriculaire \u00e0 l\u2019IRM sans masse focale.<\/p>\n<h4 class=\"wp-block-heading\">Troubles du m\u00e9tabolisme<\/h4>\n<p>Provoque des sympt\u00f4mes diffus plut\u00f4t que focaux (confusion, convulsions, tremblements), sans masse focale \u00e0 l\u2019IRM. Les tests g\u00e9n\u00e9raux (glucose, sodium, enzymes h\u00e9patiques, cr\u00e9atinine, ur\u00e9e, etc.) aident \u00e0 identifier la cause.<\/p>\n<div class=\"social-banner-block\">\n<div class=\"social-banner-content\">\n<p class=\"h5-title text-black\">Retrouvez d\u2019autres contenus scientifiquement exacts sur nos m\u00e9dias sociaux<\/p>\n<p><span class=\"social-banner-text text-grey\">Abonnez-vous et ne manquez pas les derni\u00e8res ressources<\/span><\/p>\n<div class=\"social-links-wrapper\"><a class=\"social-icon-link\" href=\"https:\/\/www.facebook.com\/VOKA3DAnatomyAndPathology\/\" target=\"_blank\" rel=\"nofollow noopener\"><img decoding=\"async\" src=\"https:\/\/storage.googleapis.com\/dev_wiki_voka_io_303011\/common\/Social%20Icons\/facebook.svg\" alt=\"social link\"><\/a><a class=\"social-icon-link\" href=\"https:\/\/www.instagram.com\/voka.io\/\" target=\"_blank\" rel=\"nofollow noopener\"><img decoding=\"async\" src=\"https:\/\/storage.googleapis.com\/dev_wiki_voka_io_303011\/common\/Social%20Icons\/insta.svg\" alt=\"social link\"><\/a><a class=\"social-icon-link\" href=\"https:\/\/www.linkedin.com\/company\/voka-io\/posts\/?feedView=all\" target=\"_blank\" rel=\"nofollow noopener\"><img decoding=\"async\" src=\"https:\/\/storage.googleapis.com\/dev_wiki_voka_io_303011\/common\/Social%20Icons\/linkedin.svg\" alt=\"social link\"><\/a><a class=\"social-icon-link\" href=\"https:\/\/www.youtube.com\/@vokaio\" target=\"_blank\" rel=\"nofollow noopener\"><img decoding=\"async\" src=\"https:\/\/storage.googleapis.com\/dev_wiki_voka_io_303011\/common\/Social%20Icons\/youtube.svg\" alt=\"social link\"><\/a><a class=\"social-icon-link\" href=\"https:\/\/www.pinterest.com\/voka3danatomyandpathology\/\" target=\"_blank\" rel=\"nofollow noopener\"><img decoding=\"async\" src=\"https:\/\/storage.googleapis.com\/dev_wiki_voka_io_303011\/common\/Social%20Icons\/pinterest.svg\" alt=\"social link\"><\/a><a class=\"social-icon-link\" href=\"https:\/\/www.tiktok.com\/@voka.io\" target=\"_blank\" rel=\"nofollow noopener\"><img decoding=\"async\" src=\"https:\/\/storage.googleapis.com\/dev_wiki_voka_io_303011\/common\/Social%20Icons\/tiktok.svg\" alt=\"social link\"><\/a><a class=\"social-icon-link\" href=\"https:\/\/discord.gg\/7ejUpq8DRR\" target=\"_blank\" rel=\"nofollow noopener\"><img decoding=\"async\" src=\"https:\/\/storage.googleapis.com\/dev_wiki_voka_io_303011\/common\/Social%20Icons\/discord.svg\" alt=\"social link\"><\/a><\/div>\n<\/div>\n<p><img decoding=\"async\" class=\"social-banner-image\" loading=\"lazy\" src=\"https:\/\/storage.googleapis.com\/dev_wiki_voka_io_303011\/common\/social-media-banner-mobile-image.webp\" alt=\"Banner background\"><\/div>\n<h2 class=\"wp-block-heading\" id=\"traitement-des-tumeurs-cerebrales\">Traitement des tumeurs c\u00e9r\u00e9brales<\/h2>\n<h3 class=\"wp-block-heading\" id=\"glucocorticoides\">Glucocortico\u00efdes<\/h3>\n<ul class=\"wp-block-list\">\n<li>Indiqu\u00e9s en cas d\u2019\u0153d\u00e8me c\u00e9r\u00e9bral et d\u2019hypertension intracr\u00e2nienne (dexam\u00e9thasone 8-16 mg\/j \u2192 4 mg toutes les 6 h).<\/li>\n<li>\u00c9viter l\u2019utilisation prolong\u00e9e : risque de complications (infections, diab\u00e8te, ost\u00e9oporose) et diminution de la survie chez les patients atteints de glioblastome.<\/li>\n<li>Contre-indiqu\u00e9s avant biopsie en cas de suspicion de lymphome (r\u00e9gression tumorale transitoire sous dexam\u00e9thasone).<\/li>\n<\/ul>\n<h3 class=\"wp-block-heading\" id=\"antiepileptiques\">Anti\u00e9pileptiques<\/h3>\n<ul class=\"wp-block-list\">\n<li>Prescrits uniquement en cas de crises convulsives av\u00e9r\u00e9es.  Traitement de premi\u00e8re intention : l\u00e9v\u00e9tirac\u00e9tam.<\/li>\n<li>Prophylaxie pr\u00e9op\u00e9ratoire : uniquement sur indication.<\/li>\n<\/ul>\n<h3 class=\"wp-block-heading\" id=\"therapie-chirurgicale\">Th\u00e9rapie chirurgicale<\/h3>\n<ul class=\"wp-block-list\">\n<li><strong>Biopsie, r\u00e9section partielle ou ex\u00e9r\u00e8se compl\u00e8te indiqu\u00e9e<\/strong>pour les tumeurs accessibles symptomatiques, en cas de diagnostic incertain ou de d\u00e9compensation aigu\u00eb.<\/li>\n<li><strong>Techniques modernes<\/strong>, (tractographie IRM pr\u00e9op\u00e9ratoire, neuronavigation, IRM et \u00e9chographie perop\u00e9ratoires, microscope op\u00e9ratoire, navigation par fluorescence 5-ALA) augmentent significativement la radicalit\u00e9 et la s\u00e9curit\u00e9 de l\u2019intervention.<\/li>\n<\/ul>\n<h3 class=\"wp-block-heading\" id=\"radiotherapie-et-chimiotherapie-antitumorale\">Radioth\u00e9rapie et chimioth\u00e9rapie antitumorale<\/h3>\n<ul class=\"wp-block-list\">\n<li><strong>La radioth\u00e9rapie double <\/strong> \u00a0la survie postop\u00e9ratoire des gliomes malins.\u00a0<\/li>\n<li><strong>Radioth\u00e9rapie st\u00e9r\u00e9otaxique \/ radiochirurgie (SRS) : <\/strong>contr\u00f4le local durable pour les tumeurs limit\u00e9es, inaccessibles ou radior\u00e9sistantes.\u00a0 <\/li>\n<li><strong>Strat\u00e9gies selon le type tumoral <\/strong> :\n<ul class=\"wp-block-list\">\n<li><strong>Glioblastome : <\/strong> chirurgie + radioth\u00e9rapie + t\u00e9mozolomide. M\u00e9diane de survie 12-18 mois.<\/li>\n<li><strong>Lymphome primitif du SNC : <\/strong><strong><\/strong> biopsie + chimioth\u00e9rapie \u00e0 haute dose \u00e0 base de m\u00e9thotrexate \u00b1 radioth\u00e9rapie.<\/li>\n<li><strong>M\u00e9tastases :<\/strong> SRS ou chirurgie ouverte (craniotomie) pour l\u00e9sions uniques (parfois SRS n\u00e9o-adjuvante) \u00b1 th\u00e9rapies cibl\u00e9es\/immunoth\u00e9rapie.  En cas de l\u00e9sions multiples ou inop\u00e9rables : SRS ou irradiation pan-enc\u00e9phalique.<\/li>\n<li><strong>M\u00e9ningiomes :<\/strong> \u00a0surveillance (petits asymptomatiques), chirurgie et\/ou radioth\u00e9rapie (SRS).<\/li>\n<li><strong>Schwannomes et neurofibromes : <\/strong> surveillance, chirurgie ou SRS. <\/li>\n<\/ul>\n<\/li>\n<\/ul>\n<p>Chaque ann\u00e9e de nouvelles options m\u00e9dicamenteuses apparaissent (tumeurs b\u00e9nignes et malignes), mais la r\u00e9section chirurgicale et la radioth\u00e9rapie restent les piliers du traitement.<\/p>\n<h3 class=\"wp-block-heading\" id=\"specificites-du-traitement-des-tumeurs-du-snc-chez-l-enfant\">Sp\u00e9cificit\u00e9s du traitement des tumeurs du SNC chez l\u2019enfant<\/h3>\n<ul class=\"wp-block-list\">\n<li><strong>Chirurgie d\u2019ex\u00e9r\u00e8se : <\/strong>m\u00e9thode premi\u00e8re et principale (sauf gliomes diffus du tronc c\u00e9r\u00e9bral et certaines tumeurs de la voie optique).  D\u00e9rivations ventriculaires fr\u00e9quentes pour contr\u00f4ler l\u2019hypertension intracr\u00e2nienne (hydroc\u00e9phalie).<\/li>\n<li><strong>Radioth\u00e9rapie :<\/strong> adapt\u00e9e \u00e0 l\u2019histologie et \u00e0 l\u2019\u00e2ge (g\u00e9n\u00e9ralement \u00e9vit\u00e9e avant 3 ans en raison du risque de s\u00e9quelles neurocognitives).<\/li>\n<li><strong>Chimioth\u00e9rapie : <\/strong>associ\u00e9e \u00e0 la chirurgie et \u00e0 la radioth\u00e9rapie, surtout apr\u00e8s 3 ans pour les tumeurs embryonnaires (m\u00e9dulloblastome), \u00e9pendymomes et certains gliomes. Chez les nourrissons et jeunes enfants : utilis\u00e9e pour retarder ou remplacer la radioth\u00e9rapie et en r\u00e9duire la toxicit\u00e9.<\/li>\n<\/ul>\n<p>L\u2019approche moderne repose sur une concertation multidisciplinaire, une stratification mol\u00e9culaire et une individualisation th\u00e9rapeutique. <\/p>\n<p>La radioth\u00e9rapie et les traitements m\u00e9dicamenteux (th\u00e9rapies cibl\u00e9es, immunoth\u00e9rapie) progressent rapidement, offrant l\u2019espoir d\u2019am\u00e9lioration des r\u00e9sultats \u00e0 l\u2019avenir.<\/p>\n<p>Diagnostic pr\u00e9coce, choix optimal de la chirurgie et du traitement adjuvant, ainsi que r\u00e9\u00e9ducation globale du patient restent essentiels.<\/p>\n<div>\n<h2 class=\"faq-title h2-article\" id=\"faq\">FAQ<\/h2>\n<div class=\"faq-section\">\n<div class=\"faq-item faq-answer-hidden\">\n<div class=\"question-block\">\n<div class=\"faq-question\">\n<p class=\" text-black h5-title\">1. D\u2019o\u00f9 viennent les tumeurs c\u00e9r\u00e9brales ? Sont-elles h\u00e9r\u00e9ditaires ? <\/p>\n<\/div>\n<div class=\"faq-answer text-main-text-color main-text-medium\">La plupart sont sporadiques. Rarement li\u00e9es \u00e0 des syndromes g\u00e9n\u00e9tiques (neurofibromatose, Li-Fraumeni). Seul facteur de risque \u00e9tabli : irradiation c\u00e9r\u00e9brale \u00e0 forte dose.\u00a0\u00a0<\/div>\n<\/div>\n<div class=\"expand-button-wrapper\"><button class=\"text-accent expand-button\">+<\/button><\/div>\n<\/div>\n<div class=\"faq-item faq-answer-hidden\">\n<div class=\"question-block\">\n<div class=\"faq-question\">\n<p class=\" text-black h5-title\">2. Quels sont les premiers sympt\u00f4mes d\u2019une tumeur c\u00e9r\u00e9brale chez l\u2019adulte ?<\/p>\n<\/div>\n<div class=\"faq-answer text-main-text-color main-text-medium\">Les sympt\u00f4mes des tumeurs c\u00e9r\u00e9brales ne pr\u00e9sentent pas de diff\u00e9rences li\u00e9es au sexe et peuvent inclure des c\u00e9phal\u00e9es qui s\u2019aggravent le matin ou lors de la toux, des crises convulsives et des troubles cognitifs. Selon la localisation du n\u00e9oplasme, peuvent survenir des sympt\u00f4mes neurologiques focaux tels que faiblesse des membres, aphasie ou troubles visuels.<\/div>\n<\/div>\n<div class=\"expand-button-wrapper\"><button class=\"text-accent expand-button\">+<\/button><\/div>\n<\/div>\n<div class=\"faq-item faq-answer-hidden\">\n<div class=\"question-block\">\n<div class=\"faq-question\">\n<p class=\" text-black h5-title\">\u00a03. Quels signes chez l\u2019enfant ?<\/p>\n<\/div>\n<div class=\"faq-answer text-main-text-color main-text-medium\">Les sympt\u00f4mes des tumeurs c\u00e9r\u00e9brales chez l\u2019enfant sont souvent asp\u00e9cifiques, ce qui rend le diagnostic pr\u00e9coce difficile. Parmi les signes d\u2019alarme figurent : c\u00e9phal\u00e9e persistante avec vomissements matinaux, r\u00e9gression des acquisitions motrices, troubles de la marche, strabisme, ainsi qu\u2019une augmentation du p\u00e9rim\u00e8tre cr\u00e2nien (macrocr\u00e2nie) chez le jeune enfant.<\/div>\n<\/div>\n<div class=\"expand-button-wrapper\"><button class=\"text-accent expand-button\">+<\/button><\/div>\n<\/div>\n<div class=\"faq-item faq-answer-hidden\">\n<div class=\"question-block\">\n<div class=\"faq-question\">\n<p class=\" text-black h5-title\">\u00a04. Comment appara\u00eet une tumeur c\u00e9r\u00e9brale \u00e0 l\u2019IRM ?<\/p>\n<\/div>\n<div class=\"faq-answer text-main-text-color main-text-medium\">L\u2019IRM avec injection de gadolinium est la m\u00e9thode de r\u00e9f\u00e9rence. L\u2019aspect varie selon le type tumoral. Par exemple, le glioblastome pr\u00e9sente souvent des contours irr\u00e9guliers et un rehaussement h\u00e9t\u00e9rog\u00e8ne avec n\u00e9crose centrale, tandis que les m\u00e9tastases apparaissent g\u00e9n\u00e9ralement comme des foyers arrondis, bien limit\u00e9s, avec un \u0153d\u00e8me p\u00e9ril\u00e9sionnel marqu\u00e9.<\/div>\n<\/div>\n<div class=\"expand-button-wrapper\"><button class=\"text-accent expand-button\">+<\/button><\/div>\n<\/div>\n<div class=\"faq-item faq-answer-hidden\">\n<div class=\"question-block\">\n<div class=\"faq-question\">\n<p class=\" text-black h5-title\">5. \u00a0Peut-on gu\u00e9rir une tumeur c\u00e9r\u00e9brale et comment l\u2019enl\u00e8ve-t-on ?<\/p>\n<\/div>\n<div class=\"faq-answer text-main-text-color main-text-medium\">La possibilit\u00e9 de gu\u00e9rison d\u00e9pend du type, de la taille, de la localisation et des caract\u00e9ristiques mol\u00e9culaires de la tumeur. Le traitement principal est la r\u00e9section chirurgicale, qui peut \u00eatre partielle ou totale.  Les technologies modernes telles que la neuronavigation et l\u2019IRM perop\u00e9ratoire augmentent la radicalit\u00e9 et la s\u00e9curit\u00e9 de l\u2019intervention.<\/div>\n<\/div>\n<div class=\"expand-button-wrapper\"><button class=\"text-accent expand-button\">+<\/button><\/div>\n<\/div>\n<div class=\"faq-item faq-answer-hidden\">\n<div class=\"question-block\">\n<div class=\"faq-question\">\n<p class=\" text-black h5-title\">6. \u00c0 quelle vitesse se d\u00e9veloppe une tumeur c\u00e9r\u00e9brale et quelle est l\u2019esp\u00e9rance de vie ?<\/p>\n<\/div>\n<div class=\"faq-answer text-main-text-color main-text-medium\">La vitesse de croissance et le pronostic d\u00e9pendent du grade de malignit\u00e9. Certains n\u00e9oplasmes, comme les gliomes de bas grade, \u00e9voluent lentement, alors que le glioblastome progresse rapidement.  Sans traitement ou en cas de traitement inefficace, la survie est tr\u00e8s courte ; le traitement multimodal moderne (chirurgie, radioth\u00e9rapie et chimioth\u00e9rapie) l\u2019allonge significativement.<\/div>\n<\/div>\n<div class=\"expand-button-wrapper\"><button class=\"text-accent expand-button\">+<\/button><\/div>\n<\/div>\n<div class=\"faq-item faq-answer-hidden\">\n<div class=\"question-block\">\n<div class=\"faq-question\">\n<p class=\" text-black h5-title\">7. Une tumeur c\u00e9r\u00e9brale peut-elle dispara\u00eetre spontan\u00e9ment et quels sont ses dangers ?<\/p>\n<\/div>\n<div class=\"faq-answer text-main-text-color main-text-medium\">Une tumeur c\u00e9r\u00e9brale ne dispara\u00eet jamais d\u2019elle-m\u00eame et n\u00e9cessite une prise en charge m\u00e9dicale ou une surveillance.  Elle est dangereuse car elle comprime et infiltre les tissus voisins et \u00e9l\u00e8ve la pression intracr\u00e2nienne, entra\u00eenant des sympt\u00f4mes c\u00e9r\u00e9braux g\u00e9n\u00e9raux et focaux.  L\u2019absence de traitement peut \u00eatre fatale.<\/div>\n<\/div>\n<div class=\"expand-button-wrapper\"><button class=\"text-accent expand-button\">+<\/button><\/div>\n<\/div>\n<\/div>\n<\/div>\n<div class=\"sources-list-block sources-list-hidden\" id=\"references\">\n<div class=\"sources-list-content\">\n<div class=\"sources-list-title\">\n<p class=\"small-text-bold text-black sources-list-title-text\">R\u00e9f\u00e9rences<\/p>\n<div class=\"sources-expand-button-wrapper-mobile\">\n<div class=\"sources-expand-button\"><svg width=\"32\" height=\"32\" viewbox=\"0 0 32 32\" fill=\"none\" xmlns=\"http:\/\/www.w3.org\/2000\/svg\"><path d=\"M8 12L16 20L24 12\" stroke=\"#8C9AAB\" stroke-width=\"2\" stroke-linecap=\"round\" stroke-linejoin=\"round\"><\/path><\/svg><\/div>\n<\/div>\n<\/div>\n<div class=\"sources-list-items\">\n<div class=\"source-item\">\n<p class=\"main-text-semibold text-black\">1.<\/p>\n<div class=\"source-item-content\">\n<p class=\"main-text-semibold text-black\"><cite>Catalogue VOKA. [Ressource \u00e9lectronique.<\/cite><\/p>\n<p><span class=\"small-text-medium text-grey\">https:\/\/catalog.voka.io\/<\/span><\/div>\n<\/div>\n<div class=\"source-item\">\n<p class=\"main-text-semibold text-black\">2.<\/p>\n<div class=\"source-item-content\">\n<p class=\"main-text-semibold text-black\"><cite>Louis DN, Perry A, Wesseling P, Brat DJ, Cree IA, Figarella-Branger D, Hawkins C, Ng HK, Pfister SM, Reifenberger G, Soffietti R, von Deimling A, Ellison DW. The 2021 WHO Classification of Tumors of the Central Nervous System: a summary.[La classification OMS 2021 des tumeurs du syst\u00e8me nerveux central : un r\u00e9sum\u00e9] Neuro Oncol. 2021 Aug 2;23(8):1231-1251. doi: 10.1093\/neuonc\/noab106. PMID: 34185076; PMCID: PMC8328013.<\/cite><\/p>\n<\/div>\n<\/div>\n<div class=\"source-item\">\n<p class=\"main-text-semibold text-black\">3.<\/p>\n<div class=\"source-item-content\">\n<p class=\"main-text-semibold text-black\"><cite>Ostrom QT, Price M, Neff C, Cioffi G, Waite KA, Kruchko C, Barnholtz-Sloan JS. CBTRUS Statistical Report: Primary Brain and Other Central Nervous System Tumors Diagnosed in the United States in 2016-2020.[Rapport statistique CBTRUS : tumeurs primitives du cerveau et autres tumeurs du syst\u00e8me nerveux central diagnostiqu\u00e9es aux \u00c9tats-Unis en 2016-2020]. Neuro Oncol. 2023 Oct 4;25(12 Suppl 2):iv1-iv99. doi: 10.1093\/neuonc\/noad149. PMID: 37793125; PMCID: PMC10550277.<\/cite><\/p>\n<\/div>\n<\/div>\n<div class=\"source-item\">\n<p class=\"main-text-semibold text-black\">4.<\/p>\n<div class=\"source-item-content\">\n<p class=\"main-text-semibold text-black\"><cite>Price M, Ballard C, Benedetti J, Kruchko C, Barnholtz-Sloan JS, Ostrom QT. CBTRUS Statistical Report: Primary Brain and Other Central Nervous System Tumors Diagnosed in the United States in 2018-2022.[Rapport statistique CBTRUS : tumeurs primitives du cerveau et autres tumeurs du syst\u00e8me nerveux central diagnostiqu\u00e9es aux \u00c9tats-Unis en 2018-2022]. Neuro Oncol. 2025. doi: 10.1093\/neuonc\/noaf194.<\/cite><\/p>\n<\/div>\n<\/div>\n<div class=\"source-item\">\n<p class=\"main-text-semibold text-black\">5.<\/p>\n<div class=\"source-item-content\">\n<p class=\"main-text-semibold text-black\"><cite>Smith HL, Wadhwani N, Horbinski C. Major Features of the 2021 WHO Classification of CNS Tumors.[Principales caract\u00e9ristiques de la classification OMS 2021 des tumeurs du SNC]. Neurotherapeutics.[Neuroth\u00e9rapeutique]. 2022 Oct;19(6):1691-1704. doi: 10.1007\/s13311-022-01249-0. Epub 2022 May 16. PMID: 35578106; PMCID: PMC9723092.<\/cite><\/p>\n<\/div>\n<\/div>\n<div class=\"source-item\">\n<p class=\"main-text-semibold text-black\">6.<\/p>\n<div class=\"source-item-content\">\n<p class=\"main-text-semibold text-black\"><cite>Bonneville F, J\u00e4ger HR, Smirniotopoulos JG. Differential Diagnosis of Intracranial Masses.[Diagnostic diff\u00e9rentiel des masses intracr\u00e2niennes] 2024 Feb 11. In: Hodler J, Kubik-Huch RA, Roos JE, editors. Diseases of the Brain, Head and Neck, Spine 2024-2027: Diagnostic Imaging [Internet]. [Maladies du cerveau, de la t\u00eate et du cou, de la colonne vert\u00e9brale 2024-2027 : imagerie diagnostique]. Cham (CH): Springer; 2024. Chapitre 8. Disponible sur : https:\/\/www.ncbi.nlm.nih.gov\/books\/NBK608601\/doi: 10.1007\/978-3-031-50675-8_8.<\/cite><\/p>\n<\/div>\n<\/div>\n<div class=\"source-item\">\n<p class=\"main-text-semibold text-black\">7.<\/p>\n<div class=\"source-item-content\">\n<p class=\"main-text-semibold text-black\"><cite>Grand S, Nedunchelian M, Charara S, Demaison R, Jean C, Galloux A, Kastler A, Attye A, Berthet C, Krainik A. Tumor or not a tumor: Pitfalls and differential diagnosis in neuro-oncology. [Tumeur ou pas tumeur : pi\u00e8ges et diagnostic diff\u00e9rentiel en neuro-oncologie]. Rev Neurol (Paris). 2023 Jun;179(5):378-393. doi\u00a0: 10.1016\/j.neurol.2023.03.011. Epub 2023 Apr 6. PMID\u00a0: 37030987.<\/cite><\/p>\n<\/div>\n<\/div>\n<div class=\"source-item\">\n<p class=\"main-text-semibold text-black\">8.<\/p>\n<div class=\"source-item-content\">\n<p class=\"main-text-semibold text-black\"><cite>Chinthala AS, Obeng-Gyasi B, Virgin KL, Deckert M, Mao G. Brain metastasis mimicking brain abscess: illustrative case and systematic review.[M\u00e9tastase c\u00e9r\u00e9brale mimant un abc\u00e8s c\u00e9r\u00e9bral : cas illustratif et revue syst\u00e9matique]. J Neurosurg Case Lessons. 2025 Oct 20;10(16):CASE25528. doi: 10.3171\/CASE25528. PMID: 41115317; PMCID: PMC12548541.<\/cite><\/p>\n<\/div>\n<\/div>\n<div class=\"source-item\">\n<p class=\"main-text-semibold text-black\">9.<\/p>\n<div class=\"source-item-content\">\n<p class=\"main-text-semibold text-black\"><cite>Englot DJ, Chang EF, Vecht CJ. Epilepsy and brain tumors.[\u00c9pilepsie et tumeurs c\u00e9r\u00e9brales]. Handb Clin Neurol. 2016;134:267-85. doi: 10.1016\/B978-0-12-802997-8.00016-5. PMID: 26948360; PMCID: PMC4803433.<\/cite><\/p>\n<\/div>\n<\/div>\n<\/div>\n<\/div>\n<div class=\"sources-expand-button-wrapper\">\n<div class=\"sources-expand-button\"><svg width=\"32\" height=\"32\" viewbox=\"0 0 32 32\" fill=\"none\" xmlns=\"http:\/\/www.w3.org\/2000\/svg\"><path d=\"M8 12L16 20L24 12\" stroke=\"#8C9AAB\" stroke-width=\"2\" stroke-linecap=\"round\" stroke-linejoin=\"round\"><\/path><\/svg><\/div>\n<\/div>\n<\/div>\n","protected":false},"excerpt":{"rendered":"<p>Les tumeurs c\u00e9r\u00e9brales constituent un groupe h\u00e9t\u00e9rog\u00e8ne de n\u00e9oplasmes issus de diff\u00e9rentes cellules du syst\u00e8me nerveux central (SNC) ou secondaires \u00e0 des m\u00e9tastases d\u2019autres organes (le plus souvent poumon, sein, rein ou m\u00e9lanome). Selon leur localisation et leur mode de croissance, elles provoquent des sympt\u00f4mes c\u00e9r\u00e9braux g\u00e9n\u00e9raux ou focaux par compression, infiltration tissulaire et \u00e9l\u00e9vation [&hellip;]<\/p>\n","protected":false},"author":11,"featured_media":0,"template":"","diseases_category":[350],"class_list":["post-2200","diseases_post","type-diseases_post","status-publish","hentry","diseases_category-oncologiques"],"acf":[],"yoast_head":"<!-- This site is optimized with the Yoast SEO Premium plugin v25.0 (Yoast SEO v26.5) - https:\/\/yoast.com\/wordpress\/plugins\/seo\/ -->\n<title>Tumeurs c\u00e9r\u00e9brales : sympt\u00f4mes, signes, causes, diagnostic et traitement \u00a0<\/title>\n<meta name=\"description\" content=\"Tumeurs c\u00e9r\u00e9brales : premiers sympt\u00f4mes chez l\u2019adulte et l\u2019enfant, causes, m\u00e9thodes modernes de diagnostic et de traitement multimodal incluant chirurgie, radioth\u00e9rapie et chimioth\u00e9rapie.\" \/>\n<meta name=\"robots\" content=\"noindex, follow, max-snippet:-1, max-image-preview:large, max-video-preview:-1\" \/>\n<meta property=\"og:locale\" content=\"fr_FR\" \/>\n<meta property=\"og:type\" content=\"article\" \/>\n<meta property=\"og:title\" content=\"Tumeurs c\u00e9r\u00e9brales : \u00e9tiologie, classification, sympt\u00f4mes, diagnostic et traitement\" \/>\n<meta property=\"og:description\" content=\"Tumeurs c\u00e9r\u00e9brales : premiers sympt\u00f4mes chez l\u2019adulte et l\u2019enfant, causes, m\u00e9thodes modernes de diagnostic et de traitement multimodal incluant chirurgie, radioth\u00e9rapie et chimioth\u00e9rapie.\" \/>\n<meta property=\"og:url\" content=\"https:\/\/wiki.dev.voka.io\/fr\/maladies\/oncologiques\/tumeurs-cerebrales\/\" \/>\n<meta property=\"og:site_name\" content=\"Voka Wiki\" \/>\n<meta property=\"article:publisher\" content=\"https:\/\/www.facebook.com\/VOKA3DAnatomyAndPathology\/\" \/>\n<meta property=\"article:modified_time\" content=\"2025-12-23T13:03:01+00:00\" \/>\n<meta property=\"og:image\" content=\"https:\/\/storage.googleapis.com\/dev_wiki_voka_io_303011\/articles\/en\/oncology\/brain-tumors\/cerebral-metastasis.webp\" \/>\n<meta name=\"twitter:card\" content=\"summary_large_image\" \/>\n<meta name=\"twitter:label1\" content=\"Dur\u00e9e de lecture estim\u00e9e\" \/>\n\t<meta name=\"twitter:data1\" content=\"12 minutes\" \/>\n<script type=\"application\/ld+json\" class=\"yoast-schema-graph\">{\"@context\":\"https:\/\/schema.org\",\"@graph\":[{\"@type\":\"Article\",\"@id\":\"https:\/\/wiki.dev.voka.io\/fr\/maladies\/oncologiques\/tumeurs-cerebrales\/#article\",\"isPartOf\":{\"@id\":\"https:\/\/wiki.dev.voka.io\/fr\/maladies\/oncologiques\/tumeurs-cerebrales\/\"},\"author\":{\"name\":\"Artemiy G.\",\"@id\":\"https:\/\/wiki.dev.voka.io\/fr\/#\/schema\/person\/ab068df9b8f89e81a4974c8fc3697690\"},\"headline\":\"Tumeurs c\u00e9r\u00e9brales : \u00e9tiologie, classification, sympt\u00f4mes, diagnostic et traitement\",\"datePublished\":\"2025-12-23T13:02:59+00:00\",\"dateModified\":\"2025-12-23T13:03:01+00:00\",\"mainEntityOfPage\":{\"@id\":\"https:\/\/wiki.dev.voka.io\/fr\/maladies\/oncologiques\/tumeurs-cerebrales\/\"},\"wordCount\":2463,\"publisher\":{\"@id\":\"https:\/\/wiki.dev.voka.io\/fr\/#organization\"},\"image\":{\"@id\":\"https:\/\/wiki.dev.voka.io\/fr\/maladies\/oncologiques\/tumeurs-cerebrales\/#primaryimage\"},\"thumbnailUrl\":\"https:\/\/storage.googleapis.com\/dev_wiki_voka_io_303011\/articles\/en\/oncology\/brain-tumors\/cerebral-metastasis.webp\",\"inLanguage\":\"fr-FR\"},{\"@type\":\"WebPage\",\"@id\":\"https:\/\/wiki.dev.voka.io\/fr\/maladies\/oncologiques\/tumeurs-cerebrales\/\",\"url\":\"https:\/\/wiki.dev.voka.io\/fr\/maladies\/oncologiques\/tumeurs-cerebrales\/\",\"name\":\"Tumeurs c\u00e9r\u00e9brales : sympt\u00f4mes, signes, causes, diagnostic et traitement \u00a0\",\"isPartOf\":{\"@id\":\"https:\/\/wiki.dev.voka.io\/fr\/#website\"},\"primaryImageOfPage\":{\"@id\":\"https:\/\/wiki.dev.voka.io\/fr\/maladies\/oncologiques\/tumeurs-cerebrales\/#primaryimage\"},\"image\":{\"@id\":\"https:\/\/wiki.dev.voka.io\/fr\/maladies\/oncologiques\/tumeurs-cerebrales\/#primaryimage\"},\"thumbnailUrl\":\"https:\/\/storage.googleapis.com\/dev_wiki_voka_io_303011\/articles\/en\/oncology\/brain-tumors\/cerebral-metastasis.webp\",\"datePublished\":\"2025-12-23T13:02:59+00:00\",\"dateModified\":\"2025-12-23T13:03:01+00:00\",\"description\":\"Tumeurs c\u00e9r\u00e9brales : premiers sympt\u00f4mes chez l\u2019adulte et l\u2019enfant, causes, m\u00e9thodes modernes de diagnostic et de traitement multimodal incluant chirurgie, radioth\u00e9rapie et chimioth\u00e9rapie.\",\"breadcrumb\":{\"@id\":\"https:\/\/wiki.dev.voka.io\/fr\/maladies\/oncologiques\/tumeurs-cerebrales\/#breadcrumb\"},\"inLanguage\":\"fr-FR\",\"potentialAction\":[{\"@type\":\"ReadAction\",\"target\":[\"https:\/\/wiki.dev.voka.io\/fr\/maladies\/oncologiques\/tumeurs-cerebrales\/\"]}]},{\"@type\":\"ImageObject\",\"inLanguage\":\"fr-FR\",\"@id\":\"https:\/\/wiki.dev.voka.io\/fr\/maladies\/oncologiques\/tumeurs-cerebrales\/#primaryimage\",\"url\":\"https:\/\/storage.googleapis.com\/dev_wiki_voka_io_303011\/articles\/en\/oncology\/brain-tumors\/cerebral-metastasis.webp\",\"contentUrl\":\"https:\/\/storage.googleapis.com\/dev_wiki_voka_io_303011\/articles\/en\/oncology\/brain-tumors\/cerebral-metastasis.webp\"},{\"@type\":\"BreadcrumbList\",\"@id\":\"https:\/\/wiki.dev.voka.io\/fr\/maladies\/oncologiques\/tumeurs-cerebrales\/#breadcrumb\",\"itemListElement\":[{\"@type\":\"ListItem\",\"position\":1,\"name\":\"Home\",\"item\":\"https:\/\/wiki.dev.voka.io\/fr\/\"},{\"@type\":\"ListItem\",\"position\":2,\"name\":\"Oncologie\",\"item\":\"https:\/\/wiki.dev.voka.io\/fr\/maladies\/oncologiques\/\"},{\"@type\":\"ListItem\",\"position\":3,\"name\":\"Tumeurs c\u00e9r\u00e9brales : \u00e9tiologie, classification, sympt\u00f4mes, diagnostic et traitement\"}]},{\"@type\":\"WebSite\",\"@id\":\"https:\/\/wiki.dev.voka.io\/fr\/#website\",\"url\":\"https:\/\/wiki.dev.voka.io\/fr\/\",\"name\":\"Voka Wiki\",\"description\":\"\",\"publisher\":{\"@id\":\"https:\/\/wiki.dev.voka.io\/fr\/#organization\"},\"alternateName\":\"Anatomy & Pathology Wiki by VOKA\",\"potentialAction\":[{\"@type\":\"SearchAction\",\"target\":{\"@type\":\"EntryPoint\",\"urlTemplate\":\"https:\/\/wiki.dev.voka.io\/fr\/?s={search_term_string}\"},\"query-input\":{\"@type\":\"PropertyValueSpecification\",\"valueRequired\":true,\"valueName\":\"search_term_string\"}}],\"inLanguage\":\"fr-FR\"},{\"@type\":\"Organization\",\"@id\":\"https:\/\/wiki.dev.voka.io\/fr\/#organization\",\"name\":\"Voka 3D Anatomy & Pathology\",\"alternateName\":\"VOKA\",\"url\":\"https:\/\/wiki.dev.voka.io\/fr\/\",\"logo\":{\"@type\":\"ImageObject\",\"inLanguage\":\"fr-FR\",\"@id\":\"https:\/\/wiki.dev.voka.io\/fr\/#\/schema\/logo\/image\/\",\"url\":\"https:\/\/wiki.dev.voka.io\/wp-content\/uploads\/2025\/02\/cropped-voka-logo-1.png\",\"contentUrl\":\"https:\/\/wiki.dev.voka.io\/wp-content\/uploads\/2025\/02\/cropped-voka-logo-1.png\",\"width\":70,\"height\":16,\"caption\":\"Voka 3D Anatomy & Pathology\"},\"image\":{\"@id\":\"https:\/\/wiki.dev.voka.io\/fr\/#\/schema\/logo\/image\/\"},\"sameAs\":[\"https:\/\/www.facebook.com\/VOKA3DAnatomyAndPathology\/\",\"https:\/\/www.instagram.com\/voka.io\/\",\"https:\/\/www.linkedin.com\/company\/voka-io\/\",\"https:\/\/www.youtube.com\/channel\/UCqGGuOEpr62ScH8Pjk2q5zw\/videos\",\"https:\/\/www.pinterest.com\/VokaAnatomyPro\/\",\"https:\/\/www.threads.com\/@voka.io\"],\"description\":\"VOKA.io offers 3D medical animations and custom 3D modeling services. Our product, VOKA 3D Anatomy & Pathology, is a digital atlas with over 1,000 detailed 3D models of human anatomy and pathology, designed for medical education, training, and patient communication.\",\"email\":\"info@voka.io\",\"telephone\":\"+1 814 351 4442\",\"legalName\":\"Voka 3D Anatomy & Pathology\",\"foundingDate\":\"2017-02-12\",\"naics\":\"541512\",\"numberOfEmployees\":{\"@type\":\"QuantitativeValue\",\"minValue\":\"51\",\"maxValue\":\"200\"},\"publishingPrinciples\":\"https:\/\/wiki.voka.io\/fr\/principes-de-publication\/\"},{\"@type\":\"Person\",\"@id\":\"https:\/\/wiki.dev.voka.io\/fr\/#\/schema\/person\/ab068df9b8f89e81a4974c8fc3697690\",\"name\":\"Artemiy G.\",\"image\":{\"@type\":\"ImageObject\",\"inLanguage\":\"fr-FR\",\"@id\":\"https:\/\/wiki.dev.voka.io\/fr\/#\/schema\/person\/image\/\",\"url\":\"https:\/\/secure.gravatar.com\/avatar\/41c2ff0508515a8e31a999a47b4643f8332f73d15d3a8e06b016e20b8327c52d?s=96&d=mm&r=g\",\"contentUrl\":\"https:\/\/secure.gravatar.com\/avatar\/41c2ff0508515a8e31a999a47b4643f8332f73d15d3a8e06b016e20b8327c52d?s=96&d=mm&r=g\",\"caption\":\"Artemiy G.\"}}]}<\/script>\n<!-- \/ Yoast SEO Premium plugin. -->","yoast_head_json":{"title":"Tumeurs c\u00e9r\u00e9brales : sympt\u00f4mes, signes, causes, diagnostic et traitement \u00a0","description":"Tumeurs c\u00e9r\u00e9brales : premiers sympt\u00f4mes chez l\u2019adulte et l\u2019enfant, causes, m\u00e9thodes modernes de diagnostic et de traitement multimodal incluant chirurgie, radioth\u00e9rapie et chimioth\u00e9rapie.","robots":{"index":"noindex","follow":"follow","max-snippet":"max-snippet:-1","max-image-preview":"max-image-preview:large","max-video-preview":"max-video-preview:-1"},"og_locale":"fr_FR","og_type":"article","og_title":"Tumeurs c\u00e9r\u00e9brales : \u00e9tiologie, classification, sympt\u00f4mes, diagnostic et traitement","og_description":"Tumeurs c\u00e9r\u00e9brales : premiers sympt\u00f4mes chez l\u2019adulte et l\u2019enfant, causes, m\u00e9thodes modernes de diagnostic et de traitement multimodal incluant chirurgie, radioth\u00e9rapie et chimioth\u00e9rapie.","og_url":"https:\/\/wiki.dev.voka.io\/fr\/maladies\/oncologiques\/tumeurs-cerebrales\/","og_site_name":"Voka Wiki","article_publisher":"https:\/\/www.facebook.com\/VOKA3DAnatomyAndPathology\/","article_modified_time":"2025-12-23T13:03:01+00:00","og_image":[{"url":"https:\/\/storage.googleapis.com\/dev_wiki_voka_io_303011\/articles\/en\/oncology\/brain-tumors\/cerebral-metastasis.webp","type":"","width":"","height":""}],"twitter_card":"summary_large_image","twitter_misc":{"Dur\u00e9e de lecture estim\u00e9e":"12 minutes"},"schema":{"@context":"https:\/\/schema.org","@graph":[{"@type":"Article","@id":"https:\/\/wiki.dev.voka.io\/fr\/maladies\/oncologiques\/tumeurs-cerebrales\/#article","isPartOf":{"@id":"https:\/\/wiki.dev.voka.io\/fr\/maladies\/oncologiques\/tumeurs-cerebrales\/"},"author":{"name":"Artemiy G.","@id":"https:\/\/wiki.dev.voka.io\/fr\/#\/schema\/person\/ab068df9b8f89e81a4974c8fc3697690"},"headline":"Tumeurs c\u00e9r\u00e9brales : \u00e9tiologie, classification, sympt\u00f4mes, diagnostic et traitement","datePublished":"2025-12-23T13:02:59+00:00","dateModified":"2025-12-23T13:03:01+00:00","mainEntityOfPage":{"@id":"https:\/\/wiki.dev.voka.io\/fr\/maladies\/oncologiques\/tumeurs-cerebrales\/"},"wordCount":2463,"publisher":{"@id":"https:\/\/wiki.dev.voka.io\/fr\/#organization"},"image":{"@id":"https:\/\/wiki.dev.voka.io\/fr\/maladies\/oncologiques\/tumeurs-cerebrales\/#primaryimage"},"thumbnailUrl":"https:\/\/storage.googleapis.com\/dev_wiki_voka_io_303011\/articles\/en\/oncology\/brain-tumors\/cerebral-metastasis.webp","inLanguage":"fr-FR"},{"@type":"WebPage","@id":"https:\/\/wiki.dev.voka.io\/fr\/maladies\/oncologiques\/tumeurs-cerebrales\/","url":"https:\/\/wiki.dev.voka.io\/fr\/maladies\/oncologiques\/tumeurs-cerebrales\/","name":"Tumeurs c\u00e9r\u00e9brales : sympt\u00f4mes, signes, causes, diagnostic et traitement \u00a0","isPartOf":{"@id":"https:\/\/wiki.dev.voka.io\/fr\/#website"},"primaryImageOfPage":{"@id":"https:\/\/wiki.dev.voka.io\/fr\/maladies\/oncologiques\/tumeurs-cerebrales\/#primaryimage"},"image":{"@id":"https:\/\/wiki.dev.voka.io\/fr\/maladies\/oncologiques\/tumeurs-cerebrales\/#primaryimage"},"thumbnailUrl":"https:\/\/storage.googleapis.com\/dev_wiki_voka_io_303011\/articles\/en\/oncology\/brain-tumors\/cerebral-metastasis.webp","datePublished":"2025-12-23T13:02:59+00:00","dateModified":"2025-12-23T13:03:01+00:00","description":"Tumeurs c\u00e9r\u00e9brales : premiers sympt\u00f4mes chez l\u2019adulte et l\u2019enfant, causes, m\u00e9thodes modernes de diagnostic et de traitement multimodal incluant chirurgie, radioth\u00e9rapie et chimioth\u00e9rapie.","breadcrumb":{"@id":"https:\/\/wiki.dev.voka.io\/fr\/maladies\/oncologiques\/tumeurs-cerebrales\/#breadcrumb"},"inLanguage":"fr-FR","potentialAction":[{"@type":"ReadAction","target":["https:\/\/wiki.dev.voka.io\/fr\/maladies\/oncologiques\/tumeurs-cerebrales\/"]}]},{"@type":"ImageObject","inLanguage":"fr-FR","@id":"https:\/\/wiki.dev.voka.io\/fr\/maladies\/oncologiques\/tumeurs-cerebrales\/#primaryimage","url":"https:\/\/storage.googleapis.com\/dev_wiki_voka_io_303011\/articles\/en\/oncology\/brain-tumors\/cerebral-metastasis.webp","contentUrl":"https:\/\/storage.googleapis.com\/dev_wiki_voka_io_303011\/articles\/en\/oncology\/brain-tumors\/cerebral-metastasis.webp"},{"@type":"BreadcrumbList","@id":"https:\/\/wiki.dev.voka.io\/fr\/maladies\/oncologiques\/tumeurs-cerebrales\/#breadcrumb","itemListElement":[{"@type":"ListItem","position":1,"name":"Home","item":"https:\/\/wiki.dev.voka.io\/fr\/"},{"@type":"ListItem","position":2,"name":"Oncologie","item":"https:\/\/wiki.dev.voka.io\/fr\/maladies\/oncologiques\/"},{"@type":"ListItem","position":3,"name":"Tumeurs c\u00e9r\u00e9brales : \u00e9tiologie, classification, sympt\u00f4mes, diagnostic et traitement"}]},{"@type":"WebSite","@id":"https:\/\/wiki.dev.voka.io\/fr\/#website","url":"https:\/\/wiki.dev.voka.io\/fr\/","name":"Voka Wiki","description":"","publisher":{"@id":"https:\/\/wiki.dev.voka.io\/fr\/#organization"},"alternateName":"Anatomy & Pathology Wiki by VOKA","potentialAction":[{"@type":"SearchAction","target":{"@type":"EntryPoint","urlTemplate":"https:\/\/wiki.dev.voka.io\/fr\/?s={search_term_string}"},"query-input":{"@type":"PropertyValueSpecification","valueRequired":true,"valueName":"search_term_string"}}],"inLanguage":"fr-FR"},{"@type":"Organization","@id":"https:\/\/wiki.dev.voka.io\/fr\/#organization","name":"Voka 3D Anatomy & Pathology","alternateName":"VOKA","url":"https:\/\/wiki.dev.voka.io\/fr\/","logo":{"@type":"ImageObject","inLanguage":"fr-FR","@id":"https:\/\/wiki.dev.voka.io\/fr\/#\/schema\/logo\/image\/","url":"https:\/\/wiki.dev.voka.io\/wp-content\/uploads\/2025\/02\/cropped-voka-logo-1.png","contentUrl":"https:\/\/wiki.dev.voka.io\/wp-content\/uploads\/2025\/02\/cropped-voka-logo-1.png","width":70,"height":16,"caption":"Voka 3D Anatomy & Pathology"},"image":{"@id":"https:\/\/wiki.dev.voka.io\/fr\/#\/schema\/logo\/image\/"},"sameAs":["https:\/\/www.facebook.com\/VOKA3DAnatomyAndPathology\/","https:\/\/www.instagram.com\/voka.io\/","https:\/\/www.linkedin.com\/company\/voka-io\/","https:\/\/www.youtube.com\/channel\/UCqGGuOEpr62ScH8Pjk2q5zw\/videos","https:\/\/www.pinterest.com\/VokaAnatomyPro\/","https:\/\/www.threads.com\/@voka.io"],"description":"VOKA.io offers 3D medical animations and custom 3D modeling services. Our product, VOKA 3D Anatomy & Pathology, is a digital atlas with over 1,000 detailed 3D models of human anatomy and pathology, designed for medical education, training, and patient communication.","email":"info@voka.io","telephone":"+1 814 351 4442","legalName":"Voka 3D Anatomy & Pathology","foundingDate":"2017-02-12","naics":"541512","numberOfEmployees":{"@type":"QuantitativeValue","minValue":"51","maxValue":"200"},"publishingPrinciples":"https:\/\/wiki.voka.io\/fr\/principes-de-publication\/"},{"@type":"Person","@id":"https:\/\/wiki.dev.voka.io\/fr\/#\/schema\/person\/ab068df9b8f89e81a4974c8fc3697690","name":"Artemiy G.","image":{"@type":"ImageObject","inLanguage":"fr-FR","@id":"https:\/\/wiki.dev.voka.io\/fr\/#\/schema\/person\/image\/","url":"https:\/\/secure.gravatar.com\/avatar\/41c2ff0508515a8e31a999a47b4643f8332f73d15d3a8e06b016e20b8327c52d?s=96&d=mm&r=g","contentUrl":"https:\/\/secure.gravatar.com\/avatar\/41c2ff0508515a8e31a999a47b4643f8332f73d15d3a8e06b016e20b8327c52d?s=96&d=mm&r=g","caption":"Artemiy G."}}]}},"_links":{"self":[{"href":"https:\/\/wiki.dev.voka.io\/fr\/wp-json\/wp\/v2\/diseases_post\/2200","targetHints":{"allow":["GET"]}}],"collection":[{"href":"https:\/\/wiki.dev.voka.io\/fr\/wp-json\/wp\/v2\/diseases_post"}],"about":[{"href":"https:\/\/wiki.dev.voka.io\/fr\/wp-json\/wp\/v2\/types\/diseases_post"}],"author":[{"embeddable":true,"href":"https:\/\/wiki.dev.voka.io\/fr\/wp-json\/wp\/v2\/users\/11"}],"wp:attachment":[{"href":"https:\/\/wiki.dev.voka.io\/fr\/wp-json\/wp\/v2\/media?parent=2200"}],"wp:term":[{"taxonomy":"diseases_category","embeddable":true,"href":"https:\/\/wiki.dev.voka.io\/fr\/wp-json\/wp\/v2\/diseases_category?post=2200"}],"curies":[{"name":"wp","href":"https:\/\/api.w.org\/{rel}","templated":true}]}}