{"id":974,"date":"2025-07-29T10:38:03","date_gmt":"2025-07-29T07:38:03","guid":{"rendered":"https:\/\/wiki.dev.voka.io\/diseases\/uncategorized\/cherepno-mozgovaya-travma\/"},"modified":"2025-08-08T16:12:36","modified_gmt":"2025-08-08T13:12:36","slug":"traumatismo-craneoencefalico","status":"publish","type":"diseases_post","link":"https:\/\/wiki.dev.voka.io\/es\/enfermedades\/sistema-nervioso-central-y-periferico\/traumatismo-craneoencefalico\/","title":{"rendered":"Lesi\u00f3n craneoencef\u00e1lica (LCC): Clasificaci\u00f3n, etiolog\u00eda, s\u00edntomas, tratamiento"},"content":{"rendered":"<p><?xml encoding=\"UTF-8\" ?><\/p>\n<p>Una lesi\u00f3n craneoencef\u00e1lica (LCC) es un da\u00f1o en los huesos de la b\u00f3veda craneal o base del cr\u00e1neo, as\u00ed como en el propio cerebro, resultante del impacto de factores mec\u00e1nicos externos en la regi\u00f3n de la cabeza.<\/p>\n<figure class=\"wp-block-image size-large\"><img decoding=\"async\" src=\"https:\/\/storage.googleapis.com\/dev_wiki_voka_io_303011\/articles\/en\/cns-and-pns\/cranio-cerebral-trauma-ct\/depressed-impression-fracture-of-skull-bones-1.webp\" alt=\"Fractura de impresi\u00f3n impactada de los huesos de la b\u00f3veda craneal\"><figcaption class=\"wp-element-caption\">Fractura de impresi\u00f3n impactada de los huesos de la b\u00f3veda craneal \u2013 <a href=\"https:\/\/catalog.voka.io\/en\/models\/97a4b7e8-5664-40a7-b1d9-91b94133dd54\/2f9fc6be-32a9-4b79-bfc5-2a3dbf771dd0\/42b9f298-bf41-421d-801c-66700aed5847\/1e4d81aa-eada-449f-b024-30a2a70aef83\" target=\"_blank\" rel=\"noreferrer noopener nofollow\">Modelo 3D<\/a><\/figcaption><\/figure>\n<h2 class=\"wp-block-heading\" id=\"epidemiologia-de-la-lesion-cerebral-traumatica\"><strong>Epidemiolog\u00eda de la lesi\u00f3n cerebral traum\u00e1tica<\/strong><\/h2>\n<p>Las tendencias actuales de las lesiones cerebrales traum\u00e1ticas incluyen la afectaci\u00f3n de la poblaci\u00f3n joven en edad laboral, las elevadas tasas de discapacidad y mortalidad, y los importantes costes del tratamiento de los pacientes con esta patolog\u00eda. Cada a\u00f1o se registran 27 millones de nuevos casos de lesi\u00f3n cerebral traum\u00e1tica en todo el mundo, lo que supone unos 400 casos por cada 100.000 habitantes. <\/p>\n<p>Seg\u00fan las categor\u00edas de edad, la TPM puede clasificarse en:<\/p>\n<ul class=\"wp-block-list\">\n<li>Lesi\u00f3n cerebral traum\u00e1tica <strong>infantil<\/strong>, a menudo asociada a una ca\u00edda del beb\u00e9;<\/li>\n<li>Lesiones cerebrales traum\u00e1ticas <strong>en adolescentes y adultos<\/strong>, en las que la causa principal de lesi\u00f3n son los accidentes de tr\u00e1fico;<\/li>\n<li>Traumatismos <strong>en la vejez<\/strong>, donde las ca\u00eddas son la causa m\u00e1s frecuente de lesiones.<\/li>\n<\/ul>\n<p>Adem\u00e1s, hay diferencias de g\u00e9nero en el patr\u00f3n de traumatismos: los hombres se lesionan el doble que las mujeres (de media).<\/p>\n<p>La gravedad de las lesiones cerebrales traum\u00e1ticas se pone de manifiesto por la elevada tasa de mortalidad: unas 10 muertes por cada 100.000 habitantes al a\u00f1o por lesiones cerebrales traum\u00e1ticas, y cerca del 70% de los pacientes mueren antes de recibir atenci\u00f3n m\u00e9dica cualificada.<\/p>\n<h2 class=\"wp-block-heading\" id=\"etiologia-de-la-lesion-cerebral-traumatica\"><strong>Etiolog\u00eda de la lesi\u00f3n cerebral traum\u00e1tica<\/strong><\/h2>\n<p>Los factores etiol\u00f3gicos m\u00e1s comunes de la lesi\u00f3n cerebral traum\u00e1tica:<\/p>\n<ol class=\"wp-block-list\">\n<li>Ca\u00eddas (40-50% de todos los traumatismos craneoencef\u00e1licos);<\/li>\n<li>Accidentes de tr\u00e1fico (20-30% de todos los traumatismos craneoencef\u00e1licos);<\/li>\n<li>Infligir intencionadamente lesiones corporales;<\/li>\n<li>Lesiones profesionales.<\/li>\n<\/ol>\n<p>La contribuci\u00f3n de los distintos factores etiol\u00f3gicos al desarrollo de lesiones cerebrales var\u00eda seg\u00fan la renta de un pa\u00eds, su situaci\u00f3n geogr\u00e1fica y la situaci\u00f3n pol\u00edtica de una regi\u00f3n determinada.<\/p>\n<h2 class=\"wp-block-heading\" id=\"patogenesis-de-la-lesion-cerebral-traumatica\"><strong>Patog\u00e9nesis de la lesi\u00f3n cerebral traum\u00e1tica<\/strong><\/h2>\n<p>El impacto directo de diversos factores mec\u00e1nicos, que incluyen mecanismos de choque-impacto y aceleraci\u00f3n-desaceleraci\u00f3n, puede causar dos tipos de da\u00f1o cerebral primario, focal y difuso.  <\/p>\n<h3 class=\"wp-block-heading\" id=\"mecanismo-de-choque-e-impacto\"><strong>Mecanismo de choque e impacto<\/strong><\/h3>\n<p>El mecanismo de choque-impacto provoca lesiones cerebrales focales debido al impacto de energ\u00eda mec\u00e1nica con un cr\u00e1neo r\u00edgido, lo que conlleva lesiones en los tejidos blandos de la cabeza, los huesos del cr\u00e1neo y el cerebro en la zona de contacto con el agente traum\u00e1tico.<\/p>\n<p>Debido a las caracter\u00edsticas biof\u00edsicas del cr\u00e1neo, se produce una disminuci\u00f3n a corto plazo de la presi\u00f3n en el punto de contraimpacto, se forman reacciones de cavitaci\u00f3n, lo que conduce a la traumatizaci\u00f3n del cerebro en un punto opuesto al punto de impacto del traumatismo. Este mecanismo de traumatizaci\u00f3n subyace a la patog\u00e9nesis de los hematomas intracraneales traum\u00e1ticos, las contusiones cerebrales, las fracturas de los huesos del cr\u00e1neo y las hemorragias subaracnoideas traum\u00e1ticas, que se representan en nuestros <a href=\"https:\/\/catalog.voka.io\/en\/pathology\/97a4b7e8-5664-40a7-b1d9-91b94133dd54\/2f9fc6be-32a9-4b79-bfc5-2a3dbf771dd0\" target=\"_blank\" rel=\"noreferrer noopener nofollow\">Modelos 3D<\/a>: <\/p>\n<figure class=\"wp-block-image size-large\"><img decoding=\"async\" src=\"https:\/\/storage.googleapis.com\/dev_wiki_voka_io_303011\/articles\/en\/cns-and-pns\/cranio-cerebral-trauma-ct\/moderate-traumatic-brain-injury.webp\" alt=\"Contusi\u00f3n cerebral moderada\"><figcaption class=\"wp-element-caption\">Contusi\u00f3n cerebral moderada \u2013 <a href=\"https:\/\/catalog.voka.io\/en\/models\/97a4b7e8-5664-40a7-b1d9-91b94133dd54\/2f9fc6be-32a9-4b79-bfc5-2a3dbf771dd0\/cb4b7180-0d40-4d77-b0aa-818c28271f6f\/8b3112ad-a134-4eab-b4bd-32661679391a\" target=\"_blank\" rel=\"noreferrer noopener nofollow\">Modelo 3D<\/a><\/figcaption><\/figure>\n<figure class=\"wp-block-image size-large\"><img decoding=\"async\" src=\"https:\/\/storage.googleapis.com\/dev_wiki_voka_io_303011\/articles\/en\/cns-and-pns\/cranio-cerebral-trauma-ct\/acute-epidural-hematoma-basotemporal-location-2.webp\" alt=\"Hematoma epidural agudo de localizaci\u00f3n temporal basal\"><figcaption class=\"wp-element-caption\">Hematoma epidural agudo de localizaci\u00f3n temporal basal \u2013 <a href=\"https:\/\/catalog.voka.io\/en\/models\/97a4b7e8-5664-40a7-b1d9-91b94133dd54\/2f9fc6be-32a9-4b79-bfc5-2a3dbf771dd0\/e8279774-7b3a-4b55-8b74-23a46a20d51a\/ce3df2c9-c421-4910-83a7-be0a04271bde\" target=\"_blank\" rel=\"noreferrer noopener nofollow\">Modelo 3D<\/a><\/figcaption><\/figure>\n<h3 class=\"wp-block-heading\" id=\"mecanismo-de-aceleracion-desaceleracion\"><strong>Mecanismo de aceleraci\u00f3n-desaceleraci\u00f3n<\/strong><\/h3>\n<p>El mecanismo de aceleraci\u00f3n-desaceleraci\u00f3n se produce por el impacto en la cabeza de fuerzas de aceleraci\u00f3n sucesivas, seguidas de una desaceleraci\u00f3n brusca. Durante este impacto mec\u00e1nico, se producen microtraumatismos en la zona que conecta los hemisferios cerebrales con el tronco encef\u00e1lico. Este mecanismo subyace a la patog\u00e9nesis de la conmoci\u00f3n cerebral y la lesi\u00f3n cerebral axonal difusa.  <\/p>\n<h2 class=\"wp-block-heading\" id=\"clasificacion-de-las-lesiones-cerebrales-traumaticas\"><strong>Clasificaci\u00f3n de las lesiones cerebrales traum\u00e1ticas<\/strong><\/h2>\n<ol class=\"wp-block-list\">\n<li><strong>Por tipo de efecto biomec\u00e1nico<\/strong>\n<ol class=\"wp-block-list\">\n<li>A prueba de golpes;<\/li>\n<li>Aceleraci\u00f3n-desaceleraci\u00f3n.<\/li>\n<\/ol>\n<\/li>\n<li><strong>Por tipo de da\u00f1o<\/strong>\n<ol class=\"wp-block-list\">\n<li>Focal \u2013 basado en un mecanismo de lesi\u00f3n por impacto;<\/li>\n<li>Difusa \u2013 basada en el mecanismo de aceleraci\u00f3n-desaceleraci\u00f3n.<\/li>\n<\/ol>\n<\/li>\n<li><strong>Por la naturaleza de la lesi\u00f3n<\/strong>\n<ol class=\"wp-block-list\">\n<li>Abierta: presencia de una lesi\u00f3n en la aponeurosis;<\/li>\n<li>Cerrado: la aponeurosis est\u00e1 intacta;<\/li>\n<li>Penetrante: da\u00f1o en la duramadre;<\/li>\n<li>No penetrante: la duramadre est\u00e1 intacta.<\/li>\n<\/ol>\n<\/li>\n<li><strong>Por gravedad (Escala de coma de Glasgow)<\/strong>\n<ol class=\"wp-block-list\">\n<li>Ligero (13-15 puntos);<\/li>\n<li>Medio (9-12 puntos);<\/li>\n<li>Grave (3-8 puntos).<\/li>\n<\/ol>\n<\/li>\n<li><strong>Formularios cl\u00ednicos<\/strong>\n<ol class=\"wp-block-list\">\n<li>Conmoci\u00f3n cerebral;<\/li>\n<li>Contusi\u00f3n cerebral:\n<ol class=\"wp-block-list\">\n<li>Grado leve;<\/li>\n<li>Grado Medio;<\/li>\n<li>Grado grave.<\/li>\n<\/ol>\n<\/li>\n<li>Da\u00f1o axonal difuso;<\/li>\n<li>Compresi\u00f3n cerebral (aguda, subaguda, cr\u00f3nica).<\/li>\n<\/ol>\n<\/li>\n<li><strong>Por grado de recuperaci\u00f3n (Escala de resultados de Glasgow)<\/strong>\n<ol class=\"wp-block-list\">\n<li>Recuperaci\u00f3n total: restablecimiento completo de la capacidad laboral del paciente;<\/li>\n<li>Una buena recuperaci\u00f3n es un peque\u00f1o d\u00e9ficit neurol\u00f3gico que no interfiere en la vida diaria;<\/li>\n<li>No aut\u00f3nomo leve \u2013 oportunidad de cambio de ocupaci\u00f3n, empleo especializado;<\/li>\n<li>No autocuidado moderado: deterioro parcial del autocuidado;<\/li>\n<li>D\u00e9ficit neurol\u00f3gico grave no autosuficiente que requiere cuidados continuos;<\/li>\n<li>Fallo neuromuscular: necesidad de cuidados continuos en la UCIN;<\/li>\n<li>El estado vegetativo es la persistencia de ciclos de vigilia y sue\u00f1o sin signos de consciencia o contacto;<\/li>\n<li>Letal: la muerte del paciente.<\/li>\n<\/ol>\n<\/li>\n<\/ol>\n<h2 class=\"wp-block-heading\" id=\"manifestaciones-clinicas-de-la-lesion-cerebral-traumatica\"><strong>Manifestaciones cl\u00ednicas de la lesi\u00f3n cerebral traum\u00e1tica<\/strong><\/h2>\n<p>La sintomatolog\u00eda de la lesi\u00f3n craneoencef\u00e1lica (LCC) es muy diversa y viene determinada por la gravedad de la lesi\u00f3n y la localizaci\u00f3n del foco en relaci\u00f3n con \u00e1reas funcionales importantes del cerebro.<\/p>\n<ul class=\"wp-block-list\">\n<li><strong>Todos los tipos de lesi\u00f3n cerebral traum\u00e1tica<\/strong> van acompa\u00f1ados de p\u00e9rdida de conciencia, que puede durar desde unos segundos hasta varios d\u00edas o incluso semanas, seg\u00fan el grado de da\u00f1o cerebral.<\/li>\n<li>Se producen <strong>d\u00e9ficits neurol\u00f3gicos<\/strong> de distinta naturaleza debido al da\u00f1o cerebral directo y se dividen en s\u00edntomas cerebrales generales, focales, troncales y men\u00edngeos.<\/li>\n<li>Los <strong>s\u00edntomas cerebrales generales<\/strong> incluyen dolor de cabeza, alteraci\u00f3n de la consciencia, mareos y v\u00f3mitos, que se deben a cambios en la presi\u00f3n intracraneal que provocan hipertensi\u00f3n o hipotensi\u00f3n intracraneal.<\/li>\n<li><strong>Los s\u00edntomas focales<\/strong> se asocian a da\u00f1os localizados en zonas del cerebro responsables de funciones espec\u00edficas. Entre ellas est\u00e1n:\n<ul class=\"wp-block-list\">\n<li>Trastornos mentales en lesiones del l\u00f3bulo frontal basal.<\/li>\n<li>Paresias o par\u00e1lisis con lesi\u00f3n de la corteza motora o de los tractos c\u00f3rtico-espinales.<\/li>\n<li>Alteraciones sensoriales con lesi\u00f3n de la circunvoluci\u00f3n postcentral o de las v\u00edas conductoras.<\/li>\n<li>Alteraciones af\u00e1sicas en lesiones del \u00e1rea de Broca y Wernicke.<\/li>\n<li>P\u00e9rdida del campo visual con lesi\u00f3n de los l\u00f3bulos occipitales o de la irradiaci\u00f3n \u00f3ptica.<\/li>\n<\/ul>\n<\/li>\n<li><strong>Los s\u00edntomas del<\/strong> tronco en la lesi\u00f3n cerebral traum\u00e1tica incluyen da\u00f1os en el mesenc\u00e9falo, que se manifiestan por alteraciones oculomotoras y el desarrollo del s\u00edndrome bulbar (disfon\u00eda, disartria, disfagia) debido a da\u00f1os en los n\u00facleos nerviosos caudales a nivel del tronco encef\u00e1lico.<\/li>\n<li><strong>Los trastornos hipotal\u00e1micos<\/strong> se producen cuando el hipot\u00e1lamo est\u00e1 da\u00f1ado debido a contusiones cerebrales basales, hematomas intracraneales masivos o fracturas de la base del cr\u00e1neo. Se manifiestan por alteraciones de la osmolaridad sangu\u00ednea y trastornos auton\u00f3micos. <\/li>\n<li><strong>Los s\u00edntomas men\u00edngeos<\/strong> se deben a la irritaci\u00f3n de las membranas cerebrales por la hemorragia intracraneal y se manifiestan por rigidez de los m\u00fasculos occipitales, signos men\u00edngeos anormales, dolor a la percusi\u00f3n craneal e hiperestesia general. Estos s\u00edntomas se desarrollan t\u00edpicamente en la hemorragia subaracnoidea traum\u00e1tica, como se ilustra en el modelo siguiente. <\/li>\n<\/ul>\n<figure class=\"wp-block-image size-large\"><img decoding=\"async\" src=\"https:\/\/storage.googleapis.com\/dev_wiki_voka_io_303011\/articles\/en\/cns-and-pns\/cranio-cerebral-trauma-ct\/traumatic-subarachnoid-hemorrhage-in-left-parietal-lobe.webp\" alt=\"Hemorragia subaracnoidea traum\u00e1tica en el l\u00f3bulo parietal izquierdo\"><figcaption class=\"wp-element-caption\">Hemorragia subaracnoidea traum\u00e1tica en el l\u00f3bulo parietal izquierdo \u2013 <a href=\"https:\/\/catalog.voka.io\/en\/models\/97a4b7e8-5664-40a7-b1d9-91b94133dd54\/2f9fc6be-32a9-4b79-bfc5-2a3dbf771dd0\/a3c84bfe-1172-488b-ab61-7d6d7db2a443\/57a01ddc-c4db-4294-be46-c714fc14ebbc\" target=\"_blank\" rel=\"noreferrer noopener nofollow\">Modelo 3D<\/a><\/figcaption><\/figure>\n<h2 class=\"wp-block-heading\" id=\"diagnostico-de-las-lesiones-cerebrales\"><strong>Diagn\u00f3stico de las lesiones cerebrales<\/strong><\/h2>\n<h3 class=\"wp-block-heading\" id=\"toma-de-historia\"><strong>Toma de historia<\/strong><\/h3>\n<p>El primer paso y el m\u00e1s b\u00e1sico en el diagn\u00f3stico de la lesi\u00f3n cerebral traum\u00e1tica es la recogida de la anamnesis. Es importante averiguar el mecanismo de la lesi\u00f3n (ca\u00edda de altura, impacto, accidente de tr\u00e1fico) y el tiempo transcurrido desde el accidente. La determinaci\u00f3n del mecanismo del traumatismo sugiere un posible da\u00f1o cerebral focal o difuso (por ejemplo, un golpe con un objeto pesado puede provocar una fractura de los huesos del cr\u00e1neo, y un accidente de tr\u00e1fico con aceleraci\u00f3n-desaceleraci\u00f3n, un da\u00f1o axonal difuso).  <\/p>\n<h3 class=\"wp-block-heading\" id=\"inspeccion\"><strong>Inspecci\u00f3n<\/strong><\/h3>\n<p>La exploraci\u00f3n del paciente permite identificar huellas de traumatismo craneoencef\u00e1lico (abrasiones, hematomas, heridas contusas), lo que es sumamente importante para el diagn\u00f3stico diferencial del traumatismo craneoencef\u00e1lico con otras patolog\u00edas neuroquir\u00fargicas de urgencia que afectan al cerebro.  <\/p>\n<p>En los <a href=\"https:\/\/catalog.voka.io\/en\/models\/97a4b7e8-5664-40a7-b1d9-91b94133dd54\/2f9fc6be-32a9-4b79-bfc5-2a3dbf771dd0\/db9e76df-b91f-4794-80df-198a80e8ff4d\" target=\"_blank\" rel=\"noreferrer noopener nofollow\">Modelos 3D<\/a> se muestran ejemplos de lesiones de tejidos blandos que pueden producirse como consecuencia de un traumatismo craneoencef\u00e1lico.<\/p>\n<figure class=\"wp-block-image size-large\"><img decoding=\"async\" src=\"https:\/\/storage.googleapis.com\/dev_wiki_voka_io_303011\/articles\/en\/cns-and-pns\/cranio-cerebral-trauma-ct\/abrasion-of-frontal-area-2.webp\" alt=\"Herida en el cuero cabelludo sin lesi\u00f3n de la aponeurosis\"><\/figure>\n<figure class=\"wp-block-image size-large\"><img decoding=\"async\" src=\"https:\/\/storage.googleapis.com\/dev_wiki_voka_io_303011\/articles\/en\/cns-and-pns\/cranio-cerebral-trauma-ct\/scalp-wound-without-aponeurosis-damage-1.webp\" alt=\"Herida en el cuero cabelludo sin lesi\u00f3n de la aponeurosis\"><figcaption class=\"wp-element-caption\">Herida en el cuero cabelludo sin lesi\u00f3n de la aponeurosis \u2013 <a href=\"https:\/\/catalog.voka.io\/en\/models\/97a4b7e8-5664-40a7-b1d9-91b94133dd54\/2f9fc6be-32a9-4b79-bfc5-2a3dbf771dd0\/db9e76df-b91f-4794-80df-198a80e8ff4d\/80a7b63a-5bd3-4b02-b440-447f1d83dcc6\" target=\"_blank\" rel=\"noreferrer noopener nofollow\">Modelo 3D<\/a><\/figcaption><\/figure>\n<p>Una exploraci\u00f3n minuciosa tambi\u00e9n ayuda a descartar lesiones combinadas, que son frecuentes en estos pacientes y empeoran el pron\u00f3stico. El m\u00e9dico debe centrarse principalmente en el nivel de consciencia del paciente. <\/p>\n<p>El nivel de consciencia de los pacientes se suele dividir en:<\/p>\n<ul class=\"wp-block-list\">\n<li>Conciencia clara;<\/li>\n<li>Aturdimiento moderado;<\/li>\n<li>Aturdimiento profundo;<\/li>\n<li>Sopore;<\/li>\n<li>Coma (moderado, profundo, inhibido).<\/li>\n<\/ul>\n<h3 class=\"wp-block-heading\" id=\"escala-de-valoracion-de-la-conciencia-de-glasgow-gcrs\"><strong>Escala de Valoraci\u00f3n de la Conciencia de Glasgow (GCRS)<\/strong><\/h3>\n<p>En neurocirug\u00eda, la <strong>Escala de Coma de Glasgow (ECG<\/strong>) se utiliza para evaluar r\u00e1pidamente el nivel de consciencia, con el fin de valorar el estado del paciente en urgencias y decidir las t\u00e1cticas de tratamiento posteriores. La GCS tiene una correlaci\u00f3n directa con la letalidad: si el nivel de consciencia de un paciente traumatizado est\u00e1 entre 3 y 8 puntos, la letalidad es de aproximadamente el 60%. <\/p>\n<p>La Escala de Coma de Glasgow incluye la evaluaci\u00f3n de 3 medidas integrales: respuesta motora, apertura ocular y contacto verbal.<\/p>\n<p>Apertura ocular (E, Respuesta ocular)  <\/p>\n<ul class=\"wp-block-list\">\n<li>Espont\u00e1neo \u2013 4 puntos;  <\/li>\n<li>Sobre el discurso, 3 puntos;  <\/li>\n<li>Por irritaci\u00f3n dolorosa, 2 puntos;  <\/li>\n<li>Sin respuesta \u2013 1 punto.<\/li>\n<\/ul>\n<p>Respuesta verbal (V, Respuesta verbal)<\/p>\n<ul class=\"wp-block-list\">\n<li>Se orienta al paciente, la respuesta a la pregunta formulada es correcta y r\u00e1pida \u2013 5 puntos;<\/li>\n<li>Paciente desorientado, habla confusa \u2013 4 puntos;<\/li>\n<li>Un espolvoreo verbal, la respuesta no corresponde a la pregunta en cuanto a significado \u2013 3 puntos;<\/li>\n<li>Sonidos ininteligibles en respuesta a una pregunta dada \u2013 2 puntos;<\/li>\n<li>Ausencia de respuesta oral \u2013 1 punto.<\/li>\n<\/ul>\n<p>Respuesta motora (M, Respuesta motora)<\/p>\n<ul class=\"wp-block-list\">\n<li>Ejecuci\u00f3n de movimientos a la orden \u2013 6 puntos;<\/li>\n<li>Movimiento intencionado en respuesta a un est\u00edmulo doloroso (repulsi\u00f3n) \u2013 5 puntos;<\/li>\n<li>Sacudidas de las extremidades en respuesta a un est\u00edmulo doloroso \u2013 4 puntos;<\/li>\n<li>Flexi\u00f3n patol\u00f3gica en respuesta a un est\u00edmulo doloroso \u2013 3 puntos;<\/li>\n<li>Extensi\u00f3n patol\u00f3gica en respuesta a un est\u00edmulo doloroso \u2013 2 puntos;<\/li>\n<li>Falta de reacci\u00f3n motora \u2013 1 punto.<\/li>\n<\/ul>\n<p><strong>La suma total de puntuaciones en el SCS oscila entre 3 y 15<\/strong>. Esta escala permite interpretar un criterio cuantitativo (puntuaci\u00f3n) en un criterio cualitativo (nivel de conciencia): <\/p>\n<ul class=\"wp-block-list\">\n<li>15 puntos \u2013 conciencia clara del paciente;<\/li>\n<li>14-12 puntos \u2013 aturdimiento moderado;<\/li>\n<li>11-10 puntos \u2013 aturdimiento profundo;<\/li>\n<li>9-8 puntos \u2013 soporus;<\/li>\n<li>7-6 puntos \u2013 coma moderado;<\/li>\n<li>5 a 4 es un coma profundo;<\/li>\n<li>3 puntos es una coma prohibitiva.<\/li>\n<\/ul>\n<h3 class=\"wp-block-heading\" id=\"pruebas-de-laboratorio\"><strong>Pruebas de laboratorio<\/strong><\/h3>\n<p>Las pruebas de laboratorio para el traumatismo craneoencef\u00e1lico (traumatismo craneoencef\u00e1lico) incluyen pruebas est\u00e1ndar:<\/p>\n<ul class=\"wp-block-list\">\n<li>Recuento sangu\u00edneo general (RGB);<\/li>\n<li>Recuento bioqu\u00edmico sangu\u00edneo (BAC);<\/li>\n<li>Coagulograma;<\/li>\n<li>An\u00e1lisis general de orina (GUM);<\/li>\n<li>Determinaci\u00f3n del grupo sangu\u00edneo y del factor Rh.<\/li>\n<\/ul>\n<p>Estas pruebas se realizan no s\u00f3lo para establecer un diagn\u00f3stico, sino tambi\u00e9n para evaluar el estado del paciente, identificar comorbilidades y preparar una posible intervenci\u00f3n quir\u00fargica.<\/p>\n<h3 class=\"wp-block-heading\" id=\"metodos-instrumentales-de-diagnostico-de-la-lesion-cerebral-traumatica\"><strong>M\u00e9todos instrumentales de diagn\u00f3stico de la lesi\u00f3n cerebral traum\u00e1tica<\/strong><\/h3>\n<p>Los m\u00e9todos instrumentales para diagnosticar una lesi\u00f3n cerebral traum\u00e1tica incluyen:<\/p>\n<ul class=\"wp-block-list\">\n<li><strong>Tomograf\u00eda computarizada (TC)<\/strong>: Reconocida como el patr\u00f3n oro en el diagn\u00f3stico de lesiones cerebrales traum\u00e1ticas, esta t\u00e9cnica puede detectar fracturas de los huesos del cr\u00e1neo, contusiones cerebrales, hematomas intracerebrales y cambios patol\u00f3gicos en las cavidades de las v\u00edas respiratorias. Entre las ventajas de la TC se incluyen la alta velocidad de realizaci\u00f3n y la elevada sensibilidad y especificidad. Tambi\u00e9n es posible determinar la edad de la lesi\u00f3n a partir de signos indirectos en la TC. La TC se utiliza en diversas variantes (exploraci\u00f3n por TC nativa, angiograf\u00eda por TC, cisternograf\u00eda por TC).   <\/li>\n<\/ul>\n<p>Nuestros <a href=\"https:\/\/catalog.voka.io\/en\/models\/97a4b7e8-5664-40a7-b1d9-91b94133dd54\/2f9fc6be-32a9-4b79-bfc5-2a3dbf771dd0\/42b9f298-bf41-421d-801c-66700aed5847\" target=\"_blank\" rel=\"noreferrer noopener nofollow\">Modelos 3D<\/a> muestran fracturas de la b\u00f3veda craneal y la base del cr\u00e1neo que pueden visualizarse con TC.<\/p>\n<figure class=\"wp-block-image size-large\"><img decoding=\"async\" src=\"https:\/\/storage.googleapis.com\/dev_wiki_voka_io_303011\/articles\/en\/cns-and-pns\/cranio-cerebral-trauma-ct\/left-temporal-bone-fracture-with-extension-to-temporal-bone-pyramid.webp\" alt=\"Fractura del hueso temporal izquierdo con transici\u00f3n a la pir\u00e1mide \u00f3sea temporal\"><figcaption class=\"wp-element-caption\">Fractura del hueso temporal izquierdo con transici\u00f3n a la pir\u00e1mide \u00f3sea temporal \u2013 <a href=\"https:\/\/catalog.voka.io\/en\/models\/97a4b7e8-5664-40a7-b1d9-91b94133dd54\/2f9fc6be-32a9-4b79-bfc5-2a3dbf771dd0\/42b9f298-bf41-421d-801c-66700aed5847\/16800e80-ebb5-493d-93fa-1b51f36e8471\" target=\"_blank\" rel=\"noreferrer noopener nofollow\">Modelo 3D<\/a><\/figcaption><\/figure>\n<ul class=\"wp-block-list\">\n<li><strong>Resonancia magn\u00e9tica (RM)<\/strong>: Aunque su realizaci\u00f3n es m\u00e1s cara y requiere m\u00e1s tiempo, la RM tiene ventajas sobre la TC. Permite visualizar mejor los tejidos blandos y el tejido cerebral sin exponer al paciente a la radiaci\u00f3n. La RM es eficaz para detectar hematomas intracraneales en distintas fases de su desarrollo, lesiones cerebrales y es el m\u00e9todo preferido para diagnosticar lesiones axonales difusas. La RM tambi\u00e9n permite una evaluaci\u00f3n m\u00e1s precisa de la din\u00e1mica del licor gracias a programas especiales, pero es menos eficaz para detectar lesiones traum\u00e1ticas de los huesos del cr\u00e1neo. La RM se realiza en distintos programas (T1, T2 FLAIR, ADC, DWI, TOF, etc.).    <\/li>\n<li><strong>Punci\u00f3n lumbar<\/strong>: Esta t\u00e9cnica auxiliar puede detectar la presencia de hemorragia subaracnoidea, medir la presi\u00f3n del l\u00edquido cefalorraqu\u00eddeo y descartar complicaciones de lesiones traum\u00e1ticas como meningitis, meningoencefalitis y ventriculitis. La punci\u00f3n lumbar tambi\u00e9n puede tener car\u00e1cter terap\u00e9utico, permitiendo el saneamiento del licor y la administraci\u00f3n intratecal de f\u00e1rmacos. <\/li>\n<li><strong>T\u00e9cnicas neuroendosc\u00f3picas<\/strong>: Estas t\u00e9cnicas ayudan a excluir la licuorrea oculta y a revisar intraoperatoriamente los espacios naturales para detectar la hemorragia en curso.<\/li>\n<\/ul>\n<div class=\"social-banner-block\">\n<div class=\"social-banner-content\">\n<p class=\"h5-title text-black\">Encuentra m\u00e1s contenido cient\u00edficamente preciso en nuestras redes sociales<\/p>\n<p><span class=\"social-banner-text text-grey\">Suscr\u00edbete y no te pierdas los \u00faltimos recursos<\/span><\/p>\n<div class=\"social-links-wrapper\"><a class=\"social-icon-link\" href=\"https:\/\/www.facebook.com\/VOKA3DAnatomyAndPathology\/\" target=\"_blank\" rel=\"nofollow noopener\"><img decoding=\"async\" src=\"https:\/\/storage.googleapis.com\/dev_wiki_voka_io_303011\/common\/Social%20Icons\/facebook.svg\" alt=\"social link\"><\/a><a class=\"social-icon-link\" href=\"https:\/\/www.instagram.com\/voka.io\/\" target=\"_blank\" rel=\"nofollow noopener\"><img decoding=\"async\" src=\"https:\/\/storage.googleapis.com\/dev_wiki_voka_io_303011\/common\/Social%20Icons\/insta.svg\" alt=\"social link\"><\/a><a class=\"social-icon-link\" href=\"https:\/\/www.linkedin.com\/company\/voka-io\/posts\/?feedView=all\" target=\"_blank\" rel=\"nofollow noopener\"><img decoding=\"async\" src=\"https:\/\/storage.googleapis.com\/dev_wiki_voka_io_303011\/common\/Social%20Icons\/linkedin.svg\" alt=\"social link\"><\/a><a class=\"social-icon-link\" href=\"https:\/\/www.youtube.com\/@vokaio\" target=\"_blank\" rel=\"nofollow noopener\"><img decoding=\"async\" src=\"https:\/\/storage.googleapis.com\/dev_wiki_voka_io_303011\/common\/Social%20Icons\/youtube.svg\" alt=\"social link\"><\/a><a class=\"social-icon-link\" href=\"https:\/\/www.pinterest.com\/voka3danatomyandpathology\/\" target=\"_blank\" rel=\"nofollow noopener\"><img decoding=\"async\" src=\"https:\/\/storage.googleapis.com\/dev_wiki_voka_io_303011\/common\/Social%20Icons\/pinterest.svg\" alt=\"social link\"><\/a><a class=\"social-icon-link\" href=\"https:\/\/www.tiktok.com\/@voka.io\" target=\"_blank\" rel=\"nofollow noopener\"><img decoding=\"async\" src=\"https:\/\/storage.googleapis.com\/dev_wiki_voka_io_303011\/common\/Social%20Icons\/tiktok.svg\" alt=\"social link\"><\/a><a class=\"social-icon-link\" href=\"https:\/\/discord.gg\/7ejUpq8DRR\" target=\"_blank\" rel=\"nofollow noopener\"><img decoding=\"async\" src=\"https:\/\/storage.googleapis.com\/dev_wiki_voka_io_303011\/common\/Social%20Icons\/discord.svg\" alt=\"social link\"><\/a><\/div>\n<\/div>\n<p><img decoding=\"async\" class=\"social-banner-image\" loading=\"lazy\" src=\"https:\/\/storage.googleapis.com\/dev_wiki_voka_io_303011\/common\/social-media-banner-mobile-image.webp\" alt=\"Banner background\"><\/div>\n<h2 class=\"wp-block-heading\" id=\"tratamiento-de-las-lesiones-cerebrales\"><strong>Tratamiento de las lesiones cerebrales<\/strong><\/h2>\n<p>El tratamiento de una lesi\u00f3n cerebral traum\u00e1tica (LCT) viene determinado por la gravedad, las caracter\u00edsticas cl\u00ednicas, el nivel de consciencia del paciente y la presencia o ausencia de edema cerebral. Los m\u00e9todos de tratamiento se dividen en conservadores y quir\u00fargicos. <\/p>\n<h3 class=\"wp-block-heading\" id=\"tratamientos-conservadores-del-traumatismo-craneoencefalico\"><strong>Tratamientos conservadores del traumatismo craneoencef\u00e1lico<\/strong><\/h3>\n<p>El tratamiento conservador del traumatismo craneoencef\u00e1lico suele ser sintom\u00e1tico y tiene por objeto controlar el edema cerebral, controlar la presi\u00f3n intracraneal y controlar los s\u00edntomas.<\/p>\n<p>Los <strong>principales grupos de f\u00e1rmacos<\/strong> son:<\/p>\n<ul class=\"wp-block-list\">\n<li><strong>Antiinflamatorios no esteroideos (AINE<\/strong>): Se utilizan para controlar el dolor en pacientes conscientes.<\/li>\n<li><strong>Antibi\u00f3ticos<\/strong>: Se utilizan distintos grupos y generaciones de antibi\u00f3ticos (\u03b2-lact\u00e1micos, aminogluc\u00f3sidos, macr\u00f3lidos, etc.) para prevenir las complicaciones supurativas en pacientes con traumatismo abierto o penetrante y en pacientes con meningitis purulenta postraum\u00e1tica. Los antibi\u00f3ticos pueden administrarse por v\u00eda sist\u00e9mica, intratecal o intraventricular. Una propiedad importante es su alta permeabilidad a trav\u00e9s de la barrera hematoencef\u00e1lica (BHE).  <\/li>\n<li><strong>Anticonvulsivantes<\/strong>: la carbamazepina y el \u00e1cido valproico se utilizan para prevenir las convulsiones en pacientes con da\u00f1o cerebral focal.<\/li>\n<li><strong>Diur\u00e9ticos osm\u00f3ticos<\/strong>: el sorbitol y el manitol se utilizan para controlar <strong>el edema<\/strong> cerebral en la lesi\u00f3n cerebral traum\u00e1tica grave. Los diur\u00e9ticos del asa, como la furosemida, pueden utilizarse en combinaci\u00f3n. <\/li>\n<li><strong>Barbit\u00faricos<\/strong>: Se utilizan junto con hipotermia controlada e hipercapnia artificial para reducir la presi\u00f3n intracraneal.<\/li>\n<\/ul>\n<h3 class=\"wp-block-heading\" id=\"metodos-operativos-de-tratamiento-del-traumatismo-craneoencefalico\"><strong>M\u00e9todos operativos de tratamiento del traumatismo craneoencef\u00e1lico<\/strong><\/h3>\n<p>La intervenci\u00f3n quir\u00fargica tiene por objeto eliminar los factores causantes de la compresi\u00f3n aguda o cr\u00f3nica del cerebro. La t\u00e1ctica del tratamiento quir\u00fargico depende del nivel de consciencia del paciente, los antecedentes de la lesi\u00f3n y los datos de neuroimagen. <\/p>\n<p><strong>M\u00e9todos de tratamiento quir\u00fargico<\/strong>:<\/p>\n<ul class=\"wp-block-list\">\n<li><strong>Hemicraniectom\u00eda descompresiva<\/strong>: Se utiliza en lesiones cerebrales traum\u00e1ticas graves en pacientes cr\u00edticos para aliviar la compresi\u00f3n cerebral y evitar el edema y la dislocaci\u00f3n.<\/li>\n<li><strong>Craneotom\u00eda con autocranioplastia<\/strong>: En la compresi\u00f3n cerebral aguda en pacientes conscientes, se extrae el sustrato causante de la compresi\u00f3n seguido de una autocranioplastia en una fase.<\/li>\n<li><strong>Drenaje subdural<\/strong>: En casos de compresi\u00f3n cerebral cr\u00f3nica (por ejemplo, hematomas subdurales cr\u00f3nicos), se realizan uno o dos orificios de fresado y se drenan los hematomas con un drenaje cerrado.<\/li>\n<\/ul>\n<p>En pacientes con traumatismo craneoencef\u00e1lico extremadamente grave y un nivel de consciencia en la Escala de Coma de Glasgow (GCS) de 3 puntos (coma terminal), el tratamiento quir\u00fargico est\u00e1 contraindicado debido a la elevada mortalidad y la profunda discapacidad. As\u00ed pues, el tratamiento del traumatismo craneoencef\u00e1lico requiere un enfoque integral, que incluya m\u00e9todos conservadores y quir\u00fargicos, seg\u00fan el estado del paciente y las caracter\u00edsticas del traumatismo. <\/p>\n<div>\n<h2 class=\"faq-title h2-article\" id=\"faq\">FAQ<\/h2>\n<div class=\"faq-section\">\n<div class=\"faq-item faq-answer-hidden\">\n<div class=\"question-block\">\n<div class=\"faq-question\">\n<p class=\" text-black h5-title\">1. \u00bfQu\u00e9 es una lesi\u00f3n cerebral?<\/p>\n<\/div>\n<div class=\"faq-answer text-main-text-color main-text-medium\">Una lesi\u00f3n craneoencef\u00e1lica es un da\u00f1o en los huesos de la b\u00f3veda craneal o base del cr\u00e1neo, as\u00ed como en el propio cerebro, resultante del impacto de factores mec\u00e1nicos externos en la regi\u00f3n de la cabeza.<\/div>\n<\/div>\n<div class=\"expand-button-wrapper\"><button class=\"text-accent expand-button\">+<\/button><\/div>\n<\/div>\n<div class=\"faq-item faq-answer-hidden\">\n<div class=\"question-block\">\n<div class=\"faq-question\">\n<p class=\" text-black h5-title\">2. \u00bfCu\u00e1l es la prevalencia mundial de las lesiones cerebrales?<\/p>\n<\/div>\n<div class=\"faq-answer text-main-text-color main-text-medium\">Cada a\u00f1o se registran unos 27 millones de nuevos casos de traumatismo craneoencef\u00e1lico en todo el mundo (aproximadamente 400 casos por cada 100.000 habitantes). La tasa de mortalidad es de unos 10 por cada 100.000 habitantes, y el 70% de los pacientes mueren antes de recibir atenci\u00f3n m\u00e9dica. <\/div>\n<\/div>\n<div class=\"expand-button-wrapper\"><button class=\"text-accent expand-button\">+<\/button><\/div>\n<\/div>\n<div class=\"faq-item faq-answer-hidden\">\n<div class=\"question-block\">\n<div class=\"faq-question\">\n<p class=\" text-black h5-title\">3. \u00bfCu\u00e1les son las principales causas de las lesiones cerebrales?<\/p>\n<\/div>\n<div class=\"faq-answer text-main-text-color main-text-medium\">Las causas m\u00e1s frecuentes de traumatismo craneoencef\u00e1lico son: ca\u00eddas (40-50% de todos los traumatismos craneoencef\u00e1licos), accidentes de tr\u00e1fico (20-30% de todos los traumatismos craneoencef\u00e1licos), lesiones corporales intencionadas y lesiones profesionales.<\/div>\n<\/div>\n<div class=\"expand-button-wrapper\"><button class=\"text-accent expand-button\">+<\/button><\/div>\n<\/div>\n<div class=\"faq-item faq-answer-hidden\">\n<div class=\"question-block\">\n<div class=\"faq-question\">\n<p class=\" text-black h5-title\">4. \u00bfCu\u00e1les son los principales mecanismos patogen\u00e9ticos de la formaci\u00f3n de lesiones cerebrales?<\/p>\n<\/div>\n<div class=\"faq-answer text-main-text-color main-text-medium\">Se distinguen dos tipos de lesiones cerebrales primarias: focales y difusas. Las focales est\u00e1n causadas por el mecanismo de choque-impacto (por ejemplo, contusiones cerebrales, hematomas intracraneales). Las difusas est\u00e1n relacionadas con el mecanismo de aceleraci\u00f3n-desaceleraci\u00f3n (conmoci\u00f3n cerebral, lesi\u00f3n axonal difusa).  <\/div>\n<\/div>\n<div class=\"expand-button-wrapper\"><button class=\"text-accent expand-button\">+<\/button><\/div>\n<\/div>\n<div class=\"faq-item faq-answer-hidden\">\n<div class=\"question-block\">\n<div class=\"faq-question\">\n<p class=\" text-black h5-title\">5. \u00bfC\u00f3mo se clasifica la lesi\u00f3n cerebral seg\u00fan su gravedad?<\/p>\n<\/div>\n<div class=\"faq-answer text-main-text-color main-text-medium\">La gravedad de la lesi\u00f3n cerebral traum\u00e1tica se divide en: lesi\u00f3n cerebral traum\u00e1tica leve (13-15 puntos en la Escala de Coma de Glasgow), lesi\u00f3n cerebral traum\u00e1tica moderada (9-12 puntos en la Escala de Coma de Glasgow) y lesi\u00f3n cerebral traum\u00e1tica grave (3-8 puntos en la Escala de Coma de Glasgow).<\/div>\n<\/div>\n<div class=\"expand-button-wrapper\"><button class=\"text-accent expand-button\">+<\/button><\/div>\n<\/div>\n<div class=\"faq-item faq-answer-hidden\">\n<div class=\"question-block\">\n<div class=\"faq-question\">\n<p class=\" text-black h5-title\">6. \u00bfQu\u00e9 s\u00edntomas se producen en una lesi\u00f3n cerebral?<\/p>\n<\/div>\n<div class=\"faq-answer text-main-text-color main-text-medium\">Las lesiones cerebrales pueden producir diversos s\u00edntomas, como la p\u00e9rdida de conciencia, que puede durar desde unos segundos hasta varias semanas. Los s\u00edntomas cerebrales incluyen dolor de cabeza, v\u00f3mitos y mareos. Tambi\u00e9n pueden aparecer s\u00edntomas neurol\u00f3gicos focales, como paresia, afasia y trastornos visuales. Los s\u00edntomas tronculares incluyen trastornos oculomotores y s\u00edndrome bulbar. Los signos men\u00edngeos, como la rigidez muscular occipital, tambi\u00e9n pueden sugerir lesi\u00f3n cerebral.    <\/div>\n<\/div>\n<div class=\"expand-button-wrapper\"><button class=\"text-accent expand-button\">+<\/button><\/div>\n<\/div>\n<div class=\"faq-item faq-answer-hidden\">\n<div class=\"question-block\">\n<div class=\"faq-question\">\n<p class=\" text-black h5-title\">7. \u00bfCu\u00e1les son los principales m\u00e9todos de diagn\u00f3stico del traumatismo craneoencef\u00e1lico?<\/p>\n<\/div>\n<div class=\"faq-answer text-main-text-color main-text-medium\">Los principales m\u00e9todos de diagn\u00f3stico del traumatismo craneoencef\u00e1lico son la exploraci\u00f3n visual del paciente para buscar signos de lesi\u00f3n traum\u00e1tica en los tejidos blandos de la cabeza. Tambi\u00e9n se eval\u00faa el nivel de consciencia del paciente mediante la Escala de Coma de Glasgow. Una etapa importante es la evaluaci\u00f3n del estado neurol\u00f3gico, incluida la presencia de s\u00edntomas cerebrales generales, focales y men\u00edngeos. La tomograf\u00eda computarizada (TC) es la prueba de referencia para el diagn\u00f3stico de fracturas de cr\u00e1neo y la detecci\u00f3n de hematomas intracraneales. La resonancia magn\u00e9tica (RM) es eficaz para evaluar el alcance de los da\u00f1os en los tejidos blandos de la cabeza y el cerebro y para confirmar el diagn\u00f3stico de lesi\u00f3n axonal difusa. La punci\u00f3n lumbar puede utilizarse para confirmar una hemorragia subaracnoidea traum\u00e1tica.     <\/div>\n<\/div>\n<div class=\"expand-button-wrapper\"><button class=\"text-accent expand-button\">+<\/button><\/div>\n<\/div>\n<div class=\"faq-item faq-answer-hidden\">\n<div class=\"question-block\">\n<div class=\"faq-question\">\n<p class=\" text-black h5-title\">8. \u00bfQu\u00e9 tratamientos se utilizan para los traumatismos craneoencef\u00e1licos?<\/p>\n<\/div>\n<div class=\"faq-answer text-main-text-color main-text-medium\">Los traumatismos craneoencef\u00e1licos se tratan tanto conservadora como quir\u00fargicamente. La terapia conservadora incluye el uso de antiinflamatorios no esteroideos para aliviar el dolor y reducir la inflamaci\u00f3n. Tambi\u00e9n se prescriben antibi\u00f3ticos para prevenir las complicaciones infecciosas, diur\u00e9ticos osm\u00f3ticos para controlar el edema cerebral y anticonvulsivos para controlar y prevenir las convulsiones. En caso de lesiones graves que requieran intervenci\u00f3n quir\u00fargica, se realiza una hemicraniectom\u00eda descompresiva para el edema cerebral maligno irresecable. Puede realizarse una craneotom\u00eda con autocranioplastia para eliminar un foco de compresi\u00f3n cerebral. El drenaje subdural puede estar indicado para tratar la compresi\u00f3n cerebral cr\u00f3nica.     <\/div>\n<\/div>\n<div class=\"expand-button-wrapper\"><button class=\"text-accent expand-button\">+<\/button><\/div>\n<\/div>\n<div class=\"faq-item faq-answer-hidden\">\n<div class=\"question-block\">\n<div class=\"faq-question\">\n<p class=\" text-black h5-title\">9. \u00bfCu\u00e1l es la diferencia entre una lesi\u00f3n cerebral traum\u00e1tica y una conmoci\u00f3n cerebral?<\/p>\n<\/div>\n<div class=\"faq-answer text-main-text-color main-text-medium\">La lesi\u00f3n cerebral traum\u00e1tica (lesi\u00f3n cerebral traum\u00e1tica) incluye todos los tipos de lesiones cerebrales, de leves a graves. Una conmoci\u00f3n cerebral es una de las formas m\u00e1s leves de lesi\u00f3n cerebral traum\u00e1tica, no suele causar da\u00f1os a largo plazo y no presenta cambios visibles en las im\u00e1genes, a diferencia de las lesiones m\u00e1s graves, como los hematomas o las fracturas de cr\u00e1neo. <\/div>\n<\/div>\n<div class=\"expand-button-wrapper\"><button class=\"text-accent expand-button\">+<\/button><\/div>\n<\/div>\n<div class=\"faq-item faq-answer-hidden\">\n<div class=\"question-block\">\n<div class=\"faq-question\">\n<p class=\" text-black h5-title\">10. \u00bfCu\u00e1l es la lesi\u00f3n traum\u00e1tica m\u00e1s peligrosa?<\/p>\n<\/div>\n<div class=\"faq-answer text-main-text-color main-text-medium\">La m\u00e1s peligrosa es un traumatismo craneoencef\u00e1lico, con lesiones graves como traumatismos craneoencef\u00e1licos abiertos, hematomas masivos, fracturas de cr\u00e1neo y lesiones del tronco encef\u00e1lico que pueden provocar una parada respiratoria o card\u00edaca.<\/div>\n<\/div>\n<div class=\"expand-button-wrapper\"><button class=\"text-accent expand-button\">+<\/button><\/div>\n<\/div>\n<div class=\"faq-item faq-answer-hidden\">\n<div class=\"question-block\">\n<div class=\"faq-question\">\n<p class=\" text-black h5-title\">11. \u00bfCu\u00e1nto dura una lesi\u00f3n cerebral?<\/p>\n<\/div>\n<div class=\"faq-answer text-main-text-color main-text-medium\">La duraci\u00f3n del proceso traumatol\u00f3gico depende del alcance de la lesi\u00f3n y del tipo de lesi\u00f3n. Las formas leves, como la conmoci\u00f3n cerebral, pueden durar unos d\u00edas, mientras que las formas m\u00e1s graves, con hematomas o fracturas, requieren tratamiento a largo plazo, a veces meses o incluso a\u00f1os. <\/div>\n<\/div>\n<div class=\"expand-button-wrapper\"><button class=\"text-accent expand-button\">+<\/button><\/div>\n<\/div>\n<div class=\"faq-item faq-answer-hidden\">\n<div class=\"question-block\">\n<div class=\"faq-question\">\n<p class=\" text-black h5-title\">12. \u00bfEs posible recuperarse al 100% de una lesi\u00f3n cerebral?<\/p>\n<\/div>\n<div class=\"faq-answer text-main-text-color main-text-medium\">La recuperaci\u00f3n depende del grado de lesi\u00f3n cerebral. En casos de lesiones leves, la recuperaci\u00f3n puede ser completa. Sin embargo, en los casos m\u00e1s graves, como las lesiones que causan da\u00f1os en el tejido o las estructuras cerebrales, la recuperaci\u00f3n total puede no ser posible y los efectos pueden permanecer de por vida.  <\/div>\n<\/div>\n<div class=\"expand-button-wrapper\"><button class=\"text-accent expand-button\">+<\/button><\/div>\n<\/div>\n<div class=\"faq-item faq-answer-hidden\">\n<div class=\"question-block\">\n<div class=\"faq-question\">\n<p class=\" text-black h5-title\">13. \u00bfCu\u00e1les son las consecuencias tras una lesi\u00f3n traum\u00e1tica?<\/p>\n<\/div>\n<div class=\"faq-answer text-main-text-color main-text-medium\">Tras una lesi\u00f3n cerebral, hay varias consecuencias posibles, como dolores de cabeza cr\u00f3nicos, problemas de memoria, problemas de coordinaci\u00f3n, cambios de personalidad, depresi\u00f3n, convulsiones, discapacidad visual o auditiva y otros trastornos neurol\u00f3gicos.<\/div>\n<\/div>\n<div class=\"expand-button-wrapper\"><button class=\"text-accent expand-button\">+<\/button><\/div>\n<\/div>\n<div class=\"faq-item faq-answer-hidden\">\n<div class=\"question-block\">\n<div class=\"faq-question\">\n<p class=\" text-black h5-title\">14. \u00bfCu\u00e1nto vive la gente despu\u00e9s de una lesi\u00f3n cerebral traum\u00e1tica?<\/p>\n<\/div>\n<div class=\"faq-answer text-main-text-color main-text-medium\">El pron\u00f3stico de supervivencia tras una lesi\u00f3n cerebral traum\u00e1tica depende de la gravedad de la lesi\u00f3n. Las lesiones leves no suelen afectar a la esperanza de vida, mientras que las lesiones cerebrales graves pueden provocar la muerte o graves discapacidades a largo plazo. <\/div>\n<\/div>\n<div class=\"expand-button-wrapper\"><button class=\"text-accent expand-button\">+<\/button><\/div>\n<\/div>\n<div class=\"faq-item faq-answer-hidden\">\n<div class=\"question-block\">\n<div class=\"faq-question\">\n<p class=\" text-black h5-title\">15. \u00bfC\u00f3mo es la rehabilitaci\u00f3n tras una lesi\u00f3n cerebral traum\u00e1tica?<\/p>\n<\/div>\n<div class=\"faq-answer text-main-text-color main-text-medium\">La rehabilitaci\u00f3n tras una lesi\u00f3n traum\u00e1tica incluye fisioterapia, rehabilitaci\u00f3n neuropsicol\u00f3gica, restablecimiento de las funciones cognitivas y apoyo al estado psicoemocional del paciente. El tiempo de recuperaci\u00f3n depende del alcance de la lesi\u00f3n y del estado del paciente, y puede durar de varios meses a varios a\u00f1os. <\/div>\n<\/div>\n<div class=\"expand-button-wrapper\"><button class=\"text-accent expand-button\">+<\/button><\/div>\n<\/div>\n<\/div>\n<\/div>\n<div class=\"sources-list-block sources-list-hidden\" id=\"lista-de-fuentes\">\n<div class=\"sources-list-content\">\n<div class=\"sources-list-title\">\n<p class=\"small-text-bold text-black sources-list-title-text\">Lista de fuentes<\/p>\n<div class=\"sources-expand-button-wrapper-mobile\">\n<div class=\"sources-expand-button\"><svg width=\"32\" height=\"32\" viewbox=\"0 0 32 32\" fill=\"none\" xmlns=\"http:\/\/www.w3.org\/2000\/svg\"><path d=\"M8 12L16 20L24 12\" stroke=\"#8C9AAB\" stroke-width=\"2\" stroke-linecap=\"round\" stroke-linejoin=\"round\"><\/path><\/svg><\/div>\n<\/div>\n<\/div>\n<div class=\"sources-list-items\">\n<div class=\"source-item\">\n<p class=\"main-text-semibold text-black\">1.<\/p>\n<div class=\"source-item-content\">\n<p class=\"main-text-semibold text-black\">Cat\u00e1logo VOKA.  <\/p>\n<p><span class=\"small-text-medium text-grey\">https:\/\/catalog.voka.io\/<\/span><\/div>\n<\/div>\n<div class=\"source-item\">\n<p class=\"main-text-semibold text-black\">2.<\/p>\n<div class=\"source-item-content\">\n<p class=\"main-text-semibold text-black\">Brazinova A, Rehorcikova V, Taylor MS, Buckova V, Majdan M, Psota M, Peeters W, Feigin V, Theadom A, Holkovic L, Synnot A. Epidemiology of Traumatic Brain Injury in Europe: A Living Systematic Review. J Neurotrauma. 2021 May 15;38(10):1411-1440. doi: 10.1089\/neu.2015.4126. Epub 2018 Dec 19. PMID: 26537996; PMCID: PMC8082737.     <\/p>\n<\/div>\n<\/div>\n<div class=\"source-item\">\n<p class=\"main-text-semibold text-black\">3.<\/p>\n<div class=\"source-item-content\">\n<p class=\"main-text-semibold text-black\">Esterov D, Bellamkonda E, Mandrekar J, Ransom JE, Brown AW. Cause of Death after Traumatic Brain Injury: A Population-Based Health Record Review Analysis Referenced for Nonhead Trauma. Neuroepidemiology. 2021;55(3):180-187. doi: 10.1159\/000514807. Epub 2021 Apr 9. PMID: 33839727; PMCID: PMC8217128.      <\/p>\n<\/div>\n<\/div>\n<div class=\"source-item\">\n<p class=\"main-text-semibold text-black\">4.<\/p>\n<div class=\"source-item-content\">\n<p class=\"main-text-semibold text-black\">Ng SY, Lee AYW. Traumatic Brain Injuries: Pathophysiology and Potential Therapeutic Targets. Front Cell Neurosci. 2019 Nov 27;13:528. doi: 10.3389\/fncel.2019.00528. PMID: 31827423; PMCID: PMC6890857.     <\/p>\n<\/div>\n<\/div>\n<div class=\"source-item\">\n<p class=\"main-text-semibold text-black\">5.<\/p>\n<div class=\"source-item-content\">\n<p class=\"main-text-semibold text-black\">\u041a\u043b\u0438\u043d\u0438\u0447\u0435\u0441\u043a\u043e\u0435 \u0440\u0443\u043a\u043e\u0432\u043e\u0434\u0441\u0442\u0432\u043e \u043f\u043e \u0447\u0435\u0440\u0435\u043f\u043d\u043e-\u043c\u043e\u0437\u0433\u043e\u0432\u043e\u0439 \u0442\u0440\u0430\u0432\u043c\u0435 \/ \u043f\u043e\u0434 \u0440\u0435\u0434. \u0410.\u041d. \u041a\u043e\u043d\u043e\u0432\u0430\u043b\u043e\u0432\u0430, \u041b.\u0411. \u041b\u0438\u0445\u0442\u0435\u0440\u043c\u0430\u043d\u0430, \u0410.\u0410. \u041f\u043e\u0442\u0430\u043f\u043e\u0432\u0430. \u2013 \u041c.: \u0410\u043d\u0442\u0438\u0434\u043e\u0440, 1998. \u2013 \u0422. 1. \u2013 54 \u0441.       <\/p>\n<\/div>\n<\/div>\n<div class=\"source-item\">\n<p class=\"main-text-semibold text-black\">6.<\/p>\n<div class=\"source-item-content\">\n<p class=\"main-text-semibold text-black\">Rauchman SH, Zubair A, Jacob B, Rauchman D, Pinkhasov A, Placantonakis DG, Reiss AB. Traumatic brain injury: Mechanisms, manifestations, and visual sequelae. Front Neurosci. 2023 Feb 23;17:1090672. doi: 10.3389\/fnins.2023.1090672. PMID: 36908792; PMCID: PMC9995859.     <\/p>\n<\/div>\n<\/div>\n<div class=\"source-item\">\n<p class=\"main-text-semibold text-black\">7.<\/p>\n<div class=\"source-item-content\">\n<p class=\"main-text-semibold text-black\">Nelson LD, Temkin NR, Barber J, et al. Functional Recovery, Symptoms, and Quality of Life 1 to 5 Years After Traumatic Brain Injury: Findings From the TRACK-TBI Study. JAMA Netw Open. 2023;6(3):e233660. doi:10.1001\/jamanetworkopen.2023.3660.    <\/p>\n<\/div>\n<\/div>\n<div class=\"source-item\">\n<p class=\"main-text-semibold text-black\">8.<\/p>\n<div class=\"source-item-content\">\n<p class=\"main-text-semibold text-black\">Valko PO, Gavrilov YV, Yamamoto M, Noa\u00edn D, Reddy H, Haybaeck J, Weis S, Baumann CR, Scammell TE. Damage to Arousal-Promoting Brainstem Neurons with Traumatic Brain Injury. Sleep. 2016 Jun 1;39(6):1249-52. doi: 10.5665\/sleep.5844. PMID: 27091531; PMCID: PMC4863213.     <\/p>\n<\/div>\n<\/div>\n<div class=\"source-item\">\n<p class=\"main-text-semibold text-black\">9.<\/p>\n<div class=\"source-item-content\">\n<p class=\"main-text-semibold text-black\">Acerini CL, Tasker RC. Traumatic brain injury induced hypothalamic-pituitary dysfunction: a paediatric perspective. Pituitary. 2007;10(4):373-80. doi: 10.1007\/s11102-007-0052-8. PMID: 17570066.     <\/p>\n<\/div>\n<\/div>\n<div class=\"source-item\">\n<p class=\"main-text-semibold text-black\">10.<\/p>\n<div class=\"source-item-content\">\n<p class=\"main-text-semibold text-black\">La Russa R, Maiese A, Di Fazio N, Morano A, Di Bonaventura C, De Matteis A, Fazio V, Frati P, Fineschi V. Post-Traumatic Meningitis Is a Diagnostic Challenging Time: A Systematic Review Focusing on Clinical and Pathological Features. Int J Mol Sci. 2020 Jun 10;21(11):4148. doi: 10.3390\/ijms21114148. PMID: 32532024; PMCID: PMC7312088.    <\/p>\n<\/div>\n<\/div>\n<div class=\"source-item\">\n<p class=\"main-text-semibold text-black\">11.<\/p>\n<div class=\"source-item-content\">\n<p class=\"main-text-semibold text-black\">Teasdale, G., & Jennett, B. (1974). ASSESSMENT OF COMA AND IMPAIRED CONSCIOUSNESS. The Lancet, 304(7872), 81\u201384. doi:10.1016\/s0140-6736(74)91639-0.   <\/p>\n<\/div>\n<\/div>\n<div class=\"source-item\">\n<p class=\"main-text-semibold text-black\">12.<\/p>\n<div class=\"source-item-content\">\n<p class=\"main-text-semibold text-black\">\u041a\u043b\u0438\u043d\u0438\u0447\u0435\u0441\u043a\u043e\u0435 \u0440\u0443\u043a\u043e\u0432\u043e\u0434\u0441\u0442\u0432\u043e \u043f\u043e \u0447\u0435\u0440\u0435\u043f\u043d\u043e-\u043c\u043e\u0437\u0433\u043e\u0432\u043e\u0439 \u0442\u0440\u0430\u0432\u043c\u0435 \/ \u043f\u043e\u0434 \u0440\u0435\u0434. \u0410.\u041d. \u041a\u043e\u043d\u043e\u0432\u0430\u043b\u043e\u0432\u0430, \u041b.\u0411. \u041b\u0438\u0445\u0442\u0435\u0440\u043c\u0430\u043d\u0430, \u0410.\u0410. \u041f\u043e\u0442\u0430\u043f\u043e\u0432\u0430. \u2013 \u041c.: \u0410\u043d\u0442\u0438\u0434\u043e\u0440, 1998. \u2013 \u0422. 1. \u201367 \u0441.       <\/p>\n<\/div>\n<\/div>\n<div class=\"source-item\">\n<p class=\"main-text-semibold text-black\">13.<\/p>\n<div class=\"source-item-content\">\n<p class=\"main-text-semibold text-black\"> Schweitzer, A. D., Niogi, S. N., Whitlow, C. J., & Tsiouris, A. J. (2019). Traumatic Brain Injury: Imaging Patterns and Complications. RadioGraphics, 39(6), 1571\u20131595. doi:10.1148\/rg.2019190076    <\/p>\n<\/div>\n<\/div>\n<div class=\"source-item\">\n<p class=\"main-text-semibold text-black\">14.<\/p>\n<div class=\"source-item-content\">\n<p class=\"main-text-semibold text-black\">Lee H, Yang Y, Xu J, Ware JB, Liu B. Use of Magnetic Resonance Imaging in Acute Traumatic Brain Injury Patients is Associated with Lower Inpatient Mortality. J Clin Imaging Sci. 2021 Oct 4;11:53. doi: 10.25259\/JCIS_148_2021. PMID: 34754593; PMCID: PMC8571198.    <\/p>\n<\/div>\n<\/div>\n<div class=\"source-item\">\n<p class=\"main-text-semibold text-black\">15.<\/p>\n<div class=\"source-item-content\">\n<p class=\"main-text-semibold text-black\">Role of Lumbar Puncture In Traumatic Brain Injury. (2021). Indian Journal of Public Health Research & Development, 12(2), 308-311.<\/p>\n<p><span class=\"small-text-medium text-grey\">https:\/\/doi.org\/10.37506\/ijphrd.v12i2.14137<\/span><\/div>\n<\/div>\n<div class=\"source-item\">\n<p class=\"main-text-semibold text-black\">16.<\/p>\n<div class=\"source-item-content\">\n<p class=\"main-text-semibold text-black\">Tanaka T, Liu X, Momozaki N, Honda E. Endoscopic-assisted removal of bilateral traumatic intracerebral hemorrhage: A case report. Surg Neurol Int. 2023 Aug 11;14:288. doi: 10.25259\/SNI_268_2023. PMID: 37680938; PMCID: PMC10481816.    <\/p>\n<\/div>\n<\/div>\n<div class=\"source-item\">\n<p class=\"main-text-semibold text-black\">17.<\/p>\n<div class=\"source-item-content\">\n<p class=\"main-text-semibold text-black\">Jha S, Ghewade P. Management and Treatment of Traumatic Brain Injuries. Cureus. 2022 Oct 23;14(10):e30617. doi: 10.7759\/cureus.30617. PMID: 36426314; PMCID: PMC9681696.    <\/p>\n<\/div>\n<\/div>\n<div class=\"source-item\">\n<p class=\"main-text-semibold text-black\">18.<\/p>\n<div class=\"source-item-content\">\n<p class=\"main-text-semibold text-black\">Fong, R., Konakondla, S., Schirmer, C. M., & Lacroix, M. (2017). Surgical interventions for severe traumatic brain injury. Journal of Emergency and Critical Care Medicine, 1(10), 28\u201328. doi:10.21037\/jeccm.2017.09.03.   <\/p>\n<\/div>\n<\/div>\n<\/div>\n<\/div>\n<div class=\"sources-expand-button-wrapper\">\n<div class=\"sources-expand-button\"><svg width=\"32\" height=\"32\" viewbox=\"0 0 32 32\" fill=\"none\" xmlns=\"http:\/\/www.w3.org\/2000\/svg\"><path d=\"M8 12L16 20L24 12\" stroke=\"#8C9AAB\" stroke-width=\"2\" stroke-linecap=\"round\" stroke-linejoin=\"round\"><\/path><\/svg><\/div>\n<\/div>\n<\/div>\n","protected":false},"excerpt":{"rendered":"<p>Una lesi\u00f3n craneoencef\u00e1lica (LCC) es un da\u00f1o en los huesos de la b\u00f3veda craneal o base del cr\u00e1neo, as\u00ed como en el propio cerebro, resultante del impacto de factores mec\u00e1nicos externos en la regi\u00f3n de la cabeza. Epidemiolog\u00eda de la lesi\u00f3n cerebral traum\u00e1tica Las tendencias actuales de las lesiones cerebrales traum\u00e1ticas incluyen la afectaci\u00f3n de [&hellip;]<\/p>\n","protected":false},"author":16,"featured_media":0,"template":"","diseases_category":[308],"class_list":["post-974","diseases_post","type-diseases_post","status-publish","hentry","diseases_category-sistema-nervioso-central-y-periferico"],"acf":[],"yoast_head":"<!-- This site is optimized with the Yoast SEO Premium plugin v25.0 (Yoast SEO v26.5) - https:\/\/yoast.com\/wordpress\/plugins\/seo\/ -->\n<title>Lesi\u00f3n craneoencef\u00e1lica (LCC): Clasificaci\u00f3n, causas, s\u00edntomas, tratamiento<\/title>\n<meta name=\"description\" content=\"Traumatismo craneoencef\u00e1lico: da\u00f1o en los huesos del cr\u00e1neo y el cerebro debido al impacto de factores mec\u00e1nicos externos en la cabeza. Clasificaci\u00f3n, etiolog\u00eda, diagn\u00f3stico y tratamiento del traumatismo craneoencef\u00e1lico.\" \/>\n<meta name=\"robots\" content=\"noindex, follow, max-snippet:-1, max-image-preview:large, max-video-preview:-1\" \/>\n<meta property=\"og:locale\" content=\"es_ES\" \/>\n<meta property=\"og:type\" content=\"article\" \/>\n<meta property=\"og:title\" content=\"Lesi\u00f3n craneoencef\u00e1lica (LCC): Clasificaci\u00f3n, etiolog\u00eda, s\u00edntomas, tratamiento\" \/>\n<meta property=\"og:description\" content=\"Traumatismo craneoencef\u00e1lico: da\u00f1o en los huesos del cr\u00e1neo y el cerebro debido al impacto de factores mec\u00e1nicos externos en la cabeza. Clasificaci\u00f3n, etiolog\u00eda, diagn\u00f3stico y tratamiento del traumatismo craneoencef\u00e1lico.\" \/>\n<meta property=\"og:url\" content=\"https:\/\/wiki.dev.voka.io\/es\/enfermedades\/sistema-nervioso-central-y-periferico\/traumatismo-craneoencefalico\/\" \/>\n<meta property=\"og:site_name\" content=\"Voka Wiki\" \/>\n<meta property=\"article:publisher\" content=\"https:\/\/www.facebook.com\/VOKA3DAnatomyAndPathology\/\" \/>\n<meta property=\"article:modified_time\" content=\"2025-08-08T13:12:36+00:00\" \/>\n<meta property=\"og:image\" content=\"https:\/\/storage.googleapis.com\/dev_wiki_voka_io_303011\/articles\/en\/cns-and-pns\/cranio-cerebral-trauma-ct\/depressed-impression-fracture-of-skull-bones-1.webp\" \/>\n<meta name=\"twitter:card\" content=\"summary_large_image\" \/>\n<meta name=\"twitter:label1\" content=\"Tiempo de lectura\" \/>\n\t<meta name=\"twitter:data1\" content=\"19 minutos\" \/>\n<script type=\"application\/ld+json\" class=\"yoast-schema-graph\">{\"@context\":\"https:\/\/schema.org\",\"@graph\":[{\"@type\":\"Article\",\"@id\":\"https:\/\/wiki.dev.voka.io\/es\/enfermedades\/sistema-nervioso-central-y-periferico\/traumatismo-craneoencefalico\/#article\",\"isPartOf\":{\"@id\":\"https:\/\/wiki.dev.voka.io\/es\/enfermedades\/sistema-nervioso-central-y-periferico\/traumatismo-craneoencefalico\/\"},\"author\":{\"name\":\"Artur D.\",\"@id\":\"https:\/\/wiki.dev.voka.io\/es\/#\/schema\/person\/80649144a61380746717d6ec8ec00533\"},\"headline\":\"Lesi\u00f3n craneoencef\u00e1lica (LCC): Clasificaci\u00f3n, etiolog\u00eda, s\u00edntomas, tratamiento\",\"datePublished\":\"2025-07-29T07:38:03+00:00\",\"dateModified\":\"2025-08-08T13:12:36+00:00\",\"mainEntityOfPage\":{\"@id\":\"https:\/\/wiki.dev.voka.io\/es\/enfermedades\/sistema-nervioso-central-y-periferico\/traumatismo-craneoencefalico\/\"},\"wordCount\":2775,\"publisher\":{\"@id\":\"https:\/\/wiki.dev.voka.io\/es\/#organization\"},\"image\":{\"@id\":\"https:\/\/wiki.dev.voka.io\/es\/enfermedades\/sistema-nervioso-central-y-periferico\/traumatismo-craneoencefalico\/#primaryimage\"},\"thumbnailUrl\":\"https:\/\/storage.googleapis.com\/dev_wiki_voka_io_303011\/articles\/en\/cns-and-pns\/cranio-cerebral-trauma-ct\/depressed-impression-fracture-of-skull-bones-1.webp\",\"inLanguage\":\"es\"},{\"@type\":\"WebPage\",\"@id\":\"https:\/\/wiki.dev.voka.io\/es\/enfermedades\/sistema-nervioso-central-y-periferico\/traumatismo-craneoencefalico\/\",\"url\":\"https:\/\/wiki.dev.voka.io\/es\/enfermedades\/sistema-nervioso-central-y-periferico\/traumatismo-craneoencefalico\/\",\"name\":\"Lesi\u00f3n craneoencef\u00e1lica (LCC): Clasificaci\u00f3n, causas, s\u00edntomas, tratamiento\",\"isPartOf\":{\"@id\":\"https:\/\/wiki.dev.voka.io\/es\/#website\"},\"primaryImageOfPage\":{\"@id\":\"https:\/\/wiki.dev.voka.io\/es\/enfermedades\/sistema-nervioso-central-y-periferico\/traumatismo-craneoencefalico\/#primaryimage\"},\"image\":{\"@id\":\"https:\/\/wiki.dev.voka.io\/es\/enfermedades\/sistema-nervioso-central-y-periferico\/traumatismo-craneoencefalico\/#primaryimage\"},\"thumbnailUrl\":\"https:\/\/storage.googleapis.com\/dev_wiki_voka_io_303011\/articles\/en\/cns-and-pns\/cranio-cerebral-trauma-ct\/depressed-impression-fracture-of-skull-bones-1.webp\",\"datePublished\":\"2025-07-29T07:38:03+00:00\",\"dateModified\":\"2025-08-08T13:12:36+00:00\",\"description\":\"Traumatismo craneoencef\u00e1lico: da\u00f1o en los huesos del cr\u00e1neo y el cerebro debido al impacto de factores mec\u00e1nicos externos en la cabeza. Clasificaci\u00f3n, etiolog\u00eda, diagn\u00f3stico y tratamiento del traumatismo craneoencef\u00e1lico.\",\"breadcrumb\":{\"@id\":\"https:\/\/wiki.dev.voka.io\/es\/enfermedades\/sistema-nervioso-central-y-periferico\/traumatismo-craneoencefalico\/#breadcrumb\"},\"inLanguage\":\"es\",\"potentialAction\":[{\"@type\":\"ReadAction\",\"target\":[\"https:\/\/wiki.dev.voka.io\/es\/enfermedades\/sistema-nervioso-central-y-periferico\/traumatismo-craneoencefalico\/\"]}]},{\"@type\":\"ImageObject\",\"inLanguage\":\"es\",\"@id\":\"https:\/\/wiki.dev.voka.io\/es\/enfermedades\/sistema-nervioso-central-y-periferico\/traumatismo-craneoencefalico\/#primaryimage\",\"url\":\"https:\/\/storage.googleapis.com\/dev_wiki_voka_io_303011\/articles\/en\/cns-and-pns\/cranio-cerebral-trauma-ct\/depressed-impression-fracture-of-skull-bones-1.webp\",\"contentUrl\":\"https:\/\/storage.googleapis.com\/dev_wiki_voka_io_303011\/articles\/en\/cns-and-pns\/cranio-cerebral-trauma-ct\/depressed-impression-fracture-of-skull-bones-1.webp\"},{\"@type\":\"BreadcrumbList\",\"@id\":\"https:\/\/wiki.dev.voka.io\/es\/enfermedades\/sistema-nervioso-central-y-periferico\/traumatismo-craneoencefalico\/#breadcrumb\",\"itemListElement\":[{\"@type\":\"ListItem\",\"position\":1,\"name\":\"Home\",\"item\":\"https:\/\/wiki.dev.voka.io\/es\/\"},{\"@type\":\"ListItem\",\"position\":2,\"name\":\"Neurolog\u00eda\",\"item\":\"https:\/\/wiki.dev.voka.io\/es\/enfermedades\/sistema-nervioso-central-y-periferico\/\"},{\"@type\":\"ListItem\",\"position\":3,\"name\":\"Lesi\u00f3n craneoencef\u00e1lica (LCC): Clasificaci\u00f3n, etiolog\u00eda, s\u00edntomas, tratamiento\"}]},{\"@type\":\"WebSite\",\"@id\":\"https:\/\/wiki.dev.voka.io\/es\/#website\",\"url\":\"https:\/\/wiki.dev.voka.io\/es\/\",\"name\":\"Voka Wiki\",\"description\":\"\",\"publisher\":{\"@id\":\"https:\/\/wiki.dev.voka.io\/es\/#organization\"},\"alternateName\":\"Anatomy & Pathology Wiki by VOKA\",\"potentialAction\":[{\"@type\":\"SearchAction\",\"target\":{\"@type\":\"EntryPoint\",\"urlTemplate\":\"https:\/\/wiki.dev.voka.io\/es\/?s={search_term_string}\"},\"query-input\":{\"@type\":\"PropertyValueSpecification\",\"valueRequired\":true,\"valueName\":\"search_term_string\"}}],\"inLanguage\":\"es\"},{\"@type\":\"Organization\",\"@id\":\"https:\/\/wiki.dev.voka.io\/es\/#organization\",\"name\":\"Voka 3D Anatomy & Pathology\",\"alternateName\":\"VOKA\",\"url\":\"https:\/\/wiki.dev.voka.io\/es\/\",\"logo\":{\"@type\":\"ImageObject\",\"inLanguage\":\"es\",\"@id\":\"https:\/\/wiki.dev.voka.io\/es\/#\/schema\/logo\/image\/\",\"url\":\"https:\/\/wiki.dev.voka.io\/wp-content\/uploads\/2025\/02\/cropped-voka-logo-1.png\",\"contentUrl\":\"https:\/\/wiki.dev.voka.io\/wp-content\/uploads\/2025\/02\/cropped-voka-logo-1.png\",\"width\":70,\"height\":16,\"caption\":\"Voka 3D Anatomy & Pathology\"},\"image\":{\"@id\":\"https:\/\/wiki.dev.voka.io\/es\/#\/schema\/logo\/image\/\"},\"sameAs\":[\"https:\/\/www.facebook.com\/VOKA3DAnatomyAndPathology\/\",\"https:\/\/www.instagram.com\/voka.io\/\",\"https:\/\/www.linkedin.com\/company\/voka-io\/\",\"https:\/\/www.youtube.com\/channel\/UCqGGuOEpr62ScH8Pjk2q5zw\/videos\",\"https:\/\/www.pinterest.com\/VokaAnatomyPro\/\",\"https:\/\/www.threads.com\/@voka.io\"],\"description\":\"VOKA.io offers 3D medical animations and custom 3D modeling services. Our product, VOKA 3D Anatomy & Pathology, is a digital atlas with over 1,000 detailed 3D models of human anatomy and pathology, designed for medical education, training, and patient communication.\",\"email\":\"info@voka.io\",\"telephone\":\"+1 814 351 4442\",\"legalName\":\"Voka 3D Anatomy & Pathology\",\"foundingDate\":\"2017-02-12\",\"naics\":\"541512\",\"numberOfEmployees\":{\"@type\":\"QuantitativeValue\",\"minValue\":\"51\",\"maxValue\":\"200\"},\"publishingPrinciples\":\"https:\/\/wiki.voka.io\/es\/principios-de-publicacion\/\"},{\"@type\":\"Person\",\"@id\":\"https:\/\/wiki.dev.voka.io\/es\/#\/schema\/person\/80649144a61380746717d6ec8ec00533\",\"name\":\"Artur D.\",\"image\":{\"@type\":\"ImageObject\",\"inLanguage\":\"es\",\"@id\":\"https:\/\/wiki.dev.voka.io\/es\/#\/schema\/person\/image\/\",\"url\":\"https:\/\/secure.gravatar.com\/avatar\/a18a65b08498c9fed7d679520d148d1e8be2b2330b8a757c5f0e91539635a4f1?s=96&d=mm&r=g\",\"contentUrl\":\"https:\/\/secure.gravatar.com\/avatar\/a18a65b08498c9fed7d679520d148d1e8be2b2330b8a757c5f0e91539635a4f1?s=96&d=mm&r=g\",\"caption\":\"Artur D.\"}}]}<\/script>\n<!-- \/ Yoast SEO Premium plugin. -->","yoast_head_json":{"title":"Lesi\u00f3n craneoencef\u00e1lica (LCC): Clasificaci\u00f3n, causas, s\u00edntomas, tratamiento","description":"Traumatismo craneoencef\u00e1lico: da\u00f1o en los huesos del cr\u00e1neo y el cerebro debido al impacto de factores mec\u00e1nicos externos en la cabeza. Clasificaci\u00f3n, etiolog\u00eda, diagn\u00f3stico y tratamiento del traumatismo craneoencef\u00e1lico.","robots":{"index":"noindex","follow":"follow","max-snippet":"max-snippet:-1","max-image-preview":"max-image-preview:large","max-video-preview":"max-video-preview:-1"},"og_locale":"es_ES","og_type":"article","og_title":"Lesi\u00f3n craneoencef\u00e1lica (LCC): Clasificaci\u00f3n, etiolog\u00eda, s\u00edntomas, tratamiento","og_description":"Traumatismo craneoencef\u00e1lico: da\u00f1o en los huesos del cr\u00e1neo y el cerebro debido al impacto de factores mec\u00e1nicos externos en la cabeza. Clasificaci\u00f3n, etiolog\u00eda, diagn\u00f3stico y tratamiento del traumatismo craneoencef\u00e1lico.","og_url":"https:\/\/wiki.dev.voka.io\/es\/enfermedades\/sistema-nervioso-central-y-periferico\/traumatismo-craneoencefalico\/","og_site_name":"Voka Wiki","article_publisher":"https:\/\/www.facebook.com\/VOKA3DAnatomyAndPathology\/","article_modified_time":"2025-08-08T13:12:36+00:00","og_image":[{"url":"https:\/\/storage.googleapis.com\/dev_wiki_voka_io_303011\/articles\/en\/cns-and-pns\/cranio-cerebral-trauma-ct\/depressed-impression-fracture-of-skull-bones-1.webp","type":"","width":"","height":""}],"twitter_card":"summary_large_image","twitter_misc":{"Tiempo de lectura":"19 minutos"},"schema":{"@context":"https:\/\/schema.org","@graph":[{"@type":"Article","@id":"https:\/\/wiki.dev.voka.io\/es\/enfermedades\/sistema-nervioso-central-y-periferico\/traumatismo-craneoencefalico\/#article","isPartOf":{"@id":"https:\/\/wiki.dev.voka.io\/es\/enfermedades\/sistema-nervioso-central-y-periferico\/traumatismo-craneoencefalico\/"},"author":{"name":"Artur D.","@id":"https:\/\/wiki.dev.voka.io\/es\/#\/schema\/person\/80649144a61380746717d6ec8ec00533"},"headline":"Lesi\u00f3n craneoencef\u00e1lica (LCC): Clasificaci\u00f3n, etiolog\u00eda, s\u00edntomas, tratamiento","datePublished":"2025-07-29T07:38:03+00:00","dateModified":"2025-08-08T13:12:36+00:00","mainEntityOfPage":{"@id":"https:\/\/wiki.dev.voka.io\/es\/enfermedades\/sistema-nervioso-central-y-periferico\/traumatismo-craneoencefalico\/"},"wordCount":2775,"publisher":{"@id":"https:\/\/wiki.dev.voka.io\/es\/#organization"},"image":{"@id":"https:\/\/wiki.dev.voka.io\/es\/enfermedades\/sistema-nervioso-central-y-periferico\/traumatismo-craneoencefalico\/#primaryimage"},"thumbnailUrl":"https:\/\/storage.googleapis.com\/dev_wiki_voka_io_303011\/articles\/en\/cns-and-pns\/cranio-cerebral-trauma-ct\/depressed-impression-fracture-of-skull-bones-1.webp","inLanguage":"es"},{"@type":"WebPage","@id":"https:\/\/wiki.dev.voka.io\/es\/enfermedades\/sistema-nervioso-central-y-periferico\/traumatismo-craneoencefalico\/","url":"https:\/\/wiki.dev.voka.io\/es\/enfermedades\/sistema-nervioso-central-y-periferico\/traumatismo-craneoencefalico\/","name":"Lesi\u00f3n craneoencef\u00e1lica (LCC): Clasificaci\u00f3n, causas, s\u00edntomas, tratamiento","isPartOf":{"@id":"https:\/\/wiki.dev.voka.io\/es\/#website"},"primaryImageOfPage":{"@id":"https:\/\/wiki.dev.voka.io\/es\/enfermedades\/sistema-nervioso-central-y-periferico\/traumatismo-craneoencefalico\/#primaryimage"},"image":{"@id":"https:\/\/wiki.dev.voka.io\/es\/enfermedades\/sistema-nervioso-central-y-periferico\/traumatismo-craneoencefalico\/#primaryimage"},"thumbnailUrl":"https:\/\/storage.googleapis.com\/dev_wiki_voka_io_303011\/articles\/en\/cns-and-pns\/cranio-cerebral-trauma-ct\/depressed-impression-fracture-of-skull-bones-1.webp","datePublished":"2025-07-29T07:38:03+00:00","dateModified":"2025-08-08T13:12:36+00:00","description":"Traumatismo craneoencef\u00e1lico: da\u00f1o en los huesos del cr\u00e1neo y el cerebro debido al impacto de factores mec\u00e1nicos externos en la cabeza. Clasificaci\u00f3n, etiolog\u00eda, diagn\u00f3stico y tratamiento del traumatismo craneoencef\u00e1lico.","breadcrumb":{"@id":"https:\/\/wiki.dev.voka.io\/es\/enfermedades\/sistema-nervioso-central-y-periferico\/traumatismo-craneoencefalico\/#breadcrumb"},"inLanguage":"es","potentialAction":[{"@type":"ReadAction","target":["https:\/\/wiki.dev.voka.io\/es\/enfermedades\/sistema-nervioso-central-y-periferico\/traumatismo-craneoencefalico\/"]}]},{"@type":"ImageObject","inLanguage":"es","@id":"https:\/\/wiki.dev.voka.io\/es\/enfermedades\/sistema-nervioso-central-y-periferico\/traumatismo-craneoencefalico\/#primaryimage","url":"https:\/\/storage.googleapis.com\/dev_wiki_voka_io_303011\/articles\/en\/cns-and-pns\/cranio-cerebral-trauma-ct\/depressed-impression-fracture-of-skull-bones-1.webp","contentUrl":"https:\/\/storage.googleapis.com\/dev_wiki_voka_io_303011\/articles\/en\/cns-and-pns\/cranio-cerebral-trauma-ct\/depressed-impression-fracture-of-skull-bones-1.webp"},{"@type":"BreadcrumbList","@id":"https:\/\/wiki.dev.voka.io\/es\/enfermedades\/sistema-nervioso-central-y-periferico\/traumatismo-craneoencefalico\/#breadcrumb","itemListElement":[{"@type":"ListItem","position":1,"name":"Home","item":"https:\/\/wiki.dev.voka.io\/es\/"},{"@type":"ListItem","position":2,"name":"Neurolog\u00eda","item":"https:\/\/wiki.dev.voka.io\/es\/enfermedades\/sistema-nervioso-central-y-periferico\/"},{"@type":"ListItem","position":3,"name":"Lesi\u00f3n craneoencef\u00e1lica (LCC): Clasificaci\u00f3n, etiolog\u00eda, s\u00edntomas, tratamiento"}]},{"@type":"WebSite","@id":"https:\/\/wiki.dev.voka.io\/es\/#website","url":"https:\/\/wiki.dev.voka.io\/es\/","name":"Voka Wiki","description":"","publisher":{"@id":"https:\/\/wiki.dev.voka.io\/es\/#organization"},"alternateName":"Anatomy & Pathology Wiki by VOKA","potentialAction":[{"@type":"SearchAction","target":{"@type":"EntryPoint","urlTemplate":"https:\/\/wiki.dev.voka.io\/es\/?s={search_term_string}"},"query-input":{"@type":"PropertyValueSpecification","valueRequired":true,"valueName":"search_term_string"}}],"inLanguage":"es"},{"@type":"Organization","@id":"https:\/\/wiki.dev.voka.io\/es\/#organization","name":"Voka 3D Anatomy & Pathology","alternateName":"VOKA","url":"https:\/\/wiki.dev.voka.io\/es\/","logo":{"@type":"ImageObject","inLanguage":"es","@id":"https:\/\/wiki.dev.voka.io\/es\/#\/schema\/logo\/image\/","url":"https:\/\/wiki.dev.voka.io\/wp-content\/uploads\/2025\/02\/cropped-voka-logo-1.png","contentUrl":"https:\/\/wiki.dev.voka.io\/wp-content\/uploads\/2025\/02\/cropped-voka-logo-1.png","width":70,"height":16,"caption":"Voka 3D Anatomy & Pathology"},"image":{"@id":"https:\/\/wiki.dev.voka.io\/es\/#\/schema\/logo\/image\/"},"sameAs":["https:\/\/www.facebook.com\/VOKA3DAnatomyAndPathology\/","https:\/\/www.instagram.com\/voka.io\/","https:\/\/www.linkedin.com\/company\/voka-io\/","https:\/\/www.youtube.com\/channel\/UCqGGuOEpr62ScH8Pjk2q5zw\/videos","https:\/\/www.pinterest.com\/VokaAnatomyPro\/","https:\/\/www.threads.com\/@voka.io"],"description":"VOKA.io offers 3D medical animations and custom 3D modeling services. Our product, VOKA 3D Anatomy & Pathology, is a digital atlas with over 1,000 detailed 3D models of human anatomy and pathology, designed for medical education, training, and patient communication.","email":"info@voka.io","telephone":"+1 814 351 4442","legalName":"Voka 3D Anatomy & Pathology","foundingDate":"2017-02-12","naics":"541512","numberOfEmployees":{"@type":"QuantitativeValue","minValue":"51","maxValue":"200"},"publishingPrinciples":"https:\/\/wiki.voka.io\/es\/principios-de-publicacion\/"},{"@type":"Person","@id":"https:\/\/wiki.dev.voka.io\/es\/#\/schema\/person\/80649144a61380746717d6ec8ec00533","name":"Artur D.","image":{"@type":"ImageObject","inLanguage":"es","@id":"https:\/\/wiki.dev.voka.io\/es\/#\/schema\/person\/image\/","url":"https:\/\/secure.gravatar.com\/avatar\/a18a65b08498c9fed7d679520d148d1e8be2b2330b8a757c5f0e91539635a4f1?s=96&d=mm&r=g","contentUrl":"https:\/\/secure.gravatar.com\/avatar\/a18a65b08498c9fed7d679520d148d1e8be2b2330b8a757c5f0e91539635a4f1?s=96&d=mm&r=g","caption":"Artur D."}}]}},"_links":{"self":[{"href":"https:\/\/wiki.dev.voka.io\/es\/wp-json\/wp\/v2\/diseases_post\/974","targetHints":{"allow":["GET"]}}],"collection":[{"href":"https:\/\/wiki.dev.voka.io\/es\/wp-json\/wp\/v2\/diseases_post"}],"about":[{"href":"https:\/\/wiki.dev.voka.io\/es\/wp-json\/wp\/v2\/types\/diseases_post"}],"author":[{"embeddable":true,"href":"https:\/\/wiki.dev.voka.io\/es\/wp-json\/wp\/v2\/users\/16"}],"wp:attachment":[{"href":"https:\/\/wiki.dev.voka.io\/es\/wp-json\/wp\/v2\/media?parent=974"}],"wp:term":[{"taxonomy":"diseases_category","embeddable":true,"href":"https:\/\/wiki.dev.voka.io\/es\/wp-json\/wp\/v2\/diseases_category?post=974"}],"curies":[{"name":"wp","href":"https:\/\/api.w.org\/{rel}","templated":true}]}}