{"id":956,"date":"2025-07-23T15:16:43","date_gmt":"2025-07-23T12:16:43","guid":{"rendered":"https:\/\/wiki.dev.voka.io\/diseases\/uncategorized\/cervicitis\/"},"modified":"2025-07-24T12:59:36","modified_gmt":"2025-07-24T09:59:36","slug":"cervicitis","status":"publish","type":"diseases_post","link":"https:\/\/wiki.dev.voka.io\/es\/enfermedades\/ginecologia\/cervicitis\/","title":{"rendered":"Cervicitis: Etiolog\u00eda, sintomatolog\u00eda, diagn\u00f3stico, tratamiento"},"content":{"rendered":"<p><?xml encoding=\"UTF-8\" ?><\/p>\n<p><strong>La cervicitis<\/strong> es un s\u00edndrome cl\u00ednico caracterizado por la inflamaci\u00f3n del epitelio cervical.<\/p>\n<p>Se distinguen formas <strong>agudas<\/strong> y <strong>cr\u00f3nicas<\/strong>: la cervicitis aguda tiene causas infecciosas, mientras que la cr\u00f3nica est\u00e1 causada predominantemente por fuentes no infecciosas.<\/p>\n<figure class=\"wp-block-image size-large\"><img decoding=\"async\" src=\"https:\/\/storage.googleapis.com\/dev_wiki_voka_io_303011\/articles\/en\/gynecology\/cervicitis\/diffuse-endocervicitis.webp\" alt=\"Endocervicitis difusa\"><figcaption class=\"wp-element-caption\">Endocervicitis difusa \u2013 <a href=\"https:\/\/catalog.voka.io\/en\/models\/90b91890-b37e-4be0-a70a-ad98300beb70\/619b9a50-0e07-4d50-b3e7-af04da9078c7\/5d388087-b3d3-4761-b5d3-1d23aa342a5c\/09244747-e642-48f2-a0d7-bdf96593375f\" target=\"_blank\" rel=\"noreferrer noopener nofollow\">Modelo 3D<\/a><\/figcaption><\/figure>\n<p>La prevalencia exacta de la cervicitis es dif\u00edcil de determinar debido a la falta de criterios diagn\u00f3sticos normalizados. Dado que la actividad sexual es un importante factor de riesgo de enfermedades infecciosas, la mayor incidencia se da en mujeres sexualmente activas de entre 15 y 24 a\u00f1os. <\/p>\n<h2 class=\"wp-block-heading\" id=\"etiologia-de-la-cervicitis\"><strong>Etiolog\u00eda de la cervicitis<\/strong><\/h2>\n<p>Seg\u00fan la etiolog\u00eda, la cervicitis puede dividirse en <strong>infecciosa<\/strong> y <strong>no infecciosa<\/strong>.<\/p>\n<p>Los <strong>agentes infecciosos<\/strong> incluyen:<\/p>\n<ul class=\"wp-block-list\">\n<li><em>Neisseria gonorrhoea<\/em>;<\/li>\n<li><em>Chlamydia trachomatis<\/em>;<\/li>\n<li>Virus del herpes simple (VHS);<\/li>\n<li><em>Trichomonas vaginalis<\/em>;<\/li>\n<li><em>Mycoplasma genitalium<\/em>.<\/li>\n<\/ul>\n<p><em>La Neisseria gonorrhoea<\/em> y la <em>Chlamydia trachomatis<\/em> infectan predominantemente el epitelio prism\u00e1tico del endoc\u00e9rvix, mientras que el VPH y las tricomonas infectan el epitelio escamoso del ectoc\u00e9rvix. <strong>La vaginosis bacteriana<\/strong> tambi\u00e9n se asocia a la cervicitis.<\/p>\n<p>Entre <strong>las causas no infecciosas de la<\/strong> cervicitis se incluyen:<\/p>\n<ul class=\"wp-block-list\">\n<li><strong>Irritantes mec\u00e1nicos<\/strong>: instrumentos quir\u00fargicos u objetos extra\u00f1os como pesarios, diafragmas, capuchones cervicales, tampones, preservativos que pueden causar traumatismos mec\u00e1nicos;<\/li>\n<li><strong>Los irritantes qu\u00edmicos<\/strong> provocan reacciones al\u00e9rgicas e incluyen jabones, productos de lavander\u00eda, espermicidas, l\u00e1tex y aerosoles vaginales;<\/li>\n<li><strong>Las enfermedades inflamatorias sist\u00e9micas<\/strong>, como el liquen plano rojo escamoso y el s\u00edndrome de Beh\u00e7et, tambi\u00e9n pueden causar cervicitis;<\/li>\n<li>El <strong>estado hipoestrog\u00e9nico<\/strong> que se observa en la menopausia natural o quir\u00fargica puede simular una cervicitis. Se produce debido a la atrofia de la mucosa vaginal y uterina. <\/li>\n<\/ul>\n<p>Cabe se\u00f1alar que en la mayor\u00eda de los casos no puede establecerse la etiolog\u00eda exacta. Cl\u00ednicamente es imposible distinguir la inflamaci\u00f3n causada por est\u00edmulos mec\u00e1nicos o qu\u00edmicos de la causada por etiolog\u00eda infecciosa. <\/p>\n<h2 class=\"wp-block-heading\" id=\"manifestaciones-clinicas-de-la-cervicitis\"><strong>Manifestaciones cl\u00ednicas de la cervicitis<\/strong><\/h2>\n<figure class=\"wp-block-image size-large\"><img decoding=\"async\" src=\"https:\/\/storage.googleapis.com\/dev_wiki_voka_io_303011\/articles\/en\/gynecology\/cervicitis\/cervix-uterus-endocervicitis.webp\" alt=\"Cuello uterino: endocervicitis\"><figcaption class=\"wp-element-caption\">C\u00e9rvix: endocervicitis \u2013 <a href=\"https:\/\/catalog.voka.io\/en\/models\/90b91890-b37e-4be0-a70a-ad98300beb70\/619b9a50-0e07-4d50-b3e7-af04da9078c7\/5d388087-b3d3-4761-b5d3-1d23aa342a5c\/43f1310f-76e3-45a4-9d1e-98cbf5fca936\" target=\"_blank\" rel=\"noreferrer noopener nofollow\">Modelo 3D<\/a><\/figcaption><\/figure>\n<p>Las pacientes presentan molestias inespec\u00edficas, como <strong>secreci\u00f3n mucosa purulenta o purulenta<\/strong> de la vagina y <strong>hemorragia intermenstrual o postcoital<\/strong>. Las pacientes tambi\u00e9n pueden presentar <strong>dispareunia<\/strong> o <strong>dolores de tir\u00f3n en el bajo vientre<\/strong>. <\/p>\n<h2 class=\"wp-block-heading\" id=\"toma-de-historia\"><strong>Toma de historia<\/strong><\/h2>\n<p>La anamnesis desempe\u00f1a un papel importante en la identificaci\u00f3n de los factores de riesgo. A todas las mujeres, independientemente de los s\u00edntomas, que acudan a una revisi\u00f3n se les debe preguntar detalladamente por su historia sexual, utilizando cinco puntos clave: <\/p>\n<ul class=\"wp-block-list\">\n<li>Socios;<\/li>\n<li>Practica;<\/li>\n<li>Prevenci\u00f3n del embarazo;<\/li>\n<li>Protecci\u00f3n frente a las ITS;<\/li>\n<li>ITS anteriores.<\/li>\n<\/ul>\n<h2 class=\"wp-block-heading\" id=\"exploracion-ginecologica\"><strong>Exploraci\u00f3n ginecol\u00f3gica<\/strong><\/h2>\n<figure class=\"wp-block-image size-large\"><img decoding=\"async\" src=\"https:\/\/storage.googleapis.com\/dev_wiki_voka_io_303011\/articles\/en\/gynecology\/cervicitis\/diffuse-exocervicitis.webp\" alt=\"Cuello uterino: exocervicitis difusa\"><figcaption class=\"wp-element-caption\">C\u00e9rvix: exocervicitis difusa \u2013 <a href=\"https:\/\/catalog.voka.io\/en\/models\/90b91890-b37e-4be0-a70a-ad98300beb70\/619b9a50-0e07-4d50-b3e7-af04da9078c7\/afd0c737-8eee-4f81-a4bb-9607f02d6146\/dfeba318-3814-4e39-8258-d08ea3dfc4db\" target=\"_blank\" rel=\"noreferrer noopener nofollow\">Modelo 3D<\/a><\/figcaption><\/figure>\n<p>Los <strong>signos cl\u00e1sicos<\/strong> son secreci\u00f3n amarilla o mucosa de la faringe y ligera hemorragia de contacto del endoc\u00e9rvix al tocarlo con un aplicador de algod\u00f3n. Tambi\u00e9n puede haber hiperemia de la mucosa. <\/p>\n<figure class=\"wp-block-video\" id=\"animacion-3d-cervicitis-inespecifica\"><video controls><source data-src=\"https:\/\/storage.googleapis.com\/dev_wiki_voka_io_303011\/articles\/en\/gynecology\/cervicitis\/nonspecific-cervicitis.webm\" type=\"video\/webm\"><\/source><\/video><figcaption class=\"wp-element-caption\">Animaci\u00f3n 3D \u2013 Cervicitis inespec\u00edfica<\/figcaption><\/figure>\n<p>Adem\u00e1s, <strong>las hemorragias puntiformes<\/strong> visibles en el exoc\u00e9rvix (el llamado cuello uterino en fresa) indican infecci\u00f3n por tricomonas, y las <strong>ves\u00edculas<\/strong> y <strong>\u00falceras<\/strong> indican infecci\u00f3n por VPH. Muchas mujeres son asintom\u00e1ticas con <strong>cervicitis por micoplasma<\/strong>, por lo que a menudo se pasa por alto esta infecci\u00f3n. <\/p>\n<p>Deben sospecharse <strong>lesiones genitales<\/strong> internas si:<\/p>\n<ul class=\"wp-block-list\">\n<li>Alta temperatura;<\/li>\n<li>Dolor en la exploraci\u00f3n bimanual;<\/li>\n<li>Dolor al mover el cuello uterino.<\/li>\n<\/ul>\n<h2 class=\"wp-block-heading\" id=\"diagnostico-de-la-cervicitis\"><strong>Diagn\u00f3stico de la cervicitis<\/strong><\/h2>\n<p>La <strong>investigaci\u00f3n inicial<\/strong> tiene como objetivo identificar el agente causal. La prueba m\u00e1s sensible y espec\u00edfica es <strong>la prueba de amplificaci\u00f3n de \u00e1cidos nucleicos (NAAT)<\/strong>. Esta <strong>prueba NA<\/strong> AT puede realizarse en muestras de secreciones endocervicales y vaginales, as\u00ed como en orina.  <\/p>\n<p>No se han estandarizado <strong>los criterios para utilizar un recuento elevado de leucocitos<\/strong> en la tinci\u00f3n de Gram del material endocervical para el diagn\u00f3stico de cervicitis. Este m\u00e9todo tiene una baja sensibilidad y un bajo valor predictivo positivo. <\/p>\n<p><strong>M\u00e9todos de diagn\u00f3stico de la cervicitis<\/strong><\/p>\n<figure class=\"wp-block-table table-to-cards\">\n<table>\n<thead>\n<tr>\n<th class=\"has-text-align-center\" data-align=\"center\"><strong>Muestra<\/strong><\/th>\n<th class=\"has-text-align-center\" data-align=\"center\"><strong>Prueba<\/strong><\/th>\n<th class=\"has-text-align-center\" data-align=\"center\"><strong>Conclusi\u00f3n<\/strong><\/th>\n<\/tr>\n<\/thead>\n<tbody>\n<tr>\n<td class=\"has-text-align-center\" data-align=\"center\">Hisopo endocervical<\/td>\n<td class=\"has-text-align-center\" data-align=\"center\">Clamidia y gonorrea NAAT<\/td>\n<td class=\"has-text-align-center\" data-align=\"center\">Positivo \u2013 <em>Chlamydia trachomatis<\/em> confirmada y <br \/><em>Neisseria gonorrhoeae<\/em>.<br \/>Negativo \u2013 cervicitis de otra causa.<\/td>\n<\/tr>\n<tr>\n<td class=\"has-text-align-center\" data-align=\"center\"><\/td>\n<td class=\"has-text-align-center\" data-align=\"center\">Microscopia de frotis, solicitar cultivo para <em>Neisseria gonorrhoeae<\/em><\/td>\n<td class=\"has-text-align-center\" data-align=\"center\">Sensibilidad y posible resistencia de <em>Neisseria gonorrhoeae<\/em><\/td>\n<\/tr>\n<tr>\n<td class=\"has-text-align-center\" data-align=\"center\"><\/td>\n<td class=\"has-text-align-center\" data-align=\"center\">Mycoplasma genitalium NAAT<\/td>\n<td class=\"has-text-align-center\" data-align=\"center\">Positivo: es necesario realizar m\u00e1s pruebas de sensibilidad a los antibi\u00f3ticos<\/td>\n<\/tr>\n<tr>\n<td class=\"has-text-align-center\" data-align=\"center\"><\/td>\n<td class=\"has-text-align-center\" data-align=\"center\">NAAT para el VPH (en casos de cervicitis no tratada o recurrente en ausencia de otras causas)<\/td>\n<td class=\"has-text-align-center\" data-align=\"center\">Positivo \u2013 terapia antiviral<\/td>\n<\/tr>\n<tr>\n<td class=\"has-text-align-center\" data-align=\"center\">Hisopo vaginal<\/td>\n<td class=\"has-text-align-center\" data-align=\"center\">Trichomonas nAAT<\/td>\n<td class=\"has-text-align-center\" data-align=\"center\">Resultado positivo: confirmaci\u00f3n del diagn\u00f3stico, tratamiento necesario<\/td>\n<\/tr>\n<tr>\n<td class=\"has-text-align-center\" data-align=\"center\">pH vaginal<\/td>\n<td class=\"has-text-align-center\" data-align=\"center\">Normal 3,5-4,5<\/td>\n<td class=\"has-text-align-center\" data-align=\"center\">> 4,5 indica una flora vaginal anormal<\/td>\n<\/tr>\n<tr>\n<td class=\"has-text-align-center\" data-align=\"center\">Hisopo anal\/<br \/>rectal<\/td>\n<td class=\"has-text-align-center\" data-align=\"center\"><em>Chlamydia trachomatis<\/em> y <em>Neisseria gonorrhoeae<\/em> NAAT<\/td>\n<td class=\"has-text-align-center\" data-align=\"center\">Positivo \u2013 confirmado <em>Chlamydia trachomatis<\/em> y <br \/><em>Neisseria gonorrhoeae<\/em>.<br \/>Negativo \u2013 en presencia de antecedentes de coito anal puede ser la causa de vaginosis bacteriana recurrente.<\/td>\n<\/tr>\n<tr>\n<td class=\"has-text-align-center\" data-align=\"center\"><\/td>\n<td class=\"has-text-align-center\" data-align=\"center\">Microscopia y cultivo para <em>Neisseria gonorrhoeae<\/em><\/td>\n<td class=\"has-text-align-center\" data-align=\"center\">Sensibilidad a <br \/><em>Neisseria gonorrhoeae<\/em> y posible perfil de resistencia<\/td>\n<\/tr>\n<\/tbody>\n<\/table>\n<\/figure>\n<h2 class=\"wp-block-heading\" id=\"tratamiento-de-la-cervicitis\"><strong>Tratamiento de la cervicitis<\/strong><\/h2>\n<p>Las t\u00e1cticas de tratamiento dependen de la etiolog\u00eda de la cervicitis y pueden variar seg\u00fan la causa de la enfermedad.<\/p>\n<h3 class=\"wp-block-heading\" id=\"tratamiento-empirico\"><strong>Tratamiento emp\u00edrico<\/strong><\/h3>\n<p>Seg\u00fan las directrices de los CDC, se recomienda el tratamiento emp\u00edrico a las mujeres con mayor riesgo de contraer infecciones de transmisi\u00f3n sexual: las menores de 25 a\u00f1os, las mujeres con una nueva pareja sexual, las que tienen una pareja con una infecci\u00f3n de transmisi\u00f3n sexual previamente establecida y las que tienen varias parejas sexuales al mismo tiempo.a estas pacientes se les prescribe terapia antibi\u00f3tica para la clamidia y la gonorrea.<\/p>\n<p>Tambi\u00e9n se recomienda el tratamiento emp\u00edrico a las mujeres en las que las pruebas no detecten el agente causal. El tratamiento puede aplazarse hasta que se disponga de los resultados de las pruebas confirmatorias en las mujeres con menor riesgo de infecciones de transmisi\u00f3n sexual. <\/p>\n<p>Existen los siguientes f\u00e1rmacos para la terapia emp\u00edrica:<\/p>\n<ul class=\"wp-block-list\">\n<li><strong>Azitromicina<\/strong> \u2013 por v\u00eda oral una vez al d\u00eda;<\/li>\n<li><strong>Ceftriaxona<\/strong> \u2013 por v\u00eda intramuscular una vez;<\/li>\n<li><strong>Doxiciclina<\/strong> \u2013 por v\u00eda oral durante 7 d\u00edas;<\/li>\n<li><strong>Cefixima<\/strong> \u2013 una vez por v\u00eda oral.<\/li>\n<\/ul>\n<p>Se recomienda en caso de alergia grave a la penicilina\/cefalosporina:<\/p>\n<ul class=\"wp-block-list\">\n<li><strong>Azitromicina<\/strong> \u2013 Por v\u00eda oral una vez al d\u00eda.<\/li>\n<\/ul>\n<h3 class=\"wp-block-heading\" id=\"tratamiento-basado-en-resultados-de-laboratorio\"><strong>Tratamiento basado en resultados de laboratorio<\/strong><\/h3>\n<p>Si se detectan agentes infecciosos mediante pruebas de laboratorio, el tratamiento es el siguiente:<\/p>\n<ul class=\"wp-block-list\">\n<li><strong>Clamidia<\/strong>: dosis oral \u00fanica de azitromicina o curso de doxiciclina;<\/li>\n<li><strong>Gonorrea<\/strong>: ceftriaxona intramuscular una vez para quienes tengan un peso corporal inferior a 150 kg y otras infecciones negativas;<\/li>\n<li><strong>Micoplasma<\/strong>: doxiciclina durante 3 d\u00edas o azitromicina durante 3 d\u00edas;<\/li>\n<li><strong>Tricomonas<\/strong>: dosis oral \u00fanica de metronidazol o tinidazol;<\/li>\n<li><strong>Vaginosis bacteriana: metronidazol por v\u00eda oral, metronidazol gel 0,75% por v\u00eda vaginal<\/strong>, clindamicina crema 2% por v\u00eda intravaginal, clindamicina en supositorios por v\u00eda intravaginal;<\/li>\n<li><strong>VPH<\/strong>: aciclovir oral, valaciclovir, famciclovir.<\/li>\n<\/ul>\n<h3 class=\"wp-block-heading\" id=\"seguimiento-de-contactos\"><strong>Seguimiento de contactos<\/strong><\/h3>\n<p>El rastreo de contactos es prioritario para la clamidia, la gonorrea, la tricomoniasis y <em>el M. genitalium<\/em>, y debe realizarse en todos los pacientes con infecci\u00f3n confirmada. No se recomienda el rastreo de contactos para el virus del herpes simple. Debe interrumpirse la actividad sexual hasta la finalizaci\u00f3n del curso terap\u00e9utico. Las mujeres seropositivas con cervicitis reciben el mismo tratamiento que las mujeres seronegativas.   <\/p>\n<p>El tratamiento oportuno en estas mujeres reduce la excreci\u00f3n v\u00edrica y puede reducir el riesgo de transmisi\u00f3n del VIH.<\/p>\n<h3 class=\"wp-block-heading\" id=\"cervicitis-cronica\"><strong>Cervicitis cr\u00f3nica<\/strong><\/h3>\n<p>El t\u00e9rmino \u00abcervicitis cr\u00f3nica\u00bb se utiliza para las mujeres con secreci\u00f3n persistente durante tres meses a pesar de la exclusi\u00f3n de la infecci\u00f3n y la terapia antibi\u00f3tica emp\u00edrica. Hay que volver a examinar a las pacientes para detectar una posible reexposici\u00f3n a un agente infeccioso. En ausencia de infecci\u00f3n, no hay pruebas de la eficacia de la terapia antimicrobiana repetida o prolongada para la cervicitis sintom\u00e1tica persistente.  <\/p>\n<h3 class=\"wp-block-heading\" id=\"complicaciones\"><strong>Complicaciones<\/strong><\/h3>\n<p>La propagaci\u00f3n de la infecci\u00f3n al \u00fatero, las trompas de Falopio y los ovarios, con el desarrollo de una enfermedad inflamatoria p\u00e9lvica (EIP), es una complicaci\u00f3n peligrosa de la cervicitis. Puede tener consecuencias agudas y cr\u00f3nicas, como dolor p\u00e9lvico cr\u00f3nico, embarazo ect\u00f3pico e infertilidad. <\/p>\n<div class=\"social-banner-block\">\n<div class=\"social-banner-content\">\n<p class=\"h5-title text-black\">Encuentra m\u00e1s contenido cient\u00edficamente preciso en nuestras redes sociales<\/p>\n<p><span class=\"social-banner-text text-grey\">Suscr\u00edbete y no te pierdas los \u00faltimos recursos<\/span><\/p>\n<div class=\"social-links-wrapper\"><a class=\"social-icon-link\" href=\"https:\/\/www.facebook.com\/VOKA3DAnatomyAndPathology\/\" target=\"_blank\" rel=\"nofollow noopener\"><img decoding=\"async\" src=\"https:\/\/storage.googleapis.com\/dev_wiki_voka_io_303011\/common\/Social%20Icons\/facebook.svg\" alt=\"social link\"><\/a><a class=\"social-icon-link\" href=\"https:\/\/www.instagram.com\/voka.io\/\" target=\"_blank\" rel=\"nofollow noopener\"><img decoding=\"async\" src=\"https:\/\/storage.googleapis.com\/dev_wiki_voka_io_303011\/common\/Social%20Icons\/insta.svg\" alt=\"social link\"><\/a><a class=\"social-icon-link\" href=\"https:\/\/www.linkedin.com\/company\/voka-io\/posts\/?feedView=all\" target=\"_blank\" rel=\"nofollow noopener\"><img decoding=\"async\" src=\"https:\/\/storage.googleapis.com\/dev_wiki_voka_io_303011\/common\/Social%20Icons\/linkedin.svg\" alt=\"social link\"><\/a><a class=\"social-icon-link\" href=\"https:\/\/www.youtube.com\/@vokaio\" target=\"_blank\" rel=\"nofollow noopener\"><img decoding=\"async\" src=\"https:\/\/storage.googleapis.com\/dev_wiki_voka_io_303011\/common\/Social%20Icons\/youtube.svg\" alt=\"social link\"><\/a><a class=\"social-icon-link\" href=\"https:\/\/www.pinterest.com\/voka3danatomyandpathology\/\" target=\"_blank\" rel=\"nofollow noopener\"><img decoding=\"async\" src=\"https:\/\/storage.googleapis.com\/dev_wiki_voka_io_303011\/common\/Social%20Icons\/pinterest.svg\" alt=\"social link\"><\/a><a class=\"social-icon-link\" href=\"https:\/\/www.tiktok.com\/@voka.io\" target=\"_blank\" rel=\"nofollow noopener\"><img decoding=\"async\" src=\"https:\/\/storage.googleapis.com\/dev_wiki_voka_io_303011\/common\/Social%20Icons\/tiktok.svg\" alt=\"social link\"><\/a><a class=\"social-icon-link\" href=\"https:\/\/discord.gg\/7ejUpq8DRR\" target=\"_blank\" rel=\"nofollow noopener\"><img decoding=\"async\" src=\"https:\/\/storage.googleapis.com\/dev_wiki_voka_io_303011\/common\/Social%20Icons\/discord.svg\" alt=\"social link\"><\/a><\/div>\n<\/div>\n<p><img decoding=\"async\" class=\"social-banner-image\" loading=\"lazy\" src=\"https:\/\/storage.googleapis.com\/dev_wiki_voka_io_303011\/common\/social-media-banner-mobile-image.webp\" alt=\"Banner background\"><\/div>\n<h3 class=\"wp-block-heading\" id=\"embarazo\"><strong>Embarazo<\/strong><\/h3>\n<p>La presencia de cervicitis asociada a infecciones de transmisi\u00f3n sexual se correlaciona con resultados desfavorables del embarazo, especialmente rotura prematura de las membranas fetales, parto prematuro y nacimiento de beb\u00e9s con bajo peso para la edad gestacional. La infecci\u00f3n por clamidia no diagnosticada a tiempo durante el embarazo conduce a la exposici\u00f3n perinatal del beb\u00e9 a un cuello uterino materno infectado. La infecci\u00f3n neonatal primaria <em>por C. trachomatis<\/em> afecta a las mucosas de los ojos, la orofaringe, el tracto urogenital y el recto.  <\/p>\n<p>Las manifestaciones m\u00e1s graves de la infecci\u00f3n por <em>N. gonorrhoeae<\/em> en neonatos son la conjuntivitis neonatal y la septicemia, que puede incluir artritis y meningitis. Las manifestaciones menos graves son rinitis, vaginitis, uretritis e infecci\u00f3n del cuero cabelludo. <\/p>\n<p><strong>Las mujeres embarazadas<\/strong>, independientemente de la edad gestacional, deben someterse a <strong>un cribado prenatal obligatorio de la<\/strong> infecci\u00f3n y, si se detecta, al tratamiento recomendado.<\/p>\n<div>\n<h2 class=\"faq-title h2-article\" id=\"faq\">FAQ<\/h2>\n<div class=\"faq-section\">\n<div class=\"faq-item faq-answer-hidden\">\n<div class=\"question-block\">\n<div class=\"faq-question\">\n<p class=\" text-black h5-title\">1. \u00bfQu\u00e9 es la cervicitis y cu\u00e1les son sus principales causas?<\/p>\n<\/div>\n<div class=\"faq-answer text-main-text-color main-text-medium\">La cervicitis es una inflamaci\u00f3n del cuello uterino causada por infecciones (gonorrea, clamidia, tricomoniasis) o factores no infecciosos, como traumatismos o alergias. Los agentes infecciosos pueden ser virus, bacterias u hongos. <\/div>\n<\/div>\n<div class=\"expand-button-wrapper\"><button class=\"text-accent expand-button\">+<\/button><\/div>\n<\/div>\n<div class=\"faq-item faq-answer-hidden\">\n<div class=\"question-block\">\n<div class=\"faq-question\">\n<p class=\" text-black h5-title\">2. \u00bfQu\u00e9 es la cervicitis cr\u00f3nica?<\/p>\n<\/div>\n<div class=\"faq-answer text-main-text-color main-text-medium\">La cervicitis cr\u00f3nica es una inflamaci\u00f3n del cuello uterino que dura m\u00e1s de tres meses. Puede desarrollarse tras una cervicitis aguda o a consecuencia de infecciones o traumatismos de larga duraci\u00f3n. <\/div>\n<\/div>\n<div class=\"expand-button-wrapper\"><button class=\"text-accent expand-button\">+<\/button><\/div>\n<\/div>\n<div class=\"faq-item faq-answer-hidden\">\n<div class=\"question-block\">\n<div class=\"faq-question\">\n<p class=\" text-black h5-title\">3 \u00bfLa cervicitis puede provocar c\u00e1ncer?<\/p>\n<\/div>\n<div class=\"faq-answer text-main-text-color main-text-medium\">La cervicitis en s\u00ed no causa c\u00e1ncer, pero la inflamaci\u00f3n cr\u00f3nica causada por la infecci\u00f3n por el virus del papiloma humano (VPH) puede aumentar el riesgo de c\u00e1ncer de cuello uterino. Las revisiones peri\u00f3dicas y el tratamiento pueden ayudar a reducir este riesgo. <\/div>\n<\/div>\n<div class=\"expand-button-wrapper\"><button class=\"text-accent expand-button\">+<\/button><\/div>\n<\/div>\n<div class=\"faq-item faq-answer-hidden\">\n<div class=\"question-block\">\n<div class=\"faq-question\">\n<p class=\" text-black h5-title\">4. \u00bfC\u00f3mo se transmite la cervicitis?<\/p>\n<\/div>\n<div class=\"faq-answer text-main-text-color main-text-medium\">La cervicitis puede transmitirse sexualmente si est\u00e1 causada por una infecci\u00f3n como la gonorrea o la clamidia. Tambi\u00e9n puede desarrollarse tras intervenciones m\u00e9dicas o traumatismos en el cuello uterino. <\/div>\n<\/div>\n<div class=\"expand-button-wrapper\"><button class=\"text-accent expand-button\">+<\/button><\/div>\n<\/div>\n<div class=\"faq-item faq-answer-hidden\">\n<div class=\"question-block\">\n<div class=\"faq-question\">\n<p class=\" text-black h5-title\">5. \u00bfEs peligrosa la cervicitis en el embarazo?<\/p>\n<\/div>\n<div class=\"faq-answer text-main-text-color main-text-medium\">La cervicitis puede ser peligrosa para el embarazo, sobre todo si est\u00e1 causada por una infecci\u00f3n de transmisi\u00f3n sexual. Puede provocar un parto prematuro, la rotura de las membranas fetales o una infecci\u00f3n en el reci\u00e9n nacido. <\/div>\n<\/div>\n<div class=\"expand-button-wrapper\"><button class=\"text-accent expand-button\">+<\/button><\/div>\n<\/div>\n<div class=\"faq-item faq-answer-hidden\">\n<div class=\"question-block\">\n<div class=\"faq-question\">\n<p class=\" text-black h5-title\">6. \u00bfPuedo quedarme embarazada con cervicitis?<\/p>\n<\/div>\n<div class=\"faq-answer text-main-text-color main-text-medium\">La cervicitis por s\u00ed misma no es un obst\u00e1culo directo para el embarazo, pero si la inflamaci\u00f3n va acompa\u00f1ada de complicaciones como la inflamaci\u00f3n p\u00e9lvica, puede aumentar el riesgo de infertilidad. El tratamiento puede ayudar a recuperar la fertilidad. <\/div>\n<\/div>\n<div class=\"expand-button-wrapper\"><button class=\"text-accent expand-button\">+<\/button><\/div>\n<\/div>\n<div class=\"faq-item faq-answer-hidden\">\n<div class=\"question-block\">\n<div class=\"faq-question\">\n<p class=\" text-black h5-title\">7. \u00bfSe transmite la cervicitis a los hombres?<\/p>\n<\/div>\n<div class=\"faq-answer text-main-text-color main-text-medium\">La cervicitis no se transmite directamente a los hombres, pero las infecciones que causan cervicitis pueden transmitirse a los hombres, causando inflamaci\u00f3n de la uretra y otros \u00f3rganos genitales.<\/div>\n<\/div>\n<div class=\"expand-button-wrapper\"><button class=\"text-accent expand-button\">+<\/button><\/div>\n<\/div>\n<div class=\"faq-item faq-answer-hidden\">\n<div class=\"question-block\">\n<div class=\"faq-question\">\n<p class=\" text-black h5-title\">8. \u00bfCu\u00e1les son los peligros de la cervicitis?<\/p>\n<\/div>\n<div class=\"faq-answer text-main-text-color main-text-medium\">La cervicitis puede ser peligrosa si no se trata. Puede provocar la propagaci\u00f3n de la infecci\u00f3n a otras partes de los \u00f3rganos reproductores, como el \u00fatero, las trompas de Falopio y los ovarios, lo que puede causar enfermedad inflamatoria p\u00e9lvica (EIP). En casos graves, puede provocar infertilidad, dolor p\u00e9lvico cr\u00f3nico y un mayor riesgo de embarazo ect\u00f3pico.  <\/div>\n<\/div>\n<div class=\"expand-button-wrapper\"><button class=\"text-accent expand-button\">+<\/button><\/div>\n<\/div>\n<\/div>\n<\/div>\n<div class=\"sources-list-block sources-list-hidden\" id=\"lista-de-fuentes\">\n<div class=\"sources-list-content\">\n<div class=\"sources-list-title\">\n<p class=\"small-text-bold text-black sources-list-title-text\">Lista de fuentes<\/p>\n<div class=\"sources-expand-button-wrapper-mobile\">\n<div class=\"sources-expand-button\"><svg width=\"32\" height=\"32\" viewbox=\"0 0 32 32\" fill=\"none\" xmlns=\"http:\/\/www.w3.org\/2000\/svg\"><path d=\"M8 12L16 20L24 12\" stroke=\"#8C9AAB\" stroke-width=\"2\" stroke-linecap=\"round\" stroke-linejoin=\"round\"><\/path><\/svg><\/div>\n<\/div>\n<\/div>\n<div class=\"sources-list-items\">\n<div class=\"source-item\">\n<p class=\"main-text-semibold text-black\">1.<\/p>\n<div class=\"source-item-content\">\n<p class=\"main-text-semibold text-black\">Cat\u00e1logo VOKA.  <\/p>\n<p><span class=\"small-text-medium text-grey\">https:\/\/catalog.voka.io\/ <\/span><\/div>\n<\/div>\n<div class=\"source-item\">\n<p class=\"main-text-semibold text-black\">2.<\/p>\n<div class=\"source-item-content\">\n<p class=\"main-text-semibold text-black\">Workowski, K. A., Bachmann, L. H., & Chan, P. A. *Sexually Transmitted Infections Treatment Guidelines, 2023*. MMWR Recommendations and Reports, **72**(4), 1\u2013187. [CDC].  <\/p>\n<\/div>\n<\/div>\n<div class=\"source-item\">\n<p class=\"main-text-semibold text-black\">3.<\/p>\n<div class=\"source-item-content\">\n<p class=\"main-text-semibold text-black\">WHO Guidelines for the Treatment of *Chlamydia trachomatis*, *Neisseria gonorrhoeae*, and *Trichomonas vaginalis* (2021). <\/p>\n<\/div>\n<\/div>\n<div class=\"source-item\">\n<p class=\"main-text-semibold text-black\">4.<\/p>\n<div class=\"source-item-content\">\n<p class=\"main-text-semibold text-black\">European Guideline on the Management of Cervicitis (IUSTI\/WHO, 2022).<\/p>\n<\/div>\n<\/div>\n<div class=\"source-item\">\n<p class=\"main-text-semibold text-black\">5.<\/p>\n<div class=\"source-item-content\">\n<p class=\"main-text-semibold text-black\">Amsel, R., et al. *\u00bbMicrobiome Analysis in Women with Chronic Cervicitis: Implications for Diagnosis and Therapy\u00bb*. Journal of Infectious Diseases, **229**(3), 345\u2013356.  <\/p>\n<\/div>\n<\/div>\n<div class=\"source-item\">\n<p class=\"main-text-semibold text-black\">6.<\/p>\n<div class=\"source-item-content\">\n<p class=\"main-text-semibold text-black\">Taylor, S. N., et al. *\u00bbPoint-of-Care Testing for Non-viral Sexually Transmitted Infections in Cervicitis\u00bb*. Clinical Infectious Diseases, **77**(5), e45\u2013e52.  <\/p>\n<\/div>\n<\/div>\n<div class=\"source-item\">\n<p class=\"main-text-semibold text-black\">7.<\/p>\n<div class=\"source-item-content\">\n<p class=\"main-text-semibold text-black\">Haggerty, C. L., et al. *Cervicitis persistente y recurrente: factores de riesgo y tratamiento. Revista Americana de Obstetricia y Ginecolog\u00eda, **226**(4), 501.e1-501.e12.  <\/p>\n<\/div>\n<\/div>\n<div class=\"source-item\">\n<p class=\"main-text-semibold text-black\">8.<\/p>\n<div class=\"source-item-content\">\n<p class=\"main-text-semibold text-black\">Van Der Pol, B., et al. *\u00bbMolecular Diagnostics for Cervicitis: Utility of Multiplex PCR in Detecting Co-Infections\u00bb*. Sexually Transmitted Infections, **97**(6), 412\u2013418.  <\/p>\n<\/div>\n<\/div>\n<div class=\"source-item\">\n<p class=\"main-text-semibold text-black\">9.<\/p>\n<div class=\"source-item-content\">\n<p class=\"main-text-semibold text-black\">Mitchell, C., & Marrazzo, J. *\u00bbBacterial Vaginosis and the Risk of Cervicitis: A Longitudinal Analysis\u00bb*. Obstetrics & Gynecology, **135**(4), 862\u2013870.  <\/p>\n<\/div>\n<\/div>\n<div class=\"source-item\">\n<p class=\"main-text-semibold text-black\">10.<\/p>\n<div class=\"source-item-content\">\n<p class=\"main-text-semibold text-black\">Gaydos, C. A., & Hardick, J. *\u00bbAdvances in Rapid Nucleic Acid Amplification Tests for Cervicitis Pathogens\u00bb*. Expert Review of Molecular Diagnostics, **23**(7), 567\u2013578.  <\/p>\n<\/div>\n<\/div>\n<div class=\"source-item\">\n<p class=\"main-text-semibold text-black\">11.<\/p>\n<div class=\"source-item-content\">\n<p class=\"main-text-semibold text-black\">Ravel, J., et al. *\u00bbVaginal and Cervical Microbiome Signatures in Women with Cervicitis\u00bb*. Nature Communications, **13**(1), 3521.   <\/p>\n<\/div>\n<\/div>\n<div class=\"source-item\">\n<p class=\"main-text-semibold text-black\">12.<\/p>\n<div class=\"source-item-content\">\n<p class=\"main-text-semibold text-black\">Schwebke, J. R., & Muzny, C. A. *\u00bbThe Role of Mycoplasma genitalium in Cervicitis\u00bb*. Clinical Microbiology Reviews, **34**(3), e00118-20.  <\/p>\n<\/div>\n<\/div>\n<div class=\"source-item\">\n<p class=\"main-text-semibold text-black\">13.<\/p>\n<div class=\"source-item-content\">\n<p class=\"main-text-semibold text-black\">Unemo, M., et al. *\u00bbEmerging Antimicrobial Resistance in Neisseria gonorrhoeae: Implications for Cervicitis Therapy\u00bb*. The Lancet Infectious Diseases, **24**(2), e78\u2013e89.   <\/p>\n<\/div>\n<\/div>\n<div class=\"source-item\">\n<p class=\"main-text-semibold text-black\">14.<\/p>\n<div class=\"source-item-content\">\n<p class=\"main-text-semibold text-black\">Kissinger, P., et al. *\u00bbSingle-Dose vs. Multidose Therapy for Trichomonas vaginalis-Associated Cervicitis\u00bb*. New England Journal of Medicine, **388**(12), 1123\u20131132.   <\/p>\n<\/div>\n<\/div>\n<div class=\"source-item\">\n<p class=\"main-text-semibold text-black\">15.<\/p>\n<div class=\"source-item-content\">\n<p class=\"main-text-semibold text-black\">Kong, F. Y. S., et al. *\u00bbAzithromycin Resistance in Chlamydia trachomatis: A Global Review\u00bb*. Clinical Infectious Diseases, **74**(8), 1424\u20131430.  <\/p>\n<\/div>\n<\/div>\n<\/div>\n<\/div>\n<div class=\"sources-expand-button-wrapper\">\n<div class=\"sources-expand-button\"><svg width=\"32\" height=\"32\" viewbox=\"0 0 32 32\" fill=\"none\" xmlns=\"http:\/\/www.w3.org\/2000\/svg\"><path d=\"M8 12L16 20L24 12\" stroke=\"#8C9AAB\" stroke-width=\"2\" stroke-linecap=\"round\" stroke-linejoin=\"round\"><\/path><\/svg><\/div>\n<\/div>\n<\/div>\n","protected":false},"excerpt":{"rendered":"<p>La cervicitis es un s\u00edndrome cl\u00ednico caracterizado por la inflamaci\u00f3n del epitelio cervical. Se distinguen formas agudas y cr\u00f3nicas: la cervicitis aguda tiene causas infecciosas, mientras que la cr\u00f3nica est\u00e1 causada predominantemente por fuentes no infecciosas. La prevalencia exacta de la cervicitis es dif\u00edcil de determinar debido a la falta de criterios diagn\u00f3sticos normalizados. Dado [&hellip;]<\/p>\n","protected":false},"author":5,"featured_media":0,"template":"","diseases_category":[263],"class_list":["post-956","diseases_post","type-diseases_post","status-publish","hentry","diseases_category-ginecologia"],"acf":[],"yoast_head":"<!-- This site is optimized with the Yoast SEO Premium plugin v25.0 (Yoast SEO v26.5) - https:\/\/yoast.com\/wordpress\/plugins\/seo\/ -->\n<title>Cervicitis: Causas, s\u00edntomas, signos, diagn\u00f3stico y tratamiento<\/title>\n<meta name=\"description\" content=\"La cervicitis es un s\u00edndrome cl\u00ednico caracterizado por la inflamaci\u00f3n del epitelio cervical. Manifestaciones cl\u00ednicas, diagn\u00f3stico y tratamiento.\" \/>\n<meta name=\"robots\" content=\"noindex, follow, max-snippet:-1, max-image-preview:large, max-video-preview:-1\" \/>\n<meta property=\"og:locale\" content=\"es_ES\" \/>\n<meta property=\"og:type\" content=\"article\" \/>\n<meta property=\"og:title\" content=\"Cervicitis: Etiolog\u00eda, sintomatolog\u00eda, diagn\u00f3stico, tratamiento\" \/>\n<meta property=\"og:description\" content=\"La cervicitis es un s\u00edndrome cl\u00ednico caracterizado por la inflamaci\u00f3n del epitelio cervical. Manifestaciones cl\u00ednicas, diagn\u00f3stico y tratamiento.\" \/>\n<meta property=\"og:url\" content=\"https:\/\/wiki.dev.voka.io\/es\/enfermedades\/ginecologia\/cervicitis\/\" \/>\n<meta property=\"og:site_name\" content=\"Voka Wiki\" \/>\n<meta property=\"article:publisher\" content=\"https:\/\/www.facebook.com\/VOKA3DAnatomyAndPathology\/\" \/>\n<meta property=\"article:modified_time\" content=\"2025-07-24T09:59:36+00:00\" \/>\n<meta property=\"og:image\" content=\"https:\/\/storage.googleapis.com\/dev_wiki_voka_io_303011\/articles\/en\/gynecology\/cervicitis\/diffuse-endocervicitis.webp\" \/>\n<meta name=\"twitter:card\" content=\"summary_large_image\" \/>\n<meta name=\"twitter:label1\" content=\"Tiempo de lectura\" \/>\n\t<meta name=\"twitter:data1\" content=\"7 minutos\" \/>\n<script type=\"application\/ld+json\" class=\"yoast-schema-graph\">{\"@context\":\"https:\/\/schema.org\",\"@graph\":[{\"@type\":\"Article\",\"@id\":\"https:\/\/wiki.dev.voka.io\/es\/enfermedades\/ginecologia\/cervicitis\/#article\",\"isPartOf\":{\"@id\":\"https:\/\/wiki.dev.voka.io\/es\/enfermedades\/ginecologia\/cervicitis\/\"},\"author\":{\"name\":\"Daria G.\",\"@id\":\"https:\/\/wiki.dev.voka.io\/es\/#\/schema\/person\/d04503ecdd61b2f6c240df6ab8b6f3d3\"},\"headline\":\"Cervicitis: Etiolog\u00eda, sintomatolog\u00eda, diagn\u00f3stico, tratamiento\",\"datePublished\":\"2025-07-23T12:16:43+00:00\",\"dateModified\":\"2025-07-24T09:59:36+00:00\",\"mainEntityOfPage\":{\"@id\":\"https:\/\/wiki.dev.voka.io\/es\/enfermedades\/ginecologia\/cervicitis\/\"},\"wordCount\":1508,\"publisher\":{\"@id\":\"https:\/\/wiki.dev.voka.io\/es\/#organization\"},\"image\":{\"@id\":\"https:\/\/wiki.dev.voka.io\/es\/enfermedades\/ginecologia\/cervicitis\/#primaryimage\"},\"thumbnailUrl\":\"https:\/\/storage.googleapis.com\/dev_wiki_voka_io_303011\/articles\/en\/gynecology\/cervicitis\/diffuse-endocervicitis.webp\",\"inLanguage\":\"es\"},{\"@type\":\"WebPage\",\"@id\":\"https:\/\/wiki.dev.voka.io\/es\/enfermedades\/ginecologia\/cervicitis\/\",\"url\":\"https:\/\/wiki.dev.voka.io\/es\/enfermedades\/ginecologia\/cervicitis\/\",\"name\":\"Cervicitis: Causas, s\u00edntomas, signos, diagn\u00f3stico y tratamiento\",\"isPartOf\":{\"@id\":\"https:\/\/wiki.dev.voka.io\/es\/#website\"},\"primaryImageOfPage\":{\"@id\":\"https:\/\/wiki.dev.voka.io\/es\/enfermedades\/ginecologia\/cervicitis\/#primaryimage\"},\"image\":{\"@id\":\"https:\/\/wiki.dev.voka.io\/es\/enfermedades\/ginecologia\/cervicitis\/#primaryimage\"},\"thumbnailUrl\":\"https:\/\/storage.googleapis.com\/dev_wiki_voka_io_303011\/articles\/en\/gynecology\/cervicitis\/diffuse-endocervicitis.webp\",\"datePublished\":\"2025-07-23T12:16:43+00:00\",\"dateModified\":\"2025-07-24T09:59:36+00:00\",\"description\":\"La cervicitis es un s\u00edndrome cl\u00ednico caracterizado por la inflamaci\u00f3n del epitelio cervical. Manifestaciones cl\u00ednicas, diagn\u00f3stico y tratamiento.\",\"breadcrumb\":{\"@id\":\"https:\/\/wiki.dev.voka.io\/es\/enfermedades\/ginecologia\/cervicitis\/#breadcrumb\"},\"inLanguage\":\"es\",\"potentialAction\":[{\"@type\":\"ReadAction\",\"target\":[\"https:\/\/wiki.dev.voka.io\/es\/enfermedades\/ginecologia\/cervicitis\/\"]}]},{\"@type\":\"ImageObject\",\"inLanguage\":\"es\",\"@id\":\"https:\/\/wiki.dev.voka.io\/es\/enfermedades\/ginecologia\/cervicitis\/#primaryimage\",\"url\":\"https:\/\/storage.googleapis.com\/dev_wiki_voka_io_303011\/articles\/en\/gynecology\/cervicitis\/diffuse-endocervicitis.webp\",\"contentUrl\":\"https:\/\/storage.googleapis.com\/dev_wiki_voka_io_303011\/articles\/en\/gynecology\/cervicitis\/diffuse-endocervicitis.webp\"},{\"@type\":\"BreadcrumbList\",\"@id\":\"https:\/\/wiki.dev.voka.io\/es\/enfermedades\/ginecologia\/cervicitis\/#breadcrumb\",\"itemListElement\":[{\"@type\":\"ListItem\",\"position\":1,\"name\":\"Home\",\"item\":\"https:\/\/wiki.dev.voka.io\/es\/\"},{\"@type\":\"ListItem\",\"position\":2,\"name\":\"Ginecolog\u00eda\",\"item\":\"https:\/\/wiki.dev.voka.io\/es\/enfermedades\/ginecologia\/\"},{\"@type\":\"ListItem\",\"position\":3,\"name\":\"Cervicitis: Etiolog\u00eda, sintomatolog\u00eda, diagn\u00f3stico, tratamiento\"}]},{\"@type\":\"WebSite\",\"@id\":\"https:\/\/wiki.dev.voka.io\/es\/#website\",\"url\":\"https:\/\/wiki.dev.voka.io\/es\/\",\"name\":\"Voka Wiki\",\"description\":\"\",\"publisher\":{\"@id\":\"https:\/\/wiki.dev.voka.io\/es\/#organization\"},\"alternateName\":\"Anatomy & Pathology Wiki by VOKA\",\"potentialAction\":[{\"@type\":\"SearchAction\",\"target\":{\"@type\":\"EntryPoint\",\"urlTemplate\":\"https:\/\/wiki.dev.voka.io\/es\/?s={search_term_string}\"},\"query-input\":{\"@type\":\"PropertyValueSpecification\",\"valueRequired\":true,\"valueName\":\"search_term_string\"}}],\"inLanguage\":\"es\"},{\"@type\":\"Organization\",\"@id\":\"https:\/\/wiki.dev.voka.io\/es\/#organization\",\"name\":\"Voka 3D Anatomy & Pathology\",\"alternateName\":\"VOKA\",\"url\":\"https:\/\/wiki.dev.voka.io\/es\/\",\"logo\":{\"@type\":\"ImageObject\",\"inLanguage\":\"es\",\"@id\":\"https:\/\/wiki.dev.voka.io\/es\/#\/schema\/logo\/image\/\",\"url\":\"https:\/\/wiki.dev.voka.io\/wp-content\/uploads\/2025\/02\/cropped-voka-logo-1.png\",\"contentUrl\":\"https:\/\/wiki.dev.voka.io\/wp-content\/uploads\/2025\/02\/cropped-voka-logo-1.png\",\"width\":70,\"height\":16,\"caption\":\"Voka 3D Anatomy & Pathology\"},\"image\":{\"@id\":\"https:\/\/wiki.dev.voka.io\/es\/#\/schema\/logo\/image\/\"},\"sameAs\":[\"https:\/\/www.facebook.com\/VOKA3DAnatomyAndPathology\/\",\"https:\/\/www.instagram.com\/voka.io\/\",\"https:\/\/www.linkedin.com\/company\/voka-io\/\",\"https:\/\/www.youtube.com\/channel\/UCqGGuOEpr62ScH8Pjk2q5zw\/videos\",\"https:\/\/www.pinterest.com\/VokaAnatomyPro\/\",\"https:\/\/www.threads.com\/@voka.io\"],\"description\":\"VOKA.io offers 3D medical animations and custom 3D modeling services. Our product, VOKA 3D Anatomy & Pathology, is a digital atlas with over 1,000 detailed 3D models of human anatomy and pathology, designed for medical education, training, and patient communication.\",\"email\":\"info@voka.io\",\"telephone\":\"+1 814 351 4442\",\"legalName\":\"Voka 3D Anatomy & Pathology\",\"foundingDate\":\"2017-02-12\",\"naics\":\"541512\",\"numberOfEmployees\":{\"@type\":\"QuantitativeValue\",\"minValue\":\"51\",\"maxValue\":\"200\"},\"publishingPrinciples\":\"https:\/\/wiki.voka.io\/es\/principios-de-publicacion\/\"},{\"@type\":\"Person\",\"@id\":\"https:\/\/wiki.dev.voka.io\/es\/#\/schema\/person\/d04503ecdd61b2f6c240df6ab8b6f3d3\",\"name\":\"Daria G.\",\"image\":{\"@type\":\"ImageObject\",\"inLanguage\":\"es\",\"@id\":\"https:\/\/wiki.dev.voka.io\/es\/#\/schema\/person\/image\/\",\"url\":\"https:\/\/secure.gravatar.com\/avatar\/1faab9091e9e12b98ab4611e0e933edce775a5bbe4d7e27819593886426e21f3?s=96&d=mm&r=g\",\"contentUrl\":\"https:\/\/secure.gravatar.com\/avatar\/1faab9091e9e12b98ab4611e0e933edce775a5bbe4d7e27819593886426e21f3?s=96&d=mm&r=g\",\"caption\":\"Daria G.\"}}]}<\/script>\n<!-- \/ Yoast SEO Premium plugin. -->","yoast_head_json":{"title":"Cervicitis: Causas, s\u00edntomas, signos, diagn\u00f3stico y tratamiento","description":"La cervicitis es un s\u00edndrome cl\u00ednico caracterizado por la inflamaci\u00f3n del epitelio cervical. Manifestaciones cl\u00ednicas, diagn\u00f3stico y tratamiento.","robots":{"index":"noindex","follow":"follow","max-snippet":"max-snippet:-1","max-image-preview":"max-image-preview:large","max-video-preview":"max-video-preview:-1"},"og_locale":"es_ES","og_type":"article","og_title":"Cervicitis: Etiolog\u00eda, sintomatolog\u00eda, diagn\u00f3stico, tratamiento","og_description":"La cervicitis es un s\u00edndrome cl\u00ednico caracterizado por la inflamaci\u00f3n del epitelio cervical. Manifestaciones cl\u00ednicas, diagn\u00f3stico y tratamiento.","og_url":"https:\/\/wiki.dev.voka.io\/es\/enfermedades\/ginecologia\/cervicitis\/","og_site_name":"Voka Wiki","article_publisher":"https:\/\/www.facebook.com\/VOKA3DAnatomyAndPathology\/","article_modified_time":"2025-07-24T09:59:36+00:00","og_image":[{"url":"https:\/\/storage.googleapis.com\/dev_wiki_voka_io_303011\/articles\/en\/gynecology\/cervicitis\/diffuse-endocervicitis.webp","type":"","width":"","height":""}],"twitter_card":"summary_large_image","twitter_misc":{"Tiempo de lectura":"7 minutos"},"schema":{"@context":"https:\/\/schema.org","@graph":[{"@type":"Article","@id":"https:\/\/wiki.dev.voka.io\/es\/enfermedades\/ginecologia\/cervicitis\/#article","isPartOf":{"@id":"https:\/\/wiki.dev.voka.io\/es\/enfermedades\/ginecologia\/cervicitis\/"},"author":{"name":"Daria G.","@id":"https:\/\/wiki.dev.voka.io\/es\/#\/schema\/person\/d04503ecdd61b2f6c240df6ab8b6f3d3"},"headline":"Cervicitis: Etiolog\u00eda, sintomatolog\u00eda, diagn\u00f3stico, tratamiento","datePublished":"2025-07-23T12:16:43+00:00","dateModified":"2025-07-24T09:59:36+00:00","mainEntityOfPage":{"@id":"https:\/\/wiki.dev.voka.io\/es\/enfermedades\/ginecologia\/cervicitis\/"},"wordCount":1508,"publisher":{"@id":"https:\/\/wiki.dev.voka.io\/es\/#organization"},"image":{"@id":"https:\/\/wiki.dev.voka.io\/es\/enfermedades\/ginecologia\/cervicitis\/#primaryimage"},"thumbnailUrl":"https:\/\/storage.googleapis.com\/dev_wiki_voka_io_303011\/articles\/en\/gynecology\/cervicitis\/diffuse-endocervicitis.webp","inLanguage":"es"},{"@type":"WebPage","@id":"https:\/\/wiki.dev.voka.io\/es\/enfermedades\/ginecologia\/cervicitis\/","url":"https:\/\/wiki.dev.voka.io\/es\/enfermedades\/ginecologia\/cervicitis\/","name":"Cervicitis: Causas, s\u00edntomas, signos, diagn\u00f3stico y tratamiento","isPartOf":{"@id":"https:\/\/wiki.dev.voka.io\/es\/#website"},"primaryImageOfPage":{"@id":"https:\/\/wiki.dev.voka.io\/es\/enfermedades\/ginecologia\/cervicitis\/#primaryimage"},"image":{"@id":"https:\/\/wiki.dev.voka.io\/es\/enfermedades\/ginecologia\/cervicitis\/#primaryimage"},"thumbnailUrl":"https:\/\/storage.googleapis.com\/dev_wiki_voka_io_303011\/articles\/en\/gynecology\/cervicitis\/diffuse-endocervicitis.webp","datePublished":"2025-07-23T12:16:43+00:00","dateModified":"2025-07-24T09:59:36+00:00","description":"La cervicitis es un s\u00edndrome cl\u00ednico caracterizado por la inflamaci\u00f3n del epitelio cervical. Manifestaciones cl\u00ednicas, diagn\u00f3stico y tratamiento.","breadcrumb":{"@id":"https:\/\/wiki.dev.voka.io\/es\/enfermedades\/ginecologia\/cervicitis\/#breadcrumb"},"inLanguage":"es","potentialAction":[{"@type":"ReadAction","target":["https:\/\/wiki.dev.voka.io\/es\/enfermedades\/ginecologia\/cervicitis\/"]}]},{"@type":"ImageObject","inLanguage":"es","@id":"https:\/\/wiki.dev.voka.io\/es\/enfermedades\/ginecologia\/cervicitis\/#primaryimage","url":"https:\/\/storage.googleapis.com\/dev_wiki_voka_io_303011\/articles\/en\/gynecology\/cervicitis\/diffuse-endocervicitis.webp","contentUrl":"https:\/\/storage.googleapis.com\/dev_wiki_voka_io_303011\/articles\/en\/gynecology\/cervicitis\/diffuse-endocervicitis.webp"},{"@type":"BreadcrumbList","@id":"https:\/\/wiki.dev.voka.io\/es\/enfermedades\/ginecologia\/cervicitis\/#breadcrumb","itemListElement":[{"@type":"ListItem","position":1,"name":"Home","item":"https:\/\/wiki.dev.voka.io\/es\/"},{"@type":"ListItem","position":2,"name":"Ginecolog\u00eda","item":"https:\/\/wiki.dev.voka.io\/es\/enfermedades\/ginecologia\/"},{"@type":"ListItem","position":3,"name":"Cervicitis: Etiolog\u00eda, sintomatolog\u00eda, diagn\u00f3stico, tratamiento"}]},{"@type":"WebSite","@id":"https:\/\/wiki.dev.voka.io\/es\/#website","url":"https:\/\/wiki.dev.voka.io\/es\/","name":"Voka Wiki","description":"","publisher":{"@id":"https:\/\/wiki.dev.voka.io\/es\/#organization"},"alternateName":"Anatomy & Pathology Wiki by VOKA","potentialAction":[{"@type":"SearchAction","target":{"@type":"EntryPoint","urlTemplate":"https:\/\/wiki.dev.voka.io\/es\/?s={search_term_string}"},"query-input":{"@type":"PropertyValueSpecification","valueRequired":true,"valueName":"search_term_string"}}],"inLanguage":"es"},{"@type":"Organization","@id":"https:\/\/wiki.dev.voka.io\/es\/#organization","name":"Voka 3D Anatomy & Pathology","alternateName":"VOKA","url":"https:\/\/wiki.dev.voka.io\/es\/","logo":{"@type":"ImageObject","inLanguage":"es","@id":"https:\/\/wiki.dev.voka.io\/es\/#\/schema\/logo\/image\/","url":"https:\/\/wiki.dev.voka.io\/wp-content\/uploads\/2025\/02\/cropped-voka-logo-1.png","contentUrl":"https:\/\/wiki.dev.voka.io\/wp-content\/uploads\/2025\/02\/cropped-voka-logo-1.png","width":70,"height":16,"caption":"Voka 3D Anatomy & Pathology"},"image":{"@id":"https:\/\/wiki.dev.voka.io\/es\/#\/schema\/logo\/image\/"},"sameAs":["https:\/\/www.facebook.com\/VOKA3DAnatomyAndPathology\/","https:\/\/www.instagram.com\/voka.io\/","https:\/\/www.linkedin.com\/company\/voka-io\/","https:\/\/www.youtube.com\/channel\/UCqGGuOEpr62ScH8Pjk2q5zw\/videos","https:\/\/www.pinterest.com\/VokaAnatomyPro\/","https:\/\/www.threads.com\/@voka.io"],"description":"VOKA.io offers 3D medical animations and custom 3D modeling services. Our product, VOKA 3D Anatomy & Pathology, is a digital atlas with over 1,000 detailed 3D models of human anatomy and pathology, designed for medical education, training, and patient communication.","email":"info@voka.io","telephone":"+1 814 351 4442","legalName":"Voka 3D Anatomy & Pathology","foundingDate":"2017-02-12","naics":"541512","numberOfEmployees":{"@type":"QuantitativeValue","minValue":"51","maxValue":"200"},"publishingPrinciples":"https:\/\/wiki.voka.io\/es\/principios-de-publicacion\/"},{"@type":"Person","@id":"https:\/\/wiki.dev.voka.io\/es\/#\/schema\/person\/d04503ecdd61b2f6c240df6ab8b6f3d3","name":"Daria G.","image":{"@type":"ImageObject","inLanguage":"es","@id":"https:\/\/wiki.dev.voka.io\/es\/#\/schema\/person\/image\/","url":"https:\/\/secure.gravatar.com\/avatar\/1faab9091e9e12b98ab4611e0e933edce775a5bbe4d7e27819593886426e21f3?s=96&d=mm&r=g","contentUrl":"https:\/\/secure.gravatar.com\/avatar\/1faab9091e9e12b98ab4611e0e933edce775a5bbe4d7e27819593886426e21f3?s=96&d=mm&r=g","caption":"Daria G."}}]}},"_links":{"self":[{"href":"https:\/\/wiki.dev.voka.io\/es\/wp-json\/wp\/v2\/diseases_post\/956","targetHints":{"allow":["GET"]}}],"collection":[{"href":"https:\/\/wiki.dev.voka.io\/es\/wp-json\/wp\/v2\/diseases_post"}],"about":[{"href":"https:\/\/wiki.dev.voka.io\/es\/wp-json\/wp\/v2\/types\/diseases_post"}],"author":[{"embeddable":true,"href":"https:\/\/wiki.dev.voka.io\/es\/wp-json\/wp\/v2\/users\/5"}],"wp:attachment":[{"href":"https:\/\/wiki.dev.voka.io\/es\/wp-json\/wp\/v2\/media?parent=956"}],"wp:term":[{"taxonomy":"diseases_category","embeddable":true,"href":"https:\/\/wiki.dev.voka.io\/es\/wp-json\/wp\/v2\/diseases_category?post=956"}],"curies":[{"name":"wp","href":"https:\/\/api.w.org\/{rel}","templated":true}]}}