{"id":791,"date":"2025-06-04T11:40:19","date_gmt":"2025-06-04T08:40:19","guid":{"rendered":"https:\/\/wiki.dev.voka.io\/diseases\/uncategorized\/acute-inflammatory-diseases-of-pharynx\/"},"modified":"2025-11-26T17:21:46","modified_gmt":"2025-11-26T14:21:46","slug":"enfermedades-agudas-faringe","status":"publish","type":"diseases_post","link":"https:\/\/wiki.dev.voka.io\/es\/enfermedades\/otorrinolaringologia\/enfermedades-agudas-faringe\/","title":{"rendered":"Enfermedades inflamatorias agudas de la faringe: \u0421lasificaci\u00f3n, manifestaciones cl\u00ednicas, tratamiento."},"content":{"rendered":"<p><?xml encoding=\"UTF-8\" ?><\/p>\n<p><strong>Enfermedades inflamatorias agudas de la faringe<\/strong> \u2013 una condici\u00f3n patol\u00f3gica causada por la activaci\u00f3n de la microflora pat\u00f3gena en la superficie de la mucosa far\u00edngea y manifestada por s\u00edntomas locales y generales.<\/p>\n<p>Entre ellas est\u00e1n:<\/p>\n<ul class=\"wp-block-list\">\n<li>La <strong>amigdalitis aguda<\/strong> (dolor de garganta) es la inflamaci\u00f3n de las am\u00edgdalas;<\/li>\n<li><strong>Faringitis aguda<\/strong>: inflamaci\u00f3n de la mucosa de la faringe. <\/li>\n<\/ul>\n<h2 class=\"wp-block-heading\" id=\"clasificacion-de-las-enfermedades-inflamatorias-agudas-de-la-faringe\"><strong>Clasificaci\u00f3n de las enfermedades inflamatorias agudas de la faringe<\/strong><\/h2>\n<ol class=\"wp-block-list\">\n<li><strong>Amigdalitis aguda (inespec\u00edfica)<\/strong>:<\/li>\n<\/ol>\n<ul class=\"wp-block-list\">\n<li>Forma catarral;<\/li>\n<li>Forma lacunar;<\/li>\n<li>Forma folicular.<\/li>\n<\/ul>\n<ol start=\"2\" class=\"wp-block-list\">\n<li><strong>Amigdalitis aguda en enfermedades de la sangre<\/strong>:<\/li>\n<\/ol>\n<ul class=\"wp-block-list\">\n<li>Con leucemia;<\/li>\n<li>Agranulocitosis.<\/li>\n<\/ul>\n<ol start=\"3\" class=\"wp-block-list\">\n<li><strong>Faringitis catarral aguda <\/strong><\/li>\n<\/ol>\n<figure class=\"wp-block-video\" id=\"animacion-3d-amigdalitis-aguda-forma-lacunar\"><video controls><source data-src=\"https:\/\/storage.googleapis.com\/dev_wiki_voka_io_303011\/articles\/en\/otorhinolaryngology\/acute-inflammatory-diseases-of-pharynx\/acute-lacunar-tonsillitis.webm\" type=\"video\/webm\"><\/source><\/video><figcaption class=\"wp-element-caption\">Animaci\u00f3n 3D \u2013 Amigdalitis aguda (forma lacunar)<\/figcaption><\/figure>\n<h2 class=\"wp-block-heading\" id=\"amigdalitis-aguda-dolor-de-garganta\"><strong>Amigdalitis aguda (dolor de garganta)<\/strong><\/h2>\n<h3 class=\"wp-block-heading\" id=\"etiologia-de-la-amigdalitis-aguda\"><strong>Etiolog\u00eda de la amigdalitis aguda<\/strong><\/h3>\n<p>En la mayor\u00eda de los casos, la <strong>amigdalitis aguda<\/strong> (dolor de garganta) est\u00e1 causada por bacterias pat\u00f3genas, en particular por un 80% de estreptococos beta-hemol\u00edticos del grupo A (BHSA). Adem\u00e1s, la fuente de infecci\u00f3n pueden ser estreptococos, estafilococos, neumococos, enterococos, Haemophilus bacillus, un gran n\u00famero de virus, especialmente adenovirus, herpesvirus. Si la inmunidad local est\u00e1 debilitada, la microflora oportunista que vive en la cavidad oral <em>(Streptococcus viridans, Leptothrix<\/em>, fusobacterias, hongos) tambi\u00e9n puede causar inflamaci\u00f3n.   <\/p>\n<h3 class=\"wp-block-heading\" id=\"anatomia-de-la-amigdalitis-aguda\"><strong>Anatom\u00eda de la amigdalitis aguda<\/strong><\/h3>\n<p>En la inflamaci\u00f3n aguda de las am\u00edgdalas palatinas se determina por su hinchaz\u00f3n e hiperemia, del mismo modo cambian las estructuras cercanas (\u00favula, paladar blando, pared posterior de la faringe), la lengua se cubre de placa blanca, estos signos son caracter\u00edsticos de la <strong>amigdalitis catarral<\/strong>. <\/p>\n<p><strong>En la forma folicular<\/strong>, adem\u00e1s de la imagen anterior, en los fol\u00edculos aparecen peque\u00f1os puntos de color blanco-amarillo. <\/p>\n<p>En la <strong>amigdalitis lacunar<\/strong> en am\u00edgdalas hiper\u00e9micas e inflamadas hay grandes focos de placa procedentes de las lagunas, que en algunos casos pueden fusionarse. Las placas son microabscesos del par\u00e9nquima amigdalino.  <\/p>\n<figure class=\"wp-block-image size-large\"><img decoding=\"async\" src=\"https:\/\/storage.googleapis.com\/dev_wiki_voka_io_303011\/articles\/ru\/otorinolaringologiya\/ostrye-vospalitelnye-zabolevaniya-glotki\/3d-model-ostrogo-tonzillita.webp\" alt=\"Amigdalitis aguda (forma lacunar)\"><figcaption class=\"wp-element-caption\">Amigdalitis aguda (forma lacunar) \u2013 <a href=\"https:\/\/catalog.voka.io\/en\/models\/8861ee9e-a330-4451-856d-1de6ead27805\/e6a22475-8d0b-4752-b82e-b5651f44b882\/acdb40cb-ff83-4668-bcbd-8318068ee910\/72770056-11fa-46c1-8be4-41ee30b1576b\" target=\"_blank\" rel=\"noreferrer noopener nofollow\">Modelo 3D<\/a><\/figcaption><\/figure>\n<h3 class=\"wp-block-heading\" id=\"cuadro-clinico-de-la-amigdalitis-aguda\"><strong>Cuadro cl\u00ednico de la amigdalitis aguda<\/strong><\/h3>\n<p>La <strong>amigdalitis aguda <\/strong>se caracteriza por un inicio agudo y repentino. Los pacientes notan un dolor pronunciado en la garganta, que aumenta al tragar y puede irradiarse al o\u00eddo o al cuello. Debido a la hinchaz\u00f3n y dolor de las am\u00edgdalas palatinas, hay dificultad para abrir la boca, nasalidad, mal aliento. La placa de las am\u00edgdalas se elimina f\u00e1cilmente con una esp\u00e1tula, la superficie no sangra. Aparecen s\u00edntomas generales: fiebre hasta valores febriles (38-40\u00b0C), escalofr\u00edos, dolor de cabeza, los ganglios linf\u00e1ticos regionales est\u00e1n agrandados y agudamente doloridos. La enfermedad dura de 5 a 7 d\u00edas.      <\/p>\n<p><strong>Son caracter\u00edsticas las complicaciones frecuentes<\/strong>, entre las locales: paratonsilitis, <span class=\"glossary-term\" data-title=\"Absceso\" data-tooltip=\"Un absceso es una acumulaci\u00f3n de pus localizada y encapsulada, resultante de una inflamaci\u00f3n purulenta de los tejidos. Su caracter\u00edstica distintiva es la presencia de una membrana pi\u00f3gena, que a\u00edsla el foco de los tejidos sanos e impide la diseminaci\u00f3n de la infecci\u00f3n.\" data-link=\"https:\/\/wiki.dev.voka.io\/es\/glosario\/absceso\/\">absceso<\/span> <span class=\"glossary-term\" data-title=\"Absceso periamigdalino\" data-tooltip=\"El absceso periamigdalino (del lat. abscessus peritonsillaris) es una acumulaci\u00f3n de pus localizada que se forma en el tejido periamigdalino, entre la c\u00e1psula amigdalar y la pared lateral de la faringe. Esta afecci\u00f3n representa la infecci\u00f3n profunda de cuello m\u00e1s frecuente y, en la gran mayor\u00eda de los casos, se desarrolla como complicaci\u00f3n de una amigdalitis aguda o cr\u00f3nica.\" data-link=\"https:\/\/wiki.dev.voka.io\/es\/glosario\/absceso-periamigdalino\/\">paratonsilar<\/span>, linfadenitis cervical; entre las generales: reumatismo, glomerulonefritis, artritis, septicemia, endocarditis. <\/p>\n<h3 class=\"wp-block-heading\" id=\"diagnostico-de-la-amigdalitis-aguda\"><strong>Diagn\u00f3stico de la amigdalitis aguda<\/strong><\/h3>\n<p>El diagn\u00f3stico se establece sobre la base del cuadro cl\u00ednico caracter\u00edstico, los resultados de la faringoscopia. Se realiza la determinaci\u00f3n de leucocitos y prote\u00edna C reactiva, factor reumatoide en sangre, an\u00e1lisis de orina, examen bacteriol\u00f3gico de la secreci\u00f3n o prueba de estreptococos (para el diagn\u00f3stico de BHSA). <\/p>\n<p>Si no es posible realizar un examen bacteriol\u00f3gico o una prueba de estreptococos, se utiliza la <strong>escala de Centor-McAzek.<\/strong> Si la puntuaci\u00f3n total es igual o superior a 3, se sospecha un pat\u00f3geno bacteriano y se prescribe terapia antibi\u00f3tica. <\/p>\n<p>La <strong>escala Centor-McAzek<\/strong>:<\/p>\n<figure class=\"wp-block-table table-to-cards\">\n<table class=\"has-fixed-layout\">\n<thead>\n<tr>\n<th class=\"has-text-align-center\" data-align=\"center\">Criterio<\/th>\n<th class=\"has-text-align-center\" data-align=\"center\">Puntuaciones<\/th>\n<\/tr>\n<\/thead>\n<tbody>\n<tr>\n<td class=\"has-text-align-center\" data-align=\"center\">Temperatura corporal superior a 38\u00b0C<\/td>\n<td class=\"has-text-align-center\" data-align=\"center\">1<\/td>\n<\/tr>\n<tr>\n<td class=\"has-text-align-center\" data-align=\"center\">Sin tos<\/td>\n<td class=\"has-text-align-center\" data-align=\"center\">1<\/td>\n<\/tr>\n<tr>\n<td class=\"has-text-align-center\" data-align=\"center\">UGM cervicales agrandadas y dolorosas<\/td>\n<td class=\"has-text-align-center\" data-align=\"center\">1<\/td>\n<\/tr>\n<tr>\n<td class=\"has-text-align-center\" data-align=\"center\">Hinchaz\u00f3n y placa en las am\u00edgdalas<\/td>\n<td class=\"has-text-align-center\" data-align=\"center\">1<\/td>\n<\/tr>\n<tr>\n<td class=\"has-text-align-center\" data-align=\"center\">Edad (3-14 a\u00f1os)<\/td>\n<td class=\"has-text-align-center\" data-align=\"center\">1<\/td>\n<\/tr>\n<tr>\n<td class=\"has-text-align-center\" data-align=\"center\">Edad (15-44 a\u00f1os)<\/td>\n<td class=\"has-text-align-center\" data-align=\"center\">0<\/td>\n<\/tr>\n<tr>\n<td class=\"has-text-align-center\" data-align=\"center\">Edad (\u226545 a\u00f1os)<\/td>\n<td class=\"has-text-align-center\" data-align=\"center\">-1<\/td>\n<\/tr>\n<\/tbody>\n<\/table>\n<\/figure>\n<h3 class=\"wp-block-heading\" id=\"tratamiento-de-la-amigdalitis-aguda\"><strong>Tratamiento de la amigdalitis aguda<\/strong><\/h3>\n<p>Para el tratamiento de la amigdalitis bacteriana aguda se utilizan f\u00e1rmacos antibacterianos de la serie de la penicilina durante 10 d\u00edas, en caso de alergia \u2013 cefalosporinas o macr\u00f3lidos. Adem\u00e1s de los antibi\u00f3ticos, se prescriben antiinflamatorios no esteroideos. Para una r\u00e1pida recuperaci\u00f3n, se prescribe una dieta moderada rica en calor\u00edas, y tambi\u00e9n se recomienda reposo en cama.   <\/p>\n<h2 class=\"wp-block-heading\" id=\"amigdalitis-aguda-en-enfermedades-de-la-sangre\"><strong>Amigdalitis aguda en enfermedades de la sangre <\/strong><\/h2>\n<h3 class=\"wp-block-heading\" id=\"en-la-leucemia\"><strong>En la leucemia.<\/strong><\/h3>\n<h4 class=\"wp-block-heading\" id=\"h-\u044d\u0442\u0438\u043e\u043b\u043e\u0433\u0438\u044f\"><strong>Etiolog\u00eda<\/strong><\/h4>\n<p>La <strong>leucemia<\/strong> es una <strong>enfermedad maligna de la sangre<\/strong> en la que se forman c\u00e9lulas sangu\u00edneas inmaduras o at\u00edpicas. La amigdalitis en la leucemia no es una enfermedad independiente, sino s\u00f3lo un s\u00edntoma, a partir del cual, por regla general, se manifiesta esta patolog\u00eda sangu\u00ednea. Se observa m\u00e1s a menudo en la leucemia aguda (en personas de edad joven), pero tambi\u00e9n se da en formas cr\u00f3nicas de leucemia (en ancianos).   <\/p>\n<p>En la leucemia, la formaci\u00f3n de c\u00e9lulas del sistema inmunitario en la m\u00e9dula \u00f3sea est\u00e1 alterada, y se liberan c\u00e9lulas inmaduras e indiferenciadas -blastos- en la sangre. Estas formas no son capaces de repeler totalmente la infecci\u00f3n. Para el desarrollo de un proceso infeccioso en la orofaringe, basta una peque\u00f1a violaci\u00f3n de la integridad de la mucosa, a trav\u00e9s de la cual entra la microflora pat\u00f3gena.   <\/p>\n<h4 class=\"wp-block-heading\" id=\"h-\u0430\u043d\u0430\u0442\u043e\u043c\u0438\u044f\"><strong>Anatom\u00eda<\/strong><\/h4>\n<p>Debido a una fuerte disminuci\u00f3n de la inmunidad local y general, se desarrollan procesos patol\u00f3gicos en las am\u00edgdalas. La microflora pat\u00f3gena empieza a propagarse sin control por la orofaringe, provocando la inflamaci\u00f3n de las am\u00edgdalas. La amigdalitis pasa r\u00e1pidamente por todos los estadios (catarral, lacunar, folicular) y finalmente se producen <strong>cambios necr\u00f3ticos<\/strong> en las am\u00edgdalas. La mucosa orofar\u00edngea est\u00e1 infiltrada, las am\u00edgdalas palatinas hipertrofiadas, cubiertas de placa fibrinosa dif\u00edcil de separar. La <span class=\"glossary-term\" data-title=\"Necrosis\" data-tooltip=\"Necrosis (del gr. \u03bd\u03b5\u03ba\u03c1\u03cc\u03c2 \u00abmuerto\u00bb) es un proceso patol\u00f3gico de muerte irreversible de c\u00e9lulas y tejidos en un organismo vivo, causado por la acci\u00f3n de factores lesivos. La necrosis debe diferenciarse de la apoptosis: una muerte celular programada y fisiol\u00f3gica que ocurre sin desencadenar una reacci\u00f3n inflamatoria.\" data-link=\"https:\/\/wiki.dev.voka.io\/es\/glosario\/necrosis\/\">necrosis<\/span> posterior puede extenderse a la mucosa de las enc\u00edas, el paladar blando.    <\/p>\n<h4 class=\"wp-block-heading\" id=\"h-\u043a\u043b\u0438\u043d\u0438\u0447\u0435\u0441\u043a\u0430\u044f-\u043a\u0430\u0440\u0442\u0438\u043d\u0430\"><strong>Presentaci\u00f3n cl\u00ednica<\/strong><\/h4>\n<p>Los <strong>primeros signos<\/strong> de leucemia incluyen debilidad general, temperatura subfebril, dolores corporales. El s\u00edndrome hemorr\u00e1gico es caracter\u00edstico: hay una peque\u00f1a erupci\u00f3n hemorr\u00e1gica generalizada en la piel y las mucosas, epistaxis, hemorragias prolongadas por peque\u00f1as heridas, que pueden ser mortales. Los cambios locales en la orofaringe se desarrollan en 3-5 d\u00edas desde el inicio de la enfermedad. Hay un desarrollo secuencial de todas las fases de la amigdalitis, que termina con el desarrollo de <strong>un dolor de garganta ulceroso-necr\u00f3tico<\/strong>. Hay un dolor pronunciado en la garganta, que aumenta al tragar e irradia al o\u00eddo. En el fondo de los cambios patol\u00f3gicos en las am\u00edgdalas, son caracter\u00edsticos la fiebre piretica (aumento de la temperatura corporal hasta 39-40\u00b0C), sudoraci\u00f3n, escalofr\u00edos. Los ganglios linf\u00e1ticos regionales est\u00e1n agrandados, pero a veces se observa <strong>linfadenopat\u00eda<\/strong> generalizada, el h\u00edgado y el bazo tambi\u00e9n est\u00e1n agrandados. Cuando se desarrolla la forma necr\u00f3tica, hay un olor p\u00fatrido en la boca, el estado general se deteriora r\u00e1pidamente, el curso se vuelve maligno. Con la progresi\u00f3n del proceso puede desarrollarse sepsis y fallo multiorg\u00e1nico con desenlace letal.         <\/p>\n<h4 class=\"wp-block-heading\" id=\"h-\u0434\u0438\u0430\u0433\u043d\u043e\u0441\u0442\u0438\u043a\u0430\"><strong>Diagn\u00f3stico<\/strong><\/h4>\n<p>Inicialmente, se realiza una exploraci\u00f3n general y una otorrinofaringoscopia. Sin embargo, es dif\u00edcil sospechar cl\u00ednicamente una leucemia. Es obligatorio realizar un an\u00e1lisis general de sangre, que revela una disminuci\u00f3n de todos los elementos formativos, adem\u00e1s de los leucocitos, que aumentan varias veces debido a las c\u00e9lulas inmaduras (blastos). En algunos casos, en la forma leucop\u00e9nica, hay una disminuci\u00f3n pronunciada de los leucocitos. Para un diagn\u00f3stico definitivo, se realiza una <strong>punci\u00f3n de m\u00e9dula \u00f3sea<\/strong>. La leucemia se caracteriza por la supresi\u00f3n de todos los brotes de hematopoyesis y la presencia de un gran n\u00famero de blastos. Se recomienda consultar a un oncohemat\u00f3logo.       <\/p>\n<h4 class=\"wp-block-heading\" id=\"h-\u043b\u0435\u0447\u0435\u043d\u0438\u0435\"><strong>Tratamiento<\/strong><\/h4>\n<p>Inicialmente, se administra una terapia antibi\u00f3tica de amplio espectro para prevenir una evoluci\u00f3n grave de la leucemia. Los m\u00e9dicos de perfil oncohematol\u00f3gico llevan a cabo una terapia espec\u00edfica, que incluye <strong>quimioterapia y radioterapia, trasplante de m\u00e9dula \u00f3<\/strong>sea. Se prescribe<strong> hemotransfusi\u00f3n<\/strong> para compensar la deficiencia de elementos que forman la sangre.   <\/p>\n<h3 class=\"wp-block-heading\" id=\"en-la-agranulocitosis\"><strong>En la agranulocitosis<\/strong><\/h3>\n<h4 class=\"wp-block-heading\" id=\"h-\u044d\u0442\u0438\u043e\u043b\u043e\u0433\u0438\u044f-0\"><strong>Etiolog\u00eda<\/strong><\/h4>\n<p>La agranulocitosis no es un diagn\u00f3stico independiente, sino un<strong> s\u00edndrome cl\u00ednico y hematol\u00f3gico<\/strong>. En esta patolog\u00eda, el n\u00famero de granulocitos neutr\u00f3filos (< 0,5*109\/l) se reduce bruscamente, hasta su ausencia total. Se da con m\u00e1s frecuencia en mujeres mayores de 40 a\u00f1os. En funci\u00f3n de los factores causantes se distinguen la agranulocitosis mielot\u00f3xica, inmunitaria y autoinmunitaria:   <\/p>\n<ul class=\"wp-block-list\">\n<li><strong>En la forma mielot\u00f3xica<\/strong> (enfermedad por radiaci\u00f3n aguda), el proceso se desarrolla cuando el organismo se expone a radiaciones ionizantes, f\u00e1rmacos citost\u00e1ticos o algunos medicamentos (levomicetina, estreptomicina, gentamicina, penicilina). <\/li>\n<li><strong>La agranulocitosis inmunitaria<\/strong> tambi\u00e9n se produce por la interacci\u00f3n del organismo con f\u00e1rmacos (sulfonamidas, AINE, f\u00e1rmacos para el tratamiento de la diabetes mellitus, tuberculosis) o en algunas enfermedades infecciosas (gripe, <span class=\"glossary-term\" data-title=\"Mononucleosis infecciosa\" data-tooltip=\"La mononucleosis infecciosa es una enfermedad v\u00edrica aguda causada principalmente por el virus de Epstein-Barr (VEB). Se caracteriza por fiebre, lesiones orofar\u00edngeas (dolor de garganta), agrandamiento de los ganglios linf\u00e1ticos, el h\u00edgado, el bazo y la aparici\u00f3n de c\u00e9lulas espec\u00edficas en la sangre: c\u00e9lulas mononucleares at\u00edpicas.\" data-link=\"https:\/\/wiki.dev.voka.io\/es\/glosario\/mononucleosis-infecciosa\/\">mononucleosis infecciosa<\/span>, poliomielitis, hepatitis v\u00edrica). <\/li>\n<li>Diversas enfermedades <strong>autoinmunes (artritis reumatoide, lupus eritematoso sist\u00e9mico, tiroiditis autoinmune) contribuyen al desarrollo de la agranulocitosis<\/strong> autoinmune.<\/li>\n<\/ul>\n<p>En el contexto de cualquiera de las formas anteriores de la enfermedad, <strong>se producen procesos infecciosos<\/strong> en lugares de traumatismo o contacto con un gran n\u00famero de microorganismos pat\u00f3genos, incluido el desarrollo de <strong>amigdalitis aguda<\/strong>. Las lesiones de las am\u00edgdalas en la agranulocitosis son un s\u00edntoma caracter\u00edstico.  <\/p>\n<h4 class=\"wp-block-heading\" id=\"h-\u0430\u043d\u0430\u0442\u043e\u043c\u0438\u044f-0\"><strong>Anatom\u00eda<\/strong><\/h4>\n<p><strong>La forma mielot\u00f3xica<\/strong> de la agranulocitosis se produce por la supresi\u00f3n de la producci\u00f3n de c\u00e9lulas progenitoras de la mielopoyesis en la m\u00e9dula \u00f3sea, con disminuci\u00f3n de los niveles de linfocitos, reticulocitos y plaquetas. <\/p>\n<p><strong>La agranulocitosis inmunitaria<\/strong> se caracteriza por la formaci\u00f3n de anticuerpos (un complejo formado por f\u00e1rmacos y prote\u00ednas sangu\u00edneas) dirigidos contra los gl\u00f3bulos blancos. <\/p>\n<p><strong>La agranulocitosis autoinmune<\/strong> desencadena la producci\u00f3n independiente de anticuerpos antineutr\u00f3filos que provocan su muerte. <\/p>\n<p>Con una disminuci\u00f3n de los gl\u00f3bulos blancos, la penetraci\u00f3n de cualquier microorganismo a trav\u00e9s de la mucosa da\u00f1ada de las am\u00edgdalas provoca un proceso patol\u00f3gico que conduce al desarrollo de una amigdalitis aguda. En las formas leves, el proceso se limita a un <strong>dolor de garganta catarral<\/strong>, que se caracteriza por infiltraci\u00f3n e hiperemia en las am\u00edgdalas palatinas. Sin embargo, con un curso grave se desarrolla un dolor de garganta <strong>ulceroso-necr\u00f3tico<\/strong>, que afecta a la mucosa y a las estructuras subyacentes, extendi\u00e9ndose hasta el tejido \u00f3seo. Tras el rechazo de las masas necr\u00f3ticas, quedan \u00falceras profundas. Microsc\u00f3picamente, no hay neutr\u00f3filos en los focos de necrosis.    <\/p>\n<h4 class=\"wp-block-heading\" id=\"h-\u043a\u043b\u0438\u043d\u0438\u0447\u0435\u0441\u043a\u0430\u044f-\u043a\u0430\u0440\u0442\u0438\u043d\u0430-0\"><strong>Presentaci\u00f3n cl\u00ednica<\/strong><\/h4>\n<p>La enfermedad comienza con fiebre piretica (aumento de la temperatura corporal hasta 40\u00b0C), escalofr\u00edos, sudoraci\u00f3n y dolores corporales. <\/p>\n<p>Simult\u00e1neamente con los cambios generales, se producen <strong>procesos patol\u00f3gicos<\/strong> en la orofaringe. Son caracter\u00edsticos un dolor pronunciado en la garganta con dificultad para tragar, salivaci\u00f3n profusa y mal aliento, los pacientes se niegan a comer. Los ganglios linf\u00e1ticos regionales, el h\u00edgado y el bazo est\u00e1n agrandados. La fiebre alta persiste durante mucho tiempo, y m\u00e1s tarde aparecen artralgias.   <\/p>\n<p><strong>En la agranulocitosis mielot\u00f3xica se caracteriza por la presencia de un s\u00edndrome hemorr\u00e1gico, que se manifiesta por sangrado de las enc\u00edas, hemorragias nasales, formaci\u00f3n de hematomas y hematomas<\/strong>, hematuria. <\/p>\n<p>Las complicaciones m\u00e1s frecuentes pueden incluir perforaci\u00f3n del paladar blando, septicemia, mediastinitis con desenlace mortal.<\/p>\n<h4 class=\"wp-block-heading\" id=\"h-\u0434\u0438\u0430\u0433\u043d\u043e\u0441\u0442\u0438\u043a\u0430-0\"><strong>Diagn\u00f3stico<\/strong><\/h4>\n<p>Es necesario recoger cuidadosamente una anamnesis, aclarar qu\u00e9 f\u00e1rmacos toma el paciente, la presencia de enfermedades concomitantes. <\/p>\n<p>Se realiza una exploraci\u00f3n general y una faringoscopia. Es obligatorio realizar un an\u00e1lisis general de sangre, en el que se detecta leucopenia por disminuci\u00f3n de los granulocitos neutr\u00f3filos (recuento total de leucocitos inferior a 1,0\u00d7109\/L, neutropenia inferior a 0,5\u00d7109\/L, linfocitosis relativa y monocitosis). <strong>En la agranulocitosis mielot\u00f3xica<\/strong>, se reduce el n\u00famero de eritrocitos y plaquetas. Entonces se realiza un estudio de la m\u00e9dula \u00f3sea, en el que se observa una violaci\u00f3n de la leucopoyesis. Si se sospecha una agranulocitosis autoinmune, se realiza un an\u00e1lisis de sangre para detectar anticuerpos antineutr\u00f3filos. En todos los casos, es necesario <strong>consultar a un hemat\u00f3logo<\/strong>.     <\/p>\n<h4 class=\"wp-block-heading\" id=\"h-\u043b\u0435\u0447\u0435\u043d\u0438\u0435-0\"><strong>Tratamiento<\/strong><\/h4>\n<p>Inicialmente, deben <strong>suspenderse todos los f\u00e1rmacos<\/strong> que puedan haber provocado el desarrollo de agranulocitosis. Los pacientes son tratados en el servicio de hematolog\u00eda, donde se realizan hemotransfusiones, se prescriben f\u00e1rmacos estimulantes de la leucopoyesis y terapia antibacteriana y antif\u00fangica.  <\/p>\n<p>Es necesario realizar regularmente el saneamiento de la orofaringe con eliminaci\u00f3n de masas necr\u00f3ticas, tratamiento con soluciones antis\u00e9pticas. En la naturaleza inmunitaria de la enfermedad se administran glucocorticoides en dosis altas, en presencia de un gran n\u00famero de complejos inmunitarios circulantes est\u00e1 indicada la plasmaf\u00e9resis. Se prescribe una dieta hipocal\u00f3rica moderada y, si es necesario, el paso a la nutrici\u00f3n parenteral. Es necesario prevenir las complicaciones infecciosas. El<strong> pron\u00f3stico <\/strong>de esta enfermedad es <strong>grave<\/strong>.    <\/p>\n<h2 class=\"wp-block-heading\" id=\"faringitis-catarral-aguda\"><strong>Faringitis catarral aguda <\/strong><\/h2>\n<h3 class=\"wp-block-heading\" id=\"etiologia-de-la-faringitis-catarral-aguda\"><strong>Etiolog\u00eda de la faringitis catarral aguda<\/strong><\/h3>\n<p>Los cambios inflamatorios infecciosos de la faringe suelen estar causados por virus (alrededor del 70%) y, con menos frecuencia, por bacterias (30%). <\/p>\n<p><strong>Entre los virus se encuentran<\/strong>:<\/p>\n<ul class=\"wp-block-list\">\n<li>Adenovirus; <\/li>\n<li>Virus sincitial respiratorio (VSR);  <\/li>\n<li>Rinovirus;  <\/li>\n<li>Virus herpes;  <\/li>\n<li>Virus de la gripe y parainfluenza;  <\/li>\n<li>Virus Coxsackie, coronavirus.  <\/li>\n<\/ul>\n<p>Entre los pat\u00f3genos bacterianos, predominan <strong>los estreptococos b-hemol\u00edticos del grupo A<\/strong>, y con menor frecuencia los neumococos, micoplasmas, Haemophilus <strong>bacillus<\/strong> y Staphylococcus aureus.  <\/p>\n<p>Por separado, deben se\u00f1alarse los <strong>factores mec\u00e1nicos<\/strong> como causa de faringitis aguda, como traumatismos, quemaduras, irritaci\u00f3n por sustancias c\u00e1usticas, al\u00e9rgenos. <\/p>\n<h3 class=\"wp-block-heading\" id=\"anatomia-de-la-faringitis-catarral-aguda\"><strong>Anatom\u00eda de la faringitis catarral aguda<\/strong><\/h3>\n<p>Hay hiperemia v\u00edvida y edema de la pared far\u00edngea posterior, \u00favula, gl\u00e1ndulas palatinas. Los gr\u00e1nulos linfoides de la pared far\u00edngea posterior aumentan, adquiriendo el aspecto de tub\u00e9rculos amarillo lechosos en gran n\u00famero. En algunos casos, se observa una secreci\u00f3n mucosa escasa.   <\/p>\n<h3 class=\"wp-block-heading\" id=\"cuadro-clinico-de-la-faringitis-catarral-aguda\"><strong>Cuadro cl\u00ednico de la faringitis catarral aguda<\/strong><\/h3>\n<p>La faringitis aguda <strong>se caracteriza por el predominio de las molestias locales sobre la sintomatolog\u00eda general<\/strong>. A los pacientes les molesta la sequedad, la sequedad, la persistencia en la garganta, que puede provocar una tos dolorosa. Hay un pronunciado dolor lacerante en la garganta, sensaci\u00f3n de cuerpo extra\u00f1o. El estado general cambia poco, la temperatura corporal puede subir a 37-37,5\u00b0C durante 2-3 d\u00edas, pueden aparecer dolores corporales y debilidad. Los ganglios linf\u00e1ticos regionales pueden agrandarse, volvi\u00e9ndose moderadamente dolorosos. Una caracter\u00edstica distintiva de las infecciones bacterianas es la persistencia prolongada de la fiebre hasta 5-7 d\u00edas.      <\/p>\n<h3 class=\"wp-block-heading\" id=\"diagnostico-de-la-faringitis-catarral-aguda\"><strong>Diagn\u00f3stico de la faringitis catarral aguda<\/strong><\/h3>\n<p>Cuando el paciente acude al m\u00e9dico, se realiza un examen general, se practica una faringoscopia. Para aclarar la naturaleza de la inflamaci\u00f3n, se prescribe un an\u00e1lisis general de sangre, la microscopia de un frotis de la superficie de la pared far\u00edngea posterior para determinar el agente causal en caso de sospecha de infecci\u00f3n bacteriana (especialmente estreptococos).  <\/p>\n<div class=\"social-banner-block\">\n<div class=\"social-banner-content\">\n<p class=\"h5-title text-black\">Encuentra m\u00e1s contenido cient\u00edficamente preciso en nuestras redes sociales<\/p>\n<p><span class=\"social-banner-text text-grey\">Suscr\u00edbete y no te pierdas los \u00faltimos recursos<\/span><\/p>\n<div class=\"social-links-wrapper\"><a class=\"social-icon-link\" href=\"https:\/\/www.facebook.com\/VOKA3DAnatomyAndPathology\/\" target=\"_blank\" rel=\"nofollow noopener\"><img decoding=\"async\" src=\"https:\/\/storage.googleapis.com\/dev_wiki_voka_io_303011\/common\/Social%20Icons\/facebook.svg\" alt=\"social link\"><\/a><a class=\"social-icon-link\" href=\"https:\/\/www.instagram.com\/voka.io\/\" target=\"_blank\" rel=\"nofollow noopener\"><img decoding=\"async\" src=\"https:\/\/storage.googleapis.com\/dev_wiki_voka_io_303011\/common\/Social%20Icons\/insta.svg\" alt=\"social link\"><\/a><a class=\"social-icon-link\" href=\"https:\/\/www.linkedin.com\/company\/voka-io\/posts\/?feedView=all\" target=\"_blank\" rel=\"nofollow noopener\"><img decoding=\"async\" src=\"https:\/\/storage.googleapis.com\/dev_wiki_voka_io_303011\/common\/Social%20Icons\/linkedin.svg\" alt=\"social link\"><\/a><a class=\"social-icon-link\" href=\"https:\/\/www.youtube.com\/@vokaio\" target=\"_blank\" rel=\"nofollow noopener\"><img decoding=\"async\" src=\"https:\/\/storage.googleapis.com\/dev_wiki_voka_io_303011\/common\/Social%20Icons\/youtube.svg\" alt=\"social link\"><\/a><a class=\"social-icon-link\" href=\"https:\/\/www.pinterest.com\/voka3danatomyandpathology\/\" target=\"_blank\" rel=\"nofollow noopener\"><img decoding=\"async\" src=\"https:\/\/storage.googleapis.com\/dev_wiki_voka_io_303011\/common\/Social%20Icons\/pinterest.svg\" alt=\"social link\"><\/a><a class=\"social-icon-link\" href=\"https:\/\/www.tiktok.com\/@voka.io\" target=\"_blank\" rel=\"nofollow noopener\"><img decoding=\"async\" src=\"https:\/\/storage.googleapis.com\/dev_wiki_voka_io_303011\/common\/Social%20Icons\/tiktok.svg\" alt=\"social link\"><\/a><a class=\"social-icon-link\" href=\"https:\/\/discord.gg\/7ejUpq8DRR\" target=\"_blank\" rel=\"nofollow noopener\"><img decoding=\"async\" src=\"https:\/\/storage.googleapis.com\/dev_wiki_voka_io_303011\/common\/Social%20Icons\/discord.svg\" alt=\"social link\"><\/a><\/div>\n<\/div>\n<p><img decoding=\"async\" class=\"social-banner-image\" loading=\"lazy\" src=\"https:\/\/storage.googleapis.com\/dev_wiki_voka_io_303011\/common\/social-media-banner-mobile-image.webp\" alt=\"Banner background\"><\/div>\n<h3 class=\"wp-block-heading\" id=\"tratamiento-de-la-faringitis-catarral-aguda\"><strong>Tratamiento de la faringitis catarral aguda<\/strong><\/h3>\n<p><strong>Con etiolog\u00eda v\u00edrica <\/strong>(m\u00e1s a menudo), s\u00f3lo se utiliza terapia sintom\u00e1tica. Se recomienda enjuagar la cavidad oral con soluciones antis\u00e9pticas, masticar pastillas con una composici\u00f3n combinada.  <\/p>\n<p>Si se sospecha una <strong>infecci\u00f3n bacteriana<\/strong>, se prescriben antibacterianos de amplio espectro por v\u00eda sist\u00e9mica. <\/p>\n<p>En ambos casos, est\u00e1 indicado el uso de <strong>antiinflamatorios.<\/strong> Los preparados absorbentes con lidoca\u00edna, mentol y aceites esenciales han demostrado ser buenos para aliviar los s\u00edntomas del dolor. Se recomienda hidratar el aire de la habitaci\u00f3n y beber mucho l\u00edquido. <\/p>\n<div>\n<h2 class=\"faq-title h2-article\" id=\"faq\">FAQ<\/h2>\n<div class=\"faq-section\">\n<div class=\"faq-item faq-answer-hidden\">\n<div class=\"question-block\">\n<div class=\"faq-question\">\n<p class=\" text-black h5-title\">1. \u00bfQu\u00e9 aspecto tiene el dolor de garganta y c\u00f3mo se manifiesta?<\/p>\n<\/div>\n<div class=\"faq-answer text-main-text-color main-text-medium\">La angina o amigdalitis aguda se manifiesta por un dolor agudo en la garganta, dificultad para tragar, enrojecimiento e hinchaz\u00f3n de las am\u00edgdalas y placa blanca. Suele ir acompa\u00f1ada de fiebre y malestar general. <\/div>\n<\/div>\n<div class=\"expand-button-wrapper\"><button class=\"text-accent expand-button\">+<\/button><\/div>\n<\/div>\n<div class=\"faq-item faq-answer-hidden\">\n<div class=\"question-block\">\n<div class=\"faq-question\">\n<p class=\" text-black h5-title\">2. \u00bfEs transmisible el dolor de garganta y c\u00f3mo se contrae?<\/p>\n<\/div>\n<div class=\"faq-answer text-main-text-color main-text-medium\">S\u00ed, la infecci\u00f3n se transmite por gotitas en el aire al toser, estornudar o estar en estrecho contacto con una persona enferma.<\/div>\n<\/div>\n<div class=\"expand-button-wrapper\"><button class=\"text-accent expand-button\">+<\/button><\/div>\n<\/div>\n<div class=\"faq-item faq-answer-hidden\">\n<div class=\"question-block\">\n<div class=\"faq-question\">\n<p class=\" text-black h5-title\">3 \u00bfQu\u00e9 causa el dolor de garganta?<\/p>\n<\/div>\n<div class=\"faq-answer text-main-text-color main-text-medium\">Est\u00e1 causada por una infecci\u00f3n, m\u00e1s com\u00fanmente por estreptococos betahemol\u00edticos del grupo A, as\u00ed como por otras bacterias y virus, especialmente cuando la inmunidad est\u00e1 reducida.<\/div>\n<\/div>\n<div class=\"expand-button-wrapper\"><button class=\"text-accent expand-button\">+<\/button><\/div>\n<\/div>\n<div class=\"faq-item faq-answer-hidden\">\n<div class=\"question-block\">\n<div class=\"faq-question\">\n<p class=\" text-black h5-title\">4. \u00bfEn qu\u00e9 se diferencia la amigdalitis del dolor de garganta y la faringitis?<\/p>\n<\/div>\n<div class=\"faq-answer text-main-text-color main-text-medium\">Amigdalitis \u2013 inflamaci\u00f3n de las am\u00edgdalas; dolor de garganta \u2013 su forma aguda con s\u00edntomas pronunciados. Faringitis \u2013 inflamaci\u00f3n de la mucosa far\u00edngea sin placa purulenta y con dolor menos pronunciado. <\/div>\n<\/div>\n<div class=\"expand-button-wrapper\"><button class=\"text-accent expand-button\">+<\/button><\/div>\n<\/div>\n<div class=\"faq-item faq-answer-hidden\">\n<div class=\"question-block\">\n<div class=\"faq-question\">\n<p class=\" text-black h5-title\">5. \u00bfQu\u00e9 es la faringitis y c\u00f3mo se manifiesta?<\/p>\n<\/div>\n<div class=\"faq-answer text-main-text-color main-text-medium\">Se trata de una inflamaci\u00f3n de la mucosa de la faringe, que se manifiesta por enrojecimiento de la pared posterior, fiebre, tos seca y ligero aumento de la temperatura.<\/div>\n<\/div>\n<div class=\"expand-button-wrapper\"><button class=\"text-accent expand-button\">+<\/button><\/div>\n<\/div>\n<div class=\"faq-item faq-answer-hidden\">\n<div class=\"question-block\">\n<div class=\"faq-question\">\n<p class=\" text-black h5-title\">6. \u00bfC\u00f3mo puede distinguirse una amigdalitis v\u00edrica de una amigdalitis bacteriana?<\/p>\n<\/div>\n<div class=\"faq-answer text-main-text-color main-text-medium\">La amigdalitis v\u00edrica va acompa\u00f1ada de s\u00edntomas m\u00e1s leves, tos y secreci\u00f3n nasal, mientras que la amigdalitis bacteriana va acompa\u00f1ada de fiebre alta, dolor intenso y placa purulenta.<\/div>\n<\/div>\n<div class=\"expand-button-wrapper\"><button class=\"text-accent expand-button\">+<\/button><\/div>\n<\/div>\n<div class=\"faq-item faq-answer-hidden\">\n<div class=\"question-block\">\n<div class=\"faq-question\">\n<p class=\" text-black h5-title\">7. \u00bfQu\u00e9 es la amigdalitis cr\u00f3nica y puede curarse?<\/p>\n<\/div>\n<div class=\"faq-answer text-main-text-color main-text-medium\">Es una inflamaci\u00f3n de larga duraci\u00f3n con exacerbaciones peri\u00f3dicas. Se puede tratar con medicaci\u00f3n y cirug\u00eda si es necesario. Se utilizan antibi\u00f3ticos, inmunomoduladores, fisioterapia y, en casos graves, extirpaci\u00f3n de las am\u00edgdalas.  <\/div>\n<\/div>\n<div class=\"expand-button-wrapper\"><button class=\"text-accent expand-button\">+<\/button><\/div>\n<\/div>\n<div class=\"faq-item faq-answer-hidden\">\n<div class=\"question-block\">\n<div class=\"faq-question\">\n<p class=\" text-black h5-title\">8. \u00bfCu\u00e1les son los peligros de una amigdalitis no tratada?<\/p>\n<\/div>\n<div class=\"faq-answer text-main-text-color main-text-medium\">Riesgo de complicaciones graves: abscesos, reumatismo, da\u00f1os renales y card\u00edacos, septicemia.<\/div>\n<\/div>\n<div class=\"expand-button-wrapper\"><button class=\"text-accent expand-button\">+<\/button><\/div>\n<\/div>\n<div class=\"faq-item faq-answer-hidden\">\n<div class=\"question-block\">\n<div class=\"faq-question\">\n<p class=\" text-black h5-title\">9. \u00bfEs contagiosa la faringitis y cu\u00e1les son sus s\u00edntomas?<\/p>\n<\/div>\n<div class=\"faq-answer text-main-text-color main-text-medium\">S\u00ed, se transmite por el aire. Se manifiesta por irritaci\u00f3n, sequedad y dolor de garganta, enrojecimiento y tos. <\/div>\n<\/div>\n<div class=\"expand-button-wrapper\"><button class=\"text-accent expand-button\">+<\/button><\/div>\n<\/div>\n<\/div>\n<\/div>\n<div class=\"sources-list-block sources-list-hidden\" id=\"lista-de-fuentes\">\n<div class=\"sources-list-content\">\n<div class=\"sources-list-title\">\n<p class=\"small-text-bold text-black sources-list-title-text\">Lista de fuentes<\/p>\n<div class=\"sources-expand-button-wrapper-mobile\">\n<div class=\"sources-expand-button\"><svg width=\"32\" height=\"32\" viewbox=\"0 0 32 32\" fill=\"none\" xmlns=\"http:\/\/www.w3.org\/2000\/svg\"><path d=\"M8 12L16 20L24 12\" stroke=\"#8C9AAB\" stroke-width=\"2\" stroke-linecap=\"round\" stroke-linejoin=\"round\"><\/path><\/svg><\/div>\n<\/div>\n<\/div>\n<div class=\"sources-list-items\">\n<div class=\"source-item\">\n<p class=\"main-text-semibold text-black\">1.<\/p>\n<div class=\"source-item-content\">\n<p class=\"main-text-semibold text-black\">Cat\u00e1logo VOKA.  <\/p>\n<p><span class=\"small-text-medium text-grey\">https:\/\/catalog.voka.io\/<\/span><\/div>\n<\/div>\n<div class=\"source-item\">\n<p class=\"main-text-semibold text-black\">2.<\/p>\n<div class=\"source-item-content\">\n<p class=\"main-text-semibold text-black\">Total Otolaryngology\u2014Head and Neck Surgery, Anthony P. Sclafani, Robin A. Dyleski, Michael J. Pitman, Stimson P. Schantz. Thieme Medical Publishers, Inc., 2015. ISBN 978-1-60406-646-3.<\/p>\n<\/div>\n<\/div>\n<div class=\"source-item\">\n<p class=\"main-text-semibold text-black\">3.<\/p>\n<div class=\"source-item-content\">\n<p class=\"main-text-semibold text-black\">Berbom H. Enfermedades del o\u00eddo, la garganta y la nariz \/ Hans Berbom, Oliver Kaschke, Thadeus Navka, Andrew Swift; trad. del ingl\u00e9s \u2013 2\u00aa ed. \u2013 M. : MEDpress-Inform, 2016. \u2013 M. : MEDpress-Inform, 2016. : ill. ISBN 978-5-00030-322-1<\/p>\n<\/div>\n<\/div>\n<div class=\"source-item\">\n<p class=\"main-text-semibold text-black\">4.<\/p>\n<div class=\"source-item-content\">\n<p class=\"main-text-semibold text-black\">Swidsinski A, G\u00f6ktas O, Bessler C, Loening-Baucke V, Hale LP, Andree H, Weizenegger M, H\u00f6lzl M, Scherer H, Lochs H. Spatial organisation of microbiota in quiescent adenoiditis and tonsillitis. J Clin Pathol. 2007 Mar;60(3):253-60. doi: 10.1136\/jcp.2006.037309. Epub 2006 May 12. PMID: 16698947; PMCID: PMC1860565.     <\/p>\n<\/div>\n<\/div>\n<div class=\"source-item\">\n<p class=\"main-text-semibold text-black\">5.<\/p>\n<div class=\"source-item-content\">\n<p class=\"main-text-semibold text-black\">Anderson J, Paterek E. Tonsillitis. [Updated 2023 Aug 8].  In: StatPearls [Internet]. Treasure Island (FL): StatPearls Publishing; 2025 Jan-.  <\/p>\n<p><span class=\"small-text-medium text-grey\">Available from: https:\/\/www.ncbi.nlm.nih.gov\/books\/NBK544342\/<\/span><\/div>\n<\/div>\n<div class=\"source-item\">\n<p class=\"main-text-semibold text-black\">6.<\/p>\n<div class=\"source-item-content\">\n<p class=\"main-text-semibold text-black\">Nguyen VTN, Ngo L, Stratton E, Arriola D. Tonsillitis. Prim Care. 2025 Mar;52(1):27-35. doi: 10.1016\/j.pop.2024.09.005. Epub 2024 Dec 30. PMID: 39939088.     <\/p>\n<\/div>\n<\/div>\n<div class=\"source-item\">\n<p class=\"main-text-semibold text-black\">7.<\/p>\n<div class=\"source-item-content\">\n<p class=\"main-text-semibold text-black\">Bird JH, Biggs TC, King EV. Controversies in the management of acute tonsillitis: an evidence-based review. Clin Otolaryngol. 2014 Dec;39(6):368-74. doi: 10.1111\/coa.12299. PMID: 25418818; PMCID: PMC7162355.     <\/p>\n<\/div>\n<\/div>\n<div class=\"source-item\">\n<p class=\"main-text-semibold text-black\">8.<\/p>\n<div class=\"source-item-content\">\n<p class=\"main-text-semibold text-black\">Thakur JS, Mohindroo NK, Sharma DR, Mohindroo S, Thakur A. Tonsillitis with acute myeloid leukemia: a case series for caution. Ear Nose Throat J. 2013 Apr-May;92(4-5):E22-3. doi: 10.1177\/014556131309200425. PMID: 23599112.   <\/p>\n<\/div>\n<\/div>\n<div class=\"source-item\">\n<p class=\"main-text-semibold text-black\">9.<\/p>\n<div class=\"source-item-content\">\n<p class=\"main-text-semibold text-black\">Andr\u00e8s E, Mourot-Cottet R, Maloisel F, S\u00e9verac F, Keller O, Vogel T, Tebacher M, Weber JC, Kaltenbach G, Gottenberg JE, Goichot B, Sibilia J, Korganow AS, Herbrecht R. Idiosyncratic drug-induced neutropenia & agranulocytosis. QJM. 2017 May;110(5):299-305. doi: 10.1093\/qjmed\/hcw220. Epub 2017 Jan 9. PMID: 28069912.     <\/p>\n<\/div>\n<\/div>\n<\/div>\n<\/div>\n<div class=\"sources-expand-button-wrapper\">\n<div class=\"sources-expand-button\"><svg width=\"32\" height=\"32\" viewbox=\"0 0 32 32\" fill=\"none\" xmlns=\"http:\/\/www.w3.org\/2000\/svg\"><path d=\"M8 12L16 20L24 12\" stroke=\"#8C9AAB\" stroke-width=\"2\" stroke-linecap=\"round\" stroke-linejoin=\"round\"><\/path><\/svg><\/div>\n<\/div>\n<\/div>\n","protected":false},"excerpt":{"rendered":"<p>Enfermedades inflamatorias agudas de la faringe &#8211; una condici\u00f3n patol\u00f3gica causada por la activaci\u00f3n de la microflora pat\u00f3gena en la superficie de la mucosa far\u00edngea y manifestada por s\u00edntomas locales y generales. Entre ellas est\u00e1n: Clasificaci\u00f3n de las enfermedades inflamatorias agudas de la faringe Amigdalitis aguda (dolor de garganta) Etiolog\u00eda de la amigdalitis aguda En [&hellip;]<\/p>\n","protected":false},"author":4,"featured_media":0,"template":"","diseases_category":[264],"class_list":["post-791","diseases_post","type-diseases_post","status-publish","hentry","diseases_category-otorrinolaringologia"],"acf":[],"yoast_head":"<!-- This site is optimized with the Yoast SEO Premium plugin v25.0 (Yoast SEO v26.5) - https:\/\/yoast.com\/wordpress\/plugins\/seo\/ -->\n<title>Amigdalitis aguda (dolor de garganta), faringitis aguda: Causas, s\u00edntomas, diagn\u00f3stico, tratamiento<\/title>\n<meta name=\"description\" content=\"Las enfermedades inflamatorias agudas de la faringe est\u00e1n causadas por la multiplicaci\u00f3n de la microflora pat\u00f3gena en la mucosa. Cl\u00ednica, etiolog\u00eda y tratamiento de la amigdalitis y faringitis agudas.\" \/>\n<meta name=\"robots\" content=\"noindex, follow, max-snippet:-1, max-image-preview:large, max-video-preview:-1\" \/>\n<meta property=\"og:locale\" content=\"es_ES\" \/>\n<meta property=\"og:type\" content=\"article\" \/>\n<meta property=\"og:title\" content=\"Enfermedades inflamatorias agudas de la faringe: \u0421lasificaci\u00f3n, manifestaciones cl\u00ednicas, tratamiento.\" \/>\n<meta property=\"og:description\" content=\"Las enfermedades inflamatorias agudas de la faringe est\u00e1n causadas por la multiplicaci\u00f3n de la microflora pat\u00f3gena en la mucosa. Cl\u00ednica, etiolog\u00eda y tratamiento de la amigdalitis y faringitis agudas.\" \/>\n<meta property=\"og:url\" content=\"https:\/\/wiki.dev.voka.io\/es\/enfermedades\/otorrinolaringologia\/enfermedades-agudas-faringe\/\" \/>\n<meta property=\"og:site_name\" content=\"Voka Wiki\" \/>\n<meta property=\"article:publisher\" content=\"https:\/\/www.facebook.com\/VOKA3DAnatomyAndPathology\/\" \/>\n<meta property=\"article:modified_time\" content=\"2025-11-26T14:21:46+00:00\" \/>\n<meta property=\"og:image\" content=\"https:\/\/storage.googleapis.com\/dev_wiki_voka_io_303011\/articles\/ru\/otorinolaringologiya\/ostrye-vospalitelnye-zabolevaniya-glotki\/3d-model-ostrogo-tonzillita.webp\" \/>\n<meta name=\"twitter:card\" content=\"summary_large_image\" \/>\n<meta name=\"twitter:label1\" content=\"Tiempo de lectura\" \/>\n\t<meta name=\"twitter:data1\" content=\"13 minutos\" \/>\n<script type=\"application\/ld+json\" class=\"yoast-schema-graph\">{\"@context\":\"https:\/\/schema.org\",\"@graph\":[{\"@type\":\"Article\",\"@id\":\"https:\/\/wiki.dev.voka.io\/es\/enfermedades\/otorrinolaringologia\/enfermedades-agudas-faringe\/#article\",\"isPartOf\":{\"@id\":\"https:\/\/wiki.dev.voka.io\/es\/enfermedades\/otorrinolaringologia\/enfermedades-agudas-faringe\/\"},\"author\":{\"name\":\"Danata A.\",\"@id\":\"https:\/\/wiki.dev.voka.io\/es\/#\/schema\/person\/75a01428a2e97375c0facaaeba432542\"},\"headline\":\"Enfermedades inflamatorias agudas de la faringe: \u0421lasificaci\u00f3n, manifestaciones cl\u00ednicas, tratamiento.\",\"datePublished\":\"2025-06-04T08:40:19+00:00\",\"dateModified\":\"2025-11-26T14:21:46+00:00\",\"mainEntityOfPage\":{\"@id\":\"https:\/\/wiki.dev.voka.io\/es\/enfermedades\/otorrinolaringologia\/enfermedades-agudas-faringe\/\"},\"wordCount\":2570,\"publisher\":{\"@id\":\"https:\/\/wiki.dev.voka.io\/es\/#organization\"},\"image\":{\"@id\":\"https:\/\/wiki.dev.voka.io\/es\/enfermedades\/otorrinolaringologia\/enfermedades-agudas-faringe\/#primaryimage\"},\"thumbnailUrl\":\"https:\/\/storage.googleapis.com\/dev_wiki_voka_io_303011\/articles\/ru\/otorinolaringologiya\/ostrye-vospalitelnye-zabolevaniya-glotki\/3d-model-ostrogo-tonzillita.webp\",\"inLanguage\":\"es\"},{\"@type\":\"WebPage\",\"@id\":\"https:\/\/wiki.dev.voka.io\/es\/enfermedades\/otorrinolaringologia\/enfermedades-agudas-faringe\/\",\"url\":\"https:\/\/wiki.dev.voka.io\/es\/enfermedades\/otorrinolaringologia\/enfermedades-agudas-faringe\/\",\"name\":\"Amigdalitis aguda (dolor de garganta), faringitis aguda: Causas, s\u00edntomas, diagn\u00f3stico, tratamiento\",\"isPartOf\":{\"@id\":\"https:\/\/wiki.dev.voka.io\/es\/#website\"},\"primaryImageOfPage\":{\"@id\":\"https:\/\/wiki.dev.voka.io\/es\/enfermedades\/otorrinolaringologia\/enfermedades-agudas-faringe\/#primaryimage\"},\"image\":{\"@id\":\"https:\/\/wiki.dev.voka.io\/es\/enfermedades\/otorrinolaringologia\/enfermedades-agudas-faringe\/#primaryimage\"},\"thumbnailUrl\":\"https:\/\/storage.googleapis.com\/dev_wiki_voka_io_303011\/articles\/ru\/otorinolaringologiya\/ostrye-vospalitelnye-zabolevaniya-glotki\/3d-model-ostrogo-tonzillita.webp\",\"datePublished\":\"2025-06-04T08:40:19+00:00\",\"dateModified\":\"2025-11-26T14:21:46+00:00\",\"description\":\"Las enfermedades inflamatorias agudas de la faringe est\u00e1n causadas por la multiplicaci\u00f3n de la microflora pat\u00f3gena en la mucosa. Cl\u00ednica, etiolog\u00eda y tratamiento de la amigdalitis y faringitis agudas.\",\"breadcrumb\":{\"@id\":\"https:\/\/wiki.dev.voka.io\/es\/enfermedades\/otorrinolaringologia\/enfermedades-agudas-faringe\/#breadcrumb\"},\"inLanguage\":\"es\",\"potentialAction\":[{\"@type\":\"ReadAction\",\"target\":[\"https:\/\/wiki.dev.voka.io\/es\/enfermedades\/otorrinolaringologia\/enfermedades-agudas-faringe\/\"]}]},{\"@type\":\"ImageObject\",\"inLanguage\":\"es\",\"@id\":\"https:\/\/wiki.dev.voka.io\/es\/enfermedades\/otorrinolaringologia\/enfermedades-agudas-faringe\/#primaryimage\",\"url\":\"https:\/\/storage.googleapis.com\/dev_wiki_voka_io_303011\/articles\/ru\/otorinolaringologiya\/ostrye-vospalitelnye-zabolevaniya-glotki\/3d-model-ostrogo-tonzillita.webp\",\"contentUrl\":\"https:\/\/storage.googleapis.com\/dev_wiki_voka_io_303011\/articles\/ru\/otorinolaringologiya\/ostrye-vospalitelnye-zabolevaniya-glotki\/3d-model-ostrogo-tonzillita.webp\"},{\"@type\":\"BreadcrumbList\",\"@id\":\"https:\/\/wiki.dev.voka.io\/es\/enfermedades\/otorrinolaringologia\/enfermedades-agudas-faringe\/#breadcrumb\",\"itemListElement\":[{\"@type\":\"ListItem\",\"position\":1,\"name\":\"Home\",\"item\":\"https:\/\/wiki.dev.voka.io\/es\/\"},{\"@type\":\"ListItem\",\"position\":2,\"name\":\"Otorrinolaringolog\u00eda\",\"item\":\"https:\/\/wiki.dev.voka.io\/es\/enfermedades\/otorrinolaringologia\/\"},{\"@type\":\"ListItem\",\"position\":3,\"name\":\"Enfermedades inflamatorias agudas de la faringe: \u0421lasificaci\u00f3n, manifestaciones cl\u00ednicas, tratamiento.\"}]},{\"@type\":\"WebSite\",\"@id\":\"https:\/\/wiki.dev.voka.io\/es\/#website\",\"url\":\"https:\/\/wiki.dev.voka.io\/es\/\",\"name\":\"Voka Wiki\",\"description\":\"\",\"publisher\":{\"@id\":\"https:\/\/wiki.dev.voka.io\/es\/#organization\"},\"alternateName\":\"Anatomy & Pathology Wiki by VOKA\",\"potentialAction\":[{\"@type\":\"SearchAction\",\"target\":{\"@type\":\"EntryPoint\",\"urlTemplate\":\"https:\/\/wiki.dev.voka.io\/es\/?s={search_term_string}\"},\"query-input\":{\"@type\":\"PropertyValueSpecification\",\"valueRequired\":true,\"valueName\":\"search_term_string\"}}],\"inLanguage\":\"es\"},{\"@type\":\"Organization\",\"@id\":\"https:\/\/wiki.dev.voka.io\/es\/#organization\",\"name\":\"Voka 3D Anatomy & Pathology\",\"alternateName\":\"VOKA\",\"url\":\"https:\/\/wiki.dev.voka.io\/es\/\",\"logo\":{\"@type\":\"ImageObject\",\"inLanguage\":\"es\",\"@id\":\"https:\/\/wiki.dev.voka.io\/es\/#\/schema\/logo\/image\/\",\"url\":\"https:\/\/wiki.dev.voka.io\/wp-content\/uploads\/2025\/02\/cropped-voka-logo-1.png\",\"contentUrl\":\"https:\/\/wiki.dev.voka.io\/wp-content\/uploads\/2025\/02\/cropped-voka-logo-1.png\",\"width\":70,\"height\":16,\"caption\":\"Voka 3D Anatomy & Pathology\"},\"image\":{\"@id\":\"https:\/\/wiki.dev.voka.io\/es\/#\/schema\/logo\/image\/\"},\"sameAs\":[\"https:\/\/www.facebook.com\/VOKA3DAnatomyAndPathology\/\",\"https:\/\/www.instagram.com\/voka.io\/\",\"https:\/\/www.linkedin.com\/company\/voka-io\/\",\"https:\/\/www.youtube.com\/channel\/UCqGGuOEpr62ScH8Pjk2q5zw\/videos\",\"https:\/\/www.pinterest.com\/VokaAnatomyPro\/\",\"https:\/\/www.threads.com\/@voka.io\"],\"description\":\"VOKA.io offers 3D medical animations and custom 3D modeling services. Our product, VOKA 3D Anatomy & Pathology, is a digital atlas with over 1,000 detailed 3D models of human anatomy and pathology, designed for medical education, training, and patient communication.\",\"email\":\"info@voka.io\",\"telephone\":\"+1 814 351 4442\",\"legalName\":\"Voka 3D Anatomy & Pathology\",\"foundingDate\":\"2017-02-12\",\"naics\":\"541512\",\"numberOfEmployees\":{\"@type\":\"QuantitativeValue\",\"minValue\":\"51\",\"maxValue\":\"200\"},\"publishingPrinciples\":\"https:\/\/wiki.voka.io\/es\/principios-de-publicacion\/\"},{\"@type\":\"Person\",\"@id\":\"https:\/\/wiki.dev.voka.io\/es\/#\/schema\/person\/75a01428a2e97375c0facaaeba432542\",\"name\":\"Danata A.\",\"image\":{\"@type\":\"ImageObject\",\"inLanguage\":\"es\",\"@id\":\"https:\/\/wiki.dev.voka.io\/es\/#\/schema\/person\/image\/\",\"url\":\"https:\/\/secure.gravatar.com\/avatar\/17b61e87bc892ef9555b6080655463c63eb46025ed870850eaa2472678817ed6?s=96&d=mm&r=g\",\"contentUrl\":\"https:\/\/secure.gravatar.com\/avatar\/17b61e87bc892ef9555b6080655463c63eb46025ed870850eaa2472678817ed6?s=96&d=mm&r=g\",\"caption\":\"Danata A.\"}}]}<\/script>\n<!-- \/ Yoast SEO Premium plugin. -->","yoast_head_json":{"title":"Amigdalitis aguda (dolor de garganta), faringitis aguda: Causas, s\u00edntomas, diagn\u00f3stico, tratamiento","description":"Las enfermedades inflamatorias agudas de la faringe est\u00e1n causadas por la multiplicaci\u00f3n de la microflora pat\u00f3gena en la mucosa. Cl\u00ednica, etiolog\u00eda y tratamiento de la amigdalitis y faringitis agudas.","robots":{"index":"noindex","follow":"follow","max-snippet":"max-snippet:-1","max-image-preview":"max-image-preview:large","max-video-preview":"max-video-preview:-1"},"og_locale":"es_ES","og_type":"article","og_title":"Enfermedades inflamatorias agudas de la faringe: \u0421lasificaci\u00f3n, manifestaciones cl\u00ednicas, tratamiento.","og_description":"Las enfermedades inflamatorias agudas de la faringe est\u00e1n causadas por la multiplicaci\u00f3n de la microflora pat\u00f3gena en la mucosa. Cl\u00ednica, etiolog\u00eda y tratamiento de la amigdalitis y faringitis agudas.","og_url":"https:\/\/wiki.dev.voka.io\/es\/enfermedades\/otorrinolaringologia\/enfermedades-agudas-faringe\/","og_site_name":"Voka Wiki","article_publisher":"https:\/\/www.facebook.com\/VOKA3DAnatomyAndPathology\/","article_modified_time":"2025-11-26T14:21:46+00:00","og_image":[{"url":"https:\/\/storage.googleapis.com\/dev_wiki_voka_io_303011\/articles\/ru\/otorinolaringologiya\/ostrye-vospalitelnye-zabolevaniya-glotki\/3d-model-ostrogo-tonzillita.webp","type":"","width":"","height":""}],"twitter_card":"summary_large_image","twitter_misc":{"Tiempo de lectura":"13 minutos"},"schema":{"@context":"https:\/\/schema.org","@graph":[{"@type":"Article","@id":"https:\/\/wiki.dev.voka.io\/es\/enfermedades\/otorrinolaringologia\/enfermedades-agudas-faringe\/#article","isPartOf":{"@id":"https:\/\/wiki.dev.voka.io\/es\/enfermedades\/otorrinolaringologia\/enfermedades-agudas-faringe\/"},"author":{"name":"Danata A.","@id":"https:\/\/wiki.dev.voka.io\/es\/#\/schema\/person\/75a01428a2e97375c0facaaeba432542"},"headline":"Enfermedades inflamatorias agudas de la faringe: \u0421lasificaci\u00f3n, manifestaciones cl\u00ednicas, tratamiento.","datePublished":"2025-06-04T08:40:19+00:00","dateModified":"2025-11-26T14:21:46+00:00","mainEntityOfPage":{"@id":"https:\/\/wiki.dev.voka.io\/es\/enfermedades\/otorrinolaringologia\/enfermedades-agudas-faringe\/"},"wordCount":2570,"publisher":{"@id":"https:\/\/wiki.dev.voka.io\/es\/#organization"},"image":{"@id":"https:\/\/wiki.dev.voka.io\/es\/enfermedades\/otorrinolaringologia\/enfermedades-agudas-faringe\/#primaryimage"},"thumbnailUrl":"https:\/\/storage.googleapis.com\/dev_wiki_voka_io_303011\/articles\/ru\/otorinolaringologiya\/ostrye-vospalitelnye-zabolevaniya-glotki\/3d-model-ostrogo-tonzillita.webp","inLanguage":"es"},{"@type":"WebPage","@id":"https:\/\/wiki.dev.voka.io\/es\/enfermedades\/otorrinolaringologia\/enfermedades-agudas-faringe\/","url":"https:\/\/wiki.dev.voka.io\/es\/enfermedades\/otorrinolaringologia\/enfermedades-agudas-faringe\/","name":"Amigdalitis aguda (dolor de garganta), faringitis aguda: Causas, s\u00edntomas, diagn\u00f3stico, tratamiento","isPartOf":{"@id":"https:\/\/wiki.dev.voka.io\/es\/#website"},"primaryImageOfPage":{"@id":"https:\/\/wiki.dev.voka.io\/es\/enfermedades\/otorrinolaringologia\/enfermedades-agudas-faringe\/#primaryimage"},"image":{"@id":"https:\/\/wiki.dev.voka.io\/es\/enfermedades\/otorrinolaringologia\/enfermedades-agudas-faringe\/#primaryimage"},"thumbnailUrl":"https:\/\/storage.googleapis.com\/dev_wiki_voka_io_303011\/articles\/ru\/otorinolaringologiya\/ostrye-vospalitelnye-zabolevaniya-glotki\/3d-model-ostrogo-tonzillita.webp","datePublished":"2025-06-04T08:40:19+00:00","dateModified":"2025-11-26T14:21:46+00:00","description":"Las enfermedades inflamatorias agudas de la faringe est\u00e1n causadas por la multiplicaci\u00f3n de la microflora pat\u00f3gena en la mucosa. Cl\u00ednica, etiolog\u00eda y tratamiento de la amigdalitis y faringitis agudas.","breadcrumb":{"@id":"https:\/\/wiki.dev.voka.io\/es\/enfermedades\/otorrinolaringologia\/enfermedades-agudas-faringe\/#breadcrumb"},"inLanguage":"es","potentialAction":[{"@type":"ReadAction","target":["https:\/\/wiki.dev.voka.io\/es\/enfermedades\/otorrinolaringologia\/enfermedades-agudas-faringe\/"]}]},{"@type":"ImageObject","inLanguage":"es","@id":"https:\/\/wiki.dev.voka.io\/es\/enfermedades\/otorrinolaringologia\/enfermedades-agudas-faringe\/#primaryimage","url":"https:\/\/storage.googleapis.com\/dev_wiki_voka_io_303011\/articles\/ru\/otorinolaringologiya\/ostrye-vospalitelnye-zabolevaniya-glotki\/3d-model-ostrogo-tonzillita.webp","contentUrl":"https:\/\/storage.googleapis.com\/dev_wiki_voka_io_303011\/articles\/ru\/otorinolaringologiya\/ostrye-vospalitelnye-zabolevaniya-glotki\/3d-model-ostrogo-tonzillita.webp"},{"@type":"BreadcrumbList","@id":"https:\/\/wiki.dev.voka.io\/es\/enfermedades\/otorrinolaringologia\/enfermedades-agudas-faringe\/#breadcrumb","itemListElement":[{"@type":"ListItem","position":1,"name":"Home","item":"https:\/\/wiki.dev.voka.io\/es\/"},{"@type":"ListItem","position":2,"name":"Otorrinolaringolog\u00eda","item":"https:\/\/wiki.dev.voka.io\/es\/enfermedades\/otorrinolaringologia\/"},{"@type":"ListItem","position":3,"name":"Enfermedades inflamatorias agudas de la faringe: \u0421lasificaci\u00f3n, manifestaciones cl\u00ednicas, tratamiento."}]},{"@type":"WebSite","@id":"https:\/\/wiki.dev.voka.io\/es\/#website","url":"https:\/\/wiki.dev.voka.io\/es\/","name":"Voka Wiki","description":"","publisher":{"@id":"https:\/\/wiki.dev.voka.io\/es\/#organization"},"alternateName":"Anatomy & Pathology Wiki by VOKA","potentialAction":[{"@type":"SearchAction","target":{"@type":"EntryPoint","urlTemplate":"https:\/\/wiki.dev.voka.io\/es\/?s={search_term_string}"},"query-input":{"@type":"PropertyValueSpecification","valueRequired":true,"valueName":"search_term_string"}}],"inLanguage":"es"},{"@type":"Organization","@id":"https:\/\/wiki.dev.voka.io\/es\/#organization","name":"Voka 3D Anatomy & Pathology","alternateName":"VOKA","url":"https:\/\/wiki.dev.voka.io\/es\/","logo":{"@type":"ImageObject","inLanguage":"es","@id":"https:\/\/wiki.dev.voka.io\/es\/#\/schema\/logo\/image\/","url":"https:\/\/wiki.dev.voka.io\/wp-content\/uploads\/2025\/02\/cropped-voka-logo-1.png","contentUrl":"https:\/\/wiki.dev.voka.io\/wp-content\/uploads\/2025\/02\/cropped-voka-logo-1.png","width":70,"height":16,"caption":"Voka 3D Anatomy & Pathology"},"image":{"@id":"https:\/\/wiki.dev.voka.io\/es\/#\/schema\/logo\/image\/"},"sameAs":["https:\/\/www.facebook.com\/VOKA3DAnatomyAndPathology\/","https:\/\/www.instagram.com\/voka.io\/","https:\/\/www.linkedin.com\/company\/voka-io\/","https:\/\/www.youtube.com\/channel\/UCqGGuOEpr62ScH8Pjk2q5zw\/videos","https:\/\/www.pinterest.com\/VokaAnatomyPro\/","https:\/\/www.threads.com\/@voka.io"],"description":"VOKA.io offers 3D medical animations and custom 3D modeling services. Our product, VOKA 3D Anatomy & Pathology, is a digital atlas with over 1,000 detailed 3D models of human anatomy and pathology, designed for medical education, training, and patient communication.","email":"info@voka.io","telephone":"+1 814 351 4442","legalName":"Voka 3D Anatomy & Pathology","foundingDate":"2017-02-12","naics":"541512","numberOfEmployees":{"@type":"QuantitativeValue","minValue":"51","maxValue":"200"},"publishingPrinciples":"https:\/\/wiki.voka.io\/es\/principios-de-publicacion\/"},{"@type":"Person","@id":"https:\/\/wiki.dev.voka.io\/es\/#\/schema\/person\/75a01428a2e97375c0facaaeba432542","name":"Danata A.","image":{"@type":"ImageObject","inLanguage":"es","@id":"https:\/\/wiki.dev.voka.io\/es\/#\/schema\/person\/image\/","url":"https:\/\/secure.gravatar.com\/avatar\/17b61e87bc892ef9555b6080655463c63eb46025ed870850eaa2472678817ed6?s=96&d=mm&r=g","contentUrl":"https:\/\/secure.gravatar.com\/avatar\/17b61e87bc892ef9555b6080655463c63eb46025ed870850eaa2472678817ed6?s=96&d=mm&r=g","caption":"Danata A."}}]}},"_links":{"self":[{"href":"https:\/\/wiki.dev.voka.io\/es\/wp-json\/wp\/v2\/diseases_post\/791","targetHints":{"allow":["GET"]}}],"collection":[{"href":"https:\/\/wiki.dev.voka.io\/es\/wp-json\/wp\/v2\/diseases_post"}],"about":[{"href":"https:\/\/wiki.dev.voka.io\/es\/wp-json\/wp\/v2\/types\/diseases_post"}],"author":[{"embeddable":true,"href":"https:\/\/wiki.dev.voka.io\/es\/wp-json\/wp\/v2\/users\/4"}],"wp:attachment":[{"href":"https:\/\/wiki.dev.voka.io\/es\/wp-json\/wp\/v2\/media?parent=791"}],"wp:term":[{"taxonomy":"diseases_category","embeddable":true,"href":"https:\/\/wiki.dev.voka.io\/es\/wp-json\/wp\/v2\/diseases_category?post=791"}],"curies":[{"name":"wp","href":"https:\/\/api.w.org\/{rel}","templated":true}]}}