{"id":783,"date":"2025-06-11T16:29:00","date_gmt":"2025-06-11T13:29:00","guid":{"rendered":"https:\/\/wiki.dev.voka.io\/diseases\/uncategorized\/nonspecific-vaginitis\/"},"modified":"2025-11-06T11:08:01","modified_gmt":"2025-11-06T08:08:01","slug":"vaginitis-inespecifica","status":"publish","type":"diseases_post","link":"https:\/\/wiki.dev.voka.io\/es\/enfermedades\/ginecologia\/vaginitis-inespecifica\/","title":{"rendered":"Vaginitis inespec\u00edfica: Cuadro cl\u00ednico, diagn\u00f3stico, tratamiento"},"content":{"rendered":"<p><?xml encoding=\"UTF-8\" ?><\/p>\n<p><strong>Vaginitis inespec\u00edfica <\/strong>\u2013<strong><\/strong>inflamaci\u00f3n de la mucosa vaginal causada por la flora vaginal oportunista.  <\/p>\n<figure class=\"wp-block-video\" id=\"animacion-3d-vaginitis-inespecifica\"><video controls><source data-src=\"https:\/\/storage.googleapis.com\/dev_wiki_voka_io_303011\/articles\/en\/gynecology\/nonspecific-vaginitis\/nonspecific-vaginitis.webm\" type=\"video\/webm\"><\/source><\/video><figcaption class=\"wp-element-caption\"> Animaci\u00f3n 3D \u2013 vaginitis inespec\u00edfica<\/figcaption><\/figure>\n<p>Entre las causas etiol\u00f3gicas de la vaginitis inespec\u00edfica, Escherichia coli ocupa un lugar aparte, y la higiene deficiente o inadecuada es un factor etiol\u00f3gico. La vaginitis asociada a infecci\u00f3n estreptoc\u00f3cica suele diagnosticarse en pacientes con hipoestrogenismo.   <\/p>\n<p>Las quejas de las pacientes y las manifestaciones cl\u00ednicas de la vaginitis inespec\u00edfica ser\u00e1n similares, independientemente del factor etiol\u00f3gico.<\/p>\n<h2 class=\"wp-block-heading\" id=\"factores-de-riesgo\"><strong>Factores de riesgo<\/strong><\/h2>\n<p>Los factores de riesgo son la menstruaci\u00f3n, los ba\u00f1os (sobre todo de burbujas), el uso de productos de higiene intravaginal sin receta, las parejas sexuales m\u00faltiples, el uso de dispositivos intrauterinos y la presencia de otras enfermedades de transmisi\u00f3n sexual. El aumento de la prevalencia se asocia al consumo de cigarrillos, la obesidad, la soledad, el embarazo previo y los antecedentes de aborto inducido. <\/p>\n<h2 class=\"wp-block-heading\" id=\"presentacion-clinica\"><strong>Presentaci\u00f3n cl\u00ednica<\/strong><\/h2>\n<p>Flujo vaginal abundante, gris o amarillo, dispareunia, disuria. Puede haber picor y eritema vaginal. El ardor, el dolor o la hemorragia vaginal son raros. Durante la exploraci\u00f3n ginecol\u00f3gica en espejos, se visualiza una mucosa vaginal hiper\u00e9mica. La secreci\u00f3n no se acompa\u00f1a de un olor espec\u00edfico.    <\/p>\n<figure class=\"wp-block-image size-large\"><img decoding=\"async\" src=\"https:\/\/storage.googleapis.com\/dev_wiki_voka_io_303011\/articles\/ru\/ginekologiya\/nespecificheskii-vaginit\/nespecificheskiy-vaginit-vid-pri-ginekologicheskom-osmotre-i-bokovaya-stenka-vlagalishcha.webp\" alt=\"Vaginitis inespec\u00edfica: vista de exploraci\u00f3n ginecol\u00f3gica (izquierda) y pared vaginal lateral (derecha)  \"><figcaption class=\"wp-element-caption\">Vaginitis inespec\u00edfica: vista de exploraci\u00f3n ginecol\u00f3gica (izquierda) y pared vaginal lateral (derecha) \u2013 <a href=\"https:\/\/catalog.voka.io\/en\/models\/90b91890-b37e-4be0-a70a-ad98300beb70\/5a360733-02aa-4f76-a879-2a5316dc8ed7\/6a8e8161-90eb-4f04-a760-2ee8ede88ce8\/b097d2d9-e7b7-4e75-b16e-0eefe5aa3c49\" target=\"_blank\" rel=\"noreferrer noopener nofollow\">Modelo 3D<\/a><\/figcaption><\/figure>\n<h2 class=\"wp-block-heading\" id=\"diagnostico\"><strong>Diagn\u00f3stico  <\/strong><\/h2>\n<ol class=\"wp-block-list\">\n<li><strong>Microscopia de frotis vaginales h\u00famedos<\/strong><\/li>\n<\/ol>\n<p><strong>Microscopia de frotis vaginales h\u00famedos:<\/strong> el aumento <strong>del microscopio<\/strong> (10X) se utiliza para evaluar los tipos de c\u00e9lulas epiteliales presentes (maduras, parabasales, basales o c\u00e9lulas clave) y para establecer la presencia de levaduras o pseudohifas. Se utiliza una lente objetiva (40X) para contar los organismos y las c\u00e9lulas sobre el terreno. En la vaginitis inespec\u00edfica, disminuye el recuento de <em>Lactobacillus<\/em> y aumenta el de cocos. Las especies de <em>Lactobacillus<\/em> aparecer\u00e1n como bastoncillos grandes. <em>Trichomonas vaginalis<\/em> es un protozoo flagelado, de tama\u00f1o ligeramente superior al de un gl\u00f3bulo blanco. Las levaduras tienen un tama\u00f1o similar al de los gl\u00f3bulos rojos. Las pseudohifas son varias yemas que forman cadenas.     <\/p>\n<ol start=\"2\" class=\"wp-block-list\">\n<li><strong>Tratamiento con KOH al 10% (prueba de aminas)<\/strong><\/li>\n<\/ol>\n<p>Se utiliza una muestra separada de secreciones vaginales para el <strong>tratamiento con KOH al 10%<\/strong>. Un aumento de las bacterias anaerobias<em>(G. vaginalis, Mobiluncus,<\/em> etc<em>.<\/em>) dar\u00e1 lugar a la producci\u00f3n de aminas. La adici\u00f3n de KOH provocar\u00e1 la evaporaci\u00f3n de las aminas y un olor a \u00abpescado\u00bb, lo que indica la presencia de vaginosis bacteriana.  <\/p>\n<ol start=\"3\" class=\"wp-block-list\">\n<li><strong>Tecnolog\u00edas del ADN (m\u00e9todos de diagn\u00f3stico molecular)<\/strong><\/li>\n<\/ol>\n<p><strong>La tecnolog\u00eda del ADN<\/strong> es un m\u00e9todo de diagn\u00f3stico muy sensible. El m\u00e9todo puede utilizarse para detectar <em>G. vaginalis, Candida, Trichomonas vaginalis, Chlamydia, Neisseria gonorrhoeae<\/em>, as\u00ed como especies de <em>Prevotella<\/em>, especies de <em>Mobiluncus<\/em><em>A. vaginae, E. coli., Streptococcus spp., Staphylococcus spp<\/em>. y otras. Tambi\u00e9n es posible determinar distintas especies de <em>Lactobacillus<\/em><em>(L. crispatus y L. jensenii, L. gasseri<\/em>). En la forma inespec\u00edfica de vaginitis no hay pat\u00f3genos espec\u00edficos.   <\/p>\n<ol start=\"4\" class=\"wp-block-list\">\n<li><strong>Pruebas de pH<\/strong><\/li>\n<\/ol>\n<p>La prueba <strong>del pH<\/strong> se realiza con una tira reactiva colocada directamente en la vagina a lo largo de la pared lateral. Este tipo de vaginitis se caracteriza por un pH elevado, superior a 4,5. La presencia de flujo cervical, semen y sangre puede inflar falsamente el pH.  <\/p>\n<ol start=\"5\" class=\"wp-block-list\">\n<li><strong>Microscop\u00eda de Gram (Nugent)<\/strong><\/li>\n<\/ol>\n<p>Examen microsc\u00f3pico del frotis vaginal con tinci\u00f3n de Gram y <strong>escala de Nugent<\/strong>.<\/p>\n<p>El aislamiento <strong>en cultivo celular<\/strong> tiene un papel limitado en la evaluaci\u00f3n de la vaginitis, pero es necesario en las formas de vaginitis resistentes al tratamiento est\u00e1ndar para determinar la sensibilidad a los antibi\u00f3ticos.<\/p>\n<h2 class=\"wp-block-heading\" id=\"tratamiento-de-la-vaginitis-inespecifica\"><strong>Tratamiento de la vaginitis inespec\u00edfica<\/strong><\/h2>\n<p>Recomendado para mujeres con presencia de s\u00edntomas. Reg\u00edmenes de tratamiento: <\/p>\n<ul class=\"wp-block-list\">\n<li>Metronidazol 500 mg por v\u00eda oral.<\/li>\n<li>Metronidazol gel 0,75% un aplicador por v\u00eda vaginal.<\/li>\n<li>Clindamicina crema 2% un aplicador por v\u00eda intravaginal.<\/li>\n<li>Clindamicina en supositorios 100 mg por v\u00eda intravaginal.<\/li>\n<\/ul>\n<div class=\"social-banner-block\">\n<div class=\"social-banner-content\">\n<p class=\"h5-title text-black\">Encuentra m\u00e1s contenido cient\u00edficamente preciso en nuestras redes sociales<\/p>\n<p><span class=\"social-banner-text text-grey\">Suscr\u00edbete y no te pierdas los \u00faltimos recursos<\/span><\/p>\n<div class=\"social-links-wrapper\"><a class=\"social-icon-link\" href=\"https:\/\/www.facebook.com\/VOKA3DAnatomyAndPathology\/\" target=\"_blank\" rel=\"nofollow noopener\"><img decoding=\"async\" src=\"https:\/\/storage.googleapis.com\/dev_wiki_voka_io_303011\/common\/Social%20Icons\/facebook.svg\" alt=\"social link\"><\/a><a class=\"social-icon-link\" href=\"https:\/\/www.instagram.com\/voka.io\/\" target=\"_blank\" rel=\"nofollow noopener\"><img decoding=\"async\" src=\"https:\/\/storage.googleapis.com\/dev_wiki_voka_io_303011\/common\/Social%20Icons\/insta.svg\" alt=\"social link\"><\/a><a class=\"social-icon-link\" href=\"https:\/\/www.linkedin.com\/company\/voka-io\/posts\/?feedView=all\" target=\"_blank\" rel=\"nofollow noopener\"><img decoding=\"async\" src=\"https:\/\/storage.googleapis.com\/dev_wiki_voka_io_303011\/common\/Social%20Icons\/linkedin.svg\" alt=\"social link\"><\/a><a class=\"social-icon-link\" href=\"https:\/\/www.youtube.com\/@vokaio\" target=\"_blank\" rel=\"nofollow noopener\"><img decoding=\"async\" src=\"https:\/\/storage.googleapis.com\/dev_wiki_voka_io_303011\/common\/Social%20Icons\/youtube.svg\" alt=\"social link\"><\/a><a class=\"social-icon-link\" href=\"https:\/\/www.pinterest.com\/voka3danatomyandpathology\/\" target=\"_blank\" rel=\"nofollow noopener\"><img decoding=\"async\" src=\"https:\/\/storage.googleapis.com\/dev_wiki_voka_io_303011\/common\/Social%20Icons\/pinterest.svg\" alt=\"social link\"><\/a><a class=\"social-icon-link\" href=\"https:\/\/www.tiktok.com\/@voka.io\" target=\"_blank\" rel=\"nofollow noopener\"><img decoding=\"async\" src=\"https:\/\/storage.googleapis.com\/dev_wiki_voka_io_303011\/common\/Social%20Icons\/tiktok.svg\" alt=\"social link\"><\/a><a class=\"social-icon-link\" href=\"https:\/\/discord.gg\/7ejUpq8DRR\" target=\"_blank\" rel=\"nofollow noopener\"><img decoding=\"async\" src=\"https:\/\/storage.googleapis.com\/dev_wiki_voka_io_303011\/common\/Social%20Icons\/discord.svg\" alt=\"social link\"><\/a><\/div>\n<\/div>\n<p><img decoding=\"async\" class=\"social-banner-image\" loading=\"lazy\" src=\"https:\/\/storage.googleapis.com\/dev_wiki_voka_io_303011\/common\/social-media-banner-mobile-image.webp\" alt=\"Banner background\"><\/div>\n<h3 class=\"wp-block-heading\" id=\"tratamiento-de-las-mujeres-embarazadas\"><strong>Tratamiento de las mujeres embarazadas<\/strong><\/h3>\n<p>Se recomienda el tratamiento a todas las embarazadas sintom\u00e1ticas. Se asocia a resultados adversos del embarazo, como rotura prematura de las membranas fetales, parto prematuro, infecci\u00f3n intraamni\u00f3tica y endometritis posparto. El metronidazol oral es eficaz durante el embarazo. No se ha establecido ninguna diferencia significativa en la eficacia del tratamiento con la forma oral de metronidazol frente a la forma vaginal. Los estudios modernos muestran una gran seguridad y eficacia de la clindamicina en las mujeres embarazadas.      <\/p>\n<div>\n<h2 class=\"faq-title h2-article\" id=\"faq\">FAQ<\/h2>\n<div class=\"faq-section\">\n<div class=\"faq-item faq-answer-hidden\">\n<div class=\"question-block\">\n<div class=\"faq-question\">\n<p class=\" text-black h5-title\">1. \u00bfQu\u00e9 es la vaginitis inespec\u00edfica?<\/p>\n<\/div>\n<div class=\"faq-answer text-main-text-color main-text-medium\">La vaginitis inespec\u00edfica es una inflamaci\u00f3n de la mucosa vaginal causada por microorganismos oportunistas, como Escherichia coli, estreptococos o estafilococos. A diferencia de la vaginosis bacteriana o la candidiasis, no est\u00e1 asociada a ning\u00fan pat\u00f3geno espec\u00edfico, sino que se desarrolla debido a un desequilibrio general de la microflora. <\/div>\n<\/div>\n<div class=\"expand-button-wrapper\"><button class=\"text-accent expand-button\">+<\/button><\/div>\n<\/div>\n<div class=\"faq-item faq-answer-hidden\">\n<div class=\"question-block\">\n<div class=\"faq-question\">\n<p class=\" text-black h5-title\">2. \u00bfCu\u00e1les son las principales causas de la vaginitis inespec\u00edfica?<\/p>\n<\/div>\n<div class=\"faq-answer text-main-text-color main-text-medium\">Las causas principales son la falta de higiene, la disbiosis de la microflora vaginal, la disminuci\u00f3n de los niveles de estr\u00f3genos (hipoestrogenismo) y las infecciones causadas por bacterias oportunistas, como E. coli y estreptococos.<\/div>\n<\/div>\n<div class=\"expand-button-wrapper\"><button class=\"text-accent expand-button\">+<\/button><\/div>\n<\/div>\n<div class=\"faq-item faq-answer-hidden\">\n<div class=\"question-block\">\n<div class=\"faq-question\">\n<p class=\" text-black h5-title\">3. \u00bfCu\u00e1les son los s\u00edntomas de la vaginitis inespec\u00edfica?<\/p>\n<\/div>\n<div class=\"faq-answer text-main-text-color main-text-medium\">Las pacientes suelen quejarse de flujo abundante gris o amarillento, picor y ardor en la vagina, molestias al orinar, dolor durante las relaciones sexuales. Al examinarla, puede observarse enrojecimiento de la mucosa. <\/div>\n<\/div>\n<div class=\"expand-button-wrapper\"><button class=\"text-accent expand-button\">+<\/button><\/div>\n<\/div>\n<div class=\"faq-item faq-answer-hidden\">\n<div class=\"question-block\">\n<div class=\"faq-question\">\n<p class=\" text-black h5-title\">4. \u00bfC\u00f3mo se diagnostica la vaginitis inespec\u00edfica?<\/p>\n<\/div>\n<div class=\"faq-answer text-main-text-color main-text-medium\">El diagn\u00f3stico incluye microscop\u00eda de frotis h\u00famedo para evaluar la composici\u00f3n celular y la microflora, medici\u00f3n del pH de las secreciones vaginales, tinci\u00f3n de Gram con puntuaci\u00f3n de Nugent, y t\u00e9cnicas moleculares (PCR) para la identificaci\u00f3n precisa de pat\u00f3genos.<\/div>\n<\/div>\n<div class=\"expand-button-wrapper\"><button class=\"text-accent expand-button\">+<\/button><\/div>\n<\/div>\n<div class=\"faq-item faq-answer-hidden\">\n<div class=\"question-block\">\n<div class=\"faq-question\">\n<p class=\" text-black h5-title\">5. \u00bfC\u00f3mo se trata la vaginitis inespec\u00edfica?<\/p>\n<\/div>\n<div class=\"faq-answer text-main-text-color main-text-medium\">El tratamiento es con metronidazol (500 mg por v\u00eda oral o gel vaginal al 0,75%) o clindamicina (crema al 2% o supositorios intravaginales de 100 mg). La elecci\u00f3n del f\u00e1rmaco depende del cuadro cl\u00ednico y de los resultados del diagn\u00f3stico. <\/div>\n<\/div>\n<div class=\"expand-button-wrapper\"><button class=\"text-accent expand-button\">+<\/button><\/div>\n<\/div>\n<div class=\"faq-item faq-answer-hidden\">\n<div class=\"question-block\">\n<div class=\"faq-question\">\n<p class=\" text-black h5-title\">6. \u00bfDebe tratarse la vaginitis inespec\u00edfica del embarazo?<\/p>\n<\/div>\n<div class=\"faq-answer text-main-text-color main-text-medium\">S\u00ed, el tratamiento es obligatorio, ya que la infecci\u00f3n puede provocar un parto prematuro, una infecci\u00f3n intrauterina del feto o una endometritis posparto. A las embarazadas se les prescribe metronidazol (por v\u00eda oral) o clindamicina, que se consideran seguros durante este periodo. <\/div>\n<\/div>\n<div class=\"expand-button-wrapper\"><button class=\"text-accent expand-button\">+<\/button><\/div>\n<\/div>\n<\/div>\n<\/div>\n<div class=\"sources-list-block sources-list-hidden\" id=\"lista-de-fuentes\">\n<div class=\"sources-list-content\">\n<div class=\"sources-list-title\">\n<p class=\"small-text-bold text-black sources-list-title-text\">Lista de fuentes<\/p>\n<div class=\"sources-expand-button-wrapper-mobile\">\n<div class=\"sources-expand-button\"><svg width=\"32\" height=\"32\" viewbox=\"0 0 32 32\" fill=\"none\" xmlns=\"http:\/\/www.w3.org\/2000\/svg\"><path d=\"M8 12L16 20L24 12\" stroke=\"#8C9AAB\" stroke-width=\"2\" stroke-linecap=\"round\" stroke-linejoin=\"round\"><\/path><\/svg><\/div>\n<\/div>\n<\/div>\n<div class=\"sources-list-items\">\n<div class=\"source-item\">\n<p class=\"main-text-semibold text-black\">1.<\/p>\n<div class=\"source-item-content\">\n<p class=\"main-text-semibold text-black\">Cat\u00e1logo VOKA.<\/p>\n<p><span class=\"small-text-medium text-grey\">https:\/\/catalog.voka.io\/ <\/span><\/div>\n<\/div>\n<div class=\"source-item\">\n<p class=\"main-text-semibold text-black\">2.<\/p>\n<div class=\"source-item-content\">\n<p class=\"main-text-semibold text-black\">Schuyler JA, Mordechai E, Adelson ME, Sobel JD, Gygax SE, Hilbert DW. Identificaci\u00f3n de clados intr\u00ednsecamente resistentes al metronidazol de Gardnerella vaginalis. Diagn Microbiol Infect Dis.   2015. Oct. 8.<\/p>\n<\/div>\n<\/div>\n<div class=\"source-item\">\n<p class=\"main-text-semibold text-black\">3.<\/p>\n<div class=\"source-item-content\">\n<p class=\"main-text-semibold text-black\">Atopobium vaginae en mujeres v\u00edrgenes. Sex Transm Dis. 2006 Nov.   33(11):663-5.<\/p>\n<\/div>\n<\/div>\n<div class=\"source-item\">\n<p class=\"main-text-semibold text-black\">4.<\/p>\n<div class=\"source-item-content\">\n<p class=\"main-text-semibold text-black\">Patterson JL, Girerd PH, Karjane NW, Jefferson KK. Efecto del fenotipo de biopel\u00edcula en la resistencia de Gardnerella vaginalis al per\u00f3xido de hidr\u00f3geno y al \u00e1cido l\u00e1ctico. Am J Obstet Gynecol. 2007 Ago. 197(2):170.e1-7.      <\/p>\n<\/div>\n<\/div>\n<div class=\"source-item\">\n<p class=\"main-text-semibold text-black\">5.<\/p>\n<div class=\"source-item-content\">\n<p class=\"main-text-semibold text-black\">Fredricks DN, Fiedler TL, Thomas KK, Oakley BB, Marrazzo JM. PCR dirigida para la detecci\u00f3n de bacterias vaginales asociadas a la vaginosis bacteriana. J Clin Microbiol. 2007 Oct.    45(10):3270-6.<\/p>\n<\/div>\n<\/div>\n<div class=\"source-item\">\n<p class=\"main-text-semibold text-black\">6.<\/p>\n<div class=\"source-item-content\">\n<p class=\"main-text-semibold text-black\">Meriwether KV, Rogers RG, Craig E, Peterson SD, Gutman RE, Iglesia CB. Efecto del gel a base de hidroxiquinole\u00edna sobre la vaginosis bacteriana asociada a la pesaria: ensayo controlado aleatorizado multic\u00e9ntrico. Am J Obstet Gynecol. 2015 Nov. 213 (5):729.e1-9.    <\/p>\n<\/div>\n<\/div>\n<div class=\"source-item\">\n<p class=\"main-text-semibold text-black\">7.<\/p>\n<div class=\"source-item-content\">\n<p class=\"main-text-semibold text-black\">Marnach ML, Wygant JN, Casey PM. Evaluaci\u00f3n y Tratamiento de la Vaginitis. Mayo Clin Proc. 2022 Feb.    97 (2):347-58.<\/p>\n<\/div>\n<\/div>\n<div class=\"source-item\">\n<p class=\"main-text-semibold text-black\">8.<\/p>\n<div class=\"source-item-content\">\n<p class=\"main-text-semibold text-black\">[Directriz] Paavonen JA, Brunham RC. Vaginitis en pacientes no embarazadas: Bolet\u00edn de Pr\u00e1ctica del ACOG, N\u00famero 215. Obstet Gynecol. 2020 Ene. 135 (1):e1-e17.    <\/p>\n<\/div>\n<\/div>\n<div class=\"source-item\">\n<p class=\"main-text-semibold text-black\">9.<\/p>\n<div class=\"source-item-content\">\n<p class=\"main-text-semibold text-black\">Subtil D, Brabant G, Tilloy E, et al. Clindamicina precoz para la vaginosis bacteriana en el embarazo (PREMEVA): ensayo multic\u00e9ntrico, doble ciego, aleatorizado y controlado. Lancet. 2018 Oct 12.   <\/p>\n<\/div>\n<\/div>\n<div class=\"source-item\">\n<p class=\"main-text-semibold text-black\">10.<\/p>\n<div class=\"source-item-content\">\n<p class=\"main-text-semibold text-black\">Amsel R, Totten PA, Spiegel CA, Chen KC, Eschenbach D, Holmes KK. Vaginitis inespec\u00edfica. Criterios diagn\u00f3sticos y asociaciones microbianas y epidemiol\u00f3gicas. Am J Med. 1983 Ene.     74(1):14-22.<\/p>\n<\/div>\n<\/div>\n<div class=\"source-item\">\n<p class=\"main-text-semibold text-black\">11.<\/p>\n<div class=\"source-item-content\">\n<p class=\"main-text-semibold text-black\">Mohanty S, Sood S, Kapil A, Mittal S. Variaci\u00f3n interobservador en la interpretaci\u00f3n del m\u00e9todo de puntuaci\u00f3n de Nugent para el diagn\u00f3stico de la vaginosis bacteriana. Indian J Med Res. 2010 Ene.   131:88-91.<\/p>\n<\/div>\n<\/div>\n<div class=\"source-item\">\n<p class=\"main-text-semibold text-black\">12.<\/p>\n<div class=\"source-item-content\">\n<p class=\"main-text-semibold text-black\">Amaya-Guio J, Viveros-Carre\u00f1o DA, Sierra-Barrios EM, Mart\u00ednez-Vel\u00e1squez MY, Grillo-Ardila CF. Tratamiento antibi\u00f3tico para las parejas sexuales de mujeres con vaginosis bacteriana. Cochrane Database Syst Rev. 2016 Oct 1. 10:CD011701.    <\/p>\n<\/div>\n<\/div>\n<div class=\"source-item\">\n<p class=\"main-text-semibold text-black\">13.<\/p>\n<div class=\"source-item-content\">\n<p class=\"main-text-semibold text-black\">Bohbot JM, Vicaut E, Fagnen D, Brauman M. Treatment of bacterial vaginosis: a multicenter, double-blind, double-dummy, randomised phase III study comparing secnidazole and metronidazole. Infect Dis Obstet Gynecol.  2010.<\/p>\n<\/div>\n<\/div>\n<div class=\"source-item\">\n<p class=\"main-text-semibold text-black\">14.<\/p>\n<div class=\"source-item-content\">\n<p class=\"main-text-semibold text-black\">Brocklehurst P, Gordon A, Heatley E, Milan SJ. Antibi\u00f3ticos para el tratamiento de la vaginosis bacteriana en el embarazo. Cochrane Database Syst Rev. 2013 Ene 31. 1:CD000262.    <\/p>\n<\/div>\n<\/div>\n<\/div>\n<\/div>\n<div class=\"sources-expand-button-wrapper\">\n<div class=\"sources-expand-button\"><svg width=\"32\" height=\"32\" viewbox=\"0 0 32 32\" fill=\"none\" xmlns=\"http:\/\/www.w3.org\/2000\/svg\"><path d=\"M8 12L16 20L24 12\" stroke=\"#8C9AAB\" stroke-width=\"2\" stroke-linecap=\"round\" stroke-linejoin=\"round\"><\/path><\/svg><\/div>\n<\/div>\n<\/div>\n","protected":false},"excerpt":{"rendered":"<p>Vaginitis inespec\u00edfica &#8211; inflamaci\u00f3n de la mucosa vaginal causada por la flora vaginal oportunista. Entre las causas etiol\u00f3gicas de la vaginitis inespec\u00edfica, Escherichia coli ocupa un lugar aparte, y la higiene deficiente o inadecuada es un factor etiol\u00f3gico. La vaginitis asociada a infecci\u00f3n estreptoc\u00f3cica suele diagnosticarse en pacientes con hipoestrogenismo. Las quejas de las pacientes [&hellip;]<\/p>\n","protected":false},"author":5,"featured_media":0,"template":"","diseases_category":[263],"class_list":["post-783","diseases_post","type-diseases_post","status-publish","hentry","diseases_category-ginecologia"],"acf":[],"yoast_head":"<!-- This site is optimized with the Yoast SEO Premium plugin v25.0 (Yoast SEO v26.5) - https:\/\/yoast.com\/wordpress\/plugins\/seo\/ -->\n<title>Vaginitis inespec\u00edfica: Causas, s\u00edntomas, diagn\u00f3stico, tratamiento<\/title>\n<meta name=\"description\" content=\"La vaginitis inespec\u00edfica es una inflamaci\u00f3n de la mucosa vaginal causada por la flora vaginal oportunista. Inf\u00f3rmate sobre las causas, los s\u00edntomas, el diagn\u00f3stico y el tratamiento.\" \/>\n<meta name=\"robots\" content=\"noindex, follow, max-snippet:-1, max-image-preview:large, max-video-preview:-1\" \/>\n<meta property=\"og:locale\" content=\"es_ES\" \/>\n<meta property=\"og:type\" content=\"article\" \/>\n<meta property=\"og:title\" content=\"Vaginitis inespec\u00edfica: Cuadro cl\u00ednico, diagn\u00f3stico, tratamiento\" \/>\n<meta property=\"og:description\" content=\"La vaginitis inespec\u00edfica es una inflamaci\u00f3n de la mucosa vaginal causada por la flora vaginal oportunista. Inf\u00f3rmate sobre las causas, los s\u00edntomas, el diagn\u00f3stico y el tratamiento.\" \/>\n<meta property=\"og:url\" content=\"https:\/\/wiki.dev.voka.io\/es\/enfermedades\/ginecologia\/vaginitis-inespecifica\/\" \/>\n<meta property=\"og:site_name\" content=\"Voka Wiki\" \/>\n<meta property=\"article:publisher\" content=\"https:\/\/www.facebook.com\/VOKA3DAnatomyAndPathology\/\" \/>\n<meta property=\"article:modified_time\" content=\"2025-11-06T08:08:01+00:00\" \/>\n<meta property=\"og:image\" content=\"https:\/\/storage.googleapis.com\/dev_wiki_voka_io_303011\/articles\/ru\/ginekologiya\/nespecificheskii-vaginit\/nespecificheskiy-vaginit-vid-pri-ginekologicheskom-osmotre-i-bokovaya-stenka-vlagalishcha.webp\" \/>\n<meta name=\"twitter:card\" content=\"summary_large_image\" \/>\n<meta name=\"twitter:label1\" content=\"Tiempo de lectura\" \/>\n\t<meta name=\"twitter:data1\" content=\"4 minutos\" \/>\n<script type=\"application\/ld+json\" class=\"yoast-schema-graph\">{\"@context\":\"https:\/\/schema.org\",\"@graph\":[{\"@type\":\"Article\",\"@id\":\"https:\/\/wiki.dev.voka.io\/es\/enfermedades\/ginecologia\/vaginitis-inespecifica\/#article\",\"isPartOf\":{\"@id\":\"https:\/\/wiki.dev.voka.io\/es\/enfermedades\/ginecologia\/vaginitis-inespecifica\/\"},\"author\":{\"name\":\"Daria G.\",\"@id\":\"https:\/\/wiki.dev.voka.io\/es\/#\/schema\/person\/d04503ecdd61b2f6c240df6ab8b6f3d3\"},\"headline\":\"Vaginitis inespec\u00edfica: Cuadro cl\u00ednico, diagn\u00f3stico, tratamiento\",\"datePublished\":\"2025-06-11T13:29:00+00:00\",\"dateModified\":\"2025-11-06T08:08:01+00:00\",\"mainEntityOfPage\":{\"@id\":\"https:\/\/wiki.dev.voka.io\/es\/enfermedades\/ginecologia\/vaginitis-inespecifica\/\"},\"wordCount\":748,\"publisher\":{\"@id\":\"https:\/\/wiki.dev.voka.io\/es\/#organization\"},\"image\":{\"@id\":\"https:\/\/wiki.dev.voka.io\/es\/enfermedades\/ginecologia\/vaginitis-inespecifica\/#primaryimage\"},\"thumbnailUrl\":\"https:\/\/storage.googleapis.com\/dev_wiki_voka_io_303011\/articles\/ru\/ginekologiya\/nespecificheskii-vaginit\/nespecificheskiy-vaginit-vid-pri-ginekologicheskom-osmotre-i-bokovaya-stenka-vlagalishcha.webp\",\"inLanguage\":\"es\"},{\"@type\":\"WebPage\",\"@id\":\"https:\/\/wiki.dev.voka.io\/es\/enfermedades\/ginecologia\/vaginitis-inespecifica\/\",\"url\":\"https:\/\/wiki.dev.voka.io\/es\/enfermedades\/ginecologia\/vaginitis-inespecifica\/\",\"name\":\"Vaginitis inespec\u00edfica: Causas, s\u00edntomas, diagn\u00f3stico, tratamiento\",\"isPartOf\":{\"@id\":\"https:\/\/wiki.dev.voka.io\/es\/#website\"},\"primaryImageOfPage\":{\"@id\":\"https:\/\/wiki.dev.voka.io\/es\/enfermedades\/ginecologia\/vaginitis-inespecifica\/#primaryimage\"},\"image\":{\"@id\":\"https:\/\/wiki.dev.voka.io\/es\/enfermedades\/ginecologia\/vaginitis-inespecifica\/#primaryimage\"},\"thumbnailUrl\":\"https:\/\/storage.googleapis.com\/dev_wiki_voka_io_303011\/articles\/ru\/ginekologiya\/nespecificheskii-vaginit\/nespecificheskiy-vaginit-vid-pri-ginekologicheskom-osmotre-i-bokovaya-stenka-vlagalishcha.webp\",\"datePublished\":\"2025-06-11T13:29:00+00:00\",\"dateModified\":\"2025-11-06T08:08:01+00:00\",\"description\":\"La vaginitis inespec\u00edfica es una inflamaci\u00f3n de la mucosa vaginal causada por la flora vaginal oportunista. Inf\u00f3rmate sobre las causas, los s\u00edntomas, el diagn\u00f3stico y el tratamiento.\",\"breadcrumb\":{\"@id\":\"https:\/\/wiki.dev.voka.io\/es\/enfermedades\/ginecologia\/vaginitis-inespecifica\/#breadcrumb\"},\"inLanguage\":\"es\",\"potentialAction\":[{\"@type\":\"ReadAction\",\"target\":[\"https:\/\/wiki.dev.voka.io\/es\/enfermedades\/ginecologia\/vaginitis-inespecifica\/\"]}]},{\"@type\":\"ImageObject\",\"inLanguage\":\"es\",\"@id\":\"https:\/\/wiki.dev.voka.io\/es\/enfermedades\/ginecologia\/vaginitis-inespecifica\/#primaryimage\",\"url\":\"https:\/\/storage.googleapis.com\/dev_wiki_voka_io_303011\/articles\/ru\/ginekologiya\/nespecificheskii-vaginit\/nespecificheskiy-vaginit-vid-pri-ginekologicheskom-osmotre-i-bokovaya-stenka-vlagalishcha.webp\",\"contentUrl\":\"https:\/\/storage.googleapis.com\/dev_wiki_voka_io_303011\/articles\/ru\/ginekologiya\/nespecificheskii-vaginit\/nespecificheskiy-vaginit-vid-pri-ginekologicheskom-osmotre-i-bokovaya-stenka-vlagalishcha.webp\"},{\"@type\":\"BreadcrumbList\",\"@id\":\"https:\/\/wiki.dev.voka.io\/es\/enfermedades\/ginecologia\/vaginitis-inespecifica\/#breadcrumb\",\"itemListElement\":[{\"@type\":\"ListItem\",\"position\":1,\"name\":\"Home\",\"item\":\"https:\/\/wiki.dev.voka.io\/es\/\"},{\"@type\":\"ListItem\",\"position\":2,\"name\":\"Ginecolog\u00eda\",\"item\":\"https:\/\/wiki.dev.voka.io\/es\/enfermedades\/ginecologia\/\"},{\"@type\":\"ListItem\",\"position\":3,\"name\":\"Vaginitis inespec\u00edfica: Cuadro cl\u00ednico, diagn\u00f3stico, tratamiento\"}]},{\"@type\":\"WebSite\",\"@id\":\"https:\/\/wiki.dev.voka.io\/es\/#website\",\"url\":\"https:\/\/wiki.dev.voka.io\/es\/\",\"name\":\"Voka Wiki\",\"description\":\"\",\"publisher\":{\"@id\":\"https:\/\/wiki.dev.voka.io\/es\/#organization\"},\"alternateName\":\"Anatomy & Pathology Wiki by VOKA\",\"potentialAction\":[{\"@type\":\"SearchAction\",\"target\":{\"@type\":\"EntryPoint\",\"urlTemplate\":\"https:\/\/wiki.dev.voka.io\/es\/?s={search_term_string}\"},\"query-input\":{\"@type\":\"PropertyValueSpecification\",\"valueRequired\":true,\"valueName\":\"search_term_string\"}}],\"inLanguage\":\"es\"},{\"@type\":\"Organization\",\"@id\":\"https:\/\/wiki.dev.voka.io\/es\/#organization\",\"name\":\"Voka 3D Anatomy & Pathology\",\"alternateName\":\"VOKA\",\"url\":\"https:\/\/wiki.dev.voka.io\/es\/\",\"logo\":{\"@type\":\"ImageObject\",\"inLanguage\":\"es\",\"@id\":\"https:\/\/wiki.dev.voka.io\/es\/#\/schema\/logo\/image\/\",\"url\":\"https:\/\/wiki.dev.voka.io\/wp-content\/uploads\/2025\/02\/cropped-voka-logo-1.png\",\"contentUrl\":\"https:\/\/wiki.dev.voka.io\/wp-content\/uploads\/2025\/02\/cropped-voka-logo-1.png\",\"width\":70,\"height\":16,\"caption\":\"Voka 3D Anatomy & Pathology\"},\"image\":{\"@id\":\"https:\/\/wiki.dev.voka.io\/es\/#\/schema\/logo\/image\/\"},\"sameAs\":[\"https:\/\/www.facebook.com\/VOKA3DAnatomyAndPathology\/\",\"https:\/\/www.instagram.com\/voka.io\/\",\"https:\/\/www.linkedin.com\/company\/voka-io\/\",\"https:\/\/www.youtube.com\/channel\/UCqGGuOEpr62ScH8Pjk2q5zw\/videos\",\"https:\/\/www.pinterest.com\/VokaAnatomyPro\/\",\"https:\/\/www.threads.com\/@voka.io\"],\"description\":\"VOKA.io offers 3D medical animations and custom 3D modeling services. Our product, VOKA 3D Anatomy & Pathology, is a digital atlas with over 1,000 detailed 3D models of human anatomy and pathology, designed for medical education, training, and patient communication.\",\"email\":\"info@voka.io\",\"telephone\":\"+1 814 351 4442\",\"legalName\":\"Voka 3D Anatomy & Pathology\",\"foundingDate\":\"2017-02-12\",\"naics\":\"541512\",\"numberOfEmployees\":{\"@type\":\"QuantitativeValue\",\"minValue\":\"51\",\"maxValue\":\"200\"},\"publishingPrinciples\":\"https:\/\/wiki.voka.io\/es\/principios-de-publicacion\/\"},{\"@type\":\"Person\",\"@id\":\"https:\/\/wiki.dev.voka.io\/es\/#\/schema\/person\/d04503ecdd61b2f6c240df6ab8b6f3d3\",\"name\":\"Daria G.\",\"image\":{\"@type\":\"ImageObject\",\"inLanguage\":\"es\",\"@id\":\"https:\/\/wiki.dev.voka.io\/es\/#\/schema\/person\/image\/\",\"url\":\"https:\/\/secure.gravatar.com\/avatar\/1faab9091e9e12b98ab4611e0e933edce775a5bbe4d7e27819593886426e21f3?s=96&d=mm&r=g\",\"contentUrl\":\"https:\/\/secure.gravatar.com\/avatar\/1faab9091e9e12b98ab4611e0e933edce775a5bbe4d7e27819593886426e21f3?s=96&d=mm&r=g\",\"caption\":\"Daria G.\"}}]}<\/script>\n<!-- \/ Yoast SEO Premium plugin. -->","yoast_head_json":{"title":"Vaginitis inespec\u00edfica: Causas, s\u00edntomas, diagn\u00f3stico, tratamiento","description":"La vaginitis inespec\u00edfica es una inflamaci\u00f3n de la mucosa vaginal causada por la flora vaginal oportunista. Inf\u00f3rmate sobre las causas, los s\u00edntomas, el diagn\u00f3stico y el tratamiento.","robots":{"index":"noindex","follow":"follow","max-snippet":"max-snippet:-1","max-image-preview":"max-image-preview:large","max-video-preview":"max-video-preview:-1"},"og_locale":"es_ES","og_type":"article","og_title":"Vaginitis inespec\u00edfica: Cuadro cl\u00ednico, diagn\u00f3stico, tratamiento","og_description":"La vaginitis inespec\u00edfica es una inflamaci\u00f3n de la mucosa vaginal causada por la flora vaginal oportunista. Inf\u00f3rmate sobre las causas, los s\u00edntomas, el diagn\u00f3stico y el tratamiento.","og_url":"https:\/\/wiki.dev.voka.io\/es\/enfermedades\/ginecologia\/vaginitis-inespecifica\/","og_site_name":"Voka Wiki","article_publisher":"https:\/\/www.facebook.com\/VOKA3DAnatomyAndPathology\/","article_modified_time":"2025-11-06T08:08:01+00:00","og_image":[{"url":"https:\/\/storage.googleapis.com\/dev_wiki_voka_io_303011\/articles\/ru\/ginekologiya\/nespecificheskii-vaginit\/nespecificheskiy-vaginit-vid-pri-ginekologicheskom-osmotre-i-bokovaya-stenka-vlagalishcha.webp","type":"","width":"","height":""}],"twitter_card":"summary_large_image","twitter_misc":{"Tiempo de lectura":"4 minutos"},"schema":{"@context":"https:\/\/schema.org","@graph":[{"@type":"Article","@id":"https:\/\/wiki.dev.voka.io\/es\/enfermedades\/ginecologia\/vaginitis-inespecifica\/#article","isPartOf":{"@id":"https:\/\/wiki.dev.voka.io\/es\/enfermedades\/ginecologia\/vaginitis-inespecifica\/"},"author":{"name":"Daria G.","@id":"https:\/\/wiki.dev.voka.io\/es\/#\/schema\/person\/d04503ecdd61b2f6c240df6ab8b6f3d3"},"headline":"Vaginitis inespec\u00edfica: Cuadro cl\u00ednico, diagn\u00f3stico, tratamiento","datePublished":"2025-06-11T13:29:00+00:00","dateModified":"2025-11-06T08:08:01+00:00","mainEntityOfPage":{"@id":"https:\/\/wiki.dev.voka.io\/es\/enfermedades\/ginecologia\/vaginitis-inespecifica\/"},"wordCount":748,"publisher":{"@id":"https:\/\/wiki.dev.voka.io\/es\/#organization"},"image":{"@id":"https:\/\/wiki.dev.voka.io\/es\/enfermedades\/ginecologia\/vaginitis-inespecifica\/#primaryimage"},"thumbnailUrl":"https:\/\/storage.googleapis.com\/dev_wiki_voka_io_303011\/articles\/ru\/ginekologiya\/nespecificheskii-vaginit\/nespecificheskiy-vaginit-vid-pri-ginekologicheskom-osmotre-i-bokovaya-stenka-vlagalishcha.webp","inLanguage":"es"},{"@type":"WebPage","@id":"https:\/\/wiki.dev.voka.io\/es\/enfermedades\/ginecologia\/vaginitis-inespecifica\/","url":"https:\/\/wiki.dev.voka.io\/es\/enfermedades\/ginecologia\/vaginitis-inespecifica\/","name":"Vaginitis inespec\u00edfica: Causas, s\u00edntomas, diagn\u00f3stico, tratamiento","isPartOf":{"@id":"https:\/\/wiki.dev.voka.io\/es\/#website"},"primaryImageOfPage":{"@id":"https:\/\/wiki.dev.voka.io\/es\/enfermedades\/ginecologia\/vaginitis-inespecifica\/#primaryimage"},"image":{"@id":"https:\/\/wiki.dev.voka.io\/es\/enfermedades\/ginecologia\/vaginitis-inespecifica\/#primaryimage"},"thumbnailUrl":"https:\/\/storage.googleapis.com\/dev_wiki_voka_io_303011\/articles\/ru\/ginekologiya\/nespecificheskii-vaginit\/nespecificheskiy-vaginit-vid-pri-ginekologicheskom-osmotre-i-bokovaya-stenka-vlagalishcha.webp","datePublished":"2025-06-11T13:29:00+00:00","dateModified":"2025-11-06T08:08:01+00:00","description":"La vaginitis inespec\u00edfica es una inflamaci\u00f3n de la mucosa vaginal causada por la flora vaginal oportunista. Inf\u00f3rmate sobre las causas, los s\u00edntomas, el diagn\u00f3stico y el tratamiento.","breadcrumb":{"@id":"https:\/\/wiki.dev.voka.io\/es\/enfermedades\/ginecologia\/vaginitis-inespecifica\/#breadcrumb"},"inLanguage":"es","potentialAction":[{"@type":"ReadAction","target":["https:\/\/wiki.dev.voka.io\/es\/enfermedades\/ginecologia\/vaginitis-inespecifica\/"]}]},{"@type":"ImageObject","inLanguage":"es","@id":"https:\/\/wiki.dev.voka.io\/es\/enfermedades\/ginecologia\/vaginitis-inespecifica\/#primaryimage","url":"https:\/\/storage.googleapis.com\/dev_wiki_voka_io_303011\/articles\/ru\/ginekologiya\/nespecificheskii-vaginit\/nespecificheskiy-vaginit-vid-pri-ginekologicheskom-osmotre-i-bokovaya-stenka-vlagalishcha.webp","contentUrl":"https:\/\/storage.googleapis.com\/dev_wiki_voka_io_303011\/articles\/ru\/ginekologiya\/nespecificheskii-vaginit\/nespecificheskiy-vaginit-vid-pri-ginekologicheskom-osmotre-i-bokovaya-stenka-vlagalishcha.webp"},{"@type":"BreadcrumbList","@id":"https:\/\/wiki.dev.voka.io\/es\/enfermedades\/ginecologia\/vaginitis-inespecifica\/#breadcrumb","itemListElement":[{"@type":"ListItem","position":1,"name":"Home","item":"https:\/\/wiki.dev.voka.io\/es\/"},{"@type":"ListItem","position":2,"name":"Ginecolog\u00eda","item":"https:\/\/wiki.dev.voka.io\/es\/enfermedades\/ginecologia\/"},{"@type":"ListItem","position":3,"name":"Vaginitis inespec\u00edfica: Cuadro cl\u00ednico, diagn\u00f3stico, tratamiento"}]},{"@type":"WebSite","@id":"https:\/\/wiki.dev.voka.io\/es\/#website","url":"https:\/\/wiki.dev.voka.io\/es\/","name":"Voka Wiki","description":"","publisher":{"@id":"https:\/\/wiki.dev.voka.io\/es\/#organization"},"alternateName":"Anatomy & Pathology Wiki by VOKA","potentialAction":[{"@type":"SearchAction","target":{"@type":"EntryPoint","urlTemplate":"https:\/\/wiki.dev.voka.io\/es\/?s={search_term_string}"},"query-input":{"@type":"PropertyValueSpecification","valueRequired":true,"valueName":"search_term_string"}}],"inLanguage":"es"},{"@type":"Organization","@id":"https:\/\/wiki.dev.voka.io\/es\/#organization","name":"Voka 3D Anatomy & Pathology","alternateName":"VOKA","url":"https:\/\/wiki.dev.voka.io\/es\/","logo":{"@type":"ImageObject","inLanguage":"es","@id":"https:\/\/wiki.dev.voka.io\/es\/#\/schema\/logo\/image\/","url":"https:\/\/wiki.dev.voka.io\/wp-content\/uploads\/2025\/02\/cropped-voka-logo-1.png","contentUrl":"https:\/\/wiki.dev.voka.io\/wp-content\/uploads\/2025\/02\/cropped-voka-logo-1.png","width":70,"height":16,"caption":"Voka 3D Anatomy & Pathology"},"image":{"@id":"https:\/\/wiki.dev.voka.io\/es\/#\/schema\/logo\/image\/"},"sameAs":["https:\/\/www.facebook.com\/VOKA3DAnatomyAndPathology\/","https:\/\/www.instagram.com\/voka.io\/","https:\/\/www.linkedin.com\/company\/voka-io\/","https:\/\/www.youtube.com\/channel\/UCqGGuOEpr62ScH8Pjk2q5zw\/videos","https:\/\/www.pinterest.com\/VokaAnatomyPro\/","https:\/\/www.threads.com\/@voka.io"],"description":"VOKA.io offers 3D medical animations and custom 3D modeling services. Our product, VOKA 3D Anatomy & Pathology, is a digital atlas with over 1,000 detailed 3D models of human anatomy and pathology, designed for medical education, training, and patient communication.","email":"info@voka.io","telephone":"+1 814 351 4442","legalName":"Voka 3D Anatomy & Pathology","foundingDate":"2017-02-12","naics":"541512","numberOfEmployees":{"@type":"QuantitativeValue","minValue":"51","maxValue":"200"},"publishingPrinciples":"https:\/\/wiki.voka.io\/es\/principios-de-publicacion\/"},{"@type":"Person","@id":"https:\/\/wiki.dev.voka.io\/es\/#\/schema\/person\/d04503ecdd61b2f6c240df6ab8b6f3d3","name":"Daria G.","image":{"@type":"ImageObject","inLanguage":"es","@id":"https:\/\/wiki.dev.voka.io\/es\/#\/schema\/person\/image\/","url":"https:\/\/secure.gravatar.com\/avatar\/1faab9091e9e12b98ab4611e0e933edce775a5bbe4d7e27819593886426e21f3?s=96&d=mm&r=g","contentUrl":"https:\/\/secure.gravatar.com\/avatar\/1faab9091e9e12b98ab4611e0e933edce775a5bbe4d7e27819593886426e21f3?s=96&d=mm&r=g","caption":"Daria G."}}]}},"_links":{"self":[{"href":"https:\/\/wiki.dev.voka.io\/es\/wp-json\/wp\/v2\/diseases_post\/783","targetHints":{"allow":["GET"]}}],"collection":[{"href":"https:\/\/wiki.dev.voka.io\/es\/wp-json\/wp\/v2\/diseases_post"}],"about":[{"href":"https:\/\/wiki.dev.voka.io\/es\/wp-json\/wp\/v2\/types\/diseases_post"}],"author":[{"embeddable":true,"href":"https:\/\/wiki.dev.voka.io\/es\/wp-json\/wp\/v2\/users\/5"}],"wp:attachment":[{"href":"https:\/\/wiki.dev.voka.io\/es\/wp-json\/wp\/v2\/media?parent=783"}],"wp:term":[{"taxonomy":"diseases_category","embeddable":true,"href":"https:\/\/wiki.dev.voka.io\/es\/wp-json\/wp\/v2\/diseases_category?post=783"}],"curies":[{"name":"wp","href":"https:\/\/api.w.org\/{rel}","templated":true}]}}