{"id":4787,"date":"2026-02-12T16:09:00","date_gmt":"2026-02-12T13:09:00","guid":{"rendered":"https:\/\/wiki.dev.voka.io\/diseases\/uncategorized\/recuperacion-despues-de-neumonia\/"},"modified":"2026-04-01T18:39:12","modified_gmt":"2026-04-01T15:39:12","slug":"recuperacion-despues-de-neumonia","status":"publish","type":"diseases_post","link":"https:\/\/wiki.dev.voka.io\/es\/enfermedades\/neumologia\/recuperacion-despues-de-neumonia\/","title":{"rendered":"Recuperaci\u00f3n despu\u00e9s de la neumon\u00eda: etapas y m\u00e9todos de rehabilitaci\u00f3n"},"content":{"rendered":"<p><?xml encoding=\"UTF-8\" ?><\/p>\n<p>La neumon\u00eda es una enfermedad infecciosa e inflamatoria aguda que afecta a los pulmones, causada principalmente por bacterias o virus y, con menor frecuencia, por hongos y par\u00e1sitos.<\/p>\n<p>Desde 2019, la aparici\u00f3n de una nueva cepa de coronavirus se ha convertido en un problema de salud p\u00fablica significativo, lo que deriv\u00f3 en una pandemia mundial. El curso de la infecci\u00f3n por coronavirus es muy variable y abarca desde la ausencia completa de s\u00edntomas hasta la neumon\u00eda severa con insuficiencia respiratoria. <\/p>\n<p>Despu\u00e9s de la neumon\u00eda, los pacientes a menudo experimentan un proceso de recuperaci\u00f3n prolongado, atribuido a la recuperaci\u00f3n de la funci\u00f3n pulmonar, la estabilizaci\u00f3n de los procesos metab\u00f3licos y el fortalecimiento de la inmunidad. <\/p>\n<p><strong>Objetivo de la rehabilitaci\u00f3n para los pacientes en recuperaci\u00f3n de COVID-19<\/strong>:<\/p>\n<ul class=\"wp-block-list\">\n<li>Mejora de la respiraci\u00f3n; <\/li>\n<li>Alivio de la ansiedad y la depresi\u00f3n; <\/li>\n<li>Resoluci\u00f3n de complicaciones asociadas; <\/li>\n<li>Preservaci\u00f3n de funciones preexistentes y mejora de la salud. <\/li>\n<\/ul>\n<p>Los esfuerzos de rehabilitaci\u00f3n tienen como objetivo prevenir patolog\u00edas secundarias, como neuropat\u00eda, miopat\u00eda, disfunciones articulares y fibrosis pulmonar. Una rehabilitaci\u00f3n m\u00e9dica oportuna y bien planificada puede reducir significativamente la probabilidad de complicaciones, mejorar la calidad de vida y disminuir la frecuencia de recidivas de la enfermedad.<\/p>\n<h2 class=\"wp-block-heading\" id=\"etapas-de-la-rehabilitacion-medica-para-pacientes-despues-de-la-neumonia\">Etapas de la rehabilitaci\u00f3n m\u00e9dica para pacientes despu\u00e9s de la neumon\u00eda<\/h2>\n<ul class=\"wp-block-list\">\n<li><strong>Primera etapa<\/strong>: rehabilitaci\u00f3n temprana en unidades de cuidados intensivos. En esta etapa, se proporciona un conjunto integral de medidas de rehabilitaci\u00f3n m\u00e9dica tanto en las unidades de cuidados intensivos como en los departamentos de infectolog\u00eda y medicina interna, siempre que no existan contraindicaciones. <\/li>\n<li><strong>Segunda etapa<\/strong>: rehabilitaci\u00f3n temprana en departamentos especializados de rehabilitaci\u00f3n m\u00e9dica hospitalaria destinados a pacientes con enfermedades som\u00e1ticas.<\/li>\n<li><strong>Tercera etapa<\/strong>: organizaci\u00f3n de programas de rehabilitaci\u00f3n en hospitales de d\u00eda, centros de rehabilitaci\u00f3n ambulatoria y en el domicilio mediante soluciones de telemedicina. Se recomienda para pacientes con enfermedades som\u00e1ticas que tienen suficiente potencial de rehabilitaci\u00f3n. Para lograr el mayor efecto terap\u00e9utico, se recomienda realizar un conjunto de ejercicios tres veces por semana: dos veces bajo la supervisi\u00f3n de especialistas y una vez de forma independiente en casa.<\/li>\n<\/ul>\n<h2 class=\"wp-block-heading\" id=\"sintomas-de-neumonia-en-el-periodo-posterior-a-la-infeccion\">S\u00edntomas de neumon\u00eda en el per\u00edodo posterior a la infecci\u00f3n<\/h2>\n<p>Despu\u00e9s del alta, muchos pacientes tratados por neumon\u00eda por COVID-19 pueden continuar experimentando s\u00edntomas durante hasta 180 d\u00edas. Los s\u00edntomas m\u00e1s frecuentes son la fatiga (42,4 %) y la disnea (37,3 %). <\/p>\n<p>Los estudios indican que la COVID-19 tiene un impacto significativo en el estado psicoemocional de los pacientes. Por ejemplo, adem\u00e1s del insomnio despu\u00e9s del alta, aproximadamente el 20 % de los pacientes experimentaron depresi\u00f3n y ansiedad. <\/p>\n<p>La p\u00e9rdida del gusto y del olfato ocurre con frecuencia en la etapa temprana de la enfermedad y se resuelve en un plazo de cuatro semanas; sin embargo, una peque\u00f1a proporci\u00f3n de pacientes puede seguir experimentando estos s\u00edntomas durante un periodo m\u00e1s prolongado.<\/p>\n<p>Despu\u00e9s de la neumon\u00eda, muchos pacientes contin\u00faan experimentando las consecuencias en forma de <strong>disfunciones del sistema respiratorio<\/strong>:<\/p>\n<ul class=\"wp-block-list\">\n<li>Disminuci\u00f3n de la capacidad vital pulmonar;<\/li>\n<li>Alteraci\u00f3n de la relaci\u00f3n ventilaci\u00f3n-perfusi\u00f3n;<\/li>\n<li>Presencia de infiltrados residuales o cambios fibr\u00f3ticos en las radiograf\u00edas o tomograf\u00edas computarizadas;<\/li>\n<li>Aumento de la reactividad de las v\u00edas a\u00e9reas y predisposici\u00f3n a infecciones respiratorias recurrentes.<\/li>\n<\/ul>\n<h2 class=\"wp-block-heading\" id=\"planificacion-de-la-rehabilitacion-despues-de-una-neumonia\">Planificaci\u00f3n de la rehabilitaci\u00f3n despu\u00e9s de una neumon\u00eda<\/h2>\n<p>La recuperaci\u00f3n despu\u00e9s de una neumon\u00eda es un proceso de m\u00faltiples etapas que debe adaptarse a la gravedad de la neumon\u00eda, la edad del paciente y la presencia de enfermedades cr\u00f3nicas. <\/p>\n<p>Los mejores resultados se logran con una rehabilitaci\u00f3n integral compuesta por medicaci\u00f3n, electroterapia\/terapia restaurativa, rehabilitaci\u00f3n pulmonar, nutrici\u00f3n, cambios en el estilo de vida y apoyo psicol\u00f3gico. Esto afecta positivamente a la calidad de vida y reduce el riesgo de desarrollar complicaciones.<\/p>\n<p>Antes de planificar la rehabilitaci\u00f3n, un t\u00e9cnico eval\u00faa cualquier s\u00edntoma que pueda afectar a su seguridad.<\/p>\n<p>Los s\u00edntomas clave incluyen los siguientes:<\/p>\n<ul class=\"wp-block-list\">\n<li><strong><\/strong><strong>S\u00edntomas respiratorios<\/strong>: disnea, tos;<\/li>\n<li><strong>S\u00edntomas cardiovasculares<\/strong>: sensaci\u00f3n de opresi\u00f3n o malestar en el pecho, palpitaciones;<\/li>\n<li><strong>S\u00edntomas generales<\/strong>: fatiga, debilidad, fiebre;<\/li>\n<li><strong>S\u00edntomas neurol\u00f3gicos<\/strong>: dolor de cabeza, p\u00e9rdida de concentraci\u00f3n, problemas de memoria, alteraciones del sue\u00f1o, mareos, tinnitus;<\/li>\n<li><strong>S\u00edntomas gastrointestinales<\/strong>: dolor o incomodidad abdominal, n\u00e1useas, diarrea, anorexia y disminuci\u00f3n del apetito;<\/li>\n<li><strong>S\u00edntomas musculoesquel\u00e9ticos<\/strong>: dolor en las articulaciones, dolor muscular;<\/li>\n<li><strong>S\u00edntomas psicol\u00f3gicos<\/strong>: depresi\u00f3n, ansiedad.<\/li>\n<\/ul>\n<p>Luego, se desarrollar\u00e1 un plan de recuperaci\u00f3n junto con el paciente.<\/p>\n<h2 class=\"wp-block-heading\" id=\"metodos-de-recuperacion-y-terapia-restaurativa-para-los-pulmones-despues-de-la-neumonia\">M\u00e9todos de recuperaci\u00f3n y terapia restaurativa para los pulmones despu\u00e9s de la neumon\u00eda<\/h2>\n<h3 class=\"wp-block-heading\" id=\"terapia-farmacologica\">Terapia farmacol\u00f3gica<\/h3>\n<p>La terapia m\u00e9dica durante el per\u00edodo de recuperaci\u00f3n incluye continuar con el uso de medicamentos destinados a normalizar la permeabilidad bronquial y reducir el proceso inflamatorio:<\/p>\n<ul class=\"wp-block-list\">\n<li><strong>Mucol\u00edticos<\/strong> (ambroxol, acetilciste\u00edna), que promueven una evacuaci\u00f3n m\u00e1s f\u00e1cil de la mucosidad;<\/li>\n<li><strong>Vitaminas e inmunomoduladores<\/strong>, que brindan apoyo a las defensas del cuerpo.<\/li>\n<\/ul>\n<h3 class=\"wp-block-heading\" id=\"electroterapia-terapia-restaurativa\">Electroterapia\/terapia restaurativa<\/h3>\n<p>La electroterapia\/terapia restaurativa promueve la mejora de la microcirculaci\u00f3n, la reducci\u00f3n de la inflamaci\u00f3n y la recuperaci\u00f3n de la funci\u00f3n respiratoria:<\/p>\n<ul class=\"wp-block-list\">\n<li><strong>Inhalaciones<\/strong> con soluciones medicinales (soluci\u00f3n salina, agua mineral) para humedecer las v\u00edas a\u00e9reas y facilitar la evacuaci\u00f3n de las secreciones;<\/li>\n<li><strong>Terapia de UHF<\/strong> para reducir la inflamaci\u00f3n, mejorar la circulaci\u00f3n sangu\u00ednea y estimular los procesos de regeneraci\u00f3n en los tejidos pulmonares;<\/li>\n<li><strong>La electroforesis<\/strong> con medicamentos es un m\u00e9todo de administraci\u00f3n de sustancias activas a trav\u00e9s de la piel usando un campo el\u00e9ctrico, que proporciona un efecto terap\u00e9utico localizado;<\/li>\n<li><strong>El masaje de pecho con drenaje postural y vibraci\u00f3n<\/strong> es una t\u00e9cnica que promueve la expansi\u00f3n bronquial, mejora el drenaje broncopulmonar y aumenta la eficiencia del reflejo de la tos.<\/li>\n<\/ul>\n<figure class=\"wp-block-image size-large\"><img decoding=\"async\" src=\"https:\/\/storage.googleapis.com\/dev_wiki_voka_io_303011\/articles\/en\/pulmonology\/pneumonia-rehabilitation-in-sanatorium-inhalation-and-spirometry-control.webp\" alt=\"Rehabilitaci\u00f3n despu\u00e9s de la neumon\u00eda en sanatorios: un m\u00e9dico supervisa el proceso de inhalaci\u00f3n bajo control de espirometr\u00eda para los pacientes\"><figcaption class=\"wp-element-caption\">Rehabilitaci\u00f3n despu\u00e9s de la neumon\u00eda en sanatorios: un m\u00e9dico supervisa el proceso de inhalaci\u00f3n bajo control de espirometr\u00eda para los pacientes<\/figcaption><\/figure>\n<h3 class=\"wp-block-heading\" id=\"rehabilitacion-pulmonar\">Rehabilitaci\u00f3n pulmonar <\/h3>\n<p>La rehabilitaci\u00f3n pulmonar es un programa destinado a mejorar el estado pulmonar despu\u00e9s de la neumon\u00eda y fortalecer el bienestar emocional del paciente:<\/p>\n<ul class=\"wp-block-list\">\n<li><strong>Ejercicios de respiraci\u00f3n<\/strong>: ejercicios sobre respiraci\u00f3n diafragm\u00e1tica profunda, respiraci\u00f3n con labios fruncidos y ejercicios para la estimulaci\u00f3n de la tos;<\/li>\n<li><strong>Drenaje postural<\/strong>: colocaci\u00f3n del paciente en diversas posturas (tales como la inclinaci\u00f3n y rotaci\u00f3n del torso) para facilitar la evacuaci\u00f3n de mucosidad de las v\u00edas respiratorias inferiores mediante la gravedad;<\/li>\n<li><strong>Control de saturaci\u00f3n<\/strong> (nivel de saturaci\u00f3n de ox\u00edgeno en la sangre) durante los ejercicios f\u00edsicos. <\/li>\n<\/ul>\n<figure class=\"wp-block-image size-large\"><img decoding=\"async\" src=\"https:\/\/storage.googleapis.com\/dev_wiki_voka_io_303011\/articles\/en\/pulmonology\/breathing-exercises-under-rehabilitation-specialist-supervisionwebp\" alt=\"Realizaci\u00f3n de ejercicios respiratorios bajo la supervisi\u00f3n de un m\u00e9dico de rehabilitaci\u00f3n\"><figcaption class=\"wp-element-caption\">Realizaci\u00f3n de ejercicios respiratorios bajo la supervisi\u00f3n de un m\u00e9dico de rehabilitaci\u00f3n<\/figcaption><\/figure>\n<p><strong>Un programa de ejercicios<\/strong> debe incluir lo siguiente: <\/p>\n<ul class=\"wp-block-list\">\n<li>Entrenamiento de resistencia (bicicleta y cinta de correr); <\/li>\n<li>Gimnasia (una combinaci\u00f3n de ejercicios para mejorar la fuerza, la coordinaci\u00f3n, el rango de movimiento y el equilibrio); <\/li>\n<li>Caminatas en interiores y exteriores; <\/li>\n<li>Entrenamiento de fuerza. <\/li>\n<\/ul>\n<p>Para determinar el nivel adecuado de carga durante cualquier ejercicio f\u00edsico, es \u00f3ptimo utilizar el resultado de la prueba de marcha de 6 minutos o realizar una caminata de prueba individual al aire libre. <\/p>\n<p>Realizar estos procedimientos con regularidad promueve la restauraci\u00f3n de la ventilaci\u00f3n pulmonar normal, reduce los fen\u00f3menos residuales y aumenta la capacidad funcional general del sistema respiratorio.<\/p>\n<h3 class=\"wp-block-heading\" id=\"nutricion-y-estilo-de-vida\">Nutrici\u00f3n y estilo de vida<\/h3>\n<p>La nutrici\u00f3n equilibrada desempe\u00f1a un papel importante en el proceso de recuperaci\u00f3n despu\u00e9s de una neumon\u00eda. <\/p>\n<p><strong>Recomendaciones<\/strong>:<\/p>\n<ul class=\"wp-block-list\">\n<li>Aumentar el consumo de alimentos ricos en prote\u00ednas para fomentar la regeneraci\u00f3n de tejidos;<\/li>\n<li>Consumir alimentos que contengan la cantidad necesaria de nutrientes, como vitaminas A, E, C, D, vitaminas del grupo B, \u00e1cidos grasos omega-3 y minerales (hierro, cobre, selenio, zinc y magnesio), ya que ayudan a fortalecer el sistema inmunol\u00f3gico;<\/li>\n<li>Asegurar una ingesta adecuada de l\u00edquidos para fluidificar la mucosidad y facilitar su eliminaci\u00f3n;<\/li>\n<li>Evitar el exceso de alimentos grasos, salados, ahumados y dif\u00edciles de digerir;<\/li>\n<li>Dejar de tener h\u00e1bitos nocivos. El tabaquismo suprime la funci\u00f3n del epitelio ciliado, incrementa la inflamaci\u00f3n y ralentiza la recuperaci\u00f3n. El abandono total de la nicotina, as\u00ed como la limitaci\u00f3n del consumo de alcohol, promueven una recuperaci\u00f3n m\u00e1s r\u00e1pida del sistema respiratorio;<\/li>\n<li>Actividad f\u00edsica: comenzar con ejercicios ligeros como caminatas y ejercicios de respiraci\u00f3n, avanzando gradualmente hacia entrenamientos m\u00e1s complejos y activos. <\/li>\n<\/ul>\n<h3 class=\"wp-block-heading\" id=\"apoyo-psicologico\">Apoyo psicol\u00f3gico <\/h3>\n<p>El apoyo psicol\u00f3gico es una parte esencial de la rehabilitaci\u00f3n despu\u00e9s de una enfermedad severa, que puede estar acompa\u00f1ada de ansiedad, miedo, apat\u00eda o depresi\u00f3n. <\/p>\n<p>Es necesario brindar al paciente <strong>asistencia emocional y psicol\u00f3gica<\/strong>:<\/p>\n<ul class=\"wp-block-list\">\n<li>Consultas peri\u00f3dicas con un psic\u00f3logo o psicoterapeuta, tanto de forma presencial como en l\u00ednea mediante medios digitales y redes sociales;<\/li>\n<li>Entrenamiento en m\u00e9todos de relajaci\u00f3n, ejercicios de respiraci\u00f3n y gesti\u00f3n del estr\u00e9s.<\/li>\n<\/ul>\n<div class=\"social-banner-block\">\n<div class=\"social-banner-content\">\n<p class=\"h5-title text-black\">Encuentra m\u00e1s contenido cient\u00edficamente preciso en nuestras redes sociales<\/p>\n<p><span class=\"social-banner-text text-grey\">Suscr\u00edbete y no te pierdas los \u00faltimos recursos<\/span><\/p>\n<div class=\"social-links-wrapper\"><a class=\"social-icon-link\" href=\"https:\/\/www.facebook.com\/VOKA3DAnatomyAndPathology\/\" target=\"_blank\" rel=\"nofollow noopener\"><img decoding=\"async\" src=\"https:\/\/storage.googleapis.com\/dev_wiki_voka_io_303011\/common\/Social%20Icons\/facebook.svg\" alt=\"social link\"><\/a><a class=\"social-icon-link\" href=\"https:\/\/www.instagram.com\/voka.io\/\" target=\"_blank\" rel=\"nofollow noopener\"><img decoding=\"async\" src=\"https:\/\/storage.googleapis.com\/dev_wiki_voka_io_303011\/common\/Social%20Icons\/insta.svg\" alt=\"social link\"><\/a><a class=\"social-icon-link\" href=\"https:\/\/www.linkedin.com\/company\/voka-io\/posts\/?feedView=all\" target=\"_blank\" rel=\"nofollow noopener\"><img decoding=\"async\" src=\"https:\/\/storage.googleapis.com\/dev_wiki_voka_io_303011\/common\/Social%20Icons\/linkedin.svg\" alt=\"social link\"><\/a><a class=\"social-icon-link\" href=\"https:\/\/www.youtube.com\/@vokaio\" target=\"_blank\" rel=\"nofollow noopener\"><img decoding=\"async\" src=\"https:\/\/storage.googleapis.com\/dev_wiki_voka_io_303011\/common\/Social%20Icons\/youtube.svg\" alt=\"social link\"><\/a><a class=\"social-icon-link\" href=\"https:\/\/www.pinterest.com\/voka3danatomyandpathology\/\" target=\"_blank\" rel=\"nofollow noopener\"><img decoding=\"async\" src=\"https:\/\/storage.googleapis.com\/dev_wiki_voka_io_303011\/common\/Social%20Icons\/pinterest.svg\" alt=\"social link\"><\/a><a class=\"social-icon-link\" href=\"https:\/\/www.tiktok.com\/@voka.io\" target=\"_blank\" rel=\"nofollow noopener\"><img decoding=\"async\" src=\"https:\/\/storage.googleapis.com\/dev_wiki_voka_io_303011\/common\/Social%20Icons\/tiktok.svg\" alt=\"social link\"><\/a><a class=\"social-icon-link\" href=\"https:\/\/discord.gg\/7ejUpq8DRR\" target=\"_blank\" rel=\"nofollow noopener\"><img decoding=\"async\" src=\"https:\/\/storage.googleapis.com\/dev_wiki_voka_io_303011\/common\/Social%20Icons\/discord.svg\" alt=\"social link\"><\/a><\/div>\n<\/div>\n<p><img decoding=\"async\" class=\"social-banner-image\" loading=\"lazy\" src=\"https:\/\/storage.googleapis.com\/dev_wiki_voka_io_303011\/common\/social-media-banner-mobile-image.webp\" alt=\"Banner background\"><\/div>\n<h2 class=\"wp-block-heading\" id=\"prevencion-de-recurrencias\">Prevenci\u00f3n de recurrencias<\/h2>\n<p>Para reducir el riesgo de ataques recurrentes de neumon\u00eda, es importante seguir estas <strong>medidas preventivas<\/strong>:<\/p>\n<ul class=\"wp-block-list\">\n<li>Vacunaci\u00f3n programada contra la gripe y la infecci\u00f3n neumoc\u00f3cica (especialmente para pacientes con dos o m\u00e1s enfermedades cr\u00f3nicas, principalmente los mayores de 50 a\u00f1os);<\/li>\n<li>Tratamiento de las enfermedades respiratorias agudas inmediatamente tras su detecci\u00f3n;<\/li>\n<li>Nutrici\u00f3n equilibrada y racional que garantice la ingesta de todos los macronutrientes y micronutrientes, especialmente la vitamina D, que es significativa en el desarrollo de infecciones v\u00edricas; <\/li>\n<li>Control sistem\u00e1tico de las patolog\u00edas cr\u00f3nicas asociadas;<\/li>\n<li>Ex\u00e1menes m\u00e9dicos peri\u00f3dicos para la detecci\u00f3n temprana de enfermedades.<\/li>\n<\/ul>\n<p>La recuperaci\u00f3n de la neumon\u00eda de cualquier origen es un proceso prolongado, con cronogramas que var\u00edan entre diferentes pacientes. La duraci\u00f3n de la rehabilitaci\u00f3n depende de la edad, las caracter\u00edsticas individuales del cuerpo y la presencia de comorbilidades cr\u00f3nicas.<\/p>\n<p>Una parte significativa de los pacientes con neumon\u00eda por COVID-19 sigue experimentando s\u00edntomas durante 3 a 6 meses despu\u00e9s del alta hospitalaria. Las quejas m\u00e1s frecuentes son fatiga, disnea por esfuerzo f\u00edsico, insomnio y ansiedad. La disnea durante la actividad f\u00edsica se asocia con cambios persistentes identificados en ex\u00e1menes instrumentales de los pulmones y cambios en la capacidad de difusi\u00f3n pulmonar. <\/p>\n<p>Gracias a la introducci\u00f3n de nuevas tecnolog\u00edas que permiten a los m\u00e9dicos monitorear la salud del paciente despu\u00e9s del alta, la adherencia al programa de rehabilitaci\u00f3n aumenta significativamente. Por ejemplo, la telerrehabilitaci\u00f3n puede ayudar a evitar una interrupci\u00f3n en la atenci\u00f3n m\u00e9dica despu\u00e9s del alta hospitalaria de pacientes que han padecido neumon\u00eda.<\/p>\n<div>\n<h2 class=\"faq-title h2-article\" id=\"faq\">FAQ<\/h2>\n<div class=\"faq-section\">\n<div class=\"faq-item faq-answer-hidden\">\n<div class=\"question-block\">\n<div class=\"faq-question\">\n<p class=\" text-black h5-title\">1. \u00bfCu\u00e1l es la peculiaridad de la rehabilitaci\u00f3n despu\u00e9s de una neumon\u00eda bilateral?<\/p>\n<\/div>\n<div class=\"faq-answer text-main-text-color main-text-medium\">La neumon\u00eda bilateral se caracteriza por la afectaci\u00f3n de ambos pulmones, lo que aumenta significativamente el volumen de tejido da\u00f1ado y el riesgo de fibrosis o insuficiencia respiratoria. La recuperaci\u00f3n en estos casos requiere de un periodo m\u00e1s prolongado y de una estrecha vigilancia m\u00e9dica, que a menudo incluye el monitoreo din\u00e1mico de la saturaci\u00f3n y un ciclo extendido de fisioterapia para prevenir procesos adherenciales en todos los l\u00f3bulos pulmonares.<\/div>\n<\/div>\n<div class=\"expand-button-wrapper\"><button class=\"text-accent expand-button\">+<\/button><\/div>\n<\/div>\n<div class=\"faq-item faq-answer-hidden\">\n<div class=\"question-block\">\n<div class=\"faq-question\">\n<p class=\" text-black h5-title\">2. \u00bfC\u00f3mo se produce la recuperaci\u00f3n de la neumon\u00eda en ni\u00f1os?<\/p>\n<\/div>\n<div class=\"faq-answer text-main-text-color main-text-medium\">El cuerpo del ni\u00f1o tiene altas capacidades regenerativas, por lo que la recuperaci\u00f3n fisiol\u00f3gica a menudo ocurre m\u00e1s r\u00e1pido que en los adultos; sin embargo, requiere un enfoque espec\u00edfico. La rehabilitaci\u00f3n infantil debe excluir cargas intensivas en favor de terapia f\u00edsica l\u00fadica y largas caminatas al aire libre, con especial atenci\u00f3n a una dieta hipoalerg\u00e9nica y tratamiento en sanatorios o balnearios para fortalecer la inmunidad general.<\/div>\n<\/div>\n<div class=\"expand-button-wrapper\"><button class=\"text-accent expand-button\">+<\/button><\/div>\n<\/div>\n<div class=\"faq-item faq-answer-hidden\">\n<div class=\"question-block\">\n<div class=\"faq-question\">\n<p class=\" text-black h5-title\">3. \u00bfC\u00f3mo acelerar el proceso de recuperaci\u00f3n de los pulmones y del cuerpo en general?<\/p>\n<\/div>\n<div class=\"faq-answer text-main-text-color main-text-medium\">No es posible forzar los procesos de regeneraci\u00f3n biol\u00f3gica, pero la estricta adhesi\u00f3n a un r\u00e9gimen integral puede prevenir la prolongaci\u00f3n de la enfermedad. Para lograr una recuperaci\u00f3n lo m\u00e1s r\u00e1pida posible y sin complicaciones, es necesario combinar el tratamiento farmacol\u00f3gico con ejercicios respiratorios diarios y un descanso adecuado, evitando estrictamente intentar sobrellevar el malestar residual mediante la deambulaci\u00f3n precoz o el mantenimiento de las actividades habituales, ya que esto constituye una de las principales causas de recidiva.<\/div>\n<\/div>\n<div class=\"expand-button-wrapper\"><button class=\"text-accent expand-button\">+<\/button><\/div>\n<\/div>\n<div class=\"faq-item faq-answer-hidden\">\n<div class=\"question-block\">\n<div class=\"faq-question\">\n<p class=\" text-black h5-title\">4. \u00bfQu\u00e9 m\u00e9todos ayudan a restaurar la respiraci\u00f3n despu\u00e9s de una neumon\u00eda por COVID?<\/p>\n<\/div>\n<div class=\"faq-answer text-main-text-color main-text-medium\">La rehabilitaci\u00f3n respiratoria regular desempe\u00f1a un papel fundamental en la restauraci\u00f3n de la funci\u00f3n mec\u00e1nica ventilatoria y en la recuperaci\u00f3n del volumen pulmonar total tras la COVID-19. El enfoque principal reside en la respiraci\u00f3n diafragm\u00e1tica, que involucra las bases pulmonares, y en los ejercicios de fonaci\u00f3n, los cuales contribuyen a mitigar el broncoespasmo y a mejorar la expectoraci\u00f3n de esputo; resulta fundamental incrementar la intensidad de estos ejercicios de forma gradual, siempre que no se presente mareo.<\/div>\n<\/div>\n<div class=\"expand-button-wrapper\"><button class=\"text-accent expand-button\">+<\/button><\/div>\n<\/div>\n<div class=\"faq-item faq-answer-hidden\">\n<div class=\"question-block\">\n<div class=\"faq-question\">\n<p class=\" text-black h5-title\">5. \u00bfEs posible practicar deportes inmediatamente despu\u00e9s del alta?<\/p>\n<\/div>\n<div class=\"faq-answer text-main-text-color main-text-medium\">El retorno a los deportes activos debe ser gradual, ya que los sistemas cardiovascular y respiratorio permanecen vulnerables, incluso despu\u00e9s de la desaparici\u00f3n de los s\u00edntomas principales. Es aconsejable comenzar con caminatas terap\u00e9uticas y ejercicios de estiramiento, para pasar a entrenamientos de fuerza y cardio solo despu\u00e9s de consultar con un m\u00e9dico y realizar pruebas funcionales que confirmen que el cuerpo est\u00e1 listo para el esfuerzo.<\/div>\n<\/div>\n<div class=\"expand-button-wrapper\"><button class=\"text-accent expand-button\">+<\/button><\/div>\n<\/div>\n<\/div>\n<\/div>\n<div class=\"sources-list-block sources-list-hidden\" id=\"bibliografia\">\n<div class=\"sources-list-content\">\n<div class=\"sources-list-title\">\n<p class=\"small-text-bold text-black sources-list-title-text\">Bibliograf\u00eda<\/p>\n<div class=\"sources-expand-button-wrapper-mobile\">\n<div class=\"sources-expand-button\"><svg width=\"32\" height=\"32\" viewbox=\"0 0 32 32\" fill=\"none\" xmlns=\"http:\/\/www.w3.org\/2000\/svg\"><path d=\"M8 12L16 20L24 12\" stroke=\"#8C9AAB\" stroke-width=\"2\" stroke-linecap=\"round\" stroke-linejoin=\"round\"><\/path><\/svg><\/div>\n<\/div>\n<\/div>\n<div class=\"sources-list-items\">\n<div class=\"source-item\">\n<p class=\"main-text-semibold text-black\">1.<\/p>\n<div class=\"source-item-content\">\n<p class=\"main-text-semibold text-black\"><cite>VOKA 3D Anatomy & Pathology \u2013 Complete Anatomy and Pathology 3D Atlas [Internet]. VOKA 3D Anatomy & Pathology. <\/cite><\/p>\n<p><span class=\"small-text-medium text-grey\">Disponible en: https:\/\/catalog.voka.io\/<\/span><\/div>\n<\/div>\n<div class=\"source-item\">\n<p class=\"main-text-semibold text-black\">2.<\/p>\n<div class=\"source-item-content\">\n<p class=\"main-text-semibold text-black\"><cite>Spruit MA, Singh SJ, Garvey C, ZuWallack R, Nici L, Rochester C, Hill K, Holland AE, Lareau SC, Man WD c., Pitta F, Sewell L, Raskin J, Bourbeau J, Crouch R, Franssen FME, Casaburi R, Vercoulen JH, Vogiatzis I, Gosselink R, Clini EM, Effing TW, Maltais F, Van Der Palen J, Troosters T, Janssen DJA, Collins E, Garcia-Aymerich J, Brooks D, Fahy BF, Puhan MA, Hoogendoorn M, Garrod R, Schols AMWJ, Carlin B, Benzo R, Meek P, Morgan M, M\u00f6lken MPMHRV, Ries AL, Make B, Goldstein RS, Dowson CA, Brozek JL, Donner CF, Wouters EFM. Declaraci\u00f3n oficial de la Sociedad Tor\u00e1cica Americana\/Sociedad Respiratoria Europea: conceptos clave y avances en rehabilitaci\u00f3n pulmonar [An official American Thoracic Society\/European Respiratory Society Statement: Key Concepts and Advances in Pulmonary Rehabilitation]. American Journal of Respiratory and Critical Care Medicine [Internet]. 15 oct 2013;188(8):e13\u2013e64. <\/cite><\/p>\n<p><span class=\"small-text-medium text-grey\">Disponible en: https:\/\/doi.org\/10.1164\/rccm.201309-1634st<\/span><\/div>\n<\/div>\n<div class=\"source-item\">\n<p class=\"main-text-semibold text-black\">3.<\/p>\n<div class=\"source-item-content\">\n<p class=\"main-text-semibold text-black\"><cite>Paneroni M, Vitacca M, Bernocchi P, Bertacchini L, Scalvini S. Viabilidad de la telerrehabilitaci\u00f3n en supervivientes de neumon\u00eda por COVID-19 [Feasibility of tele-rehabilitation in survivors of COVID-19 pneumonia]. Pulmonology [Internet]. 15 abr 2021;28(2):152\u2013154. <\/cite><\/p>\n<p><span class=\"small-text-medium text-grey\">Disponible en: https:\/\/doi.org\/10.1016\/j.pulmoe.2021.03.009<\/span><\/div>\n<\/div>\n<div class=\"source-item\">\n<p class=\"main-text-semibold text-black\">4.<\/p>\n<div class=\"source-item-content\">\n<p class=\"main-text-semibold text-black\"><cite>Asimakos A, Spetsioti S, Mavronasou A, Gounopoulos P, Siousioura D, Dima E, Gianniou N, Sigala I, Zakynthinos G, Kotanidou A, Vogiatzis I, Katsaounou P. Beneficio adicional de la rehabilitaci\u00f3n sobre el estado f\u00edsico, los s\u00edntomas y la salud mental despu\u00e9s de la hospitalizaci\u00f3n por neumon\u00eda por COVID-19 severa [Additive benefit of rehabilitation on physical status, symptoms and mental health after hospitalisation for severe COVID-19 pneumonia]. BMJ Open Respiratory Research [Internet]. 1 jun 2023;10(1):e001377. <\/cite><\/p>\n<p><span class=\"small-text-medium text-grey\">Disponible en: https:\/\/doi.org\/10.1136\/bmjresp-2022-001377<\/span><\/div>\n<\/div>\n<div class=\"source-item\">\n<p class=\"main-text-semibold text-black\">5.<\/p>\n<div class=\"source-item-content\">\n<p class=\"main-text-semibold text-black\"><cite>Salehi Z, Askari M, Jafari A, Ghosn B, Surkan PJ, Hosseinzadeh-Attar MJ, Pouraram H, Azadbakht L. Patrones diet\u00e9ticos y micronutrientes en infecciones respiratorias, incluida la COVID-19: una revisi\u00f3n narrativa [Dietary patterns and micronutrients in respiratory infections including COVID-19: a narrative review]. BMC Public Health [Internet]. 21 jun 2024;24(1):1661. <\/cite><\/p>\n<p><span class=\"small-text-medium text-grey\">Disponible en: https:\/\/doi.org\/10.1186\/s12889-024-18760-y<\/span><\/div>\n<\/div>\n<div class=\"source-item\">\n<p class=\"main-text-semibold text-black\">6.<\/p>\n<div class=\"source-item-content\">\n<p class=\"main-text-semibold text-black\"><cite>Moscatelli F, Sessa F, Valenzano A, Polito R, Monda V, Cibelli G, Villano I, Pisanelli D, Perrella M, Daniele A, Monda M, Messina G, Messina A. COVID-19: papel de la nutrici\u00f3n y la suplementaci\u00f3n [COVID-19: Role of nutrition and supplementation]. Nutrients [Internet]. 17 mar 2021;13(3):976. <\/cite><\/p>\n<p><span class=\"small-text-medium text-grey\">Disponible en: https:\/\/doi.org\/10.3390\/nu13030976<\/span><\/div>\n<\/div>\n<div class=\"source-item\">\n<p class=\"main-text-semibold text-black\">7.<\/p>\n<div class=\"source-item-content\">\n<p class=\"main-text-semibold text-black\"><cite>Soklaridis S, Lin E, Lalani Y, Rodak T, Sockalingam S. Intervenciones y apoyos para la salud mental durante la COVID-19 y otras pandemias m\u00e9dicas: una revisi\u00f3n sistem\u00e1tica r\u00e1pida de la evidencia [Mental health interventions and supports during COVID- 19 and other medical pandemics: A rapid systematic review of the evidence]. General Hospital Psychiatry [Internet]. 22 ago 2020;66:133\u2013146. <\/cite><\/p>\n<p><span class=\"small-text-medium text-grey\">Disponible en: https:\/\/doi.org\/10.1016\/j.genhosppsych.2020.08.007<\/span><\/div>\n<\/div>\n<div class=\"source-item\">\n<p class=\"main-text-semibold text-black\">8.<\/p>\n<div class=\"source-item-content\">\n<p class=\"main-text-semibold text-black\"><cite>Sun T, Guo L, Tian F, Dai T, Xing X, Zhao J, Li Q. Rehabilitaci\u00f3n de pacientes con COVID-19 [Rehabilitation of patients with COVID-19]. Expert Review of Respiratory Medicine [Internet]. 16 ago 2020;14(12):1249\u20131256. <\/cite><\/p>\n<p><span class=\"small-text-medium text-grey\">Disponible en: https:\/\/doi.org\/10.1080\/17476348.2020.1811687<\/span><\/div>\n<\/div>\n<div class=\"source-item\">\n<p class=\"main-text-semibold text-black\">9.<\/p>\n<div class=\"source-item-content\">\n<p class=\"main-text-semibold text-black\"><cite>Fortini A, Torrigiani A, Sbaragli S, Lo Forte A, Crociani A, Cecchini P, Bruni GI, Faraone A. COVID-19: persistencia de s\u00edntomas y alteraciones pulmonares despu\u00e9s de 3 a 6 meses desde el alta hospitalaria [COVID-19: persistence of symptoms and lung alterations after 3\u20136 months from hospital discharge]. Infecci\u00f3n [Internet]. 6 jun 2021;49(5):1007\u20131015. <\/cite><\/p>\n<p><span class=\"small-text-medium text-grey\">Disponible en: https:\/\/doi.org\/10.1007\/s15010-021-01638-1<\/span><\/div>\n<\/div>\n<div class=\"source-item\">\n<p class=\"main-text-semibold text-black\">10.<\/p>\n<div class=\"source-item-content\">\n<p class=\"main-text-semibold text-black\"><cite>Spielmanns M, Pekacka-Egli AM, Schoendorf S, Windisch W, Hermann M. Efectos de una rehabilitaci\u00f3n pulmonar integral en pacientes con un cuadro cl\u00ednico pos-COVID-19 severo [Effects of a comprehensive pulmonary rehabilitation in severe Post-COVID-19 patients]. International Journal of Environmental Research and Public Health [Internet]. 7 mar 2021;18(5):2695. <\/cite><\/p>\n<p><span class=\"small-text-medium text-grey\">Disponible en: https:\/\/doi.org\/10.3390\/ijerph18052695<\/span><\/div>\n<\/div>\n<\/div>\n<\/div>\n<div class=\"sources-expand-button-wrapper\">\n<div class=\"sources-expand-button\"><svg width=\"32\" height=\"32\" viewbox=\"0 0 32 32\" fill=\"none\" xmlns=\"http:\/\/www.w3.org\/2000\/svg\"><path d=\"M8 12L16 20L24 12\" stroke=\"#8C9AAB\" stroke-width=\"2\" stroke-linecap=\"round\" stroke-linejoin=\"round\"><\/path><\/svg><\/div>\n<\/div>\n<\/div>\n","protected":false},"excerpt":{"rendered":"<p>La neumon\u00eda es una enfermedad infecciosa e inflamatoria aguda que afecta a los pulmones, causada principalmente por bacterias o virus y, con menor frecuencia, por hongos y par\u00e1sitos. Desde 2019, la aparici\u00f3n de una nueva cepa de coronavirus se ha convertido en un problema de salud p\u00fablica significativo, lo que deriv\u00f3 en una pandemia mundial. [&hellip;]<\/p>\n","protected":false},"author":30,"featured_media":0,"template":"","diseases_category":[271],"class_list":["post-4787","diseases_post","type-diseases_post","status-publish","hentry","diseases_category-neumologia"],"acf":[],"yoast_head":"<!-- This site is optimized with the Yoast SEO Premium plugin v25.0 (Yoast SEO v26.5) - https:\/\/yoast.com\/wordpress\/plugins\/seo\/ -->\n<title>Restauraci\u00f3n de la funci\u00f3n pulmonar despu\u00e9s de la neumon\u00eda: etapas y m\u00e9todos de rehabilitaci\u00f3n<\/title>\n<meta name=\"description\" content=\"Recuperaci\u00f3n despu\u00e9s de una neumon\u00eda y la COVID-19. Etapas de la rehabilitaci\u00f3n m\u00e9dica, m\u00e9todos de electroterapia\/terapia restaurativa, pautas diet\u00e9ticas y prevenci\u00f3n de complicaciones.\" \/>\n<meta name=\"robots\" content=\"noindex, follow, max-snippet:-1, max-image-preview:large, max-video-preview:-1\" \/>\n<meta property=\"og:locale\" content=\"es_ES\" \/>\n<meta property=\"og:type\" content=\"article\" \/>\n<meta property=\"og:title\" content=\"Recuperaci\u00f3n despu\u00e9s de la neumon\u00eda: etapas y m\u00e9todos de rehabilitaci\u00f3n\" \/>\n<meta property=\"og:description\" content=\"Recuperaci\u00f3n despu\u00e9s de una neumon\u00eda y la COVID-19. Etapas de la rehabilitaci\u00f3n m\u00e9dica, m\u00e9todos de electroterapia\/terapia restaurativa, pautas diet\u00e9ticas y prevenci\u00f3n de complicaciones.\" \/>\n<meta property=\"og:url\" content=\"https:\/\/wiki.dev.voka.io\/es\/enfermedades\/neumologia\/recuperacion-despues-de-neumonia\/\" \/>\n<meta property=\"og:site_name\" content=\"Voka Wiki\" \/>\n<meta property=\"article:publisher\" content=\"https:\/\/www.facebook.com\/VOKA3DAnatomyAndPathology\/\" \/>\n<meta property=\"article:modified_time\" content=\"2026-04-01T15:39:12+00:00\" \/>\n<meta property=\"og:image\" content=\"https:\/\/storage.googleapis.com\/dev_wiki_voka_io_303011\/articles\/en\/pulmonology\/pneumonia-rehabilitation-in-sanatorium-inhalation-and-spirometry-control.webp\" \/>\n<meta name=\"twitter:card\" content=\"summary_large_image\" \/>\n<meta name=\"twitter:label1\" content=\"Tiempo de lectura\" \/>\n\t<meta name=\"twitter:data1\" content=\"9 minutos\" \/>\n<script type=\"application\/ld+json\" class=\"yoast-schema-graph\">{\"@context\":\"https:\/\/schema.org\",\"@graph\":[{\"@type\":\"Article\",\"@id\":\"https:\/\/wiki.dev.voka.io\/es\/enfermedades\/neumologia\/recuperacion-despues-de-neumonia\/#article\",\"isPartOf\":{\"@id\":\"https:\/\/wiki.dev.voka.io\/es\/enfermedades\/neumologia\/recuperacion-despues-de-neumonia\/\"},\"author\":{\"name\":\"Lizaveta D.\",\"@id\":\"https:\/\/wiki.dev.voka.io\/es\/#\/schema\/person\/69a6fd4e1e80b2091a8e5f32338900c2\"},\"headline\":\"Recuperaci\u00f3n despu\u00e9s de la neumon\u00eda: etapas y m\u00e9todos de rehabilitaci\u00f3n\",\"datePublished\":\"2026-02-12T13:09:00+00:00\",\"dateModified\":\"2026-04-01T15:39:12+00:00\",\"mainEntityOfPage\":{\"@id\":\"https:\/\/wiki.dev.voka.io\/es\/enfermedades\/neumologia\/recuperacion-despues-de-neumonia\/\"},\"wordCount\":1845,\"publisher\":{\"@id\":\"https:\/\/wiki.dev.voka.io\/es\/#organization\"},\"image\":{\"@id\":\"https:\/\/wiki.dev.voka.io\/es\/enfermedades\/neumologia\/recuperacion-despues-de-neumonia\/#primaryimage\"},\"thumbnailUrl\":\"https:\/\/storage.googleapis.com\/dev_wiki_voka_io_303011\/articles\/en\/pulmonology\/pneumonia-rehabilitation-in-sanatorium-inhalation-and-spirometry-control.webp\",\"inLanguage\":\"es\"},{\"@type\":\"WebPage\",\"@id\":\"https:\/\/wiki.dev.voka.io\/es\/enfermedades\/neumologia\/recuperacion-despues-de-neumonia\/\",\"url\":\"https:\/\/wiki.dev.voka.io\/es\/enfermedades\/neumologia\/recuperacion-despues-de-neumonia\/\",\"name\":\"Restauraci\u00f3n de la funci\u00f3n pulmonar despu\u00e9s de la neumon\u00eda: etapas y m\u00e9todos de rehabilitaci\u00f3n\",\"isPartOf\":{\"@id\":\"https:\/\/wiki.dev.voka.io\/es\/#website\"},\"primaryImageOfPage\":{\"@id\":\"https:\/\/wiki.dev.voka.io\/es\/enfermedades\/neumologia\/recuperacion-despues-de-neumonia\/#primaryimage\"},\"image\":{\"@id\":\"https:\/\/wiki.dev.voka.io\/es\/enfermedades\/neumologia\/recuperacion-despues-de-neumonia\/#primaryimage\"},\"thumbnailUrl\":\"https:\/\/storage.googleapis.com\/dev_wiki_voka_io_303011\/articles\/en\/pulmonology\/pneumonia-rehabilitation-in-sanatorium-inhalation-and-spirometry-control.webp\",\"datePublished\":\"2026-02-12T13:09:00+00:00\",\"dateModified\":\"2026-04-01T15:39:12+00:00\",\"description\":\"Recuperaci\u00f3n despu\u00e9s de una neumon\u00eda y la COVID-19. Etapas de la rehabilitaci\u00f3n m\u00e9dica, m\u00e9todos de electroterapia\/terapia restaurativa, pautas diet\u00e9ticas y prevenci\u00f3n de complicaciones.\",\"breadcrumb\":{\"@id\":\"https:\/\/wiki.dev.voka.io\/es\/enfermedades\/neumologia\/recuperacion-despues-de-neumonia\/#breadcrumb\"},\"inLanguage\":\"es\",\"potentialAction\":[{\"@type\":\"ReadAction\",\"target\":[\"https:\/\/wiki.dev.voka.io\/es\/enfermedades\/neumologia\/recuperacion-despues-de-neumonia\/\"]}]},{\"@type\":\"ImageObject\",\"inLanguage\":\"es\",\"@id\":\"https:\/\/wiki.dev.voka.io\/es\/enfermedades\/neumologia\/recuperacion-despues-de-neumonia\/#primaryimage\",\"url\":\"https:\/\/storage.googleapis.com\/dev_wiki_voka_io_303011\/articles\/en\/pulmonology\/pneumonia-rehabilitation-in-sanatorium-inhalation-and-spirometry-control.webp\",\"contentUrl\":\"https:\/\/storage.googleapis.com\/dev_wiki_voka_io_303011\/articles\/en\/pulmonology\/pneumonia-rehabilitation-in-sanatorium-inhalation-and-spirometry-control.webp\"},{\"@type\":\"BreadcrumbList\",\"@id\":\"https:\/\/wiki.dev.voka.io\/es\/enfermedades\/neumologia\/recuperacion-despues-de-neumonia\/#breadcrumb\",\"itemListElement\":[{\"@type\":\"ListItem\",\"position\":1,\"name\":\"Home\",\"item\":\"https:\/\/wiki.dev.voka.io\/es\/\"},{\"@type\":\"ListItem\",\"position\":2,\"name\":\"Neumolog\u00eda\",\"item\":\"https:\/\/wiki.dev.voka.io\/es\/enfermedades\/neumologia\/\"},{\"@type\":\"ListItem\",\"position\":3,\"name\":\"Recuperaci\u00f3n despu\u00e9s de la neumon\u00eda: etapas y m\u00e9todos de rehabilitaci\u00f3n\"}]},{\"@type\":\"WebSite\",\"@id\":\"https:\/\/wiki.dev.voka.io\/es\/#website\",\"url\":\"https:\/\/wiki.dev.voka.io\/es\/\",\"name\":\"Voka Wiki\",\"description\":\"\",\"publisher\":{\"@id\":\"https:\/\/wiki.dev.voka.io\/es\/#organization\"},\"alternateName\":\"Anatomy & Pathology Wiki by VOKA\",\"potentialAction\":[{\"@type\":\"SearchAction\",\"target\":{\"@type\":\"EntryPoint\",\"urlTemplate\":\"https:\/\/wiki.dev.voka.io\/es\/?s={search_term_string}\"},\"query-input\":{\"@type\":\"PropertyValueSpecification\",\"valueRequired\":true,\"valueName\":\"search_term_string\"}}],\"inLanguage\":\"es\"},{\"@type\":\"Organization\",\"@id\":\"https:\/\/wiki.dev.voka.io\/es\/#organization\",\"name\":\"Voka 3D Anatomy & Pathology\",\"alternateName\":\"VOKA\",\"url\":\"https:\/\/wiki.dev.voka.io\/es\/\",\"logo\":{\"@type\":\"ImageObject\",\"inLanguage\":\"es\",\"@id\":\"https:\/\/wiki.dev.voka.io\/es\/#\/schema\/logo\/image\/\",\"url\":\"https:\/\/wiki.dev.voka.io\/wp-content\/uploads\/2025\/02\/cropped-voka-logo-1.png\",\"contentUrl\":\"https:\/\/wiki.dev.voka.io\/wp-content\/uploads\/2025\/02\/cropped-voka-logo-1.png\",\"width\":70,\"height\":16,\"caption\":\"Voka 3D Anatomy & Pathology\"},\"image\":{\"@id\":\"https:\/\/wiki.dev.voka.io\/es\/#\/schema\/logo\/image\/\"},\"sameAs\":[\"https:\/\/www.facebook.com\/VOKA3DAnatomyAndPathology\/\",\"https:\/\/www.instagram.com\/voka.io\/\",\"https:\/\/www.linkedin.com\/company\/voka-io\/\",\"https:\/\/www.youtube.com\/channel\/UCqGGuOEpr62ScH8Pjk2q5zw\/videos\",\"https:\/\/www.pinterest.com\/VokaAnatomyPro\/\",\"https:\/\/www.threads.com\/@voka.io\"],\"description\":\"VOKA.io offers 3D medical animations and custom 3D modeling services. Our product, VOKA 3D Anatomy & Pathology, is a digital atlas with over 1,000 detailed 3D models of human anatomy and pathology, designed for medical education, training, and patient communication.\",\"email\":\"info@voka.io\",\"telephone\":\"+1 814 351 4442\",\"legalName\":\"Voka 3D Anatomy & Pathology\",\"foundingDate\":\"2017-02-12\",\"naics\":\"541512\",\"numberOfEmployees\":{\"@type\":\"QuantitativeValue\",\"minValue\":\"51\",\"maxValue\":\"200\"},\"publishingPrinciples\":\"https:\/\/wiki.voka.io\/es\/principios-de-publicacion\/\"},{\"@type\":\"Person\",\"@id\":\"https:\/\/wiki.dev.voka.io\/es\/#\/schema\/person\/69a6fd4e1e80b2091a8e5f32338900c2\",\"name\":\"Lizaveta D.\",\"image\":{\"@type\":\"ImageObject\",\"inLanguage\":\"es\",\"@id\":\"https:\/\/wiki.dev.voka.io\/es\/#\/schema\/person\/image\/\",\"url\":\"https:\/\/secure.gravatar.com\/avatar\/9a59e363d69f1f9ab8e170ad1886e9b3ffaa6a1aa08f8a088b3cac0a3ccfbb80?s=96&d=mm&r=g\",\"contentUrl\":\"https:\/\/secure.gravatar.com\/avatar\/9a59e363d69f1f9ab8e170ad1886e9b3ffaa6a1aa08f8a088b3cac0a3ccfbb80?s=96&d=mm&r=g\",\"caption\":\"Lizaveta D.\"}}]}<\/script>\n<!-- \/ Yoast SEO Premium plugin. -->","yoast_head_json":{"title":"Restauraci\u00f3n de la funci\u00f3n pulmonar despu\u00e9s de la neumon\u00eda: etapas y m\u00e9todos de rehabilitaci\u00f3n","description":"Recuperaci\u00f3n despu\u00e9s de una neumon\u00eda y la COVID-19. Etapas de la rehabilitaci\u00f3n m\u00e9dica, m\u00e9todos de electroterapia\/terapia restaurativa, pautas diet\u00e9ticas y prevenci\u00f3n de complicaciones.","robots":{"index":"noindex","follow":"follow","max-snippet":"max-snippet:-1","max-image-preview":"max-image-preview:large","max-video-preview":"max-video-preview:-1"},"og_locale":"es_ES","og_type":"article","og_title":"Recuperaci\u00f3n despu\u00e9s de la neumon\u00eda: etapas y m\u00e9todos de rehabilitaci\u00f3n","og_description":"Recuperaci\u00f3n despu\u00e9s de una neumon\u00eda y la COVID-19. Etapas de la rehabilitaci\u00f3n m\u00e9dica, m\u00e9todos de electroterapia\/terapia restaurativa, pautas diet\u00e9ticas y prevenci\u00f3n de complicaciones.","og_url":"https:\/\/wiki.dev.voka.io\/es\/enfermedades\/neumologia\/recuperacion-despues-de-neumonia\/","og_site_name":"Voka Wiki","article_publisher":"https:\/\/www.facebook.com\/VOKA3DAnatomyAndPathology\/","article_modified_time":"2026-04-01T15:39:12+00:00","og_image":[{"url":"https:\/\/storage.googleapis.com\/dev_wiki_voka_io_303011\/articles\/en\/pulmonology\/pneumonia-rehabilitation-in-sanatorium-inhalation-and-spirometry-control.webp","type":"","width":"","height":""}],"twitter_card":"summary_large_image","twitter_misc":{"Tiempo de lectura":"9 minutos"},"schema":{"@context":"https:\/\/schema.org","@graph":[{"@type":"Article","@id":"https:\/\/wiki.dev.voka.io\/es\/enfermedades\/neumologia\/recuperacion-despues-de-neumonia\/#article","isPartOf":{"@id":"https:\/\/wiki.dev.voka.io\/es\/enfermedades\/neumologia\/recuperacion-despues-de-neumonia\/"},"author":{"name":"Lizaveta D.","@id":"https:\/\/wiki.dev.voka.io\/es\/#\/schema\/person\/69a6fd4e1e80b2091a8e5f32338900c2"},"headline":"Recuperaci\u00f3n despu\u00e9s de la neumon\u00eda: etapas y m\u00e9todos de rehabilitaci\u00f3n","datePublished":"2026-02-12T13:09:00+00:00","dateModified":"2026-04-01T15:39:12+00:00","mainEntityOfPage":{"@id":"https:\/\/wiki.dev.voka.io\/es\/enfermedades\/neumologia\/recuperacion-despues-de-neumonia\/"},"wordCount":1845,"publisher":{"@id":"https:\/\/wiki.dev.voka.io\/es\/#organization"},"image":{"@id":"https:\/\/wiki.dev.voka.io\/es\/enfermedades\/neumologia\/recuperacion-despues-de-neumonia\/#primaryimage"},"thumbnailUrl":"https:\/\/storage.googleapis.com\/dev_wiki_voka_io_303011\/articles\/en\/pulmonology\/pneumonia-rehabilitation-in-sanatorium-inhalation-and-spirometry-control.webp","inLanguage":"es"},{"@type":"WebPage","@id":"https:\/\/wiki.dev.voka.io\/es\/enfermedades\/neumologia\/recuperacion-despues-de-neumonia\/","url":"https:\/\/wiki.dev.voka.io\/es\/enfermedades\/neumologia\/recuperacion-despues-de-neumonia\/","name":"Restauraci\u00f3n de la funci\u00f3n pulmonar despu\u00e9s de la neumon\u00eda: etapas y m\u00e9todos de rehabilitaci\u00f3n","isPartOf":{"@id":"https:\/\/wiki.dev.voka.io\/es\/#website"},"primaryImageOfPage":{"@id":"https:\/\/wiki.dev.voka.io\/es\/enfermedades\/neumologia\/recuperacion-despues-de-neumonia\/#primaryimage"},"image":{"@id":"https:\/\/wiki.dev.voka.io\/es\/enfermedades\/neumologia\/recuperacion-despues-de-neumonia\/#primaryimage"},"thumbnailUrl":"https:\/\/storage.googleapis.com\/dev_wiki_voka_io_303011\/articles\/en\/pulmonology\/pneumonia-rehabilitation-in-sanatorium-inhalation-and-spirometry-control.webp","datePublished":"2026-02-12T13:09:00+00:00","dateModified":"2026-04-01T15:39:12+00:00","description":"Recuperaci\u00f3n despu\u00e9s de una neumon\u00eda y la COVID-19. Etapas de la rehabilitaci\u00f3n m\u00e9dica, m\u00e9todos de electroterapia\/terapia restaurativa, pautas diet\u00e9ticas y prevenci\u00f3n de complicaciones.","breadcrumb":{"@id":"https:\/\/wiki.dev.voka.io\/es\/enfermedades\/neumologia\/recuperacion-despues-de-neumonia\/#breadcrumb"},"inLanguage":"es","potentialAction":[{"@type":"ReadAction","target":["https:\/\/wiki.dev.voka.io\/es\/enfermedades\/neumologia\/recuperacion-despues-de-neumonia\/"]}]},{"@type":"ImageObject","inLanguage":"es","@id":"https:\/\/wiki.dev.voka.io\/es\/enfermedades\/neumologia\/recuperacion-despues-de-neumonia\/#primaryimage","url":"https:\/\/storage.googleapis.com\/dev_wiki_voka_io_303011\/articles\/en\/pulmonology\/pneumonia-rehabilitation-in-sanatorium-inhalation-and-spirometry-control.webp","contentUrl":"https:\/\/storage.googleapis.com\/dev_wiki_voka_io_303011\/articles\/en\/pulmonology\/pneumonia-rehabilitation-in-sanatorium-inhalation-and-spirometry-control.webp"},{"@type":"BreadcrumbList","@id":"https:\/\/wiki.dev.voka.io\/es\/enfermedades\/neumologia\/recuperacion-despues-de-neumonia\/#breadcrumb","itemListElement":[{"@type":"ListItem","position":1,"name":"Home","item":"https:\/\/wiki.dev.voka.io\/es\/"},{"@type":"ListItem","position":2,"name":"Neumolog\u00eda","item":"https:\/\/wiki.dev.voka.io\/es\/enfermedades\/neumologia\/"},{"@type":"ListItem","position":3,"name":"Recuperaci\u00f3n despu\u00e9s de la neumon\u00eda: etapas y m\u00e9todos de rehabilitaci\u00f3n"}]},{"@type":"WebSite","@id":"https:\/\/wiki.dev.voka.io\/es\/#website","url":"https:\/\/wiki.dev.voka.io\/es\/","name":"Voka Wiki","description":"","publisher":{"@id":"https:\/\/wiki.dev.voka.io\/es\/#organization"},"alternateName":"Anatomy & Pathology Wiki by VOKA","potentialAction":[{"@type":"SearchAction","target":{"@type":"EntryPoint","urlTemplate":"https:\/\/wiki.dev.voka.io\/es\/?s={search_term_string}"},"query-input":{"@type":"PropertyValueSpecification","valueRequired":true,"valueName":"search_term_string"}}],"inLanguage":"es"},{"@type":"Organization","@id":"https:\/\/wiki.dev.voka.io\/es\/#organization","name":"Voka 3D Anatomy & Pathology","alternateName":"VOKA","url":"https:\/\/wiki.dev.voka.io\/es\/","logo":{"@type":"ImageObject","inLanguage":"es","@id":"https:\/\/wiki.dev.voka.io\/es\/#\/schema\/logo\/image\/","url":"https:\/\/wiki.dev.voka.io\/wp-content\/uploads\/2025\/02\/cropped-voka-logo-1.png","contentUrl":"https:\/\/wiki.dev.voka.io\/wp-content\/uploads\/2025\/02\/cropped-voka-logo-1.png","width":70,"height":16,"caption":"Voka 3D Anatomy & Pathology"},"image":{"@id":"https:\/\/wiki.dev.voka.io\/es\/#\/schema\/logo\/image\/"},"sameAs":["https:\/\/www.facebook.com\/VOKA3DAnatomyAndPathology\/","https:\/\/www.instagram.com\/voka.io\/","https:\/\/www.linkedin.com\/company\/voka-io\/","https:\/\/www.youtube.com\/channel\/UCqGGuOEpr62ScH8Pjk2q5zw\/videos","https:\/\/www.pinterest.com\/VokaAnatomyPro\/","https:\/\/www.threads.com\/@voka.io"],"description":"VOKA.io offers 3D medical animations and custom 3D modeling services. Our product, VOKA 3D Anatomy & Pathology, is a digital atlas with over 1,000 detailed 3D models of human anatomy and pathology, designed for medical education, training, and patient communication.","email":"info@voka.io","telephone":"+1 814 351 4442","legalName":"Voka 3D Anatomy & Pathology","foundingDate":"2017-02-12","naics":"541512","numberOfEmployees":{"@type":"QuantitativeValue","minValue":"51","maxValue":"200"},"publishingPrinciples":"https:\/\/wiki.voka.io\/es\/principios-de-publicacion\/"},{"@type":"Person","@id":"https:\/\/wiki.dev.voka.io\/es\/#\/schema\/person\/69a6fd4e1e80b2091a8e5f32338900c2","name":"Lizaveta D.","image":{"@type":"ImageObject","inLanguage":"es","@id":"https:\/\/wiki.dev.voka.io\/es\/#\/schema\/person\/image\/","url":"https:\/\/secure.gravatar.com\/avatar\/9a59e363d69f1f9ab8e170ad1886e9b3ffaa6a1aa08f8a088b3cac0a3ccfbb80?s=96&d=mm&r=g","contentUrl":"https:\/\/secure.gravatar.com\/avatar\/9a59e363d69f1f9ab8e170ad1886e9b3ffaa6a1aa08f8a088b3cac0a3ccfbb80?s=96&d=mm&r=g","caption":"Lizaveta D."}}]}},"_links":{"self":[{"href":"https:\/\/wiki.dev.voka.io\/es\/wp-json\/wp\/v2\/diseases_post\/4787","targetHints":{"allow":["GET"]}}],"collection":[{"href":"https:\/\/wiki.dev.voka.io\/es\/wp-json\/wp\/v2\/diseases_post"}],"about":[{"href":"https:\/\/wiki.dev.voka.io\/es\/wp-json\/wp\/v2\/types\/diseases_post"}],"author":[{"embeddable":true,"href":"https:\/\/wiki.dev.voka.io\/es\/wp-json\/wp\/v2\/users\/30"}],"wp:attachment":[{"href":"https:\/\/wiki.dev.voka.io\/es\/wp-json\/wp\/v2\/media?parent=4787"}],"wp:term":[{"taxonomy":"diseases_category","embeddable":true,"href":"https:\/\/wiki.dev.voka.io\/es\/wp-json\/wp\/v2\/diseases_category?post=4787"}],"curies":[{"name":"wp","href":"https:\/\/api.w.org\/{rel}","templated":true}]}}