{"id":4769,"date":"2026-02-12T16:09:16","date_gmt":"2026-02-12T13:09:16","guid":{"rendered":"https:\/\/wiki.dev.voka.io\/diseases\/uncategorized\/catarata\/"},"modified":"2026-04-01T18:38:50","modified_gmt":"2026-04-01T15:38:50","slug":"catarata","status":"publish","type":"diseases_post","link":"https:\/\/wiki.dev.voka.io\/es\/enfermedades\/oftalmologia\/catarata\/","title":{"rendered":"Catarata: etiolog\u00eda, clasificaci\u00f3n, s\u00edntomas, diagn\u00f3stico y tratamiento"},"content":{"rendered":"<p><?xml encoding=\"UTF-8\" ?><\/p>\n<p>Una catarata es un enturbiamiento del cristalino natural del ojo, que es un componente del sistema \u00f3ptico del globo ocular. Esta patolog\u00eda conduce a una reducci\u00f3n significativa de la agudeza visual y, posteriormente, a la p\u00e9rdida total de las funciones visuales. <\/p>\n<h2 class=\"wp-block-heading\" id=\"anatomia-patologica\">Anatom\u00eda patol\u00f3gica <\/h2>\n<p>El cristalino es una estructura anat\u00f3mica transparente y biconvexa ubicada entre el iris y el cuerpo v\u00edtreo. El cristalino tiene la forma de una lente biconvexa y est\u00e1 compuesto por tejido el\u00e1stico. Su di\u00e1metro es aproximadamente de 9 a 10 mil\u00edmetros. <\/p>\n<p>La parte principal del cristalino est\u00e1 compuesta de fibras proteicas transparentes que aseguran su transparencia y flexibilidad. El cristalino cambia su forma debido a la acci\u00f3n de los m\u00fasculos ciliares, que permiten que el ojo enfoque objetos a diferentes distancias. Esto se llama acomodaci\u00f3n. El cristalino debe permanecer transparente para que la luz pueda pasar a la retina sin distorsi\u00f3n. El enturbiamiento del cristalino, como en el caso de las cataratas, puede llevar a una disminuci\u00f3n de la agudeza visual. <\/p>\n<h2 class=\"wp-block-heading\" id=\"etiologia\">Etiolog\u00eda <\/h2>\n<p>Existen muchos factores que contribuyen al desarrollo de cataratas. Pueden ser tanto cong\u00e9nitos como adquiridos. <\/p>\n<ol class=\"wp-block-list\">\n<li><strong>Cambios relacionados con la edad<\/strong>. Con el aumento de la edad, se producen cambios degenerativos (conocidos como facoesclerosis) en los tejidos del cristalino. La mayor\u00eda de las personas mayores de 60 a\u00f1os experimentan esta afecci\u00f3n. <\/li>\n<li><strong>Factores hereditarios<\/strong>. La predisposici\u00f3n gen\u00e9tica puede representar un papel en el desarrollo de cataratas. <\/li>\n<li><strong>Lesiones<\/strong>. El da\u00f1o mec\u00e1nico al globo ocular (lesiones penetrantes o contusiones) puede provocar el enturbiamiento de las capas del cristalino. <\/li>\n<li><strong>Radiaci\u00f3n ultravioleta<\/strong>. La exposici\u00f3n prolongada a la luz solar puede acelerar el desarrollo de cataratas. <\/li>\n<li><strong>Enfermedades sist\u00e9micas<\/strong>. La diabetes mellitus, la artritis reumatoide, la dermatitis at\u00f3pica y otras enfermedades cr\u00f3nicas pueden contribuir al desarrollo de cataratas. <\/li>\n<li><strong>Medicamentos<\/strong>. El uso prolongado de corticosteroides, compuestos de oro y otros medicamentos puede aumentar el riesgo de enturbiamiento del cristalino. <\/li>\n<li><strong>Enfermedades primarias del ojo<\/strong>. La uve\u00edtis anterior cr\u00f3nica, el glaucoma de \u00e1ngulo cerrado y la alta miop\u00eda pueden desencadenar el desarrollo de cataratas.<\/li>\n<li><strong>Infecciones intrauterinas (rub\u00e9ola, citomegalovirus o s\u00edfilis)<\/strong>. Esto produce grados variables de opacificaci\u00f3n del cristalino.<\/li>\n<\/ol>\n<h2 class=\"wp-block-heading\" id=\"clasificacion-y-cuadro-clinico\">Clasificaci\u00f3n y cuadro cl\u00ednico <\/h2>\n<h3 class=\"wp-block-heading\" id=\"segun-la-localizacion-de-las-opacidades\">Seg\u00fan la localizaci\u00f3n de las opacidades<\/h3>\n<p>Dependiendo de la localizaci\u00f3n de las opacidades en las fibras del cristalino, se pueden distinguir los siguientes tipos: <\/p>\n<ol class=\"wp-block-list\">\n<li><strong>Catarata nuclear<\/strong>. Endurecimiento del n\u00facleo del cristalino, acompa\u00f1ado de su amarillamiento y aumento del poder refractivo. Esto causa una \u201cmiopizaci\u00f3n\u201d significativa del globo ocular.<\/li>\n<li><strong>Catarata cortical<\/strong>. Los signos iniciales de enturbiamiento ocurren en las capas corticales del cristalino cerca del ecuador. Las partes centrales del cristalino permanecen transparentes durante mucho tiempo; por lo tanto, la agudeza visual no se altera. <\/li>\n<li><strong>Catarata subcapsular posterior<\/strong>. Se caracteriza por una disminuci\u00f3n temprana y r\u00e1pidamente progresiva de la agudeza.<\/li>\n<li><strong>Catarata visual<\/strong>. Este tipo de opacidad es espec\u00edfico de la acumulaci\u00f3n de l\u00edquido en las fibras del cristalino en forma de vacuolas subcapsulares, ubicadas predominantemente sobre la c\u00e1psula posterior.<\/li>\n<li><strong>Catarata polar (anterior y posterior)<\/strong>. Esta es una opacificaci\u00f3n del cristalino en forma de una mancha circular de color blanquecino o gris, ubicada en el polo anterior o posterior del cristalino bajo la c\u00e1psula. El \u00e1rea de opacidad suele estar adherida a la c\u00e1psula.<\/li>\n<li><strong>Catarata total<\/strong>. Opacidad que afecta todas las capas del cristalino. <\/li>\n<\/ol>\n<figure class=\"wp-block-image size-large\"><img decoding=\"async\" src=\"https:\/\/storage.googleapis.com\/dev_wiki_voka_io_303011\/articles\/en\/ophthalmology\/cataract\/1-cortical-cataract.webp\" alt=\"Opacidad cortical\"><figcaption class=\"wp-element-caption\">Catarata cortical: <a href=\"https:\/\/catalog.voka.io\/en\/models\/56bb91a2-f805-4f37-9c02-e68fff3fd23f\/55191f1a-c5cd-462d-9644-795ef0cb4815\/3d4addcd-e138-44d9-a951-c53e0967335b\/3e72a681-4162-43b8-a101-00d417a7045b\" target=\"_blank\" rel=\"noreferrer noopener nofollow\">Modelo 3D<\/a><\/figcaption><\/figure>\n<h3 class=\"wp-block-heading\" id=\"por-grado-de-madurez\">Por grado de madurez<\/h3>\n<p>Seg\u00fan el grado de madurez, se distinguen las siguientes formas de catarata senil: <\/p>\n<ul class=\"wp-block-list\">\n<li><strong>Inicial<\/strong>. Existen opacidades leves en el cristalino; mediante biomicroscop\u00eda es posible obtener un corte transversal de todas sus capas. La agudeza visual (en ausencia de alteraciones retinales) es superior a 0,1, el reflejo del fondo de ojo con luz transmitida est\u00e1 ligeramente debilitado y, mediante oftalmoscop\u00eda, se pueden visualizar el disco \u00f3ptico y la zona macular. <\/li>\n<li><strong>Inmadura<\/strong>. Las opacidades son m\u00e1s significativas; mediante biomicroscop\u00eda, no es posible obtener un corte transversal de todas las capas del cristalino. La agudeza visual es inferior a 0,1, aunque se preserva la visi\u00f3n de objetos; el reflejo del fondo de ojo con luz transmitida est\u00e1 debilitado, la zona macular no se visualiza claramente mediante oftalmoscop\u00eda y el disco \u00f3ptico se observa a trav\u00e9s de una densa opacidad neblinosa. <\/li>\n<li><strong>Madura<\/strong>. Las opacidades son significativas; mediante biomicroscop\u00eda, no es posible obtener un corte transversal ni siquiera de las capas corticales anteriores del cristalino. La visi\u00f3n de objetos est\u00e1 ausente, aunque se determina una proyecci\u00f3n de luz correcta (en ausencia de alteraciones retinales). El reflejo del fondo de ojo con luz transmitida est\u00e1 ausente y el fondo de ojo no es accesible para la oftalmoscop\u00eda. <\/li>\n<li><strong>Hipermadura<\/strong>. Opacidades marcadas en todas las capas del cristalino con un brillo nacarado; las capas corticales presentan una estructura homog\u00e9nea y, en ocasiones, se observa el n\u00facleo desplazado hacia abajo (signo del sol poniente). Pueden aparecer pliegues en la c\u00e1psula anterior y la c\u00e1mara anterior se muestra m\u00e1s profunda que en el ojo contralateral. <\/li>\n<li><strong>Hinchaz\u00f3n<\/strong>. Opacidades homog\u00e9neas significativas en todas las capas del cristalino; la profundidad de la c\u00e1mara anterior es menor que en el ojo contralateral.<\/li>\n<\/ul>\n<figure class=\"wp-block-image size-large\"><img decoding=\"async\" src=\"https:\/\/storage.googleapis.com\/dev_wiki_voka_io_303011\/articles\/en\/ophthalmology\/cataract\/2-mature-cataract.webp\" alt=\"Catarata madura\"><figcaption class=\"wp-element-caption\">Catarata madura: <a href=\"https:\/\/catalog.voka.io\/en\/models\/56bb91a2-f805-4f37-9c02-e68fff3fd23f\/55191f1a-c5cd-462d-9644-795ef0cb4815\/3d4addcd-e138-44d9-a951-c53e0967335b\/3e72a681-4162-43b8-a101-00d417a7045b\" target=\"_blank\" rel=\"noreferrer noopener nofollow\">Modelo 3D<\/a><\/figcaption><\/figure>\n<h2 class=\"wp-block-heading\" id=\"diagnostico-de-catarata\">Diagn\u00f3stico de catarata<\/h2>\n<p>El diagn\u00f3stico de catarata se basa en el examen cl\u00ednico y en la evaluaci\u00f3n de los s\u00edntomas. Los principales criterios de diagn\u00f3stico incluyen: <\/p>\n<ol class=\"wp-block-list\">\n<li><strong>S\u00edntomas<\/strong>. Visi\u00f3n borrosa o poco clara, p\u00e9rdida de la viveza de los colores, mayor sensibilidad a la luz y al deslumbramiento en ambientes brillantes, as\u00ed como dificultades para leer y conducir, especialmente por la noche. <\/li>\n<li><strong>Examen oftalmol\u00f3gico<\/strong>. Para el diagn\u00f3stico de cataratas, el examen del paciente se realiza con la pupila dilatada (midriasis) bajo luz transmitida. Sobre el fondo de un reflejo rosado, las opacidades del cristalino se observan de color negro, dado que las fibras opacas de este absorben parte de los rayos de luz reflejados. La biomicroscop\u00eda con l\u00e1mpara de hendidura se utiliza para determinar la localizaci\u00f3n de las opacidades. <\/li>\n<\/ol>\n<h3 class=\"wp-block-heading\" id=\"metodos-de-diagnostico-instrumental-y-de-laboratorio\">M\u00e9todos de diagn\u00f3stico instrumental y de laboratorio<\/h3>\n<ul class=\"wp-block-list\">\n<li>Determinaci\u00f3n de la agudeza visual mediante tablas. <\/li>\n<li>Autoqueratometr\u00eda para evaluar los cambios refractivos e indicadores de astigmatismo. <\/li>\n<li>Tonometr\u00eda: medici\u00f3n de la presi\u00f3n intraocular para descartar el glaucoma. <\/li>\n<li>La biomicroscop\u00eda consiste en el examen con una l\u00e1mpara de hendidura, el cual permite visualizar el cristalino y los estadios de la catarata, as\u00ed como evaluar otras estructuras oculares. <\/li>\n<li>Oftalmoscop\u00eda: examen del segmento posterior del ojo, que puede ayudar a descartar otras patolog\u00edas.<\/li>\n<li>Ecobiometr\u00eda: para evaluar el estado del cristalino.<\/li>\n<\/ul>\n<div class=\"social-banner-block\">\n<div class=\"social-banner-content\">\n<p class=\"h5-title text-black\">Encuentra m\u00e1s contenido cient\u00edficamente preciso en nuestras redes sociales<\/p>\n<p><span class=\"social-banner-text text-grey\">Suscr\u00edbete y no te pierdas los \u00faltimos recursos<\/span><\/p>\n<div class=\"social-links-wrapper\"><a class=\"social-icon-link\" href=\"https:\/\/www.facebook.com\/VOKA3DAnatomyAndPathology\/\" target=\"_blank\" rel=\"nofollow noopener\"><img decoding=\"async\" src=\"https:\/\/storage.googleapis.com\/dev_wiki_voka_io_303011\/common\/Social%20Icons\/facebook.svg\" alt=\"social link\"><\/a><a class=\"social-icon-link\" href=\"https:\/\/www.instagram.com\/voka.io\/\" target=\"_blank\" rel=\"nofollow noopener\"><img decoding=\"async\" src=\"https:\/\/storage.googleapis.com\/dev_wiki_voka_io_303011\/common\/Social%20Icons\/insta.svg\" alt=\"social link\"><\/a><a class=\"social-icon-link\" href=\"https:\/\/www.linkedin.com\/company\/voka-io\/posts\/?feedView=all\" target=\"_blank\" rel=\"nofollow noopener\"><img decoding=\"async\" src=\"https:\/\/storage.googleapis.com\/dev_wiki_voka_io_303011\/common\/Social%20Icons\/linkedin.svg\" alt=\"social link\"><\/a><a class=\"social-icon-link\" href=\"https:\/\/www.youtube.com\/@vokaio\" target=\"_blank\" rel=\"nofollow noopener\"><img decoding=\"async\" src=\"https:\/\/storage.googleapis.com\/dev_wiki_voka_io_303011\/common\/Social%20Icons\/youtube.svg\" alt=\"social link\"><\/a><a class=\"social-icon-link\" href=\"https:\/\/www.pinterest.com\/voka3danatomyandpathology\/\" target=\"_blank\" rel=\"nofollow noopener\"><img decoding=\"async\" src=\"https:\/\/storage.googleapis.com\/dev_wiki_voka_io_303011\/common\/Social%20Icons\/pinterest.svg\" alt=\"social link\"><\/a><a class=\"social-icon-link\" href=\"https:\/\/www.tiktok.com\/@voka.io\" target=\"_blank\" rel=\"nofollow noopener\"><img decoding=\"async\" src=\"https:\/\/storage.googleapis.com\/dev_wiki_voka_io_303011\/common\/Social%20Icons\/tiktok.svg\" alt=\"social link\"><\/a><a class=\"social-icon-link\" href=\"https:\/\/discord.gg\/7ejUpq8DRR\" target=\"_blank\" rel=\"nofollow noopener\"><img decoding=\"async\" src=\"https:\/\/storage.googleapis.com\/dev_wiki_voka_io_303011\/common\/Social%20Icons\/discord.svg\" alt=\"social link\"><\/a><\/div>\n<\/div>\n<p><img decoding=\"async\" class=\"social-banner-image\" loading=\"lazy\" src=\"https:\/\/storage.googleapis.com\/dev_wiki_voka_io_303011\/common\/social-media-banner-mobile-image.webp\" alt=\"Banner background\"><\/div>\n<h2 class=\"wp-block-heading\" id=\"tratamiento\">Tratamiento <\/h2>\n<p>Los m\u00e9todos modernos de tratamiento de la catarata se centran principalmente en la intervenci\u00f3n quir\u00fargica, ya que constituye la \u00fanica v\u00eda para restaurar la visi\u00f3n normal en esta patolog\u00eda. <\/p>\n<h3 class=\"wp-block-heading\" id=\"metodos-quirurgicos-facoemulsificacion\">M\u00e9todos quir\u00fargicos: facoemulsificaci\u00f3n<\/h3>\n<ol class=\"wp-block-list\">\n<li><strong>Facoemulsificaci\u00f3n<\/strong>. El m\u00e9todo m\u00e1s com\u00fan de eliminaci\u00f3n de cataratas. Implica lo siguiente: <\/li>\n<\/ol>\n<ul class=\"wp-block-list\">\n<li>Uso de ondas ultras\u00f3nicas para fragmentar el cristalino enturbiado; <\/li>\n<li>Extracci\u00f3n a trav\u00e9s de peque\u00f1as incisiones (generalmente menos de 3 mm); <\/li>\n<li>Implantaci\u00f3n de una lente intraocular (LIO) artificial inmediatamente despu\u00e9s de retirar el cristalino. <\/li>\n<\/ul>\n<figure class=\"wp-block-video\" id=\"animacion-3d-facoemulsificacion-de-catarata\"><video controls><source data-src=\"https:\/\/storage.googleapis.com\/dev_wiki_voka_io_303011\/articles\/en\/ophthalmology\/cataract\/phacoemulsification-of-cataract.webm\" type=\"video\/webm\"><\/source><\/video><figcaption class=\"wp-element-caption\">Animaci\u00f3n 3D: facoemulsificaci\u00f3n de catarata<\/figcaption><\/figure>\n<ol start=\"2\" class=\"wp-block-list\">\n<li><strong>Facoemulsificaci\u00f3n con l\u00e1ser<\/strong>. Este m\u00e9todo es similar a la facoemulsificaci\u00f3n tradicional, pero utiliza un l\u00e1ser para una desintegraci\u00f3n de cataratas m\u00e1s precisa y segura. El l\u00e1ser puede reducir el riesgo de complicaciones y mejorar la efectividad del procedimiento. <\/li>\n<li><strong>Investigaci\u00f3n sobre gotas para el tratamiento de cataratas<\/strong>. En la actualidad, se investiga la posibilidad de utilizar colirios para el tratamiento de la catarata sin cirug\u00eda; no obstante, estos m\u00e9todos a\u00fan no han alcanzado un uso cl\u00ednico generalizado.<\/li>\n<\/ol>\n<h3 class=\"wp-block-heading\" id=\"artifaquia-intracapsular\">Artifaquia intracapsular<\/h3>\n<p>La artifaquia intracapsular es una condici\u00f3n ocular en la que se implanta una lente intraocular (LIO) artificial dentro del saco capsular en lugar del cristalino extra\u00eddo, generalmente durante la cirug\u00eda de catarata. <\/p>\n<p>Las lentes intraoculares ayudan a restaurar la visi\u00f3n en pacientes con cataratas, as\u00ed como en pacientes con errores refractivos (miop\u00eda, hipermetrop\u00eda, astigmatismo).<\/p>\n<figure class=\"wp-block-image size-large\"><img decoding=\"async\" src=\"https:\/\/storage.googleapis.com\/dev_wiki_voka_io_303011\/articles\/en\/ophthalmology\/cataract\/3-intracapsular-artiphakia.webp\" alt=\"Artifaquia intracapsular\"><figcaption class=\"wp-element-caption\">Artifaquia intracapsular: <a href=\"https:\/\/catalog.voka.io\/en\/models\/56bb91a2-f805-4f37-9c02-e68fff3fd23f\/55191f1a-c5cd-462d-9644-795ef0cb4815\/42b65bad-dabe-4513-8254-0a33c180b937\/2d32f9cc-5849-4d20-ac02-425a636cbb1f\" target=\"_blank\" rel=\"noreferrer noopener nofollow\">Modelo 3D<\/a><\/figcaption><\/figure>\n<p>Las cirug\u00edas de catarata con implante de LIO en la c\u00e1mara posterior del globo del ojo se realizan en pacientes de diversas edades, frecuentemente bajo anestesia local y en entornos ambulatorios. Todos los d\u00edas se realizan miles de cirug\u00edas de reemplazo de cristalino en todo el mundo.<\/p>\n<p>La selecci\u00f3n de la LIO se basa en los par\u00e1metros oculares del paciente (eje anteroposterior [EAP], poder refractivo corneal y posici\u00f3n efectiva de la lente), as\u00ed como en las propiedades de la propia lente, las caracter\u00edsticas de la implantaci\u00f3n y las indicaciones m\u00e9dicas. <\/p>\n<p>Las lentes intraoculares af\u00e1quicas se implantan en la bolsa capsular despu\u00e9s de la facoemulsificaci\u00f3n. <\/p>\n<p>La elecci\u00f3n del tipo de LIO af\u00e1quica depende de numerosos factores: <\/p>\n<ul class=\"wp-block-list\">\n<li>El estilo de vida del paciente;<\/li>\n<li>Actividades profesionales; <\/li>\n<li>La presencia de otras patolog\u00edas oft\u00e1lmicas (enfermedades de la retina, glaucoma).<\/li>\n<\/ul>\n<h4 class=\"wp-block-heading\">Tipos de lentes intraoculares<\/h4>\n<p>Las lentes intraoculares se clasifican de la siguiente manera seg\u00fan el rango de enfoque:<\/p>\n<ol class=\"wp-block-list\">\n<li><strong>Lentes monofocales<\/strong>. Permiten a los pacientes ver bien a una distancia espec\u00edfica. Dependiendo de la potencia \u00f3ptica calculada de las lentes, estas proporcionan una buena agudeza visual, ya sea de lejos o de cerca. Si se calcula la LIO para una visi\u00f3n m\u00e1xima de lejos, el paciente requerir\u00e1 gafas para la lectura y para realizar trabajos c\u00f3modos a corta distancia.<\/li>\n<li><strong>LIO multifocales (\u201cpseudoacomodativas\u201d)<\/strong>. Tienen varias zonas \u00f3pticas, lo que permite una visi\u00f3n clara a diferentes distancias. Estas lentes tienen una estructura \u00f3ptica especial, espec\u00edficamente un rendimiento \u00f3ptico difractivo-refractivo mixto, que les permite imitar la funci\u00f3n de la lente del cristalino natural. Tener m\u00faltiples focos mejora significativamente la agudeza visual tanto a corta como a larga distancia, reduciendo enormemente la necesidad de gafas correctoras. Sin embargo, la implantaci\u00f3n de LIO multifocales tiene algunas desventajas:<\/li>\n<\/ol>\n<ul class=\"wp-block-list\">\n<li>Posible presencia de fen\u00f3menos \u00f3pticos despu\u00e9s de la cirug\u00eda (halos, deslumbramientos);<\/li>\n<li>Reducci\u00f3n de la sensibilidad al contraste al anochecer;<\/li>\n<li>Exigencias elevadas en cuanto al estado normal de la retina y del nervio \u00f3ptico;<\/li>\n<li>Periodo posible de neuroadaptaci\u00f3n prolongada.<\/li>\n<\/ul>\n<p>Seg\u00fan un metan\u00e1lisis de 2024 publicado en BMC Ophthalmology, las LIO multifocales presentan buenos resultados en pacientes seleccionados meticulosamente, con tasas de satisfacci\u00f3n del 85 al 90 %.<\/p>\n<figure class=\"wp-block-image size-large\"><img decoding=\"async\" src=\"https:\/\/storage.googleapis.com\/dev_wiki_voka_io_303011\/articles\/en\/ophthalmology\/cataract\/4-multifocal-intraocular-lens.webp\" alt=\"Lente intraocular multifocal\"><figcaption class=\"wp-element-caption\">Lente intraocular multifocal<\/figcaption><\/figure>\n<ol start=\"3\" class=\"wp-block-list\">\n<li><strong>Lentes intraoculares t\u00f3ricas<\/strong>. Dise\u00f1adas para pacientes con astigmatismo corneal. Tienen diferentes potencias \u00f3pticas en diferentes meridianos. Las indicaciones para el implante de estas LIO son el astigmatismo de 1,0 dioptr\u00eda o superior, asociado a cataratas o anomal\u00edas refractivas.<\/li>\n<li><strong>Lentes intraoculares con rango de visi\u00f3n extendido (extended depth of focus, EDOF)<\/strong>. Las lentes presentan un enfoque extendido. Uno de los mecanismos de acci\u00f3n de las LIO con EDOF es la elongaci\u00f3n de uno de los puntos focales a lo largo de una distancia mayor mediante el uso de \u00f3ptica difractiva, lo que proporciona una mejor visi\u00f3n en distancias intermedias que las LIO monofocales. Esto incrementa la nitidez y el contraste de la imagen, adem\u00e1s de mejorar la percepci\u00f3n del color. No obstante, tras el implante de estas LIO, se recomienda a los pacientes el uso de gafas para realizar trabajos a corta distancia.<\/li>\n<\/ol>\n<ol start=\"4\" class=\"wp-block-list\"><\/ol>\n<h4 class=\"wp-block-heading\">Materiales biocompatibles y construcci\u00f3n de las LIO<\/h4>\n<p>Las lentes intraoculares modernas se fabrican con materiales biocompatibles de alta tecnolog\u00eda, los cuales el organismo acepta plenamente sin riesgo de rechazo ni de reacciones al\u00e9rgicas. Los principales materiales que se utilizan para la fabricaci\u00f3n de las LIO son los siguientes:<\/p>\n<ul class=\"wp-block-list\">\n<li><strong>Acr\u00edlico hidrof\u00f3bico<\/strong>. El material m\u00e1s com\u00fan, con una claridad \u00f3ptica excelente y una m\u00ednima tendencia a la opacificaci\u00f3n. Este material repele el agua, reduciendo el riesgo de acumulaci\u00f3n de dep\u00f3sitos proteicos en la superficie del lente.<\/li>\n<li><strong>Acr\u00edlico hidrof\u00edlico<\/strong>. Un material con alta biocompatibilidad que atrae la humedad. Estas lentes presentan una respuesta inflamatoria reducida, lo cual es particularmente importante para pacientes con enfermedades oculares concomitantes.<\/li>\n<li><strong>Silicona<\/strong>. Ofrece una flexibilidad y plegabilidad superiores para la implantaci\u00f3n a trav\u00e9s de una micro incisi\u00f3n, aunque actualmente se utiliza menos debido a la tendencia a acumular dep\u00f3sitos en la superficie de la lente.<\/li>\n<\/ul>\n<p>La funci\u00f3n principal de una LIO es el enfoque preciso de los rayos de luz en la retina. La potencia \u00f3ptica de una LIO se mide en dioptr\u00edas y se selecciona individualmente para cada paciente en funci\u00f3n de mediciones detalladas de los par\u00e1metros anat\u00f3micos del ojo.<\/p>\n<p>El principio de funcionamiento de una lente intraocular se basa en las leyes de la refracci\u00f3n de la luz. Cuando los rayos de luz atraviesan la LIO, esta altera su direcci\u00f3n para enfocarlos con precisi\u00f3n sobre la retina, creando as\u00ed una imagen n\u00edtida.<\/p>\n<p>Una lente intraocular comprende \u00f3ptica y h\u00e1ptica. Los elementos h\u00e1pticos participan en la fijaci\u00f3n segura de la LIO dentro del ojo en posiciones anat\u00f3mica y fisiol\u00f3gicamente correctas. La parte \u00f3ptica es responsable de las funciones visuales: refracta y dirige los rayos de luz hacia la retina en el \u00e1ngulo requerido. Puede tener m\u00faltiples zonas \u00f3pticas en su superficie, lo que permite una visi\u00f3n clara tanto de cerca como de lejos.<\/p>\n<div>\n<h2 class=\"faq-title h2-article\" id=\"faq\">FAQ<\/h2>\n<div class=\"faq-section\">\n<div class=\"faq-item faq-answer-hidden\">\n<div class=\"question-block\">\n<div class=\"faq-question\">\n<p class=\" text-black h5-title\">1. \u00bfQu\u00e9 es una catarata y por qu\u00e9 es peligrosa si no se trata? <\/p>\n<\/div>\n<div class=\"faq-answer text-main-text-color main-text-medium\">Una catarata es un cambio patol\u00f3gico en la transparencia del cristalino nativo. Sin intervenci\u00f3n oportuna, la enfermedad produce una p\u00e9rdida irreversible de la funci\u00f3n visual. En algunos casos, especialmente en la fase de intumescencia, la catarata puede provocar el desarrollo de un glaucoma facog\u00e9nico: un aumento s\u00fabito de la presi\u00f3n intraocular que amenaza con da\u00f1ar el nervio \u00f3ptico.<\/div>\n<\/div>\n<div class=\"expand-button-wrapper\"><button class=\"text-accent expand-button\">+<\/button><\/div>\n<\/div>\n<div class=\"faq-item faq-answer-hidden\">\n<div class=\"question-block\">\n<div class=\"faq-question\">\n<p class=\" text-black h5-title\">2. \u00bfQu\u00e9 signos cl\u00ednicos indican el desarrollo de cataratas? <\/p>\n<\/div>\n<div class=\"faq-answer text-main-text-color main-text-medium\">Los s\u00edntomas t\u00edpicos incluyen la aparici\u00f3n de una \u201cmancha\u201d o neblina frente a los ojos, la reducci\u00f3n de la agudeza visual mes\u00f3pica (al anochecer), la presencia de halos alrededor de las fuentes de luz y una degradaci\u00f3n en la percepci\u00f3n del color: las im\u00e1genes pierden contraste y adquieren un tinte amarillento.<\/div>\n<\/div>\n<div class=\"expand-button-wrapper\"><button class=\"text-accent expand-button\">+<\/button><\/div>\n<\/div>\n<div class=\"faq-item faq-answer-hidden\">\n<div class=\"question-block\">\n<div class=\"faq-question\">\n<p class=\" text-black h5-title\">3. \u00bfCu\u00e1l es la diferencia fundamental entre catarata y glaucoma? <\/p>\n<\/div>\n<div class=\"faq-answer text-main-text-color main-text-medium\">Son afecciones etiol\u00f3gicamente diferentes. Una catarata representa una obstrucci\u00f3n \u00f3ptica (opacidad) del cristalino, que se resuelve mediante su reemplazo quir\u00fargico. El glaucoma es una neuropat\u00eda \u00f3ptica progresiva causada por un aumento de la presi\u00f3n intraocular. Requiere tratamiento conservador o quir\u00fargico de por vida porque la muerte de las fibras del nervio \u00f3ptico en el glaucoma es irreversible.<\/div>\n<\/div>\n<div class=\"expand-button-wrapper\"><button class=\"text-accent expand-button\">+<\/button><\/div>\n<\/div>\n<div class=\"faq-item faq-answer-hidden\">\n<div class=\"question-block\">\n<div class=\"faq-question\">\n<p class=\" text-black h5-title\">4. \u00bfExiste una opci\u00f3n para el tratamiento conservador de la catarata sin cirug\u00eda? <\/p>\n<\/div>\n<div class=\"faq-answer text-main-text-color main-text-medium\">Actualmente, la terapia con medicamentos (colirios) no tiene eficacia comprobada para restaurar la transparencia del cristalino. Las gotas solo pueden ralentizar ligeramente las alteraciones metab\u00f3licas en las primeras etapas. El \u00fanico m\u00e9todo curativo es la extracci\u00f3n microquir\u00fargica de la catarata con implantaci\u00f3n de una lente intraocular (LIO).<\/div>\n<\/div>\n<div class=\"expand-button-wrapper\"><button class=\"text-accent expand-button\">+<\/button><\/div>\n<\/div>\n<div class=\"faq-item faq-answer-hidden\">\n<div class=\"question-block\">\n<div class=\"faq-question\">\n<p class=\" text-black h5-title\">5. \u00bfQu\u00e9 es una catarata secundaria y c\u00f3mo puede curarse? <\/p>\n<\/div>\n<div class=\"faq-answer text-main-text-color main-text-medium\">La catarata secundaria no consiste en un nuevo enturbiamiento de la lente artificial, sino en la fibrosis y p\u00e9rdida de transparencia de la c\u00e1psula posterior del cristalino en la que se aloja la LIO. Se trata de una condici\u00f3n posoperatoria habitual que se trata eficazmente mediante una capsulotom\u00eda con l\u00e1ser YAG: un procedimiento ambulatorio m\u00ednimamente invasivo que restaura la transparencia del eje \u00f3ptico en cuesti\u00f3n de minutos.<\/div>\n<\/div>\n<div class=\"expand-button-wrapper\"><button class=\"text-accent expand-button\">+<\/button><\/div>\n<\/div>\n<div class=\"faq-item faq-answer-hidden\">\n<div class=\"question-block\">\n<div class=\"faq-question\">\n<p class=\" text-black h5-title\">6. \u00bfEn qu\u00e9 etapa de la progresi\u00f3n de la enfermedad se recomienda la cirug\u00eda? <\/p>\n<\/div>\n<div class=\"faq-answer text-main-text-color main-text-medium\">Los est\u00e1ndares de la oftalmolog\u00eda moderna no exigen esperar a la \u201cmaduraci\u00f3n\u201d de la catarata. Se recomienda la intervenci\u00f3n quir\u00fargica tan pronto como el deterioro de la calidad de la visi\u00f3n limite las actividades diarias del paciente. La extracci\u00f3n temprana resulta t\u00e9cnicamente menos traum\u00e1tica para las estructuras oculares y minimiza el riesgo de complicaciones intraoperatorias.<\/div>\n<\/div>\n<div class=\"expand-button-wrapper\"><button class=\"text-accent expand-button\">+<\/button><\/div>\n<\/div>\n<\/div>\n<\/div>\n<div class=\"sources-list-block sources-list-hidden\" id=\"bibliografia\">\n<div class=\"sources-list-content\">\n<div class=\"sources-list-title\">\n<p class=\"small-text-bold text-black sources-list-title-text\">Bibliograf\u00eda<\/p>\n<div class=\"sources-expand-button-wrapper-mobile\">\n<div class=\"sources-expand-button\"><svg width=\"32\" height=\"32\" viewbox=\"0 0 32 32\" fill=\"none\" xmlns=\"http:\/\/www.w3.org\/2000\/svg\"><path d=\"M8 12L16 20L24 12\" stroke=\"#8C9AAB\" stroke-width=\"2\" stroke-linecap=\"round\" stroke-linejoin=\"round\"><\/path><\/svg><\/div>\n<\/div>\n<\/div>\n<div class=\"sources-list-items\">\n<div class=\"source-item\">\n<p class=\"main-text-semibold text-black\">1.<\/p>\n<div class=\"source-item-content\">\n<p class=\"main-text-semibold text-black\"><cite>VOKA 3D Anatomy & Pathology \u2013 Atlas 3D completo de anatom\u00eda y patolog\u00eda [Complete Anatomy and Pathology 3D Atlas] [Internet]. VOKA 3D Anatomy & Pathology.<\/cite><\/p>\n<p><span class=\"small-text-medium text-grey\">Disponible en: https:\/\/catalog.voka.io\/<\/span><\/div>\n<\/div>\n<div class=\"source-item\">\n<p class=\"main-text-semibold text-black\">2.<\/p>\n<div class=\"source-item-content\">\n<p class=\"main-text-semibold text-black\"><cite>Pesudovs K, Lansingh VC, Kempen JH, et al. Cataract-related blindness and vision impairment in 2020 and trends over time in relation to VISION 2020: the Right to Sight: an analysis for the Global Burden of Disease Study. Invest Ophthalmol Vis Sci. 2021;62:3523.<\/cite><\/p>\n<\/div>\n<\/div>\n<div class=\"source-item\">\n<p class=\"main-text-semibold text-black\">3.<\/p>\n<div class=\"source-item-content\">\n<p class=\"main-text-semibold text-black\"><cite>Colaboradores de la Carga Global de Enfermedades 2019 sobre ceguera y deterioro visual Causas de la ceguera y el deterioro visual en 2020 y tendencias durante 30 a\u00f1os, y prevalencia de la ceguera evitable en relaci\u00f3n con VISI\u00d3N 2020: el Derecho a la Vista: un an\u00e1lisis para el Estudio de la Carga Global de Enfermedades [Global Burden of Disease 2019 Blindness and Vision Impairment Collaborators Causes of blindness and vision impairment in 2020 and trends over 30 years, and prevalence of avoidable blindness in relation to VISION 2020: the Right to Sight: an analysis for the Global Burden of Disease Study] Lancet Glob Health. 2021; 9:e144-e160.<\/cite><\/p>\n<\/div>\n<\/div>\n<div class=\"source-item\">\n<p class=\"main-text-semibold text-black\">4.<\/p>\n<div class=\"source-item-content\">\n<p class=\"main-text-semibold text-black\"><cite>Alabdulwahhab KM. Senile Cataract in Patients with Diabetes with and Without Diabetic Retinopathy: A Community-Based Comparative Study. Journal of Epidemiology and Global Health [Internet]. 7 de diciembre de 2021;12(1):56\u201363. <\/cite><\/p>\n<p><span class=\"small-text-medium text-grey\">Disponible en: https:\/\/doi.org\/10.1007\/s44197-021-00020-6<\/span><\/div>\n<\/div>\n<div class=\"source-item\">\n<p class=\"main-text-semibold text-black\">5.<\/p>\n<div class=\"source-item-content\">\n<p class=\"main-text-semibold text-black\"><cite>Rong X., He W., Zhu Q., Qian D. et al. C\u00e1lculo de la potencia de la lente intraocular en ojos con miop\u00eda extrema: comparaci\u00f3n de las f\u00f3rmulas de Barrett Universal II, Haigis y Olsen [Intraocular lens power calculation in eyes with extreme myopia: Comparison of Barrett Universal II, Haigis, and Olsen formulas]. Journal of Cataract and Refractive Surgery. 2019;45(6):732\u2013737. DOI: 10.1016\/j.jcrs.2018.12.025.<\/cite><\/p>\n<\/div>\n<\/div>\n<div class=\"source-item\">\n<p class=\"main-text-semibold text-black\">6.<\/p>\n<div class=\"source-item-content\">\n<p class=\"main-text-semibold text-black\"><cite>Jae Shin Song, Do Yeh Yoon, Joon Young Hyon, Hyun Sun Jeon. Comparaci\u00f3n de biometr\u00eda ocular y resultados refractivos utilizando IOL Master 500, IOL Master 700 y Lenstar LS900 [Comparison of Ocular Biometry and Refractive Outcomes Using IOL Master 500, IOL Master 700, and Lenstar LS900]. Korean J. Ophthalmol. 2020;34(2):126-132. DOI: 10.3341\/kjo.2019.0102.<\/cite><\/p>\n<\/div>\n<\/div>\n<div class=\"source-item\">\n<p class=\"main-text-semibold text-black\">7.<\/p>\n<div class=\"source-item-content\">\n<p class=\"main-text-semibold text-black\"><cite>IOL power calculation formulas: Haigis, Holladay, SRKT, Hoffer Q. East Valley Ophthalmology [Internet]. [cited 2021 Apr 10].<\/cite><\/p>\n<p><span class=\"small-text-medium text-grey\">Disponible en: https:\/\/doctor-hill.com\/iol-main\/formulas.htm<\/span><\/div>\n<\/div>\n<div class=\"source-item\">\n<p class=\"main-text-semibold text-black\">8.<\/p>\n<div class=\"source-item-content\">\n<p class=\"main-text-semibold text-black\"><cite>Karam M, Alkhowaiter N, Alkhabbaz A, Aldubaikhi A, Alsaif A, Shareef E, et al. Extended depth of focus versus trifocal for intraocular lens implantation: an updated systematic review and meta-analysis. Am J. Ophthalmol. 2023 Jul;251:52-70. doi: 10.1016\/j.ajo.2023.01.024.<\/cite><\/p>\n<\/div>\n<\/div>\n<\/div>\n<\/div>\n<div class=\"sources-expand-button-wrapper\">\n<div class=\"sources-expand-button\"><svg width=\"32\" height=\"32\" viewbox=\"0 0 32 32\" fill=\"none\" xmlns=\"http:\/\/www.w3.org\/2000\/svg\"><path d=\"M8 12L16 20L24 12\" stroke=\"#8C9AAB\" stroke-width=\"2\" stroke-linecap=\"round\" stroke-linejoin=\"round\"><\/path><\/svg><\/div>\n<\/div>\n<\/div>\n","protected":false},"excerpt":{"rendered":"<p>Una catarata es un enturbiamiento del cristalino natural del ojo, que es un componente del sistema \u00f3ptico del globo ocular. Esta patolog\u00eda conduce a una reducci\u00f3n significativa de la agudeza visual y, posteriormente, a la p\u00e9rdida total de las funciones visuales. Anatom\u00eda patol\u00f3gica El cristalino es una estructura anat\u00f3mica transparente y biconvexa ubicada entre el [&hellip;]<\/p>\n","protected":false},"author":14,"featured_media":0,"template":"","diseases_category":[269],"class_list":["post-4769","diseases_post","type-diseases_post","status-publish","hentry","diseases_category-oftalmologia"],"acf":[],"yoast_head":"<!-- This site is optimized with the Yoast SEO Premium plugin v25.0 (Yoast SEO v26.5) - https:\/\/yoast.com\/wordpress\/plugins\/seo\/ -->\n<title>Catarata: causas, s\u00edntomas, etapas y m\u00e9todos de tratamiento<\/title>\n<meta name=\"description\" content=\"La catarata es la principal causa de deterioro de la visi\u00f3n. An\u00e1lisis de las manifestaciones cl\u00ednicas, m\u00e9todos de examen oftalmol\u00f3gico y t\u00e1cticas de tratamiento quir\u00fargico.\" \/>\n<meta name=\"robots\" content=\"noindex, follow, max-snippet:-1, max-image-preview:large, max-video-preview:-1\" \/>\n<meta property=\"og:locale\" content=\"es_ES\" \/>\n<meta property=\"og:type\" content=\"article\" \/>\n<meta property=\"og:title\" content=\"Catarata: etiolog\u00eda, clasificaci\u00f3n, s\u00edntomas, diagn\u00f3stico y tratamiento\" \/>\n<meta property=\"og:description\" content=\"La catarata es la principal causa de deterioro de la visi\u00f3n. An\u00e1lisis de las manifestaciones cl\u00ednicas, m\u00e9todos de examen oftalmol\u00f3gico y t\u00e1cticas de tratamiento quir\u00fargico.\" \/>\n<meta property=\"og:url\" content=\"https:\/\/wiki.dev.voka.io\/es\/enfermedades\/oftalmologia\/catarata\/\" \/>\n<meta property=\"og:site_name\" content=\"Voka Wiki\" \/>\n<meta property=\"article:publisher\" content=\"https:\/\/www.facebook.com\/VOKA3DAnatomyAndPathology\/\" \/>\n<meta property=\"article:modified_time\" content=\"2026-04-01T15:38:50+00:00\" \/>\n<meta property=\"og:image\" content=\"https:\/\/storage.googleapis.com\/dev_wiki_voka_io_303011\/articles\/en\/ophthalmology\/cataract\/1-cortical-cataract.webp\" \/>\n<meta name=\"twitter:card\" content=\"summary_large_image\" \/>\n<meta name=\"twitter:label1\" content=\"Tiempo de lectura\" \/>\n\t<meta name=\"twitter:data1\" content=\"11 minutos\" \/>\n<script type=\"application\/ld+json\" class=\"yoast-schema-graph\">{\"@context\":\"https:\/\/schema.org\",\"@graph\":[{\"@type\":\"Article\",\"@id\":\"https:\/\/wiki.dev.voka.io\/es\/enfermedades\/oftalmologia\/catarata\/#article\",\"isPartOf\":{\"@id\":\"https:\/\/wiki.dev.voka.io\/es\/enfermedades\/oftalmologia\/catarata\/\"},\"author\":{\"name\":\"Kseniya M.\",\"@id\":\"https:\/\/wiki.dev.voka.io\/es\/#\/schema\/person\/2b3fffc533b382ed964adcf78f67644b\"},\"headline\":\"Catarata: etiolog\u00eda, clasificaci\u00f3n, s\u00edntomas, diagn\u00f3stico y tratamiento\",\"datePublished\":\"2026-02-12T13:09:16+00:00\",\"dateModified\":\"2026-04-01T15:38:50+00:00\",\"mainEntityOfPage\":{\"@id\":\"https:\/\/wiki.dev.voka.io\/es\/enfermedades\/oftalmologia\/catarata\/\"},\"wordCount\":2262,\"publisher\":{\"@id\":\"https:\/\/wiki.dev.voka.io\/es\/#organization\"},\"image\":{\"@id\":\"https:\/\/wiki.dev.voka.io\/es\/enfermedades\/oftalmologia\/catarata\/#primaryimage\"},\"thumbnailUrl\":\"https:\/\/storage.googleapis.com\/dev_wiki_voka_io_303011\/articles\/en\/ophthalmology\/cataract\/1-cortical-cataract.webp\",\"inLanguage\":\"es\"},{\"@type\":\"WebPage\",\"@id\":\"https:\/\/wiki.dev.voka.io\/es\/enfermedades\/oftalmologia\/catarata\/\",\"url\":\"https:\/\/wiki.dev.voka.io\/es\/enfermedades\/oftalmologia\/catarata\/\",\"name\":\"Catarata: causas, s\u00edntomas, etapas y m\u00e9todos de tratamiento\",\"isPartOf\":{\"@id\":\"https:\/\/wiki.dev.voka.io\/es\/#website\"},\"primaryImageOfPage\":{\"@id\":\"https:\/\/wiki.dev.voka.io\/es\/enfermedades\/oftalmologia\/catarata\/#primaryimage\"},\"image\":{\"@id\":\"https:\/\/wiki.dev.voka.io\/es\/enfermedades\/oftalmologia\/catarata\/#primaryimage\"},\"thumbnailUrl\":\"https:\/\/storage.googleapis.com\/dev_wiki_voka_io_303011\/articles\/en\/ophthalmology\/cataract\/1-cortical-cataract.webp\",\"datePublished\":\"2026-02-12T13:09:16+00:00\",\"dateModified\":\"2026-04-01T15:38:50+00:00\",\"description\":\"La catarata es la principal causa de deterioro de la visi\u00f3n. An\u00e1lisis de las manifestaciones cl\u00ednicas, m\u00e9todos de examen oftalmol\u00f3gico y t\u00e1cticas de tratamiento quir\u00fargico.\",\"breadcrumb\":{\"@id\":\"https:\/\/wiki.dev.voka.io\/es\/enfermedades\/oftalmologia\/catarata\/#breadcrumb\"},\"inLanguage\":\"es\",\"potentialAction\":[{\"@type\":\"ReadAction\",\"target\":[\"https:\/\/wiki.dev.voka.io\/es\/enfermedades\/oftalmologia\/catarata\/\"]}]},{\"@type\":\"ImageObject\",\"inLanguage\":\"es\",\"@id\":\"https:\/\/wiki.dev.voka.io\/es\/enfermedades\/oftalmologia\/catarata\/#primaryimage\",\"url\":\"https:\/\/storage.googleapis.com\/dev_wiki_voka_io_303011\/articles\/en\/ophthalmology\/cataract\/1-cortical-cataract.webp\",\"contentUrl\":\"https:\/\/storage.googleapis.com\/dev_wiki_voka_io_303011\/articles\/en\/ophthalmology\/cataract\/1-cortical-cataract.webp\"},{\"@type\":\"BreadcrumbList\",\"@id\":\"https:\/\/wiki.dev.voka.io\/es\/enfermedades\/oftalmologia\/catarata\/#breadcrumb\",\"itemListElement\":[{\"@type\":\"ListItem\",\"position\":1,\"name\":\"Home\",\"item\":\"https:\/\/wiki.dev.voka.io\/es\/\"},{\"@type\":\"ListItem\",\"position\":2,\"name\":\"Oftalmolog\u00eda\",\"item\":\"https:\/\/wiki.dev.voka.io\/es\/enfermedades\/oftalmologia\/\"},{\"@type\":\"ListItem\",\"position\":3,\"name\":\"Catarata: etiolog\u00eda, clasificaci\u00f3n, s\u00edntomas, diagn\u00f3stico y tratamiento\"}]},{\"@type\":\"WebSite\",\"@id\":\"https:\/\/wiki.dev.voka.io\/es\/#website\",\"url\":\"https:\/\/wiki.dev.voka.io\/es\/\",\"name\":\"Voka Wiki\",\"description\":\"\",\"publisher\":{\"@id\":\"https:\/\/wiki.dev.voka.io\/es\/#organization\"},\"alternateName\":\"Anatomy & Pathology Wiki by VOKA\",\"potentialAction\":[{\"@type\":\"SearchAction\",\"target\":{\"@type\":\"EntryPoint\",\"urlTemplate\":\"https:\/\/wiki.dev.voka.io\/es\/?s={search_term_string}\"},\"query-input\":{\"@type\":\"PropertyValueSpecification\",\"valueRequired\":true,\"valueName\":\"search_term_string\"}}],\"inLanguage\":\"es\"},{\"@type\":\"Organization\",\"@id\":\"https:\/\/wiki.dev.voka.io\/es\/#organization\",\"name\":\"Voka 3D Anatomy & Pathology\",\"alternateName\":\"VOKA\",\"url\":\"https:\/\/wiki.dev.voka.io\/es\/\",\"logo\":{\"@type\":\"ImageObject\",\"inLanguage\":\"es\",\"@id\":\"https:\/\/wiki.dev.voka.io\/es\/#\/schema\/logo\/image\/\",\"url\":\"https:\/\/wiki.dev.voka.io\/wp-content\/uploads\/2025\/02\/cropped-voka-logo-1.png\",\"contentUrl\":\"https:\/\/wiki.dev.voka.io\/wp-content\/uploads\/2025\/02\/cropped-voka-logo-1.png\",\"width\":70,\"height\":16,\"caption\":\"Voka 3D Anatomy & Pathology\"},\"image\":{\"@id\":\"https:\/\/wiki.dev.voka.io\/es\/#\/schema\/logo\/image\/\"},\"sameAs\":[\"https:\/\/www.facebook.com\/VOKA3DAnatomyAndPathology\/\",\"https:\/\/www.instagram.com\/voka.io\/\",\"https:\/\/www.linkedin.com\/company\/voka-io\/\",\"https:\/\/www.youtube.com\/channel\/UCqGGuOEpr62ScH8Pjk2q5zw\/videos\",\"https:\/\/www.pinterest.com\/VokaAnatomyPro\/\",\"https:\/\/www.threads.com\/@voka.io\"],\"description\":\"VOKA.io offers 3D medical animations and custom 3D modeling services. Our product, VOKA 3D Anatomy & Pathology, is a digital atlas with over 1,000 detailed 3D models of human anatomy and pathology, designed for medical education, training, and patient communication.\",\"email\":\"info@voka.io\",\"telephone\":\"+1 814 351 4442\",\"legalName\":\"Voka 3D Anatomy & Pathology\",\"foundingDate\":\"2017-02-12\",\"naics\":\"541512\",\"numberOfEmployees\":{\"@type\":\"QuantitativeValue\",\"minValue\":\"51\",\"maxValue\":\"200\"},\"publishingPrinciples\":\"https:\/\/wiki.voka.io\/es\/principios-de-publicacion\/\"},{\"@type\":\"Person\",\"@id\":\"https:\/\/wiki.dev.voka.io\/es\/#\/schema\/person\/2b3fffc533b382ed964adcf78f67644b\",\"name\":\"Kseniya M.\",\"image\":{\"@type\":\"ImageObject\",\"inLanguage\":\"es\",\"@id\":\"https:\/\/wiki.dev.voka.io\/es\/#\/schema\/person\/image\/\",\"url\":\"https:\/\/secure.gravatar.com\/avatar\/84ea4906308347162ec145e8f02e6b522e218847c3bbd7858de2dceeaaeefbaf?s=96&d=mm&r=g\",\"contentUrl\":\"https:\/\/secure.gravatar.com\/avatar\/84ea4906308347162ec145e8f02e6b522e218847c3bbd7858de2dceeaaeefbaf?s=96&d=mm&r=g\",\"caption\":\"Kseniya M.\"}}]}<\/script>\n<!-- \/ Yoast SEO Premium plugin. -->","yoast_head_json":{"title":"Catarata: causas, s\u00edntomas, etapas y m\u00e9todos de tratamiento","description":"La catarata es la principal causa de deterioro de la visi\u00f3n. An\u00e1lisis de las manifestaciones cl\u00ednicas, m\u00e9todos de examen oftalmol\u00f3gico y t\u00e1cticas de tratamiento quir\u00fargico.","robots":{"index":"noindex","follow":"follow","max-snippet":"max-snippet:-1","max-image-preview":"max-image-preview:large","max-video-preview":"max-video-preview:-1"},"og_locale":"es_ES","og_type":"article","og_title":"Catarata: etiolog\u00eda, clasificaci\u00f3n, s\u00edntomas, diagn\u00f3stico y tratamiento","og_description":"La catarata es la principal causa de deterioro de la visi\u00f3n. An\u00e1lisis de las manifestaciones cl\u00ednicas, m\u00e9todos de examen oftalmol\u00f3gico y t\u00e1cticas de tratamiento quir\u00fargico.","og_url":"https:\/\/wiki.dev.voka.io\/es\/enfermedades\/oftalmologia\/catarata\/","og_site_name":"Voka Wiki","article_publisher":"https:\/\/www.facebook.com\/VOKA3DAnatomyAndPathology\/","article_modified_time":"2026-04-01T15:38:50+00:00","og_image":[{"url":"https:\/\/storage.googleapis.com\/dev_wiki_voka_io_303011\/articles\/en\/ophthalmology\/cataract\/1-cortical-cataract.webp","type":"","width":"","height":""}],"twitter_card":"summary_large_image","twitter_misc":{"Tiempo de lectura":"11 minutos"},"schema":{"@context":"https:\/\/schema.org","@graph":[{"@type":"Article","@id":"https:\/\/wiki.dev.voka.io\/es\/enfermedades\/oftalmologia\/catarata\/#article","isPartOf":{"@id":"https:\/\/wiki.dev.voka.io\/es\/enfermedades\/oftalmologia\/catarata\/"},"author":{"name":"Kseniya M.","@id":"https:\/\/wiki.dev.voka.io\/es\/#\/schema\/person\/2b3fffc533b382ed964adcf78f67644b"},"headline":"Catarata: etiolog\u00eda, clasificaci\u00f3n, s\u00edntomas, diagn\u00f3stico y tratamiento","datePublished":"2026-02-12T13:09:16+00:00","dateModified":"2026-04-01T15:38:50+00:00","mainEntityOfPage":{"@id":"https:\/\/wiki.dev.voka.io\/es\/enfermedades\/oftalmologia\/catarata\/"},"wordCount":2262,"publisher":{"@id":"https:\/\/wiki.dev.voka.io\/es\/#organization"},"image":{"@id":"https:\/\/wiki.dev.voka.io\/es\/enfermedades\/oftalmologia\/catarata\/#primaryimage"},"thumbnailUrl":"https:\/\/storage.googleapis.com\/dev_wiki_voka_io_303011\/articles\/en\/ophthalmology\/cataract\/1-cortical-cataract.webp","inLanguage":"es"},{"@type":"WebPage","@id":"https:\/\/wiki.dev.voka.io\/es\/enfermedades\/oftalmologia\/catarata\/","url":"https:\/\/wiki.dev.voka.io\/es\/enfermedades\/oftalmologia\/catarata\/","name":"Catarata: causas, s\u00edntomas, etapas y m\u00e9todos de tratamiento","isPartOf":{"@id":"https:\/\/wiki.dev.voka.io\/es\/#website"},"primaryImageOfPage":{"@id":"https:\/\/wiki.dev.voka.io\/es\/enfermedades\/oftalmologia\/catarata\/#primaryimage"},"image":{"@id":"https:\/\/wiki.dev.voka.io\/es\/enfermedades\/oftalmologia\/catarata\/#primaryimage"},"thumbnailUrl":"https:\/\/storage.googleapis.com\/dev_wiki_voka_io_303011\/articles\/en\/ophthalmology\/cataract\/1-cortical-cataract.webp","datePublished":"2026-02-12T13:09:16+00:00","dateModified":"2026-04-01T15:38:50+00:00","description":"La catarata es la principal causa de deterioro de la visi\u00f3n. An\u00e1lisis de las manifestaciones cl\u00ednicas, m\u00e9todos de examen oftalmol\u00f3gico y t\u00e1cticas de tratamiento quir\u00fargico.","breadcrumb":{"@id":"https:\/\/wiki.dev.voka.io\/es\/enfermedades\/oftalmologia\/catarata\/#breadcrumb"},"inLanguage":"es","potentialAction":[{"@type":"ReadAction","target":["https:\/\/wiki.dev.voka.io\/es\/enfermedades\/oftalmologia\/catarata\/"]}]},{"@type":"ImageObject","inLanguage":"es","@id":"https:\/\/wiki.dev.voka.io\/es\/enfermedades\/oftalmologia\/catarata\/#primaryimage","url":"https:\/\/storage.googleapis.com\/dev_wiki_voka_io_303011\/articles\/en\/ophthalmology\/cataract\/1-cortical-cataract.webp","contentUrl":"https:\/\/storage.googleapis.com\/dev_wiki_voka_io_303011\/articles\/en\/ophthalmology\/cataract\/1-cortical-cataract.webp"},{"@type":"BreadcrumbList","@id":"https:\/\/wiki.dev.voka.io\/es\/enfermedades\/oftalmologia\/catarata\/#breadcrumb","itemListElement":[{"@type":"ListItem","position":1,"name":"Home","item":"https:\/\/wiki.dev.voka.io\/es\/"},{"@type":"ListItem","position":2,"name":"Oftalmolog\u00eda","item":"https:\/\/wiki.dev.voka.io\/es\/enfermedades\/oftalmologia\/"},{"@type":"ListItem","position":3,"name":"Catarata: etiolog\u00eda, clasificaci\u00f3n, s\u00edntomas, diagn\u00f3stico y tratamiento"}]},{"@type":"WebSite","@id":"https:\/\/wiki.dev.voka.io\/es\/#website","url":"https:\/\/wiki.dev.voka.io\/es\/","name":"Voka Wiki","description":"","publisher":{"@id":"https:\/\/wiki.dev.voka.io\/es\/#organization"},"alternateName":"Anatomy & Pathology Wiki by VOKA","potentialAction":[{"@type":"SearchAction","target":{"@type":"EntryPoint","urlTemplate":"https:\/\/wiki.dev.voka.io\/es\/?s={search_term_string}"},"query-input":{"@type":"PropertyValueSpecification","valueRequired":true,"valueName":"search_term_string"}}],"inLanguage":"es"},{"@type":"Organization","@id":"https:\/\/wiki.dev.voka.io\/es\/#organization","name":"Voka 3D Anatomy & Pathology","alternateName":"VOKA","url":"https:\/\/wiki.dev.voka.io\/es\/","logo":{"@type":"ImageObject","inLanguage":"es","@id":"https:\/\/wiki.dev.voka.io\/es\/#\/schema\/logo\/image\/","url":"https:\/\/wiki.dev.voka.io\/wp-content\/uploads\/2025\/02\/cropped-voka-logo-1.png","contentUrl":"https:\/\/wiki.dev.voka.io\/wp-content\/uploads\/2025\/02\/cropped-voka-logo-1.png","width":70,"height":16,"caption":"Voka 3D Anatomy & Pathology"},"image":{"@id":"https:\/\/wiki.dev.voka.io\/es\/#\/schema\/logo\/image\/"},"sameAs":["https:\/\/www.facebook.com\/VOKA3DAnatomyAndPathology\/","https:\/\/www.instagram.com\/voka.io\/","https:\/\/www.linkedin.com\/company\/voka-io\/","https:\/\/www.youtube.com\/channel\/UCqGGuOEpr62ScH8Pjk2q5zw\/videos","https:\/\/www.pinterest.com\/VokaAnatomyPro\/","https:\/\/www.threads.com\/@voka.io"],"description":"VOKA.io offers 3D medical animations and custom 3D modeling services. Our product, VOKA 3D Anatomy & Pathology, is a digital atlas with over 1,000 detailed 3D models of human anatomy and pathology, designed for medical education, training, and patient communication.","email":"info@voka.io","telephone":"+1 814 351 4442","legalName":"Voka 3D Anatomy & Pathology","foundingDate":"2017-02-12","naics":"541512","numberOfEmployees":{"@type":"QuantitativeValue","minValue":"51","maxValue":"200"},"publishingPrinciples":"https:\/\/wiki.voka.io\/es\/principios-de-publicacion\/"},{"@type":"Person","@id":"https:\/\/wiki.dev.voka.io\/es\/#\/schema\/person\/2b3fffc533b382ed964adcf78f67644b","name":"Kseniya M.","image":{"@type":"ImageObject","inLanguage":"es","@id":"https:\/\/wiki.dev.voka.io\/es\/#\/schema\/person\/image\/","url":"https:\/\/secure.gravatar.com\/avatar\/84ea4906308347162ec145e8f02e6b522e218847c3bbd7858de2dceeaaeefbaf?s=96&d=mm&r=g","contentUrl":"https:\/\/secure.gravatar.com\/avatar\/84ea4906308347162ec145e8f02e6b522e218847c3bbd7858de2dceeaaeefbaf?s=96&d=mm&r=g","caption":"Kseniya M."}}]}},"_links":{"self":[{"href":"https:\/\/wiki.dev.voka.io\/es\/wp-json\/wp\/v2\/diseases_post\/4769","targetHints":{"allow":["GET"]}}],"collection":[{"href":"https:\/\/wiki.dev.voka.io\/es\/wp-json\/wp\/v2\/diseases_post"}],"about":[{"href":"https:\/\/wiki.dev.voka.io\/es\/wp-json\/wp\/v2\/types\/diseases_post"}],"author":[{"embeddable":true,"href":"https:\/\/wiki.dev.voka.io\/es\/wp-json\/wp\/v2\/users\/14"}],"wp:attachment":[{"href":"https:\/\/wiki.dev.voka.io\/es\/wp-json\/wp\/v2\/media?parent=4769"}],"wp:term":[{"taxonomy":"diseases_category","embeddable":true,"href":"https:\/\/wiki.dev.voka.io\/es\/wp-json\/wp\/v2\/diseases_category?post=4769"}],"curies":[{"name":"wp","href":"https:\/\/api.w.org\/{rel}","templated":true}]}}