{"id":2847,"date":"2026-01-29T17:26:11","date_gmt":"2026-01-29T14:26:11","guid":{"rendered":"https:\/\/wiki.dev.voka.io\/diseases\/uncategorized\/fracturas-clavicula\/"},"modified":"2026-01-29T17:26:09","modified_gmt":"2026-01-29T14:26:09","slug":"fracturas-clavicula","status":"publish","type":"diseases_post","link":"https:\/\/wiki.dev.voka.io\/es\/enfermedades\/traumatologia\/fracturas-clavicula\/","title":{"rendered":"Fracturas de clav\u00edcula: clasificaci\u00f3n, s\u00edntomas, m\u00e9todos de tratamiento y rehabilitaci\u00f3n"},"content":{"rendered":"<p><?xml encoding=\"UTF-8\" ?><\/p>\n<p>La <strong>clav\u00edcula<\/strong> es un hueso alargado en forma de S (plana lateralmente, cil\u00edndrica en el medio y prism\u00e1tica medialmente) que se articula con el estern\u00f3n a trav\u00e9s de la articulaci\u00f3n esternoclavicular y con la esc\u00e1pula a trav\u00e9s de la articulaci\u00f3n acromioclavicular. Desempe\u00f1a un papel clave en la estabilidad del hombro.<\/p>\n<h2 class=\"wp-block-heading\" id=\"etiologia-y-mecanismo-de-dano\"><strong>Etiolog\u00eda y mecanismo de da\u00f1o<\/strong><\/h2>\n<p>Las fracturas de clav\u00edcula se producen principalmente por traumatismos directos o indirectos. <\/p>\n<p><strong>Las razones m\u00e1s comunes son<\/strong>:<\/p>\n<ol class=\"wp-block-list\">\n<li>Ca\u00edda sobre un hombro o un brazo extendido.<\/li>\n<li>Lesiones deportivas (generalmente ciclismo o f\u00fatbol).<\/li>\n<li>Accidentes de tr\u00e1fico.<\/li>\n<\/ol>\n<p>El principal mecanismo de traumatismo es una ca\u00edda directa sobre la parte lateral del hombro. Eso causa acci\u00f3n compresiva que conduce a una fractura \u00f3sea (ocurre en el 85% de los casos). Con menor frecuencia, esta fractura puede ser causada por un golpe directo en la clav\u00edcula o una fuerza indirecta transmitida a trav\u00e9s del brazo. <\/p>\n<p>El desplazamiento de los fragmentos de la clav\u00edcula se produce por la acci\u00f3n de los m\u00fasculos unidos directamente a ella: <\/p>\n<ul class=\"wp-block-list\">\n<li><strong>Fragmentos mediales (centrales):<\/strong> se desplazan en direcci\u00f3n postero-superior debido a la tracci\u00f3n del m\u00fasculo esternocleidomastoideo.<\/li>\n<li><strong>Fragmentos laterales:<\/strong> se desplazan hacia abajo y medialmente debido al impacto del m\u00fasculo pectoral mayor y al peso del propio miembro. <\/li>\n<\/ul>\n<h2 class=\"wp-block-heading\" id=\"epidemiologia\"><strong>Epidemiolog\u00eda<\/strong><\/h2>\n<p>Las fracturas de clav\u00edcula representan aproximadamente entre el 2,6 y el 5% de todas las fracturas y hasta el 44% de los traumatismos de la cintura escapular. Son m\u00e1s comunes entre personas j\u00f3venes y activas y ni\u00f1os, con una incidencia m\u00e1xima entre hombres de 13 a 20\u00a0a\u00f1os.<\/p>\n<h2 class=\"wp-block-heading\" id=\"clasificacion-de-las-fracturas-de-clavicula\"><strong>Clasificaci\u00f3n de las fracturas de clav\u00edcula<\/strong><\/h2>\n<p>La clasificaci\u00f3n b\u00e1sica de las fracturas de clav\u00edcula se funda en la ubicaci\u00f3n de la fractura en relaci\u00f3n con las regiones anat\u00f3micas de la clav\u00edcula: <\/p>\n<ul class=\"wp-block-list\">\n<li>Fractura de la di\u00e1fisis (tercio medio): el 75\u201380% de todas las fracturas de clav\u00edcula. <\/li>\n<li>Fractura de la extremidad acromial (tercio lateral): 15\u201325%. <\/li>\n<li>Fractura de la extremidad esternal (tercio medial): 2\u20135%.<\/li>\n<\/ul>\n<p>La frecuencia de fracturas de la parte diafisaria (tercio medio) se debe a que esta parte es la m\u00e1s delgada y estrecha a lo largo de toda la clav\u00edcula, no sostenida por ligamentos e inserciones musculares. <\/p>\n<h3 class=\"wp-block-heading\" id=\"clasificacion-de-neer-para-la-extremidad-acromial\"><strong>Clasificaci\u00f3n de Neer (para la extremidad acromial)<\/strong><\/h3>\n<p>La clasificaci\u00f3n de Neer se utiliza ampliamente en la pr\u00e1ctica cl\u00ednica para las fracturas de la extremidad acromial (distal) de la clav\u00edcula. Sobre la base de esta clasificaci\u00f3n se elige el m\u00e9todo de tratamiento de la lesi\u00f3n. La clasificaci\u00f3n de Neer identifica cinco tipos principales y dos subtipos de fracturas. <\/p>\n<figure class=\"wp-block-table table-to-cards\">\n<table>\n<thead>\n<tr>\n<th class=\"has-text-align-center\" data-align=\"center\"><strong>Tipo&nbsp;seg\u00fan&nbsp;Neer<\/strong><\/th>\n<th class=\"has-text-align-center\" data-align=\"center\"><strong>Naturaleza de fractura<\/strong><\/th>\n<th class=\"has-text-align-center\" data-align=\"center\"><strong>M\u00e9todo de tratamiento propuesto<\/strong><\/th>\n<\/tr>\n<\/thead>\n<tbody>\n<tr>\n<td class=\"has-text-align-center\" data-align=\"center\">Tipo\u00a01<\/td>\n<td class=\"has-text-align-center\" data-align=\"center\">Fractura extracapsular. La l\u00ednea de fractura corre lateral al punto de inserci\u00f3n de los ligamentos coracoclaviculares. Ligamentos intactos. Desplazamiento m\u00ednimo de fractura. Fractura estable<\/td>\n<td class=\"has-text-align-center\" data-align=\"center\"><strong>Conservador<\/strong><\/td>\n<\/tr>\n<tr>\n<td class=\"has-text-align-center\" data-align=\"center\">Tipo\u00a02<\/td>\n<td class=\"has-text-align-center\" data-align=\"center\">Fractura extracapsular. La l\u00ednea de fractura corre medial al punto de inserci\u00f3n de los ligamentos coracoclaviculares. Ligamentos intactos. Desplazamiento medial significativo. Fractura inestable<\/td>\n<td class=\"has-text-align-center\" data-align=\"center\"><strong>Quir\u00fargico<\/strong>. Con tratamiento conservador la no uni\u00f3n alcanza el 56%<\/td>\n<\/tr>\n<tr>\n<td class=\"has-text-align-center\" data-align=\"center\">Tipo\u00a02<\/td>\n<td class=\"has-text-align-center\" data-align=\"center\">Fractura extracapsular. Dos formas anat\u00f3micas de da\u00f1o: <br \/>1. La l\u00ednea de fractura corre a trav\u00e9s del punto de inserci\u00f3n de los ligamentos (el conoide est\u00e1 da\u00f1ado, el trapezoide est\u00e1 intacto). <br \/>2. La l\u00ednea de fractura corre lateral al punto de inserci\u00f3n de los ligamentos, pero estos \u00faltimos est\u00e1n da\u00f1ados.<\/p>\n<p>Desplazamiento medial significativo de la clav\u00edcula. Fractura inestable<\/td>\n<td class=\"has-text-align-center\" data-align=\"center\"><strong>Quir\u00fargico<\/strong>. Con tratamiento conservador la no uni\u00f3n alcanza entre el 30 y el 45%<\/td>\n<\/tr>\n<tr>\n<td class=\"has-text-align-center\" data-align=\"center\">Tipo\u00a03<\/td>\n<td class=\"has-text-align-center\" data-align=\"center\">Fractura intraarticular. La l\u00ednea de fractura corre lateral al punto de inserci\u00f3n de los ligamentos y se extiende hasta la articulaci\u00f3n acromioclavicular. Ligamentos intactos. Desplazamiento m\u00ednimo de fractura. Fractura estable<\/td>\n<td class=\"has-text-align-center\" data-align=\"center\"><strong>Conservador<\/strong>. Riesgo de desarrollar artrosis postraum\u00e1tica de la articulaci\u00f3n acromioclavicular<\/td>\n<\/tr>\n<tr>\n<td class=\"has-text-align-center\" data-align=\"center\">Tipo\u00a04<\/td>\n<td class=\"has-text-align-center\" data-align=\"center\">Fractura extracapsular. Se produce cuando existen zonas de crecimiento no cerradas en la regi\u00f3n fisaria. Ligamentos intactos. La parte lateral de la clav\u00edcula se desplaza hacia arriba debido a una ruptura del periostio. Fractura estable<\/td>\n<td class=\"has-text-align-center\" data-align=\"center\"><strong>Conservador<\/strong><\/td>\n<\/tr>\n<tr>\n<td class=\"has-text-align-center\" data-align=\"center\">Tipo\u00a05<\/td>\n<td class=\"has-text-align-center\" data-align=\"center\">Fractura extracapsular o intraarticular. Naturaleza conminuta de la fractura. Ligamentos intactos. Desplazamiento medial significativo de la clav\u00edcula. Fractura inestable<\/td>\n<td class=\"has-text-align-center\" data-align=\"center\"><strong>Quir\u00fargico<\/strong><\/td>\n<\/tr>\n<\/tbody>\n<\/table>\n<\/figure>\n<p><a href=\"https:\/\/catalog.voka.io\/en\/models\/172682d4-e3d9-460c-8ad0-f4cc3bbe976d\/15ae3b98-3ff4-4335-9700-722d38e8a5af\/1acf0046-efb5-4693-8f36-d49a0ea39a65\/a02ebe6a-3188-46c6-87a6-aab8dd49ac25\" target=\"_blank\" rel=\"noreferrer noopener nofollow\">Modelos 3D<\/a> de fracturas de clav\u00edcula:<\/p>\n<div class=\"carousel-block\">\n<div class=\"swiper carousel-swiper carousel-swiper-block_69ef5e782fc1b\">\n<div class=\"swiper-wrapper\">\n<div class=\"swiper-slide image-carousel-slide\"><img decoding=\"async\" class=\"carousel-image\" src=\"https:\/\/storage.googleapis.com\/dev_wiki_voka_io_303011\/articles\/en\/traumatology\/collarbone-fracture\/extra-articular-fracture-of-the-sternal-end-of-the-clavicle.webp\" alt=\"Fractura extracapsular de la extremidad esternal de la clav\u00edcula\"><span class=\"small-text-article text-main-text-color\">Fractura extracapsular de la extremidad esternal de la clav\u00edcula<\/span><\/div>\n<div class=\"swiper-slide image-carousel-slide\"><img decoding=\"async\" class=\"carousel-image\" src=\"https:\/\/storage.googleapis.com\/dev_wiki_voka_io_303011\/articles\/en\/traumatology\/collarbone-fracture\/comminuted-fracture-of-the-clavicle-shaft.webp\" alt=\"Fractura conminuta de la di\u00e1fisis de la clav\u00edcula\"><span class=\"small-text-article text-main-text-color\">Fractura conminuta de la di\u00e1fisis de la clav\u00edcula<\/span><\/div>\n<div class=\"swiper-slide image-carousel-slide\"><img decoding=\"async\" class=\"carousel-image\" src=\"https:\/\/storage.googleapis.com\/dev_wiki_voka_io_303011\/articles\/en\/traumatology\/collarbone-fracture\/extra-articular-comminuted-fracture-of-the-acromial-end-of-the-clavicle-type-5.webp\" alt=\"Fractura conminuta extracapsular de la extremidad esternal de la clav\u00edcula (Neer tipo 5)\"><span class=\"small-text-article text-main-text-color\">Fractura conminuta extracapsular de la extremidad esternal de la clav\u00edcula (Neer tipo 5)<\/span><\/div>\n<\/div>\n<\/div>\n<div class=\"swiper-article-carousel__controls\">\n<div class=\"swiper-article-carousel__pagination-container swiper-article-carousel__pagination-container-block_69ef5e782fc1b\"><\/div>\n<div class=\"swiper-article-carousel__arrows\"><button class=\"swiper__arrow swiper__arrow--prev carousel-swiper-button-prev swiper__arrow swiper__arrow--prev carousel-swiper-button-prev-block_69ef5e782fc1b\"><svg xmlns=\"http:\/\/www.w3.org\/2000\/svg\" width=\"40\" height=\"40\" viewbox=\"0 0 40 40\" fill=\"none\"><path d=\"M20 3.75C16.7861 3.75 13.6443 4.70305 10.972 6.48862C8.29969 8.27419 6.21689 10.8121 4.98696 13.7814C3.75704 16.7507 3.43524 20.018 4.06225 23.1702C4.68926 26.3224 6.23692 29.2179 8.50952 31.4905C10.7821 33.7631 13.6776 35.3107 16.8298 35.9378C19.982 36.5648 23.2493 36.243 26.2186 35.013C29.1879 33.7831 31.7258 31.7003 33.5114 29.028C35.297 26.3557 36.25 23.2139 36.25 20C36.2455 15.6916 34.5319 11.561 31.4855 8.51454C28.439 5.46806 24.3084 3.75455 20 3.75ZM23.3844 25.3656C23.5005 25.4818 23.5926 25.6196 23.6555 25.7714C23.7184 25.9231 23.7507 26.0858 23.7507 26.25C23.7507 26.4142 23.7184 26.5769 23.6555 26.7286C23.5926 26.8804 23.5005 27.0182 23.3844 27.1344C23.2682 27.2505 23.1304 27.3426 22.9786 27.4055C22.8269 27.4683 22.6643 27.5007 22.5 27.5007C22.3358 27.5007 22.1731 27.4683 22.0214 27.4055C21.8696 27.3426 21.7318 27.2505 21.6156 27.1344L15.3656 20.8844C15.2494 20.7683 15.1572 20.6304 15.0943 20.4787C15.0314 20.3269 14.999 20.1643 14.999 20C14.999 19.8357 15.0314 19.6731 15.0943 19.5213C15.1572 19.3696 15.2494 19.2317 15.3656 19.1156L21.6156 12.8656C21.7318 12.7495 21.8696 12.6574 22.0214 12.5945C22.1731 12.5317 22.3358 12.4993 22.5 12.4993C22.6643 12.4993 22.8269 12.5317 22.9786 12.5945C23.1304 12.6574 23.2682 12.7495 23.3844 12.8656C23.5005 12.9818 23.5926 13.1196 23.6555 13.2714C23.7184 13.4231 23.7507 13.5858 23.7507 13.75C23.7507 13.9142 23.7184 14.0769 23.6555 14.2286C23.5926 14.3804 23.5005 14.5182 23.3844 14.6344L18.0172 20L23.3844 25.3656Z\" fill=\"#B5C0CD\"><\/path><\/svg><\/button><button class=\"swiper__arrow swiper__arrow--next carousel-swiper-button-next swiper__arrow swiper__arrow--next carousel-swiper-button-next-block_69ef5e782fc1b\" tabindex=\"0\" aria-label=\"Next slide\"><svg xmlns=\"http:\/\/www.w3.org\/2000\/svg\" width=\"40\" height=\"40\" viewbox=\"0 0 40 40\" fill=\"none\"><path d=\"M20 3.75C16.7861 3.75 13.6443 4.70305 10.972 6.48862C8.29969 8.27419 6.21689 10.8121 4.98696 13.7814C3.75704 16.7507 3.43524 20.018 4.06225 23.1702C4.68926 26.3224 6.23692 29.2179 8.50952 31.4905C10.7821 33.7631 13.6776 35.3107 16.8298 35.9378C19.982 36.5648 23.2493 36.243 26.2186 35.013C29.1879 33.7831 31.7258 31.7003 33.5114 29.028C35.297 26.3557 36.25 23.2139 36.25 20C36.2455 15.6916 34.5319 11.561 31.4855 8.51454C28.439 5.46806 24.3084 3.75455 20 3.75ZM23.3844 25.3656C23.5005 25.4818 23.5926 25.6196 23.6555 25.7714C23.7184 25.9231 23.7507 26.0858 23.7507 26.25C23.7507 26.4142 23.7184 26.5769 23.6555 26.7286C23.5926 26.8804 23.5005 27.0182 23.3844 27.1344C23.2682 27.2505 23.1304 27.3426 22.9786 27.4055C22.8269 27.4683 22.6643 27.5007 22.5 27.5007C22.3358 27.5007 22.1731 27.4683 22.0214 27.4055C21.8696 27.3426 21.7318 27.2505 21.6156 27.1344L15.3656 20.8844C15.2494 20.7683 15.1572 20.6304 15.0943 20.4787C15.0314 20.3269 14.999 20.1643 14.999 20C14.999 19.8357 15.0314 19.6731 15.0943 19.5213C15.1572 19.3696 15.2494 19.2317 15.3656 19.1156L21.6156 12.8656C21.7318 12.7495 21.8696 12.6574 22.0214 12.5945C22.1731 12.5317 22.3358 12.4993 22.5 12.4993C22.6643 12.4993 22.8269 12.5317 22.9786 12.5945C23.1304 12.6574 23.2682 12.7495 23.3844 12.8656C23.5005 12.9818 23.5926 13.1196 23.6555 13.2714C23.7184 13.4231 23.7507 13.5858 23.7507 13.75C23.7507 13.9142 23.7184 14.0769 23.6555 14.2286C23.5926 14.3804 23.5005 14.5182 23.3844 14.6344L18.0172 20L23.3844 25.3656Z\" fill=\"#B5C0CD\"><\/path><\/svg><\/button><\/div>\n<\/div>\n<\/div>\n<p><script defer>\n    document.addEventListener('DOMContentLoaded', function() {\n        const imagesCarouselSwiper = new Swiper('.carousel-swiper-block_69ef5e782fc1b', {\n            slidesPerView: 1,\n            spaceBetween: 20,\n            loop: true,\n            pagination: {\n                el: '.swiper-article-carousel__pagination-container-block_69ef5e782fc1b',\n                clickable: true,\n            },\n            navigation: {\n                nextEl: '.carousel-swiper-button-next-block_69ef5e782fc1b',\n                prevEl: '.carousel-swiper-button-prev-block_69ef5e782fc1b',\n            },\n        })\n    })\n<\/script><\/p>\n<h2 class=\"wp-block-heading\" id=\"presentacion-clinica-y-sintomas\"><strong>Presentaci\u00f3n cl\u00ednica y s\u00edntomas<\/strong><\/h2>\n<p>Cuadro cl\u00ednico t\u00edpico de una fractura de clav\u00edcula: <\/p>\n<ol class=\"wp-block-list\">\n<li>Dolor inmediato en el hombro y p\u00e9rdida de funci\u00f3n.<\/li>\n<li>El brazo se apriete contra el cuerpo y se apoya en el brazo opuesto.<\/li>\n<li>Hinchaz\u00f3n, hematoma y hueso que sobresale debajo de la piel.<\/li>\n<li>Puede haber tensi\u00f3n de la piel o, con menor frecuencia, una fractura abierta.<\/li>\n<li>Los vasos y nervios cercanos pueden resultar da\u00f1ados. <\/li>\n<\/ol>\n<h2 class=\"wp-block-heading\" id=\"diagnostico\"><strong>Diagn\u00f3stico<\/strong><\/h2>\n<p>El diagn\u00f3stico se basa en la evaluaci\u00f3n cl\u00ednica y pruebas radiol\u00f3gicas. <\/p>\n<h3 class=\"wp-block-heading\" id=\"evaluacion-clinica\"><strong>Evaluaci\u00f3n cl\u00ednica<\/strong><\/h3>\n<ul class=\"wp-block-list\">\n<li><strong>Historia del traumatismo<\/strong>: el paciente nota el impacto traum\u00e1tico acompa\u00f1ado de un crujido distintivo, seguido de dolor.<\/li>\n<li><strong>Examen<\/strong>: deformaci\u00f3n visible en la zona de la clav\u00edcula, hinchaz\u00f3n de tejidos blandos, hematoma en la zona de la fractura.<\/li>\n<li><strong>Palpaci\u00f3n<\/strong>: dolor local y crepitaci\u00f3n (crujido).<\/li>\n<li><strong>Rango de movimiento<\/strong>: movimiento limitado del miembro superior libre en el lado lesionado debido a la intensidad del dolor.<\/li>\n<\/ul>\n<h3 class=\"wp-block-heading\" id=\"metodos-de-diagnostico-por-radiacion\"><strong>M\u00e9todos de diagn\u00f3stico por radiaci\u00f3n<\/strong><\/h3>\n<ul class=\"wp-block-list\">\n<li><strong>Radiograf\u00eda<\/strong>: la proyecci\u00f3n anteroposterior est\u00e1ndar y la proyecci\u00f3n en un \u00e1ngulo de 15\u00a0grados con respecto a la cabeza (proyecci\u00f3n de Zanca) muestran el sitio de la fractura, el desplazamiento y la presencia de fragmentos.<\/li>\n<li><strong>TC (tomograf\u00eda computarizada)<\/strong>: se requiere para fracturas conminutas complejas, as\u00ed como para fracturas de las extremidades esternal y acromial.<\/li>\n<\/ul>\n<h2 class=\"wp-block-heading\" id=\"tratamiento-de-fracturas-de-clavicula\"><strong>Tratamiento de fracturas de clav\u00edcula<\/strong><\/h2>\n<h3 class=\"wp-block-heading\" id=\"tratamiento-no-quirurgico\"><strong>Tratamiento no quir\u00fargico<\/strong><\/h3>\n<p>Da como resultado un alto porcentaje de fusi\u00f3n \u00f3sea en ni\u00f1os y fracturas desplazadas en adultos.<\/p>\n<p><strong>Indicaciones:<\/strong><\/p>\n<ol class=\"wp-block-list\">\n<li>Fracturas de la parte media de la di\u00e1fisis sin desplazamiento o con desplazamiento m\u00ednimo.<\/li>\n<li>Ausencia de da\u00f1o concomitante a los vasos sangu\u00edneos o los nervios. <\/li>\n<li>Ausencia de da\u00f1os en la piel o del acortamiento significativo (menos de 2\u00a0cm) de la cintura escapular.<\/li>\n<\/ol>\n<p><strong>T\u00e9cnica:<\/strong><\/p>\n<ol class=\"wp-block-list\">\n<li>Vendaje de soporte o vendaje en ocho (anillos de Delbet): se utiliza para inmovilizaci\u00f3n.<\/li>\n<li>Control del dolor y retorno gradual a la actividad durante 6 a 12\u00a0semanas.<\/li>\n<li>Fisioterapia: movimientos pasivos en un rango indoloro a partir de la semana 2; ejercicios de resistencia a partir de la semana 6; retorno a las actividades deportivas activas a los meses 4\u20136.<\/li>\n<\/ol>\n<h3 class=\"wp-block-heading\" id=\"tratamiento-quirurgico\"><strong>Tratamiento quir\u00fargico<\/strong><\/h3>\n<p>En algunos casos, la intervenci\u00f3n quir\u00fargica proporciona una recuperaci\u00f3n funcional m\u00e1s temprana y reduce el riesgo de falta de uni\u00f3n o mala uni\u00f3n de las fracturas con desplazamiento significativo.<\/p>\n<p><strong>Indicaciones para la cirug\u00eda:<\/strong><\/p>\n<ol class=\"wp-block-list\">\n<li>Fracturas diafisarias con acortamiento significativo (m\u00e1s de 2\u00a0cm) de la cintura escapular y desplazamiento de fragmentos. <\/li>\n<li>Fracturas abiertas.<\/li>\n<li>Lesiones vasculares y nerviosas concomitantes. <\/li>\n<li>Tensi\u00f3n de la piel en la zona de los fragmentos y amenaza para su integridad.<\/li>\n<li>Fracturas conminutas, da\u00f1o del aparato capsular ligamentoso de la articulaci\u00f3n acromioclavicular y esternoclavicular. <\/li>\n<\/ol>\n<p><strong>T\u00e9cnica:<\/strong><\/p>\n<ol class=\"wp-block-list\">\n<li><strong>Reducci\u00f3n abierta y fijaci\u00f3n interna (ORIF)<\/strong> mediante placas y tornillos. Inmovilizaci\u00f3n en un cabestrillo blando durante 7 a 10\u00a0d\u00edas, luego movimientos activos del miembro en un rango indoloro. A partir de la 6\u00aa semana: ejercicios de resistencia y con pesas. Retorno a las actividades deportivas activas a los 3\u00a0meses.<\/li>\n<li><strong>Osteos\u00edntesis intramedular<\/strong> (se utiliza con menor frecuencia).<\/li>\n<\/ol>\n<h2 class=\"wp-block-heading\" id=\"rehabilitacion-principios-y-periodos\"><strong>Rehabilitaci\u00f3n: principios y periodos<\/strong><\/h2>\n<p>El enfoque general de la rehabilitaci\u00f3n es adherirse al r\u00e9gimen ortop\u00e9dico y al volumen de carga permitido seg\u00fan las siguientes etapas: inmovilizaci\u00f3n (cabestrillo) \u2192 movimiento pasivo temprano \u2192 movimiento activo \u2192 recuperaci\u00f3n de la fuerza muscular \u2192 retorno a la actividad. La velocidad de progresi\u00f3n depende del tipo de fractura y del m\u00e9todo de tratamiento elegido.<\/p>\n<h3 class=\"wp-block-heading\" id=\"rehabilitacion-de-fracturas-de-la-extremidad-esternal-de-la-clavicula\"><strong>Rehabilitaci\u00f3n de fracturas de la extremidad esternal de la clav\u00edcula<\/strong><\/h3>\n<figure class=\"wp-block-table table-to-cards\">\n<table>\n<thead>\n<tr>\n<th class=\"has-text-align-center\" data-align=\"center\">Cronolog\u00eda (semanas)<\/th>\n<th class=\"has-text-align-center\" data-align=\"center\">Carga de peso<\/th>\n<th class=\"has-text-align-center\" data-align=\"center\">Rango de movimiento<\/th>\n<th class=\"has-text-align-center\" data-align=\"center\">Notas<\/th>\n<\/tr>\n<\/thead>\n<tbody>\n<tr>\n<td class=\"has-text-align-center\" data-align=\"center\">0-2<\/td>\n<td class=\"has-text-align-center\" data-align=\"center\">Contraindicada<\/td>\n<td class=\"has-text-align-center\" data-align=\"center\">Rango completo de movimiento de la articulaci\u00f3n del codo y la articulaci\u00f3n radiocarpiana. Articulaci\u00f3n glenohumeral: el movimiento est\u00e1 contraindicado<\/td>\n<td class=\"has-text-align-center\" data-align=\"center\">Inmovilizaci\u00f3n en cabestrillo. Monitoreo de lesiones vasculares y da\u00f1o a los \u00f3rganos<\/td>\n<\/tr>\n<tr>\n<td class=\"has-text-align-center\" data-align=\"center\">2-6<\/td>\n<td class=\"has-text-align-center\" data-align=\"center\">Contraindicada<\/td>\n<td class=\"has-text-align-center\" data-align=\"center\">Movimientos pendulares, flexi\u00f3n pasiva de la articulaci\u00f3n glenohumeral hasta 90\u00b0 (bajo control del dolor)<\/td>\n<td class=\"has-text-align-center\" data-align=\"center\"> \u2013 <\/td>\n<\/tr>\n<tr>\n<td class=\"has-text-align-center\" data-align=\"center\">6-8<\/td>\n<td class=\"has-text-align-center\" data-align=\"center\">Hasta 1\u00a0kg<\/td>\n<td class=\"has-text-align-center\" data-align=\"center\">Movimiento activo en la articulaci\u00f3n glenohumeral en un rango de > 90\u00b0 (bajo control del dolor)<\/td>\n<td class=\"has-text-align-center\" data-align=\"center\">Radiograf\u00eda por etapas para determinar la din\u00e1mica de la consolidaci\u00f3n de la fractura<\/td>\n<\/tr>\n<tr>\n<td class=\"has-text-align-center\" data-align=\"center\">8-12<\/td>\n<td class=\"has-text-align-center\" data-align=\"center\">Aumento de la carga admisible seg\u00fan la tolerancia<\/td>\n<td class=\"has-text-align-center\" data-align=\"center\">Rango completo de movimiento activo en la articulaci\u00f3n glenohumeral. Ejercicios isom\u00e9tricos<\/td>\n<td class=\"has-text-align-center\" data-align=\"center\"> \u2013 <\/td>\n<\/tr>\n<tr>\n<td class=\"has-text-align-center\" data-align=\"center\">12+<\/td>\n<td class=\"has-text-align-center\" data-align=\"center\">Sin restricciones<\/td>\n<td class=\"has-text-align-center\" data-align=\"center\">Sin restricciones<\/td>\n<td class=\"has-text-align-center\" data-align=\"center\">Radiograf\u00eda por etapas para determinar la din\u00e1mica de la consolidaci\u00f3n de la fractura. El retorno a las actividades deportivas depende del deporte espec\u00edfico y de los hallazgos radiogr\u00e1ficos<\/td>\n<\/tr>\n<\/tbody>\n<\/table>\n<\/figure>\n<h3 class=\"wp-block-heading\" id=\"rehabilitacion-de-fracturas-de-la-diafisis-de-la-clavicula\"><strong>Rehabilitaci\u00f3n de fracturas de la di\u00e1fisis de la clav\u00edcula<\/strong><\/h3>\n<h4 class=\"wp-block-heading\"><strong>Tratamiento conservador<\/strong><\/h4>\n<figure class=\"wp-block-table table-to-cards\">\n<table>\n<thead>\n<tr>\n<th class=\"has-text-align-center\" data-align=\"center\">Cronolog\u00eda (semanas)<\/th>\n<th class=\"has-text-align-center\" data-align=\"center\">Carga de peso<\/th>\n<th class=\"has-text-align-center\" data-align=\"center\">Rango de movimiento<\/th>\n<\/tr>\n<\/thead>\n<tbody>\n<tr>\n<td class=\"has-text-align-center\" data-align=\"center\">0-2<\/td>\n<td class=\"has-text-align-center\" data-align=\"center\">Contraindicada<\/td>\n<td class=\"has-text-align-center\" data-align=\"center\">Rango completo de movimiento de la articulaci\u00f3n del codo y la articulaci\u00f3n radiocarpiana. Articulaci\u00f3n glenohumeral: el movimiento est\u00e1 contraindicado<\/td>\n<\/tr>\n<tr>\n<td class=\"has-text-align-center\" data-align=\"center\">2-6<\/td>\n<td class=\"has-text-align-center\" data-align=\"center\">Contraindicada<\/td>\n<td class=\"has-text-align-center\" data-align=\"center\">Movimientos pendulares pasivos (flexi\u00f3n de la articulaci\u00f3n glenohumeral no m\u00e1s de 90\u00b0) con transici\u00f3n a movimientos activos bajo control del dolor<\/td>\n<\/tr>\n<tr>\n<td class=\"has-text-align-center\" data-align=\"center\">6-8<\/td>\n<td class=\"has-text-align-center\" data-align=\"center\">Aumento gradual hasta 3\u00a0kg<\/td>\n<td class=\"has-text-align-center\" data-align=\"center\">Rango completo de movimiento activo en la articulaci\u00f3n glenohumeral. Ejercicios isom\u00e9tricos<\/td>\n<\/tr>\n<tr>\n<td class=\"has-text-align-center\" data-align=\"center\">8-12<\/td>\n<td class=\"has-text-align-center\" data-align=\"center\">Aumento de la carga admisible seg\u00fan la tolerancia<\/td>\n<td class=\"has-text-align-center\" data-align=\"center\">Rango completo de movimiento activo en la articulaci\u00f3n glenohumeral. Ejercicios destinados a recuperar la fuerza del miembro<\/td>\n<\/tr>\n<tr>\n<td class=\"has-text-align-center\" data-align=\"center\">12+<\/td>\n<td class=\"has-text-align-center\" data-align=\"center\">Completa<\/td>\n<td class=\"has-text-align-center\" data-align=\"center\">Retorno a las actividades cotidianas. El retorno a las actividades deportivas depende del deporte espec\u00edfico<\/td>\n<\/tr>\n<\/tbody>\n<\/table>\n<\/figure>\n<h4 class=\"wp-block-heading\"><strong>Tratamiento quir\u00fargico<\/strong><\/h4>\n<figure class=\"wp-block-table table-to-cards\">\n<table>\n<thead>\n<tr>\n<th class=\"has-text-align-center\" data-align=\"center\">Cronolog\u00eda (semanas)<\/th>\n<th class=\"has-text-align-center\" data-align=\"center\">Carga de peso<\/th>\n<th class=\"has-text-align-center\" data-align=\"center\">Rango de movimiento<\/th>\n<\/tr>\n<\/thead>\n<tbody>\n<tr>\n<td class=\"has-text-align-center\" data-align=\"center\">0-2<\/td>\n<td class=\"has-text-align-center\" data-align=\"center\">Contraindicada. Inmovilizaci\u00f3n en cabestrillo<\/td>\n<td class=\"has-text-align-center\" data-align=\"center\">Rango completo de movimiento de la articulaci\u00f3n del codo y la articulaci\u00f3n radiocarpiana. Articulaci\u00f3n glenohumeral: movimiento pendular en un rango indoloro<\/td>\n<\/tr>\n<tr>\n<td class=\"has-text-align-center\" data-align=\"center\">2-4<\/td>\n<td class=\"has-text-align-center\" data-align=\"center\">No m\u00e1s de 1\u00a0kg<\/td>\n<td class=\"has-text-align-center\" data-align=\"center\">Abducci\u00f3n y flexi\u00f3n a 90\u00b0 utilizando el miembro sano bajo control del dolor<\/td>\n<\/tr>\n<tr>\n<td class=\"has-text-align-center\" data-align=\"center\">4-6<\/td>\n<td class=\"has-text-align-center\" data-align=\"center\">No m\u00e1s de 2\u00a0kg<\/td>\n<td class=\"has-text-align-center\" data-align=\"center\">Rango completo de movimiento activo<\/td>\n<\/tr>\n<tr>\n<td class=\"has-text-align-center\" data-align=\"center\">6-8<\/td>\n<td class=\"has-text-align-center\" data-align=\"center\">Aumento de la carga admisible seg\u00fan la tolerancia<\/td>\n<td class=\"has-text-align-center\" data-align=\"center\">Rango completo de movimiento activo. Ejercicios para recuperar la fuerza muscular<\/td>\n<\/tr>\n<tr>\n<td class=\"has-text-align-center\" data-align=\"center\">8+<\/td>\n<td class=\"has-text-align-center\" data-align=\"center\">Sin restricciones<\/td>\n<td class=\"has-text-align-center\" data-align=\"center\">Aumento de la intensidad del ejercicio f\u00edsico. Retorno al deporte no antes de las 12\u00a0semanas<\/td>\n<\/tr>\n<\/tbody>\n<\/table>\n<\/figure>\n<h3 class=\"wp-block-heading\" id=\"rehabilitacion-de-fracturas-de-la-extremidad-acromial-de-la-clavicula\"><strong>Rehabilitaci\u00f3n de fracturas de la extremidad acromial de la clav\u00edcula<\/strong><\/h3>\n<h4 class=\"wp-block-heading\"><strong>Tratamiento conservador <\/strong><\/h4>\n<figure class=\"wp-block-table table-to-cards\">\n<table>\n<thead>\n<tr>\n<th class=\"has-text-align-center\" data-align=\"center\">Cronolog\u00eda (semanas)<\/th>\n<th class=\"has-text-align-center\" data-align=\"center\">Carga de peso<\/th>\n<th class=\"has-text-align-center\" data-align=\"center\">Rango de movimiento<\/th>\n<\/tr>\n<\/thead>\n<tbody>\n<tr>\n<td class=\"has-text-align-center\" data-align=\"center\">0-2<\/td>\n<td class=\"has-text-align-center\" data-align=\"center\">Contraindicada. Inmovilizaci\u00f3n en cabestrillo<\/td>\n<td class=\"has-text-align-center\" data-align=\"center\">Rango completo de movimiento de la articulaci\u00f3n del codo y la articulaci\u00f3n radiocarpiana. Articulaci\u00f3n glenohumeral: el movimiento est\u00e1 contraindicado<\/td>\n<\/tr>\n<tr>\n<td class=\"has-text-align-center\" data-align=\"center\">2-6<\/td>\n<td class=\"has-text-align-center\" data-align=\"center\">No m\u00e1s de 1\u00a0kg<\/td>\n<td class=\"has-text-align-center\" data-align=\"center\">Movimientos pasivos en la articulaci\u00f3n glenohumeral hasta 90\u00b0 (flexi\u00f3n y abducci\u00f3n)<\/td>\n<\/tr>\n<tr>\n<td class=\"has-text-align-center\" data-align=\"center\">6-10<\/td>\n<td class=\"has-text-align-center\" data-align=\"center\">Aumento de la carga admisible seg\u00fan la tolerancia<\/td>\n<td class=\"has-text-align-center\" data-align=\"center\">Movimientos activos en la articulaci\u00f3n glenohumeral en un rango de > 90\u00b0. Ejercicios para recuperar la fuerza muscular<\/td>\n<\/tr>\n<tr>\n<td class=\"has-text-align-center\" data-align=\"center\">10+<\/td>\n<td class=\"has-text-align-center\" data-align=\"center\">Sin restricciones<\/td>\n<td class=\"has-text-align-center\" data-align=\"center\">Retorno a la actividad deportiva con confirmaci\u00f3n radiogr\u00e1fica de la consolidaci\u00f3n de la fractura<\/td>\n<\/tr>\n<\/tbody>\n<\/table>\n<\/figure>\n<h4 class=\"wp-block-heading\"><strong>Tratamiento quir\u00fargico <\/strong><\/h4>\n<figure class=\"wp-block-table table-to-cards\">\n<table>\n<thead>\n<tr>\n<th class=\"has-text-align-center\" data-align=\"center\">Cronolog\u00eda (semanas)<\/th>\n<th class=\"has-text-align-center\" data-align=\"center\">Carga de peso<\/th>\n<th class=\"has-text-align-center\" data-align=\"center\">Rango de movimiento<\/th>\n<\/tr>\n<\/thead>\n<tbody>\n<tr>\n<td class=\"has-text-align-center\" data-align=\"center\">0-2<\/td>\n<td class=\"has-text-align-center\" data-align=\"center\">Contraindicada. Inmovilizaci\u00f3n en un cabestrillo blando<\/td>\n<td class=\"has-text-align-center\" data-align=\"center\">Rango completo de movimiento de la articulaci\u00f3n del codo y la articulaci\u00f3n radiocarpiana. Articulaci\u00f3n glenohumeral: el movimiento est\u00e1 contraindicado<\/td>\n<\/tr>\n<tr>\n<td class=\"has-text-align-center\" data-align=\"center\">2-4<\/td>\n<td class=\"has-text-align-center\" data-align=\"center\">No m\u00e1s de 1\u00a0kg<\/td>\n<td class=\"has-text-align-center\" data-align=\"center\">Movimientos pendulares pasivos en la articulaci\u00f3n glenohumeral hasta 90\u00b0 (flexi\u00f3n y abducci\u00f3n)<\/td>\n<\/tr>\n<tr>\n<td class=\"has-text-align-center\" data-align=\"center\">4-6<\/td>\n<td class=\"has-text-align-center\" data-align=\"center\">No m\u00e1s de 2\u00a0kg<\/td>\n<td class=\"has-text-align-center\" data-align=\"center\">Movimientos activos en la articulaci\u00f3n glenohumeral en un rango de > 90\u00b0. Ejercicios para recuperar la fuerza muscular<\/td>\n<\/tr>\n<tr>\n<td class=\"has-text-align-center\" data-align=\"center\">6-10<\/td>\n<td class=\"has-text-align-center\" data-align=\"center\">Aumento de la carga admisible seg\u00fan la tolerancia<\/td>\n<td class=\"has-text-align-center\" data-align=\"center\">Rango de movimiento completo. Carga progresiva para recuperar la fuerza muscular<\/td>\n<\/tr>\n<tr>\n<td class=\"has-text-align-center\" data-align=\"center\">10+<\/td>\n<td class=\"has-text-align-center\" data-align=\"center\">Sin restricciones<\/td>\n<td class=\"has-text-align-center\" data-align=\"center\">Retorno a la actividad deportiva con confirmaci\u00f3n radiogr\u00e1fica de la consolidaci\u00f3n de la fractura<\/td>\n<\/tr>\n<\/tbody>\n<\/table>\n<\/figure>\n<h2 class=\"wp-block-heading\" id=\"protocolo-de-retorno-a-la-actividad-deportiva\"><strong>Protocolo de retorno a la actividad deportiva<\/strong><\/h2>\n<p><strong>Condiciones generales de retorno: <\/strong><\/p>\n<ul class=\"wp-block-list\">\n<li>Ausencia de dolor local en la zona de la fractura.<\/li>\n<li>Signos radiogr\u00e1ficos de consolidaci\u00f3n de la fractura. <\/li>\n<li>Rango completo indoloro de movimiento activo de la articulaci\u00f3n glenohumeral. <\/li>\n<li>Capacidad de realizar actividades deportivas espec\u00edficas sin limitaciones. <\/li>\n<\/ul>\n<p>La progresi\u00f3n del retorno a la actividad deportiva debe dividirse en funci\u00f3n de la cronolog\u00eda del traumatismo. <\/p>\n<p><strong>Progresi\u00f3n de cargas por fases:<\/strong><\/p>\n<ul class=\"wp-block-list\">\n<li><strong>Primera fase (2 a 3<\/strong>\u00a0semanas): Solo se permite la activaci\u00f3n isom\u00e9trica de los m\u00fasculos de la cintura escapular superior. <\/li>\n<li><strong>Segunda fase (2 a 6\u00a0semanas)<\/strong>: Se permiten actividades no relacionadas con el miembro lesionado (bicicleta est\u00e1tica, entrenamiento de miembros inferiores (sin impacto), actividad aer\u00f3bica sin pesas). No se permiten ejercicios de resistencia para el miembro lesionado, ejercicios para la cabeza ni levantamiento de pesas. <\/li>\n<li><strong>Tercera fase (6 a 9 semanas)<\/strong>: Se permiten ejercicios con pesas ligeras y con peso corporal (planchas, flexiones, burpees) seg\u00fan la tolerancia. <\/li>\n<li><strong>Cuarta fase (9 a 12 semanas<\/strong>): Si se cumplen los criterios de entrada (confirmaci\u00f3n radiogr\u00e1fica de la consolidaci\u00f3n, movimiento sin dolor, etc.), se permiten deportes sin contacto. <\/li>\n<li><strong>Quinta fase (m\u00e1s de 12 semanas)<\/strong>: Es aceptable practicar deportes de contacto y participar en actividades competitivas. <\/li>\n<\/ul>\n<p>Se permite la reanudaci\u00f3n de los deportes de contacto despu\u00e9s de 12\u00a0semanas a partir de la fecha del traumatismo, siempre que haya confirmaci\u00f3n radiogr\u00e1fica de la consolidaci\u00f3n de la fractura. Los procesos de recuperaci\u00f3n y curaci\u00f3n son m\u00e1s lentos en pacientes de edad avanzada, pacientes con trastornos metab\u00f3licos y aquellos que han experimentado traumatismos de alta energ\u00eda. La curaci\u00f3n y recuperaci\u00f3n en los ni\u00f1os son m\u00e1s r\u00e1pidas. <\/p>\n<div class=\"social-banner-block\">\n<div class=\"social-banner-content\">\n<p class=\"h5-title text-black\">Encuentra m\u00e1s contenido cient\u00edficamente preciso en nuestras redes sociales<\/p>\n<p><span class=\"social-banner-text text-grey\">Suscr\u00edbete y no te pierdas los \u00faltimos recursos<\/span><\/p>\n<div class=\"social-links-wrapper\"><a class=\"social-icon-link\" href=\"https:\/\/www.facebook.com\/VOKA3DAnatomyAndPathology\/\" target=\"_blank\" rel=\"nofollow noopener\"><img decoding=\"async\" src=\"https:\/\/storage.googleapis.com\/dev_wiki_voka_io_303011\/common\/Social%20Icons\/facebook.svg\" alt=\"social link\"><\/a><a class=\"social-icon-link\" href=\"https:\/\/www.instagram.com\/voka.io\/\" target=\"_blank\" rel=\"nofollow noopener\"><img decoding=\"async\" src=\"https:\/\/storage.googleapis.com\/dev_wiki_voka_io_303011\/common\/Social%20Icons\/insta.svg\" alt=\"social link\"><\/a><a class=\"social-icon-link\" href=\"https:\/\/www.linkedin.com\/company\/voka-io\/posts\/?feedView=all\" target=\"_blank\" rel=\"nofollow noopener\"><img decoding=\"async\" src=\"https:\/\/storage.googleapis.com\/dev_wiki_voka_io_303011\/common\/Social%20Icons\/linkedin.svg\" alt=\"social link\"><\/a><a class=\"social-icon-link\" href=\"https:\/\/www.youtube.com\/@vokaio\" target=\"_blank\" rel=\"nofollow noopener\"><img decoding=\"async\" src=\"https:\/\/storage.googleapis.com\/dev_wiki_voka_io_303011\/common\/Social%20Icons\/youtube.svg\" alt=\"social link\"><\/a><a class=\"social-icon-link\" href=\"https:\/\/www.pinterest.com\/voka3danatomyandpathology\/\" target=\"_blank\" rel=\"nofollow noopener\"><img decoding=\"async\" src=\"https:\/\/storage.googleapis.com\/dev_wiki_voka_io_303011\/common\/Social%20Icons\/pinterest.svg\" alt=\"social link\"><\/a><a class=\"social-icon-link\" href=\"https:\/\/www.tiktok.com\/@voka.io\" target=\"_blank\" rel=\"nofollow noopener\"><img decoding=\"async\" src=\"https:\/\/storage.googleapis.com\/dev_wiki_voka_io_303011\/common\/Social%20Icons\/tiktok.svg\" alt=\"social link\"><\/a><a class=\"social-icon-link\" href=\"https:\/\/discord.gg\/7ejUpq8DRR\" target=\"_blank\" rel=\"nofollow noopener\"><img decoding=\"async\" src=\"https:\/\/storage.googleapis.com\/dev_wiki_voka_io_303011\/common\/Social%20Icons\/discord.svg\" alt=\"social link\"><\/a><\/div>\n<\/div>\n<p><img decoding=\"async\" class=\"social-banner-image\" loading=\"lazy\" src=\"https:\/\/storage.googleapis.com\/dev_wiki_voka_io_303011\/common\/social-media-banner-mobile-image.webp\" alt=\"Banner background\"><\/div>\n<h2 class=\"wp-block-heading\" id=\"pronostico\"><strong>Pron\u00f3stico<\/strong><\/h2>\n<p>El pron\u00f3stico de las fracturas de clav\u00edcula es favorable en la mayor\u00eda de los casos, pero el resultado del tratamiento depende en gran medida de la ubicaci\u00f3n de la fractura y de la t\u00e1ctica elegida.<\/p>\n<ul class=\"wp-block-list\">\n<li><strong>Fracturas de la extremidad esternal de la clav\u00edcula: <\/strong>bastante raras. Con el tratamiento conservador, se observa una alta tasa de consolidaci\u00f3n de tales fracturas y una baja tasa de complicaciones. Con el tratamiento quir\u00fargico, es posible una recuperaci\u00f3n m\u00e1s temprana del miembro lesionado. <\/li>\n<li><strong>Fracturas diafisarias<\/strong>: cuando se cumplen las indicaciones de tratamiento, se consolidan en el 85% de los casos con tratamiento conservador y en m\u00e1s del 95% con tratamiento quir\u00fargico. El tratamiento quir\u00fargico proporciona un retorno m\u00e1s r\u00e1pido a la actividad f\u00edsica completa. <\/li>\n<li><strong>Fractura de la extremidad acromial de la clav\u00edcula<\/strong>: el riesgo de no uni\u00f3n alcanza el 30% con tratamiento conservador. Tambi\u00e9n existe el riesgo de disfunci\u00f3n del hombro debido a la disminuci\u00f3n de la fuerza del m\u00fasculo deltoides. El tratamiento quir\u00fargico permite la restauraci\u00f3n temprana de la funci\u00f3n del miembro lesionado y tambi\u00e9n asegura altas tasas de curaci\u00f3n de la fractura.<\/li>\n<\/ul>\n<div>\n<h2 class=\"faq-title h2-article\" id=\"faq\">FAQ<\/h2>\n<div class=\"faq-section\">\n<div class=\"faq-item faq-answer-hidden\">\n<div class=\"question-block\">\n<div class=\"faq-question\">\n<p class=\" text-black h5-title\">1. \u00bfCu\u00e1nto tiempo tarda en sanar una fractura de clav\u00edcula?<\/p>\n<\/div>\n<div class=\"faq-answer text-main-text-color main-text-medium\">En los adultos, una fractura de clav\u00edcula se cura en 6 a 12\u00a0semanas, dependiendo de la complejidad y el m\u00e9todo de tratamiento. La remodelaci\u00f3n \u00f3sea completa puede tardar hasta un a\u00f1o.<\/div>\n<\/div>\n<div class=\"expand-button-wrapper\"><button class=\"text-accent expand-button\">+<\/button><\/div>\n<\/div>\n<div class=\"faq-item faq-answer-hidden\">\n<div class=\"question-block\">\n<div class=\"faq-question\">\n<p class=\" text-black h5-title\">2. \u00bfPor qu\u00e9 una clav\u00edcula rota puede causar entumecimiento en el brazo? <\/p>\n<\/div>\n<div class=\"faq-answer text-main-text-color main-text-medium\">El entumecimiento u hormigueo en los dedos puede indicar que los fragmentos de clav\u00edcula desplazados o la hinchaz\u00f3n est\u00e1n comprimiendo el plexo braquial (nervios) o los vasos que pasan debajo de la clav\u00edcula. Este es un s\u00edntoma alarmante que requiere atenci\u00f3n m\u00e9dica inmediata.<\/div>\n<\/div>\n<div class=\"expand-button-wrapper\"><button class=\"text-accent expand-button\">+<\/button><\/div>\n<\/div>\n<div class=\"faq-item faq-answer-hidden\">\n<div class=\"question-block\">\n<div class=\"faq-question\">\n<p class=\" text-black h5-title\">3. \u00bfSiempre es necesaria la cirug\u00eda en caso de desplazamiento?<\/p>\n<\/div>\n<div class=\"faq-answer text-main-text-color main-text-medium\">No. Si el acortamiento de la clav\u00edcula es inferior a 2\u00a0cm y no supone ninguna amenaza para la piel, es posible un tratamiento conservador (reposici\u00f3n y fijaci\u00f3n con un vendaje). Sin embargo, la cirug\u00eda permite una restauraci\u00f3n m\u00e1s r\u00e1pida de la funci\u00f3n del brazo y reduce el riesgo de mala uni\u00f3n.<\/div>\n<\/div>\n<div class=\"expand-button-wrapper\"><button class=\"text-accent expand-button\">+<\/button><\/div>\n<\/div>\n<div class=\"faq-item faq-answer-hidden\">\n<div class=\"question-block\">\n<div class=\"faq-question\">\n<p class=\" text-black h5-title\">4. \u00bfC\u00f3mo dormir con la clav\u00edcula rota?<\/p>\n<\/div>\n<div class=\"faq-answer text-main-text-color main-text-medium\">Durante las primeras semanas, se recomienda dormir en posici\u00f3n semisentada (sobre almohadas altas) para reducir la hinchaz\u00f3n y el dolor. Se permite dormir sobre el lado sano si el vendaje de fijaci\u00f3n es seguro. Est\u00e1 prohibido dormir boca abajo o sobre el lado roto.<\/div>\n<\/div>\n<div class=\"expand-button-wrapper\"><button class=\"text-accent expand-button\">+<\/button><\/div>\n<\/div>\n<div class=\"faq-item faq-answer-hidden\">\n<div class=\"question-block\">\n<div class=\"faq-question\">\n<p class=\" text-black h5-title\">5. \u00bfCu\u00e1les son las posibles consecuencias de una fractura de clav\u00edcula?<\/p>\n<\/div>\n<div class=\"faq-answer text-main-text-color main-text-medium\">Con el tratamiento adecuado, el pron\u00f3stico es favorable. Las posibles complicaciones incluyen mala uni\u00f3n (acortamiento, deformidad), pseudoartrosis (falta de uni\u00f3n), artrosis postraum\u00e1tica y entumecimiento de la piel en el \u00e1rea de la cicatriz (despu\u00e9s de la cirug\u00eda).<\/div>\n<\/div>\n<div class=\"expand-button-wrapper\"><button class=\"text-accent expand-button\">+<\/button><\/div>\n<\/div>\n<\/div>\n<\/div>\n<div class=\"sources-list-block sources-list-hidden\" id=\"bibliografia\">\n<div class=\"sources-list-content\">\n<div class=\"sources-list-title\">\n<p class=\"small-text-bold text-black sources-list-title-text\">Bibliograf\u00eda<\/p>\n<div class=\"sources-expand-button-wrapper-mobile\">\n<div class=\"sources-expand-button\"><svg width=\"32\" height=\"32\" viewbox=\"0 0 32 32\" fill=\"none\" xmlns=\"http:\/\/www.w3.org\/2000\/svg\"><path d=\"M8 12L16 20L24 12\" stroke=\"#8C9AAB\" stroke-width=\"2\" stroke-linecap=\"round\" stroke-linejoin=\"round\"><\/path><\/svg><\/div>\n<\/div>\n<\/div>\n<div class=\"sources-list-items\">\n<div class=\"source-item\">\n<p class=\"main-text-semibold text-black\">1.<\/p>\n<div class=\"source-item-content\">\n<p class=\"main-text-semibold text-black\"><cite>VOKA 3D Anatomy & Pathology \u2013 Complete Anatomy and Pathology 3D Atlas [Internet]. VOKA 3D Anatomy & Pathology.<\/cite><\/p>\n<p><span class=\"small-text-medium text-grey\">Disponible en: https:\/\/catalog.voka.io\/<\/span><\/div>\n<\/div>\n<div class=\"source-item\">\n<p class=\"main-text-semibold text-black\">2.<\/p>\n<div class=\"source-item-content\">\n<p class=\"main-text-semibold text-black\"><cite>Moverley R, Little N, Gulihar A, Singh B. (2020). Current concepts in the management of clavicle fractures [Conceptos actuales en el tratamiento de las fracturas de clav\u00edcula]. J Clin Orthop Trauma. Febrero de 2020;11(Suplemento 1):S25\u2013S30.<\/cite><\/p>\n<\/div>\n<\/div>\n<div class=\"source-item\">\n<p class=\"main-text-semibold text-black\">3.<\/p>\n<div class=\"source-item-content\">\n<p class=\"main-text-semibold text-black\"><cite>Kang LX, Faulkner HJ, Howard WH, Low AK. (2022). Displaced medial clavicle fractures: a systematic review of outcomes after nonoperative and operative management [Fracturas desplazadas de la parte medial de la clav\u00edcula: una revisi\u00f3n sistem\u00e1tica de los resultados despu\u00e9s del tratamiento no operatorio y operatorio]. JSES Int. 2022 Oct 15;7(1):79-85.<\/cite><\/p>\n<\/div>\n<\/div>\n<div class=\"source-item\">\n<p class=\"main-text-semibold text-black\">4.<\/p>\n<div class=\"source-item-content\">\n<p class=\"main-text-semibold text-black\"><cite>von R\u00fcden C, Rehme-R\u00f6hrl J, Augat P, Friederichs J, Hackl S, Stuby F, Trapp O. (2023). Evidence on treatment of clavicle fractures [Evidencia sobre el tratamiento de las fracturas de clav\u00edcula]. Injury. Octubre de 2023;54 Suplemento 5:110818.<\/cite><\/p>\n<\/div>\n<\/div>\n<div class=\"source-item\">\n<p class=\"main-text-semibold text-black\">5.<\/p>\n<div class=\"source-item-content\">\n<p class=\"main-text-semibold text-black\"><cite>Yan MZ, Yuen WS, Yeung SC, Wing-Yin CW, Wong SC, Si-Qi WW, Tian E, Rashed S, Yung CSY, Fang CX. (2022). Operative management of midshaft clavicle fractures demonstrates better long-term outcomes: A systematic review and meta-analysis of randomised controlled trials [El tratamiento quir\u00fargico de las fracturas de la di\u00e1fisis de la clav\u00edcula demuestra mejores resultados a largo plazo: una revisi\u00f3n sistem\u00e1tica y metan\u00e1lisis de ensayos controlados aleatorios]. PLoS One. 29 de abril de 2022;17(4):e0267861.<\/cite><\/p>\n<\/div>\n<\/div>\n<div class=\"source-item\">\n<p class=\"main-text-semibold text-black\">6.<\/p>\n<div class=\"source-item-content\">\n<p class=\"main-text-semibold text-black\"><cite>Panagopoulos A, Solou K, Tatani I, Triantafyllopoulos IK, Lakoumentas J, Kouzelis A, Athanasiou V, Kokkalis ZT. (2022). What is the optimal surgical treatment for Neer type IIB (IIC) distal clavicle fractures? A systematic review and meta-analysis [\u00bfCu\u00e1l es el tratamiento quir\u00fargico \u00f3ptimo para las fracturas de clav\u00edcula distal de Neer tipo IIB (IIC)? Una revisi\u00f3n sistem\u00e1tica y un metan\u00e1lisis]. J Orthop Surg Res. 2022 Apr 7;17(1):215.<\/cite><\/p>\n<\/div>\n<\/div>\n<div class=\"source-item\">\n<p class=\"main-text-semibold text-black\">7.<\/p>\n<div class=\"source-item-content\">\n<p class=\"main-text-semibold text-black\"><cite>Wang C, Li X, Dong S, Xie W, Ling Z, Meng C, St\u00f6ckle U. (2025). Midshaft clavicle fractures with associated ipsilateral acromioclavicular joint injuries: a systematic review [Fracturas de la di\u00e1fisis media de la clav\u00edcula con lesiones asociadas en la articulaci\u00f3n acromioclavicular ipsilateral: una revisi\u00f3n sistem\u00e1tica]. BMC Surg. 2025 Feb 28;25(1):87.<\/cite><\/p>\n<\/div>\n<\/div>\n<div class=\"source-item\">\n<p class=\"main-text-semibold text-black\">8.<\/p>\n<div class=\"source-item-content\">\n<p class=\"main-text-semibold text-black\"><cite>Yue L, Huang C, Zhang J, Wang Z, Wang S, Sun H. (2025). Treatment Strategies for Distal Clavicle Fractures: A Narrative Review [Estrategias de tratamiento para fracturas de clav\u00edcula distal: una revisi\u00f3n narrativa]. Orthop Res Rev. 19 de mayo de 2025;17:221-227.<\/cite><\/p>\n<\/div>\n<\/div>\n<div class=\"source-item\">\n<p class=\"main-text-semibold text-black\">9.<\/p>\n<div class=\"source-item-content\">\n<p class=\"main-text-semibold text-black\"><cite>Kilkenny CJ, Daly GR, Whelehan SP, Vukanic D, Alrawashdeh M, Boland F, Quinlan JF, Molony DC. (2024). Return to play following clavicular fracture \u2013 A systematic review and meta analysis [Retorno a la actividad deportiva tras una fractura de clav\u00edcula: una revisi\u00f3n sistem\u00e1tica y un metan\u00e1lisis]. JSES Rev Rep Tech. 14 de diciembre de 2024;5(2):259-269.<\/cite><\/p>\n<\/div>\n<\/div>\n<\/div>\n<\/div>\n<div class=\"sources-expand-button-wrapper\">\n<div class=\"sources-expand-button\"><svg width=\"32\" height=\"32\" viewbox=\"0 0 32 32\" fill=\"none\" xmlns=\"http:\/\/www.w3.org\/2000\/svg\"><path d=\"M8 12L16 20L24 12\" stroke=\"#8C9AAB\" stroke-width=\"2\" stroke-linecap=\"round\" stroke-linejoin=\"round\"><\/path><\/svg><\/div>\n<\/div>\n<\/div>\n","protected":false},"excerpt":{"rendered":"<p>La clav\u00edcula es un hueso alargado en forma de S (plana lateralmente, cil\u00edndrica en el medio y prism\u00e1tica medialmente) que se articula con el estern\u00f3n a trav\u00e9s de la articulaci\u00f3n esternoclavicular y con la esc\u00e1pula a trav\u00e9s de la articulaci\u00f3n acromioclavicular. Desempe\u00f1a un papel clave en la estabilidad del hombro. Etiolog\u00eda y mecanismo de da\u00f1o [&hellip;]<\/p>\n","protected":false},"author":19,"featured_media":0,"template":"","diseases_category":[315],"class_list":["post-2847","diseases_post","type-diseases_post","status-publish","hentry","diseases_category-traumatologia"],"acf":[],"yoast_head":"<!-- This site is optimized with the Yoast SEO Premium plugin v25.0 (Yoast SEO v26.5) - https:\/\/yoast.com\/wordpress\/plugins\/seo\/ -->\n<title>Fracturas de clav\u00edcula: etiolog\u00eda, clasificaci\u00f3n, diagn\u00f3stico y tratamiento<\/title>\n<meta name=\"description\" content=\"An\u00e1lisis detallado de las fracturas de clav\u00edcula. Se consideran el mecanismo lesional, la clasificaci\u00f3n, las t\u00e1cticas de tratamiento conservador y quir\u00fargico, as\u00ed como los protocolos de rehabilitaci\u00f3n.\" \/>\n<meta name=\"robots\" content=\"noindex, follow, max-snippet:-1, max-image-preview:large, max-video-preview:-1\" \/>\n<meta property=\"og:locale\" content=\"es_ES\" \/>\n<meta property=\"og:type\" content=\"article\" \/>\n<meta property=\"og:title\" content=\"Fracturas de clav\u00edcula: clasificaci\u00f3n, s\u00edntomas, m\u00e9todos de tratamiento y rehabilitaci\u00f3n\" \/>\n<meta property=\"og:description\" content=\"An\u00e1lisis detallado de las fracturas de clav\u00edcula. Se consideran el mecanismo lesional, la clasificaci\u00f3n, las t\u00e1cticas de tratamiento conservador y quir\u00fargico, as\u00ed como los protocolos de rehabilitaci\u00f3n.\" \/>\n<meta property=\"og:url\" content=\"https:\/\/wiki.dev.voka.io\/es\/enfermedades\/traumatologia\/fracturas-clavicula\/\" \/>\n<meta property=\"og:site_name\" content=\"Voka Wiki\" \/>\n<meta property=\"article:publisher\" content=\"https:\/\/www.facebook.com\/VOKA3DAnatomyAndPathology\/\" \/>\n<meta name=\"twitter:card\" content=\"summary_large_image\" \/>\n<meta name=\"twitter:label1\" content=\"Tiempo de lectura\" \/>\n\t<meta name=\"twitter:data1\" content=\"12 minutos\" \/>\n<script type=\"application\/ld+json\" class=\"yoast-schema-graph\">{\"@context\":\"https:\/\/schema.org\",\"@graph\":[{\"@type\":\"Article\",\"@id\":\"https:\/\/wiki.dev.voka.io\/es\/enfermedades\/traumatologia\/fracturas-clavicula\/#article\",\"isPartOf\":{\"@id\":\"https:\/\/wiki.dev.voka.io\/es\/enfermedades\/traumatologia\/fracturas-clavicula\/\"},\"author\":{\"name\":\"Aleksandr K.\",\"@id\":\"https:\/\/wiki.dev.voka.io\/es\/#\/schema\/person\/9510f0c38a3a1d38fc04cb2d59c7d83c\"},\"headline\":\"Fracturas de clav\u00edcula: clasificaci\u00f3n, s\u00edntomas, m\u00e9todos de tratamiento y rehabilitaci\u00f3n\",\"datePublished\":\"2026-01-29T14:26:11+00:00\",\"mainEntityOfPage\":{\"@id\":\"https:\/\/wiki.dev.voka.io\/es\/enfermedades\/traumatologia\/fracturas-clavicula\/\"},\"wordCount\":2498,\"publisher\":{\"@id\":\"https:\/\/wiki.dev.voka.io\/es\/#organization\"},\"inLanguage\":\"es\"},{\"@type\":\"WebPage\",\"@id\":\"https:\/\/wiki.dev.voka.io\/es\/enfermedades\/traumatologia\/fracturas-clavicula\/\",\"url\":\"https:\/\/wiki.dev.voka.io\/es\/enfermedades\/traumatologia\/fracturas-clavicula\/\",\"name\":\"Fracturas de clav\u00edcula: etiolog\u00eda, clasificaci\u00f3n, diagn\u00f3stico y tratamiento\",\"isPartOf\":{\"@id\":\"https:\/\/wiki.dev.voka.io\/es\/#website\"},\"datePublished\":\"2026-01-29T14:26:11+00:00\",\"description\":\"An\u00e1lisis detallado de las fracturas de clav\u00edcula. Se consideran el mecanismo lesional, la clasificaci\u00f3n, las t\u00e1cticas de tratamiento conservador y quir\u00fargico, as\u00ed como los protocolos de rehabilitaci\u00f3n.\",\"breadcrumb\":{\"@id\":\"https:\/\/wiki.dev.voka.io\/es\/enfermedades\/traumatologia\/fracturas-clavicula\/#breadcrumb\"},\"inLanguage\":\"es\",\"potentialAction\":[{\"@type\":\"ReadAction\",\"target\":[\"https:\/\/wiki.dev.voka.io\/es\/enfermedades\/traumatologia\/fracturas-clavicula\/\"]}]},{\"@type\":\"BreadcrumbList\",\"@id\":\"https:\/\/wiki.dev.voka.io\/es\/enfermedades\/traumatologia\/fracturas-clavicula\/#breadcrumb\",\"itemListElement\":[{\"@type\":\"ListItem\",\"position\":1,\"name\":\"Home\",\"item\":\"https:\/\/wiki.dev.voka.io\/es\/\"},{\"@type\":\"ListItem\",\"position\":2,\"name\":\"Traumatolog\u00eda\",\"item\":\"https:\/\/wiki.dev.voka.io\/es\/enfermedades\/traumatologia\/\"},{\"@type\":\"ListItem\",\"position\":3,\"name\":\"Fracturas de clav\u00edcula: clasificaci\u00f3n, s\u00edntomas, m\u00e9todos de tratamiento y rehabilitaci\u00f3n\"}]},{\"@type\":\"WebSite\",\"@id\":\"https:\/\/wiki.dev.voka.io\/es\/#website\",\"url\":\"https:\/\/wiki.dev.voka.io\/es\/\",\"name\":\"Voka Wiki\",\"description\":\"\",\"publisher\":{\"@id\":\"https:\/\/wiki.dev.voka.io\/es\/#organization\"},\"alternateName\":\"Anatomy & Pathology Wiki by VOKA\",\"potentialAction\":[{\"@type\":\"SearchAction\",\"target\":{\"@type\":\"EntryPoint\",\"urlTemplate\":\"https:\/\/wiki.dev.voka.io\/es\/?s={search_term_string}\"},\"query-input\":{\"@type\":\"PropertyValueSpecification\",\"valueRequired\":true,\"valueName\":\"search_term_string\"}}],\"inLanguage\":\"es\"},{\"@type\":\"Organization\",\"@id\":\"https:\/\/wiki.dev.voka.io\/es\/#organization\",\"name\":\"Voka 3D Anatomy & Pathology\",\"alternateName\":\"VOKA\",\"url\":\"https:\/\/wiki.dev.voka.io\/es\/\",\"logo\":{\"@type\":\"ImageObject\",\"inLanguage\":\"es\",\"@id\":\"https:\/\/wiki.dev.voka.io\/es\/#\/schema\/logo\/image\/\",\"url\":\"https:\/\/wiki.dev.voka.io\/wp-content\/uploads\/2025\/02\/cropped-voka-logo-1.png\",\"contentUrl\":\"https:\/\/wiki.dev.voka.io\/wp-content\/uploads\/2025\/02\/cropped-voka-logo-1.png\",\"width\":70,\"height\":16,\"caption\":\"Voka 3D Anatomy & Pathology\"},\"image\":{\"@id\":\"https:\/\/wiki.dev.voka.io\/es\/#\/schema\/logo\/image\/\"},\"sameAs\":[\"https:\/\/www.facebook.com\/VOKA3DAnatomyAndPathology\/\",\"https:\/\/www.instagram.com\/voka.io\/\",\"https:\/\/www.linkedin.com\/company\/voka-io\/\",\"https:\/\/www.youtube.com\/channel\/UCqGGuOEpr62ScH8Pjk2q5zw\/videos\",\"https:\/\/www.pinterest.com\/VokaAnatomyPro\/\",\"https:\/\/www.threads.com\/@voka.io\"],\"description\":\"VOKA.io offers 3D medical animations and custom 3D modeling services. Our product, VOKA 3D Anatomy & Pathology, is a digital atlas with over 1,000 detailed 3D models of human anatomy and pathology, designed for medical education, training, and patient communication.\",\"email\":\"info@voka.io\",\"telephone\":\"+1 814 351 4442\",\"legalName\":\"Voka 3D Anatomy & Pathology\",\"foundingDate\":\"2017-02-12\",\"naics\":\"541512\",\"numberOfEmployees\":{\"@type\":\"QuantitativeValue\",\"minValue\":\"51\",\"maxValue\":\"200\"},\"publishingPrinciples\":\"https:\/\/wiki.voka.io\/es\/principios-de-publicacion\/\"},{\"@type\":\"Person\",\"@id\":\"https:\/\/wiki.dev.voka.io\/es\/#\/schema\/person\/9510f0c38a3a1d38fc04cb2d59c7d83c\",\"name\":\"Aleksandr K.\",\"image\":{\"@type\":\"ImageObject\",\"inLanguage\":\"es\",\"@id\":\"https:\/\/wiki.dev.voka.io\/es\/#\/schema\/person\/image\/\",\"url\":\"https:\/\/secure.gravatar.com\/avatar\/c7514f1460de700bc666804ed028fc7d15f47a41bbfc867590f7de302051f078?s=96&d=mm&r=g\",\"contentUrl\":\"https:\/\/secure.gravatar.com\/avatar\/c7514f1460de700bc666804ed028fc7d15f47a41bbfc867590f7de302051f078?s=96&d=mm&r=g\",\"caption\":\"Aleksandr K.\"}}]}<\/script>\n<!-- \/ Yoast SEO Premium plugin. -->","yoast_head_json":{"title":"Fracturas de clav\u00edcula: etiolog\u00eda, clasificaci\u00f3n, diagn\u00f3stico y tratamiento","description":"An\u00e1lisis detallado de las fracturas de clav\u00edcula. Se consideran el mecanismo lesional, la clasificaci\u00f3n, las t\u00e1cticas de tratamiento conservador y quir\u00fargico, as\u00ed como los protocolos de rehabilitaci\u00f3n.","robots":{"index":"noindex","follow":"follow","max-snippet":"max-snippet:-1","max-image-preview":"max-image-preview:large","max-video-preview":"max-video-preview:-1"},"og_locale":"es_ES","og_type":"article","og_title":"Fracturas de clav\u00edcula: clasificaci\u00f3n, s\u00edntomas, m\u00e9todos de tratamiento y rehabilitaci\u00f3n","og_description":"An\u00e1lisis detallado de las fracturas de clav\u00edcula. Se consideran el mecanismo lesional, la clasificaci\u00f3n, las t\u00e1cticas de tratamiento conservador y quir\u00fargico, as\u00ed como los protocolos de rehabilitaci\u00f3n.","og_url":"https:\/\/wiki.dev.voka.io\/es\/enfermedades\/traumatologia\/fracturas-clavicula\/","og_site_name":"Voka Wiki","article_publisher":"https:\/\/www.facebook.com\/VOKA3DAnatomyAndPathology\/","twitter_card":"summary_large_image","twitter_misc":{"Tiempo de lectura":"12 minutos"},"schema":{"@context":"https:\/\/schema.org","@graph":[{"@type":"Article","@id":"https:\/\/wiki.dev.voka.io\/es\/enfermedades\/traumatologia\/fracturas-clavicula\/#article","isPartOf":{"@id":"https:\/\/wiki.dev.voka.io\/es\/enfermedades\/traumatologia\/fracturas-clavicula\/"},"author":{"name":"Aleksandr K.","@id":"https:\/\/wiki.dev.voka.io\/es\/#\/schema\/person\/9510f0c38a3a1d38fc04cb2d59c7d83c"},"headline":"Fracturas de clav\u00edcula: clasificaci\u00f3n, s\u00edntomas, m\u00e9todos de tratamiento y rehabilitaci\u00f3n","datePublished":"2026-01-29T14:26:11+00:00","mainEntityOfPage":{"@id":"https:\/\/wiki.dev.voka.io\/es\/enfermedades\/traumatologia\/fracturas-clavicula\/"},"wordCount":2498,"publisher":{"@id":"https:\/\/wiki.dev.voka.io\/es\/#organization"},"inLanguage":"es"},{"@type":"WebPage","@id":"https:\/\/wiki.dev.voka.io\/es\/enfermedades\/traumatologia\/fracturas-clavicula\/","url":"https:\/\/wiki.dev.voka.io\/es\/enfermedades\/traumatologia\/fracturas-clavicula\/","name":"Fracturas de clav\u00edcula: etiolog\u00eda, clasificaci\u00f3n, diagn\u00f3stico y tratamiento","isPartOf":{"@id":"https:\/\/wiki.dev.voka.io\/es\/#website"},"datePublished":"2026-01-29T14:26:11+00:00","description":"An\u00e1lisis detallado de las fracturas de clav\u00edcula. Se consideran el mecanismo lesional, la clasificaci\u00f3n, las t\u00e1cticas de tratamiento conservador y quir\u00fargico, as\u00ed como los protocolos de rehabilitaci\u00f3n.","breadcrumb":{"@id":"https:\/\/wiki.dev.voka.io\/es\/enfermedades\/traumatologia\/fracturas-clavicula\/#breadcrumb"},"inLanguage":"es","potentialAction":[{"@type":"ReadAction","target":["https:\/\/wiki.dev.voka.io\/es\/enfermedades\/traumatologia\/fracturas-clavicula\/"]}]},{"@type":"BreadcrumbList","@id":"https:\/\/wiki.dev.voka.io\/es\/enfermedades\/traumatologia\/fracturas-clavicula\/#breadcrumb","itemListElement":[{"@type":"ListItem","position":1,"name":"Home","item":"https:\/\/wiki.dev.voka.io\/es\/"},{"@type":"ListItem","position":2,"name":"Traumatolog\u00eda","item":"https:\/\/wiki.dev.voka.io\/es\/enfermedades\/traumatologia\/"},{"@type":"ListItem","position":3,"name":"Fracturas de clav\u00edcula: clasificaci\u00f3n, s\u00edntomas, m\u00e9todos de tratamiento y rehabilitaci\u00f3n"}]},{"@type":"WebSite","@id":"https:\/\/wiki.dev.voka.io\/es\/#website","url":"https:\/\/wiki.dev.voka.io\/es\/","name":"Voka Wiki","description":"","publisher":{"@id":"https:\/\/wiki.dev.voka.io\/es\/#organization"},"alternateName":"Anatomy & Pathology Wiki by VOKA","potentialAction":[{"@type":"SearchAction","target":{"@type":"EntryPoint","urlTemplate":"https:\/\/wiki.dev.voka.io\/es\/?s={search_term_string}"},"query-input":{"@type":"PropertyValueSpecification","valueRequired":true,"valueName":"search_term_string"}}],"inLanguage":"es"},{"@type":"Organization","@id":"https:\/\/wiki.dev.voka.io\/es\/#organization","name":"Voka 3D Anatomy & Pathology","alternateName":"VOKA","url":"https:\/\/wiki.dev.voka.io\/es\/","logo":{"@type":"ImageObject","inLanguage":"es","@id":"https:\/\/wiki.dev.voka.io\/es\/#\/schema\/logo\/image\/","url":"https:\/\/wiki.dev.voka.io\/wp-content\/uploads\/2025\/02\/cropped-voka-logo-1.png","contentUrl":"https:\/\/wiki.dev.voka.io\/wp-content\/uploads\/2025\/02\/cropped-voka-logo-1.png","width":70,"height":16,"caption":"Voka 3D Anatomy & Pathology"},"image":{"@id":"https:\/\/wiki.dev.voka.io\/es\/#\/schema\/logo\/image\/"},"sameAs":["https:\/\/www.facebook.com\/VOKA3DAnatomyAndPathology\/","https:\/\/www.instagram.com\/voka.io\/","https:\/\/www.linkedin.com\/company\/voka-io\/","https:\/\/www.youtube.com\/channel\/UCqGGuOEpr62ScH8Pjk2q5zw\/videos","https:\/\/www.pinterest.com\/VokaAnatomyPro\/","https:\/\/www.threads.com\/@voka.io"],"description":"VOKA.io offers 3D medical animations and custom 3D modeling services. Our product, VOKA 3D Anatomy & Pathology, is a digital atlas with over 1,000 detailed 3D models of human anatomy and pathology, designed for medical education, training, and patient communication.","email":"info@voka.io","telephone":"+1 814 351 4442","legalName":"Voka 3D Anatomy & Pathology","foundingDate":"2017-02-12","naics":"541512","numberOfEmployees":{"@type":"QuantitativeValue","minValue":"51","maxValue":"200"},"publishingPrinciples":"https:\/\/wiki.voka.io\/es\/principios-de-publicacion\/"},{"@type":"Person","@id":"https:\/\/wiki.dev.voka.io\/es\/#\/schema\/person\/9510f0c38a3a1d38fc04cb2d59c7d83c","name":"Aleksandr K.","image":{"@type":"ImageObject","inLanguage":"es","@id":"https:\/\/wiki.dev.voka.io\/es\/#\/schema\/person\/image\/","url":"https:\/\/secure.gravatar.com\/avatar\/c7514f1460de700bc666804ed028fc7d15f47a41bbfc867590f7de302051f078?s=96&d=mm&r=g","contentUrl":"https:\/\/secure.gravatar.com\/avatar\/c7514f1460de700bc666804ed028fc7d15f47a41bbfc867590f7de302051f078?s=96&d=mm&r=g","caption":"Aleksandr K."}}]}},"_links":{"self":[{"href":"https:\/\/wiki.dev.voka.io\/es\/wp-json\/wp\/v2\/diseases_post\/2847","targetHints":{"allow":["GET"]}}],"collection":[{"href":"https:\/\/wiki.dev.voka.io\/es\/wp-json\/wp\/v2\/diseases_post"}],"about":[{"href":"https:\/\/wiki.dev.voka.io\/es\/wp-json\/wp\/v2\/types\/diseases_post"}],"author":[{"embeddable":true,"href":"https:\/\/wiki.dev.voka.io\/es\/wp-json\/wp\/v2\/users\/19"}],"wp:attachment":[{"href":"https:\/\/wiki.dev.voka.io\/es\/wp-json\/wp\/v2\/media?parent=2847"}],"wp:term":[{"taxonomy":"diseases_category","embeddable":true,"href":"https:\/\/wiki.dev.voka.io\/es\/wp-json\/wp\/v2\/diseases_category?post=2847"}],"curies":[{"name":"wp","href":"https:\/\/api.w.org\/{rel}","templated":true}]}}