{"id":2823,"date":"2026-01-29T17:22:51","date_gmt":"2026-01-29T14:22:51","guid":{"rendered":"https:\/\/wiki.dev.voka.io\/diseases\/uncategorized\/fracturas-columna-cervical\/"},"modified":"2026-01-29T17:22:39","modified_gmt":"2026-01-29T14:22:39","slug":"fracturas-columna-cervical","status":"publish","type":"diseases_post","link":"https:\/\/wiki.dev.voka.io\/es\/enfermedades\/traumatologia\/fracturas-columna-cervical\/","title":{"rendered":"Fracturas de la columna cervical: clasificaci\u00f3n, s\u00edntomas y tratamiento"},"content":{"rendered":"<p><?xml encoding=\"UTF-8\" ?><\/p>\n<p>Las fracturas de la columna cervical son lesiones graves que requieren un diagn\u00f3stico y tratamiento cuidadosos. De particular importancia son las lesiones de la columna cervical superior: la primera (C1, atlas) y la segunda (C2, axis) v\u00e9rtebras, ya que proporcionan movilidad a la cabeza y est\u00e1n situadas en estrecha proximidad al tronco encef\u00e1lico y la m\u00e9dula espinal.<\/p>\n<h2 class=\"wp-block-heading\" id=\"fractura-de-la-primera-vertebra-cervical\"><strong>Fractura de la primera v\u00e9rtebra cervical<\/strong><\/h2>\n<p>La primera v\u00e9rtebra cervical (C1, atlas) es la v\u00e9rtebra encargada de sostener el cr\u00e1neo y proporciona, entre otras cosas, los movimientos de la cabeza. Una fractura implica un deterioro de la integridad de la estructura anular de la v\u00e9rtebra. Las fracturas de la primera v\u00e9rtebra tienen gran importancia cl\u00ednica debido a su proximidad a la m\u00e9dula espinal y al tronco encef\u00e1lico, lo que crea un riesgo de d\u00e9ficit neurol\u00f3gico o inestabilidad potencialmente mortal.<\/p>\n<h3 class=\"wp-block-heading\" id=\"etiologia\"><strong>Etiolog\u00eda<\/strong><\/h3>\n<p>Las fracturas de C1 son causadas principalmente por traumatismos.<\/p>\n<ul class=\"wp-block-list\">\n<li><strong>Impactos de alta energ\u00eda<\/strong>: accidentes de tr\u00e1fico, ca\u00eddas desde alturas o lesiones deportivas (por ejemplo, zambullirse en aguas poco profundas). <\/li>\n<li><strong>Traumatismos de baja energ\u00eda<\/strong>: en personas mayores (por ejemplo, ca\u00eddas al mismo nivel) debido a trastornos metab\u00f3licos \u00f3seos (osteoporosis). <\/li>\n<li><strong>Causas raras<\/strong>: fracturas patol\u00f3gicas debidas a tumores o infecciones.<\/li>\n<\/ul>\n<h3 class=\"wp-block-heading\" id=\"mecanismo-de-dano\"><strong>Mecanismo de da\u00f1o<\/strong><\/h3>\n<p>El mecanismo cl\u00e1sico es una carga axial, en la que la fuerza comprime el cr\u00e1neo y se transmite a trav\u00e9s de \u00e9l al atlas (C1), provocando su da\u00f1o. La hiperextensi\u00f3n o la hiperflexi\u00f3n pueden empeorar la gravedad de la fractura.<\/p>\n<h3 class=\"wp-block-heading\" id=\"epidemiologia\"><strong>Epidemiolog\u00eda<\/strong><\/h3>\n<p id=\"h-\u043f\u0435\u0440\u0435\u043b\u043e\u043c\u044b-c1-\u0441\u043e\u0441\u0442\u0430\u0432\u043b\u044f\u044e\u0442-2-13-\u0442\u0440\u0430\u0432\u043c-\u0448\u0435\u0439\u043d\u043e\u0433\u043e-\u043e\u0442\u0434\u0435\u043b\u0430-\u043f\u043e\u0437\u0432\u043e\u043d\u043e\u0447\u043d\u0438\u043a\u0430-\u0438-1-3-\u0432\u0441\u0435\u0445-\u043f\u043e\u0432\u0440\u0435\u0436\u0434\u0435\u043d\u0438\u0439-\u043f\u043e\u0437\u0432\u043e\u043d\u043e\u0447\u043d\u0438\u043a\u0430-\u043e\u043d\u0438-\u0432-\u043e\u0441\u043d\u043e\u0432\u043d\u043e\u043c-\u043f\u043e\u0440\u0430\u0436\u0430\u044e\u0442-\u043c\u0443\u0436\u0447\u0438\u043d-75-\u0441\u043b\u0443\u0447\u0430\u0435\u0432-\u0432-\u0432\u043e\u0437\u0440\u0430\u0441\u0442\u0435-20-40-\u043b\u0435\u0442-\u0438\u0437-\u0437\u0430-\u0432\u044b\u0441\u043e\u043a\u043e\u0440\u0438\u0441\u043a\u043e\u0432\u044b\u0445-\u0432\u0438\u0434\u043e\u0432-\u0434\u0435\u044f\u0442\u0435\u043b\u044c\u043d\u043e\u0441\u0442\u0438-\u0432\u0442\u043e\u0440\u0438\u0447\u043d\u044b\u0439-\u043f\u0438\u043a-\u043f\u0440\u0438\u0445\u043e\u0434\u0438\u0442\u0441\u044f-\u043d\u0430-\u043f\u043e\u0436\u0438\u043b\u044b\u0445-\u043b\u044e\u0434\u0435\u0439-gt-65-\u043b\u0435\u0442-\u0441\u0442\u0440\u0430\u0434\u0430\u044e\u0449\u0438\u0445-\u043e\u0441\u0442\u0435\u043e\u043f\u043e\u0440\u043e\u0437\u043e\u043c-nbsp\">Las fracturas de C1 representan entre el 2 y el 13% de los traumatismos de la columna cervical y entre el 1 y el 3% de todas las lesiones de la columna. Afectan principalmente a hombres (75% de los casos) de entre 20 y 40\u00a0a\u00f1os debido a las actividades de alto riesgo. El pico secundario ocurre en personas mayores (> 65\u00a0a\u00f1os) con osteoporosis. <\/p>\n<p id=\"h-\u043f\u043e\u043a\u0430\u0437\u0430\u0442\u0435\u043b\u0438-\u0441\u043c\u0435\u0440\u0442\u043d\u043e\u0441\u0442\u0438-\u043d\u0438\u0437\u043a\u0438\u0435-4-10-\u043d\u043e-\u0441\u043e\u043f\u0443\u0442\u0441\u0442\u0432\u0443\u044e\u0449\u0438\u0435-\u0442\u0440\u0430\u0432\u043c\u044b-\u043d\u0430\u043f\u0440\u0438\u043c\u0435\u0440-\u043f\u0435\u0440\u0435\u043b\u043e\u043c\u044b-\u0432\u0442\u043e\u0440\u043e\u0433\u043e-\u0448\u0435\u0439\u043d\u043e\u0433\u043e-\u043f\u043e\u0437\u0432\u043e\u043d\u043a\u0430-\u043e\u0441\u043b\u043e\u0436\u043d\u044f\u044e\u0442-30-50-\u0441\u043b\u0443\u0447\u0430\u0435\u0432-nbsp\">Las tasas de mortalidad son bajas (4\u201310%), pero las lesiones concomitantes (por ejemplo, fracturas de la segunda v\u00e9rtebra cervical) complican entre el 30 y el 50% de los casos. <\/p>\n<h3 class=\"wp-block-heading\" id=\"clasificacion-de-las-fracturas-de-c1\"><strong>Clasificaci\u00f3n de las fracturas de C1<\/strong><\/h3>\n<h4 class=\"wp-block-heading\" id=\"h-\u043a\u043b\u0430\u0441\u0441\u0438\u0444\u0438\u043a\u0430\u0446\u0438\u044f-\u0433\u0435\u0432\u0430\u0439\u043b\u0435\u0440-gehweiler-\u0438-\u0434\u0438\u043a\u043c\u0430\u043d-dickman\"><strong>Clasificaci\u00f3n de Gehweiler y Dickman<\/strong><\/h4>\n<p>La clasificaci\u00f3n de Gehweiler incluye cinco tipos de fracturas de la primera v\u00e9rtebra cervical seg\u00fan la afectaci\u00f3n de las estructuras anat\u00f3micas. Esta clasificaci\u00f3n integra la clasificaci\u00f3n de Dickman para lesiones del ligamento transverso del atlas.<\/p>\n<p><strong>Clasificaci\u00f3n de Gehweiler combinada con la modificaci\u00f3n de Dickman<\/strong><\/p>\n<figure class=\"wp-block-table table-to-cards\">\n<table>\n<thead>\n<tr>\n<th class=\"has-text-align-center\" data-align=\"center\">Tipo<\/th>\n<th class=\"has-text-align-center\" data-align=\"center\">Descripci\u00f3n<\/th>\n<th class=\"has-text-align-center\" data-align=\"center\">Incidencia<\/th>\n<\/tr>\n<\/thead>\n<tbody>\n<tr>\n<td class=\"has-text-align-center\" data-align=\"center\">Tipo 1<\/td>\n<td class=\"has-text-align-center\" data-align=\"center\">Fractura del arco vertebral anterior<\/td>\n<td class=\"has-text-align-center\" data-align=\"center\">24%<\/td>\n<\/tr>\n<tr>\n<td class=\"has-text-align-center\" data-align=\"center\">Tipo 2 <\/td>\n<td class=\"has-text-align-center\" data-align=\"center\">Fractura del arco vertebral posterior<\/td>\n<td class=\"has-text-align-center\" data-align=\"center\">22%<\/td>\n<\/tr>\n<tr>\n<td class=\"has-text-align-center\" data-align=\"center\">Tipo 3<\/td>\n<td class=\"has-text-align-center\" data-align=\"center\">Fractura de los arcos vertebrales anterior y posterior (fractura de Jefferson)<\/td>\n<td class=\"has-text-align-center\" data-align=\"center\">34%<\/td>\n<\/tr>\n<tr>\n<td class=\"has-text-align-center\" data-align=\"center\">Subtipo 3a<\/td>\n<td class=\"has-text-align-center\" data-align=\"center\">El ligamento transverso del atlas est\u00e1 intacto<\/td>\n<td class=\"has-text-align-center\" data-align=\"center\"> \u2013 <\/td>\n<\/tr>\n<tr>\n<td class=\"has-text-align-center\" data-align=\"center\">Subtipo 3b (Dickman tipo 1)<\/td>\n<td class=\"has-text-align-center\" data-align=\"center\">Lesi\u00f3n del ligamento transverso del atlas<\/td>\n<td class=\"has-text-align-center\" data-align=\"center\"> \u2013 <\/td>\n<\/tr>\n<tr>\n<td class=\"has-text-align-center\" data-align=\"center\">Subtipo 3b (Dickman tipo 2)<\/td>\n<td class=\"has-text-align-center\" data-align=\"center\">Fractura por avulsi\u00f3n en el punto de uni\u00f3n del ligamento, con el ligamento correspondiente intacto<\/td>\n<td class=\"has-text-align-center\" data-align=\"center\"> \u2013 <\/td>\n<\/tr>\n<tr>\n<td class=\"has-text-align-center\" data-align=\"center\">Tipo 4<\/td>\n<td class=\"has-text-align-center\" data-align=\"center\">Fractura de masa lateral vertebral<\/td>\n<td class=\"has-text-align-center\" data-align=\"center\">19%<\/td>\n<\/tr>\n<tr>\n<td class=\"has-text-align-center\" data-align=\"center\">Tipo 5<\/td>\n<td class=\"has-text-align-center\" data-align=\"center\">Fractura aislada de la ap\u00f3fisis transversa de la v\u00e9rtebra<\/td>\n<td class=\"has-text-align-center\" data-align=\"center\">1%<\/td>\n<\/tr>\n<\/tbody>\n<\/table>\n<\/figure>\n<h4 class=\"wp-block-heading\" id=\"h-\u043a\u043b\u0430\u0441\u0441\u0438\u0444\u0438\u043a\u0430\u0446\u0438\u044f-\u043b\u0430\u043d\u0434\u0435\u043b\u043b\u0441-landells\"><strong>Clasificaci\u00f3n de Landells<\/strong><\/h4>\n<p>Tambi\u00e9n existe la clasificaci\u00f3n de Landells, que es similar en principios a la clasificaci\u00f3n de Gehweiler y distingue 3\u00a0tipos de fracturas: <\/p>\n<ol class=\"wp-block-list\">\n<li><strong>Tipo I:<\/strong> fractura solo del arco anterior o solo del arco posterior de la v\u00e9rtebra.<\/li>\n<li><strong>Tipo II:<\/strong> fractura de ambos arcos.<\/li>\n<li><strong>Tipo III:<\/strong> fractura de masa lateral (que se extiende a no m\u00e1s de un arco).<\/li>\n<\/ol>\n<p><a href=\"https:\/\/catalog.voka.io\/en\/models\/172682d4-e3d9-460c-8ad0-f4cc3bbe976d\/07dd4a2f-0a52-4a1b-862e-9fa9349c4578\/a6d63cc4-6f81-4526-82ed-027a134a8227\/50945a21-acbb-4124-87c7-e93f8e348c2b\" target=\"_blank\" rel=\"noreferrer noopener nofollow\">Modelos 3D<\/a> de fracturas de la primera v\u00e9rtebra cervical:<\/p>\n<div class=\"carousel-block\">\n<div class=\"swiper carousel-swiper carousel-swiper-block_69efad701aee4\">\n<div class=\"swiper-wrapper\">\n<div class=\"swiper-slide image-carousel-slide\"><img decoding=\"async\" class=\"carousel-image\" src=\"https:\/\/storage.googleapis.com\/dev_wiki_voka_io_303011\/articles\/en\/traumatology\/cervical-spine-fractures\/type-1-fracture-of-the-first-cervical-vertebra-gehweiler.webp\" alt=\"Fractura de la primera v\u00e9rtebra cervical, tipo 1 (Gehweiler)\"><span class=\"small-text-article text-main-text-color\">Fractura de la primera v\u00e9rtebra cervical, tipo 1 (Gehweiler)<\/span><\/div>\n<div class=\"swiper-slide image-carousel-slide\"><img decoding=\"async\" class=\"carousel-image\" src=\"https:\/\/storage.googleapis.com\/dev_wiki_voka_io_303011\/articles\/en\/traumatology\/cervical-spine-fractures\/type-2-fracture-of-the-first-cervical-vertebra-gehweiler.webp\" alt=\"Fractura de la primera v\u00e9rtebra cervical, tipo 2 (Gehweiler)\"><span class=\"small-text-article text-main-text-color\">Fractura de la primera v\u00e9rtebra cervical, tipo 2 (Gehweiler)<\/span><\/div>\n<div class=\"swiper-slide image-carousel-slide\"><img decoding=\"async\" class=\"carousel-image\" src=\"https:\/\/storage.googleapis.com\/dev_wiki_voka_io_303011\/articles\/en\/traumatology\/cervical-spine-fractures\/type-3a-fracture-of-the-first-cervical-vertebra-gehweiler.webp\" alt=\"Fractura de la primera v\u00e9rtebra cervical, tipo 3a (Gehweiler)\"><span class=\"small-text-article text-main-text-color\">Fractura de la primera v\u00e9rtebra cervical, tipo 3a (Gehweiler)<\/span><\/div>\n<div class=\"swiper-slide image-carousel-slide\"><img decoding=\"async\" class=\"carousel-image\" src=\"https:\/\/storage.googleapis.com\/dev_wiki_voka_io_303011\/articles\/en\/traumatology\/cervical-spine-fractures\/type-3b-fracture-of-the-first-cervical-vertebra-dickman-type-1-gehweiler.webp\" alt=\"Fractura de la primera v\u00e9rtebra cervical, tipo 3b, Dickman tipo 1 (Gehweiler)\"><span class=\"small-text-article text-main-text-color\">Fractura de la primera v\u00e9rtebra cervical, tipo 3b, Dickman tipo 1 (Gehweiler)<\/span><\/div>\n<div class=\"swiper-slide image-carousel-slide\"><img decoding=\"async\" class=\"carousel-image\" src=\"https:\/\/storage.googleapis.com\/dev_wiki_voka_io_303011\/articles\/en\/traumatology\/cervical-spine-fractures\/type-3b-fracture-of-the-first-cervical-vertebra-dickman-type-2-gehweiler.webp\" alt=\"Fractura de la primera v\u00e9rtebra cervical, tipo 3b, Dickman tipo 2 (Gehweiler)\"><span class=\"small-text-article text-main-text-color\">Fractura de la primera v\u00e9rtebra cervical, tipo 3b, Dickman tipo 2 (Gehweiler)<\/span><\/div>\n<div class=\"swiper-slide image-carousel-slide\"><img decoding=\"async\" class=\"carousel-image\" src=\"https:\/\/storage.googleapis.com\/dev_wiki_voka_io_303011\/articles\/en\/traumatology\/cervical-spine-fractures\/type-4-fracture-of-the-first-cervical-vertebra-gehweiler.webp\" alt=\"Fractura de la primera v\u00e9rtebra cervical, tipo 4 (Gehweiler)\"><span class=\"small-text-article text-main-text-color\">Fractura de la primera v\u00e9rtebra cervical, tipo 4 (Gehweiler)<\/span><\/div>\n<div class=\"swiper-slide image-carousel-slide\"><img decoding=\"async\" class=\"carousel-image\" src=\"https:\/\/storage.googleapis.com\/dev_wiki_voka_io_303011\/articles\/en\/traumatology\/cervical-spine-fractures\/type-5-fracture-of-the-first-cervical-vertebra-gehweiler.webp\" alt=\"Fractura de la primera v\u00e9rtebra cervical, tipo 5 (Gehweiler)\"><span class=\"small-text-article text-main-text-color\">Fractura de la primera v\u00e9rtebra cervical, tipo 5 (Gehweiler)<\/span><\/div>\n<\/div>\n<\/div>\n<div class=\"swiper-article-carousel__controls\">\n<div class=\"swiper-article-carousel__pagination-container swiper-article-carousel__pagination-container-block_69efad701aee4\"><\/div>\n<div class=\"swiper-article-carousel__arrows\"><button class=\"swiper__arrow swiper__arrow--prev carousel-swiper-button-prev swiper__arrow swiper__arrow--prev carousel-swiper-button-prev-block_69efad701aee4\"><svg xmlns=\"http:\/\/www.w3.org\/2000\/svg\" width=\"40\" height=\"40\" viewbox=\"0 0 40 40\" fill=\"none\"><path d=\"M20 3.75C16.7861 3.75 13.6443 4.70305 10.972 6.48862C8.29969 8.27419 6.21689 10.8121 4.98696 13.7814C3.75704 16.7507 3.43524 20.018 4.06225 23.1702C4.68926 26.3224 6.23692 29.2179 8.50952 31.4905C10.7821 33.7631 13.6776 35.3107 16.8298 35.9378C19.982 36.5648 23.2493 36.243 26.2186 35.013C29.1879 33.7831 31.7258 31.7003 33.5114 29.028C35.297 26.3557 36.25 23.2139 36.25 20C36.2455 15.6916 34.5319 11.561 31.4855 8.51454C28.439 5.46806 24.3084 3.75455 20 3.75ZM23.3844 25.3656C23.5005 25.4818 23.5926 25.6196 23.6555 25.7714C23.7184 25.9231 23.7507 26.0858 23.7507 26.25C23.7507 26.4142 23.7184 26.5769 23.6555 26.7286C23.5926 26.8804 23.5005 27.0182 23.3844 27.1344C23.2682 27.2505 23.1304 27.3426 22.9786 27.4055C22.8269 27.4683 22.6643 27.5007 22.5 27.5007C22.3358 27.5007 22.1731 27.4683 22.0214 27.4055C21.8696 27.3426 21.7318 27.2505 21.6156 27.1344L15.3656 20.8844C15.2494 20.7683 15.1572 20.6304 15.0943 20.4787C15.0314 20.3269 14.999 20.1643 14.999 20C14.999 19.8357 15.0314 19.6731 15.0943 19.5213C15.1572 19.3696 15.2494 19.2317 15.3656 19.1156L21.6156 12.8656C21.7318 12.7495 21.8696 12.6574 22.0214 12.5945C22.1731 12.5317 22.3358 12.4993 22.5 12.4993C22.6643 12.4993 22.8269 12.5317 22.9786 12.5945C23.1304 12.6574 23.2682 12.7495 23.3844 12.8656C23.5005 12.9818 23.5926 13.1196 23.6555 13.2714C23.7184 13.4231 23.7507 13.5858 23.7507 13.75C23.7507 13.9142 23.7184 14.0769 23.6555 14.2286C23.5926 14.3804 23.5005 14.5182 23.3844 14.6344L18.0172 20L23.3844 25.3656Z\" fill=\"#B5C0CD\"><\/path><\/svg><\/button><button class=\"swiper__arrow swiper__arrow--next carousel-swiper-button-next swiper__arrow swiper__arrow--next carousel-swiper-button-next-block_69efad701aee4\" tabindex=\"0\" aria-label=\"Next slide\"><svg xmlns=\"http:\/\/www.w3.org\/2000\/svg\" width=\"40\" height=\"40\" viewbox=\"0 0 40 40\" fill=\"none\"><path d=\"M20 3.75C16.7861 3.75 13.6443 4.70305 10.972 6.48862C8.29969 8.27419 6.21689 10.8121 4.98696 13.7814C3.75704 16.7507 3.43524 20.018 4.06225 23.1702C4.68926 26.3224 6.23692 29.2179 8.50952 31.4905C10.7821 33.7631 13.6776 35.3107 16.8298 35.9378C19.982 36.5648 23.2493 36.243 26.2186 35.013C29.1879 33.7831 31.7258 31.7003 33.5114 29.028C35.297 26.3557 36.25 23.2139 36.25 20C36.2455 15.6916 34.5319 11.561 31.4855 8.51454C28.439 5.46806 24.3084 3.75455 20 3.75ZM23.3844 25.3656C23.5005 25.4818 23.5926 25.6196 23.6555 25.7714C23.7184 25.9231 23.7507 26.0858 23.7507 26.25C23.7507 26.4142 23.7184 26.5769 23.6555 26.7286C23.5926 26.8804 23.5005 27.0182 23.3844 27.1344C23.2682 27.2505 23.1304 27.3426 22.9786 27.4055C22.8269 27.4683 22.6643 27.5007 22.5 27.5007C22.3358 27.5007 22.1731 27.4683 22.0214 27.4055C21.8696 27.3426 21.7318 27.2505 21.6156 27.1344L15.3656 20.8844C15.2494 20.7683 15.1572 20.6304 15.0943 20.4787C15.0314 20.3269 14.999 20.1643 14.999 20C14.999 19.8357 15.0314 19.6731 15.0943 19.5213C15.1572 19.3696 15.2494 19.2317 15.3656 19.1156L21.6156 12.8656C21.7318 12.7495 21.8696 12.6574 22.0214 12.5945C22.1731 12.5317 22.3358 12.4993 22.5 12.4993C22.6643 12.4993 22.8269 12.5317 22.9786 12.5945C23.1304 12.6574 23.2682 12.7495 23.3844 12.8656C23.5005 12.9818 23.5926 13.1196 23.6555 13.2714C23.7184 13.4231 23.7507 13.5858 23.7507 13.75C23.7507 13.9142 23.7184 14.0769 23.6555 14.2286C23.5926 14.3804 23.5005 14.5182 23.3844 14.6344L18.0172 20L23.3844 25.3656Z\" fill=\"#B5C0CD\"><\/path><\/svg><\/button><\/div>\n<\/div>\n<\/div>\n<p><script defer>\n    document.addEventListener('DOMContentLoaded', function() {\n        const imagesCarouselSwiper = new Swiper('.carousel-swiper-block_69efad701aee4', {\n            slidesPerView: 1,\n            spaceBetween: 20,\n            loop: true,\n            pagination: {\n                el: '.swiper-article-carousel__pagination-container-block_69efad701aee4',\n                clickable: true,\n            },\n            navigation: {\n                nextEl: '.carousel-swiper-button-next-block_69efad701aee4',\n                prevEl: '.carousel-swiper-button-prev-block_69efad701aee4',\n            },\n        })\n    })\n<\/script><\/p>\n<h3 class=\"wp-block-heading\" id=\"presentacion-clinica\"><strong>Presentaci\u00f3n cl\u00ednica<\/strong><\/h3>\n<p>Los s\u00edntomas var\u00edan de leves a graves. <\/p>\n<ul class=\"wp-block-list\">\n<li><strong>Fracturas estables<\/strong>: dolor cervical localizado, rigidez y espasmos musculares. <\/li>\n<li><strong>Fracturas inestables<\/strong>: posibles d\u00e9ficits neurol\u00f3gicos (debilidad de las extremidades, insuficiencia respiratoria) debido a la compresi\u00f3n de la m\u00e9dula espinal o del tronco encef\u00e1lico. <\/li>\n<li><strong>Lesi\u00f3n cerebrovascular contusa (BCVI): <\/strong>se acompa\u00f1a de mareos (v\u00e9rtigo), visi\u00f3n doble (diplop\u00eda), p\u00e9rdida de la visi\u00f3n, alteraci\u00f3n de la coordinaci\u00f3n de movimientos (ataxia), dificultad para tragar (disfagia) y v\u00f3mitos.<\/li>\n<li><strong>Curso asintom\u00e1tico:<\/strong> se presenta en algunos pacientes, lo que dificulta el diagn\u00f3stico.<\/li>\n<\/ul>\n<h3 class=\"wp-block-heading\" id=\"diagnostico-de-la-fractura-de-c1\"><strong>Diagn\u00f3stico de la fractura de C1<\/strong><\/h3>\n<p>El diagn\u00f3stico se basa en la evaluaci\u00f3n cl\u00ednica y pruebas radiol\u00f3gicas.<\/p>\n<h4 class=\"wp-block-heading\" id=\"h-\u043a\u043b\u0438\u043d\u0438\u0447\u0435\u0441\u043a\u0430\u044f-\u043e\u0446\u0435\u043d\u043a\u0430\"><strong>Evaluaci\u00f3n cl\u00ednica<\/strong><\/h4>\n<p>El dolor de cuello y la limitaci\u00f3n del movimiento son los principales s\u00edntomas de las lesiones de la columna cervical en general. Durante el examen neurol\u00f3gico se eval\u00faan los d\u00e9ficits motores y sensoriales. En caso de lesiones aisladas de la primera v\u00e9rtebra cervical, el d\u00e9ficit neurol\u00f3gico es menos probable, pero en caso de fracturas asociadas de la segunda v\u00e9rtebra cervical, el riesgo de complicaciones neurol\u00f3gicas aumenta dr\u00e1sticamente.<\/p>\n<h4 class=\"wp-block-heading\" id=\"h-\u043b\u0443\u0447\u0435\u0432\u044b\u0435-\u043c\u0435\u0442\u043e\u0434\u044b-\u0438\u0441\u0441\u043b\u0435\u0434\u043e\u0432\u0430\u043d\u0438\u044f\"><strong>M\u00e9todos de diagn\u00f3stico por radiaci\u00f3n:<\/strong><\/h4>\n<ol class=\"wp-block-list\">\n<li><strong><span class=\"glossary-term\" data-title=\"Tomograf\u00eda computarizada\" data-tooltip=\"Tomograf\u00eda computarizada - es un m\u00e9todo de radiodiagn\u00f3stico que se basa en la aplicaci\u00f3n de rayos X para obtener im\u00e1genes capa por capa (secciones) de los \u00f3rganos y de los tejidos internos. Es uno de los m\u00e9todos l\u00edderes de visualizaci\u00f3n en la medicina moderna de alta capacidad informativa.\" data-link=\"https:\/\/wiki.dev.voka.io\/es\/glosario\/tc-tomografia-computarizada\/\">TC<\/span> (tomograf\u00eda computarizada)<\/strong>: el est\u00e1ndar de oro para detectar l\u00edneas de fractura y desplazamiento.<\/li>\n<li><strong>Radiograf\u00eda<\/strong>: una proyecci\u00f3n anteroposterior con la boca abierta puede mostrar un desplazamiento lateral de la masa vertebral (un desplazamiento mayor a 7\u00a0mm sugiere una fractura de Jefferson).<\/li>\n<li><strong><span class=\"glossary-term\" data-title=\"IRM (imagen por resonancia magn\u00e9tica)\" data-tooltip=\"La imagen por resonancia magn\u00e9tica (IRM) es una t\u00e9cnica moderna no invasiva de diagn\u00f3stico por imagen que permite obtener im\u00e1genes seccionales de \u00f3rganos y tejidos internos con un alto nivel de detalle. Se basa en el fen\u00f3meno de la resonancia magn\u00e9tica nuclear. La ventaja clave de la IRM es la ausencia de radiaci\u00f3n ionizante.\" data-link=\"https:\/\/wiki.dev.voka.io\/es\/glosario\/irm\/\">Resonancia magn\u00e9tica<\/span> (RM)<\/strong>: permite evaluar da\u00f1os en el aparato ligamentoso y compresi\u00f3n de la m\u00e9dula espinal.<\/li>\n<\/ol>\n<p>Al diagnosticar un traumatismo de la primera v\u00e9rtebra cervical, se deben tener en cuenta posibles anomal\u00edas del desarrollo de esta \u00faltima. Un atlas b\u00edfido o bipartido es una anomal\u00eda cong\u00e9nita rara en la que el atlas est\u00e1 dividido en dos mitades debido a defectos en la fusi\u00f3n de los arcos anterior y posterior. Los defectos \u00f3seos est\u00e1n cubiertos de tejido fibroso. El defecto del arco anterior suele estar situado a lo largo de la l\u00ednea media y es m\u00e1s peque\u00f1o que el defecto del arco posterior, que a su vez tambi\u00e9n est\u00e1 situado a lo largo de la l\u00ednea media. El atlas bipartido es una condici\u00f3n asintom\u00e1tica que es un hallazgo radiogr\u00e1fico espor\u00e1dico.<\/p>\n<h3 class=\"wp-block-heading\" id=\"tratamiento-de-la-fractura-de-la-primera-vertebra-cervical\"><strong>Tratamiento de la fractura de la primera v\u00e9rtebra cervical<\/strong><\/h3>\n<h4 class=\"wp-block-heading\"><strong>Tratamiento no quir\u00fargico<\/strong><\/h4>\n<p><strong>Indicaciones<\/strong>: fracturas estables (ligamento transverso intacto, sin desplazamiento).<\/p>\n<p><strong>T\u00e9cnica:<\/strong><\/p>\n<ul class=\"wp-block-list\">\n<li><strong>Inmovilizaci\u00f3n<\/strong>: collar\u00edn cervical r\u00edgido (por ejemplo, Miami J) o sistema Halo durante de 8 a 12\u00a0semanas. <\/li>\n<li><strong>Radiograf\u00eda digital din\u00e1mica<\/strong>: la visualizaci\u00f3n con una serie de im\u00e1genes garantiza la alineaci\u00f3n y la curaci\u00f3n de la fractura. <\/li>\n<li><strong>Rehabilitaci\u00f3n<\/strong>: fisioterapia despu\u00e9s de la inmovilizaci\u00f3n para restaurar la movilidad y el tono muscular.<\/li>\n<\/ul>\n<figure class=\"wp-block-video\" id=\"animacion-3d-tipos-estables-de-fracturas-de-la-primera-vertebra-cervical-segun-gehweiler-gehweiler-j-duff-d-martinez-s-miller-m-clark-w-1976\"><video controls><source data-src=\"https:\/\/storage.googleapis.com\/dev_wiki_voka_io_303011\/articles\/en\/traumatology\/cervical-spine-fractures\/1-stable-types-of-fractures-of-the-first-cervical-vertebra.webm\" type=\"video\/webm\"><\/source><\/video><figcaption class=\"wp-element-caption\">Animaci\u00f3n 3D: Tipos estables de fracturas de la primera v\u00e9rtebra cervical seg\u00fan Gehweiler (Gehweiler J, Duff D, Martinez S, Miller M, Clark W, 1976)<\/figcaption><\/figure>\n<h4 class=\"wp-block-heading\"><strong>Tratamiento quir\u00fargico<\/strong><\/h4>\n<p><strong>Indicaciones<\/strong>: inestabilidad segmentaria (rotura del ligamento transverso, desplazamiento de m\u00e1s de 7\u00a0mm), trastornos neurol\u00f3gicos o tratamiento conservador ineficaz. Este m\u00e9todo de tratamiento tiene como objetivo prevenir da\u00f1os a la m\u00e9dula espinal y restaurar el eje de la columna vertebral.<\/p>\n<p><strong>T\u00e9cnica:<\/strong><\/p>\n<ul class=\"wp-block-list\">\n<li><strong>Fusi\u00f3n occipitocervical<\/strong>: estabiliza el cr\u00e1neo y la columna cervical. Por regla general, se realiza en caso de da\u00f1o combinado en la primera y segunda v\u00e9rtebras cervicales.<\/li>\n<li><strong>Fusi\u00f3n C1\u2013C2<\/strong>: mantiene el movimiento del cuello fijando el atlas a la segunda v\u00e9rtebra cervical.<\/li>\n<\/ul>\n<figure class=\"wp-block-video\" id=\"animacion-3d-tipos-inestables-de-fracturas-de-la-primera-vertebra-cervical-segun-gehweiler-gehweiler-j-duff-d-martinez-s-miller-m-clark-w-1976\"><video controls><source data-src=\"https:\/\/storage.googleapis.com\/dev_wiki_voka_io_303011\/articles\/en\/traumatology\/cervical-spine-fractures\/2-unstable-types-of-fractures-of-the-first-cervical-vertebra.webm\" type=\"video\/webm\"><\/source><\/video><figcaption class=\"wp-element-caption\">Animaci\u00f3n 3D: Tipos inestables de fracturas de la primera v\u00e9rtebra cervical seg\u00fan Gehweiler (Gehweiler J, Duff D, Martinez S, Miller M, Clark W, 1976)<\/figcaption><\/figure>\n<h2 class=\"wp-block-heading\" id=\"fractura-de-la-segunda-vertebra-cervical\"><strong>Fractura de la segunda v\u00e9rtebra cervical<\/strong><\/h2>\n<p>La segunda v\u00e9rtebra cervical (C2, axis) desempe\u00f1a un papel clave en el sost\u00e9n del cr\u00e1neo, facilitando la rotaci\u00f3n de la cabeza y protegiendo la m\u00e9dula espinal superior. Las fracturas en esta zona pueden variar desde grietas menores no desplazadas hasta lesiones graves e inestables que comprometen la m\u00e9dula espinal y las funciones vitales.<\/p>\n<h3 class=\"wp-block-heading\" id=\"etiologia\"><strong>Etiolog\u00eda<\/strong><\/h3>\n<p>Las fracturas de la segunda v\u00e9rtebra cervical pueden ocurrir como resultado de diversos impactos traum\u00e1ticos:<\/p>\n<ol class=\"wp-block-list\">\n<li><strong>Traumatismo directo<\/strong>: es la causa m\u00e1s com\u00fan y suele ser resultado de la exposici\u00f3n a fuerzas de alto impacto.<\/li>\n<li><strong>Accidentes de tr\u00e1fico<\/strong>: colisiones a alta velocidad, as\u00ed como mecanismos de menor energ\u00eda, como el frenado r\u00e1pido.<\/li>\n<li><strong>Lesiones deportivas:<\/strong> deportes de contacto, deportes ecuestres, accidentes de buceo y snorkel.<\/li>\n<li><strong>Condiciones patol\u00f3gicas<\/strong>: lesiones metast\u00e1sicas de la segunda v\u00e9rtebra cervical, as\u00ed como condiciones metab\u00f3licas cr\u00f3nicas que afectan la densidad \u00f3sea y contribuyen a fracturas de baja energ\u00eda.<\/li>\n<\/ol>\n<h3 class=\"wp-block-heading\" id=\"mecanismo-de-dano\"><strong>Mecanismo de da\u00f1o<\/strong><\/h3>\n<p>La segunda v\u00e9rtebra cervical, debido a su estructura anat\u00f3mica especial, est\u00e1 sujeta a patrones de lesiones y formas de fractura \u00fanicos:<\/p>\n<ol class=\"wp-block-list\">\n<li><strong>Hiperextensi\u00f3n<\/strong>: el movimiento repentino de la cabeza hacia atr\u00e1s (como un fuerte golpe en la parte trasera del veh\u00edculo) puede causar una \u00abfractura del ahorcado\u00bb, una fractura bilateral de la pars interarticularis.<\/li>\n<li><strong>Carga axial<\/strong>: la fuerza vertical aplicada a la cabeza (como al bucear en aguas poco profundas) puede provocar fracturas de la ap\u00f3fisis odontoides (una prominencia en forma de diente).<\/li>\n<li><strong>Flexi\u00f3n-rotaci\u00f3n<\/strong>: las fuerzas de torsi\u00f3n tambi\u00e9n pueden provocar fracturas de la ap\u00f3fisis odontoides o masa lateral.<\/li>\n<li><strong>Traumatismo directo<\/strong>: los golpes en la parte superior del cuello o en el cr\u00e1neo facial pueden fracturar la segunda v\u00e9rtebra cervical.<\/li>\n<\/ol>\n<h3 class=\"wp-block-heading\" id=\"epidemiologia\"><strong>Epidemiolog\u00eda<\/strong><\/h3>\n<ol class=\"wp-block-list\">\n<li>Las fracturas de C2 representan el 20% de todas las fracturas de la columna cervical. <\/li>\n<li>Las <strong>fracturas de la ap\u00f3fisis odontoides<\/strong> son las m\u00e1s comunes (50 a 75%), especialmente entre pacientes mayores despu\u00e9s de ca\u00eddas al mismo nivel. <\/li>\n<li>Las <strong>fracturas del ahorcado<\/strong> (fractura de Hangman, espondilolistesis traum\u00e1tica del axis) son la segunda fractura m\u00e1s com\u00fan de la v\u00e9rtebra C2 y se observan a menudo como resultado de accidentes de tr\u00e1fico y ca\u00eddas.<\/li>\n<\/ol>\n<p>Son m\u00e1s com\u00fanes en hombres que practican actividades deportivas, as\u00ed como actividades laborales potencialmente traum\u00e1ticas (construcci\u00f3n, etc.).<\/p>\n<h3 class=\"wp-block-heading\" id=\"clasificacion-de-las-fracturas-de-c2\"><strong>Clasificaci\u00f3n de las fracturas de C2<\/strong><\/h3>\n<p>Existen muchas clasificaciones de fracturas de la segunda v\u00e9rtebra cervical. Hist\u00f3ricamente, las clasificaciones m\u00e1s importantes se basan en la relaci\u00f3n con el sitio anat\u00f3mico de la lesi\u00f3n. As\u00ed, Schatzker clasific\u00f3 las fracturas seg\u00fan su relaci\u00f3n con los ligamentos accesorios.<\/p>\n<h4 class=\"wp-block-heading\"><strong>Clasificaci\u00f3n de las fracturas de la ap\u00f3fisis odontoides (Anderson & D\u2019Alonzo)<\/strong><\/h4>\n<p>Esta es la clasificaci\u00f3n m\u00e1s utilizada para las fracturas de la ap\u00f3fisis odontoides. Se basa en el nivel de fractura.<\/p>\n<p><strong>Clasificaci\u00f3n de Anderson y D\u2019Alonzo con modificaci\u00f3n de Handley<\/strong>*<\/p>\n<figure class=\"wp-block-table table-to-cards\">\n<table>\n<thead>\n<tr>\n<th class=\"has-text-align-center\" data-align=\"center\">Tipo<\/th>\n<th class=\"has-text-align-center\" data-align=\"center\">Descripci\u00f3n<\/th>\n<th class=\"has-text-align-center\" data-align=\"center\">Descripci\u00f3n<\/th>\n<\/tr>\n<\/thead>\n<tbody>\n<tr>\n<td class=\"has-text-align-center\" data-align=\"center\">Tipo 1<\/td>\n<td class=\"has-text-align-center\" data-align=\"center\">Fractura oblicua del v\u00e9rtice de la ap\u00f3fisis odontoides (esencialmente una fractura por avulsi\u00f3n del ligamento alar)<\/td>\n<td class=\"has-text-align-center\" data-align=\"center\">Rara, se refiere a fracturas estables (sin embargo, la inestabilidad atlantooccipital debe excluirse mediante radiograf\u00edas funcionales en flexi\u00f3n y extensi\u00f3n)<\/td>\n<\/tr>\n<tr>\n<td class=\"has-text-align-center\" data-align=\"center\">Tipo&nbsp;2<br \/>Tipo&nbsp;2a<\/td>\n<td class=\"has-text-align-center\" data-align=\"center\">Fractura en el cuello y base de la ap\u00f3fisis odontoides<\/td>\n<td class=\"has-text-align-center\" data-align=\"center\">La fractura m\u00e1s com\u00fan y potencialmente inestable. La alta tasa de falta de uni\u00f3n de la fractura se debe a la alteraci\u00f3n de la circulaci\u00f3n sangu\u00ednea local debido a la fractura<\/td>\n<\/tr>\n<tr>\n<td class=\"has-text-align-center\" data-align=\"center\">Tipo 3<\/td>\n<td class=\"has-text-align-center\" data-align=\"center\">Fractura que se extiende hacia el cuerpo vertebral y que a menudo afecta la superficie articular de la articulaci\u00f3n atlantoaxial <\/td>\n<td class=\"has-text-align-center\" data-align=\"center\">M\u00e1s favorable para la consolidaci\u00f3n de fracturas que el tipo 2<\/td>\n<\/tr>\n<\/tbody>\n<\/table>\n<\/figure>\n<p>*La subclasificaci\u00f3n de Hadley identifica un subtipo de fracturas conminutas de tipo 2. En el tipo 2a, el riesgo de falta de uni\u00f3n de la fractura aumenta significativamente si se utiliza el tratamiento conservador. Ocurre en 5 a 10% de todas las fracturas de tipo 2.<\/p>\n<p><a href=\"https:\/\/catalog.voka.io\/en\/models\/172682d4-e3d9-460c-8ad0-f4cc3bbe976d\/07dd4a2f-0a52-4a1b-862e-9fa9349c4578\/a6d63cc4-6f81-4526-82ed-027a134a8227\/77aaf231-b28c-4a93-ad2f-938169b3efcc\" target=\"_blank\" rel=\"noreferrer noopener nofollow\">Modelos 3D<\/a> de fracturas de la ap\u00f3fisis odontoides de la segunda v\u00e9rtebra cervical (axial):<\/p>\n<div class=\"carousel-block\">\n<div class=\"swiper carousel-swiper carousel-swiper-block_69efad701dd8b\">\n<div class=\"swiper-wrapper\">\n<div class=\"swiper-slide image-carousel-slide\"><img decoding=\"async\" class=\"carousel-image\" src=\"https:\/\/storage.googleapis.com\/dev_wiki_voka_io_303011\/articles\/en\/traumatology\/cervical-spine-fractures\/type-1-odontoid-fracture-of-the-second-cervical-vertebra-anderson-and-dalonzo.webp\" alt=\"Fractura de la ap\u00f3fisis odontoides de la segunda v\u00e9rtebra cervical, tipo 1 (Anderson y D'Alonzo)\"><span class=\"small-text-article text-main-text-color\">Fractura de la ap\u00f3fisis odontoides de la segunda v\u00e9rtebra cervical, tipo 1 (Anderson y D\u2019Alonzo)<\/span><\/div>\n<div class=\"swiper-slide image-carousel-slide\"><img decoding=\"async\" class=\"carousel-image\" src=\"https:\/\/storage.googleapis.com\/dev_wiki_voka_io_303011\/articles\/en\/traumatology\/cervical-spine-fractures\/type-2-odontoid-fracture-of-the-second-cervical-vertebra-anderson-and-dalonzo.webp\" alt=\"Fractura de la ap\u00f3fisis odontoides de la segunda v\u00e9rtebra cervical, tipo 2 (Anderson y D'Alonzo)\"><span class=\"small-text-article text-main-text-color\">Fractura de la ap\u00f3fisis odontoides de la segunda v\u00e9rtebra cervical, tipo 2 (Anderson y D\u2019Alonzo)<\/span><\/div>\n<div class=\"swiper-slide image-carousel-slide\"><img decoding=\"async\" class=\"carousel-image\" src=\"https:\/\/storage.googleapis.com\/dev_wiki_voka_io_303011\/articles\/en\/traumatology\/cervical-spine-fractures\/type-2a-odontoid-fracture-of-the-second-cervical-vertebra-anderson-dalonzo-hadley-modification.webp\" alt=\"Fractura de la ap\u00f3fisis odontoides de la segunda v\u00e9rtebra cervical, tipo 2a (Anderson y D'Alonzo, modificaci\u00f3n de Hadley)\"><span class=\"small-text-article text-main-text-color\">Fractura de la ap\u00f3fisis odontoides de la segunda v\u00e9rtebra cervical, tipo 2a (Anderson y D\u2019Alonzo, modificaci\u00f3n de Hadley)<\/span><\/div>\n<div class=\"swiper-slide image-carousel-slide\"><img decoding=\"async\" class=\"carousel-image\" src=\"https:\/\/storage.googleapis.com\/dev_wiki_voka_io_303011\/articles\/en\/traumatology\/cervical-spine-fractures\/type-3-odontoid-fracture-of-the-second-cervical-vertebra-anderson-and-dalonzo.webp\" alt=\"Fractura de la ap\u00f3fisis odontoides de la segunda v\u00e9rtebra cervical, tipo 3 (Anderson y D'Alonzo)\"><span class=\"small-text-article text-main-text-color\">Fractura de la ap\u00f3fisis odontoides de la segunda v\u00e9rtebra cervical, tipo 3 (Anderson y D\u2019Alonzo)<\/span><\/div>\n<\/div>\n<\/div>\n<div class=\"swiper-article-carousel__controls\">\n<div class=\"swiper-article-carousel__pagination-container swiper-article-carousel__pagination-container-block_69efad701dd8b\"><\/div>\n<div class=\"swiper-article-carousel__arrows\"><button class=\"swiper__arrow swiper__arrow--prev carousel-swiper-button-prev swiper__arrow swiper__arrow--prev carousel-swiper-button-prev-block_69efad701dd8b\"><svg xmlns=\"http:\/\/www.w3.org\/2000\/svg\" width=\"40\" height=\"40\" viewbox=\"0 0 40 40\" fill=\"none\"><path d=\"M20 3.75C16.7861 3.75 13.6443 4.70305 10.972 6.48862C8.29969 8.27419 6.21689 10.8121 4.98696 13.7814C3.75704 16.7507 3.43524 20.018 4.06225 23.1702C4.68926 26.3224 6.23692 29.2179 8.50952 31.4905C10.7821 33.7631 13.6776 35.3107 16.8298 35.9378C19.982 36.5648 23.2493 36.243 26.2186 35.013C29.1879 33.7831 31.7258 31.7003 33.5114 29.028C35.297 26.3557 36.25 23.2139 36.25 20C36.2455 15.6916 34.5319 11.561 31.4855 8.51454C28.439 5.46806 24.3084 3.75455 20 3.75ZM23.3844 25.3656C23.5005 25.4818 23.5926 25.6196 23.6555 25.7714C23.7184 25.9231 23.7507 26.0858 23.7507 26.25C23.7507 26.4142 23.7184 26.5769 23.6555 26.7286C23.5926 26.8804 23.5005 27.0182 23.3844 27.1344C23.2682 27.2505 23.1304 27.3426 22.9786 27.4055C22.8269 27.4683 22.6643 27.5007 22.5 27.5007C22.3358 27.5007 22.1731 27.4683 22.0214 27.4055C21.8696 27.3426 21.7318 27.2505 21.6156 27.1344L15.3656 20.8844C15.2494 20.7683 15.1572 20.6304 15.0943 20.4787C15.0314 20.3269 14.999 20.1643 14.999 20C14.999 19.8357 15.0314 19.6731 15.0943 19.5213C15.1572 19.3696 15.2494 19.2317 15.3656 19.1156L21.6156 12.8656C21.7318 12.7495 21.8696 12.6574 22.0214 12.5945C22.1731 12.5317 22.3358 12.4993 22.5 12.4993C22.6643 12.4993 22.8269 12.5317 22.9786 12.5945C23.1304 12.6574 23.2682 12.7495 23.3844 12.8656C23.5005 12.9818 23.5926 13.1196 23.6555 13.2714C23.7184 13.4231 23.7507 13.5858 23.7507 13.75C23.7507 13.9142 23.7184 14.0769 23.6555 14.2286C23.5926 14.3804 23.5005 14.5182 23.3844 14.6344L18.0172 20L23.3844 25.3656Z\" fill=\"#B5C0CD\"><\/path><\/svg><\/button><button class=\"swiper__arrow swiper__arrow--next carousel-swiper-button-next swiper__arrow swiper__arrow--next carousel-swiper-button-next-block_69efad701dd8b\" tabindex=\"0\" aria-label=\"Next slide\"><svg xmlns=\"http:\/\/www.w3.org\/2000\/svg\" width=\"40\" height=\"40\" viewbox=\"0 0 40 40\" fill=\"none\"><path d=\"M20 3.75C16.7861 3.75 13.6443 4.70305 10.972 6.48862C8.29969 8.27419 6.21689 10.8121 4.98696 13.7814C3.75704 16.7507 3.43524 20.018 4.06225 23.1702C4.68926 26.3224 6.23692 29.2179 8.50952 31.4905C10.7821 33.7631 13.6776 35.3107 16.8298 35.9378C19.982 36.5648 23.2493 36.243 26.2186 35.013C29.1879 33.7831 31.7258 31.7003 33.5114 29.028C35.297 26.3557 36.25 23.2139 36.25 20C36.2455 15.6916 34.5319 11.561 31.4855 8.51454C28.439 5.46806 24.3084 3.75455 20 3.75ZM23.3844 25.3656C23.5005 25.4818 23.5926 25.6196 23.6555 25.7714C23.7184 25.9231 23.7507 26.0858 23.7507 26.25C23.7507 26.4142 23.7184 26.5769 23.6555 26.7286C23.5926 26.8804 23.5005 27.0182 23.3844 27.1344C23.2682 27.2505 23.1304 27.3426 22.9786 27.4055C22.8269 27.4683 22.6643 27.5007 22.5 27.5007C22.3358 27.5007 22.1731 27.4683 22.0214 27.4055C21.8696 27.3426 21.7318 27.2505 21.6156 27.1344L15.3656 20.8844C15.2494 20.7683 15.1572 20.6304 15.0943 20.4787C15.0314 20.3269 14.999 20.1643 14.999 20C14.999 19.8357 15.0314 19.6731 15.0943 19.5213C15.1572 19.3696 15.2494 19.2317 15.3656 19.1156L21.6156 12.8656C21.7318 12.7495 21.8696 12.6574 22.0214 12.5945C22.1731 12.5317 22.3358 12.4993 22.5 12.4993C22.6643 12.4993 22.8269 12.5317 22.9786 12.5945C23.1304 12.6574 23.2682 12.7495 23.3844 12.8656C23.5005 12.9818 23.5926 13.1196 23.6555 13.2714C23.7184 13.4231 23.7507 13.5858 23.7507 13.75C23.7507 13.9142 23.7184 14.0769 23.6555 14.2286C23.5926 14.3804 23.5005 14.5182 23.3844 14.6344L18.0172 20L23.3844 25.3656Z\" fill=\"#B5C0CD\"><\/path><\/svg><\/button><\/div>\n<\/div>\n<\/div>\n<p><script defer>\n    document.addEventListener('DOMContentLoaded', function() {\n        const imagesCarouselSwiper = new Swiper('.carousel-swiper-block_69efad701dd8b', {\n            slidesPerView: 1,\n            spaceBetween: 20,\n            loop: true,\n            pagination: {\n                el: '.swiper-article-carousel__pagination-container-block_69efad701dd8b',\n                clickable: true,\n            },\n            navigation: {\n                nextEl: '.carousel-swiper-button-next-block_69efad701dd8b',\n                prevEl: '.carousel-swiper-button-prev-block_69efad701dd8b',\n            },\n        })\n    })\n<\/script><\/p>\n<figure class=\"wp-block-video\" id=\"animacion-3d-tipos-de-fracturas-de-la-apofisis-odontoides-segun-anderson-d-alonzo-anderson-l-d-alonzo-r-1974\"><video controls><source data-src=\"https:\/\/storage.googleapis.com\/dev_wiki_voka_io_303011\/articles\/en\/traumatology\/cervical-spine-fractures\/3-types-of-odontoid-process-fractures-by-anderson-and-dalonzo.webm\" type=\"video\/webm\"><\/source><\/video><figcaption class=\"wp-element-caption\"> Animaci\u00f3n 3D: Tipos de fracturas de la ap\u00f3fisis odontoides seg\u00fan Anderson & D\u2019Alonzo (Anderson L & D\u2019Alonzo R, 1974)<\/figcaption><\/figure>\n<p>Tambi\u00e9n existe la clasificaci\u00f3n de Grauer para las fracturas de la ap\u00f3fisis odontoides de tipo 2 seg\u00fan Anderson y D\u2019Alonzo (subtipos A, B, C), que se basa en la forma y direcci\u00f3n de la l\u00ednea de fractura y determina la estrategia de tratamiento adecuada.<\/p>\n<p>A su vez, la clasificaci\u00f3n de Roy-Camille no describe \u00fanicamente la direcci\u00f3n de desplazamiento de los fragmentos y el curso de la l\u00ednea de fractura.<\/p>\n<p>Tambi\u00e9n se ha desarrollado una clasificaci\u00f3n embriol\u00f3gica de las fracturas, que se basa, respectivamente, en los puntos de fusi\u00f3n embriol\u00f3gicos de la ap\u00f3fisis odontoides. El tipo 1 refleja la afectaci\u00f3n del cuarto superior de la ap\u00f3fisis, el tipo 2, la afectaci\u00f3n de los tres cuartos inferiores.<\/p>\n<h4 class=\"wp-block-heading\"><strong>Clasificaci\u00f3n de las fracturas del ahorcado (Levine & Edwards)<\/strong><\/h4>\n<p>Est\u00e1 dise\u00f1ada para fracturas de las partes interarticulares de la segunda v\u00e9rtebra cervical (la llamada espondilolistesis traum\u00e1tica del axis, fractura del ahorcado, fractura de Hangman) y se basa en el mecanismo de da\u00f1o.<\/p>\n<p><strong>Clasificaci\u00f3n de Levine y Edwards<\/strong><\/p>\n<figure class=\"wp-block-table table-to-cards\">\n<table>\n<thead>\n<tr>\n<th class=\"has-text-align-center\" data-align=\"center\">Tipo<\/th>\n<th class=\"has-text-align-center\" data-align=\"center\">Mecanismo<\/th>\n<th class=\"has-text-align-center\" data-align=\"center\">Descripci\u00f3n<\/th>\n<th class=\"has-text-align-center\" data-align=\"center\">Tratamiento<\/th>\n<\/tr>\n<\/thead>\n<tbody>\n<tr>\n<td class=\"has-text-align-center\" data-align=\"center\">Tipo 1<\/td>\n<td class=\"has-text-align-center\" data-align=\"center\">Compresi\u00f3n e hiperextensi\u00f3n axial<\/td>\n<td class=\"has-text-align-center\" data-align=\"center\">Desplazamiento horizontal de los fragmentos > 3\u00a0mm, sin desplazamientos angulares, disco intervertebral C2\u2013C3 intacto. Pertenece a fracturas estables<\/td>\n<td class=\"has-text-align-center\" data-align=\"center\">Conservador (collar\u00edn r\u00edgido de 4 a 6\u00a0semanas)<\/td>\n<\/tr>\n<tr>\n<td class=\"has-text-align-center\" data-align=\"center\">Tipo\u00a02<\/td>\n<td class=\"has-text-align-center\" data-align=\"center\">Hiperextensi\u00f3n y carga axial seguida de flexi\u00f3n<\/td>\n<td class=\"has-text-align-center\" data-align=\"center\">Desplazamiento horizontal de los fragmentos > 3\u00a0mm, desplazamiento angular hasta 10\u00b0, l\u00ednea de fractura vertical, disco intervertebral C2\u2013C3 da\u00f1ado, ligamento longitudinal posterior da\u00f1ado. Pertenece a fracturas inestables<\/td>\n<td class=\"has-text-align-center\" data-align=\"center\">Si el desplazamiento es menor de 5\u00a0mm, se realiza reducci\u00f3n con tracci\u00f3n, luego inmovilizaci\u00f3n en un aparato Halo (6 a 12\u00a0semanas). Si el desplazamiento es mayor a 5\u00a0mm, se requiere tratamiento quir\u00fargico<\/td>\n<\/tr>\n<tr>\n<td class=\"has-text-align-center\" data-align=\"center\">Tipo\u00a02a<\/td>\n<td class=\"has-text-align-center\" data-align=\"center\">Flexi\u00f3n y distracci\u00f3n<\/td>\n<td class=\"has-text-align-center\" data-align=\"center\">Sin desplazamiento horizontal de los fragmentos, desplazamiento angular significativo (> 11\u00b0) de fragmentos, l\u00ednea de fractura horizontal<\/td>\n<td class=\"has-text-align-center\" data-align=\"center\">La tracci\u00f3n est\u00e1 contraindicada. El reposicionamiento se logra mediante una carga axial ligera e hiperextensi\u00f3n seguida de inmovilizaci\u00f3n en un aparato Halo (6 a 12\u00a0semanas)<\/td>\n<\/tr>\n<tr>\n<td class=\"has-text-align-center\" data-align=\"center\">Tipo\u00a03<\/td>\n<td class=\"has-text-align-center\" data-align=\"center\">Flexi\u00f3n y extensi\u00f3n seguidas de hiperextensi\u00f3n<\/td>\n<td class=\"has-text-align-center\" data-align=\"center\">Fractura de tipo 1 con luxaci\u00f3n bilateral concomitante en la articulaci\u00f3n intervertebral C2\u2013C3<\/td>\n<td class=\"has-text-align-center\" data-align=\"center\">Quir\u00fargico<\/td>\n<\/tr>\n<\/tbody>\n<\/table>\n<\/figure>\n<h3 class=\"wp-block-heading\" id=\"presentacion-clinica\"><strong>Presentaci\u00f3n cl\u00ednica<\/strong><\/h3>\n<ol class=\"wp-block-list\">\n<li><strong>Dolor severo en el cuello<\/strong>: localizado en la columna cervical superior, que se intensifica con el movimiento.<\/li>\n<li><strong>Disminuci\u00f3n del rango de movimiento en el cuello<\/strong>.<\/li>\n<li><strong>Cefalea occipital<\/strong>: puede ocurrir debido a dolor referido.<\/li>\n<li><strong>S\u00edntomas neurol\u00f3gicos<\/strong>: poco frecuentes, pero pueden incluir entumecimiento, debilidad o incluso cuadriplejia en lesiones graves.<\/li>\n<li><strong>Dificultad para respirar y tragar<\/strong>: puede observarse durante la formaci\u00f3n de un gran <span class=\"glossary-term\" data-title=\"Hematoma\" data-tooltip=\"Un hematoma es una acumulaci\u00f3n localizada de sangre en los tejidos, que se origina por la ruptura de los vasos sangu\u00edneos a causa de un traumatismo o un trastorno de la coagulaci\u00f3n. La sangre extravasada forma una cavidad llena de sangre en estado l\u00edquido o coagulado.\" data-link=\"https:\/\/wiki.dev.voka.io\/es\/glosario\/hematoma\/\">hematoma<\/span> retrofar\u00edngeo.<\/li>\n<\/ol>\n<h3 class=\"wp-block-heading\" id=\"diagnostico\"><strong>Diagn\u00f3stico<\/strong><\/h3>\n<p>El diagn\u00f3stico se basa en la evaluaci\u00f3n cl\u00ednica y m\u00e9todos de examen radiol\u00f3gico.<\/p>\n<h4 class=\"wp-block-heading\" id=\"h-\u043a\u043b\u0438\u043d\u0438\u0447\u0435\u0441\u043a\u0430\u044f-\u043e\u0446\u0435\u043d\u043a\u0430-0\"><strong>Evaluaci\u00f3n cl\u00ednica:<\/strong><\/h4>\n<ol class=\"wp-block-list\">\n<li><strong>Historia<\/strong>: lesi\u00f3n reciente en el cuello, tipo de impacto, trastornos neurol\u00f3gicos.<\/li>\n<li><strong>Exploraci\u00f3n<\/strong>: dolor de cuello, sensibilidad a la palpaci\u00f3n, movilidad limitada, posibles trastornos neurol\u00f3gicos que incluyen debilidad de las extremidades, entumecimiento o trastornos respiratorios.<\/li>\n<\/ol>\n<h4 class=\"wp-block-heading\" id=\"h-\u043b\u0443\u0447\u0435\u0432\u0430\u044f-\u0434\u0438\u0430\u0433\u043d\u043e\u0441\u0442\u0438\u043a\u0430\"><strong>Diagn\u00f3stico por radiaci\u00f3n:<\/strong><\/h4>\n<ol class=\"wp-block-list\">\n<li><strong>Radiograf\u00eda<\/strong>: la proyecci\u00f3n anteroposterior est\u00e1ndar, la proyecci\u00f3n lateral y las proyecciones con la boca abierta (m\u00e1s fiables) permiten detectar una fractura de la ap\u00f3fisis odontoides. Las radiograf\u00edas funcionales (flexi\u00f3n y extensi\u00f3n) son necesarias como parte del diagn\u00f3stico de la inestabilidad occipitocervical (atlantooccipital).<\/li>\n<li><strong>TC (tomograf\u00eda computarizada)<\/strong>: el est\u00e1ndar de oro para el diagn\u00f3stico; proporciona una visualizaci\u00f3n detallada de la morfolog\u00eda de la fractura y la direcci\u00f3n del desplazamiento.<\/li>\n<li><strong>Resonancia magn\u00e9tica (RM)<\/strong>: es necesaria si hay d\u00e9ficit neurol\u00f3gico.<\/li>\n<\/ol>\n<h3 class=\"wp-block-heading\" id=\"tratamiento-de-la-fractura-de-la-segunda-vertebra-cervical\"><strong>Tratamiento de la fractura de la segunda v\u00e9rtebra cervical<\/strong><\/h3>\n<h4 class=\"wp-block-heading\"><strong>Tratamiento no quir\u00fargico<\/strong><\/h4>\n<p><strong>Indicaciones<\/strong>: en caso de fracturas sin desplazamiento y ausencia de signos de compresi\u00f3n de la m\u00e9dula espinal y neurolog\u00eda progresiva. Tambi\u00e9n para pacientes que por una u otra raz\u00f3n no pueden ser intervenidos quir\u00fargicamente.<\/p>\n<p><strong>T\u00e9cnica:<\/strong><\/p>\n<ol class=\"wp-block-list\">\n<li><strong>Collar\u00edn cervical r\u00edgido<\/strong>: se utiliza con mayor frecuencia para fracturas de la ap\u00f3fisis odontoides de tipos 1 y 3 sin desplazamiento o con desplazamiento m\u00ednimo, as\u00ed como para espondilolistesis traum\u00e1tica de tipo 1.<\/li>\n<li><strong>Inmovilizaci\u00f3n con el aparato Halo<\/strong>: proporciona m\u00e1xima estabilizaci\u00f3n externa, lo cual suele ser necesario para algunas fracturas de la ap\u00f3fisis odontoides de tipo 2 y algunas espondilolistesis traum\u00e1ticas.<\/li>\n<\/ol>\n<p>Muchas fracturas de la segunda v\u00e9rtebra cervical pueden tratarse de forma conservadora, especialmente si son estables y no presentan d\u00e9ficits neurol\u00f3gicos. La mayor\u00eda de los pacientes se recuperan con una inmovilizaci\u00f3n adecuada: una ortesis externa o sistema Halo permite una consolidaci\u00f3n del 100% en fracturas de tipo 1 y del 85\u2013100% en fracturas de tipo 3. En las fracturas de tipo 2 la consolidaci\u00f3n de la fractura alcanza el 57%, pero esta tasa disminuye significativamente entre los pacientes de mayor edad.<\/p>\n<h4 class=\"wp-block-heading\"><strong>Tratamiento quir\u00fargico<\/strong><\/h4>\n<p><strong>Indicaciones<\/strong>: en caso de inestabilidad, desplazamiento, pseudoartrosis, d\u00e9ficit neurol\u00f3gico o politraumatismos.<\/p>\n<p><strong>T\u00e9cnica:<\/strong><\/p>\n<ol class=\"wp-block-list\">\n<li><strong>Fijaci\u00f3n de la ap\u00f3fisis odontoides con tornillos<\/strong>: fijaci\u00f3n interna para fracturas desplazadas de la ap\u00f3fisis odontoides de tipo 2, especialmente en pacientes j\u00f3venes. La curaci\u00f3n de la fractura se consigue en el 90% de los casos. <\/li>\n<li><strong>Fusi\u00f3n posterior C1\u2013C2<\/strong>: para fracturas con inestabilidad, fracturas conminutas o fracaso del tratamiento conservador. El nivel de curaci\u00f3n de la fractura es bastante alto, pero la t\u00e9cnica quir\u00fargica juega un papel importante.<\/li>\n<\/ol>\n<p>La cirug\u00eda a menudo proporciona una buena estabilizaci\u00f3n y resultados neurol\u00f3gicos, pero se asocia con riesgos quir\u00fargicos y una rehabilitaci\u00f3n m\u00e1s prolongada.<\/p>\n<h2 class=\"wp-block-heading\" id=\"pronostico-y-resultados-del-tratamiento\"><strong>Pron\u00f3stico y resultados del tratamiento<\/strong><\/h2>\n<p>Los factores pron\u00f3sticos clave para las fracturas de la primera y segunda v\u00e9rtebras cervicales son la integridad del aparato ligamentoso, el desplazamiento y la angulaci\u00f3n de la fractura, el momento y la eficacia de la estabilizaci\u00f3n de la fractura y la calidad del tejido \u00f3seo del paciente. La rehabilitaci\u00f3n sistem\u00e1tica y consciente juega un papel importante en el pron\u00f3stico del resultado.<\/p>\n<h3 class=\"wp-block-heading\" id=\"pronostico-de-la-fractura-de-c1\"><strong>Pron\u00f3stico de la fractura de C1<\/strong><\/h3>\n<ul class=\"wp-block-list\">\n<li><strong>Fractura aislada del arco anterior:<\/strong> el pron\u00f3stico es favorable debido a la estabilidad de esta fractura y a la rareza de complicaciones neurol\u00f3gicas. <\/li>\n<li><strong>Fractura aislada del arco posterior:<\/strong> el pron\u00f3stico es id\u00e9ntico al de la fractura del arco anterior, ya que la fractura es estable y las complicaciones neurol\u00f3gicas son extremadamente raras. <\/li>\n<li><strong>Lesi\u00f3n simult\u00e1nea de los arcos anterior y posterior:<\/strong> el pron\u00f3stico es menos favorable y depende de la integridad del ligamento transverso. Si el ligamento transverso es intacto (Gehweiler tipo 3A), la fractura es relativamente estable y el pron\u00f3stico es relativamente favorable. Cualquier tipo de da\u00f1o al ligamento transverso conlleva el riesgo de desarrollar inestabilidad cr\u00f3nica y rango limitado de movimiento en la columna cervical despu\u00e9s de la consolidaci\u00f3n de la fractura. <\/li>\n<li><strong>Fractura de masa lateral:<\/strong> el pron\u00f3stico tambi\u00e9n depende de la afectaci\u00f3n del aparato ligamentoso. Con un ligamento transverso intacto y una inmovilizaci\u00f3n estable del segmento, el pron\u00f3stico es favorable. Sin embargo, si el aparato ligamentoso est\u00e1 da\u00f1ado, existe el riesgo de desarrollar inestabilidad segmentaria, que en algunos casos requiere espondilodesis. <\/li>\n<li><strong>Fractura aislada del proceso transverso:<\/strong> el pron\u00f3stico es favorable, pero se requiere evaluaci\u00f3n del estado de las estructuras vasculares adyacentes. <\/li>\n<\/ul>\n<h3 class=\"wp-block-heading\" id=\"pronostico-de-la-fractura-de-c2\"><strong>Pron\u00f3stico de la fractura de C2<\/strong><\/h3>\n<ul class=\"wp-block-list\">\n<li><strong>Fracturas del v\u00e9rtice de la ap\u00f3fisis odontoides:<\/strong> tienen un pron\u00f3stico favorable debido al alto nivel de fusi\u00f3n de la propia fractura, la estabilidad de la fractura y el raro desarrollo de complicaciones neurol\u00f3gicas.<\/li>\n<li><strong>Fractura de la base de la ap\u00f3fisis odontoides<\/strong>: se acompa\u00f1a de un alto riesgo de no uni\u00f3n de la fractura debido a las caracter\u00edsticas anat\u00f3micas del suministro de sangre; la curaci\u00f3n de la fractura se consigue en el 50% de los casos con tratamiento conservador. La fusi\u00f3n incorrecta y el s\u00edndrome de dolor cr\u00f3nico son posibles consecuencias de este tipo de fractura. Por tanto, el pron\u00f3stico de una fractura de la base de la ap\u00f3fisis odontoides es menos favorable. <\/li>\n<li>Las <strong>fracturas de tipo 3<\/strong> (seg\u00fan la clasificaci\u00f3n de Anderson y D\u2019Alonzo): tienen un buen pron\u00f3stico, ya que la l\u00ednea de fractura pasa por el hueso esponjoso bien vascularizado del cuerpo vertebral, y adem\u00e1s son m\u00e1s estables en comparaci\u00f3n con las fracturas de tipo 2. La curaci\u00f3n de la fractura se consigue en el 85\u201390% de los casos. <\/li>\n<li>El <strong>pron\u00f3stico despu\u00e9s de una espondilolistesis traum\u00e1tica<\/strong>\u00a0<strong>(fractura del ahorcado)<\/strong> depende del tipo de fractura, es decir, de la estabilidad de fractura. As\u00ed, las fracturas estables tienen un pron\u00f3stico favorable, mientras que las inestables requieren tratamiento quir\u00fargico, aumentando as\u00ed el riesgo de complicaciones. Las complicaciones neurol\u00f3gicas con tales fracturas son raras debido al hecho de que el canal espinal se ensancha. La curaci\u00f3n de la fractura se consigue en el 90% de los casos. El s\u00edndrome de dolor cr\u00f3nico generalmente se desarrolla debido a un diagn\u00f3stico incorrecto, un tratamiento retrasado y tambi\u00e9n debido a la falta de uni\u00f3n de la fractura.<\/li>\n<\/ul>\n<div class=\"social-banner-block\">\n<div class=\"social-banner-content\">\n<p class=\"h5-title text-black\">Encuentra m\u00e1s contenido cient\u00edficamente preciso en nuestras redes sociales<\/p>\n<p><span class=\"social-banner-text text-grey\">Suscr\u00edbete y no te pierdas los \u00faltimos recursos<\/span><\/p>\n<div class=\"social-links-wrapper\"><a class=\"social-icon-link\" href=\"https:\/\/www.facebook.com\/VOKA3DAnatomyAndPathology\/\" target=\"_blank\" rel=\"nofollow noopener\"><img decoding=\"async\" src=\"https:\/\/storage.googleapis.com\/dev_wiki_voka_io_303011\/common\/Social%20Icons\/facebook.svg\" alt=\"social link\"><\/a><a class=\"social-icon-link\" href=\"https:\/\/www.instagram.com\/voka.io\/\" target=\"_blank\" rel=\"nofollow noopener\"><img decoding=\"async\" src=\"https:\/\/storage.googleapis.com\/dev_wiki_voka_io_303011\/common\/Social%20Icons\/insta.svg\" alt=\"social link\"><\/a><a class=\"social-icon-link\" href=\"https:\/\/www.linkedin.com\/company\/voka-io\/posts\/?feedView=all\" target=\"_blank\" rel=\"nofollow noopener\"><img decoding=\"async\" src=\"https:\/\/storage.googleapis.com\/dev_wiki_voka_io_303011\/common\/Social%20Icons\/linkedin.svg\" alt=\"social link\"><\/a><a class=\"social-icon-link\" href=\"https:\/\/www.youtube.com\/@vokaio\" target=\"_blank\" rel=\"nofollow noopener\"><img decoding=\"async\" src=\"https:\/\/storage.googleapis.com\/dev_wiki_voka_io_303011\/common\/Social%20Icons\/youtube.svg\" alt=\"social link\"><\/a><a class=\"social-icon-link\" href=\"https:\/\/www.pinterest.com\/voka3danatomyandpathology\/\" target=\"_blank\" rel=\"nofollow noopener\"><img decoding=\"async\" src=\"https:\/\/storage.googleapis.com\/dev_wiki_voka_io_303011\/common\/Social%20Icons\/pinterest.svg\" alt=\"social link\"><\/a><a class=\"social-icon-link\" href=\"https:\/\/www.tiktok.com\/@voka.io\" target=\"_blank\" rel=\"nofollow noopener\"><img decoding=\"async\" src=\"https:\/\/storage.googleapis.com\/dev_wiki_voka_io_303011\/common\/Social%20Icons\/tiktok.svg\" alt=\"social link\"><\/a><a class=\"social-icon-link\" href=\"https:\/\/discord.gg\/7ejUpq8DRR\" target=\"_blank\" rel=\"nofollow noopener\"><img decoding=\"async\" src=\"https:\/\/storage.googleapis.com\/dev_wiki_voka_io_303011\/common\/Social%20Icons\/discord.svg\" alt=\"social link\"><\/a><\/div>\n<\/div>\n<p><img decoding=\"async\" class=\"social-banner-image\" loading=\"lazy\" src=\"https:\/\/storage.googleapis.com\/dev_wiki_voka_io_303011\/common\/social-media-banner-mobile-image.webp\" alt=\"Banner background\"><\/div>\n<h2 class=\"wp-block-heading\" id=\"protocolo-de-rehabilitacion\"><strong>Protocolo de rehabilitaci\u00f3n<\/strong><\/h2>\n<p>La rehabilitaci\u00f3n es una etapa clave del tratamiento. Se divide en fases dependiendo de la estabilidad de la fractura.<\/p>\n<p>Si durante la rehabilitaci\u00f3n aparecen nuevos s\u00edntomas neurol\u00f3gicos o los existentes empeoran, si la temperatura corporal aumenta por encima del nivel fisiol\u00f3gico o si siente dificultad para respirar o tragar, es necesario buscar ayuda m\u00e9dica inmediatamente.<\/p>\n<h3 class=\"wp-block-heading\" id=\"rehabilitacion-tras-una-fractura-de-c1\"><strong>Rehabilitaci\u00f3n tras una fractura de C1<\/strong><\/h3>\n<p><strong>Para fracturas estables (tratamiento conservador):<\/strong><\/p>\n<ul class=\"wp-block-list\">\n<li><strong>Fase 1 (inmovilizaci\u00f3n, 0 a 6 semanas):<\/strong> fijaci\u00f3n estable (\u00f3rtesis\/aparato Halo). La carga y movimiento en la columna cervical est\u00e1n estrictamente limitados. Se permiten ejercicios isom\u00e9tricos en segmentos y extremidades no afectados, as\u00ed como ejercicios de respiraci\u00f3n.<\/li>\n<li><strong>Fase 2 (movilizaci\u00f3n temprana, 6 a 12 semanas):<\/strong> despu\u00e9s de la confirmaci\u00f3n radiogr\u00e1fica de la uni\u00f3n de la fractura. Ejercicios destinados a restaurar la amplitud y la fuerza del movimiento. El aumento de la carga y el rango de movimiento debe ocurrir gradualmente, dentro de un rango indoloro. Es aconsejable comenzar con movimientos de flexi\u00f3n y extensi\u00f3n, seguido de una transici\u00f3n a ejercicios de rotaci\u00f3n y flexi\u00f3n lateral. <\/li>\n<li><strong>Fase 3 (recuperaci\u00f3n funcional, 12+ semanas):<\/strong> reanudaci\u00f3n de actividades cotidianas sin restricciones. Se deben evitar los deportes de contacto y las cargas axiales de impacto. Son aceptables los ejercicios cardiovasculares, la nataci\u00f3n y los ejercicios destinados a aumentar el rango de movimiento y fortalecer progresivamente los m\u00fasculos de las regiones cervical y tor\u00e1cica superior.<\/li>\n<\/ul>\n<p>En caso de s\u00edntomas neurol\u00f3gicos negativos o de nueva aparici\u00f3n, as\u00ed como en caso de consolidaci\u00f3n tard\u00eda de la fractura, la duraci\u00f3n de cada fase se determina por el m\u00e9dico tratante.<\/p>\n<p><strong>Para fracturas inestables (despu\u00e9s de la cirug\u00eda):<\/strong><\/p>\n<ul class=\"wp-block-list\">\n<li><strong>0\u20136 semanas:<\/strong> protecci\u00f3n de la estructura met\u00e1lica (\u00f3rtesis\/aparato Halo). Se recomiendan ejercicios de respiraci\u00f3n, entrenamiento de movilidad en la cama y entrenamiento de la marcha con inmovilizaci\u00f3n. <\/li>\n<li><strong>6 a 12+ meses:<\/strong> reinserci\u00f3n laboral, actividad f\u00edsica progresiva y entrenamiento de las habilidades espec\u00edficas.<\/li>\n<li><strong>6\u201312 semanas:<\/strong> movilizaci\u00f3n protegida, fortalecimiento de los m\u00fasculos de la espalda y las extremidades para permitir el movimiento independiente y la realizaci\u00f3n de actividades diarias de forma independiente. <\/li>\n<li><strong>12\u201324 semanas:<\/strong> restauraci\u00f3n del rango de movimiento (teniendo en cuenta las limitaciones de la estructura). Los ejercicios est\u00e1n destinados a fortalecer los m\u00fasculos del core y la pared abdominal anterior. Se permite montar en bicicleta. <\/li>\n<\/ul>\n<h3 class=\"wp-block-heading\" id=\"rehabilitacion-tras-una-fractura-de-la-segunda-vertebra-cervical\"><strong>Rehabilitaci\u00f3n tras una fractura de la segunda v\u00e9rtebra cervical<\/strong><\/h3>\n<p><strong>Protocolo de rehabilitaci\u00f3n para fracturas estables<\/strong><\/p>\n<figure class=\"wp-block-table table-to-cards\">\n<table>\n<thead>\n<tr>\n<th class=\"has-text-align-center\" data-align=\"center\">Fase<\/th>\n<th class=\"has-text-align-center\" data-align=\"center\">Precauciones<\/th>\n<th class=\"has-text-align-center\" data-align=\"center\">Protocolo<\/th>\n<\/tr>\n<\/thead>\n<tbody>\n<tr>\n<td class=\"has-text-align-center\" data-align=\"center\">Inmovilizaci\u00f3n (0\u20136\/8\u00a0semanas)<\/td>\n<td class=\"has-text-align-center\" data-align=\"center\">Inmovilizaci\u00f3n en la ortesis cervical, el sistema Halo<\/td>\n<td class=\"has-text-align-center\" data-align=\"center\">Ejercicios de respiraci\u00f3n, movimientos activos de las extremidades. Movilizaci\u00f3n dentro de la cama. Verticalizaci\u00f3n seg\u00fan tolerancia<\/td>\n<\/tr>\n<tr>\n<td class=\"has-text-align-center\" data-align=\"center\">Movilizaci\u00f3n (6\u201312\u00a0semanas)<\/td>\n<td class=\"has-text-align-center\" data-align=\"center\">Retirada gradual del collar\u00edn cervical<\/td>\n<td class=\"has-text-align-center\" data-align=\"center\">Movimiento de la columna cervical dentro de un rango indoloro. Fortalecimiento de los m\u00fasculos pectorales superiores y los m\u00fasculos del cuello. Entrenamiento del equilibrio y propiocepci\u00f3n<\/td>\n<\/tr>\n<tr>\n<td class=\"has-text-align-center\" data-align=\"center\">Recuperaci\u00f3n funcional (12+ semanas)<\/td>\n<td class=\"has-text-align-center\" data-align=\"center\">Evitar cargas de alta intensidad hasta que la fractura est\u00e9 completamente consolidada<\/td>\n<td class=\"has-text-align-center\" data-align=\"center\">Aumento del rango de movimiento en el segmento da\u00f1ado. Retorno a las actividades cotidianas, reinserci\u00f3n laboral, entrenamiento de las habilidades espec\u00edficas requeridas<\/td>\n<\/tr>\n<\/tbody>\n<\/table>\n<\/figure>\n<p><strong>Protocolo de rehabilitaci\u00f3n para fracturas inestables de la segunda v\u00e9rtebra cervical que requieren tratamiento quir\u00fargico<\/strong><\/p>\n<figure class=\"wp-block-table table-to-cards\">\n<table>\n<thead>\n<tr>\n<th class=\"has-text-align-center\" data-align=\"center\">Fase<\/th>\n<th class=\"has-text-align-center\" data-align=\"center\">Precauciones<\/th>\n<th class=\"has-text-align-center\" data-align=\"center\">Protocolo<\/th>\n<\/tr>\n<\/thead>\n<tbody>\n<tr>\n<td class=\"has-text-align-center\" data-align=\"center\">Periodo postoperatorio temprano (0\u20136\u00a0semanas)<\/td>\n<td class=\"has-text-align-center\" data-align=\"center\">Inmovilizaci\u00f3n del segmento operado con la exclusi\u00f3n de movimientos<\/td>\n<td class=\"has-text-align-center\" data-align=\"center\">Ejercicios de respiraci\u00f3n. Movimientos activos de las extremidades. Movilizaci\u00f3n dentro de la cama. Verticalizaci\u00f3n seg\u00fan tolerancia<\/td>\n<\/tr>\n<tr>\n<td class=\"has-text-align-center\" data-align=\"center\">Movilizaci\u00f3n temprana (6\u201312\u00a0semanas)<\/td>\n<td class=\"has-text-align-center\" data-align=\"center\">Terminaci\u00f3n de la inmovilizaci\u00f3n tras la confirmaci\u00f3n radiogr\u00e1fica de la din\u00e1mica positiva de la consolidaci\u00f3n de la fractura<\/td>\n<td class=\"has-text-align-center\" data-align=\"center\">Fortalecimiento de los m\u00fasculos paraespinales y los m\u00fasculos de las extremidades. Aumento del rango de movimiento, si la estructura instalada lo permite. Ejercicios destinados a restablecer el equilibrio y la postura<\/td>\n<\/tr>\n<tr>\n<td class=\"has-text-align-center\" data-align=\"center\">Recuperaci\u00f3n funcional (12+ semanas)<\/td>\n<td class=\"has-text-align-center\" data-align=\"center\">Limitaci\u00f3n del rango de movimiento y cargas dependiendo del tipo de fusi\u00f3n<\/td>\n<td class=\"has-text-align-center\" data-align=\"center\">Fortalecimiento progresivo de los m\u00fasculos de la regi\u00f3n cervical y tor\u00e1cica superior. Entrenamiento aer\u00f3bico. Retorno a las actividades cotidianas. Reinserci\u00f3n laboral<\/td>\n<\/tr>\n<\/tbody>\n<\/table>\n<\/figure>\n<p>Dependiendo del tipo de intervenci\u00f3n quir\u00fargica, la estructura instalada puede limitar el movimiento en el segmento operado. La fijaci\u00f3n de la ap\u00f3fisis odontoides con tornillos permite mantener la rotaci\u00f3n en el segmento operado. A su vez, la espondilodesis posterior de C1\u2013C2 conduce a la p\u00e9rdida de rotaci\u00f3n en el segmento. La espondilodesis occipitocervical produce serias limitaciones en el contexto de la movilidad del segmento operado.<\/p>\n<div>\n<h2 class=\"faq-title h2-article\" id=\"faq\">FAQ<\/h2>\n<div class=\"faq-section\">\n<div class=\"faq-item faq-answer-hidden\">\n<div class=\"question-block\">\n<div class=\"faq-question\">\n<p class=\" text-black h5-title\">1. \u00bfQu\u00e9 es una fractura de Jefferson?<\/p>\n<\/div>\n<div class=\"faq-answer text-main-text-color main-text-medium\">Se trata de una fractura por estallido de la primera v\u00e9rtebra cervical (atlas), en la que se rompen tanto el arco anterior como el posterior. Se produce con una fuerte carga axial (por ejemplo, un golpe en la cabeza).<\/div>\n<\/div>\n<div class=\"expand-button-wrapper\"><button class=\"text-accent expand-button\">+<\/button><\/div>\n<\/div>\n<div class=\"faq-item faq-answer-hidden\">\n<div class=\"question-block\">\n<div class=\"faq-question\">\n<p class=\" text-black h5-title\">2. \u00bfQu\u00e9 tan peligrosa es una fractura vertebral cervical y es mortal? <\/p>\n<\/div>\n<div class=\"faq-answer text-main-text-color main-text-medium\">Las lesiones de la columna cervical superior (C1\u2013C2) son realmente peligrosas debido a la proximidad del tronco encef\u00e1lico y los centros respiratorios. Las lesiones graves pueden provocar la muerte. Sin embargo, muchas fracturas aisladas ocurren sin d\u00e9ficit neurol\u00f3gico y se tratan con \u00e9xito.<\/div>\n<\/div>\n<div class=\"expand-button-wrapper\"><button class=\"text-accent expand-button\">+<\/button><\/div>\n<\/div>\n<div class=\"faq-item faq-answer-hidden\">\n<div class=\"question-block\">\n<div class=\"faq-question\">\n<p class=\" text-black h5-title\">3. \u00bfQu\u00e9 es un aparato Halo?<\/p>\n<\/div>\n<div class=\"faq-answer text-main-text-color main-text-medium\">Es una estructura met\u00e1lica que se fija al cr\u00e1neo con tornillos y se conecta a un chaleco en el pecho. Proporciona la fijaci\u00f3n m\u00e1s r\u00edgida del cuello, permitiendo tratar fracturas complejas sin cirug\u00eda.<\/div>\n<\/div>\n<div class=\"expand-button-wrapper\"><button class=\"text-accent expand-button\">+<\/button><\/div>\n<\/div>\n<div class=\"faq-item faq-answer-hidden\">\n<div class=\"question-block\">\n<div class=\"faq-question\">\n<p class=\" text-black h5-title\">4. \u00bfPuede pasar desapercibida una fractura de cuello? <\/p>\n<\/div>\n<div class=\"faq-answer text-main-text-color main-text-medium\">S\u00ed, especialmente en pacientes mayores con osteoporosis. A veces, una fractura (por ejemplo, de la ap\u00f3fisis odontoides) provoca solo un dolor moderado, que se confunde con un hematoma o una exacerbaci\u00f3n de la osteocondrosis. Por lo tanto, despu\u00e9s de cualquier lesi\u00f3n en la cabeza o el cuello en personas mayores, es necesario realizar un diagn\u00f3stico (TC o radiograf\u00eda).<\/div>\n<\/div>\n<div class=\"expand-button-wrapper\"><button class=\"text-accent expand-button\">+<\/button><\/div>\n<\/div>\n<div class=\"faq-item faq-answer-hidden\">\n<div class=\"question-block\">\n<div class=\"faq-question\">\n<p class=\" text-black h5-title\">5. \u00bfCu\u00e1les son las posibles consecuencias de una fractura de la segunda v\u00e9rtebra cervical?<\/p>\n<\/div>\n<div class=\"faq-answer text-main-text-color main-text-medium\">Las consecuencias dependen del tipo de fractura. Son posibles la recuperaci\u00f3n completa, la rotaci\u00f3n limitada de la cabeza (despu\u00e9s de la espondilodesis), el dolor cr\u00f3nico o los trastornos neurol\u00f3gicos (par\u00e1lisis).<\/div>\n<\/div>\n<div class=\"expand-button-wrapper\"><button class=\"text-accent expand-button\">+<\/button><\/div>\n<\/div>\n<div class=\"faq-item faq-answer-hidden\">\n<div class=\"question-block\">\n<div class=\"faq-question\">\n<p class=\" text-black h5-title\">6. \u00bfEs necesaria la cirug\u00eda en una fractura de la ap\u00f3fisis odontoides?<\/p>\n<\/div>\n<div class=\"faq-answer text-main-text-color main-text-medium\">La cirug\u00eda suele ser necesaria para las fracturas de tipo 2 (base de la ap\u00f3fisis odontoides), ya que se curan mal con el tratamiento conservador. Las fracturas del v\u00e9rtice (tipo 1) y del cuerpo (tipo 3) generalmente se tratan de forma no operatoria.<\/div>\n<\/div>\n<div class=\"expand-button-wrapper\"><button class=\"text-accent expand-button\">+<\/button><\/div>\n<\/div>\n<\/div>\n<\/div>\n<div class=\"sources-list-block sources-list-hidden\" id=\"bibliografia\">\n<div class=\"sources-list-content\">\n<div class=\"sources-list-title\">\n<p class=\"small-text-bold text-black sources-list-title-text\">Bibliograf\u00eda<\/p>\n<div class=\"sources-expand-button-wrapper-mobile\">\n<div class=\"sources-expand-button\"><svg width=\"32\" height=\"32\" viewbox=\"0 0 32 32\" fill=\"none\" xmlns=\"http:\/\/www.w3.org\/2000\/svg\"><path d=\"M8 12L16 20L24 12\" stroke=\"#8C9AAB\" stroke-width=\"2\" stroke-linecap=\"round\" stroke-linejoin=\"round\"><\/path><\/svg><\/div>\n<\/div>\n<\/div>\n<div class=\"sources-list-items\">\n<div class=\"source-item\">\n<p class=\"main-text-semibold text-black\">1.<\/p>\n<div class=\"source-item-content\">\n<p class=\"main-text-semibold text-black\"><cite>VOKA 3D Anatomy & Pathology \u2013 Complete Anatomy and Pathology 3D Atlas [Internet]. VOKA 3D Anatomy & Pathology. <\/cite><\/p>\n<p><span class=\"small-text-medium text-grey\">Disponible en: https:\/\/catalog.voka.io\/<\/span><\/div>\n<\/div>\n<div class=\"source-item\">\n<p class=\"main-text-semibold text-black\">2.<\/p>\n<div class=\"source-item-content\">\n<p class=\"main-text-semibold text-black\"><cite>Meyer C, Eysel P, Stein G. (2019). Traumatic Atlantoaxial and Fracture-Related Dislocation [Luxaci\u00f3n atlantoaxial traum\u00e1tica y relacionada con fractura]. Biomed Res Int. 18 de marzo de 2019;2019:5297950.<\/cite><\/p>\n<\/div>\n<\/div>\n<div class=\"source-item\">\n<p class=\"main-text-semibold text-black\">3.<\/p>\n<div class=\"source-item-content\">\n<p class=\"main-text-semibold text-black\"><cite>Chan KS, Shlobin NA, Dahdaleh NS. (2022). Diagnosis and management of isolated C1 fractures: A systematic review [Diagn\u00f3stico y tratamiento de las fracturas aisladas de C1: una revisi\u00f3n sistem\u00e1tica]. J Craniovertebr Junction Spine. Julio-septiembre de 2022;13(3):233-244.<\/cite><\/p>\n<\/div>\n<\/div>\n<div class=\"source-item\">\n<p class=\"main-text-semibold text-black\">4.<\/p>\n<div class=\"source-item-content\">\n<p class=\"main-text-semibold text-black\"><cite>Shin JW, Suk KS, Kim HS, Yang JH, Kwon JW, Lee HM, Moon SH, Lee BH, Park SJ, Park SR, Kim SK. (2022). Direct Internal Fixation for Unstable Atlas Fractures [Fijaci\u00f3n interna directa para fracturas inestables del atlas]. Yonsei Med J. Marzo de 2022;63(3):265-271.<\/cite><\/p>\n<\/div>\n<\/div>\n<div class=\"source-item\">\n<p class=\"main-text-semibold text-black\">5.<\/p>\n<div class=\"source-item-content\">\n<p class=\"main-text-semibold text-black\"><cite>Tu Q, Chen H, Li Z, Chen Y, Xu A, Zhu C, Huang X, Ma X, Wang J, Zhang K, Yin Q, Xu J, Xia H. (2021). Anterior reduction and C1-ring osteosynthesis with Jefferson-fracture reduction plate (JeRP) via transoral approach for unstable atlas fractures [Reducci\u00f3n anterior y osteos\u00edntesis del anillo C1 con placa de reducci\u00f3n para fracturas de Jefferson (JeRP) mediante abordaje transoral para fracturas inestables del atlas]. BMC Musculoskelet Disord. 30 de agosto de 2021;22(1):745.<\/cite><\/p>\n<\/div>\n<\/div>\n<div class=\"source-item\">\n<p class=\"main-text-semibold text-black\">6.<\/p>\n<div class=\"source-item-content\">\n<p class=\"main-text-semibold text-black\"><cite>Shin JJ, Kim KR, Shin J, Kang J, Lee HJ, Kim TW, Hong JT, Kim SW, Ha Y. (2022). Surgical Versus Conservative Management for Treating Unstable Atlas Fractures: A Multicenter Study [Tratamiento quir\u00fargico versus conservador para fracturas inestables del atlas: un estudio multic\u00e9ntrico]. Neurospine. Diciembre de 2022; 19(4):1013-1025.<\/cite><\/p>\n<\/div>\n<\/div>\n<div class=\"source-item\">\n<p class=\"main-text-semibold text-black\">7.<\/p>\n<div class=\"source-item-content\">\n<p class=\"main-text-semibold text-black\"><cite>Mathkour M, Cardona JJ, Chaiyamoon A, Glynn RM, Jenkins S, Graham RA, Johal J, Gardner B, Iwanaga J, Dumont AS, Tubbs RS (2022). Classifications of Odontoid Process Fractures: A Systematic Review and Proposal of a New Simplified Classification System Based on Embryology [Clasificaciones de las fracturas de la ap\u00f3fisis odontoides: una revisi\u00f3n sistem\u00e1tica y propuesta de un nuevo sistema de clasificaci\u00f3n simplificado basado en la embriolog\u00eda]. Cureus. 14 de diciembre de 2022;14(12):e32520.<\/cite><\/p>\n<\/div>\n<\/div>\n<div class=\"source-item\">\n<p class=\"main-text-semibold text-black\">8.<\/p>\n<div class=\"source-item-content\">\n<p class=\"main-text-semibold text-black\"><cite>Gornet ME, Kelly MP. (2016). Fractures of the axis: a review of pediatric, adult, and geriatric injuries [Fracturas del axis: una revisi\u00f3n de lesiones pedi\u00e1tricas, adultas y geri\u00e1tricas]. Curr Rev Musculoskelet Med. Diciembre de 2016; 9(4):505-512. <\/cite><\/p>\n<\/div>\n<\/div>\n<div class=\"source-item\">\n<p class=\"main-text-semibold text-black\">9.<\/p>\n<div class=\"source-item-content\">\n<p class=\"main-text-semibold text-black\"><cite>Mohile NV, Kuczmarski AS, Minaie A, Syros A, Geller JS, Maaieh MA. (2023). Management of combined atlas and axis fractures: a systematic review [Manejo de las fracturas combinadas de atlas y axis: una revisi\u00f3n sistem\u00e1tica]. N Am Spine Soc J. 24 de abril de 2023;14:100224. <\/cite><\/p>\n<\/div>\n<\/div>\n<div class=\"source-item\">\n<p class=\"main-text-semibold text-black\">10.<\/p>\n<div class=\"source-item-content\">\n<p class=\"main-text-semibold text-black\"><cite>Al-Mahfoudh R, Beagrie C, Woolley E, Zakaria R, Radon M, Clark S, Pillay R, Wilby M. (2016). Management of Typical and Atypical Hangman\u2019s Fractures [Manejo de las fracturas del ahorcado t\u00edpicas y at\u00edpicas]. Global Spine J. Mayo de 2016;6(3):248-56.<\/cite><\/p>\n<\/div>\n<\/div>\n<\/div>\n<\/div>\n<div class=\"sources-expand-button-wrapper\">\n<div class=\"sources-expand-button\"><svg width=\"32\" height=\"32\" viewbox=\"0 0 32 32\" fill=\"none\" xmlns=\"http:\/\/www.w3.org\/2000\/svg\"><path d=\"M8 12L16 20L24 12\" stroke=\"#8C9AAB\" stroke-width=\"2\" stroke-linecap=\"round\" stroke-linejoin=\"round\"><\/path><\/svg><\/div>\n<\/div>\n<\/div>\n","protected":false},"excerpt":{"rendered":"<p>Las fracturas de la columna cervical son lesiones graves que requieren un diagn\u00f3stico y tratamiento cuidadosos. De particular importancia son las lesiones de la columna cervical superior: la primera (C1, atlas) y la segunda (C2, axis) v\u00e9rtebras, ya que proporcionan movilidad a la cabeza y est\u00e1n situadas en estrecha proximidad al tronco encef\u00e1lico y la [&hellip;]<\/p>\n","protected":false},"author":19,"featured_media":0,"template":"","diseases_category":[315],"class_list":["post-2823","diseases_post","type-diseases_post","status-publish","hentry","diseases_category-traumatologia"],"acf":[],"yoast_head":"<!-- This site is optimized with the Yoast SEO Premium plugin v25.0 (Yoast SEO v26.5) - https:\/\/yoast.com\/wordpress\/plugins\/seo\/ -->\n<title>Fracturas de v\u00e9rtebras cervicales (C1 y C2): s\u00edntomas, consecuencias y tratamiento<\/title>\n<meta name=\"description\" content=\"Un an\u00e1lisis detallado de las fracturas de las v\u00e9rtebras cervicales C1 y C2. Se consideran la etiolog\u00eda, clasificaci\u00f3n, m\u00e9todos diagn\u00f3sticos, t\u00e1ctica de tratamiento quir\u00fargico y protocolos de rehabilitaci\u00f3n.\" \/>\n<meta name=\"robots\" content=\"noindex, follow, max-snippet:-1, max-image-preview:large, max-video-preview:-1\" \/>\n<meta property=\"og:locale\" content=\"es_ES\" \/>\n<meta property=\"og:type\" content=\"article\" \/>\n<meta property=\"og:title\" content=\"Fracturas de la columna cervical: clasificaci\u00f3n, s\u00edntomas y tratamiento\" \/>\n<meta property=\"og:description\" content=\"Un an\u00e1lisis detallado de las fracturas de las v\u00e9rtebras cervicales C1 y C2. Se consideran la etiolog\u00eda, clasificaci\u00f3n, m\u00e9todos diagn\u00f3sticos, t\u00e1ctica de tratamiento quir\u00fargico y protocolos de rehabilitaci\u00f3n.\" \/>\n<meta property=\"og:url\" content=\"https:\/\/wiki.dev.voka.io\/es\/enfermedades\/traumatologia\/fracturas-columna-cervical\/\" \/>\n<meta property=\"og:site_name\" content=\"Voka Wiki\" \/>\n<meta property=\"article:publisher\" content=\"https:\/\/www.facebook.com\/VOKA3DAnatomyAndPathology\/\" \/>\n<meta name=\"twitter:card\" content=\"summary_large_image\" \/>\n<meta name=\"twitter:label1\" content=\"Tiempo de lectura\" \/>\n\t<meta name=\"twitter:data1\" content=\"21 minutos\" \/>\n<script type=\"application\/ld+json\" class=\"yoast-schema-graph\">{\"@context\":\"https:\/\/schema.org\",\"@graph\":[{\"@type\":\"Article\",\"@id\":\"https:\/\/wiki.dev.voka.io\/es\/enfermedades\/traumatologia\/fracturas-columna-cervical\/#article\",\"isPartOf\":{\"@id\":\"https:\/\/wiki.dev.voka.io\/es\/enfermedades\/traumatologia\/fracturas-columna-cervical\/\"},\"author\":{\"name\":\"Aleksandr K.\",\"@id\":\"https:\/\/wiki.dev.voka.io\/es\/#\/schema\/person\/9510f0c38a3a1d38fc04cb2d59c7d83c\"},\"headline\":\"Fracturas de la columna cervical: clasificaci\u00f3n, s\u00edntomas y tratamiento\",\"datePublished\":\"2026-01-29T14:22:51+00:00\",\"mainEntityOfPage\":{\"@id\":\"https:\/\/wiki.dev.voka.io\/es\/enfermedades\/traumatologia\/fracturas-columna-cervical\/\"},\"wordCount\":4220,\"publisher\":{\"@id\":\"https:\/\/wiki.dev.voka.io\/es\/#organization\"},\"inLanguage\":\"es\"},{\"@type\":\"WebPage\",\"@id\":\"https:\/\/wiki.dev.voka.io\/es\/enfermedades\/traumatologia\/fracturas-columna-cervical\/\",\"url\":\"https:\/\/wiki.dev.voka.io\/es\/enfermedades\/traumatologia\/fracturas-columna-cervical\/\",\"name\":\"Fracturas de v\u00e9rtebras cervicales (C1 y C2): s\u00edntomas, consecuencias y tratamiento\",\"isPartOf\":{\"@id\":\"https:\/\/wiki.dev.voka.io\/es\/#website\"},\"datePublished\":\"2026-01-29T14:22:51+00:00\",\"description\":\"Un an\u00e1lisis detallado de las fracturas de las v\u00e9rtebras cervicales C1 y C2. Se consideran la etiolog\u00eda, clasificaci\u00f3n, m\u00e9todos diagn\u00f3sticos, t\u00e1ctica de tratamiento quir\u00fargico y protocolos de rehabilitaci\u00f3n.\",\"breadcrumb\":{\"@id\":\"https:\/\/wiki.dev.voka.io\/es\/enfermedades\/traumatologia\/fracturas-columna-cervical\/#breadcrumb\"},\"inLanguage\":\"es\",\"potentialAction\":[{\"@type\":\"ReadAction\",\"target\":[\"https:\/\/wiki.dev.voka.io\/es\/enfermedades\/traumatologia\/fracturas-columna-cervical\/\"]}]},{\"@type\":\"BreadcrumbList\",\"@id\":\"https:\/\/wiki.dev.voka.io\/es\/enfermedades\/traumatologia\/fracturas-columna-cervical\/#breadcrumb\",\"itemListElement\":[{\"@type\":\"ListItem\",\"position\":1,\"name\":\"Home\",\"item\":\"https:\/\/wiki.dev.voka.io\/es\/\"},{\"@type\":\"ListItem\",\"position\":2,\"name\":\"Traumatolog\u00eda\",\"item\":\"https:\/\/wiki.dev.voka.io\/es\/enfermedades\/traumatologia\/\"},{\"@type\":\"ListItem\",\"position\":3,\"name\":\"Fracturas de la columna cervical: clasificaci\u00f3n, s\u00edntomas y tratamiento\"}]},{\"@type\":\"WebSite\",\"@id\":\"https:\/\/wiki.dev.voka.io\/es\/#website\",\"url\":\"https:\/\/wiki.dev.voka.io\/es\/\",\"name\":\"Voka Wiki\",\"description\":\"\",\"publisher\":{\"@id\":\"https:\/\/wiki.dev.voka.io\/es\/#organization\"},\"alternateName\":\"Anatomy & Pathology Wiki by VOKA\",\"potentialAction\":[{\"@type\":\"SearchAction\",\"target\":{\"@type\":\"EntryPoint\",\"urlTemplate\":\"https:\/\/wiki.dev.voka.io\/es\/?s={search_term_string}\"},\"query-input\":{\"@type\":\"PropertyValueSpecification\",\"valueRequired\":true,\"valueName\":\"search_term_string\"}}],\"inLanguage\":\"es\"},{\"@type\":\"Organization\",\"@id\":\"https:\/\/wiki.dev.voka.io\/es\/#organization\",\"name\":\"Voka 3D Anatomy & Pathology\",\"alternateName\":\"VOKA\",\"url\":\"https:\/\/wiki.dev.voka.io\/es\/\",\"logo\":{\"@type\":\"ImageObject\",\"inLanguage\":\"es\",\"@id\":\"https:\/\/wiki.dev.voka.io\/es\/#\/schema\/logo\/image\/\",\"url\":\"https:\/\/wiki.dev.voka.io\/wp-content\/uploads\/2025\/02\/cropped-voka-logo-1.png\",\"contentUrl\":\"https:\/\/wiki.dev.voka.io\/wp-content\/uploads\/2025\/02\/cropped-voka-logo-1.png\",\"width\":70,\"height\":16,\"caption\":\"Voka 3D Anatomy & Pathology\"},\"image\":{\"@id\":\"https:\/\/wiki.dev.voka.io\/es\/#\/schema\/logo\/image\/\"},\"sameAs\":[\"https:\/\/www.facebook.com\/VOKA3DAnatomyAndPathology\/\",\"https:\/\/www.instagram.com\/voka.io\/\",\"https:\/\/www.linkedin.com\/company\/voka-io\/\",\"https:\/\/www.youtube.com\/channel\/UCqGGuOEpr62ScH8Pjk2q5zw\/videos\",\"https:\/\/www.pinterest.com\/VokaAnatomyPro\/\",\"https:\/\/www.threads.com\/@voka.io\"],\"description\":\"VOKA.io offers 3D medical animations and custom 3D modeling services. Our product, VOKA 3D Anatomy & Pathology, is a digital atlas with over 1,000 detailed 3D models of human anatomy and pathology, designed for medical education, training, and patient communication.\",\"email\":\"info@voka.io\",\"telephone\":\"+1 814 351 4442\",\"legalName\":\"Voka 3D Anatomy & Pathology\",\"foundingDate\":\"2017-02-12\",\"naics\":\"541512\",\"numberOfEmployees\":{\"@type\":\"QuantitativeValue\",\"minValue\":\"51\",\"maxValue\":\"200\"},\"publishingPrinciples\":\"https:\/\/wiki.voka.io\/es\/principios-de-publicacion\/\"},{\"@type\":\"Person\",\"@id\":\"https:\/\/wiki.dev.voka.io\/es\/#\/schema\/person\/9510f0c38a3a1d38fc04cb2d59c7d83c\",\"name\":\"Aleksandr K.\",\"image\":{\"@type\":\"ImageObject\",\"inLanguage\":\"es\",\"@id\":\"https:\/\/wiki.dev.voka.io\/es\/#\/schema\/person\/image\/\",\"url\":\"https:\/\/secure.gravatar.com\/avatar\/c7514f1460de700bc666804ed028fc7d15f47a41bbfc867590f7de302051f078?s=96&d=mm&r=g\",\"contentUrl\":\"https:\/\/secure.gravatar.com\/avatar\/c7514f1460de700bc666804ed028fc7d15f47a41bbfc867590f7de302051f078?s=96&d=mm&r=g\",\"caption\":\"Aleksandr K.\"}}]}<\/script>\n<!-- \/ Yoast SEO Premium plugin. -->","yoast_head_json":{"title":"Fracturas de v\u00e9rtebras cervicales (C1 y C2): s\u00edntomas, consecuencias y tratamiento","description":"Un an\u00e1lisis detallado de las fracturas de las v\u00e9rtebras cervicales C1 y C2. Se consideran la etiolog\u00eda, clasificaci\u00f3n, m\u00e9todos diagn\u00f3sticos, t\u00e1ctica de tratamiento quir\u00fargico y protocolos de rehabilitaci\u00f3n.","robots":{"index":"noindex","follow":"follow","max-snippet":"max-snippet:-1","max-image-preview":"max-image-preview:large","max-video-preview":"max-video-preview:-1"},"og_locale":"es_ES","og_type":"article","og_title":"Fracturas de la columna cervical: clasificaci\u00f3n, s\u00edntomas y tratamiento","og_description":"Un an\u00e1lisis detallado de las fracturas de las v\u00e9rtebras cervicales C1 y C2. Se consideran la etiolog\u00eda, clasificaci\u00f3n, m\u00e9todos diagn\u00f3sticos, t\u00e1ctica de tratamiento quir\u00fargico y protocolos de rehabilitaci\u00f3n.","og_url":"https:\/\/wiki.dev.voka.io\/es\/enfermedades\/traumatologia\/fracturas-columna-cervical\/","og_site_name":"Voka Wiki","article_publisher":"https:\/\/www.facebook.com\/VOKA3DAnatomyAndPathology\/","twitter_card":"summary_large_image","twitter_misc":{"Tiempo de lectura":"21 minutos"},"schema":{"@context":"https:\/\/schema.org","@graph":[{"@type":"Article","@id":"https:\/\/wiki.dev.voka.io\/es\/enfermedades\/traumatologia\/fracturas-columna-cervical\/#article","isPartOf":{"@id":"https:\/\/wiki.dev.voka.io\/es\/enfermedades\/traumatologia\/fracturas-columna-cervical\/"},"author":{"name":"Aleksandr K.","@id":"https:\/\/wiki.dev.voka.io\/es\/#\/schema\/person\/9510f0c38a3a1d38fc04cb2d59c7d83c"},"headline":"Fracturas de la columna cervical: clasificaci\u00f3n, s\u00edntomas y tratamiento","datePublished":"2026-01-29T14:22:51+00:00","mainEntityOfPage":{"@id":"https:\/\/wiki.dev.voka.io\/es\/enfermedades\/traumatologia\/fracturas-columna-cervical\/"},"wordCount":4220,"publisher":{"@id":"https:\/\/wiki.dev.voka.io\/es\/#organization"},"inLanguage":"es"},{"@type":"WebPage","@id":"https:\/\/wiki.dev.voka.io\/es\/enfermedades\/traumatologia\/fracturas-columna-cervical\/","url":"https:\/\/wiki.dev.voka.io\/es\/enfermedades\/traumatologia\/fracturas-columna-cervical\/","name":"Fracturas de v\u00e9rtebras cervicales (C1 y C2): s\u00edntomas, consecuencias y tratamiento","isPartOf":{"@id":"https:\/\/wiki.dev.voka.io\/es\/#website"},"datePublished":"2026-01-29T14:22:51+00:00","description":"Un an\u00e1lisis detallado de las fracturas de las v\u00e9rtebras cervicales C1 y C2. Se consideran la etiolog\u00eda, clasificaci\u00f3n, m\u00e9todos diagn\u00f3sticos, t\u00e1ctica de tratamiento quir\u00fargico y protocolos de rehabilitaci\u00f3n.","breadcrumb":{"@id":"https:\/\/wiki.dev.voka.io\/es\/enfermedades\/traumatologia\/fracturas-columna-cervical\/#breadcrumb"},"inLanguage":"es","potentialAction":[{"@type":"ReadAction","target":["https:\/\/wiki.dev.voka.io\/es\/enfermedades\/traumatologia\/fracturas-columna-cervical\/"]}]},{"@type":"BreadcrumbList","@id":"https:\/\/wiki.dev.voka.io\/es\/enfermedades\/traumatologia\/fracturas-columna-cervical\/#breadcrumb","itemListElement":[{"@type":"ListItem","position":1,"name":"Home","item":"https:\/\/wiki.dev.voka.io\/es\/"},{"@type":"ListItem","position":2,"name":"Traumatolog\u00eda","item":"https:\/\/wiki.dev.voka.io\/es\/enfermedades\/traumatologia\/"},{"@type":"ListItem","position":3,"name":"Fracturas de la columna cervical: clasificaci\u00f3n, s\u00edntomas y tratamiento"}]},{"@type":"WebSite","@id":"https:\/\/wiki.dev.voka.io\/es\/#website","url":"https:\/\/wiki.dev.voka.io\/es\/","name":"Voka Wiki","description":"","publisher":{"@id":"https:\/\/wiki.dev.voka.io\/es\/#organization"},"alternateName":"Anatomy & Pathology Wiki by VOKA","potentialAction":[{"@type":"SearchAction","target":{"@type":"EntryPoint","urlTemplate":"https:\/\/wiki.dev.voka.io\/es\/?s={search_term_string}"},"query-input":{"@type":"PropertyValueSpecification","valueRequired":true,"valueName":"search_term_string"}}],"inLanguage":"es"},{"@type":"Organization","@id":"https:\/\/wiki.dev.voka.io\/es\/#organization","name":"Voka 3D Anatomy & Pathology","alternateName":"VOKA","url":"https:\/\/wiki.dev.voka.io\/es\/","logo":{"@type":"ImageObject","inLanguage":"es","@id":"https:\/\/wiki.dev.voka.io\/es\/#\/schema\/logo\/image\/","url":"https:\/\/wiki.dev.voka.io\/wp-content\/uploads\/2025\/02\/cropped-voka-logo-1.png","contentUrl":"https:\/\/wiki.dev.voka.io\/wp-content\/uploads\/2025\/02\/cropped-voka-logo-1.png","width":70,"height":16,"caption":"Voka 3D Anatomy & Pathology"},"image":{"@id":"https:\/\/wiki.dev.voka.io\/es\/#\/schema\/logo\/image\/"},"sameAs":["https:\/\/www.facebook.com\/VOKA3DAnatomyAndPathology\/","https:\/\/www.instagram.com\/voka.io\/","https:\/\/www.linkedin.com\/company\/voka-io\/","https:\/\/www.youtube.com\/channel\/UCqGGuOEpr62ScH8Pjk2q5zw\/videos","https:\/\/www.pinterest.com\/VokaAnatomyPro\/","https:\/\/www.threads.com\/@voka.io"],"description":"VOKA.io offers 3D medical animations and custom 3D modeling services. Our product, VOKA 3D Anatomy & Pathology, is a digital atlas with over 1,000 detailed 3D models of human anatomy and pathology, designed for medical education, training, and patient communication.","email":"info@voka.io","telephone":"+1 814 351 4442","legalName":"Voka 3D Anatomy & Pathology","foundingDate":"2017-02-12","naics":"541512","numberOfEmployees":{"@type":"QuantitativeValue","minValue":"51","maxValue":"200"},"publishingPrinciples":"https:\/\/wiki.voka.io\/es\/principios-de-publicacion\/"},{"@type":"Person","@id":"https:\/\/wiki.dev.voka.io\/es\/#\/schema\/person\/9510f0c38a3a1d38fc04cb2d59c7d83c","name":"Aleksandr K.","image":{"@type":"ImageObject","inLanguage":"es","@id":"https:\/\/wiki.dev.voka.io\/es\/#\/schema\/person\/image\/","url":"https:\/\/secure.gravatar.com\/avatar\/c7514f1460de700bc666804ed028fc7d15f47a41bbfc867590f7de302051f078?s=96&d=mm&r=g","contentUrl":"https:\/\/secure.gravatar.com\/avatar\/c7514f1460de700bc666804ed028fc7d15f47a41bbfc867590f7de302051f078?s=96&d=mm&r=g","caption":"Aleksandr K."}}]}},"_links":{"self":[{"href":"https:\/\/wiki.dev.voka.io\/es\/wp-json\/wp\/v2\/diseases_post\/2823","targetHints":{"allow":["GET"]}}],"collection":[{"href":"https:\/\/wiki.dev.voka.io\/es\/wp-json\/wp\/v2\/diseases_post"}],"about":[{"href":"https:\/\/wiki.dev.voka.io\/es\/wp-json\/wp\/v2\/types\/diseases_post"}],"author":[{"embeddable":true,"href":"https:\/\/wiki.dev.voka.io\/es\/wp-json\/wp\/v2\/users\/19"}],"wp:attachment":[{"href":"https:\/\/wiki.dev.voka.io\/es\/wp-json\/wp\/v2\/media?parent=2823"}],"wp:term":[{"taxonomy":"diseases_category","embeddable":true,"href":"https:\/\/wiki.dev.voka.io\/es\/wp-json\/wp\/v2\/diseases_category?post=2823"}],"curies":[{"name":"wp","href":"https:\/\/api.w.org\/{rel}","templated":true}]}}