{"id":2005,"date":"2025-12-11T15:05:48","date_gmt":"2025-12-11T12:05:48","guid":{"rendered":"https:\/\/wiki.dev.voka.io\/diseases\/uncategorized\/tumores-plexo-coroideo\/"},"modified":"2025-12-11T15:05:49","modified_gmt":"2025-12-11T12:05:49","slug":"tumores-plexo-coroideo","status":"publish","type":"diseases_post","link":"https:\/\/wiki.dev.voka.io\/es\/enfermedades\/oncologicas\/tumores-plexo-coroideo\/","title":{"rendered":"Tumores del plexo coroideo: papiloma y carcinoma \u2013 etiolog\u00eda, clasificaci\u00f3n y tratamiento"},"content":{"rendered":"<p><?xml encoding=\"UTF-8\" ?><\/p>\n<p>El plexo coroideo produce l\u00edquido cefalorraqu\u00eddeo (LCR) y se encuentra en los ventr\u00edculos cerebrales. La localizaci\u00f3n del tumor depende de la edad: en los ni\u00f1os, los ventr\u00edculos laterales son los m\u00e1s afectados, en los adultos, el cuarto ventr\u00edculo. <\/p>\n<p>El <strong>papiloma del plexo coroideo<\/strong> (PPC) es un tumor benigno del epitelio del plexo coroideo del cerebro; seg\u00fan la clasificaci\u00f3n de la OMS, pertenece a los tumores del primer grado (grado 1 de la OMS). Es el tumor m\u00e1s com\u00fan del plexo coroideo.<\/p>\n<figure class=\"wp-block-image size-large\"><img decoding=\"async\" src=\"https:\/\/storage.googleapis.com\/dev_wiki_voka_io_303011\/articles\/en\/oncology\/choroid-plexus-tumors\/choroid-plexus-papilloma.webp\" alt=\"Papiloma del plexo coroideo en el cuarto ventr\u00edculo\"><figcaption class=\"wp-element-caption\">Papiloma del plexo coroideo en el cuarto ventr\u00edculo \u2013 <a href=\"https:\/\/catalog.voka.io\/en\/models\/cec5f80b-babf-4f02-ab97-355cf37c21ad\/95bcd6fa-2d66-476f-88bf-66e25519f4c9\/1b81e9e6-db72-4320-ace3-54319fac1292\/b3439e1b-466c-4922-9611-e6f42ca05078\" target=\"_blank\" rel=\"noreferrer noopener nofollow\">Modelo 3D<\/a><\/figcaption><\/figure>\n<p>El <strong>carcinoma del plexo coroideo<\/strong> (CPC) es un tumor raro y altamente maligno (grado 3 de la OMS) que se origina en el epitelio del plexo coroideo de los ventr\u00edculos cerebrales. Se diagnostica predominantemente en ni\u00f1os menores de 5\u00a0a\u00f1os y se caracteriza por un curso agresivo, tendencia a la invasi\u00f3n, met\u00e1stasis dentro del sistema nervioso central y un pron\u00f3stico extremadamente desfavorable.<\/p>\n<h2 class=\"wp-block-heading\" id=\"etiologia-y-epidemiologia-de-los-tumores\"><strong>Etiolog\u00eda y epidemiolog\u00eda de los tumores <\/strong><strong><\/strong><\/h2>\n<h3 class=\"wp-block-heading\" id=\"etiologia-y-factores-geneticos\"><strong>Etiolog\u00eda y factores gen\u00e9ticos<\/strong><\/h3>\n<p>Se desconocen las causas exactas del PPC. Las mutaciones conductoras no son t\u00edpicas del PPC, pero algunos casos est\u00e1n asociados con s\u00edndromes gen\u00e9ticos raros, como el s\u00edndrome de Aicardi.<\/p>\n<ul class=\"wp-block-list\">\n<li><strong>Formas at\u00edpicas (aPPC) y malignas (CPC):<\/strong> pueden ocurrir en presencia de mutaciones TP53, especialmente en ni\u00f1os con el s\u00edndrome de Li-Fraumeni.<\/li>\n<li>La mayor\u00eda (hasta el 60%) de los pacientes con CPC tienen una mutaci\u00f3n som\u00e1tica en TP53, y en el 40% el tumor est\u00e1 asociado con el s\u00edndrome de Li-Fraumeni (SLF), que es causado por una mutaci\u00f3n germinal en <em>TP53<\/em>.<\/li>\n<li>En algunos casos, se detectan otras anomal\u00edas en los genes reguladores del ciclo celular (por ejemplo, en <em>PTEN, CDKN2A<\/em>).<\/li>\n<\/ul>\n<h3 class=\"wp-block-heading\" id=\"epidemiologia\"><strong>Epidemiolog\u00eda<\/strong><\/h3>\n<p>Las caracter\u00edsticas epidemiol\u00f3gicas de los tumores del plexo coroideo se deben a su baja incidencia y a su fuerte dependencia de la edad del paciente.<\/p>\n<ul class=\"wp-block-list\">\n<li><strong>Incidencia:<\/strong> Los tumores del plexo coroideo son raros (menos del 1% de todos los tumores intracraneales). En ni\u00f1os menores de 1\u00a0a\u00f1o, estos tumores representan hasta el 10\u201315% de todas las neoplasias intracraneales.<\/li>\n<li><strong>Edad:<\/strong> El pico de edad se produce en los tres primeros a\u00f1os de vida.<\/li>\n<li><strong>Localizaci\u00f3n:<\/strong> En los ni\u00f1os, el tumor se localiza con mayor frecuencia en los ventr\u00edculos laterales; en los adultos, en el cuarto ventr\u00edculo. La proporci\u00f3n entre sexos es aproximadamente igual.<\/li>\n<\/ul>\n<h2 class=\"wp-block-heading\" id=\"manifestaciones-clinicas-y-sintomas-de-tpc\"><strong>Manifestaciones cl\u00ednicas y s\u00edntomas de TPC<\/strong><\/h2>\n<p>El s\u00edntoma principal es la hipertensi\u00f3n intracraneal debida a la hidrocefalia (aumento de la producci\u00f3n de l\u00edquido cefalorraqu\u00eddeo). Se manifiesta en forma de dolores de cabeza y, en los beb\u00e9s, de aumento del tama\u00f1o de la cabeza.<\/p>\n<ul class=\"wp-block-list\">\n<li><strong>Otras manifestaciones:<\/strong> n\u00e1useas, v\u00f3mitos, convulsiones, hemiparesia, aletargamiento, visi\u00f3n borrosa (dependiendo de la localizaci\u00f3n).<\/li>\n<li>En algunos casos, es posible una hemorragia intracraneal.<\/li>\n<\/ul>\n<figure class=\"wp-block-video\" id=\"animacion-3d-papiloma-del-plexo-coroideo\"><video controls><source data-src=\"https:\/\/storage.googleapis.com\/dev_wiki_voka_io_303011\/articles\/en\/oncology\/choroid-plexus-tumors\/choroid-plexus-papilloma.webm\" type=\"video\/webm\"><\/source><\/video><figcaption class=\"wp-element-caption\">Animaci\u00f3n 3D: Papiloma del plexo coroideo<\/figcaption><\/figure>\n<h2 class=\"wp-block-heading\" id=\"clasificacion-de-los-tumores-del-plexo-coroideo\"><strong>Clasificaci\u00f3n de los tumores del plexo coroideo<\/strong><\/h2>\n<p>La clasificaci\u00f3n actual (OMS, 5\u00aa edici\u00f3n, 2021) se basa en caracter\u00edsticas morfol\u00f3gicas, inmunohistoqu\u00edmicas y moleculares.<\/p>\n<h3 class=\"wp-block-heading\" id=\"grado-de-malignidad-segun-la-oms\"><strong>Grado de malignidad seg\u00fan la OMS<\/strong><\/h3>\n<figure class=\"wp-block-table table-to-cards\">\n<table class=\"has-fixed-layout\">\n<thead>\n<tr>\n<th class=\"has-text-align-center\" data-align=\"center\"><strong>Grado seg\u00fan la OMS<\/strong><\/th>\n<th class=\"has-text-align-center\" data-align=\"center\"><strong>Nombre<\/strong><\/th>\n<th class=\"has-text-align-center\" data-align=\"center\"><strong>Caracter\u00edsticas<\/strong><\/th>\n<\/tr>\n<\/thead>\n<tbody>\n<tr>\n<td class=\"has-text-align-center\" data-align=\"center\"><strong>Grado 1<\/strong><\/td>\n<td class=\"has-text-align-center\" data-align=\"center\"><strong>Papiloma del plexo coroideo (PPC)<\/strong><\/td>\n<td class=\"has-text-align-center\" data-align=\"center\">Forma benigna<\/td>\n<\/tr>\n<tr>\n<td class=\"has-text-align-center\" data-align=\"center\"><strong>Grado 2<\/strong><\/td>\n<td class=\"has-text-align-center\" data-align=\"center\"><strong>PPC at\u00edpica (aPPC)<\/strong><\/td>\n<td class=\"has-text-align-center\" data-align=\"center\">Se caracteriza por una mayor actividad mit\u00f3tica y un mayor riesgo de reca\u00edda<\/td>\n<\/tr>\n<tr>\n<td class=\"has-text-align-center\" data-align=\"center\"><strong>Grado 3<\/strong><\/td>\n<td class=\"has-text-align-center\" data-align=\"center\"><strong>Carcinoma del plexo coroideo (CPC)<\/strong><\/td>\n<td class=\"has-text-align-center\" data-align=\"center\">Forma maligna, invasiva<\/td>\n<\/tr>\n<\/tbody>\n<\/table>\n<\/figure>\n<h3 class=\"wp-block-heading\" id=\"clasificacion-molecular\"><strong>Clasificaci\u00f3n molecular <\/strong><\/h3>\n<p>La investigaci\u00f3n moderna distingue tres subtipos moleculares, definidos por la metilaci\u00f3n y la expresi\u00f3n g\u00e9nica:<\/p>\n<ol class=\"wp-block-list\">\n<li>Supratentorial pedi\u00e1trico de bajo riesgo (<strong>PPC\/aPPC<\/strong>)<\/li>\n<li>Supratentorial pedi\u00e1trico de alto riesgo (<strong>CPC<\/strong>)<\/li>\n<li>Infratentorial adulto de bajo riesgo (<strong>PPC\/aPPC<\/strong>)<\/li>\n<\/ol>\n<p>As\u00ed pues, en la pr\u00e1ctica cl\u00ednica actual se tienen en cuenta la morfolog\u00eda, la actividad proliferativa, los marcadores moleculares y el estado del TP53<strong>,<\/strong> lo que determina el pron\u00f3stico y el alcance del tratamiento.<\/p>\n<h2 class=\"wp-block-heading\" id=\"diagnostico-y-diagnostico-diferencial\"><strong>Diagn\u00f3stico y diagn\u00f3stico diferencial<\/strong><\/h2>\n<h3 class=\"wp-block-heading\" id=\"metodos-de-diagnostico\"><strong>M\u00e9todos de diagn\u00f3stico<\/strong><\/h3>\n<p>El principal m\u00e9todo diagn\u00f3stico es la resonancia magn\u00e9tica (RM). Si no es posible usar este m\u00e9todo, se utiliza la tomograf\u00eda computarizada o la ecograf\u00eda (en la primera infancia a trav\u00e9s de la fontanela).<\/p>\n<ul class=\"wp-block-list\">\n<li><strong>RM y TC:<\/strong> El tumor del plexo coroideo suele ser hiperintenso en T2, a menudo contiene \u00e1reas de calcificaci\u00f3n en la TC y acumula intensamente contraste.<\/li>\n<\/ul>\n<p>El <strong>CPC<\/strong> se caracteriza por heterogeneidad estructural, \u00e1reas de necrosis, invasi\u00f3n, mayor acumulaci\u00f3n de contraste y signos de edema vasog\u00e9nico alrededor del tumor.<\/p>\n<ul class=\"wp-block-list\">\n<li><strong>Diagn\u00f3stico molecular: <\/strong>La detecci\u00f3n del SLF (l\u00ednea germinal TP53) es obligatoria en todos los casos de CPC.<\/li>\n<li><strong>Punci\u00f3n lumbar: <\/strong>Se realiza para excluir c\u00e9lulas tumorales en el l\u00edquido cefalorraqu\u00eddeo (en caso de CPC).<\/li>\n<\/ul>\n<h3 class=\"wp-block-heading\" id=\"diagnostico-diferencial\"><strong>Diagn\u00f3stico diferencial<\/strong><\/h3>\n<figure class=\"wp-block-table table-to-cards\">\n<table class=\"has-fixed-layout\">\n<thead>\n<tr>\n<th class=\"has-text-align-center\" data-align=\"center\"><strong>Tipo de tumor<\/strong><\/th>\n<th class=\"has-text-align-center\" data-align=\"center\"><strong>En ni\u00f1os (ejemplos)<\/strong><\/th>\n<th class=\"has-text-align-center\" data-align=\"center\"><strong>En adultos (ejemplos)<\/strong><\/th>\n<\/tr>\n<\/thead>\n<tbody>\n<tr>\n<td class=\"has-text-align-center\" data-align=\"center\"><strong>PPC\/aPPC<\/strong><\/td>\n<td class=\"has-text-align-center\" data-align=\"center\">Ependimoma, meduloblastoma, astrocitoma piloc\u00edtico<\/td>\n<td class=\"has-text-align-center\" data-align=\"center\">Meningioma papilar, adenocarcinoma metast\u00e1sico, tumor fibroso solitario<\/td>\n<\/tr>\n<tr>\n<td class=\"has-text-align-center\" data-align=\"center\"><strong>CPC<\/strong><\/td>\n<td class=\"has-text-align-center\" data-align=\"center\">Tumor teratoide rabdoide at\u00edpico (TTRA), tumor embrionario con rosetas de capas m\u00faltiples (ETMR), ependimoma, met\u00e1stasis (rara)<\/td>\n<td class=\"has-text-align-center\" data-align=\"center\">Met\u00e1stasis, coriocarcinoma, meningioma papilar de alto grado<\/td>\n<\/tr>\n<\/tbody>\n<\/table>\n<\/figure>\n<p>As\u00ed, en los ni\u00f1os, el diagn\u00f3stico diferencial se centra en los ependimomas y los tumores embrionarios, y en los adultos, en los meningiomas y los carcinomas metast\u00e1sicos.<\/p>\n<div class=\"social-banner-block\">\n<div class=\"social-banner-content\">\n<p class=\"h5-title text-black\">Encuentra m\u00e1s contenido cient\u00edficamente preciso en nuestras redes sociales<\/p>\n<p><span class=\"social-banner-text text-grey\">Suscr\u00edbete y no te pierdas los \u00faltimos recursos<\/span><\/p>\n<div class=\"social-links-wrapper\"><a class=\"social-icon-link\" href=\"https:\/\/www.facebook.com\/VOKA3DAnatomyAndPathology\/\" target=\"_blank\" rel=\"nofollow noopener\"><img decoding=\"async\" src=\"https:\/\/storage.googleapis.com\/dev_wiki_voka_io_303011\/common\/Social%20Icons\/facebook.svg\" alt=\"social link\"><\/a><a class=\"social-icon-link\" href=\"https:\/\/www.instagram.com\/voka.io\/\" target=\"_blank\" rel=\"nofollow noopener\"><img decoding=\"async\" src=\"https:\/\/storage.googleapis.com\/dev_wiki_voka_io_303011\/common\/Social%20Icons\/insta.svg\" alt=\"social link\"><\/a><a class=\"social-icon-link\" href=\"https:\/\/www.linkedin.com\/company\/voka-io\/posts\/?feedView=all\" target=\"_blank\" rel=\"nofollow noopener\"><img decoding=\"async\" src=\"https:\/\/storage.googleapis.com\/dev_wiki_voka_io_303011\/common\/Social%20Icons\/linkedin.svg\" alt=\"social link\"><\/a><a class=\"social-icon-link\" href=\"https:\/\/www.youtube.com\/@vokaio\" target=\"_blank\" rel=\"nofollow noopener\"><img decoding=\"async\" src=\"https:\/\/storage.googleapis.com\/dev_wiki_voka_io_303011\/common\/Social%20Icons\/youtube.svg\" alt=\"social link\"><\/a><a class=\"social-icon-link\" href=\"https:\/\/www.pinterest.com\/voka3danatomyandpathology\/\" target=\"_blank\" rel=\"nofollow noopener\"><img decoding=\"async\" src=\"https:\/\/storage.googleapis.com\/dev_wiki_voka_io_303011\/common\/Social%20Icons\/pinterest.svg\" alt=\"social link\"><\/a><a class=\"social-icon-link\" href=\"https:\/\/www.tiktok.com\/@voka.io\" target=\"_blank\" rel=\"nofollow noopener\"><img decoding=\"async\" src=\"https:\/\/storage.googleapis.com\/dev_wiki_voka_io_303011\/common\/Social%20Icons\/tiktok.svg\" alt=\"social link\"><\/a><a class=\"social-icon-link\" href=\"https:\/\/discord.gg\/7ejUpq8DRR\" target=\"_blank\" rel=\"nofollow noopener\"><img decoding=\"async\" src=\"https:\/\/storage.googleapis.com\/dev_wiki_voka_io_303011\/common\/Social%20Icons\/discord.svg\" alt=\"social link\"><\/a><\/div>\n<\/div>\n<p><img decoding=\"async\" class=\"social-banner-image\" loading=\"lazy\" src=\"https:\/\/storage.googleapis.com\/dev_wiki_voka_io_303011\/common\/social-media-banner-mobile-image.webp\" alt=\"Banner background\"><\/div>\n<h2 class=\"wp-block-heading\" id=\"metodos-de-tratamiento-y-estrategias-de-pronostico-para-tpc\"><strong>M\u00e9todos de tratamiento y estrategias de pron\u00f3stico para TPC<\/strong><\/h2>\n<p>El tratamiento de los tumores es multimodal y comienza con la intervenci\u00f3n quir\u00fargica, que determina las t\u00e1cticas posteriores y el pron\u00f3stico.<\/p>\n<h3 class=\"wp-block-heading\" id=\"1-tratamiento-quirurgico\">1. <strong>Tratamiento quir\u00fargico<\/strong><\/h3>\n<ul class=\"wp-block-list\">\n<li><strong>M\u00e9todo de referencia:<\/strong><strong>Resecci\u00f3n total (total gruesa)<\/strong>. Las t\u00e9cnicas endosc\u00f3picas se utilizan con frecuencia.<\/li>\n<li><strong>Pron\u00f3stico del PPC:<\/strong> Incluso la resecci\u00f3n subtotal en el PPC cl\u00e1sico a menudo proporciona un pron\u00f3stico favorable.<\/li>\n<li><strong>Dificultades del PPC:<\/strong> La extirpaci\u00f3n completa suele ser dif\u00edcil debido a la invasi\u00f3n y al sangrado intraoperatorio.<\/li>\n<li><strong>En el postoperatorio:<\/strong> Puede ser necesario realizar una derivaci\u00f3n debido a una disfunci\u00f3n del LCR.<\/li>\n<\/ul>\n<h3 class=\"wp-block-heading\" id=\"2-radioterapia\">2. <strong>Radioterapia<\/strong><\/h3>\n<ul class=\"wp-block-list\">\n<li><strong>PPC:<\/strong> En general, no se requiere radioterapia despu\u00e9s de una resecci\u00f3n radical.<\/li>\n<li><strong>Indicaciones:<\/strong> Se utiliza tras reca\u00eddas repetidas, cuando la resecci\u00f3n adecuada es imposible o en formas at\u00edpicas.<\/li>\n<li><strong>CPC:<\/strong> Los pacientes mayores de 3\u00a0a\u00f1os reciben radioterapia craneoespinal despu\u00e9s de la quimioterapia.<\/li>\n<li><strong>Limitaciones:<\/strong> En los ni\u00f1os, se evita como el tratamiento de primera l\u00ednea debido al riesgo de deterioro cognitivo. En ni\u00f1os menores de <3\u00a0a\u00f1os y en pacientes con s\u00edndrome de Li-Fraumeni, se utiliza con extrema precauci\u00f3n debido al riesgo de tumores secundarios.<\/li>\n<\/ul>\n<h3 class=\"wp-block-heading\" id=\"3-quimioterapia\">3. <strong>Quimioterapia<\/strong><\/h3>\n<ul class=\"wp-block-list\">\n<li><strong>Indicaciones:<\/strong> Para pacientes de alto riesgo (PPC, aPPC con tumor residual, met\u00e1stasis).<\/li>\n<li><strong>Principales reg\u00edmenes:<\/strong> Carboplatino\/etop\u00f3sido\/vincristina (CarbEV); CycEV. CarbEV es m\u00e1s eficaz en t\u00e9rminos de supervivencia en CPC.<\/li>\n<li>En algunos casos, se utiliza quimioterapia de consolidaci\u00f3n en altas dosis y trasplante aut\u00f3logo de m\u00e9dula \u00f3sea para el s\u00edndrome de Li-Fraumeni.<\/li>\n<\/ul>\n<h3 class=\"wp-block-heading\" id=\"pronostico-y-factores-de-supervivencia\"><strong>Pron\u00f3stico y factores de supervivencia<\/strong><\/h3>\n<ul class=\"wp-block-list\">\n<li><strong>Pron\u00f3stico favorable:<\/strong> Despu\u00e9s de la eliminaci\u00f3n completa de PPC\/aPPC, la tasa de supervivencia a 10\u00a0a\u00f1os es superior al 90%. En el caso de aPPC, el riesgo de recurrencia es mayor y con m\u00e1s frecuencia se requiere terapia adyuvante (postoperatoria).<\/li>\n<li><strong>Pron\u00f3stico desfavorable:<\/strong> El pron\u00f3stico para CPC es peor (supervivencia a 5\u00a0a\u00f1os de hasta el 40%) en presencia de una mutaci\u00f3n de TP53. El pron\u00f3stico empeora en presencia de s\u00edndromes gen\u00e9ticos, met\u00e1stasis, resecci\u00f3n incompleta y en pacientes con s\u00edndrome de Li-Fraumeni.<\/li>\n<\/ul>\n<div>\n<h2 class=\"faq-title h2-article\" id=\"faq\">FAQ<\/h2>\n<div class=\"faq-section\">\n<div class=\"faq-item faq-answer-hidden\">\n<div class=\"question-block\">\n<div class=\"faq-question\">\n<p class=\" text-black h5-title\">1. \u00bfEn qu\u00e9 se diferencia el papiloma del plexo coroideo del carcinoma?<\/p>\n<\/div>\n<div class=\"faq-answer text-main-text-color main-text-medium\">El papiloma (PPC) es un tumor benigno (grado 1 seg\u00fan la OMS) con un pron\u00f3stico favorable, mientras que el carcinoma (CPC) es un tumor altamente maligno (grado 3 seg\u00fan la OMS) con un curso agresivo y un peor pron\u00f3stico.<\/div>\n<\/div>\n<div class=\"expand-button-wrapper\"><button class=\"text-accent expand-button\">+<\/button><\/div>\n<\/div>\n<div class=\"faq-item faq-answer-hidden\">\n<div class=\"question-block\">\n<div class=\"faq-question\">\n<p class=\" text-black h5-title\">2. \u00bfCu\u00e1l es el s\u00edntoma principal de los tumores del plexo coroideo?<\/p>\n<\/div>\n<div class=\"faq-answer text-main-text-color main-text-medium\">El s\u00edntoma principal es la hipertensi\u00f3n intracraneal causada por el aumento de la producci\u00f3n de l\u00edquido cefalorraqu\u00eddeo (hidrocefalia). En los beb\u00e9s, esto suele manifestarse como un aumento del tama\u00f1o de la cabeza.<\/div>\n<\/div>\n<div class=\"expand-button-wrapper\"><button class=\"text-accent expand-button\">+<\/button><\/div>\n<\/div>\n<div class=\"faq-item faq-answer-hidden\">\n<div class=\"question-block\">\n<div class=\"faq-question\">\n<p class=\" text-black h5-title\">3. \u00bfCu\u00e1l es el papel de la mutaci\u00f3n de TP53 en el diagn\u00f3stico de CPC? <\/p>\n<\/div>\n<div class=\"faq-answer text-main-text-color main-text-medium\">La mutaci\u00f3n de TP53 tiene una gran relevancia pron\u00f3stica: a menudo se asocia con el s\u00edndrome de Li-Fraumeni e indica un peor pron\u00f3stico en el carcinoma del plexo coroideo.<\/div>\n<\/div>\n<div class=\"expand-button-wrapper\"><button class=\"text-accent expand-button\">+<\/button><\/div>\n<\/div>\n<div class=\"faq-item faq-answer-hidden\">\n<div class=\"question-block\">\n<div class=\"faq-question\">\n<p class=\" text-black h5-title\">4. \u00bfQu\u00e9 tratamiento se considera el \u00abest\u00e1ndar de oro\u00bb para PPC?<\/p>\n<\/div>\n<div class=\"faq-answer text-main-text-color main-text-medium\">El tratamiento de referencia para el papiloma del plexo coroideo (PPC) es la resecci\u00f3n quir\u00fargica total del tumor (resecci\u00f3n total gruesa).<\/div>\n<\/div>\n<div class=\"expand-button-wrapper\"><button class=\"text-accent expand-button\">+<\/button><\/div>\n<\/div>\n<div class=\"faq-item faq-answer-hidden\">\n<div class=\"question-block\">\n<div class=\"faq-question\">\n<p class=\" text-black h5-title\">5. \u00bfPor qu\u00e9 se evita la radioterapia en el tratamiento de CPC en ni\u00f1os peque\u00f1os?<\/p>\n<\/div>\n<div class=\"faq-answer text-main-text-color main-text-medium\">En ni\u00f1os menores de 3\u00a0a\u00f1os se evita la radioterapia debido al alto riesgo de deterioro cognitivo grave y al riesgo de tumores secundarios, especialmente en pacientes con s\u00edndrome de Li-Fraumeni.<\/div>\n<\/div>\n<div class=\"expand-button-wrapper\"><button class=\"text-accent expand-button\">+<\/button><\/div>\n<\/div>\n<\/div>\n<\/div>\n<div class=\"sources-list-block sources-list-hidden\" id=\"bibliografia\">\n<div class=\"sources-list-content\">\n<div class=\"sources-list-title\">\n<p class=\"small-text-bold text-black sources-list-title-text\">Bibliograf\u00eda<\/p>\n<div class=\"sources-expand-button-wrapper-mobile\">\n<div class=\"sources-expand-button\"><svg width=\"32\" height=\"32\" viewbox=\"0 0 32 32\" fill=\"none\" xmlns=\"http:\/\/www.w3.org\/2000\/svg\"><path d=\"M8 12L16 20L24 12\" stroke=\"#8C9AAB\" stroke-width=\"2\" stroke-linecap=\"round\" stroke-linejoin=\"round\"><\/path><\/svg><\/div>\n<\/div>\n<\/div>\n<div class=\"sources-list-items\">\n<div class=\"source-item\">\n<p class=\"main-text-semibold text-black\">1.<\/p>\n<div class=\"source-item-content\">\n<p class=\"main-text-semibold text-black\"><cite>Cat\u00e1logo VOKA. [Recurso electr\u00f3nico]<\/cite><\/p>\n<p><span class=\"small-text-medium text-grey\">https:\/\/catalog.voka.io\/<\/span><\/div>\n<\/div>\n<div class=\"source-item\">\n<p class=\"main-text-semibold text-black\">2.<\/p>\n<div class=\"source-item-content\">\n<p class=\"main-text-semibold text-black\"><cite>Wolff JE, et al. \u00abFinal results of the Choroid Plexus Tumor study CPT-SIOP-2000\u00bb [Resultados finales del estudio sobre tumores del plexo coroideo CPT-SIOP-2000]. J Neurooncol 2022;156(3):599\u2013613. <\/cite><\/p>\n<\/div>\n<\/div>\n<div class=\"source-item\">\n<p class=\"main-text-semibold text-black\">3.<\/p>\n<div class=\"source-item-content\">\n<p class=\"main-text-semibold text-black\"><cite>Louis DN, et al. \u00abThe 2021 WHO Classification of Tumors of the Central Nervous System: a summary\u00bb [Clasificaci\u00f3n de los tumores del sistema nervioso central de la OMS de 2021: un resumen]. Neuro Oncol. 2021;23:1231\u20131251.<\/cite><\/p>\n<\/div>\n<\/div>\n<div class=\"source-item\">\n<p class=\"main-text-semibold text-black\">4.<\/p>\n<div class=\"source-item-content\">\n<p class=\"main-text-semibold text-black\"><cite>Thomas C, et al. \u00abMolecular genetics and diversity of choroid plexus tumors\u00bb [Gen\u00e9tica molecular y diversidad de los tumores del plexo coroideo]. Neuro-Oncol Adv 2024.<\/cite><\/p>\n<\/div>\n<\/div>\n<div class=\"source-item\">\n<p class=\"main-text-semibold text-black\">5.<\/p>\n<div class=\"source-item-content\">\n<p class=\"main-text-semibold text-black\"><cite>Andour H, et al. \u00abAtypical choroid plexus papilloma: Diagnosis and management\u00bb [Papiloma at\u00edpico del plexo coroideo: diagn\u00f3stico y tratamiento]. SAGE Open Med. 2024; doi:10.1177\/2050313X241254000.<\/cite><\/p>\n<\/div>\n<\/div>\n<div class=\"source-item\">\n<p class=\"main-text-semibold text-black\">6.<\/p>\n<div class=\"source-item-content\">\n<p class=\"main-text-semibold text-black\"><cite>Yankelevich M, et al. \u00abMarrow-ablative consolidation chemotherapy and molecular targeted therapy for CPC\u00bb [Quimioterapia de consolidaci\u00f3n con destrucci\u00f3n de la m\u00e9dula \u00f3sea y terapia molecular dirigida para el CPC]. Neuro-Oncol Adv 2024;6(1):vdae109.<\/cite><\/p>\n<\/div>\n<\/div>\n<div class=\"source-item\">\n<p class=\"main-text-semibold text-black\">7.<\/p>\n<div class=\"source-item-content\">\n<p class=\"main-text-semibold text-black\"><cite>Cornelius A, et al. \u00abMolecular Guided Therapy Provides Sustained Clinical Remission in Pediatric CPC\u00bb [La terapia molecular guiada proporciona remisi\u00f3n cl\u00ednica sostenida en el CPC pedi\u00e1trico]. Frontiers Pharmacol. 2017;8:652.<\/cite><\/p>\n<\/div>\n<\/div>\n<div class=\"source-item\">\n<p class=\"main-text-semibold text-black\">8.<\/p>\n<div class=\"source-item-content\">\n<p class=\"main-text-semibold text-black\"><cite>Wolff JE, Sajedi M, Brant R. \u00abChoroid plexus tumours\u00bb [Tumores del plexo coroideo]. Br J Cancer. 2002 87:1086\u201391.<\/cite><\/p>\n<\/div>\n<\/div>\n<div class=\"source-item\">\n<p class=\"main-text-semibold text-black\">9.<\/p>\n<div class=\"source-item-content\">\n<p class=\"main-text-semibold text-black\"><cite>Safaee M, et al. \u00abChoroid plexus papillomas: advances in molecular biology and surgical management\u00bb [Papilomas del plexo coroideo: avances en biolog\u00eda molecular y tratamiento quir\u00fargico]. Neurosurg Focus. 2012;32(2):E6.<\/cite><\/p>\n<\/div>\n<\/div>\n<div class=\"source-item\">\n<p class=\"main-text-semibold text-black\">10.<\/p>\n<div class=\"source-item-content\">\n<p class=\"main-text-semibold text-black\"><cite>Akade E, et al. \u00abDiagnosis of choroid plexus papilloma\u00bb [Diagn\u00f3stico de papiloma del plexo coroideo]. Curr Probl Cancer. 2024; doi:10.1016\/j.cpt.2023.09.005.<\/cite><\/p>\n<\/div>\n<\/div>\n<\/div>\n<\/div>\n<div class=\"sources-expand-button-wrapper\">\n<div class=\"sources-expand-button\"><svg width=\"32\" height=\"32\" viewbox=\"0 0 32 32\" fill=\"none\" xmlns=\"http:\/\/www.w3.org\/2000\/svg\"><path d=\"M8 12L16 20L24 12\" stroke=\"#8C9AAB\" stroke-width=\"2\" stroke-linecap=\"round\" stroke-linejoin=\"round\"><\/path><\/svg><\/div>\n<\/div>\n<\/div>\n","protected":false},"excerpt":{"rendered":"<p>El plexo coroideo produce l\u00edquido cefalorraqu\u00eddeo (LCR) y se encuentra en los ventr\u00edculos cerebrales. La localizaci\u00f3n del tumor depende de la edad: en los ni\u00f1os, los ventr\u00edculos laterales son los m\u00e1s afectados, en los adultos, el cuarto ventr\u00edculo. El papiloma del plexo coroideo (PPC) es un tumor benigno del epitelio del plexo coroideo del cerebro; [&hellip;]<\/p>\n","protected":false},"author":11,"featured_media":0,"template":"","diseases_category":[351],"class_list":["post-2005","diseases_post","type-diseases_post","status-publish","hentry","diseases_category-oncologicas"],"acf":[],"yoast_head":"<!-- This site is optimized with the Yoast SEO Premium plugin v25.0 (Yoast SEO v26.5) - https:\/\/yoast.com\/wordpress\/plugins\/seo\/ -->\n<title>Tumores del plexo coroideo (TPC): papiloma y carcinoma \u2013 diagn\u00f3stico y tratamiento<\/title>\n<meta name=\"description\" content=\"Gu\u00eda completa sobre tumores del plexo coroideo (PPC y CPC): etiolog\u00eda, s\u00edntomas, clasificaci\u00f3n de la OMS, diagn\u00f3stico molecular y opciones de tratamiento.\" \/>\n<meta name=\"robots\" content=\"noindex, follow, max-snippet:-1, max-image-preview:large, max-video-preview:-1\" \/>\n<meta property=\"og:locale\" content=\"es_ES\" \/>\n<meta property=\"og:type\" content=\"article\" \/>\n<meta property=\"og:title\" content=\"Tumores del plexo coroideo: papiloma y carcinoma \u2013 etiolog\u00eda, clasificaci\u00f3n y tratamiento\" \/>\n<meta property=\"og:description\" content=\"Gu\u00eda completa sobre tumores del plexo coroideo (PPC y CPC): etiolog\u00eda, s\u00edntomas, clasificaci\u00f3n de la OMS, diagn\u00f3stico molecular y opciones de tratamiento.\" \/>\n<meta property=\"og:url\" content=\"https:\/\/wiki.dev.voka.io\/es\/enfermedades\/oncologicas\/tumores-plexo-coroideo\/\" \/>\n<meta property=\"og:site_name\" content=\"Voka Wiki\" \/>\n<meta property=\"article:publisher\" content=\"https:\/\/www.facebook.com\/VOKA3DAnatomyAndPathology\/\" \/>\n<meta property=\"article:modified_time\" content=\"2025-12-11T12:05:49+00:00\" \/>\n<meta property=\"og:image\" content=\"https:\/\/storage.googleapis.com\/dev_wiki_voka_io_303011\/articles\/en\/oncology\/choroid-plexus-tumors\/choroid-plexus-papilloma.webp\" \/>\n<meta name=\"twitter:card\" content=\"summary_large_image\" \/>\n<meta name=\"twitter:label1\" content=\"Tiempo de lectura\" \/>\n\t<meta name=\"twitter:data1\" content=\"6 minutos\" \/>\n<script type=\"application\/ld+json\" class=\"yoast-schema-graph\">{\"@context\":\"https:\/\/schema.org\",\"@graph\":[{\"@type\":\"Article\",\"@id\":\"https:\/\/wiki.dev.voka.io\/es\/enfermedades\/oncologicas\/tumores-plexo-coroideo\/#article\",\"isPartOf\":{\"@id\":\"https:\/\/wiki.dev.voka.io\/es\/enfermedades\/oncologicas\/tumores-plexo-coroideo\/\"},\"author\":{\"name\":\"Artemiy G.\",\"@id\":\"https:\/\/wiki.dev.voka.io\/es\/#\/schema\/person\/ab068df9b8f89e81a4974c8fc3697690\"},\"headline\":\"Tumores del plexo coroideo: papiloma y carcinoma \u2013 etiolog\u00eda, clasificaci\u00f3n y tratamiento\",\"datePublished\":\"2025-12-11T12:05:48+00:00\",\"dateModified\":\"2025-12-11T12:05:49+00:00\",\"mainEntityOfPage\":{\"@id\":\"https:\/\/wiki.dev.voka.io\/es\/enfermedades\/oncologicas\/tumores-plexo-coroideo\/\"},\"wordCount\":1266,\"publisher\":{\"@id\":\"https:\/\/wiki.dev.voka.io\/es\/#organization\"},\"image\":{\"@id\":\"https:\/\/wiki.dev.voka.io\/es\/enfermedades\/oncologicas\/tumores-plexo-coroideo\/#primaryimage\"},\"thumbnailUrl\":\"https:\/\/storage.googleapis.com\/dev_wiki_voka_io_303011\/articles\/en\/oncology\/choroid-plexus-tumors\/choroid-plexus-papilloma.webp\",\"inLanguage\":\"es\"},{\"@type\":\"WebPage\",\"@id\":\"https:\/\/wiki.dev.voka.io\/es\/enfermedades\/oncologicas\/tumores-plexo-coroideo\/\",\"url\":\"https:\/\/wiki.dev.voka.io\/es\/enfermedades\/oncologicas\/tumores-plexo-coroideo\/\",\"name\":\"Tumores del plexo coroideo (TPC): papiloma y carcinoma \u2013 diagn\u00f3stico y tratamiento\",\"isPartOf\":{\"@id\":\"https:\/\/wiki.dev.voka.io\/es\/#website\"},\"primaryImageOfPage\":{\"@id\":\"https:\/\/wiki.dev.voka.io\/es\/enfermedades\/oncologicas\/tumores-plexo-coroideo\/#primaryimage\"},\"image\":{\"@id\":\"https:\/\/wiki.dev.voka.io\/es\/enfermedades\/oncologicas\/tumores-plexo-coroideo\/#primaryimage\"},\"thumbnailUrl\":\"https:\/\/storage.googleapis.com\/dev_wiki_voka_io_303011\/articles\/en\/oncology\/choroid-plexus-tumors\/choroid-plexus-papilloma.webp\",\"datePublished\":\"2025-12-11T12:05:48+00:00\",\"dateModified\":\"2025-12-11T12:05:49+00:00\",\"description\":\"Gu\u00eda completa sobre tumores del plexo coroideo (PPC y CPC): etiolog\u00eda, s\u00edntomas, clasificaci\u00f3n de la OMS, diagn\u00f3stico molecular y opciones de tratamiento.\",\"breadcrumb\":{\"@id\":\"https:\/\/wiki.dev.voka.io\/es\/enfermedades\/oncologicas\/tumores-plexo-coroideo\/#breadcrumb\"},\"inLanguage\":\"es\",\"potentialAction\":[{\"@type\":\"ReadAction\",\"target\":[\"https:\/\/wiki.dev.voka.io\/es\/enfermedades\/oncologicas\/tumores-plexo-coroideo\/\"]}]},{\"@type\":\"ImageObject\",\"inLanguage\":\"es\",\"@id\":\"https:\/\/wiki.dev.voka.io\/es\/enfermedades\/oncologicas\/tumores-plexo-coroideo\/#primaryimage\",\"url\":\"https:\/\/storage.googleapis.com\/dev_wiki_voka_io_303011\/articles\/en\/oncology\/choroid-plexus-tumors\/choroid-plexus-papilloma.webp\",\"contentUrl\":\"https:\/\/storage.googleapis.com\/dev_wiki_voka_io_303011\/articles\/en\/oncology\/choroid-plexus-tumors\/choroid-plexus-papilloma.webp\"},{\"@type\":\"BreadcrumbList\",\"@id\":\"https:\/\/wiki.dev.voka.io\/es\/enfermedades\/oncologicas\/tumores-plexo-coroideo\/#breadcrumb\",\"itemListElement\":[{\"@type\":\"ListItem\",\"position\":1,\"name\":\"Home\",\"item\":\"https:\/\/wiki.dev.voka.io\/es\/\"},{\"@type\":\"ListItem\",\"position\":2,\"name\":\"Oncolog\u00eda\",\"item\":\"https:\/\/wiki.dev.voka.io\/es\/enfermedades\/oncologicas\/\"},{\"@type\":\"ListItem\",\"position\":3,\"name\":\"Tumores del plexo coroideo: papiloma y carcinoma \u2013 etiolog\u00eda, clasificaci\u00f3n y tratamiento\"}]},{\"@type\":\"WebSite\",\"@id\":\"https:\/\/wiki.dev.voka.io\/es\/#website\",\"url\":\"https:\/\/wiki.dev.voka.io\/es\/\",\"name\":\"Voka Wiki\",\"description\":\"\",\"publisher\":{\"@id\":\"https:\/\/wiki.dev.voka.io\/es\/#organization\"},\"alternateName\":\"Anatomy & Pathology Wiki by VOKA\",\"potentialAction\":[{\"@type\":\"SearchAction\",\"target\":{\"@type\":\"EntryPoint\",\"urlTemplate\":\"https:\/\/wiki.dev.voka.io\/es\/?s={search_term_string}\"},\"query-input\":{\"@type\":\"PropertyValueSpecification\",\"valueRequired\":true,\"valueName\":\"search_term_string\"}}],\"inLanguage\":\"es\"},{\"@type\":\"Organization\",\"@id\":\"https:\/\/wiki.dev.voka.io\/es\/#organization\",\"name\":\"Voka 3D Anatomy & Pathology\",\"alternateName\":\"VOKA\",\"url\":\"https:\/\/wiki.dev.voka.io\/es\/\",\"logo\":{\"@type\":\"ImageObject\",\"inLanguage\":\"es\",\"@id\":\"https:\/\/wiki.dev.voka.io\/es\/#\/schema\/logo\/image\/\",\"url\":\"https:\/\/wiki.dev.voka.io\/wp-content\/uploads\/2025\/02\/cropped-voka-logo-1.png\",\"contentUrl\":\"https:\/\/wiki.dev.voka.io\/wp-content\/uploads\/2025\/02\/cropped-voka-logo-1.png\",\"width\":70,\"height\":16,\"caption\":\"Voka 3D Anatomy & Pathology\"},\"image\":{\"@id\":\"https:\/\/wiki.dev.voka.io\/es\/#\/schema\/logo\/image\/\"},\"sameAs\":[\"https:\/\/www.facebook.com\/VOKA3DAnatomyAndPathology\/\",\"https:\/\/www.instagram.com\/voka.io\/\",\"https:\/\/www.linkedin.com\/company\/voka-io\/\",\"https:\/\/www.youtube.com\/channel\/UCqGGuOEpr62ScH8Pjk2q5zw\/videos\",\"https:\/\/www.pinterest.com\/VokaAnatomyPro\/\",\"https:\/\/www.threads.com\/@voka.io\"],\"description\":\"VOKA.io offers 3D medical animations and custom 3D modeling services. Our product, VOKA 3D Anatomy & Pathology, is a digital atlas with over 1,000 detailed 3D models of human anatomy and pathology, designed for medical education, training, and patient communication.\",\"email\":\"info@voka.io\",\"telephone\":\"+1 814 351 4442\",\"legalName\":\"Voka 3D Anatomy & Pathology\",\"foundingDate\":\"2017-02-12\",\"naics\":\"541512\",\"numberOfEmployees\":{\"@type\":\"QuantitativeValue\",\"minValue\":\"51\",\"maxValue\":\"200\"},\"publishingPrinciples\":\"https:\/\/wiki.voka.io\/es\/principios-de-publicacion\/\"},{\"@type\":\"Person\",\"@id\":\"https:\/\/wiki.dev.voka.io\/es\/#\/schema\/person\/ab068df9b8f89e81a4974c8fc3697690\",\"name\":\"Artemiy G.\",\"image\":{\"@type\":\"ImageObject\",\"inLanguage\":\"es\",\"@id\":\"https:\/\/wiki.dev.voka.io\/es\/#\/schema\/person\/image\/\",\"url\":\"https:\/\/secure.gravatar.com\/avatar\/41c2ff0508515a8e31a999a47b4643f8332f73d15d3a8e06b016e20b8327c52d?s=96&d=mm&r=g\",\"contentUrl\":\"https:\/\/secure.gravatar.com\/avatar\/41c2ff0508515a8e31a999a47b4643f8332f73d15d3a8e06b016e20b8327c52d?s=96&d=mm&r=g\",\"caption\":\"Artemiy G.\"}}]}<\/script>\n<!-- \/ Yoast SEO Premium plugin. -->","yoast_head_json":{"title":"Tumores del plexo coroideo (TPC): papiloma y carcinoma \u2013 diagn\u00f3stico y tratamiento","description":"Gu\u00eda completa sobre tumores del plexo coroideo (PPC y CPC): etiolog\u00eda, s\u00edntomas, clasificaci\u00f3n de la OMS, diagn\u00f3stico molecular y opciones de tratamiento.","robots":{"index":"noindex","follow":"follow","max-snippet":"max-snippet:-1","max-image-preview":"max-image-preview:large","max-video-preview":"max-video-preview:-1"},"og_locale":"es_ES","og_type":"article","og_title":"Tumores del plexo coroideo: papiloma y carcinoma \u2013 etiolog\u00eda, clasificaci\u00f3n y tratamiento","og_description":"Gu\u00eda completa sobre tumores del plexo coroideo (PPC y CPC): etiolog\u00eda, s\u00edntomas, clasificaci\u00f3n de la OMS, diagn\u00f3stico molecular y opciones de tratamiento.","og_url":"https:\/\/wiki.dev.voka.io\/es\/enfermedades\/oncologicas\/tumores-plexo-coroideo\/","og_site_name":"Voka Wiki","article_publisher":"https:\/\/www.facebook.com\/VOKA3DAnatomyAndPathology\/","article_modified_time":"2025-12-11T12:05:49+00:00","og_image":[{"url":"https:\/\/storage.googleapis.com\/dev_wiki_voka_io_303011\/articles\/en\/oncology\/choroid-plexus-tumors\/choroid-plexus-papilloma.webp","type":"","width":"","height":""}],"twitter_card":"summary_large_image","twitter_misc":{"Tiempo de lectura":"6 minutos"},"schema":{"@context":"https:\/\/schema.org","@graph":[{"@type":"Article","@id":"https:\/\/wiki.dev.voka.io\/es\/enfermedades\/oncologicas\/tumores-plexo-coroideo\/#article","isPartOf":{"@id":"https:\/\/wiki.dev.voka.io\/es\/enfermedades\/oncologicas\/tumores-plexo-coroideo\/"},"author":{"name":"Artemiy G.","@id":"https:\/\/wiki.dev.voka.io\/es\/#\/schema\/person\/ab068df9b8f89e81a4974c8fc3697690"},"headline":"Tumores del plexo coroideo: papiloma y carcinoma \u2013 etiolog\u00eda, clasificaci\u00f3n y tratamiento","datePublished":"2025-12-11T12:05:48+00:00","dateModified":"2025-12-11T12:05:49+00:00","mainEntityOfPage":{"@id":"https:\/\/wiki.dev.voka.io\/es\/enfermedades\/oncologicas\/tumores-plexo-coroideo\/"},"wordCount":1266,"publisher":{"@id":"https:\/\/wiki.dev.voka.io\/es\/#organization"},"image":{"@id":"https:\/\/wiki.dev.voka.io\/es\/enfermedades\/oncologicas\/tumores-plexo-coroideo\/#primaryimage"},"thumbnailUrl":"https:\/\/storage.googleapis.com\/dev_wiki_voka_io_303011\/articles\/en\/oncology\/choroid-plexus-tumors\/choroid-plexus-papilloma.webp","inLanguage":"es"},{"@type":"WebPage","@id":"https:\/\/wiki.dev.voka.io\/es\/enfermedades\/oncologicas\/tumores-plexo-coroideo\/","url":"https:\/\/wiki.dev.voka.io\/es\/enfermedades\/oncologicas\/tumores-plexo-coroideo\/","name":"Tumores del plexo coroideo (TPC): papiloma y carcinoma \u2013 diagn\u00f3stico y tratamiento","isPartOf":{"@id":"https:\/\/wiki.dev.voka.io\/es\/#website"},"primaryImageOfPage":{"@id":"https:\/\/wiki.dev.voka.io\/es\/enfermedades\/oncologicas\/tumores-plexo-coroideo\/#primaryimage"},"image":{"@id":"https:\/\/wiki.dev.voka.io\/es\/enfermedades\/oncologicas\/tumores-plexo-coroideo\/#primaryimage"},"thumbnailUrl":"https:\/\/storage.googleapis.com\/dev_wiki_voka_io_303011\/articles\/en\/oncology\/choroid-plexus-tumors\/choroid-plexus-papilloma.webp","datePublished":"2025-12-11T12:05:48+00:00","dateModified":"2025-12-11T12:05:49+00:00","description":"Gu\u00eda completa sobre tumores del plexo coroideo (PPC y CPC): etiolog\u00eda, s\u00edntomas, clasificaci\u00f3n de la OMS, diagn\u00f3stico molecular y opciones de tratamiento.","breadcrumb":{"@id":"https:\/\/wiki.dev.voka.io\/es\/enfermedades\/oncologicas\/tumores-plexo-coroideo\/#breadcrumb"},"inLanguage":"es","potentialAction":[{"@type":"ReadAction","target":["https:\/\/wiki.dev.voka.io\/es\/enfermedades\/oncologicas\/tumores-plexo-coroideo\/"]}]},{"@type":"ImageObject","inLanguage":"es","@id":"https:\/\/wiki.dev.voka.io\/es\/enfermedades\/oncologicas\/tumores-plexo-coroideo\/#primaryimage","url":"https:\/\/storage.googleapis.com\/dev_wiki_voka_io_303011\/articles\/en\/oncology\/choroid-plexus-tumors\/choroid-plexus-papilloma.webp","contentUrl":"https:\/\/storage.googleapis.com\/dev_wiki_voka_io_303011\/articles\/en\/oncology\/choroid-plexus-tumors\/choroid-plexus-papilloma.webp"},{"@type":"BreadcrumbList","@id":"https:\/\/wiki.dev.voka.io\/es\/enfermedades\/oncologicas\/tumores-plexo-coroideo\/#breadcrumb","itemListElement":[{"@type":"ListItem","position":1,"name":"Home","item":"https:\/\/wiki.dev.voka.io\/es\/"},{"@type":"ListItem","position":2,"name":"Oncolog\u00eda","item":"https:\/\/wiki.dev.voka.io\/es\/enfermedades\/oncologicas\/"},{"@type":"ListItem","position":3,"name":"Tumores del plexo coroideo: papiloma y carcinoma \u2013 etiolog\u00eda, clasificaci\u00f3n y tratamiento"}]},{"@type":"WebSite","@id":"https:\/\/wiki.dev.voka.io\/es\/#website","url":"https:\/\/wiki.dev.voka.io\/es\/","name":"Voka Wiki","description":"","publisher":{"@id":"https:\/\/wiki.dev.voka.io\/es\/#organization"},"alternateName":"Anatomy & Pathology Wiki by VOKA","potentialAction":[{"@type":"SearchAction","target":{"@type":"EntryPoint","urlTemplate":"https:\/\/wiki.dev.voka.io\/es\/?s={search_term_string}"},"query-input":{"@type":"PropertyValueSpecification","valueRequired":true,"valueName":"search_term_string"}}],"inLanguage":"es"},{"@type":"Organization","@id":"https:\/\/wiki.dev.voka.io\/es\/#organization","name":"Voka 3D Anatomy & Pathology","alternateName":"VOKA","url":"https:\/\/wiki.dev.voka.io\/es\/","logo":{"@type":"ImageObject","inLanguage":"es","@id":"https:\/\/wiki.dev.voka.io\/es\/#\/schema\/logo\/image\/","url":"https:\/\/wiki.dev.voka.io\/wp-content\/uploads\/2025\/02\/cropped-voka-logo-1.png","contentUrl":"https:\/\/wiki.dev.voka.io\/wp-content\/uploads\/2025\/02\/cropped-voka-logo-1.png","width":70,"height":16,"caption":"Voka 3D Anatomy & Pathology"},"image":{"@id":"https:\/\/wiki.dev.voka.io\/es\/#\/schema\/logo\/image\/"},"sameAs":["https:\/\/www.facebook.com\/VOKA3DAnatomyAndPathology\/","https:\/\/www.instagram.com\/voka.io\/","https:\/\/www.linkedin.com\/company\/voka-io\/","https:\/\/www.youtube.com\/channel\/UCqGGuOEpr62ScH8Pjk2q5zw\/videos","https:\/\/www.pinterest.com\/VokaAnatomyPro\/","https:\/\/www.threads.com\/@voka.io"],"description":"VOKA.io offers 3D medical animations and custom 3D modeling services. Our product, VOKA 3D Anatomy & Pathology, is a digital atlas with over 1,000 detailed 3D models of human anatomy and pathology, designed for medical education, training, and patient communication.","email":"info@voka.io","telephone":"+1 814 351 4442","legalName":"Voka 3D Anatomy & Pathology","foundingDate":"2017-02-12","naics":"541512","numberOfEmployees":{"@type":"QuantitativeValue","minValue":"51","maxValue":"200"},"publishingPrinciples":"https:\/\/wiki.voka.io\/es\/principios-de-publicacion\/"},{"@type":"Person","@id":"https:\/\/wiki.dev.voka.io\/es\/#\/schema\/person\/ab068df9b8f89e81a4974c8fc3697690","name":"Artemiy G.","image":{"@type":"ImageObject","inLanguage":"es","@id":"https:\/\/wiki.dev.voka.io\/es\/#\/schema\/person\/image\/","url":"https:\/\/secure.gravatar.com\/avatar\/41c2ff0508515a8e31a999a47b4643f8332f73d15d3a8e06b016e20b8327c52d?s=96&d=mm&r=g","contentUrl":"https:\/\/secure.gravatar.com\/avatar\/41c2ff0508515a8e31a999a47b4643f8332f73d15d3a8e06b016e20b8327c52d?s=96&d=mm&r=g","caption":"Artemiy G."}}]}},"_links":{"self":[{"href":"https:\/\/wiki.dev.voka.io\/es\/wp-json\/wp\/v2\/diseases_post\/2005","targetHints":{"allow":["GET"]}}],"collection":[{"href":"https:\/\/wiki.dev.voka.io\/es\/wp-json\/wp\/v2\/diseases_post"}],"about":[{"href":"https:\/\/wiki.dev.voka.io\/es\/wp-json\/wp\/v2\/types\/diseases_post"}],"author":[{"embeddable":true,"href":"https:\/\/wiki.dev.voka.io\/es\/wp-json\/wp\/v2\/users\/11"}],"wp:attachment":[{"href":"https:\/\/wiki.dev.voka.io\/es\/wp-json\/wp\/v2\/media?parent=2005"}],"wp:term":[{"taxonomy":"diseases_category","embeddable":true,"href":"https:\/\/wiki.dev.voka.io\/es\/wp-json\/wp\/v2\/diseases_category?post=2005"}],"curies":[{"name":"wp","href":"https:\/\/api.w.org\/{rel}","templated":true}]}}