{"id":1767,"date":"2025-11-13T14:41:24","date_gmt":"2025-11-13T11:41:24","guid":{"rendered":"https:\/\/wiki.dev.voka.io\/diseases\/uncategorized\/trastornos-nasales-postraumaticos\/"},"modified":"2025-12-10T18:22:05","modified_gmt":"2025-12-10T15:22:05","slug":"trastornos-nasales-postraumaticos","status":"publish","type":"diseases_post","link":"https:\/\/wiki.dev.voka.io\/es\/enfermedades\/otorrinolaringologia\/trastornos-nasales-postraumaticos\/","title":{"rendered":"Trastornos nasales postraum\u00e1ticos: clasificaci\u00f3n, etiolog\u00eda, diagn\u00f3stico y tratamiento"},"content":{"rendered":"<p><?xml encoding=\"UTF-8\" ?><\/p>\n<p>Este art\u00edculo trata las afecciones patol\u00f3gicas que surgen de la alteraci\u00f3n de la integridad anat\u00f3mica de las estructuras nasales debido a diversos impactos mec\u00e1nicos.<\/p>\n<h2 class=\"wp-block-heading\" id=\"clasificacion-y-anatomia-de-los-trastornos-nasales-postraumaticos\"><strong>Clasificaci\u00f3n y anatom\u00eda de los trastornos nasales postraum\u00e1ticos<\/strong><\/h2>\n<h3 class=\"wp-block-heading\" id=\"sinequias-nasales\"><strong>Sinequias nasales<\/strong><\/h3>\n<p>Las sinequias nasales son adherencias fibrosas patol\u00f3gicas entre el tabique nasal y las estructuras de la pared lateral de la nariz (cornetes) que interfieren con la fisiolog\u00eda nasal normal. <\/p>\n<figure class=\"wp-block-image size-large\"><img decoding=\"async\" src=\"https:\/\/storage.googleapis.com\/dev_wiki_voka_io_303011\/articles\/en\/otorhinolaryngology\/post-traumatic-nasal-changes\/nasal-cavity-synechiae.webp\" alt=\"Sinequias nasales\"><figcaption class=\"wp-element-caption\">Sinequias nasales \u2013 <a href=\"https:\/\/catalog.voka.io\/en\/models\/8861ee9e-a330-4451-856d-1de6ead27805\/8066b69f-0c3f-4c7c-960f-70699a27ff6c\/da351df0-fd5c-4b1b-82a0-32bdd31cf967\/0ee6b980-e36e-4ddc-85be-f2082809c6d5\" target=\"_blank\" rel=\"noreferrer noopener nofollow\">Modelo 3D<\/a><\/figcaption><\/figure>\n<h3 class=\"wp-block-heading\" id=\"atresia-de-coanas-adquirida\"><strong>Atresia de coanas adquirida<\/strong><\/h3>\n<p>La atresia de coanas adquirida<em><\/em>se caracteriza por la formaci\u00f3n de una membrana de tejido conectivo o cartilaginoso en la cavidad nasal a nivel de las coanas, que obstruye el flujo de aire a trav\u00e9s de la mitad correspondiente de la nariz hacia la nasofaringe.<\/p>\n<p>Puede ser unilateral o bilateral, y tambi\u00e9n parcial (el lumen se conserva) o completa. Las atresias adquiridas suelen ser parciales y unilaterales.<\/p>\n<h3 class=\"wp-block-heading\" id=\"deformidad-nasal-externa-postraumatica\"><strong>Deformidad nasal externa postraum\u00e1tica <\/strong><\/h3>\n<p>Las deformidades postraum\u00e1ticas de la nariz externa implican la alteraci\u00f3n de la anatom\u00eda normal del esqueleto nasal, incluyendo el dorso, la punta o el tabique nasal, tanto en las regiones cartilaginosas como \u00f3seas. Estos cambios suelen producirse cuando no se realiza una intervenci\u00f3n quir\u00fargica adecuada y oportuna, como el reposicionamiento \u00f3seo.<\/p>\n<p>Con el tiempo, la nariz puede adoptar diversas formas dependiendo del tipo de deformidad. En los casos de deformidad en silla de montar, el dorso nasal se hunde hacia adentro. Cuando la deformidad tiene forma de arco (escoli\u00f3tica), el eje recto del dorso se ve interrumpido. En las desviaciones angulares, el dorso nasal se desplaza lateralmente, mientras que su eje general permanece preservado. <\/p>\n<h2 class=\"wp-block-heading\" id=\"etiologia\"><strong>Etiolog\u00eda<\/strong><\/h2>\n<p>Varios factores comunes contribuyen al desarrollo de trastornos nasales postraum\u00e1ticos antes mencionados:<\/p>\n<ul class=\"wp-block-list\">\n<li><strong>Da\u00f1os mec\u00e1nicos:<\/strong> son la causa m\u00e1s frecuente de estos trastornos. Incluyen ca\u00eddas, traumatismos contusos y accidentes de tr\u00e1fico que pueden provocar da\u00f1os estructurales inmediatos, as\u00ed como cambios postraum\u00e1ticos tard\u00edos.<\/li>\n<li><strong>Intervenciones quir\u00fargicas (causas iatrog\u00e9nicas):<\/strong>\n<ul class=\"wp-block-list\">\n<li>Cirug\u00edas nasales previas (en casos raros), como septoplastia, polipectom\u00eda o reducci\u00f3n quir\u00fargica del suministro de sangre a la mucosa hipertrofiada del cornete inferior. <\/li>\n<li>Los cuidados postoperatorios inadecuados pueden provocar retraso en la cicatrizaci\u00f3n, hinchaz\u00f3n prolongada o infecci\u00f3n bacteriana secundaria.<\/li>\n<li>Un taponamiento nasal anterior mal realizado puede causar da\u00f1os significativos a la mucosa nasal. <\/li>\n<\/ul>\n<\/li>\n<li><strong>Enfermedades cr\u00f3nicas:<\/strong> Las infecciones persistentes o de progresi\u00f3n lenta, as\u00ed como los trastornos autoinmunitarios que afectan a la cavidad nasal, pueden contribuir al desarrollo de estas patolog\u00edas, especialmente cuando los pacientes tardan en buscar atenci\u00f3n m\u00e9dica. <\/li>\n<\/ul>\n<h3 class=\"wp-block-heading\" id=\"etiologia-de-las-sinequias-nasales\"><strong>Etiolog\u00eda de las sinequias nasales<\/strong><\/h3>\n<p>Las principales causas de su aparici\u00f3n son:<\/p>\n<ul class=\"wp-block-list\">\n<li>Complicaciones postoperatorias;<\/li>\n<li>Traumatismos de la membrana mucosa;<\/li>\n<li>Enfermedades autoinmunes.<\/li>\n<\/ul>\n<h3 class=\"wp-block-heading\" id=\"etiologia-de-las-atresias-de-coanas-adquiridas\"><strong>Etiolog\u00eda de las atresias de coanas adquiridas<\/strong><\/h3>\n<p>Las causas predominantes de las atresias de coanas adquiridas son:<\/p>\n<ul class=\"wp-block-list\">\n<li>Traumas extensos del esqueleto facial;<\/li>\n<li><span class=\"glossary-term\" data-title=\"Quemaduras\" data-tooltip=\"Una quemadura es un da\u00f1o al tejido corporal causado por la exposici\u00f3n a altas temperaturas (quemadura t\u00e9rmica), sustancias qu\u00edmicas (quemadura qu\u00edmica), corriente el\u00e9ctrica (quemadura el\u00e9ctrica) o radiaci\u00f3n ionizante (quemadura por radiaci\u00f3n).\" data-link=\"https:\/\/wiki.dev.voka.io\/es\/glosario\/quemaduras\/\">Quemaduras<\/span> del tracto respiratorio superior;<\/li>\n<li>Presencia prolongada de una sonda nasog\u00e1strica;<\/li>\n<li>Procesos autoinmunes.<\/li>\n<\/ul>\n<h3 class=\"wp-block-heading\" id=\"etiologia-de-las-deformidades-nasales-externas-postraumaticas\"><strong>Etiolog\u00eda de las deformidades nasales externas postraum\u00e1ticas<\/strong><\/h3>\n<p>Las deformidades postraum\u00e1ticas de la nariz externa se producen como resultado de un impacto mec\u00e1nico, como golpe o ca\u00edda, en la zona del esqueleto facial de intensidad y direcci\u00f3n variables. <\/p>\n<p>El cambio en la forma de la nariz se hace permanente si, tras un da\u00f1o mec\u00e1nico, no se realiza un reposicionamiento oportuno de los huesos por diversas razones, como incumplimiento de plazos, renuencia del paciente o presencia de contraindicaciones.<\/p>\n<h2 class=\"wp-block-heading\" id=\"manifestaciones-clinicas\"><strong>Manifestaciones cl\u00ednicas <\/strong><\/h2>\n<p>Las <strong>sinequias nasales<\/strong> se caracterizan por:<\/p>\n<ul class=\"wp-block-list\">\n<li>Respiraci\u00f3n y olfato alterados; <\/li>\n<li>Sequedad y formaci\u00f3n de costras;<\/li>\n<li>Sinusitis frecuente;<\/li>\n<li>Ronquido.<\/li>\n<\/ul>\n<p>Las <strong>atresias de coanas adquiridas<\/strong><em><\/em> tienen los siguientes signos t\u00edpicos:<\/p>\n<ul class=\"wp-block-list\">\n<li>Dificultad para respirar en diversos grados; <\/li>\n<li>Secreci\u00f3n de co\u00e1gulos de moco; <\/li>\n<li>Deterioro del olfato; <\/li>\n<li>Voz nasal. <\/li>\n<\/ul>\n<p>Las <strong>deformidades postraum\u00e1ticas de la nariz externa<\/strong> se caracterizan por: <\/p>\n<ul class=\"wp-block-list\">\n<li>Insatisfacci\u00f3n est\u00e9tica con la forma de la nariz;<\/li>\n<li>Trastorno de la respiraci\u00f3n nasal. <\/li>\n<\/ul>\n<h2 class=\"wp-block-heading\" id=\"diagnostico-de-los-trastornos-nasales-postraumaticos\"><strong>Diagn\u00f3stico de los trastornos nasales postraum\u00e1ticos<\/strong><\/h2>\n<p>Una <span class=\"glossary-term\" data-title=\"Anamnesis\" data-tooltip=\"La obtenci\u00f3n de la historia cl\u00ednica (anamnesis) es un m\u00e9todo b\u00e1sico del examen cl\u00ednico que consiste en recopilar informaci\u00f3n sobre la enfermedad del paciente, sus condiciones de vida y sus caracter\u00edsticas individuales a trav\u00e9s de preguntas. Esta es la etapa fundamental y m\u00e1s informativa del proceso de diagn\u00f3stico.\" data-link=\"https:\/\/wiki.dev.voka.io\/es\/glosario\/anamnesis\/\">anamnesis<\/span> cuidadosamente recopilada y un examen de rutina (rinoscopia) son suficientes para el diagn\u00f3stico de este grupo de patolog\u00edas.<\/p>\n<p>Para confirmar el diagn\u00f3stico, se realiza una <span class=\"glossary-term\" data-title=\"Endoscopia\" data-tooltip=\"La endoscopia es un m\u00e9todo de diagn\u00f3stico y tratamiento que permite al m\u00e9dico examinar las cavidades internas y los \u00f3rganos huecos mediante un instrumento especializado: el endoscopio. El endoscopio es un instrumento flexible o r\u00edgido que cuenta con un sistema \u00f3ptico (c\u00e1mara) y una fuente de luz en su extremo distal.\" data-link=\"https:\/\/wiki.dev.voka.io\/es\/glosario\/endoscopia\/\">endoscopia<\/span> de la cavidad nasal y <span class=\"glossary-term\" data-title=\"Tomograf\u00eda computarizada\" data-tooltip=\"Tomograf\u00eda computarizada - es un m\u00e9todo de radiodiagn\u00f3stico que se basa en la aplicaci\u00f3n de rayos X para obtener im\u00e1genes capa por capa (secciones) de los \u00f3rganos y de los tejidos internos. Es uno de los m\u00e9todos l\u00edderes de visualizaci\u00f3n en la medicina moderna de alta capacidad informativa.\" data-link=\"https:\/\/wiki.dev.voka.io\/es\/glosario\/tc-tomografia-computarizada\/\">TC<\/span> del esqueleto facial.<\/p>\n<h2 class=\"wp-block-heading\" id=\"tratamiento-de-los-trastornos-nasales-postraumaticos\"><strong>Tratamiento de los trastornos nasales postraum\u00e1ticos<\/strong><\/h2>\n<h3 class=\"wp-block-heading\" id=\"tratamiento-de-las-sinequias-nasales\"><strong>Tratamiento de las sinequias nasales<\/strong><\/h3>\n<p>Las sinequias nasales se disecan utilizando diversos m\u00e9todos y herramientas, como ultrasonido, l\u00e1ser, tijeras, bistur\u00ed y bistur\u00ed de radiofrecuencia, seg\u00fan el equipo de la cl\u00ednica y las preferencias del m\u00e9dico. <\/p>\n<p>Tras la cirug\u00eda, es necesario prevenir la formaci\u00f3n de adherencias posteriores. Para ello, se fijan rinoprotectores (f\u00e9rulas) de silicona al tabique nasal durante el per\u00edodo de cicatrizaci\u00f3n. Tambi\u00e9n se realiza un taponamiento con esponjas hemost\u00e1ticas para detener el sangrado. <\/p>\n<p>En el periodo postoperatorio, es necesario un cuidado regular de la cavidad nasal, que incluye la eliminaci\u00f3n delicada de las costras y la aplicaci\u00f3n de torundas con un ung\u00fcento para mejorar la cicatrizaci\u00f3n. <\/p>\n<h3 class=\"wp-block-heading\" id=\"tratamiento-de-la-atresia-de-coanas-adquirida\"><strong>Tratamiento de la atresia de coanas adquirida<\/strong><\/h3>\n<p>La atresia de coanas adquirida se elimina bajo control endosc\u00f3pico. Se extirpan los tejidos patol\u00f3gicos, restaurando la anatom\u00eda normal siempre que sea posible. Para prevenir cicatrices, se instalan tubos de silicona seg\u00fan el tama\u00f1o de las coanas hasta la curaci\u00f3n completa, lo cual ocurre en 3 a 4\u00a0semanas.<\/p>\n<div class=\"social-banner-block\">\n<div class=\"social-banner-content\">\n<p class=\"h5-title text-black\">Encuentra m\u00e1s contenido cient\u00edficamente preciso en nuestras redes sociales<\/p>\n<p><span class=\"social-banner-text text-grey\">Suscr\u00edbete y no te pierdas los \u00faltimos recursos<\/span><\/p>\n<div class=\"social-links-wrapper\"><a class=\"social-icon-link\" href=\"https:\/\/www.facebook.com\/VOKA3DAnatomyAndPathology\/\" target=\"_blank\" rel=\"nofollow noopener\"><img decoding=\"async\" src=\"https:\/\/storage.googleapis.com\/dev_wiki_voka_io_303011\/common\/Social%20Icons\/facebook.svg\" alt=\"social link\"><\/a><a class=\"social-icon-link\" href=\"https:\/\/www.instagram.com\/voka.io\/\" target=\"_blank\" rel=\"nofollow noopener\"><img decoding=\"async\" src=\"https:\/\/storage.googleapis.com\/dev_wiki_voka_io_303011\/common\/Social%20Icons\/insta.svg\" alt=\"social link\"><\/a><a class=\"social-icon-link\" href=\"https:\/\/www.linkedin.com\/company\/voka-io\/posts\/?feedView=all\" target=\"_blank\" rel=\"nofollow noopener\"><img decoding=\"async\" src=\"https:\/\/storage.googleapis.com\/dev_wiki_voka_io_303011\/common\/Social%20Icons\/linkedin.svg\" alt=\"social link\"><\/a><a class=\"social-icon-link\" href=\"https:\/\/www.youtube.com\/@vokaio\" target=\"_blank\" rel=\"nofollow noopener\"><img decoding=\"async\" src=\"https:\/\/storage.googleapis.com\/dev_wiki_voka_io_303011\/common\/Social%20Icons\/youtube.svg\" alt=\"social link\"><\/a><a class=\"social-icon-link\" href=\"https:\/\/www.pinterest.com\/voka3danatomyandpathology\/\" target=\"_blank\" rel=\"nofollow noopener\"><img decoding=\"async\" src=\"https:\/\/storage.googleapis.com\/dev_wiki_voka_io_303011\/common\/Social%20Icons\/pinterest.svg\" alt=\"social link\"><\/a><a class=\"social-icon-link\" href=\"https:\/\/www.tiktok.com\/@voka.io\" target=\"_blank\" rel=\"nofollow noopener\"><img decoding=\"async\" src=\"https:\/\/storage.googleapis.com\/dev_wiki_voka_io_303011\/common\/Social%20Icons\/tiktok.svg\" alt=\"social link\"><\/a><a class=\"social-icon-link\" href=\"https:\/\/discord.gg\/7ejUpq8DRR\" target=\"_blank\" rel=\"nofollow noopener\"><img decoding=\"async\" src=\"https:\/\/storage.googleapis.com\/dev_wiki_voka_io_303011\/common\/Social%20Icons\/discord.svg\" alt=\"social link\"><\/a><\/div>\n<\/div>\n<p><img decoding=\"async\" class=\"social-banner-image\" loading=\"lazy\" src=\"https:\/\/storage.googleapis.com\/dev_wiki_voka_io_303011\/common\/social-media-banner-mobile-image.webp\" alt=\"Banner background\"><\/div>\n<h3 class=\"wp-block-heading\" id=\"tratamiento-de-las-deformidades-postraumaticas-de-la-nariz-externa\"><strong>Tratamiento de las deformidades postraum\u00e1ticas de la nariz externa<\/strong><\/h3>\n<p>En caso de deformidades postraum\u00e1ticas de la nariz externa, se realiza una rinoplastia o una rinoseptoplastia dependiendo de la extensi\u00f3n de la lesi\u00f3n. <\/p>\n<figure class=\"wp-block-video\" id=\"animacion-3d-rinoplastia-abierta\"><video controls><source data-src=\"https:\/\/storage.googleapis.com\/dev_wiki_voka_io_303011\/articles\/en\/otorhinolaryngology\/post-traumatic-nasal-changes\/open-rhinoplasty.webm\" type=\"video\/webm\"><\/source><\/video><figcaption class=\"wp-element-caption\">Animaci\u00f3n 3D: rinoplastia abierta<\/figcaption><\/figure>\n<div>\n<h2 class=\"faq-title h2-article\" id=\"faq\">FAQ<\/h2>\n<div class=\"faq-section\">\n<div class=\"faq-item faq-answer-hidden\">\n<div class=\"question-block\">\n<div class=\"faq-question\">\n<p class=\" text-black h5-title\">1. \u00bfCu\u00e1les son los principales tipos de trastornos nasales postraum\u00e1ticos y c\u00f3mo se manifiestan?<\/p>\n<\/div>\n<div class=\"faq-answer text-main-text-color main-text-medium\">Los principales trastornos nasales postraum\u00e1ticos incluyen tres patolog\u00edas. Las sinequias son adherencias cicatriciales entre el tabique nasal y los cornetes. La atresia de coanas adquirida es el cierre completo o parcial de las partes posteriores de la cavidad nasal con tejido conectivo o cartilaginoso. La deformaci\u00f3n postraum\u00e1tica de la nariz externa es un cambio persistente en la forma de su esqueleto \u00f3seo o cartilaginoso (por ejemplo, deformidad en silla de montar o escoli\u00f3tica).<\/div>\n<\/div>\n<div class=\"expand-button-wrapper\"><button class=\"text-accent expand-button\">+<\/button><\/div>\n<\/div>\n<div class=\"faq-item faq-answer-hidden\">\n<div class=\"question-block\">\n<div class=\"faq-question\">\n<p class=\" text-black h5-title\">2. \u00bfCu\u00e1les son las causas comunes de estos trastornos?<\/p>\n<\/div>\n<div class=\"faq-answer text-main-text-color main-text-medium\">La causa m\u00e1s com\u00fan son los traumatismos mec\u00e1nicos, como impactos, ca\u00eddas y accidentes de tr\u00e1fico. Sus consecuencias pueden ser tanto inmediatas como tard\u00edas. La segunda causa m\u00e1s importante son los factores iatrog\u00e9nicos, es decir, las complicaciones posteriores a intervenciones quir\u00fargicas en la cavidad nasal. Con menor frecuencia, dichos trastornos se causan por las enfermedades inflamatorias o autoinmunes cr\u00f3nicas, como la vasculitis asociada a ANCA.<\/div>\n<\/div>\n<div class=\"expand-button-wrapper\"><button class=\"text-accent expand-button\">+<\/button><\/div>\n<\/div>\n<div class=\"faq-item faq-answer-hidden\">\n<div class=\"question-block\">\n<div class=\"faq-question\">\n<p class=\" text-black h5-title\">3. \u00bfC\u00f3mo difieren las manifestaciones cl\u00ednicas seg\u00fan el tipo de trastorno postraum\u00e1tico?<\/p>\n<\/div>\n<div class=\"faq-answer text-main-text-color main-text-medium\">Cada trastorno tiene manifestaciones cl\u00ednicas espec\u00edficas. Las sinequias se caracterizan por obstrucci\u00f3n unilateral de la respiraci\u00f3n nasal, sequedad, formaci\u00f3n de costras y sinusitis recurrente. En caso de atresia de coanas, la dificultad para respirar se acompa\u00f1a de una voz nasal (rinolalia cerrada) y acumulaci\u00f3n de moco espeso. La insatisfacci\u00f3n est\u00e9tica del paciente y, a menudo, dificultad para respirar por la nariz son las principales molestias en las deformidades nasales externas.<\/div>\n<\/div>\n<div class=\"expand-button-wrapper\"><button class=\"text-accent expand-button\">+<\/button><\/div>\n<\/div>\n<div class=\"faq-item faq-answer-hidden\">\n<div class=\"question-block\">\n<div class=\"faq-question\">\n<p class=\" text-black h5-title\">4. \u00bfCu\u00e1les son los principales m\u00e9todos diagn\u00f3sticos para confirmar el diagn\u00f3stico?<\/p>\n<\/div>\n<div class=\"faq-answer text-main-text-color main-text-medium\">El diagn\u00f3stico se basa en la recopilaci\u00f3n de la anamnesis, que incluye una referencia al traumatismo o cirug\u00eda, y un examen otorrinolaringol\u00f3gico est\u00e1ndar: la rinoscopia. Para una evaluaci\u00f3n detallada del alcance de las sinequias o atresias, as\u00ed como para planificar la cirug\u00eda en caso de deformidades, se utilizan la endoscopia nasal y la tomograf\u00eda computarizada (TC) del esqueleto facial.<\/div>\n<\/div>\n<div class=\"expand-button-wrapper\"><button class=\"text-accent expand-button\">+<\/button><\/div>\n<\/div>\n<div class=\"faq-item faq-answer-hidden\">\n<div class=\"question-block\">\n<div class=\"faq-question\">\n<p class=\" text-black h5-title\">5. \u00bfCu\u00e1les son los principios de tratamiento para cada tipo de trastornos nasales postraum\u00e1ticos?<\/p>\n<\/div>\n<div class=\"faq-answer text-main-text-color main-text-medium\">El tratamiento de todas estas afecciones es exclusivamente quir\u00fargico. Las sinequias se disecan utilizando l\u00e1ser, bistur\u00ed de radiofrecuencia o herramientas tradicionales. La atresia de coanas se elimina por endoscopia mediante la escisi\u00f3n de la membrana cicatricial. Las deformidades postraum\u00e1ticas de la nariz externa se corrigen mediante rinoplastia o rinoseptoplastia para restaurar tanto la forma como la funci\u00f3n nasal.<\/div>\n<\/div>\n<div class=\"expand-button-wrapper\"><button class=\"text-accent expand-button\">+<\/button><\/div>\n<\/div>\n<div class=\"faq-item faq-answer-hidden\">\n<div class=\"question-block\">\n<div class=\"faq-question\">\n<p class=\" text-black h5-title\">6. \u00bfC\u00f3mo prevenir la recurrencia de sinequias despu\u00e9s de su disecci\u00f3n quir\u00fargica?<\/p>\n<\/div>\n<div class=\"faq-answer text-main-text-color main-text-medium\">La prevenci\u00f3n de la recurrencia es una etapa clave del tratamiento. Inmediatamente despu\u00e9s de la disecci\u00f3n de las adherencias, se colocan rinoprotectores (f\u00e9rulas) especiales de silicona en la cavidad nasal durante todo el per\u00edodo de cicatrizaci\u00f3n para separar mec\u00e1nicamente las superficies de la membrana mucosa. El cuidado postoperatorio regular y minucioso de la cavidad nasal tambi\u00e9n es extremadamente importante.<\/div>\n<\/div>\n<div class=\"expand-button-wrapper\"><button class=\"text-accent expand-button\">+<\/button><\/div>\n<\/div>\n<\/div>\n<\/div>\n<div class=\"sources-list-block sources-list-hidden\" id=\"bibliografia\">\n<div class=\"sources-list-content\">\n<div class=\"sources-list-title\">\n<p class=\"small-text-bold text-black sources-list-title-text\">Bibliograf\u00eda<\/p>\n<div class=\"sources-expand-button-wrapper-mobile\">\n<div class=\"sources-expand-button\"><svg width=\"32\" height=\"32\" viewbox=\"0 0 32 32\" fill=\"none\" xmlns=\"http:\/\/www.w3.org\/2000\/svg\"><path d=\"M8 12L16 20L24 12\" stroke=\"#8C9AAB\" stroke-width=\"2\" stroke-linecap=\"round\" stroke-linejoin=\"round\"><\/path><\/svg><\/div>\n<\/div>\n<\/div>\n<div class=\"sources-list-items\">\n<div class=\"source-item\">\n<p class=\"main-text-semibold text-black\">1.<\/p>\n<div class=\"source-item-content\">\n<p class=\"main-text-semibold text-black\"><cite>Cat\u00e1logo VOKA. [Recurso electr\u00f3nico]<\/cite><\/p>\n<p><span class=\"small-text-medium text-grey\">https:\/\/catalog.voka.io\/ <\/span><\/div>\n<\/div>\n<div class=\"source-item\">\n<p class=\"main-text-semibold text-black\">2.<\/p>\n<div class=\"source-item-content\">\n<p class=\"main-text-semibold text-black\"><cite>Sclafani, A. P., Dyleski, R. A., Pitman, M. J., & Schantz, S. P. (2015). Total otolaryngology\u2014Head and neck surgery [Otorrinolaringolog\u00eda total: cirug\u00eda de cabeza y cuello]. Thieme Medical Publishers, Inc. ISBN 978-1-60406-646-3.<\/cite><\/p>\n<\/div>\n<\/div>\n<div class=\"source-item\">\n<p class=\"main-text-semibold text-black\">3.<\/p>\n<div class=\"source-item-content\">\n<p class=\"main-text-semibold text-black\"><cite>\u0411\u0435\u0440\u0431\u043e\u043c \u0425., \u041a\u0430\u0448\u043a\u0435 \u041e., \u041d\u0430\u0432\u043a\u0430 \u0422., \u0421\u0432\u0438\u0444\u0442 \u042d. \u0411\u043e\u043b\u0435\u0437\u043d\u0438 \u0443\u0445\u0430, \u0433\u043e\u0440\u043b\u0430 \u0438 \u043d\u043e\u0441\u0430 \/ \u0425\u0430\u043d\u0441 \u0411\u0435\u0440\u0431\u043e\u043c, \u041e\u043b\u0438\u0432\u0435\u0440 \u041a\u0430\u0448\u043a\u0435, \u0422\u0430\u0434\u0435\u0443\u0441 \u041d\u0430\u0432\u043a\u0430, \u042d\u043d\u0434\u0440\u044e \u0421\u0432\u0438\u0444\u0442 ; \u043f\u0435\u0440. \u0441 \u0430\u043d\u0433\u043b. \u2013 2-\u0435 \u0438\u0437\u0434. \u2013 \u041c. : \u041c\u0415\u0414\u043f\u0440\u0435\u0441\u0441-\u0438\u043d\u0444\u043e\u0440\u043c, 2016. \u2013 776 \u0441. : \u0438\u043b. [Behrbohm H, Kaschke O, Nawka T, Swift A. (2016). Bolezni ukha, gorla i nosa (Enfermedades del o\u00eddo, la nariz y la garganta). Mosc\u00fa: MEDpress-inform. Traducci\u00f3n del ingl\u00e9s. 2da ed. 776 p.]. ISBN 978-5-00030-322-1. <\/cite><\/p>\n<\/div>\n<\/div>\n<div class=\"source-item\">\n<p class=\"main-text-semibold text-black\">4.<\/p>\n<div class=\"source-item-content\">\n<p class=\"main-text-semibold text-black\"><cite>St\u0119pi\u0144ski, M. J., & Banaszewski, J. (2023). Intranasal synechiae as complications of rhinosurgical treatment \u2014 A review of current knowledge [Sinequias intranasales como complicaciones del tratamiento rinoquir\u00fargico: una revisi\u00f3n del conocimiento actual]. Journal of Clinical Medicine, 12(21), 6831. PMID: 37959296; PMCID: PMC10648208.<\/cite><\/p>\n<p><span class=\"small-text-medium text-grey\">https:\/\/doi.org\/10.3390\/jcm12216831 <\/span><\/div>\n<\/div>\n<div class=\"source-item\">\n<p class=\"main-text-semibold text-black\">5.<\/p>\n<div class=\"source-item-content\">\n<p class=\"main-text-semibold text-black\"><cite>Karpishchenko S.A., Vereshchagina O.E., Teplova E.O. Dvustoronnyaya sinekhial\u2019naya obstruktsiya polosti nosa [Sinequias bilaterales que obstruyen la cavidad nasal]. Vestn Otorinolaringol, 2020, vol. 85, no. 4, pp. 80\u201384. DOI: 10.17116\/otorino20208504180. PMID: 32885643. (En ruso). <\/cite><\/p>\n<\/div>\n<\/div>\n<div class=\"source-item\">\n<p class=\"main-text-semibold text-black\">6.<\/p>\n<div class=\"source-item-content\">\n<p class=\"main-text-semibold text-black\"><cite>Ku PK, Tong MC, Tsang SS, van Hasselt A. (2001). Acquired posterior choanal stenosis and atresia: management of this unusual complication after radiotherapy for nasopharyngeal carcinoma [Estenosis y atresia de coanas posteriores adquiridas: manejo de esta complicaci\u00f3n inusual tras radioterapia para carcinoma nasofar\u00edngeo]. Am J Otolaryngol. Julio\u2013agosto de 2001;22(4):225-9. doi: 10.1053\/ajot.2001.24816. PMID: 11464317.<\/cite><\/p>\n<\/div>\n<\/div>\n<\/div>\n<\/div>\n<div class=\"sources-expand-button-wrapper\">\n<div class=\"sources-expand-button\"><svg width=\"32\" height=\"32\" viewbox=\"0 0 32 32\" fill=\"none\" xmlns=\"http:\/\/www.w3.org\/2000\/svg\"><path d=\"M8 12L16 20L24 12\" stroke=\"#8C9AAB\" stroke-width=\"2\" stroke-linecap=\"round\" stroke-linejoin=\"round\"><\/path><\/svg><\/div>\n<\/div>\n<\/div>\n","protected":false},"excerpt":{"rendered":"<p>Este art\u00edculo trata las afecciones patol\u00f3gicas que surgen de la alteraci\u00f3n de la integridad anat\u00f3mica de las estructuras nasales debido a diversos impactos mec\u00e1nicos. Clasificaci\u00f3n y anatom\u00eda de los trastornos nasales postraum\u00e1ticos Sinequias nasales Las sinequias nasales son adherencias fibrosas patol\u00f3gicas entre el tabique nasal y las estructuras de la pared lateral de la nariz [&hellip;]<\/p>\n","protected":false},"author":4,"featured_media":0,"template":"","diseases_category":[264],"class_list":["post-1767","diseases_post","type-diseases_post","status-publish","hentry","diseases_category-otorrinolaringologia"],"acf":[],"yoast_head":"<!-- This site is optimized with the Yoast SEO Premium plugin v25.0 (Yoast SEO v26.5) - https:\/\/yoast.com\/wordpress\/plugins\/seo\/ -->\n<title>Trastornos nasales postraum\u00e1ticos: clasificaci\u00f3n, causas, s\u00edntomas, diagn\u00f3stico y tratamiento<\/title>\n<meta name=\"description\" content=\"Clasificaci\u00f3n de los trastornos nasales postraum\u00e1ticos. El art\u00edculo trata sobre las sinequias nasales, la atresia de coanas adquirida, las deformidades nasales externas, los m\u00e9todos para su diagn\u00f3stico y tratamiento.\" \/>\n<meta name=\"robots\" content=\"noindex, follow, max-snippet:-1, max-image-preview:large, max-video-preview:-1\" \/>\n<meta property=\"og:locale\" content=\"es_ES\" \/>\n<meta property=\"og:type\" content=\"article\" \/>\n<meta property=\"og:title\" content=\"Trastornos nasales postraum\u00e1ticos: clasificaci\u00f3n, etiolog\u00eda, diagn\u00f3stico y tratamiento\" \/>\n<meta property=\"og:description\" content=\"Clasificaci\u00f3n de los trastornos nasales postraum\u00e1ticos. El art\u00edculo trata sobre las sinequias nasales, la atresia de coanas adquirida, las deformidades nasales externas, los m\u00e9todos para su diagn\u00f3stico y tratamiento.\" \/>\n<meta property=\"og:url\" content=\"https:\/\/wiki.dev.voka.io\/es\/enfermedades\/otorrinolaringologia\/trastornos-nasales-postraumaticos\/\" \/>\n<meta property=\"og:site_name\" content=\"Voka Wiki\" \/>\n<meta property=\"article:publisher\" content=\"https:\/\/www.facebook.com\/VOKA3DAnatomyAndPathology\/\" \/>\n<meta property=\"article:modified_time\" content=\"2025-12-10T15:22:05+00:00\" \/>\n<meta property=\"og:image\" content=\"https:\/\/storage.googleapis.com\/dev_wiki_voka_io_303011\/articles\/en\/otorhinolaryngology\/post-traumatic-nasal-changes\/nasal-cavity-synechiae.webp\" \/>\n<meta name=\"twitter:card\" content=\"summary_large_image\" \/>\n<meta name=\"twitter:label1\" content=\"Tiempo de lectura\" \/>\n\t<meta name=\"twitter:data1\" content=\"5 minutos\" \/>\n<script type=\"application\/ld+json\" class=\"yoast-schema-graph\">{\"@context\":\"https:\/\/schema.org\",\"@graph\":[{\"@type\":\"Article\",\"@id\":\"https:\/\/wiki.dev.voka.io\/es\/enfermedades\/otorrinolaringologia\/trastornos-nasales-postraumaticos\/#article\",\"isPartOf\":{\"@id\":\"https:\/\/wiki.dev.voka.io\/es\/enfermedades\/otorrinolaringologia\/trastornos-nasales-postraumaticos\/\"},\"author\":{\"name\":\"Danata A.\",\"@id\":\"https:\/\/wiki.dev.voka.io\/es\/#\/schema\/person\/75a01428a2e97375c0facaaeba432542\"},\"headline\":\"Trastornos nasales postraum\u00e1ticos: clasificaci\u00f3n, etiolog\u00eda, diagn\u00f3stico y tratamiento\",\"datePublished\":\"2025-11-13T11:41:24+00:00\",\"dateModified\":\"2025-12-10T15:22:05+00:00\",\"mainEntityOfPage\":{\"@id\":\"https:\/\/wiki.dev.voka.io\/es\/enfermedades\/otorrinolaringologia\/trastornos-nasales-postraumaticos\/\"},\"wordCount\":946,\"publisher\":{\"@id\":\"https:\/\/wiki.dev.voka.io\/es\/#organization\"},\"image\":{\"@id\":\"https:\/\/wiki.dev.voka.io\/es\/enfermedades\/otorrinolaringologia\/trastornos-nasales-postraumaticos\/#primaryimage\"},\"thumbnailUrl\":\"https:\/\/storage.googleapis.com\/dev_wiki_voka_io_303011\/articles\/en\/otorhinolaryngology\/post-traumatic-nasal-changes\/nasal-cavity-synechiae.webp\",\"inLanguage\":\"es\"},{\"@type\":\"WebPage\",\"@id\":\"https:\/\/wiki.dev.voka.io\/es\/enfermedades\/otorrinolaringologia\/trastornos-nasales-postraumaticos\/\",\"url\":\"https:\/\/wiki.dev.voka.io\/es\/enfermedades\/otorrinolaringologia\/trastornos-nasales-postraumaticos\/\",\"name\":\"Trastornos nasales postraum\u00e1ticos: clasificaci\u00f3n, causas, s\u00edntomas, diagn\u00f3stico y tratamiento\",\"isPartOf\":{\"@id\":\"https:\/\/wiki.dev.voka.io\/es\/#website\"},\"primaryImageOfPage\":{\"@id\":\"https:\/\/wiki.dev.voka.io\/es\/enfermedades\/otorrinolaringologia\/trastornos-nasales-postraumaticos\/#primaryimage\"},\"image\":{\"@id\":\"https:\/\/wiki.dev.voka.io\/es\/enfermedades\/otorrinolaringologia\/trastornos-nasales-postraumaticos\/#primaryimage\"},\"thumbnailUrl\":\"https:\/\/storage.googleapis.com\/dev_wiki_voka_io_303011\/articles\/en\/otorhinolaryngology\/post-traumatic-nasal-changes\/nasal-cavity-synechiae.webp\",\"datePublished\":\"2025-11-13T11:41:24+00:00\",\"dateModified\":\"2025-12-10T15:22:05+00:00\",\"description\":\"Clasificaci\u00f3n de los trastornos nasales postraum\u00e1ticos. El art\u00edculo trata sobre las sinequias nasales, la atresia de coanas adquirida, las deformidades nasales externas, los m\u00e9todos para su diagn\u00f3stico y tratamiento.\",\"breadcrumb\":{\"@id\":\"https:\/\/wiki.dev.voka.io\/es\/enfermedades\/otorrinolaringologia\/trastornos-nasales-postraumaticos\/#breadcrumb\"},\"inLanguage\":\"es\",\"potentialAction\":[{\"@type\":\"ReadAction\",\"target\":[\"https:\/\/wiki.dev.voka.io\/es\/enfermedades\/otorrinolaringologia\/trastornos-nasales-postraumaticos\/\"]}]},{\"@type\":\"ImageObject\",\"inLanguage\":\"es\",\"@id\":\"https:\/\/wiki.dev.voka.io\/es\/enfermedades\/otorrinolaringologia\/trastornos-nasales-postraumaticos\/#primaryimage\",\"url\":\"https:\/\/storage.googleapis.com\/dev_wiki_voka_io_303011\/articles\/en\/otorhinolaryngology\/post-traumatic-nasal-changes\/nasal-cavity-synechiae.webp\",\"contentUrl\":\"https:\/\/storage.googleapis.com\/dev_wiki_voka_io_303011\/articles\/en\/otorhinolaryngology\/post-traumatic-nasal-changes\/nasal-cavity-synechiae.webp\"},{\"@type\":\"BreadcrumbList\",\"@id\":\"https:\/\/wiki.dev.voka.io\/es\/enfermedades\/otorrinolaringologia\/trastornos-nasales-postraumaticos\/#breadcrumb\",\"itemListElement\":[{\"@type\":\"ListItem\",\"position\":1,\"name\":\"Home\",\"item\":\"https:\/\/wiki.dev.voka.io\/es\/\"},{\"@type\":\"ListItem\",\"position\":2,\"name\":\"Otorrinolaringolog\u00eda\",\"item\":\"https:\/\/wiki.dev.voka.io\/es\/enfermedades\/otorrinolaringologia\/\"},{\"@type\":\"ListItem\",\"position\":3,\"name\":\"Trastornos nasales postraum\u00e1ticos: clasificaci\u00f3n, etiolog\u00eda, diagn\u00f3stico y tratamiento\"}]},{\"@type\":\"WebSite\",\"@id\":\"https:\/\/wiki.dev.voka.io\/es\/#website\",\"url\":\"https:\/\/wiki.dev.voka.io\/es\/\",\"name\":\"Voka Wiki\",\"description\":\"\",\"publisher\":{\"@id\":\"https:\/\/wiki.dev.voka.io\/es\/#organization\"},\"alternateName\":\"Anatomy & Pathology Wiki by VOKA\",\"potentialAction\":[{\"@type\":\"SearchAction\",\"target\":{\"@type\":\"EntryPoint\",\"urlTemplate\":\"https:\/\/wiki.dev.voka.io\/es\/?s={search_term_string}\"},\"query-input\":{\"@type\":\"PropertyValueSpecification\",\"valueRequired\":true,\"valueName\":\"search_term_string\"}}],\"inLanguage\":\"es\"},{\"@type\":\"Organization\",\"@id\":\"https:\/\/wiki.dev.voka.io\/es\/#organization\",\"name\":\"Voka 3D Anatomy & Pathology\",\"alternateName\":\"VOKA\",\"url\":\"https:\/\/wiki.dev.voka.io\/es\/\",\"logo\":{\"@type\":\"ImageObject\",\"inLanguage\":\"es\",\"@id\":\"https:\/\/wiki.dev.voka.io\/es\/#\/schema\/logo\/image\/\",\"url\":\"https:\/\/wiki.dev.voka.io\/wp-content\/uploads\/2025\/02\/cropped-voka-logo-1.png\",\"contentUrl\":\"https:\/\/wiki.dev.voka.io\/wp-content\/uploads\/2025\/02\/cropped-voka-logo-1.png\",\"width\":70,\"height\":16,\"caption\":\"Voka 3D Anatomy & Pathology\"},\"image\":{\"@id\":\"https:\/\/wiki.dev.voka.io\/es\/#\/schema\/logo\/image\/\"},\"sameAs\":[\"https:\/\/www.facebook.com\/VOKA3DAnatomyAndPathology\/\",\"https:\/\/www.instagram.com\/voka.io\/\",\"https:\/\/www.linkedin.com\/company\/voka-io\/\",\"https:\/\/www.youtube.com\/channel\/UCqGGuOEpr62ScH8Pjk2q5zw\/videos\",\"https:\/\/www.pinterest.com\/VokaAnatomyPro\/\",\"https:\/\/www.threads.com\/@voka.io\"],\"description\":\"VOKA.io offers 3D medical animations and custom 3D modeling services. Our product, VOKA 3D Anatomy & Pathology, is a digital atlas with over 1,000 detailed 3D models of human anatomy and pathology, designed for medical education, training, and patient communication.\",\"email\":\"info@voka.io\",\"telephone\":\"+1 814 351 4442\",\"legalName\":\"Voka 3D Anatomy & Pathology\",\"foundingDate\":\"2017-02-12\",\"naics\":\"541512\",\"numberOfEmployees\":{\"@type\":\"QuantitativeValue\",\"minValue\":\"51\",\"maxValue\":\"200\"},\"publishingPrinciples\":\"https:\/\/wiki.voka.io\/es\/principios-de-publicacion\/\"},{\"@type\":\"Person\",\"@id\":\"https:\/\/wiki.dev.voka.io\/es\/#\/schema\/person\/75a01428a2e97375c0facaaeba432542\",\"name\":\"Danata A.\",\"image\":{\"@type\":\"ImageObject\",\"inLanguage\":\"es\",\"@id\":\"https:\/\/wiki.dev.voka.io\/es\/#\/schema\/person\/image\/\",\"url\":\"https:\/\/secure.gravatar.com\/avatar\/17b61e87bc892ef9555b6080655463c63eb46025ed870850eaa2472678817ed6?s=96&d=mm&r=g\",\"contentUrl\":\"https:\/\/secure.gravatar.com\/avatar\/17b61e87bc892ef9555b6080655463c63eb46025ed870850eaa2472678817ed6?s=96&d=mm&r=g\",\"caption\":\"Danata A.\"}}]}<\/script>\n<!-- \/ Yoast SEO Premium plugin. -->","yoast_head_json":{"title":"Trastornos nasales postraum\u00e1ticos: clasificaci\u00f3n, causas, s\u00edntomas, diagn\u00f3stico y tratamiento","description":"Clasificaci\u00f3n de los trastornos nasales postraum\u00e1ticos. El art\u00edculo trata sobre las sinequias nasales, la atresia de coanas adquirida, las deformidades nasales externas, los m\u00e9todos para su diagn\u00f3stico y tratamiento.","robots":{"index":"noindex","follow":"follow","max-snippet":"max-snippet:-1","max-image-preview":"max-image-preview:large","max-video-preview":"max-video-preview:-1"},"og_locale":"es_ES","og_type":"article","og_title":"Trastornos nasales postraum\u00e1ticos: clasificaci\u00f3n, etiolog\u00eda, diagn\u00f3stico y tratamiento","og_description":"Clasificaci\u00f3n de los trastornos nasales postraum\u00e1ticos. El art\u00edculo trata sobre las sinequias nasales, la atresia de coanas adquirida, las deformidades nasales externas, los m\u00e9todos para su diagn\u00f3stico y tratamiento.","og_url":"https:\/\/wiki.dev.voka.io\/es\/enfermedades\/otorrinolaringologia\/trastornos-nasales-postraumaticos\/","og_site_name":"Voka Wiki","article_publisher":"https:\/\/www.facebook.com\/VOKA3DAnatomyAndPathology\/","article_modified_time":"2025-12-10T15:22:05+00:00","og_image":[{"url":"https:\/\/storage.googleapis.com\/dev_wiki_voka_io_303011\/articles\/en\/otorhinolaryngology\/post-traumatic-nasal-changes\/nasal-cavity-synechiae.webp","type":"","width":"","height":""}],"twitter_card":"summary_large_image","twitter_misc":{"Tiempo de lectura":"5 minutos"},"schema":{"@context":"https:\/\/schema.org","@graph":[{"@type":"Article","@id":"https:\/\/wiki.dev.voka.io\/es\/enfermedades\/otorrinolaringologia\/trastornos-nasales-postraumaticos\/#article","isPartOf":{"@id":"https:\/\/wiki.dev.voka.io\/es\/enfermedades\/otorrinolaringologia\/trastornos-nasales-postraumaticos\/"},"author":{"name":"Danata A.","@id":"https:\/\/wiki.dev.voka.io\/es\/#\/schema\/person\/75a01428a2e97375c0facaaeba432542"},"headline":"Trastornos nasales postraum\u00e1ticos: clasificaci\u00f3n, etiolog\u00eda, diagn\u00f3stico y tratamiento","datePublished":"2025-11-13T11:41:24+00:00","dateModified":"2025-12-10T15:22:05+00:00","mainEntityOfPage":{"@id":"https:\/\/wiki.dev.voka.io\/es\/enfermedades\/otorrinolaringologia\/trastornos-nasales-postraumaticos\/"},"wordCount":946,"publisher":{"@id":"https:\/\/wiki.dev.voka.io\/es\/#organization"},"image":{"@id":"https:\/\/wiki.dev.voka.io\/es\/enfermedades\/otorrinolaringologia\/trastornos-nasales-postraumaticos\/#primaryimage"},"thumbnailUrl":"https:\/\/storage.googleapis.com\/dev_wiki_voka_io_303011\/articles\/en\/otorhinolaryngology\/post-traumatic-nasal-changes\/nasal-cavity-synechiae.webp","inLanguage":"es"},{"@type":"WebPage","@id":"https:\/\/wiki.dev.voka.io\/es\/enfermedades\/otorrinolaringologia\/trastornos-nasales-postraumaticos\/","url":"https:\/\/wiki.dev.voka.io\/es\/enfermedades\/otorrinolaringologia\/trastornos-nasales-postraumaticos\/","name":"Trastornos nasales postraum\u00e1ticos: clasificaci\u00f3n, causas, s\u00edntomas, diagn\u00f3stico y tratamiento","isPartOf":{"@id":"https:\/\/wiki.dev.voka.io\/es\/#website"},"primaryImageOfPage":{"@id":"https:\/\/wiki.dev.voka.io\/es\/enfermedades\/otorrinolaringologia\/trastornos-nasales-postraumaticos\/#primaryimage"},"image":{"@id":"https:\/\/wiki.dev.voka.io\/es\/enfermedades\/otorrinolaringologia\/trastornos-nasales-postraumaticos\/#primaryimage"},"thumbnailUrl":"https:\/\/storage.googleapis.com\/dev_wiki_voka_io_303011\/articles\/en\/otorhinolaryngology\/post-traumatic-nasal-changes\/nasal-cavity-synechiae.webp","datePublished":"2025-11-13T11:41:24+00:00","dateModified":"2025-12-10T15:22:05+00:00","description":"Clasificaci\u00f3n de los trastornos nasales postraum\u00e1ticos. El art\u00edculo trata sobre las sinequias nasales, la atresia de coanas adquirida, las deformidades nasales externas, los m\u00e9todos para su diagn\u00f3stico y tratamiento.","breadcrumb":{"@id":"https:\/\/wiki.dev.voka.io\/es\/enfermedades\/otorrinolaringologia\/trastornos-nasales-postraumaticos\/#breadcrumb"},"inLanguage":"es","potentialAction":[{"@type":"ReadAction","target":["https:\/\/wiki.dev.voka.io\/es\/enfermedades\/otorrinolaringologia\/trastornos-nasales-postraumaticos\/"]}]},{"@type":"ImageObject","inLanguage":"es","@id":"https:\/\/wiki.dev.voka.io\/es\/enfermedades\/otorrinolaringologia\/trastornos-nasales-postraumaticos\/#primaryimage","url":"https:\/\/storage.googleapis.com\/dev_wiki_voka_io_303011\/articles\/en\/otorhinolaryngology\/post-traumatic-nasal-changes\/nasal-cavity-synechiae.webp","contentUrl":"https:\/\/storage.googleapis.com\/dev_wiki_voka_io_303011\/articles\/en\/otorhinolaryngology\/post-traumatic-nasal-changes\/nasal-cavity-synechiae.webp"},{"@type":"BreadcrumbList","@id":"https:\/\/wiki.dev.voka.io\/es\/enfermedades\/otorrinolaringologia\/trastornos-nasales-postraumaticos\/#breadcrumb","itemListElement":[{"@type":"ListItem","position":1,"name":"Home","item":"https:\/\/wiki.dev.voka.io\/es\/"},{"@type":"ListItem","position":2,"name":"Otorrinolaringolog\u00eda","item":"https:\/\/wiki.dev.voka.io\/es\/enfermedades\/otorrinolaringologia\/"},{"@type":"ListItem","position":3,"name":"Trastornos nasales postraum\u00e1ticos: clasificaci\u00f3n, etiolog\u00eda, diagn\u00f3stico y tratamiento"}]},{"@type":"WebSite","@id":"https:\/\/wiki.dev.voka.io\/es\/#website","url":"https:\/\/wiki.dev.voka.io\/es\/","name":"Voka Wiki","description":"","publisher":{"@id":"https:\/\/wiki.dev.voka.io\/es\/#organization"},"alternateName":"Anatomy & Pathology Wiki by VOKA","potentialAction":[{"@type":"SearchAction","target":{"@type":"EntryPoint","urlTemplate":"https:\/\/wiki.dev.voka.io\/es\/?s={search_term_string}"},"query-input":{"@type":"PropertyValueSpecification","valueRequired":true,"valueName":"search_term_string"}}],"inLanguage":"es"},{"@type":"Organization","@id":"https:\/\/wiki.dev.voka.io\/es\/#organization","name":"Voka 3D Anatomy & Pathology","alternateName":"VOKA","url":"https:\/\/wiki.dev.voka.io\/es\/","logo":{"@type":"ImageObject","inLanguage":"es","@id":"https:\/\/wiki.dev.voka.io\/es\/#\/schema\/logo\/image\/","url":"https:\/\/wiki.dev.voka.io\/wp-content\/uploads\/2025\/02\/cropped-voka-logo-1.png","contentUrl":"https:\/\/wiki.dev.voka.io\/wp-content\/uploads\/2025\/02\/cropped-voka-logo-1.png","width":70,"height":16,"caption":"Voka 3D Anatomy & Pathology"},"image":{"@id":"https:\/\/wiki.dev.voka.io\/es\/#\/schema\/logo\/image\/"},"sameAs":["https:\/\/www.facebook.com\/VOKA3DAnatomyAndPathology\/","https:\/\/www.instagram.com\/voka.io\/","https:\/\/www.linkedin.com\/company\/voka-io\/","https:\/\/www.youtube.com\/channel\/UCqGGuOEpr62ScH8Pjk2q5zw\/videos","https:\/\/www.pinterest.com\/VokaAnatomyPro\/","https:\/\/www.threads.com\/@voka.io"],"description":"VOKA.io offers 3D medical animations and custom 3D modeling services. Our product, VOKA 3D Anatomy & Pathology, is a digital atlas with over 1,000 detailed 3D models of human anatomy and pathology, designed for medical education, training, and patient communication.","email":"info@voka.io","telephone":"+1 814 351 4442","legalName":"Voka 3D Anatomy & Pathology","foundingDate":"2017-02-12","naics":"541512","numberOfEmployees":{"@type":"QuantitativeValue","minValue":"51","maxValue":"200"},"publishingPrinciples":"https:\/\/wiki.voka.io\/es\/principios-de-publicacion\/"},{"@type":"Person","@id":"https:\/\/wiki.dev.voka.io\/es\/#\/schema\/person\/75a01428a2e97375c0facaaeba432542","name":"Danata A.","image":{"@type":"ImageObject","inLanguage":"es","@id":"https:\/\/wiki.dev.voka.io\/es\/#\/schema\/person\/image\/","url":"https:\/\/secure.gravatar.com\/avatar\/17b61e87bc892ef9555b6080655463c63eb46025ed870850eaa2472678817ed6?s=96&d=mm&r=g","contentUrl":"https:\/\/secure.gravatar.com\/avatar\/17b61e87bc892ef9555b6080655463c63eb46025ed870850eaa2472678817ed6?s=96&d=mm&r=g","caption":"Danata A."}}]}},"_links":{"self":[{"href":"https:\/\/wiki.dev.voka.io\/es\/wp-json\/wp\/v2\/diseases_post\/1767","targetHints":{"allow":["GET"]}}],"collection":[{"href":"https:\/\/wiki.dev.voka.io\/es\/wp-json\/wp\/v2\/diseases_post"}],"about":[{"href":"https:\/\/wiki.dev.voka.io\/es\/wp-json\/wp\/v2\/types\/diseases_post"}],"author":[{"embeddable":true,"href":"https:\/\/wiki.dev.voka.io\/es\/wp-json\/wp\/v2\/users\/4"}],"wp:attachment":[{"href":"https:\/\/wiki.dev.voka.io\/es\/wp-json\/wp\/v2\/media?parent=1767"}],"wp:term":[{"taxonomy":"diseases_category","embeddable":true,"href":"https:\/\/wiki.dev.voka.io\/es\/wp-json\/wp\/v2\/diseases_category?post=1767"}],"curies":[{"name":"wp","href":"https:\/\/api.w.org\/{rel}","templated":true}]}}