{"id":941,"date":"2025-07-23T09:45:24","date_gmt":"2025-07-23T06:45:24","guid":{"rendered":"https:\/\/wiki.dev.voka.io\/diseases\/uncategorized\/akute-laryngitis\/"},"modified":"2026-04-27T17:32:25","modified_gmt":"2026-04-27T14:32:25","slug":"akute-laryngitis","status":"publish","type":"diseases_post","link":"https:\/\/wiki.dev.voka.io\/de\/krankheit\/hals-nasen-ohren-heilkunde\/akute-laryngitis\/","title":{"rendered":"Akute Laryngitis: \u00c4tiologie, klinische Erscheinungsformen, Diagnose und Behandlung"},"content":{"rendered":"<p><?xml encoding=\"UTF-8\" ?><\/p>\n<p>\u041e\u0441\u0442\u0440\u044b\u0439 \u043b\u0430\u0440\u0438\u043d\u0433\u0438\u0442 \u2014 \u0432\u043e\u0441\u043f\u0430\u043b\u0435\u043d\u0438\u0435 \u0433\u043e\u0440\u0442\u0430\u043d\u0438, \u0441\u043e\u0445\u0440\u0430\u043d\u044f\u044e\u0449\u0435\u0435\u0441\u044f \u0434\u043e 7 \u0434\u043d\u0435\u0439. \u0425\u0430\u0440\u0430\u043a\u0442\u0435\u0440\u0438\u0437\u0443\u0435\u0442\u0441\u044f \u0440\u0430\u0437\u0432\u0438\u0442\u0438\u0435\u043c \u0441\u043e\u0441\u0443\u0434\u0438\u0441\u0442\u043e\u0439 \u0433\u0438\u043f\u0435\u0440\u0435\u043c\u0438\u0438, \u043e\u0442\u0435\u043a\u0430 \u0438 \u043a\u043b\u0435\u0442\u043e\u0447\u043d\u043e\u0439 \u0438\u043d\u0444\u0438\u043b\u044c\u0442\u0440\u0430\u0446\u0438\u0438 \u0441\u043b\u0438\u0437\u0438\u0441\u0442\u043e\u0439, \u043f\u0440\u0435\u0438\u043c\u0443\u0449\u0435\u0441\u0442\u0432\u0435\u043d\u043d\u043e \u0432 \u043e\u0431\u043b\u0430\u0441\u0442\u0438 \u0433\u043e\u043b\u043e\u0441\u043e\u0432\u044b\u0445 \u0441\u043a\u043b\u0430\u0434\u043e\u043a. \u0423\u043a\u0430\u0437\u0430\u043d\u043d\u044b\u0435 \u0438\u0437\u043c\u0435\u043d\u0435\u043d\u0438\u044f \u043d\u0430\u0440\u0443\u0448\u0430\u044e\u0442 \u0444\u0443\u043d\u043a\u0446\u0438\u044e \u0433\u043e\u043b\u043e\u0441\u043e\u0432\u043e\u0433\u043e \u0430\u043f\u043f\u0430\u0440\u0430\u0442\u0430, \u0432\u044b\u0437\u044b\u0432\u0430\u044f \u043e\u0445\u0440\u0438\u043f\u043b\u043e\u0441\u0442\u044c, \u0441\u0443\u0445\u043e\u0439 \u043a\u0430\u0448\u0435\u043b\u044c \u0438 \u043e\u0449\u0443\u0449\u0435\u043d\u0438\u0435 \u043f\u0435\u0440\u0448\u0435\u043d\u0438\u044f.<\/p>\n<p>Es werden folgende Formen der akuten Laryngitis unterschieden:<\/p>\n<ul class=\"wp-block-list\">\n<li>\u043e\u0441\u0442\u0440\u044b\u0439 \u043a\u0430\u0442\u0430\u0440\u0430\u043b\u044c\u043d\u044b\u0439 \u043b\u0430\u0440\u0438\u043d\u0433\u0438\u0442;<\/li>\n<li>\u043e\u0441\u0442\u0440\u044b\u0439 \u043e\u0442\u0435\u0447\u043d\u044b\u0439 (\u0438\u043d\u0444\u0438\u043b\u044c\u0442\u0440\u0430\u0442\u0438\u0432\u043d\u044b\u0439) \u043b\u0430\u0440\u0438\u043d\u0433\u0438\u0442.<\/li>\n<\/ul>\n<h2 class=\"wp-block-heading\" id=\"aetiologie\"><strong>\u00c4tiologie<\/strong><\/h2>\n<p>Die Ursachen der akuten Laryngitis sind infekti\u00f6s und nicht-infekti\u00f6s. Bei den infekti\u00f6sen Erregern \u00fcberwiegen Viren, w\u00e4hrend Bakterien weniger h\u00e4ufig und Pilze extrem selten sind. <\/p>\n<p><strong>Infekti\u00f6se Faktoren<\/strong><\/p>\n<figure class=\"wp-block-table table-to-cards table-accents\">\n<table class=\"has-fixed-layout\">\n<tbody>\n<tr>\n<td class=\"has-text-align-center\" data-align=\"center\">Viren<\/td>\n<td class=\"has-text-align-center\" data-align=\"center\">\u0413\u0440\u0438\u043f\u043f, \u043f\u0430\u0440\u0430\u0433\u0440\u0438\u043f\u043f, \u0420\u0421-\u0432\u0438\u0440\u0443\u0441, \u0430\u0434\u0435\u043d\u043e- \u0438 \u0440\u0438\u043d\u043e\u0432\u0438\u0440\u0443\u0441, \u0432\u0438\u0440\u0443\u0441 \u041a\u043e\u043a\u0441\u0430\u043a\u0438, \u043a\u043e\u0440\u043e\u043d\u0430\u0432\u0438\u0440\u0443\u0441, \u043a\u043e\u0440\u044c<\/td>\n<\/tr>\n<tr>\n<td class=\"has-text-align-center\" data-align=\"center\">Bakterien<\/td>\n<td class=\"has-text-align-center\" data-align=\"center\"><em>Streptococcus pneumoniae<\/em>, <em>Haemophilus influenzae<\/em> und <em>Moraxella catarrhalis<\/em><\/td>\n<\/tr>\n<tr>\n<td class=\"has-text-align-center\" data-align=\"center\">Pilze (h\u00e4ufiger bei chronischer Laryngitis)<\/td>\n<td class=\"has-text-align-center\" data-align=\"center\"><em>Candida<\/em>, <em>Aspergillus<\/em>, <em>Penicillium<\/em><\/td>\n<\/tr>\n<tr>\n<td class=\"has-text-align-center\" data-align=\"center\">Entz\u00fcndliche Prozesse in den oberen Atemwegen<\/td>\n<td class=\"has-text-align-center\" data-align=\"center\"><span class=\"glossary-term\" data-title=\"Adenoiditis\" data-tooltip=\"Eine Adenoiditis ist eine akute oder chronische Entz\u00fcndung der Rachenmandeln (Adenoide). Anders als bei der Hypertrophie handelt es sich bei der Adenoiditis um einen aktiven infekti\u00f6s-entz\u00fcndlichen Prozess mit fokussierten chronischen Infektionen des Nasopharynx.\" data-link=\"https:\/\/wiki.dev.voka.io\/de\/glossar\/adenoiditis\/\">Adenoiditis<\/span>, Sinusitis, Rhinitis<\/td>\n<\/tr>\n<\/tbody>\n<\/table>\n<\/figure>\n<p><strong>Nicht-infekti\u00f6se Faktoren<\/strong><\/p>\n<figure class=\"wp-block-table table-to-cards table-accents\">\n<table class=\"has-fixed-layout\">\n<tbody>\n<tr>\n<td class=\"has-text-align-center\" data-align=\"center\">Allergische Reaktionen<\/td>\n<td class=\"has-text-align-center\" data-align=\"center\">Staub, Tierhaare, chemische Substanzen<\/td>\n<\/tr>\n<tr>\n<td class=\"has-text-align-center\" data-align=\"center\">\u00dcberm\u00e4\u00dfige stimmliche Belastung<\/td>\n<td class=\"has-text-align-center\" data-align=\"center\">Singen, Schreien, langes Sprechen, unangemessener Gebrauch der Stimme<\/td>\n<\/tr>\n<tr>\n<td class=\"has-text-align-center\" data-align=\"center\">Umweltbedingte Reizstoffe<\/td>\n<td class=\"has-text-align-center\" data-align=\"center\">Rauch, chemische D\u00e4mpfe, verschmutzte Luft<\/td>\n<\/tr>\n<\/tbody>\n<\/table>\n<\/figure>\n<h2 class=\"wp-block-heading\" id=\"anatomie\"><strong>Anatomie<\/strong><\/h2>\n<p>\u041f\u043e\u0434 \u0432\u043e\u0437\u0434\u0435\u0439\u0441\u0442\u0432\u0438\u0435\u043c \u0438\u043d\u0444\u0435\u043a\u0446\u0438\u043e\u043d\u043d\u043e\u0433\u043e \u0444\u0430\u043a\u0442\u043e\u0440\u0430, \u043d\u0430 \u0444\u043e\u043d\u0435 \u043e\u0431\u0449\u0435\u0439 \u0438\u043d\u0442\u043e\u043a\u0441\u0438\u043a\u0430\u0446\u0438\u0438 \u043e\u0440\u0433\u0430\u043d\u0438\u0437\u043c\u0430 \u0438 \u043a\u0430\u0442\u0430\u0440\u0430\u043b\u044c\u043d\u044b\u0445 \u0438\u0437\u043c\u0435\u043d\u0435\u043d\u0438\u0439 \u0432 \u043d\u043e\u0441\u043e- \u0438 \u0440\u043e\u0442\u043e\u0433\u043b\u043e\u0442\u043a\u0435, \u0432\u043e\u0437\u043d\u0438\u043a\u0430\u044e\u0442 \u0430\u043d\u0430\u043b\u043e\u0433\u0438\u0447\u043d\u044b\u0435 \u0438\u0437\u043c\u0435\u043d\u0435\u043d\u0438\u044f \u0432 \u0441\u043b\u0438\u0437\u0438\u0441\u0442\u043e\u0439 \u043e\u0431\u043e\u043b\u043e\u0447\u043a\u0435 \u0433\u043e\u0440\u0442\u0430\u043d\u0438. \u0415\u0441\u043b\u0438 \u0432\u043e\u0441\u043f\u0430\u043b\u0435\u043d\u0438\u0435 \u0432\u044b\u0437\u0432\u0430\u043d\u043e \u043d\u0435\u0438\u043d\u0444\u0435\u043a\u0446\u0438\u043e\u043d\u043d\u043e\u0439 \u043f\u0440\u0438\u0447\u0438\u043d\u043e\u0439, \u043f\u0430\u0442\u043e\u043b\u043e\u0433\u0438\u0447\u0435\u0441\u043a\u0438\u0435 \u0438\u0437\u043c\u0435\u043d\u0435\u043d\u0438\u044f \u0432 \u043d\u043e\u0441\u043e- \u0438 \u0440\u043e\u0442\u043e\u0433\u043b\u043e\u0442\u043a\u0435 \u043c\u043e\u0433\u0443\u0442 \u043e\u0442\u0441\u0443\u0442\u0441\u0442\u0432\u043e\u0432\u0430\u0442\u044c.<\/p>\n<p>\u041f\u0440\u0438 \u043e\u0441\u0442\u0440\u044b\u0445 \u0438\u043b\u0438 \u0445\u0440\u043e\u043d\u0438\u0447\u0435\u0441\u043a\u0438\u0445 \u0441\u0438\u043d\u0443\u0441\u0438\u0442\u0430\u0445 \u0438 \u0430\u0434\u0435\u043d\u043e\u0438\u0434\u0438\u0442\u0430\u0445 \u043f\u0440\u043e\u0438\u0441\u0445\u043e\u0434\u0438\u0442 \u0441\u0442\u0435\u043a\u0430\u043d\u0438\u0435 \u0441\u043b\u0438\u0437\u0438 \u043f\u043e \u0437\u0430\u0434\u043d\u0435\u0439 \u0441\u0442\u0435\u043d\u043a\u0435 \u0433\u043b\u043e\u0442\u043a\u0438. \u041f\u0440\u0438 \u044d\u0442\u043e\u043c \u0441\u043b\u0438\u0437\u044c \u043f\u043e\u043f\u0430\u0434\u0430\u0435\u0442, \u0432 \u0442\u043e\u043c \u0447\u0438\u0441\u043b\u0435, \u0438 \u043d\u0430 \u0433\u043e\u043b\u043e\u0441\u043e\u0432\u044b\u0435 \u0441\u043a\u043b\u0430\u0434\u043a\u0438, \u0432\u044b\u0437\u044b\u0432\u0430\u044f \u0438\u0445 \u043c\u0435\u0445\u0430\u043d\u0438\u0447\u0435\u0441\u043a\u043e\u0435 \u0440\u0430\u0437\u0434\u0440\u0430\u0436\u0435\u043d\u0438\u0435.<\/p>\n<h3 class=\"wp-block-heading\" id=\"katarrhalische-form\"><strong>Katarrhalische Form<\/strong><\/h3>\n<p>Bei der katarrhalischen Form der Laryngitis ist die Schleimhaut hyper\u00e4misch, die Stimmlippen sind stark hyper\u00e4misch, und es gibt reichlich Einspritzungen von Blutgef\u00e4\u00dfen. W\u00e4hrend der Phonation sind die Stimmlippen nicht vollst\u00e4ndig geschlossen. Es kann zu schleimigem Ausfluss auf den Stimmlippen und in den birnenf\u00f6rmigen Nebenh\u00f6hlen kommen.   <\/p>\n<figure class=\"wp-block-image size-large\"><img decoding=\"async\" src=\"https:\/\/storage.googleapis.com\/dev_wiki_voka_io_303011\/articles\/en\/otorhinolaryngology\/acute-laryngitis\/acute-catarrhal-laryngitis.webp\" alt=\"Akute katarrhalische Laryngitis\"><figcaption class=\"wp-element-caption\">Akute katarrhalische Laryngitis \u2013 <a href=\"https:\/\/catalog.voka.io\/de\/models\/8861ee9e-a330-4451-856d-1de6ead27805\/29429083-0e92-41ac-adf4-244625eb9e79\/70c2996e-a8db-4dc6-b666-ec3aa208acb3\/32587d32-ef0a-4649-9d24-22173b462d2e\" target=\"_blank\" rel=\"noreferrer noopener nofollow\">3D-Modell<\/a><\/figcaption><\/figure>\n<h3 class=\"wp-block-heading\" id=\"infiltrierende-form\"><strong>Infiltrierende Form<\/strong><\/h3>\n<p>\u041f\u0440\u0438 \u0438\u043d\u0444\u0438\u043b\u044c\u0442\u0440\u0430\u0442\u0438\u0432\u043d\u043e\u0439 \u0444\u043e\u0440\u043c\u0435 \u043d\u0430 \u0444\u043e\u043d\u0435 \u0433\u0438\u043f\u0435\u0440\u0435\u043c\u0438\u0440\u043e\u0432\u0430\u043d\u043d\u043e\u0439 \u0441\u043b\u0438\u0437\u0438\u0441\u0442\u043e\u0439 \u0433\u043e\u0440\u0442\u0430\u043d\u0438 \u043e\u043f\u0440\u0435\u0434\u0435\u043b\u044f\u0435\u0442\u0441\u044f \u0432\u044b\u0440\u0430\u0436\u0435\u043d\u043d\u044b\u0439 \u043e\u0442\u0435\u043a \u0441\u043b\u0438\u0437\u0438\u0441\u0442\u043e\u0439 \u043e\u0431\u043e\u043b\u043e\u0447\u043a\u0438 \u0433\u043e\u043b\u043e\u0441\u043e\u0432\u044b\u0445 \u0441\u043a\u043b\u0430\u0434\u043e\u043a \u0438 \u043c\u0435\u0436\u0447\u0435\u0440\u043f\u0430\u043b\u043e\u0432\u0438\u0434\u043d\u043e\u0433\u043e \u043f\u0440\u043e\u0441\u0442\u0440\u0430\u043d\u0441\u0442\u0432\u0430. \u0421\u043a\u043b\u0430\u0434\u043a\u0438 \u0441\u0442\u0430\u043d\u043e\u0432\u044f\u0442\u0441\u044f \u0436\u0435\u043b\u0435\u043e\u0431\u0440\u0430\u0437\u043d\u044b\u043c\u0438, \u043d\u0435\u0440\u043e\u0432\u043d\u044b\u043c\u0438, \u043f\u0440\u0438 \u0444\u043e\u043d\u0430\u0446\u0438\u0438 \u0441\u043c\u044b\u043a\u0430\u044e\u0442\u0441\u044f \u043d\u0435 \u043f\u043e\u043b\u043d\u043e\u0441\u0442\u044c\u044e, \u0433\u043e\u043b\u043e\u0441\u043e\u0432\u0430\u044f \u0449\u0435\u043b\u044c \u0441\u0443\u0436\u0435\u043d\u0430. \u0412 \u0442\u044f\u0436\u0435\u043b\u044b\u0445 \u0441\u043b\u0443\u0447\u0430\u044f\u0445 \u043e\u0442\u0435\u043a \u043c\u043e\u0436\u0435\u0442 \u043e\u0445\u0432\u0430\u0442\u044b\u0432\u0430\u0442\u044c \u0432\u0435\u0441\u0442\u0438\u0431\u0443\u043b\u044f\u0440\u043d\u044b\u0435 \u0441\u043a\u043b\u0430\u0434\u043a\u0438, \u043a\u043e\u0442\u043e\u0440\u044b\u0435 \u043f\u0440\u0438 \u044d\u0442\u043e\u043c \u043f\u0440\u0438\u043a\u0440\u044b\u0432\u0430\u044e\u0442 \u0438\u0441\u0442\u0438\u043d\u043d\u044b\u0435 \u0433\u043e\u043b\u043e\u0441\u043e\u0432\u044b\u0435, \u0430 \u0442\u0430\u043a\u0436\u0435 \u0440\u0430\u0441\u043f\u0440\u043e\u0441\u0442\u0440\u0430\u043d\u044f\u0442\u044c\u0441\u044f \u043d\u0430 \u0441\u043b\u0438\u0437\u0438\u0441\u0442\u0443\u044e \u043f\u043e\u0434\u0441\u043a\u043b\u0430\u0434\u043e\u0447\u043d\u043e\u0433\u043e \u043e\u0442\u0434\u0435\u043b\u0430.<\/p>\n<p>Vor dem Hintergrund entz\u00fcndlicher Ver\u00e4nderungen in den Stimmlippen kommt es zu einer Verletzung ihrer Schwingung. Die Amplitude und Frequenz der Bewegung der Stimmlippen ver\u00e4ndern sich, was sich auf die Stimmbildung auswirkt. <\/p>\n<h2 class=\"wp-block-heading\" id=\"symptome\"><strong>Symptome<\/strong><\/h2>\n<p>\u041f\u0440\u043e\u0441\u0442\u044b\u0435 \u0444\u043e\u0440\u043c\u044b \u043b\u0430\u0440\u0438\u043d\u0433\u0438\u0442\u0430 (\u043a\u0430\u0442\u0430\u0440\u0430\u043b\u044c\u043d\u0430\u044f, \u0438\u043d\u0444\u0438\u043b\u044c\u0442\u0440\u0430\u0442\u0438\u0432\u043d\u0430\u044f) \u043a\u043b\u0438\u043d\u0438\u0447\u0435\u0441\u043a\u0438 \u043f\u0440\u043e\u044f\u0432\u043b\u044f\u044e\u0442\u0441\u044f \u0432\u043d\u0435\u0437\u0430\u043f\u043d\u043e \u043f\u043e\u044f\u0432\u0438\u0432\u0448\u0435\u0439\u0441\u044f \u043e\u0445\u0440\u0438\u043f\u043b\u043e\u0441\u0442\u044c\u044e \u0432 \u0433\u043e\u043b\u043e\u0441\u0435, \u0432 \u0440\u044f\u0434\u0435 \u0441\u043b\u0443\u0447\u0430\u0435\u0432 \u2014 \u0430\u0444\u043e\u043d\u0438\u0435\u0439 (\u043f\u043e\u0442\u0435\u0440\u0435\u0439 \u0433\u043e\u043b\u043e\u0441\u0430). <\/p>\n<p><strong>\u041e\u0441\u043d\u043e\u0432\u043d\u044b\u0435 \u0441\u0438\u043c\u043f\u0442\u043e\u043c\u044b:<\/strong><\/p>\n<ul class=\"wp-block-list\">\n<li>\u0431\u043e\u043b\u044c \u0432 \u0433\u043e\u0440\u043b\u0435, \u0449\u0435\u043a\u043e\u0442\u0430\u043d\u0438\u0435, \u043f\u0430\u0440\u043e\u043a\u0441\u0438\u0437\u043c\u044b \u043a\u0430\u0448\u043b\u044f;<\/li>\n<li>\u0433\u043e\u043b\u043e\u0441 \u0441\u0442\u0430\u043d\u043e\u0432\u0438\u0442\u0441\u044f \u0441\u0438\u043f\u043b\u044b\u043c, \u0431\u044b\u0441\u0442\u0440\u043e \u0443\u0441\u0442\u0430\u0435\u0442;<\/li>\n<li>\u0443 \u043b\u0438\u0446 \u0433\u043e\u043b\u043e\u0441\u043e\u0432\u043e\u0439 \u043f\u0440\u043e\u0444\u0435\u0441\u0441\u0438\u0438 \u043d\u0430\u0431\u043b\u044e\u0434\u0430\u044e\u0442\u0441\u044f \u0438\u0437\u043c\u0435\u043d\u0435\u043d\u0438\u044f \u0432\u043e\u043a\u0430\u043b\u044c\u043d\u043e\u0433\u043e \u0434\u0438\u0430\u043f\u0430\u0437\u043e\u043d\u0430.<\/li>\n<\/ul>\n<p>\u041f\u0440\u0438 \u0438\u043d\u0444\u0435\u043a\u0446\u0438\u043e\u043d\u043d\u043e\u043c \u0445\u0430\u0440\u0430\u043a\u0442\u0435\u0440\u0435 \u0437\u0430\u0431\u043e\u043b\u0435\u0432\u0430\u043d\u0438\u044f \u043f\u043e\u043c\u0438\u043c\u043e \u043b\u043e\u043a\u0430\u043b\u044c\u043d\u044b\u0445 \u0436\u0430\u043b\u043e\u0431 \u043e\u0442\u043c\u0435\u0447\u0430\u0435\u0442\u0441\u044f \u043f\u0440\u043e\u044f\u0432\u043b\u0435\u043d\u0438\u0435 \u0434\u0440\u0443\u0433\u0438\u0445 \u0441\u0438\u043c\u043f\u0442\u043e\u043c\u043e\u0432 \u0440\u0435\u0441\u043f\u0438\u0440\u0430\u0442\u043e\u0440\u043d\u043e\u0439 \u0438\u043d\u0444\u0435\u043a\u0446\u0438\u0438:<\/p>\n<ul class=\"wp-block-list\">\n<li>\u043f\u043e\u0432\u044b\u0448\u0435\u043d\u0438\u0435 \u0442\u0435\u043c\u043f\u0435\u0440\u0430\u0442\u0443\u0440\u044b;<\/li>\n<li>\u043a\u0430\u0448\u0435\u043b\u044c;<\/li>\n<li>\u0431\u043e\u043b\u0438 \u0432 \u0433\u043e\u0440\u043b\u0435;<\/li>\n<li>\u043d\u0430\u0440\u0443\u0448\u0435\u043d\u0438\u0435 \u043d\u043e\u0441\u043e\u0432\u043e\u0433\u043e \u0434\u044b\u0445\u0430\u043d\u0438\u044f;<\/li>\n<li>\u0440\u0438\u043d\u043e\u0440\u0435\u044f.<\/li>\n<\/ul>\n<p>Im Durchschnitt klingen die Symptome einer akuten Laryngitis innerhalb von 1-3 Tagen ab, k\u00f6nnen aber auch bis zu 7 Tage andauern.<\/p>\n<h2 class=\"wp-block-heading\" id=\"diagnose-der-akuten-laryngitis\"><strong>Diagnose der akuten Laryngitis<\/strong><\/h2>\n<p>Die Diagnostik umfasst:<\/p>\n<ul class=\"wp-block-list\">\n<li>\u043e\u043f\u0440\u043e\u0441 \u043f\u0430\u0446\u0438\u0435\u043d\u0442\u0430, \u0441\u0431\u043e\u0440 \u0430\u043d\u0430\u043c\u043d\u0435\u0437\u0430 \u0437\u0430\u0431\u043e\u043b\u0435\u0432\u0430\u043d\u0438\u044f;<\/li>\n<li>\u043e\u0446\u0435\u043d\u043a\u0443 \u043e\u0431\u0449\u0435\u0433\u043e \u0441\u043e\u0441\u0442\u043e\u044f\u043d\u0438\u044f \u0441 \u043e\u0431\u044f\u0437\u0430\u0442\u0435\u043b\u044c\u043d\u044b\u043c \u0443\u0442\u043e\u0447\u043d\u0435\u043d\u0438\u0435\u043c \u0441\u0438\u043c\u043f\u0442\u043e\u043c\u043e\u0432 \u0434\u044b\u0445\u0430\u0442\u0435\u043b\u044c\u043d\u043e\u0439 \u043d\u0435\u0434\u043e\u0441\u0442\u0430\u0442\u043e\u0447\u043d\u043e\u0441\u0442\u0438;<\/li>\n<li>\u043e\u0431\u0449\u0438\u0439 \u0438 \u043e\u0442\u043e\u0440\u0438\u043d\u043e\u043b\u0430\u0440\u0438\u043d\u0433\u043e\u043b\u043e\u0433\u0438\u0447\u0435\u0441\u043a\u0438\u0439 \u043e\u0441\u043c\u043e\u0442\u0440;<\/li>\n<li>\u043d\u0435\u043f\u0440\u044f\u043c\u0443\u044e \u043b\u0430\u0440\u0438\u043d\u0433\u043e\u0441\u043a\u043e\u043f\u0438\u044e;<\/li>\n<li>\u0444\u0438\u0431\u0440\u043e\u0441\u043a\u043e\u043f\u0438\u044e \u0433\u043e\u0440\u0442\u0430\u043d\u0438 (\u043f\u043e \u0432\u043e\u0437\u043c\u043e\u0436\u043d\u043e\u0441\u0442\u0438).<\/li>\n<\/ul>\n<p>\u041d\u0430\u0431\u043b\u044e\u0434\u0430\u044e\u0442\u0441\u044f \u0441\u043b\u0435\u0434\u0443\u044e\u0449\u0438\u0435 \u0438\u0437\u043c\u0435\u043d\u0435\u043d\u0438\u044f: \u0433\u0438\u043f\u0435\u0440\u0435\u043c\u0438\u044f \u0441\u043b\u0438\u0437\u0438\u0441\u0442\u043e\u0439 \u0432\u0435\u0441\u0442\u0438\u0431\u0443\u043b\u044f\u0440\u043d\u043e\u0433\u043e \u043e\u0442\u0434\u0435\u043b\u0430, \u0433\u043e\u043b\u043e\u0441\u043e\u0432\u044b\u0445 \u0438 \u0447\u0435\u0440\u043f\u0430\u043b\u043e-\u043d\u0430\u0434\u0433\u043e\u0440\u0442\u0430\u043d\u043d\u044b\u0445 \u0441\u043a\u043b\u0430\u0434\u043e\u043a; \u043d\u0430 \u0433\u043e\u043b\u043e\u0441\u043e\u0432\u044b\u0445 \u0441\u043a\u043b\u0430\u0434\u043a\u0430\u0445 \u0438\u043c\u0435\u0435\u0442\u0441\u044f \u0438\u043d\u044a\u0435\u043a\u0446\u0438\u044f \u0441\u043e\u0441\u0443\u0434\u043e\u0432.<\/p>\n<figure class=\"wp-block-video\" id=\"3d-animation-akute-katarrhalische-laryngitis\"><video controls><source data-src=\"https:\/\/storage.googleapis.com\/dev_wiki_voka_io_303011\/articles\/en\/otorhinolaryngology\/acute-laryngitis\/acute-catarrhal-laryngitis.webm\" type=\"video\/webm\"><\/source><\/video><figcaption class=\"wp-element-caption\">3D-Animation \u2013 Akute Katarrhalische Laryngitis<\/figcaption><\/figure>\n<p>Die infiltrative Form ist durch eine Schwellung der Stimmlippen gekennzeichnet, die sich bei der Phonation nicht vollst\u00e4ndig schlie\u00dfen. An den Seitenw\u00e4nden des Kehlkopfes, zwischen den Stimmlippen, insbesondere im Bereich des Interskapularraums, k\u00f6nnen sich Schleimablagerungen befinden. Das Vorhandensein von Bel\u00e4gen auf den Stimmlippen und anderen Teilen des Kehlkopfes weist auf eine bakterielle Entz\u00fcndung hin.   <\/p>\n<p>Die Stroboskopie bei Patienten mit Laryngitis zeigt eine eingeschr\u00e4nkte Beweglichkeit der echten Stimmlippen. <\/p>\n<div class=\"social-banner-block\">\n<div class=\"social-banner-content\">\n<p class=\"h5-title text-black\">Weitere wissenschaftlich korrekte Inhalte finden Sie in unseren sozialen Medien<\/p>\n<p><span class=\"social-banner-text text-grey\">Abonnieren Sie und verpassen Sie nicht die neuesten Ressourcen<\/span><\/p>\n<div class=\"social-links-wrapper\"><a class=\"social-icon-link\" href=\"https:\/\/www.facebook.com\/VOKA3DAnatomyAndPathology\/\" target=\"_blank\" rel=\"nofollow noopener\"><img decoding=\"async\" src=\"https:\/\/storage.googleapis.com\/dev_wiki_voka_io_303011\/common\/Social%20Icons\/facebook.svg\" alt=\"social link\"><\/a><a class=\"social-icon-link\" href=\"https:\/\/www.instagram.com\/voka.io\/\" target=\"_blank\" rel=\"nofollow noopener\"><img decoding=\"async\" src=\"https:\/\/storage.googleapis.com\/dev_wiki_voka_io_303011\/common\/Social%20Icons\/insta.svg\" alt=\"social link\"><\/a><a class=\"social-icon-link\" href=\"https:\/\/www.linkedin.com\/company\/voka-io\/posts\/?feedView=all\" target=\"_blank\" rel=\"nofollow noopener\"><img decoding=\"async\" src=\"https:\/\/storage.googleapis.com\/dev_wiki_voka_io_303011\/common\/Social%20Icons\/linkedin.svg\" alt=\"social link\"><\/a><a class=\"social-icon-link\" href=\"https:\/\/www.youtube.com\/@vokaio\" target=\"_blank\" rel=\"nofollow noopener\"><img decoding=\"async\" src=\"https:\/\/storage.googleapis.com\/dev_wiki_voka_io_303011\/common\/Social%20Icons\/youtube.svg\" alt=\"social link\"><\/a><a class=\"social-icon-link\" href=\"https:\/\/www.pinterest.com\/voka3danatomyandpathology\/\" target=\"_blank\" rel=\"nofollow noopener\"><img decoding=\"async\" src=\"https:\/\/storage.googleapis.com\/dev_wiki_voka_io_303011\/common\/Social%20Icons\/pinterest.svg\" alt=\"social link\"><\/a><a class=\"social-icon-link\" href=\"https:\/\/www.tiktok.com\/@voka.io\" target=\"_blank\" rel=\"nofollow noopener\"><img decoding=\"async\" src=\"https:\/\/storage.googleapis.com\/dev_wiki_voka_io_303011\/common\/Social%20Icons\/tiktok.svg\" alt=\"social link\"><\/a><a class=\"social-icon-link\" href=\"https:\/\/discord.gg\/7ejUpq8DRR\" target=\"_blank\" rel=\"nofollow noopener\"><img decoding=\"async\" src=\"https:\/\/storage.googleapis.com\/dev_wiki_voka_io_303011\/common\/Social%20Icons\/discord.svg\" alt=\"social link\"><\/a><\/div>\n<\/div>\n<p><img decoding=\"async\" class=\"social-banner-image\" loading=\"lazy\" src=\"https:\/\/storage.googleapis.com\/dev_wiki_voka_io_303011\/common\/social-media-banner-mobile-image.webp\" alt=\"Banner background\"><\/div>\n<h2 class=\"wp-block-heading\" id=\"behandlung-der-akuten-laryngitis\"><strong>Behandlung der akuten Laryngitis<\/strong><\/h2>\n<p>\u0411\u043e\u043b\u044c\u0448\u0438\u043d\u0441\u0442\u0432\u0443 \u043f\u0430\u0446\u0438\u0435\u043d\u0442\u043e\u0432 \u0441 \u043e\u0441\u0442\u0440\u044b\u043c \u043d\u0435\u043e\u0441\u043b\u043e\u0436\u043d\u0435\u043d\u043d\u044b\u043c \u043b\u0430\u0440\u0438\u043d\u0433\u0438\u0442\u043e\u043c \u0434\u043e\u0441\u0442\u0430\u0442\u043e\u0447\u043d\u043e \u0441\u0438\u043c\u043f\u0442\u043e\u043c\u0430\u0442\u0438\u0447\u0435\u0441\u043a\u043e\u0433\u043e \u043b\u0435\u0447\u0435\u043d\u0438\u044f:<\/p>\n<ul class=\"wp-block-list\">\n<li>\u0433\u043e\u043b\u043e\u0441\u043e\u0432\u043e\u0439 \u043f\u043e\u043a\u043e\u0439 \u2014 \u0438\u0437\u0431\u0435\u0433\u0430\u0442\u044c \u0433\u043e\u043b\u043e\u0441\u043e\u0432\u043e\u0439 \u043d\u0430\u0433\u0440\u0443\u0437\u043a\u0438, \u0432\u043a\u043b\u044e\u0447\u0430\u044f \u0448\u0435\u043f\u043e\u0442\u043d\u0443\u044e \u0440\u0435\u0447\u044c;<\/li>\n<li>\u043e\u0433\u0440\u0430\u043d\u0438\u0447\u0435\u043d\u0438\u0435 \u043a\u0443\u0440\u0435\u043d\u0438\u044f;<\/li>\n<li>\u043e\u0431\u0438\u043b\u044c\u043d\u043e\u0435 \u0442\u0435\u043f\u043b\u043e\u0435 \u043f\u0438\u0442\u044c\u0435;<\/li>\n<li>\u0443\u0432\u043b\u0430\u0436\u043d\u0435\u043d\u0438\u0435 \u0432\u043e\u0437\u0434\u0443\u0445\u0430 \u0438 \u0449\u0435\u043b\u043e\u0447\u043d\u044b\u0435 \u0438\u043d\u0433\u0430\u043b\u044f\u0446\u0438\u0438 \u2014 \u0441\u043f\u043e\u0441\u043e\u0431\u0441\u0442\u0432\u0443\u044e\u0442 \u0443\u043b\u0443\u0447\u0448\u0435\u043d\u0438\u044e \u0441\u043e\u0441\u0442\u043e\u044f\u043d\u0438\u044f \u0441\u043b\u0438\u0437\u0438\u0441\u0442\u043e\u0439;<\/li>\n<li>\u0438\u043d\u0433\u0430\u043b\u044f\u0446\u0438\u0438 \u0441 \u043a\u043e\u0440\u0442\u0438\u043a\u043e\u0441\u0442\u0435\u0440\u043e\u0438\u0434\u0430\u043c\u0438 \u2014 \u043d\u0430\u0437\u043d\u0430\u0447\u0430\u044e\u0442\u0441\u044f \u043f\u0440\u0438 \u0432\u044b\u0440\u0430\u0436\u0435\u043d\u043d\u043e\u043c \u043e\u0442\u0435\u043a\u0435.<\/li>\n<\/ul>\n<p>In Anwesenheit von Anzeichen einer Infektion oder Verdacht auf eine bakterielle Natur der Krankheit vorgeschrieben ist:<\/p>\n<ul class=\"wp-block-list\">\n<li><strong>\u043f<\/strong><strong>\u0440\u043e\u0442\u0438\u0432\u043e\u0432\u043e\u0441\u043f\u0430\u043b\u0438\u0442\u0435\u043b\u044c\u043d\u044b\u0435 \u043f\u0440\u0435\u043f\u0430\u0440\u0430\u0442\u044b<\/strong> \u2014 \u043f\u0440\u0438 \u0441\u0438\u043c\u043f\u0442\u043e\u043c\u0430\u0445 \u043e\u0431\u0449\u0435\u0439 \u0438\u043d\u0444\u0435\u043a\u0446\u0438\u0438;<\/li>\n<li><strong>\u043c<\/strong><strong>\u0435\u0441\u0442\u043d\u044b\u0435 \u0430\u043d\u0442\u0438\u0431\u0430\u043a\u0442\u0435\u0440\u0438\u0430\u043b\u044c\u043d\u044b\u0435 \u043f\u0440\u0435\u043f\u0430\u0440\u0430\u0442\u044b<\/strong> \u2014 \u0432 \u0432\u0438\u0434\u0435 \u0441\u043f\u0440\u0435\u0435\u0432 \u043f\u0440\u0438 \u043f\u043e\u0434\u043e\u0437\u0440\u0435\u043d\u0438\u0438 \u043d\u0430 \u0431\u0430\u043a\u0442\u0435\u0440\u0438\u0430\u043b\u044c\u043d\u044b\u0439 \u043b\u0430\u0440\u0438\u043d\u0433\u0438\u0442;<\/li>\n<li><strong>\u0441<\/strong><strong>\u0438\u0441\u0442\u0435\u043c\u043d\u0443\u044e \u0430\u043d\u0442\u0438\u0431\u0430\u043a\u0442\u0435\u0440\u0438\u0430\u043b\u044c\u043d\u0443\u044e \u0442\u0435\u0440\u0430\u043f\u0438\u044e<\/strong> \u2014 \u043f\u0440\u0438 \u043e\u0442\u0441\u0443\u0442\u0441\u0442\u0432\u0438\u0438 \u044d\u0444\u0444\u0435\u043a\u0442\u0430 \u043e\u0442 \u043c\u0435\u0441\u0442\u043d\u043e\u0433\u043e \u043b\u0435\u0447\u0435\u043d\u0438\u044f.<\/li>\n<\/ul>\n<div>\n<h2 class=\"faq-title h2-article\" id=\"faq\">FAQ<\/h2>\n<div class=\"faq-section\">\n<div class=\"faq-item faq-answer-hidden\">\n<div class=\"question-block\">\n<div class=\"faq-question\">\n<p class=\" text-black h5-title\">1. Was sind die Symptome einer akuten Laryngitis?<\/p>\n<\/div>\n<div class=\"faq-answer text-main-text-color main-text-medium\">Eine akute Laryngitis \u00e4u\u00dfert sich durch pl\u00f6tzliche Heiserkeit der Stimme, Hustenanf\u00e4lle, Halsschmerzen, Kratzen und in einigen F\u00e4llen durch vollst\u00e4ndigen Verlust der Stimme (Aphonie). <\/div>\n<\/div>\n<div class=\"expand-button-wrapper\"><button class=\"text-accent expand-button\">+<\/button><\/div>\n<\/div>\n<div class=\"faq-item faq-answer-hidden\">\n<div class=\"question-block\">\n<div class=\"faq-question\">\n<p class=\" text-black h5-title\">2. Was sind die Symptome einer akuten Laryngitis bei Kindern und wie wird sie behandelt?<\/p>\n<\/div>\n<div class=\"faq-answer text-main-text-color main-text-medium\">Bei Kindern \u00e4u\u00dfert sich eine akute Laryngitis durch Symptome wie Heiserkeit, trockenen Husten und Atemnot, die auf eine Schwellung der Stimmb\u00e4nder zur\u00fcckzuf\u00fchren sein k\u00f6nnen. Die Behandlung umfasst in der Regel eine Befeuchtung der Luft, Stimmpausen und viel warmes Trinken. In einigen F\u00e4llen werden Inhalationsmittel und entz\u00fcndungshemmende Medikamente verschrieben.  <\/div>\n<\/div>\n<div class=\"expand-button-wrapper\"><button class=\"text-accent expand-button\">+<\/button><\/div>\n<\/div>\n<div class=\"faq-item faq-answer-hidden\">\n<div class=\"question-block\">\n<div class=\"faq-question\">\n<p class=\" text-black h5-title\">3. Was sind die Hauptursachen einer akuten Laryngitis?<\/p>\n<\/div>\n<div class=\"faq-answer text-main-text-color main-text-medium\">\u041e\u0441\u0442\u0440\u044b\u0439 \u043b\u0430\u0440\u0438\u043d\u0433\u0438\u0442 \u043c\u043e\u0436\u0435\u0442 \u0432\u043e\u0437\u043d\u0438\u043a\u0430\u0442\u044c \u043f\u043e \u0438\u043d\u0444\u0435\u043a\u0446\u0438\u043e\u043d\u043d\u044b\u043c (\u0432\u0438\u0440\u0443\u0441\u043d\u044b\u043c \u0438 \u0431\u0430\u043a\u0442\u0435\u0440\u0438\u0430\u043b\u044c\u043d\u044b\u043c) \u0438 \u043d\u0435\u0438\u043d\u0444\u0435\u043a\u0446\u0438\u043e\u043d\u043d\u044b\u043c \u043f\u0440\u0438\u0447\u0438\u043d\u0430\u043c. \u0412\u0438\u0440\u0443\u0441\u044b, \u0442\u0430\u043a\u0438\u0435 \u043a\u0430\u043a \u0433\u0440\u0438\u043f\u043f, \u043f\u0430\u0440\u0430\u0433\u0440\u0438\u043f\u043f, \u0420\u0421-\u0432\u0438\u0440\u0443\u0441 \u0438 \u0434\u0440\u0443\u0433\u0438\u0435, \u044f\u0432\u043b\u044f\u044e\u0442\u0441\u044f \u043e\u0441\u043d\u043e\u0432\u043d\u044b\u043c\u0438 \u0432\u043e\u0437\u0431\u0443\u0434\u0438\u0442\u0435\u043b\u044f\u043c\u0438. \u0422\u0430\u043a\u0436\u0435 \u043c\u043e\u0433\u0443\u0442 \u0432\u043b\u0438\u044f\u0442\u044c \u0432\u043e\u0437\u0434\u0435\u0439\u0441\u0442\u0432\u0438\u0435 \u0430\u043b\u043b\u0435\u0440\u0433\u0435\u043d\u043e\u0432, \u0447\u0440\u0435\u0437\u043c\u0435\u0440\u043d\u0430\u044f \u0433\u043e\u043b\u043e\u0441\u043e\u0432\u0430\u044f \u043d\u0430\u0433\u0440\u0443\u0437\u043a\u0430, \u0437\u0430\u0433\u0440\u044f\u0437\u043d\u0435\u043d\u0438\u0435 \u0432\u043e\u0437\u0434\u0443\u0445\u0430 \u0438 \u0440\u0430\u0437\u0434\u0440\u0430\u0436\u0430\u044e\u0449\u0438\u0435 \u0445\u0438\u043c\u0438\u0447\u0435\u0441\u043a\u0438\u0435 \u0432\u0435\u0449\u0435\u0441\u0442\u0432\u0430.<\/div>\n<\/div>\n<div class=\"expand-button-wrapper\"><button class=\"text-accent expand-button\">+<\/button><\/div>\n<\/div>\n<div class=\"faq-item faq-answer-hidden\">\n<div class=\"question-block\">\n<div class=\"faq-question\">\n<p class=\" text-black h5-title\">4. Was sind die klinischen Leitlinien f\u00fcr akute Laryngitis?<\/p>\n<\/div>\n<div class=\"faq-answer text-main-text-color main-text-medium\">\u0420\u0435\u043a\u043e\u043c\u0435\u043d\u0434\u0443\u0435\u0442\u0441\u044f \u0441\u0438\u043c\u043f\u0442\u043e\u043c\u0430\u0442\u0438\u0447\u0435\u0441\u043a\u043e\u0435 \u043b\u0435\u0447\u0435\u043d\u0438\u0435 \u0441 \u0443\u0432\u043b\u0430\u0436\u043d\u0435\u043d\u0438\u0435\u043c \u0432\u043e\u0437\u0434\u0443\u0445\u0430, \u0449\u0435\u043b\u043e\u0447\u043d\u044b\u043c\u0438 \u0438\u043d\u0433\u0430\u043b\u044f\u0446\u0438\u044f\u043c\u0438 \u0438 \u043e\u0431\u0438\u043b\u044c\u043d\u044b\u043c \u043f\u0438\u0442\u044c\u0435\u043c. \u041f\u0440\u0438 \u0431\u0430\u043a\u0442\u0435\u0440\u0438\u0430\u043b\u044c\u043d\u043e\u0439 \u0438\u043d\u0444\u0435\u043a\u0446\u0438\u0438 \u043c\u043e\u0433\u0443\u0442 \u0431\u044b\u0442\u044c \u043d\u0430\u0437\u043d\u0430\u0447\u0435\u043d\u044b \u0430\u043d\u0442\u0438\u0431\u0430\u043a\u0442\u0435\u0440\u0438\u0430\u043b\u044c\u043d\u044b\u0435 \u043f\u0440\u0435\u043f\u0430\u0440\u0430\u0442\u044b. \u0412 \u0441\u043b\u0443\u0447\u0430\u0435 \u0432\u044b\u0440\u0430\u0436\u0435\u043d\u043d\u043e\u0433\u043e \u043e\u0442\u0435\u043a\u0430 \u2014 \u0438\u043d\u0433\u0430\u043b\u044f\u0446\u0438\u0438 \u0441 \u043a\u043e\u0440\u0442\u0438\u043a\u043e\u0441\u0442\u0435\u0440\u043e\u0438\u0434\u0430\u043c\u0438. \u0412\u0430\u0436\u043d\u043e \u0441\u043e\u0431\u043b\u044e\u0434\u0430\u0442\u044c \u0433\u043e\u043b\u043e\u0441\u043e\u0432\u043e\u0439 \u043f\u043e\u043a\u043e\u0439, \u0438\u0437\u0431\u0435\u0433\u0430\u0442\u044c \u0448\u0435\u043f\u043e\u0442\u043d\u043e\u0439 \u0440\u0435\u0447\u0438, \u043e\u0442\u043a\u0430\u0437\u0430\u0442\u044c\u0441\u044f \u043e\u0442 \u043a\u0443\u0440\u0435\u043d\u0438\u044f. <\/div>\n<\/div>\n<div class=\"expand-button-wrapper\"><button class=\"text-accent expand-button\">+<\/button><\/div>\n<\/div>\n<div class=\"faq-item faq-answer-hidden\">\n<div class=\"question-block\">\n<div class=\"faq-question\">\n<p class=\" text-black h5-title\">5. Wie lange dauert eine akute Laryngitis?<\/p>\n<\/div>\n<div class=\"faq-answer text-main-text-color main-text-medium\">Eine akute Laryngitis dauert in der Regel 1 bis 3 Tage, die Symptome k\u00f6nnen jedoch bis zu 7 Tage anhalten, insbesondere wenn die Krankheit infekti\u00f6s ist oder Komplikationen auftreten.<\/div>\n<\/div>\n<div class=\"expand-button-wrapper\"><button class=\"text-accent expand-button\">+<\/button><\/div>\n<\/div>\n<\/div>\n<\/div>\n<div class=\"sources-list-block sources-list-hidden\" id=\"quellenverzeichnis\">\n<div class=\"sources-list-content\">\n<div class=\"sources-list-title\">\n<p class=\"small-text-bold text-black sources-list-title-text\">Quellenverzeichnis<\/p>\n<div class=\"sources-expand-button-wrapper-mobile\">\n<div class=\"sources-expand-button\"><svg width=\"32\" height=\"32\" viewbox=\"0 0 32 32\" fill=\"none\" xmlns=\"http:\/\/www.w3.org\/2000\/svg\"><path d=\"M8 12L16 20L24 12\" stroke=\"#8C9AAB\" stroke-width=\"2\" stroke-linecap=\"round\" stroke-linejoin=\"round\"><\/path><\/svg><\/div>\n<\/div>\n<\/div>\n<div class=\"sources-list-items\">\n<div class=\"source-item\">\n<p class=\"main-text-semibold text-black\">1.<\/p>\n<div class=\"source-item-content\">\n<p class=\"main-text-semibold text-black\"><cite>VOKA 3D Anatomy & Pathology \u2013 Complete Anatomy and Pathology 3D Atlas [Internet]. VOKA 3D Anatomy & Pathology. <\/cite><\/p>\n<p><span class=\"small-text-medium text-grey\">Available from: https:\/\/catalog.voka.io\/<\/span><\/div>\n<\/div>\n<div class=\"source-item\">\n<p class=\"main-text-semibold text-black\">2.<\/p>\n<div class=\"source-item-content\">\n<p class=\"main-text-semibold text-black\"><cite>Sclafani AP, Dyleski RA, Pitman MJ, Schantz SP. Total otolaryngology\u2014head and neck surgery. New York: Thieme Medical Publishers; 2015. ISBN: 978-1-60406-646-3. <\/cite><\/p>\n<\/div>\n<\/div>\n<div class=\"source-item\">\n<p class=\"main-text-semibold text-black\">3.<\/p>\n<div class=\"source-item-content\">\n<p class=\"main-text-semibold text-black\"><cite>Behrbohm H, Kaschke O, Nawka T, Swift A. Ear, Nose, and Throat Diseases. 2nd ed. Moscow: MEDpress-inform; 2016. 776 p. Russian. ISBN 978-5-00030-322-1. <\/cite><\/p>\n<\/div>\n<\/div>\n<div class=\"source-item\">\n<p class=\"main-text-semibold text-black\">4.<\/p>\n<div class=\"source-item-content\">\n<p class=\"main-text-semibold text-black\"><cite>Gupta G, Mahajan K. Acute Laryngitis. [Updated 2022 Sep 12]. In: StatPearls [Internet]. Treasure Island (FL): StatPearls Publishing; 2025 Jan-. <\/cite><\/p>\n<p><span class=\"small-text-medium text-grey\">Available from: https:\/\/www.ncbi.nlm.nih.gov\/books\/NBK534871\/<\/span><\/div>\n<\/div>\n<div class=\"source-item\">\n<p class=\"main-text-semibold text-black\">5.<\/p>\n<div class=\"source-item-content\">\n<p class=\"main-text-semibold text-black\"><cite>Jaworek AJ, Earasi K, Lyons KM, Daggumati S, Hu A, Sataloff RT. Acute infectious laryngitis: A case series. Ear Nose Throat J. 2018 Sep;97(9):306-313. doi: 10.1177\/014556131809700920. PMID: 30273430.<\/cite><\/p>\n<\/div>\n<\/div>\n<\/div>\n<\/div>\n<div class=\"sources-expand-button-wrapper\">\n<div class=\"sources-expand-button\"><svg width=\"32\" height=\"32\" viewbox=\"0 0 32 32\" fill=\"none\" xmlns=\"http:\/\/www.w3.org\/2000\/svg\"><path d=\"M8 12L16 20L24 12\" stroke=\"#8C9AAB\" stroke-width=\"2\" stroke-linecap=\"round\" stroke-linejoin=\"round\"><\/path><\/svg><\/div>\n<\/div>\n<\/div>\n","protected":false},"excerpt":{"rendered":"<p>\u041e\u0441\u0442\u0440\u044b\u0439 \u043b\u0430\u0440\u0438\u043d\u0433\u0438\u0442 \u2014 \u0432\u043e\u0441\u043f\u0430\u043b\u0435\u043d\u0438\u0435 \u0433\u043e\u0440\u0442\u0430\u043d\u0438, \u0441\u043e\u0445\u0440\u0430\u043d\u044f\u044e\u0449\u0435\u0435\u0441\u044f \u0434\u043e 7 \u0434\u043d\u0435\u0439. \u0425\u0430\u0440\u0430\u043a\u0442\u0435\u0440\u0438\u0437\u0443\u0435\u0442\u0441\u044f \u0440\u0430\u0437\u0432\u0438\u0442\u0438\u0435\u043c \u0441\u043e\u0441\u0443\u0434\u0438\u0441\u0442\u043e\u0439 \u0433\u0438\u043f\u0435\u0440\u0435\u043c\u0438\u0438, \u043e\u0442\u0435\u043a\u0430 \u0438 \u043a\u043b\u0435\u0442\u043e\u0447\u043d\u043e\u0439 \u0438\u043d\u0444\u0438\u043b\u044c\u0442\u0440\u0430\u0446\u0438\u0438 \u0441\u043b\u0438\u0437\u0438\u0441\u0442\u043e\u0439, \u043f\u0440\u0435\u0438\u043c\u0443\u0449\u0435\u0441\u0442\u0432\u0435\u043d\u043d\u043e \u0432 \u043e\u0431\u043b\u0430\u0441\u0442\u0438 \u0433\u043e\u043b\u043e\u0441\u043e\u0432\u044b\u0445 \u0441\u043a\u043b\u0430\u0434\u043e\u043a. \u0423\u043a\u0430\u0437\u0430\u043d\u043d\u044b\u0435 \u0438\u0437\u043c\u0435\u043d\u0435\u043d\u0438\u044f \u043d\u0430\u0440\u0443\u0448\u0430\u044e\u0442 \u0444\u0443\u043d\u043a\u0446\u0438\u044e \u0433\u043e\u043b\u043e\u0441\u043e\u0432\u043e\u0433\u043e \u0430\u043f\u043f\u0430\u0440\u0430\u0442\u0430, \u0432\u044b\u0437\u044b\u0432\u0430\u044f \u043e\u0445\u0440\u0438\u043f\u043b\u043e\u0441\u0442\u044c, \u0441\u0443\u0445\u043e\u0439 \u043a\u0430\u0448\u0435\u043b\u044c \u0438 \u043e\u0449\u0443\u0449\u0435\u043d\u0438\u0435 \u043f\u0435\u0440\u0448\u0435\u043d\u0438\u044f. Es werden folgende Formen der akuten Laryngitis unterschieden: \u00c4tiologie Die Ursachen der akuten Laryngitis sind infekti\u00f6s und nicht-infekti\u00f6s. Bei [&hellip;]<\/p>\n","protected":false},"author":4,"featured_media":0,"template":"","diseases_category":[215],"class_list":["post-941","diseases_post","type-diseases_post","status-publish","hentry","diseases_category-hals-nasen-ohren-heilkunde"],"acf":[],"yoast_head":"<!-- This site is optimized with the Yoast SEO Premium plugin v25.0 (Yoast SEO v26.5) - https:\/\/yoast.com\/wordpress\/plugins\/seo\/ -->\n<title>Akute Laryngitis: Symptome, Ursachen, Diagnose und Behandlung<\/title>\n<meta name=\"description\" content=\"Die akute Laryngitis ist eine akute Entz\u00fcndung der Kehlkopfschleimhaut, haupts\u00e4chlich im Bereich der Stimmlippen. \u00c4tiologie, Klassifizierung, Diagnose und Behandlung der Krankheit.\" \/>\n<meta name=\"robots\" content=\"noindex, follow, max-snippet:-1, max-image-preview:large, max-video-preview:-1\" \/>\n<meta property=\"og:locale\" content=\"de_DE\" \/>\n<meta property=\"og:type\" content=\"article\" \/>\n<meta property=\"og:title\" content=\"Akute Laryngitis: \u00c4tiologie, klinische Erscheinungsformen, Diagnose und Behandlung\" \/>\n<meta property=\"og:description\" content=\"Die akute Laryngitis ist eine akute Entz\u00fcndung der Kehlkopfschleimhaut, haupts\u00e4chlich im Bereich der Stimmlippen. \u00c4tiologie, Klassifizierung, Diagnose und Behandlung der Krankheit.\" \/>\n<meta property=\"og:url\" content=\"https:\/\/wiki.dev.voka.io\/de\/krankheit\/hals-nasen-ohren-heilkunde\/akute-laryngitis\/\" \/>\n<meta property=\"og:site_name\" content=\"Voka Wiki\" \/>\n<meta property=\"article:publisher\" content=\"https:\/\/www.facebook.com\/VOKA3DAnatomyAndPathology\/\" \/>\n<meta property=\"article:modified_time\" content=\"2026-04-27T14:32:25+00:00\" \/>\n<meta property=\"og:image\" content=\"https:\/\/storage.googleapis.com\/dev_wiki_voka_io_303011\/articles\/en\/otorhinolaryngology\/acute-laryngitis\/acute-catarrhal-laryngitis.webp\" \/>\n<meta name=\"twitter:card\" content=\"summary_large_image\" \/>\n<meta name=\"twitter:label1\" content=\"Gesch\u00e4tzte Lesezeit\" \/>\n\t<meta name=\"twitter:data1\" content=\"2\u00a0Minuten\" \/>\n<script type=\"application\/ld+json\" class=\"yoast-schema-graph\">{\"@context\":\"https:\/\/schema.org\",\"@graph\":[{\"@type\":\"Article\",\"@id\":\"https:\/\/wiki.dev.voka.io\/de\/krankheit\/hals-nasen-ohren-heilkunde\/akute-laryngitis\/#article\",\"isPartOf\":{\"@id\":\"https:\/\/wiki.dev.voka.io\/de\/krankheit\/hals-nasen-ohren-heilkunde\/akute-laryngitis\/\"},\"author\":{\"name\":\"Danata A.\",\"@id\":\"https:\/\/wiki.dev.voka.io\/de\/#\/schema\/person\/75a01428a2e97375c0facaaeba432542\"},\"headline\":\"Akute Laryngitis: \u00c4tiologie, klinische Erscheinungsformen, Diagnose und Behandlung\",\"datePublished\":\"2025-07-23T06:45:24+00:00\",\"dateModified\":\"2026-04-27T14:32:25+00:00\",\"mainEntityOfPage\":{\"@id\":\"https:\/\/wiki.dev.voka.io\/de\/krankheit\/hals-nasen-ohren-heilkunde\/akute-laryngitis\/\"},\"wordCount\":661,\"publisher\":{\"@id\":\"https:\/\/wiki.dev.voka.io\/de\/#organization\"},\"image\":{\"@id\":\"https:\/\/wiki.dev.voka.io\/de\/krankheit\/hals-nasen-ohren-heilkunde\/akute-laryngitis\/#primaryimage\"},\"thumbnailUrl\":\"https:\/\/storage.googleapis.com\/dev_wiki_voka_io_303011\/articles\/en\/otorhinolaryngology\/acute-laryngitis\/acute-catarrhal-laryngitis.webp\",\"inLanguage\":\"de\"},{\"@type\":\"WebPage\",\"@id\":\"https:\/\/wiki.dev.voka.io\/de\/krankheit\/hals-nasen-ohren-heilkunde\/akute-laryngitis\/\",\"url\":\"https:\/\/wiki.dev.voka.io\/de\/krankheit\/hals-nasen-ohren-heilkunde\/akute-laryngitis\/\",\"name\":\"Akute Laryngitis: Symptome, Ursachen, Diagnose und Behandlung\",\"isPartOf\":{\"@id\":\"https:\/\/wiki.dev.voka.io\/de\/#website\"},\"primaryImageOfPage\":{\"@id\":\"https:\/\/wiki.dev.voka.io\/de\/krankheit\/hals-nasen-ohren-heilkunde\/akute-laryngitis\/#primaryimage\"},\"image\":{\"@id\":\"https:\/\/wiki.dev.voka.io\/de\/krankheit\/hals-nasen-ohren-heilkunde\/akute-laryngitis\/#primaryimage\"},\"thumbnailUrl\":\"https:\/\/storage.googleapis.com\/dev_wiki_voka_io_303011\/articles\/en\/otorhinolaryngology\/acute-laryngitis\/acute-catarrhal-laryngitis.webp\",\"datePublished\":\"2025-07-23T06:45:24+00:00\",\"dateModified\":\"2026-04-27T14:32:25+00:00\",\"description\":\"Die akute Laryngitis ist eine akute Entz\u00fcndung der Kehlkopfschleimhaut, haupts\u00e4chlich im Bereich der Stimmlippen. \u00c4tiologie, Klassifizierung, Diagnose und Behandlung der Krankheit.\",\"breadcrumb\":{\"@id\":\"https:\/\/wiki.dev.voka.io\/de\/krankheit\/hals-nasen-ohren-heilkunde\/akute-laryngitis\/#breadcrumb\"},\"inLanguage\":\"de\",\"potentialAction\":[{\"@type\":\"ReadAction\",\"target\":[\"https:\/\/wiki.dev.voka.io\/de\/krankheit\/hals-nasen-ohren-heilkunde\/akute-laryngitis\/\"]}]},{\"@type\":\"ImageObject\",\"inLanguage\":\"de\",\"@id\":\"https:\/\/wiki.dev.voka.io\/de\/krankheit\/hals-nasen-ohren-heilkunde\/akute-laryngitis\/#primaryimage\",\"url\":\"https:\/\/storage.googleapis.com\/dev_wiki_voka_io_303011\/articles\/en\/otorhinolaryngology\/acute-laryngitis\/acute-catarrhal-laryngitis.webp\",\"contentUrl\":\"https:\/\/storage.googleapis.com\/dev_wiki_voka_io_303011\/articles\/en\/otorhinolaryngology\/acute-laryngitis\/acute-catarrhal-laryngitis.webp\"},{\"@type\":\"BreadcrumbList\",\"@id\":\"https:\/\/wiki.dev.voka.io\/de\/krankheit\/hals-nasen-ohren-heilkunde\/akute-laryngitis\/#breadcrumb\",\"itemListElement\":[{\"@type\":\"ListItem\",\"position\":1,\"name\":\"Home\",\"item\":\"https:\/\/wiki.dev.voka.io\/de\/\"},{\"@type\":\"ListItem\",\"position\":2,\"name\":\"Hals-Nasen-Ohren-Heilkunde\",\"item\":\"https:\/\/wiki.dev.voka.io\/de\/krankheit\/hals-nasen-ohren-heilkunde\/\"},{\"@type\":\"ListItem\",\"position\":3,\"name\":\"Akute Laryngitis: \u00c4tiologie, klinische Erscheinungsformen, Diagnose und Behandlung\"}]},{\"@type\":\"WebSite\",\"@id\":\"https:\/\/wiki.dev.voka.io\/de\/#website\",\"url\":\"https:\/\/wiki.dev.voka.io\/de\/\",\"name\":\"Voka Wiki\",\"description\":\"\",\"publisher\":{\"@id\":\"https:\/\/wiki.dev.voka.io\/de\/#organization\"},\"alternateName\":\"Anatomy & Pathology Wiki by VOKA\",\"potentialAction\":[{\"@type\":\"SearchAction\",\"target\":{\"@type\":\"EntryPoint\",\"urlTemplate\":\"https:\/\/wiki.dev.voka.io\/de\/?s={search_term_string}\"},\"query-input\":{\"@type\":\"PropertyValueSpecification\",\"valueRequired\":true,\"valueName\":\"search_term_string\"}}],\"inLanguage\":\"de\"},{\"@type\":\"Organization\",\"@id\":\"https:\/\/wiki.dev.voka.io\/de\/#organization\",\"name\":\"Voka 3D Anatomy & Pathology\",\"alternateName\":\"VOKA\",\"url\":\"https:\/\/wiki.dev.voka.io\/de\/\",\"logo\":{\"@type\":\"ImageObject\",\"inLanguage\":\"de\",\"@id\":\"https:\/\/wiki.dev.voka.io\/de\/#\/schema\/logo\/image\/\",\"url\":\"https:\/\/wiki.dev.voka.io\/wp-content\/uploads\/2025\/02\/cropped-voka-logo-1.png\",\"contentUrl\":\"https:\/\/wiki.dev.voka.io\/wp-content\/uploads\/2025\/02\/cropped-voka-logo-1.png\",\"width\":70,\"height\":16,\"caption\":\"Voka 3D Anatomy & Pathology\"},\"image\":{\"@id\":\"https:\/\/wiki.dev.voka.io\/de\/#\/schema\/logo\/image\/\"},\"sameAs\":[\"https:\/\/www.facebook.com\/VOKA3DAnatomyAndPathology\/\",\"https:\/\/www.instagram.com\/voka.io\/\",\"https:\/\/www.linkedin.com\/company\/voka-io\/\",\"https:\/\/www.youtube.com\/channel\/UCqGGuOEpr62ScH8Pjk2q5zw\/videos\",\"https:\/\/www.pinterest.com\/VokaAnatomyPro\/\",\"https:\/\/www.threads.com\/@voka.io\"],\"description\":\"VOKA.io offers 3D medical animations and custom 3D modeling services. Our product, VOKA 3D Anatomy & Pathology, is a digital atlas with over 1,000 detailed 3D models of human anatomy and pathology, designed for medical education, training, and patient communication.\",\"email\":\"info@voka.io\",\"telephone\":\"+1 814 351 4442\",\"legalName\":\"Voka 3D Anatomy & Pathology\",\"foundingDate\":\"2017-02-12\",\"naics\":\"541512\",\"numberOfEmployees\":{\"@type\":\"QuantitativeValue\",\"minValue\":\"51\",\"maxValue\":\"200\"},\"publishingPrinciples\":\"https:\/\/wiki.voka.io\/de\/redaktionsrichtlinien\/\"},{\"@type\":\"Person\",\"@id\":\"https:\/\/wiki.dev.voka.io\/de\/#\/schema\/person\/75a01428a2e97375c0facaaeba432542\",\"name\":\"Danata A.\",\"image\":{\"@type\":\"ImageObject\",\"inLanguage\":\"de\",\"@id\":\"https:\/\/wiki.dev.voka.io\/de\/#\/schema\/person\/image\/\",\"url\":\"https:\/\/secure.gravatar.com\/avatar\/17b61e87bc892ef9555b6080655463c63eb46025ed870850eaa2472678817ed6?s=96&d=mm&r=g\",\"contentUrl\":\"https:\/\/secure.gravatar.com\/avatar\/17b61e87bc892ef9555b6080655463c63eb46025ed870850eaa2472678817ed6?s=96&d=mm&r=g\",\"caption\":\"Danata A.\"}}]}<\/script>\n<!-- \/ Yoast SEO Premium plugin. -->","yoast_head_json":{"title":"Akute Laryngitis: Symptome, Ursachen, Diagnose und Behandlung","description":"Die akute Laryngitis ist eine akute Entz\u00fcndung der Kehlkopfschleimhaut, haupts\u00e4chlich im Bereich der Stimmlippen. \u00c4tiologie, Klassifizierung, Diagnose und Behandlung der Krankheit.","robots":{"index":"noindex","follow":"follow","max-snippet":"max-snippet:-1","max-image-preview":"max-image-preview:large","max-video-preview":"max-video-preview:-1"},"og_locale":"de_DE","og_type":"article","og_title":"Akute Laryngitis: \u00c4tiologie, klinische Erscheinungsformen, Diagnose und Behandlung","og_description":"Die akute Laryngitis ist eine akute Entz\u00fcndung der Kehlkopfschleimhaut, haupts\u00e4chlich im Bereich der Stimmlippen. \u00c4tiologie, Klassifizierung, Diagnose und Behandlung der Krankheit.","og_url":"https:\/\/wiki.dev.voka.io\/de\/krankheit\/hals-nasen-ohren-heilkunde\/akute-laryngitis\/","og_site_name":"Voka Wiki","article_publisher":"https:\/\/www.facebook.com\/VOKA3DAnatomyAndPathology\/","article_modified_time":"2026-04-27T14:32:25+00:00","og_image":[{"url":"https:\/\/storage.googleapis.com\/dev_wiki_voka_io_303011\/articles\/en\/otorhinolaryngology\/acute-laryngitis\/acute-catarrhal-laryngitis.webp","type":"","width":"","height":""}],"twitter_card":"summary_large_image","twitter_misc":{"Gesch\u00e4tzte Lesezeit":"2\u00a0Minuten"},"schema":{"@context":"https:\/\/schema.org","@graph":[{"@type":"Article","@id":"https:\/\/wiki.dev.voka.io\/de\/krankheit\/hals-nasen-ohren-heilkunde\/akute-laryngitis\/#article","isPartOf":{"@id":"https:\/\/wiki.dev.voka.io\/de\/krankheit\/hals-nasen-ohren-heilkunde\/akute-laryngitis\/"},"author":{"name":"Danata A.","@id":"https:\/\/wiki.dev.voka.io\/de\/#\/schema\/person\/75a01428a2e97375c0facaaeba432542"},"headline":"Akute Laryngitis: \u00c4tiologie, klinische Erscheinungsformen, Diagnose und Behandlung","datePublished":"2025-07-23T06:45:24+00:00","dateModified":"2026-04-27T14:32:25+00:00","mainEntityOfPage":{"@id":"https:\/\/wiki.dev.voka.io\/de\/krankheit\/hals-nasen-ohren-heilkunde\/akute-laryngitis\/"},"wordCount":661,"publisher":{"@id":"https:\/\/wiki.dev.voka.io\/de\/#organization"},"image":{"@id":"https:\/\/wiki.dev.voka.io\/de\/krankheit\/hals-nasen-ohren-heilkunde\/akute-laryngitis\/#primaryimage"},"thumbnailUrl":"https:\/\/storage.googleapis.com\/dev_wiki_voka_io_303011\/articles\/en\/otorhinolaryngology\/acute-laryngitis\/acute-catarrhal-laryngitis.webp","inLanguage":"de"},{"@type":"WebPage","@id":"https:\/\/wiki.dev.voka.io\/de\/krankheit\/hals-nasen-ohren-heilkunde\/akute-laryngitis\/","url":"https:\/\/wiki.dev.voka.io\/de\/krankheit\/hals-nasen-ohren-heilkunde\/akute-laryngitis\/","name":"Akute Laryngitis: Symptome, Ursachen, Diagnose und Behandlung","isPartOf":{"@id":"https:\/\/wiki.dev.voka.io\/de\/#website"},"primaryImageOfPage":{"@id":"https:\/\/wiki.dev.voka.io\/de\/krankheit\/hals-nasen-ohren-heilkunde\/akute-laryngitis\/#primaryimage"},"image":{"@id":"https:\/\/wiki.dev.voka.io\/de\/krankheit\/hals-nasen-ohren-heilkunde\/akute-laryngitis\/#primaryimage"},"thumbnailUrl":"https:\/\/storage.googleapis.com\/dev_wiki_voka_io_303011\/articles\/en\/otorhinolaryngology\/acute-laryngitis\/acute-catarrhal-laryngitis.webp","datePublished":"2025-07-23T06:45:24+00:00","dateModified":"2026-04-27T14:32:25+00:00","description":"Die akute Laryngitis ist eine akute Entz\u00fcndung der Kehlkopfschleimhaut, haupts\u00e4chlich im Bereich der Stimmlippen. \u00c4tiologie, Klassifizierung, Diagnose und Behandlung der Krankheit.","breadcrumb":{"@id":"https:\/\/wiki.dev.voka.io\/de\/krankheit\/hals-nasen-ohren-heilkunde\/akute-laryngitis\/#breadcrumb"},"inLanguage":"de","potentialAction":[{"@type":"ReadAction","target":["https:\/\/wiki.dev.voka.io\/de\/krankheit\/hals-nasen-ohren-heilkunde\/akute-laryngitis\/"]}]},{"@type":"ImageObject","inLanguage":"de","@id":"https:\/\/wiki.dev.voka.io\/de\/krankheit\/hals-nasen-ohren-heilkunde\/akute-laryngitis\/#primaryimage","url":"https:\/\/storage.googleapis.com\/dev_wiki_voka_io_303011\/articles\/en\/otorhinolaryngology\/acute-laryngitis\/acute-catarrhal-laryngitis.webp","contentUrl":"https:\/\/storage.googleapis.com\/dev_wiki_voka_io_303011\/articles\/en\/otorhinolaryngology\/acute-laryngitis\/acute-catarrhal-laryngitis.webp"},{"@type":"BreadcrumbList","@id":"https:\/\/wiki.dev.voka.io\/de\/krankheit\/hals-nasen-ohren-heilkunde\/akute-laryngitis\/#breadcrumb","itemListElement":[{"@type":"ListItem","position":1,"name":"Home","item":"https:\/\/wiki.dev.voka.io\/de\/"},{"@type":"ListItem","position":2,"name":"Hals-Nasen-Ohren-Heilkunde","item":"https:\/\/wiki.dev.voka.io\/de\/krankheit\/hals-nasen-ohren-heilkunde\/"},{"@type":"ListItem","position":3,"name":"Akute Laryngitis: \u00c4tiologie, klinische Erscheinungsformen, Diagnose und Behandlung"}]},{"@type":"WebSite","@id":"https:\/\/wiki.dev.voka.io\/de\/#website","url":"https:\/\/wiki.dev.voka.io\/de\/","name":"Voka Wiki","description":"","publisher":{"@id":"https:\/\/wiki.dev.voka.io\/de\/#organization"},"alternateName":"Anatomy & Pathology Wiki by VOKA","potentialAction":[{"@type":"SearchAction","target":{"@type":"EntryPoint","urlTemplate":"https:\/\/wiki.dev.voka.io\/de\/?s={search_term_string}"},"query-input":{"@type":"PropertyValueSpecification","valueRequired":true,"valueName":"search_term_string"}}],"inLanguage":"de"},{"@type":"Organization","@id":"https:\/\/wiki.dev.voka.io\/de\/#organization","name":"Voka 3D Anatomy & Pathology","alternateName":"VOKA","url":"https:\/\/wiki.dev.voka.io\/de\/","logo":{"@type":"ImageObject","inLanguage":"de","@id":"https:\/\/wiki.dev.voka.io\/de\/#\/schema\/logo\/image\/","url":"https:\/\/wiki.dev.voka.io\/wp-content\/uploads\/2025\/02\/cropped-voka-logo-1.png","contentUrl":"https:\/\/wiki.dev.voka.io\/wp-content\/uploads\/2025\/02\/cropped-voka-logo-1.png","width":70,"height":16,"caption":"Voka 3D Anatomy & Pathology"},"image":{"@id":"https:\/\/wiki.dev.voka.io\/de\/#\/schema\/logo\/image\/"},"sameAs":["https:\/\/www.facebook.com\/VOKA3DAnatomyAndPathology\/","https:\/\/www.instagram.com\/voka.io\/","https:\/\/www.linkedin.com\/company\/voka-io\/","https:\/\/www.youtube.com\/channel\/UCqGGuOEpr62ScH8Pjk2q5zw\/videos","https:\/\/www.pinterest.com\/VokaAnatomyPro\/","https:\/\/www.threads.com\/@voka.io"],"description":"VOKA.io offers 3D medical animations and custom 3D modeling services. Our product, VOKA 3D Anatomy & Pathology, is a digital atlas with over 1,000 detailed 3D models of human anatomy and pathology, designed for medical education, training, and patient communication.","email":"info@voka.io","telephone":"+1 814 351 4442","legalName":"Voka 3D Anatomy & Pathology","foundingDate":"2017-02-12","naics":"541512","numberOfEmployees":{"@type":"QuantitativeValue","minValue":"51","maxValue":"200"},"publishingPrinciples":"https:\/\/wiki.voka.io\/de\/redaktionsrichtlinien\/"},{"@type":"Person","@id":"https:\/\/wiki.dev.voka.io\/de\/#\/schema\/person\/75a01428a2e97375c0facaaeba432542","name":"Danata A.","image":{"@type":"ImageObject","inLanguage":"de","@id":"https:\/\/wiki.dev.voka.io\/de\/#\/schema\/person\/image\/","url":"https:\/\/secure.gravatar.com\/avatar\/17b61e87bc892ef9555b6080655463c63eb46025ed870850eaa2472678817ed6?s=96&d=mm&r=g","contentUrl":"https:\/\/secure.gravatar.com\/avatar\/17b61e87bc892ef9555b6080655463c63eb46025ed870850eaa2472678817ed6?s=96&d=mm&r=g","caption":"Danata A."}}]}},"_links":{"self":[{"href":"https:\/\/wiki.dev.voka.io\/de\/wp-json\/wp\/v2\/diseases_post\/941","targetHints":{"allow":["GET"]}}],"collection":[{"href":"https:\/\/wiki.dev.voka.io\/de\/wp-json\/wp\/v2\/diseases_post"}],"about":[{"href":"https:\/\/wiki.dev.voka.io\/de\/wp-json\/wp\/v2\/types\/diseases_post"}],"author":[{"embeddable":true,"href":"https:\/\/wiki.dev.voka.io\/de\/wp-json\/wp\/v2\/users\/4"}],"wp:attachment":[{"href":"https:\/\/wiki.dev.voka.io\/de\/wp-json\/wp\/v2\/media?parent=941"}],"wp:term":[{"taxonomy":"diseases_category","embeddable":true,"href":"https:\/\/wiki.dev.voka.io\/de\/wp-json\/wp\/v2\/diseases_category?post=941"}],"curies":[{"name":"wp","href":"https:\/\/api.w.org\/{rel}","templated":true}]}}